{"id":7616,"date":"2020-11-24T09:05:37","date_gmt":"2020-11-24T08:05:37","guid":{"rendered":"https:\/\/www.sfsic.org\/?p=7616"},"modified":"2020-11-24T09:05:57","modified_gmt":"2020-11-24T08:05:57","slug":"la-professionnalisation-de-la-communication-politique-en-question-acteurs-pratiques-metiers","status":"publish","type":"post","link":"https:\/\/www.sfsic.org\/en\/publication\/la-professionnalisation-de-la-communication-politique-en-question-acteurs-pratiques-metiers\/","title":{"rendered":"La professionnalisation de la communication politique en question : acteurs, pratiques, m\u00e9tiers"},"content":{"rendered":"<p><!-- fxzn:singledetail --><\/p>\n<div class=\"zone zn-singledetail\" id=\"fxzn-singledetail-1\">\n<div class=\"zone-block zn-singledetail-block alignwide va-top\">\n<div class=\"row\">\n<div class=\"columns large-8 large-push-4\">\n<div class=\"zn-singledetail-metabox\">\n<div class=\"zn-singledetail-pubdate pubdate\">\n\t\t\t\t\t<span class=\"pubdate-txt\">Mis en ligne le<\/span><span class=\"doubledot\"><\/span> <time class=\"pubdate-time\" pubdate datetime=\"2020-11-24T09:05:37+01:00\">24 novembre 2020<\/time>\t\t\t\t<\/div>\n<div class=\"zn-singledetail-thematiques with-sep-comma\">\n<ul class=\"termslist termslist-thematique\">\n<li class=\"termslist-item termslist-title\"><span class=\"termslist-titletxt\">Th\u00e9matiques<\/span><span class=\"doubledot\"><\/span><\/li>\n<li class=\"termslist-item tax-thematique term-communication-publique-politique\"><a class=\"termslist-itemlink\" href=\"https:\/\/www.sfsic.org\/thematiques\/communication-publique-politique\/\" title=\"Communication publique et politique\"><span class=\"termslist-itemname\">Communication publique et politique<\/span><\/a><\/li>\n<\/ul><\/div>\n<\/p><\/div>\n<\/p><\/div>\n<\/p><\/div>\n<div class=\"row\">\n<div class=\"columns large-4\">\n<div class=\"zn-singledetail-sidebar bg-cornersquares\">\n<div class=\"zn-singledetail-infos\">\n<p class=\"zn-singledetail-type\">\n\t\t\t\t\t\t\t<span>Type de publication<\/span><span class=\"doubledot\"><\/span> <strong>Num\u00e9ro de revue<\/strong>\n\t\t\t\t\t<\/p>\n<p class=\"zn-singledetail-name\">\n\t\t\t\t\t\t\t<span>Nom de la publication<\/span><span class=\"doubledot\"><\/span> <strong>Les enjeux de l&#8217;information et de la communication<\/strong>\n\t\t\t\t\t<\/p>\n<p class=\"zn-singledetail-edition\">\n\t\t\t\t\t\t\t<span>\u00c9dition<\/span><span class=\"doubledot\"><\/span> <strong>UGA \/ GRESEC<\/strong>\n\t\t\t\t\t<\/p>\n<\/p><\/div>\n<div class=\"zn-singledetail-coordinators\">\n<h3 class=\"zn-singledetail-section-title\">Coordinateur(s) \/ Auteur(s)<\/h3>\n<ul class=\"zn-singledetail-coordinators-list\">\n<li class=\"zn-singledetail-coordinators-item\">\n\t\t\t\t\t\t\t<span>Gersende<\/span> <span>Blanchard<\/span>, <span>Universit\u00e9 de Lille \/ GERiiCO<\/span>\t\t\t\t\t\t\t\t\t\t\t\t\t<\/li>\n<li class=\"zn-singledetail-coordinators-item\">\n\t\t\t\t\t\t\t<span>Sandrine<\/span> <span>Roginsky<\/span>, <span>UCLouvain \/ LASCO <\/span>\t\t\t\t\t\t\t\t\t\t\t\t\t<\/li>\n<\/ul><\/div>\n<div class=\"zn-singledetail-weblinks\">\n<h3 class=\"zn-singledetail-section-title\">Sites internet de r\u00e9f\u00e9rence<\/h3>\n<ul class=\"zn-singledetail-weblinks-list\">\n<li>\n\t\t\t\t\t\t\t<a class=\"prettylink chainlink\" href=\"https:\/\/lesenjeux.univ-grenoble-alpes.fr\/wp-content\/uploads\/2020\/07\/LesEnjeux-Dossier2020.pdf\" title=\"Num\u00e9ro disponible en pdf\" target=\"_blank\" rel=\"noopener noreferrer\">Num\u00e9ro disponible en pdf<\/a>\n\t\t\t\t\t\t<\/li>\n<\/ul><\/div>\n<\/p><\/div>\n<\/p><\/div>\n<div class=\"columns large-8\">\n<div class=\"zn-singledetail-contentbox\">\n<div class=\"zn-singledetail-annonce wig-content\">\n<p><img decoding=\"async\" loading=\"lazy\" class=\"size-medium wp-image-7617 aligncenter\" src=\"https:\/\/www.sfsic.org\/wp-inside\/uploads\/2020\/11\/couverture-les-enjeux-dossier-2020-212x300.jpg\" alt=\"Couverture Les Enjeux-Dossier 2020\" width=\"212\" height=\"300\" srcset=\"https:\/\/www.sfsic.org\/wp-inside\/uploads\/2020\/11\/couverture-les-enjeux-dossier-2020-212x300.jpg 212w, https:\/\/www.sfsic.org\/wp-inside\/uploads\/2020\/11\/couverture-les-enjeux-dossier-2020-723x1024.jpg 723w, https:\/\/www.sfsic.org\/wp-inside\/uploads\/2020\/11\/couverture-les-enjeux-dossier-2020-226x320.jpg 226w, https:\/\/www.sfsic.org\/wp-inside\/uploads\/2020\/11\/couverture-les-enjeux-dossier-2020-200x283.jpg 200w, https:\/\/www.sfsic.org\/wp-inside\/uploads\/2020\/11\/couverture-les-enjeux-dossier-2020.jpg 763w\" sizes=\"auto, (max-width: 212px) 100vw, 212px\" \/><\/p>\n<p>La revue \u00ab&#160;Les enjeux de l&rsquo;information et de la communication&#160;\u00bb publie son num\u00e9ro 2\/2020, dirig\u00e9 par Gersende Blanchard et Sandrine Roginsky. Il est consacr\u00e9 \u00e0 la th\u00e9matique \u00ab&#160;La professionnalisation de la communication politique en question&#160;: acteurs, pratiques, m\u00e9tiers&#160;\u00bb.<\/p>\n<h2>Sommaire<\/h2>\n<p>Gersende Blanchard, Sandrine Roginsky<br \/>\n\u27a4 <a href=\"https:\/\/lesenjeux.univ-grenoble-alpes.fr\/2020\/dossier\/00-introduction-dossier-2020-la-professionnalisation-de-la-communication-politique-en-question-acteurs-pratiques-metiers\/\" target=\"_blank\" rel=\"noopener noreferrer\">Introduction Dossier 2020 \u2013 La professionnalisation de la communication politique en question&#160;: acteurs, pratiques, m\u00e9tiers.<\/a><\/p>\n<p>Nicolas\u202fHub\u00e9<br \/>\n\u27a4 <a href=\"https:\/\/lesenjeux.univ-grenoble-alpes.fr\/2020\/dossier\/01-une-institutionnalisation-sans-professionnalisation-lespace-interstitiel-de-la-communication-gouvernementale-en-rfa\" target=\"_blank\" rel=\"noopener noreferrer\">Une institutionnalisation sans professionnalisation&#160;? L\u2019espace interstitiel de la communication gouvernementale en RFA.<\/a><\/p>\n<p>Zo\u00e9\u202fKergomard<br \/>\n\u27a4 <a href=\"https:\/\/lesenjeux.univ-grenoble-alpes.fr\/2020\/dossier\/02-entre-invisibilite-et-ubiquite-lemergence-paradoxale-des-professionnels-de-la-communication-politique-dans-les-campagnes-electorales-suisses-des-annees-1940-aux-annees-1980\" target=\"_blank\" rel=\"noopener noreferrer\">Entre invisibilit\u00e9 et ubiquit\u00e9&#160;: l\u2019\u00e9mergence paradoxale des professionnels de la communication politique dans les campagnes \u00e9lectorales suisses des ann\u00e9es 1940 aux ann\u00e9es 1980.<\/a><\/p>\n<p>Lara\u202fvan\u202fDievoet<br \/>\n\u27a4 <a href=\"https:\/\/lesenjeux.univ-grenoble-alpes.fr\/2020\/dossier\/03-changements-et-permanence-de-la-communication-politique-dans-un-contexte-numerique-le-cas-des-journalistes-belges-francophones-devenus-communicateurs\" target=\"_blank\" rel=\"noopener noreferrer\">Changements et permanence de la communication politique dans un contexte num\u00e9rique&#160;: le cas des journalistes belges francophones devenus communicateurs.<\/a><\/p>\n<p>Marie\u202fNeihouser<br \/>\n\u27a4 <a href=\"https:\/\/lesenjeux.univ-grenoble-alpes.fr\/2020\/dossier\/04-les-collaborateurs-parlementaires-en-charge-de-la-communication-numerique-des-deputes\" target=\"_blank\" rel=\"noopener noreferrer\">Les collaborateurs parlementaires en charge de la communication num\u00e9rique des d\u00e9put\u00e9s.<\/a><\/p>\n<p>Bader Ben Mansour<br \/>\n\u27a4 <a href=\"https:\/\/lesenjeux.univ-grenoble-alpes.fr\/2020\/dossier\/05-les-acteurs-de-lombre-letude-du-profil-des-charges-de-la-communication-numerique-des-partis-politiques-tunisiens\" target=\"_blank\" rel=\"noopener noreferrer\">Les acteurs de l\u2019ombre. L\u2019\u00e9tude du profil des charg\u00e9s de la communication num\u00e9rique des partis politiques tunisiens.<\/a><\/p>\n<\/p><\/div>\n<div class=\"zn-singledetail-keywords\">\n<h3 class=\"zn-singledetail-section-title\">Mots-cl\u00e9s<\/h3>\n<ul class=\"termslist termslist-post_tag\">\n<li class=\"termslist-item termslist-title\"><span class=\"termslist-titletxt\">Mots-cl\u00e9s<\/span><span class=\"doubledot\"><\/span><\/li>\n<li class=\"termslist-item tax-post_tag term-communication-politique\"><a class=\"termslist-itemlink\" href=\"https:\/\/www.sfsic.org\/tag\/communication-politique\/\" title=\"Communication politique\"><span class=\"termslist-itemname\">Communication politique<\/span><\/a><\/li>\n<li class=\"termslist-item tax-post_tag term-professionnalisation\"><a class=\"termslist-itemlink\" href=\"https:\/\/www.sfsic.org\/tag\/professionnalisation\/\" title=\"professionnalisation\"><span class=\"termslist-itemname\">professionnalisation<\/span><\/a><\/li>\n<\/ul><\/div>\n<\/p><\/div>\n<\/p><\/div>\n<\/p><\/div>\n<\/p><\/div>\n<\/div>\n<p><!-- \/fxzn:singledetail --><\/p>\n","protected":false},"excerpt":{"rendered":"<p>Mis en ligne le 24 novembre 2020 Th\u00e9matiques Communication publique et politique Type de publication Num\u00e9ro de revue Nom de la publication Les enjeux de l&#8217;information et de la communication [&hellip;]<\/p>\n","protected":false},"author":957,"featured_media":0,"comment_status":"closed","ping_status":"closed","sticky":false,"template":"","format":"standard","meta":{"_acf_changed":false,"footnotes":""},"categories":[70,31],"tags":[347,121],"thematique":[36],"sfsic":[],"class_list":["post-7616","post","type-post","status-publish","format-standard","hentry","category-numero-revue","category-publication","tag-communication-politique","tag-professionnalisation","thematique-communication-publique-et-politique","wp-sticky"],"acf":[],"yoast_head":"<!-- This site is optimized with the Yoast SEO plugin v27.4 - https:\/\/yoast.com\/product\/yoast-seo-wordpress\/ -->\n<title>La professionnalisation de la communication politique en question : acteurs, pratiques, m\u00e9tiers<\/title>\n<meta name=\"description\" content=\"La revue &quot;Les enjeux de l&#039;information et de la communication&quot; publie son num\u00e9ro 2\/2020, dirig\u00e9 par Gersende Blanchard et Sandrine Roginsky. Il est consacr\u00e9 \u00e0 la professionnalisation de la communication politique.\" \/>\n<meta name=\"robots\" content=\"index, follow, max-snippet:-1, max-image-preview:large, max-video-preview:-1\" \/>\n<link rel=\"canonical\" href=\"https:\/\/www.sfsic.org\/en\/publication\/la-professionnalisation-de-la-communication-politique-en-question-acteurs-pratiques-metiers\/\" \/>\n<meta property=\"og:locale\" content=\"en_US\" \/>\n<meta property=\"og:type\" content=\"article\" \/>\n<meta property=\"og:title\" content=\"La professionnalisation de la communication politique en question : acteurs, pratiques, m\u00e9tiers\" \/>\n<meta property=\"og:description\" content=\"La revue &quot;Les enjeux de l&#039;information et de la communication&quot; publie son num\u00e9ro 2\/2020, dirig\u00e9 par Gersende Blanchard et Sandrine Roginsky. Il est consacr\u00e9 \u00e0 la professionnalisation de la communication politique.\" \/>\n<meta property=\"og:url\" content=\"https:\/\/www.sfsic.org\/en\/publication\/la-professionnalisation-de-la-communication-politique-en-question-acteurs-pratiques-metiers\/\" \/>\n<meta property=\"og:site_name\" content=\"SFSIC\" \/>\n<meta property=\"article:published_time\" content=\"2020-11-24T08:05:37+00:00\" \/>\n<meta property=\"article:modified_time\" content=\"2020-11-24T08:05:57+00:00\" \/>\n<meta property=\"og:image\" content=\"https:\/\/www.sfsic.org\/wp-inside\/uploads\/2020\/11\/couverture-les-enjeux-dossier-2020-212x300.jpg\" \/>\n<meta name=\"author\" content=\"Fabien Bonnet\" \/>\n<meta name=\"twitter:card\" content=\"summary_large_image\" \/>\n<script type=\"application\/ld+json\" class=\"yoast-schema-graph\">{\"@context\":\"https:\\\/\\\/schema.org\",\"@graph\":[{\"@type\":\"Article\",\"@id\":\"https:\\\/\\\/www.sfsic.org\\\/en\\\/publication\\\/la-professionnalisation-de-la-communication-politique-en-question-acteurs-pratiques-metiers\\\/#article\",\"isPartOf\":{\"@id\":\"https:\\\/\\\/www.sfsic.org\\\/en\\\/publication\\\/la-professionnalisation-de-la-communication-politique-en-question-acteurs-pratiques-metiers\\\/\"},\"author\":{\"name\":\"Fabien Bonnet\",\"@id\":\"https:\\\/\\\/www.sfsic.org\\\/en\\\/#\\\/schema\\\/person\\\/9f83573bda33f40c68c7c826e9567df6\"},\"headline\":\"La professionnalisation de la communication politique en question : acteurs, pratiques, m\u00e9tiers\",\"datePublished\":\"2020-11-24T08:05:37+00:00\",\"dateModified\":\"2020-11-24T08:05:57+00:00\",\"mainEntityOfPage\":{\"@id\":\"https:\\\/\\\/www.sfsic.org\\\/en\\\/publication\\\/la-professionnalisation-de-la-communication-politique-en-question-acteurs-pratiques-metiers\\\/\"},\"wordCount\":241,\"publisher\":{\"@id\":\"https:\\\/\\\/www.sfsic.org\\\/en\\\/#organization\"},\"image\":{\"@id\":\"https:\\\/\\\/www.sfsic.org\\\/en\\\/publication\\\/la-professionnalisation-de-la-communication-politique-en-question-acteurs-pratiques-metiers\\\/#primaryimage\"},\"thumbnailUrl\":\"https:\\\/\\\/www.sfsic.org\\\/wp-inside\\\/uploads\\\/2020\\\/11\\\/couverture-les-enjeux-dossier-2020-212x300.jpg\",\"keywords\":[\"Communication politique\",\"Professionnalisation\"],\"articleSection\":[\"Num\u00e9ro de revue\",\"Publications\"],\"inLanguage\":\"en-US\"},{\"@type\":\"WebPage\",\"@id\":\"https:\\\/\\\/www.sfsic.org\\\/en\\\/publication\\\/la-professionnalisation-de-la-communication-politique-en-question-acteurs-pratiques-metiers\\\/\",\"url\":\"https:\\\/\\\/www.sfsic.org\\\/en\\\/publication\\\/la-professionnalisation-de-la-communication-politique-en-question-acteurs-pratiques-metiers\\\/\",\"name\":\"La professionnalisation de la communication politique en question : acteurs, pratiques, m\u00e9tiers\",\"isPartOf\":{\"@id\":\"https:\\\/\\\/www.sfsic.org\\\/en\\\/#website\"},\"primaryImageOfPage\":{\"@id\":\"https:\\\/\\\/www.sfsic.org\\\/en\\\/publication\\\/la-professionnalisation-de-la-communication-politique-en-question-acteurs-pratiques-metiers\\\/#primaryimage\"},\"image\":{\"@id\":\"https:\\\/\\\/www.sfsic.org\\\/en\\\/publication\\\/la-professionnalisation-de-la-communication-politique-en-question-acteurs-pratiques-metiers\\\/#primaryimage\"},\"thumbnailUrl\":\"https:\\\/\\\/www.sfsic.org\\\/wp-inside\\\/uploads\\\/2020\\\/11\\\/couverture-les-enjeux-dossier-2020-212x300.jpg\",\"datePublished\":\"2020-11-24T08:05:37+00:00\",\"dateModified\":\"2020-11-24T08:05:57+00:00\",\"description\":\"La revue \\\"Les enjeux de l'information et de la communication\\\" publie son num\u00e9ro 2\\\/2020, dirig\u00e9 par Gersende Blanchard et Sandrine Roginsky. Il est consacr\u00e9 \u00e0 la professionnalisation de la communication politique.\",\"breadcrumb\":{\"@id\":\"https:\\\/\\\/www.sfsic.org\\\/en\\\/publication\\\/la-professionnalisation-de-la-communication-politique-en-question-acteurs-pratiques-metiers\\\/#breadcrumb\"},\"inLanguage\":\"en-US\",\"potentialAction\":[{\"@type\":\"ReadAction\",\"target\":[\"https:\\\/\\\/www.sfsic.org\\\/en\\\/publication\\\/la-professionnalisation-de-la-communication-politique-en-question-acteurs-pratiques-metiers\\\/\"]}]},{\"@type\":\"ImageObject\",\"inLanguage\":\"en-US\",\"@id\":\"https:\\\/\\\/www.sfsic.org\\\/en\\\/publication\\\/la-professionnalisation-de-la-communication-politique-en-question-acteurs-pratiques-metiers\\\/#primaryimage\",\"url\":\"https:\\\/\\\/www.sfsic.org\\\/wp-inside\\\/uploads\\\/2020\\\/11\\\/couverture-les-enjeux-dossier-2020-212x300.jpg\",\"contentUrl\":\"https:\\\/\\\/www.sfsic.org\\\/wp-inside\\\/uploads\\\/2020\\\/11\\\/couverture-les-enjeux-dossier-2020-212x300.jpg\"},{\"@type\":\"BreadcrumbList\",\"@id\":\"https:\\\/\\\/www.sfsic.org\\\/en\\\/publication\\\/la-professionnalisation-de-la-communication-politique-en-question-acteurs-pratiques-metiers\\\/#breadcrumb\",\"itemListElement\":[{\"@type\":\"ListItem\",\"position\":1,\"name\":\"Accueil\",\"item\":\"https:\\\/\\\/www.sfsic.org\\\/en\\\/\"},{\"@type\":\"ListItem\",\"position\":2,\"name\":\"Publications\",\"item\":\"https:\\\/\\\/www.sfsic.org\\\/en\\\/publication-en\\\/\"},{\"@type\":\"ListItem\",\"position\":3,\"name\":\"Journal issue\",\"item\":\"https:\\\/\\\/www.sfsic.org\\\/en\\\/publication-en\\\/journal-issue\\\/\"},{\"@type\":\"ListItem\",\"position\":4,\"name\":\"La professionnalisation de la communication politique en question&#160;: acteurs, pratiques, m\u00e9tiers\"}]},{\"@type\":\"WebSite\",\"@id\":\"https:\\\/\\\/www.sfsic.org\\\/en\\\/#website\",\"url\":\"https:\\\/\\\/www.sfsic.org\\\/en\\\/\",\"name\":\"SFSIC\",\"description\":\"Soci\u00e9t\u00e9 Fran\u00e7aise des Sciences de l&#039;Information &amp; de la Communication\",\"publisher\":{\"@id\":\"https:\\\/\\\/www.sfsic.org\\\/en\\\/#organization\"},\"potentialAction\":[{\"@type\":\"SearchAction\",\"target\":{\"@type\":\"EntryPoint\",\"urlTemplate\":\"https:\\\/\\\/www.sfsic.org\\\/en\\\/?s={search_term_string}\"},\"query-input\":{\"@type\":\"PropertyValueSpecification\",\"valueRequired\":true,\"valueName\":\"search_term_string\"}}],\"inLanguage\":\"en-US\"},{\"@type\":\"Organization\",\"@id\":\"https:\\\/\\\/www.sfsic.org\\\/en\\\/#organization\",\"name\":\"SFSIC\",\"url\":\"https:\\\/\\\/www.sfsic.org\\\/en\\\/\",\"logo\":{\"@type\":\"ImageObject\",\"inLanguage\":\"en-US\",\"@id\":\"https:\\\/\\\/www.sfsic.org\\\/en\\\/#\\\/schema\\\/logo\\\/image\\\/\",\"url\":\"https:\\\/\\\/www.sfsic.org\\\/wp-inside\\\/uploads\\\/2020\\\/05\\\/logo-sfsic.jpg\",\"contentUrl\":\"https:\\\/\\\/www.sfsic.org\\\/wp-inside\\\/uploads\\\/2020\\\/05\\\/logo-sfsic.jpg\",\"width\":1085,\"height\":1080,\"caption\":\"SFSIC\"},\"image\":{\"@id\":\"https:\\\/\\\/www.sfsic.org\\\/en\\\/#\\\/schema\\\/logo\\\/image\\\/\"}},{\"@type\":\"Person\",\"@id\":\"https:\\\/\\\/www.sfsic.org\\\/en\\\/#\\\/schema\\\/person\\\/9f83573bda33f40c68c7c826e9567df6\",\"name\":\"Fabien Bonnet\",\"image\":{\"@type\":\"ImageObject\",\"inLanguage\":\"en-US\",\"@id\":\"https:\\\/\\\/secure.gravatar.com\\\/avatar\\\/88a9288fc13369cb9e30359afa340f8adace82098c18ff09415c6dacd710ddc4?s=96&d=mm&r=g\",\"url\":\"https:\\\/\\\/secure.gravatar.com\\\/avatar\\\/88a9288fc13369cb9e30359afa340f8adace82098c18ff09415c6dacd710ddc4?s=96&d=mm&r=g\",\"contentUrl\":\"https:\\\/\\\/secure.gravatar.com\\\/avatar\\\/88a9288fc13369cb9e30359afa340f8adace82098c18ff09415c6dacd710ddc4?s=96&d=mm&r=g\",\"caption\":\"Fabien Bonnet\"}}]}<\/script>\n<!-- \/ Yoast SEO plugin. -->","yoast_head_json":{"title":"La professionnalisation de la communication politique en question : acteurs, pratiques, m\u00e9tiers","description":"La revue \"Les enjeux de l'information et de la communication\" publie son num\u00e9ro 2\/2020, dirig\u00e9 par Gersende Blanchard et Sandrine Roginsky. Il est consacr\u00e9 \u00e0 la professionnalisation de la communication politique.","robots":{"index":"index","follow":"follow","max-snippet":"max-snippet:-1","max-image-preview":"max-image-preview:large","max-video-preview":"max-video-preview:-1"},"canonical":"https:\/\/www.sfsic.org\/en\/publication\/la-professionnalisation-de-la-communication-politique-en-question-acteurs-pratiques-metiers\/","og_locale":"en_US","og_type":"article","og_title":"La professionnalisation de la communication politique en question : acteurs, pratiques, m\u00e9tiers","og_description":"La revue \"Les enjeux de l'information et de la communication\" publie son num\u00e9ro 2\/2020, dirig\u00e9 par Gersende Blanchard et Sandrine Roginsky. Il est consacr\u00e9 \u00e0 la professionnalisation de la communication politique.","og_url":"https:\/\/www.sfsic.org\/en\/publication\/la-professionnalisation-de-la-communication-politique-en-question-acteurs-pratiques-metiers\/","og_site_name":"SFSIC","article_published_time":"2020-11-24T08:05:37+00:00","article_modified_time":"2020-11-24T08:05:57+00:00","og_image":[{"url":"https:\/\/www.sfsic.org\/wp-inside\/uploads\/2020\/11\/couverture-les-enjeux-dossier-2020-212x300.jpg","type":"","width":"","height":""}],"author":"Fabien Bonnet","twitter_card":"summary_large_image","schema":{"@context":"https:\/\/schema.org","@graph":[{"@type":"Article","@id":"https:\/\/www.sfsic.org\/en\/publication\/la-professionnalisation-de-la-communication-politique-en-question-acteurs-pratiques-metiers\/#article","isPartOf":{"@id":"https:\/\/www.sfsic.org\/en\/publication\/la-professionnalisation-de-la-communication-politique-en-question-acteurs-pratiques-metiers\/"},"author":{"name":"Fabien Bonnet","@id":"https:\/\/www.sfsic.org\/en\/#\/schema\/person\/9f83573bda33f40c68c7c826e9567df6"},"headline":"La professionnalisation de la communication politique en question : acteurs, pratiques, m\u00e9tiers","datePublished":"2020-11-24T08:05:37+00:00","dateModified":"2020-11-24T08:05:57+00:00","mainEntityOfPage":{"@id":"https:\/\/www.sfsic.org\/en\/publication\/la-professionnalisation-de-la-communication-politique-en-question-acteurs-pratiques-metiers\/"},"wordCount":241,"publisher":{"@id":"https:\/\/www.sfsic.org\/en\/#organization"},"image":{"@id":"https:\/\/www.sfsic.org\/en\/publication\/la-professionnalisation-de-la-communication-politique-en-question-acteurs-pratiques-metiers\/#primaryimage"},"thumbnailUrl":"https:\/\/www.sfsic.org\/wp-inside\/uploads\/2020\/11\/couverture-les-enjeux-dossier-2020-212x300.jpg","keywords":["Communication politique","Professionnalisation"],"articleSection":["Num\u00e9ro de revue","Publications"],"inLanguage":"en-US"},{"@type":"WebPage","@id":"https:\/\/www.sfsic.org\/en\/publication\/la-professionnalisation-de-la-communication-politique-en-question-acteurs-pratiques-metiers\/","url":"https:\/\/www.sfsic.org\/en\/publication\/la-professionnalisation-de-la-communication-politique-en-question-acteurs-pratiques-metiers\/","name":"La professionnalisation de la communication politique en question : acteurs, pratiques, m\u00e9tiers","isPartOf":{"@id":"https:\/\/www.sfsic.org\/en\/#website"},"primaryImageOfPage":{"@id":"https:\/\/www.sfsic.org\/en\/publication\/la-professionnalisation-de-la-communication-politique-en-question-acteurs-pratiques-metiers\/#primaryimage"},"image":{"@id":"https:\/\/www.sfsic.org\/en\/publication\/la-professionnalisation-de-la-communication-politique-en-question-acteurs-pratiques-metiers\/#primaryimage"},"thumbnailUrl":"https:\/\/www.sfsic.org\/wp-inside\/uploads\/2020\/11\/couverture-les-enjeux-dossier-2020-212x300.jpg","datePublished":"2020-11-24T08:05:37+00:00","dateModified":"2020-11-24T08:05:57+00:00","description":"La revue \"Les enjeux de l'information et de la communication\" publie son num\u00e9ro 2\/2020, dirig\u00e9 par Gersende Blanchard et Sandrine Roginsky. Il est consacr\u00e9 \u00e0 la professionnalisation de la communication politique.","breadcrumb":{"@id":"https:\/\/www.sfsic.org\/en\/publication\/la-professionnalisation-de-la-communication-politique-en-question-acteurs-pratiques-metiers\/#breadcrumb"},"inLanguage":"en-US","potentialAction":[{"@type":"ReadAction","target":["https:\/\/www.sfsic.org\/en\/publication\/la-professionnalisation-de-la-communication-politique-en-question-acteurs-pratiques-metiers\/"]}]},{"@type":"ImageObject","inLanguage":"en-US","@id":"https:\/\/www.sfsic.org\/en\/publication\/la-professionnalisation-de-la-communication-politique-en-question-acteurs-pratiques-metiers\/#primaryimage","url":"https:\/\/www.sfsic.org\/wp-inside\/uploads\/2020\/11\/couverture-les-enjeux-dossier-2020-212x300.jpg","contentUrl":"https:\/\/www.sfsic.org\/wp-inside\/uploads\/2020\/11\/couverture-les-enjeux-dossier-2020-212x300.jpg"},{"@type":"BreadcrumbList","@id":"https:\/\/www.sfsic.org\/en\/publication\/la-professionnalisation-de-la-communication-politique-en-question-acteurs-pratiques-metiers\/#breadcrumb","itemListElement":[{"@type":"ListItem","position":1,"name":"Accueil","item":"https:\/\/www.sfsic.org\/en\/"},{"@type":"ListItem","position":2,"name":"Publications","item":"https:\/\/www.sfsic.org\/en\/publication-en\/"},{"@type":"ListItem","position":3,"name":"Journal issue","item":"https:\/\/www.sfsic.org\/en\/publication-en\/journal-issue\/"},{"@type":"ListItem","position":4,"name":"La professionnalisation de la communication politique en question&#160;: acteurs, pratiques, m\u00e9tiers"}]},{"@type":"WebSite","@id":"https:\/\/www.sfsic.org\/en\/#website","url":"https:\/\/www.sfsic.org\/en\/","name":"SFSIC","description":"Soci\u00e9t\u00e9 Fran\u00e7aise des Sciences de l&#039;Information &amp; de la Communication","publisher":{"@id":"https:\/\/www.sfsic.org\/en\/#organization"},"potentialAction":[{"@type":"SearchAction","target":{"@type":"EntryPoint","urlTemplate":"https:\/\/www.sfsic.org\/en\/?s={search_term_string}"},"query-input":{"@type":"PropertyValueSpecification","valueRequired":true,"valueName":"search_term_string"}}],"inLanguage":"en-US"},{"@type":"Organization","@id":"https:\/\/www.sfsic.org\/en\/#organization","name":"SFSIC","url":"https:\/\/www.sfsic.org\/en\/","logo":{"@type":"ImageObject","inLanguage":"en-US","@id":"https:\/\/www.sfsic.org\/en\/#\/schema\/logo\/image\/","url":"https:\/\/www.sfsic.org\/wp-inside\/uploads\/2020\/05\/logo-sfsic.jpg","contentUrl":"https:\/\/www.sfsic.org\/wp-inside\/uploads\/2020\/05\/logo-sfsic.jpg","width":1085,"height":1080,"caption":"SFSIC"},"image":{"@id":"https:\/\/www.sfsic.org\/en\/#\/schema\/logo\/image\/"}},{"@type":"Person","@id":"https:\/\/www.sfsic.org\/en\/#\/schema\/person\/9f83573bda33f40c68c7c826e9567df6","name":"Fabien Bonnet","image":{"@type":"ImageObject","inLanguage":"en-US","@id":"https:\/\/secure.gravatar.com\/avatar\/88a9288fc13369cb9e30359afa340f8adace82098c18ff09415c6dacd710ddc4?s=96&d=mm&r=g","url":"https:\/\/secure.gravatar.com\/avatar\/88a9288fc13369cb9e30359afa340f8adace82098c18ff09415c6dacd710ddc4?s=96&d=mm&r=g","contentUrl":"https:\/\/secure.gravatar.com\/avatar\/88a9288fc13369cb9e30359afa340f8adace82098c18ff09415c6dacd710ddc4?s=96&d=mm&r=g","caption":"Fabien Bonnet"}}]}},"_links":{"self":[{"href":"https:\/\/www.sfsic.org\/en\/wp-json\/wp\/v2\/posts\/7616","targetHints":{"allow":["GET"]}}],"collection":[{"href":"https:\/\/www.sfsic.org\/en\/wp-json\/wp\/v2\/posts"}],"about":[{"href":"https:\/\/www.sfsic.org\/en\/wp-json\/wp\/v2\/types\/post"}],"author":[{"embeddable":true,"href":"https:\/\/www.sfsic.org\/en\/wp-json\/wp\/v2\/users\/957"}],"replies":[{"embeddable":true,"href":"https:\/\/www.sfsic.org\/en\/wp-json\/wp\/v2\/comments?post=7616"}],"version-history":[{"count":2,"href":"https:\/\/www.sfsic.org\/en\/wp-json\/wp\/v2\/posts\/7616\/revisions"}],"predecessor-version":[{"id":7620,"href":"https:\/\/www.sfsic.org\/en\/wp-json\/wp\/v2\/posts\/7616\/revisions\/7620"}],"wp:attachment":[{"href":"https:\/\/www.sfsic.org\/en\/wp-json\/wp\/v2\/media?parent=7616"}],"wp:term":[{"taxonomy":"category","embeddable":true,"href":"https:\/\/www.sfsic.org\/en\/wp-json\/wp\/v2\/categories?post=7616"},{"taxonomy":"post_tag","embeddable":true,"href":"https:\/\/www.sfsic.org\/en\/wp-json\/wp\/v2\/tags?post=7616"},{"taxonomy":"thematique","embeddable":true,"href":"https:\/\/www.sfsic.org\/en\/wp-json\/wp\/v2\/thematique?post=7616"},{"taxonomy":"sfsic","embeddable":true,"href":"https:\/\/www.sfsic.org\/en\/wp-json\/wp\/v2\/sfsic?post=7616"}],"curies":[{"name":"wp","href":"https:\/\/api.w.org\/{rel}","templated":true}]}}