{"id":7578,"date":"2020-11-19T13:52:05","date_gmt":"2020-11-19T12:52:05","guid":{"rendered":"https:\/\/www.sfsic.org\/?p=7578"},"modified":"2020-11-19T13:52:55","modified_gmt":"2020-11-19T12:52:55","slug":"professeur-e-adjoint-e-en-communication","status":"publish","type":"post","link":"https:\/\/www.sfsic.org\/en\/emplois\/professeur-e-adjoint-e-en-communication\/","title":{"rendered":"Professeur.e adjoint.e en communication"},"content":{"rendered":"<p><!-- fxzn:singledetail --><\/p>\n<div class=\"zone zn-singledetail\" id=\"fxzn-singledetail-1\">\n<div class=\"zone-block zn-singledetail-block alignwide va-top\">\n<div class=\"row\">\n<div class=\"columns large-8 large-push-4\">\n<div class=\"zn-singledetail-metabox\">\n<div class=\"zn-singledetail-pubdate pubdate\">\n\t\t\t\t\t<span class=\"pubdate-txt\">Mis en ligne le<\/span><span class=\"doubledot\"><\/span> <time class=\"pubdate-time\" pubdate datetime=\"2020-11-19T13:52:05+01:00\">19 novembre 2020<\/time>\t\t\t\t<\/div>\n<div class=\"zn-singledetail-thematiques with-sep-comma\">\n<ul class=\"termslist termslist-thematique\">\n<li class=\"termslist-item termslist-title\"><span class=\"termslist-titletxt\">Th\u00e9matiques<\/span><span class=\"doubledot\"><\/span><\/li>\n<li class=\"termslist-item tax-thematique term-communication-organisations\"><a class=\"termslist-itemlink\" href=\"https:\/\/www.sfsic.org\/thematiques\/communication-organisations\/\" title=\"Communication et organisations\"><span class=\"termslist-itemname\">Communication et organisations<\/span><\/a><\/li>\n<\/ul><\/div>\n<\/p><\/div>\n<\/p><\/div>\n<\/p><\/div>\n<div class=\"row\">\n<div class=\"columns large-4\">\n<div class=\"zn-singledetail-sidebar bg-cornersquares\">\n<div class=\"zn-singledetail-infos\">\n<p class=\"zn-singledetail-reponse-date\">\n\t\t\t\t\t\t<span>R\u00e9ponse attendue pour le<\/span><span class=\"doubledot\"><\/span> <strong>31\/01\/2021<\/strong>\n\t\t\t\t\t<\/p>\n<p class=\"zn-singledetail-type\">\n\t\t\t\t\t\t\t<span>Type d\u2019annonce<\/span><span class=\"doubledot\"><\/span> <strong>Emploi<\/strong>\n\t\t\t\t\t<\/p>\n<\/p><\/div>\n<div class=\"zn-singledetail-contacts\">\n<h3 class=\"zn-singledetail-section-title\">Contacts<\/h3>\n<ul class=\"zn-singledetail-contacts-list\">\n<li class=\"zn-singledetail-contact\">\n\t\t\t\t\t\t\t<span class=\"zn-singledetail-contact-name\">Cooren, Fran\u00e7ois, Directeur<\/span><span class=\"doubledot\"><\/span><br \/>\n\t\t\t\t\t\t\t\t\t\t\t\t\t\t<a class=\"zn-singledetail-contact-mail prettylink\" href=\"mailto:f.cooren@umontreal.ca\">f.cooren@umontreal.ca<\/a>\n\t\t\t\t\t\t\t\t\t\t\t\t\t<\/li>\n<\/ul><\/div>\n<div class=\"zn-singledetail-weblinks\">\n<h3 class=\"zn-singledetail-section-title\">Sites internet de r\u00e9f\u00e9rence<\/h3>\n<ul class=\"zn-singledetail-weblinks-list\">\n<li>\n\t\t\t\t\t\t\t<a class=\"prettylink chainlink\" href=\"https:\/\/com.umontreal.ca\/accueil\/\" title=\"D\u00e9partement de communication, Universit\u00e9 de Montr\u00e9al\" target=\"_blank\" rel=\"noopener noreferrer\">D\u00e9partement de Communication, Universit\u00e9 de Montr\u00e9al<\/a>\n\t\t\t\t\t\t<\/li>\n<\/ul><\/div>\n<\/p><\/div>\n<\/p><\/div>\n<div class=\"columns large-8\">\n<div class=\"zn-singledetail-contentbox\">\n<div class=\"zn-singledetail-annonce wig-content\">\n<p><strong>Description du poste<\/strong><\/p>\n<p>Le D\u00e9partement de communication sollicite des candidatures pour un poste de professeure ou de professeur \u00e0 temps plein au rang d\u2019adjoint pour combler des besoins en recherche et en enseignement qui s\u2019inscrivent dans le cadre des \u00e9tudes des relations publiques, de la gestion de crises, de l\u2019engagement des parties prenantes, de d\u00e9fense des int\u00e9r\u00eats ou des relations avec les gouvernements. Une priorit\u00e9 sera accord\u00e9e aux candidatures dont les travaux abordent les enjeux de l\u2019environnement, de la sant\u00e9, de diversit\u00e9, d\u2019inclusion, ou d\u2019autres probl\u00e9matiques soci\u00e9tales contemporaines<\/p>\n<p><strong>Fonctions<\/strong><\/p>\n<p><strong>\u00a0<\/strong>La personne retenue sera appel\u00e9e \u00e0 enseigner aux trois cycles, \u00e0 encadrer des \u00e9tudiants aux \u00e9tudes sup\u00e9rieures, \u00e0 poursuivre des activit\u00e9s de recherche, de publication et de rayonnement ainsi qu\u2019\u00e0 contribuer aux activit\u00e9s de l\u2019institution.<\/p>\n<p><strong>\u00a0<\/strong><strong>Exigences<\/strong><\/p>\n<ul>\n<li>Doctorat en communication ou dans une discipline connexe<em>. <\/em>Les candidatures de personnes en fin de r\u00e9daction de th\u00e8se seront \u00e9galement prises en consid\u00e9ration.<\/li>\n<li>Excellent dossier de publication dans le domaine des relations publiques, de la gestion de crises, de l\u2019engagement des parties prenantes, de d\u00e9fense des int\u00e9r\u00eats ou des relations avec les gouvernements.<\/li>\n<li>Aptitude d\u00e9montr\u00e9e pour offrir un enseignement universitaire de grande qualit\u00e9<\/li>\n<li>Une exp\u00e9rience professionnelle dans le domaine des relations publiques ou d\u2019activit\u00e9s connexes serait un atout.<\/li>\n<li>Avoir une connaissance suffisante de la langue fran\u00e7aise <strong>ou <\/strong>\u00eatre d\u00e9termin\u00e9 \u00e0 l\u2019apprendre une fois en poste par l\u2019entremise du programme de soutien \u00e0 l\u2019apprentissage de la langue fran\u00e7aise offert par l\u2019UdeM, en vertu de la Politique linguistique de l\u2019Universit\u00e9 de Montr\u00e9al.<\/li>\n<\/ul>\n<p><strong>Comment soumettre votre candidature<\/strong><\/p>\n<p>Le dossier de candidature transmis \u00e0 la direction du D\u00e9partement doit \u00eatre constitu\u00e9 des documents suivants&#160;:<\/p>\n<ul>\n<li>Une lettre de motivation.<\/li>\n<li>Pour nous conformer aux exigences du gouvernement du Canada, nous vous prions d\u2019inclure dans votre lettre de pr\u00e9sentation l\u2019une ou l\u2019autre des mentions suivantes&#160;: \u00ab&#160;je suis citoyen\/r\u00e9sident permanent du Canada&#160;\u00bb ou \u00ab&#160;je ne suis pas citoyen\/r\u00e9sident permanent du Canada&#160;\u00bb.<\/li>\n<li>Un curriculum vit\u00e6<\/li>\n<li>Deux ou trois publications r\u00e9centes ou des textes en cours d\u2019\u00e9criture<\/li>\n<li>Un expos\u00e9 des int\u00e9r\u00eats de recherche (au plus deux pages)<\/li>\n<li>Un dossier d\u2019enseignement comprenant&#160;:\n<ul>\n<li>Une br\u00e8ve description des int\u00e9r\u00eats en enseignement et de la philosophie d\u2019enseignement du candidat ou de la candidate (au plus une page)<\/li>\n<li>Des indications relatives \u00e0 la qualit\u00e9 et l&rsquo;appr\u00e9ciation des activit\u00e9s d&rsquo;enseignement du candidat ou de la candidate<\/li>\n<\/ul>\n<\/li>\n<li>Le dossier doit \u00e9galement comporter trois lettres de recommandation. Celles-ci doivent \u00eatre transmises directement par leur auteur \u00e0 la direction du D\u00e9partement.<\/li>\n<\/ul>\n<p>Le dossier de candidature et les lettres de recommandation doivent parvenir au plus tard le 31 janvier 2021 au directeur du D\u00e9partement de communication, <strong>Fran\u00e7ois Cooren<\/strong>, \u00e0 l\u2019adresse suivante&#160;: <a href=\"mailto:f.cooren@umontreal.ca\">f.cooren@umontreal.ca<\/a>.<\/p>\n<p>L\u2019objet du courriel devrait indiquer l\u2019information suivante&#160;: nom de famille, pr\u00e9nom \u2013 candidature.<\/p>\n<p>Les personnes int\u00e9ress\u00e9es trouveront plusieurs informations sur le D\u00e9partement en consultant son site Web \u00e0 l\u2019adresse <a href=\"http:\/\/www.com.umontreal.ca\/\">www.com.umontreal.ca<\/a>.<\/p>\n<p><strong>Plus d\u2019information sur le poste<\/strong><\/p>\n<p><strong>\u00a0<\/strong><strong>No d\u2019affichage&#160;: <\/strong>FAS 11-20 \/ 6<\/p>\n<ul>\n<li><strong>P\u00e9riode d\u2019affichage<\/strong>&#160;: Jusqu\u2019au 31 janvier 2021 inclusivement<\/li>\n<li><strong>Traitement<\/strong>&#160;: L\u2019Universit\u00e9 de Montr\u00e9al offre un salaire concurrentiel jumel\u00e9 \u00e0 une gamme compl\u00e8te d\u2019avantages sociaux.<\/li>\n<li><strong>Date d\u2019entr\u00e9e en fonction<\/strong>&#160;: Le ou apr\u00e8s le 1<sup>er<\/sup> juin 2021<\/li>\n<\/ul><\/div>\n<div class=\"zn-singledetail-partners\">\n<h3 class=\"zn-singledetail-section-title\">Institutions<\/h3>\n<div class=\"zn-singledetail-partners-list row small-up-2 medium-up-3 large-up-5 partnerlist\" data-equalizer data-equalize-on=\"medium\">\n<article class=\"summarypartner partner-7588 column\">\n\t<a class=\"summarypartner-box\" href=\"https:\/\/www.umontreal.ca\" title=\"Universit\u00e9 de Montr\u00e9al\">\t\t<\/p>\n<div class=\"summarypartner-box-inner\" data-equalizer-watch>\n<div class=\"summarypartner-imgbox\">\n<figure class=\"summarypartner-figure\">\n\t\t\t\t\t<img decoding=\"async\" class=\"summarypartner-img\" src=\"https:\/\/www.sfsic.org\/wp-inside\/uploads\/skp-membership\/demande_adh\/logo-universite-montreal-320x107.png\" alt=\"Logo Universit\u00e9 de Montr\u00e9al\" ><figcaption class=\"summarypartner-img-caption show-for-sr\">Logo Universit\u00e9 de Montr\u00e9al<\/figcaption><\/figure>\n<\/p><\/div>\n<div class=\"summarypartner-content\">\n<div class=\"summarypartner-content-inner\">\n<header class=\"summarypartner-header\">\n<h3 class=\"summarypartner-title\">\n\t\t\t\t\t\t\tUniversit\u00e9 de Montr\u00e9al\t\t\t\t\t\t<\/h3>\n<\/header><\/div>\n<\/p><\/div>\n<\/p><\/div>\n<p>\t<\/a><\/article>\n<\/p><\/div>\n<\/p><\/div>\n<div class=\"zn-singledetail-attachedfiles\">\n<h3 class=\"zn-singledetail-section-title\">Fichier(s) attach\u00e9(s)<\/h3>\n<ul class=\"zn-singledetail-attachedfiles-list\">\n<li class=\"zn-singledetail-attachedfiles-item\">\n\t\t\t\t\t\t\t<a class=\"zn-singledetail-attachedfiles-link button outline for-download\" href=\"https:\/\/www.sfsic.org\/wp-inside\/uploads\/skp-membership\/demande_adh\/fas_11-20_6_com_relations_publiques_fr1.pdf\" title=\"T\u00e9l\u00e9charger : \u00ab fas_11-20_6_com_relations_publiques_fr1.pdf \u00bb\" target=\"_blank\" rel=\"noopener noreferrer\"><br \/>\n\t\t\t\t\t\t\t\t<span class=\"button-txt\">fas_11-20_6_com_[&#8230;].pdf<\/span><br \/>\n\t\t\t\t\t\t\t<\/a>\n\t\t\t\t\t\t<\/li>\n<\/ul><\/div>\n<div class=\"zn-singledetail-keywords\">\n<h3 class=\"zn-singledetail-section-title\">Mots-cl\u00e9s<\/h3>\n<ul class=\"termslist termslist-post_tag\">\n<li class=\"termslist-item termslist-title\"><span class=\"termslist-titletxt\">Mots-cl\u00e9s<\/span><span class=\"doubledot\"><\/span><\/li>\n<li class=\"termslist-item tax-post_tag term-crise\"><a class=\"termslist-itemlink\" href=\"https:\/\/www.sfsic.org\/tag\/crise\/\" title=\"Crise\"><span class=\"termslist-itemname\">Crise<\/span><\/a><\/li>\n<li class=\"termslist-item tax-post_tag term-organisation\"><a class=\"termslist-itemlink\" href=\"https:\/\/www.sfsic.org\/tag\/organisation\/\" title=\"organisation\"><span class=\"termslist-itemname\">organisation<\/span><\/a><\/li>\n<li class=\"termslist-item tax-post_tag term-relations-publiques\"><a class=\"termslist-itemlink\" href=\"https:\/\/www.sfsic.org\/tag\/relations-publiques\/\" title=\"relations publiques\"><span class=\"termslist-itemname\">relations publiques<\/span><\/a><\/li>\n<\/ul><\/div>\n<\/p><\/div>\n<\/p><\/div>\n<\/p><\/div>\n<\/p><\/div>\n<\/div>\n<p><!-- \/fxzn:singledetail --><\/p>\n","protected":false},"excerpt":{"rendered":"<p>Mis en ligne le 19 novembre 2020 Th\u00e9matiques Communication et organisations R\u00e9ponse attendue pour le 31\/01\/2021 Type d\u2019annonce Emploi Contacts Cooren, Fran\u00e7ois, Directeur f.cooren@umontreal.ca Sites internet de r\u00e9f\u00e9rence D\u00e9partement de [&hellip;]<\/p>\n","protected":false},"author":293,"featured_media":0,"comment_status":"closed","ping_status":"closed","sticky":false,"template":"","format":"standard","meta":{"_acf_changed":false,"footnotes":""},"categories":[64,32],"tags":[202,74,124],"thematique":[37],"sfsic":[],"class_list":["post-7578","post","type-post","status-publish","format-standard","hentry","category-emploi","category-emplois","tag-crise","tag-organisation","tag-relations-publiques","thematique-communication-organisations","wp-sticky"],"acf":[],"yoast_head":"<!-- This site is optimized with the Yoast SEO plugin v27.4 - https:\/\/yoast.com\/product\/yoast-seo-wordpress\/ -->\n<title>Professeur.e adjoint.e en communication<\/title>\n<meta name=\"description\" content=\"Le D\u00e9partement de communication sollicite des candidatures pour un poste de professeure ou de professeur \u00e0 temps plein au rang d\u2019adjoint pour combler des besoins en recherche et en enseignement qui s\u2019inscrivent dans le cadre des \u00e9tudes des relations publiques, de la gestion de crises, de l\u2019engagement des parties prenantes, de d\u00e9fense des int\u00e9r\u00eats ou des relations avec les gouvernements. Une priorit\u00e9 sera accord\u00e9e aux candidatures dont les travaux abordent les enjeux de l\u2019environnement, de la sant\u00e9, de diversit\u00e9, d\u2019inclusion, ou d\u2019autres probl\u00e9matiques soci\u00e9tales contemporaines.\" \/>\n<meta name=\"robots\" content=\"index, follow, max-snippet:-1, max-image-preview:large, max-video-preview:-1\" \/>\n<link rel=\"canonical\" href=\"https:\/\/www.sfsic.org\/en\/emplois\/professeur-e-adjoint-e-en-communication\/\" \/>\n<meta property=\"og:locale\" content=\"en_US\" \/>\n<meta property=\"og:type\" content=\"article\" \/>\n<meta property=\"og:title\" content=\"Professeur.e adjoint.e en communication\" \/>\n<meta property=\"og:description\" content=\"Le D\u00e9partement de communication sollicite des candidatures pour un poste de professeure ou de professeur \u00e0 temps plein au rang d\u2019adjoint pour combler des besoins en recherche et en enseignement qui s\u2019inscrivent dans le cadre des \u00e9tudes des relations publiques, de la gestion de crises, de l\u2019engagement des parties prenantes, de d\u00e9fense des int\u00e9r\u00eats ou des relations avec les gouvernements. Une priorit\u00e9 sera accord\u00e9e aux candidatures dont les travaux abordent les enjeux de l\u2019environnement, de la sant\u00e9, de diversit\u00e9, d\u2019inclusion, ou d\u2019autres probl\u00e9matiques soci\u00e9tales contemporaines.\" \/>\n<meta property=\"og:url\" content=\"https:\/\/www.sfsic.org\/en\/emplois\/professeur-e-adjoint-e-en-communication\/\" \/>\n<meta property=\"og:site_name\" content=\"SFSIC\" \/>\n<meta property=\"article:published_time\" content=\"2020-11-19T12:52:05+00:00\" \/>\n<meta property=\"article:modified_time\" content=\"2020-11-19T12:52:55+00:00\" \/>\n<meta property=\"og:image\" content=\"https:\/\/www.sfsic.org\/wp-inside\/uploads\/skp-membership\/demande_adh\/logo-universite-montreal-320x107.png\" \/>\n<meta name=\"author\" content=\"Fran\u00e7ois Cooren\" \/>\n<meta name=\"twitter:card\" content=\"summary_large_image\" \/>\n<script type=\"application\/ld+json\" class=\"yoast-schema-graph\">{\"@context\":\"https:\\\/\\\/schema.org\",\"@graph\":[{\"@type\":\"Article\",\"@id\":\"https:\\\/\\\/www.sfsic.org\\\/en\\\/emplois\\\/professeur-e-adjoint-e-en-communication\\\/#article\",\"isPartOf\":{\"@id\":\"https:\\\/\\\/www.sfsic.org\\\/en\\\/emplois\\\/professeur-e-adjoint-e-en-communication\\\/\"},\"author\":{\"name\":\"Fran\u00e7ois Cooren\",\"@id\":\"https:\\\/\\\/www.sfsic.org\\\/en\\\/#\\\/schema\\\/person\\\/d45456d66dc6e0a58a59e458dd506cf8\"},\"headline\":\"Professeur.e adjoint.e en communication\",\"datePublished\":\"2020-11-19T12:52:05+00:00\",\"dateModified\":\"2020-11-19T12:52:55+00:00\",\"mainEntityOfPage\":{\"@id\":\"https:\\\/\\\/www.sfsic.org\\\/en\\\/emplois\\\/professeur-e-adjoint-e-en-communication\\\/\"},\"wordCount\":647,\"publisher\":{\"@id\":\"https:\\\/\\\/www.sfsic.org\\\/en\\\/#organization\"},\"image\":{\"@id\":\"https:\\\/\\\/www.sfsic.org\\\/en\\\/emplois\\\/professeur-e-adjoint-e-en-communication\\\/#primaryimage\"},\"thumbnailUrl\":\"https:\\\/\\\/www.sfsic.org\\\/wp-inside\\\/uploads\\\/skp-membership\\\/demande_adh\\\/logo-universite-montreal-320x107.png\",\"keywords\":[\"Crise\",\"Organisation\",\"Relations publiques\"],\"articleSection\":[\"Emploi\",\"Emplois\"],\"inLanguage\":\"en-US\"},{\"@type\":\"WebPage\",\"@id\":\"https:\\\/\\\/www.sfsic.org\\\/en\\\/emplois\\\/professeur-e-adjoint-e-en-communication\\\/\",\"url\":\"https:\\\/\\\/www.sfsic.org\\\/en\\\/emplois\\\/professeur-e-adjoint-e-en-communication\\\/\",\"name\":\"Professeur.e adjoint.e en communication\",\"isPartOf\":{\"@id\":\"https:\\\/\\\/www.sfsic.org\\\/en\\\/#website\"},\"primaryImageOfPage\":{\"@id\":\"https:\\\/\\\/www.sfsic.org\\\/en\\\/emplois\\\/professeur-e-adjoint-e-en-communication\\\/#primaryimage\"},\"image\":{\"@id\":\"https:\\\/\\\/www.sfsic.org\\\/en\\\/emplois\\\/professeur-e-adjoint-e-en-communication\\\/#primaryimage\"},\"thumbnailUrl\":\"https:\\\/\\\/www.sfsic.org\\\/wp-inside\\\/uploads\\\/skp-membership\\\/demande_adh\\\/logo-universite-montreal-320x107.png\",\"datePublished\":\"2020-11-19T12:52:05+00:00\",\"dateModified\":\"2020-11-19T12:52:55+00:00\",\"description\":\"Le D\u00e9partement de communication sollicite des candidatures pour un poste de professeure ou de professeur \u00e0 temps plein au rang d\u2019adjoint pour combler des besoins en recherche et en enseignement qui s\u2019inscrivent dans le cadre des \u00e9tudes des relations publiques, de la gestion de crises, de l\u2019engagement des parties prenantes, de d\u00e9fense des int\u00e9r\u00eats ou des relations avec les gouvernements. Une priorit\u00e9 sera accord\u00e9e aux candidatures dont les travaux abordent les enjeux de l\u2019environnement, de la sant\u00e9, de diversit\u00e9, d\u2019inclusion, ou d\u2019autres probl\u00e9matiques soci\u00e9tales contemporaines.\",\"breadcrumb\":{\"@id\":\"https:\\\/\\\/www.sfsic.org\\\/en\\\/emplois\\\/professeur-e-adjoint-e-en-communication\\\/#breadcrumb\"},\"inLanguage\":\"en-US\",\"potentialAction\":[{\"@type\":\"ReadAction\",\"target\":[\"https:\\\/\\\/www.sfsic.org\\\/en\\\/emplois\\\/professeur-e-adjoint-e-en-communication\\\/\"]}]},{\"@type\":\"ImageObject\",\"inLanguage\":\"en-US\",\"@id\":\"https:\\\/\\\/www.sfsic.org\\\/en\\\/emplois\\\/professeur-e-adjoint-e-en-communication\\\/#primaryimage\",\"url\":\"https:\\\/\\\/www.sfsic.org\\\/wp-inside\\\/uploads\\\/skp-membership\\\/demande_adh\\\/logo-universite-montreal-320x107.png\",\"contentUrl\":\"https:\\\/\\\/www.sfsic.org\\\/wp-inside\\\/uploads\\\/skp-membership\\\/demande_adh\\\/logo-universite-montreal-320x107.png\"},{\"@type\":\"BreadcrumbList\",\"@id\":\"https:\\\/\\\/www.sfsic.org\\\/en\\\/emplois\\\/professeur-e-adjoint-e-en-communication\\\/#breadcrumb\",\"itemListElement\":[{\"@type\":\"ListItem\",\"position\":1,\"name\":\"Accueil\",\"item\":\"https:\\\/\\\/www.sfsic.org\\\/en\\\/\"},{\"@type\":\"ListItem\",\"position\":2,\"name\":\"Jobs\",\"item\":\"https:\\\/\\\/www.sfsic.org\\\/en\\\/jobs\\\/\"},{\"@type\":\"ListItem\",\"position\":3,\"name\":\"Job\",\"item\":\"https:\\\/\\\/www.sfsic.org\\\/en\\\/jobs\\\/job\\\/\"},{\"@type\":\"ListItem\",\"position\":4,\"name\":\"Professeur.e adjoint.e en communication\"}]},{\"@type\":\"WebSite\",\"@id\":\"https:\\\/\\\/www.sfsic.org\\\/en\\\/#website\",\"url\":\"https:\\\/\\\/www.sfsic.org\\\/en\\\/\",\"name\":\"SFSIC\",\"description\":\"Soci\u00e9t\u00e9 Fran\u00e7aise des Sciences de l&#039;Information &amp; de la Communication\",\"publisher\":{\"@id\":\"https:\\\/\\\/www.sfsic.org\\\/en\\\/#organization\"},\"potentialAction\":[{\"@type\":\"SearchAction\",\"target\":{\"@type\":\"EntryPoint\",\"urlTemplate\":\"https:\\\/\\\/www.sfsic.org\\\/en\\\/?s={search_term_string}\"},\"query-input\":{\"@type\":\"PropertyValueSpecification\",\"valueRequired\":true,\"valueName\":\"search_term_string\"}}],\"inLanguage\":\"en-US\"},{\"@type\":\"Organization\",\"@id\":\"https:\\\/\\\/www.sfsic.org\\\/en\\\/#organization\",\"name\":\"SFSIC\",\"url\":\"https:\\\/\\\/www.sfsic.org\\\/en\\\/\",\"logo\":{\"@type\":\"ImageObject\",\"inLanguage\":\"en-US\",\"@id\":\"https:\\\/\\\/www.sfsic.org\\\/en\\\/#\\\/schema\\\/logo\\\/image\\\/\",\"url\":\"https:\\\/\\\/www.sfsic.org\\\/wp-inside\\\/uploads\\\/2020\\\/05\\\/logo-sfsic.jpg\",\"contentUrl\":\"https:\\\/\\\/www.sfsic.org\\\/wp-inside\\\/uploads\\\/2020\\\/05\\\/logo-sfsic.jpg\",\"width\":1085,\"height\":1080,\"caption\":\"SFSIC\"},\"image\":{\"@id\":\"https:\\\/\\\/www.sfsic.org\\\/en\\\/#\\\/schema\\\/logo\\\/image\\\/\"}},{\"@type\":\"Person\",\"@id\":\"https:\\\/\\\/www.sfsic.org\\\/en\\\/#\\\/schema\\\/person\\\/d45456d66dc6e0a58a59e458dd506cf8\",\"name\":\"Fran\u00e7ois Cooren\",\"image\":{\"@type\":\"ImageObject\",\"inLanguage\":\"en-US\",\"@id\":\"https:\\\/\\\/secure.gravatar.com\\\/avatar\\\/617b3d7bf4c4b00a3d041cb6be81f370ffcb531fb0ea1f397cafe40785a3d0c4?s=96&d=mm&r=g\",\"url\":\"https:\\\/\\\/secure.gravatar.com\\\/avatar\\\/617b3d7bf4c4b00a3d041cb6be81f370ffcb531fb0ea1f397cafe40785a3d0c4?s=96&d=mm&r=g\",\"contentUrl\":\"https:\\\/\\\/secure.gravatar.com\\\/avatar\\\/617b3d7bf4c4b00a3d041cb6be81f370ffcb531fb0ea1f397cafe40785a3d0c4?s=96&d=mm&r=g\",\"caption\":\"Fran\u00e7ois Cooren\"}}]}<\/script>\n<!-- \/ Yoast SEO plugin. -->","yoast_head_json":{"title":"Professeur.e adjoint.e en communication","description":"Le D\u00e9partement de communication sollicite des candidatures pour un poste de professeure ou de professeur \u00e0 temps plein au rang d\u2019adjoint pour combler des besoins en recherche et en enseignement qui s\u2019inscrivent dans le cadre des \u00e9tudes des relations publiques, de la gestion de crises, de l\u2019engagement des parties prenantes, de d\u00e9fense des int\u00e9r\u00eats ou des relations avec les gouvernements. Une priorit\u00e9 sera accord\u00e9e aux candidatures dont les travaux abordent les enjeux de l\u2019environnement, de la sant\u00e9, de diversit\u00e9, d\u2019inclusion, ou d\u2019autres probl\u00e9matiques soci\u00e9tales contemporaines.","robots":{"index":"index","follow":"follow","max-snippet":"max-snippet:-1","max-image-preview":"max-image-preview:large","max-video-preview":"max-video-preview:-1"},"canonical":"https:\/\/www.sfsic.org\/en\/emplois\/professeur-e-adjoint-e-en-communication\/","og_locale":"en_US","og_type":"article","og_title":"Professeur.e adjoint.e en communication","og_description":"Le D\u00e9partement de communication sollicite des candidatures pour un poste de professeure ou de professeur \u00e0 temps plein au rang d\u2019adjoint pour combler des besoins en recherche et en enseignement qui s\u2019inscrivent dans le cadre des \u00e9tudes des relations publiques, de la gestion de crises, de l\u2019engagement des parties prenantes, de d\u00e9fense des int\u00e9r\u00eats ou des relations avec les gouvernements. Une priorit\u00e9 sera accord\u00e9e aux candidatures dont les travaux abordent les enjeux de l\u2019environnement, de la sant\u00e9, de diversit\u00e9, d\u2019inclusion, ou d\u2019autres probl\u00e9matiques soci\u00e9tales contemporaines.","og_url":"https:\/\/www.sfsic.org\/en\/emplois\/professeur-e-adjoint-e-en-communication\/","og_site_name":"SFSIC","article_published_time":"2020-11-19T12:52:05+00:00","article_modified_time":"2020-11-19T12:52:55+00:00","og_image":[{"url":"https:\/\/www.sfsic.org\/wp-inside\/uploads\/skp-membership\/demande_adh\/logo-universite-montreal-320x107.png","type":"","width":"","height":""}],"author":"Fran\u00e7ois Cooren","twitter_card":"summary_large_image","schema":{"@context":"https:\/\/schema.org","@graph":[{"@type":"Article","@id":"https:\/\/www.sfsic.org\/en\/emplois\/professeur-e-adjoint-e-en-communication\/#article","isPartOf":{"@id":"https:\/\/www.sfsic.org\/en\/emplois\/professeur-e-adjoint-e-en-communication\/"},"author":{"name":"Fran\u00e7ois Cooren","@id":"https:\/\/www.sfsic.org\/en\/#\/schema\/person\/d45456d66dc6e0a58a59e458dd506cf8"},"headline":"Professeur.e adjoint.e en communication","datePublished":"2020-11-19T12:52:05+00:00","dateModified":"2020-11-19T12:52:55+00:00","mainEntityOfPage":{"@id":"https:\/\/www.sfsic.org\/en\/emplois\/professeur-e-adjoint-e-en-communication\/"},"wordCount":647,"publisher":{"@id":"https:\/\/www.sfsic.org\/en\/#organization"},"image":{"@id":"https:\/\/www.sfsic.org\/en\/emplois\/professeur-e-adjoint-e-en-communication\/#primaryimage"},"thumbnailUrl":"https:\/\/www.sfsic.org\/wp-inside\/uploads\/skp-membership\/demande_adh\/logo-universite-montreal-320x107.png","keywords":["Crise","Organisation","Relations publiques"],"articleSection":["Emploi","Emplois"],"inLanguage":"en-US"},{"@type":"WebPage","@id":"https:\/\/www.sfsic.org\/en\/emplois\/professeur-e-adjoint-e-en-communication\/","url":"https:\/\/www.sfsic.org\/en\/emplois\/professeur-e-adjoint-e-en-communication\/","name":"Professeur.e adjoint.e en communication","isPartOf":{"@id":"https:\/\/www.sfsic.org\/en\/#website"},"primaryImageOfPage":{"@id":"https:\/\/www.sfsic.org\/en\/emplois\/professeur-e-adjoint-e-en-communication\/#primaryimage"},"image":{"@id":"https:\/\/www.sfsic.org\/en\/emplois\/professeur-e-adjoint-e-en-communication\/#primaryimage"},"thumbnailUrl":"https:\/\/www.sfsic.org\/wp-inside\/uploads\/skp-membership\/demande_adh\/logo-universite-montreal-320x107.png","datePublished":"2020-11-19T12:52:05+00:00","dateModified":"2020-11-19T12:52:55+00:00","description":"Le D\u00e9partement de communication sollicite des candidatures pour un poste de professeure ou de professeur \u00e0 temps plein au rang d\u2019adjoint pour combler des besoins en recherche et en enseignement qui s\u2019inscrivent dans le cadre des \u00e9tudes des relations publiques, de la gestion de crises, de l\u2019engagement des parties prenantes, de d\u00e9fense des int\u00e9r\u00eats ou des relations avec les gouvernements. Une priorit\u00e9 sera accord\u00e9e aux candidatures dont les travaux abordent les enjeux de l\u2019environnement, de la sant\u00e9, de diversit\u00e9, d\u2019inclusion, ou d\u2019autres probl\u00e9matiques soci\u00e9tales contemporaines.","breadcrumb":{"@id":"https:\/\/www.sfsic.org\/en\/emplois\/professeur-e-adjoint-e-en-communication\/#breadcrumb"},"inLanguage":"en-US","potentialAction":[{"@type":"ReadAction","target":["https:\/\/www.sfsic.org\/en\/emplois\/professeur-e-adjoint-e-en-communication\/"]}]},{"@type":"ImageObject","inLanguage":"en-US","@id":"https:\/\/www.sfsic.org\/en\/emplois\/professeur-e-adjoint-e-en-communication\/#primaryimage","url":"https:\/\/www.sfsic.org\/wp-inside\/uploads\/skp-membership\/demande_adh\/logo-universite-montreal-320x107.png","contentUrl":"https:\/\/www.sfsic.org\/wp-inside\/uploads\/skp-membership\/demande_adh\/logo-universite-montreal-320x107.png"},{"@type":"BreadcrumbList","@id":"https:\/\/www.sfsic.org\/en\/emplois\/professeur-e-adjoint-e-en-communication\/#breadcrumb","itemListElement":[{"@type":"ListItem","position":1,"name":"Accueil","item":"https:\/\/www.sfsic.org\/en\/"},{"@type":"ListItem","position":2,"name":"Jobs","item":"https:\/\/www.sfsic.org\/en\/jobs\/"},{"@type":"ListItem","position":3,"name":"Job","item":"https:\/\/www.sfsic.org\/en\/jobs\/job\/"},{"@type":"ListItem","position":4,"name":"Professeur.e adjoint.e en communication"}]},{"@type":"WebSite","@id":"https:\/\/www.sfsic.org\/en\/#website","url":"https:\/\/www.sfsic.org\/en\/","name":"SFSIC","description":"Soci\u00e9t\u00e9 Fran\u00e7aise des Sciences de l&#039;Information &amp; de la Communication","publisher":{"@id":"https:\/\/www.sfsic.org\/en\/#organization"},"potentialAction":[{"@type":"SearchAction","target":{"@type":"EntryPoint","urlTemplate":"https:\/\/www.sfsic.org\/en\/?s={search_term_string}"},"query-input":{"@type":"PropertyValueSpecification","valueRequired":true,"valueName":"search_term_string"}}],"inLanguage":"en-US"},{"@type":"Organization","@id":"https:\/\/www.sfsic.org\/en\/#organization","name":"SFSIC","url":"https:\/\/www.sfsic.org\/en\/","logo":{"@type":"ImageObject","inLanguage":"en-US","@id":"https:\/\/www.sfsic.org\/en\/#\/schema\/logo\/image\/","url":"https:\/\/www.sfsic.org\/wp-inside\/uploads\/2020\/05\/logo-sfsic.jpg","contentUrl":"https:\/\/www.sfsic.org\/wp-inside\/uploads\/2020\/05\/logo-sfsic.jpg","width":1085,"height":1080,"caption":"SFSIC"},"image":{"@id":"https:\/\/www.sfsic.org\/en\/#\/schema\/logo\/image\/"}},{"@type":"Person","@id":"https:\/\/www.sfsic.org\/en\/#\/schema\/person\/d45456d66dc6e0a58a59e458dd506cf8","name":"Fran\u00e7ois Cooren","image":{"@type":"ImageObject","inLanguage":"en-US","@id":"https:\/\/secure.gravatar.com\/avatar\/617b3d7bf4c4b00a3d041cb6be81f370ffcb531fb0ea1f397cafe40785a3d0c4?s=96&d=mm&r=g","url":"https:\/\/secure.gravatar.com\/avatar\/617b3d7bf4c4b00a3d041cb6be81f370ffcb531fb0ea1f397cafe40785a3d0c4?s=96&d=mm&r=g","contentUrl":"https:\/\/secure.gravatar.com\/avatar\/617b3d7bf4c4b00a3d041cb6be81f370ffcb531fb0ea1f397cafe40785a3d0c4?s=96&d=mm&r=g","caption":"Fran\u00e7ois Cooren"}}]}},"_links":{"self":[{"href":"https:\/\/www.sfsic.org\/en\/wp-json\/wp\/v2\/posts\/7578","targetHints":{"allow":["GET"]}}],"collection":[{"href":"https:\/\/www.sfsic.org\/en\/wp-json\/wp\/v2\/posts"}],"about":[{"href":"https:\/\/www.sfsic.org\/en\/wp-json\/wp\/v2\/types\/post"}],"author":[{"embeddable":true,"href":"https:\/\/www.sfsic.org\/en\/wp-json\/wp\/v2\/users\/293"}],"replies":[{"embeddable":true,"href":"https:\/\/www.sfsic.org\/en\/wp-json\/wp\/v2\/comments?post=7578"}],"version-history":[{"count":4,"href":"https:\/\/www.sfsic.org\/en\/wp-json\/wp\/v2\/posts\/7578\/revisions"}],"predecessor-version":[{"id":7592,"href":"https:\/\/www.sfsic.org\/en\/wp-json\/wp\/v2\/posts\/7578\/revisions\/7592"}],"wp:attachment":[{"href":"https:\/\/www.sfsic.org\/en\/wp-json\/wp\/v2\/media?parent=7578"}],"wp:term":[{"taxonomy":"category","embeddable":true,"href":"https:\/\/www.sfsic.org\/en\/wp-json\/wp\/v2\/categories?post=7578"},{"taxonomy":"post_tag","embeddable":true,"href":"https:\/\/www.sfsic.org\/en\/wp-json\/wp\/v2\/tags?post=7578"},{"taxonomy":"thematique","embeddable":true,"href":"https:\/\/www.sfsic.org\/en\/wp-json\/wp\/v2\/thematique?post=7578"},{"taxonomy":"sfsic","embeddable":true,"href":"https:\/\/www.sfsic.org\/en\/wp-json\/wp\/v2\/sfsic?post=7578"}],"curies":[{"name":"wp","href":"https:\/\/api.w.org\/{rel}","templated":true}]}}