{"id":7365,"date":"2020-10-23T17:27:08","date_gmt":"2020-10-23T15:27:08","guid":{"rendered":"https:\/\/www.sfsic.org\/?p=7365"},"modified":"2020-10-30T10:28:12","modified_gmt":"2020-10-30T09:28:12","slug":"7365","status":"publish","type":"post","link":"https:\/\/www.sfsic.org\/en\/evenement\/7365\/","title":{"rendered":"Influenceurs et influenceuses sant\u00e9"},"content":{"rendered":"<p><!-- fxzn:singledetail --><\/p>\n<div class=\"zone zn-singledetail\" id=\"fxzn-singledetail-1\">\n<div class=\"zone-block zn-singledetail-block alignwide va-top\">\n<div class=\"row\">\n<div class=\"columns large-8 large-push-4\">\n<div class=\"zn-singledetail-metabox\">\n<div class=\"zn-singledetail-pubdate pubdate\">\n\t\t\t\t\t<span class=\"pubdate-txt\">Mis en ligne le<\/span><span class=\"doubledot\"><\/span> <time class=\"pubdate-time\" pubdate datetime=\"2020-10-23T17:27:08+02:00\">23 octobre 2020<\/time>\t\t\t\t<\/div>\n<div class=\"zn-singledetail-thematiques with-sep-comma\">\n<ul class=\"termslist termslist-thematique\">\n<li class=\"termslist-item termslist-title\"><span class=\"termslist-titletxt\">Th\u00e9matiques<\/span><span class=\"doubledot\"><\/span><\/li>\n<li class=\"termslist-item tax-thematique term-numerique-strategies-dispositifs-usages\"><a class=\"termslist-itemlink\" href=\"https:\/\/www.sfsic.org\/thematiques\/numerique-strategies-dispositifs-usages\/\" title=\"Num\u00e9rique : strat\u00e9gies, dispositifs et usages\"><span class=\"termslist-itemname\">Num\u00e9rique : strat\u00e9gies, dispositifs et usages<\/span><\/a><\/li>\n<\/ul><\/div>\n<\/p><\/div>\n<\/p><\/div>\n<\/p><\/div>\n<div class=\"row\">\n<div class=\"columns large-4\">\n<div class=\"zn-singledetail-sidebar bg-cornersquares\">\n<div class=\"zn-singledetail-infos\">\n<p class=\"zn-singledetail-type\">\n\t\t\t\t\t\t\t<span>Type d\u2019\u00e9v\u00e9nement<\/span><span class=\"doubledot\"><\/span> <strong>Journ\u00e9e d\u2019\u00e9tude<\/strong>\n\t\t\t\t\t<\/p>\n<\/p><\/div>\n<div class=\"zn-singledetail-coordinators\">\n<h3 class=\"zn-singledetail-section-title\">Coordinateurs<\/h3>\n<ul class=\"zn-singledetail-coordinators-list\">\n<li class=\"zn-singledetail-coordinators-item\">\n\t\t\t\t\t\t\t<span>Nataly<\/span> <span>Botero<\/span>, <span>Universit\u00e9 de Bourgogne, CIMEOS<\/span>\t\t\t\t\t\t\t\t\t\t\t\t\t<\/li>\n<li class=\"zn-singledetail-coordinators-item\">\n\t\t\t\t\t\t\t<span>Myriam<\/span> <span>Hernandez<\/span>, <span>Universit\u00e9 de Lille, GERIICO\/CEDITEC<\/span>\t\t\t\t\t\t\t\t\t\t\t\t\t<\/li>\n<li class=\"zn-singledetail-coordinators-item\">\n\t\t\t\t\t\t\t<span>Paola<\/span> <span>Sedda<\/span>, <span>Universit\u00e9 de Bourgogne, CIMEOS<\/span>\t\t\t\t\t\t\t\t\t\t\t\t\t<\/li>\n<\/ul><\/div>\n<div class=\"zn-singledetail-contacts\">\n<h3 class=\"zn-singledetail-section-title\">Contacts<\/h3>\n<ul class=\"zn-singledetail-contacts-list\">\n<li class=\"zn-singledetail-contact\">\n\t\t\t\t\t\t\t<span class=\"zn-singledetail-contact-name\">test<\/span><span class=\"doubledot\"><\/span><br \/>\n\t\t\t\t\t\t\t\t\t\t\t\t\t\t<a class=\"zn-singledetail-contact-mail prettylink\" href=\"mailto:test@test.com\">test@test.com<\/a>\n\t\t\t\t\t\t\t\t\t\t\t\t\t<\/li>\n<\/ul><\/div>\n<div class=\"zn-singledetail-weblinks\">\n<h3 class=\"zn-singledetail-section-title\">Sites internet de r\u00e9f\u00e9rence<\/h3>\n<ul class=\"zn-singledetail-weblinks-list\">\n<li>\n\t\t\t\t\t\t\t<a class=\"prettylink chainlink\" href=\"https:\/\/urlz.fr\/e2nW\" title=\"Inscription obligatoire\" target=\"_blank\" rel=\"noopener noreferrer\">Inscription obligatoire<\/a>\n\t\t\t\t\t\t<\/li>\n<\/ul><\/div>\n<\/p><\/div>\n<\/p><\/div>\n<div class=\"columns large-8\">\n<div class=\"zn-singledetail-contentbox\">\n<div class=\"zn-singledetail-eventinfo\">\n<div class=\"zn-singledetail-eventinfo-inner\">\n<div class=\"zn-singledetail-eventdates\">\n\t\t\t\t\t\t<span class=\"zn-singledetail-label\">Dates de l\u2019\u00e9v\u00e9nement<span class=\"doubledot\"><\/span><\/span><\/p>\n<ul class=\"zn-singledetail-eventdates-list\">\n<li class=\"zn-singledetail-eventdates-item\">\n\t\t\t\t\t\t\t\tLe <time class=\"event-start-time\" datetime=\"2020-11-09T00:00:00+00:00\">09\/11\/2020<\/time>\t\t\t\t\t\t\t<\/li>\n<\/ul><\/div>\n<p class=\"zn-singledetail-eventplace\">\n\t\t\t\t\t\t<span class=\"zn-singledetail-label\">Lieu de l\u2019\u00e9v\u00e9nement<span class=\"doubledot\"><\/span><\/span><br \/>\n\t\t\t\t\t\t<span class=\"zn-singledetail-eventplace-adr\"><br \/>\n\t\t\t\t\t\t\t\t\t\t\t\t<span class=\"adr-name\">Ev\u00e9nement maintenu en ligne<\/span>,<\/p>\n<p>\t\t\t\t\t\t<span class=\"adr-street\">\u00e0 venir<\/span><br \/>\n\t\t\t\t\t\t<\/span>\t\t\t\t\t<\/p>\n<\/p><\/div>\n<\/p><\/div>\n<div class=\"zn-singledetail-annonce wig-content\">\n<p>&nbsp;<\/p>\n<p><img decoding=\"async\" loading=\"lazy\" class=\"size-medium wp-image-7368 aligncenter\" src=\"https:\/\/www.sfsic.org\/wp-inside\/uploads\/2020\/10\/capture-decran-2020-10-23-a-17.16.10-212x300.jpg\" alt=\"Affiche JE influenceurs sant\u00e9 2020\" width=\"212\" height=\"300\" srcset=\"https:\/\/www.sfsic.org\/wp-inside\/uploads\/2020\/10\/capture-decran-2020-10-23-a-17.16.10-212x300.jpg 212w, https:\/\/www.sfsic.org\/wp-inside\/uploads\/2020\/10\/capture-decran-2020-10-23-a-17.16.10-723x1024.jpg 723w, https:\/\/www.sfsic.org\/wp-inside\/uploads\/2020\/10\/capture-decran-2020-10-23-a-17.16.10-226x320.jpg 226w, https:\/\/www.sfsic.org\/wp-inside\/uploads\/2020\/10\/capture-decran-2020-10-23-a-17.16.10-200x283.jpg 200w, https:\/\/www.sfsic.org\/wp-inside\/uploads\/2020\/10\/capture-decran-2020-10-23-a-17.16.10.jpg 763w\" sizes=\"auto, (max-width: 212px) 100vw, 212px\" \/><\/p>\n<p>La\u00a0journ\u00e9e d&rsquo;\u00e9tudes \u00ab&#160;Influenceurs\/Influenceuses sant\u00e9&#160;? Les voix du corps sur les r\u00e9seaux sociaux&#160;\u00bb, initialement pr\u00e9vue en mars 2020, se tiendra en ligne le 9 novembre 2020 de 9h30 \u00e0 17h.<\/p>\n<p>Inscriptions en ligne \u00e0 l&rsquo;adresse suivante&#160;: <a href=\"https:\/\/urlz.fr\/e2nW\">https:\/\/urlz.fr\/e2nW<\/a><\/p>\n<p>Les personnes inscrites recevront un lien pour le streaming de l&rsquo;\u00e9v\u00e9nement<\/p>\n<p>\u00ab&#160;Dans une p\u00e9riode de prolif\u00e9ration de contenus num\u00e9riques et m\u00e9diatiques portant sur la sant\u00e9, le bien-\u00eatre et le lifestyle, nous souhaitons explorer l\u2019influence en ligne dans le cadre de la sant\u00e9.<br \/>\nCette journ\u00e9e s\u2019int\u00e9resse \u00e0 l\u2019influence exerc\u00e9e par les patient\u00b7es, les praticien\u00b7es ou les usager\u00b7es des politiques de sant\u00e9, \u00e0 travers l\u2019animation d\u2019un ou plusieurs comptes sur les r\u00e9seaux sociaux. Ceux-ci offrent \u00e0 ces internautes la possibilit\u00e9 de sensibiliser leur communaut\u00e9 d\u2019abonn\u00e9s, les espaces publics num\u00e9riques constituant des nouvelles ar\u00e8nes de d\u00e9ploiement d\u2019un type d\u2019influence ax\u00e9 sur la construction dialogique de l\u2019identit\u00e9 en ligne.<\/p>\n<p>En partant d\u2019une d\u00e9marche personnelle et intime de partage d\u2019exp\u00e9riences li\u00e9es au v\u00e9cu de leurs maladies, de leurs corps diff\u00e9rents ou des rapports avec les politiques de pr\u00e9vention, certains individus deviennent des figures de r\u00e9f\u00e9rence pour les internautes sensibles \u00e0 leur v\u00e9cu et \u00e0 leur discours. Progressivement, ces acteurs vont d\u00e9velopper des pratiques de communication plus professionnelles, certains de ces r\u00e9cits de soi peuvent \u00eatre repris par les m\u00e9dias, d\u2019autres peuvent s\u2019inscrire dans une d\u00e9marche politique ou encore d\u00e9boucher sur une mise \u00e0 profit commerciale.&#160;\u00bb<\/p>\n<\/p><\/div>\n<div class=\"zn-singledetail-attachedfiles\">\n<h3 class=\"zn-singledetail-section-title\">Fichier(s) attach\u00e9(s)<\/h3>\n<ul class=\"zn-singledetail-attachedfiles-list\">\n<li class=\"zn-singledetail-attachedfiles-item\">\n\t\t\t\t\t\t\t<a class=\"zn-singledetail-attachedfiles-link button outline for-download\" href=\"https:\/\/www.sfsic.org\/wp-inside\/uploads\/skp-membership\/demande_adh\/je-influenceurs-sante-2020-programme.pdf\" title=\"T\u00e9l\u00e9charger : \u00ab je-influenceurs-sante-2020-programme.pdf \u00bb\" target=\"_blank\" rel=\"noopener noreferrer\"><br \/>\n\t\t\t\t\t\t\t\t<span class=\"button-txt\">je-influenceurs-[&#8230;].pdf<\/span><br \/>\n\t\t\t\t\t\t\t<\/a>\n\t\t\t\t\t\t<\/li>\n<\/ul><\/div>\n<div class=\"zn-singledetail-keywords\">\n<h3 class=\"zn-singledetail-section-title\">Mots-cl\u00e9s<\/h3>\n<ul class=\"termslist termslist-post_tag\">\n<li class=\"termslist-item termslist-title\"><span class=\"termslist-titletxt\">Mots-cl\u00e9s<\/span><span class=\"doubledot\"><\/span><\/li>\n<li class=\"termslist-item tax-post_tag term-reseaux-sociaux-numeriques\"><a class=\"termslist-itemlink\" href=\"https:\/\/www.sfsic.org\/tag\/reseaux-sociaux-numeriques\/\" title=\"r\u00e9seaux sociaux num\u00e9riques\"><span class=\"termslist-itemname\">r\u00e9seaux sociaux num\u00e9riques<\/span><\/a><\/li>\n<li class=\"termslist-item tax-post_tag term-sante\"><a class=\"termslist-itemlink\" href=\"https:\/\/www.sfsic.org\/tag\/sante\/\" title=\"Sant\u00e9\"><span class=\"termslist-itemname\">Sant\u00e9<\/span><\/a><\/li>\n<\/ul><\/div>\n<\/p><\/div>\n<\/p><\/div>\n<\/p><\/div>\n<\/p><\/div>\n<\/div>\n<p><!-- \/fxzn:singledetail --><\/p>\n","protected":false},"excerpt":{"rendered":"<p>Mis en ligne le 23 octobre 2020 Th\u00e9matiques Num\u00e9rique : strat\u00e9gies, dispositifs et usages Type d\u2019\u00e9v\u00e9nement Journ\u00e9e d\u2019\u00e9tude Coordinateurs Nataly Botero, Universit\u00e9 de Bourgogne, CIMEOS Myriam Hernandez, Universit\u00e9 de Lille, [&hellip;]<\/p>\n","protected":false},"author":957,"featured_media":0,"comment_status":"closed","ping_status":"closed","sticky":false,"template":"","format":"standard","meta":{"_acf_changed":false,"footnotes":""},"categories":[30,68],"tags":[82,98],"thematique":[39],"sfsic":[],"class_list":["post-7365","post","type-post","status-publish","format-standard","hentry","category-evenement","category-journee-etude-2","tag-reseaux-sociaux-numeriques","tag-sante","thematique-numerique-strategies-dispositifs-et-usages","wp-sticky"],"acf":[],"yoast_head":"<!-- This site is optimized with the Yoast SEO plugin v27.5 - https:\/\/yoast.com\/product\/yoast-seo-wordpress\/ -->\n<title>Influenceurs et influenceuses sant\u00e9<\/title>\n<meta name=\"description\" content=\"La\u00a0journ\u00e9e d&#039;\u00e9tudes &quot;Influenceurs\/Influenceuses sant\u00e9 ? Les voix du corps sur les r\u00e9seaux sociaux&quot; se tiendra en ligne le 9 novembre 2020 de 9h30 \u00e0 17h.\" \/>\n<meta name=\"robots\" content=\"index, follow, max-snippet:-1, max-image-preview:large, max-video-preview:-1\" \/>\n<link rel=\"canonical\" href=\"https:\/\/www.sfsic.org\/en\/evenement\/7365\/\" \/>\n<meta property=\"og:locale\" content=\"en_US\" \/>\n<meta property=\"og:type\" content=\"article\" \/>\n<meta property=\"og:title\" content=\"Influenceurs et influenceuses sant\u00e9\" \/>\n<meta property=\"og:description\" content=\"La\u00a0journ\u00e9e d&#039;\u00e9tudes &quot;Influenceurs\/Influenceuses sant\u00e9 ? Les voix du corps sur les r\u00e9seaux sociaux&quot; se tiendra en ligne le 9 novembre 2020 de 9h30 \u00e0 17h.\" \/>\n<meta property=\"og:url\" content=\"https:\/\/www.sfsic.org\/en\/evenement\/7365\/\" \/>\n<meta property=\"og:site_name\" content=\"SFSIC\" \/>\n<meta property=\"article:published_time\" content=\"2020-10-23T15:27:08+00:00\" \/>\n<meta property=\"article:modified_time\" content=\"2020-10-30T09:28:12+00:00\" \/>\n<meta property=\"og:image\" content=\"https:\/\/www.sfsic.org\/wp-inside\/uploads\/2020\/10\/capture-decran-2020-10-23-a-17.16.10-212x300.jpg\" \/>\n<meta name=\"author\" content=\"Fabien Bonnet\" \/>\n<meta name=\"twitter:card\" content=\"summary_large_image\" \/>\n<script type=\"application\/ld+json\" class=\"yoast-schema-graph\">{\"@context\":\"https:\\\/\\\/schema.org\",\"@graph\":[{\"@type\":\"Article\",\"@id\":\"https:\\\/\\\/www.sfsic.org\\\/en\\\/evenement\\\/7365\\\/#article\",\"isPartOf\":{\"@id\":\"https:\\\/\\\/www.sfsic.org\\\/en\\\/evenement\\\/7365\\\/\"},\"author\":{\"name\":\"Fabien Bonnet\",\"@id\":\"https:\\\/\\\/www.sfsic.org\\\/en\\\/#\\\/schema\\\/person\\\/9f83573bda33f40c68c7c826e9567df6\"},\"headline\":\"Influenceurs et influenceuses sant\u00e9\",\"datePublished\":\"2020-10-23T15:27:08+00:00\",\"dateModified\":\"2020-10-30T09:28:12+00:00\",\"mainEntityOfPage\":{\"@id\":\"https:\\\/\\\/www.sfsic.org\\\/en\\\/evenement\\\/7365\\\/\"},\"wordCount\":367,\"publisher\":{\"@id\":\"https:\\\/\\\/www.sfsic.org\\\/en\\\/#organization\"},\"image\":{\"@id\":\"https:\\\/\\\/www.sfsic.org\\\/en\\\/evenement\\\/7365\\\/#primaryimage\"},\"thumbnailUrl\":\"https:\\\/\\\/www.sfsic.org\\\/wp-inside\\\/uploads\\\/2020\\\/10\\\/capture-decran-2020-10-23-a-17.16.10-212x300.jpg\",\"keywords\":[\"R\u00e9seaux sociaux num\u00e9riques\",\"Sant\u00e9\"],\"articleSection\":[\"\u00c9v\u00e9nements\",\"Journ\u00e9e d\u2019\u00e9tude\"],\"inLanguage\":\"en-US\"},{\"@type\":\"WebPage\",\"@id\":\"https:\\\/\\\/www.sfsic.org\\\/en\\\/evenement\\\/7365\\\/\",\"url\":\"https:\\\/\\\/www.sfsic.org\\\/en\\\/evenement\\\/7365\\\/\",\"name\":\"Influenceurs et influenceuses sant\u00e9\",\"isPartOf\":{\"@id\":\"https:\\\/\\\/www.sfsic.org\\\/en\\\/#website\"},\"primaryImageOfPage\":{\"@id\":\"https:\\\/\\\/www.sfsic.org\\\/en\\\/evenement\\\/7365\\\/#primaryimage\"},\"image\":{\"@id\":\"https:\\\/\\\/www.sfsic.org\\\/en\\\/evenement\\\/7365\\\/#primaryimage\"},\"thumbnailUrl\":\"https:\\\/\\\/www.sfsic.org\\\/wp-inside\\\/uploads\\\/2020\\\/10\\\/capture-decran-2020-10-23-a-17.16.10-212x300.jpg\",\"datePublished\":\"2020-10-23T15:27:08+00:00\",\"dateModified\":\"2020-10-30T09:28:12+00:00\",\"description\":\"La\u00a0journ\u00e9e d'\u00e9tudes \\\"Influenceurs\\\/Influenceuses sant\u00e9 ? Les voix du corps sur les r\u00e9seaux sociaux\\\" se tiendra en ligne le 9 novembre 2020 de 9h30 \u00e0 17h.\",\"breadcrumb\":{\"@id\":\"https:\\\/\\\/www.sfsic.org\\\/en\\\/evenement\\\/7365\\\/#breadcrumb\"},\"inLanguage\":\"en-US\",\"potentialAction\":[{\"@type\":\"ReadAction\",\"target\":[\"https:\\\/\\\/www.sfsic.org\\\/en\\\/evenement\\\/7365\\\/\"]}]},{\"@type\":\"ImageObject\",\"inLanguage\":\"en-US\",\"@id\":\"https:\\\/\\\/www.sfsic.org\\\/en\\\/evenement\\\/7365\\\/#primaryimage\",\"url\":\"https:\\\/\\\/www.sfsic.org\\\/wp-inside\\\/uploads\\\/2020\\\/10\\\/capture-decran-2020-10-23-a-17.16.10-212x300.jpg\",\"contentUrl\":\"https:\\\/\\\/www.sfsic.org\\\/wp-inside\\\/uploads\\\/2020\\\/10\\\/capture-decran-2020-10-23-a-17.16.10-212x300.jpg\"},{\"@type\":\"BreadcrumbList\",\"@id\":\"https:\\\/\\\/www.sfsic.org\\\/en\\\/evenement\\\/7365\\\/#breadcrumb\",\"itemListElement\":[{\"@type\":\"ListItem\",\"position\":1,\"name\":\"Accueil\",\"item\":\"https:\\\/\\\/www.sfsic.org\\\/en\\\/\"},{\"@type\":\"ListItem\",\"position\":2,\"name\":\"Events\",\"item\":\"https:\\\/\\\/www.sfsic.org\\\/en\\\/events\\\/\"},{\"@type\":\"ListItem\",\"position\":3,\"name\":\"Study Day\",\"item\":\"https:\\\/\\\/www.sfsic.org\\\/en\\\/events\\\/study-day-2\\\/\"},{\"@type\":\"ListItem\",\"position\":4,\"name\":\"Influenceurs et influenceuses sant\u00e9\"}]},{\"@type\":\"WebSite\",\"@id\":\"https:\\\/\\\/www.sfsic.org\\\/en\\\/#website\",\"url\":\"https:\\\/\\\/www.sfsic.org\\\/en\\\/\",\"name\":\"SFSIC\",\"description\":\"Soci\u00e9t\u00e9 Fran\u00e7aise des Sciences de l&#039;Information &amp; de la Communication\",\"publisher\":{\"@id\":\"https:\\\/\\\/www.sfsic.org\\\/en\\\/#organization\"},\"potentialAction\":[{\"@type\":\"SearchAction\",\"target\":{\"@type\":\"EntryPoint\",\"urlTemplate\":\"https:\\\/\\\/www.sfsic.org\\\/en\\\/?s={search_term_string}\"},\"query-input\":{\"@type\":\"PropertyValueSpecification\",\"valueRequired\":true,\"valueName\":\"search_term_string\"}}],\"inLanguage\":\"en-US\"},{\"@type\":\"Organization\",\"@id\":\"https:\\\/\\\/www.sfsic.org\\\/en\\\/#organization\",\"name\":\"SFSIC\",\"url\":\"https:\\\/\\\/www.sfsic.org\\\/en\\\/\",\"logo\":{\"@type\":\"ImageObject\",\"inLanguage\":\"en-US\",\"@id\":\"https:\\\/\\\/www.sfsic.org\\\/en\\\/#\\\/schema\\\/logo\\\/image\\\/\",\"url\":\"https:\\\/\\\/www.sfsic.org\\\/wp-inside\\\/uploads\\\/2020\\\/05\\\/logo-sfsic.jpg\",\"contentUrl\":\"https:\\\/\\\/www.sfsic.org\\\/wp-inside\\\/uploads\\\/2020\\\/05\\\/logo-sfsic.jpg\",\"width\":1085,\"height\":1080,\"caption\":\"SFSIC\"},\"image\":{\"@id\":\"https:\\\/\\\/www.sfsic.org\\\/en\\\/#\\\/schema\\\/logo\\\/image\\\/\"}},{\"@type\":\"Person\",\"@id\":\"https:\\\/\\\/www.sfsic.org\\\/en\\\/#\\\/schema\\\/person\\\/9f83573bda33f40c68c7c826e9567df6\",\"name\":\"Fabien Bonnet\",\"image\":{\"@type\":\"ImageObject\",\"inLanguage\":\"en-US\",\"@id\":\"https:\\\/\\\/secure.gravatar.com\\\/avatar\\\/88a9288fc13369cb9e30359afa340f8adace82098c18ff09415c6dacd710ddc4?s=96&d=mm&r=g\",\"url\":\"https:\\\/\\\/secure.gravatar.com\\\/avatar\\\/88a9288fc13369cb9e30359afa340f8adace82098c18ff09415c6dacd710ddc4?s=96&d=mm&r=g\",\"contentUrl\":\"https:\\\/\\\/secure.gravatar.com\\\/avatar\\\/88a9288fc13369cb9e30359afa340f8adace82098c18ff09415c6dacd710ddc4?s=96&d=mm&r=g\",\"caption\":\"Fabien Bonnet\"}}]}<\/script>\n<!-- \/ Yoast SEO plugin. -->","yoast_head_json":{"title":"Influenceurs et influenceuses sant\u00e9","description":"La\u00a0journ\u00e9e d'\u00e9tudes \"Influenceurs\/Influenceuses sant\u00e9 ? Les voix du corps sur les r\u00e9seaux sociaux\" se tiendra en ligne le 9 novembre 2020 de 9h30 \u00e0 17h.","robots":{"index":"index","follow":"follow","max-snippet":"max-snippet:-1","max-image-preview":"max-image-preview:large","max-video-preview":"max-video-preview:-1"},"canonical":"https:\/\/www.sfsic.org\/en\/evenement\/7365\/","og_locale":"en_US","og_type":"article","og_title":"Influenceurs et influenceuses sant\u00e9","og_description":"La\u00a0journ\u00e9e d'\u00e9tudes \"Influenceurs\/Influenceuses sant\u00e9 ? Les voix du corps sur les r\u00e9seaux sociaux\" se tiendra en ligne le 9 novembre 2020 de 9h30 \u00e0 17h.","og_url":"https:\/\/www.sfsic.org\/en\/evenement\/7365\/","og_site_name":"SFSIC","article_published_time":"2020-10-23T15:27:08+00:00","article_modified_time":"2020-10-30T09:28:12+00:00","og_image":[{"url":"https:\/\/www.sfsic.org\/wp-inside\/uploads\/2020\/10\/capture-decran-2020-10-23-a-17.16.10-212x300.jpg","type":"","width":"","height":""}],"author":"Fabien Bonnet","twitter_card":"summary_large_image","schema":{"@context":"https:\/\/schema.org","@graph":[{"@type":"Article","@id":"https:\/\/www.sfsic.org\/en\/evenement\/7365\/#article","isPartOf":{"@id":"https:\/\/www.sfsic.org\/en\/evenement\/7365\/"},"author":{"name":"Fabien Bonnet","@id":"https:\/\/www.sfsic.org\/en\/#\/schema\/person\/9f83573bda33f40c68c7c826e9567df6"},"headline":"Influenceurs et influenceuses sant\u00e9","datePublished":"2020-10-23T15:27:08+00:00","dateModified":"2020-10-30T09:28:12+00:00","mainEntityOfPage":{"@id":"https:\/\/www.sfsic.org\/en\/evenement\/7365\/"},"wordCount":367,"publisher":{"@id":"https:\/\/www.sfsic.org\/en\/#organization"},"image":{"@id":"https:\/\/www.sfsic.org\/en\/evenement\/7365\/#primaryimage"},"thumbnailUrl":"https:\/\/www.sfsic.org\/wp-inside\/uploads\/2020\/10\/capture-decran-2020-10-23-a-17.16.10-212x300.jpg","keywords":["R\u00e9seaux sociaux num\u00e9riques","Sant\u00e9"],"articleSection":["\u00c9v\u00e9nements","Journ\u00e9e d\u2019\u00e9tude"],"inLanguage":"en-US"},{"@type":"WebPage","@id":"https:\/\/www.sfsic.org\/en\/evenement\/7365\/","url":"https:\/\/www.sfsic.org\/en\/evenement\/7365\/","name":"Influenceurs et influenceuses sant\u00e9","isPartOf":{"@id":"https:\/\/www.sfsic.org\/en\/#website"},"primaryImageOfPage":{"@id":"https:\/\/www.sfsic.org\/en\/evenement\/7365\/#primaryimage"},"image":{"@id":"https:\/\/www.sfsic.org\/en\/evenement\/7365\/#primaryimage"},"thumbnailUrl":"https:\/\/www.sfsic.org\/wp-inside\/uploads\/2020\/10\/capture-decran-2020-10-23-a-17.16.10-212x300.jpg","datePublished":"2020-10-23T15:27:08+00:00","dateModified":"2020-10-30T09:28:12+00:00","description":"La\u00a0journ\u00e9e d'\u00e9tudes \"Influenceurs\/Influenceuses sant\u00e9 ? Les voix du corps sur les r\u00e9seaux sociaux\" se tiendra en ligne le 9 novembre 2020 de 9h30 \u00e0 17h.","breadcrumb":{"@id":"https:\/\/www.sfsic.org\/en\/evenement\/7365\/#breadcrumb"},"inLanguage":"en-US","potentialAction":[{"@type":"ReadAction","target":["https:\/\/www.sfsic.org\/en\/evenement\/7365\/"]}]},{"@type":"ImageObject","inLanguage":"en-US","@id":"https:\/\/www.sfsic.org\/en\/evenement\/7365\/#primaryimage","url":"https:\/\/www.sfsic.org\/wp-inside\/uploads\/2020\/10\/capture-decran-2020-10-23-a-17.16.10-212x300.jpg","contentUrl":"https:\/\/www.sfsic.org\/wp-inside\/uploads\/2020\/10\/capture-decran-2020-10-23-a-17.16.10-212x300.jpg"},{"@type":"BreadcrumbList","@id":"https:\/\/www.sfsic.org\/en\/evenement\/7365\/#breadcrumb","itemListElement":[{"@type":"ListItem","position":1,"name":"Accueil","item":"https:\/\/www.sfsic.org\/en\/"},{"@type":"ListItem","position":2,"name":"Events","item":"https:\/\/www.sfsic.org\/en\/events\/"},{"@type":"ListItem","position":3,"name":"Study Day","item":"https:\/\/www.sfsic.org\/en\/events\/study-day-2\/"},{"@type":"ListItem","position":4,"name":"Influenceurs et influenceuses sant\u00e9"}]},{"@type":"WebSite","@id":"https:\/\/www.sfsic.org\/en\/#website","url":"https:\/\/www.sfsic.org\/en\/","name":"SFSIC","description":"Soci\u00e9t\u00e9 Fran\u00e7aise des Sciences de l&#039;Information &amp; de la Communication","publisher":{"@id":"https:\/\/www.sfsic.org\/en\/#organization"},"potentialAction":[{"@type":"SearchAction","target":{"@type":"EntryPoint","urlTemplate":"https:\/\/www.sfsic.org\/en\/?s={search_term_string}"},"query-input":{"@type":"PropertyValueSpecification","valueRequired":true,"valueName":"search_term_string"}}],"inLanguage":"en-US"},{"@type":"Organization","@id":"https:\/\/www.sfsic.org\/en\/#organization","name":"SFSIC","url":"https:\/\/www.sfsic.org\/en\/","logo":{"@type":"ImageObject","inLanguage":"en-US","@id":"https:\/\/www.sfsic.org\/en\/#\/schema\/logo\/image\/","url":"https:\/\/www.sfsic.org\/wp-inside\/uploads\/2020\/05\/logo-sfsic.jpg","contentUrl":"https:\/\/www.sfsic.org\/wp-inside\/uploads\/2020\/05\/logo-sfsic.jpg","width":1085,"height":1080,"caption":"SFSIC"},"image":{"@id":"https:\/\/www.sfsic.org\/en\/#\/schema\/logo\/image\/"}},{"@type":"Person","@id":"https:\/\/www.sfsic.org\/en\/#\/schema\/person\/9f83573bda33f40c68c7c826e9567df6","name":"Fabien Bonnet","image":{"@type":"ImageObject","inLanguage":"en-US","@id":"https:\/\/secure.gravatar.com\/avatar\/88a9288fc13369cb9e30359afa340f8adace82098c18ff09415c6dacd710ddc4?s=96&d=mm&r=g","url":"https:\/\/secure.gravatar.com\/avatar\/88a9288fc13369cb9e30359afa340f8adace82098c18ff09415c6dacd710ddc4?s=96&d=mm&r=g","contentUrl":"https:\/\/secure.gravatar.com\/avatar\/88a9288fc13369cb9e30359afa340f8adace82098c18ff09415c6dacd710ddc4?s=96&d=mm&r=g","caption":"Fabien Bonnet"}}]}},"_links":{"self":[{"href":"https:\/\/www.sfsic.org\/en\/wp-json\/wp\/v2\/posts\/7365","targetHints":{"allow":["GET"]}}],"collection":[{"href":"https:\/\/www.sfsic.org\/en\/wp-json\/wp\/v2\/posts"}],"about":[{"href":"https:\/\/www.sfsic.org\/en\/wp-json\/wp\/v2\/types\/post"}],"author":[{"embeddable":true,"href":"https:\/\/www.sfsic.org\/en\/wp-json\/wp\/v2\/users\/957"}],"replies":[{"embeddable":true,"href":"https:\/\/www.sfsic.org\/en\/wp-json\/wp\/v2\/comments?post=7365"}],"version-history":[{"count":5,"href":"https:\/\/www.sfsic.org\/en\/wp-json\/wp\/v2\/posts\/7365\/revisions"}],"predecessor-version":[{"id":7389,"href":"https:\/\/www.sfsic.org\/en\/wp-json\/wp\/v2\/posts\/7365\/revisions\/7389"}],"wp:attachment":[{"href":"https:\/\/www.sfsic.org\/en\/wp-json\/wp\/v2\/media?parent=7365"}],"wp:term":[{"taxonomy":"category","embeddable":true,"href":"https:\/\/www.sfsic.org\/en\/wp-json\/wp\/v2\/categories?post=7365"},{"taxonomy":"post_tag","embeddable":true,"href":"https:\/\/www.sfsic.org\/en\/wp-json\/wp\/v2\/tags?post=7365"},{"taxonomy":"thematique","embeddable":true,"href":"https:\/\/www.sfsic.org\/en\/wp-json\/wp\/v2\/thematique?post=7365"},{"taxonomy":"sfsic","embeddable":true,"href":"https:\/\/www.sfsic.org\/en\/wp-json\/wp\/v2\/sfsic?post=7365"}],"curies":[{"name":"wp","href":"https:\/\/api.w.org\/{rel}","templated":true}]}}