{"id":7340,"date":"2020-10-21T17:05:41","date_gmt":"2020-10-21T15:05:41","guid":{"rendered":"https:\/\/www.sfsic.org\/?p=7340"},"modified":"2020-10-21T17:06:09","modified_gmt":"2020-10-21T15:06:09","slug":"les-savoirs-experientiels-en-sante-fondements-epistemologiques-et-enjeux-identitaires","status":"publish","type":"post","link":"https:\/\/www.sfsic.org\/en\/publication\/les-savoirs-experientiels-en-sante-fondements-epistemologiques-et-enjeux-identitaires\/","title":{"rendered":"Les savoirs exp\u00e9rientiels en sant\u00e9. Fondements \u00e9pist\u00e9mologiques et enjeux identitaires"},"content":{"rendered":"<p><!-- fxzn:singledetail --><\/p>\n<div class=\"zone zn-singledetail\" id=\"fxzn-singledetail-1\">\n<div class=\"zone-block zn-singledetail-block alignwide va-top\">\n<div class=\"row\">\n<div class=\"columns large-8 large-push-4\">\n<div class=\"zn-singledetail-metabox\">\n<div class=\"zn-singledetail-pubdate pubdate\">\n\t\t\t\t\t<span class=\"pubdate-txt\">Mis en ligne le<\/span><span class=\"doubledot\"><\/span> <time class=\"pubdate-time\" pubdate datetime=\"2020-10-21T17:05:41+02:00\">21 octobre 2020<\/time>\t\t\t\t<\/div>\n<div class=\"zn-singledetail-thematiques with-sep-comma\">\n<ul class=\"termslist termslist-thematique\">\n<li class=\"termslist-item termslist-title\"><span class=\"termslist-titletxt\">Th\u00e9matiques<\/span><span class=\"doubledot\"><\/span><\/li>\n<li class=\"termslist-item tax-thematique term-communication-organisations\"><a class=\"termslist-itemlink\" href=\"https:\/\/www.sfsic.org\/thematiques\/communication-organisations\/\" title=\"Communication et organisations\"><span class=\"termslist-itemname\">Communication et organisations<\/span><\/a><\/li>\n<li class=\"termslist-item tax-thematique term-mediation-des-savoirs-education-formation\"><a class=\"termslist-itemlink\" href=\"https:\/\/www.sfsic.org\/thematiques\/mediation-des-savoirs-education-formation\/\" title=\"M\u00e9diation des savoirs, \u00e9ducation et formation\"><span class=\"termslist-itemname\">M\u00e9diation des savoirs, \u00e9ducation et formation<\/span><\/a><\/li>\n<li class=\"termslist-item tax-thematique term-numerique-strategies-dispositifs-usages\"><a class=\"termslist-itemlink\" href=\"https:\/\/www.sfsic.org\/thematiques\/numerique-strategies-dispositifs-usages\/\" title=\"Num\u00e9rique : strat\u00e9gies, dispositifs et usages\"><span class=\"termslist-itemname\">Num\u00e9rique : strat\u00e9gies, dispositifs et usages<\/span><\/a><\/li>\n<\/ul><\/div>\n<\/p><\/div>\n<\/p><\/div>\n<\/p><\/div>\n<div class=\"row\">\n<div class=\"columns large-4\">\n<div class=\"zn-singledetail-sidebar bg-cornersquares\">\n<div class=\"zn-singledetail-infos\">\n<p class=\"zn-singledetail-type\">\n\t\t\t\t\t\t\t<span>Type de publication<\/span><span class=\"doubledot\"><\/span> <strong>Ouvrage collectif<\/strong>\n\t\t\t\t\t<\/p>\n<p class=\"zn-singledetail-edition\">\n\t\t\t\t\t\t\t<span>\u00c9dition<\/span><span class=\"doubledot\"><\/span> <strong>Presses universitaires de Nancy &#8211; Editions Universitaires de Lorraine<\/strong>\n\t\t\t\t\t<\/p>\n<\/p><\/div>\n<div class=\"zn-singledetail-coordinators\">\n<h3 class=\"zn-singledetail-section-title\">Coordinateur(s) \/ Auteur(s)<\/h3>\n<ul class=\"zn-singledetail-coordinators-list\">\n<li class=\"zn-singledetail-coordinators-item\">\n\t\t\t\t\t\t\t<span>Emmanuelle<\/span> <span>Simon<\/span>\t\t\t\t\t\t\t\t\t\t\t\t\t<\/li>\n<li class=\"zn-singledetail-coordinators-item\">\n\t\t\t\t\t\t\t<span>Sophie<\/span> <span>Arborio<\/span>\t\t\t\t\t\t\t\t\t\t\t\t\t<\/li>\n<li class=\"zn-singledetail-coordinators-item\">\n\t\t\t\t\t\t\t<span>Arnaud<\/span> <span>Halloy<\/span>\t\t\t\t\t\t\t\t\t\t\t\t\t<\/li>\n<li class=\"zn-singledetail-coordinators-item\">\n\t\t\t\t\t\t\t<span>Fabienne<\/span> <span>Hejoaka <\/span>\t\t\t\t\t\t\t\t\t\t\t\t\t<\/li>\n<\/ul><\/div>\n<div class=\"zn-singledetail-contacts\">\n<h3 class=\"zn-singledetail-section-title\">Contacts<\/h3>\n<ul class=\"zn-singledetail-contacts-list\">\n<li class=\"zn-singledetail-contact\">\n\t\t\t\t\t\t\t<span class=\"zn-singledetail-contact-name\">test<\/span><span class=\"doubledot\"><\/span><br \/>\n\t\t\t\t\t\t\t\t\t\t\t\t\t\t<a class=\"zn-singledetail-contact-mail prettylink\" href=\"mailto:test@test.com\">test@test.com<\/a>\n\t\t\t\t\t\t\t\t\t\t\t\t\t<\/li>\n<\/ul><\/div>\n<div class=\"zn-singledetail-weblinks\">\n<h3 class=\"zn-singledetail-section-title\">Sites internet de r\u00e9f\u00e9rence<\/h3>\n<ul class=\"zn-singledetail-weblinks-list\">\n<li>\n\t\t\t\t\t\t\t<a class=\"prettylink chainlink\" href=\"https:\/\/www.lcdpu.fr\/livre\/?GCOI=27000100926480&#038;fa=description\" title=\"Commander l'ouvrage\" target=\"_blank\" rel=\"noopener noreferrer\">Commander l&#8217;ouvrage<\/a>\n\t\t\t\t\t\t<\/li>\n<\/ul><\/div>\n<\/p><\/div>\n<\/p><\/div>\n<div class=\"columns large-8\">\n<div class=\"zn-singledetail-contentbox\">\n<div class=\"zn-singledetail-annonce wig-content\">\n<p><img decoding=\"async\" loading=\"lazy\" class=\"size-medium wp-image-7341 aligncenter\" src=\"https:\/\/www.sfsic.org\/wp-inside\/uploads\/2020\/10\/couverture-savoirs-experiential-sante-2020-200x300.jpg\" alt=\"Couverture Savoirs exp\u00e9rientiels Sant\u00e9 2020\" width=\"200\" height=\"300\" srcset=\"https:\/\/www.sfsic.org\/wp-inside\/uploads\/2020\/10\/couverture-savoirs-experiential-sante-2020-200x300.jpg 200w, https:\/\/www.sfsic.org\/wp-inside\/uploads\/2020\/10\/couverture-savoirs-experiential-sante-2020-682x1024.jpg 682w, https:\/\/www.sfsic.org\/wp-inside\/uploads\/2020\/10\/couverture-savoirs-experiential-sante-2020-768x1152.jpg 768w, https:\/\/www.sfsic.org\/wp-inside\/uploads\/2020\/10\/couverture-savoirs-experiential-sante-2020-213x320.jpg 213w, https:\/\/www.sfsic.org\/wp-inside\/uploads\/2020\/10\/couverture-savoirs-experiential-sante-2020-180x269.jpg 180w, https:\/\/www.sfsic.org\/wp-inside\/uploads\/2020\/10\/couverture-savoirs-experiential-sante-2020-300x448.jpg 300w, https:\/\/www.sfsic.org\/wp-inside\/uploads\/2020\/10\/couverture-savoirs-experiential-sante-2020-780x1170.jpg 780w, https:\/\/www.sfsic.org\/wp-inside\/uploads\/2020\/10\/couverture-savoirs-experiential-sante-2020.jpg 907w\" sizes=\"auto, (max-width: 200px) 100vw, 200px\" \/><\/p>\n<p>L&rsquo;ouvrage \u00ab&#160;Les savoirs exp\u00e9rientiels en sant\u00e9. Fondements \u00e9pist\u00e9mologiques et enjeux identitaires&#160;\u00bb vient de paraitre sous la direction d\u2019Emmanuelle Simon, Sophie Arborio, Arnaud Halloy et Fabienne Hejoaka.<\/p>\n<p>Ces derni\u00e8res ann\u00e9es, les savoirs exp\u00e9rientiels ont suscit\u00e9 de nombreux travaux et manifestations scientifiques rassemblant aussi bien des chercheur\u00b7e\u00b7s, des patient\u00b7e\u00b7s, des associatif\u00b7ve\u00b7s que des acteur\u00b7rice\u00b7s sanitaires et politiques. Par des approches reposant sur des donn\u00e9es empiriques et une d\u00e9marche qualitative, voire ethnographique, cet ouvrage propose de saisir diff\u00e9rents moments et modalit\u00e9s de la fabrication collective des \u00ab&#160;savoirs d&rsquo;exp\u00e9rience&#160;\u00bb en sant\u00e9. Malgr\u00e9 une litt\u00e9rature maintenant abondante sur le sujet, peu d\u2019auteur\u00b7e\u00b7s traitent directement de ses dimensions m\u00e9thodologiques et \u00e9pist\u00e9mologiques.<\/p>\n<p>On ouvre ici la bo\u00eete noire des savoirs d\u2019exp\u00e9rience en pr\u00eatant une attention particuli\u00e8re aux modalit\u00e9s de leur \u00e9laboration, de leur validation et de leur reconnaissance par les diff\u00e9rents acteurs impliqu\u00e9s, sans n\u00e9gliger les contraintes propres \u00e0 chaque situation. Ancr\u00e9es dans des disciplines vari\u00e9es \u2013 anthropologie, sciences du langage, sciences de l\u2019\u00e9ducation et sciences de l\u2019information et de la communication \u2013, les contributions permettent de documenter les formes tangibles des savoirs exp\u00e9rientiels en s\u2019int\u00e9ressant aux points de vues subjectifs des acteur\u00b7rice\u00b7s et aux pratiques situ\u00e9es de connaissance.<\/p>\n<div title=\"Page 1\">\n<div>\n<div>\n<h2>Sommaire<\/h2>\n<p>Catherine Tourette-Turgis &#8211; Pr\u00e9face<\/p>\n<p>Fabienne Hejoaka, Arnaud Halloy, Emmanuelle Simon, Sophie Arborio &#8211; Introduction&#160;: La fabrique des savoirs exp\u00e9rientiels&#160;: g\u00e9n\u00e9alogie de la notion, jalons d\u00e9finitionnels et descriptions en situation<\/p>\n<p>Fabienne Hejoaka, Arnaud Halloy, Emmanuelle Simon &#8211; D\u00e9finir les savoirs exp\u00e9rientiels en sant\u00e9&#160;: une revue de la litt\u00e9rature en sciences humaines et sociales<\/p>\n<p>Sandrine Musso &#8211; Professionnaliser l&rsquo;\u00ab&#160;expertise profane&#160;\u00bb&#160;? Retour sur un programme exp\u00e9rimental de formation de \u00ab&#160;m\u00e9diateurs de sant\u00e9&#160;\u00bb entre 1999 et 2005 en France<\/p>\n<p>Nicole Biagioli &#8211; Le r\u00e9cit de situation complexe et authentique, la narration comme produit et production de savoirs d&rsquo;exp\u00e9rience dans la formation des internes de m\u00e9decine g\u00e9n\u00e9rale<\/p>\n<p>Agn\u00e8s Besson &#8211; Enjeux identitaires \u2013 mise en r\u00e9cit, mise en savoir du corps malade<\/p>\n<p>Maryvonne Charmillot &#8211; Les significations des m\u00e9taphores dans les r\u00e9cits d&rsquo;exp\u00e9rience de la maladie<\/p>\n<p>Val\u00e9rie Delavigne &#8211; Une analyse socioterminologique de forums de patients atteints de cancer&#160;: culture p\u00e9rim\u00e9dicale et expertise<\/p>\n<p>D\u00e9borah Kessler-Bilthauer &#8211; Des exp\u00e9riences v\u00e9cues et des savoirs exp\u00e9rientiels partag\u00e9s entre proches&#160;: une exploration du r\u00f4le des t\u00e9moignages dans la construction des parcours de soins en Lorraine rurale (France)<\/p>\n<p>Cl\u00e9mentine Hugol-Gential &#8211; Les informations autour de l\u2019alimentation cancer&#160;: la responsabilisation et l\u2019expertise au c\u0153ur des discours&#160;?<\/p>\n<p>Aur\u00e9lie Pourrez &#8211; Incertitude scientifique \u00e9prouv\u00e9e en canc\u00e9rologie. La le\u00e7on d\u2019une blogueuse<\/p>\n<p>Sophie Arborio &#8211; Le \u00ab&#160;savoir comment&#160;\u00bb&#160;: entre incertitudes et r\u00e9cits. \u00c9tude de cas dans le syndrome de West<\/p>\n<p>Nataly Botero, Isabelle de M\u00e9zerac &#8211; Accompagnement de fin de vie en n\u00e9onatologie&#160;: forums de discussion, reconnaissance de la parentalit\u00e9 et savoirs d\u2019exp\u00e9rience<\/p>\n<\/div>\n<\/div>\n<\/div><\/div>\n<div class=\"zn-singledetail-keywords\">\n<h3 class=\"zn-singledetail-section-title\">Mots-cl\u00e9s<\/h3>\n<ul class=\"termslist termslist-post_tag\">\n<li class=\"termslist-item termslist-title\"><span class=\"termslist-titletxt\">Mots-cl\u00e9s<\/span><span class=\"doubledot\"><\/span><\/li>\n<li class=\"termslist-item tax-post_tag term-professionnalisation\"><a class=\"termslist-itemlink\" href=\"https:\/\/www.sfsic.org\/tag\/professionnalisation\/\" title=\"professionnalisation\"><span class=\"termslist-itemname\">professionnalisation<\/span><\/a><\/li>\n<li class=\"termslist-item tax-post_tag term-sante\"><a class=\"termslist-itemlink\" href=\"https:\/\/www.sfsic.org\/tag\/sante\/\" title=\"Sant\u00e9\"><span class=\"termslist-itemname\">Sant\u00e9<\/span><\/a><\/li>\n<\/ul><\/div>\n<\/p><\/div>\n<\/p><\/div>\n<\/p><\/div>\n<\/p><\/div>\n<\/div>\n<p><!-- \/fxzn:singledetail --><\/p>\n","protected":false},"excerpt":{"rendered":"<p>Mis en ligne le 21 octobre 2020 Th\u00e9matiques Communication et organisations M\u00e9diation des savoirs, \u00e9ducation et formation Num\u00e9rique : strat\u00e9gies, dispositifs et usages Type de publication Ouvrage collectif \u00c9dition Presses [&hellip;]<\/p>\n","protected":false},"author":957,"featured_media":0,"comment_status":"closed","ping_status":"closed","sticky":false,"template":"","format":"standard","meta":{"_acf_changed":false,"footnotes":""},"categories":[72,31],"tags":[121,98],"thematique":[37,43,39],"sfsic":[],"class_list":["post-7340","post","type-post","status-publish","format-standard","hentry","category-ouvrage-collectif","category-publication","tag-professionnalisation","tag-sante","thematique-communication-organisations","thematique-mediation-des-savoirs-education-et-formation","thematique-numerique-strategies-dispositifs-et-usages","wp-sticky"],"acf":[],"yoast_head":"<!-- This site is optimized with the Yoast SEO plugin v27.4 - https:\/\/yoast.com\/product\/yoast-seo-wordpress\/ -->\n<title>Les savoirs exp\u00e9rientiels en sant\u00e9. Fondements \u00e9pist\u00e9mologiques et enjeux identitaires<\/title>\n<meta name=\"description\" content=\"L&#039;ouvrage &quot;Les savoirs exp\u00e9rientiels en sant\u00e9. Fondements \u00e9pist\u00e9mologiques et enjeux identitaires&quot; vient de paraitre sous la direction d\u2019Emmanuelle Simon, Sophie Arborio, Arnaud Halloy et Fabienne Hejoaka.\" \/>\n<meta name=\"robots\" content=\"index, follow, max-snippet:-1, max-image-preview:large, max-video-preview:-1\" \/>\n<link rel=\"canonical\" href=\"https:\/\/www.sfsic.org\/en\/publication\/les-savoirs-experientiels-en-sante-fondements-epistemologiques-et-enjeux-identitaires\/\" \/>\n<meta property=\"og:locale\" content=\"en_US\" \/>\n<meta property=\"og:type\" content=\"article\" \/>\n<meta property=\"og:title\" content=\"Les savoirs exp\u00e9rientiels en sant\u00e9. Fondements \u00e9pist\u00e9mologiques et enjeux identitaires\" \/>\n<meta property=\"og:description\" content=\"L&#039;ouvrage &quot;Les savoirs exp\u00e9rientiels en sant\u00e9. Fondements \u00e9pist\u00e9mologiques et enjeux identitaires&quot; vient de paraitre sous la direction d\u2019Emmanuelle Simon, Sophie Arborio, Arnaud Halloy et Fabienne Hejoaka.\" \/>\n<meta property=\"og:url\" content=\"https:\/\/www.sfsic.org\/en\/publication\/les-savoirs-experientiels-en-sante-fondements-epistemologiques-et-enjeux-identitaires\/\" \/>\n<meta property=\"og:site_name\" content=\"SFSIC\" \/>\n<meta property=\"article:published_time\" content=\"2020-10-21T15:05:41+00:00\" \/>\n<meta property=\"article:modified_time\" content=\"2020-10-21T15:06:09+00:00\" \/>\n<meta property=\"og:image\" content=\"https:\/\/www.sfsic.org\/wp-inside\/uploads\/2020\/10\/couverture-savoirs-experiential-sante-2020-200x300.jpg\" \/>\n<meta name=\"author\" content=\"Fabien Bonnet\" \/>\n<meta name=\"twitter:card\" content=\"summary_large_image\" \/>\n<script type=\"application\/ld+json\" class=\"yoast-schema-graph\">{\"@context\":\"https:\\\/\\\/schema.org\",\"@graph\":[{\"@type\":\"Article\",\"@id\":\"https:\\\/\\\/www.sfsic.org\\\/en\\\/publication\\\/les-savoirs-experientiels-en-sante-fondements-epistemologiques-et-enjeux-identitaires\\\/#article\",\"isPartOf\":{\"@id\":\"https:\\\/\\\/www.sfsic.org\\\/en\\\/publication\\\/les-savoirs-experientiels-en-sante-fondements-epistemologiques-et-enjeux-identitaires\\\/\"},\"author\":{\"name\":\"Fabien Bonnet\",\"@id\":\"https:\\\/\\\/www.sfsic.org\\\/en\\\/#\\\/schema\\\/person\\\/9f83573bda33f40c68c7c826e9567df6\"},\"headline\":\"Les savoirs exp\u00e9rientiels en sant\u00e9. Fondements \u00e9pist\u00e9mologiques et enjeux identitaires\",\"datePublished\":\"2020-10-21T15:05:41+00:00\",\"dateModified\":\"2020-10-21T15:06:09+00:00\",\"mainEntityOfPage\":{\"@id\":\"https:\\\/\\\/www.sfsic.org\\\/en\\\/publication\\\/les-savoirs-experientiels-en-sante-fondements-epistemologiques-et-enjeux-identitaires\\\/\"},\"wordCount\":602,\"publisher\":{\"@id\":\"https:\\\/\\\/www.sfsic.org\\\/en\\\/#organization\"},\"image\":{\"@id\":\"https:\\\/\\\/www.sfsic.org\\\/en\\\/publication\\\/les-savoirs-experientiels-en-sante-fondements-epistemologiques-et-enjeux-identitaires\\\/#primaryimage\"},\"thumbnailUrl\":\"https:\\\/\\\/www.sfsic.org\\\/wp-inside\\\/uploads\\\/2020\\\/10\\\/couverture-savoirs-experiential-sante-2020-200x300.jpg\",\"keywords\":[\"Professionnalisation\",\"Sant\u00e9\"],\"articleSection\":[\"Ouvrage collectif\",\"Publications\"],\"inLanguage\":\"en-US\"},{\"@type\":\"WebPage\",\"@id\":\"https:\\\/\\\/www.sfsic.org\\\/en\\\/publication\\\/les-savoirs-experientiels-en-sante-fondements-epistemologiques-et-enjeux-identitaires\\\/\",\"url\":\"https:\\\/\\\/www.sfsic.org\\\/en\\\/publication\\\/les-savoirs-experientiels-en-sante-fondements-epistemologiques-et-enjeux-identitaires\\\/\",\"name\":\"Les savoirs exp\u00e9rientiels en sant\u00e9. Fondements \u00e9pist\u00e9mologiques et enjeux identitaires\",\"isPartOf\":{\"@id\":\"https:\\\/\\\/www.sfsic.org\\\/en\\\/#website\"},\"primaryImageOfPage\":{\"@id\":\"https:\\\/\\\/www.sfsic.org\\\/en\\\/publication\\\/les-savoirs-experientiels-en-sante-fondements-epistemologiques-et-enjeux-identitaires\\\/#primaryimage\"},\"image\":{\"@id\":\"https:\\\/\\\/www.sfsic.org\\\/en\\\/publication\\\/les-savoirs-experientiels-en-sante-fondements-epistemologiques-et-enjeux-identitaires\\\/#primaryimage\"},\"thumbnailUrl\":\"https:\\\/\\\/www.sfsic.org\\\/wp-inside\\\/uploads\\\/2020\\\/10\\\/couverture-savoirs-experiential-sante-2020-200x300.jpg\",\"datePublished\":\"2020-10-21T15:05:41+00:00\",\"dateModified\":\"2020-10-21T15:06:09+00:00\",\"description\":\"L'ouvrage \\\"Les savoirs exp\u00e9rientiels en sant\u00e9. Fondements \u00e9pist\u00e9mologiques et enjeux identitaires\\\" vient de paraitre sous la direction d\u2019Emmanuelle Simon, Sophie Arborio, Arnaud Halloy et Fabienne Hejoaka.\",\"breadcrumb\":{\"@id\":\"https:\\\/\\\/www.sfsic.org\\\/en\\\/publication\\\/les-savoirs-experientiels-en-sante-fondements-epistemologiques-et-enjeux-identitaires\\\/#breadcrumb\"},\"inLanguage\":\"en-US\",\"potentialAction\":[{\"@type\":\"ReadAction\",\"target\":[\"https:\\\/\\\/www.sfsic.org\\\/en\\\/publication\\\/les-savoirs-experientiels-en-sante-fondements-epistemologiques-et-enjeux-identitaires\\\/\"]}]},{\"@type\":\"ImageObject\",\"inLanguage\":\"en-US\",\"@id\":\"https:\\\/\\\/www.sfsic.org\\\/en\\\/publication\\\/les-savoirs-experientiels-en-sante-fondements-epistemologiques-et-enjeux-identitaires\\\/#primaryimage\",\"url\":\"https:\\\/\\\/www.sfsic.org\\\/wp-inside\\\/uploads\\\/2020\\\/10\\\/couverture-savoirs-experiential-sante-2020-200x300.jpg\",\"contentUrl\":\"https:\\\/\\\/www.sfsic.org\\\/wp-inside\\\/uploads\\\/2020\\\/10\\\/couverture-savoirs-experiential-sante-2020-200x300.jpg\"},{\"@type\":\"BreadcrumbList\",\"@id\":\"https:\\\/\\\/www.sfsic.org\\\/en\\\/publication\\\/les-savoirs-experientiels-en-sante-fondements-epistemologiques-et-enjeux-identitaires\\\/#breadcrumb\",\"itemListElement\":[{\"@type\":\"ListItem\",\"position\":1,\"name\":\"Accueil\",\"item\":\"https:\\\/\\\/www.sfsic.org\\\/en\\\/\"},{\"@type\":\"ListItem\",\"position\":2,\"name\":\"Publications\",\"item\":\"https:\\\/\\\/www.sfsic.org\\\/en\\\/publication-en\\\/\"},{\"@type\":\"ListItem\",\"position\":3,\"name\":\"Collective book\",\"item\":\"https:\\\/\\\/www.sfsic.org\\\/en\\\/publication-en\\\/collective-book\\\/\"},{\"@type\":\"ListItem\",\"position\":4,\"name\":\"Les savoirs exp\u00e9rientiels en sant\u00e9. Fondements \u00e9pist\u00e9mologiques et enjeux identitaires\"}]},{\"@type\":\"WebSite\",\"@id\":\"https:\\\/\\\/www.sfsic.org\\\/en\\\/#website\",\"url\":\"https:\\\/\\\/www.sfsic.org\\\/en\\\/\",\"name\":\"SFSIC\",\"description\":\"Soci\u00e9t\u00e9 Fran\u00e7aise des Sciences de l&#039;Information &amp; de la Communication\",\"publisher\":{\"@id\":\"https:\\\/\\\/www.sfsic.org\\\/en\\\/#organization\"},\"potentialAction\":[{\"@type\":\"SearchAction\",\"target\":{\"@type\":\"EntryPoint\",\"urlTemplate\":\"https:\\\/\\\/www.sfsic.org\\\/en\\\/?s={search_term_string}\"},\"query-input\":{\"@type\":\"PropertyValueSpecification\",\"valueRequired\":true,\"valueName\":\"search_term_string\"}}],\"inLanguage\":\"en-US\"},{\"@type\":\"Organization\",\"@id\":\"https:\\\/\\\/www.sfsic.org\\\/en\\\/#organization\",\"name\":\"SFSIC\",\"url\":\"https:\\\/\\\/www.sfsic.org\\\/en\\\/\",\"logo\":{\"@type\":\"ImageObject\",\"inLanguage\":\"en-US\",\"@id\":\"https:\\\/\\\/www.sfsic.org\\\/en\\\/#\\\/schema\\\/logo\\\/image\\\/\",\"url\":\"https:\\\/\\\/www.sfsic.org\\\/wp-inside\\\/uploads\\\/2020\\\/05\\\/logo-sfsic.jpg\",\"contentUrl\":\"https:\\\/\\\/www.sfsic.org\\\/wp-inside\\\/uploads\\\/2020\\\/05\\\/logo-sfsic.jpg\",\"width\":1085,\"height\":1080,\"caption\":\"SFSIC\"},\"image\":{\"@id\":\"https:\\\/\\\/www.sfsic.org\\\/en\\\/#\\\/schema\\\/logo\\\/image\\\/\"}},{\"@type\":\"Person\",\"@id\":\"https:\\\/\\\/www.sfsic.org\\\/en\\\/#\\\/schema\\\/person\\\/9f83573bda33f40c68c7c826e9567df6\",\"name\":\"Fabien Bonnet\",\"image\":{\"@type\":\"ImageObject\",\"inLanguage\":\"en-US\",\"@id\":\"https:\\\/\\\/secure.gravatar.com\\\/avatar\\\/88a9288fc13369cb9e30359afa340f8adace82098c18ff09415c6dacd710ddc4?s=96&d=mm&r=g\",\"url\":\"https:\\\/\\\/secure.gravatar.com\\\/avatar\\\/88a9288fc13369cb9e30359afa340f8adace82098c18ff09415c6dacd710ddc4?s=96&d=mm&r=g\",\"contentUrl\":\"https:\\\/\\\/secure.gravatar.com\\\/avatar\\\/88a9288fc13369cb9e30359afa340f8adace82098c18ff09415c6dacd710ddc4?s=96&d=mm&r=g\",\"caption\":\"Fabien Bonnet\"}}]}<\/script>\n<!-- \/ Yoast SEO plugin. -->","yoast_head_json":{"title":"Les savoirs exp\u00e9rientiels en sant\u00e9. Fondements \u00e9pist\u00e9mologiques et enjeux identitaires","description":"L'ouvrage \"Les savoirs exp\u00e9rientiels en sant\u00e9. Fondements \u00e9pist\u00e9mologiques et enjeux identitaires\" vient de paraitre sous la direction d\u2019Emmanuelle Simon, Sophie Arborio, Arnaud Halloy et Fabienne Hejoaka.","robots":{"index":"index","follow":"follow","max-snippet":"max-snippet:-1","max-image-preview":"max-image-preview:large","max-video-preview":"max-video-preview:-1"},"canonical":"https:\/\/www.sfsic.org\/en\/publication\/les-savoirs-experientiels-en-sante-fondements-epistemologiques-et-enjeux-identitaires\/","og_locale":"en_US","og_type":"article","og_title":"Les savoirs exp\u00e9rientiels en sant\u00e9. Fondements \u00e9pist\u00e9mologiques et enjeux identitaires","og_description":"L'ouvrage \"Les savoirs exp\u00e9rientiels en sant\u00e9. Fondements \u00e9pist\u00e9mologiques et enjeux identitaires\" vient de paraitre sous la direction d\u2019Emmanuelle Simon, Sophie Arborio, Arnaud Halloy et Fabienne Hejoaka.","og_url":"https:\/\/www.sfsic.org\/en\/publication\/les-savoirs-experientiels-en-sante-fondements-epistemologiques-et-enjeux-identitaires\/","og_site_name":"SFSIC","article_published_time":"2020-10-21T15:05:41+00:00","article_modified_time":"2020-10-21T15:06:09+00:00","og_image":[{"url":"https:\/\/www.sfsic.org\/wp-inside\/uploads\/2020\/10\/couverture-savoirs-experiential-sante-2020-200x300.jpg","type":"","width":"","height":""}],"author":"Fabien Bonnet","twitter_card":"summary_large_image","schema":{"@context":"https:\/\/schema.org","@graph":[{"@type":"Article","@id":"https:\/\/www.sfsic.org\/en\/publication\/les-savoirs-experientiels-en-sante-fondements-epistemologiques-et-enjeux-identitaires\/#article","isPartOf":{"@id":"https:\/\/www.sfsic.org\/en\/publication\/les-savoirs-experientiels-en-sante-fondements-epistemologiques-et-enjeux-identitaires\/"},"author":{"name":"Fabien Bonnet","@id":"https:\/\/www.sfsic.org\/en\/#\/schema\/person\/9f83573bda33f40c68c7c826e9567df6"},"headline":"Les savoirs exp\u00e9rientiels en sant\u00e9. Fondements \u00e9pist\u00e9mologiques et enjeux identitaires","datePublished":"2020-10-21T15:05:41+00:00","dateModified":"2020-10-21T15:06:09+00:00","mainEntityOfPage":{"@id":"https:\/\/www.sfsic.org\/en\/publication\/les-savoirs-experientiels-en-sante-fondements-epistemologiques-et-enjeux-identitaires\/"},"wordCount":602,"publisher":{"@id":"https:\/\/www.sfsic.org\/en\/#organization"},"image":{"@id":"https:\/\/www.sfsic.org\/en\/publication\/les-savoirs-experientiels-en-sante-fondements-epistemologiques-et-enjeux-identitaires\/#primaryimage"},"thumbnailUrl":"https:\/\/www.sfsic.org\/wp-inside\/uploads\/2020\/10\/couverture-savoirs-experiential-sante-2020-200x300.jpg","keywords":["Professionnalisation","Sant\u00e9"],"articleSection":["Ouvrage collectif","Publications"],"inLanguage":"en-US"},{"@type":"WebPage","@id":"https:\/\/www.sfsic.org\/en\/publication\/les-savoirs-experientiels-en-sante-fondements-epistemologiques-et-enjeux-identitaires\/","url":"https:\/\/www.sfsic.org\/en\/publication\/les-savoirs-experientiels-en-sante-fondements-epistemologiques-et-enjeux-identitaires\/","name":"Les savoirs exp\u00e9rientiels en sant\u00e9. Fondements \u00e9pist\u00e9mologiques et enjeux identitaires","isPartOf":{"@id":"https:\/\/www.sfsic.org\/en\/#website"},"primaryImageOfPage":{"@id":"https:\/\/www.sfsic.org\/en\/publication\/les-savoirs-experientiels-en-sante-fondements-epistemologiques-et-enjeux-identitaires\/#primaryimage"},"image":{"@id":"https:\/\/www.sfsic.org\/en\/publication\/les-savoirs-experientiels-en-sante-fondements-epistemologiques-et-enjeux-identitaires\/#primaryimage"},"thumbnailUrl":"https:\/\/www.sfsic.org\/wp-inside\/uploads\/2020\/10\/couverture-savoirs-experiential-sante-2020-200x300.jpg","datePublished":"2020-10-21T15:05:41+00:00","dateModified":"2020-10-21T15:06:09+00:00","description":"L'ouvrage \"Les savoirs exp\u00e9rientiels en sant\u00e9. Fondements \u00e9pist\u00e9mologiques et enjeux identitaires\" vient de paraitre sous la direction d\u2019Emmanuelle Simon, Sophie Arborio, Arnaud Halloy et Fabienne Hejoaka.","breadcrumb":{"@id":"https:\/\/www.sfsic.org\/en\/publication\/les-savoirs-experientiels-en-sante-fondements-epistemologiques-et-enjeux-identitaires\/#breadcrumb"},"inLanguage":"en-US","potentialAction":[{"@type":"ReadAction","target":["https:\/\/www.sfsic.org\/en\/publication\/les-savoirs-experientiels-en-sante-fondements-epistemologiques-et-enjeux-identitaires\/"]}]},{"@type":"ImageObject","inLanguage":"en-US","@id":"https:\/\/www.sfsic.org\/en\/publication\/les-savoirs-experientiels-en-sante-fondements-epistemologiques-et-enjeux-identitaires\/#primaryimage","url":"https:\/\/www.sfsic.org\/wp-inside\/uploads\/2020\/10\/couverture-savoirs-experiential-sante-2020-200x300.jpg","contentUrl":"https:\/\/www.sfsic.org\/wp-inside\/uploads\/2020\/10\/couverture-savoirs-experiential-sante-2020-200x300.jpg"},{"@type":"BreadcrumbList","@id":"https:\/\/www.sfsic.org\/en\/publication\/les-savoirs-experientiels-en-sante-fondements-epistemologiques-et-enjeux-identitaires\/#breadcrumb","itemListElement":[{"@type":"ListItem","position":1,"name":"Accueil","item":"https:\/\/www.sfsic.org\/en\/"},{"@type":"ListItem","position":2,"name":"Publications","item":"https:\/\/www.sfsic.org\/en\/publication-en\/"},{"@type":"ListItem","position":3,"name":"Collective book","item":"https:\/\/www.sfsic.org\/en\/publication-en\/collective-book\/"},{"@type":"ListItem","position":4,"name":"Les savoirs exp\u00e9rientiels en sant\u00e9. Fondements \u00e9pist\u00e9mologiques et enjeux identitaires"}]},{"@type":"WebSite","@id":"https:\/\/www.sfsic.org\/en\/#website","url":"https:\/\/www.sfsic.org\/en\/","name":"SFSIC","description":"Soci\u00e9t\u00e9 Fran\u00e7aise des Sciences de l&#039;Information &amp; de la Communication","publisher":{"@id":"https:\/\/www.sfsic.org\/en\/#organization"},"potentialAction":[{"@type":"SearchAction","target":{"@type":"EntryPoint","urlTemplate":"https:\/\/www.sfsic.org\/en\/?s={search_term_string}"},"query-input":{"@type":"PropertyValueSpecification","valueRequired":true,"valueName":"search_term_string"}}],"inLanguage":"en-US"},{"@type":"Organization","@id":"https:\/\/www.sfsic.org\/en\/#organization","name":"SFSIC","url":"https:\/\/www.sfsic.org\/en\/","logo":{"@type":"ImageObject","inLanguage":"en-US","@id":"https:\/\/www.sfsic.org\/en\/#\/schema\/logo\/image\/","url":"https:\/\/www.sfsic.org\/wp-inside\/uploads\/2020\/05\/logo-sfsic.jpg","contentUrl":"https:\/\/www.sfsic.org\/wp-inside\/uploads\/2020\/05\/logo-sfsic.jpg","width":1085,"height":1080,"caption":"SFSIC"},"image":{"@id":"https:\/\/www.sfsic.org\/en\/#\/schema\/logo\/image\/"}},{"@type":"Person","@id":"https:\/\/www.sfsic.org\/en\/#\/schema\/person\/9f83573bda33f40c68c7c826e9567df6","name":"Fabien Bonnet","image":{"@type":"ImageObject","inLanguage":"en-US","@id":"https:\/\/secure.gravatar.com\/avatar\/88a9288fc13369cb9e30359afa340f8adace82098c18ff09415c6dacd710ddc4?s=96&d=mm&r=g","url":"https:\/\/secure.gravatar.com\/avatar\/88a9288fc13369cb9e30359afa340f8adace82098c18ff09415c6dacd710ddc4?s=96&d=mm&r=g","contentUrl":"https:\/\/secure.gravatar.com\/avatar\/88a9288fc13369cb9e30359afa340f8adace82098c18ff09415c6dacd710ddc4?s=96&d=mm&r=g","caption":"Fabien Bonnet"}}]}},"_links":{"self":[{"href":"https:\/\/www.sfsic.org\/en\/wp-json\/wp\/v2\/posts\/7340","targetHints":{"allow":["GET"]}}],"collection":[{"href":"https:\/\/www.sfsic.org\/en\/wp-json\/wp\/v2\/posts"}],"about":[{"href":"https:\/\/www.sfsic.org\/en\/wp-json\/wp\/v2\/types\/post"}],"author":[{"embeddable":true,"href":"https:\/\/www.sfsic.org\/en\/wp-json\/wp\/v2\/users\/957"}],"replies":[{"embeddable":true,"href":"https:\/\/www.sfsic.org\/en\/wp-json\/wp\/v2\/comments?post=7340"}],"version-history":[{"count":2,"href":"https:\/\/www.sfsic.org\/en\/wp-json\/wp\/v2\/posts\/7340\/revisions"}],"predecessor-version":[{"id":7344,"href":"https:\/\/www.sfsic.org\/en\/wp-json\/wp\/v2\/posts\/7340\/revisions\/7344"}],"wp:attachment":[{"href":"https:\/\/www.sfsic.org\/en\/wp-json\/wp\/v2\/media?parent=7340"}],"wp:term":[{"taxonomy":"category","embeddable":true,"href":"https:\/\/www.sfsic.org\/en\/wp-json\/wp\/v2\/categories?post=7340"},{"taxonomy":"post_tag","embeddable":true,"href":"https:\/\/www.sfsic.org\/en\/wp-json\/wp\/v2\/tags?post=7340"},{"taxonomy":"thematique","embeddable":true,"href":"https:\/\/www.sfsic.org\/en\/wp-json\/wp\/v2\/thematique?post=7340"},{"taxonomy":"sfsic","embeddable":true,"href":"https:\/\/www.sfsic.org\/en\/wp-json\/wp\/v2\/sfsic?post=7340"}],"curies":[{"name":"wp","href":"https:\/\/api.w.org\/{rel}","templated":true}]}}