{"id":7318,"date":"2020-10-13T15:19:24","date_gmt":"2020-10-13T13:19:24","guid":{"rendered":"https:\/\/www.sfsic.org\/?p=7318"},"modified":"2020-10-13T15:19:25","modified_gmt":"2020-10-13T13:19:25","slug":"journees-du-numerique-en-enseignement-superieur","status":"publish","type":"post","link":"https:\/\/www.sfsic.org\/en\/evenement\/journees-du-numerique-en-enseignement-superieur\/","title":{"rendered":"Journ\u00e9es du num\u00e9rique en enseignement sup\u00e9rieur"},"content":{"rendered":"<p><!-- fxzn:singledetail --><\/p>\n<div class=\"zone zn-singledetail\" id=\"fxzn-singledetail-1\">\n<div class=\"zone-block zn-singledetail-block alignwide va-top\">\n<div class=\"row\">\n<div class=\"columns large-8 large-push-4\">\n<div class=\"zn-singledetail-metabox\">\n<div class=\"zn-singledetail-pubdate pubdate\">\n\t\t\t\t\t<span class=\"pubdate-txt\">Mis en ligne le<\/span><span class=\"doubledot\"><\/span> <time class=\"pubdate-time\" pubdate datetime=\"2020-10-13T15:11:24+02:00\">13 octobre 2020<\/time>\t\t\t\t<\/div>\n<div class=\"zn-singledetail-thematiques with-sep-comma\">\n<ul class=\"termslist termslist-thematique\">\n<li class=\"termslist-item termslist-title\"><span class=\"termslist-titletxt\">Th\u00e9matiques<\/span><span class=\"doubledot\"><\/span><\/li>\n<li class=\"termslist-item tax-thematique term-mediation-des-savoirs-education-formation\"><a class=\"termslist-itemlink\" href=\"https:\/\/www.sfsic.org\/thematiques\/mediation-des-savoirs-education-formation\/\" title=\"M\u00e9diation des savoirs, \u00e9ducation et formation\"><span class=\"termslist-itemname\">M\u00e9diation des savoirs, \u00e9ducation et formation<\/span><\/a><\/li>\n<\/ul><\/div>\n<\/p><\/div>\n<\/p><\/div>\n<\/p><\/div>\n<div class=\"row\">\n<div class=\"columns large-4\">\n<div class=\"zn-singledetail-sidebar bg-cornersquares\">\n<div class=\"zn-singledetail-infos\">\n<p class=\"zn-singledetail-type\">\n\t\t\t\t\t\t\t<span>Type d\u2019\u00e9v\u00e9nement<\/span><span class=\"doubledot\"><\/span> <strong>Colloque<\/strong>\n\t\t\t\t\t<\/p>\n<\/p><\/div>\n<div class=\"zn-singledetail-coordinators\">\n<h3 class=\"zn-singledetail-section-title\">Coordinateurs<\/h3>\n<ul class=\"zn-singledetail-coordinators-list\">\n<li class=\"zn-singledetail-coordinators-item\">\n\t\t\t\t\t\t\t<span>Serge<\/span> <span>G\u00e9rin-Lajoie<\/span>, <span>D\u00e9partement \u00c9ducation, Universit\u00e9 T\u00c9LUQ<\/span>\t\t\t\t\t\t\t\t\t\t\t\t\t\t, <a class=\"zn-singledetail-coordinators-mail prettylink\" href=\"mailto:serge.gerin-lajoie@teluq.ca teluq.ca\">serge.gerin-lajoie@teluq.ca teluq.ca<\/a>\n\t\t\t\t\t\t\t\t\t\t\t\t\t<\/li>\n<\/ul><\/div>\n<div class=\"zn-singledetail-contacts\">\n<h3 class=\"zn-singledetail-section-title\">Contacts<\/h3>\n<ul class=\"zn-singledetail-contacts-list\">\n<li class=\"zn-singledetail-contact\">\n\t\t\t\t\t\t\t<span class=\"zn-singledetail-contact-name\">Serge G\u00e9rin-Lajoie, Professeur, D\u00e9partement \u00c9ducation Universit\u00e9 T\u00c9LUQ<\/span><span class=\"doubledot\"><\/span><br \/>\n\t\t\t\t\t\t\t\t\t\t\t\t\t\t<a class=\"zn-singledetail-contact-mail prettylink\" href=\"mailto:serge.gerin-lajoie@teluq.ca\">serge.gerin-lajoie@teluq.ca<\/a>\n\t\t\t\t\t\t\t\t\t\t\t\t\t<\/li>\n<\/ul><\/div>\n<div class=\"zn-singledetail-weblinks\">\n<h3 class=\"zn-singledetail-section-title\">Sites internet de r\u00e9f\u00e9rence<\/h3>\n<ul class=\"zn-singledetail-weblinks-list\">\n<li>\n\t\t\t\t\t\t\t<a class=\"prettylink chainlink\" href=\"http:\/\/tropheesdunumerique.teluq.ca\" title=\"Pour en savoir plus\" target=\"_blank\" rel=\"noopener noreferrer\">Pour en savoir plus<\/a>\n\t\t\t\t\t\t<\/li>\n<\/ul><\/div>\n<\/p><\/div>\n<\/p><\/div>\n<div class=\"columns large-8\">\n<div class=\"zn-singledetail-contentbox\">\n<div class=\"zn-singledetail-eventinfo\">\n<div class=\"zn-singledetail-eventinfo-inner\">\n<div class=\"zn-singledetail-eventdates\">\n\t\t\t\t\t\t<span class=\"zn-singledetail-label\">Dates de l\u2019\u00e9v\u00e9nement<span class=\"doubledot\"><\/span><\/span><\/p>\n<ul class=\"zn-singledetail-eventdates-list\">\n<li class=\"zn-singledetail-eventdates-item\">\n\t\t\t\t\t\t\t\tDu <time class=\"event-start-time\" datetime=\"2020-11-02T00:00:00+00:00\">02\/11\/2020<\/time> au <time class=\"event-end-time\" datetime=\"2020-11-03T00:00:00+00:00\">03\/11\/2020<\/time>\t\t\t\t\t\t\t<\/li>\n<\/ul><\/div>\n<p class=\"zn-singledetail-eventplace\">\n\t\t\t\t\t\t<span class=\"zn-singledetail-label\">Lieu de l\u2019\u00e9v\u00e9nement<span class=\"doubledot\"><\/span><\/span><br \/>\n\t\t\t\t\t\t<span class=\"zn-singledetail-eventplace-adr\"><br \/>\n\t\t\t\t\t\t\t\t\t\t\t\t<span class=\"adr-name\">\u00c9v\u00e9nement 100&#160;% webdiffus\u00e9<\/span>,<\/p>\n<p>\t\t\t\t\t\t<span class=\"adr-street\">\u00e0 venir<\/span><br \/>\n\t\t\t\t\t\t<\/span>\t\t\t\t\t<\/p>\n<\/p><\/div>\n<\/p><\/div>\n<div class=\"zn-singledetail-annonce wig-content\">\n<div class=\"page\" title=\"Page 1\">\n<div class=\"layoutArea\">\n<div class=\"column\">\n<h2>Formation \u00e0 distance&#160;: le rendez-vous de l&rsquo;automne<\/h2>\n<p>Le contexte sanitaire de la COVID-19 a projet\u00e9 \u00e0 l&rsquo;avant-sc\u00e8ne la formation \u00e0 distance (FAD). Le monde de l&rsquo;enseignement au Qu\u00e9bec a relev\u00e9 le d\u00e9fi de la FAD, et continue de le faire au quotidien.<\/p>\n<p>Le colloque Num\u00e9rique 2020 | Journ\u00e9es du num\u00e9rique en enseignement sup\u00e9rieur des 2 et 3 novembre 2020 s&rsquo;av\u00e8rera l&rsquo;occasion de partager les exp\u00e9riences v\u00e9cues au cours des derniers mois \u00e0 travers le Qu\u00e9bec et d&rsquo;en apprendre davantage sur plusieurs aspects de la FAD. Plus de 60 conf\u00e9renciers du Qu\u00e9bec et de l&rsquo;international, chercheurs, enseignants, conseillers p\u00e9dagogiques, professeurs, charg\u00e9s de projets technop\u00e9dagogiques, gestionnaires, tuteurs et strat\u00e8ges num\u00e9riques y animeront des conf\u00e9rences, des tables rondes et des ateliers. Ils traiteront du num\u00e9rique en \u00e9ducation sous les angles des tendances \u00e9mergentes et de son int\u00e9gration dans les pratiques, de la formation \u00e0 distance, bien s\u00fbr, et de la transformation des \u00e9tablissements.<\/p>\n<p>De plus, le concours des Troph\u00e9es du num\u00e9rique se joindra au colloque. Cet \u00e9v\u00e9nement pr\u00e9sente la riche exp\u00e9rience des concepteurs et des gestionnaires des meilleurs projets utilisant le num\u00e9rique en \u00e9ducation. Pour en savoir plus&#160;:<\/p>\n<p><span style=\"font-size: inherit;\">Les deux \u00e9v\u00e9nements sont organis\u00e9s par l&rsquo;Universit\u00e9 T\u00c9LUQ, avec le soutien financier du minist\u00e8re de l&rsquo;Enseignement sup\u00e9rieur. Ils se d\u00e9roulent \u00e0 distance, en fran\u00e7ais et en anglais. L&rsquo;acc\u00e8s aux conf\u00e9rences est gratuit. Les places \u00e9tant limit\u00e9es, l&rsquo;inscription est obligatoire.<\/span><\/p>\n<p><span style=\"font-size: inherit;\">R\u00e9servez rapidement votre place \u00e0 un ou aux deux \u00e9v\u00e9nements&#160;: <\/span><a style=\"font-size: inherit;\" href=\"https:\/\/numerique2020.teluq.ca\/fr\/\">Num\u00e9rique 2020 | Journ\u00e9es du num\u00e9rique en enseignement sup\u00e9rieur Troph\u00e9es du num\u00e9rique<\/a><\/p>\n<\/div>\n<\/div>\n<\/div><\/div>\n<div class=\"zn-singledetail-attachedfiles\">\n<h3 class=\"zn-singledetail-section-title\">Fichier(s) attach\u00e9(s)<\/h3>\n<ul class=\"zn-singledetail-attachedfiles-list\">\n<li class=\"zn-singledetail-attachedfiles-item\">\n\t\t\t\t\t\t\t<a class=\"zn-singledetail-attachedfiles-link button outline for-download\" href=\"https:\/\/www.sfsic.org\/wp-inside\/uploads\/skp-membership\/demande_adh\/invitation-trophees-du-numerique-teluq-2020.pdf\" title=\"T\u00e9l\u00e9charger : \u00ab invitation-trophees-du-numerique-teluq-2020.pdf \u00bb\" target=\"_blank\" rel=\"noopener noreferrer\"><br \/>\n\t\t\t\t\t\t\t\t<span class=\"button-txt\">invitation-troph[&#8230;].pdf<\/span><br \/>\n\t\t\t\t\t\t\t<\/a>\n\t\t\t\t\t\t<\/li>\n<\/ul><\/div>\n<div class=\"zn-singledetail-keywords\">\n<h3 class=\"zn-singledetail-section-title\">Mots-cl\u00e9s<\/h3>\n<ul class=\"termslist termslist-post_tag\">\n<li class=\"termslist-item termslist-title\"><span class=\"termslist-titletxt\">Mots-cl\u00e9s<\/span><span class=\"doubledot\"><\/span><\/li>\n<li class=\"termslist-item tax-post_tag term-enseignement\"><a class=\"termslist-itemlink\" href=\"https:\/\/www.sfsic.org\/tag\/enseignement\/\" title=\"enseignement\"><span class=\"termslist-itemname\">enseignement<\/span><\/a><\/li>\n<li class=\"termslist-item tax-post_tag term-numerique\"><a class=\"termslist-itemlink\" href=\"https:\/\/www.sfsic.org\/tag\/numerique\/\" title=\"num\u00e9rique\"><span class=\"termslist-itemname\">num\u00e9rique<\/span><\/a><\/li>\n<\/ul><\/div>\n<\/p><\/div>\n<\/p><\/div>\n<\/p><\/div>\n<\/p><\/div>\n<\/div>\n<p><!-- \/fxzn:singledetail --><\/p>\n","protected":false},"excerpt":{"rendered":"<p>Mis en ligne le 13 octobre 2020 Th\u00e9matiques M\u00e9diation des savoirs, \u00e9ducation et formation Type d\u2019\u00e9v\u00e9nement Colloque Coordinateurs Serge G\u00e9rin-Lajoie, D\u00e9partement \u00c9ducation, Universit\u00e9 T\u00c9LUQ , serge.gerin-lajoie@teluq.ca teluq.ca Contacts Serge G\u00e9rin-Lajoie, [&hellip;]<\/p>\n","protected":false},"author":957,"featured_media":0,"comment_status":"closed","ping_status":"closed","sticky":false,"template":"","format":"standard","meta":{"_acf_changed":false,"footnotes":""},"categories":[67,30],"tags":[85,90],"thematique":[43],"sfsic":[],"class_list":["post-7318","post","type-post","status-publish","format-standard","hentry","category-colloque-2","category-evenement","tag-enseignement","tag-numerique","thematique-mediation-des-savoirs-education-et-formation","wp-sticky"],"acf":[],"yoast_head":"<!-- This site is optimized with the Yoast SEO plugin v27.4 - https:\/\/yoast.com\/product\/yoast-seo-wordpress\/ -->\n<title>Journ\u00e9es du num\u00e9rique en enseignement sup\u00e9rieur<\/title>\n<meta name=\"description\" content=\"L&#039;universit\u00e9 T\u00e9luq (Canada) vous invite \u00e0 participer \u00e0 ses Journ\u00e9es du num\u00e9rique en enseignement sup\u00e9rieur du 2 au 3 novembre 2020.\" \/>\n<meta name=\"robots\" content=\"index, follow, max-snippet:-1, max-image-preview:large, max-video-preview:-1\" \/>\n<link rel=\"canonical\" href=\"https:\/\/www.sfsic.org\/en\/evenement\/journees-du-numerique-en-enseignement-superieur\/\" \/>\n<meta property=\"og:locale\" content=\"en_US\" \/>\n<meta property=\"og:type\" content=\"article\" \/>\n<meta property=\"og:title\" content=\"Journ\u00e9es du num\u00e9rique en enseignement sup\u00e9rieur\" \/>\n<meta property=\"og:description\" content=\"L&#039;universit\u00e9 T\u00e9luq (Canada) vous invite \u00e0 participer \u00e0 ses Journ\u00e9es du num\u00e9rique en enseignement sup\u00e9rieur du 2 au 3 novembre 2020.\" \/>\n<meta property=\"og:url\" content=\"https:\/\/www.sfsic.org\/en\/evenement\/journees-du-numerique-en-enseignement-superieur\/\" \/>\n<meta property=\"og:site_name\" content=\"SFSIC\" \/>\n<meta property=\"article:published_time\" content=\"2020-10-13T13:19:24+00:00\" \/>\n<meta property=\"article:modified_time\" content=\"2020-10-13T13:19:25+00:00\" \/>\n<meta name=\"author\" content=\"Fabien Bonnet\" \/>\n<meta name=\"twitter:card\" content=\"summary_large_image\" \/>\n<script type=\"application\/ld+json\" class=\"yoast-schema-graph\">{\"@context\":\"https:\\\/\\\/schema.org\",\"@graph\":[{\"@type\":\"Article\",\"@id\":\"https:\\\/\\\/www.sfsic.org\\\/en\\\/evenement\\\/journees-du-numerique-en-enseignement-superieur\\\/#article\",\"isPartOf\":{\"@id\":\"https:\\\/\\\/www.sfsic.org\\\/en\\\/evenement\\\/journees-du-numerique-en-enseignement-superieur\\\/\"},\"author\":{\"name\":\"Fabien Bonnet\",\"@id\":\"https:\\\/\\\/www.sfsic.org\\\/en\\\/#\\\/schema\\\/person\\\/9f83573bda33f40c68c7c826e9567df6\"},\"headline\":\"Journ\u00e9es du num\u00e9rique en enseignement sup\u00e9rieur\",\"datePublished\":\"2020-10-13T13:19:24+00:00\",\"dateModified\":\"2020-10-13T13:19:25+00:00\",\"mainEntityOfPage\":{\"@id\":\"https:\\\/\\\/www.sfsic.org\\\/en\\\/evenement\\\/journees-du-numerique-en-enseignement-superieur\\\/\"},\"wordCount\":397,\"publisher\":{\"@id\":\"https:\\\/\\\/www.sfsic.org\\\/en\\\/#organization\"},\"keywords\":[\"Enseignement\",\"Num\u00e9rique\"],\"articleSection\":[\"Colloque\",\"\u00c9v\u00e9nements\"],\"inLanguage\":\"en-US\"},{\"@type\":\"WebPage\",\"@id\":\"https:\\\/\\\/www.sfsic.org\\\/en\\\/evenement\\\/journees-du-numerique-en-enseignement-superieur\\\/\",\"url\":\"https:\\\/\\\/www.sfsic.org\\\/en\\\/evenement\\\/journees-du-numerique-en-enseignement-superieur\\\/\",\"name\":\"Journ\u00e9es du num\u00e9rique en enseignement sup\u00e9rieur\",\"isPartOf\":{\"@id\":\"https:\\\/\\\/www.sfsic.org\\\/en\\\/#website\"},\"datePublished\":\"2020-10-13T13:19:24+00:00\",\"dateModified\":\"2020-10-13T13:19:25+00:00\",\"description\":\"L'universit\u00e9 T\u00e9luq (Canada) vous invite \u00e0 participer \u00e0 ses Journ\u00e9es du num\u00e9rique en enseignement sup\u00e9rieur du 2 au 3 novembre 2020.\",\"breadcrumb\":{\"@id\":\"https:\\\/\\\/www.sfsic.org\\\/en\\\/evenement\\\/journees-du-numerique-en-enseignement-superieur\\\/#breadcrumb\"},\"inLanguage\":\"en-US\",\"potentialAction\":[{\"@type\":\"ReadAction\",\"target\":[\"https:\\\/\\\/www.sfsic.org\\\/en\\\/evenement\\\/journees-du-numerique-en-enseignement-superieur\\\/\"]}]},{\"@type\":\"BreadcrumbList\",\"@id\":\"https:\\\/\\\/www.sfsic.org\\\/en\\\/evenement\\\/journees-du-numerique-en-enseignement-superieur\\\/#breadcrumb\",\"itemListElement\":[{\"@type\":\"ListItem\",\"position\":1,\"name\":\"Accueil\",\"item\":\"https:\\\/\\\/www.sfsic.org\\\/en\\\/\"},{\"@type\":\"ListItem\",\"position\":2,\"name\":\"Events\",\"item\":\"https:\\\/\\\/www.sfsic.org\\\/en\\\/events\\\/\"},{\"@type\":\"ListItem\",\"position\":3,\"name\":\"Conference\",\"item\":\"https:\\\/\\\/www.sfsic.org\\\/en\\\/events\\\/conference-en\\\/\"},{\"@type\":\"ListItem\",\"position\":4,\"name\":\"Journ\u00e9es du num\u00e9rique en enseignement sup\u00e9rieur\"}]},{\"@type\":\"WebSite\",\"@id\":\"https:\\\/\\\/www.sfsic.org\\\/en\\\/#website\",\"url\":\"https:\\\/\\\/www.sfsic.org\\\/en\\\/\",\"name\":\"SFSIC\",\"description\":\"Soci\u00e9t\u00e9 Fran\u00e7aise des Sciences de l&#039;Information &amp; de la Communication\",\"publisher\":{\"@id\":\"https:\\\/\\\/www.sfsic.org\\\/en\\\/#organization\"},\"potentialAction\":[{\"@type\":\"SearchAction\",\"target\":{\"@type\":\"EntryPoint\",\"urlTemplate\":\"https:\\\/\\\/www.sfsic.org\\\/en\\\/?s={search_term_string}\"},\"query-input\":{\"@type\":\"PropertyValueSpecification\",\"valueRequired\":true,\"valueName\":\"search_term_string\"}}],\"inLanguage\":\"en-US\"},{\"@type\":\"Organization\",\"@id\":\"https:\\\/\\\/www.sfsic.org\\\/en\\\/#organization\",\"name\":\"SFSIC\",\"url\":\"https:\\\/\\\/www.sfsic.org\\\/en\\\/\",\"logo\":{\"@type\":\"ImageObject\",\"inLanguage\":\"en-US\",\"@id\":\"https:\\\/\\\/www.sfsic.org\\\/en\\\/#\\\/schema\\\/logo\\\/image\\\/\",\"url\":\"https:\\\/\\\/www.sfsic.org\\\/wp-inside\\\/uploads\\\/2020\\\/05\\\/logo-sfsic.jpg\",\"contentUrl\":\"https:\\\/\\\/www.sfsic.org\\\/wp-inside\\\/uploads\\\/2020\\\/05\\\/logo-sfsic.jpg\",\"width\":1085,\"height\":1080,\"caption\":\"SFSIC\"},\"image\":{\"@id\":\"https:\\\/\\\/www.sfsic.org\\\/en\\\/#\\\/schema\\\/logo\\\/image\\\/\"}},{\"@type\":\"Person\",\"@id\":\"https:\\\/\\\/www.sfsic.org\\\/en\\\/#\\\/schema\\\/person\\\/9f83573bda33f40c68c7c826e9567df6\",\"name\":\"Fabien Bonnet\",\"image\":{\"@type\":\"ImageObject\",\"inLanguage\":\"en-US\",\"@id\":\"https:\\\/\\\/secure.gravatar.com\\\/avatar\\\/88a9288fc13369cb9e30359afa340f8adace82098c18ff09415c6dacd710ddc4?s=96&d=mm&r=g\",\"url\":\"https:\\\/\\\/secure.gravatar.com\\\/avatar\\\/88a9288fc13369cb9e30359afa340f8adace82098c18ff09415c6dacd710ddc4?s=96&d=mm&r=g\",\"contentUrl\":\"https:\\\/\\\/secure.gravatar.com\\\/avatar\\\/88a9288fc13369cb9e30359afa340f8adace82098c18ff09415c6dacd710ddc4?s=96&d=mm&r=g\",\"caption\":\"Fabien Bonnet\"}}]}<\/script>\n<!-- \/ Yoast SEO plugin. -->","yoast_head_json":{"title":"Journ\u00e9es du num\u00e9rique en enseignement sup\u00e9rieur","description":"L'universit\u00e9 T\u00e9luq (Canada) vous invite \u00e0 participer \u00e0 ses Journ\u00e9es du num\u00e9rique en enseignement sup\u00e9rieur du 2 au 3 novembre 2020.","robots":{"index":"index","follow":"follow","max-snippet":"max-snippet:-1","max-image-preview":"max-image-preview:large","max-video-preview":"max-video-preview:-1"},"canonical":"https:\/\/www.sfsic.org\/en\/evenement\/journees-du-numerique-en-enseignement-superieur\/","og_locale":"en_US","og_type":"article","og_title":"Journ\u00e9es du num\u00e9rique en enseignement sup\u00e9rieur","og_description":"L'universit\u00e9 T\u00e9luq (Canada) vous invite \u00e0 participer \u00e0 ses Journ\u00e9es du num\u00e9rique en enseignement sup\u00e9rieur du 2 au 3 novembre 2020.","og_url":"https:\/\/www.sfsic.org\/en\/evenement\/journees-du-numerique-en-enseignement-superieur\/","og_site_name":"SFSIC","article_published_time":"2020-10-13T13:19:24+00:00","article_modified_time":"2020-10-13T13:19:25+00:00","author":"Fabien Bonnet","twitter_card":"summary_large_image","schema":{"@context":"https:\/\/schema.org","@graph":[{"@type":"Article","@id":"https:\/\/www.sfsic.org\/en\/evenement\/journees-du-numerique-en-enseignement-superieur\/#article","isPartOf":{"@id":"https:\/\/www.sfsic.org\/en\/evenement\/journees-du-numerique-en-enseignement-superieur\/"},"author":{"name":"Fabien Bonnet","@id":"https:\/\/www.sfsic.org\/en\/#\/schema\/person\/9f83573bda33f40c68c7c826e9567df6"},"headline":"Journ\u00e9es du num\u00e9rique en enseignement sup\u00e9rieur","datePublished":"2020-10-13T13:19:24+00:00","dateModified":"2020-10-13T13:19:25+00:00","mainEntityOfPage":{"@id":"https:\/\/www.sfsic.org\/en\/evenement\/journees-du-numerique-en-enseignement-superieur\/"},"wordCount":397,"publisher":{"@id":"https:\/\/www.sfsic.org\/en\/#organization"},"keywords":["Enseignement","Num\u00e9rique"],"articleSection":["Colloque","\u00c9v\u00e9nements"],"inLanguage":"en-US"},{"@type":"WebPage","@id":"https:\/\/www.sfsic.org\/en\/evenement\/journees-du-numerique-en-enseignement-superieur\/","url":"https:\/\/www.sfsic.org\/en\/evenement\/journees-du-numerique-en-enseignement-superieur\/","name":"Journ\u00e9es du num\u00e9rique en enseignement sup\u00e9rieur","isPartOf":{"@id":"https:\/\/www.sfsic.org\/en\/#website"},"datePublished":"2020-10-13T13:19:24+00:00","dateModified":"2020-10-13T13:19:25+00:00","description":"L'universit\u00e9 T\u00e9luq (Canada) vous invite \u00e0 participer \u00e0 ses Journ\u00e9es du num\u00e9rique en enseignement sup\u00e9rieur du 2 au 3 novembre 2020.","breadcrumb":{"@id":"https:\/\/www.sfsic.org\/en\/evenement\/journees-du-numerique-en-enseignement-superieur\/#breadcrumb"},"inLanguage":"en-US","potentialAction":[{"@type":"ReadAction","target":["https:\/\/www.sfsic.org\/en\/evenement\/journees-du-numerique-en-enseignement-superieur\/"]}]},{"@type":"BreadcrumbList","@id":"https:\/\/www.sfsic.org\/en\/evenement\/journees-du-numerique-en-enseignement-superieur\/#breadcrumb","itemListElement":[{"@type":"ListItem","position":1,"name":"Accueil","item":"https:\/\/www.sfsic.org\/en\/"},{"@type":"ListItem","position":2,"name":"Events","item":"https:\/\/www.sfsic.org\/en\/events\/"},{"@type":"ListItem","position":3,"name":"Conference","item":"https:\/\/www.sfsic.org\/en\/events\/conference-en\/"},{"@type":"ListItem","position":4,"name":"Journ\u00e9es du num\u00e9rique en enseignement sup\u00e9rieur"}]},{"@type":"WebSite","@id":"https:\/\/www.sfsic.org\/en\/#website","url":"https:\/\/www.sfsic.org\/en\/","name":"SFSIC","description":"Soci\u00e9t\u00e9 Fran\u00e7aise des Sciences de l&#039;Information &amp; de la Communication","publisher":{"@id":"https:\/\/www.sfsic.org\/en\/#organization"},"potentialAction":[{"@type":"SearchAction","target":{"@type":"EntryPoint","urlTemplate":"https:\/\/www.sfsic.org\/en\/?s={search_term_string}"},"query-input":{"@type":"PropertyValueSpecification","valueRequired":true,"valueName":"search_term_string"}}],"inLanguage":"en-US"},{"@type":"Organization","@id":"https:\/\/www.sfsic.org\/en\/#organization","name":"SFSIC","url":"https:\/\/www.sfsic.org\/en\/","logo":{"@type":"ImageObject","inLanguage":"en-US","@id":"https:\/\/www.sfsic.org\/en\/#\/schema\/logo\/image\/","url":"https:\/\/www.sfsic.org\/wp-inside\/uploads\/2020\/05\/logo-sfsic.jpg","contentUrl":"https:\/\/www.sfsic.org\/wp-inside\/uploads\/2020\/05\/logo-sfsic.jpg","width":1085,"height":1080,"caption":"SFSIC"},"image":{"@id":"https:\/\/www.sfsic.org\/en\/#\/schema\/logo\/image\/"}},{"@type":"Person","@id":"https:\/\/www.sfsic.org\/en\/#\/schema\/person\/9f83573bda33f40c68c7c826e9567df6","name":"Fabien Bonnet","image":{"@type":"ImageObject","inLanguage":"en-US","@id":"https:\/\/secure.gravatar.com\/avatar\/88a9288fc13369cb9e30359afa340f8adace82098c18ff09415c6dacd710ddc4?s=96&d=mm&r=g","url":"https:\/\/secure.gravatar.com\/avatar\/88a9288fc13369cb9e30359afa340f8adace82098c18ff09415c6dacd710ddc4?s=96&d=mm&r=g","contentUrl":"https:\/\/secure.gravatar.com\/avatar\/88a9288fc13369cb9e30359afa340f8adace82098c18ff09415c6dacd710ddc4?s=96&d=mm&r=g","caption":"Fabien Bonnet"}}]}},"_links":{"self":[{"href":"https:\/\/www.sfsic.org\/en\/wp-json\/wp\/v2\/posts\/7318","targetHints":{"allow":["GET"]}}],"collection":[{"href":"https:\/\/www.sfsic.org\/en\/wp-json\/wp\/v2\/posts"}],"about":[{"href":"https:\/\/www.sfsic.org\/en\/wp-json\/wp\/v2\/types\/post"}],"author":[{"embeddable":true,"href":"https:\/\/www.sfsic.org\/en\/wp-json\/wp\/v2\/users\/957"}],"replies":[{"embeddable":true,"href":"https:\/\/www.sfsic.org\/en\/wp-json\/wp\/v2\/comments?post=7318"}],"version-history":[{"count":1,"href":"https:\/\/www.sfsic.org\/en\/wp-json\/wp\/v2\/posts\/7318\/revisions"}],"predecessor-version":[{"id":7321,"href":"https:\/\/www.sfsic.org\/en\/wp-json\/wp\/v2\/posts\/7318\/revisions\/7321"}],"wp:attachment":[{"href":"https:\/\/www.sfsic.org\/en\/wp-json\/wp\/v2\/media?parent=7318"}],"wp:term":[{"taxonomy":"category","embeddable":true,"href":"https:\/\/www.sfsic.org\/en\/wp-json\/wp\/v2\/categories?post=7318"},{"taxonomy":"post_tag","embeddable":true,"href":"https:\/\/www.sfsic.org\/en\/wp-json\/wp\/v2\/tags?post=7318"},{"taxonomy":"thematique","embeddable":true,"href":"https:\/\/www.sfsic.org\/en\/wp-json\/wp\/v2\/thematique?post=7318"},{"taxonomy":"sfsic","embeddable":true,"href":"https:\/\/www.sfsic.org\/en\/wp-json\/wp\/v2\/sfsic?post=7318"}],"curies":[{"name":"wp","href":"https:\/\/api.w.org\/{rel}","templated":true}]}}