{"id":7258,"date":"2020-09-25T14:49:00","date_gmt":"2020-09-25T12:49:00","guid":{"rendered":"https:\/\/www.sfsic.org\/?p=7258"},"modified":"2020-11-27T11:29:48","modified_gmt":"2020-11-27T10:29:48","slug":"recherche-scientifique-et-medias-enjeux-et-tensions","status":"publish","type":"post","link":"https:\/\/www.sfsic.org\/en\/publication\/recherche-scientifique-et-medias-enjeux-et-tensions\/","title":{"rendered":"Recherche scientifique et m\u00e9dias : enjeux et tensions"},"content":{"rendered":"<p><!-- fxzn:singledetail --><\/p>\n<div class=\"zone zn-singledetail\" id=\"fxzn-singledetail-1\">\n<div class=\"zone-block zn-singledetail-block alignwide va-top\">\n<div class=\"row\">\n<div class=\"columns large-8 large-push-4\">\n<div class=\"zn-singledetail-metabox\">\n<div class=\"zn-singledetail-pubdate pubdate\">\n\t\t\t\t\t<span class=\"pubdate-txt\">Mis en ligne le<\/span><span class=\"doubledot\"><\/span> <time class=\"pubdate-time\" pubdate datetime=\"2020-09-25T14:49:00+02:00\">25 septembre 2020<\/time>\t\t\t\t<\/div>\n<div class=\"zn-singledetail-thematiques with-sep-comma\">\n<ul class=\"termslist termslist-thematique\">\n<li class=\"termslist-item termslist-title\"><span class=\"termslist-titletxt\">Th\u00e9matiques<\/span><span class=\"doubledot\"><\/span><\/li>\n<li class=\"termslist-item tax-thematique term-medias-journalisme\"><a class=\"termslist-itemlink\" href=\"https:\/\/www.sfsic.org\/thematiques\/medias-journalisme\/\" title=\"M\u00e9dias et journalisme\"><span class=\"termslist-itemname\">M\u00e9dias et journalisme<\/span><\/a><\/li>\n<\/ul><\/div>\n<\/p><\/div>\n<\/p><\/div>\n<\/p><\/div>\n<div class=\"row\">\n<div class=\"columns large-4\">\n<div class=\"zn-singledetail-sidebar bg-cornersquares\">\n<div class=\"zn-singledetail-infos\">\n<p class=\"zn-singledetail-type\">\n\t\t\t\t\t\t\t<span>Type de publication<\/span><span class=\"doubledot\"><\/span> <strong>Num\u00e9ro de revue<\/strong>\n\t\t\t\t\t<\/p>\n<p class=\"zn-singledetail-name\">\n\t\t\t\t\t\t\t<span>Nom de la publication<\/span><span class=\"doubledot\"><\/span> <strong>Revue Fran\u00e7aise des Sciences de l&#8217;Information et de la Communication <\/strong>\n\t\t\t\t\t<\/p>\n<p class=\"zn-singledetail-edition\">\n\t\t\t\t\t\t\t<span>\u00c9dition<\/span><span class=\"doubledot\"><\/span> <strong>OpenEdition Journals<\/strong>\n\t\t\t\t\t<\/p>\n<\/p><\/div>\n<div class=\"zn-singledetail-contacts\">\n<h3 class=\"zn-singledetail-section-title\">Contacts<\/h3>\n<ul class=\"zn-singledetail-contacts-list\">\n<li class=\"zn-singledetail-contact\">\n\t\t\t\t\t\t\t<span class=\"zn-singledetail-contact-name\">Gino Gramaccia, directeur \u00e9ditorial de la revue<\/span><span class=\"doubledot\"><\/span><br \/>\n\t\t\t\t\t\t\t\t\t\t\t\t\t\t<a class=\"zn-singledetail-contact-mail prettylink\" href=\"mailto:gino.gramaccia@u-bordeaux.fr\">gino.gramaccia@u-bordeaux.fr<\/a>\n\t\t\t\t\t\t\t\t\t\t\t\t\t<\/li>\n<li class=\"zn-singledetail-contact\">\n\t\t\t\t\t\t\t<span class=\"zn-singledetail-contact-name\">M\u00e9lanie Bourdaa<\/span><span class=\"doubledot\"><\/span><br \/>\n\t\t\t\t\t\t\t\t\t\t\t\t\t\t<a class=\"zn-singledetail-contact-mail prettylink\" href=\"mailto:melanie.bourdaa@u-bordeaux-montaigne.fr\">melanie.bourdaa@u-bordeaux-montaigne.fr<\/a>\n\t\t\t\t\t\t\t\t\t\t\t\t\t<\/li>\n<\/ul><\/div>\n<div class=\"zn-singledetail-weblinks\">\n<h3 class=\"zn-singledetail-section-title\">Sites internet de r\u00e9f\u00e9rence<\/h3>\n<ul class=\"zn-singledetail-weblinks-list\">\n<li>\n\t\t\t\t\t\t\t<a class=\"prettylink chainlink\" href=\"https:\/\/journals.openedition.org\/rfsic\/9316\" title=\"Acc\u00e9der au dossier\" target=\"_blank\" rel=\"noopener noreferrer\">Acc\u00e9der au dossier<\/a>\n\t\t\t\t\t\t<\/li>\n<\/ul><\/div>\n<\/p><\/div>\n<\/p><\/div>\n<div class=\"columns large-8\">\n<div class=\"zn-singledetail-contentbox\">\n<div class=\"zn-singledetail-annonce wig-content\">\n<p>&nbsp;<\/p>\n<p><img decoding=\"async\" loading=\"lazy\" class=\"aligncenter size-medium wp-image-7259\" src=\"https:\/\/www.sfsic.org\/wp-inside\/uploads\/2020\/09\/couverture-rfsic-20-200x300.png\" alt=\"Couverture RFSIC 20\" width=\"200\" height=\"300\" srcset=\"https:\/\/www.sfsic.org\/wp-inside\/uploads\/2020\/09\/couverture-rfsic-20-200x300.png 200w, https:\/\/www.sfsic.org\/wp-inside\/uploads\/2020\/09\/couverture-rfsic-20-682x1024.png 682w, https:\/\/www.sfsic.org\/wp-inside\/uploads\/2020\/09\/couverture-rfsic-20-768x1152.png 768w, https:\/\/www.sfsic.org\/wp-inside\/uploads\/2020\/09\/couverture-rfsic-20-1024x1536.png 1024w, https:\/\/www.sfsic.org\/wp-inside\/uploads\/2020\/09\/couverture-rfsic-20-213x320.png 213w, https:\/\/www.sfsic.org\/wp-inside\/uploads\/2020\/09\/couverture-rfsic-20-180x269.png 180w, https:\/\/www.sfsic.org\/wp-inside\/uploads\/2020\/09\/couverture-rfsic-20-300x448.png 300w, https:\/\/www.sfsic.org\/wp-inside\/uploads\/2020\/09\/couverture-rfsic-20-780x1170.png 780w, https:\/\/www.sfsic.org\/wp-inside\/uploads\/2020\/09\/couverture-rfsic-20.png 720w\" sizes=\"auto, (max-width: 200px) 100vw, 200px\" \/><\/p>\n<p>Le n\u00b020 de la RFSIC est en ligne\u00a0et accessible dans la section <a href=\"https:\/\/www.sfsic.org\/publications-sfsic\/\">Publications SFSIC<\/a> de ce site. Coordonn\u00e9 par Marie-Christine Lipani et Catherine Pascal, il est consacr\u00e9 \u00e0 la th\u00e9matique \u00ab&#160;Recherche scientifique et m\u00e9dias&#160;: enjeux et tensions&#160;\u00bb.<\/p>\n<h2>Sommaire<\/h2>\n<ul class=\"summary\">\n<li class=\"textes even\">\n<div class=\"author\"><strong>Marie-Christine <span class=\"familyName\">Lipani<\/span> et Catherine <span class=\"familyName\">Pascal<\/span><\/strong><\/div>\n<div class=\"title\"><a dir=\"ltr\" lang=\"fr\" xml:lang=\"fr\" href=\"https:\/\/journals.openedition.org\/rfsic\/9333\" hreflang=\"fr\">Quand la m\u00e9diatisation de savoirs \u201csavants\u201d et des chercheur.e.s interroge le sens de la science<\/a> <span class=\"fullText\">[Texte int\u00e9gral] <\/span><\/div>\n<\/li>\n<li class=\"textes odd\">\n<div class=\"author\"><strong>B\u00e9reng\u00e8re <span class=\"familyName\">Stassin<\/span><\/strong><\/div>\n<div class=\"title\"><a dir=\"ltr\" lang=\"fr\" xml:lang=\"fr\" href=\"https:\/\/journals.openedition.org\/rfsic\/9437\" hreflang=\"fr\">La vulgarisation des recherches sur le ph\u00e9nom\u00e8ne de harc\u00e8lement dans <em>The Conversation France<\/em>&#160;: analyse du traitement th\u00e9matique et discursif d\u2019une question de soci\u00e9t\u00e9<\/a> <span class=\"fullText\">[Texte int\u00e9gral] <\/span><\/div>\n<div class=\"altertitle\" lang=\"en\" xml:lang=\"en\"><span lang=\"en\" xml:lang=\"en\">The popularization of research on the phenomenon of bullying in <em>The Conversation France<\/em>&#160;: analysis of the thematic and discursive treatment of a social issue<\/span><\/div>\n<\/li>\n<li class=\"textes even\">\n<div class=\"author\"><strong>Fran\u00e7ois <span class=\"familyName\">Allard-Huver<\/span><\/strong><\/div>\n<div class=\"title\"><a dir=\"ltr\" lang=\"fr\" xml:lang=\"fr\" href=\"https:\/\/journals.openedition.org\/rfsic\/9397\" hreflang=\"fr\">Gilles-\u00c9ric S\u00e9ralini ou la transgression des m\u00e9diations \u00ab&#160;traditionnelles&#160;\u00bb du savoir&#160;?<\/a><span class=\"fullText\">[Texte int\u00e9gral] <\/span><\/div>\n<div class=\"altertitle\" lang=\"en\" xml:lang=\"en\"><span lang=\"en\" xml:lang=\"en\">Gilles-\u00c9ric S\u00e9ralini or the transgression of \u201ctraditional\u201d knowledge mediations&#160;?<\/span><\/div>\n<\/li>\n<li class=\"textes odd\">\n<div class=\"author\"><strong>Sawsan <span class=\"familyName\">Attallah\u00a0Bidart<\/span><\/strong><\/div>\n<div class=\"title\"><a dir=\"ltr\" lang=\"fr\" xml:lang=\"fr\" href=\"https:\/\/journals.openedition.org\/rfsic\/9346\" hreflang=\"fr\">Collaborer sur Wikip\u00e9dia pour co-construire une soci\u00e9t\u00e9 de la connaissance<\/a> <span class=\"fullText\">[Texte int\u00e9gral] <\/span><\/div>\n<div class=\"subtitle\">Opportunit\u00e9s, d\u00e9fis et enjeux pour le monde universitaire<\/div>\n<div class=\"altertitle\" lang=\"en\" xml:lang=\"en\"><span lang=\"en\" xml:lang=\"en\">Collaborating on Wikipedia to Co-construct a Knowledge Society. Opportunities, Challenges and Stakes for Academia<\/span><\/div>\n<\/li>\n<li class=\"textes even\">\n<div class=\"author\"><strong>Anne <span class=\"familyName\">Cordier<\/span><\/strong><\/div>\n<div class=\"title\"><a dir=\"ltr\" lang=\"fr\" xml:lang=\"fr\" href=\"https:\/\/journals.openedition.org\/rfsic\/9478\" hreflang=\"fr\">M\u00e9diatiser la recherche en SIC sur \u00ab&#160;le num\u00e9rique en \u00e9ducation&#160;\u00bb<\/a> <span class=\"fullText\">[Texte int\u00e9gral] <\/span><\/div>\n<div class=\"altertitle\" lang=\"en\" xml:lang=\"en\"><span lang=\"en\" xml:lang=\"en\">Media Research in Information and Communication Sciences \u201con digital in education\u201d<\/span><\/div>\n<\/li>\n<\/ul>\n<h3 class=\"section\"><span class=\"text\">Spicil\u00e8ge<\/span><\/h3>\n<div class=\"director\">Sous la direction de <strong>M\u00e9lanie <span class=\"familyName\">Bourdaa<\/span> et Gino <span class=\"familyName\">Gramaccia<\/span><\/strong><\/div>\n<ul class=\"summary\">\n<li class=\"textes even\">\n<div class=\"author\"><strong>Benjamin\u00a0W.\u00a0L. <span class=\"familyName\">Derhy\u00a0Kurt<\/span><\/strong><\/div>\n<div class=\"title\"><a dir=\"ltr\" lang=\"fr\" xml:lang=\"fr\" href=\"https:\/\/journals.openedition.org\/rfsic\/9568\" hreflang=\"fr\">Bonheur par laudation&#160;: mesures personnelles du succ\u00e8s dans l\u2019industrie t\u00e9l\u00e9visuelle<\/a><span class=\"fullText\">[Texte int\u00e9gral] <\/span><\/div>\n<\/li>\n<li class=\"textes odd\">\n<div class=\"author\"><strong>\u00c9milie <span class=\"familyName\">Blanc<\/span><\/strong><\/div>\n<div class=\"title\"><a dir=\"ltr\" lang=\"fr\" xml:lang=\"fr\" href=\"https:\/\/journals.openedition.org\/rfsic\/9847\" hreflang=\"fr\">M\u00e9diateurs et m\u00e9diations de la sant\u00e9&#160;: une recherche action collaborative au Centre financier de Toulouse (Groupe La Poste)<\/a> <span class=\"fullText\">[Texte int\u00e9gral] <\/span><\/div>\n<\/li>\n<li class=\"textes even\">\n<div class=\"author\"><strong>Ayoub <span class=\"familyName\">Chafik<\/span><\/strong><\/div>\n<div class=\"title\"><a dir=\"ltr\" lang=\"fr\" xml:lang=\"fr\" href=\"https:\/\/journals.openedition.org\/rfsic\/9817\" hreflang=\"fr\">La radio<em> \u1e63\u0101wt al-\u02bfar\u0101b La Voix des Arabes.<\/em> Le temps du r\u00e9cit panarabiste<\/a> <span class=\"fullText\">[Texte int\u00e9gral] <\/span><\/div>\n<div class=\"altertitle\" lang=\"en\" xml:lang=\"en\"><span lang=\"en\" xml:lang=\"en\">Radio <em>\u1e63\u0101wt al-\u2019ar\u0101b The Voice of the Arabs<\/em>. The time of the pan-Arabist narrative<\/span><\/div>\n<\/li>\n<li class=\"textes odd\">\n<div class=\"author\"><strong>Isaac <span class=\"familyName\">Nahon-Serfaty<\/span> et Ivan <span class=\"familyName\">Ivanov<\/span><\/strong><\/div>\n<div class=\"title\"><a dir=\"ltr\" lang=\"fr\" xml:lang=\"fr\" href=\"https:\/\/journals.openedition.org\/rfsic\/9866\" hreflang=\"fr\">Une approche communicationnelle participative pour la vaccination et la pr\u00e9vention contre la grippe en milieu hospitalier. De la grippe saisonni\u00e8re \u00e0 la Covid-19<\/a> <span class=\"fullText\">[Texte int\u00e9gral] <\/span><\/div>\n<\/li>\n<li class=\"textes even\">\n<div class=\"author\"><strong>Christine <span class=\"familyName\">Chevret-Castellani<\/span><\/strong><\/div>\n<div class=\"title\"><a dir=\"ltr\" lang=\"fr\" xml:lang=\"fr\" href=\"https:\/\/journals.openedition.org\/rfsic\/9932\" hreflang=\"fr\">Le Parti pirate sur YouTube&#160;: contradiction du politique et du communicationnel<\/a><span class=\"fullText\">[Texte int\u00e9gral] <\/span><\/div>\n<div class=\"altertitle\" lang=\"en\" xml:lang=\"en\"><span lang=\"en\" xml:lang=\"en\">The Pirate Party on YouTube&#160;: Contradiction between Policy and Communication<\/span><\/div>\n<\/li>\n<\/ul>\n<h3 class=\"section\"><span class=\"text\">Ligne Sud<\/span><\/h3>\n<div class=\"director\">Sous la direction de <strong>Alain <span class=\"familyName\">Kiyindou<\/span><\/strong><\/div>\n<ul class=\"summary\">\n<li class=\"textes even\">\n<div class=\"author\"><strong>Privat\u00a0Tiburce <span class=\"familyName\">Massanga<\/span> et Th\u00e9odora <span class=\"familyName\">Miere<\/span><\/strong><\/div>\n<div class=\"title\"><a dir=\"ltr\" lang=\"fr\" xml:lang=\"fr\" href=\"https:\/\/journals.openedition.org\/rfsic\/9767\" hreflang=\"fr\">Des op\u00e9rateurs de t\u00e9l\u00e9phonie mobile aux op\u00e9rateurs financiers&#160;: usage du mobile money au Congo-Brazzaville<\/a> <span class=\"fullText\">[Texte int\u00e9gral] <\/span><\/div>\n<\/li>\n<\/ul>\n<h3 class=\"section\"><span class=\"text\">Vie des Labos<\/span><\/h3>\n<div class=\"director\">Sous la direction de <strong>M\u00e9lanie <span class=\"familyName\">Bourdaa<\/span> et Aur\u00e9lia <span class=\"familyName\">Lamy<\/span><\/strong><\/div>\n<ul class=\"summary\">\n<li class=\"textes even\">\n<div class=\"author\"><strong>S\u00e9bastien <span class=\"familyName\">Genvo<\/span><\/strong><\/div>\n<div class=\"title\"><a dir=\"ltr\" lang=\"fr\" xml:lang=\"fr\" href=\"https:\/\/journals.openedition.org\/rfsic\/9511\" hreflang=\"fr\">Penser les enjeux de la recherche sur les jeux vid\u00e9o<\/a> <span class=\"fullText\">[Texte int\u00e9gral] <\/span><\/div>\n<div class=\"subtitle\">L\u2019exemple des trajectoires et perspectives d\u00e9velopp\u00e9es au Centre de recherche sur les m\u00e9diations<\/div>\n<\/li>\n<\/ul>\n<h3 class=\"section\"><span class=\"text\">Revue des revues<\/span><\/h3>\n<div class=\"director\">Sous la direction de <strong>Bruno <span class=\"familyName\">Chaudet<\/span><\/strong><\/div>\n<ul class=\"summary\">\n<li class=\"textes even\">\n<div class=\"author\"><strong>Bruno <span class=\"familyName\">Chaudet<\/span><\/strong><\/div>\n<div class=\"title\"><a dir=\"ltr\" lang=\"fr\" xml:lang=\"fr\" href=\"https:\/\/journals.openedition.org\/rfsic\/9928\" hreflang=\"fr\">Bulletin des biblioth\u00e8ques de France<\/a> <span class=\"fullText\">[Texte int\u00e9gral] <\/span><\/div>\n<div class=\"subtitle\">Entretien avec Reine B\u00fcrki, r\u00e9dactrice en chef du Bulletin des biblioth\u00e8ques de France et Nathalie Marcerou-Ramel, directrice de publication<\/div>\n<\/li>\n<\/ul>\n<h3 class=\"section\"><span class=\"text\">Parutions<\/span><\/h3>\n<div class=\"director\">Sous la direction de <strong>Delphine <span class=\"familyName\">Dupr\u00e9<\/span><\/strong><\/div>\n<ul class=\"summary\">\n<li class=\"textes even\">\n<div class=\"author\"><strong>Alimata\u00a0Elodie <span class=\"familyName\">Tapsoba<\/span><\/strong><\/div>\n<div class=\"title\"><a dir=\"ltr\" lang=\"fr\" xml:lang=\"fr\" href=\"https:\/\/journals.openedition.org\/rfsic\/9652\" hreflang=\"fr\">LEBART, Ludovic, PINCEMIN, B\u00e9n\u00e9dicte et POUDAT, C\u00e9line, 2019. <em>Analyse des donn\u00e9es textuelles<\/em><\/a> <span class=\"fullText\">[Texte int\u00e9gral] <\/span><\/div>\n<div class=\"subtitle\">Qu\u00e9bec&#160;: Presses de l\u2019Universit\u00e9 du Qu\u00e9bec. ISBN\u00a0978-2-7605-5052-0<\/div>\n<\/li>\n<li class=\"textes odd\">\n<div class=\"author\"><strong>Marcin <span class=\"familyName\">Trzmielewski<\/span><\/strong><\/div>\n<div class=\"title\"><a dir=\"ltr\" lang=\"fr\" xml:lang=\"fr\" href=\"https:\/\/journals.openedition.org\/rfsic\/9678\" hreflang=\"fr\">BOUTIN, G\u00e9rald, 2018. <em>L\u2019entretien de recherche qualitatif. Th\u00e9orie et pratique<\/em><\/a> <span class=\"fullText\">[Texte int\u00e9gral] <\/span><\/div>\n<div class=\"subtitle\">Qu\u00e9bec&#160;: Presses de l\u2019Universit\u00e9 du Qu\u00e9bec. ISBN\u00a0978-2-7605-4999-9<\/div>\n<\/li>\n<li class=\"textes even\">\n<div class=\"author\"><strong>Simon <span class=\"familyName\">Ngono<\/span><\/strong><\/div>\n<div class=\"title\"><a dir=\"ltr\" lang=\"fr\" xml:lang=\"fr\" href=\"https:\/\/journals.openedition.org\/rfsic\/9698\" hreflang=\"fr\">GUAAYBESS, Tourya, 2019. <em>Les m\u00e9dias dans les pays arabes<\/em><em>\u202f<\/em><em>&#160;: des th\u00e9ories du d\u00e9veloppement contrari\u00e9es aux politiques de coop\u00e9ration \u00e9mergentes<\/em><\/a> <span class=\"fullText\">[Texte int\u00e9gral] <\/span><\/div>\n<div class=\"subtitle\">London&#160;: ISTE \u00c9ditions. ISBN\u00a0978-1-78405-564-6<\/div>\n<\/li>\n<li class=\"textes odd\">\n<div class=\"author\"><strong>Samuel <span class=\"familyName\">Lamoureux<\/span><\/strong><\/div>\n<div class=\"title\"><a dir=\"ltr\" lang=\"fr\" xml:lang=\"fr\" href=\"https:\/\/journals.openedition.org\/rfsic\/9717\" hreflang=\"fr\">COHEN, Nicole\u00a0S. et DE PEUTER, Greig 2020. <em>New Media Unions&#160;: Organizing Digital Journalists<\/em><\/a> <span class=\"fullText\">[Texte int\u00e9gral] <\/span><\/div>\n<div class=\"subtitle\">New York&#160;: Routledge. ISBN\u00a0978-1-138-32711-5<\/div>\n<\/li>\n<li class=\"textes even\">\n<div class=\"author\"><strong>Eloria <span class=\"familyName\">Vigouroux-Zugasti<\/span><\/strong><\/div>\n<div class=\"title\"><a dir=\"ltr\" lang=\"fr\" xml:lang=\"fr\" href=\"https:\/\/journals.openedition.org\/rfsic\/9741\" hreflang=\"fr\">MORICEAU, Jean-Luc et SOPARNOT, Richard (dir.), 2019. <em>Recherche qualitative en sciences sociales&#160;: S\u2019exposer, cheminer, r\u00e9fl\u00e9chir ou l\u2019art de composer sa m\u00e9thode<\/em><\/a><span class=\"fullText\">[Texte int\u00e9gral] <\/span><\/div>\n<div class=\"subtitle\">Caen&#160;: \u00c9ditions EMS. Les Essentiels de la gestion. ISBN\u00a0978-2376871484<\/div>\n<\/li>\n<li class=\"textes odd\">\n<div class=\"author\"><strong>Julien <span class=\"familyName\">P\u00e9quignot<\/span><\/strong><\/div>\n<div class=\"title\"><a dir=\"ltr\" lang=\"fr\" xml:lang=\"fr\" href=\"https:\/\/journals.openedition.org\/rfsic\/9753\" hreflang=\"fr\">MOUTAT, Audrey, 2019. <em>Son et sens<\/em><\/a> <span class=\"fullText\">[Texte int\u00e9gral] <\/span><\/div>\n<div class=\"subtitle\">Li\u00e8ge&#160;: Presses Universitaires de Li\u00e8ge. Sigilla. ISBN\u00a0978-2-87562-228-0<\/div>\n<\/li>\n<\/ul><\/div>\n<div class=\"zn-singledetail-keywords\">\n<h3 class=\"zn-singledetail-section-title\">Mots-cl\u00e9s<\/h3>\n<ul class=\"termslist termslist-post_tag\">\n<li class=\"termslist-item termslist-title\"><span class=\"termslist-titletxt\">Mots-cl\u00e9s<\/span><span class=\"doubledot\"><\/span><\/li>\n<li class=\"termslist-item tax-post_tag term-media\"><a class=\"termslist-itemlink\" href=\"https:\/\/www.sfsic.org\/tag\/media\/\" title=\"m\u00e9dia\"><span class=\"termslist-itemname\">m\u00e9dia<\/span><\/a><\/li>\n<\/ul><\/div>\n<\/p><\/div>\n<\/p><\/div>\n<\/p><\/div>\n<\/p><\/div>\n<\/div>\n<p><!-- \/fxzn:singledetail --><\/p>\n","protected":false},"excerpt":{"rendered":"<p>Mis en ligne le 25 septembre 2020 Th\u00e9matiques M\u00e9dias et journalisme Type de publication Num\u00e9ro de revue Nom de la publication Revue Fran\u00e7aise des Sciences de l&#8217;Information et de la [&hellip;]<\/p>\n","protected":false},"author":957,"featured_media":0,"comment_status":"closed","ping_status":"closed","sticky":false,"template":"","format":"standard","meta":{"_acf_changed":false,"footnotes":""},"categories":[70,31],"tags":[46],"thematique":[34],"sfsic":[26],"class_list":["post-7258","post","type-post","status-publish","format-standard","hentry","category-numero-revue","category-publication","tag-media","thematique-medias-et-journalisme","sfsic-actualites","wp-sticky"],"acf":[],"yoast_head":"<!-- This site is optimized with the Yoast SEO plugin v27.4 - https:\/\/yoast.com\/product\/yoast-seo-wordpress\/ -->\n<title>Recherche scientifique et m\u00e9dias : enjeux et tensions<\/title>\n<meta name=\"description\" content=\"Le n\u00b020 de la RFSIC est en ligne. Coordonn\u00e9 par Marie-Christine Lipani et Catherine Pascal, il est consacr\u00e9 \u00e0 la th\u00e9matique &quot;Recherche scientifique et m\u00e9dias : enjeux et tensions&quot;.\" \/>\n<meta name=\"robots\" content=\"index, follow, max-snippet:-1, max-image-preview:large, max-video-preview:-1\" \/>\n<link rel=\"canonical\" href=\"https:\/\/www.sfsic.org\/en\/publication\/recherche-scientifique-et-medias-enjeux-et-tensions\/\" \/>\n<meta property=\"og:locale\" content=\"en_US\" \/>\n<meta property=\"og:type\" content=\"article\" \/>\n<meta property=\"og:title\" content=\"Recherche scientifique et m\u00e9dias : enjeux et tensions\" \/>\n<meta property=\"og:description\" content=\"Le n\u00b020 de la RFSIC est en ligne. Coordonn\u00e9 par Marie-Christine Lipani et Catherine Pascal, il est consacr\u00e9 \u00e0 la th\u00e9matique &quot;Recherche scientifique et m\u00e9dias : enjeux et tensions&quot;.\" \/>\n<meta property=\"og:url\" content=\"https:\/\/www.sfsic.org\/en\/publication\/recherche-scientifique-et-medias-enjeux-et-tensions\/\" \/>\n<meta property=\"og:site_name\" content=\"SFSIC\" \/>\n<meta property=\"article:published_time\" content=\"2020-09-25T12:49:00+00:00\" \/>\n<meta property=\"article:modified_time\" content=\"2020-11-27T10:29:48+00:00\" \/>\n<meta property=\"og:image\" content=\"https:\/\/www.sfsic.org\/wp-inside\/uploads\/2020\/09\/couverture-rfsic-20-200x300.png\" \/>\n<meta name=\"author\" content=\"Fabien Bonnet\" \/>\n<meta name=\"twitter:card\" content=\"summary_large_image\" \/>\n<script type=\"application\/ld+json\" class=\"yoast-schema-graph\">{\"@context\":\"https:\\\/\\\/schema.org\",\"@graph\":[{\"@type\":\"Article\",\"@id\":\"https:\\\/\\\/www.sfsic.org\\\/en\\\/publication\\\/recherche-scientifique-et-medias-enjeux-et-tensions\\\/#article\",\"isPartOf\":{\"@id\":\"https:\\\/\\\/www.sfsic.org\\\/en\\\/publication\\\/recherche-scientifique-et-medias-enjeux-et-tensions\\\/\"},\"author\":{\"name\":\"Fabien Bonnet\",\"@id\":\"https:\\\/\\\/www.sfsic.org\\\/en\\\/#\\\/schema\\\/person\\\/9f83573bda33f40c68c7c826e9567df6\"},\"headline\":\"Recherche scientifique et m\u00e9dias : enjeux et tensions\",\"datePublished\":\"2020-09-25T12:49:00+00:00\",\"dateModified\":\"2020-11-27T10:29:48+00:00\",\"mainEntityOfPage\":{\"@id\":\"https:\\\/\\\/www.sfsic.org\\\/en\\\/publication\\\/recherche-scientifique-et-medias-enjeux-et-tensions\\\/\"},\"wordCount\":785,\"publisher\":{\"@id\":\"https:\\\/\\\/www.sfsic.org\\\/en\\\/#organization\"},\"image\":{\"@id\":\"https:\\\/\\\/www.sfsic.org\\\/en\\\/publication\\\/recherche-scientifique-et-medias-enjeux-et-tensions\\\/#primaryimage\"},\"thumbnailUrl\":\"https:\\\/\\\/www.sfsic.org\\\/wp-inside\\\/uploads\\\/2020\\\/09\\\/couverture-rfsic-20-200x300.png\",\"keywords\":[\"m\u00e9dia\"],\"articleSection\":[\"Num\u00e9ro de revue\",\"Publications\"],\"inLanguage\":\"en-US\"},{\"@type\":\"WebPage\",\"@id\":\"https:\\\/\\\/www.sfsic.org\\\/en\\\/publication\\\/recherche-scientifique-et-medias-enjeux-et-tensions\\\/\",\"url\":\"https:\\\/\\\/www.sfsic.org\\\/en\\\/publication\\\/recherche-scientifique-et-medias-enjeux-et-tensions\\\/\",\"name\":\"Recherche scientifique et m\u00e9dias : enjeux et tensions\",\"isPartOf\":{\"@id\":\"https:\\\/\\\/www.sfsic.org\\\/en\\\/#website\"},\"primaryImageOfPage\":{\"@id\":\"https:\\\/\\\/www.sfsic.org\\\/en\\\/publication\\\/recherche-scientifique-et-medias-enjeux-et-tensions\\\/#primaryimage\"},\"image\":{\"@id\":\"https:\\\/\\\/www.sfsic.org\\\/en\\\/publication\\\/recherche-scientifique-et-medias-enjeux-et-tensions\\\/#primaryimage\"},\"thumbnailUrl\":\"https:\\\/\\\/www.sfsic.org\\\/wp-inside\\\/uploads\\\/2020\\\/09\\\/couverture-rfsic-20-200x300.png\",\"datePublished\":\"2020-09-25T12:49:00+00:00\",\"dateModified\":\"2020-11-27T10:29:48+00:00\",\"description\":\"Le n\u00b020 de la RFSIC est en ligne. Coordonn\u00e9 par Marie-Christine Lipani et Catherine Pascal, il est consacr\u00e9 \u00e0 la th\u00e9matique \\\"Recherche scientifique et m\u00e9dias : enjeux et tensions\\\".\",\"breadcrumb\":{\"@id\":\"https:\\\/\\\/www.sfsic.org\\\/en\\\/publication\\\/recherche-scientifique-et-medias-enjeux-et-tensions\\\/#breadcrumb\"},\"inLanguage\":\"en-US\",\"potentialAction\":[{\"@type\":\"ReadAction\",\"target\":[\"https:\\\/\\\/www.sfsic.org\\\/en\\\/publication\\\/recherche-scientifique-et-medias-enjeux-et-tensions\\\/\"]}]},{\"@type\":\"ImageObject\",\"inLanguage\":\"en-US\",\"@id\":\"https:\\\/\\\/www.sfsic.org\\\/en\\\/publication\\\/recherche-scientifique-et-medias-enjeux-et-tensions\\\/#primaryimage\",\"url\":\"https:\\\/\\\/www.sfsic.org\\\/wp-inside\\\/uploads\\\/2020\\\/09\\\/couverture-rfsic-20-200x300.png\",\"contentUrl\":\"https:\\\/\\\/www.sfsic.org\\\/wp-inside\\\/uploads\\\/2020\\\/09\\\/couverture-rfsic-20-200x300.png\"},{\"@type\":\"BreadcrumbList\",\"@id\":\"https:\\\/\\\/www.sfsic.org\\\/en\\\/publication\\\/recherche-scientifique-et-medias-enjeux-et-tensions\\\/#breadcrumb\",\"itemListElement\":[{\"@type\":\"ListItem\",\"position\":1,\"name\":\"Accueil\",\"item\":\"https:\\\/\\\/www.sfsic.org\\\/en\\\/\"},{\"@type\":\"ListItem\",\"position\":2,\"name\":\"Publications\",\"item\":\"https:\\\/\\\/www.sfsic.org\\\/en\\\/publication-en\\\/\"},{\"@type\":\"ListItem\",\"position\":3,\"name\":\"Journal issue\",\"item\":\"https:\\\/\\\/www.sfsic.org\\\/en\\\/publication-en\\\/journal-issue\\\/\"},{\"@type\":\"ListItem\",\"position\":4,\"name\":\"Recherche scientifique et m\u00e9dias&#160;: enjeux et tensions\"}]},{\"@type\":\"WebSite\",\"@id\":\"https:\\\/\\\/www.sfsic.org\\\/en\\\/#website\",\"url\":\"https:\\\/\\\/www.sfsic.org\\\/en\\\/\",\"name\":\"SFSIC\",\"description\":\"Soci\u00e9t\u00e9 Fran\u00e7aise des Sciences de l&#039;Information &amp; de la Communication\",\"publisher\":{\"@id\":\"https:\\\/\\\/www.sfsic.org\\\/en\\\/#organization\"},\"potentialAction\":[{\"@type\":\"SearchAction\",\"target\":{\"@type\":\"EntryPoint\",\"urlTemplate\":\"https:\\\/\\\/www.sfsic.org\\\/en\\\/?s={search_term_string}\"},\"query-input\":{\"@type\":\"PropertyValueSpecification\",\"valueRequired\":true,\"valueName\":\"search_term_string\"}}],\"inLanguage\":\"en-US\"},{\"@type\":\"Organization\",\"@id\":\"https:\\\/\\\/www.sfsic.org\\\/en\\\/#organization\",\"name\":\"SFSIC\",\"url\":\"https:\\\/\\\/www.sfsic.org\\\/en\\\/\",\"logo\":{\"@type\":\"ImageObject\",\"inLanguage\":\"en-US\",\"@id\":\"https:\\\/\\\/www.sfsic.org\\\/en\\\/#\\\/schema\\\/logo\\\/image\\\/\",\"url\":\"https:\\\/\\\/www.sfsic.org\\\/wp-inside\\\/uploads\\\/2020\\\/05\\\/logo-sfsic.jpg\",\"contentUrl\":\"https:\\\/\\\/www.sfsic.org\\\/wp-inside\\\/uploads\\\/2020\\\/05\\\/logo-sfsic.jpg\",\"width\":1085,\"height\":1080,\"caption\":\"SFSIC\"},\"image\":{\"@id\":\"https:\\\/\\\/www.sfsic.org\\\/en\\\/#\\\/schema\\\/logo\\\/image\\\/\"}},{\"@type\":\"Person\",\"@id\":\"https:\\\/\\\/www.sfsic.org\\\/en\\\/#\\\/schema\\\/person\\\/9f83573bda33f40c68c7c826e9567df6\",\"name\":\"Fabien Bonnet\",\"image\":{\"@type\":\"ImageObject\",\"inLanguage\":\"en-US\",\"@id\":\"https:\\\/\\\/secure.gravatar.com\\\/avatar\\\/88a9288fc13369cb9e30359afa340f8adace82098c18ff09415c6dacd710ddc4?s=96&d=mm&r=g\",\"url\":\"https:\\\/\\\/secure.gravatar.com\\\/avatar\\\/88a9288fc13369cb9e30359afa340f8adace82098c18ff09415c6dacd710ddc4?s=96&d=mm&r=g\",\"contentUrl\":\"https:\\\/\\\/secure.gravatar.com\\\/avatar\\\/88a9288fc13369cb9e30359afa340f8adace82098c18ff09415c6dacd710ddc4?s=96&d=mm&r=g\",\"caption\":\"Fabien Bonnet\"}}]}<\/script>\n<!-- \/ Yoast SEO plugin. -->","yoast_head_json":{"title":"Recherche scientifique et m\u00e9dias : enjeux et tensions","description":"Le n\u00b020 de la RFSIC est en ligne. Coordonn\u00e9 par Marie-Christine Lipani et Catherine Pascal, il est consacr\u00e9 \u00e0 la th\u00e9matique \"Recherche scientifique et m\u00e9dias : enjeux et tensions\".","robots":{"index":"index","follow":"follow","max-snippet":"max-snippet:-1","max-image-preview":"max-image-preview:large","max-video-preview":"max-video-preview:-1"},"canonical":"https:\/\/www.sfsic.org\/en\/publication\/recherche-scientifique-et-medias-enjeux-et-tensions\/","og_locale":"en_US","og_type":"article","og_title":"Recherche scientifique et m\u00e9dias : enjeux et tensions","og_description":"Le n\u00b020 de la RFSIC est en ligne. Coordonn\u00e9 par Marie-Christine Lipani et Catherine Pascal, il est consacr\u00e9 \u00e0 la th\u00e9matique \"Recherche scientifique et m\u00e9dias : enjeux et tensions\".","og_url":"https:\/\/www.sfsic.org\/en\/publication\/recherche-scientifique-et-medias-enjeux-et-tensions\/","og_site_name":"SFSIC","article_published_time":"2020-09-25T12:49:00+00:00","article_modified_time":"2020-11-27T10:29:48+00:00","og_image":[{"url":"https:\/\/www.sfsic.org\/wp-inside\/uploads\/2020\/09\/couverture-rfsic-20-200x300.png","type":"","width":"","height":""}],"author":"Fabien Bonnet","twitter_card":"summary_large_image","schema":{"@context":"https:\/\/schema.org","@graph":[{"@type":"Article","@id":"https:\/\/www.sfsic.org\/en\/publication\/recherche-scientifique-et-medias-enjeux-et-tensions\/#article","isPartOf":{"@id":"https:\/\/www.sfsic.org\/en\/publication\/recherche-scientifique-et-medias-enjeux-et-tensions\/"},"author":{"name":"Fabien Bonnet","@id":"https:\/\/www.sfsic.org\/en\/#\/schema\/person\/9f83573bda33f40c68c7c826e9567df6"},"headline":"Recherche scientifique et m\u00e9dias : enjeux et tensions","datePublished":"2020-09-25T12:49:00+00:00","dateModified":"2020-11-27T10:29:48+00:00","mainEntityOfPage":{"@id":"https:\/\/www.sfsic.org\/en\/publication\/recherche-scientifique-et-medias-enjeux-et-tensions\/"},"wordCount":785,"publisher":{"@id":"https:\/\/www.sfsic.org\/en\/#organization"},"image":{"@id":"https:\/\/www.sfsic.org\/en\/publication\/recherche-scientifique-et-medias-enjeux-et-tensions\/#primaryimage"},"thumbnailUrl":"https:\/\/www.sfsic.org\/wp-inside\/uploads\/2020\/09\/couverture-rfsic-20-200x300.png","keywords":["m\u00e9dia"],"articleSection":["Num\u00e9ro de revue","Publications"],"inLanguage":"en-US"},{"@type":"WebPage","@id":"https:\/\/www.sfsic.org\/en\/publication\/recherche-scientifique-et-medias-enjeux-et-tensions\/","url":"https:\/\/www.sfsic.org\/en\/publication\/recherche-scientifique-et-medias-enjeux-et-tensions\/","name":"Recherche scientifique et m\u00e9dias : enjeux et tensions","isPartOf":{"@id":"https:\/\/www.sfsic.org\/en\/#website"},"primaryImageOfPage":{"@id":"https:\/\/www.sfsic.org\/en\/publication\/recherche-scientifique-et-medias-enjeux-et-tensions\/#primaryimage"},"image":{"@id":"https:\/\/www.sfsic.org\/en\/publication\/recherche-scientifique-et-medias-enjeux-et-tensions\/#primaryimage"},"thumbnailUrl":"https:\/\/www.sfsic.org\/wp-inside\/uploads\/2020\/09\/couverture-rfsic-20-200x300.png","datePublished":"2020-09-25T12:49:00+00:00","dateModified":"2020-11-27T10:29:48+00:00","description":"Le n\u00b020 de la RFSIC est en ligne. Coordonn\u00e9 par Marie-Christine Lipani et Catherine Pascal, il est consacr\u00e9 \u00e0 la th\u00e9matique \"Recherche scientifique et m\u00e9dias : enjeux et tensions\".","breadcrumb":{"@id":"https:\/\/www.sfsic.org\/en\/publication\/recherche-scientifique-et-medias-enjeux-et-tensions\/#breadcrumb"},"inLanguage":"en-US","potentialAction":[{"@type":"ReadAction","target":["https:\/\/www.sfsic.org\/en\/publication\/recherche-scientifique-et-medias-enjeux-et-tensions\/"]}]},{"@type":"ImageObject","inLanguage":"en-US","@id":"https:\/\/www.sfsic.org\/en\/publication\/recherche-scientifique-et-medias-enjeux-et-tensions\/#primaryimage","url":"https:\/\/www.sfsic.org\/wp-inside\/uploads\/2020\/09\/couverture-rfsic-20-200x300.png","contentUrl":"https:\/\/www.sfsic.org\/wp-inside\/uploads\/2020\/09\/couverture-rfsic-20-200x300.png"},{"@type":"BreadcrumbList","@id":"https:\/\/www.sfsic.org\/en\/publication\/recherche-scientifique-et-medias-enjeux-et-tensions\/#breadcrumb","itemListElement":[{"@type":"ListItem","position":1,"name":"Accueil","item":"https:\/\/www.sfsic.org\/en\/"},{"@type":"ListItem","position":2,"name":"Publications","item":"https:\/\/www.sfsic.org\/en\/publication-en\/"},{"@type":"ListItem","position":3,"name":"Journal issue","item":"https:\/\/www.sfsic.org\/en\/publication-en\/journal-issue\/"},{"@type":"ListItem","position":4,"name":"Recherche scientifique et m\u00e9dias&#160;: enjeux et tensions"}]},{"@type":"WebSite","@id":"https:\/\/www.sfsic.org\/en\/#website","url":"https:\/\/www.sfsic.org\/en\/","name":"SFSIC","description":"Soci\u00e9t\u00e9 Fran\u00e7aise des Sciences de l&#039;Information &amp; de la Communication","publisher":{"@id":"https:\/\/www.sfsic.org\/en\/#organization"},"potentialAction":[{"@type":"SearchAction","target":{"@type":"EntryPoint","urlTemplate":"https:\/\/www.sfsic.org\/en\/?s={search_term_string}"},"query-input":{"@type":"PropertyValueSpecification","valueRequired":true,"valueName":"search_term_string"}}],"inLanguage":"en-US"},{"@type":"Organization","@id":"https:\/\/www.sfsic.org\/en\/#organization","name":"SFSIC","url":"https:\/\/www.sfsic.org\/en\/","logo":{"@type":"ImageObject","inLanguage":"en-US","@id":"https:\/\/www.sfsic.org\/en\/#\/schema\/logo\/image\/","url":"https:\/\/www.sfsic.org\/wp-inside\/uploads\/2020\/05\/logo-sfsic.jpg","contentUrl":"https:\/\/www.sfsic.org\/wp-inside\/uploads\/2020\/05\/logo-sfsic.jpg","width":1085,"height":1080,"caption":"SFSIC"},"image":{"@id":"https:\/\/www.sfsic.org\/en\/#\/schema\/logo\/image\/"}},{"@type":"Person","@id":"https:\/\/www.sfsic.org\/en\/#\/schema\/person\/9f83573bda33f40c68c7c826e9567df6","name":"Fabien Bonnet","image":{"@type":"ImageObject","inLanguage":"en-US","@id":"https:\/\/secure.gravatar.com\/avatar\/88a9288fc13369cb9e30359afa340f8adace82098c18ff09415c6dacd710ddc4?s=96&d=mm&r=g","url":"https:\/\/secure.gravatar.com\/avatar\/88a9288fc13369cb9e30359afa340f8adace82098c18ff09415c6dacd710ddc4?s=96&d=mm&r=g","contentUrl":"https:\/\/secure.gravatar.com\/avatar\/88a9288fc13369cb9e30359afa340f8adace82098c18ff09415c6dacd710ddc4?s=96&d=mm&r=g","caption":"Fabien Bonnet"}}]}},"_links":{"self":[{"href":"https:\/\/www.sfsic.org\/en\/wp-json\/wp\/v2\/posts\/7258","targetHints":{"allow":["GET"]}}],"collection":[{"href":"https:\/\/www.sfsic.org\/en\/wp-json\/wp\/v2\/posts"}],"about":[{"href":"https:\/\/www.sfsic.org\/en\/wp-json\/wp\/v2\/types\/post"}],"author":[{"embeddable":true,"href":"https:\/\/www.sfsic.org\/en\/wp-json\/wp\/v2\/users\/957"}],"replies":[{"embeddable":true,"href":"https:\/\/www.sfsic.org\/en\/wp-json\/wp\/v2\/comments?post=7258"}],"version-history":[{"count":4,"href":"https:\/\/www.sfsic.org\/en\/wp-json\/wp\/v2\/posts\/7258\/revisions"}],"predecessor-version":[{"id":7270,"href":"https:\/\/www.sfsic.org\/en\/wp-json\/wp\/v2\/posts\/7258\/revisions\/7270"}],"wp:attachment":[{"href":"https:\/\/www.sfsic.org\/en\/wp-json\/wp\/v2\/media?parent=7258"}],"wp:term":[{"taxonomy":"category","embeddable":true,"href":"https:\/\/www.sfsic.org\/en\/wp-json\/wp\/v2\/categories?post=7258"},{"taxonomy":"post_tag","embeddable":true,"href":"https:\/\/www.sfsic.org\/en\/wp-json\/wp\/v2\/tags?post=7258"},{"taxonomy":"thematique","embeddable":true,"href":"https:\/\/www.sfsic.org\/en\/wp-json\/wp\/v2\/thematique?post=7258"},{"taxonomy":"sfsic","embeddable":true,"href":"https:\/\/www.sfsic.org\/en\/wp-json\/wp\/v2\/sfsic?post=7258"}],"curies":[{"name":"wp","href":"https:\/\/api.w.org\/{rel}","templated":true}]}}