{"id":7151,"date":"2020-07-23T13:21:56","date_gmt":"2020-07-23T11:21:56","guid":{"rendered":"https:\/\/www.sfsic.org\/?p=7151"},"modified":"2020-08-28T17:19:45","modified_gmt":"2020-08-28T15:19:45","slug":"distances-et-mediations-des-savoirs-n30-entre-distance-et-presence-la-formation-a-lheure-de-lhybridation","status":"publish","type":"post","link":"https:\/\/www.sfsic.org\/en\/publication\/distances-et-mediations-des-savoirs-n30-entre-distance-et-presence-la-formation-a-lheure-de-lhybridation\/","title":{"rendered":"Entre distance et pr\u00e9sence : la formation \u00e0 l&#8217;heure de l&#8217;hybridation"},"content":{"rendered":"<p><!-- fxzn:singledetail --><\/p>\n<div class=\"zone zn-singledetail\" id=\"fxzn-singledetail-1\">\n<div class=\"zone-block zn-singledetail-block alignwide va-top\">\n<div class=\"row\">\n<div class=\"columns large-8 large-push-4\">\n<div class=\"zn-singledetail-metabox\">\n<div class=\"zn-singledetail-pubdate pubdate\">\n\t\t\t\t\t<span class=\"pubdate-txt\">Mis en ligne le<\/span><span class=\"doubledot\"><\/span> <time class=\"pubdate-time\" pubdate datetime=\"2020-07-23T13:08:44+02:00\">23 juillet 2020<\/time>\t\t\t\t<\/div>\n<div class=\"zn-singledetail-thematiques with-sep-comma\">\n<ul class=\"termslist termslist-thematique\">\n<li class=\"termslist-item termslist-title\"><span class=\"termslist-titletxt\">Th\u00e9matiques<\/span><span class=\"doubledot\"><\/span><\/li>\n<li class=\"termslist-item tax-thematique term-mediation-des-savoirs-education-formation\"><a class=\"termslist-itemlink\" href=\"https:\/\/www.sfsic.org\/thematiques\/mediation-des-savoirs-education-formation\/\" title=\"M\u00e9diation des savoirs, \u00e9ducation et formation\"><span class=\"termslist-itemname\">M\u00e9diation des savoirs, \u00e9ducation et formation<\/span><\/a><\/li>\n<li class=\"termslist-item tax-thematique term-numerique-strategies-dispositifs-usages\"><a class=\"termslist-itemlink\" href=\"https:\/\/www.sfsic.org\/thematiques\/numerique-strategies-dispositifs-usages\/\" title=\"Num\u00e9rique : strat\u00e9gies, dispositifs et usages\"><span class=\"termslist-itemname\">Num\u00e9rique : strat\u00e9gies, dispositifs et usages<\/span><\/a><\/li>\n<\/ul><\/div>\n<\/p><\/div>\n<\/p><\/div>\n<\/p><\/div>\n<div class=\"row\">\n<div class=\"columns large-4\">\n<div class=\"zn-singledetail-sidebar bg-cornersquares\">\n<div class=\"zn-singledetail-infos\">\n<p class=\"zn-singledetail-type\">\n\t\t\t\t\t\t\t<span>Type de publication<\/span><span class=\"doubledot\"><\/span> <strong>Num\u00e9ro de revue<\/strong>\n\t\t\t\t\t<\/p>\n<p class=\"zn-singledetail-name\">\n\t\t\t\t\t\t\t<span>Nom de la publication<\/span><span class=\"doubledot\"><\/span> <strong>Distances et M\u00e9diations des Savoirs<\/strong>\n\t\t\t\t\t<\/p>\n<p class=\"zn-singledetail-edition\">\n\t\t\t\t\t\t\t<span>\u00c9dition<\/span><span class=\"doubledot\"><\/span> <strong>OpenEdition.org<\/strong>\n\t\t\t\t\t<\/p>\n<\/p><\/div>\n<div class=\"zn-singledetail-coordinators\">\n<h3 class=\"zn-singledetail-section-title\">Coordinateur(s) \/ Auteur(s)<\/h3>\n<ul class=\"zn-singledetail-coordinators-list\">\n<li class=\"zn-singledetail-coordinators-item\">\n\t\t\t\t\t\t\t<span>Emilie<\/span> <span>R\u00e9mond<\/span>, <span>Universit\u00e9 de Poitiers, FRANCE<\/span>\t\t\t\t\t\t\t\t\t\t\t\t\t<\/li>\n<li class=\"zn-singledetail-coordinators-item\">\n\t\t\t\t\t\t\t<span>Philippe<\/span> <span>Dumas<\/span>, <span>Universit\u00e9 de Toulon, FRANCE<\/span>\t\t\t\t\t\t\t\t\t\t\t\t\t<\/li>\n<li class=\"zn-singledetail-coordinators-item\">\n\t\t\t\t\t\t\t<span>Daniel<\/span> <span>Burgos<\/span>, <span>Universidad Internacional de La Rioja, ESPAGNE<\/span>\t\t\t\t\t\t\t\t\t\t\t\t\t<\/li>\n<\/ul><\/div>\n<div class=\"zn-singledetail-contacts\">\n<h3 class=\"zn-singledetail-section-title\">Contacts<\/h3>\n<ul class=\"zn-singledetail-contacts-list\">\n<li class=\"zn-singledetail-contact\">\n\t\t\t\t\t\t\t<span class=\"zn-singledetail-contact-name\">Contacter la revue<\/span><span class=\"doubledot\"><\/span><br \/>\n\t\t\t\t\t\t\t\t\t\t\t\t\t\t<a class=\"zn-singledetail-contact-mail prettylink\" href=\"mailto:dms-dmk@cned.fr\">dms-dmk@cned.fr<\/a>\n\t\t\t\t\t\t\t\t\t\t\t\t\t<\/li>\n<\/ul><\/div>\n<div class=\"zn-singledetail-weblinks\">\n<h3 class=\"zn-singledetail-section-title\">Sites internet de r\u00e9f\u00e9rence<\/h3>\n<ul class=\"zn-singledetail-weblinks-list\">\n<li>\n\t\t\t\t\t\t\t<a class=\"prettylink chainlink\" href=\"https:\/\/journals.openedition.org\/dms\/4958\" title=\"Num\u00e9ro accessible en ligne\" target=\"_blank\" rel=\"noopener noreferrer\">Num\u00e9ro accessible en ligne<\/a>\n\t\t\t\t\t\t<\/li>\n<\/ul><\/div>\n<\/p><\/div>\n<\/p><\/div>\n<div class=\"columns large-8\">\n<div class=\"zn-singledetail-contentbox\">\n<div class=\"zn-singledetail-annonce wig-content\">\n<p>Au moment o\u00f9 nos \u00e9tablissements pr\u00e9parent une rentr\u00e9e plus ou moins \u00e0 distance, la revue\u00a0<em>Distances et M\u00e9diations des Savoirs<\/em>\u00a0publie son num\u00e9ro 30 sur le th\u00e8me \u00ab&#160;Entre distance et pr\u00e9sence&#160;: la formation \u00e0 l&rsquo;heure de l&rsquo;hybridation&#160;\u00bb .<\/p>\n<p>Il ressort des travaux qu\u2019ont men\u00e9s les autrices et auteurs que la notion d\u2019hybridation dans les formations (comme dans l\u2019activit\u00e9 \u00e9conomique ou culturelle) n\u2019est ni un effet de mode ou d\u2019opportunit\u00e9 ni un slogan r\u00e9ducteur. Elle existe en France et dans le monde depuis de nombreuses ann\u00e9es. Elle propose une vision globale et renouvel\u00e9e\u00a0de l&rsquo;articulation\u00a0distance-pr\u00e9sence, soutenue par un environnement technologique adapt\u00e9.\u00a0Mais surtout elle s\u2019appuie sur une r\u00e9flexion sur les conditions de l\u2019apprentissage. Elle implique une politique institutionnelle et un engagement des personnels enseignants. Pour rester authentique et b\u00e9n\u00e9fique, elle ne peut \u00eatre le r\u00e9sultat d\u2019une injonction bureaucratique.<\/p>\n<p><strong><u>SOMMAIRE&#160;:\u00a0<\/u><\/strong><\/p>\n<p><a href=\"https:\/\/journals.openedition.org\/dms\/5246\">DMS est en deuil&#8230;<\/a><br \/>\n\u00c0 la m\u00e9moire de Jacques Wallet<\/p>\n<p>Monique\u00a0Grandbastien, Pierre\u00a0M\u0153glin\u00a0et Daniel\u00a0Peraya<br \/>\n<a href=\"https:\/\/journals.openedition.org\/dms\/5243\">DMS dans le \u00ab&#160;monde d\u2019apr\u00e8s&#160;\u00bb<\/a><br \/>\nLe mot des co-r\u00e9dacteurs en chef<\/p>\n<p>\u00c9milie\u00a0Remond, Philippe\u00a0Dumas\u00a0et Daniel\u00a0Burgos<br \/>\n<a href=\"https:\/\/journals.openedition.org\/dms\/4961\">\u00c9ditorial<\/a><\/p>\n<p>Claire\u00a0Polo\u00a0et Rawad\u00a0Chaker<br \/>\n<a href=\"https:\/\/journals.openedition.org\/dms\/4962\">Accompagner la r\u00e9ussite<\/a><br \/>\nPromesses et limites du dispositif mixte CLEFS pour l\u2019Universit\u00e9<br \/>\nSupporting success&#160;: promises and limits of the \u201cCLEFS\u201d mixed learning system<\/p>\n<p>Elke\u00a0Nissen<br \/>\n<a href=\"https:\/\/journals.openedition.org\/dms\/5007\">Mise \u00e0 l\u2019\u00e9preuve de param\u00e8tres pour une articulation r\u00e9ussie du distanciel et du pr\u00e9sentiel aux yeux des \u00e9tudiants\u00a0<\/a><br \/>\nCombining face-to-face and distant modes&#160;: validation of parameters for a successful blend in the students\u2019 perspective<\/p>\n<p>Aymeric\u00a0Bouchereau\u00a0et Ioan\u00a0Roxin<br \/>\n<a href=\"https:\/\/journals.openedition.org\/dms\/5028\">Objets connect\u00e9s&#160;: catalyseurs dans la m\u00e9diation des savoirs scientifiques<\/a><br \/>\nConnected devices&#160;: catalysts in the mediation of scientific knowledge<\/p>\n<p>&nbsp;<\/p>\n<p><strong>Retour d&rsquo;exp\u00e9rience<\/strong><\/p>\n<p>Audrey\u00a0Knauf\u00a0et Julien\u00a0Falgas<br \/>\n<a href=\"https:\/\/journals.openedition.org\/dms\/5073\">Les enjeux de l\u2019hybridation pour l\u2019apprentissage coactif<\/a><br \/>\nRetours d\u2019exp\u00e9riences dans l\u2019enseignement sup\u00e9rieur<br \/>\nThe issues of hybridization for coactive learning&#160;: feedback from higher education<\/p>\n<p>&nbsp;<\/p>\n<p><strong>Entretien<\/strong><\/p>\n<p>Daniel\u00a0Burgos, Philippe\u00a0Dumas\u00a0et \u00c9milie\u00a0Remond<br \/>\n<a href=\"https:\/\/journals.openedition.org\/dms\/5248\">Interview with Professor Belinda Tynan<\/a><br \/>\nA journey through distance education<br \/>\n<a href=\"https:\/\/journals.openedition.org\/dms\/5146\">Entretien avec la Professeure Belinda Tynan<\/a><br \/>\nUn voyage \u00e0 travers l\u2019enseignement \u00e0 distance<\/p>\n<p>&nbsp;<\/p>\n<p><strong>Notes de lecture<\/strong><\/p>\n<p>Daniel\u00a0Burgos<br \/>\n<a href=\"https:\/\/journals.openedition.org\/dms\/5152\">L&rsquo;apprentissage en ligne, une r\u00e9elle avanc\u00e9e pour une \u00e9ducation innovante<\/a><br \/>\nQuelques perspectives de la recherche chinoise<br \/>\n<a href=\"https:\/\/journals.openedition.org\/dms\/5178\">Online learning as a key breakthrough on innovative education<\/a><br \/>\nGeneral perspectives\u00a0from Chinese research<\/p>\n<p>Philippe\u00a0Dumas<br \/>\n<a href=\"https:\/\/journals.openedition.org\/dms\/5183\">Une probl\u00e9matique pluriculturelle de la notion d\u2019hybridation<\/a><br \/>\n<a href=\"https:\/\/journals.openedition.org\/dms\/5192\">A multicultural problematic of the notion of hybridization\u00a0<\/a><\/p>\n<p>&nbsp;<\/p>\n<p><strong>D\u00e9bat-discussion<\/strong><\/p>\n<p>Daniel\u00a0Peraya\u00a0et Claire\u00a0Peltier<br \/>\n<a href=\"https:\/\/journals.openedition.org\/dms\/5198\">Ce que la pand\u00e9mie fait \u00e0 l&rsquo;ing\u00e9nierie p\u00e9dagogique et ce que la rubrique peut en conter<\/a><\/p>\n<p>Emmanuelle\u00a0Villiot-Leclercq<br \/>\n<a href=\"https:\/\/journals.openedition.org\/dms\/5203\">L\u2019ing\u00e9nierie p\u00e9dagogique au temps de la Covid-19<\/a><\/p>\n<p>Pierre-Andr\u00e9\u00a0Caron<br \/>\n<a href=\"https:\/\/journals.openedition.org\/dms\/5211\">Ing\u00e9nierie dispositive et enseignement \u00e0 distance au temps de la COVID 19<\/a><\/p>\n<p>Romain\u00a0Laurent, Philippe\u00a0Dessus\u00a0et Dominique\u00a0Vaufreydaz<br \/>\n<a href=\"https:\/\/journals.openedition.org\/dms\/5228\">Design spatial sociotechnique\u00a0 &#8211; <\/a>Le r\u00f4le des classes sensibles au contexte<\/p>\n<p>&nbsp;<\/p>\n<\/p><\/div>\n<div class=\"zn-singledetail-keywords\">\n<h3 class=\"zn-singledetail-section-title\">Mots-cl\u00e9s<\/h3>\n<ul class=\"termslist termslist-post_tag\">\n<li class=\"termslist-item termslist-title\"><span class=\"termslist-titletxt\">Mots-cl\u00e9s<\/span><span class=\"doubledot\"><\/span><\/li>\n<li class=\"termslist-item tax-post_tag term-formation\"><a class=\"termslist-itemlink\" href=\"https:\/\/www.sfsic.org\/tag\/formation\/\" title=\"formation\"><span class=\"termslist-itemname\">formation<\/span><\/a><\/li>\n<li class=\"termslist-item tax-post_tag term-numerique\"><a class=\"termslist-itemlink\" href=\"https:\/\/www.sfsic.org\/tag\/numerique\/\" title=\"num\u00e9rique\"><span class=\"termslist-itemname\">num\u00e9rique<\/span><\/a><\/li>\n<li class=\"termslist-item tax-post_tag term-usages\"><a class=\"termslist-itemlink\" href=\"https:\/\/www.sfsic.org\/tag\/usages\/\" title=\"usages\"><span class=\"termslist-itemname\">usages<\/span><\/a><\/li>\n<\/ul><\/div>\n<\/p><\/div>\n<\/p><\/div>\n<\/p><\/div>\n<\/p><\/div>\n<\/div>\n<p><!-- \/fxzn:singledetail --><\/p>\n","protected":false},"excerpt":{"rendered":"<p>Mis en ligne le 23 juillet 2020 Th\u00e9matiques M\u00e9diation des savoirs, \u00e9ducation et formation Num\u00e9rique : strat\u00e9gies, dispositifs et usages Type de publication Num\u00e9ro de revue Nom de la publication [&hellip;]<\/p>\n","protected":false},"author":957,"featured_media":0,"comment_status":"closed","ping_status":"closed","sticky":false,"template":"","format":"standard","meta":{"_acf_changed":false,"footnotes":""},"categories":[70,31],"tags":[122,90,303],"thematique":[43,39],"sfsic":[],"class_list":["post-7151","post","type-post","status-publish","format-standard","hentry","category-numero-revue","category-publication","tag-formation","tag-numerique","tag-usages","thematique-mediation-des-savoirs-education-et-formation","thematique-numerique-strategies-dispositifs-et-usages","wp-sticky"],"acf":[],"yoast_head":"<!-- This site is optimized with the Yoast SEO plugin v27.4 - https:\/\/yoast.com\/product\/yoast-seo-wordpress\/ -->\n<title>Entre distance et pr\u00e9sence : la formation \u00e0 l&#039;heure de l&#039;hybridation<\/title>\n<meta name=\"description\" content=\"La revue\u00a0Distances et M\u00e9diations des Savoirs\u00a0publie son num\u00e9ro 30 et le consacre \u00e0 la th\u00e9matique &quot;Entre distance et pr\u00e9sence : la formation \u00e0 l&#039;heure de l&#039;hybridation \u00bb\" \/>\n<meta name=\"robots\" content=\"index, follow, max-snippet:-1, max-image-preview:large, max-video-preview:-1\" \/>\n<link rel=\"canonical\" href=\"https:\/\/www.sfsic.org\/en\/publication\/distances-et-mediations-des-savoirs-n30-entre-distance-et-presence-la-formation-a-lheure-de-lhybridation\/\" \/>\n<meta property=\"og:locale\" content=\"en_US\" \/>\n<meta property=\"og:type\" content=\"article\" \/>\n<meta property=\"og:title\" content=\"Entre distance et pr\u00e9sence : la formation \u00e0 l&#039;heure de l&#039;hybridation\" \/>\n<meta property=\"og:description\" content=\"La revue\u00a0Distances et M\u00e9diations des Savoirs\u00a0publie son num\u00e9ro 30 et le consacre \u00e0 la th\u00e9matique &quot;Entre distance et pr\u00e9sence : la formation \u00e0 l&#039;heure de l&#039;hybridation \u00bb\" \/>\n<meta property=\"og:url\" content=\"https:\/\/www.sfsic.org\/en\/publication\/distances-et-mediations-des-savoirs-n30-entre-distance-et-presence-la-formation-a-lheure-de-lhybridation\/\" \/>\n<meta property=\"og:site_name\" content=\"SFSIC\" \/>\n<meta property=\"article:published_time\" content=\"2020-07-23T11:21:56+00:00\" \/>\n<meta property=\"article:modified_time\" content=\"2020-08-28T15:19:45+00:00\" \/>\n<meta name=\"author\" content=\"Fabien Bonnet\" \/>\n<meta name=\"twitter:card\" content=\"summary_large_image\" \/>\n<script type=\"application\/ld+json\" class=\"yoast-schema-graph\">{\"@context\":\"https:\\\/\\\/schema.org\",\"@graph\":[{\"@type\":\"Article\",\"@id\":\"https:\\\/\\\/www.sfsic.org\\\/en\\\/publication\\\/distances-et-mediations-des-savoirs-n30-entre-distance-et-presence-la-formation-a-lheure-de-lhybridation\\\/#article\",\"isPartOf\":{\"@id\":\"https:\\\/\\\/www.sfsic.org\\\/en\\\/publication\\\/distances-et-mediations-des-savoirs-n30-entre-distance-et-presence-la-formation-a-lheure-de-lhybridation\\\/\"},\"author\":{\"name\":\"Fabien Bonnet\",\"@id\":\"https:\\\/\\\/www.sfsic.org\\\/en\\\/#\\\/schema\\\/person\\\/9f83573bda33f40c68c7c826e9567df6\"},\"headline\":\"Entre distance et pr\u00e9sence : la formation \u00e0 l&#8217;heure de l&#8217;hybridation\",\"datePublished\":\"2020-07-23T11:21:56+00:00\",\"dateModified\":\"2020-08-28T15:19:45+00:00\",\"mainEntityOfPage\":{\"@id\":\"https:\\\/\\\/www.sfsic.org\\\/en\\\/publication\\\/distances-et-mediations-des-savoirs-n30-entre-distance-et-presence-la-formation-a-lheure-de-lhybridation\\\/\"},\"wordCount\":602,\"publisher\":{\"@id\":\"https:\\\/\\\/www.sfsic.org\\\/en\\\/#organization\"},\"keywords\":[\"Formation\",\"Num\u00e9rique\",\"Usages\"],\"articleSection\":[\"Num\u00e9ro de revue\",\"Publications\"],\"inLanguage\":\"en-US\"},{\"@type\":\"WebPage\",\"@id\":\"https:\\\/\\\/www.sfsic.org\\\/en\\\/publication\\\/distances-et-mediations-des-savoirs-n30-entre-distance-et-presence-la-formation-a-lheure-de-lhybridation\\\/\",\"url\":\"https:\\\/\\\/www.sfsic.org\\\/en\\\/publication\\\/distances-et-mediations-des-savoirs-n30-entre-distance-et-presence-la-formation-a-lheure-de-lhybridation\\\/\",\"name\":\"Entre distance et pr\u00e9sence : la formation \u00e0 l'heure de l'hybridation\",\"isPartOf\":{\"@id\":\"https:\\\/\\\/www.sfsic.org\\\/en\\\/#website\"},\"datePublished\":\"2020-07-23T11:21:56+00:00\",\"dateModified\":\"2020-08-28T15:19:45+00:00\",\"description\":\"La revue\u00a0Distances et M\u00e9diations des Savoirs\u00a0publie son num\u00e9ro 30 et le consacre \u00e0 la th\u00e9matique \\\"Entre distance et pr\u00e9sence : la formation \u00e0 l'heure de l'hybridation \u00bb\",\"breadcrumb\":{\"@id\":\"https:\\\/\\\/www.sfsic.org\\\/en\\\/publication\\\/distances-et-mediations-des-savoirs-n30-entre-distance-et-presence-la-formation-a-lheure-de-lhybridation\\\/#breadcrumb\"},\"inLanguage\":\"en-US\",\"potentialAction\":[{\"@type\":\"ReadAction\",\"target\":[\"https:\\\/\\\/www.sfsic.org\\\/en\\\/publication\\\/distances-et-mediations-des-savoirs-n30-entre-distance-et-presence-la-formation-a-lheure-de-lhybridation\\\/\"]}]},{\"@type\":\"BreadcrumbList\",\"@id\":\"https:\\\/\\\/www.sfsic.org\\\/en\\\/publication\\\/distances-et-mediations-des-savoirs-n30-entre-distance-et-presence-la-formation-a-lheure-de-lhybridation\\\/#breadcrumb\",\"itemListElement\":[{\"@type\":\"ListItem\",\"position\":1,\"name\":\"Accueil\",\"item\":\"https:\\\/\\\/www.sfsic.org\\\/en\\\/\"},{\"@type\":\"ListItem\",\"position\":2,\"name\":\"Publications\",\"item\":\"https:\\\/\\\/www.sfsic.org\\\/en\\\/publication-en\\\/\"},{\"@type\":\"ListItem\",\"position\":3,\"name\":\"Journal issue\",\"item\":\"https:\\\/\\\/www.sfsic.org\\\/en\\\/publication-en\\\/journal-issue\\\/\"},{\"@type\":\"ListItem\",\"position\":4,\"name\":\"Entre distance et pr\u00e9sence&#160;: la formation \u00e0 l&rsquo;heure de l&rsquo;hybridation\"}]},{\"@type\":\"WebSite\",\"@id\":\"https:\\\/\\\/www.sfsic.org\\\/en\\\/#website\",\"url\":\"https:\\\/\\\/www.sfsic.org\\\/en\\\/\",\"name\":\"SFSIC\",\"description\":\"Soci\u00e9t\u00e9 Fran\u00e7aise des Sciences de l&#039;Information &amp; de la Communication\",\"publisher\":{\"@id\":\"https:\\\/\\\/www.sfsic.org\\\/en\\\/#organization\"},\"potentialAction\":[{\"@type\":\"SearchAction\",\"target\":{\"@type\":\"EntryPoint\",\"urlTemplate\":\"https:\\\/\\\/www.sfsic.org\\\/en\\\/?s={search_term_string}\"},\"query-input\":{\"@type\":\"PropertyValueSpecification\",\"valueRequired\":true,\"valueName\":\"search_term_string\"}}],\"inLanguage\":\"en-US\"},{\"@type\":\"Organization\",\"@id\":\"https:\\\/\\\/www.sfsic.org\\\/en\\\/#organization\",\"name\":\"SFSIC\",\"url\":\"https:\\\/\\\/www.sfsic.org\\\/en\\\/\",\"logo\":{\"@type\":\"ImageObject\",\"inLanguage\":\"en-US\",\"@id\":\"https:\\\/\\\/www.sfsic.org\\\/en\\\/#\\\/schema\\\/logo\\\/image\\\/\",\"url\":\"https:\\\/\\\/www.sfsic.org\\\/wp-inside\\\/uploads\\\/2020\\\/05\\\/logo-sfsic.jpg\",\"contentUrl\":\"https:\\\/\\\/www.sfsic.org\\\/wp-inside\\\/uploads\\\/2020\\\/05\\\/logo-sfsic.jpg\",\"width\":1085,\"height\":1080,\"caption\":\"SFSIC\"},\"image\":{\"@id\":\"https:\\\/\\\/www.sfsic.org\\\/en\\\/#\\\/schema\\\/logo\\\/image\\\/\"}},{\"@type\":\"Person\",\"@id\":\"https:\\\/\\\/www.sfsic.org\\\/en\\\/#\\\/schema\\\/person\\\/9f83573bda33f40c68c7c826e9567df6\",\"name\":\"Fabien Bonnet\",\"image\":{\"@type\":\"ImageObject\",\"inLanguage\":\"en-US\",\"@id\":\"https:\\\/\\\/secure.gravatar.com\\\/avatar\\\/88a9288fc13369cb9e30359afa340f8adace82098c18ff09415c6dacd710ddc4?s=96&d=mm&r=g\",\"url\":\"https:\\\/\\\/secure.gravatar.com\\\/avatar\\\/88a9288fc13369cb9e30359afa340f8adace82098c18ff09415c6dacd710ddc4?s=96&d=mm&r=g\",\"contentUrl\":\"https:\\\/\\\/secure.gravatar.com\\\/avatar\\\/88a9288fc13369cb9e30359afa340f8adace82098c18ff09415c6dacd710ddc4?s=96&d=mm&r=g\",\"caption\":\"Fabien Bonnet\"}}]}<\/script>\n<!-- \/ Yoast SEO plugin. -->","yoast_head_json":{"title":"Entre distance et pr\u00e9sence : la formation \u00e0 l'heure de l'hybridation","description":"La revue\u00a0Distances et M\u00e9diations des Savoirs\u00a0publie son num\u00e9ro 30 et le consacre \u00e0 la th\u00e9matique \"Entre distance et pr\u00e9sence : la formation \u00e0 l'heure de l'hybridation \u00bb","robots":{"index":"index","follow":"follow","max-snippet":"max-snippet:-1","max-image-preview":"max-image-preview:large","max-video-preview":"max-video-preview:-1"},"canonical":"https:\/\/www.sfsic.org\/en\/publication\/distances-et-mediations-des-savoirs-n30-entre-distance-et-presence-la-formation-a-lheure-de-lhybridation\/","og_locale":"en_US","og_type":"article","og_title":"Entre distance et pr\u00e9sence : la formation \u00e0 l'heure de l'hybridation","og_description":"La revue\u00a0Distances et M\u00e9diations des Savoirs\u00a0publie son num\u00e9ro 30 et le consacre \u00e0 la th\u00e9matique \"Entre distance et pr\u00e9sence : la formation \u00e0 l'heure de l'hybridation \u00bb","og_url":"https:\/\/www.sfsic.org\/en\/publication\/distances-et-mediations-des-savoirs-n30-entre-distance-et-presence-la-formation-a-lheure-de-lhybridation\/","og_site_name":"SFSIC","article_published_time":"2020-07-23T11:21:56+00:00","article_modified_time":"2020-08-28T15:19:45+00:00","author":"Fabien Bonnet","twitter_card":"summary_large_image","schema":{"@context":"https:\/\/schema.org","@graph":[{"@type":"Article","@id":"https:\/\/www.sfsic.org\/en\/publication\/distances-et-mediations-des-savoirs-n30-entre-distance-et-presence-la-formation-a-lheure-de-lhybridation\/#article","isPartOf":{"@id":"https:\/\/www.sfsic.org\/en\/publication\/distances-et-mediations-des-savoirs-n30-entre-distance-et-presence-la-formation-a-lheure-de-lhybridation\/"},"author":{"name":"Fabien Bonnet","@id":"https:\/\/www.sfsic.org\/en\/#\/schema\/person\/9f83573bda33f40c68c7c826e9567df6"},"headline":"Entre distance et pr\u00e9sence : la formation \u00e0 l&#8217;heure de l&#8217;hybridation","datePublished":"2020-07-23T11:21:56+00:00","dateModified":"2020-08-28T15:19:45+00:00","mainEntityOfPage":{"@id":"https:\/\/www.sfsic.org\/en\/publication\/distances-et-mediations-des-savoirs-n30-entre-distance-et-presence-la-formation-a-lheure-de-lhybridation\/"},"wordCount":602,"publisher":{"@id":"https:\/\/www.sfsic.org\/en\/#organization"},"keywords":["Formation","Num\u00e9rique","Usages"],"articleSection":["Num\u00e9ro de revue","Publications"],"inLanguage":"en-US"},{"@type":"WebPage","@id":"https:\/\/www.sfsic.org\/en\/publication\/distances-et-mediations-des-savoirs-n30-entre-distance-et-presence-la-formation-a-lheure-de-lhybridation\/","url":"https:\/\/www.sfsic.org\/en\/publication\/distances-et-mediations-des-savoirs-n30-entre-distance-et-presence-la-formation-a-lheure-de-lhybridation\/","name":"Entre distance et pr\u00e9sence : la formation \u00e0 l'heure de l'hybridation","isPartOf":{"@id":"https:\/\/www.sfsic.org\/en\/#website"},"datePublished":"2020-07-23T11:21:56+00:00","dateModified":"2020-08-28T15:19:45+00:00","description":"La revue\u00a0Distances et M\u00e9diations des Savoirs\u00a0publie son num\u00e9ro 30 et le consacre \u00e0 la th\u00e9matique \"Entre distance et pr\u00e9sence : la formation \u00e0 l'heure de l'hybridation \u00bb","breadcrumb":{"@id":"https:\/\/www.sfsic.org\/en\/publication\/distances-et-mediations-des-savoirs-n30-entre-distance-et-presence-la-formation-a-lheure-de-lhybridation\/#breadcrumb"},"inLanguage":"en-US","potentialAction":[{"@type":"ReadAction","target":["https:\/\/www.sfsic.org\/en\/publication\/distances-et-mediations-des-savoirs-n30-entre-distance-et-presence-la-formation-a-lheure-de-lhybridation\/"]}]},{"@type":"BreadcrumbList","@id":"https:\/\/www.sfsic.org\/en\/publication\/distances-et-mediations-des-savoirs-n30-entre-distance-et-presence-la-formation-a-lheure-de-lhybridation\/#breadcrumb","itemListElement":[{"@type":"ListItem","position":1,"name":"Accueil","item":"https:\/\/www.sfsic.org\/en\/"},{"@type":"ListItem","position":2,"name":"Publications","item":"https:\/\/www.sfsic.org\/en\/publication-en\/"},{"@type":"ListItem","position":3,"name":"Journal issue","item":"https:\/\/www.sfsic.org\/en\/publication-en\/journal-issue\/"},{"@type":"ListItem","position":4,"name":"Entre distance et pr\u00e9sence&#160;: la formation \u00e0 l&rsquo;heure de l&rsquo;hybridation"}]},{"@type":"WebSite","@id":"https:\/\/www.sfsic.org\/en\/#website","url":"https:\/\/www.sfsic.org\/en\/","name":"SFSIC","description":"Soci\u00e9t\u00e9 Fran\u00e7aise des Sciences de l&#039;Information &amp; de la Communication","publisher":{"@id":"https:\/\/www.sfsic.org\/en\/#organization"},"potentialAction":[{"@type":"SearchAction","target":{"@type":"EntryPoint","urlTemplate":"https:\/\/www.sfsic.org\/en\/?s={search_term_string}"},"query-input":{"@type":"PropertyValueSpecification","valueRequired":true,"valueName":"search_term_string"}}],"inLanguage":"en-US"},{"@type":"Organization","@id":"https:\/\/www.sfsic.org\/en\/#organization","name":"SFSIC","url":"https:\/\/www.sfsic.org\/en\/","logo":{"@type":"ImageObject","inLanguage":"en-US","@id":"https:\/\/www.sfsic.org\/en\/#\/schema\/logo\/image\/","url":"https:\/\/www.sfsic.org\/wp-inside\/uploads\/2020\/05\/logo-sfsic.jpg","contentUrl":"https:\/\/www.sfsic.org\/wp-inside\/uploads\/2020\/05\/logo-sfsic.jpg","width":1085,"height":1080,"caption":"SFSIC"},"image":{"@id":"https:\/\/www.sfsic.org\/en\/#\/schema\/logo\/image\/"}},{"@type":"Person","@id":"https:\/\/www.sfsic.org\/en\/#\/schema\/person\/9f83573bda33f40c68c7c826e9567df6","name":"Fabien Bonnet","image":{"@type":"ImageObject","inLanguage":"en-US","@id":"https:\/\/secure.gravatar.com\/avatar\/88a9288fc13369cb9e30359afa340f8adace82098c18ff09415c6dacd710ddc4?s=96&d=mm&r=g","url":"https:\/\/secure.gravatar.com\/avatar\/88a9288fc13369cb9e30359afa340f8adace82098c18ff09415c6dacd710ddc4?s=96&d=mm&r=g","contentUrl":"https:\/\/secure.gravatar.com\/avatar\/88a9288fc13369cb9e30359afa340f8adace82098c18ff09415c6dacd710ddc4?s=96&d=mm&r=g","caption":"Fabien Bonnet"}}]}},"_links":{"self":[{"href":"https:\/\/www.sfsic.org\/en\/wp-json\/wp\/v2\/posts\/7151","targetHints":{"allow":["GET"]}}],"collection":[{"href":"https:\/\/www.sfsic.org\/en\/wp-json\/wp\/v2\/posts"}],"about":[{"href":"https:\/\/www.sfsic.org\/en\/wp-json\/wp\/v2\/types\/post"}],"author":[{"embeddable":true,"href":"https:\/\/www.sfsic.org\/en\/wp-json\/wp\/v2\/users\/957"}],"replies":[{"embeddable":true,"href":"https:\/\/www.sfsic.org\/en\/wp-json\/wp\/v2\/comments?post=7151"}],"version-history":[{"count":2,"href":"https:\/\/www.sfsic.org\/en\/wp-json\/wp\/v2\/posts\/7151\/revisions"}],"predecessor-version":[{"id":7186,"href":"https:\/\/www.sfsic.org\/en\/wp-json\/wp\/v2\/posts\/7151\/revisions\/7186"}],"wp:attachment":[{"href":"https:\/\/www.sfsic.org\/en\/wp-json\/wp\/v2\/media?parent=7151"}],"wp:term":[{"taxonomy":"category","embeddable":true,"href":"https:\/\/www.sfsic.org\/en\/wp-json\/wp\/v2\/categories?post=7151"},{"taxonomy":"post_tag","embeddable":true,"href":"https:\/\/www.sfsic.org\/en\/wp-json\/wp\/v2\/tags?post=7151"},{"taxonomy":"thematique","embeddable":true,"href":"https:\/\/www.sfsic.org\/en\/wp-json\/wp\/v2\/thematique?post=7151"},{"taxonomy":"sfsic","embeddable":true,"href":"https:\/\/www.sfsic.org\/en\/wp-json\/wp\/v2\/sfsic?post=7151"}],"curies":[{"name":"wp","href":"https:\/\/api.w.org\/{rel}","templated":true}]}}