{"id":5865,"date":"2020-05-18T09:52:14","date_gmt":"2020-05-18T07:52:14","guid":{"rendered":"https:\/\/www.sfsic.org\/?p=5865"},"modified":"2020-05-18T09:52:35","modified_gmt":"2020-05-18T07:52:35","slug":"5865","status":"publish","type":"post","link":"https:\/\/www.sfsic.org\/en\/emplois\/5865\/","title":{"rendered":"Contrats doctoraux &#8211; UCLouvain"},"content":{"rendered":"<p><!-- fxzn:singledetail --><\/p>\n<div class=\"zone zn-singledetail\" id=\"fxzn-singledetail-1\">\n<div class=\"zone-block zn-singledetail-block alignwide va-top\">\n<div class=\"row\">\n<div class=\"columns large-8 large-push-4\">\n<div class=\"zn-singledetail-metabox\">\n<div class=\"zn-singledetail-pubdate pubdate\">\n\t\t\t\t\t<span class=\"pubdate-txt\">Mis en ligne le<\/span><span class=\"doubledot\"><\/span> <time class=\"pubdate-time\" pubdate datetime=\"2020-05-18T09:52:14+02:00\">18 mai 2020<\/time>\t\t\t\t<\/div>\n<div class=\"zn-singledetail-thematiques with-sep-comma\">\n<ul class=\"termslist termslist-thematique\">\n<li class=\"termslist-item termslist-title\"><span class=\"termslist-titletxt\">Th\u00e9matiques<\/span><span class=\"doubledot\"><\/span><\/li>\n<li class=\"termslist-item tax-thematique term-communication-publique-politique\"><a class=\"termslist-itemlink\" href=\"https:\/\/www.sfsic.org\/thematiques\/communication-publique-politique\/\" title=\"Communication publique et politique\"><span class=\"termslist-itemname\">Communication publique et politique<\/span><\/a><\/li>\n<\/ul><\/div>\n<\/p><\/div>\n<\/p><\/div>\n<\/p><\/div>\n<div class=\"row\">\n<div class=\"columns large-4\">\n<div class=\"zn-singledetail-sidebar bg-cornersquares\">\n<div class=\"zn-singledetail-infos\">\n<p class=\"zn-singledetail-reponse-date\">\n\t\t\t\t\t\t<span>R\u00e9ponse attendue pour le<\/span><span class=\"doubledot\"><\/span> <strong>10\/07\/2020<\/strong>\n\t\t\t\t\t<\/p>\n<p class=\"zn-singledetail-type\">\n\t\t\t\t\t\t\t<span>Type d\u2019annonce<\/span><span class=\"doubledot\"><\/span> <strong>Emploi<\/strong>\n\t\t\t\t\t<\/p>\n<\/p><\/div>\n<div class=\"zn-singledetail-contacts\">\n<h3 class=\"zn-singledetail-section-title\">Contacts<\/h3>\n<ul class=\"zn-singledetail-contacts-list\">\n<li>\n\t\t\t\t\t\t\t<span><span>Barbara<\/span> <span>De Cock<\/span><\/span><span class=\"doubledot\"><\/span><br \/>\n\t\t\t\t\t\t\t\t\t\t\t\t\t\t<a class=\"prettylink\" href=\"mailto:Barbara.decock@uclouvain.be\">Barbara.decock@uclouvain.be<\/a>\n\t\t\t\t\t\t\t\t\t\t\t\t\t<\/li>\n<li>\n\t\t\t\t\t\t\t<span><span>Philippe <\/span> <span>Hambye<\/span><\/span><span class=\"doubledot\"><\/span><br \/>\n\t\t\t\t\t\t\t\t\t\t\t\t\t\t<a class=\"prettylink\" href=\"mailto:philippe.hambye@uclouvain.be\">philippe.hambye@uclouvain.be<\/a>\n\t\t\t\t\t\t\t\t\t\t\t\t\t<\/li>\n<li>\n\t\t\t\t\t\t\t<span><span>Min<\/span> <span>Reuchamps<\/span><\/span><span class=\"doubledot\"><\/span><br \/>\n\t\t\t\t\t\t\t\t\t\t\t\t\t\t<a class=\"prettylink\" href=\"mailto:min.reuchamps@uclouvain.be\">min.reuchamps@uclouvain.be<\/a>\n\t\t\t\t\t\t\t\t\t\t\t\t\t<\/li>\n<li>\n\t\t\t\t\t\t\t<span><span>Sandrine<\/span> <span>Roginsky<\/span><\/span><span class=\"doubledot\"><\/span><br \/>\n\t\t\t\t\t\t\t\t\t\t\t\t\t\t<a class=\"prettylink\" href=\"mailto:Sandrine.roginsky@uclouvain.be\">Sandrine.roginsky@uclouvain.be<\/a>\n\t\t\t\t\t\t\t\t\t\t\t\t\t<\/li>\n<\/ul><\/div>\n<\/p><\/div>\n<\/p><\/div>\n<div class=\"columns large-8\">\n<div class=\"zn-singledetail-contentbox\">\n<div class=\"zn-singledetail-annonce wig-content\">\n<p>Appel \u00e0 candidature pour deux contrats doctoraux de 4 ans (un en linguistique, l\u2019autre en communication) \u00e0 l\u2019UCLouvain dans le cadre du projet ARC \u201cDiscourse, populism and democracy. Tracking the uses of populism in media and political discourse (TrUMPo)\u201d.<\/p>\n<p>&nbsp;<\/p>\n<p>Job announcement for two full-time\/4 years PhD\u00a0positions (one PhD in linguistics, one PhD in communication studies)\u00a0at UClouvain (Belgium) as part of the research project \u201cDiscourse, populism and democracy. Tracking the uses of populism in media and political discourse (TrUMPo)\u201d.<\/p>\n<p>&nbsp;<\/p>\n<p>&#8212;<\/p>\n<p><strong>Project description<\/strong><\/p>\n<p>In contemporary democracies, there is not a day without the word <em>populism <\/em>being used in political and media <em>discourse<\/em>. For many observers worldwide, the spread of populism is one of the main threats to democracy. This has led to the development of a booming literature on populist political parties and politicians. These works have provided rich insights into the origin, the discourse and the impact of such particular actors. Nevertheless, one major aspect of populism remains understudied, namely the use of the term <em>populist <\/em>itself by political and other actors, which is the subject of a real political struggle (Laclau, 2005).<em>Populism <\/em>is indeed used by some political actors to disqualify political opponents but also as a positive category\/label demonstrating proximity to people\u2019s concerns in order to gain legitimacy (Mazzoleni, 2007). These uses of <em>populism <\/em>lead to fierce debates about the role and place of the people in democracies, and about who can pretend to best represent the people. It also raises the question of what is a legitimate (or illegitimate) way to refer to the people in a democracy in the context of a deep democratic malaise worldwide and in particular in Western democracies. Hence, the way the word and the notion of <em>populism <\/em>are defined, used and circulated is directly related to competing conceptions of democracy. In order to understand how the construction of this category of <em>populism <\/em>contributes to shaping our collective imagination of democracy, we consider that we need to understand in which contexts and situations this notion is used, which meaning it conveys in actual discursive practices, and how it circulates in the public debate. This is why we will study this topic from a threefold perspective&#160;: political science, communication studies and linguistics. We will compare these discourses in the national public sphere of three countries Belgium, France and Spain, and we will conduct a qualitative and quantitative analysis of data from different forums in which discourses about populism can be held&#160;: (i) the <em>parliamentary arena <\/em>(ii)<em>mass media <\/em>and (iii) <em>social media platforms<\/em>.<\/p>\n<p><strong><em>PhD 1 \u2013 Linguistics<\/em><\/strong><\/p>\n<p><strong>1 full-time PhD position, for 4 years <\/strong>(supervisors&#160;: B. De Cock and Ph. Hambye). This project will be carried out in the field of linguistics and more precisely discourse analysis. It will focus on the comparison between languages in order to capture in a detailed way how the term \u201cpopulism\u201d is used, focusing on the linguistic strategies to do so and the specificities of the different languages and countries involved. This PhD will hence involve comparative work on Dutch, French and Spanish data. While approaching the data from a linguistic point of view, this project will consider the Belgian and French data in French separately, in order to take into account differences possibly due to the different constellation of the public sphere.<\/p>\n<p>Profile ==================================<\/p>\n<ul>\n<li>Master in linguistics, or master in languages with a strong focus on linguistics, or near fields&#160;;<\/li>\n<li>Min. C1 command of French and Spanish. A good knowledge of Dutch is an asset.&#160;;<\/li>\n<li>High level of academic English, both written and spoken, will be considered an asset&#160;;<\/li>\n<li>Good methodological skills both quantitative and qualitative&#160;;<\/li>\n<li>Familiarity with discourse analysis (asset)&#160;;<\/li>\n<li>Dynamic and motivated&#160;;<\/li>\n<li>Ability to work both independently and as part of an interdisciplinary team.<\/li>\n<\/ul>\n<p>&#160;\u00bb src=\u00a0\u00bbcid:image001.png@01D62AD9.B7EFE370&Prime; alt=\u00a0\u00bbpage1image62055728&Prime; class=\u00a0\u00bbApple-web-attachment Singleton&#160;\u00bb style=\u00a0\u00bbwidth&#160;: 0.0104in&#160;; height&#160;: 0.0104in&#160;; opacity&#160;: 1&#160;;&#160;\u00bb&gt;<\/p>\n<p><strong><em>PhD 2 \u2013 Communication<\/em><\/strong><\/p>\n<p><strong>1 full-time PhD position for 4 years <\/strong>(supervisors&#160;: S. Roginsky and B. De Cock) will focus on the circulation of discourses on populism in traditional and social media&#160;: how discourse concerning populism is transferred, which fragments are used and re-used, by whom and how, also taking into account the media infrastructures, in two languages. Through its communicative angle, this research will then look into how discourse concerning populism is transferred with a focus both on the communication settings and the forms used to do so. This part of the project then also implies a reflection on the communication infrastructures in the respective case studies. In the second place, this research will also adopt a communicative- linguistic approach to the ways in which the discourses are transformed when being transferred.<\/p>\n<p>Profile ==================================<\/p>\n<ul>\n<li>Master in communication science or near fields&#160;;<\/li>\n<li>Min. C1 command of at least 2 of the three languages studied in the project (Dutch, French, Spanish). A good knowledge of the third language is an asset&#160;;<\/li>\n<li>High level knowledge of academic English, both written and spoken, will be considered an asset&#160;;<\/li>\n<li>Good methodological skills both quantitative and qualitative&#160;;<\/li>\n<li>Dynamic and motivated&#160;;<\/li>\n<li>Ability to work both independently and as part of an interdisciplinary team.<\/li>\n<\/ul>\n<p>&nbsp;<\/p>\n<p><strong>Work environment<\/strong><br \/>\n==================================<br \/>\nThe PhD researchers will be funded by the Action de recherche concerte\u0301e funds of the Universite\u0301 catholique de Louvain within the TrUMPo research project. The salary is according to UCLouvain regulations for PhD scholarships. The employment starts on October 1st 2020. Grant duration&#160;: 4 years.<\/p>\n<p><strong>Procedure<\/strong><br \/>\n==================================<br \/>\nInterested candidates should send their application to&#160;: Catherine Goossens (<a href=\"mailto:trumpo@uclouvain.be\">trumpo@uclouvain.be<\/a>) before 10 July 2020. Applications should include in one single pdf file&#160;: (1) a curriculum vitae, (2) a letter of application stating to which PhD you apply (PhD 1, PhD 2, or both), (3) a list of courses and academic transcripts, (4) an academic publication (if you have one) or your Master&rsquo;s thesis, and (5) the contact information (e-mail) of two potential references. After a first round of selection based on the applications, the short-listed candidates will be interviewed via videoconferencing between 15 and 20 July 2020.<\/p>\n<p>For questions, please contact the promoters of the project&#160;: Barbara De Cock (<a href=\"mailto:Barbara.decock@uclouvain.be\">Barbara.decock@uclouvain.be<\/a>), Philippe Hambye (<a href=\"mailto:philippe.hambye@uclouvain.be\">philippe.hambye@uclouvain.be<\/a>), Min Reuchamps (<a href=\"mailto:min.reuchamps@uclouvain.be\">min.reuchamps@uclouvain.be<\/a>) and Sandrine Roginsky (<a href=\"mailto:Sandrine.roginsky@uclouvain.be\">Sandrine.roginsky@uclouvain.be<\/a>).<\/p>\n<\/p><\/div>\n<div class=\"zn-singledetail-attachedfiles\">\n<h3 class=\"zn-singledetail-section-title\">Fichier(s) attach\u00e9(s)<\/h3>\n<ul class=\"zn-singledetail-attachedfiles-list\">\n<li class=\"zn-singledetail-attachedfiles-item\">\n\t\t\t\t\t\t\t<a class=\"zn-singledetail-attachedfiles-link button outline for-download\" href=\"https:\/\/www.sfsic.org\/wp-inside\/uploads\/2020\/05\/trumpo_call-for-phd-students.pdf\" title=\"T\u00e9l\u00e9charger : \u00ab trumpo_call-for-phd-students.pdf \u00bb\" target=\"_blank\" rel=\"noopener noreferrer\"><br \/>\n\t\t\t\t\t\t\t\t<span class=\"button-txt\">trumpo_call-for-[&#8230;].pdf<\/span><br \/>\n\t\t\t\t\t\t\t<\/a>\n\t\t\t\t\t\t<\/li>\n<\/ul><\/div>\n<div class=\"zn-singledetail-keywords\">\n<h3 class=\"zn-singledetail-section-title\">Mots-cl\u00e9s<\/h3>\n<ul class=\"termslist termslist-post_tag\">\n<li class=\"termslist-item termslist-title\"><span class=\"termslist-titletxt\">Mots-cl\u00e9s<\/span><span class=\"doubledot\"><\/span><\/li>\n<li class=\"termslist-item tax-post_tag term-analyse-du-discours\"><a class=\"termslist-itemlink\" href=\"https:\/\/www.sfsic.org\/tag\/analyse-du-discours\/\" title=\"Analyse du discours\"><span class=\"termslist-itemname\">Analyse du discours<\/span><\/a><\/li>\n<li class=\"termslist-item tax-post_tag term-media\"><a class=\"termslist-itemlink\" href=\"https:\/\/www.sfsic.org\/tag\/media\/\" title=\"m\u00e9dia\"><span class=\"termslist-itemname\">m\u00e9dia<\/span><\/a><\/li>\n<li class=\"termslist-item tax-post_tag term-politique\"><a class=\"termslist-itemlink\" href=\"https:\/\/www.sfsic.org\/tag\/politique\/\" title=\"Politique\"><span class=\"termslist-itemname\">Politique<\/span><\/a><\/li>\n<\/ul><\/div>\n<\/p><\/div>\n<\/p><\/div>\n<\/p><\/div>\n<\/p><\/div>\n<\/div>\n<p><!-- \/fxzn:singledetail --><br \/>\n<!-- flzn:textblock --><\/p>\n<div class=\"zone zn-textblock\" id=\"flzn-textblock-1\">\n<div class=\"zone-block zn-textblock-block va-top\">\n<div class=\"row mw-content-zone\">\n<div class=\"columns large-12\">\n<div class=\"row large-up-1 with-nice-alignment nbloc-1\">\n<div class=\"column zn-textblock-col\">\n<div class=\"column-inner\">\n<div class=\"wig-content mw-content\">\n<p>Appel \u00e0 candidature pour deux contrats doctoraux de 4 ans (un en linguistique, l\u2019autre en communication) \u00e0 l\u2019UCLouvain dans le cadre du projet ARC \u201cDiscourse, populism and democracy. Tracking the uses of populism in media and political discourse (TrUMPo)\u201d.<\/p>\n<p>&nbsp;<\/p>\n<p>Job announcement for two full-time\/4 years PhD\u00a0positions (one PhD in linguistics, one PhD in communication studies)\u00a0at UClouvain (Belgium) as part of the research project \u201cDiscourse, populism and democracy. Tracking the uses of populism in media and political discourse (TrUMPo)\u201d.<\/p>\n<p>&nbsp;<\/p>\n<p>&#8212;<\/p>\n<p><strong>Project description<\/strong><\/p>\n<p>In contemporary democracies, there is not a day without the word <em>populism <\/em>being used in political and media <em>discourse<\/em>. For many observers worldwide, the spread of populism is one of the main threats to democracy. This has led to the development of a booming literature on populist political parties and politicians. These works have provided rich insights into the origin, the discourse and the impact of such particular actors. Nevertheless, one major aspect of populism remains understudied, namely the use of the term <em>populist <\/em>itself by political and other actors, which is the subject of a real political struggle (Laclau, 2005).<em>Populism <\/em>is indeed used by some political actors to disqualify political opponents but also as a positive category\/label demonstrating proximity to people\u2019s concerns in order to gain legitimacy (Mazzoleni, 2007). These uses of <em>populism <\/em>lead to fierce debates about the role and place of the people in democracies, and about who can pretend to best represent the people. It also raises the question of what is a legitimate (or illegitimate) way to refer to the people in a democracy in the context of a deep democratic malaise worldwide and in particular in Western democracies. Hence, the way the word and the notion of <em>populism <\/em>are defined, used and circulated is directly related to competing conceptions of democracy. In order to understand how the construction of this category of <em>populism <\/em>contributes to shaping our collective imagination of democracy, we consider that we need to understand in which contexts and situations this notion is used, which meaning it conveys in actual discursive practices, and how it circulates in the public debate. This is why we will study this topic from a threefold perspective&#160;: political science, communication studies and linguistics. We will compare these discourses in the national public sphere of three countries Belgium, France and Spain, and we will conduct a qualitative and quantitative analysis of data from different forums in which discourses about populism can be held&#160;: (i) the <em>parliamentary arena <\/em>(ii)<em>mass media <\/em>and (iii) <em>social media platforms<\/em>.<\/p>\n<p><strong><em>PhD 1 \u2013 Linguistics<\/em><\/strong><\/p>\n<p><strong>1 full-time PhD position, for 4 years <\/strong>(supervisors&#160;: B. De Cock and Ph. Hambye). This project will be carried out in the field of linguistics and more precisely discourse analysis. It will focus on the comparison between languages in order to capture in a detailed way how the term \u201cpopulism\u201d is used, focusing on the linguistic strategies to do so and the specificities of the different languages and countries involved. This PhD will hence involve comparative work on Dutch, French and Spanish data. While approaching the data from a linguistic point of view, this project will consider the Belgian and French data in French separately, in order to take into account differences possibly due to the different constellation of the public sphere.<\/p>\n<p>Profile ==================================<\/p>\n<ul>\n<li>Master in linguistics, or master in languages with a strong focus on linguistics, or near fields&#160;;<\/li>\n<li>Min. C1 command of French and Spanish. A good knowledge of Dutch is an asset.&#160;;<\/li>\n<li>High level of academic English, both written and spoken, will be considered an asset&#160;;<\/li>\n<li>Good methodological skills both quantitative and qualitative&#160;;<\/li>\n<li>Familiarity with discourse analysis (asset)&#160;;<\/li>\n<li>Dynamic and motivated&#160;;<\/li>\n<li>Ability to work both independently and as part of an interdisciplinary team.<\/li>\n<\/ul>\n<p>&#160;\u00bb src=\u00a0\u00bbcid:image001.png@01D62AD9.B7EFE370&Prime; alt=\u00a0\u00bbpage1image62055728&Prime; class=\u00a0\u00bbApple-web-attachment Singleton&#160;\u00bb style=\u00a0\u00bbwidth&#160;: 0.0104in&#160;; height&#160;: 0.0104in&#160;; opacity&#160;: 1&#160;;&#160;\u00bb&gt;<\/p>\n<p><strong><em>PhD 2 \u2013 Communication<\/em><\/strong><\/p>\n<p><strong>1 full-time PhD position for 4 years <\/strong>(supervisors&#160;: S. Roginsky and B. De Cock) will focus on the circulation of discourses on populism in traditional and social media&#160;: how discourse concerning populism is transferred, which fragments are used and re-used, by whom and how, also taking into account the media infrastructures, in two languages. Through its communicative angle, this research will then look into how discourse concerning populism is transferred with a focus both on the communication settings and the forms used to do so. This part of the project then also implies a reflection on the communication infrastructures in the respective case studies. In the second place, this research will also adopt a communicative- linguistic approach to the ways in which the discourses are transformed when being transferred.<\/p>\n<p>Profile ==================================<\/p>\n<ul>\n<li>Master in communication science or near fields&#160;;<\/li>\n<li>Min. C1 command of at least 2 of the three languages studied in the project (Dutch, French, Spanish). A good knowledge of the third language is an asset&#160;;<\/li>\n<li>High level knowledge of academic English, both written and spoken, will be considered an asset&#160;;<\/li>\n<li>Good methodological skills both quantitative and qualitative&#160;;<\/li>\n<li>Dynamic and motivated&#160;;<\/li>\n<li>Ability to work both independently and as part of an interdisciplinary team.<\/li>\n<\/ul>\n<p>&nbsp;<\/p>\n<p><strong>Work environment<\/strong><br \/>\n==================================<br \/>\nThe PhD researchers will be funded by the Action de recherche concerte\u0301e funds of the Universite\u0301 catholique de Louvain within the TrUMPo research project. The salary is according to UCLouvain regulations for PhD scholarships. The employment starts on October 1st 2020. Grant duration&#160;: 4 years.<\/p>\n<p><strong>Procedure<\/strong><br \/>\n==================================<br \/>\nInterested candidates should send their application to&#160;: Catherine Goossens (<a href=\"mailto:trumpo@uclouvain.be\">trumpo@uclouvain.be<\/a>) before 10 July 2020. Applications should include in one single pdf file&#160;: (1) a curriculum vitae, (2) a letter of application stating to which PhD you apply (PhD 1, PhD 2, or both), (3) a list of courses and academic transcripts, (4) an academic publication (if you have one) or your Master&rsquo;s thesis, and (5) the contact information (e-mail) of two potential references. After a first round of selection based on the applications, the short-listed candidates will be interviewed via videoconferencing between 15 and 20 July 2020.<\/p>\n<p>For questions, please contact the promoters of the project&#160;: Barbara De Cock (<a href=\"mailto:Barbara.decock@uclouvain.be\">Barbara.decock@uclouvain.be<\/a>), Philippe Hambye (<a href=\"mailto:philippe.hambye@uclouvain.be\">philippe.hambye@uclouvain.be<\/a>), Min Reuchamps (<a href=\"mailto:min.reuchamps@uclouvain.be\">min.reuchamps@uclouvain.be<\/a>) and Sandrine Roginsky (<a href=\"mailto:Sandrine.roginsky@uclouvain.be\">Sandrine.roginsky@uclouvain.be<\/a>).<\/p>\n<\/p><\/div>\n<\/p><\/div>\n<\/p><\/div>\n<\/p><\/div>\n<\/p><\/div>\n<\/p><\/div>\n<\/p><\/div>\n<\/div>\n<p><!-- \/flzn:textblock --><\/p>\n","protected":false},"excerpt":{"rendered":"<p>Mis en ligne le 18 mai 2020 Th\u00e9matiques Communication publique et politique R\u00e9ponse attendue pour le 10\/07\/2020 Type d\u2019annonce Emploi Contacts Barbara De Cock Barbara.decock@uclouvain.be Philippe Hambye philippe.hambye@uclouvain.be Min Reuchamps [&hellip;]<\/p>\n","protected":false},"author":957,"featured_media":0,"comment_status":"closed","ping_status":"closed","sticky":false,"template":"","format":"standard","meta":{"_acf_changed":false,"footnotes":""},"categories":[64,32],"tags":[189,46,190],"thematique":[36],"sfsic":[],"class_list":["post-5865","post","type-post","status-publish","format-standard","hentry","category-emploi","category-emplois","tag-analyse-du-discours","tag-media","tag-politique","thematique-communication-publique-et-politique","wp-sticky"],"acf":[],"yoast_head":"<!-- This site is optimized with the Yoast SEO plugin v27.4 - https:\/\/yoast.com\/product\/yoast-seo-wordpress\/ -->\n<title>Contrats doctoraux - UCLouvain<\/title>\n<meta name=\"description\" content=\"Appel \u00e0 candidature pour deux contrats doctoraux de 4 ans (un en linguistique, l\u2019autre en communication) \u00e0 l\u2019UCLouvain dans le cadre du projet ARC \u201cDiscourse, populism and democracy. Tracking the uses of populism in media and political discourse (TrUMPo)\u201d.\" \/>\n<meta name=\"robots\" content=\"index, follow, max-snippet:-1, max-image-preview:large, max-video-preview:-1\" \/>\n<link rel=\"canonical\" href=\"https:\/\/www.sfsic.org\/en\/emplois\/5865\/\" \/>\n<meta property=\"og:locale\" content=\"en_US\" \/>\n<meta property=\"og:type\" content=\"article\" \/>\n<meta property=\"og:title\" content=\"Contrats doctoraux - UCLouvain\" \/>\n<meta property=\"og:description\" content=\"Appel \u00e0 candidature pour deux contrats doctoraux de 4 ans (un en linguistique, l\u2019autre en communication) \u00e0 l\u2019UCLouvain dans le cadre du projet ARC \u201cDiscourse, populism and democracy. Tracking the uses of populism in media and political discourse (TrUMPo)\u201d.\" \/>\n<meta property=\"og:url\" content=\"https:\/\/www.sfsic.org\/en\/emplois\/5865\/\" \/>\n<meta property=\"og:site_name\" content=\"SFSIC\" \/>\n<meta property=\"article:published_time\" content=\"2020-05-18T07:52:14+00:00\" \/>\n<meta property=\"article:modified_time\" content=\"2020-05-18T07:52:35+00:00\" \/>\n<meta name=\"author\" content=\"Fabien Bonnet\" \/>\n<meta name=\"twitter:card\" content=\"summary_large_image\" \/>\n<script type=\"application\/ld+json\" class=\"yoast-schema-graph\">{\"@context\":\"https:\\\/\\\/schema.org\",\"@graph\":[{\"@type\":\"Article\",\"@id\":\"https:\\\/\\\/www.sfsic.org\\\/en\\\/emplois\\\/5865\\\/#article\",\"isPartOf\":{\"@id\":\"https:\\\/\\\/www.sfsic.org\\\/en\\\/emplois\\\/5865\\\/\"},\"author\":{\"name\":\"Fabien Bonnet\",\"@id\":\"https:\\\/\\\/www.sfsic.org\\\/en\\\/#\\\/schema\\\/person\\\/9f83573bda33f40c68c7c826e9567df6\"},\"headline\":\"Contrats doctoraux &#8211; UCLouvain\",\"datePublished\":\"2020-05-18T07:52:14+00:00\",\"dateModified\":\"2020-05-18T07:52:35+00:00\",\"mainEntityOfPage\":{\"@id\":\"https:\\\/\\\/www.sfsic.org\\\/en\\\/emplois\\\/5865\\\/\"},\"wordCount\":2093,\"publisher\":{\"@id\":\"https:\\\/\\\/www.sfsic.org\\\/en\\\/#organization\"},\"keywords\":[\"Analyse du discours\",\"m\u00e9dia\",\"Politique\"],\"articleSection\":[\"Emploi\",\"Emplois\"],\"inLanguage\":\"en-US\"},{\"@type\":\"WebPage\",\"@id\":\"https:\\\/\\\/www.sfsic.org\\\/en\\\/emplois\\\/5865\\\/\",\"url\":\"https:\\\/\\\/www.sfsic.org\\\/en\\\/emplois\\\/5865\\\/\",\"name\":\"Contrats doctoraux - UCLouvain\",\"isPartOf\":{\"@id\":\"https:\\\/\\\/www.sfsic.org\\\/en\\\/#website\"},\"datePublished\":\"2020-05-18T07:52:14+00:00\",\"dateModified\":\"2020-05-18T07:52:35+00:00\",\"description\":\"Appel \u00e0 candidature pour deux contrats doctoraux de 4 ans (un en linguistique, l\u2019autre en communication) \u00e0 l\u2019UCLouvain dans le cadre du projet ARC \u201cDiscourse, populism and democracy. Tracking the uses of populism in media and political discourse (TrUMPo)\u201d.\",\"breadcrumb\":{\"@id\":\"https:\\\/\\\/www.sfsic.org\\\/en\\\/emplois\\\/5865\\\/#breadcrumb\"},\"inLanguage\":\"en-US\",\"potentialAction\":[{\"@type\":\"ReadAction\",\"target\":[\"https:\\\/\\\/www.sfsic.org\\\/en\\\/emplois\\\/5865\\\/\"]}]},{\"@type\":\"BreadcrumbList\",\"@id\":\"https:\\\/\\\/www.sfsic.org\\\/en\\\/emplois\\\/5865\\\/#breadcrumb\",\"itemListElement\":[{\"@type\":\"ListItem\",\"position\":1,\"name\":\"Accueil\",\"item\":\"https:\\\/\\\/www.sfsic.org\\\/en\\\/\"},{\"@type\":\"ListItem\",\"position\":2,\"name\":\"Jobs\",\"item\":\"https:\\\/\\\/www.sfsic.org\\\/en\\\/jobs\\\/\"},{\"@type\":\"ListItem\",\"position\":3,\"name\":\"Job\",\"item\":\"https:\\\/\\\/www.sfsic.org\\\/en\\\/jobs\\\/job\\\/\"},{\"@type\":\"ListItem\",\"position\":4,\"name\":\"Contrats doctoraux &#8211; UCLouvain\"}]},{\"@type\":\"WebSite\",\"@id\":\"https:\\\/\\\/www.sfsic.org\\\/en\\\/#website\",\"url\":\"https:\\\/\\\/www.sfsic.org\\\/en\\\/\",\"name\":\"SFSIC\",\"description\":\"Soci\u00e9t\u00e9 Fran\u00e7aise des Sciences de l&#039;Information &amp; de la Communication\",\"publisher\":{\"@id\":\"https:\\\/\\\/www.sfsic.org\\\/en\\\/#organization\"},\"potentialAction\":[{\"@type\":\"SearchAction\",\"target\":{\"@type\":\"EntryPoint\",\"urlTemplate\":\"https:\\\/\\\/www.sfsic.org\\\/en\\\/?s={search_term_string}\"},\"query-input\":{\"@type\":\"PropertyValueSpecification\",\"valueRequired\":true,\"valueName\":\"search_term_string\"}}],\"inLanguage\":\"en-US\"},{\"@type\":\"Organization\",\"@id\":\"https:\\\/\\\/www.sfsic.org\\\/en\\\/#organization\",\"name\":\"SFSIC\",\"url\":\"https:\\\/\\\/www.sfsic.org\\\/en\\\/\",\"logo\":{\"@type\":\"ImageObject\",\"inLanguage\":\"en-US\",\"@id\":\"https:\\\/\\\/www.sfsic.org\\\/en\\\/#\\\/schema\\\/logo\\\/image\\\/\",\"url\":\"https:\\\/\\\/www.sfsic.org\\\/wp-inside\\\/uploads\\\/2020\\\/05\\\/logo-sfsic.jpg\",\"contentUrl\":\"https:\\\/\\\/www.sfsic.org\\\/wp-inside\\\/uploads\\\/2020\\\/05\\\/logo-sfsic.jpg\",\"width\":1085,\"height\":1080,\"caption\":\"SFSIC\"},\"image\":{\"@id\":\"https:\\\/\\\/www.sfsic.org\\\/en\\\/#\\\/schema\\\/logo\\\/image\\\/\"}},{\"@type\":\"Person\",\"@id\":\"https:\\\/\\\/www.sfsic.org\\\/en\\\/#\\\/schema\\\/person\\\/9f83573bda33f40c68c7c826e9567df6\",\"name\":\"Fabien Bonnet\",\"image\":{\"@type\":\"ImageObject\",\"inLanguage\":\"en-US\",\"@id\":\"https:\\\/\\\/secure.gravatar.com\\\/avatar\\\/88a9288fc13369cb9e30359afa340f8adace82098c18ff09415c6dacd710ddc4?s=96&d=mm&r=g\",\"url\":\"https:\\\/\\\/secure.gravatar.com\\\/avatar\\\/88a9288fc13369cb9e30359afa340f8adace82098c18ff09415c6dacd710ddc4?s=96&d=mm&r=g\",\"contentUrl\":\"https:\\\/\\\/secure.gravatar.com\\\/avatar\\\/88a9288fc13369cb9e30359afa340f8adace82098c18ff09415c6dacd710ddc4?s=96&d=mm&r=g\",\"caption\":\"Fabien Bonnet\"}}]}<\/script>\n<!-- \/ Yoast SEO plugin. -->","yoast_head_json":{"title":"Contrats doctoraux - UCLouvain","description":"Appel \u00e0 candidature pour deux contrats doctoraux de 4 ans (un en linguistique, l\u2019autre en communication) \u00e0 l\u2019UCLouvain dans le cadre du projet ARC \u201cDiscourse, populism and democracy. Tracking the uses of populism in media and political discourse (TrUMPo)\u201d.","robots":{"index":"index","follow":"follow","max-snippet":"max-snippet:-1","max-image-preview":"max-image-preview:large","max-video-preview":"max-video-preview:-1"},"canonical":"https:\/\/www.sfsic.org\/en\/emplois\/5865\/","og_locale":"en_US","og_type":"article","og_title":"Contrats doctoraux - UCLouvain","og_description":"Appel \u00e0 candidature pour deux contrats doctoraux de 4 ans (un en linguistique, l\u2019autre en communication) \u00e0 l\u2019UCLouvain dans le cadre du projet ARC \u201cDiscourse, populism and democracy. Tracking the uses of populism in media and political discourse (TrUMPo)\u201d.","og_url":"https:\/\/www.sfsic.org\/en\/emplois\/5865\/","og_site_name":"SFSIC","article_published_time":"2020-05-18T07:52:14+00:00","article_modified_time":"2020-05-18T07:52:35+00:00","author":"Fabien Bonnet","twitter_card":"summary_large_image","schema":{"@context":"https:\/\/schema.org","@graph":[{"@type":"Article","@id":"https:\/\/www.sfsic.org\/en\/emplois\/5865\/#article","isPartOf":{"@id":"https:\/\/www.sfsic.org\/en\/emplois\/5865\/"},"author":{"name":"Fabien Bonnet","@id":"https:\/\/www.sfsic.org\/en\/#\/schema\/person\/9f83573bda33f40c68c7c826e9567df6"},"headline":"Contrats doctoraux &#8211; UCLouvain","datePublished":"2020-05-18T07:52:14+00:00","dateModified":"2020-05-18T07:52:35+00:00","mainEntityOfPage":{"@id":"https:\/\/www.sfsic.org\/en\/emplois\/5865\/"},"wordCount":2093,"publisher":{"@id":"https:\/\/www.sfsic.org\/en\/#organization"},"keywords":["Analyse du discours","m\u00e9dia","Politique"],"articleSection":["Emploi","Emplois"],"inLanguage":"en-US"},{"@type":"WebPage","@id":"https:\/\/www.sfsic.org\/en\/emplois\/5865\/","url":"https:\/\/www.sfsic.org\/en\/emplois\/5865\/","name":"Contrats doctoraux - UCLouvain","isPartOf":{"@id":"https:\/\/www.sfsic.org\/en\/#website"},"datePublished":"2020-05-18T07:52:14+00:00","dateModified":"2020-05-18T07:52:35+00:00","description":"Appel \u00e0 candidature pour deux contrats doctoraux de 4 ans (un en linguistique, l\u2019autre en communication) \u00e0 l\u2019UCLouvain dans le cadre du projet ARC \u201cDiscourse, populism and democracy. Tracking the uses of populism in media and political discourse (TrUMPo)\u201d.","breadcrumb":{"@id":"https:\/\/www.sfsic.org\/en\/emplois\/5865\/#breadcrumb"},"inLanguage":"en-US","potentialAction":[{"@type":"ReadAction","target":["https:\/\/www.sfsic.org\/en\/emplois\/5865\/"]}]},{"@type":"BreadcrumbList","@id":"https:\/\/www.sfsic.org\/en\/emplois\/5865\/#breadcrumb","itemListElement":[{"@type":"ListItem","position":1,"name":"Accueil","item":"https:\/\/www.sfsic.org\/en\/"},{"@type":"ListItem","position":2,"name":"Jobs","item":"https:\/\/www.sfsic.org\/en\/jobs\/"},{"@type":"ListItem","position":3,"name":"Job","item":"https:\/\/www.sfsic.org\/en\/jobs\/job\/"},{"@type":"ListItem","position":4,"name":"Contrats doctoraux &#8211; UCLouvain"}]},{"@type":"WebSite","@id":"https:\/\/www.sfsic.org\/en\/#website","url":"https:\/\/www.sfsic.org\/en\/","name":"SFSIC","description":"Soci\u00e9t\u00e9 Fran\u00e7aise des Sciences de l&#039;Information &amp; de la Communication","publisher":{"@id":"https:\/\/www.sfsic.org\/en\/#organization"},"potentialAction":[{"@type":"SearchAction","target":{"@type":"EntryPoint","urlTemplate":"https:\/\/www.sfsic.org\/en\/?s={search_term_string}"},"query-input":{"@type":"PropertyValueSpecification","valueRequired":true,"valueName":"search_term_string"}}],"inLanguage":"en-US"},{"@type":"Organization","@id":"https:\/\/www.sfsic.org\/en\/#organization","name":"SFSIC","url":"https:\/\/www.sfsic.org\/en\/","logo":{"@type":"ImageObject","inLanguage":"en-US","@id":"https:\/\/www.sfsic.org\/en\/#\/schema\/logo\/image\/","url":"https:\/\/www.sfsic.org\/wp-inside\/uploads\/2020\/05\/logo-sfsic.jpg","contentUrl":"https:\/\/www.sfsic.org\/wp-inside\/uploads\/2020\/05\/logo-sfsic.jpg","width":1085,"height":1080,"caption":"SFSIC"},"image":{"@id":"https:\/\/www.sfsic.org\/en\/#\/schema\/logo\/image\/"}},{"@type":"Person","@id":"https:\/\/www.sfsic.org\/en\/#\/schema\/person\/9f83573bda33f40c68c7c826e9567df6","name":"Fabien Bonnet","image":{"@type":"ImageObject","inLanguage":"en-US","@id":"https:\/\/secure.gravatar.com\/avatar\/88a9288fc13369cb9e30359afa340f8adace82098c18ff09415c6dacd710ddc4?s=96&d=mm&r=g","url":"https:\/\/secure.gravatar.com\/avatar\/88a9288fc13369cb9e30359afa340f8adace82098c18ff09415c6dacd710ddc4?s=96&d=mm&r=g","contentUrl":"https:\/\/secure.gravatar.com\/avatar\/88a9288fc13369cb9e30359afa340f8adace82098c18ff09415c6dacd710ddc4?s=96&d=mm&r=g","caption":"Fabien Bonnet"}}]}},"_links":{"self":[{"href":"https:\/\/www.sfsic.org\/en\/wp-json\/wp\/v2\/posts\/5865","targetHints":{"allow":["GET"]}}],"collection":[{"href":"https:\/\/www.sfsic.org\/en\/wp-json\/wp\/v2\/posts"}],"about":[{"href":"https:\/\/www.sfsic.org\/en\/wp-json\/wp\/v2\/types\/post"}],"author":[{"embeddable":true,"href":"https:\/\/www.sfsic.org\/en\/wp-json\/wp\/v2\/users\/957"}],"replies":[{"embeddable":true,"href":"https:\/\/www.sfsic.org\/en\/wp-json\/wp\/v2\/comments?post=5865"}],"version-history":[{"count":2,"href":"https:\/\/www.sfsic.org\/en\/wp-json\/wp\/v2\/posts\/5865\/revisions"}],"predecessor-version":[{"id":5870,"href":"https:\/\/www.sfsic.org\/en\/wp-json\/wp\/v2\/posts\/5865\/revisions\/5870"}],"wp:attachment":[{"href":"https:\/\/www.sfsic.org\/en\/wp-json\/wp\/v2\/media?parent=5865"}],"wp:term":[{"taxonomy":"category","embeddable":true,"href":"https:\/\/www.sfsic.org\/en\/wp-json\/wp\/v2\/categories?post=5865"},{"taxonomy":"post_tag","embeddable":true,"href":"https:\/\/www.sfsic.org\/en\/wp-json\/wp\/v2\/tags?post=5865"},{"taxonomy":"thematique","embeddable":true,"href":"https:\/\/www.sfsic.org\/en\/wp-json\/wp\/v2\/thematique?post=5865"},{"taxonomy":"sfsic","embeddable":true,"href":"https:\/\/www.sfsic.org\/en\/wp-json\/wp\/v2\/sfsic?post=5865"}],"curies":[{"name":"wp","href":"https:\/\/api.w.org\/{rel}","templated":true}]}}