{"id":5627,"date":"2017-11-25T16:46:04","date_gmt":"2017-11-25T15:46:04","guid":{"rendered":"https:\/\/www.sfsic.org\/?p=5627"},"modified":"2020-05-14T10:24:22","modified_gmt":"2020-05-14T08:24:22","slug":"edito-novembre-2017-rendez-vous-sur-la-creativite","status":"publish","type":"post","link":"https:\/\/www.sfsic.org\/en\/edito\/edito-novembre-2017-rendez-vous-sur-la-creativite\/","title":{"rendered":"Edito &#8211; novembre 2017 &#8211; Rendez-vous sur la cr\u00e9ativit\u00e9"},"content":{"rendered":"<p><!-- fxzn:singledetail --><\/p>\n<div class=\"zone zn-singledetail\" id=\"fxzn-singledetail-1\">\n<div class=\"zone-block zn-singledetail-block alignwide va-top\">\n<div class=\"row\">\n<div class=\"columns large-8 large-push-4\">\n<div class=\"zn-singledetail-metabox\">\n<div class=\"zn-singledetail-pubdate pubdate\">\n\t\t\t\t\t<span class=\"pubdate-txt\">Mis en ligne le<\/span><span class=\"doubledot\"><\/span> <time class=\"pubdate-time\" pubdate datetime=\"2017-11-25T16:46:04+01:00\">25 novembre 2017<\/time>\t\t\t\t<\/div>\n<div class=\"zn-singledetail-thematiques with-sep-comma\">\n<ul class=\"termslist termslist-thematique\">\n<li class=\"termslist-item termslist-title\"><span class=\"termslist-titletxt\">Th\u00e9matiques<\/span><span class=\"doubledot\"><\/span><\/li>\n<li class=\"termslist-item tax-thematique term-communication-organisations\"><a class=\"termslist-itemlink\" href=\"https:\/\/www.sfsic.org\/thematiques\/communication-organisations\/\" title=\"Communication et organisations\"><span class=\"termslist-itemname\">Communication et organisations<\/span><\/a><\/li>\n<\/ul><\/div>\n<\/p><\/div>\n<\/p><\/div>\n<\/p><\/div>\n<div class=\"row\">\n<div class=\"columns large-4\">\n<div class=\"zn-singledetail-sidebar bg-cornersquares\">\n<div class=\"zn-singledetail-infos\"><\/div>\n<div class=\"zn-singledetail-contacts\">\n<h3 class=\"zn-singledetail-section-title\">Contacts<\/h3>\n<ul class=\"zn-singledetail-contacts-list\">\n<li>\n\t\t\t\t\t\t\t<span><span>Daniel<\/span> <span>Raichvarg<\/span><\/span><span class=\"doubledot\"><\/span><br \/>\n\t\t\t\t\t\t\t\t\t\t\t\t\t\t<a class=\"prettylink\" href=\"mailto:presidence@sfsic.com\">presidence@sfsic.com<\/a>\n\t\t\t\t\t\t\t\t\t\t\t\t\t<\/li>\n<\/ul><\/div>\n<\/p><\/div>\n<\/p><\/div>\n<div class=\"columns large-8\">\n<div class=\"zn-singledetail-contentbox\">\n<div class=\"zn-singledetail-annonce wig-content\">\n<p>La commission des relations professionnelles de la SFSIC organise avec l\u2019association Com&rsquo;ent une table-ronde sur le th\u00e8me \u00ab&#160;Peut-on apprendre \u00e0 \u00eatre cr\u00e9atif&#160;\u00bb, jeudi 7 d\u00e9cembre de 17h \u00e0 19h \u00e0 Paris, 23 rue la Bo\u00e9tie. Compos\u00e9e d\u2019enseignants-chercheurs et de praticiens de la communication, cette table-ronde est gratuite avec places limit\u00e9es.<\/p>\n<p>Merci de vous inscrire ici&#160;: https:\/\/cloud.agoraevent.fr\/Site\/186702\/3699\/Event?EditInfo=True .<\/p>\n<p>Cette th\u00e9matique permet de nouer le dialogue avec des praticiens en amont du congr\u00e8s de la SFSIC qui se tient les 13, 14, 15 et 16 juin 2018 \u00e0 la MSH Paris Nord sur le th\u00e8me \u00ab&#160;Cr\u00e9ation, cr\u00e9ativit\u00e9 et m\u00e9diations&#160;\u00bb. Ces rencontres, organis\u00e9es de mani\u00e8re trimestrielle, sont ouvertes aux adh\u00e9rents de la SFSIC et s\u2019inscrivent dans les projets d\u00e9velopp\u00e9s avec les associations professionnelles.<\/p>\n<h2 class=\"MsoNormal\">Les intervenants&#160;:<\/h2>\n<p class=\"MsoNormal\"><em>Val\u00e9rie L\u00e9pine<\/em>, MCF en SIC, universit\u00e9 Grenoble Alpes&#160;: \u00ab&#160;Peut-on apprendre \u00e0 \u00eatre cr\u00e9atif&#160;?&#8230; en communication\u2026 et au-del\u00e0&#160;!&#160;\u00bb<\/p>\n<p class=\"MsoNormal\"><em>Dany Baillargeon<\/em>, professeur, universit\u00e9 de Sherbrooke&#160;: \u00ab&#160;Pas de flash sans explosion&#160;: rep\u00e9rer et embrayer les tensions dans le processus cr\u00e9atif des agences de communication&#160;\u00bb<\/p>\n<p class=\"MsoNormal\"><em>Gilles Del\u00e9ris<\/em>, directeur cr\u00e9atif \u00e0 W&amp;Cie et enseignant \u00e0 SciencesPo Paris<\/p>\n<p class=\"MsoNormal\"><em>Sylvie Gillibert<\/em>, directrice des programmes de l\u2019ISCOM<\/p>\n<\/p><\/div>\n<div class=\"zn-singledetail-keywords\">\n<h3 class=\"zn-singledetail-section-title\">Mots-cl\u00e9s<\/h3>\n<ul class=\"termslist termslist-post_tag\">\n<li class=\"termslist-item termslist-title\"><span class=\"termslist-titletxt\">Mots-cl\u00e9s<\/span><span class=\"doubledot\"><\/span><\/li>\n<li class=\"termslist-item tax-post_tag term-creativite\"><a class=\"termslist-itemlink\" href=\"https:\/\/www.sfsic.org\/tag\/creativite\/\" title=\"cr\u00e9ativit\u00e9\"><span class=\"termslist-itemname\">cr\u00e9ativit\u00e9<\/span><\/a><\/li>\n<li class=\"termslist-item tax-post_tag term-sfsic\"><a class=\"termslist-itemlink\" href=\"https:\/\/www.sfsic.org\/tag\/sfsic\/\" title=\"SFSIC\"><span class=\"termslist-itemname\">SFSIC<\/span><\/a><\/li>\n<\/ul><\/div>\n<\/p><\/div>\n<\/p><\/div>\n<\/p><\/div>\n<\/p><\/div>\n<\/div>\n<p><!-- \/fxzn:singledetail --><br \/>\n<!-- flzn:textblock --><\/p>\n<div class=\"zone zn-textblock\" id=\"flzn-textblock-1\">\n<div class=\"zone-block zn-textblock-block va-top\">\n<div class=\"row mw-content-zone\">\n<div class=\"columns large-12\">\n<div class=\"row large-up-1 with-nice-alignment nbloc-1\">\n<div class=\"column zn-textblock-col empty-content\">\n<div class=\"column-inner\">\n<div class=\"wig-content mw-content empty-content\">\n<p>Contenu texte \u00e0 venir&#8230;<\/p>\n<\/p><\/div>\n<\/p><\/div>\n<\/p><\/div>\n<\/p><\/div>\n<\/p><\/div>\n<\/p><\/div>\n<\/p><\/div>\n<\/div>\n<p><!-- \/flzn:textblock --><\/p>\n","protected":false},"excerpt":{"rendered":"<p>Mis en ligne le 25 novembre 2017 Th\u00e9matiques Communication et organisations Contacts Daniel Raichvarg presidence@sfsic.com La commission des relations professionnelles de la SFSIC organise avec l\u2019association Com&rsquo;ent une table-ronde sur [&hellip;]<\/p>\n","protected":false},"author":959,"featured_media":0,"comment_status":"closed","ping_status":"closed","sticky":false,"template":"","format":"standard","meta":{"_acf_changed":false,"footnotes":""},"categories":[33],"tags":[83,96],"thematique":[37],"sfsic":[26],"class_list":["post-5627","post","type-post","status-publish","format-standard","hentry","category-edito","tag-creativite","tag-sfsic","thematique-communication-organisations","sfsic-actualites","wp-sticky"],"acf":[],"yoast_head":"<!-- This site is optimized with the Yoast SEO plugin v27.4 - https:\/\/yoast.com\/product\/yoast-seo-wordpress\/ -->\n<title>Edito - novembre 2017 - Rendez-vous sur la cr\u00e9ativit\u00e9<\/title>\n<meta name=\"description\" content=\"La commission des relations professionnelles de la SFSIC organise avec l\u2019association Coment une table-ronde sur le th\u00e8me \u00ab\u00a0Peut-on apprendre \u00e0 \u00eatre cr\u00e9atif\u00a0\u00bb jeudi 7 d\u00e9cembre de 17h \u00e0 19h \u00e0 Paris, 23 rue la Bo\u00e9tie. Compos\u00e9e d\u2019enseignants-chercheurs et de praticiens de la communication, cette table-ronde est gratuite avec places limit\u00e9es.\" \/>\n<meta name=\"robots\" content=\"index, follow, max-snippet:-1, max-image-preview:large, max-video-preview:-1\" \/>\n<link rel=\"canonical\" href=\"https:\/\/www.sfsic.org\/en\/edito\/edito-novembre-2017-rendez-vous-sur-la-creativite\/\" \/>\n<meta property=\"og:locale\" content=\"en_US\" \/>\n<meta property=\"og:type\" content=\"article\" \/>\n<meta property=\"og:title\" content=\"Edito - novembre 2017 - Rendez-vous sur la cr\u00e9ativit\u00e9\" \/>\n<meta property=\"og:description\" content=\"La commission des relations professionnelles de la SFSIC organise avec l\u2019association Coment une table-ronde sur le th\u00e8me \u00ab\u00a0Peut-on apprendre \u00e0 \u00eatre cr\u00e9atif\u00a0\u00bb jeudi 7 d\u00e9cembre de 17h \u00e0 19h \u00e0 Paris, 23 rue la Bo\u00e9tie. Compos\u00e9e d\u2019enseignants-chercheurs et de praticiens de la communication, cette table-ronde est gratuite avec places limit\u00e9es.\" \/>\n<meta property=\"og:url\" content=\"https:\/\/www.sfsic.org\/en\/edito\/edito-novembre-2017-rendez-vous-sur-la-creativite\/\" \/>\n<meta property=\"og:site_name\" content=\"SFSIC\" \/>\n<meta property=\"article:published_time\" content=\"2017-11-25T15:46:04+00:00\" \/>\n<meta property=\"article:modified_time\" content=\"2020-05-14T08:24:22+00:00\" \/>\n<meta name=\"author\" content=\"Premi\u00e8re Place\" \/>\n<meta name=\"twitter:card\" content=\"summary_large_image\" \/>\n<script type=\"application\/ld+json\" class=\"yoast-schema-graph\">{\"@context\":\"https:\\\/\\\/schema.org\",\"@graph\":[{\"@type\":\"Article\",\"@id\":\"https:\\\/\\\/www.sfsic.org\\\/en\\\/edito\\\/edito-novembre-2017-rendez-vous-sur-la-creativite\\\/#article\",\"isPartOf\":{\"@id\":\"https:\\\/\\\/www.sfsic.org\\\/en\\\/edito\\\/edito-novembre-2017-rendez-vous-sur-la-creativite\\\/\"},\"author\":{\"name\":\"Premi\u00e8re Place\",\"@id\":\"https:\\\/\\\/www.sfsic.org\\\/en\\\/#\\\/schema\\\/person\\\/d7e2ee0b4bd6d73705c3c762f1928c4b\"},\"headline\":\"Edito &#8211; novembre 2017 &#8211; Rendez-vous sur la cr\u00e9ativit\u00e9\",\"datePublished\":\"2017-11-25T15:46:04+00:00\",\"dateModified\":\"2020-05-14T08:24:22+00:00\",\"mainEntityOfPage\":{\"@id\":\"https:\\\/\\\/www.sfsic.org\\\/en\\\/edito\\\/edito-novembre-2017-rendez-vous-sur-la-creativite\\\/\"},\"wordCount\":240,\"publisher\":{\"@id\":\"https:\\\/\\\/www.sfsic.org\\\/en\\\/#organization\"},\"keywords\":[\"Cr\u00e9ativit\u00e9\",\"SFSIC\"],\"articleSection\":[\"\u00c9ditos\"],\"inLanguage\":\"en-US\"},{\"@type\":\"WebPage\",\"@id\":\"https:\\\/\\\/www.sfsic.org\\\/en\\\/edito\\\/edito-novembre-2017-rendez-vous-sur-la-creativite\\\/\",\"url\":\"https:\\\/\\\/www.sfsic.org\\\/en\\\/edito\\\/edito-novembre-2017-rendez-vous-sur-la-creativite\\\/\",\"name\":\"Edito - novembre 2017 - Rendez-vous sur la cr\u00e9ativit\u00e9\",\"isPartOf\":{\"@id\":\"https:\\\/\\\/www.sfsic.org\\\/en\\\/#website\"},\"datePublished\":\"2017-11-25T15:46:04+00:00\",\"dateModified\":\"2020-05-14T08:24:22+00:00\",\"description\":\"La commission des relations professionnelles de la SFSIC organise avec l\u2019association Coment une table-ronde sur le th\u00e8me \u00ab\u00a0Peut-on apprendre \u00e0 \u00eatre cr\u00e9atif\u00a0\u00bb jeudi 7 d\u00e9cembre de 17h \u00e0 19h \u00e0 Paris, 23 rue la Bo\u00e9tie. Compos\u00e9e d\u2019enseignants-chercheurs et de praticiens de la communication, cette table-ronde est gratuite avec places limit\u00e9es.\",\"breadcrumb\":{\"@id\":\"https:\\\/\\\/www.sfsic.org\\\/en\\\/edito\\\/edito-novembre-2017-rendez-vous-sur-la-creativite\\\/#breadcrumb\"},\"inLanguage\":\"en-US\",\"potentialAction\":[{\"@type\":\"ReadAction\",\"target\":[\"https:\\\/\\\/www.sfsic.org\\\/en\\\/edito\\\/edito-novembre-2017-rendez-vous-sur-la-creativite\\\/\"]}]},{\"@type\":\"BreadcrumbList\",\"@id\":\"https:\\\/\\\/www.sfsic.org\\\/en\\\/edito\\\/edito-novembre-2017-rendez-vous-sur-la-creativite\\\/#breadcrumb\",\"itemListElement\":[{\"@type\":\"ListItem\",\"position\":1,\"name\":\"Accueil\",\"item\":\"https:\\\/\\\/www.sfsic.org\\\/en\\\/\"},{\"@type\":\"ListItem\",\"position\":2,\"name\":\"Editorial\",\"item\":\"https:\\\/\\\/www.sfsic.org\\\/en\\\/editorial\\\/\"},{\"@type\":\"ListItem\",\"position\":3,\"name\":\"Edito &#8211; novembre 2017 &#8211; Rendez-vous sur la cr\u00e9ativit\u00e9\"}]},{\"@type\":\"WebSite\",\"@id\":\"https:\\\/\\\/www.sfsic.org\\\/en\\\/#website\",\"url\":\"https:\\\/\\\/www.sfsic.org\\\/en\\\/\",\"name\":\"SFSIC\",\"description\":\"Soci\u00e9t\u00e9 Fran\u00e7aise des Sciences de l&#039;Information &amp; de la Communication\",\"publisher\":{\"@id\":\"https:\\\/\\\/www.sfsic.org\\\/en\\\/#organization\"},\"potentialAction\":[{\"@type\":\"SearchAction\",\"target\":{\"@type\":\"EntryPoint\",\"urlTemplate\":\"https:\\\/\\\/www.sfsic.org\\\/en\\\/?s={search_term_string}\"},\"query-input\":{\"@type\":\"PropertyValueSpecification\",\"valueRequired\":true,\"valueName\":\"search_term_string\"}}],\"inLanguage\":\"en-US\"},{\"@type\":\"Organization\",\"@id\":\"https:\\\/\\\/www.sfsic.org\\\/en\\\/#organization\",\"name\":\"SFSIC\",\"url\":\"https:\\\/\\\/www.sfsic.org\\\/en\\\/\",\"logo\":{\"@type\":\"ImageObject\",\"inLanguage\":\"en-US\",\"@id\":\"https:\\\/\\\/www.sfsic.org\\\/en\\\/#\\\/schema\\\/logo\\\/image\\\/\",\"url\":\"https:\\\/\\\/www.sfsic.org\\\/wp-inside\\\/uploads\\\/2020\\\/05\\\/logo-sfsic.jpg\",\"contentUrl\":\"https:\\\/\\\/www.sfsic.org\\\/wp-inside\\\/uploads\\\/2020\\\/05\\\/logo-sfsic.jpg\",\"width\":1085,\"height\":1080,\"caption\":\"SFSIC\"},\"image\":{\"@id\":\"https:\\\/\\\/www.sfsic.org\\\/en\\\/#\\\/schema\\\/logo\\\/image\\\/\"}},{\"@type\":\"Person\",\"@id\":\"https:\\\/\\\/www.sfsic.org\\\/en\\\/#\\\/schema\\\/person\\\/d7e2ee0b4bd6d73705c3c762f1928c4b\",\"name\":\"Premi\u00e8re Place\",\"image\":{\"@type\":\"ImageObject\",\"inLanguage\":\"en-US\",\"@id\":\"https:\\\/\\\/secure.gravatar.com\\\/avatar\\\/5091af20ac2a44cb521992f13fec8a09deb308a5b721983dec39b595a5302c6a?s=96&d=mm&r=g\",\"url\":\"https:\\\/\\\/secure.gravatar.com\\\/avatar\\\/5091af20ac2a44cb521992f13fec8a09deb308a5b721983dec39b595a5302c6a?s=96&d=mm&r=g\",\"contentUrl\":\"https:\\\/\\\/secure.gravatar.com\\\/avatar\\\/5091af20ac2a44cb521992f13fec8a09deb308a5b721983dec39b595a5302c6a?s=96&d=mm&r=g\",\"caption\":\"Premi\u00e8re Place\"},\"sameAs\":[\"https:\\\/\\\/www.premiere.place\"]}]}<\/script>\n<!-- \/ Yoast SEO plugin. -->","yoast_head_json":{"title":"Edito - novembre 2017 - Rendez-vous sur la cr\u00e9ativit\u00e9","description":"La commission des relations professionnelles de la SFSIC organise avec l\u2019association Coment une table-ronde sur le th\u00e8me \u00ab\u00a0Peut-on apprendre \u00e0 \u00eatre cr\u00e9atif\u00a0\u00bb jeudi 7 d\u00e9cembre de 17h \u00e0 19h \u00e0 Paris, 23 rue la Bo\u00e9tie. Compos\u00e9e d\u2019enseignants-chercheurs et de praticiens de la communication, cette table-ronde est gratuite avec places limit\u00e9es.","robots":{"index":"index","follow":"follow","max-snippet":"max-snippet:-1","max-image-preview":"max-image-preview:large","max-video-preview":"max-video-preview:-1"},"canonical":"https:\/\/www.sfsic.org\/en\/edito\/edito-novembre-2017-rendez-vous-sur-la-creativite\/","og_locale":"en_US","og_type":"article","og_title":"Edito - novembre 2017 - Rendez-vous sur la cr\u00e9ativit\u00e9","og_description":"La commission des relations professionnelles de la SFSIC organise avec l\u2019association Coment une table-ronde sur le th\u00e8me \u00ab\u00a0Peut-on apprendre \u00e0 \u00eatre cr\u00e9atif\u00a0\u00bb jeudi 7 d\u00e9cembre de 17h \u00e0 19h \u00e0 Paris, 23 rue la Bo\u00e9tie. Compos\u00e9e d\u2019enseignants-chercheurs et de praticiens de la communication, cette table-ronde est gratuite avec places limit\u00e9es.","og_url":"https:\/\/www.sfsic.org\/en\/edito\/edito-novembre-2017-rendez-vous-sur-la-creativite\/","og_site_name":"SFSIC","article_published_time":"2017-11-25T15:46:04+00:00","article_modified_time":"2020-05-14T08:24:22+00:00","author":"Premi\u00e8re Place","twitter_card":"summary_large_image","schema":{"@context":"https:\/\/schema.org","@graph":[{"@type":"Article","@id":"https:\/\/www.sfsic.org\/en\/edito\/edito-novembre-2017-rendez-vous-sur-la-creativite\/#article","isPartOf":{"@id":"https:\/\/www.sfsic.org\/en\/edito\/edito-novembre-2017-rendez-vous-sur-la-creativite\/"},"author":{"name":"Premi\u00e8re Place","@id":"https:\/\/www.sfsic.org\/en\/#\/schema\/person\/d7e2ee0b4bd6d73705c3c762f1928c4b"},"headline":"Edito &#8211; novembre 2017 &#8211; Rendez-vous sur la cr\u00e9ativit\u00e9","datePublished":"2017-11-25T15:46:04+00:00","dateModified":"2020-05-14T08:24:22+00:00","mainEntityOfPage":{"@id":"https:\/\/www.sfsic.org\/en\/edito\/edito-novembre-2017-rendez-vous-sur-la-creativite\/"},"wordCount":240,"publisher":{"@id":"https:\/\/www.sfsic.org\/en\/#organization"},"keywords":["Cr\u00e9ativit\u00e9","SFSIC"],"articleSection":["\u00c9ditos"],"inLanguage":"en-US"},{"@type":"WebPage","@id":"https:\/\/www.sfsic.org\/en\/edito\/edito-novembre-2017-rendez-vous-sur-la-creativite\/","url":"https:\/\/www.sfsic.org\/en\/edito\/edito-novembre-2017-rendez-vous-sur-la-creativite\/","name":"Edito - novembre 2017 - Rendez-vous sur la cr\u00e9ativit\u00e9","isPartOf":{"@id":"https:\/\/www.sfsic.org\/en\/#website"},"datePublished":"2017-11-25T15:46:04+00:00","dateModified":"2020-05-14T08:24:22+00:00","description":"La commission des relations professionnelles de la SFSIC organise avec l\u2019association Coment une table-ronde sur le th\u00e8me \u00ab\u00a0Peut-on apprendre \u00e0 \u00eatre cr\u00e9atif\u00a0\u00bb jeudi 7 d\u00e9cembre de 17h \u00e0 19h \u00e0 Paris, 23 rue la Bo\u00e9tie. Compos\u00e9e d\u2019enseignants-chercheurs et de praticiens de la communication, cette table-ronde est gratuite avec places limit\u00e9es.","breadcrumb":{"@id":"https:\/\/www.sfsic.org\/en\/edito\/edito-novembre-2017-rendez-vous-sur-la-creativite\/#breadcrumb"},"inLanguage":"en-US","potentialAction":[{"@type":"ReadAction","target":["https:\/\/www.sfsic.org\/en\/edito\/edito-novembre-2017-rendez-vous-sur-la-creativite\/"]}]},{"@type":"BreadcrumbList","@id":"https:\/\/www.sfsic.org\/en\/edito\/edito-novembre-2017-rendez-vous-sur-la-creativite\/#breadcrumb","itemListElement":[{"@type":"ListItem","position":1,"name":"Accueil","item":"https:\/\/www.sfsic.org\/en\/"},{"@type":"ListItem","position":2,"name":"Editorial","item":"https:\/\/www.sfsic.org\/en\/editorial\/"},{"@type":"ListItem","position":3,"name":"Edito &#8211; novembre 2017 &#8211; Rendez-vous sur la cr\u00e9ativit\u00e9"}]},{"@type":"WebSite","@id":"https:\/\/www.sfsic.org\/en\/#website","url":"https:\/\/www.sfsic.org\/en\/","name":"SFSIC","description":"Soci\u00e9t\u00e9 Fran\u00e7aise des Sciences de l&#039;Information &amp; de la Communication","publisher":{"@id":"https:\/\/www.sfsic.org\/en\/#organization"},"potentialAction":[{"@type":"SearchAction","target":{"@type":"EntryPoint","urlTemplate":"https:\/\/www.sfsic.org\/en\/?s={search_term_string}"},"query-input":{"@type":"PropertyValueSpecification","valueRequired":true,"valueName":"search_term_string"}}],"inLanguage":"en-US"},{"@type":"Organization","@id":"https:\/\/www.sfsic.org\/en\/#organization","name":"SFSIC","url":"https:\/\/www.sfsic.org\/en\/","logo":{"@type":"ImageObject","inLanguage":"en-US","@id":"https:\/\/www.sfsic.org\/en\/#\/schema\/logo\/image\/","url":"https:\/\/www.sfsic.org\/wp-inside\/uploads\/2020\/05\/logo-sfsic.jpg","contentUrl":"https:\/\/www.sfsic.org\/wp-inside\/uploads\/2020\/05\/logo-sfsic.jpg","width":1085,"height":1080,"caption":"SFSIC"},"image":{"@id":"https:\/\/www.sfsic.org\/en\/#\/schema\/logo\/image\/"}},{"@type":"Person","@id":"https:\/\/www.sfsic.org\/en\/#\/schema\/person\/d7e2ee0b4bd6d73705c3c762f1928c4b","name":"Premi\u00e8re Place","image":{"@type":"ImageObject","inLanguage":"en-US","@id":"https:\/\/secure.gravatar.com\/avatar\/5091af20ac2a44cb521992f13fec8a09deb308a5b721983dec39b595a5302c6a?s=96&d=mm&r=g","url":"https:\/\/secure.gravatar.com\/avatar\/5091af20ac2a44cb521992f13fec8a09deb308a5b721983dec39b595a5302c6a?s=96&d=mm&r=g","contentUrl":"https:\/\/secure.gravatar.com\/avatar\/5091af20ac2a44cb521992f13fec8a09deb308a5b721983dec39b595a5302c6a?s=96&d=mm&r=g","caption":"Premi\u00e8re Place"},"sameAs":["https:\/\/www.premiere.place"]}]}},"_links":{"self":[{"href":"https:\/\/www.sfsic.org\/en\/wp-json\/wp\/v2\/posts\/5627","targetHints":{"allow":["GET"]}}],"collection":[{"href":"https:\/\/www.sfsic.org\/en\/wp-json\/wp\/v2\/posts"}],"about":[{"href":"https:\/\/www.sfsic.org\/en\/wp-json\/wp\/v2\/types\/post"}],"author":[{"embeddable":true,"href":"https:\/\/www.sfsic.org\/en\/wp-json\/wp\/v2\/users\/959"}],"replies":[{"embeddable":true,"href":"https:\/\/www.sfsic.org\/en\/wp-json\/wp\/v2\/comments?post=5627"}],"version-history":[{"count":3,"href":"https:\/\/www.sfsic.org\/en\/wp-json\/wp\/v2\/posts\/5627\/revisions"}],"predecessor-version":[{"id":5718,"href":"https:\/\/www.sfsic.org\/en\/wp-json\/wp\/v2\/posts\/5627\/revisions\/5718"}],"wp:attachment":[{"href":"https:\/\/www.sfsic.org\/en\/wp-json\/wp\/v2\/media?parent=5627"}],"wp:term":[{"taxonomy":"category","embeddable":true,"href":"https:\/\/www.sfsic.org\/en\/wp-json\/wp\/v2\/categories?post=5627"},{"taxonomy":"post_tag","embeddable":true,"href":"https:\/\/www.sfsic.org\/en\/wp-json\/wp\/v2\/tags?post=5627"},{"taxonomy":"thematique","embeddable":true,"href":"https:\/\/www.sfsic.org\/en\/wp-json\/wp\/v2\/thematique?post=5627"},{"taxonomy":"sfsic","embeddable":true,"href":"https:\/\/www.sfsic.org\/en\/wp-json\/wp\/v2\/sfsic?post=5627"}],"curies":[{"name":"wp","href":"https:\/\/api.w.org\/{rel}","templated":true}]}}