{"id":5421,"date":"2018-05-17T14:48:05","date_gmt":"2018-05-17T12:48:05","guid":{"rendered":"https:\/\/www.sfsic.org\/?p=5421"},"modified":"2020-05-10T14:51:04","modified_gmt":"2020-05-10T12:51:04","slug":"edito-mai-2018","status":"publish","type":"post","link":"https:\/\/www.sfsic.org\/en\/edito\/edito-mai-2018\/","title":{"rendered":"Edito &#8211; Mai 2018"},"content":{"rendered":"<p><!-- fxzn:singledetail --><\/p>\n<div class=\"zone zn-singledetail\" id=\"fxzn-singledetail-1\">\n<div class=\"zone-block zn-singledetail-block alignwide va-top\">\n<div class=\"row\">\n<div class=\"columns large-8 large-push-4\">\n<div class=\"zn-singledetail-metabox\">\n<div class=\"zn-singledetail-pubdate pubdate\">\n\t\t\t\t\t<span class=\"pubdate-txt\">Mis en ligne le<\/span><span class=\"doubledot\"><\/span> <time class=\"pubdate-time\" pubdate datetime=\"2020-05-10T14:48:19+02:00\">10 mai 2020<\/time>\t\t\t\t<\/div>\n<\/p><\/div>\n<\/p><\/div>\n<\/p><\/div>\n<div class=\"row\">\n<div class=\"columns large-4\">\n<div class=\"zn-singledetail-sidebar bg-cornersquares\">\n<div class=\"zn-singledetail-infos\"><\/div>\n<div class=\"zn-singledetail-contacts\">\n<h3 class=\"zn-singledetail-section-title\">Contacts<\/h3>\n<ul class=\"zn-singledetail-contacts-list\">\n<li>\n\t\t\t\t\t\t\t<span><span>Daniel<\/span> <span>Raichvarg<\/span><\/span><span class=\"doubledot\"><\/span><br \/>\n\t\t\t\t\t\t\t\t\t\t\t\t\t\t<a class=\"prettylink\" href=\"mailto:presidence@sfsic.org\">presidence@sfsic.org<\/a>\n\t\t\t\t\t\t\t\t\t\t\t\t\t<\/li>\n<\/ul><\/div>\n<\/p><\/div>\n<\/p><\/div>\n<div class=\"columns large-8\">\n<div class=\"zn-singledetail-contentbox\">\n<div class=\"zn-singledetail-annonce wig-content\">\n<p>Ch\u00e8res et chers adh\u00e9rent(e)s,<\/p>\n<p>Le congr\u00e8s, accueilli par le Laboratoire en Sciences de l\u2019Information et de la Communication (LabSIC, Universit\u00e9 Paris 13) \u00e0 la Maison des Sciences de l\u2019Homme de Paris Nord, est le XXIe de notre soci\u00e9t\u00e9 savante. Ce partenariat que la Sfsic \u00e9tablit avec les laboratoires pour construire, les ann\u00e9es impaires, les doctorales, et les ann\u00e9es paires le congr\u00e8s, est essentiel. Et, cette ann\u00e9e, le LabSIC f\u00eate ses 25 ans&#160;! Une bien belle occasion de t\u00e9moigner de la vitalit\u00e9 de notre communaut\u00e9\u2026<\/p>\n<p>Ce congr\u00e8s se tient au sein d\u2019une Maison des Sciences de l\u2019Homme, la MSH Paris Nord&#160;: la relation avec les MSH convient \u00e0 notre discipline et beaucoup d\u2019entre nous jouent un r\u00f4le important dans leur gouvernance ou dans la mise en place des projets de recherche collaboratifs. Qui plus est, la MSHPN fait partie du projet g\u00e9n\u00e9ral de l\u2019\u00c9tablissement Public Territorial Plaine Commune, un quartier en pleine transformation et dont \u00ab&#160;l\u2019objet social&#160;\u00bb est tr\u00e8s largement d\u00e9di\u00e9 aux industries culturelles et \u00e0 la cr\u00e9ation. Encore une fois un grand merci \u00e0 Bertrand Legendre, directeur du LabSIC, et \u00e0 toute son \u00e9quipe de s\u2019\u00eatre engag\u00e9s \u00e0 nos c\u00f4t\u00e9s.<\/p>\n<p>Ce XXIe Congr\u00e8s d\u00e9butera par une conf\u00e9rence donn\u00e9e par Pierre M\u0152GLIN&#160;: <em>Malaise dans la cr\u00e9ation<\/em>. Une question communicationnelle. Pierre a \u00e0 la fois contribu\u00e9 \u00e0 la cr\u00e9ation du LabSIC et \u00e0 la fondation de la MSH PN. Pouvions-nous r\u00eaver mieux&#160;? Puis, le programme comprend des pl\u00e9ni\u00e8res, des ateliers de communications et des s\u00e9ances de travail plus sp\u00e9cifiques comme l\u2019atelier men\u00e9 par les doctorants consacr\u00e9 \u00e0 leur action et leur insertion au sein de leurs unit\u00e9s de recherche. Le programme propose aussi des nouveaut\u00e9s&#160;: les panels. Suite \u00e0 un appel sp\u00e9cifique lanc\u00e9 en d\u00e9but d\u2019ann\u00e9e par la Sfsic et sa commission Recherche, six panels proposent \u00e0 des chercheurs coordinateurs de solliciter des coll\u00e8gues experts et offrent un temps de discussion autour de th\u00e9matiques choisies relatives au th\u00e8me g\u00e9n\u00e9ral du congr\u00e8s. Une r\u00e9union de travail aura lieu entre un repr\u00e9sentant de l\u2019entreprise ENEDIS, qui soutient le congr\u00e8s, et des repr\u00e9sentants des \u00e9quipes de recherche int\u00e9ress\u00e9es par le d\u00e9veloppement de partenariat en r\u00e9gion. La parole sera aussi donn\u00e9e \u00e0 des repr\u00e9sentants d\u2019associations-s\u0153urs&#160;: la Soci\u00e9t\u00e9 Suisse de Communication et des M\u00e9dias (SSCM), la Deutsche Gesellschaft f\u00fcr Publizistik und Kommunikationswissenschaft (DGPUK) avec lesquelles la Sfsic organisera ses doctorales en 2019, et l\u2019International Communication Association (ICA), qui a r\u00e9cemment reconnu notre revue, la RFSIC, comme Affiliated Journal, viendra pr\u00e9senter les opportunit\u00e9s qui s\u2019offriront \u00e0 notre communaut\u00e9 pour l\u2019organisation de son propre congr\u00e8s 2022 \u00e0 Paris.<\/p>\n<p>Mais le Congr\u00e8s est une occasion de discuter de la vie de notre section. Des repr\u00e9sentants de la Conf\u00e9rence Permanente des Direct.rice.eur.s d\u2019Unit\u00e9s de Recherches en SIC (CPDirSIC) viendront pr\u00e9senter leurs r\u00e9flexions sur l\u2019\u00e9volution de nos champs de recherche. Nous devrons nous pencher, au fil des discussions, sur la situation de notre section en termes d\u2019enseignants-chercheurs. Si, depuis 1996, la croissance a \u00e9t\u00e9 r\u00e9guli\u00e8re, les chiffres de ces derni\u00e8res ann\u00e9es montrent un fort tassement g\u00e9n\u00e9rationnel et cat\u00e9goriel. Nous sommes \u00ab&#160;en tension&#160;\u00bb par rapport \u00e0 d\u2019autres sections. Quelle contradiction avec le fait que les bacheliers qui souhaitent suivre nos formations sont de plus en plus nombreux et que Parcoursup met en souffrance ceux d\u2019entre nous qui en ont la charge&#160;!<\/p>\n<p>Se tiendra, enfin, l\u2019Assembl\u00e9e g\u00e9n\u00e9rale de notre association o\u00f9 les commissions viendront pr\u00e9senter leur riche travail depuis le dernier congr\u00e8s. Nous proc\u00e8derons ensuite aux \u00e9lections de nouveaux administrateurs puis les Administrateurs eux-m\u00eames proc\u00e8deront \u00e0 l\u2019\u00e9lection du prochain Pr\u00e9sident ou de la prochaine Pr\u00e9sidente.<\/p>\n<p>Alors que, en harmonie avec nos statuts, je termine donc les deux mandats de Pr\u00e9sident que la communaut\u00e9 m\u2019a confi\u00e9s, c\u2019est le moment de dire que j\u2019ai pass\u00e9 quatre ann\u00e9es exceptionnelles de ma vie d\u2019enseignant-chercheur et de ma vie d\u2019individu aid\u00e9 en cela par des administrateurs qui ont mis en place autant que nous le pouvions, des journ\u00e9es de travail, des s\u00e9minaires, des projets concrets afin d\u2019aider notre communaut\u00e9 \u00e0 \u00e9changer et progresser. Le format de ces journ\u00e9es et s\u00e9minaires et les contours de ces projets ont un caract\u00e8re commun&#160;: on dirait, dans le monde du spectacle vivant qui m\u2019est cher, que ce sont \u00ab&#160;des petites formes&#160;\u00bb mais des \u00ab&#160;petites formes&#160;\u00bb qui font le maximum&#160;! Port\u00e9es par des objectifs de \u00ab&#160;r\u00e9sultats&#160;\u00bb, l\u00e0 aussi un motif qui m\u2019est cher, elles ont permis de fournir des outils \u00e0 notre communaut\u00e9 et de construire du lien entre nous tous en dehors des moments traditionnels comme le sont les Doctorales et les Congr\u00e8s. \u00c0 tou.te.s les administrat.eurs.rices (je me fais \u00e0 l\u2019\u00e9criture inclusive&#160;!), chapeau bas&#160;! Qu\u2019il.elle.s ne m\u2019en veuillent pas si je remercie sp\u00e9cialement Val\u00e9rie L\u00e9pine, Aur\u00e9lia Lamy et Claire Scopsi. Pendant ces deux mandatures, elles ont \u00e9t\u00e9 en permanence non seulement secr\u00e9taires g\u00e9n\u00e9rales et tr\u00e9sori\u00e8re mais aussi force de propositions et animatrices de discussions&#160;: elles ont donn\u00e9 forme \u00e0 la politique de la Sfsic. Avec rigueur, r\u00e9activit\u00e9 et respect.<\/p>\n<p>A bient\u00f4t \u00e0 tou.te.s \u00e0 la MSH PN\u2026<\/p>\n<p>Daniel Raichvarg<br \/>\nPr\u00e9sident de la Sfsic<\/p>\n<\/p><\/div>\n<div class=\"zn-singledetail-keywords\">\n<h3 class=\"zn-singledetail-section-title\">Mots-cl\u00e9s<\/h3>\n<ul class=\"termslist termslist-post_tag\">\n<li class=\"termslist-item termslist-title\"><span class=\"termslist-titletxt\">Mots-cl\u00e9s<\/span><span class=\"doubledot\"><\/span><\/li>\n<li class=\"termslist-item tax-post_tag term-assemblee-generale\"><a class=\"termslist-itemlink\" href=\"https:\/\/www.sfsic.org\/tag\/assemblee-generale\/\" title=\"Assembl\u00e9e g\u00e9n\u00e9rale\"><span class=\"termslist-itemname\">Assembl\u00e9e g\u00e9n\u00e9rale<\/span><\/a><\/li>\n<li class=\"termslist-item tax-post_tag term-congres\"><a class=\"termslist-itemlink\" href=\"https:\/\/www.sfsic.org\/tag\/congres\/\" title=\"Congr\u00e8s\"><span class=\"termslist-itemname\">Congr\u00e8s<\/span><\/a><\/li>\n<li class=\"termslist-item tax-post_tag term-sfsic\"><a class=\"termslist-itemlink\" href=\"https:\/\/www.sfsic.org\/tag\/sfsic\/\" title=\"SFSIC\"><span class=\"termslist-itemname\">SFSIC<\/span><\/a><\/li>\n<\/ul><\/div>\n<\/p><\/div>\n<\/p><\/div>\n<\/p><\/div>\n<\/p><\/div>\n<\/div>\n<p><!-- \/fxzn:singledetail --><br \/>\n<!-- flzn:textblock --><\/p>\n<div class=\"zone zn-textblock\" id=\"flzn-textblock-1\">\n<div class=\"zone-block zn-textblock-block va-top\">\n<div class=\"row mw-content-zone\">\n<div class=\"columns large-12\">\n<div class=\"row large-up-1 with-nice-alignment nbloc-1\">\n<div class=\"column zn-textblock-col empty-content\">\n<div class=\"column-inner\">\n<div class=\"wig-content mw-content empty-content\">\n<p>Contenu texte \u00e0 venir&#8230;<\/p>\n<\/p><\/div>\n<\/p><\/div>\n<\/p><\/div>\n<\/p><\/div>\n<\/p><\/div>\n<\/p><\/div>\n<\/p><\/div>\n<\/div>\n<p><!-- \/flzn:textblock --><\/p>\n","protected":false},"excerpt":{"rendered":"<p>Mis en ligne le 10 mai 2020 Contacts Daniel Raichvarg presidence@sfsic.org Ch\u00e8res et chers adh\u00e9rent(e)s, Le congr\u00e8s, accueilli par le Laboratoire en Sciences de l\u2019Information et de la Communication (LabSIC, [&hellip;]<\/p>\n","protected":false},"author":957,"featured_media":0,"comment_status":"closed","ping_status":"closed","sticky":false,"template":"","format":"standard","meta":{"_acf_changed":false,"footnotes":""},"categories":[33],"tags":[157,97,96],"thematique":[],"sfsic":[26],"class_list":["post-5421","post","type-post","status-publish","format-standard","hentry","category-edito","tag-assemblee-generale","tag-congres","tag-sfsic","sfsic-actualites","wp-sticky"],"acf":[],"yoast_head":"<!-- This site is optimized with the Yoast SEO plugin v27.4 - https:\/\/yoast.com\/product\/yoast-seo-wordpress\/ -->\n<title>Edito - Mai 2018<\/title>\n<meta name=\"robots\" content=\"index, follow, max-snippet:-1, max-image-preview:large, max-video-preview:-1\" \/>\n<link rel=\"canonical\" href=\"https:\/\/www.sfsic.org\/en\/edito\/edito-mai-2018\/\" \/>\n<meta property=\"og:locale\" content=\"en_US\" \/>\n<meta property=\"og:type\" content=\"article\" \/>\n<meta property=\"og:title\" content=\"Edito - Mai 2018\" \/>\n<meta property=\"og:url\" content=\"https:\/\/www.sfsic.org\/en\/edito\/edito-mai-2018\/\" \/>\n<meta property=\"og:site_name\" content=\"SFSIC\" \/>\n<meta property=\"article:published_time\" content=\"2018-05-17T12:48:05+00:00\" \/>\n<meta property=\"article:modified_time\" content=\"2020-05-10T12:51:04+00:00\" \/>\n<meta name=\"author\" content=\"Fabien Bonnet\" \/>\n<meta name=\"twitter:card\" content=\"summary_large_image\" \/>\n<script type=\"application\/ld+json\" class=\"yoast-schema-graph\">{\"@context\":\"https:\\\/\\\/schema.org\",\"@graph\":[{\"@type\":\"Article\",\"@id\":\"https:\\\/\\\/www.sfsic.org\\\/en\\\/edito\\\/edito-mai-2018\\\/#article\",\"isPartOf\":{\"@id\":\"https:\\\/\\\/www.sfsic.org\\\/en\\\/edito\\\/edito-mai-2018\\\/\"},\"author\":{\"name\":\"Fabien Bonnet\",\"@id\":\"https:\\\/\\\/www.sfsic.org\\\/en\\\/#\\\/schema\\\/person\\\/9f83573bda33f40c68c7c826e9567df6\"},\"headline\":\"Edito &#8211; Mai 2018\",\"datePublished\":\"2018-05-17T12:48:05+00:00\",\"dateModified\":\"2020-05-10T12:51:04+00:00\",\"mainEntityOfPage\":{\"@id\":\"https:\\\/\\\/www.sfsic.org\\\/en\\\/edito\\\/edito-mai-2018\\\/\"},\"wordCount\":974,\"publisher\":{\"@id\":\"https:\\\/\\\/www.sfsic.org\\\/en\\\/#organization\"},\"keywords\":[\"Assembl\u00e9e g\u00e9n\u00e9rale\",\"Congr\u00e8s\",\"SFSIC\"],\"articleSection\":[\"\u00c9ditos\"],\"inLanguage\":\"en-US\"},{\"@type\":\"WebPage\",\"@id\":\"https:\\\/\\\/www.sfsic.org\\\/en\\\/edito\\\/edito-mai-2018\\\/\",\"url\":\"https:\\\/\\\/www.sfsic.org\\\/en\\\/edito\\\/edito-mai-2018\\\/\",\"name\":\"Edito - Mai 2018\",\"isPartOf\":{\"@id\":\"https:\\\/\\\/www.sfsic.org\\\/en\\\/#website\"},\"datePublished\":\"2018-05-17T12:48:05+00:00\",\"dateModified\":\"2020-05-10T12:51:04+00:00\",\"breadcrumb\":{\"@id\":\"https:\\\/\\\/www.sfsic.org\\\/en\\\/edito\\\/edito-mai-2018\\\/#breadcrumb\"},\"inLanguage\":\"en-US\",\"potentialAction\":[{\"@type\":\"ReadAction\",\"target\":[\"https:\\\/\\\/www.sfsic.org\\\/en\\\/edito\\\/edito-mai-2018\\\/\"]}]},{\"@type\":\"BreadcrumbList\",\"@id\":\"https:\\\/\\\/www.sfsic.org\\\/en\\\/edito\\\/edito-mai-2018\\\/#breadcrumb\",\"itemListElement\":[{\"@type\":\"ListItem\",\"position\":1,\"name\":\"Accueil\",\"item\":\"https:\\\/\\\/www.sfsic.org\\\/en\\\/\"},{\"@type\":\"ListItem\",\"position\":2,\"name\":\"Editorial\",\"item\":\"https:\\\/\\\/www.sfsic.org\\\/en\\\/editorial\\\/\"},{\"@type\":\"ListItem\",\"position\":3,\"name\":\"Edito &#8211; Mai 2018\"}]},{\"@type\":\"WebSite\",\"@id\":\"https:\\\/\\\/www.sfsic.org\\\/en\\\/#website\",\"url\":\"https:\\\/\\\/www.sfsic.org\\\/en\\\/\",\"name\":\"SFSIC\",\"description\":\"Soci\u00e9t\u00e9 Fran\u00e7aise des Sciences de l&#039;Information &amp; de la Communication\",\"publisher\":{\"@id\":\"https:\\\/\\\/www.sfsic.org\\\/en\\\/#organization\"},\"potentialAction\":[{\"@type\":\"SearchAction\",\"target\":{\"@type\":\"EntryPoint\",\"urlTemplate\":\"https:\\\/\\\/www.sfsic.org\\\/en\\\/?s={search_term_string}\"},\"query-input\":{\"@type\":\"PropertyValueSpecification\",\"valueRequired\":true,\"valueName\":\"search_term_string\"}}],\"inLanguage\":\"en-US\"},{\"@type\":\"Organization\",\"@id\":\"https:\\\/\\\/www.sfsic.org\\\/en\\\/#organization\",\"name\":\"SFSIC\",\"url\":\"https:\\\/\\\/www.sfsic.org\\\/en\\\/\",\"logo\":{\"@type\":\"ImageObject\",\"inLanguage\":\"en-US\",\"@id\":\"https:\\\/\\\/www.sfsic.org\\\/en\\\/#\\\/schema\\\/logo\\\/image\\\/\",\"url\":\"https:\\\/\\\/www.sfsic.org\\\/wp-inside\\\/uploads\\\/2020\\\/05\\\/logo-sfsic.jpg\",\"contentUrl\":\"https:\\\/\\\/www.sfsic.org\\\/wp-inside\\\/uploads\\\/2020\\\/05\\\/logo-sfsic.jpg\",\"width\":1085,\"height\":1080,\"caption\":\"SFSIC\"},\"image\":{\"@id\":\"https:\\\/\\\/www.sfsic.org\\\/en\\\/#\\\/schema\\\/logo\\\/image\\\/\"}},{\"@type\":\"Person\",\"@id\":\"https:\\\/\\\/www.sfsic.org\\\/en\\\/#\\\/schema\\\/person\\\/9f83573bda33f40c68c7c826e9567df6\",\"name\":\"Fabien Bonnet\",\"image\":{\"@type\":\"ImageObject\",\"inLanguage\":\"en-US\",\"@id\":\"https:\\\/\\\/secure.gravatar.com\\\/avatar\\\/88a9288fc13369cb9e30359afa340f8adace82098c18ff09415c6dacd710ddc4?s=96&d=mm&r=g\",\"url\":\"https:\\\/\\\/secure.gravatar.com\\\/avatar\\\/88a9288fc13369cb9e30359afa340f8adace82098c18ff09415c6dacd710ddc4?s=96&d=mm&r=g\",\"contentUrl\":\"https:\\\/\\\/secure.gravatar.com\\\/avatar\\\/88a9288fc13369cb9e30359afa340f8adace82098c18ff09415c6dacd710ddc4?s=96&d=mm&r=g\",\"caption\":\"Fabien Bonnet\"}}]}<\/script>\n<!-- \/ Yoast SEO plugin. -->","yoast_head_json":{"title":"Edito - Mai 2018","robots":{"index":"index","follow":"follow","max-snippet":"max-snippet:-1","max-image-preview":"max-image-preview:large","max-video-preview":"max-video-preview:-1"},"canonical":"https:\/\/www.sfsic.org\/en\/edito\/edito-mai-2018\/","og_locale":"en_US","og_type":"article","og_title":"Edito - Mai 2018","og_url":"https:\/\/www.sfsic.org\/en\/edito\/edito-mai-2018\/","og_site_name":"SFSIC","article_published_time":"2018-05-17T12:48:05+00:00","article_modified_time":"2020-05-10T12:51:04+00:00","author":"Fabien Bonnet","twitter_card":"summary_large_image","schema":{"@context":"https:\/\/schema.org","@graph":[{"@type":"Article","@id":"https:\/\/www.sfsic.org\/en\/edito\/edito-mai-2018\/#article","isPartOf":{"@id":"https:\/\/www.sfsic.org\/en\/edito\/edito-mai-2018\/"},"author":{"name":"Fabien Bonnet","@id":"https:\/\/www.sfsic.org\/en\/#\/schema\/person\/9f83573bda33f40c68c7c826e9567df6"},"headline":"Edito &#8211; Mai 2018","datePublished":"2018-05-17T12:48:05+00:00","dateModified":"2020-05-10T12:51:04+00:00","mainEntityOfPage":{"@id":"https:\/\/www.sfsic.org\/en\/edito\/edito-mai-2018\/"},"wordCount":974,"publisher":{"@id":"https:\/\/www.sfsic.org\/en\/#organization"},"keywords":["Assembl\u00e9e g\u00e9n\u00e9rale","Congr\u00e8s","SFSIC"],"articleSection":["\u00c9ditos"],"inLanguage":"en-US"},{"@type":"WebPage","@id":"https:\/\/www.sfsic.org\/en\/edito\/edito-mai-2018\/","url":"https:\/\/www.sfsic.org\/en\/edito\/edito-mai-2018\/","name":"Edito - Mai 2018","isPartOf":{"@id":"https:\/\/www.sfsic.org\/en\/#website"},"datePublished":"2018-05-17T12:48:05+00:00","dateModified":"2020-05-10T12:51:04+00:00","breadcrumb":{"@id":"https:\/\/www.sfsic.org\/en\/edito\/edito-mai-2018\/#breadcrumb"},"inLanguage":"en-US","potentialAction":[{"@type":"ReadAction","target":["https:\/\/www.sfsic.org\/en\/edito\/edito-mai-2018\/"]}]},{"@type":"BreadcrumbList","@id":"https:\/\/www.sfsic.org\/en\/edito\/edito-mai-2018\/#breadcrumb","itemListElement":[{"@type":"ListItem","position":1,"name":"Accueil","item":"https:\/\/www.sfsic.org\/en\/"},{"@type":"ListItem","position":2,"name":"Editorial","item":"https:\/\/www.sfsic.org\/en\/editorial\/"},{"@type":"ListItem","position":3,"name":"Edito &#8211; Mai 2018"}]},{"@type":"WebSite","@id":"https:\/\/www.sfsic.org\/en\/#website","url":"https:\/\/www.sfsic.org\/en\/","name":"SFSIC","description":"Soci\u00e9t\u00e9 Fran\u00e7aise des Sciences de l&#039;Information &amp; de la Communication","publisher":{"@id":"https:\/\/www.sfsic.org\/en\/#organization"},"potentialAction":[{"@type":"SearchAction","target":{"@type":"EntryPoint","urlTemplate":"https:\/\/www.sfsic.org\/en\/?s={search_term_string}"},"query-input":{"@type":"PropertyValueSpecification","valueRequired":true,"valueName":"search_term_string"}}],"inLanguage":"en-US"},{"@type":"Organization","@id":"https:\/\/www.sfsic.org\/en\/#organization","name":"SFSIC","url":"https:\/\/www.sfsic.org\/en\/","logo":{"@type":"ImageObject","inLanguage":"en-US","@id":"https:\/\/www.sfsic.org\/en\/#\/schema\/logo\/image\/","url":"https:\/\/www.sfsic.org\/wp-inside\/uploads\/2020\/05\/logo-sfsic.jpg","contentUrl":"https:\/\/www.sfsic.org\/wp-inside\/uploads\/2020\/05\/logo-sfsic.jpg","width":1085,"height":1080,"caption":"SFSIC"},"image":{"@id":"https:\/\/www.sfsic.org\/en\/#\/schema\/logo\/image\/"}},{"@type":"Person","@id":"https:\/\/www.sfsic.org\/en\/#\/schema\/person\/9f83573bda33f40c68c7c826e9567df6","name":"Fabien Bonnet","image":{"@type":"ImageObject","inLanguage":"en-US","@id":"https:\/\/secure.gravatar.com\/avatar\/88a9288fc13369cb9e30359afa340f8adace82098c18ff09415c6dacd710ddc4?s=96&d=mm&r=g","url":"https:\/\/secure.gravatar.com\/avatar\/88a9288fc13369cb9e30359afa340f8adace82098c18ff09415c6dacd710ddc4?s=96&d=mm&r=g","contentUrl":"https:\/\/secure.gravatar.com\/avatar\/88a9288fc13369cb9e30359afa340f8adace82098c18ff09415c6dacd710ddc4?s=96&d=mm&r=g","caption":"Fabien Bonnet"}}]}},"_links":{"self":[{"href":"https:\/\/www.sfsic.org\/en\/wp-json\/wp\/v2\/posts\/5421","targetHints":{"allow":["GET"]}}],"collection":[{"href":"https:\/\/www.sfsic.org\/en\/wp-json\/wp\/v2\/posts"}],"about":[{"href":"https:\/\/www.sfsic.org\/en\/wp-json\/wp\/v2\/types\/post"}],"author":[{"embeddable":true,"href":"https:\/\/www.sfsic.org\/en\/wp-json\/wp\/v2\/users\/957"}],"replies":[{"embeddable":true,"href":"https:\/\/www.sfsic.org\/en\/wp-json\/wp\/v2\/comments?post=5421"}],"version-history":[{"count":1,"href":"https:\/\/www.sfsic.org\/en\/wp-json\/wp\/v2\/posts\/5421\/revisions"}],"predecessor-version":[{"id":5422,"href":"https:\/\/www.sfsic.org\/en\/wp-json\/wp\/v2\/posts\/5421\/revisions\/5422"}],"wp:attachment":[{"href":"https:\/\/www.sfsic.org\/en\/wp-json\/wp\/v2\/media?parent=5421"}],"wp:term":[{"taxonomy":"category","embeddable":true,"href":"https:\/\/www.sfsic.org\/en\/wp-json\/wp\/v2\/categories?post=5421"},{"taxonomy":"post_tag","embeddable":true,"href":"https:\/\/www.sfsic.org\/en\/wp-json\/wp\/v2\/tags?post=5421"},{"taxonomy":"thematique","embeddable":true,"href":"https:\/\/www.sfsic.org\/en\/wp-json\/wp\/v2\/thematique?post=5421"},{"taxonomy":"sfsic","embeddable":true,"href":"https:\/\/www.sfsic.org\/en\/wp-json\/wp\/v2\/sfsic?post=5421"}],"curies":[{"name":"wp","href":"https:\/\/api.w.org\/{rel}","templated":true}]}}