{"id":5419,"date":"2018-10-17T14:42:58","date_gmt":"2018-10-17T12:42:58","guid":{"rendered":"https:\/\/www.sfsic.org\/?p=5419"},"modified":"2020-05-10T14:47:36","modified_gmt":"2020-05-10T12:47:36","slug":"edito-octobre-2018","status":"publish","type":"post","link":"https:\/\/www.sfsic.org\/en\/edito\/edito-octobre-2018\/","title":{"rendered":"Edito &#8211; octobre 2018"},"content":{"rendered":"<p><!-- fxzn:singledetail --><\/p>\n<div class=\"zone zn-singledetail\" id=\"fxzn-singledetail-1\">\n<div class=\"zone-block zn-singledetail-block alignwide va-top\">\n<div class=\"row\">\n<div class=\"columns large-8 large-push-4\">\n<div class=\"zn-singledetail-metabox\">\n<div class=\"zn-singledetail-pubdate pubdate\">\n\t\t\t\t\t<span class=\"pubdate-txt\">Mis en ligne le<\/span><span class=\"doubledot\"><\/span> <time class=\"pubdate-time\" pubdate datetime=\"2020-05-10T14:43:12+02:00\">10 mai 2020<\/time>\t\t\t\t<\/div>\n<\/p><\/div>\n<\/p><\/div>\n<\/p><\/div>\n<div class=\"row\">\n<div class=\"columns large-4\">\n<div class=\"zn-singledetail-sidebar bg-cornersquares\">\n<div class=\"zn-singledetail-infos\"><\/div>\n<div class=\"zn-singledetail-contacts\">\n<h3 class=\"zn-singledetail-section-title\">Contacts<\/h3>\n<ul class=\"zn-singledetail-contacts-list\">\n<li>\n\t\t\t\t\t\t\t<span><span>Philippe<\/span> <span>Bonfils<\/span><\/span><span class=\"doubledot\"><\/span><br \/>\n\t\t\t\t\t\t\t\t\t\t\t\t\t\t<a class=\"prettylink\" href=\"mailto:presidence@sfsic.org\">presidence@sfsic.org<\/a>\n\t\t\t\t\t\t\t\t\t\t\t\t\t<\/li>\n<\/ul><\/div>\n<\/p><\/div>\n<\/p><\/div>\n<div class=\"columns large-8\">\n<div class=\"zn-singledetail-contentbox\">\n<div class=\"zn-singledetail-annonce wig-content\">\n<p>Ch\u00e8res et chers adh\u00e9rent(e)s,<\/p>\n<p>Ch\u00e8res et chers coll\u00e8gues,<\/p>\n<p>J\u2019ai eu l\u2019honneur d\u2019\u00eatre \u00e9lu Pr\u00e9sident de notre belle soci\u00e9t\u00e9 savante le 14 juin 2018 lors du congr\u00e8s que nous avons tenu \u00e0 la MSH Paris-Nord. Conform\u00e9ment \u00e0 nos statuts, le bureau de la SFISC a \u00e9t\u00e9 compl\u00e9t\u00e9 le m\u00eame jour avec l\u2019\u00e9lection de Sidonie Gallot aux fonctions de Secr\u00e9taire g\u00e9n\u00e9rale et de Julien P\u00e9quignot aux fonctions de Tr\u00e9sorier.<\/p>\n<p>Nous partageons cet honneur avec les 17 autres coll\u00e8gues \u00e9lu.e.s ou r\u00e9-\u00e9lu.e.s en tant qu\u2019administrateurs.trices de notre Conseil d\u2019Administration&#160;: Sylvie Alemanno-Parrini, Dominique Bessieres, Emilie Bouillaguet, Fabien Bonnet, Bruno Chaudet, Laurent Collet, Sarah Cordonnier, Laurence Corroy-Labardens, Patrice De La Broise, Jean-Claude Domenget, Benoit Lafon, Elise Le Moing-Maas, Fran\u00e7oise Paquiens\u00e9guy, Daniel Raichvarg, Sandrine Roginsky, Claire Scopsi, et Carsten Wilhelm.<\/p>\n<p>Lors de notre 2\u00e8me CA le 14 septembre 2018, Daniel Raichvarg nous a fait part de son souhait de se retirer de ce conseil avant la fin de son 2<sup>e<\/sup>mandat d\u2019administrateur. Conform\u00e9ment l\u00e0 aussi \u00e0 nos statuts, M\u00e9lanie Bourdaa a donc rejoint notre \u00e9quipe sur la base de sa position dans le classement des candidatures issu des \u00e9lections g\u00e9n\u00e9rales au congr\u00e8s. Sur proposition de ma part, Daniel Raichvarg a \u00e9t\u00e9 \u00e9lu Pr\u00e9sident d\u2019Honneur de la SFSIC. Il rejoint en cela les Pr\u00e9sident.e.s d\u2019honneur qui nous accompagnent r\u00e9guli\u00e8rement dans nos \u00e9changes. Leurs exp\u00e9riences nous sont pr\u00e9cieuses et leurs avis consultatifs nourrissent nos d\u00e9bats.<\/p>\n<p>Nous sommes aussi tr\u00e8s heureux de vous annoncer la constitution du bureau \u00e9largi de la SFSIC.\u00a0En effet, ont \u00e9t\u00e9 \u00e9lu.e.s lors du m\u00eame CA aux responsabilit\u00e9s de vice-pr\u00e9sident.e.s&#160;:<\/p>\n<p>Pour la commission \u00ab&#160;Recherche&#160;\u00bb&#160;:<\/p>\n<p>&#8211;\u00a0Sylvie Alemanno\u00a0<em>(en charge du Congr\u00e8s 2020 et du projet \u00ab&#160;Jeunes chercheurs et monde socio-\u00e9conomique&#160;\u00bb),<\/em><\/p>\n<p>&#8211;\u00a0Dominique Bessi\u00e8res\u00a0<em>(en charge du projet de veille en SHS, des conf\u00e9rences annuelles et des labellisations SFSIC),<\/em><\/p>\n<p>&#8211;\u00a0Jean-Claude Domenget\u00a0<em>(en charge de l\u2019\u00e9tude sur l&rsquo;\u00e9thique de la recherche li\u00e9e au num\u00e9rique, des doctorales 2019 et des relations avec les GER).<\/em><\/p>\n<p>Pour la commission \u00ab&#160;Formation&#160;\u00bb&#160;: Laurence Corroy et Elise Maas\u00a0<em>(en charge conjointement de toutes les activit\u00e9s de cette commission)<\/em><\/p>\n<p>Pour la commission \u00ab&#160;Communication&#160;\u00bb&#160;: Fabien Bonnet<\/p>\n<p>Pour la commission \u00ab&#160;Relations internationales&#160;\u00bb&#160;: Carsten Wilhelm<\/p>\n<p>Pour la commission \u00ab&#160;Relations professionnelles&#160;\u00bb&#160;: Bruno Chaudet<\/p>\n<p>&nbsp;<\/p>\n<p>Ce seront d\u00e9sormais vos interlocuteurs privil\u00e9gi\u00e9s&#160;!<\/p>\n<p>Ce bureau \u00e9toff\u00e9 montre la volont\u00e9 des administrateurs de donner une grande dynamique aux commissions et \u00e0 leurs projets. Cette structuration est le r\u00e9sultat d\u2019une approche collective adopt\u00e9e par nous tous. Elle favorise une autonomie importante des actions de ces commissions entre les r\u00e9unions du CA qui permettent r\u00e9guli\u00e8rement de prendre les d\u00e9cisions coll\u00e9giales inh\u00e9rentes \u00e0 la vie de notre soci\u00e9t\u00e9. Cette structuration privil\u00e9giera aussi un dialogue constant entre les commissions gr\u00e2ce \u00e0 l\u2019implication transverse de la plupart des administrateurs selon les besoins ou les activit\u00e9s des projets en cours ou \u00e0 venir.<\/p>\n<p>Cette \u00e9quipe en partie renouvel\u00e9e de la SFSIC est compos\u00e9e de coll\u00e8gues volontaires, b\u00e9n\u00e9voles, exp\u00e9riment\u00e9s, qui partagent avec dynamisme la volont\u00e9 de servir notre discipline, notre communaut\u00e9 et nos adh\u00e9rents. Elle s\u2019est d\u2019ores et d\u00e9j\u00e0 engag\u00e9e dans plusieurs projets, parall\u00e8lement \u00e0 ceux qui avaient \u00e9t\u00e9 pr\u00e9c\u00e9demment lanc\u00e9s.<\/p>\n<p>Avant de donner une liste non exhaustive de ces projets, je voudrais insister sur le fait que ce mandat sera marqu\u00e9 par un dialogue constant, amplifi\u00e9, et une implication soutenue dans des actions ponctuelles et concert\u00e9es avec la CpDirSIC, le CNU et la CdSIC (nouvellement constitu\u00e9e). Je suis convaincu que ce type de collaboration, qui a d\u00e9j\u00e0 fait ses preuves, peut nous permettre d\u2019associer au mieux nos forces pour d\u00e9fendre les int\u00e9r\u00eats de notre discipline par l\u2019interm\u00e9diaires de projets communs et d\u2019actions institutionnelles collectives. La liste ci-dessous s\u2019inscrit dans cette perspective&#160;!<\/p>\n<p>Selon l\u2019article 2 de nos statuts, la SFSIC a pour but de contribuer au d\u00e9veloppement des Sciences de l&rsquo;Information et de la Communication, notamment&#160;:<\/p>\n<p>1. en am\u00e9liorant l&rsquo;\u00e9change d&rsquo;informations et la coordination des recherches concernant les Sciences de l&rsquo;Information et de la Communication<\/p>\n<p>2. en favorisant l&rsquo;implantation et la diffusion de ces sciences dans la soci\u00e9t\u00e9, en particulier dans l&rsquo;enseignement sup\u00e9rieur, dans les institutions de recherche et dans les domaines d&rsquo;application de ces sciences<\/p>\n<p>3. en veillant \u00e0 la d\u00e9fense des int\u00e9r\u00eats scientifiques et professionnels de ses membres<\/p>\n<p>4. en repr\u00e9sentant les Sciences de l&rsquo;Information et de la Communication dans les diverses instances scientifiques et administratives<\/p>\n<p>5. en renfor\u00e7ant les relations entre les sp\u00e9cialistes fran\u00e7ais et \u00e9trangers et avec les grands organismes internationaux.<\/p>\n<p>&nbsp;<\/p>\n<p>Dans ce cadre, l\u2019une de nos missions les plus importantes est de participer \u00e0 l\u2019animation de la communaut\u00e9 SIC. Les prochains mois seront donc marqu\u00e9s par l\u2019organisation confirm\u00e9e de deux \u00e9v\u00e9nements anim\u00e9s ou co-anim\u00e9s par la SFSIC&#160;: la 2<sup>\u00e8me\u00a0<\/sup>journ\u00e9e de r\u00e9flexion du groupe de travail sur les humanit\u00e9s num\u00e9riques en collaboration avec la CpDirSIC (12 octobre 2018), et les Doctorales internationales de la SFSIC \u00e0 Mulhouse-B\u00e2le-Fribourg (entre le 12 et le 14 juin 2019) en partenariat avec nos soci\u00e9t\u00e9s homologues suisse (SSCM), allemande (DGPUK) et autrichienne (\u00d6GK). Des journ\u00e9es \u00ab&#160;Recherche&#160;\u00bb, \u00ab&#160;Formation&#160;\u00bb, et \u00ab&#160;Relations professionnelles&#160;\u00bb seront \u00e9galement organis\u00e9es \u00e0 l\u2019intention des adh\u00e9rents.<\/p>\n<p>L\u2019am\u00e9lioration des possibilit\u00e9s d\u2019\u00e9change d\u2019information au sein de notre communaut\u00e9 repr\u00e9sente \u00e9galement une priorit\u00e9 pour cette \u00e9quipe. Nous avons d\u00e9cid\u00e9 pour cela de refondre notre site (<a href=\"http:\/\/sfsic.org\/\">http:\/\/sfsic.org<\/a>) et d\u2019apporter ainsi plus de services en ligne \u00e0 notre communaut\u00e9 et \u00e0 nos adh\u00e9rents. Cette refonte a \u00e9t\u00e9 amorc\u00e9e et les modifications seront visibles progressivement. Cette d\u00e9marche sera associ\u00e9e \u00e0 une r\u00e9flexion renouvel\u00e9e sur notre communication et les usages des m\u00e9dias sociaux qui sont actuellement d\u00e9ploy\u00e9s par la SFSIC.<\/p>\n<p>Les \u00e9changes sont aussi nourris \u00e0 l\u2019international dans la continuit\u00e9 des relations pr\u00e9c\u00e9demment \u00e9tablies. En compl\u00e9ment des Doctorales, nous devrions \u00eatre en mesure d\u2019aider les coll\u00e8gues int\u00e9ress\u00e9s \u00e0 participer aux prochaines conf\u00e9rences annuelles de l\u2019ICA (Washington, 24-28 mai 2019), de l\u2019AIERI\/AIMCR\/AIECS (Madrid, 7-10 juillet 2019), d\u2019EUPRERA (Zagreb, septembre 2019), et d\u2019ECREA (automne 2019). Nous travaillons aussi activement sur la co-organisation d\u2019une\u00a0conf\u00e9rence en Asie (Vietnam, courant 2020).<\/p>\n<p>Les discussions amorc\u00e9es avec l\u2019\u00e9quipe pr\u00e9c\u00e9dente sur l\u2019\u00e9volution de la politique \u00e9ditoriale de la SFSIC sont poursuivies. Elles portent sur l\u2019ensemble de nos publications et \u00e9ditions (<em>Revue Fran\u00e7aise des Sciences de l\u2019Informations et de la Communication<\/em>,\u00a0<em>Cahiers de la SFSIC<\/em>, Actes des Congr\u00e8s, Doctorales, Journ\u00e9es). L\u2019objectif est de permettre aux auteurs associ\u00e9s de valoriser pleinement ces publications scientifiques.<\/p>\n<p>Enfin, une large r\u00e9flexion est actuellement men\u00e9e au sein du CA pour trouver les moyens de mieux aider nos jeunes chercheurs (informations, doctorales, financement de la recherche, relations avec le monde socio-\u00e9conomique, contrats Cifre, \u00e9v\u00e9nements sp\u00e9cifiques). Ils repr\u00e9sentent l\u2019avenir de notre discipline et il est de notre devoir \u00e0 tous de les accompagner de la fa\u00e7on la plus concr\u00e8te possible dans leurs premiers pas au sein de notre communaut\u00e9. La SFSIC doit aussi jouer son r\u00f4le dans cette d\u00e9marche&#160;!<\/p>\n<p>Toute l\u2019\u00e9quipe des administrateurs se joint \u00e0 moi pour vous souhaiter un tr\u00e8s bel automne.<\/p>\n<p>Philippe BONFILS<\/p>\n<p>Pr\u00e9sident de la SFSIC<\/p>\n<\/p><\/div>\n<div class=\"zn-singledetail-keywords\">\n<h3 class=\"zn-singledetail-section-title\">Mots-cl\u00e9s<\/h3>\n<ul class=\"termslist termslist-post_tag\">\n<li class=\"termslist-item termslist-title\"><span class=\"termslist-titletxt\">Mots-cl\u00e9s<\/span><span class=\"doubledot\"><\/span><\/li>\n<li class=\"termslist-item tax-post_tag term-bureau\"><a class=\"termslist-itemlink\" href=\"https:\/\/www.sfsic.org\/tag\/bureau\/\" title=\"Bureau\"><span class=\"termslist-itemname\">Bureau<\/span><\/a><\/li>\n<li class=\"termslist-item tax-post_tag term-conseil-dadministration\"><a class=\"termslist-itemlink\" href=\"https:\/\/www.sfsic.org\/tag\/conseil-dadministration\/\" title=\"Conseil d'administration\"><span class=\"termslist-itemname\">Conseil d&#8217;administration<\/span><\/a><\/li>\n<li class=\"termslist-item tax-post_tag term-election\"><a class=\"termslist-itemlink\" href=\"https:\/\/www.sfsic.org\/tag\/election\/\" title=\"Election\"><span class=\"termslist-itemname\">Election<\/span><\/a><\/li>\n<li class=\"termslist-item tax-post_tag term-sfsic\"><a class=\"termslist-itemlink\" href=\"https:\/\/www.sfsic.org\/tag\/sfsic\/\" title=\"SFSIC\"><span class=\"termslist-itemname\">SFSIC<\/span><\/a><\/li>\n<\/ul><\/div>\n<\/p><\/div>\n<\/p><\/div>\n<\/p><\/div>\n<\/p><\/div>\n<\/div>\n<p><!-- \/fxzn:singledetail --><br \/>\n<!-- flzn:textblock --><\/p>\n<div class=\"zone zn-textblock\" id=\"flzn-textblock-1\">\n<div class=\"zone-block zn-textblock-block va-top\">\n<div class=\"row mw-content-zone\">\n<div class=\"columns large-12\">\n<div class=\"row large-up-1 with-nice-alignment nbloc-1\">\n<div class=\"column zn-textblock-col empty-content\">\n<div class=\"column-inner\">\n<div class=\"wig-content mw-content empty-content\">\n<p>Contenu texte \u00e0 venir&#8230;<\/p>\n<\/p><\/div>\n<\/p><\/div>\n<\/p><\/div>\n<\/p><\/div>\n<\/p><\/div>\n<\/p><\/div>\n<\/p><\/div>\n<\/div>\n<p><!-- \/flzn:textblock --><\/p>\n","protected":false},"excerpt":{"rendered":"<p>Mis en ligne le 10 mai 2020 Contacts Philippe Bonfils presidence@sfsic.org Ch\u00e8res et chers adh\u00e9rent(e)s, Ch\u00e8res et chers coll\u00e8gues, J\u2019ai eu l\u2019honneur d\u2019\u00eatre \u00e9lu Pr\u00e9sident de notre belle soci\u00e9t\u00e9 savante [&hellip;]<\/p>\n","protected":false},"author":957,"featured_media":0,"comment_status":"closed","ping_status":"closed","sticky":false,"template":"","format":"standard","meta":{"_acf_changed":false,"footnotes":""},"categories":[33],"tags":[155,154,156,96],"thematique":[],"sfsic":[26],"class_list":["post-5419","post","type-post","status-publish","format-standard","hentry","category-edito","tag-bureau","tag-conseil-dadministration","tag-election","tag-sfsic","sfsic-actualites","wp-sticky"],"acf":[],"yoast_head":"<!-- This site is optimized with the Yoast SEO plugin v27.4 - https:\/\/yoast.com\/product\/yoast-seo-wordpress\/ -->\n<title>Edito - octobre 2018<\/title>\n<meta name=\"robots\" content=\"index, follow, max-snippet:-1, max-image-preview:large, max-video-preview:-1\" \/>\n<link rel=\"canonical\" href=\"https:\/\/www.sfsic.org\/en\/edito\/edito-octobre-2018\/\" \/>\n<meta property=\"og:locale\" content=\"en_US\" \/>\n<meta property=\"og:type\" content=\"article\" \/>\n<meta property=\"og:title\" content=\"Edito - octobre 2018\" \/>\n<meta property=\"og:url\" content=\"https:\/\/www.sfsic.org\/en\/edito\/edito-octobre-2018\/\" \/>\n<meta property=\"og:site_name\" content=\"SFSIC\" \/>\n<meta property=\"article:published_time\" content=\"2018-10-17T12:42:58+00:00\" \/>\n<meta property=\"article:modified_time\" content=\"2020-05-10T12:47:36+00:00\" \/>\n<meta name=\"author\" content=\"Fabien Bonnet\" \/>\n<meta name=\"twitter:card\" content=\"summary_large_image\" \/>\n<script type=\"application\/ld+json\" class=\"yoast-schema-graph\">{\"@context\":\"https:\\\/\\\/schema.org\",\"@graph\":[{\"@type\":\"Article\",\"@id\":\"https:\\\/\\\/www.sfsic.org\\\/en\\\/edito\\\/edito-octobre-2018\\\/#article\",\"isPartOf\":{\"@id\":\"https:\\\/\\\/www.sfsic.org\\\/en\\\/edito\\\/edito-octobre-2018\\\/\"},\"author\":{\"name\":\"Fabien Bonnet\",\"@id\":\"https:\\\/\\\/www.sfsic.org\\\/en\\\/#\\\/schema\\\/person\\\/9f83573bda33f40c68c7c826e9567df6\"},\"headline\":\"Edito &#8211; octobre 2018\",\"datePublished\":\"2018-10-17T12:42:58+00:00\",\"dateModified\":\"2020-05-10T12:47:36+00:00\",\"mainEntityOfPage\":{\"@id\":\"https:\\\/\\\/www.sfsic.org\\\/en\\\/edito\\\/edito-octobre-2018\\\/\"},\"wordCount\":1324,\"publisher\":{\"@id\":\"https:\\\/\\\/www.sfsic.org\\\/en\\\/#organization\"},\"keywords\":[\"Bureau\",\"Conseil d'administration\",\"Election\",\"SFSIC\"],\"articleSection\":[\"\u00c9ditos\"],\"inLanguage\":\"en-US\"},{\"@type\":\"WebPage\",\"@id\":\"https:\\\/\\\/www.sfsic.org\\\/en\\\/edito\\\/edito-octobre-2018\\\/\",\"url\":\"https:\\\/\\\/www.sfsic.org\\\/en\\\/edito\\\/edito-octobre-2018\\\/\",\"name\":\"Edito - octobre 2018\",\"isPartOf\":{\"@id\":\"https:\\\/\\\/www.sfsic.org\\\/en\\\/#website\"},\"datePublished\":\"2018-10-17T12:42:58+00:00\",\"dateModified\":\"2020-05-10T12:47:36+00:00\",\"breadcrumb\":{\"@id\":\"https:\\\/\\\/www.sfsic.org\\\/en\\\/edito\\\/edito-octobre-2018\\\/#breadcrumb\"},\"inLanguage\":\"en-US\",\"potentialAction\":[{\"@type\":\"ReadAction\",\"target\":[\"https:\\\/\\\/www.sfsic.org\\\/en\\\/edito\\\/edito-octobre-2018\\\/\"]}]},{\"@type\":\"BreadcrumbList\",\"@id\":\"https:\\\/\\\/www.sfsic.org\\\/en\\\/edito\\\/edito-octobre-2018\\\/#breadcrumb\",\"itemListElement\":[{\"@type\":\"ListItem\",\"position\":1,\"name\":\"Accueil\",\"item\":\"https:\\\/\\\/www.sfsic.org\\\/en\\\/\"},{\"@type\":\"ListItem\",\"position\":2,\"name\":\"Editorial\",\"item\":\"https:\\\/\\\/www.sfsic.org\\\/en\\\/editorial\\\/\"},{\"@type\":\"ListItem\",\"position\":3,\"name\":\"Edito &#8211; octobre 2018\"}]},{\"@type\":\"WebSite\",\"@id\":\"https:\\\/\\\/www.sfsic.org\\\/en\\\/#website\",\"url\":\"https:\\\/\\\/www.sfsic.org\\\/en\\\/\",\"name\":\"SFSIC\",\"description\":\"Soci\u00e9t\u00e9 Fran\u00e7aise des Sciences de l&#039;Information &amp; de la Communication\",\"publisher\":{\"@id\":\"https:\\\/\\\/www.sfsic.org\\\/en\\\/#organization\"},\"potentialAction\":[{\"@type\":\"SearchAction\",\"target\":{\"@type\":\"EntryPoint\",\"urlTemplate\":\"https:\\\/\\\/www.sfsic.org\\\/en\\\/?s={search_term_string}\"},\"query-input\":{\"@type\":\"PropertyValueSpecification\",\"valueRequired\":true,\"valueName\":\"search_term_string\"}}],\"inLanguage\":\"en-US\"},{\"@type\":\"Organization\",\"@id\":\"https:\\\/\\\/www.sfsic.org\\\/en\\\/#organization\",\"name\":\"SFSIC\",\"url\":\"https:\\\/\\\/www.sfsic.org\\\/en\\\/\",\"logo\":{\"@type\":\"ImageObject\",\"inLanguage\":\"en-US\",\"@id\":\"https:\\\/\\\/www.sfsic.org\\\/en\\\/#\\\/schema\\\/logo\\\/image\\\/\",\"url\":\"https:\\\/\\\/www.sfsic.org\\\/wp-inside\\\/uploads\\\/2020\\\/05\\\/logo-sfsic.jpg\",\"contentUrl\":\"https:\\\/\\\/www.sfsic.org\\\/wp-inside\\\/uploads\\\/2020\\\/05\\\/logo-sfsic.jpg\",\"width\":1085,\"height\":1080,\"caption\":\"SFSIC\"},\"image\":{\"@id\":\"https:\\\/\\\/www.sfsic.org\\\/en\\\/#\\\/schema\\\/logo\\\/image\\\/\"}},{\"@type\":\"Person\",\"@id\":\"https:\\\/\\\/www.sfsic.org\\\/en\\\/#\\\/schema\\\/person\\\/9f83573bda33f40c68c7c826e9567df6\",\"name\":\"Fabien Bonnet\",\"image\":{\"@type\":\"ImageObject\",\"inLanguage\":\"en-US\",\"@id\":\"https:\\\/\\\/secure.gravatar.com\\\/avatar\\\/88a9288fc13369cb9e30359afa340f8adace82098c18ff09415c6dacd710ddc4?s=96&d=mm&r=g\",\"url\":\"https:\\\/\\\/secure.gravatar.com\\\/avatar\\\/88a9288fc13369cb9e30359afa340f8adace82098c18ff09415c6dacd710ddc4?s=96&d=mm&r=g\",\"contentUrl\":\"https:\\\/\\\/secure.gravatar.com\\\/avatar\\\/88a9288fc13369cb9e30359afa340f8adace82098c18ff09415c6dacd710ddc4?s=96&d=mm&r=g\",\"caption\":\"Fabien Bonnet\"}}]}<\/script>\n<!-- \/ Yoast SEO plugin. -->","yoast_head_json":{"title":"Edito - octobre 2018","robots":{"index":"index","follow":"follow","max-snippet":"max-snippet:-1","max-image-preview":"max-image-preview:large","max-video-preview":"max-video-preview:-1"},"canonical":"https:\/\/www.sfsic.org\/en\/edito\/edito-octobre-2018\/","og_locale":"en_US","og_type":"article","og_title":"Edito - octobre 2018","og_url":"https:\/\/www.sfsic.org\/en\/edito\/edito-octobre-2018\/","og_site_name":"SFSIC","article_published_time":"2018-10-17T12:42:58+00:00","article_modified_time":"2020-05-10T12:47:36+00:00","author":"Fabien Bonnet","twitter_card":"summary_large_image","schema":{"@context":"https:\/\/schema.org","@graph":[{"@type":"Article","@id":"https:\/\/www.sfsic.org\/en\/edito\/edito-octobre-2018\/#article","isPartOf":{"@id":"https:\/\/www.sfsic.org\/en\/edito\/edito-octobre-2018\/"},"author":{"name":"Fabien Bonnet","@id":"https:\/\/www.sfsic.org\/en\/#\/schema\/person\/9f83573bda33f40c68c7c826e9567df6"},"headline":"Edito &#8211; octobre 2018","datePublished":"2018-10-17T12:42:58+00:00","dateModified":"2020-05-10T12:47:36+00:00","mainEntityOfPage":{"@id":"https:\/\/www.sfsic.org\/en\/edito\/edito-octobre-2018\/"},"wordCount":1324,"publisher":{"@id":"https:\/\/www.sfsic.org\/en\/#organization"},"keywords":["Bureau","Conseil d'administration","Election","SFSIC"],"articleSection":["\u00c9ditos"],"inLanguage":"en-US"},{"@type":"WebPage","@id":"https:\/\/www.sfsic.org\/en\/edito\/edito-octobre-2018\/","url":"https:\/\/www.sfsic.org\/en\/edito\/edito-octobre-2018\/","name":"Edito - octobre 2018","isPartOf":{"@id":"https:\/\/www.sfsic.org\/en\/#website"},"datePublished":"2018-10-17T12:42:58+00:00","dateModified":"2020-05-10T12:47:36+00:00","breadcrumb":{"@id":"https:\/\/www.sfsic.org\/en\/edito\/edito-octobre-2018\/#breadcrumb"},"inLanguage":"en-US","potentialAction":[{"@type":"ReadAction","target":["https:\/\/www.sfsic.org\/en\/edito\/edito-octobre-2018\/"]}]},{"@type":"BreadcrumbList","@id":"https:\/\/www.sfsic.org\/en\/edito\/edito-octobre-2018\/#breadcrumb","itemListElement":[{"@type":"ListItem","position":1,"name":"Accueil","item":"https:\/\/www.sfsic.org\/en\/"},{"@type":"ListItem","position":2,"name":"Editorial","item":"https:\/\/www.sfsic.org\/en\/editorial\/"},{"@type":"ListItem","position":3,"name":"Edito &#8211; octobre 2018"}]},{"@type":"WebSite","@id":"https:\/\/www.sfsic.org\/en\/#website","url":"https:\/\/www.sfsic.org\/en\/","name":"SFSIC","description":"Soci\u00e9t\u00e9 Fran\u00e7aise des Sciences de l&#039;Information &amp; de la Communication","publisher":{"@id":"https:\/\/www.sfsic.org\/en\/#organization"},"potentialAction":[{"@type":"SearchAction","target":{"@type":"EntryPoint","urlTemplate":"https:\/\/www.sfsic.org\/en\/?s={search_term_string}"},"query-input":{"@type":"PropertyValueSpecification","valueRequired":true,"valueName":"search_term_string"}}],"inLanguage":"en-US"},{"@type":"Organization","@id":"https:\/\/www.sfsic.org\/en\/#organization","name":"SFSIC","url":"https:\/\/www.sfsic.org\/en\/","logo":{"@type":"ImageObject","inLanguage":"en-US","@id":"https:\/\/www.sfsic.org\/en\/#\/schema\/logo\/image\/","url":"https:\/\/www.sfsic.org\/wp-inside\/uploads\/2020\/05\/logo-sfsic.jpg","contentUrl":"https:\/\/www.sfsic.org\/wp-inside\/uploads\/2020\/05\/logo-sfsic.jpg","width":1085,"height":1080,"caption":"SFSIC"},"image":{"@id":"https:\/\/www.sfsic.org\/en\/#\/schema\/logo\/image\/"}},{"@type":"Person","@id":"https:\/\/www.sfsic.org\/en\/#\/schema\/person\/9f83573bda33f40c68c7c826e9567df6","name":"Fabien Bonnet","image":{"@type":"ImageObject","inLanguage":"en-US","@id":"https:\/\/secure.gravatar.com\/avatar\/88a9288fc13369cb9e30359afa340f8adace82098c18ff09415c6dacd710ddc4?s=96&d=mm&r=g","url":"https:\/\/secure.gravatar.com\/avatar\/88a9288fc13369cb9e30359afa340f8adace82098c18ff09415c6dacd710ddc4?s=96&d=mm&r=g","contentUrl":"https:\/\/secure.gravatar.com\/avatar\/88a9288fc13369cb9e30359afa340f8adace82098c18ff09415c6dacd710ddc4?s=96&d=mm&r=g","caption":"Fabien Bonnet"}}]}},"_links":{"self":[{"href":"https:\/\/www.sfsic.org\/en\/wp-json\/wp\/v2\/posts\/5419","targetHints":{"allow":["GET"]}}],"collection":[{"href":"https:\/\/www.sfsic.org\/en\/wp-json\/wp\/v2\/posts"}],"about":[{"href":"https:\/\/www.sfsic.org\/en\/wp-json\/wp\/v2\/types\/post"}],"author":[{"embeddable":true,"href":"https:\/\/www.sfsic.org\/en\/wp-json\/wp\/v2\/users\/957"}],"replies":[{"embeddable":true,"href":"https:\/\/www.sfsic.org\/en\/wp-json\/wp\/v2\/comments?post=5419"}],"version-history":[{"count":1,"href":"https:\/\/www.sfsic.org\/en\/wp-json\/wp\/v2\/posts\/5419\/revisions"}],"predecessor-version":[{"id":5420,"href":"https:\/\/www.sfsic.org\/en\/wp-json\/wp\/v2\/posts\/5419\/revisions\/5420"}],"wp:attachment":[{"href":"https:\/\/www.sfsic.org\/en\/wp-json\/wp\/v2\/media?parent=5419"}],"wp:term":[{"taxonomy":"category","embeddable":true,"href":"https:\/\/www.sfsic.org\/en\/wp-json\/wp\/v2\/categories?post=5419"},{"taxonomy":"post_tag","embeddable":true,"href":"https:\/\/www.sfsic.org\/en\/wp-json\/wp\/v2\/tags?post=5419"},{"taxonomy":"thematique","embeddable":true,"href":"https:\/\/www.sfsic.org\/en\/wp-json\/wp\/v2\/thematique?post=5419"},{"taxonomy":"sfsic","embeddable":true,"href":"https:\/\/www.sfsic.org\/en\/wp-json\/wp\/v2\/sfsic?post=5419"}],"curies":[{"name":"wp","href":"https:\/\/api.w.org\/{rel}","templated":true}]}}