{"id":36449,"date":"2026-08-31T08:45:20","date_gmt":"2026-08-31T06:45:20","guid":{"rendered":"https:\/\/www.sfsic.org\/?p=36449"},"modified":"2026-08-31T08:45:20","modified_gmt":"2026-08-31T06:45:20","slug":"la-television-congolaise-rdc-a-lere-des-dynamiques-globales-et-numeriques-60-ans-devolutions-en-perspective-comparative","status":"publish","type":"post","link":"https:\/\/www.sfsic.org\/en\/aac-publication\/la-television-congolaise-rdc-a-lere-des-dynamiques-globales-et-numeriques-60-ans-devolutions-en-perspective-comparative\/","title":{"rendered":"La t\u00e9l\u00e9vision congolaise (RDC) \u00e0 l\u2019\u00e8re des dynamiques globales et num\u00e9riques : 60 ans d\u2019\u00e9volutions en perspective comparative"},"content":{"rendered":"<p><!-- fxzn:singledetail --><\/p>\n<div class=\"zone zn-singledetail\" id=\"fxzn-singledetail-1\">\n<div class=\"zone-block zn-singledetail-block alignwide va-top\">\n<div class=\"row\">\n<div class=\"columns large-8 large-push-4\">\n<div class=\"zn-singledetail-metabox\">\n<div class=\"zn-singledetail-pubdate pubdate\">\n\t\t\t\t\t<span class=\"pubdate-txt\">Mis en ligne le<\/span><span class=\"doubledot\"><\/span> <time class=\"pubdate-time\" datetime=\"2026-08-31T08:43:40+02:00\">31 ao\u00fbt 2026<\/time>\t\t\t\t<\/div>\n<div class=\"zn-singledetail-thematiques with-sep-comma\">\n<ul class=\"termslist termslist-thematique\">\n<li class=\"termslist-item termslist-title\"><span class=\"termslist-titletxt\">Th\u00e9matiques<\/span><span class=\"doubledot\"><\/span><\/li>\n<li class=\"termslist-item tax-thematique term-images-cinema-medias-audiovisuels-et-industries-culturelles\"><a class=\"termslist-itemlink\" href=\"https:\/\/www.sfsic.org\/thematiques\/images-cinema-medias-audiovisuels-et-industries-culturelles\/\" title=\"Images, cin\u00e9ma, m\u00e9dias audiovisuels et industries culturelles\"><span class=\"termslist-itemname\">Images, cin\u00e9ma, m\u00e9dias audiovisuels et industries culturelles<\/span><\/a><\/li>\n<\/ul><\/div>\n<\/p><\/div>\n<\/p><\/div>\n<\/p><\/div>\n<div class=\"row\">\n<div class=\"columns large-4\">\n<div class=\"zn-singledetail-sidebar bg-cornersquares\">\n<div class=\"zn-singledetail-infos\">\n<p class=\"zn-singledetail-reponse-date\">\n\t\t\t\t\t\t<span>R\u00e9ponse attendue pour le<\/span><span class=\"doubledot\"><\/span> <strong>25\/10\/2026<\/strong>\n\t\t\t\t\t<\/p>\n<p class=\"zn-singledetail-reponse-type\">\n\t\t\t\t\t<span>Type de r\u00e9ponse<\/span><span class=\"doubledot\"><\/span> <strong>Contribution compl\u00e8te<\/strong>\n\t\t\t\t\t<\/p>\n<p class=\"zn-singledetail-type\">\n\t\t\t\t\t\t\t<span>Type de contribution attendue<\/span><span class=\"doubledot\"><\/span> <strong>Article<\/strong>\n\t\t\t\t\t<\/p>\n<p class=\"zn-singledetail-name\">\n\t\t\t\t\t\t\t<span>Nom de la publication<\/span><span class=\"doubledot\"><\/span> <strong>Cahiers Congolais de Communication<\/strong>\n\t\t\t\t\t<\/p>\n<\/p><\/div>\n<\/p><\/div>\n<\/p><\/div>\n<div class=\"columns large-8\">\n<div class=\"zn-singledetail-contentbox\">\n<div class=\"zn-singledetail-annonce wig-content\">\n<h2 class=\"font-serif text-xl sm:text-2xl font-bold text-institutional border-b-2 border-gold pb-2 mb-4\">Pr\u00e9sentation<\/h2>\n<p class=\"text-gray-700 leading-relaxed whitespace-pre-line\">Le num\u00e9ro sp\u00e9cial du Volume XXII, n\u00b02 des *Cahiers Congolais de Communication* est consacr\u00e9 \u00e0 la c\u00e9l\u00e9bration des 60 ans de la t\u00e9l\u00e9vision en R\u00e9publique d\u00e9mocratique du Congo. M\u00e9dia de masse par excellence, la t\u00e9l\u00e9vision est appr\u00e9hend\u00e9e comme un espace de m\u00e9diation sociale, de circulation des imaginaires collectifs et de production des repr\u00e9sentations. \u00c0 cet \u00e9gard, Marshall McLuhan (1964) met en \u00e9vidence son r\u00f4le dans la transformation des rapports sociaux, Pierre Bourdieu (1996) souligne son influence sur la construction de l\u2019espace public, tandis qu\u2019Olivier Mongin (2004) l\u2019inscrit au c\u0153ur des \u00ab&#160;soci\u00e9t\u00e9s des \u00e9crans&#160;\u00bb. Introduite en RDC en 1966, la t\u00e9l\u00e9vision congolaise a accompagn\u00e9 les grandes mutations politiques, sociales, \u00e9conomiques et technologiques du pays. D\u2019abord instrument de communication \u00e9tatique, elle s\u2019est progressivement ouverte au pluralisme audiovisuel avant d\u2019entrer dans une phase marqu\u00e9e par la num\u00e9risation des contenus, l\u2019\u00e9mergence des plateformes et la transformation des pratiques de consommation m\u00e9diatique. Cet appel soul\u00e8ve plusieurs interrogations majeures&#160;: comment la t\u00e9l\u00e9vision congolaise s\u2019est-elle transform\u00e9e au cours de ses six d\u00e9cennies d\u2019existence&#160;? Quels effets les transitions politiques et les innovations technologiques ont-elles exerc\u00e9s sur ses contenus, ses m\u00e9tiers et ses publics&#160;? De quelle mani\u00e8re les r\u00e9seaux sociaux, les plateformes num\u00e9riques et les nouveaux \u00e9crans red\u00e9finissent-ils aujourd\u2019hui son r\u00f4le dans la soci\u00e9t\u00e9 congolaise&#160;? Enfin, comment pr\u00e9server et valoriser le patrimoine audiovisuel national, v\u00e9ritable m\u00e9moire collective du pays, dans un environnement m\u00e9diatique en constante \u00e9volution&#160;? \u00c0 travers ces questionnements, ce num\u00e9ro entend contribuer \u00e0 une r\u00e9flexion scientifique sur les trajectoires pass\u00e9es, les d\u00e9fis contemporains et les perspectives futures de la t\u00e9l\u00e9vision congolaise, envisag\u00e9e comme un objet m\u00e9diatique, culturel, politique et patrimonial.<\/p>\n<div class=\"mb-8\">\n<h2 class=\"font-serif text-xl sm:text-2xl font-bold text-institutional border-b-2 border-gold pb-2 mb-4\">Contexte scientifique<\/h2>\n<p class=\"text-gray-700 leading-relaxed whitespace-pre-line\">La c\u00e9l\u00e9bration des soixante ann\u00e9es de la t\u00e9l\u00e9vision en R\u00e9publique d\u00e9mocratique du Congo offre une occasion de revisiter l\u2019\u00e9volution d\u2019un m\u00e9dia qui a accompagn\u00e9 les grandes mutations du pays depuis 1966. D\u2019abord outil de communication \u00e9tatique, puis acteur de la d\u00e9mocratisation et aujourd\u2019hui confront\u00e9e aux d\u00e9fis du num\u00e9rique, la t\u00e9l\u00e9vision congolaise demeure un espace central de production des repr\u00e9sentations collectives et de circulation de l\u2019information. Cet anniversaire invite ainsi \u00e0 interroger ses trajectoires historiques, ses transformations contemporaines et les perspectives qui se dessinent \u00e0 l\u2019\u00e8re des plateformes num\u00e9riques et des nouveaux usages m\u00e9diatiques.<\/p>\n<\/div>\n<div class=\"mb-8\">\n<h2 class=\"font-serif text-xl sm:text-2xl font-bold text-institutional border-b-2 border-gold pb-2 mb-4\">Axes th\u00e9matiques<\/h2>\n<ul class=\"space-y-2\">\n<li class=\"flex items-start gap-3 text-gray-700\">Histoire, m\u00e9moire et trajectoires de la t\u00e9l\u00e9vision congolaise (1966-2026)<\/li>\n<li class=\"flex items-start gap-3 text-gray-700\">T\u00e9l\u00e9vision, espace public et consommation des programmes t\u00e9l\u00e9visuels<\/li>\n<li class=\"flex items-start gap-3 text-gray-700\">Industries m\u00e9diatiques congolaises (\u00e9conomies, publicit\u00e9 et mod\u00e8les t\u00e9l\u00e9visuels)<\/li>\n<li class=\"flex items-start gap-3 text-gray-700\">Num\u00e9rique et transformations des m\u00e9tiers, des productions et des \u00e9critures t\u00e9l\u00e9visuelles<\/li>\n<li class=\"flex items-start gap-3 text-gray-700\">Approches comparatives et critiques des transformations t\u00e9l\u00e9visuelles<\/li>\n<li class=\"flex items-start gap-3 text-gray-700\">T\u00e9l\u00e9vision congolaise, patrimoine audiovisuel et m\u00e9moire m\u00e9diatique nationale<\/li>\n<\/ul>\n<\/div>\n<div class=\"mb-8\">\n<h2 class=\"font-serif text-xl sm:text-2xl font-bold text-institutional border-b-2 border-gold pb-2 mb-4\">Calendrier<\/h2>\n<div class=\"border border-gray-200\">\n<div class=\"grid grid-cols-[130px_1fr] sm:grid-cols-[180px_1fr] border-b border-gray-200 last:border-none\">\n<div class=\"bg-lightgray px-3 sm:px-4 py-3 text-xs sm:text-sm font-semibold text-institutional\">27 juillet 2026&#160;: Lancement de l&rsquo;appel \u00e0 contributions<\/div>\n<\/div>\n<div class=\"grid grid-cols-[130px_1fr] sm:grid-cols-[180px_1fr] border-b border-gray-200 last:border-none\">\n<div class=\"bg-lightgray px-3 sm:px-4 py-3 text-xs sm:text-sm font-semibold text-institutional\">25 octobre 2026&#160;: Cl\u00f4ture de r\u00e9ception des articles complets<\/div>\n<\/div>\n<div class=\"grid grid-cols-[130px_1fr] sm:grid-cols-[180px_1fr] border-b border-gray-200 last:border-none\">\n<div class=\"bg-lightgray px-3 sm:px-4 py-3 text-xs sm:text-sm font-semibold text-institutional\">30 novembre 2026&#160;: R\u00e9ponse aux auteurs apr\u00e8s \u00e9valuations scientifiques<\/div>\n<\/div>\n<div class=\"grid grid-cols-[130px_1fr] sm:grid-cols-[180px_1fr] border-b border-gray-200 last:border-none\">\n<div class=\"bg-lightgray px-3 sm:px-4 py-3 text-xs sm:text-sm font-semibold text-institutional\">15 janvier 2027&#160;: Remise des versions r\u00e9vis\u00e9es des articles<\/div>\n<\/div>\n<div class=\"grid grid-cols-[130px_1fr] sm:grid-cols-[180px_1fr] border-b border-gray-200 last:border-none\">\n<div class=\"bg-lightgray px-3 sm:px-4 py-3 text-xs sm:text-sm font-semibold text-institutional\">F\u00e9vrier 2027&#160;: Publication de la revue<\/div>\n<\/div>\n<\/div>\n<\/div>\n<div class=\"mb-8\">\n<h2 class=\"font-serif text-xl sm:text-2xl font-bold text-institutional border-b-2 border-gold pb-2 mb-4 flex items-center gap-2\">Modalit\u00e9s de soumission<\/h2>\n<div class=\"text-gray-700 leading-relaxed whitespace-pre-line text-sm md:text-base mb-5\">Le num\u00e9ro 2 du Volume XXII de Cahiers Congolais de Communication entend r\u00e9unir des travaux th\u00e9oriques, historiques, empiriques et comparatifs permettant d\u2019\u00e9clairer les diff\u00e9rentes dimensions de cette transformation de la t\u00e9l\u00e9vision congolaise. La longueur des articles \u00e0 soumettre est de 25.000 \u00e0 35.000 signes (espaces compris) et r\u00e9dig\u00e9s selon les normes \u00e9ditoriales des articles de la revue (disponible sur le site de la revue&#160;: https:\/\/revue-unisic.org\/politique-editoriale La proposition d\u2019article sera accompagn\u00e9e d\u2019un autre fichier reprenant l\u2019identit\u00e9 de l\u2019auteur (ou des auteurs)&#160;: Nom, statuts et rattachement institutionnel, titre de la communication, r\u00e9sum\u00e9 de 1.000 signes (Fran\u00e7ais et anglais) (espaces compris) et 4 mots-cl\u00e9s. Les textes sont \u00e0 d\u00e9poser sur le site de la revue (rubrique soumettre un article) ou \u00e0 envoyer en version Word \u00e0 l\u2019adresse \u00e9lectronique suivante&#160;: appel2026@revue-unisic.org et doudou.bossassi@revue-unisic.org Les articles seront soumis \u00e0 une \u00e9valuation en double aveugle par le comit\u00e9 scientifique. \u00c0 la suite de cette phase, la version d\u00e9finitive du texte (prenant en compte les \u00e9ventuelles remarques et retours des \u00e9valuateurs), incluant les corrections mineures ou majeures demand\u00e9es, sera soumise au comit\u00e9 \u00e9ditorial.<\/div>\n<\/div><\/div>\n<div class=\"zn-singledetail-attachedfiles\">\n<h3 class=\"zn-singledetail-section-title\">Fichier(s) attach\u00e9(s)<\/h3>\n<ul class=\"zn-singledetail-attachedfiles-list\">\n<li class=\"zn-singledetail-attachedfiles-item\">\n\t\t\t\t\t\t\t<a class=\"zn-singledetail-attachedfiles-link button outline for-download\" href=\"https:\/\/www.sfsic.org\/wp-inside\/uploads\/skp-membership\/demande_adh\/aaa_revue_cahier_congolais_2026_web.pdf\" title=\"T\u00e9l\u00e9charger : \u00ab aaa_revue_cahier_congolais_2026_web.pdf \u00bb\" target=\"_blank\"><br \/>\n\t\t\t\t\t\t\t\t<span class=\"button-txt\">AAA_Revue_Cahier_congolais_2026_Web<span class=\"button-txt-type\"> (pdf)<\/span><\/span><br \/>\n\t\t\t\t\t\t\t<\/a>\n\t\t\t\t\t\t<\/li>\n<\/ul><\/div>\n<div class=\"zn-singledetail-keywords\">\n<h3 class=\"zn-singledetail-section-title\">Mots-cl\u00e9s<\/h3>\n<ul class=\"termslist termslist-post_tag\">\n<li class=\"termslist-item termslist-title\"><span class=\"termslist-titletxt\">Mots-cl\u00e9s<\/span><span class=\"doubledot\"><\/span><\/li>\n<li class=\"termslist-item tax-post_tag term-histoire-des-medias\"><a class=\"termslist-itemlink\" href=\"https:\/\/www.sfsic.org\/tag\/histoire-des-medias\/\" title=\"Histoire des m\u00e9dias\"><span class=\"termslist-itemname\">Histoire des m\u00e9dias<\/span><\/a><\/li>\n<li class=\"termslist-item tax-post_tag term-patrimoine\"><a class=\"termslist-itemlink\" href=\"https:\/\/www.sfsic.org\/tag\/patrimoine\/\" title=\"Patrimoine\"><span class=\"termslist-itemname\">Patrimoine<\/span><\/a><\/li>\n<li class=\"termslist-item tax-post_tag term-television\"><a class=\"termslist-itemlink\" href=\"https:\/\/www.sfsic.org\/tag\/television\/\" title=\"t\u00e9l\u00e9vision\"><span class=\"termslist-itemname\">t\u00e9l\u00e9vision<\/span><\/a><\/li>\n<\/ul><\/div>\n<\/p><\/div>\n<\/p><\/div>\n<\/p><\/div>\n<\/p><\/div>\n<\/div>\n<p><!-- \/fxzn:singledetail --><\/p>\n","protected":false},"excerpt":{"rendered":"<p>Mis en ligne le 31 ao\u00fbt 2026 Th\u00e9matiques Images, cin\u00e9ma, m\u00e9dias audiovisuels et industries culturelles R\u00e9ponse attendue pour le 25\/10\/2026 Type de r\u00e9ponse Contribution compl\u00e8te Type de contribution attendue Article [&hellip;]<\/p>\n","protected":false},"author":970,"featured_media":0,"comment_status":"closed","ping_status":"closed","sticky":false,"template":"","format":"standard","meta":{"_acf_changed":false,"footnotes":""},"categories":[28,60],"tags":[370,193,471],"thematique":[35],"sfsic":[],"class_list":["post-36449","post","type-post","status-publish","format-standard","hentry","category-aac-publication","category-article","tag-histoire-des-medias","tag-patrimoine","tag-television","thematique-images-cinema-medias-audiovisuels-et-industries-culturelles","wp-sticky"],"acf":[],"yoast_head":"<!-- This site is optimized with the Yoast SEO plugin v28.3 - https:\/\/yoast.com\/product\/yoast-seo-wordpress\/ -->\n<title>La t\u00e9l\u00e9vision congolaise (RDC) \u00e0 l\u2019\u00e8re des dynamiques globales et num\u00e9riques : 60 ans d\u2019\u00e9volutions en perspective comparative<\/title>\n<meta name=\"description\" content=\"Ce num\u00e9ro entend contribuer \u00e0 une r\u00e9flexion scientifique sur les trajectoires pass\u00e9es, les d\u00e9fis contemporains et les perspectives futures de la t\u00e9l\u00e9vision congolaise, envisag\u00e9e comme un objet m\u00e9diatique, culturel, politique et patrimonial.\" \/>\n<meta name=\"robots\" content=\"index, follow, max-snippet:-1, max-image-preview:large, max-video-preview:-1\" \/>\n<link rel=\"canonical\" href=\"https:\/\/www.sfsic.org\/en\/aac-publication\/la-television-congolaise-rdc-a-lere-des-dynamiques-globales-et-numeriques-60-ans-devolutions-en-perspective-comparative\/\" \/>\n<meta property=\"og:locale\" content=\"en_US\" \/>\n<meta property=\"og:type\" content=\"article\" \/>\n<meta property=\"og:title\" content=\"La t\u00e9l\u00e9vision congolaise (RDC) \u00e0 l\u2019\u00e8re des dynamiques globales et num\u00e9riques : 60 ans d\u2019\u00e9volutions en perspective comparative\" \/>\n<meta property=\"og:description\" content=\"Ce num\u00e9ro entend contribuer \u00e0 une r\u00e9flexion scientifique sur les trajectoires pass\u00e9es, les d\u00e9fis contemporains et les perspectives futures de la t\u00e9l\u00e9vision congolaise, envisag\u00e9e comme un objet m\u00e9diatique, culturel, politique et patrimonial.\" \/>\n<meta property=\"og:url\" content=\"https:\/\/www.sfsic.org\/en\/aac-publication\/la-television-congolaise-rdc-a-lere-des-dynamiques-globales-et-numeriques-60-ans-devolutions-en-perspective-comparative\/\" \/>\n<meta property=\"og:site_name\" content=\"SFSIC\" \/>\n<meta property=\"article:published_time\" content=\"2026-08-31T06:45:20+00:00\" \/>\n<meta name=\"author\" content=\"Sabine Bosler\" \/>\n<meta name=\"twitter:card\" content=\"summary_large_image\" \/>\n<script type=\"application\/ld+json\" class=\"yoast-schema-graph\">{\"@context\":\"https:\\\/\\\/schema.org\",\"@graph\":[{\"@type\":\"Article\",\"@id\":\"https:\\\/\\\/www.sfsic.org\\\/en\\\/aac-publication\\\/la-television-congolaise-rdc-a-lere-des-dynamiques-globales-et-numeriques-60-ans-devolutions-en-perspective-comparative\\\/#article\",\"isPartOf\":{\"@id\":\"https:\\\/\\\/www.sfsic.org\\\/en\\\/aac-publication\\\/la-television-congolaise-rdc-a-lere-des-dynamiques-globales-et-numeriques-60-ans-devolutions-en-perspective-comparative\\\/\"},\"author\":{\"name\":\"Sabine Bosler\",\"@id\":\"https:\\\/\\\/www.sfsic.org\\\/en\\\/#\\\/schema\\\/person\\\/34f4c316fc17854527bcc50f0e9514e0\"},\"headline\":\"La t\u00e9l\u00e9vision congolaise (RDC) \u00e0 l\u2019\u00e8re des dynamiques globales et num\u00e9riques : 60 ans d\u2019\u00e9volutions en perspective comparative\",\"datePublished\":\"2026-08-31T06:45:20+00:00\",\"mainEntityOfPage\":{\"@id\":\"https:\\\/\\\/www.sfsic.org\\\/en\\\/aac-publication\\\/la-television-congolaise-rdc-a-lere-des-dynamiques-globales-et-numeriques-60-ans-devolutions-en-perspective-comparative\\\/\"},\"wordCount\":827,\"publisher\":{\"@id\":\"https:\\\/\\\/www.sfsic.org\\\/en\\\/#organization\"},\"keywords\":[\"Histoire des m\u00e9dias\",\"Patrimoine\",\"t\u00e9l\u00e9vision\"],\"articleSection\":[\"AAC Publications\",\"Article\"],\"inLanguage\":\"en-US\"},{\"@type\":\"WebPage\",\"@id\":\"https:\\\/\\\/www.sfsic.org\\\/en\\\/aac-publication\\\/la-television-congolaise-rdc-a-lere-des-dynamiques-globales-et-numeriques-60-ans-devolutions-en-perspective-comparative\\\/\",\"url\":\"https:\\\/\\\/www.sfsic.org\\\/en\\\/aac-publication\\\/la-television-congolaise-rdc-a-lere-des-dynamiques-globales-et-numeriques-60-ans-devolutions-en-perspective-comparative\\\/\",\"name\":\"La t\u00e9l\u00e9vision congolaise (RDC) \u00e0 l\u2019\u00e8re des dynamiques globales et num\u00e9riques : 60 ans d\u2019\u00e9volutions en perspective comparative\",\"isPartOf\":{\"@id\":\"https:\\\/\\\/www.sfsic.org\\\/en\\\/#website\"},\"datePublished\":\"2026-08-31T06:45:20+00:00\",\"description\":\"Ce num\u00e9ro entend contribuer \u00e0 une r\u00e9flexion scientifique sur les trajectoires pass\u00e9es, les d\u00e9fis contemporains et les perspectives futures de la t\u00e9l\u00e9vision congolaise, envisag\u00e9e comme un objet m\u00e9diatique, culturel, politique et patrimonial.\",\"breadcrumb\":{\"@id\":\"https:\\\/\\\/www.sfsic.org\\\/en\\\/aac-publication\\\/la-television-congolaise-rdc-a-lere-des-dynamiques-globales-et-numeriques-60-ans-devolutions-en-perspective-comparative\\\/#breadcrumb\"},\"inLanguage\":\"en-US\",\"potentialAction\":[{\"@type\":\"ReadAction\",\"target\":[\"https:\\\/\\\/www.sfsic.org\\\/en\\\/aac-publication\\\/la-television-congolaise-rdc-a-lere-des-dynamiques-globales-et-numeriques-60-ans-devolutions-en-perspective-comparative\\\/\"]}]},{\"@type\":\"BreadcrumbList\",\"@id\":\"https:\\\/\\\/www.sfsic.org\\\/en\\\/aac-publication\\\/la-television-congolaise-rdc-a-lere-des-dynamiques-globales-et-numeriques-60-ans-devolutions-en-perspective-comparative\\\/#breadcrumb\",\"itemListElement\":[{\"@type\":\"ListItem\",\"position\":1,\"name\":\"Accueil\",\"item\":\"https:\\\/\\\/www.sfsic.org\\\/en\\\/\"},{\"@type\":\"ListItem\",\"position\":2,\"name\":\"Calls for Papers\",\"item\":\"https:\\\/\\\/www.sfsic.org\\\/en\\\/cfp-publication\\\/\"},{\"@type\":\"ListItem\",\"position\":3,\"name\":\"Article\",\"item\":\"https:\\\/\\\/www.sfsic.org\\\/en\\\/cfp-publication\\\/article-en\\\/\"},{\"@type\":\"ListItem\",\"position\":4,\"name\":\"La t\u00e9l\u00e9vision congolaise (RDC) \u00e0 l\u2019\u00e8re des dynamiques globales et num\u00e9riques&#160;: 60 ans d\u2019\u00e9volutions en perspective comparative\"}]},{\"@type\":\"WebSite\",\"@id\":\"https:\\\/\\\/www.sfsic.org\\\/en\\\/#website\",\"url\":\"https:\\\/\\\/www.sfsic.org\\\/en\\\/\",\"name\":\"SFSIC\",\"description\":\"Soci\u00e9t\u00e9 Fran\u00e7aise des Sciences de l&#039;Information &amp; de la Communication\",\"publisher\":{\"@id\":\"https:\\\/\\\/www.sfsic.org\\\/en\\\/#organization\"},\"potentialAction\":[{\"@type\":\"SearchAction\",\"target\":{\"@type\":\"EntryPoint\",\"urlTemplate\":\"https:\\\/\\\/www.sfsic.org\\\/en\\\/?s={search_term_string}\"},\"query-input\":{\"@type\":\"PropertyValueSpecification\",\"valueRequired\":true,\"valueName\":\"search_term_string\"}}],\"inLanguage\":\"en-US\"},{\"@type\":\"Organization\",\"@id\":\"https:\\\/\\\/www.sfsic.org\\\/en\\\/#organization\",\"name\":\"SFSIC\",\"url\":\"https:\\\/\\\/www.sfsic.org\\\/en\\\/\",\"logo\":{\"@type\":\"ImageObject\",\"inLanguage\":\"en-US\",\"@id\":\"https:\\\/\\\/www.sfsic.org\\\/en\\\/#\\\/schema\\\/logo\\\/image\\\/\",\"url\":\"https:\\\/\\\/www.sfsic.org\\\/wp-inside\\\/uploads\\\/2020\\\/05\\\/logo-sfsic.jpg\",\"contentUrl\":\"https:\\\/\\\/www.sfsic.org\\\/wp-inside\\\/uploads\\\/2020\\\/05\\\/logo-sfsic.jpg\",\"width\":1085,\"height\":1080,\"caption\":\"SFSIC\"},\"image\":{\"@id\":\"https:\\\/\\\/www.sfsic.org\\\/en\\\/#\\\/schema\\\/logo\\\/image\\\/\"}},{\"@type\":\"Person\",\"@id\":\"https:\\\/\\\/www.sfsic.org\\\/en\\\/#\\\/schema\\\/person\\\/34f4c316fc17854527bcc50f0e9514e0\",\"name\":\"Sabine Bosler\",\"image\":{\"@type\":\"ImageObject\",\"inLanguage\":\"en-US\",\"@id\":\"https:\\\/\\\/secure.gravatar.com\\\/avatar\\\/ff344396349692538b2740f8bc24babb99596a626891535086a24f9160d23171?s=96&d=mm&r=g\",\"url\":\"https:\\\/\\\/secure.gravatar.com\\\/avatar\\\/ff344396349692538b2740f8bc24babb99596a626891535086a24f9160d23171?s=96&d=mm&r=g\",\"contentUrl\":\"https:\\\/\\\/secure.gravatar.com\\\/avatar\\\/ff344396349692538b2740f8bc24babb99596a626891535086a24f9160d23171?s=96&d=mm&r=g\",\"caption\":\"Sabine Bosler\"}}]}<\/script>\n<!-- \/ Yoast SEO plugin. -->","yoast_head_json":{"title":"La t\u00e9l\u00e9vision congolaise (RDC) \u00e0 l\u2019\u00e8re des dynamiques globales et num\u00e9riques : 60 ans d\u2019\u00e9volutions en perspective comparative","description":"Ce num\u00e9ro entend contribuer \u00e0 une r\u00e9flexion scientifique sur les trajectoires pass\u00e9es, les d\u00e9fis contemporains et les perspectives futures de la t\u00e9l\u00e9vision congolaise, envisag\u00e9e comme un objet m\u00e9diatique, culturel, politique et patrimonial.","robots":{"index":"index","follow":"follow","max-snippet":"max-snippet:-1","max-image-preview":"max-image-preview:large","max-video-preview":"max-video-preview:-1"},"canonical":"https:\/\/www.sfsic.org\/en\/aac-publication\/la-television-congolaise-rdc-a-lere-des-dynamiques-globales-et-numeriques-60-ans-devolutions-en-perspective-comparative\/","og_locale":"en_US","og_type":"article","og_title":"La t\u00e9l\u00e9vision congolaise (RDC) \u00e0 l\u2019\u00e8re des dynamiques globales et num\u00e9riques : 60 ans d\u2019\u00e9volutions en perspective comparative","og_description":"Ce num\u00e9ro entend contribuer \u00e0 une r\u00e9flexion scientifique sur les trajectoires pass\u00e9es, les d\u00e9fis contemporains et les perspectives futures de la t\u00e9l\u00e9vision congolaise, envisag\u00e9e comme un objet m\u00e9diatique, culturel, politique et patrimonial.","og_url":"https:\/\/www.sfsic.org\/en\/aac-publication\/la-television-congolaise-rdc-a-lere-des-dynamiques-globales-et-numeriques-60-ans-devolutions-en-perspective-comparative\/","og_site_name":"SFSIC","article_published_time":"2026-08-31T06:45:20+00:00","author":"Sabine Bosler","twitter_card":"summary_large_image","schema":{"@context":"https:\/\/schema.org","@graph":[{"@type":"Article","@id":"https:\/\/www.sfsic.org\/en\/aac-publication\/la-television-congolaise-rdc-a-lere-des-dynamiques-globales-et-numeriques-60-ans-devolutions-en-perspective-comparative\/#article","isPartOf":{"@id":"https:\/\/www.sfsic.org\/en\/aac-publication\/la-television-congolaise-rdc-a-lere-des-dynamiques-globales-et-numeriques-60-ans-devolutions-en-perspective-comparative\/"},"author":{"name":"Sabine Bosler","@id":"https:\/\/www.sfsic.org\/en\/#\/schema\/person\/34f4c316fc17854527bcc50f0e9514e0"},"headline":"La t\u00e9l\u00e9vision congolaise (RDC) \u00e0 l\u2019\u00e8re des dynamiques globales et num\u00e9riques : 60 ans d\u2019\u00e9volutions en perspective comparative","datePublished":"2026-08-31T06:45:20+00:00","mainEntityOfPage":{"@id":"https:\/\/www.sfsic.org\/en\/aac-publication\/la-television-congolaise-rdc-a-lere-des-dynamiques-globales-et-numeriques-60-ans-devolutions-en-perspective-comparative\/"},"wordCount":827,"publisher":{"@id":"https:\/\/www.sfsic.org\/en\/#organization"},"keywords":["Histoire des m\u00e9dias","Patrimoine","t\u00e9l\u00e9vision"],"articleSection":["AAC Publications","Article"],"inLanguage":"en-US"},{"@type":"WebPage","@id":"https:\/\/www.sfsic.org\/en\/aac-publication\/la-television-congolaise-rdc-a-lere-des-dynamiques-globales-et-numeriques-60-ans-devolutions-en-perspective-comparative\/","url":"https:\/\/www.sfsic.org\/en\/aac-publication\/la-television-congolaise-rdc-a-lere-des-dynamiques-globales-et-numeriques-60-ans-devolutions-en-perspective-comparative\/","name":"La t\u00e9l\u00e9vision congolaise (RDC) \u00e0 l\u2019\u00e8re des dynamiques globales et num\u00e9riques : 60 ans d\u2019\u00e9volutions en perspective comparative","isPartOf":{"@id":"https:\/\/www.sfsic.org\/en\/#website"},"datePublished":"2026-08-31T06:45:20+00:00","description":"Ce num\u00e9ro entend contribuer \u00e0 une r\u00e9flexion scientifique sur les trajectoires pass\u00e9es, les d\u00e9fis contemporains et les perspectives futures de la t\u00e9l\u00e9vision congolaise, envisag\u00e9e comme un objet m\u00e9diatique, culturel, politique et patrimonial.","breadcrumb":{"@id":"https:\/\/www.sfsic.org\/en\/aac-publication\/la-television-congolaise-rdc-a-lere-des-dynamiques-globales-et-numeriques-60-ans-devolutions-en-perspective-comparative\/#breadcrumb"},"inLanguage":"en-US","potentialAction":[{"@type":"ReadAction","target":["https:\/\/www.sfsic.org\/en\/aac-publication\/la-television-congolaise-rdc-a-lere-des-dynamiques-globales-et-numeriques-60-ans-devolutions-en-perspective-comparative\/"]}]},{"@type":"BreadcrumbList","@id":"https:\/\/www.sfsic.org\/en\/aac-publication\/la-television-congolaise-rdc-a-lere-des-dynamiques-globales-et-numeriques-60-ans-devolutions-en-perspective-comparative\/#breadcrumb","itemListElement":[{"@type":"ListItem","position":1,"name":"Accueil","item":"https:\/\/www.sfsic.org\/en\/"},{"@type":"ListItem","position":2,"name":"Calls for Papers","item":"https:\/\/www.sfsic.org\/en\/cfp-publication\/"},{"@type":"ListItem","position":3,"name":"Article","item":"https:\/\/www.sfsic.org\/en\/cfp-publication\/article-en\/"},{"@type":"ListItem","position":4,"name":"La t\u00e9l\u00e9vision congolaise (RDC) \u00e0 l\u2019\u00e8re des dynamiques globales et num\u00e9riques&#160;: 60 ans d\u2019\u00e9volutions en perspective comparative"}]},{"@type":"WebSite","@id":"https:\/\/www.sfsic.org\/en\/#website","url":"https:\/\/www.sfsic.org\/en\/","name":"SFSIC","description":"Soci\u00e9t\u00e9 Fran\u00e7aise des Sciences de l&#039;Information &amp; de la Communication","publisher":{"@id":"https:\/\/www.sfsic.org\/en\/#organization"},"potentialAction":[{"@type":"SearchAction","target":{"@type":"EntryPoint","urlTemplate":"https:\/\/www.sfsic.org\/en\/?s={search_term_string}"},"query-input":{"@type":"PropertyValueSpecification","valueRequired":true,"valueName":"search_term_string"}}],"inLanguage":"en-US"},{"@type":"Organization","@id":"https:\/\/www.sfsic.org\/en\/#organization","name":"SFSIC","url":"https:\/\/www.sfsic.org\/en\/","logo":{"@type":"ImageObject","inLanguage":"en-US","@id":"https:\/\/www.sfsic.org\/en\/#\/schema\/logo\/image\/","url":"https:\/\/www.sfsic.org\/wp-inside\/uploads\/2020\/05\/logo-sfsic.jpg","contentUrl":"https:\/\/www.sfsic.org\/wp-inside\/uploads\/2020\/05\/logo-sfsic.jpg","width":1085,"height":1080,"caption":"SFSIC"},"image":{"@id":"https:\/\/www.sfsic.org\/en\/#\/schema\/logo\/image\/"}},{"@type":"Person","@id":"https:\/\/www.sfsic.org\/en\/#\/schema\/person\/34f4c316fc17854527bcc50f0e9514e0","name":"Sabine Bosler","image":{"@type":"ImageObject","inLanguage":"en-US","@id":"https:\/\/secure.gravatar.com\/avatar\/ff344396349692538b2740f8bc24babb99596a626891535086a24f9160d23171?s=96&d=mm&r=g","url":"https:\/\/secure.gravatar.com\/avatar\/ff344396349692538b2740f8bc24babb99596a626891535086a24f9160d23171?s=96&d=mm&r=g","contentUrl":"https:\/\/secure.gravatar.com\/avatar\/ff344396349692538b2740f8bc24babb99596a626891535086a24f9160d23171?s=96&d=mm&r=g","caption":"Sabine Bosler"}}]}},"_links":{"self":[{"href":"https:\/\/www.sfsic.org\/en\/wp-json\/wp\/v2\/posts\/36449","targetHints":{"allow":["GET"]}}],"collection":[{"href":"https:\/\/www.sfsic.org\/en\/wp-json\/wp\/v2\/posts"}],"about":[{"href":"https:\/\/www.sfsic.org\/en\/wp-json\/wp\/v2\/types\/post"}],"author":[{"embeddable":true,"href":"https:\/\/www.sfsic.org\/en\/wp-json\/wp\/v2\/users\/970"}],"replies":[{"embeddable":true,"href":"https:\/\/www.sfsic.org\/en\/wp-json\/wp\/v2\/comments?post=36449"}],"version-history":[{"count":2,"href":"https:\/\/www.sfsic.org\/en\/wp-json\/wp\/v2\/posts\/36449\/revisions"}],"predecessor-version":[{"id":36453,"href":"https:\/\/www.sfsic.org\/en\/wp-json\/wp\/v2\/posts\/36449\/revisions\/36453"}],"wp:attachment":[{"href":"https:\/\/www.sfsic.org\/en\/wp-json\/wp\/v2\/media?parent=36449"}],"wp:term":[{"taxonomy":"category","embeddable":true,"href":"https:\/\/www.sfsic.org\/en\/wp-json\/wp\/v2\/categories?post=36449"},{"taxonomy":"post_tag","embeddable":true,"href":"https:\/\/www.sfsic.org\/en\/wp-json\/wp\/v2\/tags?post=36449"},{"taxonomy":"thematique","embeddable":true,"href":"https:\/\/www.sfsic.org\/en\/wp-json\/wp\/v2\/thematique?post=36449"},{"taxonomy":"sfsic","embeddable":true,"href":"https:\/\/www.sfsic.org\/en\/wp-json\/wp\/v2\/sfsic?post=36449"}],"curies":[{"name":"wp","href":"https:\/\/api.w.org\/{rel}","templated":true}]}}