{"id":36021,"date":"2026-04-27T16:25:52","date_gmt":"2026-04-27T14:25:52","guid":{"rendered":"https:\/\/www.sfsic.org\/?p=36021"},"modified":"2026-04-27T16:25:52","modified_gmt":"2026-04-27T14:25:52","slug":"cycle-de-seminaires-en-ligne-journalisme-et-science","status":"publish","type":"post","link":"https:\/\/www.sfsic.org\/en\/evenement\/cycle-de-seminaires-en-ligne-journalisme-et-science\/","title":{"rendered":"Cycle de s\u00e9minaires en ligne Journalisme et Science"},"content":{"rendered":"<p><!-- fxzn:singledetail --><\/p>\n<div class=\"zone zn-singledetail\" id=\"fxzn-singledetail-1\">\n<div class=\"zone-block zn-singledetail-block alignwide va-top\">\n<div class=\"row\">\n<div class=\"columns large-8 large-push-4\">\n<div class=\"zn-singledetail-metabox\">\n<div class=\"zn-singledetail-pubdate pubdate\">\n\t\t\t\t\t<span class=\"pubdate-txt\">Mis en ligne le<\/span><span class=\"doubledot\"><\/span> <time class=\"pubdate-time\" datetime=\"2026-04-27T16:25:37+02:00\">27 avril 2026<\/time>\t\t\t\t<\/div>\n<div class=\"zn-singledetail-thematiques with-sep-comma\">\n<ul class=\"termslist termslist-thematique\">\n<li class=\"termslist-item termslist-title\"><span class=\"termslist-titletxt\">Th\u00e9matiques<\/span><span class=\"doubledot\"><\/span><\/li>\n<li class=\"termslist-item tax-thematique term-medias-et-journalisme\"><a class=\"termslist-itemlink\" href=\"https:\/\/www.sfsic.org\/thematiques\/medias-et-journalisme\/\" title=\"M\u00e9dias et journalisme\"><span class=\"termslist-itemname\">M\u00e9dias et journalisme<\/span><\/a><\/li>\n<\/ul><\/div>\n<\/p><\/div>\n<\/p><\/div>\n<\/p><\/div>\n<div class=\"row\">\n<div class=\"columns large-4\">\n<div class=\"zn-singledetail-sidebar bg-cornersquares\">\n<div class=\"zn-singledetail-infos\">\n<p class=\"zn-singledetail-type\">\n\t\t\t\t\t\t\t<span>Type d\u2019\u00e9v\u00e9nement<\/span><span class=\"doubledot\"><\/span> <strong>S\u00e9minaire<\/strong>\n\t\t\t\t\t<\/p>\n<\/p><\/div>\n<\/p><\/div>\n<\/p><\/div>\n<div class=\"columns large-8\">\n<div class=\"zn-singledetail-contentbox\">\n<div class=\"zn-singledetail-eventinfo\">\n<div class=\"zn-singledetail-eventinfo-inner\">\n<div class=\"zn-singledetail-eventdates\">\n\t\t\t\t\t\t<span class=\"zn-singledetail-label\">Dates de l\u2019\u00e9v\u00e9nement<span class=\"doubledot\"><\/span><\/span><\/p>\n<ul class=\"zn-singledetail-eventdates-list\">\n<li class=\"zn-singledetail-eventdates-item\">\n\t\t\t\t\t\t\t\tLe <time class=\"event-start-time\" datetime=\"2026-04-28T08:30:00+00:00\">28\/04\/2026<\/time>\t\t\t\t\t\t\t<\/li>\n<li class=\"zn-singledetail-eventdates-item\">\n\t\t\t\t\t\t\t\tLe <time class=\"event-start-time\" datetime=\"2026-05-12T08:00:00+00:00\">12\/05\/2026<\/time>\t\t\t\t\t\t\t<\/li>\n<\/ul><\/div>\n<p class=\"zn-singledetail-eventplace\">\n\t\t\t\t\t\t<span class=\"zn-singledetail-label\">Lieu de l\u2019\u00e9v\u00e9nement<span class=\"doubledot\"><\/span><\/span><br \/>\n\t\t\t\t\t\t<span class=\"zn-singledetail-eventplace-adr\"><\/p>\n<p>\t\t\t\t\t\t<span class=\"adr-street\">\u00e0 venir <\/span><br \/>\n\t\t\t\t\t\t<\/span>\t\t\t\t\t<\/p>\n<\/p><\/div>\n<\/p><\/div>\n<div class=\"zn-singledetail-annonce wig-content\">\n<p>Trois s\u00e9minaires autour de la th\u00e9matique Journalisme et Science sont organis\u00e9s par ICA France Chapter, en collaboration avec ICA China et ICA Indonesia Chapters et labellis\u00e9s par la Sfsic.<\/p>\n<p>Apr\u00e8s un premier \u00e9v\u00e9nement consacr\u00e9 aux questions environnementales, le 2\u00e8 s\u00e9minaire (28\/04, 8H30-11H30 heure fran\u00e7aise) est consacr\u00e9 aux agendas quelque peu conflictuels entre le monde des scientifiques et celui des journalistes. Lien&#160;: <a href=\"https:\/\/us06web.zoom.us\/j\/86269063601\">https:\/\/us06web.zoom.us\/j\/86269063601<\/a><\/p>\n<p>La 3\u00e8 s\u00e9ance de s\u00e9minaire aura lieu le <span id=\"OBJ_PREFIX_DWT1861_com_zimbra_date\" class=\"Object\" role=\"link\"><span id=\"OBJ_PREFIX_DWT1882_com_zimbra_date\" class=\"Object\" role=\"link\">Mardi<\/span><\/span> 12 Mai (8H-11H heure fran\u00e7aise) et sera consacr\u00e9 \u00e0 la place des sciences dans les curricula de journalisme et de m\u00e9diation, en particulier au r\u00e9seau fran\u00e7ais des formations avec la pr\u00e9sence d&rsquo;Agn\u00e8s Vernet, vice-pr\u00e9sidente de l&rsquo;Association des Journalistes Scientifiques de la Presse d&rsquo;Information. Lien&#160;: <a href=\"https:\/\/us06web.zoom.us\/j\/86432482383\">https:\/\/us06web.zoom.us\/j\/86432482383<\/a><\/p>\n<p><img decoding=\"async\" loading=\"lazy\" class=\"alignnone  wp-image-36024\" src=\"https:\/\/www.sfsic.org\/wp-inside\/uploads\/2026\/04\/science_journalists_agenda_new-136x300.jpg\" alt=\"\" width=\"211\" height=\"465\" srcset=\"https:\/\/www.sfsic.org\/wp-inside\/uploads\/2026\/04\/science_journalists_agenda_new-136x300.jpg 136w, https:\/\/www.sfsic.org\/wp-inside\/uploads\/2026\/04\/science_journalists_agenda_new-466x1024.jpg 466w, https:\/\/www.sfsic.org\/wp-inside\/uploads\/2026\/04\/science_journalists_agenda_new-768x1689.jpg 768w, https:\/\/www.sfsic.org\/wp-inside\/uploads\/2026\/04\/science_journalists_agenda_new-699x1536.jpg 699w, https:\/\/www.sfsic.org\/wp-inside\/uploads\/2026\/04\/science_journalists_agenda_new-780x1715.jpg 780w, https:\/\/www.sfsic.org\/wp-inside\/uploads\/2026\/04\/science_journalists_agenda_new-200x440.jpg 200w, https:\/\/www.sfsic.org\/wp-inside\/uploads\/2026\/04\/science_journalists_agenda_new.jpg 800w\" sizes=\"auto, (max-width: 211px) 100vw, 211px\" \/><\/p>\n<p><img decoding=\"async\" loading=\"lazy\" class=\"alignnone  wp-image-36022\" src=\"https:\/\/www.sfsic.org\/wp-inside\/uploads\/2026\/04\/science_journalism_curricula-148x300.jpg\" alt=\"\" width=\"210\" height=\"425\" srcset=\"https:\/\/www.sfsic.org\/wp-inside\/uploads\/2026\/04\/science_journalism_curricula-148x300.jpg 148w, https:\/\/www.sfsic.org\/wp-inside\/uploads\/2026\/04\/science_journalism_curricula-768x1559.jpg 768w, https:\/\/www.sfsic.org\/wp-inside\/uploads\/2026\/04\/science_journalism_curricula-757x1536.jpg 757w, https:\/\/www.sfsic.org\/wp-inside\/uploads\/2026\/04\/science_journalism_curricula-158x320.jpg 158w, https:\/\/www.sfsic.org\/wp-inside\/uploads\/2026\/04\/science_journalism_curricula-780x1583.jpg 780w, https:\/\/www.sfsic.org\/wp-inside\/uploads\/2026\/04\/science_journalism_curricula-200x406.jpg 200w, https:\/\/www.sfsic.org\/wp-inside\/uploads\/2026\/04\/science_journalism_curricula.jpg 800w\" sizes=\"auto, (max-width: 210px) 100vw, 210px\" \/><\/p>\n<p><img decoding=\"async\" loading=\"lazy\" class=\" wp-image-26797\" src=\"https:\/\/www.sfsic.org\/wp-inside\/uploads\/2022\/12\/label-sfsic-evenement-couleur-300x300.png\" alt=\"Label SFSIC \u00e9v\u00e9nement couleur\" width=\"156\" height=\"156\" srcset=\"https:\/\/www.sfsic.org\/wp-inside\/uploads\/2022\/12\/label-sfsic-evenement-couleur-300x300.png 300w, https:\/\/www.sfsic.org\/wp-inside\/uploads\/2022\/12\/label-sfsic-evenement-couleur-150x150.png 150w, https:\/\/www.sfsic.org\/wp-inside\/uploads\/2022\/12\/label-sfsic-evenement-couleur-320x320.png 320w, https:\/\/www.sfsic.org\/wp-inside\/uploads\/2022\/12\/label-sfsic-evenement-couleur-185x185.png 185w, https:\/\/www.sfsic.org\/wp-inside\/uploads\/2022\/12\/label-sfsic-evenement-couleur-180x180.png 180w, https:\/\/www.sfsic.org\/wp-inside\/uploads\/2022\/12\/label-sfsic-evenement-couleur-65x65.png 65w, https:\/\/www.sfsic.org\/wp-inside\/uploads\/2022\/12\/label-sfsic-evenement-couleur-200x200.png 200w, https:\/\/www.sfsic.org\/wp-inside\/uploads\/2022\/12\/label-sfsic-evenement-couleur.png 500w\" sizes=\"auto, (max-width: 156px) 100vw, 156px\" \/><\/p>\n<\/p><\/div>\n<div class=\"zn-singledetail-keywords\">\n<h3 class=\"zn-singledetail-section-title\">Mots-cl\u00e9s<\/h3>\n<ul class=\"termslist termslist-post_tag\">\n<li class=\"termslist-item termslist-title\"><span class=\"termslist-titletxt\">Mots-cl\u00e9s<\/span><span class=\"doubledot\"><\/span><\/li>\n<li class=\"termslist-item tax-post_tag term-journalisme\"><a class=\"termslist-itemlink\" href=\"https:\/\/www.sfsic.org\/tag\/journalisme\/\" title=\"Journalisme\"><span class=\"termslist-itemname\">Journalisme<\/span><\/a><\/li>\n<li class=\"termslist-item tax-post_tag term-sciences\"><a class=\"termslist-itemlink\" href=\"https:\/\/www.sfsic.org\/tag\/sciences\/\" title=\"Sciences\"><span class=\"termslist-itemname\">Sciences<\/span><\/a><\/li>\n<\/ul><\/div>\n<\/p><\/div>\n<\/p><\/div>\n<\/p><\/div>\n<\/p><\/div>\n<\/div>\n<p><!-- \/fxzn:singledetail --><\/p>\n","protected":false},"excerpt":{"rendered":"<p>Mis en ligne le 27 avril 2026 Th\u00e9matiques M\u00e9dias et journalisme Type d\u2019\u00e9v\u00e9nement S\u00e9minaire Dates de l\u2019\u00e9v\u00e9nement Le 28\/04\/2026 Le 12\/05\/2026 Lieu de l\u2019\u00e9v\u00e9nement \u00e0 venir Trois s\u00e9minaires autour de [&hellip;]<\/p>\n","protected":false},"author":970,"featured_media":0,"comment_status":"closed","ping_status":"closed","sticky":false,"template":"","format":"standard","meta":{"_acf_changed":false,"footnotes":""},"categories":[30,69],"tags":[94,93],"thematique":[34],"sfsic":[],"class_list":["post-36021","post","type-post","status-publish","format-standard","hentry","category-evenement","category-seminaire-2","tag-journalisme","tag-sciences","thematique-medias-et-journalisme","wp-sticky"],"acf":[],"yoast_head":"<!-- This site is optimized with the Yoast SEO plugin v27.4 - https:\/\/yoast.com\/product\/yoast-seo-wordpress\/ -->\n<title>Cycle de s\u00e9minaires en ligne Journalisme et Science<\/title>\n<meta name=\"description\" content=\"Trois s\u00e9minaires autour de la th\u00e9matique Journalisme et Science sont organis\u00e9s par ICA France Chapter, en collaboration avec ICA China et ICA Indonesia Chapters et labellis\u00e9s par la Sfsic.\" \/>\n<meta name=\"robots\" content=\"index, follow, max-snippet:-1, max-image-preview:large, max-video-preview:-1\" \/>\n<link rel=\"canonical\" href=\"https:\/\/www.sfsic.org\/en\/evenement\/cycle-de-seminaires-en-ligne-journalisme-et-science\/\" \/>\n<meta property=\"og:locale\" content=\"en_US\" \/>\n<meta property=\"og:type\" content=\"article\" \/>\n<meta property=\"og:title\" content=\"Cycle de s\u00e9minaires en ligne Journalisme et Science\" \/>\n<meta property=\"og:description\" content=\"Trois s\u00e9minaires autour de la th\u00e9matique Journalisme et Science sont organis\u00e9s par ICA France Chapter, en collaboration avec ICA China et ICA Indonesia Chapters et labellis\u00e9s par la Sfsic.\" \/>\n<meta property=\"og:url\" content=\"https:\/\/www.sfsic.org\/en\/evenement\/cycle-de-seminaires-en-ligne-journalisme-et-science\/\" \/>\n<meta property=\"og:site_name\" content=\"SFSIC\" \/>\n<meta property=\"article:published_time\" content=\"2026-04-27T14:25:52+00:00\" \/>\n<meta property=\"og:image\" content=\"https:\/\/www.sfsic.org\/wp-inside\/uploads\/2026\/04\/science_journalists_agenda_new.jpg\" \/>\n\t<meta property=\"og:image:width\" content=\"800\" \/>\n\t<meta property=\"og:image:height\" content=\"1759\" \/>\n\t<meta property=\"og:image:type\" content=\"image\/jpeg\" \/>\n<meta name=\"author\" content=\"Sabine Bosler\" \/>\n<meta name=\"twitter:card\" content=\"summary_large_image\" \/>\n<script type=\"application\/ld+json\" class=\"yoast-schema-graph\">{\"@context\":\"https:\\\/\\\/schema.org\",\"@graph\":[{\"@type\":\"Article\",\"@id\":\"https:\\\/\\\/www.sfsic.org\\\/en\\\/evenement\\\/cycle-de-seminaires-en-ligne-journalisme-et-science\\\/#article\",\"isPartOf\":{\"@id\":\"https:\\\/\\\/www.sfsic.org\\\/en\\\/evenement\\\/cycle-de-seminaires-en-ligne-journalisme-et-science\\\/\"},\"author\":{\"name\":\"Sabine Bosler\",\"@id\":\"https:\\\/\\\/www.sfsic.org\\\/en\\\/#\\\/schema\\\/person\\\/34f4c316fc17854527bcc50f0e9514e0\"},\"headline\":\"Cycle de s\u00e9minaires en ligne Journalisme et Science\",\"datePublished\":\"2026-04-27T14:25:52+00:00\",\"mainEntityOfPage\":{\"@id\":\"https:\\\/\\\/www.sfsic.org\\\/en\\\/evenement\\\/cycle-de-seminaires-en-ligne-journalisme-et-science\\\/\"},\"wordCount\":192,\"publisher\":{\"@id\":\"https:\\\/\\\/www.sfsic.org\\\/en\\\/#organization\"},\"image\":{\"@id\":\"https:\\\/\\\/www.sfsic.org\\\/en\\\/evenement\\\/cycle-de-seminaires-en-ligne-journalisme-et-science\\\/#primaryimage\"},\"thumbnailUrl\":\"https:\\\/\\\/www.sfsic.org\\\/wp-inside\\\/uploads\\\/2026\\\/04\\\/science_journalists_agenda_new-136x300.jpg\",\"keywords\":[\"Journalisme\",\"Sciences\"],\"articleSection\":[\"\u00c9v\u00e9nements\",\"S\u00e9minaire\"],\"inLanguage\":\"en-US\"},{\"@type\":\"WebPage\",\"@id\":\"https:\\\/\\\/www.sfsic.org\\\/en\\\/evenement\\\/cycle-de-seminaires-en-ligne-journalisme-et-science\\\/\",\"url\":\"https:\\\/\\\/www.sfsic.org\\\/en\\\/evenement\\\/cycle-de-seminaires-en-ligne-journalisme-et-science\\\/\",\"name\":\"Cycle de s\u00e9minaires en ligne Journalisme et Science\",\"isPartOf\":{\"@id\":\"https:\\\/\\\/www.sfsic.org\\\/en\\\/#website\"},\"primaryImageOfPage\":{\"@id\":\"https:\\\/\\\/www.sfsic.org\\\/en\\\/evenement\\\/cycle-de-seminaires-en-ligne-journalisme-et-science\\\/#primaryimage\"},\"image\":{\"@id\":\"https:\\\/\\\/www.sfsic.org\\\/en\\\/evenement\\\/cycle-de-seminaires-en-ligne-journalisme-et-science\\\/#primaryimage\"},\"thumbnailUrl\":\"https:\\\/\\\/www.sfsic.org\\\/wp-inside\\\/uploads\\\/2026\\\/04\\\/science_journalists_agenda_new-136x300.jpg\",\"datePublished\":\"2026-04-27T14:25:52+00:00\",\"description\":\"Trois s\u00e9minaires autour de la th\u00e9matique Journalisme et Science sont organis\u00e9s par ICA France Chapter, en collaboration avec ICA China et ICA Indonesia Chapters et labellis\u00e9s par la Sfsic.\",\"breadcrumb\":{\"@id\":\"https:\\\/\\\/www.sfsic.org\\\/en\\\/evenement\\\/cycle-de-seminaires-en-ligne-journalisme-et-science\\\/#breadcrumb\"},\"inLanguage\":\"en-US\",\"potentialAction\":[{\"@type\":\"ReadAction\",\"target\":[\"https:\\\/\\\/www.sfsic.org\\\/en\\\/evenement\\\/cycle-de-seminaires-en-ligne-journalisme-et-science\\\/\"]}]},{\"@type\":\"ImageObject\",\"inLanguage\":\"en-US\",\"@id\":\"https:\\\/\\\/www.sfsic.org\\\/en\\\/evenement\\\/cycle-de-seminaires-en-ligne-journalisme-et-science\\\/#primaryimage\",\"url\":\"https:\\\/\\\/www.sfsic.org\\\/wp-inside\\\/uploads\\\/2026\\\/04\\\/science_journalists_agenda_new-136x300.jpg\",\"contentUrl\":\"https:\\\/\\\/www.sfsic.org\\\/wp-inside\\\/uploads\\\/2026\\\/04\\\/science_journalists_agenda_new-136x300.jpg\"},{\"@type\":\"BreadcrumbList\",\"@id\":\"https:\\\/\\\/www.sfsic.org\\\/en\\\/evenement\\\/cycle-de-seminaires-en-ligne-journalisme-et-science\\\/#breadcrumb\",\"itemListElement\":[{\"@type\":\"ListItem\",\"position\":1,\"name\":\"Accueil\",\"item\":\"https:\\\/\\\/www.sfsic.org\\\/en\\\/\"},{\"@type\":\"ListItem\",\"position\":2,\"name\":\"Events\",\"item\":\"https:\\\/\\\/www.sfsic.org\\\/en\\\/events\\\/\"},{\"@type\":\"ListItem\",\"position\":3,\"name\":\"Seminar\",\"item\":\"https:\\\/\\\/www.sfsic.org\\\/en\\\/events\\\/seminar-2\\\/\"},{\"@type\":\"ListItem\",\"position\":4,\"name\":\"Cycle de s\u00e9minaires en ligne Journalisme et Science\"}]},{\"@type\":\"WebSite\",\"@id\":\"https:\\\/\\\/www.sfsic.org\\\/en\\\/#website\",\"url\":\"https:\\\/\\\/www.sfsic.org\\\/en\\\/\",\"name\":\"SFSIC\",\"description\":\"Soci\u00e9t\u00e9 Fran\u00e7aise des Sciences de l&#039;Information &amp; de la Communication\",\"publisher\":{\"@id\":\"https:\\\/\\\/www.sfsic.org\\\/en\\\/#organization\"},\"potentialAction\":[{\"@type\":\"SearchAction\",\"target\":{\"@type\":\"EntryPoint\",\"urlTemplate\":\"https:\\\/\\\/www.sfsic.org\\\/en\\\/?s={search_term_string}\"},\"query-input\":{\"@type\":\"PropertyValueSpecification\",\"valueRequired\":true,\"valueName\":\"search_term_string\"}}],\"inLanguage\":\"en-US\"},{\"@type\":\"Organization\",\"@id\":\"https:\\\/\\\/www.sfsic.org\\\/en\\\/#organization\",\"name\":\"SFSIC\",\"url\":\"https:\\\/\\\/www.sfsic.org\\\/en\\\/\",\"logo\":{\"@type\":\"ImageObject\",\"inLanguage\":\"en-US\",\"@id\":\"https:\\\/\\\/www.sfsic.org\\\/en\\\/#\\\/schema\\\/logo\\\/image\\\/\",\"url\":\"https:\\\/\\\/www.sfsic.org\\\/wp-inside\\\/uploads\\\/2020\\\/05\\\/logo-sfsic.jpg\",\"contentUrl\":\"https:\\\/\\\/www.sfsic.org\\\/wp-inside\\\/uploads\\\/2020\\\/05\\\/logo-sfsic.jpg\",\"width\":1085,\"height\":1080,\"caption\":\"SFSIC\"},\"image\":{\"@id\":\"https:\\\/\\\/www.sfsic.org\\\/en\\\/#\\\/schema\\\/logo\\\/image\\\/\"}},{\"@type\":\"Person\",\"@id\":\"https:\\\/\\\/www.sfsic.org\\\/en\\\/#\\\/schema\\\/person\\\/34f4c316fc17854527bcc50f0e9514e0\",\"name\":\"Sabine Bosler\",\"image\":{\"@type\":\"ImageObject\",\"inLanguage\":\"en-US\",\"@id\":\"https:\\\/\\\/secure.gravatar.com\\\/avatar\\\/ff344396349692538b2740f8bc24babb99596a626891535086a24f9160d23171?s=96&d=mm&r=g\",\"url\":\"https:\\\/\\\/secure.gravatar.com\\\/avatar\\\/ff344396349692538b2740f8bc24babb99596a626891535086a24f9160d23171?s=96&d=mm&r=g\",\"contentUrl\":\"https:\\\/\\\/secure.gravatar.com\\\/avatar\\\/ff344396349692538b2740f8bc24babb99596a626891535086a24f9160d23171?s=96&d=mm&r=g\",\"caption\":\"Sabine Bosler\"}}]}<\/script>\n<!-- \/ Yoast SEO plugin. -->","yoast_head_json":{"title":"Cycle de s\u00e9minaires en ligne Journalisme et Science","description":"Trois s\u00e9minaires autour de la th\u00e9matique Journalisme et Science sont organis\u00e9s par ICA France Chapter, en collaboration avec ICA China et ICA Indonesia Chapters et labellis\u00e9s par la Sfsic.","robots":{"index":"index","follow":"follow","max-snippet":"max-snippet:-1","max-image-preview":"max-image-preview:large","max-video-preview":"max-video-preview:-1"},"canonical":"https:\/\/www.sfsic.org\/en\/evenement\/cycle-de-seminaires-en-ligne-journalisme-et-science\/","og_locale":"en_US","og_type":"article","og_title":"Cycle de s\u00e9minaires en ligne Journalisme et Science","og_description":"Trois s\u00e9minaires autour de la th\u00e9matique Journalisme et Science sont organis\u00e9s par ICA France Chapter, en collaboration avec ICA China et ICA Indonesia Chapters et labellis\u00e9s par la Sfsic.","og_url":"https:\/\/www.sfsic.org\/en\/evenement\/cycle-de-seminaires-en-ligne-journalisme-et-science\/","og_site_name":"SFSIC","article_published_time":"2026-04-27T14:25:52+00:00","og_image":[{"width":800,"height":1759,"url":"https:\/\/www.sfsic.org\/wp-inside\/uploads\/2026\/04\/science_journalists_agenda_new.jpg","type":"image\/jpeg"}],"author":"Sabine Bosler","twitter_card":"summary_large_image","schema":{"@context":"https:\/\/schema.org","@graph":[{"@type":"Article","@id":"https:\/\/www.sfsic.org\/en\/evenement\/cycle-de-seminaires-en-ligne-journalisme-et-science\/#article","isPartOf":{"@id":"https:\/\/www.sfsic.org\/en\/evenement\/cycle-de-seminaires-en-ligne-journalisme-et-science\/"},"author":{"name":"Sabine Bosler","@id":"https:\/\/www.sfsic.org\/en\/#\/schema\/person\/34f4c316fc17854527bcc50f0e9514e0"},"headline":"Cycle de s\u00e9minaires en ligne Journalisme et Science","datePublished":"2026-04-27T14:25:52+00:00","mainEntityOfPage":{"@id":"https:\/\/www.sfsic.org\/en\/evenement\/cycle-de-seminaires-en-ligne-journalisme-et-science\/"},"wordCount":192,"publisher":{"@id":"https:\/\/www.sfsic.org\/en\/#organization"},"image":{"@id":"https:\/\/www.sfsic.org\/en\/evenement\/cycle-de-seminaires-en-ligne-journalisme-et-science\/#primaryimage"},"thumbnailUrl":"https:\/\/www.sfsic.org\/wp-inside\/uploads\/2026\/04\/science_journalists_agenda_new-136x300.jpg","keywords":["Journalisme","Sciences"],"articleSection":["\u00c9v\u00e9nements","S\u00e9minaire"],"inLanguage":"en-US"},{"@type":"WebPage","@id":"https:\/\/www.sfsic.org\/en\/evenement\/cycle-de-seminaires-en-ligne-journalisme-et-science\/","url":"https:\/\/www.sfsic.org\/en\/evenement\/cycle-de-seminaires-en-ligne-journalisme-et-science\/","name":"Cycle de s\u00e9minaires en ligne Journalisme et Science","isPartOf":{"@id":"https:\/\/www.sfsic.org\/en\/#website"},"primaryImageOfPage":{"@id":"https:\/\/www.sfsic.org\/en\/evenement\/cycle-de-seminaires-en-ligne-journalisme-et-science\/#primaryimage"},"image":{"@id":"https:\/\/www.sfsic.org\/en\/evenement\/cycle-de-seminaires-en-ligne-journalisme-et-science\/#primaryimage"},"thumbnailUrl":"https:\/\/www.sfsic.org\/wp-inside\/uploads\/2026\/04\/science_journalists_agenda_new-136x300.jpg","datePublished":"2026-04-27T14:25:52+00:00","description":"Trois s\u00e9minaires autour de la th\u00e9matique Journalisme et Science sont organis\u00e9s par ICA France Chapter, en collaboration avec ICA China et ICA Indonesia Chapters et labellis\u00e9s par la Sfsic.","breadcrumb":{"@id":"https:\/\/www.sfsic.org\/en\/evenement\/cycle-de-seminaires-en-ligne-journalisme-et-science\/#breadcrumb"},"inLanguage":"en-US","potentialAction":[{"@type":"ReadAction","target":["https:\/\/www.sfsic.org\/en\/evenement\/cycle-de-seminaires-en-ligne-journalisme-et-science\/"]}]},{"@type":"ImageObject","inLanguage":"en-US","@id":"https:\/\/www.sfsic.org\/en\/evenement\/cycle-de-seminaires-en-ligne-journalisme-et-science\/#primaryimage","url":"https:\/\/www.sfsic.org\/wp-inside\/uploads\/2026\/04\/science_journalists_agenda_new-136x300.jpg","contentUrl":"https:\/\/www.sfsic.org\/wp-inside\/uploads\/2026\/04\/science_journalists_agenda_new-136x300.jpg"},{"@type":"BreadcrumbList","@id":"https:\/\/www.sfsic.org\/en\/evenement\/cycle-de-seminaires-en-ligne-journalisme-et-science\/#breadcrumb","itemListElement":[{"@type":"ListItem","position":1,"name":"Accueil","item":"https:\/\/www.sfsic.org\/en\/"},{"@type":"ListItem","position":2,"name":"Events","item":"https:\/\/www.sfsic.org\/en\/events\/"},{"@type":"ListItem","position":3,"name":"Seminar","item":"https:\/\/www.sfsic.org\/en\/events\/seminar-2\/"},{"@type":"ListItem","position":4,"name":"Cycle de s\u00e9minaires en ligne Journalisme et Science"}]},{"@type":"WebSite","@id":"https:\/\/www.sfsic.org\/en\/#website","url":"https:\/\/www.sfsic.org\/en\/","name":"SFSIC","description":"Soci\u00e9t\u00e9 Fran\u00e7aise des Sciences de l&#039;Information &amp; de la Communication","publisher":{"@id":"https:\/\/www.sfsic.org\/en\/#organization"},"potentialAction":[{"@type":"SearchAction","target":{"@type":"EntryPoint","urlTemplate":"https:\/\/www.sfsic.org\/en\/?s={search_term_string}"},"query-input":{"@type":"PropertyValueSpecification","valueRequired":true,"valueName":"search_term_string"}}],"inLanguage":"en-US"},{"@type":"Organization","@id":"https:\/\/www.sfsic.org\/en\/#organization","name":"SFSIC","url":"https:\/\/www.sfsic.org\/en\/","logo":{"@type":"ImageObject","inLanguage":"en-US","@id":"https:\/\/www.sfsic.org\/en\/#\/schema\/logo\/image\/","url":"https:\/\/www.sfsic.org\/wp-inside\/uploads\/2020\/05\/logo-sfsic.jpg","contentUrl":"https:\/\/www.sfsic.org\/wp-inside\/uploads\/2020\/05\/logo-sfsic.jpg","width":1085,"height":1080,"caption":"SFSIC"},"image":{"@id":"https:\/\/www.sfsic.org\/en\/#\/schema\/logo\/image\/"}},{"@type":"Person","@id":"https:\/\/www.sfsic.org\/en\/#\/schema\/person\/34f4c316fc17854527bcc50f0e9514e0","name":"Sabine Bosler","image":{"@type":"ImageObject","inLanguage":"en-US","@id":"https:\/\/secure.gravatar.com\/avatar\/ff344396349692538b2740f8bc24babb99596a626891535086a24f9160d23171?s=96&d=mm&r=g","url":"https:\/\/secure.gravatar.com\/avatar\/ff344396349692538b2740f8bc24babb99596a626891535086a24f9160d23171?s=96&d=mm&r=g","contentUrl":"https:\/\/secure.gravatar.com\/avatar\/ff344396349692538b2740f8bc24babb99596a626891535086a24f9160d23171?s=96&d=mm&r=g","caption":"Sabine Bosler"}}]}},"_links":{"self":[{"href":"https:\/\/www.sfsic.org\/en\/wp-json\/wp\/v2\/posts\/36021","targetHints":{"allow":["GET"]}}],"collection":[{"href":"https:\/\/www.sfsic.org\/en\/wp-json\/wp\/v2\/posts"}],"about":[{"href":"https:\/\/www.sfsic.org\/en\/wp-json\/wp\/v2\/types\/post"}],"author":[{"embeddable":true,"href":"https:\/\/www.sfsic.org\/en\/wp-json\/wp\/v2\/users\/970"}],"replies":[{"embeddable":true,"href":"https:\/\/www.sfsic.org\/en\/wp-json\/wp\/v2\/comments?post=36021"}],"version-history":[{"count":6,"href":"https:\/\/www.sfsic.org\/en\/wp-json\/wp\/v2\/posts\/36021\/revisions"}],"predecessor-version":[{"id":36032,"href":"https:\/\/www.sfsic.org\/en\/wp-json\/wp\/v2\/posts\/36021\/revisions\/36032"}],"wp:attachment":[{"href":"https:\/\/www.sfsic.org\/en\/wp-json\/wp\/v2\/media?parent=36021"}],"wp:term":[{"taxonomy":"category","embeddable":true,"href":"https:\/\/www.sfsic.org\/en\/wp-json\/wp\/v2\/categories?post=36021"},{"taxonomy":"post_tag","embeddable":true,"href":"https:\/\/www.sfsic.org\/en\/wp-json\/wp\/v2\/tags?post=36021"},{"taxonomy":"thematique","embeddable":true,"href":"https:\/\/www.sfsic.org\/en\/wp-json\/wp\/v2\/thematique?post=36021"},{"taxonomy":"sfsic","embeddable":true,"href":"https:\/\/www.sfsic.org\/en\/wp-json\/wp\/v2\/sfsic?post=36021"}],"curies":[{"name":"wp","href":"https:\/\/api.w.org\/{rel}","templated":true}]}}