{"id":36004,"date":"2026-04-28T10:29:21","date_gmt":"2026-04-28T08:29:21","guid":{"rendered":"https:\/\/www.sfsic.org\/?p=36004"},"modified":"2026-04-28T10:29:22","modified_gmt":"2026-04-28T08:29:22","slug":"maitre-assistant-e-en-sciences-de-la-communication-des-medias","status":"publish","type":"post","link":"https:\/\/www.sfsic.org\/en\/emplois\/maitre-assistant-e-en-sciences-de-la-communication-des-medias\/","title":{"rendered":"Ma\u00eetre-assistant-e en Sciences de la communication &amp; des m\u00e9dias"},"content":{"rendered":"<p><!-- fxzn:singledetail --><\/p>\n<div class=\"zone zn-singledetail\" id=\"fxzn-singledetail-1\">\n<div class=\"zone-block zn-singledetail-block alignwide va-top\">\n<div class=\"row\">\n<div class=\"columns large-8 large-push-4\">\n<div class=\"zn-singledetail-metabox\">\n<div class=\"zn-singledetail-pubdate pubdate\">\n\t\t\t\t\t<span class=\"pubdate-txt\">Mis en ligne le<\/span><span class=\"doubledot\"><\/span> <time class=\"pubdate-time\" datetime=\"2026-04-24T10:36:27+02:00\">24 avril 2026<\/time>\t\t\t\t<\/div>\n<div class=\"zn-singledetail-thematiques with-sep-comma\">\n<ul class=\"termslist termslist-thematique\">\n<li class=\"termslist-item termslist-title\"><span class=\"termslist-titletxt\">Th\u00e9matiques<\/span><span class=\"doubledot\"><\/span><\/li>\n<li class=\"termslist-item tax-thematique term-digital-strategies-devices-and-uses\"><a class=\"termslist-itemlink\" href=\"https:\/\/www.sfsic.org\/thematiques\/digital-strategies-devices-and-uses\/\" title=\"Digital: strategies, devices and uses\"><span class=\"termslist-itemname\">Digital: strategies, devices and uses<\/span><\/a><\/li>\n<li class=\"termslist-item tax-thematique term-medias-et-journalisme\"><a class=\"termslist-itemlink\" href=\"https:\/\/www.sfsic.org\/thematiques\/medias-et-journalisme\/\" title=\"M\u00e9dias et journalisme\"><span class=\"termslist-itemname\">M\u00e9dias et journalisme<\/span><\/a><\/li>\n<li class=\"termslist-item tax-thematique term-numerique-strategies-dispositifs-et-usages\"><a class=\"termslist-itemlink\" href=\"https:\/\/www.sfsic.org\/thematiques\/numerique-strategies-dispositifs-et-usages\/\" title=\"Num\u00e9rique : strat\u00e9gies, dispositifs et usages\"><span class=\"termslist-itemname\">Num\u00e9rique : strat\u00e9gies, dispositifs et usages<\/span><\/a><\/li>\n<\/ul><\/div>\n<\/p><\/div>\n<\/p><\/div>\n<\/p><\/div>\n<div class=\"row\">\n<div class=\"columns large-4\">\n<div class=\"zn-singledetail-sidebar bg-cornersquares\">\n<div class=\"zn-singledetail-infos\">\n<p class=\"zn-singledetail-reponse-date\">\n\t\t\t\t\t\t<span>R\u00e9ponse attendue pour le<\/span><span class=\"doubledot\"><\/span> <strong>30\/04\/2026<\/strong>\n\t\t\t\t\t<\/p>\n<p class=\"zn-singledetail-type\">\n\t\t\t\t\t\t\t<span>Type d\u2019annonce<\/span><span class=\"doubledot\"><\/span> <strong>Emploi<\/strong>\n\t\t\t\t\t<\/p>\n<\/p><\/div>\n<div class=\"zn-singledetail-contacts\">\n<h3 class=\"zn-singledetail-section-title\">Contacts<\/h3>\n<ul class=\"zn-singledetail-contacts-list\">\n<li class=\"zn-singledetail-contact\">\n\t\t\t\t\t\t\t<span class=\"zn-singledetail-contact-name\">Annabel Andrey Bissig (secr\u00e9tariat)<\/span><span class=\"doubledot\"><\/span><br \/>\n\t\t\t\t\t\t\t\t\t\t\t\t\t\t<a class=\"zn-singledetail-contact-mail prettylink\" href=\"mailto:annabel.andreybissig@unifr.ch\">annabel.andreybissig@unifr.ch<\/a>\n\t\t\t\t\t\t\t\t\t\t\t\t\t<\/li>\n<li class=\"zn-singledetail-contact\">\n\t\t\t\t\t\t\t<span class=\"zn-singledetail-contact-name\">Thilo von Pape (Pr\u00e9sident du DCM)<\/span><span class=\"doubledot\"><\/span><br \/>\n\t\t\t\t\t\t\t\t\t\t\t\t\t\t<a class=\"zn-singledetail-contact-mail prettylink\" href=\"mailto:thilo.vonpape@unifr.ch\">thilo.vonpape@unifr.ch<\/a>\n\t\t\t\t\t\t\t\t\t\t\t\t\t<\/li>\n<\/ul><\/div>\n<div class=\"zn-singledetail-weblinks\">\n<h3 class=\"zn-singledetail-section-title\">Sites internet de r\u00e9f\u00e9rence<\/h3>\n<ul class=\"zn-singledetail-weblinks-list\">\n<li>\n\t\t\t\t\t\t\t<a class=\"prettylink chainlink\" href=\"https:\/\/jobs.fr.ch\/job\/Fribourg2C-CH-MaC3AEtre-assistant-e-en-Sciences-de-la-communication-&amp;-des-mC3A9dias-Sari\/1356507857\/\" title=\"Annonce Uni Fribourg\" target=\"_blank\">Annonce DCM Universit\u00e9 de Fribourg<\/a>\n\t\t\t\t\t\t<\/li>\n<li>\n\t\t\t\t\t\t\t<a class=\"prettylink chainlink\" href=\"https:\/\/www.unifr.ch\/dcm\/fr\/\" title=\"Site du DCM\" target=\"_blank\">D\u00e9partement des sciences de la communication et des m\u00e9dias (DCM)<\/a>\n\t\t\t\t\t\t<\/li>\n<\/ul><\/div>\n<\/p><\/div>\n<\/p><\/div>\n<div class=\"columns large-8\">\n<div class=\"zn-singledetail-contentbox\">\n<div class=\"zn-singledetail-annonce wig-content\">\n<div class=\"joblayouttoken rtltextaligneligible displayDTM marginTopSmall marginBottomSmall marginRightNone marginLeftNone\">\n<div class=\"inner fontcolorb6a533a1\">\n<div class=\"row\">\n<div>L&rsquo;universit\u00e9 de Fribourg propose un poste de ma\u00eetre-assistant\u00b7e (40\u201350&#160;%) combinant enseignement, encadrement et recherche, dans un environnement interdisciplinaire avec d\u2019excellentes conditions de travail (flexibilit\u00e9, salaire comp\u00e9titif, perspectives d\u2019\u00e9volution du taux).<br \/>\nContrat initial d\u2019un an prolongeable jusqu\u2019\u00e0 cinq ans, destin\u00e9 \u00e0 un\u00b7e candidat\u00b7e titulaire d\u2019un doctorat en communication (ou proche) avec solides comp\u00e9tences m\u00e9thodologiques et excellente ma\u00eetrise du fran\u00e7ais.<\/div>\n<div><\/div>\n<div class=\"col-xs-12 fontalign-left\"><span class=\"joblayouttoken-label\">Taux d&rsquo;activit\u00e9&#160;:\u00a0\u00a0<\/span><span class=\"rtltextaligneligible\" lang=\"fr-FR\" xml:lang=\"fr-FR\" data-careersite-propertyid=\"shifttype\">40-50&#160;%<\/span><\/div>\n<\/div>\n<\/div>\n<\/div>\n<div class=\"joblayouttoken rtltextaligneligible displayDTM marginTopSmall marginBottomSmall marginRightNone marginLeftNone\">\n<div class=\"inner fontcolorb6a533a1\">\n<div class=\"row\">\n<div class=\"col-xs-12 fontalign-left\">\n<p><span class=\"joblayouttoken-label\">Lieu \/ District&#160;:\u00a0\u00a0<\/span><\/p>\n<p id=\"job-location\" class=\"jobLocation job-location-inline\" lang=\"fr-FR\" xml:lang=\"fr-FR\"><span class=\"jobGeoLocation\">Fribourg, CH, Sarine, CH<\/span><\/p>\n<\/div>\n<\/div>\n<\/div>\n<\/div>\n<div class=\"joblayouttoken rtltextaligneligible displayDTM marginTopSmall marginBottomSmall marginRightNone marginLeftNone\">\n<div class=\"inner fontcolorb6a533a1\">\n<div class=\"row\">\n<div class=\"col-xs-12 fontalign-left\"><span class=\"joblayouttoken-label\">D\u00e9lai de postulation&#160;:\u00a0\u00a0<\/span><span class=\"rtltextaligneligible\" lang=\"fr-FR\" xml:lang=\"fr-FR\" data-careersite-propertyid=\"facility\">30.04.2026<\/span><\/div>\n<\/div>\n<\/div>\n<\/div>\n<div class=\"joblayouttoken rtltextaligneligible displayDTM marginTopSmall marginBottomSmall marginRightNone marginLeftNone\">\n<div class=\"inner fontcolorb6a533a1\">\n<div class=\"row\">\n<div class=\"col-xs-12 fontalign-left\"><span class=\"joblayouttoken-label\">Date d&rsquo;entr\u00e9e en fonction&#160;:\u00a0\u00a0<\/span><span class=\"rtltextaligneligible\" lang=\"fr-FR\" xml:lang=\"fr-FR\" data-careersite-propertyid=\"customfield5\">01.09.2026 ou \u00e0 convenir<\/span><\/div>\n<\/div>\n<\/div>\n<\/div>\n<div class=\"joblayouttoken rtltextaligneligible displayDTM marginTopSmall marginBottomSmall marginRightNone marginLeftNone\">\n<div class=\"inner fontcolorb6a533a1\">\n<div class=\"row\">\n<div class=\"col-xs-12 fontalign-left\"><span class=\"joblayouttoken-label\">Type de contrat&#160;:\u00a0\u00a0<\/span><span class=\"rtltextaligneligible\" lang=\"fr-FR\" xml:lang=\"fr-FR\" data-careersite-propertyid=\"customfield2\">CDD<\/span><\/div>\n<\/div>\n<\/div>\n<\/div>\n<div class=\"joblayouttoken rtltextaligneligible displayDTM marginTopSmall marginBottomSmall marginRightNone marginLeftNone\">\n<div class=\"inner fontcolorb6a533a1\">\n<div class=\"row\">\n<div class=\"col-xs-12 fontalign-left\"><span class=\"joblayouttoken-label\">Service&#160;:\u00a0\u00a0<\/span><span class=\"rtltextaligneligible\" lang=\"fr-FR\" xml:lang=\"fr-FR\" data-careersite-propertyid=\"dept\">Unifr-6640 D\u00e9partement des sciences de la communic<\/span><\/div>\n<\/div>\n<\/div>\n<\/div>\n<div class=\"joblayouttoken rtltextaligneligible displayDTM marginTopSmall marginBottomSmall marginRightNone marginLeftNone\">\n<div class=\"inner fontcolorb6a533a1\">\n<div class=\"row\">\n<div class=\"col-xs-12 fontalign-left\">\n<div>\n<div>\n<h2><b>Qui sommes-nous&#160;?<\/b><\/h2>\n<\/div>\n<div>\n<p>La Facult\u00e9 de sciences \u00e9conomiques et sociales et du management (SES) de l\u2019Universit\u00e9 de Fribourg, Suisse, met au concours un poste de ma\u00eetre-assistant-e au D\u00e9partement des sciences de la communication et des m\u00e9dias (DCM). Le-la candidat-e retenue assurera l\u2019enseignement et la recherche dans le domaine de la communication et des m\u00e9dias. Le DCM fournit un environnement de recherche exceptionnel bas\u00e9 sur une collaboration interdisciplinaire, innovante et dynamique, \u00e0 l&rsquo;interface entre la communication, les m\u00e9dias, l\u2019\u00e9conomie et la gestion. En mettant l&rsquo;accent sur une formation rigoureuse et une recherche de haute qualit\u00e9, la Facult\u00e9 de SES constitue un environnement id\u00e9al pour consolider une carri\u00e8re d\u00e9di\u00e9e \u00e0 la recherche.<\/p>\n<\/div>\n<\/div>\n<div>\n<div>\n<h2><b>Pourquoi nous rejoindre&#160;?<\/b><\/h2>\n<\/div>\n<div>\n<p>Nous misons sur la compl\u00e9mentarit\u00e9 des comp\u00e9tences et la vari\u00e9t\u00e9 des perspectives car c\u2019est la diversit\u00e9 des parcours et des profils qui fait la force de l\u2019\u00c9tat de Fribourg. Nous favorisons la conciliation vie professionnelle et vie priv\u00e9e et les conditions de travail flexibles. Pour en savoir plus, suivez ce\u00a0<a href=\"https:\/\/www.fr.ch\/travail-et-entreprises\/travailler-a-letat\/letat-employeur\">lien<\/a>.<\/p>\n<\/div>\n<\/div>\n<div>\n<div>\n<h2><b>Vos missions<\/b><\/h2>\n<\/div>\n<div>\n<p>Dur\u00e9e du contrat&#160;:\u00a0un an, puis prolongeable de 4 ans.<\/p>\n<ul>\n<li>Le-la ma\u00eetre-assistant-e assure quatre heures\/ann\u00e9e d\u2019enseignement, principalement dans le cadre du Bachelor en Sciences de la Communication (francophone) et, si n\u00e9cessaire, dans le Master en Business Communication<\/li>\n<li>Il-elle assure le suivi de travaux de Bachelor et de Master, ainsi que de travaux de s\u00e9minaire<\/li>\n<li>Il-elle m\u00e8ne des projets de recherche d\u2019excellente qualit\u00e9, en publie les r\u00e9sultats et \u0153uvre pour l\u2019obtention de fonds de recherche<\/li>\n<\/ul>\n<p>Poste \u00e0 50&#160;% initialement&#160;; possibilit\u00e9 de compl\u00e9ter le contrat avec une charge de cours suppl\u00e9mentaire&#160;; possibilit\u00e9 d\u2019augmenter le taux jusqu\u2019\u00e0 100&#160;% \u00e0 partir du 1er d\u00e9cembre 2029&#160;; le salaire sera fix\u00e9 conform\u00e9ment aux directives de l&rsquo;Universit\u00e9 de Fribourg.<\/p>\n<p><b>Profil souhait\u00e9<\/b><\/p>\n<\/div>\n<\/div>\n<div>\n<div>\n<ul>\n<li><strong>Dipl\u00f4me<\/strong>&#160;: Excellente th\u00e8se de doctorat en communication ou dans un domaine \u00e9troitement apparent\u00e9<\/li>\n<li><strong>Comp\u00e9tences<\/strong>&#160;: Le-la candidat-e retenu-e doit pr\u00e9senter des int\u00e9r\u00eats et r\u00e9sultats de recherche dans le domaine de la communication et des m\u00e9dias, de pr\u00e9f\u00e9rence en \u00e9tudes du journalisme, ainsi que des comp\u00e9tences m\u00e9thodologiques av\u00e9r\u00e9es. Des connaissances en m\u00e9thodes quantitatives sont consid\u00e9r\u00e9es comme un atout pour l\u2019enseignement. Le-la candidat-e retenu-e sait planifier et mettre en \u0153uvre des enseignements de niveau Bachelor. Une exp\u00e9rience de recherche internationale repr\u00e9sente un atout suppl\u00e9mentaire<\/li>\n<li><strong>Langues\u00a0<\/strong>&#160;: Parfaite ma\u00eetrise du fran\u00e7ais&#160;; tr\u00e8s bonne ma\u00eetrise de l&rsquo;anglais&#160;; une bonne connaissance de l\u2019allemand est consid\u00e9r\u00e9e comme un atout suppl\u00e9mentaire<\/li>\n<\/ul>\n<p><strong>Dossier de candidature doit contenir&#160;:<\/strong><\/p>\n<ul>\n<li>une lettre de motivation sp\u00e9cifiant les int\u00e9r\u00eats de recherche et les \u00e9ventuels projets de recherche s&rsquo;y r\u00e9f\u00e9rant<\/li>\n<li>un CV indiquant deux personnes de r\u00e9f\u00e9rence acad\u00e9mique<\/li>\n<li>une liste des publications scientifiques<\/li>\n<li>un r\u00e9sum\u00e9 de 1 \u00e0 2 pages de la th\u00e8se<\/li>\n<li>des \u00e9valuations des enseignements pass\u00e9s ou en cours<\/li>\n<li>tout autre certificat jug\u00e9 pertinent<\/li>\n<\/ul>\n<\/div>\n<\/div>\n<div>\n<div>\n<h2><b>Coordonn\u00e9es des personnes de contact<\/b><\/h2>\n<\/div>\n<div>\n<p>Annabel Andrey Bissig T +41 26 300 83 83 annabel.andreybissig@unifr.ch<\/p>\n<\/div>\n<\/div>\n<\/div>\n<\/div>\n<\/div>\n<\/div>\n<div class=\"joblayouttoken rtltextaligneligible displayDTM marginTopSmall marginBottomSmall marginRightNone marginLeftNone\">\n<div class=\"inner fontcolorb6a533a1\">\n<div class=\"row\">\n<div class=\"col-xs-12 fontalign-left\"><span class=\"joblayouttoken-label\">Date de publication&#160;:\u00a0\u00a0<\/span><span class=\"rtltextaligneligible\" lang=\"fr-FR\" xml:lang=\"fr-FR\" data-careersite-propertyid=\"date\">24 avr. 2026<\/span><\/div>\n<\/div>\n<\/div>\n<\/div>\n<div class=\"joblayouttoken rtltextaligneligible displayDTM marginTopNone marginBottomNone marginRightNone marginLeftNone\">\n<div class=\"inner fontcolorb6a533a1\">\n<div class=\"row\">\n<div class=\"col-xs-12 fontalign-left\"><span class=\"joblayouttoken-label\">N\u00b0 de r\u00e9f\u00e9rence&#160;:\u00a0\u00a0<\/span><span class=\"rtltextaligneligible\" lang=\"fr-FR\" xml:lang=\"fr-FR\" data-careersite-propertyid=\"adcode\">9975<\/span><\/div>\n<\/div>\n<\/div>\n<\/div><\/div>\n<div class=\"zn-singledetail-partners\">\n<h3 class=\"zn-singledetail-section-title\">Institutions<\/h3>\n<div class=\"zn-singledetail-partners-list row small-up-2 medium-up-3 large-up-5 partnerlist\" data-equalizer data-equalize-on=\"medium\">\n<article class=\"summarypartner partner-15330 column\">\n\t<a class=\"summarypartner-box\" href=\"https:\/\/www3.unifr.ch\" title=\"Universit\u00e9 de Fribourg\">\t\t<\/p>\n<div class=\"summarypartner-box-inner\" data-equalizer-watch>\n<div class=\"summarypartner-imgbox\">\n<figure class=\"summarypartner-figure\">\n\t\t\t\t\t<img decoding=\"async\" class=\"summarypartner-img\" src=\"https:\/\/www.sfsic.org\/wp-inside\/uploads\/skp-membership\/demande_adh\/logo-universite-fribourg-suisse-320x320.png\" alt=\"Logo Universit\u00e9 Fribourg Suisse\"><figcaption class=\"summarypartner-img-caption show-for-sr\">Logo Universit\u00e9 Fribourg Suisse<\/figcaption><\/figure>\n<\/p><\/div>\n<div class=\"summarypartner-content\">\n<div class=\"summarypartner-content-inner\">\n<header class=\"summarypartner-header\">\n<h3 class=\"summarypartner-title\">\n\t\t\t\t\t\t\tUniversit\u00e9 de Fribourg\t\t\t\t\t\t<\/h3>\n<\/header><\/div>\n<\/p><\/div>\n<\/p><\/div>\n<p>\t<\/a><\/article>\n<\/p><\/div>\n<\/p><\/div>\n<div class=\"zn-singledetail-keywords\">\n<h3 class=\"zn-singledetail-section-title\">Mots-cl\u00e9s<\/h3>\n<ul class=\"termslist termslist-post_tag\">\n<li class=\"termslist-item termslist-title\"><span class=\"termslist-titletxt\">Mots-cl\u00e9s<\/span><span class=\"doubledot\"><\/span><\/li>\n<li class=\"termslist-item tax-post_tag term-emploi\"><a class=\"termslist-itemlink\" href=\"https:\/\/www.sfsic.org\/tag\/emploi\/\" title=\"Emploi\"><span class=\"termslist-itemname\">Emploi<\/span><\/a><\/li>\n<li class=\"termslist-item tax-post_tag term-journalisme\"><a class=\"termslist-itemlink\" href=\"https:\/\/www.sfsic.org\/tag\/journalisme\/\" title=\"Journalisme\"><span class=\"termslist-itemname\">Journalisme<\/span><\/a><\/li>\n<li class=\"termslist-item tax-post_tag term-methodologie\"><a class=\"termslist-itemlink\" href=\"https:\/\/www.sfsic.org\/tag\/methodologie\/\" title=\"M\u00e9thodologie\"><span class=\"termslist-itemname\">M\u00e9thodologie<\/span><\/a><\/li>\n<\/ul><\/div>\n<\/p><\/div>\n<\/p><\/div>\n<\/p><\/div>\n<\/p><\/div>\n<\/div>\n<p><!-- \/fxzn:singledetail --><\/p>\n","protected":false},"excerpt":{"rendered":"<p>Mis en ligne le 24 avril 2026 Th\u00e9matiques Digital: strategies, devices and uses M\u00e9dias et journalisme Num\u00e9rique : strat\u00e9gies, dispositifs et usages R\u00e9ponse attendue pour le 30\/04\/2026 Type d\u2019annonce Emploi [&hellip;]<\/p>\n","protected":false},"author":914,"featured_media":0,"comment_status":"closed","ping_status":"closed","sticky":false,"template":"","format":"standard","meta":{"_acf_changed":false,"footnotes":""},"categories":[64,32],"tags":[812,94,110],"thematique":[719,34,39],"sfsic":[],"class_list":["post-36004","post","type-post","status-publish","format-standard","hentry","category-emploi","category-emplois","tag-emploi","tag-journalisme","tag-methodologie","thematique-digital-strategies-devices-and-uses","thematique-medias-et-journalisme","thematique-numerique-strategies-dispositifs-et-usages","wp-sticky"],"acf":[],"yoast_head":"<!-- This site is optimized with the Yoast SEO plugin v27.4 - https:\/\/yoast.com\/product\/yoast-seo-wordpress\/ -->\n<title>Ma\u00eetre-assistant-e en Sciences de la communication &amp; des m\u00e9dias<\/title>\n<meta name=\"description\" content=\"L&#039;universit\u00e9 de Fribourg propose un poste de ma\u00eetre-assistant\u00b7e (40\u201350%) combinant enseignement, encadrement et recherche, dans un environnement interdisciplinaire avec d\u2019excellentes conditions de travail (flexibilit\u00e9, salaire comp\u00e9titif, perspectives d\u2019\u00e9volution du taux). Contrat initial d\u2019un an prolongeable jusqu\u2019\u00e0 cinq ans, destin\u00e9 \u00e0 un\u00b7e candidat\u00b7e titulaire d\u2019un doctorat en communication (ou proche) avec solides comp\u00e9tences m\u00e9thodologiques et excellente ma\u00eetrise du fran\u00e7ais.\" \/>\n<meta name=\"robots\" content=\"index, follow, max-snippet:-1, max-image-preview:large, max-video-preview:-1\" \/>\n<link rel=\"canonical\" href=\"https:\/\/www.sfsic.org\/en\/emplois\/maitre-assistant-e-en-sciences-de-la-communication-des-medias\/\" \/>\n<meta property=\"og:locale\" content=\"en_US\" \/>\n<meta property=\"og:type\" content=\"article\" \/>\n<meta property=\"og:title\" content=\"Ma\u00eetre-assistant-e en Sciences de la communication &amp; des m\u00e9dias\" \/>\n<meta property=\"og:description\" content=\"L&#039;universit\u00e9 de Fribourg propose un poste de ma\u00eetre-assistant\u00b7e (40\u201350%) combinant enseignement, encadrement et recherche, dans un environnement interdisciplinaire avec d\u2019excellentes conditions de travail (flexibilit\u00e9, salaire comp\u00e9titif, perspectives d\u2019\u00e9volution du taux). Contrat initial d\u2019un an prolongeable jusqu\u2019\u00e0 cinq ans, destin\u00e9 \u00e0 un\u00b7e candidat\u00b7e titulaire d\u2019un doctorat en communication (ou proche) avec solides comp\u00e9tences m\u00e9thodologiques et excellente ma\u00eetrise du fran\u00e7ais.\" \/>\n<meta property=\"og:url\" content=\"https:\/\/www.sfsic.org\/en\/emplois\/maitre-assistant-e-en-sciences-de-la-communication-des-medias\/\" \/>\n<meta property=\"og:site_name\" content=\"SFSIC\" \/>\n<meta property=\"article:published_time\" content=\"2026-04-28T08:29:21+00:00\" \/>\n<meta property=\"article:modified_time\" content=\"2026-04-28T08:29:22+00:00\" \/>\n<meta property=\"og:image\" content=\"https:\/\/www.sfsic.org\/wp-inside\/uploads\/skp-membership\/demande_adh\/logo-universite-fribourg-suisse-320x320.png\" \/>\n<meta name=\"author\" content=\"Thilo Von Pape\" \/>\n<meta name=\"twitter:card\" content=\"summary_large_image\" \/>\n<script type=\"application\/ld+json\" class=\"yoast-schema-graph\">{\"@context\":\"https:\\\/\\\/schema.org\",\"@graph\":[{\"@type\":\"Article\",\"@id\":\"https:\\\/\\\/www.sfsic.org\\\/en\\\/emplois\\\/maitre-assistant-e-en-sciences-de-la-communication-des-medias\\\/#article\",\"isPartOf\":{\"@id\":\"https:\\\/\\\/www.sfsic.org\\\/en\\\/emplois\\\/maitre-assistant-e-en-sciences-de-la-communication-des-medias\\\/\"},\"author\":{\"name\":\"Thilo Von Pape\",\"@id\":\"https:\\\/\\\/www.sfsic.org\\\/en\\\/#\\\/schema\\\/person\\\/d4734bbc3c2c67b3bf3e7b9174e23037\"},\"headline\":\"Ma\u00eetre-assistant-e en Sciences de la communication &amp; des m\u00e9dias\",\"datePublished\":\"2026-04-28T08:29:21+00:00\",\"dateModified\":\"2026-04-28T08:29:22+00:00\",\"mainEntityOfPage\":{\"@id\":\"https:\\\/\\\/www.sfsic.org\\\/en\\\/emplois\\\/maitre-assistant-e-en-sciences-de-la-communication-des-medias\\\/\"},\"wordCount\":746,\"publisher\":{\"@id\":\"https:\\\/\\\/www.sfsic.org\\\/en\\\/#organization\"},\"image\":{\"@id\":\"https:\\\/\\\/www.sfsic.org\\\/en\\\/emplois\\\/maitre-assistant-e-en-sciences-de-la-communication-des-medias\\\/#primaryimage\"},\"thumbnailUrl\":\"https:\\\/\\\/www.sfsic.org\\\/wp-inside\\\/uploads\\\/skp-membership\\\/demande_adh\\\/logo-universite-fribourg-suisse-320x320.png\",\"keywords\":[\"Emploi\",\"Journalisme\",\"M\u00e9thodologie\"],\"articleSection\":[\"Emploi\",\"Emplois\"],\"inLanguage\":\"en-US\"},{\"@type\":\"WebPage\",\"@id\":\"https:\\\/\\\/www.sfsic.org\\\/en\\\/emplois\\\/maitre-assistant-e-en-sciences-de-la-communication-des-medias\\\/\",\"url\":\"https:\\\/\\\/www.sfsic.org\\\/en\\\/emplois\\\/maitre-assistant-e-en-sciences-de-la-communication-des-medias\\\/\",\"name\":\"Ma\u00eetre-assistant-e en Sciences de la communication &amp; des m\u00e9dias\",\"isPartOf\":{\"@id\":\"https:\\\/\\\/www.sfsic.org\\\/en\\\/#website\"},\"primaryImageOfPage\":{\"@id\":\"https:\\\/\\\/www.sfsic.org\\\/en\\\/emplois\\\/maitre-assistant-e-en-sciences-de-la-communication-des-medias\\\/#primaryimage\"},\"image\":{\"@id\":\"https:\\\/\\\/www.sfsic.org\\\/en\\\/emplois\\\/maitre-assistant-e-en-sciences-de-la-communication-des-medias\\\/#primaryimage\"},\"thumbnailUrl\":\"https:\\\/\\\/www.sfsic.org\\\/wp-inside\\\/uploads\\\/skp-membership\\\/demande_adh\\\/logo-universite-fribourg-suisse-320x320.png\",\"datePublished\":\"2026-04-28T08:29:21+00:00\",\"dateModified\":\"2026-04-28T08:29:22+00:00\",\"description\":\"L'universit\u00e9 de Fribourg propose un poste de ma\u00eetre-assistant\u00b7e (40\u201350%) combinant enseignement, encadrement et recherche, dans un environnement interdisciplinaire avec d\u2019excellentes conditions de travail (flexibilit\u00e9, salaire comp\u00e9titif, perspectives d\u2019\u00e9volution du taux). Contrat initial d\u2019un an prolongeable jusqu\u2019\u00e0 cinq ans, destin\u00e9 \u00e0 un\u00b7e candidat\u00b7e titulaire d\u2019un doctorat en communication (ou proche) avec solides comp\u00e9tences m\u00e9thodologiques et excellente ma\u00eetrise du fran\u00e7ais.\",\"breadcrumb\":{\"@id\":\"https:\\\/\\\/www.sfsic.org\\\/en\\\/emplois\\\/maitre-assistant-e-en-sciences-de-la-communication-des-medias\\\/#breadcrumb\"},\"inLanguage\":\"en-US\",\"potentialAction\":[{\"@type\":\"ReadAction\",\"target\":[\"https:\\\/\\\/www.sfsic.org\\\/en\\\/emplois\\\/maitre-assistant-e-en-sciences-de-la-communication-des-medias\\\/\"]}]},{\"@type\":\"ImageObject\",\"inLanguage\":\"en-US\",\"@id\":\"https:\\\/\\\/www.sfsic.org\\\/en\\\/emplois\\\/maitre-assistant-e-en-sciences-de-la-communication-des-medias\\\/#primaryimage\",\"url\":\"https:\\\/\\\/www.sfsic.org\\\/wp-inside\\\/uploads\\\/skp-membership\\\/demande_adh\\\/logo-universite-fribourg-suisse-320x320.png\",\"contentUrl\":\"https:\\\/\\\/www.sfsic.org\\\/wp-inside\\\/uploads\\\/skp-membership\\\/demande_adh\\\/logo-universite-fribourg-suisse-320x320.png\"},{\"@type\":\"BreadcrumbList\",\"@id\":\"https:\\\/\\\/www.sfsic.org\\\/en\\\/emplois\\\/maitre-assistant-e-en-sciences-de-la-communication-des-medias\\\/#breadcrumb\",\"itemListElement\":[{\"@type\":\"ListItem\",\"position\":1,\"name\":\"Accueil\",\"item\":\"https:\\\/\\\/www.sfsic.org\\\/en\\\/\"},{\"@type\":\"ListItem\",\"position\":2,\"name\":\"Jobs\",\"item\":\"https:\\\/\\\/www.sfsic.org\\\/en\\\/jobs\\\/\"},{\"@type\":\"ListItem\",\"position\":3,\"name\":\"Job\",\"item\":\"https:\\\/\\\/www.sfsic.org\\\/en\\\/jobs\\\/job\\\/\"},{\"@type\":\"ListItem\",\"position\":4,\"name\":\"Ma\u00eetre-assistant-e en Sciences de la communication &amp; des m\u00e9dias\"}]},{\"@type\":\"WebSite\",\"@id\":\"https:\\\/\\\/www.sfsic.org\\\/en\\\/#website\",\"url\":\"https:\\\/\\\/www.sfsic.org\\\/en\\\/\",\"name\":\"SFSIC\",\"description\":\"Soci\u00e9t\u00e9 Fran\u00e7aise des Sciences de l&#039;Information &amp; de la Communication\",\"publisher\":{\"@id\":\"https:\\\/\\\/www.sfsic.org\\\/en\\\/#organization\"},\"potentialAction\":[{\"@type\":\"SearchAction\",\"target\":{\"@type\":\"EntryPoint\",\"urlTemplate\":\"https:\\\/\\\/www.sfsic.org\\\/en\\\/?s={search_term_string}\"},\"query-input\":{\"@type\":\"PropertyValueSpecification\",\"valueRequired\":true,\"valueName\":\"search_term_string\"}}],\"inLanguage\":\"en-US\"},{\"@type\":\"Organization\",\"@id\":\"https:\\\/\\\/www.sfsic.org\\\/en\\\/#organization\",\"name\":\"SFSIC\",\"url\":\"https:\\\/\\\/www.sfsic.org\\\/en\\\/\",\"logo\":{\"@type\":\"ImageObject\",\"inLanguage\":\"en-US\",\"@id\":\"https:\\\/\\\/www.sfsic.org\\\/en\\\/#\\\/schema\\\/logo\\\/image\\\/\",\"url\":\"https:\\\/\\\/www.sfsic.org\\\/wp-inside\\\/uploads\\\/2020\\\/05\\\/logo-sfsic.jpg\",\"contentUrl\":\"https:\\\/\\\/www.sfsic.org\\\/wp-inside\\\/uploads\\\/2020\\\/05\\\/logo-sfsic.jpg\",\"width\":1085,\"height\":1080,\"caption\":\"SFSIC\"},\"image\":{\"@id\":\"https:\\\/\\\/www.sfsic.org\\\/en\\\/#\\\/schema\\\/logo\\\/image\\\/\"}},{\"@type\":\"Person\",\"@id\":\"https:\\\/\\\/www.sfsic.org\\\/en\\\/#\\\/schema\\\/person\\\/d4734bbc3c2c67b3bf3e7b9174e23037\",\"name\":\"Thilo Von Pape\",\"image\":{\"@type\":\"ImageObject\",\"inLanguage\":\"en-US\",\"@id\":\"https:\\\/\\\/secure.gravatar.com\\\/avatar\\\/4540c272acfc6c70fc009f1b3ec723f4f176f4f084e6ccf1069fb403524d4e55?s=96&d=mm&r=g\",\"url\":\"https:\\\/\\\/secure.gravatar.com\\\/avatar\\\/4540c272acfc6c70fc009f1b3ec723f4f176f4f084e6ccf1069fb403524d4e55?s=96&d=mm&r=g\",\"contentUrl\":\"https:\\\/\\\/secure.gravatar.com\\\/avatar\\\/4540c272acfc6c70fc009f1b3ec723f4f176f4f084e6ccf1069fb403524d4e55?s=96&d=mm&r=g\",\"caption\":\"Thilo Von Pape\"}}]}<\/script>\n<!-- \/ Yoast SEO plugin. -->","yoast_head_json":{"title":"Ma\u00eetre-assistant-e en Sciences de la communication &amp; des m\u00e9dias","description":"L'universit\u00e9 de Fribourg propose un poste de ma\u00eetre-assistant\u00b7e (40\u201350%) combinant enseignement, encadrement et recherche, dans un environnement interdisciplinaire avec d\u2019excellentes conditions de travail (flexibilit\u00e9, salaire comp\u00e9titif, perspectives d\u2019\u00e9volution du taux). Contrat initial d\u2019un an prolongeable jusqu\u2019\u00e0 cinq ans, destin\u00e9 \u00e0 un\u00b7e candidat\u00b7e titulaire d\u2019un doctorat en communication (ou proche) avec solides comp\u00e9tences m\u00e9thodologiques et excellente ma\u00eetrise du fran\u00e7ais.","robots":{"index":"index","follow":"follow","max-snippet":"max-snippet:-1","max-image-preview":"max-image-preview:large","max-video-preview":"max-video-preview:-1"},"canonical":"https:\/\/www.sfsic.org\/en\/emplois\/maitre-assistant-e-en-sciences-de-la-communication-des-medias\/","og_locale":"en_US","og_type":"article","og_title":"Ma\u00eetre-assistant-e en Sciences de la communication &amp; des m\u00e9dias","og_description":"L'universit\u00e9 de Fribourg propose un poste de ma\u00eetre-assistant\u00b7e (40\u201350%) combinant enseignement, encadrement et recherche, dans un environnement interdisciplinaire avec d\u2019excellentes conditions de travail (flexibilit\u00e9, salaire comp\u00e9titif, perspectives d\u2019\u00e9volution du taux). Contrat initial d\u2019un an prolongeable jusqu\u2019\u00e0 cinq ans, destin\u00e9 \u00e0 un\u00b7e candidat\u00b7e titulaire d\u2019un doctorat en communication (ou proche) avec solides comp\u00e9tences m\u00e9thodologiques et excellente ma\u00eetrise du fran\u00e7ais.","og_url":"https:\/\/www.sfsic.org\/en\/emplois\/maitre-assistant-e-en-sciences-de-la-communication-des-medias\/","og_site_name":"SFSIC","article_published_time":"2026-04-28T08:29:21+00:00","article_modified_time":"2026-04-28T08:29:22+00:00","og_image":[{"url":"https:\/\/www.sfsic.org\/wp-inside\/uploads\/skp-membership\/demande_adh\/logo-universite-fribourg-suisse-320x320.png","type":"","width":"","height":""}],"author":"Thilo Von Pape","twitter_card":"summary_large_image","schema":{"@context":"https:\/\/schema.org","@graph":[{"@type":"Article","@id":"https:\/\/www.sfsic.org\/en\/emplois\/maitre-assistant-e-en-sciences-de-la-communication-des-medias\/#article","isPartOf":{"@id":"https:\/\/www.sfsic.org\/en\/emplois\/maitre-assistant-e-en-sciences-de-la-communication-des-medias\/"},"author":{"name":"Thilo Von Pape","@id":"https:\/\/www.sfsic.org\/en\/#\/schema\/person\/d4734bbc3c2c67b3bf3e7b9174e23037"},"headline":"Ma\u00eetre-assistant-e en Sciences de la communication &amp; des m\u00e9dias","datePublished":"2026-04-28T08:29:21+00:00","dateModified":"2026-04-28T08:29:22+00:00","mainEntityOfPage":{"@id":"https:\/\/www.sfsic.org\/en\/emplois\/maitre-assistant-e-en-sciences-de-la-communication-des-medias\/"},"wordCount":746,"publisher":{"@id":"https:\/\/www.sfsic.org\/en\/#organization"},"image":{"@id":"https:\/\/www.sfsic.org\/en\/emplois\/maitre-assistant-e-en-sciences-de-la-communication-des-medias\/#primaryimage"},"thumbnailUrl":"https:\/\/www.sfsic.org\/wp-inside\/uploads\/skp-membership\/demande_adh\/logo-universite-fribourg-suisse-320x320.png","keywords":["Emploi","Journalisme","M\u00e9thodologie"],"articleSection":["Emploi","Emplois"],"inLanguage":"en-US"},{"@type":"WebPage","@id":"https:\/\/www.sfsic.org\/en\/emplois\/maitre-assistant-e-en-sciences-de-la-communication-des-medias\/","url":"https:\/\/www.sfsic.org\/en\/emplois\/maitre-assistant-e-en-sciences-de-la-communication-des-medias\/","name":"Ma\u00eetre-assistant-e en Sciences de la communication &amp; des m\u00e9dias","isPartOf":{"@id":"https:\/\/www.sfsic.org\/en\/#website"},"primaryImageOfPage":{"@id":"https:\/\/www.sfsic.org\/en\/emplois\/maitre-assistant-e-en-sciences-de-la-communication-des-medias\/#primaryimage"},"image":{"@id":"https:\/\/www.sfsic.org\/en\/emplois\/maitre-assistant-e-en-sciences-de-la-communication-des-medias\/#primaryimage"},"thumbnailUrl":"https:\/\/www.sfsic.org\/wp-inside\/uploads\/skp-membership\/demande_adh\/logo-universite-fribourg-suisse-320x320.png","datePublished":"2026-04-28T08:29:21+00:00","dateModified":"2026-04-28T08:29:22+00:00","description":"L'universit\u00e9 de Fribourg propose un poste de ma\u00eetre-assistant\u00b7e (40\u201350%) combinant enseignement, encadrement et recherche, dans un environnement interdisciplinaire avec d\u2019excellentes conditions de travail (flexibilit\u00e9, salaire comp\u00e9titif, perspectives d\u2019\u00e9volution du taux). Contrat initial d\u2019un an prolongeable jusqu\u2019\u00e0 cinq ans, destin\u00e9 \u00e0 un\u00b7e candidat\u00b7e titulaire d\u2019un doctorat en communication (ou proche) avec solides comp\u00e9tences m\u00e9thodologiques et excellente ma\u00eetrise du fran\u00e7ais.","breadcrumb":{"@id":"https:\/\/www.sfsic.org\/en\/emplois\/maitre-assistant-e-en-sciences-de-la-communication-des-medias\/#breadcrumb"},"inLanguage":"en-US","potentialAction":[{"@type":"ReadAction","target":["https:\/\/www.sfsic.org\/en\/emplois\/maitre-assistant-e-en-sciences-de-la-communication-des-medias\/"]}]},{"@type":"ImageObject","inLanguage":"en-US","@id":"https:\/\/www.sfsic.org\/en\/emplois\/maitre-assistant-e-en-sciences-de-la-communication-des-medias\/#primaryimage","url":"https:\/\/www.sfsic.org\/wp-inside\/uploads\/skp-membership\/demande_adh\/logo-universite-fribourg-suisse-320x320.png","contentUrl":"https:\/\/www.sfsic.org\/wp-inside\/uploads\/skp-membership\/demande_adh\/logo-universite-fribourg-suisse-320x320.png"},{"@type":"BreadcrumbList","@id":"https:\/\/www.sfsic.org\/en\/emplois\/maitre-assistant-e-en-sciences-de-la-communication-des-medias\/#breadcrumb","itemListElement":[{"@type":"ListItem","position":1,"name":"Accueil","item":"https:\/\/www.sfsic.org\/en\/"},{"@type":"ListItem","position":2,"name":"Jobs","item":"https:\/\/www.sfsic.org\/en\/jobs\/"},{"@type":"ListItem","position":3,"name":"Job","item":"https:\/\/www.sfsic.org\/en\/jobs\/job\/"},{"@type":"ListItem","position":4,"name":"Ma\u00eetre-assistant-e en Sciences de la communication &amp; des m\u00e9dias"}]},{"@type":"WebSite","@id":"https:\/\/www.sfsic.org\/en\/#website","url":"https:\/\/www.sfsic.org\/en\/","name":"SFSIC","description":"Soci\u00e9t\u00e9 Fran\u00e7aise des Sciences de l&#039;Information &amp; de la Communication","publisher":{"@id":"https:\/\/www.sfsic.org\/en\/#organization"},"potentialAction":[{"@type":"SearchAction","target":{"@type":"EntryPoint","urlTemplate":"https:\/\/www.sfsic.org\/en\/?s={search_term_string}"},"query-input":{"@type":"PropertyValueSpecification","valueRequired":true,"valueName":"search_term_string"}}],"inLanguage":"en-US"},{"@type":"Organization","@id":"https:\/\/www.sfsic.org\/en\/#organization","name":"SFSIC","url":"https:\/\/www.sfsic.org\/en\/","logo":{"@type":"ImageObject","inLanguage":"en-US","@id":"https:\/\/www.sfsic.org\/en\/#\/schema\/logo\/image\/","url":"https:\/\/www.sfsic.org\/wp-inside\/uploads\/2020\/05\/logo-sfsic.jpg","contentUrl":"https:\/\/www.sfsic.org\/wp-inside\/uploads\/2020\/05\/logo-sfsic.jpg","width":1085,"height":1080,"caption":"SFSIC"},"image":{"@id":"https:\/\/www.sfsic.org\/en\/#\/schema\/logo\/image\/"}},{"@type":"Person","@id":"https:\/\/www.sfsic.org\/en\/#\/schema\/person\/d4734bbc3c2c67b3bf3e7b9174e23037","name":"Thilo Von Pape","image":{"@type":"ImageObject","inLanguage":"en-US","@id":"https:\/\/secure.gravatar.com\/avatar\/4540c272acfc6c70fc009f1b3ec723f4f176f4f084e6ccf1069fb403524d4e55?s=96&d=mm&r=g","url":"https:\/\/secure.gravatar.com\/avatar\/4540c272acfc6c70fc009f1b3ec723f4f176f4f084e6ccf1069fb403524d4e55?s=96&d=mm&r=g","contentUrl":"https:\/\/secure.gravatar.com\/avatar\/4540c272acfc6c70fc009f1b3ec723f4f176f4f084e6ccf1069fb403524d4e55?s=96&d=mm&r=g","caption":"Thilo Von Pape"}}]}},"_links":{"self":[{"href":"https:\/\/www.sfsic.org\/en\/wp-json\/wp\/v2\/posts\/36004","targetHints":{"allow":["GET"]}}],"collection":[{"href":"https:\/\/www.sfsic.org\/en\/wp-json\/wp\/v2\/posts"}],"about":[{"href":"https:\/\/www.sfsic.org\/en\/wp-json\/wp\/v2\/types\/post"}],"author":[{"embeddable":true,"href":"https:\/\/www.sfsic.org\/en\/wp-json\/wp\/v2\/users\/914"}],"replies":[{"embeddable":true,"href":"https:\/\/www.sfsic.org\/en\/wp-json\/wp\/v2\/comments?post=36004"}],"version-history":[{"count":2,"href":"https:\/\/www.sfsic.org\/en\/wp-json\/wp\/v2\/posts\/36004\/revisions"}],"predecessor-version":[{"id":36034,"href":"https:\/\/www.sfsic.org\/en\/wp-json\/wp\/v2\/posts\/36004\/revisions\/36034"}],"wp:attachment":[{"href":"https:\/\/www.sfsic.org\/en\/wp-json\/wp\/v2\/media?parent=36004"}],"wp:term":[{"taxonomy":"category","embeddable":true,"href":"https:\/\/www.sfsic.org\/en\/wp-json\/wp\/v2\/categories?post=36004"},{"taxonomy":"post_tag","embeddable":true,"href":"https:\/\/www.sfsic.org\/en\/wp-json\/wp\/v2\/tags?post=36004"},{"taxonomy":"thematique","embeddable":true,"href":"https:\/\/www.sfsic.org\/en\/wp-json\/wp\/v2\/thematique?post=36004"},{"taxonomy":"sfsic","embeddable":true,"href":"https:\/\/www.sfsic.org\/en\/wp-json\/wp\/v2\/sfsic?post=36004"}],"curies":[{"name":"wp","href":"https:\/\/api.w.org\/{rel}","templated":true}]}}