{"id":33920,"date":"2025-05-05T23:21:52","date_gmt":"2025-05-05T21:21:52","guid":{"rendered":"https:\/\/www.sfsic.org\/?p=33920"},"modified":"2026-02-02T22:01:54","modified_gmt":"2026-02-02T21:01:54","slug":"un-magnifique-congres-et-des-elections-rejoignez-la-future-equipe-du-conseil-dadministration-de-la-sfsic-2025-2027","status":"publish","type":"post","link":"https:\/\/www.sfsic.org\/en\/edito\/un-magnifique-congres-et-des-elections-rejoignez-la-future-equipe-du-conseil-dadministration-de-la-sfsic-2025-2027\/","title":{"rendered":"Un magnifique Congr\u00e8s et des \u00e9lections"},"content":{"rendered":"<p><!-- fxzn:singledetail --><\/p>\n<div class=\"zone zn-singledetail\" id=\"fxzn-singledetail-1\">\n<div class=\"zone-block zn-singledetail-block alignwide va-top\">\n<div class=\"row\">\n<div class=\"columns large-8 large-push-4\">\n<div class=\"zn-singledetail-metabox\">\n<div class=\"zn-singledetail-pubdate pubdate\">\n\t\t\t\t\t<span class=\"pubdate-txt\">Mis en ligne le<\/span><span class=\"doubledot\"><\/span> 5 mai 2025\t\t\t\t<\/div>\n<\/p><\/div>\n<\/p><\/div>\n<\/p><\/div>\n<div class=\"row\">\n<div class=\"columns large-4\">\n<div class=\"zn-singledetail-sidebar bg-cornersquares\">\n<div class=\"zn-singledetail-infos\"><\/div>\n<div class=\"zn-singledetail-contacts\">\n<h3 class=\"zn-singledetail-section-title\">Contacts<\/h3>\n<ul class=\"zn-singledetail-contacts-list\">\n<li class=\"zn-singledetail-contact\">\n\t\t\t\t\t\t\t<span class=\"zn-singledetail-contact-name\">Sylvie Alemanno<\/span><span class=\"doubledot\"><\/span><br \/>\n\t\t\t\t\t\t\t\t\t\t\t\t\t\t<a class=\"zn-singledetail-contact-mail prettylink\" href=\"mailto:presidence@sfsic.org\">presidence@sfsic.org<\/a>\n\t\t\t\t\t\t\t\t\t\t\t\t\t<\/li>\n<\/ul><\/div>\n<\/p><\/div>\n<\/p><\/div>\n<div class=\"columns large-8\">\n<div class=\"zn-singledetail-contentbox\">\n<div class=\"zn-singledetail-annonce wig-content\">\n<p style=\"font-weight: 400\">Cher-es adh\u00e9rents,<\/p>\n<p style=\"font-weight: 400\"><strong>Le congr\u00e8s<\/strong> est d\u00e9sormais finalis\u00e9&#160;: Comme nous avons pu vous l\u2019annoncer, <a href=\"https:\/\/www.sfsic.org\/evenements-sfsic\/congres-sfsic\/\">le programme<\/a> et l\u2019organisation du congr\u00e8s sont d\u00e9sormais en ligne. Nombre d\u2019\u00e9v\u00e8nements associ\u00e9s aux congr\u00e8s ne manqueront pas de vous passionner, tels que Arts\u00b7SIC\u00b7Culture et son programme sp\u00e9cifique, le prix de th\u00e8se, les panels th\u00e9matiques, ainsi que les pr\u00e9sentations <a href=\"https:\/\/www.sfsic.org\/sfsic-association-information-communication\/groupes-detudes-et-de-recherche\/\">des groupes d\u2019\u00e9tude et de recherche<\/a> (GER). Pensez \u00e0 vous inscrire et \u00e0 adh\u00e9rer \u00e0 la SFSIC pour profiter de ce Congr\u00e8s 2025 en partenariat avec le laboratoire Prefics et l\u2019Universit\u00e9 Rennes 2.<\/p>\n<p style=\"font-weight: 400\"><strong>Les \u00e9lections<\/strong> de la moiti\u00e9 des membres du CA auront lieu <strong>le mercredi 18 juin<\/strong> (voir fin de la page 13 du programme). Nous vous invitons \u00e0 venir nous rejoindre pour participer plus activement encore \u00e0 la construction de la discipline.<\/p>\n<p style=\"font-weight: 400\">Nous vous incitons \u00e9galement \u00e0 poser votre candidature en vous projetant dans l\u2019une ou l\u2019autre des activit\u00e9s des commissions&#160;: <a href=\"https:\/\/www.sfsic.org\/sfsic-association-information-communication\/\">les principes d\u2019action, les r\u00e9alisations, le fonctionnement des commissions<\/a> (recherche, relation professionnelle, relations internationales, Communication et valorisation) vous en donnent des cl\u00e9s de compr\u00e9hension. Posez votre candidature pour nous proposer votre appui, il est essentiel \u00e0 nos activit\u00e9s et leur valorisation, notamment \u00e0 travers la gestion de notre site, la plateforme scienceConf, nos r\u00e9seaux sociaux, nos collections HAL et nos autres outils num\u00e9riques.<\/p>\n<p style=\"font-weight: 400\">Envoyez vos candidatures d\u00e8s aujourd\u2019hui et avant le 28 mai (18h) \u00e0 <a href=\"mailto:secretariat-general@sfsic.org\">secretariat-general@sfsic.org<\/a><\/p>\n<p style=\"font-weight: 400\">Pour candidater, vous devez \u00eatre adh\u00e9rent et inscrit dans la discipline des SIC. Les candidat.e.s \u00a0limiteront leur candidature \u00e0 2 pages maximum. Chaque candidature sera publi\u00e9e sur le site de la SFSIC. Les candidat.e.s seront invit\u00e9.e.s \u00e0 se pr\u00e9senter oralement lors de la session \u00ab&#160;\u00c9lections&#160;\u00bb lors de l\u2019assembl\u00e9e g\u00e9n\u00e9rale.<\/p>\n<p style=\"font-weight: 400\"><strong>Une<\/strong><strong> journ\u00e9e<\/strong> organis\u00e9e par la <a href=\"https:\/\/www.sfsic.org\/sfsic-association-information-communication\/commission-relations-professionnelles\/\">Vice-pr\u00e9sidence des relations professionnelles<\/a> r\u00e9unira au Cnam (amphi Gaston Plant\u00e9), le mercredi 4 juin 2025, des associations de professionnels de la communication, des \u00e9tudiants, des enseignants-chercheurs et des repr\u00e9sentant de la SFSIC. Nous \u00e9changerons sur les relations qui nous lient et celles encore \u00e0 construire. (contact&#160;: <a href=\"mailto:vp-rp@sfsic.org\">vp-rp@sfsic.org<\/a>)<\/p>\n<p style=\"font-weight: 400\">Salutations cordiales \u00e0 toute la communaut\u00e9<\/p>\n<p style=\"font-weight: 400\">Sylvie Alemanno<\/p>\n<p style=\"font-weight: 400\">Pr\u00e9sidente de la SFSIC<\/p>\n<p style=\"font-weight: 400\">Pour le bureau et le CA de la SFSIC<\/p>\n<\/p><\/div>\n<div class=\"zn-singledetail-keywords\">\n<h3 class=\"zn-singledetail-section-title\">Mots-cl\u00e9s<\/h3>\n<ul class=\"termslist termslist-post_tag\">\n<li class=\"termslist-item termslist-title\"><span class=\"termslist-titletxt\">Mots-cl\u00e9s<\/span><span class=\"doubledot\"><\/span><\/li>\n<li class=\"termslist-item tax-post_tag term-congres\"><a class=\"termslist-itemlink\" href=\"https:\/\/www.sfsic.org\/tag\/congres\/\" title=\"Congr\u00e8s\"><span class=\"termslist-itemname\">Congr\u00e8s<\/span><\/a><\/li>\n<li class=\"termslist-item tax-post_tag term-conseil-dadministration\"><a class=\"termslist-itemlink\" href=\"https:\/\/www.sfsic.org\/tag\/conseil-dadministration\/\" title=\"Conseil d'administration\"><span class=\"termslist-itemname\">Conseil d&#8217;administration<\/span><\/a><\/li>\n<li class=\"termslist-item tax-post_tag term-election\"><a class=\"termslist-itemlink\" href=\"https:\/\/www.sfsic.org\/tag\/election\/\" title=\"Election\"><span class=\"termslist-itemname\">Election<\/span><\/a><\/li>\n<\/ul><\/div>\n<\/p><\/div>\n<\/p><\/div>\n<\/p><\/div>\n<\/p><\/div>\n<\/div>\n<p><!-- \/fxzn:singledetail --><\/p>\n","protected":false},"excerpt":{"rendered":"<p>Mis en ligne le 5 mai 2025 Contacts Sylvie Alemanno presidence@sfsic.org Cher-es adh\u00e9rents, Le congr\u00e8s est d\u00e9sormais finalis\u00e9&#160;: Comme nous avons pu vous l\u2019annoncer, le programme et l\u2019organisation du congr\u00e8s [&hellip;]<\/p>\n","protected":false},"author":957,"featured_media":0,"comment_status":"closed","ping_status":"closed","sticky":false,"template":"","format":"standard","meta":{"_acf_changed":false,"footnotes":""},"categories":[33],"tags":[97,154,156],"thematique":[],"sfsic":[26],"class_list":["post-33920","post","type-post","status-publish","format-standard","hentry","category-edito","tag-congres","tag-conseil-dadministration","tag-election","sfsic-actualites","wp-sticky"],"acf":[],"yoast_head":"<!-- This site is optimized with the Yoast SEO plugin v27.4 - https:\/\/yoast.com\/product\/yoast-seo-wordpress\/ -->\n<title>Un magnifique Congr\u00e8s et des \u00e9lections<\/title>\n<meta name=\"description\" content=\"Les \u00e9lections de la moiti\u00e9 des membres du CA auront lieu le mercredi 18 juin\" \/>\n<meta name=\"robots\" content=\"index, follow, max-snippet:-1, max-image-preview:large, max-video-preview:-1\" \/>\n<link rel=\"canonical\" href=\"https:\/\/www.sfsic.org\/en\/edito\/un-magnifique-congres-et-des-elections-rejoignez-la-future-equipe-du-conseil-dadministration-de-la-sfsic-2025-2027\/\" \/>\n<meta property=\"og:locale\" content=\"en_US\" \/>\n<meta property=\"og:type\" content=\"article\" \/>\n<meta property=\"og:title\" content=\"Un magnifique Congr\u00e8s et des \u00e9lections\" \/>\n<meta property=\"og:description\" content=\"Les \u00e9lections de la moiti\u00e9 des membres du CA auront lieu le mercredi 18 juin\" \/>\n<meta property=\"og:url\" content=\"https:\/\/www.sfsic.org\/en\/edito\/un-magnifique-congres-et-des-elections-rejoignez-la-future-equipe-du-conseil-dadministration-de-la-sfsic-2025-2027\/\" \/>\n<meta property=\"og:site_name\" content=\"SFSIC\" \/>\n<meta property=\"article:published_time\" content=\"2025-05-05T21:21:52+00:00\" \/>\n<meta property=\"article:modified_time\" content=\"2026-02-02T21:01:54+00:00\" \/>\n<meta name=\"author\" content=\"Fabien Bonnet\" \/>\n<meta name=\"twitter:card\" content=\"summary_large_image\" \/>\n<script type=\"application\/ld+json\" class=\"yoast-schema-graph\">{\"@context\":\"https:\\\/\\\/schema.org\",\"@graph\":[{\"@type\":\"Article\",\"@id\":\"https:\\\/\\\/www.sfsic.org\\\/en\\\/edito\\\/un-magnifique-congres-et-des-elections-rejoignez-la-future-equipe-du-conseil-dadministration-de-la-sfsic-2025-2027\\\/#article\",\"isPartOf\":{\"@id\":\"https:\\\/\\\/www.sfsic.org\\\/en\\\/edito\\\/un-magnifique-congres-et-des-elections-rejoignez-la-future-equipe-du-conseil-dadministration-de-la-sfsic-2025-2027\\\/\"},\"author\":{\"name\":\"Fabien Bonnet\",\"@id\":\"https:\\\/\\\/www.sfsic.org\\\/en\\\/#\\\/schema\\\/person\\\/9f83573bda33f40c68c7c826e9567df6\"},\"headline\":\"Un magnifique Congr\u00e8s et des \u00e9lections\",\"datePublished\":\"2025-05-05T21:21:52+00:00\",\"dateModified\":\"2026-02-02T21:01:54+00:00\",\"mainEntityOfPage\":{\"@id\":\"https:\\\/\\\/www.sfsic.org\\\/en\\\/edito\\\/un-magnifique-congres-et-des-elections-rejoignez-la-future-equipe-du-conseil-dadministration-de-la-sfsic-2025-2027\\\/\"},\"wordCount\":405,\"publisher\":{\"@id\":\"https:\\\/\\\/www.sfsic.org\\\/en\\\/#organization\"},\"keywords\":[\"Congr\u00e8s\",\"Conseil d'administration\",\"Election\"],\"articleSection\":[\"\u00c9ditos\"],\"inLanguage\":\"en-US\"},{\"@type\":\"WebPage\",\"@id\":\"https:\\\/\\\/www.sfsic.org\\\/en\\\/edito\\\/un-magnifique-congres-et-des-elections-rejoignez-la-future-equipe-du-conseil-dadministration-de-la-sfsic-2025-2027\\\/\",\"url\":\"https:\\\/\\\/www.sfsic.org\\\/en\\\/edito\\\/un-magnifique-congres-et-des-elections-rejoignez-la-future-equipe-du-conseil-dadministration-de-la-sfsic-2025-2027\\\/\",\"name\":\"Un magnifique Congr\u00e8s et des \u00e9lections\",\"isPartOf\":{\"@id\":\"https:\\\/\\\/www.sfsic.org\\\/en\\\/#website\"},\"datePublished\":\"2025-05-05T21:21:52+00:00\",\"dateModified\":\"2026-02-02T21:01:54+00:00\",\"description\":\"Les \u00e9lections de la moiti\u00e9 des membres du CA auront lieu le mercredi 18 juin\",\"breadcrumb\":{\"@id\":\"https:\\\/\\\/www.sfsic.org\\\/en\\\/edito\\\/un-magnifique-congres-et-des-elections-rejoignez-la-future-equipe-du-conseil-dadministration-de-la-sfsic-2025-2027\\\/#breadcrumb\"},\"inLanguage\":\"en-US\",\"potentialAction\":[{\"@type\":\"ReadAction\",\"target\":[\"https:\\\/\\\/www.sfsic.org\\\/en\\\/edito\\\/un-magnifique-congres-et-des-elections-rejoignez-la-future-equipe-du-conseil-dadministration-de-la-sfsic-2025-2027\\\/\"]}]},{\"@type\":\"BreadcrumbList\",\"@id\":\"https:\\\/\\\/www.sfsic.org\\\/en\\\/edito\\\/un-magnifique-congres-et-des-elections-rejoignez-la-future-equipe-du-conseil-dadministration-de-la-sfsic-2025-2027\\\/#breadcrumb\",\"itemListElement\":[{\"@type\":\"ListItem\",\"position\":1,\"name\":\"Accueil\",\"item\":\"https:\\\/\\\/www.sfsic.org\\\/en\\\/\"},{\"@type\":\"ListItem\",\"position\":2,\"name\":\"Editorial\",\"item\":\"https:\\\/\\\/www.sfsic.org\\\/en\\\/editorial\\\/\"},{\"@type\":\"ListItem\",\"position\":3,\"name\":\"Un magnifique Congr\u00e8s et des \u00e9lections\"}]},{\"@type\":\"WebSite\",\"@id\":\"https:\\\/\\\/www.sfsic.org\\\/en\\\/#website\",\"url\":\"https:\\\/\\\/www.sfsic.org\\\/en\\\/\",\"name\":\"SFSIC\",\"description\":\"Soci\u00e9t\u00e9 Fran\u00e7aise des Sciences de l&#039;Information &amp; de la Communication\",\"publisher\":{\"@id\":\"https:\\\/\\\/www.sfsic.org\\\/en\\\/#organization\"},\"potentialAction\":[{\"@type\":\"SearchAction\",\"target\":{\"@type\":\"EntryPoint\",\"urlTemplate\":\"https:\\\/\\\/www.sfsic.org\\\/en\\\/?s={search_term_string}\"},\"query-input\":{\"@type\":\"PropertyValueSpecification\",\"valueRequired\":true,\"valueName\":\"search_term_string\"}}],\"inLanguage\":\"en-US\"},{\"@type\":\"Organization\",\"@id\":\"https:\\\/\\\/www.sfsic.org\\\/en\\\/#organization\",\"name\":\"SFSIC\",\"url\":\"https:\\\/\\\/www.sfsic.org\\\/en\\\/\",\"logo\":{\"@type\":\"ImageObject\",\"inLanguage\":\"en-US\",\"@id\":\"https:\\\/\\\/www.sfsic.org\\\/en\\\/#\\\/schema\\\/logo\\\/image\\\/\",\"url\":\"https:\\\/\\\/www.sfsic.org\\\/wp-inside\\\/uploads\\\/2020\\\/05\\\/logo-sfsic.jpg\",\"contentUrl\":\"https:\\\/\\\/www.sfsic.org\\\/wp-inside\\\/uploads\\\/2020\\\/05\\\/logo-sfsic.jpg\",\"width\":1085,\"height\":1080,\"caption\":\"SFSIC\"},\"image\":{\"@id\":\"https:\\\/\\\/www.sfsic.org\\\/en\\\/#\\\/schema\\\/logo\\\/image\\\/\"}},{\"@type\":\"Person\",\"@id\":\"https:\\\/\\\/www.sfsic.org\\\/en\\\/#\\\/schema\\\/person\\\/9f83573bda33f40c68c7c826e9567df6\",\"name\":\"Fabien Bonnet\",\"image\":{\"@type\":\"ImageObject\",\"inLanguage\":\"en-US\",\"@id\":\"https:\\\/\\\/secure.gravatar.com\\\/avatar\\\/88a9288fc13369cb9e30359afa340f8adace82098c18ff09415c6dacd710ddc4?s=96&d=mm&r=g\",\"url\":\"https:\\\/\\\/secure.gravatar.com\\\/avatar\\\/88a9288fc13369cb9e30359afa340f8adace82098c18ff09415c6dacd710ddc4?s=96&d=mm&r=g\",\"contentUrl\":\"https:\\\/\\\/secure.gravatar.com\\\/avatar\\\/88a9288fc13369cb9e30359afa340f8adace82098c18ff09415c6dacd710ddc4?s=96&d=mm&r=g\",\"caption\":\"Fabien Bonnet\"}}]}<\/script>\n<!-- \/ Yoast SEO plugin. -->","yoast_head_json":{"title":"Un magnifique Congr\u00e8s et des \u00e9lections","description":"Les \u00e9lections de la moiti\u00e9 des membres du CA auront lieu le mercredi 18 juin","robots":{"index":"index","follow":"follow","max-snippet":"max-snippet:-1","max-image-preview":"max-image-preview:large","max-video-preview":"max-video-preview:-1"},"canonical":"https:\/\/www.sfsic.org\/en\/edito\/un-magnifique-congres-et-des-elections-rejoignez-la-future-equipe-du-conseil-dadministration-de-la-sfsic-2025-2027\/","og_locale":"en_US","og_type":"article","og_title":"Un magnifique Congr\u00e8s et des \u00e9lections","og_description":"Les \u00e9lections de la moiti\u00e9 des membres du CA auront lieu le mercredi 18 juin","og_url":"https:\/\/www.sfsic.org\/en\/edito\/un-magnifique-congres-et-des-elections-rejoignez-la-future-equipe-du-conseil-dadministration-de-la-sfsic-2025-2027\/","og_site_name":"SFSIC","article_published_time":"2025-05-05T21:21:52+00:00","article_modified_time":"2026-02-02T21:01:54+00:00","author":"Fabien Bonnet","twitter_card":"summary_large_image","schema":{"@context":"https:\/\/schema.org","@graph":[{"@type":"Article","@id":"https:\/\/www.sfsic.org\/en\/edito\/un-magnifique-congres-et-des-elections-rejoignez-la-future-equipe-du-conseil-dadministration-de-la-sfsic-2025-2027\/#article","isPartOf":{"@id":"https:\/\/www.sfsic.org\/en\/edito\/un-magnifique-congres-et-des-elections-rejoignez-la-future-equipe-du-conseil-dadministration-de-la-sfsic-2025-2027\/"},"author":{"name":"Fabien Bonnet","@id":"https:\/\/www.sfsic.org\/en\/#\/schema\/person\/9f83573bda33f40c68c7c826e9567df6"},"headline":"Un magnifique Congr\u00e8s et des \u00e9lections","datePublished":"2025-05-05T21:21:52+00:00","dateModified":"2026-02-02T21:01:54+00:00","mainEntityOfPage":{"@id":"https:\/\/www.sfsic.org\/en\/edito\/un-magnifique-congres-et-des-elections-rejoignez-la-future-equipe-du-conseil-dadministration-de-la-sfsic-2025-2027\/"},"wordCount":405,"publisher":{"@id":"https:\/\/www.sfsic.org\/en\/#organization"},"keywords":["Congr\u00e8s","Conseil d'administration","Election"],"articleSection":["\u00c9ditos"],"inLanguage":"en-US"},{"@type":"WebPage","@id":"https:\/\/www.sfsic.org\/en\/edito\/un-magnifique-congres-et-des-elections-rejoignez-la-future-equipe-du-conseil-dadministration-de-la-sfsic-2025-2027\/","url":"https:\/\/www.sfsic.org\/en\/edito\/un-magnifique-congres-et-des-elections-rejoignez-la-future-equipe-du-conseil-dadministration-de-la-sfsic-2025-2027\/","name":"Un magnifique Congr\u00e8s et des \u00e9lections","isPartOf":{"@id":"https:\/\/www.sfsic.org\/en\/#website"},"datePublished":"2025-05-05T21:21:52+00:00","dateModified":"2026-02-02T21:01:54+00:00","description":"Les \u00e9lections de la moiti\u00e9 des membres du CA auront lieu le mercredi 18 juin","breadcrumb":{"@id":"https:\/\/www.sfsic.org\/en\/edito\/un-magnifique-congres-et-des-elections-rejoignez-la-future-equipe-du-conseil-dadministration-de-la-sfsic-2025-2027\/#breadcrumb"},"inLanguage":"en-US","potentialAction":[{"@type":"ReadAction","target":["https:\/\/www.sfsic.org\/en\/edito\/un-magnifique-congres-et-des-elections-rejoignez-la-future-equipe-du-conseil-dadministration-de-la-sfsic-2025-2027\/"]}]},{"@type":"BreadcrumbList","@id":"https:\/\/www.sfsic.org\/en\/edito\/un-magnifique-congres-et-des-elections-rejoignez-la-future-equipe-du-conseil-dadministration-de-la-sfsic-2025-2027\/#breadcrumb","itemListElement":[{"@type":"ListItem","position":1,"name":"Accueil","item":"https:\/\/www.sfsic.org\/en\/"},{"@type":"ListItem","position":2,"name":"Editorial","item":"https:\/\/www.sfsic.org\/en\/editorial\/"},{"@type":"ListItem","position":3,"name":"Un magnifique Congr\u00e8s et des \u00e9lections"}]},{"@type":"WebSite","@id":"https:\/\/www.sfsic.org\/en\/#website","url":"https:\/\/www.sfsic.org\/en\/","name":"SFSIC","description":"Soci\u00e9t\u00e9 Fran\u00e7aise des Sciences de l&#039;Information &amp; de la Communication","publisher":{"@id":"https:\/\/www.sfsic.org\/en\/#organization"},"potentialAction":[{"@type":"SearchAction","target":{"@type":"EntryPoint","urlTemplate":"https:\/\/www.sfsic.org\/en\/?s={search_term_string}"},"query-input":{"@type":"PropertyValueSpecification","valueRequired":true,"valueName":"search_term_string"}}],"inLanguage":"en-US"},{"@type":"Organization","@id":"https:\/\/www.sfsic.org\/en\/#organization","name":"SFSIC","url":"https:\/\/www.sfsic.org\/en\/","logo":{"@type":"ImageObject","inLanguage":"en-US","@id":"https:\/\/www.sfsic.org\/en\/#\/schema\/logo\/image\/","url":"https:\/\/www.sfsic.org\/wp-inside\/uploads\/2020\/05\/logo-sfsic.jpg","contentUrl":"https:\/\/www.sfsic.org\/wp-inside\/uploads\/2020\/05\/logo-sfsic.jpg","width":1085,"height":1080,"caption":"SFSIC"},"image":{"@id":"https:\/\/www.sfsic.org\/en\/#\/schema\/logo\/image\/"}},{"@type":"Person","@id":"https:\/\/www.sfsic.org\/en\/#\/schema\/person\/9f83573bda33f40c68c7c826e9567df6","name":"Fabien Bonnet","image":{"@type":"ImageObject","inLanguage":"en-US","@id":"https:\/\/secure.gravatar.com\/avatar\/88a9288fc13369cb9e30359afa340f8adace82098c18ff09415c6dacd710ddc4?s=96&d=mm&r=g","url":"https:\/\/secure.gravatar.com\/avatar\/88a9288fc13369cb9e30359afa340f8adace82098c18ff09415c6dacd710ddc4?s=96&d=mm&r=g","contentUrl":"https:\/\/secure.gravatar.com\/avatar\/88a9288fc13369cb9e30359afa340f8adace82098c18ff09415c6dacd710ddc4?s=96&d=mm&r=g","caption":"Fabien Bonnet"}}]}},"_links":{"self":[{"href":"https:\/\/www.sfsic.org\/en\/wp-json\/wp\/v2\/posts\/33920","targetHints":{"allow":["GET"]}}],"collection":[{"href":"https:\/\/www.sfsic.org\/en\/wp-json\/wp\/v2\/posts"}],"about":[{"href":"https:\/\/www.sfsic.org\/en\/wp-json\/wp\/v2\/types\/post"}],"author":[{"embeddable":true,"href":"https:\/\/www.sfsic.org\/en\/wp-json\/wp\/v2\/users\/957"}],"replies":[{"embeddable":true,"href":"https:\/\/www.sfsic.org\/en\/wp-json\/wp\/v2\/comments?post=33920"}],"version-history":[{"count":5,"href":"https:\/\/www.sfsic.org\/en\/wp-json\/wp\/v2\/posts\/33920\/revisions"}],"predecessor-version":[{"id":34111,"href":"https:\/\/www.sfsic.org\/en\/wp-json\/wp\/v2\/posts\/33920\/revisions\/34111"}],"wp:attachment":[{"href":"https:\/\/www.sfsic.org\/en\/wp-json\/wp\/v2\/media?parent=33920"}],"wp:term":[{"taxonomy":"category","embeddable":true,"href":"https:\/\/www.sfsic.org\/en\/wp-json\/wp\/v2\/categories?post=33920"},{"taxonomy":"post_tag","embeddable":true,"href":"https:\/\/www.sfsic.org\/en\/wp-json\/wp\/v2\/tags?post=33920"},{"taxonomy":"thematique","embeddable":true,"href":"https:\/\/www.sfsic.org\/en\/wp-json\/wp\/v2\/thematique?post=33920"},{"taxonomy":"sfsic","embeddable":true,"href":"https:\/\/www.sfsic.org\/en\/wp-json\/wp\/v2\/sfsic?post=33920"}],"curies":[{"name":"wp","href":"https:\/\/api.w.org\/{rel}","templated":true}]}}