{"id":33727,"date":"2025-04-08T19:19:48","date_gmt":"2025-04-08T17:19:48","guid":{"rendered":"https:\/\/www.sfsic.org\/?p=33727"},"modified":"2025-04-08T19:19:49","modified_gmt":"2025-04-08T17:19:49","slug":"design-de-lintelligence","status":"publish","type":"post","link":"https:\/\/www.sfsic.org\/en\/aac-evenement\/design-de-lintelligence\/","title":{"rendered":"Design de l&#8217;intelligence"},"content":{"rendered":"<p><!-- fxzn:singledetail --><\/p>\n<div class=\"zone zn-singledetail\" id=\"fxzn-singledetail-1\">\n<div class=\"zone-block zn-singledetail-block alignwide va-top\">\n<div class=\"row\">\n<div class=\"columns large-8 large-push-4\">\n<div class=\"zn-singledetail-metabox\">\n<div class=\"zn-singledetail-pubdate pubdate\">\n\t\t\t\t\t<span class=\"pubdate-txt\">Mis en ligne le<\/span><span class=\"doubledot\"><\/span> 8 avril 2025\t\t\t\t<\/div>\n<div class=\"zn-singledetail-thematiques with-sep-comma\">\n<ul class=\"termslist termslist-thematique\">\n<li class=\"termslist-item termslist-title\"><span class=\"termslist-titletxt\">Th\u00e9matiques<\/span><span class=\"doubledot\"><\/span><\/li>\n<li class=\"termslist-item tax-thematique term-design\"><a class=\"termslist-itemlink\" href=\"https:\/\/www.sfsic.org\/thematiques\/design\/\" title=\"Design\"><span class=\"termslist-itemname\">Design<\/span><\/a><\/li>\n<li class=\"termslist-item tax-thematique term-numerique-strategies-dispositifs-et-usages\"><a class=\"termslist-itemlink\" href=\"https:\/\/www.sfsic.org\/thematiques\/numerique-strategies-dispositifs-et-usages\/\" title=\"Num\u00e9rique : strat\u00e9gies, dispositifs et usages\"><span class=\"termslist-itemname\">Num\u00e9rique : strat\u00e9gies, dispositifs et usages<\/span><\/a><\/li>\n<\/ul><\/div>\n<\/p><\/div>\n<\/p><\/div>\n<\/p><\/div>\n<div class=\"row\">\n<div class=\"columns large-4\">\n<div class=\"zn-singledetail-sidebar bg-cornersquares\">\n<div class=\"zn-singledetail-infos\">\n<p class=\"zn-singledetail-reponse-date\">\n\t\t\t\t\t\t<span>R\u00e9ponse attendue pour le<\/span><span class=\"doubledot\"><\/span> <strong>25\/04\/2025<\/strong>\n\t\t\t\t\t<\/p>\n<p class=\"zn-singledetail-reponse-type\">\n\t\t\t\t\t<span>Type de r\u00e9ponse<\/span><span class=\"doubledot\"><\/span> <strong>R\u00e9sum\u00e9<\/strong>\n\t\t\t\t\t<\/p>\n<p class=\"zn-singledetail-type\">\n\t\t\t\t\t\t\t<span>Type d\u2019\u00e9v\u00e9nement<\/span><span class=\"doubledot\"><\/span> <strong>Colloque<\/strong>\n\t\t\t\t\t<\/p>\n<\/p><\/div>\n<div class=\"zn-singledetail-contacts\">\n<h3 class=\"zn-singledetail-section-title\">Contacts<\/h3>\n<ul class=\"zn-singledetail-contacts-list\">\n<li class=\"zn-singledetail-contact\">\n\t\t\t\t\t\t\t<span class=\"zn-singledetail-contact-name\">Lise, Verlaet, Professeure en SIC<\/span><span class=\"doubledot\"><\/span><br \/>\n\t\t\t\t\t\t\t\t\t\t\t\t\t\t<a class=\"zn-singledetail-contact-mail prettylink\" href=\"mailto:lise.verlaet@univ-montp3.fr\">lise.verlaet@univ-montp3.fr<\/a>\n\t\t\t\t\t\t\t\t\t\t\t\t\t<\/li>\n<\/ul><\/div>\n<div class=\"zn-singledetail-weblinks\">\n<h3 class=\"zn-singledetail-section-title\">Sites internet de r\u00e9f\u00e9rence<\/h3>\n<ul class=\"zn-singledetail-weblinks-list\">\n<li>\n\t\t\t\t\t\t\t<a class=\"prettylink chainlink\" href=\"https:\/\/01design13.sciencesconf.org\/\" title=\"Modalit\u00e9s et inscription au colloque\" target=\"_blank\">ScienceConf<\/a>\n\t\t\t\t\t\t<\/li>\n<li>\n\t\t\t\t\t\t\t<a class=\"prettylink chainlink\" href=\"https:\/\/colloque-01design.numerev.com\/appels-a-contribution\/233-actes-13-design-de-l-intelligence\" title=\"D\u00e9p\u00f4t des propositions de communication\" target=\"_blank\">NumeRev<\/a>\n\t\t\t\t\t\t<\/li>\n<\/ul><\/div>\n<\/p><\/div>\n<\/p><\/div>\n<div class=\"columns large-8\">\n<div class=\"zn-singledetail-contentbox\">\n<div class=\"zn-singledetail-eventinfo\">\n<div class=\"zn-singledetail-eventinfo-inner\">\n<div class=\"zn-singledetail-eventdates\">\n\t\t\t\t\t\t<span class=\"zn-singledetail-label\">Dates de l\u2019\u00e9v\u00e9nement<span class=\"doubledot\"><\/span><\/span><\/p>\n<ul class=\"zn-singledetail-eventdates-list\">\n<li class=\"zn-singledetail-eventdates-item\">\n\t\t\t\t\t\t\t\tDu 11\/12\/2025 au 12\/12\/2025\t\t\t\t\t\t\t<\/li>\n<\/ul><\/div>\n<p class=\"zn-singledetail-eventplace\">\n\t\t\t\t\t\t<span class=\"zn-singledetail-label\">Lieu de l\u2019\u00e9v\u00e9nement<span class=\"doubledot\"><\/span><\/span><br \/>\n\t\t\t\t\t\t<a class=\"zn-singledetail-eventplace-adr\" href=\"https:\/\/01design13.sciencesconf.org\/\" title=\"\" target=\"_blank\"><\/p>\n<p>\t\t\t\t\t\t\t\t\t\t\t\t<span class=\"adr-place\">Auditorium Site St Charles 2 &#8211; Universit\u00e9 de Montpellier Paul-Val\u00e9ry<\/span>,<\/p>\n<p>\t\t\t\t\t\t<span class=\"adr-street\">71 Rue du Professeur Henri Serre <\/span>, <span class=\"adr-city\">Montpellier<\/span>\t\t\t\t\t\t<span class=\"adr-cp\">34090<\/span>, <span class=\"adr-country\">France<\/span><br \/>\n\t\t\t\t\t\t<\/a>\t\t\t\t\t<\/p>\n<\/p><\/div>\n<\/p><\/div>\n<div class=\"zn-singledetail-annonce wig-content\">\n<h2 dir=\"ltr\">Contextes et probl\u00e9matiques<\/h2>\n<p dir=\"ltr\">Les colloques 01Design visent \u00e0 confronter les mondes de la conception et du design en explorant la complexit\u00e9 des fronti\u00e8res entre la conception d\u2019objets physiques (architecture, a\u00e9ronautique, design industriel, etc.) et celle d\u2019objets num\u00e9riques ou informationnels (Internet des objets, r\u00e9alit\u00e9 augment\u00e9e, etc.). Les pr\u00e9c\u00e9dentes \u00e9ditions ont mis au jour non seulement l\u2019intrication de ses objets quant \u00e0 leurs modalit\u00e9s de production et d\u2019usage, mais aussi leur hybridation voire leur fusion pour les rendre toujours plus \u00ab&#160;intelligents&#160;\u00bb.<\/p>\n<p dir=\"ltr\">Le design est \u00e0 la fois un mode de pens\u00e9e et un processus de cr\u00e9ation, entre l\u2019intelligible et le sensible, il fait appel \u00e0 l\u2019intelligence humaine. Le design repose sur des m\u00e9thodologies de conception issues de la praxis artisanale, ing\u00e9nieriale, artistique, industrielle (\u2026) inspir\u00e9es par des recherches scientifiques (s\u00e9miologie, informatique\u2026) et de plus en plus en reliance avec elles via les d\u00e9marches cr\u00e9atives ou d\u2019innovation, les processus et techniques de production.<\/p>\n<p dir=\"ltr\">\u00c0 travers cet appel \u00e0 contribution nous souhaitons plus particuli\u00e8rement interroger le design de l\u2019intelligence \u00e0 travers plusieurs acceptions interd\u00e9pendantes. La premi\u00e8re consid\u00e8re le design de l\u2019intelligence au sens de l\u2019intellection humaine&#160;; la seconde s\u2019int\u00e9resse au design de l\u2019intelligence comme l\u2019intelligence scientifique et m\u00e9thodologique&#160;; la derni\u00e8re \u00e0 la mod\u00e9lisation et aux techniques de cr\u00e9ation, soit l\u2019intelligence du design et de la technique. Il s\u2019agit donc d\u2019interroger les enjeux du processus complet depuis l\u2019id\u00e9ation jusqu\u2019\u00e0 la cr\u00e9ation et leurs incidences sur les \u00e9cosyst\u00e8mes.<\/p>\n<p dir=\"ltr\">L\u2019intelligence, en tant qu\u2019objet de design, interroge sur la mani\u00e8re dont on con\u00e7oit et structure les processus cognitifs, qu\u2019ils soient humains, physiques, artificiels ou hybrides. Partant des approches centr\u00e9es utilisateurs ou plus sp\u00e9cifiquement de la conception centr\u00e9e sur l\u2019humain, il convient de comprendre l\u2019intellection humaine dans des cas d\u2019usage pour r\u00e9pondre non seulement \u00e0 leurs besoin et attentes sans n\u00e9gliger les ph\u00e9nom\u00e8nes li\u00e9s \u00e0 leurs \u00e9cosyst\u00e8mes pour cr\u00e9er ou simuler le r\u00e9el et concevoir des mod\u00e9lisations et artefacts encapacitants.<\/p>\n<p dir=\"ltr\">Cette nouvelle \u00e9dition entend interroger le design de l\u2019intelligence, soit la notion d\u2019intelligence dans les sciences et les technologies de la conception. Qu&rsquo;est-ce que l\u2019intelligence aujourd\u2019hui, mais aussi hier et demain&#160;? Comment s\u2019articule l\u2019intelligence humaine, les technologies de l&rsquo;intelligence et les technologies intelligentes&#160;? Quels processus de conception, de mod\u00e9lisation, de r\u00e9alisation et d\u2019usage sont convoqu\u00e9s&#160;? Lesquels fonctionnent &#8211; ou non \u2013 dans quel(s) contexte(s)&#160;? Comment les \u00e9tudier&#160;?&#8230;<\/p>\n<h2 dir=\"ltr\">Argumentaires, enjeux et perspectives<\/h2>\n<p dir=\"ltr\">Pour concevoir des artefacts dits \u00ab&#160;intelligents&#160;\u00bb, il convient donc de prendre en compte les diff\u00e9rents domaines d\u2019expression de l&rsquo;intelligence. Pour illustrer notre propos et figurer le dessein de ce colloque sur le design de l\u2019intelligence, nous pouvons nous appuyer sur les travaux de Howard Gardner sur \u00ab&#160;<em>Les intelligences multiples<\/em>&#160;\u00bb (2004), qui est une des cat\u00e9gorisations permises, pour mettre en lumi\u00e8re l\u2019articulation des intelligences humaines, scientifiques et m\u00e9thodologiques, design et techniques.<\/p>\n<p dir=\"ltr\">L\u2019intelligence linguistique, c\u2019est assur\u00e9ment l\u2019acquisition du langage qui a permis \u00e0 l\u2019humain d\u2019\u00e9voluer, que ce soit \u00e0 travers l\u2019oralit\u00e9, l\u2019\u00e9crit ou l\u2019image. Ces approches de l\u2019intelligence sont de longues dates \u00e9tudi\u00e9es par les sciences du langage et notamment la psycholinguistique, soit les \u00e9tudes men\u00e9es sur la compr\u00e9hension et la production du langage humain. Ces travaux se prolongent en milieu num\u00e9rique via la linguistique computationnelle \u00e0 travers le TAL(N), les agents conversationnels (chatbot, assistants vocaux\u2026) et autres applications de reconnaissance vocale (<em>speech to text<\/em>) et de synth\u00e8se. Cette forme d\u2019intelligence trouve des \u00e9chos avec les r\u00e9centes \u00e9volutions technologiques de l\u2019IA, lesquelles sont fond\u00e9es sur les mod\u00e8les de langage (LLM), le parsing syntaxique, l\u2019analyse s\u00e9mantique ou encore la vectorisation du texte.<\/p>\n<p dir=\"ltr\">L\u2019intelligence logico-math\u00e9matique, forme d\u2019intelligence longtemps consid\u00e9r\u00e9e comme la plus noble et par ailleurs \u00e0 la base des premiers tests de QI, s\u2019appuie sur les \u00e9tudes sur le raisonnement formel, la psychologie cognitive et ses manifestations dans la compr\u00e9hension et la prise de d\u00e9cision. Les th\u00e9ories de la calculabilit\u00e9 et de la logique math\u00e9matique sont largement sollicit\u00e9es pour la simulation num\u00e9rique pour concevoir des syst\u00e8mes de recommandations et la mod\u00e9lisation pr\u00e9dictive. L\u2019on retrouve ces \u00e9manations dans les logiques floue ou les syst\u00e8mes experts, les algorithmes du\u00a0<em>machine learning<\/em>\u00a0ou du\u00a0<em>deep learning<\/em>, qui occupent pleinement la sc\u00e8ne des sciences computationnelles.<\/p>\n<p dir=\"ltr\">L\u2019intelligence spatiale fait \u00e9cho aux travaux men\u00e9s en neurosciences cognitives sur la repr\u00e9sentation mentale des espaces, en psychologie de la perception visuelle et de reconnaissances des formes ou encore en ergonomie avec \u2013 entre autres \u2013 la conception d\u2019interface adapt\u00e9e aux capacit\u00e9s perceptuelles des utilisateurs. Du point de vue des pratiques num\u00e9riques, l\u2019on retrouve cette forme d\u2019intelligence dans la mod\u00e9lisation 3D ou dans des applications telles que la r\u00e9alit\u00e9 augment\u00e9e ou virtuelle, la navigation autonome de v\u00e9hicules ou de robots. Ceci fait appel \u00e0 des techniques de vision par ordinateur et reconnaissance d\u2019image ou \u00e0 la cartographie et localisation simultan\u00e9e.<\/p>\n<p dir=\"ltr\">L\u2019intelligence musicale renvoie aux \u00e9tudes sur la perception du son et la cognition musicale et leurs effets sur le cerveau et les \u00e9motions. La musicologie et toutes ses r\u00e9ticularit\u00e9s \u2013 dont la musicoth\u00e9rapie \u2013 constituent le champ scientifique privil\u00e9gi\u00e9. Le num\u00e9rique se fait l\u2019orchestre de la g\u00e9n\u00e9ration automatique de musique, de synth\u00e8se et de classification musicale via des apprentissages profonds pour la reconnaissance musicale, l\u2019analyse spectrale et le traitement du signal audio ou plus r\u00e9cemment des mod\u00e8les g\u00e9n\u00e9ratifs.<\/p>\n<p dir=\"ltr\">L\u2019intelligence corporelle-kinesth\u00e9sique est le terrain de jeu des neurosciences du mouvement et de la proprioception, des \u00e9tudes sur l\u2019apprentissage moteur humain mais aussi la robotique biomim\u00e9tique. Les syst\u00e8mes de reconnaissance gestuelle, le contr\u00f4le moteur adaptatif ou encore la robotique humano\u00efde sont les travaux qui ont permis de concevoir des proth\u00e8ses intelligentes, des exosquelettes ou encore des interfaces cerveau-machine.<\/p>\n<p dir=\"ltr\">L\u2019intelligence interpersonnelle est particuli\u00e8rement \u00e9tudi\u00e9e par la psychologie sociale, les sociologues et les sciences de l\u2019information et de la communication. Ces approches compr\u00e9hensives des ph\u00e9nom\u00e8nes de socialisation et l\u2019analyse des \u00e9motions et des interactions humaines trouvent des acceptions au sein des agents conversationnels et les IA sociales. Elles sont utilis\u00e9es pour le traitement du langage naturel pour la compr\u00e9hension contextuelle, mais aussi pour concevoir des mod\u00e8les comportementaux en IA.<\/p>\n<p dir=\"ltr\">L\u2019intelligence intrapersonnelle renvoie \u00e0 la psychologie et aux \u00e9tudes sur la m\u00e9tacognition et la conscience de soi, \u00e0 la mod\u00e9lisation des \u00e9tats mentaux et de la r\u00e9flexion introspective. Prenant appui sur l\u2019analyse des signaux psychologique et biom\u00e9trique, ces travaux permettent de concevoir des IA pour le soutien psychologique (pr\u00e9vention du stress..), le coaching ou l\u2019autor\u00e9flexion.<\/p>\n<p dir=\"ltr\">L\u2019intelligence naturaliste constitue la forme d\u2019intelligence privil\u00e9gi\u00e9e des sciences de l\u2019environnement et de l\u2019\u00e9cologie cognitive. L\u2019on applique d\u00e8s lors des apprentissages automatiques appliqu\u00e9s \u00e0 la biodiversit\u00e9 bas\u00e9s sur la reconnaissance des esp\u00e8ces, la mod\u00e9lisation pr\u00e9dictive des \u00e9cosyst\u00e8mes ou encore des mod\u00e8les climatiques et simulations \u00e9cologiques via des capteurs intelligents.<\/p>\n<p dir=\"ltr\">L\u2019intelligence existentielle est propre au domaine de la philosophie et se prolonge au sein d\u2019\u00e9tudes sur la conscience artificielle o\u00f9 sont explor\u00e9s des travaux sur l\u2019IA et la qu\u00eate de sens philosophique, \u00e9thiques th\u00e9ologique. Apparaissent des exp\u00e9riences immersives et de la r\u00e9alit\u00e9 augment\u00e9e pour la r\u00e9flexion existentielle.<\/p>\n<p dir=\"ltr\">Howard Gardner (2007) ajoute \u00e0 ces formes d\u2019intelligence les \u00ab&#160;5 esprits du futur&#160;\u00bb&#160;: l\u2019esprit disciplinaire que l\u2019on retrouve dans les formes d\u2019intelligence et l\u2019hypersp\u00e9cialisation&#160;; l\u2019esprit synth\u00e9tique qui exige une pens\u00e9e \u00e0 la fois transversale et complexe&#160;; l\u2019esprit cr\u00e9atif ou la capacit\u00e9 de penser en dehors des cadres \u00e9tablis&#160;; l\u2019esprit respectueux, soit la tol\u00e9rance et l\u2019alt\u00e9rit\u00e9 culturelle et sociale&#160;; l\u2019esprit \u00e9thique pour la capacit\u00e9 \u00e0 penser en termes de responsabilit\u00e9 \u00e9thiques, d\u00e9ontologique et valeurs morales.<\/p>\n<p dir=\"ltr\">Ainsi explorer le design de l\u2019intelligence, c\u2019est interroger la mani\u00e8re dont nous concevons, mobilisons et projetons l\u2019intelligence sous ses diff\u00e9rentes expressions et formes, qu\u2019elles soient humaines, artificielles, hybrides ou distribu\u00e9es. Ce colloque invite \u00e0 une r\u00e9flexion interdisciplinaire sur les processus qui fa\u00e7onnent notre rapport \u00e0 l\u2019intelligence et \u00e0 ses manifestations dans les artefacts, les syst\u00e8mes et les m\u00e9thodes de conception. Dans un monde en mutation o\u00f9 les fronti\u00e8res entre intelligence humaine et intelligence artificielle se red\u00e9finissent sans cesse, quelles perspectives \u00e9thiques, \u00e9pist\u00e9mologiques et techniques pouvons-nous envisager&#160;? Comment concevoir un avenir o\u00f9 l\u2019intelligence, dans sa pluralit\u00e9, s\u2019articule au service d\u2019une innovation responsable et inclusive&#160;? Ce colloque se veut un espace d\u2019\u00e9change et de confrontation d\u2019id\u00e9es pour penser les contours du design de l\u2019intelligence, en interrogeant ses fondements, ses dynamiques et ses implications pour la recherche et la soci\u00e9t\u00e9.<\/p>\n<\/p><\/div>\n<div class=\"zn-singledetail-partners\">\n<h3 class=\"zn-singledetail-section-title\">Partenaires<\/h3>\n<div class=\"zn-singledetail-partners-list row small-up-2 medium-up-3 large-up-5 partnerlist\" data-equalizer data-equalize-on=\"medium\">\n<article class=\"summarypartner partner-6272 column\">\n\t<a class=\"summarypartner-box\" href=\"https:\/\/www.univ-paris8.fr\/EA-349-Laboratoire-Paragraphe\" title=\"Paragraphe\">\t\t<\/p>\n<div class=\"summarypartner-box-inner\" data-equalizer-watch>\n<div class=\"summarypartner-imgbox\">\n<figure class=\"summarypartner-figure\">\n\t\t\t\t\t<img decoding=\"async\" class=\"summarypartner-img\" src=\"https:\/\/www.sfsic.org\/wp-inside\/uploads\/skp-membership\/demande_adh\/logo-paragraphe-320x112.jpg\" alt=\"Logo paragraphe\"><figcaption class=\"summarypartner-img-caption show-for-sr\">Logo paragraphe<\/figcaption><\/figure>\n<\/p><\/div>\n<div class=\"summarypartner-content\">\n<div class=\"summarypartner-content-inner\">\n<header class=\"summarypartner-header\">\n<h3 class=\"summarypartner-title\">\n\t\t\t\t\t\t\tParagraphe\t\t\t\t\t\t<\/h3>\n<\/header><\/div>\n<\/p><\/div>\n<\/p><\/div>\n<p>\t<\/a><\/article>\n<article class=\"summarypartner column\">\n<div class=\"summarypartner-box\" title=\"LHUMAIN\">\n<div class=\"summarypartner-box-inner\" data-equalizer-watch>\n<div class=\"summarypartner-imgbox\">\n<figure class=\"summarypartner-figure\">\n\t\t\t\t\t<img decoding=\"async\" class=\"summarypartner-img\" src=\"https:\/\/www.sfsic.org\/wp-inside\/uploads\/skp-membership\/demande_adh\/logo-lhumain-320x180.jpg\" alt=\"\"><br \/>\n\t\t\t\t\t\t\t\t\t<\/figure>\n<\/p><\/div>\n<div class=\"summarypartner-content\">\n<div class=\"summarypartner-content-inner\">\n<header class=\"summarypartner-header\">\n<h3 class=\"summarypartner-title\">\n\t\t\t\t\t\t\tLHUMAIN\t\t\t\t\t\t<\/h3>\n<\/header><\/div>\n<\/p><\/div>\n<\/p><\/div>\n<\/p><\/div>\n<\/article>\n<article class=\"summarypartner partner-3867 column\">\n\t<a class=\"summarypartner-box\" href=\"https:\/\/www.imsic.fr\" title=\"IMSIC &#8211; Institut M\u00e9diterran\u00e9en des Sciences de l&rsquo;Information et de la Communication\">\t\t<\/p>\n<div class=\"summarypartner-box-inner\" data-equalizer-watch>\n<div class=\"summarypartner-imgbox\">\n<figure class=\"summarypartner-figure\">\n\t\t\t\t\t<img decoding=\"async\" class=\"summarypartner-img\" src=\"https:\/\/www.sfsic.org\/wp-inside\/uploads\/skp-membership\/demande_adh\/logo-imsic-320x175.png\" alt=\"Logo IMSIC\"><br \/>\n\t\t\t\t\t\t\t\t\t<\/figure>\n<\/p><\/div>\n<div class=\"summarypartner-content\">\n<div class=\"summarypartner-content-inner\">\n<header class=\"summarypartner-header\">\n<h3 class=\"summarypartner-title\">\n\t\t\t\t\t\t\tIMSIC &#8211; Institut M\u00e9diterran\u00e9en des Sciences de l&rsquo;Information et de la Communication\t\t\t\t\t\t<\/h3>\n<p class=\"summarypartner-acronym\">\n\t\t\t\t\t\t\tIMSIC\t\t\t\t\t\t<\/p>\n<\/header><\/div>\n<\/p><\/div>\n<\/p><\/div>\n<p>\t<\/a><\/article>\n<\/p><\/div>\n<\/p><\/div>\n<div class=\"zn-singledetail-keywords\">\n<h3 class=\"zn-singledetail-section-title\">Mots-cl\u00e9s<\/h3>\n<ul class=\"termslist termslist-post_tag\">\n<li class=\"termslist-item termslist-title\"><span class=\"termslist-titletxt\">Mots-cl\u00e9s<\/span><span class=\"doubledot\"><\/span><\/li>\n<li class=\"termslist-item tax-post_tag term-conception\"><a class=\"termslist-itemlink\" href=\"https:\/\/www.sfsic.org\/tag\/conception\/\" title=\"Conception\"><span class=\"termslist-itemname\">Conception<\/span><\/a><\/li>\n<li class=\"termslist-item tax-post_tag term-creation\"><a class=\"termslist-itemlink\" href=\"https:\/\/www.sfsic.org\/tag\/creation\/\" title=\"Cr\u00e9ation\"><span class=\"termslist-itemname\">Cr\u00e9ation<\/span><\/a><\/li>\n<li class=\"termslist-item tax-post_tag term-design\"><a class=\"termslist-itemlink\" href=\"https:\/\/www.sfsic.org\/tag\/design\/\" title=\"Design\"><span class=\"termslist-itemname\">Design<\/span><\/a><\/li>\n<li class=\"termslist-item tax-post_tag term-dispositifs-intelligents\"><a class=\"termslist-itemlink\" href=\"https:\/\/www.sfsic.org\/tag\/dispositifs-intelligents\/\" title=\"dispositifs intelligents\"><span class=\"termslist-itemname\">dispositifs intelligents<\/span><\/a><\/li>\n<li class=\"termslist-item tax-post_tag term-intelligence-artificielle\"><a class=\"termslist-itemlink\" href=\"https:\/\/www.sfsic.org\/tag\/intelligence-artificielle\/\" title=\"Intelligence artificielle\"><span class=\"termslist-itemname\">Intelligence artificielle<\/span><\/a><\/li>\n<li class=\"termslist-item tax-post_tag term-methodologie\"><a class=\"termslist-itemlink\" href=\"https:\/\/www.sfsic.org\/tag\/methodologie\/\" title=\"M\u00e9thodologie\"><span class=\"termslist-itemname\">M\u00e9thodologie<\/span><\/a><\/li>\n<li class=\"termslist-item tax-post_tag term-webdesign\"><a class=\"termslist-itemlink\" href=\"https:\/\/www.sfsic.org\/tag\/webdesign\/\" title=\"Webdesign\"><span class=\"termslist-itemname\">Webdesign<\/span><\/a><\/li>\n<\/ul><\/div>\n<\/p><\/div>\n<\/p><\/div>\n<\/p><\/div>\n<\/p><\/div>\n<\/div>\n<p><!-- \/fxzn:singledetail --><\/p>\n","protected":false},"excerpt":{"rendered":"<p>Mis en ligne le 8 avril 2025 Th\u00e9matiques Design Num\u00e9rique : strat\u00e9gies, dispositifs et usages R\u00e9ponse attendue pour le 25\/04\/2025 Type de r\u00e9ponse R\u00e9sum\u00e9 Type d\u2019\u00e9v\u00e9nement Colloque Contacts Lise, Verlaet, [&hellip;]<\/p>\n","protected":false},"author":609,"featured_media":0,"comment_status":"closed","ping_status":"closed","sticky":false,"template":"","format":"standard","meta":{"_acf_changed":false,"footnotes":""},"categories":[29,57],"tags":[418,169,173,771,357,110,745],"thematique":[41,39],"sfsic":[],"class_list":["post-33727","post","type-post","status-publish","format-standard","hentry","category-aac-evenement","category-colloque","tag-conception","tag-creation","tag-design","tag-dispositifs-intelligents","tag-intelligence-artificielle","tag-methodologie","tag-webdesign","thematique-design","thematique-numerique-strategies-dispositifs-et-usages","wp-sticky"],"acf":[],"yoast_head":"<!-- This site is optimized with the Yoast SEO plugin v27.5 - https:\/\/yoast.com\/product\/yoast-seo-wordpress\/ -->\n<title>Design de l&#039;intelligence<\/title>\n<meta name=\"description\" content=\"Appel \u00e0 communication pour le 13e Colloque International sur les sciences et technologies de la conception sur le &quot;Design de l&#039;intelligence&quot;.\" \/>\n<meta name=\"robots\" content=\"index, follow, max-snippet:-1, max-image-preview:large, max-video-preview:-1\" \/>\n<link rel=\"canonical\" href=\"https:\/\/www.sfsic.org\/en\/aac-evenement\/design-de-lintelligence\/\" \/>\n<meta property=\"og:locale\" content=\"en_US\" \/>\n<meta property=\"og:type\" content=\"article\" \/>\n<meta property=\"og:title\" content=\"Design de l&#039;intelligence\" \/>\n<meta property=\"og:description\" content=\"Appel \u00e0 communication pour le 13e Colloque International sur les sciences et technologies de la conception sur le &quot;Design de l&#039;intelligence&quot;.\" \/>\n<meta property=\"og:url\" content=\"https:\/\/www.sfsic.org\/en\/aac-evenement\/design-de-lintelligence\/\" \/>\n<meta property=\"og:site_name\" content=\"SFSIC\" \/>\n<meta property=\"article:published_time\" content=\"2025-04-08T17:19:48+00:00\" \/>\n<meta property=\"article:modified_time\" content=\"2025-04-08T17:19:49+00:00\" \/>\n<meta property=\"og:image\" content=\"https:\/\/www.sfsic.org\/wp-inside\/uploads\/skp-membership\/demande_adh\/logo-paragraphe-320x112.jpg\" \/>\n<meta name=\"author\" content=\"Lise Verlaet\" \/>\n<meta name=\"twitter:card\" content=\"summary_large_image\" \/>\n<script type=\"application\/ld+json\" class=\"yoast-schema-graph\">{\"@context\":\"https:\\\/\\\/schema.org\",\"@graph\":[{\"@type\":\"Article\",\"@id\":\"https:\\\/\\\/www.sfsic.org\\\/en\\\/aac-evenement\\\/design-de-lintelligence\\\/#article\",\"isPartOf\":{\"@id\":\"https:\\\/\\\/www.sfsic.org\\\/en\\\/aac-evenement\\\/design-de-lintelligence\\\/\"},\"author\":{\"name\":\"Lise Verlaet\",\"@id\":\"https:\\\/\\\/www.sfsic.org\\\/en\\\/#\\\/schema\\\/person\\\/93419d842408b3f0e5a86633aa0abd86\"},\"headline\":\"Design de l&#8217;intelligence\",\"datePublished\":\"2025-04-08T17:19:48+00:00\",\"dateModified\":\"2025-04-08T17:19:49+00:00\",\"mainEntityOfPage\":{\"@id\":\"https:\\\/\\\/www.sfsic.org\\\/en\\\/aac-evenement\\\/design-de-lintelligence\\\/\"},\"wordCount\":1674,\"publisher\":{\"@id\":\"https:\\\/\\\/www.sfsic.org\\\/en\\\/#organization\"},\"image\":{\"@id\":\"https:\\\/\\\/www.sfsic.org\\\/en\\\/aac-evenement\\\/design-de-lintelligence\\\/#primaryimage\"},\"thumbnailUrl\":\"https:\\\/\\\/www.sfsic.org\\\/wp-inside\\\/uploads\\\/skp-membership\\\/demande_adh\\\/logo-paragraphe-320x112.jpg\",\"keywords\":[\"Conception\",\"Cr\u00e9ation\",\"Design\",\"dispositifs intelligents\",\"Intelligence artificielle\",\"M\u00e9thodologie\",\"Webdesign\"],\"articleSection\":[\"AAC \u00c9v\u00e9nement\",\"Colloque\"],\"inLanguage\":\"en-US\"},{\"@type\":\"WebPage\",\"@id\":\"https:\\\/\\\/www.sfsic.org\\\/en\\\/aac-evenement\\\/design-de-lintelligence\\\/\",\"url\":\"https:\\\/\\\/www.sfsic.org\\\/en\\\/aac-evenement\\\/design-de-lintelligence\\\/\",\"name\":\"Design de l'intelligence\",\"isPartOf\":{\"@id\":\"https:\\\/\\\/www.sfsic.org\\\/en\\\/#website\"},\"primaryImageOfPage\":{\"@id\":\"https:\\\/\\\/www.sfsic.org\\\/en\\\/aac-evenement\\\/design-de-lintelligence\\\/#primaryimage\"},\"image\":{\"@id\":\"https:\\\/\\\/www.sfsic.org\\\/en\\\/aac-evenement\\\/design-de-lintelligence\\\/#primaryimage\"},\"thumbnailUrl\":\"https:\\\/\\\/www.sfsic.org\\\/wp-inside\\\/uploads\\\/skp-membership\\\/demande_adh\\\/logo-paragraphe-320x112.jpg\",\"datePublished\":\"2025-04-08T17:19:48+00:00\",\"dateModified\":\"2025-04-08T17:19:49+00:00\",\"description\":\"Appel \u00e0 communication pour le 13e Colloque International sur les sciences et technologies de la conception sur le \\\"Design de l'intelligence\\\".\",\"breadcrumb\":{\"@id\":\"https:\\\/\\\/www.sfsic.org\\\/en\\\/aac-evenement\\\/design-de-lintelligence\\\/#breadcrumb\"},\"inLanguage\":\"en-US\",\"potentialAction\":[{\"@type\":\"ReadAction\",\"target\":[\"https:\\\/\\\/www.sfsic.org\\\/en\\\/aac-evenement\\\/design-de-lintelligence\\\/\"]}]},{\"@type\":\"ImageObject\",\"inLanguage\":\"en-US\",\"@id\":\"https:\\\/\\\/www.sfsic.org\\\/en\\\/aac-evenement\\\/design-de-lintelligence\\\/#primaryimage\",\"url\":\"https:\\\/\\\/www.sfsic.org\\\/wp-inside\\\/uploads\\\/skp-membership\\\/demande_adh\\\/logo-paragraphe-320x112.jpg\",\"contentUrl\":\"https:\\\/\\\/www.sfsic.org\\\/wp-inside\\\/uploads\\\/skp-membership\\\/demande_adh\\\/logo-paragraphe-320x112.jpg\"},{\"@type\":\"BreadcrumbList\",\"@id\":\"https:\\\/\\\/www.sfsic.org\\\/en\\\/aac-evenement\\\/design-de-lintelligence\\\/#breadcrumb\",\"itemListElement\":[{\"@type\":\"ListItem\",\"position\":1,\"name\":\"Accueil\",\"item\":\"https:\\\/\\\/www.sfsic.org\\\/en\\\/\"},{\"@type\":\"ListItem\",\"position\":2,\"name\":\"Calls for Contributions\",\"item\":\"https:\\\/\\\/www.sfsic.org\\\/en\\\/cfc-event\\\/\"},{\"@type\":\"ListItem\",\"position\":3,\"name\":\"Conference\",\"item\":\"https:\\\/\\\/www.sfsic.org\\\/en\\\/cfc-event\\\/conference\\\/\"},{\"@type\":\"ListItem\",\"position\":4,\"name\":\"Design de l&rsquo;intelligence\"}]},{\"@type\":\"WebSite\",\"@id\":\"https:\\\/\\\/www.sfsic.org\\\/en\\\/#website\",\"url\":\"https:\\\/\\\/www.sfsic.org\\\/en\\\/\",\"name\":\"SFSIC\",\"description\":\"Soci\u00e9t\u00e9 Fran\u00e7aise des Sciences de l&#039;Information &amp; de la Communication\",\"publisher\":{\"@id\":\"https:\\\/\\\/www.sfsic.org\\\/en\\\/#organization\"},\"potentialAction\":[{\"@type\":\"SearchAction\",\"target\":{\"@type\":\"EntryPoint\",\"urlTemplate\":\"https:\\\/\\\/www.sfsic.org\\\/en\\\/?s={search_term_string}\"},\"query-input\":{\"@type\":\"PropertyValueSpecification\",\"valueRequired\":true,\"valueName\":\"search_term_string\"}}],\"inLanguage\":\"en-US\"},{\"@type\":\"Organization\",\"@id\":\"https:\\\/\\\/www.sfsic.org\\\/en\\\/#organization\",\"name\":\"SFSIC\",\"url\":\"https:\\\/\\\/www.sfsic.org\\\/en\\\/\",\"logo\":{\"@type\":\"ImageObject\",\"inLanguage\":\"en-US\",\"@id\":\"https:\\\/\\\/www.sfsic.org\\\/en\\\/#\\\/schema\\\/logo\\\/image\\\/\",\"url\":\"https:\\\/\\\/www.sfsic.org\\\/wp-inside\\\/uploads\\\/2020\\\/05\\\/logo-sfsic.jpg\",\"contentUrl\":\"https:\\\/\\\/www.sfsic.org\\\/wp-inside\\\/uploads\\\/2020\\\/05\\\/logo-sfsic.jpg\",\"width\":1085,\"height\":1080,\"caption\":\"SFSIC\"},\"image\":{\"@id\":\"https:\\\/\\\/www.sfsic.org\\\/en\\\/#\\\/schema\\\/logo\\\/image\\\/\"}},{\"@type\":\"Person\",\"@id\":\"https:\\\/\\\/www.sfsic.org\\\/en\\\/#\\\/schema\\\/person\\\/93419d842408b3f0e5a86633aa0abd86\",\"name\":\"Lise Verlaet\",\"image\":{\"@type\":\"ImageObject\",\"inLanguage\":\"en-US\",\"@id\":\"https:\\\/\\\/secure.gravatar.com\\\/avatar\\\/f01d55aeb7dbdbee625c4091131311de64355e578ec375fca0bd88f59d81b678?s=96&d=mm&r=g\",\"url\":\"https:\\\/\\\/secure.gravatar.com\\\/avatar\\\/f01d55aeb7dbdbee625c4091131311de64355e578ec375fca0bd88f59d81b678?s=96&d=mm&r=g\",\"contentUrl\":\"https:\\\/\\\/secure.gravatar.com\\\/avatar\\\/f01d55aeb7dbdbee625c4091131311de64355e578ec375fca0bd88f59d81b678?s=96&d=mm&r=g\",\"caption\":\"Lise Verlaet\"}}]}<\/script>\n<!-- \/ Yoast SEO plugin. -->","yoast_head_json":{"title":"Design de l'intelligence","description":"Appel \u00e0 communication pour le 13e Colloque International sur les sciences et technologies de la conception sur le \"Design de l'intelligence\".","robots":{"index":"index","follow":"follow","max-snippet":"max-snippet:-1","max-image-preview":"max-image-preview:large","max-video-preview":"max-video-preview:-1"},"canonical":"https:\/\/www.sfsic.org\/en\/aac-evenement\/design-de-lintelligence\/","og_locale":"en_US","og_type":"article","og_title":"Design de l'intelligence","og_description":"Appel \u00e0 communication pour le 13e Colloque International sur les sciences et technologies de la conception sur le \"Design de l'intelligence\".","og_url":"https:\/\/www.sfsic.org\/en\/aac-evenement\/design-de-lintelligence\/","og_site_name":"SFSIC","article_published_time":"2025-04-08T17:19:48+00:00","article_modified_time":"2025-04-08T17:19:49+00:00","og_image":[{"url":"https:\/\/www.sfsic.org\/wp-inside\/uploads\/skp-membership\/demande_adh\/logo-paragraphe-320x112.jpg","type":"","width":"","height":""}],"author":"Lise Verlaet","twitter_card":"summary_large_image","schema":{"@context":"https:\/\/schema.org","@graph":[{"@type":"Article","@id":"https:\/\/www.sfsic.org\/en\/aac-evenement\/design-de-lintelligence\/#article","isPartOf":{"@id":"https:\/\/www.sfsic.org\/en\/aac-evenement\/design-de-lintelligence\/"},"author":{"name":"Lise Verlaet","@id":"https:\/\/www.sfsic.org\/en\/#\/schema\/person\/93419d842408b3f0e5a86633aa0abd86"},"headline":"Design de l&#8217;intelligence","datePublished":"2025-04-08T17:19:48+00:00","dateModified":"2025-04-08T17:19:49+00:00","mainEntityOfPage":{"@id":"https:\/\/www.sfsic.org\/en\/aac-evenement\/design-de-lintelligence\/"},"wordCount":1674,"publisher":{"@id":"https:\/\/www.sfsic.org\/en\/#organization"},"image":{"@id":"https:\/\/www.sfsic.org\/en\/aac-evenement\/design-de-lintelligence\/#primaryimage"},"thumbnailUrl":"https:\/\/www.sfsic.org\/wp-inside\/uploads\/skp-membership\/demande_adh\/logo-paragraphe-320x112.jpg","keywords":["Conception","Cr\u00e9ation","Design","dispositifs intelligents","Intelligence artificielle","M\u00e9thodologie","Webdesign"],"articleSection":["AAC \u00c9v\u00e9nement","Colloque"],"inLanguage":"en-US"},{"@type":"WebPage","@id":"https:\/\/www.sfsic.org\/en\/aac-evenement\/design-de-lintelligence\/","url":"https:\/\/www.sfsic.org\/en\/aac-evenement\/design-de-lintelligence\/","name":"Design de l'intelligence","isPartOf":{"@id":"https:\/\/www.sfsic.org\/en\/#website"},"primaryImageOfPage":{"@id":"https:\/\/www.sfsic.org\/en\/aac-evenement\/design-de-lintelligence\/#primaryimage"},"image":{"@id":"https:\/\/www.sfsic.org\/en\/aac-evenement\/design-de-lintelligence\/#primaryimage"},"thumbnailUrl":"https:\/\/www.sfsic.org\/wp-inside\/uploads\/skp-membership\/demande_adh\/logo-paragraphe-320x112.jpg","datePublished":"2025-04-08T17:19:48+00:00","dateModified":"2025-04-08T17:19:49+00:00","description":"Appel \u00e0 communication pour le 13e Colloque International sur les sciences et technologies de la conception sur le \"Design de l'intelligence\".","breadcrumb":{"@id":"https:\/\/www.sfsic.org\/en\/aac-evenement\/design-de-lintelligence\/#breadcrumb"},"inLanguage":"en-US","potentialAction":[{"@type":"ReadAction","target":["https:\/\/www.sfsic.org\/en\/aac-evenement\/design-de-lintelligence\/"]}]},{"@type":"ImageObject","inLanguage":"en-US","@id":"https:\/\/www.sfsic.org\/en\/aac-evenement\/design-de-lintelligence\/#primaryimage","url":"https:\/\/www.sfsic.org\/wp-inside\/uploads\/skp-membership\/demande_adh\/logo-paragraphe-320x112.jpg","contentUrl":"https:\/\/www.sfsic.org\/wp-inside\/uploads\/skp-membership\/demande_adh\/logo-paragraphe-320x112.jpg"},{"@type":"BreadcrumbList","@id":"https:\/\/www.sfsic.org\/en\/aac-evenement\/design-de-lintelligence\/#breadcrumb","itemListElement":[{"@type":"ListItem","position":1,"name":"Accueil","item":"https:\/\/www.sfsic.org\/en\/"},{"@type":"ListItem","position":2,"name":"Calls for Contributions","item":"https:\/\/www.sfsic.org\/en\/cfc-event\/"},{"@type":"ListItem","position":3,"name":"Conference","item":"https:\/\/www.sfsic.org\/en\/cfc-event\/conference\/"},{"@type":"ListItem","position":4,"name":"Design de l&rsquo;intelligence"}]},{"@type":"WebSite","@id":"https:\/\/www.sfsic.org\/en\/#website","url":"https:\/\/www.sfsic.org\/en\/","name":"SFSIC","description":"Soci\u00e9t\u00e9 Fran\u00e7aise des Sciences de l&#039;Information &amp; de la Communication","publisher":{"@id":"https:\/\/www.sfsic.org\/en\/#organization"},"potentialAction":[{"@type":"SearchAction","target":{"@type":"EntryPoint","urlTemplate":"https:\/\/www.sfsic.org\/en\/?s={search_term_string}"},"query-input":{"@type":"PropertyValueSpecification","valueRequired":true,"valueName":"search_term_string"}}],"inLanguage":"en-US"},{"@type":"Organization","@id":"https:\/\/www.sfsic.org\/en\/#organization","name":"SFSIC","url":"https:\/\/www.sfsic.org\/en\/","logo":{"@type":"ImageObject","inLanguage":"en-US","@id":"https:\/\/www.sfsic.org\/en\/#\/schema\/logo\/image\/","url":"https:\/\/www.sfsic.org\/wp-inside\/uploads\/2020\/05\/logo-sfsic.jpg","contentUrl":"https:\/\/www.sfsic.org\/wp-inside\/uploads\/2020\/05\/logo-sfsic.jpg","width":1085,"height":1080,"caption":"SFSIC"},"image":{"@id":"https:\/\/www.sfsic.org\/en\/#\/schema\/logo\/image\/"}},{"@type":"Person","@id":"https:\/\/www.sfsic.org\/en\/#\/schema\/person\/93419d842408b3f0e5a86633aa0abd86","name":"Lise Verlaet","image":{"@type":"ImageObject","inLanguage":"en-US","@id":"https:\/\/secure.gravatar.com\/avatar\/f01d55aeb7dbdbee625c4091131311de64355e578ec375fca0bd88f59d81b678?s=96&d=mm&r=g","url":"https:\/\/secure.gravatar.com\/avatar\/f01d55aeb7dbdbee625c4091131311de64355e578ec375fca0bd88f59d81b678?s=96&d=mm&r=g","contentUrl":"https:\/\/secure.gravatar.com\/avatar\/f01d55aeb7dbdbee625c4091131311de64355e578ec375fca0bd88f59d81b678?s=96&d=mm&r=g","caption":"Lise Verlaet"}}]}},"_links":{"self":[{"href":"https:\/\/www.sfsic.org\/en\/wp-json\/wp\/v2\/posts\/33727","targetHints":{"allow":["GET"]}}],"collection":[{"href":"https:\/\/www.sfsic.org\/en\/wp-json\/wp\/v2\/posts"}],"about":[{"href":"https:\/\/www.sfsic.org\/en\/wp-json\/wp\/v2\/types\/post"}],"author":[{"embeddable":true,"href":"https:\/\/www.sfsic.org\/en\/wp-json\/wp\/v2\/users\/609"}],"replies":[{"embeddable":true,"href":"https:\/\/www.sfsic.org\/en\/wp-json\/wp\/v2\/comments?post=33727"}],"version-history":[{"count":3,"href":"https:\/\/www.sfsic.org\/en\/wp-json\/wp\/v2\/posts\/33727\/revisions"}],"predecessor-version":[{"id":33748,"href":"https:\/\/www.sfsic.org\/en\/wp-json\/wp\/v2\/posts\/33727\/revisions\/33748"}],"wp:attachment":[{"href":"https:\/\/www.sfsic.org\/en\/wp-json\/wp\/v2\/media?parent=33727"}],"wp:term":[{"taxonomy":"category","embeddable":true,"href":"https:\/\/www.sfsic.org\/en\/wp-json\/wp\/v2\/categories?post=33727"},{"taxonomy":"post_tag","embeddable":true,"href":"https:\/\/www.sfsic.org\/en\/wp-json\/wp\/v2\/tags?post=33727"},{"taxonomy":"thematique","embeddable":true,"href":"https:\/\/www.sfsic.org\/en\/wp-json\/wp\/v2\/thematique?post=33727"},{"taxonomy":"sfsic","embeddable":true,"href":"https:\/\/www.sfsic.org\/en\/wp-json\/wp\/v2\/sfsic?post=33727"}],"curies":[{"name":"wp","href":"https:\/\/api.w.org\/{rel}","templated":true}]}}