{"id":32796,"date":"2024-10-01T11:05:29","date_gmt":"2024-10-01T09:05:29","guid":{"rendered":"https:\/\/www.sfsic.org\/?p=32796"},"modified":"2024-12-06T15:23:16","modified_gmt":"2024-12-06T14:23:16","slug":"action-publique-et-numerisation-des-industries-culturelles-et-mediatiques","status":"publish","type":"post","link":"https:\/\/www.sfsic.org\/en\/aac-evenement\/action-publique-et-numerisation-des-industries-culturelles-et-mediatiques\/","title":{"rendered":"Action publique et num\u00e9risation des industries culturelles et m\u00e9diatiques"},"content":{"rendered":"<p><!-- fxzn:singledetail --><\/p>\n<div class=\"zone zn-singledetail\" id=\"fxzn-singledetail-1\">\n<div class=\"zone-block zn-singledetail-block alignwide va-top\">\n<div class=\"row\">\n<div class=\"columns large-8 large-push-4\">\n<div class=\"zn-singledetail-metabox\">\n<div class=\"zn-singledetail-pubdate pubdate\">\n\t\t\t\t\t<span class=\"pubdate-txt\">Mis en ligne le<\/span><span class=\"doubledot\"><\/span> <time class=\"pubdate-time\" pubdate datetime=\"2024-10-01T11:05:29+02:00\">1 octobre 2024<\/time>\t\t\t\t<\/div>\n<div class=\"zn-singledetail-thematiques with-sep-comma\">\n<ul class=\"termslist termslist-thematique\">\n<li class=\"termslist-item termslist-title\"><span class=\"termslist-titletxt\">Th\u00e9matiques<\/span><span class=\"doubledot\"><\/span><\/li>\n<li class=\"termslist-item tax-thematique term-images-cinema-medias-audiovisuels-et-industries-culturelles\"><a class=\"termslist-itemlink\" href=\"https:\/\/www.sfsic.org\/thematiques\/images-cinema-medias-audiovisuels-et-industries-culturelles\/\" title=\"Images, cin\u00e9ma, m\u00e9dias audiovisuels et industries culturelles\"><span class=\"termslist-itemname\">Images, cin\u00e9ma, m\u00e9dias audiovisuels et industries culturelles<\/span><\/a><\/li>\n<li class=\"termslist-item tax-thematique term-medias-et-journalisme\"><a class=\"termslist-itemlink\" href=\"https:\/\/www.sfsic.org\/thematiques\/medias-et-journalisme\/\" title=\"M\u00e9dias et journalisme\"><span class=\"termslist-itemname\">M\u00e9dias et journalisme<\/span><\/a><\/li>\n<li class=\"termslist-item tax-thematique term-numerique-strategies-dispositifs-et-usages\"><a class=\"termslist-itemlink\" href=\"https:\/\/www.sfsic.org\/thematiques\/numerique-strategies-dispositifs-et-usages\/\" title=\"Num\u00e9rique : strat\u00e9gies, dispositifs et usages\"><span class=\"termslist-itemname\">Num\u00e9rique : strat\u00e9gies, dispositifs et usages<\/span><\/a><\/li>\n<\/ul><\/div>\n<\/p><\/div>\n<\/p><\/div>\n<\/p><\/div>\n<div class=\"row\">\n<div class=\"columns large-4\">\n<div class=\"zn-singledetail-sidebar bg-cornersquares\">\n<div class=\"zn-singledetail-infos\">\n<p class=\"zn-singledetail-reponse-date\">\n\t\t\t\t\t\t<span>R\u00e9ponse attendue pour le<\/span><span class=\"doubledot\"><\/span> <strong>11\/10\/2024<\/strong>\n\t\t\t\t\t<\/p>\n<p class=\"zn-singledetail-reponse-type\">\n\t\t\t\t\t<span>Type de r\u00e9ponse<\/span><span class=\"doubledot\"><\/span> <strong>R\u00e9sum\u00e9<\/strong>\n\t\t\t\t\t<\/p>\n<p class=\"zn-singledetail-type\">\n\t\t\t\t\t\t\t<span>Type d\u2019\u00e9v\u00e9nement<\/span><span class=\"doubledot\"><\/span> <strong>Colloque<\/strong>\n\t\t\t\t\t<\/p>\n<\/p><\/div>\n<\/p><\/div>\n<\/p><\/div>\n<div class=\"columns large-8\">\n<div class=\"zn-singledetail-contentbox\">\n<div class=\"zn-singledetail-eventinfo is-sfsic-label\">\n<div class=\"zn-singledetail-eventinfo-inner\">\n<h3 class=\"zn-singledetail-section-title zn-singledetail-eventinfo-title\">\u00c9v\u00e9nement labellis\u00e9 SFSIC<\/h3>\n<div class=\"zn-singledetail-eventdates\">\n\t\t\t\t\t\t<span class=\"zn-singledetail-label\">Dates de l\u2019\u00e9v\u00e9nement<span class=\"doubledot\"><\/span><\/span><\/p>\n<ul class=\"zn-singledetail-eventdates-list\">\n<li class=\"zn-singledetail-eventdates-item\">\n\t\t\t\t\t\t\t\tDu <time class=\"event-start-time\" datetime=\"2025-04-03T00:00:00+00:00\">03\/04\/2025<\/time> au <time class=\"event-end-time\" datetime=\"2025-04-04T00:00:00+00:00\">04\/04\/2025<\/time>\t\t\t\t\t\t\t<\/li>\n<\/ul><\/div>\n<p class=\"zn-singledetail-eventplace\">\n\t\t\t\t\t\t<span class=\"zn-singledetail-label\">Lieu de l\u2019\u00e9v\u00e9nement<span class=\"doubledot\"><\/span><\/span><br \/>\n\t\t\t\t\t\t<span class=\"zn-singledetail-eventplace-adr\"><br \/>\n\t\t\t\t\t\t\t\t\t\t\t\t<span class=\"adr-name\">Institut de la Communication et des M\u00e9dias<\/span>,<\/p>\n<p>\t\t\t\t\t\t<span class=\"adr-city\">11, avenue du 8 mai 1945<\/span>\t\t\t\t\t\t, <span class=\"adr-country\">\u00c9chirolles<\/span><br \/>\n\t\t\t\t\t\t<\/span>\t\t\t\t\t<\/p>\n<\/p><\/div>\n<\/p><\/div>\n<div class=\"zn-singledetail-annonce wig-content\">\n<p>Organis\u00e9 par le Gresec et labellis\u00e9 par la SFSIC, le colloque international \u00ab&#160;Action publique et num\u00e9risation des industries culturelles et m\u00e9diatiques&#160;: enjeux de r\u00e9gulation dans les territoires&#160;\u00bb se tiendra les 3 et 4 avril prochains \u00e0 l&rsquo;Institut de la Communication et des M\u00e9dias (\u00c9chirolles). L&rsquo;AAC est en ligne.<\/p>\n<h2 style=\"font-weight: 400;\"><strong>Orientation g\u00e9n\u00e9rale du colloque et attendus scientifiques<\/strong><\/h2>\n<p style=\"font-weight: 400;\">Le GRESEC m\u00e8ne depuis plusieurs ann\u00e9es un travail de recherche visant \u00e0 questionner l\u2019action publique dans sa capacit\u00e9 \u00e0 promouvoir et r\u00e9guler la \u00ab&#160;diversit\u00e9 culturelle&#160;\u00bb<sup> <a href=\"applewebdata:\/\/352BCD70-1A8F-498B-ADF9-21F147818E97#_ftn1\" name=\"_ftnref1\">[1]<\/a><\/sup>, telle qu\u2019elle a \u00e9t\u00e9 d\u00e9finie par l\u2019UNESCO en 2005, au sein des diff\u00e9rentes fili\u00e8res des industries culturelles et cr\u00e9atives (ICC). Ce travail a notamment abouti \u00e0 la publication, en 2021, d\u2019un dossier intitul\u00e9 \u00ab&#160;<em>\u00a0<\/em><a href=\"https:\/\/lesenjeux.univ-grenoble-alpes.fr\/wp-content\/uploads\/2022\/02\/LesEnjeux-Dossier2021-web.pdf\"><em>Action publique et \u2018\u2019diversite\u0301 culturelle\u2019\u2019. Perspectives internationales<\/em><\/a><em>&#160;\u00bb<\/em>\u00a0dans la revue <em>Les Enjeux de l\u2019information et de la communication<\/em>. Dans le prolongement de ces travaux, nous avons continu\u00e9 \u00e0 nous interroger sur la place et les modalit\u00e9s de l\u2019action publique dans l\u2019accompagnement et la r\u00e9gulation des t\u00e9l\u00e9communications, des m\u00e9dias et d\u2019Internet dans le contexte de la num\u00e9risation, lors d\u2019un s\u00e9minaire dont les s\u00e9ances se sont tenues entre juin 2022 et avril 2024.<\/p>\n<p style=\"font-weight: 400;\">Notre attention s\u2019est ainsi port\u00e9e sur les enjeux de la num\u00e9risation du secteur des industries culturelles et m\u00e9diatiques (ICM) au regard des notions de diversit\u00e9 culturelle et de pluralisme de l\u2019information<a href=\"applewebdata:\/\/352BCD70-1A8F-498B-ADF9-21F147818E97#_ftn2\" name=\"_ftnref2\">[2]<\/a>, en \u00e9tudiant les modalit\u00e9s de l\u2019action publique en la mati\u00e8re dans une perspective internationale et comparative.<\/p>\n<p style=\"font-weight: 400;\">Nous avons ainsi questionn\u00e9 le rapport entre institutions territorialis\u00e9es (r\u00e9gions, \u00c9tats, institutions supranationales telles que l\u2019UE, l\u2019UA ou encore l\u2019ASEAN) et entreprises transnationales du domaine de la communication et du num\u00e9rique. En effet, entre tentations h\u00e9g\u00e9moniques des g\u00e9ants du web (GAFAM, BATX) et affrontement mondialis\u00e9 des groupes de communication, entre politiques de souverainet\u00e9 num\u00e9rique (parfois marqu\u00e9es par un protectionnisme \u00e9conomique et culturel, voire par la mobilisation de dispositifs num\u00e9riques \u00e0 des fins politiques) et volont\u00e9s politiques de promotion de la diversit\u00e9 sous toutes ses formes, les acteurs publics et industriels occupent des places et d\u00e9veloppent des strat\u00e9gies complexes d\u2019ajustement mutuel, parfois ambivalentes, qu\u2019il s\u2019agit de mettre au jour. Dans le prolongement de ces r\u00e9flexions, ce colloque est destin\u00e9 \u00e0 \u00e9largir et enrichir les perspectives et les \u00e9l\u00e9ments de r\u00e9ponses aux questions formul\u00e9es.<\/p>\n<p style=\"font-weight: 400;\"><strong><u>Les contributions propos\u00e9es pourront s\u2019inscrire dans l\u2019un des quatre axes suivants<\/u><\/strong><strong>&#160;:<\/strong><\/p>\n<h3 style=\"font-weight: 400;\"><strong>Axe 1&#160;: Les r\u00e9gulateurs face aux industries culturelles et m\u00e9diatiques en contexte de num\u00e9risation<\/strong><\/h3>\n<p style=\"font-weight: 400;\">\u00ab&#160;<em>\u00a0Nous sommes tellement obnubil\u00e9s par l\u2019id\u00e9e que la libert\u00e9 est intimement li\u00e9e \u00e0 celle de gouvernement que nous ne voyons pas la r\u00e9gulation qui s\u2019op\u00e8re dans le cyberespace, ni la menace qu\u2019elle fait peser sur les libert\u00e9s. Ce r\u00e9gulateur, c\u2019est le code&#160;: le logiciel et le mat\u00e9riel qui font du cyberespace ce qu\u2019il est. (&#8230;) Si nous ne comprenons pas en quoi le cyberespace peut int\u00e9grer, ou supplanter, certaines valeurs de nos traditions constitutionnelles, nous perdrons le contr\u00f4le de ces valeurs. La loi du cyberespace \u2013\u00a0le code\u00a0\u2013 les supplantera.&#160;\u00bb<\/em>\u00a0 Ces propos du juriste am\u00e9ricain Lawrence Lessig publi\u00e9s au seuil des ann\u00e9es 2000<a href=\"applewebdata:\/\/352BCD70-1A8F-498B-ADF9-21F147818E97#_ftn3\" name=\"_ftnref3\">[3]<\/a> rappellent \u00e0 quel point il est important de ne pas laisser la r\u00e9gulation de l\u2019espace num\u00e9rique s\u2019op\u00e9rer au gr\u00e9 des choix techniques des acteurs industriels, lesquels agissent selon leurs vues et leurs int\u00e9r\u00eats propres. En effet, si les travaux du GRESEC pointaient l\u2019acc\u00e9l\u00e9ration des \u00ab&#160;discours promotionnels de la d\u00e9r\u00e9gulation des march\u00e9s, notamment dans le secteur des t\u00e9l\u00e9communications&#160;\u00bb depuis les ann\u00e9es 1980 (Cabedoche, 2021), le d\u00e9but de la pr\u00e9sente d\u00e9cennie a vu l\u2019arriv\u00e9e de textes essentiels de la part d\u2019instances publiques, nationales ou transnationales, notamment en Europe avec le R\u00e8glement g\u00e9n\u00e9ral sur la protection des donn\u00e9es, le <em>Digital Market Act<\/em>, le <em>Digital Service Act<\/em> et autres initiatives destin\u00e9es \u00e0 contrer les exc\u00e8s du capitalisme de plateforme et \u00e0 en r\u00e9duire les risques sociopolitiques et socioculturels. Les diverses instances de r\u00e9gulation impuls\u00e9es par les pouvoirs publics, s\u2019inscrivant dans les valeurs des territoires qu\u2019elles couvrent, semblent ainsi avoir acquis un droit de regard sur les contenus d\u2019information et de communication en ligne, ainsi que sur les modalit\u00e9s de leur construction et de leur circulation dans les environnements num\u00e9riques, dont la port\u00e9e et les effets restent \u00e0 \u00e9tudier. Par ailleurs, le mandat clair confi\u00e9 \u00e0 ces instances de r\u00e9gulation est bien souvent assorti d\u2019obligations de transparence et de redevabilit\u00e9 de leur action, voire de partage du pouvoir avec les citoyens, pour limiter les risques d\u2019ing\u00e9rence politique et inciter \u00e0 une responsabilit\u00e9 distribu\u00e9e. L\u2019exemple fran\u00e7ais est embl\u00e9matique de ce mouvement&#160;: l\u2019Arcom, issue de la fusion du CSA (Conseil sup\u00e9rieur de l\u2019audiovisuel) et de la Hadopi (Haute autorit\u00e9 pour la diffusion des \u0153uvres et la protection des droits sur Internet) en janvier 2022, charg\u00e9e de cette r\u00e9gulation, a vu ses attributions renforc\u00e9es et \u00e9largies aux services en ligne. Cette autorit\u00e9 publique est ainsi charg\u00e9e de \u00ab&#160;promouvoir et prot\u00e9ger la cr\u00e9ation&#160;\u00bb, d\u2019\u00ab&#160;assurer la r\u00e9gulation des acteurs techniques et \u00e9conomiques&#160;\u00bb, de \u00ab&#160;garantir le pluralisme et la coh\u00e9sion sociale&#160;\u00bb ainsi que de \u00ab&#160;superviser les plateformes en ligne et les r\u00e9seaux sociaux<a href=\"applewebdata:\/\/352BCD70-1A8F-498B-ADF9-21F147818E97#_ftn4\" name=\"_ftnref4\"><sup>[4]<\/sup><\/a>&#160;\u00bb.<\/p>\n<p style=\"font-weight: 400;\">Cet axe invite donc \u00e0 questionner avant tout les diff\u00e9rents plans d\u2019action entrepris par les organismes de r\u00e9gulation nationaux ou transnationaux au sujet des contenus, services et march\u00e9s num\u00e9riques&#160;; leurs postures \u00e0 l\u2019\u00e9gard des industries de la <em>tech<\/em> am\u00e9ricaines ou asiatiques (entre collaborations, luttes d\u2019influence et affrontements)&#160;; ou encore la mani\u00e8re dont ces organismes rendent compte de leur action ou coop\u00e8rent avec les institutions politiques nationales, avec des corporations particuli\u00e8res (journalistes, auteurs, chercheurs, etc.), ou plus largement avec les citoyens du territoire couvert. \u00c0 ce titre, si les analyses globales ou compar\u00e9es des initiatives europ\u00e9ennes pr\u00e9c\u00e9demment mentionn\u00e9es sont d\u2019un int\u00e9r\u00eat central, les propositions s\u2019attachant \u00e0 \u00e9tudier les actions et modes de fonctionnement d\u2019instances sur d\u2019autres territoires (<em>Central Cybersecurity and Information Small Leading Group<\/em> en Chine, <em>Federal Trade Commission<\/em> ou Congr\u00e8s aux \u00c9tats-Unis, initiative PRIDA de l\u2019Union africaine, etc.) sont vivement encourag\u00e9es, car elles permettent d\u2019approcher des dynamiques g\u00e9ostrat\u00e9giques cruciales pour l\u2019avenir des environnements num\u00e9riques mondialis\u00e9s. Ces actions, postures et strat\u00e9gies peuvent s\u2019appuyer sur des principes et crit\u00e8res plus ou moins d\u00e9finis, d\u2019ordre politique (la repr\u00e9sentation des opinions et des affiliations partisanes), socio-culturel (diversit\u00e9s linguistique, religieuse, ethnique) ou \u00e9conomique (concentration, propri\u00e9t\u00e9, aides au pluralisme et \u00e0 la cr\u00e9ation) que les propositions de communication pourront s\u2019attacher \u00e0 mettre en lumi\u00e8re.<\/p>\n<h3 style=\"font-weight: 400;\"><strong>Axe 2&#160;: Les strat\u00e9gies d\u2019ajustement des industries culturelles et m\u00e9diatiques face aux r\u00e9gulations<\/strong><\/h3>\n<p style=\"font-weight: 400;\">Les acteurs des ICM doivent s\u2019ajuster aux contraintes que les \u00c9tats et les instances supranationales essaient de leur imposer. Mais le poids \u00e9conomique des GAFAM, des BATX, et autres Open AI, X Corp ou ByteDance, entreprises mondiales qui g\u00e9n\u00e8rent des revenus sup\u00e9rieurs au PIB de certains pays gr\u00e2ce \u00e0 leur mod\u00e8le \u00e9conomique bas\u00e9 sur l\u2019exploitation des donn\u00e9es des utilisateurs auxquels ils proposent des services \u00ab&#160;gratuits&#160;\u00bb, rend difficile la r\u00e9gulation de leurs activit\u00e9s. Le caract\u00e8re propri\u00e9taire du code-source des algorithmes et le secret des affaires ajoutent \u00e0 la complexit\u00e9. Ces services demeurent en effet la plupart du temps des bo\u00eetes noires, dont l\u2019examen par les autorit\u00e9s de r\u00e9gulation ou les chercheurs et chercheuses est rendu tr\u00e8s d\u00e9licat, faute d\u2019acc\u00e8s aux donn\u00e9es techniques sur leur fonctionnement. Pourtant, les caract\u00e9ristiques de ces grandes industries transnationales entra\u00eenent des probl\u00e8mes sp\u00e9cifiques, qui diff\u00e8rent d\u2019un territoire \u00e0 l\u2019autre en fonction des caract\u00e9ristiques politiques, culturelles et \u00e9conomiques de ces territoires. Ces probl\u00e8mes sont bien document\u00e9s par les recherches en SIC et plus largement en SHS&#160;: abus de position dominante, \u00e9vasion fiscale, non-respect de la vie priv\u00e9e, d\u00e9sinformation, polarisation politique, mauvais traitement des salari\u00e9s, non-respect des droits d\u2019auteurs, etc. Entre gages de transparence et de bonne volont\u00e9, offensives contre les lanceurs d\u2019alerte, lobbying aupr\u00e8s des institutions et entreprises de s\u00e9duction aupr\u00e8s de diff\u00e9rents acteurs (m\u00e9dias, surveillance, universit\u00e9s, etc.), les strat\u00e9gies des ICM pour contourner la r\u00e9gulation ou contribuer \u00e0 la d\u00e9finir sont vari\u00e9es.<\/p>\n<p style=\"font-weight: 400;\">Cet axe invite donc les chercheurs et chercheuses travaillant sp\u00e9cifiquement sur les strat\u00e9gies industrielles, politiques et communicationnelles des acteurs oligopolistiques des ICM \u00e0 questionner leur positionnement face aux initiatives publiques de r\u00e9gulation, nationales ou transnationales, pr\u00e9c\u00e9demment \u00e9voqu\u00e9es. Mais, au-del\u00e0 des GAFAM, il existe d\u2019autres acteurs des ICM, moins visibles, plus locaux, qui doivent se conformer aux nouvelles injonctions impos\u00e9es par les r\u00e9gulateurs, notamment en ce qui concerne les contenus en ligne, et qui disposent <em>a priori<\/em> de moins de ressources \u00e9conomiques et symboliques face \u00e0 ces nouveaux faisceaux de contraintes. Des contributions interrogeant les strat\u00e9gies, ressources et positionnements d\u2019acteurs de moindre envergure face aux r\u00e9gulations, et les effets \u00e9ventuellement ambivalents de ces politiques de r\u00e9gulation sur ces derniers, seront les bienvenues.<\/p>\n<h3 style=\"font-weight: 400;\"><strong>Axe 3&#160;: Circulation internationale des discours et r\u00e9gulations territorialis\u00e9es<\/strong><\/h3>\n<p style=\"font-weight: 400;\">Avec le d\u00e9veloppement du web puis des r\u00e9seaux socio-num\u00e9riques (RSN), les services propos\u00e9s par les acteurs de la <em>tech<\/em>permettent, suscitent, puis encadrent et exploitent la production et la diffusion internationale de toutes sortes de discours. \u00c9manant d&rsquo;individus comme de personnes morales, r\u00e9pondant \u00e0 des enjeux extr\u00eamement vari\u00e9s, ces discours pouvant \u00eatre pr\u00e9sents sur le m\u00eame service rel\u00e8vent de logiques informatives, conversationnelles et communicationnelles. La propagation socio-affinitaire des contenus s\u2019effectue alors au sein de <em>communaut\u00e9s<\/em>, terme pivot de la strat\u00e9gie de segmentation et de personnalisation \u00e0 laquelle r\u00e9pond le fonctionnement algorithmique de ces services. Envisag\u00e9 au d\u00e9but des ann\u00e9es 2000 comme un vecteur d\u2019ouverture et de dynamisation du d\u00e9bat public, le projet utopique d\u2019internet semble avoir bascul\u00e9, au fil de son investissement par des acteurs industriels de l\u2019information et de la communication, vers la figure du champ de bataille ide\u0301ologique entre communaute\u0301s polarise\u0301es. Ce basculement, op\u00e9r\u00e9 au cours des ann\u00e9es 2010 et largement document\u00e9 depuis par les SIC (voir notamment Badouard 2020), pose la question des crit\u00e8res et des modalit\u00e9s d\u2019encadrement de la circulation de la parole au sein de ces espaces. C\u2019est d\u2019autant plus crucial dans un contexte sociopolitique marqu\u00e9 par des formes de polarisation id\u00e9ologique des individus, par l\u2019installation sur les RSN de logiques d\u2019affrontement entre fractions de la soci\u00e9t\u00e9 et par le raidissement des \u00c9tats vis-\u00e0-vis de la libert\u00e9 d\u2019expression. Le web, \u00e0 cet \u00e9gard, a \u00e9t\u00e9 un terrain de structuration, ces derni\u00e8res ann\u00e9es, de discours r\u00e9actionnaires, x\u00e9nophobes et violents qui mettent en p\u00e9ril la coh\u00e9sion sociale et l\u2019int\u00e9grit\u00e9 du d\u00e9bat public, et qui contreviennent bien souvent aux lois des territoires au sein desquels ils circulent.<\/p>\n<p style=\"font-weight: 400;\">Dans ce contexte, cet axe vise \u00e0 mieux comprendre les crit\u00e8res, modalit\u00e9s et difficult\u00e9s de r\u00e9gulation de ces discours circulant \u00e0 l\u2019\u00e9chelle internationale, par des acteurs situ\u00e9s g\u00e9ographiquement et culturellement, sur la base de lois attach\u00e9es \u00e0 des territoires circonscrits. Les propositions questionnant les processus de mod\u00e9ration et la mise en (in)visibilit\u00e9 de visions du monde \u00e0 laquelle ces derniers peuvent contribuer seront les bienvenues. Les contributions pourront questionner les visions situ\u00e9es de la libert\u00e9 d\u2019expression, les processus destin\u00e9s \u00e0 la garantir ainsi que ses exceptions l\u00e9gales sur diff\u00e9rents territoires. Elles pourront interroger les ressources et biais culturels de la mod\u00e9ration, les transferts de responsabilit\u00e9s et de pr\u00e9rogatives entre force publique et acteurs priv\u00e9s dans la mise en \u0153uvre de cette r\u00e9gulation, ou encore les outils d\u00e9ploy\u00e9s par l\u2019action publique face aux strat\u00e9gies \u00ab&#160;d\u2019industrialisation du biais&#160;\u00bb, recouvrant les techniques de propagande, les tentatives de d\u00e9stabilisation et les ing\u00e9rences \u00e9trang\u00e8res au sein des RSN.<\/p>\n<h3 style=\"font-weight: 400;\"><strong>Axe 4&#160;: Mobilisations des supports num\u00e9riques \u00e0 des fins politiques<\/strong><\/h3>\n<p style=\"font-weight: 400;\">Le rouleau compresseur des g\u00e9ants du num\u00e9rique dont le terrain de jeu est mondial n\u2019a pas pour autant rel\u00e9gu\u00e9 aux oubliettes les \u00c9tats nationaux. Bien au contraire&#160;: des discours souverainistes gagnent en popularit\u00e9 face aux incertitudes du monde globalis\u00e9 per\u00e7u souvent comme mena\u00e7ant. Ainsi, apr\u00e8s avoir appel\u00e9 de tous leurs v\u0153ux ce qu\u2019ils nommaient leur \u00ab&#160;retour \u00e0 l\u2019Europe&#160;\u00bb et ses valeurs d\u00e9mocratiques apr\u00e8s la chute des r\u00e9gimes communistes, certains pays de l\u2019Europe centrale ont c\u00e9d\u00e9 aux sir\u00e8nes du populisme \u00e0 coloration souverainiste. Faisant de la d\u00e9nonciation des multinationales et des influences \u00e9trang\u00e8res leur principal fonds de commerce, ces r\u00e9gimes n\u2019h\u00e9sitent pas \u00e0 se servir des possibilit\u00e9s offertes par le num\u00e9rique pour promouvoir et d\u00e9fendre leurs int\u00e9r\u00eats comme l\u2019a fait, par exemple, le parti souverainiste PiS, au pouvoir en Pologne de 2015 \u00e0 2023 en instrumentalisant les portails de l\u2019information locale en ligne en sa faveur. Tandis que dans la zone MENA (Moyen-Orient et Afrique du Nord), les r\u00e9gimes autoritaires revenus aux commandes apr\u00e8s les r\u00e9volutions arabes introduisent des politiques publiques ayant pour but la reprise en main des m\u00e9dias. Cependant, l\u2019objectif d\u2019exercer un contr\u00f4le total sur l\u2019information \u00ab&#160;de l\u2019int\u00e9rieur&#160;\u00bb n\u2019est plus atteignable tellement les fronti\u00e8res se sont faites poreuses (Guaaybess, 2023). Enfin, la Russie engag\u00e9e dans la guerre contre l\u2019Ukraine pr\u00e9sente encore un cas de figure diff\u00e9rent avec l\u2019organisation par le r\u00e9gime de Poutine de la mobilisation de l\u2019espace num\u00e9rique de ce pays en faveur de la guerre (Kiriya, 2021, 2022). Et si l\u2019exemple de la Russie montre en m\u00eame temps que s\u2019il est impossible aujourd\u2019hui, avec le num\u00e9rique, de fermer enti\u00e8rement l\u2019acc\u00e8s \u00e0 l\u2019espace national aux flux informationnels ext\u00e9rieurs, les outils num\u00e9riques de plus en plus sophistiqu\u00e9s permettent \u00e9galement de contr\u00f4ler de mieux en mieux ces flux et leurs consommateurs, contr\u00f4le dont le r\u00e9gime chinois est devenu l\u2019embl\u00e8me avec son dispositif de \u00ab&#160;cr\u00e9dit social&#160;\u00bb semblable \u00e0 un permis \u00e0 point.<\/p>\n<p style=\"font-weight: 400;\">De mani\u00e8re plus g\u00e9n\u00e9rale, cet axe a vocation \u00e0 accueillir des propositions destin\u00e9es \u00e0 interroger la mesure dans laquelle les instances de r\u00e9gulation peuvent appara\u00eetre dans certains pays autoritaires (voire dans des d\u00e9mocraties de moins en moins lib\u00e9rales) comme le faux nez de politiques r\u00e9pressives. Un cadre politique stable et des institutions d\u00e9mocratiques attach\u00e9es aux valeurs du pluralisme et de la diversit\u00e9 culturelle ainsi qu\u2019\u00e0 l\u2019id\u00e9e de l\u2019ind\u00e9pendance de la r\u00e9gulation des m\u00e9dias constituent des conditions <em>sine qua non<\/em> d\u2019une r\u00e9gulation au service de l\u2019int\u00e9r\u00eat g\u00e9n\u00e9ral. Sans ces conditions, des ing\u00e9rences des \u00c9tats ou des acteurs industriels, voire des collaborations discr\u00e9tionnaires entre ces deux types d\u2019acteurs, portant atteinte \u00e0 la diversit\u00e9 culturelle ou au pluralisme des opinions seront toujours possibles. Ce sont ces enjeux que les chercheurs et chercheuses sont invit\u00e9\u00b7es \u00e0 travailler dans cet axe.<\/p>\n<h2 style=\"font-weight: 400;\"><strong>R\u00e9f\u00e9rences cit\u00e9es&#160;:<\/strong><\/h2>\n<p style=\"font-weight: 400;\">Badouard, Romain (2020). <em>Les nouvelles lois du web. Mod\u00e9ration et censure<\/em>, Paris, Seuil, coll. \u00ab&#160;La r\u00e9publique des id\u00e9es&#160;\u00bb.<\/p>\n<p style=\"font-weight: 400;\">Benoist, Odina (2011). \u00ab&#160;Penser le pluralisme&#160;\u00bb. In Benoist Odina, &amp; Isar, Herv\u00e9 (dir.). <em>Pluralisme. Pluralismes<\/em>. Marseille&#160;: Presses universitaires d\u2019Aix-Marseille, p.\u00a011-19.<\/p>\n<p style=\"font-weight: 400;\">Bouquillion, Philippe &amp; Comb\u00e8s, Yolande (2011). \u00ab&#160;Introduction&#160;\u00bb. In Philippe Bouquillion&#160;; Yolande Comb\u00e8s (dir.) (2011). <em>Diversit\u00e9 et industries culturelles<\/em>. Paris &#160;: L\u2019Harmattan.<\/p>\n<p style=\"font-weight: 400;\">Cabedoche, Bertrand &amp; Cartellier, Dominique &amp; Holubowicz, Maria (coord.). (2021) \u00ab&#160;Action publique et \u00ab&#160;diversit\u00e9 culturelle&#160;\u00bb&#160;: perspectives internationales&#160;\u00bb. Dossier 2021, <em>Les Enjeux de l\u2019Information et de la Communication<\/em>, n\u00b022\/2,<a href=\"https:\/\/lesenjeux.univ-grenoble-alpes.fr\/annee\/2021\/\">2021<\/a>. [En ligne] URL&#160;: <a href=\"https:\/\/lesenjeux.univ-grenoble-alpes.fr\/2021\/articles-revue\/dossier-2021-action-publique-et-diversite-culturelle-perspectives-internationales\/\">https:\/\/lesenjeux.univ-grenoble-alpes.fr\/2021\/articles-revue\/dossier-2021-action-publique-et-diversite-culturelle-perspectives-internationales\/<\/a><\/p>\n<p style=\"font-weight: 400;\">Conseil constitutionnel (1986), D\u00e9cision du Conseil constitutionnel n\u00b0 86-217 DC du 18 septembre 1986 se rapportant \u00e0 la loi relative \u00e0 la libert\u00e9 de la communication&#160;:<a href=\"http:\/\/www.conseil-constitutionnel.fr\/conseil-constitutionnel\/francais\/les-decisions\/acces-par-date\/decisions-depuis-1959\/1986\/86-217-dc\/decision-n-86-217-dc-du-18-septembre-1986.8289.html\"> http:\/\/www.conseil-constitutionnel.fr\/conseil-constitutionnel\/francais\/les-decisions\/acces-par-date\/decisions-depuis-1959\/1986\/86-217-dc\/decision-n-86-217-dc-du-18-septembre-1986.8289.html<\/a><\/p>\n<p style=\"font-weight: 400;\">Dagnaud, Monique (dir.) (2000). <em>M\u00e9dias, promouvoir la diversit\u00e9 culturelle<\/em>. Rapport du commissariat g\u00e9n\u00e9ral du plan.<\/p>\n<p style=\"font-weight: 400;\">Debbasch, Charles&#160;; Daudet, Yves et all (1992). <em>Lexique de politique. <\/em><em>\u00c9tats, vie politique, relations internationales<\/em>. Paris&#160;: Dalloz.<\/p>\n<p style=\"font-weight: 400;\">Guaaybess, Tourya (2023). Media Policy in the MENA&#160;: The Political Impact of Media Confluence. Joe F. Khalil&#160;; Gholam Khiabany&#160;; Tourya Guaaybess&#160;; Bilge Yesil. <em>The Handbook of Media and Culture in the Middle East<\/em>, Wiley, p. 93-106.<\/p>\n<p style=\"font-weight: 400;\">Isar, Herv\u00e9 (2011). \u00ab&#160;L\u2019organisation structurale des pluralismes&#160;: contribution \u00e0 une approche \u00e9pist\u00e9mologique de la pluridisciplinarit\u00e9 en sciences humaines et sociales&#160;\u00bb. In Benoist Odina&#160;; Isar, Herv\u00e9 (dir.). <em>Pluralisme. Pluralismes<\/em>. Presses universitaires d\u2019Aix-Marseille, 227-233.<\/p>\n<p style=\"font-weight: 400;\">Kiriya, Ilya (2022). \u00ab&#160;La guerre en Ukraine comme la faillite de la \u00ab&#160;puissance douce&#160;\u00bb de la Russie&#160;\u00bb, Herm\u00e8s, La Revue, 2022\/2 (n\u00b0 90), p. 227-230. URL&#160;: https:\/\/www.cairn.info\/revue-hermes-la-revue-2022-2-page-227.htm<\/p>\n<p style=\"font-weight: 400;\">Kiriya, Ilya, (2021). \u00ab&#160;From \u201cTroll Factories\u201d to \u201cLittering the Information Space\u201d&#160;: Control Strategies Over the Russian Internet&#160;\u00bb. <em>Media and Communication<\/em>, 9(4), p. 16-26. DOI&#160;: https:\/\/doi.org\/10.17645\/mac.v9i4.4177<\/p>\n<p style=\"font-weight: 400;\">Mattelart Tristan, \u00ab&#160;Enjeux intellectuels de la diversit\u00e9 culturelle. \u00c9l\u00e9ments de d\u00e9construction th\u00e9orique&#160;\u00bb, <em>Culture prospective<\/em>, 2009\/2 (n\u00b02), 1-8. DOI&#160;: 10.3917\/culp.092.0001. URL&#160;: <a href=\"https:\/\/www.cairn.info\/revue-culture-prospective-2009-2-page-1.htm\">https:\/\/www.cairn.info\/revue-culture-prospective-2009-2-page-1.htm<\/a><\/p>\n<p style=\"font-weight: 400;\">Rebillard, Franck&#160;; Loicq, Marl\u00e8ne (2013). \u00ab&#160;Introduction&#160;: L&rsquo;approche du pluralisme de l&rsquo;information en France et la recherche internationale sur la <em>media diversity<\/em>&#160;\u00bb. In Franck Rebillard (\u00e9d.), <em>Pluralisme de l\u2019information et media diversity. Un \u00e9tat des lieux international. <\/em>Louvain-la-Neuve&#160;: De Boeck Sup\u00e9rieur, coll. \u00ab&#160;Culture &amp; Communication&#160;\u00bb, 7-15. DOI&#160;: 10.3917\/dbu.loicq.2013.01.0007.<\/p>\n<p style=\"font-weight: 400;\">Unesco, (2001), D\u00e9claration universelle de l&rsquo;UNESCO sur la diversit\u00e9 culturelle. URL&#160;: <a href=\"https:\/\/www.unesco.org\/fr\/legal-affairs\/unesco-universal-declaration-cultural-diversity\">https:\/\/www.unesco.org\/fr\/legal-affairs\/unesco-universal-declaration-cultural-diversity<\/a><\/p>\n<h2 style=\"font-weight: 400;\"><strong>Modalit\u00e9s de soumission des propositions de communication<\/strong><\/h2>\n<p style=\"font-weight: 400;\">Les propositions de communications respecteront le format suivant&#160;: pr\u00e9sentation d\u2019une probl\u00e9matique, d\u2019un cadre th\u00e9orique, d\u2019une m\u00e9thodologie et des donn\u00e9es de terrain ainsi que d\u2019une bibliographie indicative, et \u00e9ventuellement apporteront des \u00e9l\u00e9ments sur les r\u00e9sultats et les conclusions envisag\u00e9es, en 5000 signes environ, espaces compris, hors r\u00e9f\u00e9rences bibliographiques.<\/p>\n<p style=\"font-weight: 400;\"><strong>Elles doivent \u00eatre envoy\u00e9es aux adresses suivantes&#160;:<\/strong><\/p>\n<p style=\"font-weight: 400;\"><a href=\"mailto:maria.holubowicz@univ-grenoble-alpes.fr\"><strong>maria.holubowicz@univ-grenoble-alpes.fr<\/strong><\/a><\/p>\n<p style=\"font-weight: 400;\"><a href=\"mailto:emmanuel.marty@univ-grenoble-alpes.fr\"><strong>emmanuel.marty@univ-grenoble-alpes.fr<\/strong><\/a><\/p>\n<h2 style=\"font-weight: 400;\"><strong>Calendrier pr\u00e9visionnel&#160;: <\/strong><\/h2>\n<ul>\n<li>Lancement de l\u2019appel \u00e0 communications&#160;: <strong>juin 2024<\/strong><\/li>\n<li>Date limite de d\u00e9p\u00f4t des propositions de communication&#160;: <strong>11 octobre<\/strong> <strong>2024<\/strong><\/li>\n<li>R\u00e9ponse du comit\u00e9 scientifique du colloque&#160;: <strong>18 novembre<\/strong> <strong>2024<\/strong><\/li>\n<\/ul>\n<h2 style=\"font-weight: 400;\"><strong>Mode de valorisation et type de publication envisag\u00e9e&#160;:<\/strong><\/h2>\n<p style=\"font-weight: 400;\">\u00c0 la suite du colloque, les communications pourront faire l\u2019objet d\u2019articles scientifiques d\u2019environ 30 000 signes, soumises \u00e0 une nouvelle \u00e9valuation dans le cadre d\u2019un num\u00e9ro sp\u00e9cial de revue.<\/p>\n<p style=\"font-weight: 400;\"><strong>Comit\u00e9 scientifique<\/strong><\/p>\n<p style=\"font-weight: 400;\">Lucie Alexis, GRESEC, Universit\u00e9 Grenoble Alpes<\/p>\n<p style=\"font-weight: 400;\">Romain Badouard, CARISM, Universit\u00e9 Paris-Panth\u00e9on-Assas<\/p>\n<p style=\"font-weight: 400;\">Dominique Bougerol, IRCAV, Universit\u00e9 Sorbonne Nouvelle<\/p>\n<p style=\"font-weight: 400;\">Nad\u00e8ge Broustau, ReSIC, Universit\u00e9 Libre de Bruxelles<\/p>\n<p style=\"font-weight: 400;\">Bertrand Cabedoche, GRESEC, Universit\u00e9 Grenoble Alpes<\/p>\n<p style=\"font-weight: 400;\">Jean-Chr\u00e9tien Ekambo, C\u00e9com, Institut facultaire des sciences de l&rsquo;information et de la communication, Kinshasa<\/p>\n<p style=\"font-weight: 400;\">Jairo Ferreira, Midiaticom, Universidade Federal de Santa Maria<\/p>\n<p style=\"font-weight: 400;\">\u00c9ric George, CRICIS, Universit\u00e9 du Qu\u00e9bec \u00e0 Montr\u00e9al<\/p>\n<p style=\"font-weight: 400;\">Guylaine Gu\u00e9raud-Pinet, GRESEC, Universit\u00e9 Grenoble Alpes<\/p>\n<p style=\"font-weight: 400;\">Tourya Guaaybess, CREM, Universit\u00e9 de Lorraine<\/p>\n<p style=\"font-weight: 400;\">Maria Holubowicz, GRESEC, Universit\u00e9 Grenoble Alpes<\/p>\n<p style=\"font-weight: 400;\">Ilya Kiriya, GRESEC, Universit\u00e9 Grenoble Alpes<\/p>\n<p style=\"font-weight: 400;\">Olivier Koch, SIC.Lab, Universit\u00e9 C\u00f4te d\u2019Azur<\/p>\n<p style=\"font-weight: 400;\">Benoit Lafon, GRESEC, Universit\u00e9 Grenoble Alpes<\/p>\n<p style=\"font-weight: 400;\">Emmanuel Marty, GRESEC, Universit\u00e9 Grenoble Alpes<\/p>\n<p style=\"font-weight: 400;\">Tristan Mattelart, CARISM, Universit\u00e9 Paris-Panth\u00e9on-Assas<\/p>\n<p style=\"font-weight: 400;\">Bernard Mi\u00e8ge, GRESEC, Universit\u00e9 Grenoble Alpes<\/p>\n<p style=\"font-weight: 400;\">Juan Carlos Miguel de Bustos, Universit\u00e9 du Pays basque<\/p>\n<p style=\"font-weight: 400;\">Lucien Perticoz, Marge,Universit\u00e9 Jean Moulin Lyon 3<\/p>\n<p style=\"font-weight: 400;\">Julien Pierre, LabFluens, Universit\u00e9 de Sherbrooke<\/p>\n<p style=\"font-weight: 400;\">Roselyne Ringoot, GRESEC, Universit\u00e9 Grenoble Alpes<\/p>\n<p style=\"font-weight: 400;\">Chlo\u00eb Salles, GRESEC, Universit\u00e9 Grenoble Alpes<\/p>\n<p style=\"font-weight: 400;\">Laurie Schmitt, GRESEC, Universit\u00e9 Grenoble Alpes<\/p>\n<p style=\"font-weight: 400;\">Nikos Smyrnaios, LERASS, Universit\u00e9 Toulouse 3<\/p>\n<p style=\"font-weight: 400;\">\u00c9milie Terrier, CRJ, Universit\u00e9 Grenoble Alpes<\/p>\n<p style=\"font-weight: 400;\">Louis Wiart, ReSIC, Universit\u00e9 Libre de Bruxelles<\/p>\n<p><a href=\"applewebdata:\/\/352BCD70-1A8F-498B-ADF9-21F147818E97#_ftnref1\" name=\"_ftn1\"><sup>[1]<\/sup><\/a> La notion de \u00ab&#160;diversit\u00e9 culturelle&#160;\u00bb, avec ses connotations plus anthropologiques que politiques, contrairement \u00e0 la notion de \u00ab&#160;pluralisme&#160;\u00bb, fait r\u00e9f\u00e9rence \u00e0 la loi de coexistence de diff\u00e9rentes cultures mais aussi \u00e0 diff\u00e9rentes options culturelles choisies par les individus. Cette notion, trop ambigu\u00eb pour pr\u00e9tendre \u00eatre un concept scientifique, se pr\u00eate \u00e0 toutes les instrumentalisations (Mattelart, 2009). N\u00e9anmoins, si pr\u00e9sente dans le discours public sur la coexistence de diff\u00e9rentes cultures et de diff\u00e9rents concepts culturels, notamment depuis que l&rsquo;UNESCO a publi\u00e9 la <em>D\u00e9claration universelle sur la diversit\u00e9 culturelle<\/em> en 2001, elle ne peut \u00eatre ignor\u00e9e.<\/p>\n<p><a href=\"applewebdata:\/\/352BCD70-1A8F-498B-ADF9-21F147818E97#_ftnref2\" name=\"_ftn2\">[2]<\/a> Le pluralisme (des opinions, des partis politiques, des m\u00e9dias) est consid\u00e9r\u00e9 comme l&rsquo;une des manifestations de la diversit\u00e9 culturelle (Bouquillon, 2011). Il caract\u00e9rise les soci\u00e9t\u00e9s dont le fonctionnement repose sur la coexistence de diverses id\u00e9es et opinions politiques, sociales et religieuses ainsi que de concepts \u00e9conomiques (Debbasch, Daudet, 1992, p.\u00a0337) et est \u00ab&#160;l\u2019un des d\u00e9terminants fondamentaux de la pratique d\u00e9mocratique&#160;\u00bb (Benoist, 2011). Ce principe est aussi l&rsquo;une des applications fondamentales du droit de la communication. Le Conseil constitutionnel fran\u00e7ais, se r\u00e9f\u00e9rant \u00e0 l&rsquo;article 11 de la D\u00e9claration des droits de l&rsquo;homme et du citoyen de 1789, a m\u00eame donn\u00e9 une valeur constitutionnelle au pluralisme des courants d&rsquo;expression socioculturelle (Dagnaud <em>et al.,<\/em> 2000, p.\u00a041&#160;; D\u00e9cision du Conseil constitutionnel n\u00b0\u00a086-217 DC du 18 septembre 1986). Dans le domaine des m\u00e9dias, plus encore qu&rsquo;ailleurs, il s&rsquo;agit d&rsquo;un principe normatif r\u00e9gulant la pratique, c\u2019est pourquoi la loi joue un r\u00f4le fondamental en imposant aux diff\u00e9rentes entit\u00e9s une \u00ab&#160;obligation d\u2019appliquer&#160;\u00bb pour assurer et pr\u00e9server le pluralisme (Isar, 2011). Comme le rappellent Rebillard et Loicq (2013, p.\u00a07), le pluralisme informationnel renvoie \u00e0 une conception id\u00e9altypique du r\u00f4le des m\u00e9dias d\u2019information au sein d\u2019un syst\u00e8me d\u00e9mocratique. En cons\u00e9quence, ces derniers ont pour mission d\u2019informer objectivement leurs destinataires per\u00e7us comme citoyens, en leur pr\u00e9sentant un choix parmi toutes les options id\u00e9ologiques existant dans une soci\u00e9t\u00e9 donn\u00e9e.<\/p>\n<p><a href=\"applewebdata:\/\/352BCD70-1A8F-498B-ADF9-21F147818E97#_ftnref3\" name=\"_ftn3\">[3]<\/a> Voir <a href=\"https:\/\/www.harvardmagazine.com\/2000\/01\/code-is-law-html\">https:\/\/www.harvardmagazine.com\/2000\/01\/code-is-law-html<\/a> et pour une traduction en fran\u00e7ais <a href=\"https:\/\/framablog.org\/2010\/05\/22\/code-is-law-lessig\/\">https:\/\/framablog.org\/2010\/05\/22\/code-is-law-lessig\/<\/a><\/p>\n<p><a href=\"applewebdata:\/\/352BCD70-1A8F-498B-ADF9-21F147818E97#_ftnref4\" name=\"_ftn4\"><sup>[4]<\/sup><\/a> Voir <a href=\"https:\/\/www.arcom.fr\/nos-missions\">https:\/\/www.arcom.fr\/nos-missions<\/a> [consult\u00e9 en mai 2024]<\/p>\n<p>&nbsp;<\/p>\n<\/p><\/div>\n<div class=\"zn-singledetail-partners\">\n<h3 class=\"zn-singledetail-section-title\">Partenaires<\/h3>\n<div class=\"zn-singledetail-partners-list row small-up-2 medium-up-3 large-up-5 partnerlist\" data-equalizer data-equalize-on=\"medium\">\n<article class=\"summarypartner partner-3864 column\">\n\t<a class=\"summarypartner-box\" href=\"http:\/\/gresec.univ-grenoble-alpes.fr\" title=\"GRESEC\">\t\t<\/p>\n<div class=\"summarypartner-box-inner\" data-equalizer-watch>\n<div class=\"summarypartner-imgbox\">\n<figure class=\"summarypartner-figure\">\n\t\t\t\t\t<img decoding=\"async\" class=\"summarypartner-img\" src=\"https:\/\/www.sfsic.org\/wp-inside\/uploads\/skp-membership\/demande_adh\/logo-4.png\" alt=\"logo GRESEC\" ><br \/>\n\t\t\t\t\t\t\t\t\t<\/figure>\n<\/p><\/div>\n<div class=\"summarypartner-content\">\n<div class=\"summarypartner-content-inner\">\n<header class=\"summarypartner-header\">\n<h3 class=\"summarypartner-title\">\n\t\t\t\t\t\t\tGRESEC\t\t\t\t\t\t<\/h3>\n<p class=\"summarypartner-acronym\">\n\t\t\t\t\t\t\tGRESEC\t\t\t\t\t\t<\/p>\n<\/header><\/div>\n<\/p><\/div>\n<\/p><\/div>\n<p>\t<\/a><\/article>\n<\/p><\/div>\n<\/p><\/div>\n<div class=\"zn-singledetail-attachedfiles\">\n<h3 class=\"zn-singledetail-section-title\">Fichier(s) attach\u00e9(s)<\/h3>\n<ul class=\"zn-singledetail-attachedfiles-list\">\n<li class=\"zn-singledetail-attachedfiles-item\">\n\t\t\t\t\t\t\t<a class=\"zn-singledetail-attachedfiles-link button outline for-download\" href=\"https:\/\/www.sfsic.org\/wp-inside\/uploads\/skp-membership\/demande_adh\/aac-action-publique-numerisation-2025.pdf\" title=\"T\u00e9l\u00e9charger : \u00ab aac-action-publique-numerisation-2025.pdf \u00bb\" target=\"_blank\" rel=\"noopener\"><br \/>\n\t\t\t\t\t\t\t\t<span class=\"button-txt\">AAC Action publique num\u00e9risation 2025<span class=\"button-txt-type\"> (pdf)<\/span><\/span><br \/>\n\t\t\t\t\t\t\t<\/a>\n\t\t\t\t\t\t<\/li>\n<\/ul><\/div>\n<div class=\"zn-singledetail-keywords\">\n<h3 class=\"zn-singledetail-section-title\">Mots-cl\u00e9s<\/h3>\n<ul class=\"termslist termslist-post_tag\">\n<li class=\"termslist-item termslist-title\"><span class=\"termslist-titletxt\">Mots-cl\u00e9s<\/span><span class=\"doubledot\"><\/span><\/li>\n<li class=\"termslist-item tax-post_tag term-action-publique\"><a class=\"termslist-itemlink\" href=\"https:\/\/www.sfsic.org\/tag\/action-publique\/\" title=\"Action publique\"><span class=\"termslist-itemname\">Action publique<\/span><\/a><\/li>\n<li class=\"termslist-item tax-post_tag term-numerique\"><a class=\"termslist-itemlink\" href=\"https:\/\/www.sfsic.org\/tag\/numerique\/\" title=\"Num\u00e9rique\"><span class=\"termslist-itemname\">Num\u00e9rique<\/span><\/a><\/li>\n<\/ul><\/div>\n<\/p><\/div>\n<\/p><\/div>\n<\/p><\/div>\n<\/p><\/div>\n<\/div>\n<p><!-- \/fxzn:singledetail --><\/p>\n","protected":false},"excerpt":{"rendered":"<p>Mis en ligne le 1 octobre 2024 Th\u00e9matiques Images, cin\u00e9ma, m\u00e9dias audiovisuels et industries culturelles M\u00e9dias et journalisme Num\u00e9rique : strat\u00e9gies, dispositifs et usages R\u00e9ponse attendue pour le 11\/10\/2024 Type [&hellip;]<\/p>\n","protected":false},"author":957,"featured_media":0,"comment_status":"closed","ping_status":"closed","sticky":false,"template":"","format":"standard","meta":{"_acf_changed":false,"footnotes":""},"categories":[29,57],"tags":[651,90],"thematique":[35,34,39],"sfsic":[27],"class_list":["post-32796","post","type-post","status-publish","format-standard","hentry","category-aac-evenement","category-colloque","tag-action-publique","tag-numerique","thematique-images-cinema-medias-audiovisuels-et-industries-culturelles","thematique-medias-et-journalisme","thematique-numerique-strategies-dispositifs-et-usages","sfsic-labels","wp-sticky"],"acf":[],"yoast_head":"<!-- This site is optimized with the Yoast SEO plugin v27.4 - https:\/\/yoast.com\/product\/yoast-seo-wordpress\/ -->\n<title>Action publique et num\u00e9risation des industries culturelles et m\u00e9diatiques<\/title>\n<meta name=\"description\" content=\"Le colloque \u00ab Action publique et num\u00e9risation des industries culturelles et m\u00e9diatiques : enjeux de r\u00e9gulation dans les territoires \u00bb se tiendra les 3 et 4 avril prochains. L&#039;AAC est en ligne.\" \/>\n<meta name=\"robots\" content=\"index, follow, max-snippet:-1, max-image-preview:large, max-video-preview:-1\" \/>\n<link rel=\"canonical\" href=\"https:\/\/www.sfsic.org\/en\/aac-evenement\/action-publique-et-numerisation-des-industries-culturelles-et-mediatiques\/\" \/>\n<meta property=\"og:locale\" content=\"en_US\" \/>\n<meta property=\"og:type\" content=\"article\" \/>\n<meta property=\"og:title\" content=\"Action publique et num\u00e9risation des industries culturelles et m\u00e9diatiques\" \/>\n<meta property=\"og:description\" content=\"Le colloque \u00ab Action publique et num\u00e9risation des industries culturelles et m\u00e9diatiques : enjeux de r\u00e9gulation dans les territoires \u00bb se tiendra les 3 et 4 avril prochains. L&#039;AAC est en ligne.\" \/>\n<meta property=\"og:url\" content=\"https:\/\/www.sfsic.org\/en\/aac-evenement\/action-publique-et-numerisation-des-industries-culturelles-et-mediatiques\/\" \/>\n<meta property=\"og:site_name\" content=\"SFSIC\" \/>\n<meta property=\"article:published_time\" content=\"2024-10-01T09:05:29+00:00\" \/>\n<meta property=\"article:modified_time\" content=\"2024-12-06T14:23:16+00:00\" \/>\n<meta property=\"og:image\" content=\"https:\/\/www.sfsic.org\/wp-inside\/uploads\/skp-membership\/demande_adh\/logo-4.png\" \/>\n<meta name=\"author\" content=\"Fabien Bonnet\" \/>\n<meta name=\"twitter:card\" content=\"summary_large_image\" \/>\n<script type=\"application\/ld+json\" class=\"yoast-schema-graph\">{\"@context\":\"https:\\\/\\\/schema.org\",\"@graph\":[{\"@type\":\"Article\",\"@id\":\"https:\\\/\\\/www.sfsic.org\\\/en\\\/aac-evenement\\\/action-publique-et-numerisation-des-industries-culturelles-et-mediatiques\\\/#article\",\"isPartOf\":{\"@id\":\"https:\\\/\\\/www.sfsic.org\\\/en\\\/aac-evenement\\\/action-publique-et-numerisation-des-industries-culturelles-et-mediatiques\\\/\"},\"author\":{\"name\":\"Fabien Bonnet\",\"@id\":\"https:\\\/\\\/www.sfsic.org\\\/en\\\/#\\\/schema\\\/person\\\/9f83573bda33f40c68c7c826e9567df6\"},\"headline\":\"Action publique et num\u00e9risation des industries culturelles et m\u00e9diatiques\",\"datePublished\":\"2024-10-01T09:05:29+00:00\",\"dateModified\":\"2024-12-06T14:23:16+00:00\",\"mainEntityOfPage\":{\"@id\":\"https:\\\/\\\/www.sfsic.org\\\/en\\\/aac-evenement\\\/action-publique-et-numerisation-des-industries-culturelles-et-mediatiques\\\/\"},\"wordCount\":3867,\"publisher\":{\"@id\":\"https:\\\/\\\/www.sfsic.org\\\/en\\\/#organization\"},\"image\":{\"@id\":\"https:\\\/\\\/www.sfsic.org\\\/en\\\/aac-evenement\\\/action-publique-et-numerisation-des-industries-culturelles-et-mediatiques\\\/#primaryimage\"},\"thumbnailUrl\":\"https:\\\/\\\/www.sfsic.org\\\/wp-inside\\\/uploads\\\/skp-membership\\\/demande_adh\\\/logo-4.png\",\"keywords\":[\"Action publique\",\"Num\u00e9rique\"],\"articleSection\":[\"AAC \u00c9v\u00e9nement\",\"Colloque\"],\"inLanguage\":\"en-US\"},{\"@type\":\"WebPage\",\"@id\":\"https:\\\/\\\/www.sfsic.org\\\/en\\\/aac-evenement\\\/action-publique-et-numerisation-des-industries-culturelles-et-mediatiques\\\/\",\"url\":\"https:\\\/\\\/www.sfsic.org\\\/en\\\/aac-evenement\\\/action-publique-et-numerisation-des-industries-culturelles-et-mediatiques\\\/\",\"name\":\"Action publique et num\u00e9risation des industries culturelles et m\u00e9diatiques\",\"isPartOf\":{\"@id\":\"https:\\\/\\\/www.sfsic.org\\\/en\\\/#website\"},\"primaryImageOfPage\":{\"@id\":\"https:\\\/\\\/www.sfsic.org\\\/en\\\/aac-evenement\\\/action-publique-et-numerisation-des-industries-culturelles-et-mediatiques\\\/#primaryimage\"},\"image\":{\"@id\":\"https:\\\/\\\/www.sfsic.org\\\/en\\\/aac-evenement\\\/action-publique-et-numerisation-des-industries-culturelles-et-mediatiques\\\/#primaryimage\"},\"thumbnailUrl\":\"https:\\\/\\\/www.sfsic.org\\\/wp-inside\\\/uploads\\\/skp-membership\\\/demande_adh\\\/logo-4.png\",\"datePublished\":\"2024-10-01T09:05:29+00:00\",\"dateModified\":\"2024-12-06T14:23:16+00:00\",\"description\":\"Le colloque \u00ab Action publique et num\u00e9risation des industries culturelles et m\u00e9diatiques : enjeux de r\u00e9gulation dans les territoires \u00bb se tiendra les 3 et 4 avril prochains. L'AAC est en ligne.\",\"breadcrumb\":{\"@id\":\"https:\\\/\\\/www.sfsic.org\\\/en\\\/aac-evenement\\\/action-publique-et-numerisation-des-industries-culturelles-et-mediatiques\\\/#breadcrumb\"},\"inLanguage\":\"en-US\",\"potentialAction\":[{\"@type\":\"ReadAction\",\"target\":[\"https:\\\/\\\/www.sfsic.org\\\/en\\\/aac-evenement\\\/action-publique-et-numerisation-des-industries-culturelles-et-mediatiques\\\/\"]}]},{\"@type\":\"ImageObject\",\"inLanguage\":\"en-US\",\"@id\":\"https:\\\/\\\/www.sfsic.org\\\/en\\\/aac-evenement\\\/action-publique-et-numerisation-des-industries-culturelles-et-mediatiques\\\/#primaryimage\",\"url\":\"https:\\\/\\\/www.sfsic.org\\\/wp-inside\\\/uploads\\\/skp-membership\\\/demande_adh\\\/logo-4.png\",\"contentUrl\":\"https:\\\/\\\/www.sfsic.org\\\/wp-inside\\\/uploads\\\/skp-membership\\\/demande_adh\\\/logo-4.png\"},{\"@type\":\"BreadcrumbList\",\"@id\":\"https:\\\/\\\/www.sfsic.org\\\/en\\\/aac-evenement\\\/action-publique-et-numerisation-des-industries-culturelles-et-mediatiques\\\/#breadcrumb\",\"itemListElement\":[{\"@type\":\"ListItem\",\"position\":1,\"name\":\"Accueil\",\"item\":\"https:\\\/\\\/www.sfsic.org\\\/en\\\/\"},{\"@type\":\"ListItem\",\"position\":2,\"name\":\"Calls for Contributions\",\"item\":\"https:\\\/\\\/www.sfsic.org\\\/en\\\/cfc-event\\\/\"},{\"@type\":\"ListItem\",\"position\":3,\"name\":\"Conference\",\"item\":\"https:\\\/\\\/www.sfsic.org\\\/en\\\/cfc-event\\\/conference\\\/\"},{\"@type\":\"ListItem\",\"position\":4,\"name\":\"Action publique et num\u00e9risation des industries culturelles et m\u00e9diatiques\"}]},{\"@type\":\"WebSite\",\"@id\":\"https:\\\/\\\/www.sfsic.org\\\/en\\\/#website\",\"url\":\"https:\\\/\\\/www.sfsic.org\\\/en\\\/\",\"name\":\"SFSIC\",\"description\":\"Soci\u00e9t\u00e9 Fran\u00e7aise des Sciences de l&#039;Information &amp; de la Communication\",\"publisher\":{\"@id\":\"https:\\\/\\\/www.sfsic.org\\\/en\\\/#organization\"},\"potentialAction\":[{\"@type\":\"SearchAction\",\"target\":{\"@type\":\"EntryPoint\",\"urlTemplate\":\"https:\\\/\\\/www.sfsic.org\\\/en\\\/?s={search_term_string}\"},\"query-input\":{\"@type\":\"PropertyValueSpecification\",\"valueRequired\":true,\"valueName\":\"search_term_string\"}}],\"inLanguage\":\"en-US\"},{\"@type\":\"Organization\",\"@id\":\"https:\\\/\\\/www.sfsic.org\\\/en\\\/#organization\",\"name\":\"SFSIC\",\"url\":\"https:\\\/\\\/www.sfsic.org\\\/en\\\/\",\"logo\":{\"@type\":\"ImageObject\",\"inLanguage\":\"en-US\",\"@id\":\"https:\\\/\\\/www.sfsic.org\\\/en\\\/#\\\/schema\\\/logo\\\/image\\\/\",\"url\":\"https:\\\/\\\/www.sfsic.org\\\/wp-inside\\\/uploads\\\/2020\\\/05\\\/logo-sfsic.jpg\",\"contentUrl\":\"https:\\\/\\\/www.sfsic.org\\\/wp-inside\\\/uploads\\\/2020\\\/05\\\/logo-sfsic.jpg\",\"width\":1085,\"height\":1080,\"caption\":\"SFSIC\"},\"image\":{\"@id\":\"https:\\\/\\\/www.sfsic.org\\\/en\\\/#\\\/schema\\\/logo\\\/image\\\/\"}},{\"@type\":\"Person\",\"@id\":\"https:\\\/\\\/www.sfsic.org\\\/en\\\/#\\\/schema\\\/person\\\/9f83573bda33f40c68c7c826e9567df6\",\"name\":\"Fabien Bonnet\",\"image\":{\"@type\":\"ImageObject\",\"inLanguage\":\"en-US\",\"@id\":\"https:\\\/\\\/secure.gravatar.com\\\/avatar\\\/88a9288fc13369cb9e30359afa340f8adace82098c18ff09415c6dacd710ddc4?s=96&d=mm&r=g\",\"url\":\"https:\\\/\\\/secure.gravatar.com\\\/avatar\\\/88a9288fc13369cb9e30359afa340f8adace82098c18ff09415c6dacd710ddc4?s=96&d=mm&r=g\",\"contentUrl\":\"https:\\\/\\\/secure.gravatar.com\\\/avatar\\\/88a9288fc13369cb9e30359afa340f8adace82098c18ff09415c6dacd710ddc4?s=96&d=mm&r=g\",\"caption\":\"Fabien Bonnet\"}}]}<\/script>\n<!-- \/ Yoast SEO plugin. -->","yoast_head_json":{"title":"Action publique et num\u00e9risation des industries culturelles et m\u00e9diatiques","description":"Le colloque \u00ab Action publique et num\u00e9risation des industries culturelles et m\u00e9diatiques : enjeux de r\u00e9gulation dans les territoires \u00bb se tiendra les 3 et 4 avril prochains. L'AAC est en ligne.","robots":{"index":"index","follow":"follow","max-snippet":"max-snippet:-1","max-image-preview":"max-image-preview:large","max-video-preview":"max-video-preview:-1"},"canonical":"https:\/\/www.sfsic.org\/en\/aac-evenement\/action-publique-et-numerisation-des-industries-culturelles-et-mediatiques\/","og_locale":"en_US","og_type":"article","og_title":"Action publique et num\u00e9risation des industries culturelles et m\u00e9diatiques","og_description":"Le colloque \u00ab Action publique et num\u00e9risation des industries culturelles et m\u00e9diatiques : enjeux de r\u00e9gulation dans les territoires \u00bb se tiendra les 3 et 4 avril prochains. L'AAC est en ligne.","og_url":"https:\/\/www.sfsic.org\/en\/aac-evenement\/action-publique-et-numerisation-des-industries-culturelles-et-mediatiques\/","og_site_name":"SFSIC","article_published_time":"2024-10-01T09:05:29+00:00","article_modified_time":"2024-12-06T14:23:16+00:00","og_image":[{"url":"https:\/\/www.sfsic.org\/wp-inside\/uploads\/skp-membership\/demande_adh\/logo-4.png","type":"","width":"","height":""}],"author":"Fabien Bonnet","twitter_card":"summary_large_image","schema":{"@context":"https:\/\/schema.org","@graph":[{"@type":"Article","@id":"https:\/\/www.sfsic.org\/en\/aac-evenement\/action-publique-et-numerisation-des-industries-culturelles-et-mediatiques\/#article","isPartOf":{"@id":"https:\/\/www.sfsic.org\/en\/aac-evenement\/action-publique-et-numerisation-des-industries-culturelles-et-mediatiques\/"},"author":{"name":"Fabien Bonnet","@id":"https:\/\/www.sfsic.org\/en\/#\/schema\/person\/9f83573bda33f40c68c7c826e9567df6"},"headline":"Action publique et num\u00e9risation des industries culturelles et m\u00e9diatiques","datePublished":"2024-10-01T09:05:29+00:00","dateModified":"2024-12-06T14:23:16+00:00","mainEntityOfPage":{"@id":"https:\/\/www.sfsic.org\/en\/aac-evenement\/action-publique-et-numerisation-des-industries-culturelles-et-mediatiques\/"},"wordCount":3867,"publisher":{"@id":"https:\/\/www.sfsic.org\/en\/#organization"},"image":{"@id":"https:\/\/www.sfsic.org\/en\/aac-evenement\/action-publique-et-numerisation-des-industries-culturelles-et-mediatiques\/#primaryimage"},"thumbnailUrl":"https:\/\/www.sfsic.org\/wp-inside\/uploads\/skp-membership\/demande_adh\/logo-4.png","keywords":["Action publique","Num\u00e9rique"],"articleSection":["AAC \u00c9v\u00e9nement","Colloque"],"inLanguage":"en-US"},{"@type":"WebPage","@id":"https:\/\/www.sfsic.org\/en\/aac-evenement\/action-publique-et-numerisation-des-industries-culturelles-et-mediatiques\/","url":"https:\/\/www.sfsic.org\/en\/aac-evenement\/action-publique-et-numerisation-des-industries-culturelles-et-mediatiques\/","name":"Action publique et num\u00e9risation des industries culturelles et m\u00e9diatiques","isPartOf":{"@id":"https:\/\/www.sfsic.org\/en\/#website"},"primaryImageOfPage":{"@id":"https:\/\/www.sfsic.org\/en\/aac-evenement\/action-publique-et-numerisation-des-industries-culturelles-et-mediatiques\/#primaryimage"},"image":{"@id":"https:\/\/www.sfsic.org\/en\/aac-evenement\/action-publique-et-numerisation-des-industries-culturelles-et-mediatiques\/#primaryimage"},"thumbnailUrl":"https:\/\/www.sfsic.org\/wp-inside\/uploads\/skp-membership\/demande_adh\/logo-4.png","datePublished":"2024-10-01T09:05:29+00:00","dateModified":"2024-12-06T14:23:16+00:00","description":"Le colloque \u00ab Action publique et num\u00e9risation des industries culturelles et m\u00e9diatiques : enjeux de r\u00e9gulation dans les territoires \u00bb se tiendra les 3 et 4 avril prochains. L'AAC est en ligne.","breadcrumb":{"@id":"https:\/\/www.sfsic.org\/en\/aac-evenement\/action-publique-et-numerisation-des-industries-culturelles-et-mediatiques\/#breadcrumb"},"inLanguage":"en-US","potentialAction":[{"@type":"ReadAction","target":["https:\/\/www.sfsic.org\/en\/aac-evenement\/action-publique-et-numerisation-des-industries-culturelles-et-mediatiques\/"]}]},{"@type":"ImageObject","inLanguage":"en-US","@id":"https:\/\/www.sfsic.org\/en\/aac-evenement\/action-publique-et-numerisation-des-industries-culturelles-et-mediatiques\/#primaryimage","url":"https:\/\/www.sfsic.org\/wp-inside\/uploads\/skp-membership\/demande_adh\/logo-4.png","contentUrl":"https:\/\/www.sfsic.org\/wp-inside\/uploads\/skp-membership\/demande_adh\/logo-4.png"},{"@type":"BreadcrumbList","@id":"https:\/\/www.sfsic.org\/en\/aac-evenement\/action-publique-et-numerisation-des-industries-culturelles-et-mediatiques\/#breadcrumb","itemListElement":[{"@type":"ListItem","position":1,"name":"Accueil","item":"https:\/\/www.sfsic.org\/en\/"},{"@type":"ListItem","position":2,"name":"Calls for Contributions","item":"https:\/\/www.sfsic.org\/en\/cfc-event\/"},{"@type":"ListItem","position":3,"name":"Conference","item":"https:\/\/www.sfsic.org\/en\/cfc-event\/conference\/"},{"@type":"ListItem","position":4,"name":"Action publique et num\u00e9risation des industries culturelles et m\u00e9diatiques"}]},{"@type":"WebSite","@id":"https:\/\/www.sfsic.org\/en\/#website","url":"https:\/\/www.sfsic.org\/en\/","name":"SFSIC","description":"Soci\u00e9t\u00e9 Fran\u00e7aise des Sciences de l&#039;Information &amp; de la Communication","publisher":{"@id":"https:\/\/www.sfsic.org\/en\/#organization"},"potentialAction":[{"@type":"SearchAction","target":{"@type":"EntryPoint","urlTemplate":"https:\/\/www.sfsic.org\/en\/?s={search_term_string}"},"query-input":{"@type":"PropertyValueSpecification","valueRequired":true,"valueName":"search_term_string"}}],"inLanguage":"en-US"},{"@type":"Organization","@id":"https:\/\/www.sfsic.org\/en\/#organization","name":"SFSIC","url":"https:\/\/www.sfsic.org\/en\/","logo":{"@type":"ImageObject","inLanguage":"en-US","@id":"https:\/\/www.sfsic.org\/en\/#\/schema\/logo\/image\/","url":"https:\/\/www.sfsic.org\/wp-inside\/uploads\/2020\/05\/logo-sfsic.jpg","contentUrl":"https:\/\/www.sfsic.org\/wp-inside\/uploads\/2020\/05\/logo-sfsic.jpg","width":1085,"height":1080,"caption":"SFSIC"},"image":{"@id":"https:\/\/www.sfsic.org\/en\/#\/schema\/logo\/image\/"}},{"@type":"Person","@id":"https:\/\/www.sfsic.org\/en\/#\/schema\/person\/9f83573bda33f40c68c7c826e9567df6","name":"Fabien Bonnet","image":{"@type":"ImageObject","inLanguage":"en-US","@id":"https:\/\/secure.gravatar.com\/avatar\/88a9288fc13369cb9e30359afa340f8adace82098c18ff09415c6dacd710ddc4?s=96&d=mm&r=g","url":"https:\/\/secure.gravatar.com\/avatar\/88a9288fc13369cb9e30359afa340f8adace82098c18ff09415c6dacd710ddc4?s=96&d=mm&r=g","contentUrl":"https:\/\/secure.gravatar.com\/avatar\/88a9288fc13369cb9e30359afa340f8adace82098c18ff09415c6dacd710ddc4?s=96&d=mm&r=g","caption":"Fabien Bonnet"}}]}},"_links":{"self":[{"href":"https:\/\/www.sfsic.org\/en\/wp-json\/wp\/v2\/posts\/32796","targetHints":{"allow":["GET"]}}],"collection":[{"href":"https:\/\/www.sfsic.org\/en\/wp-json\/wp\/v2\/posts"}],"about":[{"href":"https:\/\/www.sfsic.org\/en\/wp-json\/wp\/v2\/types\/post"}],"author":[{"embeddable":true,"href":"https:\/\/www.sfsic.org\/en\/wp-json\/wp\/v2\/users\/957"}],"replies":[{"embeddable":true,"href":"https:\/\/www.sfsic.org\/en\/wp-json\/wp\/v2\/comments?post=32796"}],"version-history":[{"count":1,"href":"https:\/\/www.sfsic.org\/en\/wp-json\/wp\/v2\/posts\/32796\/revisions"}],"predecessor-version":[{"id":32799,"href":"https:\/\/www.sfsic.org\/en\/wp-json\/wp\/v2\/posts\/32796\/revisions\/32799"}],"wp:attachment":[{"href":"https:\/\/www.sfsic.org\/en\/wp-json\/wp\/v2\/media?parent=32796"}],"wp:term":[{"taxonomy":"category","embeddable":true,"href":"https:\/\/www.sfsic.org\/en\/wp-json\/wp\/v2\/categories?post=32796"},{"taxonomy":"post_tag","embeddable":true,"href":"https:\/\/www.sfsic.org\/en\/wp-json\/wp\/v2\/tags?post=32796"},{"taxonomy":"thematique","embeddable":true,"href":"https:\/\/www.sfsic.org\/en\/wp-json\/wp\/v2\/thematique?post=32796"},{"taxonomy":"sfsic","embeddable":true,"href":"https:\/\/www.sfsic.org\/en\/wp-json\/wp\/v2\/sfsic?post=32796"}],"curies":[{"name":"wp","href":"https:\/\/api.w.org\/{rel}","templated":true}]}}