{"id":3239,"date":"2019-10-23T12:39:00","date_gmt":"2019-10-23T10:39:00","guid":{"rendered":"https:\/\/www.sfsic.org\/?p=3239"},"modified":"2020-05-13T14:03:18","modified_gmt":"2020-05-13T12:03:18","slug":"aac-colloque-franco-roumain-en-sic-intellectuels-et-medias-l-impact-de-la-digitalisation-des-debats-et-nouvelles-formes-d-engagement-public-2","status":"publish","type":"post","link":"https:\/\/www.sfsic.org\/en\/evenement\/aac-colloque-franco-roumain-en-sic-intellectuels-et-medias-l-impact-de-la-digitalisation-des-debats-et-nouvelles-formes-d-engagement-public-2\/","title":{"rendered":"Colloque franco-roumain en SIC &#8211; Intellectuels et m\u00e9dias : l&#8217;impact de la digitalisation des d\u00e9bats et nouvelles formes d&#8217;engagement public &#8211; Programme"},"content":{"rendered":"<p><!-- fxzn:singledetail --><\/p>\n<div class=\"zone zn-singledetail\" id=\"fxzn-singledetail-1\">\n<div class=\"zone-block zn-singledetail-block alignwide va-top\">\n<div class=\"row\">\n<div class=\"columns large-8 large-push-4\">\n<div class=\"zn-singledetail-metabox\">\n<div class=\"zn-singledetail-pubdate pubdate\">\n\t\t\t\t\t<span class=\"pubdate-txt\">Mis en ligne le<\/span><span class=\"doubledot\"><\/span> <time class=\"pubdate-time\" pubdate datetime=\"2019-10-23T12:39:00+02:00\">23 octobre 2019<\/time>\t\t\t\t<\/div>\n<div class=\"zn-singledetail-thematiques with-sep-comma\">\n<ul class=\"termslist termslist-thematique\">\n<li class=\"termslist-item termslist-title\"><span class=\"termslist-titletxt\">Th\u00e9matiques<\/span><span class=\"doubledot\"><\/span><\/li>\n<li class=\"termslist-item tax-thematique term-medias-journalisme\"><a class=\"termslist-itemlink\" href=\"https:\/\/www.sfsic.org\/thematiques\/medias-journalisme\/\" title=\"M\u00e9dias et journalisme\"><span class=\"termslist-itemname\">M\u00e9dias et journalisme<\/span><\/a><\/li>\n<li class=\"termslist-item tax-thematique term-mediation-des-savoirs-education-formation\"><a class=\"termslist-itemlink\" href=\"https:\/\/www.sfsic.org\/thematiques\/mediation-des-savoirs-education-formation\/\" title=\"M\u00e9diation des savoirs, \u00e9ducation et formation\"><span class=\"termslist-itemname\">M\u00e9diation des savoirs, \u00e9ducation et formation<\/span><\/a><\/li>\n<li class=\"termslist-item tax-thematique term-numerique-strategies-dispositifs-usages\"><a class=\"termslist-itemlink\" href=\"https:\/\/www.sfsic.org\/thematiques\/numerique-strategies-dispositifs-usages\/\" title=\"Num\u00e9rique : strat\u00e9gies, dispositifs et usages\"><span class=\"termslist-itemname\">Num\u00e9rique : strat\u00e9gies, dispositifs et usages<\/span><\/a><\/li>\n<\/ul><\/div>\n<\/p><\/div>\n<\/p><\/div>\n<\/p><\/div>\n<div class=\"row\">\n<div class=\"columns large-4\">\n<div class=\"zn-singledetail-sidebar bg-cornersquares\">\n<div class=\"zn-singledetail-infos\">\n<p class=\"zn-singledetail-type\">\n\t\t\t\t\t\t\t<span>Type d\u2019\u00e9v\u00e9nement<\/span><span class=\"doubledot\"><\/span> <strong>Colloque<\/strong>\n\t\t\t\t\t<\/p>\n<\/p><\/div>\n<div class=\"zn-singledetail-contacts\">\n<h3 class=\"zn-singledetail-section-title\">Contacts<\/h3>\n<ul class=\"zn-singledetail-contacts-list\">\n<li>\n\t\t\t\t\t\t\t<span><span>test<\/span> <span>test<\/span><\/span><span class=\"doubledot\"><\/span><br \/>\n\t\t\t\t\t\t\t\t\t\t\t\t\t\t<a class=\"prettylink\" href=\"mailto:test@test.com\">test@test.com<\/a>\n\t\t\t\t\t\t\t\t\t\t\t\t\t<\/li>\n<\/ul><\/div>\n<div class=\"zn-singledetail-weblinks\">\n<h3 class=\"zn-singledetail-section-title\">Sites internet de r\u00e9f\u00e9rence<\/h3>\n<ul class=\"zn-singledetail-weblinks-list\">\n<li>\n\t\t\t\t\t\t\t<a class=\"prettylink chainlink\" href=\"https:\/\/carism.u-paris2.fr\/fr\" title=\"CARISM\" target=\"_blank\" rel=\"noopener noreferrer\">CARISM<\/a>\n\t\t\t\t\t\t<\/li>\n<li>\n\t\t\t\t\t\t\t<a class=\"prettylink chainlink\" href=\"https:\/\/unibuc.ro\/\" title=\"Universitatea din Bucure\u0219ti\" target=\"_blank\" rel=\"noopener noreferrer\">Universitatea din Bucure\u0219ti<\/a>\n\t\t\t\t\t\t<\/li>\n<\/ul><\/div>\n<\/p><\/div>\n<\/p><\/div>\n<div class=\"columns large-8\">\n<div class=\"zn-singledetail-contentbox\">\n<div class=\"zn-singledetail-eventinfo is-sfsic-label\">\n<div class=\"zn-singledetail-eventinfo-inner\">\n<h3 class=\"zn-singledetail-section-title zn-singledetail-eventinfo-title\">\u00c9v\u00e9nement labellis\u00e9 SFSIC<\/h3>\n<div class=\"zn-singledetail-eventdates\">\n\t\t\t\t\t\t<span class=\"zn-singledetail-label\">Dates de l\u2019\u00e9v\u00e9nement<span class=\"doubledot\"><\/span><\/span><\/p>\n<ul class=\"zn-singledetail-eventdates-list\">\n<li class=\"zn-singledetail-eventdates-item\">\n\t\t\t\t\t\t\t\tDu <time class=\"event-start-time\" datetime=\"2019-10-31T00:00:00+00:00\">31\/10\/2019<\/time> au <time class=\"event-end-time\" datetime=\"2020-11-02T00:00:00+00:00\">02\/11\/2020<\/time>\t\t\t\t\t\t\t<\/li>\n<\/ul><\/div>\n<p class=\"zn-singledetail-eventplace\">\n\t\t\t\t\t\t<span class=\"zn-singledetail-label\">Lieu de l\u2019\u00e9v\u00e9nement<span class=\"doubledot\"><\/span><\/span><br \/>\n\t\t\t\t\t\t<span class=\"zn-singledetail-eventplace-adr\"><\/p>\n<p>\t\t\t\t\t\t<span class=\"adr-street\">Universit\u00e9 de Bucarest<\/span>,<br \/>\n\t\t\t\t\t\t<span class=\"adr-city\">Bucarest<\/span><br \/>\n\t\t\t\t\t\t<span class=\"adr-cp\">null<\/span>, <span class=\"adr-country\">Roumanie<\/span><br \/>\n\t\t\t\t\t\t<\/span>\t\t\t\t\t<\/p>\n<\/p><\/div>\n<\/p><\/div>\n<div class=\"zn-singledetail-annonce wig-content\">\n<p style=\"text-align: center;\"><strong>Universit\u00e9 de Bucarest (FJSC)<\/strong><\/p>\n<p style=\"text-align: center;\"><strong>31 octobre &#8211; 2 novembre 2019<\/strong><\/p>\n<p style=\"text-align: center;\"><strong>\u00ab&#160;Intellectuels et m\u00e9dias&#160;: l&rsquo;impact de la digitalisation des d\u00e9bats et nouvelles formes d&rsquo;engagement public&#160;\u00bb<\/strong><\/p>\n<p style=\"text-align: center;\"><strong>Programme<\/strong><\/p>\n<p>Ev\u00e9nement co-organis\u00e9 par le laboratoire CARISM (Universit\u00e9 Paris 2) et le laboratoire SPARTA (Universit\u00e9 de Bucarest).<\/p>\n<p>Ev\u00e9nement labellis\u00e9 par la Soci\u00e9t\u00e9 Fran\u00e7aise des Sciences de l&rsquo;Information et de la Communication (SFSIC)<\/p>\n<p>L\u2019\u00e9dition 2019 du Colloque franco-roumain en SIC co-organis\u00e9 par le laboratoire CARISM (Universit\u00e9 Paris 2) et le laboratoire SPARTA (Universit\u00e9 de Bucarest) aura lieu du 31 octobre au 2 novembre \u00e0 l\u2019Universit\u00e9 de Bucarest (FJSC).<br \/>\nArticul\u00e9 autour de la th\u00e9matique \u00ab&#160;Intellectuels et m\u00e9dias&#160;: l&rsquo;impact de la digitalisation des d\u00e9bats et nouvelles formes d&rsquo;engagement public&#160;\u00bb, le programme est disponible au t\u00e9l\u00e9chargement.<\/p>\n<\/p><\/div>\n<div class=\"zn-singledetail-partners\">\n<h3 class=\"zn-singledetail-section-title\">Partenaires<\/h3>\n<div class=\"zn-singledetail-partners-list row small-up-2 medium-up-3 large-up-5 partnerlist\" data-equalizer data-equalize-on=\"medium\">\n<article class=\"summarypartner column\">\n<div class=\"summarypartner-box\" title=\"CARISM\">\n<div class=\"summarypartner-box-inner\" data-equalizer-watch>\n<div class=\"summarypartner-imgbox\">\n<figure class=\"summarypartner-figure\">\n\t\t\t\t\t<img decoding=\"async\" class=\"summarypartner-img\" src=\"\/\/www.sfsic.org\/wp-inside\/themes\/sfsic.org\/assets\/images\/default-640x640.png\" alt=\"\" data-interchange=\"[\/\/www.sfsic.org\/wp-inside\/themes\/sfsic.org\/assets\/images\/default-640x640.png, small],\"><br \/>\n\t\t\t\t\t\t\t\t\t<\/figure>\n<\/p><\/div>\n<div class=\"summarypartner-content\">\n<div class=\"summarypartner-content-inner\">\n<header class=\"summarypartner-header\">\n<h3 class=\"summarypartner-title\">\n\t\t\t\t\t\t\tCARISM\t\t\t\t\t\t<\/h3>\n<\/header><\/div>\n<\/p><\/div>\n<\/p><\/div>\n<\/p><\/div>\n<\/article>\n<article class=\"summarypartner column\">\n<div class=\"summarypartner-box\" title=\"SPARTA\">\n<div class=\"summarypartner-box-inner\" data-equalizer-watch>\n<div class=\"summarypartner-imgbox\">\n<figure class=\"summarypartner-figure\">\n\t\t\t\t\t<img decoding=\"async\" class=\"summarypartner-img\" src=\"\/\/www.sfsic.org\/wp-inside\/themes\/sfsic.org\/assets\/images\/default-640x640.png\" alt=\"\" data-interchange=\"[\/\/www.sfsic.org\/wp-inside\/themes\/sfsic.org\/assets\/images\/default-640x640.png, small],\"><br \/>\n\t\t\t\t\t\t\t\t\t<\/figure>\n<\/p><\/div>\n<div class=\"summarypartner-content\">\n<div class=\"summarypartner-content-inner\">\n<header class=\"summarypartner-header\">\n<h3 class=\"summarypartner-title\">\n\t\t\t\t\t\t\tSPARTA\t\t\t\t\t\t<\/h3>\n<\/header><\/div>\n<\/p><\/div>\n<\/p><\/div>\n<\/p><\/div>\n<\/article><\/div>\n<\/p><\/div>\n<div class=\"zn-singledetail-attachedfiles\">\n<h3 class=\"zn-singledetail-section-title\">Fichier(s) attach\u00e9(s)<\/h3>\n<ul class=\"zn-singledetail-attachedfiles-list\">\n<li class=\"zn-singledetail-attachedfiles-item\">\n\t\t\t\t\t\t\t<a class=\"zn-singledetail-attachedfiles-link button outline for-download\" href=\"https:\/\/www.sfsic.org\/wp-inside\/uploads\/2019\/10\/programme-24e-colloque-franco-rou-main-intellectuels-et-medias.pdf\" title=\"T\u00e9l\u00e9charger : \u00ab programme-24e-colloque-franco-rou-main-intellectuels-et-medias.pdf \u00bb\" target=\"_blank\" rel=\"noopener noreferrer\"><br \/>\n\t\t\t\t\t\t\t\t<span class=\"button-txt\">programme-24e-co[&#8230;].pdf<\/span><br \/>\n\t\t\t\t\t\t\t<\/a>\n\t\t\t\t\t\t<\/li>\n<\/ul><\/div>\n<div class=\"zn-singledetail-keywords\">\n<h3 class=\"zn-singledetail-section-title\">Mots-cl\u00e9s<\/h3>\n<ul class=\"termslist termslist-post_tag\">\n<li class=\"termslist-item termslist-title\"><span class=\"termslist-titletxt\">Mots-cl\u00e9s<\/span><span class=\"doubledot\"><\/span><\/li>\n<li class=\"termslist-item tax-post_tag term-debat-public\"><a class=\"termslist-itemlink\" href=\"https:\/\/www.sfsic.org\/tag\/debat-public\/\" title=\"d\u00e9bat public\"><span class=\"termslist-itemname\">d\u00e9bat public<\/span><\/a><\/li>\n<li class=\"termslist-item tax-post_tag term-engagement\"><a class=\"termslist-itemlink\" href=\"https:\/\/www.sfsic.org\/tag\/engagement\/\" title=\"Engagement\"><span class=\"termslist-itemname\">Engagement<\/span><\/a><\/li>\n<li class=\"termslist-item tax-post_tag term-media\"><a class=\"termslist-itemlink\" href=\"https:\/\/www.sfsic.org\/tag\/media\/\" title=\"m\u00e9dia\"><span class=\"termslist-itemname\">m\u00e9dia<\/span><\/a><\/li>\n<li class=\"termslist-item tax-post_tag term-numerique\"><a class=\"termslist-itemlink\" href=\"https:\/\/www.sfsic.org\/tag\/numerique\/\" title=\"num\u00e9rique\"><span class=\"termslist-itemname\">num\u00e9rique<\/span><\/a><\/li>\n<\/ul><\/div>\n<\/p><\/div>\n<\/p><\/div>\n<\/p><\/div>\n<\/p><\/div>\n<\/div>\n<p><!-- \/fxzn:singledetail --><br \/>\n<!-- flzn:textblock --><\/p>\n<div class=\"zone zn-textblock\" id=\"flzn-textblock-1\">\n<div class=\"zone-block zn-textblock-block va-top\">\n<div class=\"row mw-content-zone\">\n<div class=\"columns large-12\">\n<div class=\"row large-up-1 with-nice-alignment nbloc-1\">\n<div class=\"column zn-textblock-col empty-content\">\n<div class=\"column-inner\">\n<div class=\"wig-content mw-content empty-content\">\n<p>Contenu texte \u00e0 venir&#8230;<\/p>\n<\/p><\/div>\n<\/p><\/div>\n<\/p><\/div>\n<\/p><\/div>\n<\/p><\/div>\n<\/p><\/div>\n<\/p><\/div>\n<\/div>\n<p><!-- \/flzn:textblock --><\/p>\n","protected":false},"excerpt":{"rendered":"<p>Mis en ligne le 23 octobre 2019 Th\u00e9matiques M\u00e9dias et journalisme M\u00e9diation des savoirs, \u00e9ducation et formation Num\u00e9rique : strat\u00e9gies, dispositifs et usages Type d\u2019\u00e9v\u00e9nement Colloque Contacts test test test@test.com [&hellip;]<\/p>\n","protected":false},"author":957,"featured_media":0,"comment_status":"closed","ping_status":"closed","sticky":false,"template":"","format":"standard","meta":{"_acf_changed":false,"footnotes":""},"categories":[67,30],"tags":[101,182,46,90],"thematique":[34,43,39],"sfsic":[27],"class_list":["post-3239","post","type-post","status-publish","format-standard","hentry","category-colloque-2","category-evenement","tag-debat-public","tag-engagement","tag-media","tag-numerique","thematique-medias-et-journalisme","thematique-mediation-des-savoirs-education-et-formation","thematique-numerique-strategies-dispositifs-et-usages","sfsic-labels","wp-sticky"],"acf":[],"yoast_head":"<!-- This site is optimized with the Yoast SEO plugin v27.4 - https:\/\/yoast.com\/product\/yoast-seo-wordpress\/ -->\n<title>Colloque franco-roumain en SIC - Intellectuels et m\u00e9dias : l&#039;impact de la digitalisation des d\u00e9bats et nouvelles formes d&#039;engagement public - Programme<\/title>\n<meta name=\"description\" content=\"L\u2019\u00e9dition 2019 du Colloque franco-roumain en SIC co-organis\u00e9 par le laboratoire CARISM (Universit\u00e9 Paris 2) et le laboratoire SPARTA (Universit\u00e9 de Bucarest) aura lieu du 31 octobre au 2 novembre \u00e0 l\u2019Universit\u00e9 de Bucarest (FJSC). Articul\u00e9 autour de la th\u00e9matique &quot;Intellectuels et m\u00e9dias : l&#039;impact de la digitalisation des d\u00e9bats et nouvelles formes d&#039;engagement public&quot;, le programme est disponible au t\u00e9l\u00e9chargement.\" \/>\n<meta name=\"robots\" content=\"index, follow, max-snippet:-1, max-image-preview:large, max-video-preview:-1\" \/>\n<link rel=\"canonical\" href=\"https:\/\/www.sfsic.org\/en\/evenement\/aac-colloque-franco-roumain-en-sic-intellectuels-et-medias-l-impact-de-la-digitalisation-des-debats-et-nouvelles-formes-d-engagement-public-2\/\" \/>\n<meta property=\"og:locale\" content=\"en_US\" \/>\n<meta property=\"og:type\" content=\"article\" \/>\n<meta property=\"og:title\" content=\"Colloque franco-roumain en SIC - Intellectuels et m\u00e9dias : l&#039;impact de la digitalisation des d\u00e9bats et nouvelles formes d&#039;engagement public - Programme\" \/>\n<meta property=\"og:description\" content=\"L\u2019\u00e9dition 2019 du Colloque franco-roumain en SIC co-organis\u00e9 par le laboratoire CARISM (Universit\u00e9 Paris 2) et le laboratoire SPARTA (Universit\u00e9 de Bucarest) aura lieu du 31 octobre au 2 novembre \u00e0 l\u2019Universit\u00e9 de Bucarest (FJSC). Articul\u00e9 autour de la th\u00e9matique &quot;Intellectuels et m\u00e9dias : l&#039;impact de la digitalisation des d\u00e9bats et nouvelles formes d&#039;engagement public&quot;, le programme est disponible au t\u00e9l\u00e9chargement.\" \/>\n<meta property=\"og:url\" content=\"https:\/\/www.sfsic.org\/en\/evenement\/aac-colloque-franco-roumain-en-sic-intellectuels-et-medias-l-impact-de-la-digitalisation-des-debats-et-nouvelles-formes-d-engagement-public-2\/\" \/>\n<meta property=\"og:site_name\" content=\"SFSIC\" \/>\n<meta property=\"article:published_time\" content=\"2019-10-23T10:39:00+00:00\" \/>\n<meta property=\"article:modified_time\" content=\"2020-05-13T12:03:18+00:00\" \/>\n<meta property=\"og:image\" content=\"\/\/www.sfsic.org\/wp-inside\/themes\/sfsic.org\/assets\/images\/default-640x640.png\" \/>\n<meta name=\"author\" content=\"Fabien Bonnet\" \/>\n<meta name=\"twitter:card\" content=\"summary_large_image\" \/>\n<script type=\"application\/ld+json\" class=\"yoast-schema-graph\">{\"@context\":\"https:\\\/\\\/schema.org\",\"@graph\":[{\"@type\":\"Article\",\"@id\":\"https:\\\/\\\/www.sfsic.org\\\/en\\\/evenement\\\/aac-colloque-franco-roumain-en-sic-intellectuels-et-medias-l-impact-de-la-digitalisation-des-debats-et-nouvelles-formes-d-engagement-public-2\\\/#article\",\"isPartOf\":{\"@id\":\"https:\\\/\\\/www.sfsic.org\\\/en\\\/evenement\\\/aac-colloque-franco-roumain-en-sic-intellectuels-et-medias-l-impact-de-la-digitalisation-des-debats-et-nouvelles-formes-d-engagement-public-2\\\/\"},\"author\":{\"name\":\"Fabien Bonnet\",\"@id\":\"https:\\\/\\\/www.sfsic.org\\\/en\\\/#\\\/schema\\\/person\\\/9f83573bda33f40c68c7c826e9567df6\"},\"headline\":\"Colloque franco-roumain en SIC &#8211; Intellectuels et m\u00e9dias : l&#8217;impact de la digitalisation des d\u00e9bats et nouvelles formes d&#8217;engagement public &#8211; Programme\",\"datePublished\":\"2019-10-23T10:39:00+00:00\",\"dateModified\":\"2020-05-13T12:03:18+00:00\",\"mainEntityOfPage\":{\"@id\":\"https:\\\/\\\/www.sfsic.org\\\/en\\\/evenement\\\/aac-colloque-franco-roumain-en-sic-intellectuels-et-medias-l-impact-de-la-digitalisation-des-debats-et-nouvelles-formes-d-engagement-public-2\\\/\"},\"wordCount\":246,\"publisher\":{\"@id\":\"https:\\\/\\\/www.sfsic.org\\\/en\\\/#organization\"},\"keywords\":[\"D\u00e9bat public\",\"Engagement\",\"m\u00e9dia\",\"Num\u00e9rique\"],\"articleSection\":[\"Colloque\",\"\u00c9v\u00e9nements\"],\"inLanguage\":\"en-US\"},{\"@type\":\"WebPage\",\"@id\":\"https:\\\/\\\/www.sfsic.org\\\/en\\\/evenement\\\/aac-colloque-franco-roumain-en-sic-intellectuels-et-medias-l-impact-de-la-digitalisation-des-debats-et-nouvelles-formes-d-engagement-public-2\\\/\",\"url\":\"https:\\\/\\\/www.sfsic.org\\\/en\\\/evenement\\\/aac-colloque-franco-roumain-en-sic-intellectuels-et-medias-l-impact-de-la-digitalisation-des-debats-et-nouvelles-formes-d-engagement-public-2\\\/\",\"name\":\"Colloque franco-roumain en SIC - Intellectuels et m\u00e9dias : l'impact de la digitalisation des d\u00e9bats et nouvelles formes d'engagement public - Programme\",\"isPartOf\":{\"@id\":\"https:\\\/\\\/www.sfsic.org\\\/en\\\/#website\"},\"datePublished\":\"2019-10-23T10:39:00+00:00\",\"dateModified\":\"2020-05-13T12:03:18+00:00\",\"description\":\"L\u2019\u00e9dition 2019 du Colloque franco-roumain en SIC co-organis\u00e9 par le laboratoire CARISM (Universit\u00e9 Paris 2) et le laboratoire SPARTA (Universit\u00e9 de Bucarest) aura lieu du 31 octobre au 2 novembre \u00e0 l\u2019Universit\u00e9 de Bucarest (FJSC). Articul\u00e9 autour de la th\u00e9matique \\\"Intellectuels et m\u00e9dias : l'impact de la digitalisation des d\u00e9bats et nouvelles formes d'engagement public\\\", le programme est disponible au t\u00e9l\u00e9chargement.\",\"breadcrumb\":{\"@id\":\"https:\\\/\\\/www.sfsic.org\\\/en\\\/evenement\\\/aac-colloque-franco-roumain-en-sic-intellectuels-et-medias-l-impact-de-la-digitalisation-des-debats-et-nouvelles-formes-d-engagement-public-2\\\/#breadcrumb\"},\"inLanguage\":\"en-US\",\"potentialAction\":[{\"@type\":\"ReadAction\",\"target\":[\"https:\\\/\\\/www.sfsic.org\\\/en\\\/evenement\\\/aac-colloque-franco-roumain-en-sic-intellectuels-et-medias-l-impact-de-la-digitalisation-des-debats-et-nouvelles-formes-d-engagement-public-2\\\/\"]}]},{\"@type\":\"BreadcrumbList\",\"@id\":\"https:\\\/\\\/www.sfsic.org\\\/en\\\/evenement\\\/aac-colloque-franco-roumain-en-sic-intellectuels-et-medias-l-impact-de-la-digitalisation-des-debats-et-nouvelles-formes-d-engagement-public-2\\\/#breadcrumb\",\"itemListElement\":[{\"@type\":\"ListItem\",\"position\":1,\"name\":\"Accueil\",\"item\":\"https:\\\/\\\/www.sfsic.org\\\/en\\\/\"},{\"@type\":\"ListItem\",\"position\":2,\"name\":\"Events\",\"item\":\"https:\\\/\\\/www.sfsic.org\\\/en\\\/events\\\/\"},{\"@type\":\"ListItem\",\"position\":3,\"name\":\"Conference\",\"item\":\"https:\\\/\\\/www.sfsic.org\\\/en\\\/events\\\/conference-en\\\/\"},{\"@type\":\"ListItem\",\"position\":4,\"name\":\"Colloque franco-roumain en SIC &#8211; Intellectuels et m\u00e9dias : l&#8217;impact de la digitalisation des d\u00e9bats et nouvelles formes d&#8217;engagement public &#8211; Programme\"}]},{\"@type\":\"WebSite\",\"@id\":\"https:\\\/\\\/www.sfsic.org\\\/en\\\/#website\",\"url\":\"https:\\\/\\\/www.sfsic.org\\\/en\\\/\",\"name\":\"SFSIC\",\"description\":\"Soci\u00e9t\u00e9 Fran\u00e7aise des Sciences de l&#039;Information &amp; de la Communication\",\"publisher\":{\"@id\":\"https:\\\/\\\/www.sfsic.org\\\/en\\\/#organization\"},\"potentialAction\":[{\"@type\":\"SearchAction\",\"target\":{\"@type\":\"EntryPoint\",\"urlTemplate\":\"https:\\\/\\\/www.sfsic.org\\\/en\\\/?s={search_term_string}\"},\"query-input\":{\"@type\":\"PropertyValueSpecification\",\"valueRequired\":true,\"valueName\":\"search_term_string\"}}],\"inLanguage\":\"en-US\"},{\"@type\":\"Organization\",\"@id\":\"https:\\\/\\\/www.sfsic.org\\\/en\\\/#organization\",\"name\":\"SFSIC\",\"url\":\"https:\\\/\\\/www.sfsic.org\\\/en\\\/\",\"logo\":{\"@type\":\"ImageObject\",\"inLanguage\":\"en-US\",\"@id\":\"https:\\\/\\\/www.sfsic.org\\\/en\\\/#\\\/schema\\\/logo\\\/image\\\/\",\"url\":\"https:\\\/\\\/www.sfsic.org\\\/wp-inside\\\/uploads\\\/2020\\\/05\\\/logo-sfsic.jpg\",\"contentUrl\":\"https:\\\/\\\/www.sfsic.org\\\/wp-inside\\\/uploads\\\/2020\\\/05\\\/logo-sfsic.jpg\",\"width\":1085,\"height\":1080,\"caption\":\"SFSIC\"},\"image\":{\"@id\":\"https:\\\/\\\/www.sfsic.org\\\/en\\\/#\\\/schema\\\/logo\\\/image\\\/\"}},{\"@type\":\"Person\",\"@id\":\"https:\\\/\\\/www.sfsic.org\\\/en\\\/#\\\/schema\\\/person\\\/9f83573bda33f40c68c7c826e9567df6\",\"name\":\"Fabien Bonnet\",\"image\":{\"@type\":\"ImageObject\",\"inLanguage\":\"en-US\",\"@id\":\"https:\\\/\\\/secure.gravatar.com\\\/avatar\\\/88a9288fc13369cb9e30359afa340f8adace82098c18ff09415c6dacd710ddc4?s=96&d=mm&r=g\",\"url\":\"https:\\\/\\\/secure.gravatar.com\\\/avatar\\\/88a9288fc13369cb9e30359afa340f8adace82098c18ff09415c6dacd710ddc4?s=96&d=mm&r=g\",\"contentUrl\":\"https:\\\/\\\/secure.gravatar.com\\\/avatar\\\/88a9288fc13369cb9e30359afa340f8adace82098c18ff09415c6dacd710ddc4?s=96&d=mm&r=g\",\"caption\":\"Fabien Bonnet\"}}]}<\/script>\n<!-- \/ Yoast SEO plugin. -->","yoast_head_json":{"title":"Colloque franco-roumain en SIC - Intellectuels et m\u00e9dias : l'impact de la digitalisation des d\u00e9bats et nouvelles formes d'engagement public - Programme","description":"L\u2019\u00e9dition 2019 du Colloque franco-roumain en SIC co-organis\u00e9 par le laboratoire CARISM (Universit\u00e9 Paris 2) et le laboratoire SPARTA (Universit\u00e9 de Bucarest) aura lieu du 31 octobre au 2 novembre \u00e0 l\u2019Universit\u00e9 de Bucarest (FJSC). Articul\u00e9 autour de la th\u00e9matique \"Intellectuels et m\u00e9dias : l'impact de la digitalisation des d\u00e9bats et nouvelles formes d'engagement public\", le programme est disponible au t\u00e9l\u00e9chargement.","robots":{"index":"index","follow":"follow","max-snippet":"max-snippet:-1","max-image-preview":"max-image-preview:large","max-video-preview":"max-video-preview:-1"},"canonical":"https:\/\/www.sfsic.org\/en\/evenement\/aac-colloque-franco-roumain-en-sic-intellectuels-et-medias-l-impact-de-la-digitalisation-des-debats-et-nouvelles-formes-d-engagement-public-2\/","og_locale":"en_US","og_type":"article","og_title":"Colloque franco-roumain en SIC - Intellectuels et m\u00e9dias : l'impact de la digitalisation des d\u00e9bats et nouvelles formes d'engagement public - Programme","og_description":"L\u2019\u00e9dition 2019 du Colloque franco-roumain en SIC co-organis\u00e9 par le laboratoire CARISM (Universit\u00e9 Paris 2) et le laboratoire SPARTA (Universit\u00e9 de Bucarest) aura lieu du 31 octobre au 2 novembre \u00e0 l\u2019Universit\u00e9 de Bucarest (FJSC). Articul\u00e9 autour de la th\u00e9matique \"Intellectuels et m\u00e9dias : l'impact de la digitalisation des d\u00e9bats et nouvelles formes d'engagement public\", le programme est disponible au t\u00e9l\u00e9chargement.","og_url":"https:\/\/www.sfsic.org\/en\/evenement\/aac-colloque-franco-roumain-en-sic-intellectuels-et-medias-l-impact-de-la-digitalisation-des-debats-et-nouvelles-formes-d-engagement-public-2\/","og_site_name":"SFSIC","article_published_time":"2019-10-23T10:39:00+00:00","article_modified_time":"2020-05-13T12:03:18+00:00","og_image":[{"url":"\/\/www.sfsic.org\/wp-inside\/themes\/sfsic.org\/assets\/images\/default-640x640.png","type":"","width":"","height":""}],"author":"Fabien Bonnet","twitter_card":"summary_large_image","schema":{"@context":"https:\/\/schema.org","@graph":[{"@type":"Article","@id":"https:\/\/www.sfsic.org\/en\/evenement\/aac-colloque-franco-roumain-en-sic-intellectuels-et-medias-l-impact-de-la-digitalisation-des-debats-et-nouvelles-formes-d-engagement-public-2\/#article","isPartOf":{"@id":"https:\/\/www.sfsic.org\/en\/evenement\/aac-colloque-franco-roumain-en-sic-intellectuels-et-medias-l-impact-de-la-digitalisation-des-debats-et-nouvelles-formes-d-engagement-public-2\/"},"author":{"name":"Fabien Bonnet","@id":"https:\/\/www.sfsic.org\/en\/#\/schema\/person\/9f83573bda33f40c68c7c826e9567df6"},"headline":"Colloque franco-roumain en SIC &#8211; Intellectuels et m\u00e9dias : l&#8217;impact de la digitalisation des d\u00e9bats et nouvelles formes d&#8217;engagement public &#8211; Programme","datePublished":"2019-10-23T10:39:00+00:00","dateModified":"2020-05-13T12:03:18+00:00","mainEntityOfPage":{"@id":"https:\/\/www.sfsic.org\/en\/evenement\/aac-colloque-franco-roumain-en-sic-intellectuels-et-medias-l-impact-de-la-digitalisation-des-debats-et-nouvelles-formes-d-engagement-public-2\/"},"wordCount":246,"publisher":{"@id":"https:\/\/www.sfsic.org\/en\/#organization"},"keywords":["D\u00e9bat public","Engagement","m\u00e9dia","Num\u00e9rique"],"articleSection":["Colloque","\u00c9v\u00e9nements"],"inLanguage":"en-US"},{"@type":"WebPage","@id":"https:\/\/www.sfsic.org\/en\/evenement\/aac-colloque-franco-roumain-en-sic-intellectuels-et-medias-l-impact-de-la-digitalisation-des-debats-et-nouvelles-formes-d-engagement-public-2\/","url":"https:\/\/www.sfsic.org\/en\/evenement\/aac-colloque-franco-roumain-en-sic-intellectuels-et-medias-l-impact-de-la-digitalisation-des-debats-et-nouvelles-formes-d-engagement-public-2\/","name":"Colloque franco-roumain en SIC - Intellectuels et m\u00e9dias : l'impact de la digitalisation des d\u00e9bats et nouvelles formes d'engagement public - Programme","isPartOf":{"@id":"https:\/\/www.sfsic.org\/en\/#website"},"datePublished":"2019-10-23T10:39:00+00:00","dateModified":"2020-05-13T12:03:18+00:00","description":"L\u2019\u00e9dition 2019 du Colloque franco-roumain en SIC co-organis\u00e9 par le laboratoire CARISM (Universit\u00e9 Paris 2) et le laboratoire SPARTA (Universit\u00e9 de Bucarest) aura lieu du 31 octobre au 2 novembre \u00e0 l\u2019Universit\u00e9 de Bucarest (FJSC). Articul\u00e9 autour de la th\u00e9matique \"Intellectuels et m\u00e9dias : l'impact de la digitalisation des d\u00e9bats et nouvelles formes d'engagement public\", le programme est disponible au t\u00e9l\u00e9chargement.","breadcrumb":{"@id":"https:\/\/www.sfsic.org\/en\/evenement\/aac-colloque-franco-roumain-en-sic-intellectuels-et-medias-l-impact-de-la-digitalisation-des-debats-et-nouvelles-formes-d-engagement-public-2\/#breadcrumb"},"inLanguage":"en-US","potentialAction":[{"@type":"ReadAction","target":["https:\/\/www.sfsic.org\/en\/evenement\/aac-colloque-franco-roumain-en-sic-intellectuels-et-medias-l-impact-de-la-digitalisation-des-debats-et-nouvelles-formes-d-engagement-public-2\/"]}]},{"@type":"BreadcrumbList","@id":"https:\/\/www.sfsic.org\/en\/evenement\/aac-colloque-franco-roumain-en-sic-intellectuels-et-medias-l-impact-de-la-digitalisation-des-debats-et-nouvelles-formes-d-engagement-public-2\/#breadcrumb","itemListElement":[{"@type":"ListItem","position":1,"name":"Accueil","item":"https:\/\/www.sfsic.org\/en\/"},{"@type":"ListItem","position":2,"name":"Events","item":"https:\/\/www.sfsic.org\/en\/events\/"},{"@type":"ListItem","position":3,"name":"Conference","item":"https:\/\/www.sfsic.org\/en\/events\/conference-en\/"},{"@type":"ListItem","position":4,"name":"Colloque franco-roumain en SIC &#8211; Intellectuels et m\u00e9dias : l&#8217;impact de la digitalisation des d\u00e9bats et nouvelles formes d&#8217;engagement public &#8211; Programme"}]},{"@type":"WebSite","@id":"https:\/\/www.sfsic.org\/en\/#website","url":"https:\/\/www.sfsic.org\/en\/","name":"SFSIC","description":"Soci\u00e9t\u00e9 Fran\u00e7aise des Sciences de l&#039;Information &amp; de la Communication","publisher":{"@id":"https:\/\/www.sfsic.org\/en\/#organization"},"potentialAction":[{"@type":"SearchAction","target":{"@type":"EntryPoint","urlTemplate":"https:\/\/www.sfsic.org\/en\/?s={search_term_string}"},"query-input":{"@type":"PropertyValueSpecification","valueRequired":true,"valueName":"search_term_string"}}],"inLanguage":"en-US"},{"@type":"Organization","@id":"https:\/\/www.sfsic.org\/en\/#organization","name":"SFSIC","url":"https:\/\/www.sfsic.org\/en\/","logo":{"@type":"ImageObject","inLanguage":"en-US","@id":"https:\/\/www.sfsic.org\/en\/#\/schema\/logo\/image\/","url":"https:\/\/www.sfsic.org\/wp-inside\/uploads\/2020\/05\/logo-sfsic.jpg","contentUrl":"https:\/\/www.sfsic.org\/wp-inside\/uploads\/2020\/05\/logo-sfsic.jpg","width":1085,"height":1080,"caption":"SFSIC"},"image":{"@id":"https:\/\/www.sfsic.org\/en\/#\/schema\/logo\/image\/"}},{"@type":"Person","@id":"https:\/\/www.sfsic.org\/en\/#\/schema\/person\/9f83573bda33f40c68c7c826e9567df6","name":"Fabien Bonnet","image":{"@type":"ImageObject","inLanguage":"en-US","@id":"https:\/\/secure.gravatar.com\/avatar\/88a9288fc13369cb9e30359afa340f8adace82098c18ff09415c6dacd710ddc4?s=96&d=mm&r=g","url":"https:\/\/secure.gravatar.com\/avatar\/88a9288fc13369cb9e30359afa340f8adace82098c18ff09415c6dacd710ddc4?s=96&d=mm&r=g","contentUrl":"https:\/\/secure.gravatar.com\/avatar\/88a9288fc13369cb9e30359afa340f8adace82098c18ff09415c6dacd710ddc4?s=96&d=mm&r=g","caption":"Fabien Bonnet"}}]}},"_links":{"self":[{"href":"https:\/\/www.sfsic.org\/en\/wp-json\/wp\/v2\/posts\/3239","targetHints":{"allow":["GET"]}}],"collection":[{"href":"https:\/\/www.sfsic.org\/en\/wp-json\/wp\/v2\/posts"}],"about":[{"href":"https:\/\/www.sfsic.org\/en\/wp-json\/wp\/v2\/types\/post"}],"author":[{"embeddable":true,"href":"https:\/\/www.sfsic.org\/en\/wp-json\/wp\/v2\/users\/957"}],"replies":[{"embeddable":true,"href":"https:\/\/www.sfsic.org\/en\/wp-json\/wp\/v2\/comments?post=3239"}],"version-history":[{"count":3,"href":"https:\/\/www.sfsic.org\/en\/wp-json\/wp\/v2\/posts\/3239\/revisions"}],"predecessor-version":[{"id":5692,"href":"https:\/\/www.sfsic.org\/en\/wp-json\/wp\/v2\/posts\/3239\/revisions\/5692"}],"wp:attachment":[{"href":"https:\/\/www.sfsic.org\/en\/wp-json\/wp\/v2\/media?parent=3239"}],"wp:term":[{"taxonomy":"category","embeddable":true,"href":"https:\/\/www.sfsic.org\/en\/wp-json\/wp\/v2\/categories?post=3239"},{"taxonomy":"post_tag","embeddable":true,"href":"https:\/\/www.sfsic.org\/en\/wp-json\/wp\/v2\/tags?post=3239"},{"taxonomy":"thematique","embeddable":true,"href":"https:\/\/www.sfsic.org\/en\/wp-json\/wp\/v2\/thematique?post=3239"},{"taxonomy":"sfsic","embeddable":true,"href":"https:\/\/www.sfsic.org\/en\/wp-json\/wp\/v2\/sfsic?post=3239"}],"curies":[{"name":"wp","href":"https:\/\/api.w.org\/{rel}","templated":true}]}}