{"id":3236,"date":"2019-10-27T09:35:00","date_gmt":"2019-10-27T08:35:00","guid":{"rendered":"https:\/\/www.sfsic.org\/?p=3236"},"modified":"2020-05-10T15:42:24","modified_gmt":"2020-05-10T13:42:24","slug":"aac-congres-sfsic-2020-2","status":"publish","type":"post","link":"https:\/\/www.sfsic.org\/en\/non-classe\/aac-congres-sfsic-2020-2\/","title":{"rendered":"AAC &#8211; Congr\u00e8s SFSIC 2020 &#8211; Grenoble &#8211; Soci\u00e9t\u00e9s et Espaces en mouvement"},"content":{"rendered":"<p><!-- fxzn:singledetail --><\/p>\n<div class=\"zone zn-singledetail\" id=\"fxzn-singledetail-1\">\n<div class=\"zone-block zn-singledetail-block alignwide va-top\">\n<div class=\"row\">\n<div class=\"columns large-8 large-push-4\">\n<div class=\"zn-singledetail-metabox\">\n<div class=\"zn-singledetail-pubdate pubdate\">\n\t\t\t\t\t<span class=\"pubdate-txt\">Mis en ligne le<\/span><span class=\"doubledot\"><\/span> <time class=\"pubdate-time\" pubdate datetime=\"2019-10-27T09:35:00+01:00\">27 octobre 2019<\/time>\t\t\t\t<\/div>\n<div class=\"zn-singledetail-thematiques with-sep-comma\">\n<ul class=\"termslist termslist-thematique\">\n<li class=\"termslist-item termslist-title\"><span class=\"termslist-titletxt\">Th\u00e9matiques<\/span><span class=\"doubledot\"><\/span><\/li>\n<li class=\"termslist-item tax-thematique term-actualite-partenaires-internationaux\"><a class=\"termslist-itemlink\" href=\"https:\/\/www.sfsic.org\/thematiques\/actualite-partenaires-internationaux\/\" title=\"Actualit\u00e9 de nos partenaires internationaux\"><span class=\"termslist-itemname\">Actualit\u00e9 de nos partenaires internationaux<\/span><\/a><\/li>\n<\/ul><\/div>\n<\/p><\/div>\n<\/p><\/div>\n<\/p><\/div>\n<div class=\"row\">\n<div class=\"columns large-4\">\n<div class=\"zn-singledetail-sidebar bg-cornersquares\">\n<div class=\"zn-singledetail-infos\">\n<p class=\"zn-singledetail-reponse-date\">\n\t\t\t\t\t\t<span>R\u00e9ponse attendue pour le<\/span><span class=\"doubledot\"><\/span> <strong>22\/01\/2020<\/strong>\n\t\t\t\t\t<\/p>\n<p class=\"zn-singledetail-reponse-type\">\n\t\t\t\t\t<span>Type de r\u00e9ponse<\/span><span class=\"doubledot\"><\/span> <strong>R\u00e9sum\u00e9<\/strong>\n\t\t\t\t\t<\/p>\n<\/p><\/div>\n<div class=\"zn-singledetail-contacts\">\n<h3 class=\"zn-singledetail-section-title\">Contacts<\/h3>\n<ul class=\"zn-singledetail-contacts-list\">\n<li>\n\t\t\t\t\t\t\t<span><span>Jean-Claude<\/span> <span>Domenget<\/span><\/span><span class=\"doubledot\"><\/span><br \/>\n\t\t\t\t\t\t\t\t\t\t\t\t\t\t<a class=\"prettylink\" href=\"mailto:vp-recherche@sfsic.org\">vp-recherche@sfsic.org<\/a>\n\t\t\t\t\t\t\t\t\t\t\t\t\t<\/li>\n<li>\n\t\t\t\t\t\t\t<span><span>Sylvie<\/span> <span>Parrini-Alemmano<\/span><\/span><span class=\"doubledot\"><\/span><br \/>\n\t\t\t\t\t\t\t\t\t\t\t\t\t\t<a class=\"prettylink\" href=\"mailto:vp-recherche@sfsic.org\">vp-recherche@sfsic.org<\/a>\n\t\t\t\t\t\t\t\t\t\t\t\t\t<\/li>\n<\/ul><\/div>\n<div class=\"zn-singledetail-weblinks\">\n<h3 class=\"zn-singledetail-section-title\">Sites internet de r\u00e9f\u00e9rence<\/h3>\n<ul class=\"zn-singledetail-weblinks-list\">\n<li>\n\t\t\t\t\t\t\t<a class=\"prettylink chainlink\" href=\"http:\/\/sfsic.org\" title=\"SFSIC\" target=\"_blank\" rel=\"noopener noreferrer\">SFSIC<\/a>\n\t\t\t\t\t\t<\/li>\n<li>\n\t\t\t\t\t\t\t<a class=\"prettylink chainlink\" href=\"http:\/\/gresec.univ-grenoble-alpes.fr\/\" title=\"GRESEC\" target=\"_blank\" rel=\"noopener noreferrer\">GRESEC<\/a>\n\t\t\t\t\t\t<\/li>\n<\/ul><\/div>\n<\/p><\/div>\n<\/p><\/div>\n<div class=\"columns large-8\">\n<div class=\"zn-singledetail-contentbox\">\n<div class=\"zn-singledetail-eventinfo is-sfsic-event\">\n<div class=\"zn-singledetail-eventinfo-inner\">\n<h3 class=\"zn-singledetail-section-title zn-singledetail-eventinfo-title\">\u00c9v\u00e9nement SFSIC<\/h3>\n<div class=\"zn-singledetail-eventdates\">\n\t\t\t\t\t\t<span class=\"zn-singledetail-label\">Dates de l\u2019\u00e9v\u00e9nement<span class=\"doubledot\"><\/span><\/span><\/p>\n<ul class=\"zn-singledetail-eventdates-list\">\n<li class=\"zn-singledetail-eventdates-item\">\n\t\t\t\t\t\t\t\tDu <time class=\"event-start-time\" datetime=\"2020-06-10T00:00:00+00:00\">10\/06\/2020<\/time> au <time class=\"event-end-time\" datetime=\"2020-06-12T00:00:00+00:00\">12\/06\/2020<\/time>\t\t\t\t\t\t\t<\/li>\n<\/ul><\/div>\n<p class=\"zn-singledetail-eventplace\">\n\t\t\t\t\t\t<span class=\"zn-singledetail-label\">Lieu de l\u2019\u00e9v\u00e9nement<span class=\"doubledot\"><\/span><\/span><br \/>\n\t\t\t\t\t\t<span class=\"zn-singledetail-eventplace-adr\"><\/p>\n<p>\t\t\t\t\t\t<span class=\"adr-street\">Institut de la Communication et des M\u00e9dias<\/span>,<br \/>\n\t\t\t\t\t\t<span class=\"adr-city\">Echirolles<\/span><br \/>\n\t\t\t\t\t\t<span class=\"adr-cp\">38130<\/span>, <span class=\"adr-country\">France<\/span><br \/>\n\t\t\t\t\t\t<\/span>\t\t\t\t\t<\/p>\n<\/p><\/div>\n<\/p><\/div>\n<div class=\"zn-singledetail-annonce wig-content\">\n<p>Le XXII<sup>\u00e8me<\/sup>\u00a0Congr\u00e8s de la SFSIC se tiendra les\u00a010, 11 et 12 juin 2020 au sein de l\u2019Institut de la Communication et des M\u00e9dias de l\u2019Universit\u00e9 de Grenoble-Alpes. Il sera accueilli par le Gresec.<\/p>\n<p>L&rsquo;appel \u00e0 contributions est articul\u00e9 autour de la th\u00e9matique \u00ab&#160;Soci\u00e9t\u00e9s et Espaces en mouvement&#160;\u00bb. Il propose quatre axes&#160;:<\/p>\n<ol>\n<li>Institutions, Organisations, Formes Sociales<\/li>\n<li>Territoires, Mobilit\u00e9s, Circulations<\/li>\n<li>Participations, Consommations, Engagements<\/li>\n<li>Machines, Intelligences, Design(S)<\/li>\n<\/ol>\n<p>L\u2019appel complet incluant l\u2019ensemble des informations pratiques est disponible ci-dessous au t\u00e9l\u00e9chargement.<\/p>\n<p>Les propositions sont attendues pour le mercredi 22 janvier 2020 minuit.<\/p>\n<\/p><\/div>\n<div class=\"zn-singledetail-partners\">\n<h3 class=\"zn-singledetail-section-title\">Partenaires<\/h3>\n<div class=\"zn-singledetail-partners-list row small-up-2 medium-up-3 large-up-5 partnerlist\" data-equalizer data-equalize-on=\"medium\">\n<article class=\"summarypartner partner-5431 column\">\n<div class=\"summarypartner-box\" title=\"GRESEC &#8211; Groupe de recherche sur les enjeux de la communication\">\n<div class=\"summarypartner-box-inner\" data-equalizer-watch>\n<div class=\"summarypartner-imgbox\">\n<figure class=\"summarypartner-figure\">\n\t\t\t\t\t<img decoding=\"async\" class=\"summarypartner-img\" src=\"https:\/\/www.sfsic.org\/wp-inside\/uploads\/2020\/05\/logo-gresec.png\" alt=\"\" ><br \/>\n\t\t\t\t\t\t\t\t\t<\/figure>\n<\/p><\/div>\n<div class=\"summarypartner-content\">\n<div class=\"summarypartner-content-inner\">\n<header class=\"summarypartner-header\">\n<h3 class=\"summarypartner-title\">\n\t\t\t\t\t\t\tGRESEC &#8211; Groupe de recherche sur les enjeux de la communication\t\t\t\t\t\t<\/h3>\n<p class=\"summarypartner-acronym\">\n\t\t\t\t\t\t\tGRESEC\t\t\t\t\t\t<\/p>\n<\/header><\/div>\n<\/p><\/div>\n<\/p><\/div>\n<\/p><\/div>\n<\/article><\/div>\n<\/p><\/div>\n<div class=\"zn-singledetail-attachedfiles\">\n<h3 class=\"zn-singledetail-section-title\">Fichier(s) attach\u00e9(s)<\/h3>\n<ul class=\"zn-singledetail-attachedfiles-list\">\n<li class=\"zn-singledetail-attachedfiles-item\">\n\t\t\t\t\t\t\t<a class=\"zn-singledetail-attachedfiles-link button outline for-download\" href=\"https:\/\/www.sfsic.org\/wp-inside\/uploads\/2020\/01\/aac-congres-sfsic-grenoble-2020-cs-vf.pdf\" title=\"T\u00e9l\u00e9charger : \u00ab aac-congres-sfsic-grenoble-2020-cs-vf.pdf \u00bb\" target=\"_blank\" rel=\"noopener noreferrer\"><br \/>\n\t\t\t\t\t\t\t\t<span class=\"button-txt\">aac-congres-sfsi[&#8230;].pdf<\/span><br \/>\n\t\t\t\t\t\t\t<\/a>\n\t\t\t\t\t\t<\/li>\n<\/ul><\/div>\n<div class=\"zn-singledetail-keywords\">\n<h3 class=\"zn-singledetail-section-title\">Mots-cl\u00e9s<\/h3>\n<ul class=\"termslist termslist-post_tag\">\n<li class=\"termslist-item termslist-title\"><span class=\"termslist-titletxt\">Mots-cl\u00e9s<\/span><span class=\"doubledot\"><\/span><\/li>\n<li class=\"termslist-item tax-post_tag term-congres\"><a class=\"termslist-itemlink\" href=\"https:\/\/www.sfsic.org\/tag\/congres\/\" title=\"Congr\u00e8s\"><span class=\"termslist-itemname\">Congr\u00e8s<\/span><\/a><\/li>\n<li class=\"termslist-item tax-post_tag term-sfsic\"><a class=\"termslist-itemlink\" href=\"https:\/\/www.sfsic.org\/tag\/sfsic\/\" title=\"SFSIC\"><span class=\"termslist-itemname\">SFSIC<\/span><\/a><\/li>\n<\/ul><\/div>\n<\/p><\/div>\n<\/p><\/div>\n<\/p><\/div>\n<\/p><\/div>\n<\/div>\n<p><!-- \/fxzn:singledetail --><br \/>\n<!-- flzn:textblock --><\/p>\n<div class=\"zone zn-textblock\" id=\"flzn-textblock-1\">\n<div class=\"zone-block zn-textblock-block va-top\">\n<div class=\"row mw-content-zone\">\n<div class=\"columns large-12\">\n<div class=\"row large-up-1 with-nice-alignment nbloc-1\">\n<div class=\"column zn-textblock-col empty-content\">\n<div class=\"column-inner\">\n<div class=\"wig-content mw-content empty-content\">\n<p>Contenu texte \u00e0 venir&#8230;<\/p>\n<\/p><\/div>\n<\/p><\/div>\n<\/p><\/div>\n<\/p><\/div>\n<\/p><\/div>\n<\/p><\/div>\n<\/p><\/div>\n<\/div>\n<p><!-- \/flzn:textblock --><\/p>\n","protected":false},"excerpt":{"rendered":"<p>Mis en ligne le 27 octobre 2019 Th\u00e9matiques Actualit\u00e9 de nos partenaires internationaux R\u00e9ponse attendue pour le 22\/01\/2020 Type de r\u00e9ponse R\u00e9sum\u00e9 Contacts Jean-Claude Domenget vp-recherche@sfsic.org Sylvie Parrini-Alemmano vp-recherche@sfsic.org Sites [&hellip;]<\/p>\n","protected":false},"author":957,"featured_media":0,"comment_status":"closed","ping_status":"closed","sticky":false,"template":"","format":"standard","meta":{"_acf_changed":false,"footnotes":""},"categories":[29,1],"tags":[97,96],"thematique":[44],"sfsic":[52],"class_list":["post-3236","post","type-post","status-publish","format-standard","hentry","category-aac-evenement","category-non-classe","tag-congres","tag-sfsic","thematique-actualite-de-nos-partenaires-internationaux","sfsic-evenements","wp-sticky"],"acf":[],"yoast_head":"<!-- This site is optimized with the Yoast SEO plugin v27.5 - https:\/\/yoast.com\/product\/yoast-seo-wordpress\/ -->\n<title>AAC - Congr\u00e8s SFSIC 2020 - Grenoble - Soci\u00e9t\u00e9s et Espaces en mouvement<\/title>\n<meta name=\"description\" content=\"Le XXII\u00e8me\u00a0Congr\u00e8s de la SFSIC se tiendra les\u00a010, 11 et 12 juin 2020 au sein de l\u2019Institut de la Communication et des M\u00e9dias de l\u2019Universit\u00e9 de Grenoble-Alpes. Il sera accueilli par le Gresec.\u00a0\" \/>\n<meta name=\"robots\" content=\"index, follow, max-snippet:-1, max-image-preview:large, max-video-preview:-1\" \/>\n<link rel=\"canonical\" href=\"https:\/\/www.sfsic.org\/en\/non-classe\/aac-congres-sfsic-2020-2\/\" \/>\n<meta property=\"og:locale\" content=\"en_US\" \/>\n<meta property=\"og:type\" content=\"article\" \/>\n<meta property=\"og:title\" content=\"AAC - Congr\u00e8s SFSIC 2020 - Grenoble - Soci\u00e9t\u00e9s et Espaces en mouvement\" \/>\n<meta property=\"og:description\" content=\"Le XXII\u00e8me\u00a0Congr\u00e8s de la SFSIC se tiendra les\u00a010, 11 et 12 juin 2020 au sein de l\u2019Institut de la Communication et des M\u00e9dias de l\u2019Universit\u00e9 de Grenoble-Alpes. Il sera accueilli par le Gresec.\u00a0\" \/>\n<meta property=\"og:url\" content=\"https:\/\/www.sfsic.org\/en\/non-classe\/aac-congres-sfsic-2020-2\/\" \/>\n<meta property=\"og:site_name\" content=\"SFSIC\" \/>\n<meta property=\"article:published_time\" content=\"2019-10-27T08:35:00+00:00\" \/>\n<meta property=\"article:modified_time\" content=\"2020-05-10T13:42:24+00:00\" \/>\n<meta property=\"og:image\" content=\"https:\/\/www.sfsic.org\/wp-inside\/uploads\/2020\/05\/logo-gresec.png\" \/>\n<meta name=\"author\" content=\"Fabien Bonnet\" \/>\n<meta name=\"twitter:card\" content=\"summary_large_image\" \/>\n<script type=\"application\/ld+json\" class=\"yoast-schema-graph\">{\"@context\":\"https:\\\/\\\/schema.org\",\"@graph\":[{\"@type\":\"Article\",\"@id\":\"https:\\\/\\\/www.sfsic.org\\\/en\\\/non-classe\\\/aac-congres-sfsic-2020-2\\\/#article\",\"isPartOf\":{\"@id\":\"https:\\\/\\\/www.sfsic.org\\\/en\\\/non-classe\\\/aac-congres-sfsic-2020-2\\\/\"},\"author\":{\"name\":\"Fabien Bonnet\",\"@id\":\"https:\\\/\\\/www.sfsic.org\\\/en\\\/#\\\/schema\\\/person\\\/9f83573bda33f40c68c7c826e9567df6\"},\"headline\":\"AAC &#8211; Congr\u00e8s SFSIC 2020 &#8211; Grenoble &#8211; Soci\u00e9t\u00e9s et Espaces en mouvement\",\"datePublished\":\"2019-10-27T08:35:00+00:00\",\"dateModified\":\"2020-05-10T13:42:24+00:00\",\"mainEntityOfPage\":{\"@id\":\"https:\\\/\\\/www.sfsic.org\\\/en\\\/non-classe\\\/aac-congres-sfsic-2020-2\\\/\"},\"wordCount\":208,\"publisher\":{\"@id\":\"https:\\\/\\\/www.sfsic.org\\\/en\\\/#organization\"},\"image\":{\"@id\":\"https:\\\/\\\/www.sfsic.org\\\/en\\\/non-classe\\\/aac-congres-sfsic-2020-2\\\/#primaryimage\"},\"thumbnailUrl\":\"https:\\\/\\\/www.sfsic.org\\\/wp-inside\\\/uploads\\\/2020\\\/05\\\/logo-gresec.png\",\"keywords\":[\"Congr\u00e8s\",\"SFSIC\"],\"articleSection\":[\"AAC \u00c9v\u00e9nement\",\"Non class\u00e9\"],\"inLanguage\":\"en-US\"},{\"@type\":\"WebPage\",\"@id\":\"https:\\\/\\\/www.sfsic.org\\\/en\\\/non-classe\\\/aac-congres-sfsic-2020-2\\\/\",\"url\":\"https:\\\/\\\/www.sfsic.org\\\/en\\\/non-classe\\\/aac-congres-sfsic-2020-2\\\/\",\"name\":\"AAC - Congr\u00e8s SFSIC 2020 - Grenoble - Soci\u00e9t\u00e9s et Espaces en mouvement\",\"isPartOf\":{\"@id\":\"https:\\\/\\\/www.sfsic.org\\\/en\\\/#website\"},\"primaryImageOfPage\":{\"@id\":\"https:\\\/\\\/www.sfsic.org\\\/en\\\/non-classe\\\/aac-congres-sfsic-2020-2\\\/#primaryimage\"},\"image\":{\"@id\":\"https:\\\/\\\/www.sfsic.org\\\/en\\\/non-classe\\\/aac-congres-sfsic-2020-2\\\/#primaryimage\"},\"thumbnailUrl\":\"https:\\\/\\\/www.sfsic.org\\\/wp-inside\\\/uploads\\\/2020\\\/05\\\/logo-gresec.png\",\"datePublished\":\"2019-10-27T08:35:00+00:00\",\"dateModified\":\"2020-05-10T13:42:24+00:00\",\"description\":\"Le XXII\u00e8me\u00a0Congr\u00e8s de la SFSIC se tiendra les\u00a010, 11 et 12 juin 2020 au sein de l\u2019Institut de la Communication et des M\u00e9dias de l\u2019Universit\u00e9 de Grenoble-Alpes. Il sera accueilli par le Gresec.\u00a0\",\"breadcrumb\":{\"@id\":\"https:\\\/\\\/www.sfsic.org\\\/en\\\/non-classe\\\/aac-congres-sfsic-2020-2\\\/#breadcrumb\"},\"inLanguage\":\"en-US\",\"potentialAction\":[{\"@type\":\"ReadAction\",\"target\":[\"https:\\\/\\\/www.sfsic.org\\\/en\\\/non-classe\\\/aac-congres-sfsic-2020-2\\\/\"]}]},{\"@type\":\"ImageObject\",\"inLanguage\":\"en-US\",\"@id\":\"https:\\\/\\\/www.sfsic.org\\\/en\\\/non-classe\\\/aac-congres-sfsic-2020-2\\\/#primaryimage\",\"url\":\"https:\\\/\\\/www.sfsic.org\\\/wp-inside\\\/uploads\\\/2020\\\/05\\\/logo-gresec.png\",\"contentUrl\":\"https:\\\/\\\/www.sfsic.org\\\/wp-inside\\\/uploads\\\/2020\\\/05\\\/logo-gresec.png\"},{\"@type\":\"BreadcrumbList\",\"@id\":\"https:\\\/\\\/www.sfsic.org\\\/en\\\/non-classe\\\/aac-congres-sfsic-2020-2\\\/#breadcrumb\",\"itemListElement\":[{\"@type\":\"ListItem\",\"position\":1,\"name\":\"Accueil\",\"item\":\"https:\\\/\\\/www.sfsic.org\\\/en\\\/\"},{\"@type\":\"ListItem\",\"position\":2,\"name\":\"Calls for Contributions\",\"item\":\"https:\\\/\\\/www.sfsic.org\\\/en\\\/cfc-event\\\/\"},{\"@type\":\"ListItem\",\"position\":3,\"name\":\"AAC &#8211; Congr\u00e8s SFSIC 2020 &#8211; Grenoble &#8211; Soci\u00e9t\u00e9s et Espaces en mouvement\"}]},{\"@type\":\"WebSite\",\"@id\":\"https:\\\/\\\/www.sfsic.org\\\/en\\\/#website\",\"url\":\"https:\\\/\\\/www.sfsic.org\\\/en\\\/\",\"name\":\"SFSIC\",\"description\":\"Soci\u00e9t\u00e9 Fran\u00e7aise des Sciences de l&#039;Information &amp; de la Communication\",\"publisher\":{\"@id\":\"https:\\\/\\\/www.sfsic.org\\\/en\\\/#organization\"},\"potentialAction\":[{\"@type\":\"SearchAction\",\"target\":{\"@type\":\"EntryPoint\",\"urlTemplate\":\"https:\\\/\\\/www.sfsic.org\\\/en\\\/?s={search_term_string}\"},\"query-input\":{\"@type\":\"PropertyValueSpecification\",\"valueRequired\":true,\"valueName\":\"search_term_string\"}}],\"inLanguage\":\"en-US\"},{\"@type\":\"Organization\",\"@id\":\"https:\\\/\\\/www.sfsic.org\\\/en\\\/#organization\",\"name\":\"SFSIC\",\"url\":\"https:\\\/\\\/www.sfsic.org\\\/en\\\/\",\"logo\":{\"@type\":\"ImageObject\",\"inLanguage\":\"en-US\",\"@id\":\"https:\\\/\\\/www.sfsic.org\\\/en\\\/#\\\/schema\\\/logo\\\/image\\\/\",\"url\":\"https:\\\/\\\/www.sfsic.org\\\/wp-inside\\\/uploads\\\/2020\\\/05\\\/logo-sfsic.jpg\",\"contentUrl\":\"https:\\\/\\\/www.sfsic.org\\\/wp-inside\\\/uploads\\\/2020\\\/05\\\/logo-sfsic.jpg\",\"width\":1085,\"height\":1080,\"caption\":\"SFSIC\"},\"image\":{\"@id\":\"https:\\\/\\\/www.sfsic.org\\\/en\\\/#\\\/schema\\\/logo\\\/image\\\/\"}},{\"@type\":\"Person\",\"@id\":\"https:\\\/\\\/www.sfsic.org\\\/en\\\/#\\\/schema\\\/person\\\/9f83573bda33f40c68c7c826e9567df6\",\"name\":\"Fabien Bonnet\",\"image\":{\"@type\":\"ImageObject\",\"inLanguage\":\"en-US\",\"@id\":\"https:\\\/\\\/secure.gravatar.com\\\/avatar\\\/88a9288fc13369cb9e30359afa340f8adace82098c18ff09415c6dacd710ddc4?s=96&d=mm&r=g\",\"url\":\"https:\\\/\\\/secure.gravatar.com\\\/avatar\\\/88a9288fc13369cb9e30359afa340f8adace82098c18ff09415c6dacd710ddc4?s=96&d=mm&r=g\",\"contentUrl\":\"https:\\\/\\\/secure.gravatar.com\\\/avatar\\\/88a9288fc13369cb9e30359afa340f8adace82098c18ff09415c6dacd710ddc4?s=96&d=mm&r=g\",\"caption\":\"Fabien Bonnet\"}}]}<\/script>\n<!-- \/ Yoast SEO plugin. -->","yoast_head_json":{"title":"AAC - Congr\u00e8s SFSIC 2020 - Grenoble - Soci\u00e9t\u00e9s et Espaces en mouvement","description":"Le XXII\u00e8me\u00a0Congr\u00e8s de la SFSIC se tiendra les\u00a010, 11 et 12 juin 2020 au sein de l\u2019Institut de la Communication et des M\u00e9dias de l\u2019Universit\u00e9 de Grenoble-Alpes. Il sera accueilli par le Gresec.\u00a0","robots":{"index":"index","follow":"follow","max-snippet":"max-snippet:-1","max-image-preview":"max-image-preview:large","max-video-preview":"max-video-preview:-1"},"canonical":"https:\/\/www.sfsic.org\/en\/non-classe\/aac-congres-sfsic-2020-2\/","og_locale":"en_US","og_type":"article","og_title":"AAC - Congr\u00e8s SFSIC 2020 - Grenoble - Soci\u00e9t\u00e9s et Espaces en mouvement","og_description":"Le XXII\u00e8me\u00a0Congr\u00e8s de la SFSIC se tiendra les\u00a010, 11 et 12 juin 2020 au sein de l\u2019Institut de la Communication et des M\u00e9dias de l\u2019Universit\u00e9 de Grenoble-Alpes. Il sera accueilli par le Gresec.\u00a0","og_url":"https:\/\/www.sfsic.org\/en\/non-classe\/aac-congres-sfsic-2020-2\/","og_site_name":"SFSIC","article_published_time":"2019-10-27T08:35:00+00:00","article_modified_time":"2020-05-10T13:42:24+00:00","og_image":[{"url":"https:\/\/www.sfsic.org\/wp-inside\/uploads\/2020\/05\/logo-gresec.png","type":"","width":"","height":""}],"author":"Fabien Bonnet","twitter_card":"summary_large_image","schema":{"@context":"https:\/\/schema.org","@graph":[{"@type":"Article","@id":"https:\/\/www.sfsic.org\/en\/non-classe\/aac-congres-sfsic-2020-2\/#article","isPartOf":{"@id":"https:\/\/www.sfsic.org\/en\/non-classe\/aac-congres-sfsic-2020-2\/"},"author":{"name":"Fabien Bonnet","@id":"https:\/\/www.sfsic.org\/en\/#\/schema\/person\/9f83573bda33f40c68c7c826e9567df6"},"headline":"AAC &#8211; Congr\u00e8s SFSIC 2020 &#8211; Grenoble &#8211; Soci\u00e9t\u00e9s et Espaces en mouvement","datePublished":"2019-10-27T08:35:00+00:00","dateModified":"2020-05-10T13:42:24+00:00","mainEntityOfPage":{"@id":"https:\/\/www.sfsic.org\/en\/non-classe\/aac-congres-sfsic-2020-2\/"},"wordCount":208,"publisher":{"@id":"https:\/\/www.sfsic.org\/en\/#organization"},"image":{"@id":"https:\/\/www.sfsic.org\/en\/non-classe\/aac-congres-sfsic-2020-2\/#primaryimage"},"thumbnailUrl":"https:\/\/www.sfsic.org\/wp-inside\/uploads\/2020\/05\/logo-gresec.png","keywords":["Congr\u00e8s","SFSIC"],"articleSection":["AAC \u00c9v\u00e9nement","Non class\u00e9"],"inLanguage":"en-US"},{"@type":"WebPage","@id":"https:\/\/www.sfsic.org\/en\/non-classe\/aac-congres-sfsic-2020-2\/","url":"https:\/\/www.sfsic.org\/en\/non-classe\/aac-congres-sfsic-2020-2\/","name":"AAC - Congr\u00e8s SFSIC 2020 - Grenoble - Soci\u00e9t\u00e9s et Espaces en mouvement","isPartOf":{"@id":"https:\/\/www.sfsic.org\/en\/#website"},"primaryImageOfPage":{"@id":"https:\/\/www.sfsic.org\/en\/non-classe\/aac-congres-sfsic-2020-2\/#primaryimage"},"image":{"@id":"https:\/\/www.sfsic.org\/en\/non-classe\/aac-congres-sfsic-2020-2\/#primaryimage"},"thumbnailUrl":"https:\/\/www.sfsic.org\/wp-inside\/uploads\/2020\/05\/logo-gresec.png","datePublished":"2019-10-27T08:35:00+00:00","dateModified":"2020-05-10T13:42:24+00:00","description":"Le XXII\u00e8me\u00a0Congr\u00e8s de la SFSIC se tiendra les\u00a010, 11 et 12 juin 2020 au sein de l\u2019Institut de la Communication et des M\u00e9dias de l\u2019Universit\u00e9 de Grenoble-Alpes. Il sera accueilli par le Gresec.\u00a0","breadcrumb":{"@id":"https:\/\/www.sfsic.org\/en\/non-classe\/aac-congres-sfsic-2020-2\/#breadcrumb"},"inLanguage":"en-US","potentialAction":[{"@type":"ReadAction","target":["https:\/\/www.sfsic.org\/en\/non-classe\/aac-congres-sfsic-2020-2\/"]}]},{"@type":"ImageObject","inLanguage":"en-US","@id":"https:\/\/www.sfsic.org\/en\/non-classe\/aac-congres-sfsic-2020-2\/#primaryimage","url":"https:\/\/www.sfsic.org\/wp-inside\/uploads\/2020\/05\/logo-gresec.png","contentUrl":"https:\/\/www.sfsic.org\/wp-inside\/uploads\/2020\/05\/logo-gresec.png"},{"@type":"BreadcrumbList","@id":"https:\/\/www.sfsic.org\/en\/non-classe\/aac-congres-sfsic-2020-2\/#breadcrumb","itemListElement":[{"@type":"ListItem","position":1,"name":"Accueil","item":"https:\/\/www.sfsic.org\/en\/"},{"@type":"ListItem","position":2,"name":"Calls for Contributions","item":"https:\/\/www.sfsic.org\/en\/cfc-event\/"},{"@type":"ListItem","position":3,"name":"AAC &#8211; Congr\u00e8s SFSIC 2020 &#8211; Grenoble &#8211; Soci\u00e9t\u00e9s et Espaces en mouvement"}]},{"@type":"WebSite","@id":"https:\/\/www.sfsic.org\/en\/#website","url":"https:\/\/www.sfsic.org\/en\/","name":"SFSIC","description":"Soci\u00e9t\u00e9 Fran\u00e7aise des Sciences de l&#039;Information &amp; de la Communication","publisher":{"@id":"https:\/\/www.sfsic.org\/en\/#organization"},"potentialAction":[{"@type":"SearchAction","target":{"@type":"EntryPoint","urlTemplate":"https:\/\/www.sfsic.org\/en\/?s={search_term_string}"},"query-input":{"@type":"PropertyValueSpecification","valueRequired":true,"valueName":"search_term_string"}}],"inLanguage":"en-US"},{"@type":"Organization","@id":"https:\/\/www.sfsic.org\/en\/#organization","name":"SFSIC","url":"https:\/\/www.sfsic.org\/en\/","logo":{"@type":"ImageObject","inLanguage":"en-US","@id":"https:\/\/www.sfsic.org\/en\/#\/schema\/logo\/image\/","url":"https:\/\/www.sfsic.org\/wp-inside\/uploads\/2020\/05\/logo-sfsic.jpg","contentUrl":"https:\/\/www.sfsic.org\/wp-inside\/uploads\/2020\/05\/logo-sfsic.jpg","width":1085,"height":1080,"caption":"SFSIC"},"image":{"@id":"https:\/\/www.sfsic.org\/en\/#\/schema\/logo\/image\/"}},{"@type":"Person","@id":"https:\/\/www.sfsic.org\/en\/#\/schema\/person\/9f83573bda33f40c68c7c826e9567df6","name":"Fabien Bonnet","image":{"@type":"ImageObject","inLanguage":"en-US","@id":"https:\/\/secure.gravatar.com\/avatar\/88a9288fc13369cb9e30359afa340f8adace82098c18ff09415c6dacd710ddc4?s=96&d=mm&r=g","url":"https:\/\/secure.gravatar.com\/avatar\/88a9288fc13369cb9e30359afa340f8adace82098c18ff09415c6dacd710ddc4?s=96&d=mm&r=g","contentUrl":"https:\/\/secure.gravatar.com\/avatar\/88a9288fc13369cb9e30359afa340f8adace82098c18ff09415c6dacd710ddc4?s=96&d=mm&r=g","caption":"Fabien Bonnet"}}]}},"_links":{"self":[{"href":"https:\/\/www.sfsic.org\/en\/wp-json\/wp\/v2\/posts\/3236","targetHints":{"allow":["GET"]}}],"collection":[{"href":"https:\/\/www.sfsic.org\/en\/wp-json\/wp\/v2\/posts"}],"about":[{"href":"https:\/\/www.sfsic.org\/en\/wp-json\/wp\/v2\/types\/post"}],"author":[{"embeddable":true,"href":"https:\/\/www.sfsic.org\/en\/wp-json\/wp\/v2\/users\/957"}],"replies":[{"embeddable":true,"href":"https:\/\/www.sfsic.org\/en\/wp-json\/wp\/v2\/comments?post=3236"}],"version-history":[{"count":2,"href":"https:\/\/www.sfsic.org\/en\/wp-json\/wp\/v2\/posts\/3236\/revisions"}],"predecessor-version":[{"id":5438,"href":"https:\/\/www.sfsic.org\/en\/wp-json\/wp\/v2\/posts\/3236\/revisions\/5438"}],"wp:attachment":[{"href":"https:\/\/www.sfsic.org\/en\/wp-json\/wp\/v2\/media?parent=3236"}],"wp:term":[{"taxonomy":"category","embeddable":true,"href":"https:\/\/www.sfsic.org\/en\/wp-json\/wp\/v2\/categories?post=3236"},{"taxonomy":"post_tag","embeddable":true,"href":"https:\/\/www.sfsic.org\/en\/wp-json\/wp\/v2\/tags?post=3236"},{"taxonomy":"thematique","embeddable":true,"href":"https:\/\/www.sfsic.org\/en\/wp-json\/wp\/v2\/thematique?post=3236"},{"taxonomy":"sfsic","embeddable":true,"href":"https:\/\/www.sfsic.org\/en\/wp-json\/wp\/v2\/sfsic?post=3236"}],"curies":[{"name":"wp","href":"https:\/\/api.w.org\/{rel}","templated":true}]}}