{"id":32234,"date":"2024-06-02T15:12:57","date_gmt":"2024-06-02T13:12:57","guid":{"rendered":"https:\/\/www.sfsic.org\/?p=32234"},"modified":"2024-06-02T15:12:58","modified_gmt":"2024-06-02T13:12:58","slug":"recits-de-travail-precarite-et-bandes-dessinees","status":"publish","type":"post","link":"https:\/\/www.sfsic.org\/en\/aac-evenement\/recits-de-travail-precarite-et-bandes-dessinees\/","title":{"rendered":"R\u00e9cits de travail, pr\u00e9carit\u00e9 et bandes dessin\u00e9es"},"content":{"rendered":"<p><!-- fxzn:singledetail --><\/p>\n<div class=\"zone zn-singledetail\" id=\"fxzn-singledetail-1\">\n<div class=\"zone-block zn-singledetail-block alignwide va-top\">\n<div class=\"row\">\n<div class=\"columns large-8 large-push-4\">\n<div class=\"zn-singledetail-metabox\">\n<div class=\"zn-singledetail-pubdate pubdate\">\n\t\t\t\t\t<span class=\"pubdate-txt\">Mis en ligne le<\/span><span class=\"doubledot\"><\/span> 2 juin 2024\t\t\t\t<\/div>\n<div class=\"zn-singledetail-thematiques with-sep-comma\">\n<ul class=\"termslist termslist-thematique\">\n<li class=\"termslist-item termslist-title\"><span class=\"termslist-titletxt\">Th\u00e9matiques<\/span><span class=\"doubledot\"><\/span><\/li>\n<li class=\"termslist-item tax-thematique term-images-cinema-medias-audiovisuels-et-industries-culturelles\"><a class=\"termslist-itemlink\" href=\"https:\/\/www.sfsic.org\/thematiques\/images-cinema-medias-audiovisuels-et-industries-culturelles\/\" title=\"Images, cin\u00e9ma, m\u00e9dias audiovisuels et industries culturelles\"><span class=\"termslist-itemname\">Images, cin\u00e9ma, m\u00e9dias audiovisuels et industries culturelles<\/span><\/a><\/li>\n<\/ul><\/div>\n<\/p><\/div>\n<\/p><\/div>\n<\/p><\/div>\n<div class=\"row\">\n<div class=\"columns large-4\">\n<div class=\"zn-singledetail-sidebar bg-cornersquares\">\n<div class=\"zn-singledetail-infos\">\n<p class=\"zn-singledetail-reponse-date\">\n\t\t\t\t\t\t<span>R\u00e9ponse attendue pour le<\/span><span class=\"doubledot\"><\/span> <strong>01\/10\/2024<\/strong>\n\t\t\t\t\t<\/p>\n<p class=\"zn-singledetail-reponse-type\">\n\t\t\t\t\t<span>Type de r\u00e9ponse<\/span><span class=\"doubledot\"><\/span> <strong>R\u00e9sum\u00e9<\/strong>\n\t\t\t\t\t<\/p>\n<p class=\"zn-singledetail-type\">\n\t\t\t\t\t\t\t<span>Type d\u2019\u00e9v\u00e9nement<\/span><span class=\"doubledot\"><\/span> <strong>Colloque<\/strong>\n\t\t\t\t\t<\/p>\n<\/p><\/div>\n<div class=\"zn-singledetail-contacts\">\n<h3 class=\"zn-singledetail-section-title\">Contacts<\/h3>\n<ul class=\"zn-singledetail-contacts-list\">\n<li class=\"zn-singledetail-contact\">\n\t\t\t\t\t\t\t<span class=\"zn-singledetail-contact-name\">Jean-Paul G\u00e9hin, Universit\u00e9 de Poitiers, GRESCO<\/span><span class=\"doubledot\"><\/span><br \/>\n\t\t\t\t\t\t\t\t\t\t\t\t\t\t<a class=\"zn-singledetail-contact-mail prettylink\" href=\"mailto:jean.paul.gehin@univ-poitiers.fr\">jean.paul.gehin@univ-poitiers.fr<\/a>\n\t\t\t\t\t\t\t\t\t\t\t\t\t<\/li>\n<li class=\"zn-singledetail-contact\">\n\t\t\t\t\t\t\t<span class=\"zn-singledetail-contact-name\">Nicolas Verschueren, Universit\u00e9 Libre de Bruxelles<\/span><span class=\"doubledot\"><\/span><br \/>\n\t\t\t\t\t\t\t\t\t\t\t\t\t\t<a class=\"zn-singledetail-contact-mail prettylink\" href=\"mailto:Nicolas.Verschueren@ulb.be\">Nicolas.Verschueren@ulb.be<\/a>\n\t\t\t\t\t\t\t\t\t\t\t\t\t<\/li>\n<\/ul><\/div>\n<\/p><\/div>\n<\/p><\/div>\n<div class=\"columns large-8\">\n<div class=\"zn-singledetail-contentbox\">\n<div class=\"zn-singledetail-eventinfo\">\n<div class=\"zn-singledetail-eventinfo-inner\">\n<div class=\"zn-singledetail-eventdates\">\n\t\t\t\t\t\t<span class=\"zn-singledetail-label\">Dates de l\u2019\u00e9v\u00e9nement<span class=\"doubledot\"><\/span><\/span><\/p>\n<ul class=\"zn-singledetail-eventdates-list\">\n<li class=\"zn-singledetail-eventdates-item\">\n\t\t\t\t\t\t\t\tDu 27\/03\/2025 au 28\/03\/2025\t\t\t\t\t\t\t<\/li>\n<\/ul><\/div>\n<p class=\"zn-singledetail-eventplace\">\n\t\t\t\t\t\t<span class=\"zn-singledetail-label\">Lieu de l\u2019\u00e9v\u00e9nement<span class=\"doubledot\"><\/span><\/span><br \/>\n\t\t\t\t\t\t<span class=\"zn-singledetail-eventplace-adr\"><\/p>\n<p>\t\t\t\t\t\t\t\t\t\t\t\t<span class=\"adr-place\">Mus\u00e9e de la bande dessin\u00e9e<\/span>,<\/p>\n<p>\t\t\t\t\t\t<span class=\"adr-city\">Angoul\u00eame<\/span>\t\t\t\t\t\t<span class=\"adr-cp\">16000<\/span>, <span class=\"adr-country\">France<\/span><br \/>\n\t\t\t\t\t\t<\/span>\t\t\t\t\t<\/p>\n<\/p><\/div>\n<\/p><\/div>\n<div class=\"zn-singledetail-annonce wig-content\">\n<p class=\"western\" align=\"justify\">Les rapprochements entre bande dessin\u00e9e et monde universitaire se sont intensifi\u00e9s et diversifi\u00e9s depuis quelques ann\u00e9es. Sources et archives pour l\u2019histoire, moyens de diffusion et de valorisation de la recherche, objets d\u2019\u00e9tudes en sociologie ou en s\u00e9miologie, la bande dessin\u00e9e et le roman graphique concernent de plus en plus de disciplines scientifiques. Cet int\u00e9r\u00eat est nourri par l\u2019\u00e9volution du secteur de la BD, la croissance significative de son \u00e9dition et son ouverture vers des questions sociales comme l\u2019\u00e9cologie, les migrations ou le travail. Il est \u00e0 souligner que les \u00e9volutions notables, qui articulent de mani\u00e8re diversifi\u00e9e travail documentaire, enqu\u00eate de terrain, r\u00e9flexivit\u00e9 et autobiographie, concernent les trois grandes traditions de bande dessin\u00e9e&#160;: asiatique, am\u00e9ricaine et europ\u00e9enne.<\/p>\n<p class=\"western\" align=\"justify\">En prolongement du r\u00e9cent num\u00e9ro th\u00e9matique de la revue <i>Images du Travail, Travail des images<\/i> (G\u00e9hin, Laot &amp; Noc\u00e9rino, 2023), une r\u00e9flexion est en cours pour mieux comprendre les r\u00e9cits de travail produits par ce qu\u2019il convient d\u2019appeler l\u2019art s\u00e9quentiel (Eisner, 1985&#160;; McCloud, 2002). Le projet est de constituer un groupe de recherche en sciences sociales du travail au niveau europ\u00e9en ou de la francophonie, interrogeant le contenu et la fabrique des r\u00e9cits de travail en bande dessin\u00e9e. Des membres d\u2019\u00e9quipes belges, fran\u00e7aises, luxembourgeoises et suisses ont particip\u00e9 \u00e0 cet \u00e9change. L\u2019id\u00e9e d\u2019\u00e9largir \u00e0 d\u2019autres pays francophones (Qu\u00e9bec, Afrique francophone) ou europ\u00e9ens (Allemagne, Italie, Espagne) a \u00e9t\u00e9 \u00e9voqu\u00e9e.<\/p>\n<p class=\"western\" align=\"justify\">Les auteurs et autrices de bande dessin\u00e9e ont d\u00e9sormais franchi la porte de l\u2019atelier<a class=\"sdfootnoteanc\" href=\"#sdfootnote1sym\" name=\"sdfootnote1anc\"><sup>1<\/sup><\/a>, du bureau et des diff\u00e9rents espaces professionnels pour questionner le travail et \u00ab&#160;impliquer le lecteur dans l\u2019exp\u00e9rience du travail&#160;\u00bb (Loriol, 2023). C\u2019est ce regard renouvel\u00e9, qui fera l\u2019objet de ce colloque, qui abordera la question du double point de vue des trajectoires et des conditions de travail des autrices et des auteurs (Aquatias, 2023) d\u2019une part, et d\u2019autre part des repr\u00e9sentations qu\u2019ils ou elles donnent des diff\u00e9rentes professions et activit\u00e9s (y compris la leur).<\/p>\n<p class=\"western\" align=\"justify\">Il s\u2019agit donc de nous interroger sur les m\u00e9tiers, l\u2019organisation du travail et les enjeux sociaux qui traversent l\u2019activit\u00e9 de conception et de fabrication de bandes dessin\u00e9es et sur la mani\u00e8re dont ce secteur s\u2019approprie, par le dessin et par le r\u00e9cit, les mondes du travail. Beaucoup de BD ne se limitent pas \u00e0 la repr\u00e9sentation des temps de travail, mais s\u2019int\u00e9ressent aux \u00e0-c\u00f4t\u00e9s&#160;: engagements syndicaux, luttes sociales, manifestations, lanceurs d\u2019alerte (Ackermann &amp; Ferenc, 2023), moments de d\u00e9tente, convivialit\u00e9, autonomie, perruque (Deyrou, 2020). On peut m\u00eame se demander si la BD, parce qu\u2019elle se centre sur ses personnages et qu\u2019elle les suit dans les diff\u00e9rentes dimensions de leur vie, n\u2019encourage pas \u00e0 articuler la mise en sc\u00e8ne du travail avec les autres temps sociaux et aspects familiaux, collectifs, de loisirs.<\/p>\n<p class=\"western\" align=\"justify\">L\u2019int\u00e9r\u00eat renforc\u00e9 au monde du travail est paradoxalement facilit\u00e9 par la situation \u00e9conomique du secteur qui depuis quelques ann\u00e9es voit cro\u00eetre ses ventes et encore plus la production d\u2019albums&#160;; ce qui rend difficile l\u2019entr\u00e9e des jeunes dans le secteur et les conduit pour vivre \u00e0 d\u00e9velopper des activit\u00e9s soit dans des espaces proches de la BD comme le cin\u00e9ma d\u2019animation, l\u2019\u00e9dition jeunesse, l\u2019\u00e9ducation, la communication, ou prendre des petits boulots, apprenant ainsi la domination et la pr\u00e9carit\u00e9, dont ils rendent compte dans leurs ouvrages. Ainsi, <i>la bande dessin\u00e9e nous montre le travail de l\u2019int\u00e9rieur<\/i> (G\u00e9hin, 2018)&#160;: Louis Theillier (2014) n\u2019est pas seulement un auteur s\u2019int\u00e9ressant aux luttes sociales, c\u2019est aussi un ouvrier de cette usine en gr\u00e8ve dans la banlieue de Bruxelles&#160;; \u00c9lise Griffon et S\u00e9bastien Marnier dans <i>Salaire net et monde de brute <\/i>(2013) d\u00e9noncent avec humour et brio les petits boulots offerts aux \u00e9tudiants&#160;; Bruno Bertine (<i>Bienvenue \u00e0 l\u2019usine, <\/i>2019) rend compte de sa difficile int\u00e9gration pour un emploi d\u2019\u00e9t\u00e9 dans une entreprise de son village&#160;; Tiphaine Rivi\u00e8re dans <i>Carnets de th\u00e8se<\/i> (2015) propose une autobiographie d\u00e9non\u00e7ant les conditions de travail des vacataires \u00e0 l\u2019universit\u00e9&#160;; Timoth\u00e9e Ostermann (<i>L\u2019artiste \u00e0 mi-temps<\/i>, 2022) mobilise ses exp\u00e9riences de petits boulots dans ses albums&#160;; ou encore dans <i>Moi vivant, vous n\u2019aurez jamais de pause<\/i>, Leslie Pl\u00e9e (2009) raconte son entr\u00e9e dans le monde du travail comme libraire dans une grande enseigne. On pourrait multiplier les exemples soulignant la singularit\u00e9 de ces regards sur le travail mais aussi rappeler qu\u2019en partie, ils s\u2019inscrivent dans une tradition d\u2019observation participante plus ou moins cach\u00e9e dans le cadre de travaux de recherche, notamment en sociologie du travail (Linhardt (1978), Roy (2006) pour ne citer qu\u2019eux) ou encore dans des enqu\u00eates journalistiques (Mallet (2013), Wallraff (1986).<\/p>\n<p class=\"western\" align=\"justify\">Plus globalement, une particularit\u00e9 de ces auteurs et autrices de bandes dessin\u00e9es consiste \u00e0 se mettre en sc\u00e8ne dans les mondes qu\u2019ils \u00e9tudient. Si ce type de mise en sc\u00e8ne n\u2019est pas syst\u00e9matique, il est fr\u00e9quent et conduit \u00e0 nous interroger sur la place de l\u2019auteur ou l\u2019autrice de bandes dessin\u00e9es dans la mani\u00e8re de montrer le travail soulignant la sp\u00e9cificit\u00e9 de son regard et de son activit\u00e9 dans l\u2019univers du travail observ\u00e9 et montr\u00e9. On peut d\u2019ailleurs se demander si la forme du m\u00e9dia bande dessin\u00e9e n\u2019oriente pas ce point de vue&#160;: \u00ab&#160;L\u2019illustration et la narration prot\u00e9iforme de la bande dessin\u00e9e donnent \u00e0 voir diff\u00e9rentes facettes de la r\u00e9alit\u00e9 du travail du mineur, mouvant la focale du point de vue des implications pour l\u2019individu ou le collectif.&#160;\u00bb (Verschueren, 2023).<\/p>\n<p class=\"western\" align=\"justify\">Se posent alors de nombreuses questions&#160;: Y aurait-il une forme de pudeur de l\u2019auteur ou autrice de bandes dessin\u00e9es \u00e0 ne d\u00e9voiler qu\u2019une partie du processus du travail sauf si elle ou il a exerc\u00e9 ce m\u00e9tier&#160;? De l\u2019exercice du m\u00e9tier, ils ou elles semblent tirer une l\u00e9gitimit\u00e9 leur permettant d\u2019affronter de face la r\u00e9alit\u00e9 de ce monde du travail. Est-il possible de dessiner, d\u2019\u00e9crire le travail sans en avoir fait l\u2019exp\u00e9rience physique&#160;? Le dessin surgit-il comme une lib\u00e9ration de l\u2019espace contraint du travail&#160;? Bien entendu, le travail peut s\u2019appr\u00e9hender depuis l\u2019ext\u00e9rieur mais il serait pertinent d\u2019\u00e9tudier les variations dans les processus cr\u00e9atifs (graphiques ou narratifs) dans la mise en r\u00e9cits du travail en bandes dessin\u00e9es ou romans graphiques.<\/p>\n<p class=\"western\" align=\"justify\">Le colloque <i>R\u00e9cits de travail, pr\u00e9carit\u00e9 et bandes dessin\u00e9es <\/i>qui se d\u00e9roulera \u00e0 Angoul\u00eame les 27 et 28 mars 2025 se propose donc de faire le point sur cette forme sp\u00e9cifique de mise en sc\u00e8ne du travail \u00e0 travers une s\u00e9rie de communication sur ce th\u00e8me. Il appara\u00eet aussi n\u00e9cessaire d\u2019engager les \u00e9changes et d\u00e9bats entre celles et ceux qui participe \u00e0 la production de la BD (sc\u00e9naristes comme dessinateurs et dessinatrices ou encore \u00e9diteurs et \u00e9ditrices, coloristes, critiques, sp\u00e9cialistes de l\u2019accompagnement etc.) et scientifiques sous forme de tables rondes voire de communications croisant les points de vue.<\/p>\n<div id=\"sdfootnote1\">\n<p class=\"sdfootnote-western\" lang=\"fr-BE\"><a class=\"sdfootnotesym\" href=\"#sdfootnote1anc\" name=\"sdfootnote1sym\">1<\/a> Au double sens du terme&#160;: ateliers des usines mais aussi ateliers collectifs qui se sont d\u00e9velopp\u00e9s depuis quelques d\u00e9cennies dans le champ de la BD.<\/p>\n<\/div><\/div>\n<div class=\"zn-singledetail-keywords\">\n<h3 class=\"zn-singledetail-section-title\">Mots-cl\u00e9s<\/h3>\n<ul class=\"termslist termslist-post_tag\">\n<li class=\"termslist-item termslist-title\"><span class=\"termslist-titletxt\">Mots-cl\u00e9s<\/span><span class=\"doubledot\"><\/span><\/li>\n<li class=\"termslist-item tax-post_tag term-bande-dessinee\"><a class=\"termslist-itemlink\" href=\"https:\/\/www.sfsic.org\/tag\/bande-dessinee\/\" title=\"Bande dessin\u00e9e\"><span class=\"termslist-itemname\">Bande dessin\u00e9e<\/span><\/a><\/li>\n<li class=\"termslist-item tax-post_tag term-formats-mediatiques\"><a class=\"termslist-itemlink\" href=\"https:\/\/www.sfsic.org\/tag\/formats-mediatiques\/\" title=\"Formats m\u00e9diatiques\"><span class=\"termslist-itemname\">Formats m\u00e9diatiques<\/span><\/a><\/li>\n<li class=\"termslist-item tax-post_tag term-travail\"><a class=\"termslist-itemlink\" href=\"https:\/\/www.sfsic.org\/tag\/travail\/\" title=\"Travail\"><span class=\"termslist-itemname\">Travail<\/span><\/a><\/li>\n<\/ul><\/div>\n<\/p><\/div>\n<\/p><\/div>\n<\/p><\/div>\n<\/p><\/div>\n<\/div>\n<p><!-- \/fxzn:singledetail --><\/p>\n","protected":false},"excerpt":{"rendered":"<p>Mis en ligne le 2 juin 2024 Th\u00e9matiques Images, cin\u00e9ma, m\u00e9dias audiovisuels et industries culturelles R\u00e9ponse attendue pour le 01\/10\/2024 Type de r\u00e9ponse R\u00e9sum\u00e9 Type d\u2019\u00e9v\u00e9nement Colloque Contacts Jean-Paul G\u00e9hin, [&hellip;]<\/p>\n","protected":false},"author":1572,"featured_media":0,"comment_status":"closed","ping_status":"closed","sticky":false,"template":"","format":"standard","meta":{"_acf_changed":false,"footnotes":""},"categories":[29],"tags":[377,838,109],"thematique":[35],"sfsic":[],"class_list":["post-32234","post","type-post","status-publish","format-standard","hentry","category-aac-evenement","tag-bande-dessinee","tag-formats-mediatiques","tag-travail","thematique-images-cinema-medias-audiovisuels-et-industries-culturelles","wp-sticky"],"acf":[],"yoast_head":"<!-- This site is optimized with the Yoast SEO plugin v27.4 - https:\/\/yoast.com\/product\/yoast-seo-wordpress\/ -->\n<title>R\u00e9cits de travail, pr\u00e9carit\u00e9 et bandes dessin\u00e9es<\/title>\n<meta name=\"description\" content=\"Le colloque R\u00e9cits de travail, pr\u00e9carit\u00e9 et bandes dessin\u00e9es qui se d\u00e9roulera \u00e0 Angoul\u00eame les 27 et 28 mars 2025 et se propose de faire le point sur cette forme sp\u00e9cifique de mise en sc\u00e8ne du travail \u00e0 travers une s\u00e9rie de communication sur ce th\u00e8me. Il appara\u00eet n\u00e9cessaire d\u2019engager les \u00e9changes et d\u00e9bats entre celles et ceux qui participe \u00e0 la production de la BD (sc\u00e9naristes comme dessinateurs et dessinatrices ou encore \u00e9diteurs et \u00e9ditrices, coloristes, critiques, sp\u00e9cialistes de l\u2019accompagnement etc.) et scientifiques sous forme de tables rondes voire de communications croisant les points de vue.\" \/>\n<meta name=\"robots\" content=\"index, follow, max-snippet:-1, max-image-preview:large, max-video-preview:-1\" \/>\n<link rel=\"canonical\" href=\"https:\/\/www.sfsic.org\/en\/aac-evenement\/recits-de-travail-precarite-et-bandes-dessinees\/\" \/>\n<meta property=\"og:locale\" content=\"en_US\" \/>\n<meta property=\"og:type\" content=\"article\" \/>\n<meta property=\"og:title\" content=\"R\u00e9cits de travail, pr\u00e9carit\u00e9 et bandes dessin\u00e9es\" \/>\n<meta property=\"og:description\" content=\"Le colloque R\u00e9cits de travail, pr\u00e9carit\u00e9 et bandes dessin\u00e9es qui se d\u00e9roulera \u00e0 Angoul\u00eame les 27 et 28 mars 2025 et se propose de faire le point sur cette forme sp\u00e9cifique de mise en sc\u00e8ne du travail \u00e0 travers une s\u00e9rie de communication sur ce th\u00e8me. Il appara\u00eet n\u00e9cessaire d\u2019engager les \u00e9changes et d\u00e9bats entre celles et ceux qui participe \u00e0 la production de la BD (sc\u00e9naristes comme dessinateurs et dessinatrices ou encore \u00e9diteurs et \u00e9ditrices, coloristes, critiques, sp\u00e9cialistes de l\u2019accompagnement etc.) et scientifiques sous forme de tables rondes voire de communications croisant les points de vue.\" \/>\n<meta property=\"og:url\" content=\"https:\/\/www.sfsic.org\/en\/aac-evenement\/recits-de-travail-precarite-et-bandes-dessinees\/\" \/>\n<meta property=\"og:site_name\" content=\"SFSIC\" \/>\n<meta property=\"article:published_time\" content=\"2024-06-02T13:12:57+00:00\" \/>\n<meta property=\"article:modified_time\" content=\"2024-06-02T13:12:58+00:00\" \/>\n<meta name=\"author\" content=\"MA\u00cbL RANNOU\" \/>\n<meta name=\"twitter:card\" content=\"summary_large_image\" \/>\n<script type=\"application\/ld+json\" class=\"yoast-schema-graph\">{\"@context\":\"https:\\\/\\\/schema.org\",\"@graph\":[{\"@type\":\"Article\",\"@id\":\"https:\\\/\\\/www.sfsic.org\\\/en\\\/aac-evenement\\\/recits-de-travail-precarite-et-bandes-dessinees\\\/#article\",\"isPartOf\":{\"@id\":\"https:\\\/\\\/www.sfsic.org\\\/en\\\/aac-evenement\\\/recits-de-travail-precarite-et-bandes-dessinees\\\/\"},\"author\":{\"name\":\"MA\u00cbL RANNOU\",\"@id\":\"https:\\\/\\\/www.sfsic.org\\\/en\\\/#\\\/schema\\\/person\\\/e106b9fbd756b70f92ef3f24a868f55b\"},\"headline\":\"R\u00e9cits de travail, pr\u00e9carit\u00e9 et bandes dessin\u00e9es\",\"datePublished\":\"2024-06-02T13:12:57+00:00\",\"dateModified\":\"2024-06-02T13:12:58+00:00\",\"mainEntityOfPage\":{\"@id\":\"https:\\\/\\\/www.sfsic.org\\\/en\\\/aac-evenement\\\/recits-de-travail-precarite-et-bandes-dessinees\\\/\"},\"wordCount\":1351,\"publisher\":{\"@id\":\"https:\\\/\\\/www.sfsic.org\\\/en\\\/#organization\"},\"keywords\":[\"Bande dessin\u00e9e\",\"Formats m\u00e9diatiques\",\"Travail\"],\"articleSection\":[\"AAC \u00c9v\u00e9nement\"],\"inLanguage\":\"en-US\"},{\"@type\":\"WebPage\",\"@id\":\"https:\\\/\\\/www.sfsic.org\\\/en\\\/aac-evenement\\\/recits-de-travail-precarite-et-bandes-dessinees\\\/\",\"url\":\"https:\\\/\\\/www.sfsic.org\\\/en\\\/aac-evenement\\\/recits-de-travail-precarite-et-bandes-dessinees\\\/\",\"name\":\"R\u00e9cits de travail, pr\u00e9carit\u00e9 et bandes dessin\u00e9es\",\"isPartOf\":{\"@id\":\"https:\\\/\\\/www.sfsic.org\\\/en\\\/#website\"},\"datePublished\":\"2024-06-02T13:12:57+00:00\",\"dateModified\":\"2024-06-02T13:12:58+00:00\",\"description\":\"Le colloque R\u00e9cits de travail, pr\u00e9carit\u00e9 et bandes dessin\u00e9es qui se d\u00e9roulera \u00e0 Angoul\u00eame les 27 et 28 mars 2025 et se propose de faire le point sur cette forme sp\u00e9cifique de mise en sc\u00e8ne du travail \u00e0 travers une s\u00e9rie de communication sur ce th\u00e8me. Il appara\u00eet n\u00e9cessaire d\u2019engager les \u00e9changes et d\u00e9bats entre celles et ceux qui participe \u00e0 la production de la BD (sc\u00e9naristes comme dessinateurs et dessinatrices ou encore \u00e9diteurs et \u00e9ditrices, coloristes, critiques, sp\u00e9cialistes de l\u2019accompagnement etc.) et scientifiques sous forme de tables rondes voire de communications croisant les points de vue.\",\"breadcrumb\":{\"@id\":\"https:\\\/\\\/www.sfsic.org\\\/en\\\/aac-evenement\\\/recits-de-travail-precarite-et-bandes-dessinees\\\/#breadcrumb\"},\"inLanguage\":\"en-US\",\"potentialAction\":[{\"@type\":\"ReadAction\",\"target\":[\"https:\\\/\\\/www.sfsic.org\\\/en\\\/aac-evenement\\\/recits-de-travail-precarite-et-bandes-dessinees\\\/\"]}]},{\"@type\":\"BreadcrumbList\",\"@id\":\"https:\\\/\\\/www.sfsic.org\\\/en\\\/aac-evenement\\\/recits-de-travail-precarite-et-bandes-dessinees\\\/#breadcrumb\",\"itemListElement\":[{\"@type\":\"ListItem\",\"position\":1,\"name\":\"Accueil\",\"item\":\"https:\\\/\\\/www.sfsic.org\\\/en\\\/\"},{\"@type\":\"ListItem\",\"position\":2,\"name\":\"Calls for Contributions\",\"item\":\"https:\\\/\\\/www.sfsic.org\\\/en\\\/cfc-event\\\/\"},{\"@type\":\"ListItem\",\"position\":3,\"name\":\"R\u00e9cits de travail, pr\u00e9carit\u00e9 et bandes dessin\u00e9es\"}]},{\"@type\":\"WebSite\",\"@id\":\"https:\\\/\\\/www.sfsic.org\\\/en\\\/#website\",\"url\":\"https:\\\/\\\/www.sfsic.org\\\/en\\\/\",\"name\":\"SFSIC\",\"description\":\"Soci\u00e9t\u00e9 Fran\u00e7aise des Sciences de l&#039;Information &amp; de la Communication\",\"publisher\":{\"@id\":\"https:\\\/\\\/www.sfsic.org\\\/en\\\/#organization\"},\"potentialAction\":[{\"@type\":\"SearchAction\",\"target\":{\"@type\":\"EntryPoint\",\"urlTemplate\":\"https:\\\/\\\/www.sfsic.org\\\/en\\\/?s={search_term_string}\"},\"query-input\":{\"@type\":\"PropertyValueSpecification\",\"valueRequired\":true,\"valueName\":\"search_term_string\"}}],\"inLanguage\":\"en-US\"},{\"@type\":\"Organization\",\"@id\":\"https:\\\/\\\/www.sfsic.org\\\/en\\\/#organization\",\"name\":\"SFSIC\",\"url\":\"https:\\\/\\\/www.sfsic.org\\\/en\\\/\",\"logo\":{\"@type\":\"ImageObject\",\"inLanguage\":\"en-US\",\"@id\":\"https:\\\/\\\/www.sfsic.org\\\/en\\\/#\\\/schema\\\/logo\\\/image\\\/\",\"url\":\"https:\\\/\\\/www.sfsic.org\\\/wp-inside\\\/uploads\\\/2020\\\/05\\\/logo-sfsic.jpg\",\"contentUrl\":\"https:\\\/\\\/www.sfsic.org\\\/wp-inside\\\/uploads\\\/2020\\\/05\\\/logo-sfsic.jpg\",\"width\":1085,\"height\":1080,\"caption\":\"SFSIC\"},\"image\":{\"@id\":\"https:\\\/\\\/www.sfsic.org\\\/en\\\/#\\\/schema\\\/logo\\\/image\\\/\"}},{\"@type\":\"Person\",\"@id\":\"https:\\\/\\\/www.sfsic.org\\\/en\\\/#\\\/schema\\\/person\\\/e106b9fbd756b70f92ef3f24a868f55b\",\"name\":\"MA\u00cbL RANNOU\",\"image\":{\"@type\":\"ImageObject\",\"inLanguage\":\"en-US\",\"@id\":\"https:\\\/\\\/secure.gravatar.com\\\/avatar\\\/0c5095da79b40378fe005fe65fa6287595ec91121f6299b5ad46489599628874?s=96&d=mm&r=g\",\"url\":\"https:\\\/\\\/secure.gravatar.com\\\/avatar\\\/0c5095da79b40378fe005fe65fa6287595ec91121f6299b5ad46489599628874?s=96&d=mm&r=g\",\"contentUrl\":\"https:\\\/\\\/secure.gravatar.com\\\/avatar\\\/0c5095da79b40378fe005fe65fa6287595ec91121f6299b5ad46489599628874?s=96&d=mm&r=g\",\"caption\":\"MA\u00cbL RANNOU\"}}]}<\/script>\n<!-- \/ Yoast SEO plugin. -->","yoast_head_json":{"title":"R\u00e9cits de travail, pr\u00e9carit\u00e9 et bandes dessin\u00e9es","description":"Le colloque R\u00e9cits de travail, pr\u00e9carit\u00e9 et bandes dessin\u00e9es qui se d\u00e9roulera \u00e0 Angoul\u00eame les 27 et 28 mars 2025 et se propose de faire le point sur cette forme sp\u00e9cifique de mise en sc\u00e8ne du travail \u00e0 travers une s\u00e9rie de communication sur ce th\u00e8me. Il appara\u00eet n\u00e9cessaire d\u2019engager les \u00e9changes et d\u00e9bats entre celles et ceux qui participe \u00e0 la production de la BD (sc\u00e9naristes comme dessinateurs et dessinatrices ou encore \u00e9diteurs et \u00e9ditrices, coloristes, critiques, sp\u00e9cialistes de l\u2019accompagnement etc.) et scientifiques sous forme de tables rondes voire de communications croisant les points de vue.","robots":{"index":"index","follow":"follow","max-snippet":"max-snippet:-1","max-image-preview":"max-image-preview:large","max-video-preview":"max-video-preview:-1"},"canonical":"https:\/\/www.sfsic.org\/en\/aac-evenement\/recits-de-travail-precarite-et-bandes-dessinees\/","og_locale":"en_US","og_type":"article","og_title":"R\u00e9cits de travail, pr\u00e9carit\u00e9 et bandes dessin\u00e9es","og_description":"Le colloque R\u00e9cits de travail, pr\u00e9carit\u00e9 et bandes dessin\u00e9es qui se d\u00e9roulera \u00e0 Angoul\u00eame les 27 et 28 mars 2025 et se propose de faire le point sur cette forme sp\u00e9cifique de mise en sc\u00e8ne du travail \u00e0 travers une s\u00e9rie de communication sur ce th\u00e8me. Il appara\u00eet n\u00e9cessaire d\u2019engager les \u00e9changes et d\u00e9bats entre celles et ceux qui participe \u00e0 la production de la BD (sc\u00e9naristes comme dessinateurs et dessinatrices ou encore \u00e9diteurs et \u00e9ditrices, coloristes, critiques, sp\u00e9cialistes de l\u2019accompagnement etc.) et scientifiques sous forme de tables rondes voire de communications croisant les points de vue.","og_url":"https:\/\/www.sfsic.org\/en\/aac-evenement\/recits-de-travail-precarite-et-bandes-dessinees\/","og_site_name":"SFSIC","article_published_time":"2024-06-02T13:12:57+00:00","article_modified_time":"2024-06-02T13:12:58+00:00","author":"MA\u00cbL RANNOU","twitter_card":"summary_large_image","schema":{"@context":"https:\/\/schema.org","@graph":[{"@type":"Article","@id":"https:\/\/www.sfsic.org\/en\/aac-evenement\/recits-de-travail-precarite-et-bandes-dessinees\/#article","isPartOf":{"@id":"https:\/\/www.sfsic.org\/en\/aac-evenement\/recits-de-travail-precarite-et-bandes-dessinees\/"},"author":{"name":"MA\u00cbL RANNOU","@id":"https:\/\/www.sfsic.org\/en\/#\/schema\/person\/e106b9fbd756b70f92ef3f24a868f55b"},"headline":"R\u00e9cits de travail, pr\u00e9carit\u00e9 et bandes dessin\u00e9es","datePublished":"2024-06-02T13:12:57+00:00","dateModified":"2024-06-02T13:12:58+00:00","mainEntityOfPage":{"@id":"https:\/\/www.sfsic.org\/en\/aac-evenement\/recits-de-travail-precarite-et-bandes-dessinees\/"},"wordCount":1351,"publisher":{"@id":"https:\/\/www.sfsic.org\/en\/#organization"},"keywords":["Bande dessin\u00e9e","Formats m\u00e9diatiques","Travail"],"articleSection":["AAC \u00c9v\u00e9nement"],"inLanguage":"en-US"},{"@type":"WebPage","@id":"https:\/\/www.sfsic.org\/en\/aac-evenement\/recits-de-travail-precarite-et-bandes-dessinees\/","url":"https:\/\/www.sfsic.org\/en\/aac-evenement\/recits-de-travail-precarite-et-bandes-dessinees\/","name":"R\u00e9cits de travail, pr\u00e9carit\u00e9 et bandes dessin\u00e9es","isPartOf":{"@id":"https:\/\/www.sfsic.org\/en\/#website"},"datePublished":"2024-06-02T13:12:57+00:00","dateModified":"2024-06-02T13:12:58+00:00","description":"Le colloque R\u00e9cits de travail, pr\u00e9carit\u00e9 et bandes dessin\u00e9es qui se d\u00e9roulera \u00e0 Angoul\u00eame les 27 et 28 mars 2025 et se propose de faire le point sur cette forme sp\u00e9cifique de mise en sc\u00e8ne du travail \u00e0 travers une s\u00e9rie de communication sur ce th\u00e8me. Il appara\u00eet n\u00e9cessaire d\u2019engager les \u00e9changes et d\u00e9bats entre celles et ceux qui participe \u00e0 la production de la BD (sc\u00e9naristes comme dessinateurs et dessinatrices ou encore \u00e9diteurs et \u00e9ditrices, coloristes, critiques, sp\u00e9cialistes de l\u2019accompagnement etc.) et scientifiques sous forme de tables rondes voire de communications croisant les points de vue.","breadcrumb":{"@id":"https:\/\/www.sfsic.org\/en\/aac-evenement\/recits-de-travail-precarite-et-bandes-dessinees\/#breadcrumb"},"inLanguage":"en-US","potentialAction":[{"@type":"ReadAction","target":["https:\/\/www.sfsic.org\/en\/aac-evenement\/recits-de-travail-precarite-et-bandes-dessinees\/"]}]},{"@type":"BreadcrumbList","@id":"https:\/\/www.sfsic.org\/en\/aac-evenement\/recits-de-travail-precarite-et-bandes-dessinees\/#breadcrumb","itemListElement":[{"@type":"ListItem","position":1,"name":"Accueil","item":"https:\/\/www.sfsic.org\/en\/"},{"@type":"ListItem","position":2,"name":"Calls for Contributions","item":"https:\/\/www.sfsic.org\/en\/cfc-event\/"},{"@type":"ListItem","position":3,"name":"R\u00e9cits de travail, pr\u00e9carit\u00e9 et bandes dessin\u00e9es"}]},{"@type":"WebSite","@id":"https:\/\/www.sfsic.org\/en\/#website","url":"https:\/\/www.sfsic.org\/en\/","name":"SFSIC","description":"Soci\u00e9t\u00e9 Fran\u00e7aise des Sciences de l&#039;Information &amp; de la Communication","publisher":{"@id":"https:\/\/www.sfsic.org\/en\/#organization"},"potentialAction":[{"@type":"SearchAction","target":{"@type":"EntryPoint","urlTemplate":"https:\/\/www.sfsic.org\/en\/?s={search_term_string}"},"query-input":{"@type":"PropertyValueSpecification","valueRequired":true,"valueName":"search_term_string"}}],"inLanguage":"en-US"},{"@type":"Organization","@id":"https:\/\/www.sfsic.org\/en\/#organization","name":"SFSIC","url":"https:\/\/www.sfsic.org\/en\/","logo":{"@type":"ImageObject","inLanguage":"en-US","@id":"https:\/\/www.sfsic.org\/en\/#\/schema\/logo\/image\/","url":"https:\/\/www.sfsic.org\/wp-inside\/uploads\/2020\/05\/logo-sfsic.jpg","contentUrl":"https:\/\/www.sfsic.org\/wp-inside\/uploads\/2020\/05\/logo-sfsic.jpg","width":1085,"height":1080,"caption":"SFSIC"},"image":{"@id":"https:\/\/www.sfsic.org\/en\/#\/schema\/logo\/image\/"}},{"@type":"Person","@id":"https:\/\/www.sfsic.org\/en\/#\/schema\/person\/e106b9fbd756b70f92ef3f24a868f55b","name":"MA\u00cbL RANNOU","image":{"@type":"ImageObject","inLanguage":"en-US","@id":"https:\/\/secure.gravatar.com\/avatar\/0c5095da79b40378fe005fe65fa6287595ec91121f6299b5ad46489599628874?s=96&d=mm&r=g","url":"https:\/\/secure.gravatar.com\/avatar\/0c5095da79b40378fe005fe65fa6287595ec91121f6299b5ad46489599628874?s=96&d=mm&r=g","contentUrl":"https:\/\/secure.gravatar.com\/avatar\/0c5095da79b40378fe005fe65fa6287595ec91121f6299b5ad46489599628874?s=96&d=mm&r=g","caption":"MA\u00cbL RANNOU"}}]}},"_links":{"self":[{"href":"https:\/\/www.sfsic.org\/en\/wp-json\/wp\/v2\/posts\/32234","targetHints":{"allow":["GET"]}}],"collection":[{"href":"https:\/\/www.sfsic.org\/en\/wp-json\/wp\/v2\/posts"}],"about":[{"href":"https:\/\/www.sfsic.org\/en\/wp-json\/wp\/v2\/types\/post"}],"author":[{"embeddable":true,"href":"https:\/\/www.sfsic.org\/en\/wp-json\/wp\/v2\/users\/1572"}],"replies":[{"embeddable":true,"href":"https:\/\/www.sfsic.org\/en\/wp-json\/wp\/v2\/comments?post=32234"}],"version-history":[{"count":2,"href":"https:\/\/www.sfsic.org\/en\/wp-json\/wp\/v2\/posts\/32234\/revisions"}],"predecessor-version":[{"id":32245,"href":"https:\/\/www.sfsic.org\/en\/wp-json\/wp\/v2\/posts\/32234\/revisions\/32245"}],"wp:attachment":[{"href":"https:\/\/www.sfsic.org\/en\/wp-json\/wp\/v2\/media?parent=32234"}],"wp:term":[{"taxonomy":"category","embeddable":true,"href":"https:\/\/www.sfsic.org\/en\/wp-json\/wp\/v2\/categories?post=32234"},{"taxonomy":"post_tag","embeddable":true,"href":"https:\/\/www.sfsic.org\/en\/wp-json\/wp\/v2\/tags?post=32234"},{"taxonomy":"thematique","embeddable":true,"href":"https:\/\/www.sfsic.org\/en\/wp-json\/wp\/v2\/thematique?post=32234"},{"taxonomy":"sfsic","embeddable":true,"href":"https:\/\/www.sfsic.org\/en\/wp-json\/wp\/v2\/sfsic?post=32234"}],"curies":[{"name":"wp","href":"https:\/\/api.w.org\/{rel}","templated":true}]}}