{"id":32225,"date":"2024-06-02T15:18:14","date_gmt":"2024-06-02T13:18:14","guid":{"rendered":"https:\/\/www.sfsic.org\/?p=32225"},"modified":"2024-06-02T15:18:33","modified_gmt":"2024-06-02T13:18:33","slug":"mobilites-actives-et-numerique-2","status":"publish","type":"post","link":"https:\/\/www.sfsic.org\/en\/evenement\/mobilites-actives-et-numerique-2\/","title":{"rendered":"Mobilit\u00e9s actives et num\u00e9rique"},"content":{"rendered":"<p><!-- fxzn:singledetail --><\/p>\n<div class=\"zone zn-singledetail\" id=\"fxzn-singledetail-1\">\n<div class=\"zone-block zn-singledetail-block alignwide va-top\">\n<div class=\"row\">\n<div class=\"columns large-8 large-push-4\">\n<div class=\"zn-singledetail-metabox\">\n<div class=\"zn-singledetail-pubdate pubdate\">\n\t\t\t\t\t<span class=\"pubdate-txt\">Mis en ligne le<\/span><span class=\"doubledot\"><\/span> 2 juin 2024\t\t\t\t<\/div>\n<div class=\"zn-singledetail-thematiques with-sep-comma\">\n<ul class=\"termslist termslist-thematique\">\n<li class=\"termslist-item termslist-title\"><span class=\"termslist-titletxt\">Th\u00e9matiques<\/span><span class=\"doubledot\"><\/span><\/li>\n<li class=\"termslist-item tax-thematique term-communication-publique-et-politique\"><a class=\"termslist-itemlink\" href=\"https:\/\/www.sfsic.org\/thematiques\/communication-publique-et-politique\/\" title=\"Communication publique et politique\"><span class=\"termslist-itemname\">Communication publique et politique<\/span><\/a><\/li>\n<li class=\"termslist-item tax-thematique term-digital-strategies-devices-and-uses\"><a class=\"termslist-itemlink\" href=\"https:\/\/www.sfsic.org\/thematiques\/digital-strategies-devices-and-uses\/\" title=\"Digital: strategies, devices and uses\"><span class=\"termslist-itemname\">Digital: strategies, devices and uses<\/span><\/a><\/li>\n<li class=\"termslist-item tax-thematique term-numerique-strategies-dispositifs-et-usages\"><a class=\"termslist-itemlink\" href=\"https:\/\/www.sfsic.org\/thematiques\/numerique-strategies-dispositifs-et-usages\/\" title=\"Num\u00e9rique : strat\u00e9gies, dispositifs et usages\"><span class=\"termslist-itemname\">Num\u00e9rique : strat\u00e9gies, dispositifs et usages<\/span><\/a><\/li>\n<\/ul><\/div>\n<\/p><\/div>\n<\/p><\/div>\n<\/p><\/div>\n<div class=\"row\">\n<div class=\"columns large-4\">\n<div class=\"zn-singledetail-sidebar bg-cornersquares\">\n<div class=\"zn-singledetail-infos\">\n<p class=\"zn-singledetail-type\">\n\t\t\t\t\t\t\t<span>Type d\u2019\u00e9v\u00e9nement<\/span><span class=\"doubledot\"><\/span> <strong>Journ\u00e9e d\u2019\u00e9tude<\/strong>\n\t\t\t\t\t<\/p>\n<\/p><\/div>\n<div class=\"zn-singledetail-coordinators\">\n<h3 class=\"zn-singledetail-section-title\">Coordinateurs<\/h3>\n<ul class=\"zn-singledetail-coordinators-list\">\n<li class=\"zn-singledetail-coordinators-item\">\n\t\t\t\t\t\t\t<span>Natacha <\/span> <span>Lapeyroux<\/span>\t\t\t\t\t\t\t\t\t\t\t\t\t<\/li>\n<li class=\"zn-singledetail-coordinators-item\">\n\t\t\t\t\t\t\t<span>Claire<\/span> <span>Pelgrims<\/span>\t\t\t\t\t\t\t\t\t\t\t\t\t<\/li>\n<li class=\"zn-singledetail-coordinators-item\">\n\t\t\t\t\t\t\t<span>Ludivine <\/span> <span>Damay<\/span>\t\t\t\t\t\t\t\t\t\t\t\t\t<\/li>\n<\/ul><\/div>\n<div class=\"zn-singledetail-contacts\">\n<h3 class=\"zn-singledetail-section-title\">Contacts<\/h3>\n<ul class=\"zn-singledetail-contacts-list\">\n<li class=\"zn-singledetail-contact\">\n\t\t\t\t\t\t\t<span class=\"zn-singledetail-contact-name\">Natacha Lapeyroux<\/span><span class=\"doubledot\"><\/span><br \/>\n\t\t\t\t\t\t\t\t\t\t\t\t\t\t<a class=\"zn-singledetail-contact-mail prettylink\" href=\"mailto:natacha.lapeyroux@ulb.be\">natacha.lapeyroux@ulb.be<\/a>\n\t\t\t\t\t\t\t\t\t\t\t\t\t<\/li>\n<\/ul><\/div>\n<div class=\"zn-singledetail-weblinks\">\n<h3 class=\"zn-singledetail-section-title\">Sites internet de r\u00e9f\u00e9rence<\/h3>\n<ul class=\"zn-singledetail-weblinks-list\">\n<li>\n\t\t\t\t\t\t\t<a class=\"prettylink chainlink\" href=\"https:\/\/sashalab.be\/travaux\/mobilites-actives-et-numerique\/\" title=\"Mobilit\u00e9s actives et num\u00e9rique\" target=\"_blank\" rel=\"noopener\">Mobilit\u00e9s actives et num\u00e9rique<\/a>\n\t\t\t\t\t\t<\/li>\n<\/ul><\/div>\n<\/p><\/div>\n<\/p><\/div>\n<div class=\"columns large-8\">\n<div class=\"zn-singledetail-contentbox\">\n<div class=\"zn-singledetail-eventinfo\">\n<div class=\"zn-singledetail-eventinfo-inner\">\n<div class=\"zn-singledetail-eventdates\">\n\t\t\t\t\t\t<span class=\"zn-singledetail-label\">Dates de l\u2019\u00e9v\u00e9nement<span class=\"doubledot\"><\/span><\/span><\/p>\n<ul class=\"zn-singledetail-eventdates-list\">\n<li class=\"zn-singledetail-eventdates-item\">\n\t\t\t\t\t\t\t\tDu 25\/06\/2024 au 25\/06\/2024\t\t\t\t\t\t\t<\/li>\n<\/ul><\/div>\n<p class=\"zn-singledetail-eventplace\">\n\t\t\t\t\t\t<span class=\"zn-singledetail-label\">Lieu de l\u2019\u00e9v\u00e9nement<span class=\"doubledot\"><\/span><\/span><br \/>\n\t\t\t\t\t\t<span class=\"zn-singledetail-eventplace-adr\"><\/p>\n<p>\t\t\t\t\t\t\t\t\t\t\t\t<span class=\"adr-place\">Universit\u00e9 libre de Bruxelles-B\u00e2timent R Solvay<\/span>,<\/p>\n<p>\t\t\t\t\t\t<span class=\"adr-street\">42 avenue Franklin Roosevelt   <\/span>, <span class=\"adr-city\">Bruxelles<\/span>\t\t\t\t\t\t<span class=\"adr-cp\">1050<\/span>, <span class=\"adr-country\">Belgique<\/span><br \/>\n\t\t\t\t\t\t<\/span>\t\t\t\t\t<\/p>\n<\/p><\/div>\n<\/p><\/div>\n<div class=\"zn-singledetail-annonce wig-content\">\n<div class=\"wp-block-stackable-subtitle stk-block-subtitle stk-block stk-bc26dbd\" data-block-id=\"bc26dbd\">\n<p class=\"stk-block-subtitle__text stk-subtitle has-text-color has-middle-blue-color\">Cette journ\u00e9e d\u2019\u00e9tude propose d\u2019interroger<strong>\u00a0les transformations dans les repr\u00e9sentations, les pratiques et le rapport aux infrastructures<\/strong>\u00a0<strong>des mobilit\u00e9s actives<\/strong>\u00a0<strong>par les usages des donn\u00e9es num\u00e9riques<\/strong>\u00a0induites par le d\u00e9veloppement des Technologies de l\u2019Information et de la Communication (TIC) dans un contexte o\u00f9 les questions environnementales et de luttes contre la s\u00e9dentarit\u00e9 prennent une place importante au sein des \u00ab&#160;Smart Cities&#160;\u00bb.<\/p>\n<\/div>\n<div class=\"entry-content alignfull travauxContent wp-block-post-content is-layout-constrained wp-block-post-content-is-layout-constrained\">\n<p>Cette journ\u00e9e d\u2019\u00e9tude est organis\u00e9e en marge des\u00a0<a href=\"https:\/\/rftm2024.sciencesconf.org\/\" target=\"_blank\" rel=\"noreferrer noopener\">6<sup>e<\/sup>\u00a0Rencontres Francophones Transport et Mobilit\u00e9<\/a>, dans le cadre du Projet de Recherche FNRS\u00a0<a href=\"https:\/\/genresthvelo.hypotheses.org\/\" target=\"_blank\" rel=\"noreferrer noopener\">\u201cGenre et esth\u00e9tique du v\u00e9lo<\/a>\u201d<\/p>\n<p><strong>Inscription \u00e0 la journ\u00e9e d\u2019\u00e9tude&#160;:<\/strong>\u00a0<a href=\"https:\/\/forms.office.com\/Pages\/ResponsePage.aspx?id=XhSlML11EkK7Ao_5wOpK6SXqcy1j5XhOttpxUeYKvedUQjNMUzJRNUlQU1MzTUhZUzJDMExaRVVZVi4u\" data-type=\"URL\" data-id=\"https:\/\/forms.office.com\/Pages\/ResponsePage.aspx?id=XhSlML11EkK7Ao_5wOpK6SXqcy1j5XhOttpxUeYKvedUQjNMUzJRNUlQU1MzTUhZUzJDMExaRVVZVi4u\">ici<\/a><\/p>\n<\/div><\/div>\n<div class=\"zn-singledetail-partners\">\n<h3 class=\"zn-singledetail-section-title\">Partenaires<\/h3>\n<div class=\"zn-singledetail-partners-list row small-up-2 medium-up-3 large-up-5 partnerlist\" data-equalizer data-equalize-on=\"medium\">\n<article class=\"summarypartner partner-3861 column\">\n\t<a class=\"summarypartner-box\" href=\"http:\/\/www.univ-paris3.fr\/irmeccen-institut-de-recherche-medias-cultures-communication-et-numerique-ea-7546-447954.kjsp?RH=1547130375092&amp;RF=1547129756697\" title=\"IRM\u00c9CCEN &#8211; Institut de Recherche M\u00e9dias, Cultures, Communication et Num\u00e9rique\">\t\t<\/p>\n<div class=\"summarypartner-box-inner\" data-equalizer-watch>\n<div class=\"summarypartner-imgbox\">\n<figure class=\"summarypartner-figure\">\n\t\t\t\t\t<img decoding=\"async\" class=\"summarypartner-img\" src=\"\/\/www.sfsic.org\/wp-inside\/themes\/sfsic.org\/assets\/images\/default-640x640.png\" alt=\"\" data-interchange=\"[\/\/www.sfsic.org\/wp-inside\/themes\/sfsic.org\/assets\/images\/default-640x640.png, small],\"><br \/>\n\t\t\t\t\t\t\t\t\t<\/figure>\n<\/p><\/div>\n<div class=\"summarypartner-content\">\n<div class=\"summarypartner-content-inner\">\n<header class=\"summarypartner-header\">\n<h3 class=\"summarypartner-title\">\n\t\t\t\t\t\t\tIRM\u00c9CCEN &#8211; Institut de Recherche M\u00e9dias, Cultures, Communication et Num\u00e9rique\t\t\t\t\t\t<\/h3>\n<p class=\"summarypartner-acronym\">\n\t\t\t\t\t\t\tIRM\u00c9CCEN\t\t\t\t\t\t<\/p>\n<\/header><\/div>\n<\/p><\/div>\n<\/p><\/div>\n<p>\t<\/a><\/article>\n<article class=\"summarypartner partner-20508 column\">\n\t<a class=\"summarypartner-box\" href=\"https:\/\/www.ulb.be\" title=\"Universit\u00e9 Libre de Bruxelles\">\t\t<\/p>\n<div class=\"summarypartner-box-inner\" data-equalizer-watch>\n<div class=\"summarypartner-imgbox\">\n<figure class=\"summarypartner-figure\">\n\t\t\t\t\t<img decoding=\"async\" class=\"summarypartner-img\" src=\"https:\/\/www.sfsic.org\/wp-inside\/uploads\/skp-membership\/demande_adh\/logo-ulb-320x98.png\" alt=\"Logo Universit\u00e9 Libre de Bruxelles\"><figcaption class=\"summarypartner-img-caption show-for-sr\">Logo Universit\u00e9 Libre de Bruxelles<\/figcaption><\/figure>\n<\/p><\/div>\n<div class=\"summarypartner-content\">\n<div class=\"summarypartner-content-inner\">\n<header class=\"summarypartner-header\">\n<h3 class=\"summarypartner-title\">\n\t\t\t\t\t\t\tUniversit\u00e9 Libre de Bruxelles\t\t\t\t\t\t<\/h3>\n<p class=\"summarypartner-acronym\">\n\t\t\t\t\t\t\tULB\t\t\t\t\t\t<\/p>\n<\/header><\/div>\n<\/p><\/div>\n<\/p><\/div>\n<p>\t<\/a><\/article>\n<article class=\"summarypartner column\">\n<div class=\"summarypartner-box\" title=\"Structure de recherche interdisciplinaire sur le genre, l\u2019\u00e9galit\u00e9 et la sexualit\u00e9\">\n<div class=\"summarypartner-box-inner\" data-equalizer-watch>\n<div class=\"summarypartner-imgbox\">\n<figure class=\"summarypartner-figure\">\n\t\t\t\t\t<img decoding=\"async\" class=\"summarypartner-img\" src=\"https:\/\/www.sfsic.org\/wp-inside\/uploads\/skp-membership\/demande_adh\/logo-striges-320x320.jpg\" alt=\"\"><br \/>\n\t\t\t\t\t\t\t\t\t<\/figure>\n<\/p><\/div>\n<div class=\"summarypartner-content\">\n<div class=\"summarypartner-content-inner\">\n<header class=\"summarypartner-header\">\n<h3 class=\"summarypartner-title\">\n\t\t\t\t\t\t\tStructure de recherche interdisciplinaire sur le genre, l\u2019\u00e9galit\u00e9 et la sexualit\u00e9\t\t\t\t\t\t<\/h3>\n<p class=\"summarypartner-acronym\">\n\t\t\t\t\t\t\tStriges\t\t\t\t\t\t<\/p>\n<\/header><\/div>\n<\/p><\/div>\n<\/p><\/div>\n<\/p><\/div>\n<\/article>\n<article class=\"summarypartner partner-20518 column\">\n\t<a class=\"summarypartner-box\" href=\"https:\/\/www.frs-fnrs.be\/fr\/\" title=\"Fonds de la recherche scientifique\">\t\t<\/p>\n<div class=\"summarypartner-box-inner\" data-equalizer-watch>\n<div class=\"summarypartner-imgbox\">\n<figure class=\"summarypartner-figure\">\n\t\t\t\t\t<img decoding=\"async\" class=\"summarypartner-img\" src=\"https:\/\/www.sfsic.org\/wp-inside\/uploads\/skp-membership\/demande_adh\/logo-fonds-de-la-recherche-scientifique.png\" alt=\"Logo Fonds de la recherche scientifique\"><figcaption class=\"summarypartner-img-caption show-for-sr\">Logo Fonds de la recherche scientifique<\/figcaption><\/figure>\n<\/p><\/div>\n<div class=\"summarypartner-content\">\n<div class=\"summarypartner-content-inner\">\n<header class=\"summarypartner-header\">\n<h3 class=\"summarypartner-title\">\n\t\t\t\t\t\t\tFonds de la recherche scientifique\t\t\t\t\t\t<\/h3>\n<p class=\"summarypartner-acronym\">\n\t\t\t\t\t\t\tFNRS\t\t\t\t\t\t<\/p>\n<\/header><\/div>\n<\/p><\/div>\n<\/p><\/div>\n<p>\t<\/a><\/article>\n<article class=\"summarypartner column\">\n<div class=\"summarypartner-box\" title=\"Institut interfacultaire des transformations socio-\u00e9cologiques\">\n<div class=\"summarypartner-box-inner\" data-equalizer-watch>\n<div class=\"summarypartner-imgbox\">\n<figure class=\"summarypartner-figure\">\n\t\t\t\t\t<img decoding=\"async\" class=\"summarypartner-img\" src=\"https:\/\/www.sfsic.org\/wp-inside\/uploads\/skp-membership\/demande_adh\/logo-iitse-complet-320x160.png\" alt=\"\"><br \/>\n\t\t\t\t\t\t\t\t\t<\/figure>\n<\/p><\/div>\n<div class=\"summarypartner-content\">\n<div class=\"summarypartner-content-inner\">\n<header class=\"summarypartner-header\">\n<h3 class=\"summarypartner-title\">\n\t\t\t\t\t\t\tInstitut interfacultaire des transformations socio-\u00e9cologiques\t\t\t\t\t\t<\/h3>\n<p class=\"summarypartner-acronym\">\n\t\t\t\t\t\t\tIITSE\t\t\t\t\t\t<\/p>\n<\/header><\/div>\n<\/p><\/div>\n<\/p><\/div>\n<\/p><\/div>\n<\/article>\n<article class=\"summarypartner column\">\n<div class=\"summarypartner-box\" title=\"Centre de recherches et d\u2019interventions sociologiques\">\n<div class=\"summarypartner-box-inner\" data-equalizer-watch>\n<div class=\"summarypartner-imgbox\">\n<figure class=\"summarypartner-figure\">\n\t\t\t\t\t<img decoding=\"async\" class=\"summarypartner-img\" src=\"https:\/\/www.sfsic.org\/wp-inside\/uploads\/skp-membership\/demande_adh\/logocesir.png\" alt=\"\"><br \/>\n\t\t\t\t\t\t\t\t\t<\/figure>\n<\/p><\/div>\n<div class=\"summarypartner-content\">\n<div class=\"summarypartner-content-inner\">\n<header class=\"summarypartner-header\">\n<h3 class=\"summarypartner-title\">\n\t\t\t\t\t\t\tCentre de recherches et d\u2019interventions sociologiques\t\t\t\t\t\t<\/h3>\n<p class=\"summarypartner-acronym\">\n\t\t\t\t\t\t\tCesir\t\t\t\t\t\t<\/p>\n<\/header><\/div>\n<\/p><\/div>\n<\/p><\/div>\n<\/p><\/div>\n<\/article>\n<article class=\"summarypartner column\">\n<div class=\"summarypartner-box\" title=\"\u2018architecture\u2019 et \u2018sciences humaines et sociales\u2019\">\n<div class=\"summarypartner-box-inner\" data-equalizer-watch>\n<div class=\"summarypartner-imgbox\">\n<figure class=\"summarypartner-figure\">\n\t\t\t\t\t<img decoding=\"async\" class=\"summarypartner-img\" src=\"https:\/\/www.sfsic.org\/wp-inside\/uploads\/skp-membership\/demande_adh\/logo-sasha.png\" alt=\"\"><br \/>\n\t\t\t\t\t\t\t\t\t<\/figure>\n<\/p><\/div>\n<div class=\"summarypartner-content\">\n<div class=\"summarypartner-content-inner\">\n<header class=\"summarypartner-header\">\n<h3 class=\"summarypartner-title\">\n\t\t\t\t\t\t\t\u2018architecture\u2019 et \u2018sciences humaines et sociales\u2019\t\t\t\t\t\t<\/h3>\n<p class=\"summarypartner-acronym\">\n\t\t\t\t\t\t\tSasha\t\t\t\t\t\t<\/p>\n<\/header><\/div>\n<\/p><\/div>\n<\/p><\/div>\n<\/p><\/div>\n<\/article><\/div>\n<\/p><\/div>\n<div class=\"zn-singledetail-attachedfiles\">\n<h3 class=\"zn-singledetail-section-title\">Fichier(s) attach\u00e9(s)<\/h3>\n<ul class=\"zn-singledetail-attachedfiles-list\">\n<li class=\"zn-singledetail-attachedfiles-item\">\n\t\t\t\t\t\t\t<a class=\"zn-singledetail-attachedfiles-link button outline for-download\" href=\"https:\/\/www.sfsic.org\/wp-inside\/uploads\/skp-membership\/demande_adh\/programme-mobilitesnum.pdf\" title=\"T\u00e9l\u00e9charger : \u00ab programme-mobilitesnum.pdf \u00bb\" target=\"_blank\" rel=\"noopener\"><br \/>\n\t\t\t\t\t\t\t\t<span class=\"button-txt\">programme-mobilitesnum<span class=\"button-txt-type\"> (pdf)<\/span><\/span><br \/>\n\t\t\t\t\t\t\t<\/a>\n\t\t\t\t\t\t<\/li>\n<\/ul><\/div>\n<div class=\"zn-singledetail-keywords\">\n<h3 class=\"zn-singledetail-section-title\">Mots-cl\u00e9s<\/h3>\n<ul class=\"termslist termslist-post_tag\">\n<li class=\"termslist-item termslist-title\"><span class=\"termslist-titletxt\">Mots-cl\u00e9s<\/span><span class=\"doubledot\"><\/span><\/li>\n<li class=\"termslist-item tax-post_tag term-corps\"><a class=\"termslist-itemlink\" href=\"https:\/\/www.sfsic.org\/tag\/corps\/\" title=\"Corps\"><span class=\"termslist-itemname\">Corps<\/span><\/a><\/li>\n<li class=\"termslist-item tax-post_tag term-numerique\"><a class=\"termslist-itemlink\" href=\"https:\/\/www.sfsic.org\/tag\/numerique\/\" title=\"Num\u00e9rique\"><span class=\"termslist-itemname\">Num\u00e9rique<\/span><\/a><\/li>\n<li class=\"termslist-item tax-post_tag term-politique\"><a class=\"termslist-itemlink\" href=\"https:\/\/www.sfsic.org\/tag\/politique\/\" title=\"Politique\"><span class=\"termslist-itemname\">Politique<\/span><\/a><\/li>\n<li class=\"termslist-item tax-post_tag term-representations\"><a class=\"termslist-itemlink\" href=\"https:\/\/www.sfsic.org\/tag\/representations\/\" title=\"Repr\u00e9sentations\"><span class=\"termslist-itemname\">Repr\u00e9sentations<\/span><\/a><\/li>\n<li class=\"termslist-item tax-post_tag term-usages\"><a class=\"termslist-itemlink\" href=\"https:\/\/www.sfsic.org\/tag\/usages\/\" title=\"Usages\"><span class=\"termslist-itemname\">Usages<\/span><\/a><\/li>\n<li class=\"termslist-item tax-post_tag term-ville\"><a class=\"termslist-itemlink\" href=\"https:\/\/www.sfsic.org\/tag\/ville\/\" title=\"Ville\"><span class=\"termslist-itemname\">Ville<\/span><\/a><\/li>\n<\/ul><\/div>\n<\/p><\/div>\n<\/p><\/div>\n<\/p><\/div>\n<\/p><\/div>\n<\/div>\n<p><!-- \/fxzn:singledetail --><\/p>\n","protected":false},"excerpt":{"rendered":"<p>Mis en ligne le 2 juin 2024 Th\u00e9matiques Communication publique et politique Digital: strategies, devices and uses Num\u00e9rique : strat\u00e9gies, dispositifs et usages Type d\u2019\u00e9v\u00e9nement Journ\u00e9e d\u2019\u00e9tude Coordinateurs Natacha Lapeyroux [&hellip;]<\/p>\n","protected":false},"author":889,"featured_media":0,"comment_status":"closed","ping_status":"closed","sticky":false,"template":"","format":"standard","meta":{"_acf_changed":false,"footnotes":""},"categories":[30],"tags":[373,90,190,455,303,391],"thematique":[36,719,39],"sfsic":[],"class_list":["post-32225","post","type-post","status-publish","format-standard","hentry","category-evenement","tag-corps","tag-numerique","tag-politique","tag-representations","tag-usages","tag-ville","thematique-communication-publique-et-politique","thematique-digital-strategies-devices-and-uses","thematique-numerique-strategies-dispositifs-et-usages","wp-sticky"],"acf":[],"yoast_head":"<!-- This site is optimized with the Yoast SEO plugin v27.4 - https:\/\/yoast.com\/product\/yoast-seo-wordpress\/ -->\n<title>Mobilit\u00e9s actives et num\u00e9rique<\/title>\n<meta name=\"description\" content=\"Le programme de la journ\u00e9e d\u2019\u00e9tude internationale sur les &quot;Mobilit\u00e9s actives et num\u00e9rique&quot; est en ligne.\" \/>\n<meta name=\"robots\" content=\"index, follow, max-snippet:-1, max-image-preview:large, max-video-preview:-1\" \/>\n<link rel=\"canonical\" href=\"https:\/\/www.sfsic.org\/en\/evenement\/mobilites-actives-et-numerique-2\/\" \/>\n<meta property=\"og:locale\" content=\"en_US\" \/>\n<meta property=\"og:type\" content=\"article\" \/>\n<meta property=\"og:title\" content=\"Mobilit\u00e9s actives et num\u00e9rique\" \/>\n<meta property=\"og:description\" content=\"Le programme de la journ\u00e9e d\u2019\u00e9tude internationale sur les &quot;Mobilit\u00e9s actives et num\u00e9rique&quot; est en ligne.\" \/>\n<meta property=\"og:url\" content=\"https:\/\/www.sfsic.org\/en\/evenement\/mobilites-actives-et-numerique-2\/\" \/>\n<meta property=\"og:site_name\" content=\"SFSIC\" \/>\n<meta property=\"article:published_time\" content=\"2024-06-02T13:18:14+00:00\" \/>\n<meta property=\"article:modified_time\" content=\"2024-06-02T13:18:33+00:00\" \/>\n<meta property=\"og:image\" content=\"https:\/\/www.sfsic.org\/wp-inside\/uploads\/skp-membership\/demande_adh\/logo-ulb-320x98.png\" \/>\n<meta name=\"author\" content=\"Natacha Lapeyroux\" \/>\n<meta name=\"twitter:card\" content=\"summary_large_image\" \/>\n<script type=\"application\/ld+json\" class=\"yoast-schema-graph\">{\"@context\":\"https:\\\/\\\/schema.org\",\"@graph\":[{\"@type\":\"Article\",\"@id\":\"https:\\\/\\\/www.sfsic.org\\\/en\\\/evenement\\\/mobilites-actives-et-numerique-2\\\/#article\",\"isPartOf\":{\"@id\":\"https:\\\/\\\/www.sfsic.org\\\/en\\\/evenement\\\/mobilites-actives-et-numerique-2\\\/\"},\"author\":{\"name\":\"Natacha Lapeyroux\",\"@id\":\"https:\\\/\\\/www.sfsic.org\\\/en\\\/#\\\/schema\\\/person\\\/3e2cb2e75ff150d46e72e5293d9a1b99\"},\"headline\":\"Mobilit\u00e9s actives et num\u00e9rique\",\"datePublished\":\"2024-06-02T13:18:14+00:00\",\"dateModified\":\"2024-06-02T13:18:33+00:00\",\"mainEntityOfPage\":{\"@id\":\"https:\\\/\\\/www.sfsic.org\\\/en\\\/evenement\\\/mobilites-actives-et-numerique-2\\\/\"},\"wordCount\":287,\"publisher\":{\"@id\":\"https:\\\/\\\/www.sfsic.org\\\/en\\\/#organization\"},\"image\":{\"@id\":\"https:\\\/\\\/www.sfsic.org\\\/en\\\/evenement\\\/mobilites-actives-et-numerique-2\\\/#primaryimage\"},\"thumbnailUrl\":\"https:\\\/\\\/www.sfsic.org\\\/wp-inside\\\/uploads\\\/skp-membership\\\/demande_adh\\\/logo-ulb-320x98.png\",\"keywords\":[\"Corps\",\"Num\u00e9rique\",\"Politique\",\"Repr\u00e9sentations\",\"Usages\",\"Ville\"],\"articleSection\":[\"\u00c9v\u00e9nements\"],\"inLanguage\":\"en-US\"},{\"@type\":\"WebPage\",\"@id\":\"https:\\\/\\\/www.sfsic.org\\\/en\\\/evenement\\\/mobilites-actives-et-numerique-2\\\/\",\"url\":\"https:\\\/\\\/www.sfsic.org\\\/en\\\/evenement\\\/mobilites-actives-et-numerique-2\\\/\",\"name\":\"Mobilit\u00e9s actives et num\u00e9rique\",\"isPartOf\":{\"@id\":\"https:\\\/\\\/www.sfsic.org\\\/en\\\/#website\"},\"primaryImageOfPage\":{\"@id\":\"https:\\\/\\\/www.sfsic.org\\\/en\\\/evenement\\\/mobilites-actives-et-numerique-2\\\/#primaryimage\"},\"image\":{\"@id\":\"https:\\\/\\\/www.sfsic.org\\\/en\\\/evenement\\\/mobilites-actives-et-numerique-2\\\/#primaryimage\"},\"thumbnailUrl\":\"https:\\\/\\\/www.sfsic.org\\\/wp-inside\\\/uploads\\\/skp-membership\\\/demande_adh\\\/logo-ulb-320x98.png\",\"datePublished\":\"2024-06-02T13:18:14+00:00\",\"dateModified\":\"2024-06-02T13:18:33+00:00\",\"description\":\"Le programme de la journ\u00e9e d\u2019\u00e9tude internationale sur les \\\"Mobilit\u00e9s actives et num\u00e9rique\\\" est en ligne.\",\"breadcrumb\":{\"@id\":\"https:\\\/\\\/www.sfsic.org\\\/en\\\/evenement\\\/mobilites-actives-et-numerique-2\\\/#breadcrumb\"},\"inLanguage\":\"en-US\",\"potentialAction\":[{\"@type\":\"ReadAction\",\"target\":[\"https:\\\/\\\/www.sfsic.org\\\/en\\\/evenement\\\/mobilites-actives-et-numerique-2\\\/\"]}]},{\"@type\":\"ImageObject\",\"inLanguage\":\"en-US\",\"@id\":\"https:\\\/\\\/www.sfsic.org\\\/en\\\/evenement\\\/mobilites-actives-et-numerique-2\\\/#primaryimage\",\"url\":\"https:\\\/\\\/www.sfsic.org\\\/wp-inside\\\/uploads\\\/skp-membership\\\/demande_adh\\\/logo-ulb-320x98.png\",\"contentUrl\":\"https:\\\/\\\/www.sfsic.org\\\/wp-inside\\\/uploads\\\/skp-membership\\\/demande_adh\\\/logo-ulb-320x98.png\"},{\"@type\":\"BreadcrumbList\",\"@id\":\"https:\\\/\\\/www.sfsic.org\\\/en\\\/evenement\\\/mobilites-actives-et-numerique-2\\\/#breadcrumb\",\"itemListElement\":[{\"@type\":\"ListItem\",\"position\":1,\"name\":\"Accueil\",\"item\":\"https:\\\/\\\/www.sfsic.org\\\/en\\\/\"},{\"@type\":\"ListItem\",\"position\":2,\"name\":\"Events\",\"item\":\"https:\\\/\\\/www.sfsic.org\\\/en\\\/events\\\/\"},{\"@type\":\"ListItem\",\"position\":3,\"name\":\"Mobilit\u00e9s actives et num\u00e9rique\"}]},{\"@type\":\"WebSite\",\"@id\":\"https:\\\/\\\/www.sfsic.org\\\/en\\\/#website\",\"url\":\"https:\\\/\\\/www.sfsic.org\\\/en\\\/\",\"name\":\"SFSIC\",\"description\":\"Soci\u00e9t\u00e9 Fran\u00e7aise des Sciences de l&#039;Information &amp; de la Communication\",\"publisher\":{\"@id\":\"https:\\\/\\\/www.sfsic.org\\\/en\\\/#organization\"},\"potentialAction\":[{\"@type\":\"SearchAction\",\"target\":{\"@type\":\"EntryPoint\",\"urlTemplate\":\"https:\\\/\\\/www.sfsic.org\\\/en\\\/?s={search_term_string}\"},\"query-input\":{\"@type\":\"PropertyValueSpecification\",\"valueRequired\":true,\"valueName\":\"search_term_string\"}}],\"inLanguage\":\"en-US\"},{\"@type\":\"Organization\",\"@id\":\"https:\\\/\\\/www.sfsic.org\\\/en\\\/#organization\",\"name\":\"SFSIC\",\"url\":\"https:\\\/\\\/www.sfsic.org\\\/en\\\/\",\"logo\":{\"@type\":\"ImageObject\",\"inLanguage\":\"en-US\",\"@id\":\"https:\\\/\\\/www.sfsic.org\\\/en\\\/#\\\/schema\\\/logo\\\/image\\\/\",\"url\":\"https:\\\/\\\/www.sfsic.org\\\/wp-inside\\\/uploads\\\/2020\\\/05\\\/logo-sfsic.jpg\",\"contentUrl\":\"https:\\\/\\\/www.sfsic.org\\\/wp-inside\\\/uploads\\\/2020\\\/05\\\/logo-sfsic.jpg\",\"width\":1085,\"height\":1080,\"caption\":\"SFSIC\"},\"image\":{\"@id\":\"https:\\\/\\\/www.sfsic.org\\\/en\\\/#\\\/schema\\\/logo\\\/image\\\/\"}},{\"@type\":\"Person\",\"@id\":\"https:\\\/\\\/www.sfsic.org\\\/en\\\/#\\\/schema\\\/person\\\/3e2cb2e75ff150d46e72e5293d9a1b99\",\"name\":\"Natacha Lapeyroux\",\"image\":{\"@type\":\"ImageObject\",\"inLanguage\":\"en-US\",\"@id\":\"https:\\\/\\\/secure.gravatar.com\\\/avatar\\\/cf0850034afe95dc401adbae35684432895c7dd5b16097d7f2bec62870c38e4a?s=96&d=mm&r=g\",\"url\":\"https:\\\/\\\/secure.gravatar.com\\\/avatar\\\/cf0850034afe95dc401adbae35684432895c7dd5b16097d7f2bec62870c38e4a?s=96&d=mm&r=g\",\"contentUrl\":\"https:\\\/\\\/secure.gravatar.com\\\/avatar\\\/cf0850034afe95dc401adbae35684432895c7dd5b16097d7f2bec62870c38e4a?s=96&d=mm&r=g\",\"caption\":\"Natacha Lapeyroux\"}}]}<\/script>\n<!-- \/ Yoast SEO plugin. -->","yoast_head_json":{"title":"Mobilit\u00e9s actives et num\u00e9rique","description":"Le programme de la journ\u00e9e d\u2019\u00e9tude internationale sur les \"Mobilit\u00e9s actives et num\u00e9rique\" est en ligne.","robots":{"index":"index","follow":"follow","max-snippet":"max-snippet:-1","max-image-preview":"max-image-preview:large","max-video-preview":"max-video-preview:-1"},"canonical":"https:\/\/www.sfsic.org\/en\/evenement\/mobilites-actives-et-numerique-2\/","og_locale":"en_US","og_type":"article","og_title":"Mobilit\u00e9s actives et num\u00e9rique","og_description":"Le programme de la journ\u00e9e d\u2019\u00e9tude internationale sur les \"Mobilit\u00e9s actives et num\u00e9rique\" est en ligne.","og_url":"https:\/\/www.sfsic.org\/en\/evenement\/mobilites-actives-et-numerique-2\/","og_site_name":"SFSIC","article_published_time":"2024-06-02T13:18:14+00:00","article_modified_time":"2024-06-02T13:18:33+00:00","og_image":[{"url":"https:\/\/www.sfsic.org\/wp-inside\/uploads\/skp-membership\/demande_adh\/logo-ulb-320x98.png","type":"","width":"","height":""}],"author":"Natacha Lapeyroux","twitter_card":"summary_large_image","schema":{"@context":"https:\/\/schema.org","@graph":[{"@type":"Article","@id":"https:\/\/www.sfsic.org\/en\/evenement\/mobilites-actives-et-numerique-2\/#article","isPartOf":{"@id":"https:\/\/www.sfsic.org\/en\/evenement\/mobilites-actives-et-numerique-2\/"},"author":{"name":"Natacha Lapeyroux","@id":"https:\/\/www.sfsic.org\/en\/#\/schema\/person\/3e2cb2e75ff150d46e72e5293d9a1b99"},"headline":"Mobilit\u00e9s actives et num\u00e9rique","datePublished":"2024-06-02T13:18:14+00:00","dateModified":"2024-06-02T13:18:33+00:00","mainEntityOfPage":{"@id":"https:\/\/www.sfsic.org\/en\/evenement\/mobilites-actives-et-numerique-2\/"},"wordCount":287,"publisher":{"@id":"https:\/\/www.sfsic.org\/en\/#organization"},"image":{"@id":"https:\/\/www.sfsic.org\/en\/evenement\/mobilites-actives-et-numerique-2\/#primaryimage"},"thumbnailUrl":"https:\/\/www.sfsic.org\/wp-inside\/uploads\/skp-membership\/demande_adh\/logo-ulb-320x98.png","keywords":["Corps","Num\u00e9rique","Politique","Repr\u00e9sentations","Usages","Ville"],"articleSection":["\u00c9v\u00e9nements"],"inLanguage":"en-US"},{"@type":"WebPage","@id":"https:\/\/www.sfsic.org\/en\/evenement\/mobilites-actives-et-numerique-2\/","url":"https:\/\/www.sfsic.org\/en\/evenement\/mobilites-actives-et-numerique-2\/","name":"Mobilit\u00e9s actives et num\u00e9rique","isPartOf":{"@id":"https:\/\/www.sfsic.org\/en\/#website"},"primaryImageOfPage":{"@id":"https:\/\/www.sfsic.org\/en\/evenement\/mobilites-actives-et-numerique-2\/#primaryimage"},"image":{"@id":"https:\/\/www.sfsic.org\/en\/evenement\/mobilites-actives-et-numerique-2\/#primaryimage"},"thumbnailUrl":"https:\/\/www.sfsic.org\/wp-inside\/uploads\/skp-membership\/demande_adh\/logo-ulb-320x98.png","datePublished":"2024-06-02T13:18:14+00:00","dateModified":"2024-06-02T13:18:33+00:00","description":"Le programme de la journ\u00e9e d\u2019\u00e9tude internationale sur les \"Mobilit\u00e9s actives et num\u00e9rique\" est en ligne.","breadcrumb":{"@id":"https:\/\/www.sfsic.org\/en\/evenement\/mobilites-actives-et-numerique-2\/#breadcrumb"},"inLanguage":"en-US","potentialAction":[{"@type":"ReadAction","target":["https:\/\/www.sfsic.org\/en\/evenement\/mobilites-actives-et-numerique-2\/"]}]},{"@type":"ImageObject","inLanguage":"en-US","@id":"https:\/\/www.sfsic.org\/en\/evenement\/mobilites-actives-et-numerique-2\/#primaryimage","url":"https:\/\/www.sfsic.org\/wp-inside\/uploads\/skp-membership\/demande_adh\/logo-ulb-320x98.png","contentUrl":"https:\/\/www.sfsic.org\/wp-inside\/uploads\/skp-membership\/demande_adh\/logo-ulb-320x98.png"},{"@type":"BreadcrumbList","@id":"https:\/\/www.sfsic.org\/en\/evenement\/mobilites-actives-et-numerique-2\/#breadcrumb","itemListElement":[{"@type":"ListItem","position":1,"name":"Accueil","item":"https:\/\/www.sfsic.org\/en\/"},{"@type":"ListItem","position":2,"name":"Events","item":"https:\/\/www.sfsic.org\/en\/events\/"},{"@type":"ListItem","position":3,"name":"Mobilit\u00e9s actives et num\u00e9rique"}]},{"@type":"WebSite","@id":"https:\/\/www.sfsic.org\/en\/#website","url":"https:\/\/www.sfsic.org\/en\/","name":"SFSIC","description":"Soci\u00e9t\u00e9 Fran\u00e7aise des Sciences de l&#039;Information &amp; de la Communication","publisher":{"@id":"https:\/\/www.sfsic.org\/en\/#organization"},"potentialAction":[{"@type":"SearchAction","target":{"@type":"EntryPoint","urlTemplate":"https:\/\/www.sfsic.org\/en\/?s={search_term_string}"},"query-input":{"@type":"PropertyValueSpecification","valueRequired":true,"valueName":"search_term_string"}}],"inLanguage":"en-US"},{"@type":"Organization","@id":"https:\/\/www.sfsic.org\/en\/#organization","name":"SFSIC","url":"https:\/\/www.sfsic.org\/en\/","logo":{"@type":"ImageObject","inLanguage":"en-US","@id":"https:\/\/www.sfsic.org\/en\/#\/schema\/logo\/image\/","url":"https:\/\/www.sfsic.org\/wp-inside\/uploads\/2020\/05\/logo-sfsic.jpg","contentUrl":"https:\/\/www.sfsic.org\/wp-inside\/uploads\/2020\/05\/logo-sfsic.jpg","width":1085,"height":1080,"caption":"SFSIC"},"image":{"@id":"https:\/\/www.sfsic.org\/en\/#\/schema\/logo\/image\/"}},{"@type":"Person","@id":"https:\/\/www.sfsic.org\/en\/#\/schema\/person\/3e2cb2e75ff150d46e72e5293d9a1b99","name":"Natacha Lapeyroux","image":{"@type":"ImageObject","inLanguage":"en-US","@id":"https:\/\/secure.gravatar.com\/avatar\/cf0850034afe95dc401adbae35684432895c7dd5b16097d7f2bec62870c38e4a?s=96&d=mm&r=g","url":"https:\/\/secure.gravatar.com\/avatar\/cf0850034afe95dc401adbae35684432895c7dd5b16097d7f2bec62870c38e4a?s=96&d=mm&r=g","contentUrl":"https:\/\/secure.gravatar.com\/avatar\/cf0850034afe95dc401adbae35684432895c7dd5b16097d7f2bec62870c38e4a?s=96&d=mm&r=g","caption":"Natacha Lapeyroux"}}]}},"_links":{"self":[{"href":"https:\/\/www.sfsic.org\/en\/wp-json\/wp\/v2\/posts\/32225","targetHints":{"allow":["GET"]}}],"collection":[{"href":"https:\/\/www.sfsic.org\/en\/wp-json\/wp\/v2\/posts"}],"about":[{"href":"https:\/\/www.sfsic.org\/en\/wp-json\/wp\/v2\/types\/post"}],"author":[{"embeddable":true,"href":"https:\/\/www.sfsic.org\/en\/wp-json\/wp\/v2\/users\/889"}],"replies":[{"embeddable":true,"href":"https:\/\/www.sfsic.org\/en\/wp-json\/wp\/v2\/comments?post=32225"}],"version-history":[{"count":4,"href":"https:\/\/www.sfsic.org\/en\/wp-json\/wp\/v2\/posts\/32225\/revisions"}],"predecessor-version":[{"id":32250,"href":"https:\/\/www.sfsic.org\/en\/wp-json\/wp\/v2\/posts\/32225\/revisions\/32250"}],"wp:attachment":[{"href":"https:\/\/www.sfsic.org\/en\/wp-json\/wp\/v2\/media?parent=32225"}],"wp:term":[{"taxonomy":"category","embeddable":true,"href":"https:\/\/www.sfsic.org\/en\/wp-json\/wp\/v2\/categories?post=32225"},{"taxonomy":"post_tag","embeddable":true,"href":"https:\/\/www.sfsic.org\/en\/wp-json\/wp\/v2\/tags?post=32225"},{"taxonomy":"thematique","embeddable":true,"href":"https:\/\/www.sfsic.org\/en\/wp-json\/wp\/v2\/thematique?post=32225"},{"taxonomy":"sfsic","embeddable":true,"href":"https:\/\/www.sfsic.org\/en\/wp-json\/wp\/v2\/sfsic?post=32225"}],"curies":[{"name":"wp","href":"https:\/\/api.w.org\/{rel}","templated":true}]}}