{"id":32171,"date":"2024-06-02T15:34:51","date_gmt":"2024-06-02T13:34:51","guid":{"rendered":"https:\/\/www.sfsic.org\/?p=32171"},"modified":"2024-06-02T15:34:52","modified_gmt":"2024-06-02T13:34:52","slug":"entre-sciences-de-linformation-et-de-la-communication-et-sciences-cognitives-les-bases-dun-dialogue-possible","status":"publish","type":"post","link":"https:\/\/www.sfsic.org\/en\/aac-publication\/entre-sciences-de-linformation-et-de-la-communication-et-sciences-cognitives-les-bases-dun-dialogue-possible\/","title":{"rendered":"Entre sciences de l\u2019information et de la communication et sciences cognitives\u00a0: les bases d\u2019un dialogue possible"},"content":{"rendered":"<p><!-- fxzn:singledetail --><\/p>\n<div class=\"zone zn-singledetail\" id=\"fxzn-singledetail-1\">\n<div class=\"zone-block zn-singledetail-block alignwide va-top\">\n<div class=\"row\">\n<div class=\"columns large-8 large-push-4\">\n<div class=\"zn-singledetail-metabox\">\n<div class=\"zn-singledetail-pubdate pubdate\">\n\t\t\t\t\t<span class=\"pubdate-txt\">Mis en ligne le<\/span><span class=\"doubledot\"><\/span> 2 juin 2024\t\t\t\t<\/div>\n<div class=\"zn-singledetail-thematiques with-sep-comma\">\n<ul class=\"termslist termslist-thematique\">\n<li class=\"termslist-item termslist-title\"><span class=\"termslist-titletxt\">Th\u00e9matiques<\/span><span class=\"doubledot\"><\/span><\/li>\n<li class=\"termslist-item tax-thematique term-mediation-des-savoirs-education-et-formation\"><a class=\"termslist-itemlink\" href=\"https:\/\/www.sfsic.org\/thematiques\/mediation-des-savoirs-education-et-formation\/\" title=\"M\u00e9diation des savoirs, \u00e9ducation et formation\"><span class=\"termslist-itemname\">M\u00e9diation des savoirs, \u00e9ducation et formation<\/span><\/a><\/li>\n<li class=\"termslist-item tax-thematique term-numerique-strategies-dispositifs-et-usages\"><a class=\"termslist-itemlink\" href=\"https:\/\/www.sfsic.org\/thematiques\/numerique-strategies-dispositifs-et-usages\/\" title=\"Num\u00e9rique : strat\u00e9gies, dispositifs et usages\"><span class=\"termslist-itemname\">Num\u00e9rique : strat\u00e9gies, dispositifs et usages<\/span><\/a><\/li>\n<\/ul><\/div>\n<\/p><\/div>\n<\/p><\/div>\n<\/p><\/div>\n<div class=\"row\">\n<div class=\"columns large-4\">\n<div class=\"zn-singledetail-sidebar bg-cornersquares\">\n<div class=\"zn-singledetail-infos\">\n<p class=\"zn-singledetail-reponse-date\">\n\t\t\t\t\t\t<span>R\u00e9ponse attendue pour le<\/span><span class=\"doubledot\"><\/span> <strong>07\/09\/2024<\/strong>\n\t\t\t\t\t<\/p>\n<p class=\"zn-singledetail-reponse-type\">\n\t\t\t\t\t<span>Type de r\u00e9ponse<\/span><span class=\"doubledot\"><\/span> <strong>R\u00e9sum\u00e9<\/strong>\n\t\t\t\t\t<\/p>\n<p class=\"zn-singledetail-type\">\n\t\t\t\t\t\t\t<span>Type de contribution attendue<\/span><span class=\"doubledot\"><\/span> <strong>Article<\/strong>\n\t\t\t\t\t<\/p>\n<p class=\"zn-singledetail-name\">\n\t\t\t\t\t\t\t<span>Nom de la publication<\/span><span class=\"doubledot\"><\/span> <strong>COSSI<\/strong>\n\t\t\t\t\t<\/p>\n<p class=\"zn-singledetail-editor\">\n\t\t\t\t\t\t\t<span>\u00c9diteur<\/span><span class=\"doubledot\"><\/span> <strong>COSSI<\/strong>\n\t\t\t\t\t<\/p>\n<\/p><\/div>\n<div class=\"zn-singledetail-coordinators\">\n<h3 class=\"zn-singledetail-section-title\">Coordinateurs<\/h3>\n<ul class=\"zn-singledetail-coordinators-list\">\n<li class=\"zn-singledetail-coordinators-item\">\n\t\t\t\t\t\t\t<span>Anne<\/span> <span>Lehmans<\/span>, <span>Universit\u00e9 de Bordeaux<\/span>\t\t\t\t\t\t\t\t\t\t\t\t\t\t, <a class=\"zn-singledetail-coordinators-mail prettylink\" href=\"mailto:anne.lehmans@u-bordeaux.fr\">anne.lehmans@u-bordeaux.fr<\/a>\n\t\t\t\t\t\t\t\t\t\t\t\t\t<\/li>\n<li class=\"zn-singledetail-coordinators-item\">\n\t\t\t\t\t\t\t<span>Monica<\/span> <span>Macedo<\/span>, <span>Cergy Paris Universit\u00e9<\/span>\t\t\t\t\t\t\t\t\t\t\t\t\t\t, <a class=\"zn-singledetail-coordinators-mail prettylink\" href=\"mailto:monica.macedo@cyu.fr\">monica.macedo@cyu.fr<\/a>\n\t\t\t\t\t\t\t\t\t\t\t\t\t<\/li>\n<\/ul><\/div>\n<div class=\"zn-singledetail-weblinks\">\n<h3 class=\"zn-singledetail-section-title\">Sites internet de r\u00e9f\u00e9rence<\/h3>\n<ul class=\"zn-singledetail-weblinks-list\">\n<li>\n\t\t\t\t\t\t\t<a class=\"prettylink chainlink\" href=\"https:\/\/revue-cossi.numerev.com\/appels-a-contribution\/215-revue-15-entre-sciences-de-l-information-et-de-la-communication-et-sciences-cognitives-les-bases-d-un-dialogue-possible\" title=\"Revue COSSI\" target=\"_blank\" rel=\"noopener\">Revue COSSI<\/a>\n\t\t\t\t\t\t<\/li>\n<\/ul><\/div>\n<\/p><\/div>\n<\/p><\/div>\n<div class=\"columns large-8\">\n<div class=\"zn-singledetail-contentbox\">\n<div class=\"zn-singledetail-annonce wig-content\">\n<p style=\"font-weight: 400\">La relation entre information et construction de connaissances est au c\u0153ur d\u2019un dialogue possible entre diff\u00e9rents champs scientifiques, particuli\u00e8rement autour de la r\u00e9flexion sur l\u2019\u00e9ducation \u00e0 l\u2019information et la culture informationnelle dans diff\u00e9rents contextes, y compris celui du travail. Les sciences cognitives, en tant que champ scientifique qui s\u2019int\u00e9resse aux processus mentaux et \u00e0 leur incidence sur le comportement humain, et les sciences de l\u2019information et de la communication, qui s\u2019int\u00e9ressent aux caract\u00e9ristiques de l\u2019information elle-m\u00eame et aux m\u00e9canismes sociaux de gen\u00e8se, de circulation et de transformation de l\u2019information, ont beaucoup \u00e0 gagner d\u2019un tel dialogue.<\/p>\n<p style=\"font-weight: 400\">La gen\u00e8se des sciences de l\u2019information et de la communication (SIC) en tant que discipline acad\u00e9mique en France les situe dans la transdisciplinarit\u00e9, aussi bien du point de vue de leurs objets que de leurs m\u00e9thodes. Elle les inscrit \u00e9galement au c\u0153ur des probl\u00e9matiques socio-politiques, des questions vives et controvers\u00e9es, dans une perspective critique. Depuis les ann\u00e9es 2000, avec le d\u00e9veloppement de la communication num\u00e9ris\u00e9e, industrialis\u00e9e et algorithmis\u00e9e dans le d\u00e9ploiement des plateformes de r\u00e9seaux socionum\u00e9riques, puis automatis\u00e9e dans les extensions de l\u2019intelligence artificielle, la probl\u00e9matique du\u00a0lien entre information et apprentissage\u00a0est devenue centrale, comme l\u2019attestent les travaux pr\u00e9curseurs de Rieh (2002), Eveland et Dunwoody (2000, 2001), ainsi que la tenue d\u00e8s 1995, en France,\u00a0des\u00a0Journ\u00e9es d&rsquo;\u00c9tude sur le Traitement Cognitif des Syst\u00e8mes d&rsquo;Information Complexes (B\u00e9trancourt &amp; Rebetez, 2004). Cette centralit\u00e9 se situe d\u2019abord au niveau des processus cognitifs impliqu\u00e9s dans le traitement de l\u2019information, mais elle concerne \u00e9galement des processus\u00a0politiques, sociaux, et organisationnels. \u00c0 cet \u00e9chelon, la question du d\u00e9sordre informationnel (Wardle &amp; Derakhshan, 2017) \u00e9merge aujourd\u2019hui comme une th\u00e9matique majeure de recherche interdisciplinaire, pouvant constituer un espace de dialogue entre SIC et sciences cognitives. Cette question est aussi ancienne que l\u2019humanit\u00e9, mais elle prend des reliefs nouveaux avec la puissance des outils disponibles et l\u2019\u00e9mergence de th\u00e8mes comme celui de la guerre cognitive (Claverie\u00a0&amp;\u00a0Pr\u00e9baut, 2024) et de l\u2019intelligence artificielle.<\/p>\n<p style=\"font-weight: 400\">Au niveau des syst\u00e8mes politiques internationaux, nationaux et r\u00e9gionaux, ce sont les perspectives de manipulation de l\u2019information et d\u2019influence dans et par les mass m\u00e9dias traditionnels, soumis \u00e0 un contr\u00f4le juridique certain, et dans les m\u00e9dias socionum\u00e9riques, plus difficiles \u00e0 contr\u00f4ler, qui peuvent inqui\u00e9ter vis-\u00e0-vis de l\u2019opinion publique et de l\u2019\u00e9lectorat. Au niveau social, l\u2019ampleur de la diffusion de fausses nouvelles et surtout l\u2019extension des th\u00e9ories complotistes, particuli\u00e8rement saillante depuis la pand\u00e9mie de Covid 19, sont une source d\u2019inqui\u00e9tude majeure, qui font l\u2019objet de recherches et de discours sur l\u2019esprit critique et l\u2019\u00e9ducation aux m\u00e9dias et \u00e0 l\u2019information. Dans les organisations, les probl\u00e9matiques de gestion des connaissances et d\u2019optimisation du traitement de l\u2019information ne peuvent se limiter \u00e0 la construction de syst\u00e8mes techniques d\u2019information mais int\u00e8grent aussi n\u00e9cessairement la dimension cognitive des usages dans les dispositifs et les processus de prise de d\u00e9cision. Pour la cognitique, c\u2019est \u00e0 travers la d\u00e9marche d\u2019ing\u00e9nierie que les disciplines dialoguent avec l\u2019informatique pour aborder le traitement des connaissances dans des contextes divers, plus particuli\u00e8rement dans celui de l\u2019entreprise et du travail. Au niveau cognitif enfin, la question du passage des donn\u00e9es aux informations puis aux connaissances fait l\u2019objet d\u2019une r\u00e9flexion renouvel\u00e9e, par exemple sur l\u2019effet des \u00e9crans sur les capacit\u00e9s cognitives et le comportement des enfants (Cordier\u00a0&amp;\u00a0Ehrel, 2023). La question des pratiques informationnelles d\u00e9passe celle de l\u2019acc\u00e8s \u00e0 l\u2019information pour se concentrer sur celle de son \u00e9valuation, notamment autour de l\u2019autorit\u00e9 cognitive et des crit\u00e8res de qualit\u00e9 de l\u2019information (Cordier\u00a0&amp;\u00a0Sahut, 2023&#160;; Macedo-Rouet, 2022).\u00a0La multiplicit\u00e9 de sources disponibles sur internet entra\u00eene le besoin de faire le tri des informations, tout en faisant porter le poids de l\u2019\u00e9valuation sur l\u2019utilisateur, ce qui ne va pas de soi pour tous les individus (Lehmans\u00a0<em>et al.,<\/em>\u00a02018&#160;; Serres, 2012). \u00c0 tous ces \u00e9chelons de l\u2019\u00e9cosyst\u00e8me informationnel, c\u2019est bien la relation entre information et construction de connaissances qui est en jeu.<\/p>\n<p style=\"font-weight: 400\">Cette relation est au c\u0153ur d\u2019un dialogue possible entre diff\u00e9rents champs scientifiques, particuli\u00e8rement autour de la r\u00e9flexion sur l\u2019\u00e9ducation \u00e0 l\u2019information et la culture informationnelle dans diff\u00e9rents contextes, y compris celui du travail. Les sciences cognitives, en tant que champ scientifique qui s\u2019int\u00e9resse aux processus mentaux et \u00e0 leur incidence sur le comportement humain, et les sciences de l\u2019information et de la communication, qui s\u2019int\u00e9ressent aux caract\u00e9ristiques de l\u2019information elle-m\u00eame et aux m\u00e9canismes sociaux de gen\u00e8se, de circulation et de transformation de l\u2019information, ont beaucoup \u00e0 gagner d\u2019un tel dialogue. Plusieurs questions se posent autour des modalit\u00e9s possibles d\u2019articulation entre les champs.<\/p>\n<h3 style=\"font-weight: 400\">&#8211;\u00a0<b><strong>Une question de positionnement \u00e9pist\u00e9mologique et m\u00e9thodologique<\/strong><\/b>.<\/h3>\n<p style=\"font-weight: 400\">Les sciences cognitives, qui incluent la psychologie cognitive, les neurosciences, la linguistique, l\u2019informatique, la philosophie, l\u2019anthropologie, s\u2019int\u00e9ressent, entre autres, aux m\u00e9canismes physiologiques de la cognition tels qu\u2019ils sont observables avec des techniques comme l\u2019imagerie c\u00e9r\u00e9brale ou l\u2019oculom\u00e9trie, ce qui n\u2019exclut pas la prise en compte de l\u2019environnement dans la compr\u00e9hension de ces m\u00e9canismes. Leurs m\u00e9thodes sont principalement quantitatives et exp\u00e9rimentales, et l\u2019\u00ab&#160;\u00e9ducation bas\u00e9e sur des preuves&#160;\u00bb (<em>evidence based education<\/em>) constitue une notion centrale dans les recherches actuelles sur les m\u00e9thodes d\u2019enseignement et d\u2019apprentissage (Dunlosky &amp; Rawson, 2019). Dans quelle mesure ces m\u00e9thodes sont-elles susceptibles d\u2019\u00e9clairer les questions d\u2019une discipline qui travaille essentiellement \u00e0 l\u2019\u00e9chelle des relations sociales et s\u2019appuie largement sur des m\u00e9thodes qualitatives issues des sciences humaines et sociales&#160;? Inversement, les SIC int\u00e9ressent-elles les sciences cognitives du point de vue des probl\u00e9matiques qu\u2019elles soul\u00e8vent, de leurs objets ou de leurs m\u00e9thodes&#160;?<\/p>\n<h3 style=\"font-weight: 400\">&#8211;\u00a0<b><strong>Une question de strat\u00e9gie scientifique<\/strong><\/b>.<\/h3>\n<p style=\"font-weight: 400\">Comment articuler diff\u00e9rentes hypoth\u00e8ses sur les repr\u00e9sentations, la perception et l\u2019interpr\u00e9tation des informations, les comportements individuels et sociaux, les pratiques informationnelles, propos\u00e9es par les sciences cognitives et les SIC&#160;? \u00a0Une place pour le dialogue constructif est-elle possible&#160;? L\u2019\u00e9mergence d\u2019objets-fronti\u00e8res semble rendre non seulement possible, mais indispensable ce dialogue, par exemple autour des technologies d\u2019information et de communication, du \u00ab&#160;num\u00e9rique&#160;\u00bb qui mobilisent des objets communs comme l\u2019attention, la perception, les repr\u00e9sentations, le langage, la m\u00e9moire, en associant dans la question de la culture le penser et le communiquer \u00e0 travers des documents et des m\u00e9dias.<\/p>\n<h3 style=\"font-weight: 400\">&#8211;\u00a0<b><strong>Une question de strat\u00e9gie pour l\u2019\u00e9ducation et la formation<\/strong><\/b>.<\/h3>\n<p style=\"font-weight: 400\">L\u2019\u00e9ducation constitue \u00e9videmment un terrain de r\u00e9flexion majeur sur le lien entre sciences cognitives et SIC. Les neurosciences ont acquis un regain certain de visibilit\u00e9 dans les institutions \u00e9ducatives, par exemple au Conseil Scientifique de l\u2019\u00c9ducation Nationale, pr\u00e9sid\u00e9 par Stanislas Dehaene (sp\u00e9cialiste de neuropsychologie) et cr\u00e9\u00e9 en 2018 par le ministre J.-M. Blanquer. Cette visibilit\u00e9 est critiqu\u00e9e par certains auteurs dans le champ de l\u2019\u00e9ducation (Champy, 2019) et donne lieu \u00e0 des d\u00e9rives (Ramus, 2018). Les discours institutionnels sur l\u2019esprit critique, \u00e0 l\u2019instar du rapport \u00ab&#160;EDUQUER \u00c0 L&rsquo;ESPRIT CRITIQUE&#160;: LE RAPPORT DU CSEN&#160;\u00bb publi\u00e9 en 2021 sous la direction d\u2019Elena Pasquinelli (philosophe des sciences) et G\u00e9rald Bronner (sociologue), ont provoqu\u00e9 une r\u00e9flexion \u00ab&#160;critique de l\u2019esprit critique&#160;\u00bb chez des chercheurs en sciences de l\u2019information et de la communication (SFSIC, 2023) qui interrogent la d\u00e9marche scientifique voire id\u00e9ologique enjoignant les \u00e9ducateurs \u00e0 ne travailler que sur les biais cognitifs et la d\u00e9nonciation des \u00ab&#160;fake news&#160;\u00bb dans l\u2019\u00e9ducation aux m\u00e9dias et \u00e0 l\u2019information. Le dialogue entre disciplines est soutenu par des auteurs comme G. Borst (2023), F. Amadieu et A. Tricot (2014). La question de l\u2019\u00e9valuation de l\u2019information, en particulier, fondamentale pour les SIC, peut \u00eatre abord\u00e9e de mani\u00e8re dialogique en consid\u00e9rant les processus de perception, de m\u00e9morisation, de r\u00e9gulation, ou les \u00e9motions, y compris dans les mod\u00e9lisations centr\u00e9es sur les comportements informationnels (Sahut, 2023). L\u2019\u00e9ducation formelle constitue naturellement un terrain privil\u00e9gi\u00e9 pour l\u2019apprentissage, mais pas exclusif. Dans le domaine du travail, les probl\u00e9matiques de formation et de traitement de l\u2019information, par exemple dans le contexte de l\u2019\u00a0\u00ab&#160;industrie 4.0&#160;\u00bb, par exemple, sont \u00e9galement en jeu.<\/p>\n<p style=\"font-weight: 400\">La relation entre sciences cognitives et SIC semble particuli\u00e8rement fructueuse \u00e0 repenser, comme y invitait D. Wolton (2013), en appelant \u00e0 l\u2019interdisciplinarit\u00e9 dans un \u00ab&#160;manifeste de l\u2019indiscipline&#160;\u00bb, sans oublier de poser la question de l\u2019instrumentalisation des approches scientifiques entre elles et par le politique. T.\u00a0Saracevic, d\u00e8s les ann\u00e9es 1995, d\u00e9fendait la nature interdisciplinaire des sciences de l\u2019information, en y incluant les sciences cognitives.\u00a0C\u2019est \u00e0 cette r\u00e9flexion et de dialogue qu\u2019invite cet appel, en direction des chercheurs des sciences cognitives et des sciences de l\u2019information et de la communication.<\/p>\n<h2><strong>Bibliographie<\/strong><\/h2>\n<p>Amadieu, F. &amp; Tricot, A. (2020).\u00a0<em>Apprendre avec le num\u00e9rique.\u00a0<\/em>Retz.<\/p>\n<p>B\u00e9trancourt, M. &amp; Rebetez, C. (2004). <em>10e Journ\u00e9e d&rsquo;\u00c9tude sur le Traitement Cognitif des Syst\u00e8mes d&rsquo;Information Complexes<\/em>. Technologies de la Formation et de l&rsquo;Apprentissage. https:\/\/tecfa.unige.ch\/tecfa\/jetcsic2004\/<\/p>\n<p>Borst, G. (2023). La Neuro\u00e9ducation \u2013 LaPsyD\u00c9 (UMR CNRS 8240). <em>L\u2019Ann\u00e9e psychologique<\/em>, 123, 387-392.<\/p>\n<p>Champy, P. (2019). <em>Vers une nouvelle guerre scolaire&#160;: quand les technocrates et les neuroscientifiques mettent la main sur l&rsquo;\u00c9ducation nationale<\/em>. La D\u00e9couverte.<\/p>\n<p>Claverie, B. &amp; Pr\u00e9bot, B. (2024). La guerre cognitive de bas niveau&#160;: la guerre des cerveaux.\u00a0<em>Ing\u00e9nierie cognitique<\/em>,\u00a0<em>7<\/em>(1), 67-75.<\/p>\n<p>Cordier, A. &amp; Sahut,\u00a0G. (2023). Les pratiques informationnelles&#160;: dynamiques conceptuelles, questionnements m\u00e9thodologiques,\u00a0<em>\u00c9tudes de communication<\/em>, 61, 9-18.<\/p>\n<p>Cordier, A. &amp; Ehrel, S. (Dir.) (2023) <em>Les enfants et les \u00e9crans<\/em>. Paris&#160;: Retz.<\/p>\n<p>Dunlosky, J. &amp; Rawson, K. A. (Eds.). (2019). <em>The Cambridge handbook of cognition and education<\/em>. Cambridge University Press.<\/p>\n<p>Eveland Jr, W. P. &amp; Dunwoody, S. (2001). User control and structural isomorphism or disorientation and cognitive load&#160;? Learning from the Web versus print. <em>Communication research<\/em>, <em>28<\/em>(1), 48-78.<\/p>\n<p>Eveland Jr, W. P. &amp; Dunwoody, S. (2000). Examining information processing on the World Wide Web using think aloud protocols. <em>Media Psychology<\/em>, <em>2<\/em>(3), 219-244.<\/p>\n<p>Lehmans, A., Liqu\u00e8te, V. &amp; Limberg, L. (2018). Les politiques d\u2019e\u0301ducation a\u0300 l\u2019information, aux me\u0301dias et au nume\u0301rique dans le monde &#8211; Introduction. <em>\u00c9ducation compar\u00e9e<\/em>, <em>19<\/em>, 11-18.<\/p>\n<p>Macedo-Rouet, M. (2022). <em>Savoir chercher. Pour une \u00e9ducation \u00e0 l&rsquo;\u00e9valuation de l&rsquo;information<\/em>. C&amp;F Editions.<\/p>\n<p>Rieh, S. Y. (2002). Judgment of information quality and cognitive authority in the Web. <em>Journal of the American society for information science and technology<\/em>, <em>53<\/em>(2), 145-161.<\/p>\n<p>Pasquinelli, E. &amp; Bronner, G. (2021). \u00c9duquer \u00e0 l\u2019esprit critique.\u00a0<em>Bases th\u00e9oriques et indications pratiques pour l\u2019enseignement et la formation, rapport du Conseil scientifique de l\u2019\u00c9ducation nationale, Paris, minist\u00e8re de l\u2019\u00c9ducation nationale, de la Jeunesse et des Sports<\/em>.<\/p>\n<p>Ramus, F. (2018). Neuro\u00e9ducation et neuropsychanalyse&#160;: du neuroenchantement aux neurofoutaises. <em>Intellectica<\/em>, 69(1), 289-301.<\/p>\n<p>Sahut, G. (2023). Information Behavior, Information Practice, Information Experience&#160;: trois conceptualisations de la relation des humains \u00e0 l\u2019information.\u00a0<em>\u00c9tudes de communication<\/em>, 19-36.<\/p>\n<p>Saracevic, T. (1999). Information science. <em>JASIST<\/em>, 50(12), 1051-1063.<\/p>\n<p>Serres, A. (2012). <em>Dans le labyrinthe. \u00c9valuer l&rsquo;information sur internet<\/em>. C&amp;F \u00c9ditions.<\/p>\n<p>SFSIC (2023). Repenser l\u2019\u00e9ducation \u00e0 l\u2019esprit critique depuis les SIC. Table ronde anim\u00e9e par Bosler, S. &amp; Seurrat, A. <em>Congr\u00e8s de la SFSIC \u00e0 Bordeaux.<\/em><\/p>\n<p>Wardle, C. &amp; Derakhshan, H. (2017). <em>Information disorder&#160;: Toward an interdisciplinary framework for research and policymaking<\/em> (Vol. 27, pp. 1-107). Strasbourg&#160;: Council of Europe.<\/p>\n<p>Wolton, D. (2013). Conclusion. Pour un manifeste de l&rsquo;indiscipline.\u00a0<em>Herm\u00e8s, La Revue<\/em>, 67, 210-222.<\/p>\n<h2>R\u00e9ponse \u00e0 l&rsquo;appel<\/h2>\n<ul>\n<li>Pour r\u00e9pondre \u00e0 cet appel, vous devez vous <a href=\"https:\/\/numerev.com\/inscription.html\" target=\"_blank\" rel=\"noopener\">inscrire pour obtenir un compte utilisateur<\/a> sur la plateforme Numerev.<\/li>\n<li>Par ailleurs, merci de vous r\u00e9f\u00e9rer aux normes et proc\u00e9dures de soumission de la revue. Pour toutes informations compl\u00e9mentaires, veuillez utiliser le formulaire de <a href=\"https:\/\/revue-cossi.numerev.com\/contact\" target=\"_blank\" rel=\"noopener\">contact de la revue<\/a>.<\/li>\n<\/ul>\n<h2>Coordinateurs du num\u00e9ro<\/h2>\n<div class=\"items\">\n<div class=\"item\">\n<ul>\n<li>Lehmans Anne, Professeur des universit\u00e9s, INSP\u00c9, IMS UMR5218 CNRS, University of Bordeaux, Bordeaux<\/li>\n<li>Macedo Monica, Professeur des universit\u00e9s, INSP\u00c9, Paragraphe, CY Cergy Paris University, Cergy-Pontoise<\/li>\n<\/ul>\n<section class=\"summary with-border\">\n<h2 class=\"head\">Calendrier du num\u00e9ro<\/h2>\n<div class=\"detail\">\n<ul>\n<li>Soumission des r\u00e9sum\u00e9s&#160;:\u00a008\/09\/2024<\/li>\n<li>Retour aux auteurs&#160;:\u00a010\/11\/2024<\/li>\n<li>Envoi des articles complets&#160;:\u00a002\/03\/2025<\/li>\n<li>Retour des \u00e9valuateurs&#160;:\u00a006\/04\/2025<\/li>\n<li>Envoi des articles finaux&#160;:\u00a005\/05\/2025<\/li>\n<li>Publication envisag\u00e9e&#160;:\u00a020\/06\/2025<\/li>\n<\/ul>\n<section class=\"summary with-border\">\n<h2 class=\"head\">Mod\u00e8le d&rsquo;article<\/h2>\n<div class=\"detail\">\n<p>Merci de r\u00e9diger votre texte \u00e0 partir du mod\u00e8le ci-dessous, fourni par la revue&#160;:<\/p>\n<p><a href=\"https:\/\/numerev.com\/files\/1\/gabarit.docx\">T\u00e9l\u00e9charger le mod\u00e8le d&rsquo;article<\/a><\/p>\n<\/div>\n<\/section>\n<\/div>\n<\/section>\n<\/div>\n<\/div><\/div>\n<div class=\"zn-singledetail-keywords\">\n<h3 class=\"zn-singledetail-section-title\">Mots-cl\u00e9s<\/h3>\n<ul class=\"termslist termslist-post_tag\">\n<li class=\"termslist-item termslist-title\"><span class=\"termslist-titletxt\">Mots-cl\u00e9s<\/span><span class=\"doubledot\"><\/span><\/li>\n<li class=\"termslist-item tax-post_tag term-education-2\"><a class=\"termslist-itemlink\" href=\"https:\/\/www.sfsic.org\/tag\/education-2\/\" title=\"\u00c9ducation\"><span class=\"termslist-itemname\">\u00c9ducation<\/span><\/a><\/li>\n<li class=\"termslist-item tax-post_tag term-epistemologie\"><a class=\"termslist-itemlink\" href=\"https:\/\/www.sfsic.org\/tag\/epistemologie\/\" title=\"\u00e9pist\u00e9mologie\"><span class=\"termslist-itemname\">\u00e9pist\u00e9mologie<\/span><\/a><\/li>\n<li class=\"termslist-item tax-post_tag term-intelligence-artificielle\"><a class=\"termslist-itemlink\" href=\"https:\/\/www.sfsic.org\/tag\/intelligence-artificielle\/\" title=\"Intelligence artificielle\"><span class=\"termslist-itemname\">Intelligence artificielle<\/span><\/a><\/li>\n<li class=\"termslist-item tax-post_tag term-perception\"><a class=\"termslist-itemlink\" href=\"https:\/\/www.sfsic.org\/tag\/perception\/\" title=\"Perception\"><span class=\"termslist-itemname\">Perception<\/span><\/a><\/li>\n<li class=\"termslist-item tax-post_tag term-representations\"><a class=\"termslist-itemlink\" href=\"https:\/\/www.sfsic.org\/tag\/representations\/\" title=\"Repr\u00e9sentations\"><span class=\"termslist-itemname\">Repr\u00e9sentations<\/span><\/a><\/li>\n<li class=\"termslist-item tax-post_tag term-sciences-humaines-et-sociales\"><a class=\"termslist-itemlink\" href=\"https:\/\/www.sfsic.org\/tag\/sciences-humaines-et-sociales\/\" title=\"Sciences Humaines et Sociales\"><span class=\"termslist-itemname\">Sciences Humaines et Sociales<\/span><\/a><\/li>\n<\/ul><\/div>\n<\/p><\/div>\n<\/p><\/div>\n<\/p><\/div>\n<\/p><\/div>\n<\/div>\n<p><!-- \/fxzn:singledetail --><\/p>\n","protected":false},"excerpt":{"rendered":"<p>Mis en ligne le 2 juin 2024 Th\u00e9matiques M\u00e9diation des savoirs, \u00e9ducation et formation Num\u00e9rique : strat\u00e9gies, dispositifs et usages R\u00e9ponse attendue pour le 07\/09\/2024 Type de r\u00e9ponse R\u00e9sum\u00e9 Type [&hellip;]<\/p>\n","protected":false},"author":1232,"featured_media":0,"comment_status":"closed","ping_status":"closed","sticky":false,"template":"","format":"standard","meta":{"_acf_changed":false,"footnotes":""},"categories":[28],"tags":[700,407,357,421,455,432],"thematique":[43,39],"sfsic":[],"class_list":["post-32171","post","type-post","status-publish","format-standard","hentry","category-aac-publication","tag-education-2","tag-epistemologie","tag-intelligence-artificielle","tag-perception","tag-representations","tag-sciences-humaines-et-sociales","thematique-mediation-des-savoirs-education-et-formation","thematique-numerique-strategies-dispositifs-et-usages","wp-sticky"],"acf":[],"yoast_head":"<!-- This site is optimized with the Yoast SEO plugin v27.4 - https:\/\/yoast.com\/product\/yoast-seo-wordpress\/ -->\n<title>Entre sciences de l\u2019information et de la communication et sciences cognitives\u00a0: les bases d\u2019un dialogue possible<\/title>\n<meta name=\"description\" content=\"La revue COSSI lance un appel \u00e0 articles pour son num\u00e9ro 15 sur la th\u00e9matique &quot;Entre sciences de l\u2019information et de la communication et sciences cognitives : les bases d\u2019un dialogue possible&quot;. Ce num\u00e9ro est coordonn\u00e9 par Anne Lehmans et Macedo Monica\" \/>\n<meta name=\"robots\" content=\"index, follow, max-snippet:-1, max-image-preview:large, max-video-preview:-1\" \/>\n<link rel=\"canonical\" href=\"https:\/\/www.sfsic.org\/en\/aac-publication\/entre-sciences-de-linformation-et-de-la-communication-et-sciences-cognitives-les-bases-dun-dialogue-possible\/\" \/>\n<meta property=\"og:locale\" content=\"en_US\" \/>\n<meta property=\"og:type\" content=\"article\" \/>\n<meta property=\"og:title\" content=\"Entre sciences de l\u2019information et de la communication et sciences cognitives\u00a0: les bases d\u2019un dialogue possible\" \/>\n<meta property=\"og:description\" content=\"La revue COSSI lance un appel \u00e0 articles pour son num\u00e9ro 15 sur la th\u00e9matique &quot;Entre sciences de l\u2019information et de la communication et sciences cognitives : les bases d\u2019un dialogue possible&quot;. Ce num\u00e9ro est coordonn\u00e9 par Anne Lehmans et Macedo Monica\" \/>\n<meta property=\"og:url\" content=\"https:\/\/www.sfsic.org\/en\/aac-publication\/entre-sciences-de-linformation-et-de-la-communication-et-sciences-cognitives-les-bases-dun-dialogue-possible\/\" \/>\n<meta property=\"og:site_name\" content=\"SFSIC\" \/>\n<meta property=\"article:published_time\" content=\"2024-06-02T13:34:51+00:00\" \/>\n<meta property=\"article:modified_time\" content=\"2024-06-02T13:34:52+00:00\" \/>\n<meta name=\"author\" content=\"Anne Lehmans\" \/>\n<meta name=\"twitter:card\" content=\"summary_large_image\" \/>\n<script type=\"application\/ld+json\" class=\"yoast-schema-graph\">{\"@context\":\"https:\\\/\\\/schema.org\",\"@graph\":[{\"@type\":\"Article\",\"@id\":\"https:\\\/\\\/www.sfsic.org\\\/en\\\/aac-publication\\\/entre-sciences-de-linformation-et-de-la-communication-et-sciences-cognitives-les-bases-dun-dialogue-possible\\\/#article\",\"isPartOf\":{\"@id\":\"https:\\\/\\\/www.sfsic.org\\\/en\\\/aac-publication\\\/entre-sciences-de-linformation-et-de-la-communication-et-sciences-cognitives-les-bases-dun-dialogue-possible\\\/\"},\"author\":{\"name\":\"Anne Lehmans\",\"@id\":\"https:\\\/\\\/www.sfsic.org\\\/en\\\/#\\\/schema\\\/person\\\/197a5320f27a2f2ac6367ff387081a77\"},\"headline\":\"Entre sciences de l\u2019information et de la communication et sciences cognitives\u00a0: les bases d\u2019un dialogue possible\",\"datePublished\":\"2024-06-02T13:34:51+00:00\",\"dateModified\":\"2024-06-02T13:34:52+00:00\",\"mainEntityOfPage\":{\"@id\":\"https:\\\/\\\/www.sfsic.org\\\/en\\\/aac-publication\\\/entre-sciences-de-linformation-et-de-la-communication-et-sciences-cognitives-les-bases-dun-dialogue-possible\\\/\"},\"wordCount\":2226,\"publisher\":{\"@id\":\"https:\\\/\\\/www.sfsic.org\\\/en\\\/#organization\"},\"keywords\":[\"\u00c9ducation\",\"\u00e9pist\u00e9mologie\",\"Intelligence artificielle\",\"Perception\",\"Repr\u00e9sentations\",\"Sciences Humaines et Sociales\"],\"articleSection\":[\"AAC Publications\"],\"inLanguage\":\"en-US\"},{\"@type\":\"WebPage\",\"@id\":\"https:\\\/\\\/www.sfsic.org\\\/en\\\/aac-publication\\\/entre-sciences-de-linformation-et-de-la-communication-et-sciences-cognitives-les-bases-dun-dialogue-possible\\\/\",\"url\":\"https:\\\/\\\/www.sfsic.org\\\/en\\\/aac-publication\\\/entre-sciences-de-linformation-et-de-la-communication-et-sciences-cognitives-les-bases-dun-dialogue-possible\\\/\",\"name\":\"Entre sciences de l\u2019information et de la communication et sciences cognitives\u00a0: les bases d\u2019un dialogue possible\",\"isPartOf\":{\"@id\":\"https:\\\/\\\/www.sfsic.org\\\/en\\\/#website\"},\"datePublished\":\"2024-06-02T13:34:51+00:00\",\"dateModified\":\"2024-06-02T13:34:52+00:00\",\"description\":\"La revue COSSI lance un appel \u00e0 articles pour son num\u00e9ro 15 sur la th\u00e9matique \\\"Entre sciences de l\u2019information et de la communication et sciences cognitives : les bases d\u2019un dialogue possible\\\". Ce num\u00e9ro est coordonn\u00e9 par Anne Lehmans et Macedo Monica\",\"breadcrumb\":{\"@id\":\"https:\\\/\\\/www.sfsic.org\\\/en\\\/aac-publication\\\/entre-sciences-de-linformation-et-de-la-communication-et-sciences-cognitives-les-bases-dun-dialogue-possible\\\/#breadcrumb\"},\"inLanguage\":\"en-US\",\"potentialAction\":[{\"@type\":\"ReadAction\",\"target\":[\"https:\\\/\\\/www.sfsic.org\\\/en\\\/aac-publication\\\/entre-sciences-de-linformation-et-de-la-communication-et-sciences-cognitives-les-bases-dun-dialogue-possible\\\/\"]}]},{\"@type\":\"BreadcrumbList\",\"@id\":\"https:\\\/\\\/www.sfsic.org\\\/en\\\/aac-publication\\\/entre-sciences-de-linformation-et-de-la-communication-et-sciences-cognitives-les-bases-dun-dialogue-possible\\\/#breadcrumb\",\"itemListElement\":[{\"@type\":\"ListItem\",\"position\":1,\"name\":\"Accueil\",\"item\":\"https:\\\/\\\/www.sfsic.org\\\/en\\\/\"},{\"@type\":\"ListItem\",\"position\":2,\"name\":\"Calls for Papers\",\"item\":\"https:\\\/\\\/www.sfsic.org\\\/en\\\/cfp-publication\\\/\"},{\"@type\":\"ListItem\",\"position\":3,\"name\":\"Entre sciences de l\u2019information et de la communication et sciences cognitives&#160;: les bases d\u2019un dialogue possible\"}]},{\"@type\":\"WebSite\",\"@id\":\"https:\\\/\\\/www.sfsic.org\\\/en\\\/#website\",\"url\":\"https:\\\/\\\/www.sfsic.org\\\/en\\\/\",\"name\":\"SFSIC\",\"description\":\"Soci\u00e9t\u00e9 Fran\u00e7aise des Sciences de l&#039;Information &amp; de la Communication\",\"publisher\":{\"@id\":\"https:\\\/\\\/www.sfsic.org\\\/en\\\/#organization\"},\"potentialAction\":[{\"@type\":\"SearchAction\",\"target\":{\"@type\":\"EntryPoint\",\"urlTemplate\":\"https:\\\/\\\/www.sfsic.org\\\/en\\\/?s={search_term_string}\"},\"query-input\":{\"@type\":\"PropertyValueSpecification\",\"valueRequired\":true,\"valueName\":\"search_term_string\"}}],\"inLanguage\":\"en-US\"},{\"@type\":\"Organization\",\"@id\":\"https:\\\/\\\/www.sfsic.org\\\/en\\\/#organization\",\"name\":\"SFSIC\",\"url\":\"https:\\\/\\\/www.sfsic.org\\\/en\\\/\",\"logo\":{\"@type\":\"ImageObject\",\"inLanguage\":\"en-US\",\"@id\":\"https:\\\/\\\/www.sfsic.org\\\/en\\\/#\\\/schema\\\/logo\\\/image\\\/\",\"url\":\"https:\\\/\\\/www.sfsic.org\\\/wp-inside\\\/uploads\\\/2020\\\/05\\\/logo-sfsic.jpg\",\"contentUrl\":\"https:\\\/\\\/www.sfsic.org\\\/wp-inside\\\/uploads\\\/2020\\\/05\\\/logo-sfsic.jpg\",\"width\":1085,\"height\":1080,\"caption\":\"SFSIC\"},\"image\":{\"@id\":\"https:\\\/\\\/www.sfsic.org\\\/en\\\/#\\\/schema\\\/logo\\\/image\\\/\"}},{\"@type\":\"Person\",\"@id\":\"https:\\\/\\\/www.sfsic.org\\\/en\\\/#\\\/schema\\\/person\\\/197a5320f27a2f2ac6367ff387081a77\",\"name\":\"Anne Lehmans\",\"image\":{\"@type\":\"ImageObject\",\"inLanguage\":\"en-US\",\"@id\":\"https:\\\/\\\/secure.gravatar.com\\\/avatar\\\/546894ebf16fe565a1e07367147550c9e3d2aa9229dcc7b437e32b6a30508883?s=96&d=mm&r=g\",\"url\":\"https:\\\/\\\/secure.gravatar.com\\\/avatar\\\/546894ebf16fe565a1e07367147550c9e3d2aa9229dcc7b437e32b6a30508883?s=96&d=mm&r=g\",\"contentUrl\":\"https:\\\/\\\/secure.gravatar.com\\\/avatar\\\/546894ebf16fe565a1e07367147550c9e3d2aa9229dcc7b437e32b6a30508883?s=96&d=mm&r=g\",\"caption\":\"Anne Lehmans\"}}]}<\/script>\n<!-- \/ Yoast SEO plugin. -->","yoast_head_json":{"title":"Entre sciences de l\u2019information et de la communication et sciences cognitives\u00a0: les bases d\u2019un dialogue possible","description":"La revue COSSI lance un appel \u00e0 articles pour son num\u00e9ro 15 sur la th\u00e9matique \"Entre sciences de l\u2019information et de la communication et sciences cognitives : les bases d\u2019un dialogue possible\". Ce num\u00e9ro est coordonn\u00e9 par Anne Lehmans et Macedo Monica","robots":{"index":"index","follow":"follow","max-snippet":"max-snippet:-1","max-image-preview":"max-image-preview:large","max-video-preview":"max-video-preview:-1"},"canonical":"https:\/\/www.sfsic.org\/en\/aac-publication\/entre-sciences-de-linformation-et-de-la-communication-et-sciences-cognitives-les-bases-dun-dialogue-possible\/","og_locale":"en_US","og_type":"article","og_title":"Entre sciences de l\u2019information et de la communication et sciences cognitives\u00a0: les bases d\u2019un dialogue possible","og_description":"La revue COSSI lance un appel \u00e0 articles pour son num\u00e9ro 15 sur la th\u00e9matique \"Entre sciences de l\u2019information et de la communication et sciences cognitives : les bases d\u2019un dialogue possible\". Ce num\u00e9ro est coordonn\u00e9 par Anne Lehmans et Macedo Monica","og_url":"https:\/\/www.sfsic.org\/en\/aac-publication\/entre-sciences-de-linformation-et-de-la-communication-et-sciences-cognitives-les-bases-dun-dialogue-possible\/","og_site_name":"SFSIC","article_published_time":"2024-06-02T13:34:51+00:00","article_modified_time":"2024-06-02T13:34:52+00:00","author":"Anne Lehmans","twitter_card":"summary_large_image","schema":{"@context":"https:\/\/schema.org","@graph":[{"@type":"Article","@id":"https:\/\/www.sfsic.org\/en\/aac-publication\/entre-sciences-de-linformation-et-de-la-communication-et-sciences-cognitives-les-bases-dun-dialogue-possible\/#article","isPartOf":{"@id":"https:\/\/www.sfsic.org\/en\/aac-publication\/entre-sciences-de-linformation-et-de-la-communication-et-sciences-cognitives-les-bases-dun-dialogue-possible\/"},"author":{"name":"Anne Lehmans","@id":"https:\/\/www.sfsic.org\/en\/#\/schema\/person\/197a5320f27a2f2ac6367ff387081a77"},"headline":"Entre sciences de l\u2019information et de la communication et sciences cognitives\u00a0: les bases d\u2019un dialogue possible","datePublished":"2024-06-02T13:34:51+00:00","dateModified":"2024-06-02T13:34:52+00:00","mainEntityOfPage":{"@id":"https:\/\/www.sfsic.org\/en\/aac-publication\/entre-sciences-de-linformation-et-de-la-communication-et-sciences-cognitives-les-bases-dun-dialogue-possible\/"},"wordCount":2226,"publisher":{"@id":"https:\/\/www.sfsic.org\/en\/#organization"},"keywords":["\u00c9ducation","\u00e9pist\u00e9mologie","Intelligence artificielle","Perception","Repr\u00e9sentations","Sciences Humaines et Sociales"],"articleSection":["AAC Publications"],"inLanguage":"en-US"},{"@type":"WebPage","@id":"https:\/\/www.sfsic.org\/en\/aac-publication\/entre-sciences-de-linformation-et-de-la-communication-et-sciences-cognitives-les-bases-dun-dialogue-possible\/","url":"https:\/\/www.sfsic.org\/en\/aac-publication\/entre-sciences-de-linformation-et-de-la-communication-et-sciences-cognitives-les-bases-dun-dialogue-possible\/","name":"Entre sciences de l\u2019information et de la communication et sciences cognitives\u00a0: les bases d\u2019un dialogue possible","isPartOf":{"@id":"https:\/\/www.sfsic.org\/en\/#website"},"datePublished":"2024-06-02T13:34:51+00:00","dateModified":"2024-06-02T13:34:52+00:00","description":"La revue COSSI lance un appel \u00e0 articles pour son num\u00e9ro 15 sur la th\u00e9matique \"Entre sciences de l\u2019information et de la communication et sciences cognitives : les bases d\u2019un dialogue possible\". Ce num\u00e9ro est coordonn\u00e9 par Anne Lehmans et Macedo Monica","breadcrumb":{"@id":"https:\/\/www.sfsic.org\/en\/aac-publication\/entre-sciences-de-linformation-et-de-la-communication-et-sciences-cognitives-les-bases-dun-dialogue-possible\/#breadcrumb"},"inLanguage":"en-US","potentialAction":[{"@type":"ReadAction","target":["https:\/\/www.sfsic.org\/en\/aac-publication\/entre-sciences-de-linformation-et-de-la-communication-et-sciences-cognitives-les-bases-dun-dialogue-possible\/"]}]},{"@type":"BreadcrumbList","@id":"https:\/\/www.sfsic.org\/en\/aac-publication\/entre-sciences-de-linformation-et-de-la-communication-et-sciences-cognitives-les-bases-dun-dialogue-possible\/#breadcrumb","itemListElement":[{"@type":"ListItem","position":1,"name":"Accueil","item":"https:\/\/www.sfsic.org\/en\/"},{"@type":"ListItem","position":2,"name":"Calls for Papers","item":"https:\/\/www.sfsic.org\/en\/cfp-publication\/"},{"@type":"ListItem","position":3,"name":"Entre sciences de l\u2019information et de la communication et sciences cognitives&#160;: les bases d\u2019un dialogue possible"}]},{"@type":"WebSite","@id":"https:\/\/www.sfsic.org\/en\/#website","url":"https:\/\/www.sfsic.org\/en\/","name":"SFSIC","description":"Soci\u00e9t\u00e9 Fran\u00e7aise des Sciences de l&#039;Information &amp; de la Communication","publisher":{"@id":"https:\/\/www.sfsic.org\/en\/#organization"},"potentialAction":[{"@type":"SearchAction","target":{"@type":"EntryPoint","urlTemplate":"https:\/\/www.sfsic.org\/en\/?s={search_term_string}"},"query-input":{"@type":"PropertyValueSpecification","valueRequired":true,"valueName":"search_term_string"}}],"inLanguage":"en-US"},{"@type":"Organization","@id":"https:\/\/www.sfsic.org\/en\/#organization","name":"SFSIC","url":"https:\/\/www.sfsic.org\/en\/","logo":{"@type":"ImageObject","inLanguage":"en-US","@id":"https:\/\/www.sfsic.org\/en\/#\/schema\/logo\/image\/","url":"https:\/\/www.sfsic.org\/wp-inside\/uploads\/2020\/05\/logo-sfsic.jpg","contentUrl":"https:\/\/www.sfsic.org\/wp-inside\/uploads\/2020\/05\/logo-sfsic.jpg","width":1085,"height":1080,"caption":"SFSIC"},"image":{"@id":"https:\/\/www.sfsic.org\/en\/#\/schema\/logo\/image\/"}},{"@type":"Person","@id":"https:\/\/www.sfsic.org\/en\/#\/schema\/person\/197a5320f27a2f2ac6367ff387081a77","name":"Anne Lehmans","image":{"@type":"ImageObject","inLanguage":"en-US","@id":"https:\/\/secure.gravatar.com\/avatar\/546894ebf16fe565a1e07367147550c9e3d2aa9229dcc7b437e32b6a30508883?s=96&d=mm&r=g","url":"https:\/\/secure.gravatar.com\/avatar\/546894ebf16fe565a1e07367147550c9e3d2aa9229dcc7b437e32b6a30508883?s=96&d=mm&r=g","contentUrl":"https:\/\/secure.gravatar.com\/avatar\/546894ebf16fe565a1e07367147550c9e3d2aa9229dcc7b437e32b6a30508883?s=96&d=mm&r=g","caption":"Anne Lehmans"}}]}},"_links":{"self":[{"href":"https:\/\/www.sfsic.org\/en\/wp-json\/wp\/v2\/posts\/32171","targetHints":{"allow":["GET"]}}],"collection":[{"href":"https:\/\/www.sfsic.org\/en\/wp-json\/wp\/v2\/posts"}],"about":[{"href":"https:\/\/www.sfsic.org\/en\/wp-json\/wp\/v2\/types\/post"}],"author":[{"embeddable":true,"href":"https:\/\/www.sfsic.org\/en\/wp-json\/wp\/v2\/users\/1232"}],"replies":[{"embeddable":true,"href":"https:\/\/www.sfsic.org\/en\/wp-json\/wp\/v2\/comments?post=32171"}],"version-history":[{"count":5,"href":"https:\/\/www.sfsic.org\/en\/wp-json\/wp\/v2\/posts\/32171\/revisions"}],"predecessor-version":[{"id":32259,"href":"https:\/\/www.sfsic.org\/en\/wp-json\/wp\/v2\/posts\/32171\/revisions\/32259"}],"wp:attachment":[{"href":"https:\/\/www.sfsic.org\/en\/wp-json\/wp\/v2\/media?parent=32171"}],"wp:term":[{"taxonomy":"category","embeddable":true,"href":"https:\/\/www.sfsic.org\/en\/wp-json\/wp\/v2\/categories?post=32171"},{"taxonomy":"post_tag","embeddable":true,"href":"https:\/\/www.sfsic.org\/en\/wp-json\/wp\/v2\/tags?post=32171"},{"taxonomy":"thematique","embeddable":true,"href":"https:\/\/www.sfsic.org\/en\/wp-json\/wp\/v2\/thematique?post=32171"},{"taxonomy":"sfsic","embeddable":true,"href":"https:\/\/www.sfsic.org\/en\/wp-json\/wp\/v2\/sfsic?post=32171"}],"curies":[{"name":"wp","href":"https:\/\/api.w.org\/{rel}","templated":true}]}}