{"id":3204,"date":"2020-01-10T08:35:40","date_gmt":"2020-01-10T07:35:40","guid":{"rendered":"https:\/\/www.sfsic.org\/?p=3204"},"modified":"2020-05-10T23:34:51","modified_gmt":"2020-05-10T21:34:51","slug":"aap-congres-grenoble-2020","status":"publish","type":"post","link":"https:\/\/www.sfsic.org\/en\/aac-evenement\/aap-congres-grenoble-2020\/","title":{"rendered":"Panels &#8211; Congr\u00e8s SFSIC 2020 &#8211; Soci\u00e9t\u00e9s et Espaces en mouvement"},"content":{"rendered":"<p><!-- fxzn:singledetail --><\/p>\n<div class=\"zone zn-singledetail\" id=\"fxzn-singledetail-1\">\n<div class=\"zone-block zn-singledetail-block alignwide va-top\">\n<div class=\"row\">\n<div class=\"columns large-8 large-push-4\">\n<div class=\"zn-singledetail-metabox\">\n<div class=\"zn-singledetail-pubdate pubdate\">\n\t\t\t\t\t<span class=\"pubdate-txt\">Mis en ligne le<\/span><span class=\"doubledot\"><\/span> <time class=\"pubdate-time\" pubdate datetime=\"2020-01-10T08:35:40+01:00\">10 janvier 2020<\/time>\t\t\t\t<\/div>\n<div class=\"zn-singledetail-thematiques with-sep-comma\">\n<ul class=\"termslist termslist-thematique\">\n<li class=\"termslist-item termslist-title\"><span class=\"termslist-titletxt\">Th\u00e9matiques<\/span><span class=\"doubledot\"><\/span><\/li>\n<li class=\"termslist-item tax-thematique term-actualite-partenaires-internationaux\"><a class=\"termslist-itemlink\" href=\"https:\/\/www.sfsic.org\/thematiques\/actualite-partenaires-internationaux\/\" title=\"Actualit\u00e9 de nos partenaires internationaux\"><span class=\"termslist-itemname\">Actualit\u00e9 de nos partenaires internationaux<\/span><\/a><\/li>\n<\/ul><\/div>\n<\/p><\/div>\n<\/p><\/div>\n<\/p><\/div>\n<div class=\"row\">\n<div class=\"columns large-4\">\n<div class=\"zn-singledetail-sidebar bg-cornersquares\">\n<div class=\"zn-singledetail-infos\">\n<p class=\"zn-singledetail-reponse-date\">\n\t\t\t\t\t\t<span>R\u00e9ponse attendue pour le<\/span><span class=\"doubledot\"><\/span> <strong>27\/02\/2020<\/strong>\n\t\t\t\t\t<\/p>\n<p class=\"zn-singledetail-reponse-type\">\n\t\t\t\t\t<span>Type de r\u00e9ponse<\/span><span class=\"doubledot\"><\/span> <strong>R\u00e9sum\u00e9<\/strong>\n\t\t\t\t\t<\/p>\n<\/p><\/div>\n<div class=\"zn-singledetail-contacts\">\n<h3 class=\"zn-singledetail-section-title\">Contacts<\/h3>\n<ul class=\"zn-singledetail-contacts-list\">\n<li>\n\t\t\t\t\t\t\t<span><span>Jean-Claude<\/span> <span>Domenget<\/span><\/span><span class=\"doubledot\"><\/span><br \/>\n\t\t\t\t\t\t\t\t\t\t\t\t\t\t<a class=\"prettylink\" href=\"mailto:vp-recherche@sfsic.org\">vp-recherche@sfsic.org<\/a>\n\t\t\t\t\t\t\t\t\t\t\t\t\t<\/li>\n<\/ul><\/div>\n<div class=\"zn-singledetail-weblinks\">\n<h3 class=\"zn-singledetail-section-title\">Sites internet de r\u00e9f\u00e9rence<\/h3>\n<ul class=\"zn-singledetail-weblinks-list\">\n<li>\n\t\t\t\t\t\t\t<a class=\"prettylink chainlink\" href=\"http:\/\/sfsic.org\" title=\"SFSIC\" target=\"_blank\" rel=\"noopener noreferrer\">SFSIC<\/a>\n\t\t\t\t\t\t<\/li>\n<\/ul><\/div>\n<\/p><\/div>\n<\/p><\/div>\n<div class=\"columns large-8\">\n<div class=\"zn-singledetail-contentbox\">\n<div class=\"zn-singledetail-eventinfo is-sfsic-event\">\n<div class=\"zn-singledetail-eventinfo-inner\">\n<h3 class=\"zn-singledetail-section-title zn-singledetail-eventinfo-title\">\u00c9v\u00e9nement SFSIC<\/h3>\n<div class=\"zn-singledetail-eventdates\">\n\t\t\t\t\t\t<span class=\"zn-singledetail-label\">Dates de l\u2019\u00e9v\u00e9nement<span class=\"doubledot\"><\/span><\/span><\/p>\n<ul class=\"zn-singledetail-eventdates-list\">\n<li class=\"zn-singledetail-eventdates-item\">\n\t\t\t\t\t\t\t\tDu <time class=\"event-start-time\" datetime=\"2020-06-10T00:00:00+00:00\">10\/06\/2020<\/time> au <time class=\"event-end-time\" datetime=\"2020-06-12T00:00:00+00:00\">12\/06\/2020<\/time>\t\t\t\t\t\t\t<\/li>\n<\/ul><\/div>\n<p class=\"zn-singledetail-eventplace\">\n\t\t\t\t\t\t<span class=\"zn-singledetail-label\">Lieu de l\u2019\u00e9v\u00e9nement<span class=\"doubledot\"><\/span><\/span><br \/>\n\t\t\t\t\t\t<span class=\"zn-singledetail-eventplace-adr\"><\/p>\n<p>\t\t\t\t\t\t<span class=\"adr-street\">Institut de la Communication et des M\u00e9dias<\/span>,<br \/>\n\t\t\t\t\t\t<span class=\"adr-city\">Echirolles<\/span><br \/>\n\t\t\t\t\t\t<span class=\"adr-cp\">38130<\/span>, <span class=\"adr-country\">France<\/span><br \/>\n\t\t\t\t\t\t<\/span>\t\t\t\t\t<\/p>\n<\/p><\/div>\n<\/p><\/div>\n<div class=\"zn-singledetail-annonce wig-content\">\n<p style=\"text-align: center;\"><strong>Appel \u00e0 panels<\/strong><\/p>\n<p style=\"text-align: center;\"><strong>Call for Panel Proposals<\/strong><\/p>\n<p style=\"text-align: center;\"><strong>XXIIe\u00a0Congr\u00e8s de la SFSIC<\/strong><\/p>\n<p style=\"text-align: center;\"><strong>en partenariat avec le laboratoire GRESEC<\/strong><\/p>\n<p style=\"text-align: center;\"><strong>Institut de la Communication et des M\u00e9dias (Echirolles)<\/strong><\/p>\n<p style=\"text-align: center;\"><strong>10, 11,\u00a012 juin 2020<\/strong><\/p>\n<p style=\"text-align: center;\"><strong>\u00ab&#160;Soci\u00e9t\u00e9s et Espaces en mouvement&#160;\u00bb<\/strong><\/p>\n<p>&nbsp;<\/p>\n<p>Appel prolong\u00e9 au 27\/02\/20<\/p>\n<p>&nbsp;<\/p>\n<p>*** English version available as an attachment ***<\/p>\n<h2>Qu\u2019est-ce qu\u2019un panel&#160;?<\/h2>\n<p>Les panels sont des tables rondes constitu\u00e9es de 4 \u00e0 6 conf\u00e9renciers. Ils se d\u00e9roulent en compl\u00e9ment des ateliers et permettent de mettre au d\u00e9bat durant 2 heures un sujet inclus dans la th\u00e9matique g\u00e9n\u00e9rale du congr\u00e8s.\u00a0Les panels seront donc l\u2019occasion de d\u00e9battre de ces questions de fa\u00e7on vive et dynamique en proposant un focus clairement structur\u00e9 autour d\u2019un sujet pr\u00e9cis et argument\u00e9 compl\u00e9mentaire \u00e0 l\u2019un des axes propos\u00e9s.<\/p>\n<h2>Rappel de la th\u00e9matique du congr\u00e8s<\/h2>\n<p>Le XXIIe Congr\u00e8s porte sur la th\u00e9matique des \u00ab&#160;soci\u00e9t\u00e9s et espaces en mouvement&#160;\u00bb. Questionner la notion de spatialit\u00e9s et ses cons\u00e9quences rend possible le rep\u00e9rage des transformations sociales et info-communicationnelles en cours. En effet, partant du fait que les travaux info-communicationnels sur l\u2019espace et les espaces se sont d\u00e9multipli\u00e9s et complexifi\u00e9s avec l&rsquo;\u00e9volution des dispositifs num\u00e9riques, il propose de comprendre la mani\u00e8re dont se construisent o\u00f9 se red\u00e9finissent les identit\u00e9s et les socialit\u00e9s, les collectifs et les groupes, les mouvements de population et les migrations, les modalit\u00e9s des expressions publiques et priv\u00e9es, l\u2019activit\u00e9 et les relations au travail, etc. Tout cela constitue autant d\u2019objets de recherche et de terrains d\u2019enqu\u00eate pour les SIC, qui mobilisent un faisceau de conceptualisations au sein de la discipline, s\u2019appuyant aussi sur d\u2019autres disciplines de\u00a0sciences humaines et sociales. (<a href=\"http:\/\/www.sfsic.org\/index.php\/evenements-sfsic-173\/111-congres-sfsic-2020\/3502-aac-congres-sfsic-2020\">AAC complet<\/a>).<\/p>\n<h2>Formes des propositions \u00e0 panels<\/h2>\n<p>Les propositions de panels doivent se faire\u00a0strictement\u00a0via\u00a0le formulaire ci-dessous, \u00e0 envoyer compl\u00e9t\u00e9es avant le 27\u00a0f\u00e9vrier 2020\u00a0\u00e0 jean-claude.domenget@univ-fcomte.fr<\/p>\n<p>Elles seront \u00e9valu\u00e9es par le comit\u00e9 scientifique qui r\u00e9pondra directement au coordinateur du panel \u00e0 partir\u00a0du 12 mars 2020. Merci de proposer de quatre \u00e0 six\u00a0conf\u00e9renciers.<\/p>\n<p>Apr\u00e8s confirmation du comit\u00e9 scientifique, les informations relatives \u00e0 la date et heure du panel vous serons communiqu\u00e9es fin mai 2020 lors de la publication du programme du congr\u00e8s.<\/p>\n<p>Tous les participants au panel devront s\u2019inscrire au congr\u00e8s et adh\u00e9rer \u00e0 la Sfsic.<\/p>\n<p>Les panels donneront lieu \u00e0 une synth\u00e8se de 5000 signes environ, publi\u00e9e dans les actes du Congr\u00e8s.<\/p>\n<\/p><\/div>\n<div class=\"zn-singledetail-attachedfiles\">\n<h3 class=\"zn-singledetail-section-title\">Fichier(s) attach\u00e9(s)<\/h3>\n<ul class=\"zn-singledetail-attachedfiles-list\">\n<li class=\"zn-singledetail-attachedfiles-item\">\n\t\t\t\t\t\t\t<a class=\"zn-singledetail-attachedfiles-link button outline for-download\" href=\"https:\/\/www.sfsic.org\/wp-inside\/uploads\/2020\/04\/aap-congres-sfsic-grenoble-3.pdf\" title=\"T\u00e9l\u00e9charger : \u00ab aap-congres-sfsic-grenoble-3.pdf \u00bb\" target=\"_blank\" rel=\"noopener noreferrer\"><br \/>\n\t\t\t\t\t\t\t\t<span class=\"button-txt\">aap-congres-sfsi[&#8230;].pdf<\/span><br \/>\n\t\t\t\t\t\t\t<\/a>\n\t\t\t\t\t\t<\/li>\n<\/ul><\/div>\n<div class=\"zn-singledetail-keywords\">\n<h3 class=\"zn-singledetail-section-title\">Mots-cl\u00e9s<\/h3>\n<ul class=\"termslist termslist-post_tag\">\n<li class=\"termslist-item termslist-title\"><span class=\"termslist-titletxt\">Mots-cl\u00e9s<\/span><span class=\"doubledot\"><\/span><\/li>\n<li class=\"termslist-item tax-post_tag term-congres\"><a class=\"termslist-itemlink\" href=\"https:\/\/www.sfsic.org\/tag\/congres\/\" title=\"Congr\u00e8s\"><span class=\"termslist-itemname\">Congr\u00e8s<\/span><\/a><\/li>\n<\/ul><\/div>\n<\/p><\/div>\n<\/p><\/div>\n<\/p><\/div>\n<\/p><\/div>\n<\/div>\n<p><!-- \/fxzn:singledetail --><br \/>\n<!-- flzn:textblock --><\/p>\n<div class=\"zone zn-textblock\" id=\"flzn-textblock-1\">\n<div class=\"zone-block zn-textblock-block va-top\">\n<div class=\"row mw-content-zone\">\n<div class=\"columns large-12\">\n<div class=\"row large-up-1 with-nice-alignment nbloc-1\">\n<div class=\"column zn-textblock-col empty-content\">\n<div class=\"column-inner\">\n<div class=\"wig-content mw-content empty-content\">\n<p>Contenu texte \u00e0 venir&#8230;<\/p>\n<\/p><\/div>\n<\/p><\/div>\n<\/p><\/div>\n<\/p><\/div>\n<\/p><\/div>\n<\/p><\/div>\n<\/p><\/div>\n<\/div>\n<p><!-- \/flzn:textblock --><\/p>\n","protected":false},"excerpt":{"rendered":"<p>Mis en ligne le 10 janvier 2020 Th\u00e9matiques Actualit\u00e9 de nos partenaires internationaux R\u00e9ponse attendue pour le 27\/02\/2020 Type de r\u00e9ponse R\u00e9sum\u00e9 Contacts Jean-Claude Domenget vp-recherche@sfsic.org Sites internet de r\u00e9f\u00e9rence [&hellip;]<\/p>\n","protected":false},"author":957,"featured_media":0,"comment_status":"closed","ping_status":"closed","sticky":false,"template":"","format":"standard","meta":{"_acf_changed":false,"footnotes":""},"categories":[29],"tags":[97],"thematique":[44],"sfsic":[52],"class_list":["post-3204","post","type-post","status-publish","format-standard","hentry","category-aac-evenement","tag-congres","thematique-actualite-de-nos-partenaires-internationaux","sfsic-evenements","wp-sticky"],"acf":[],"yoast_head":"<!-- This site is optimized with the Yoast SEO plugin v27.4 - https:\/\/yoast.com\/product\/yoast-seo-wordpress\/ -->\n<title>Panels - Congr\u00e8s SFSIC 2020 - Soci\u00e9t\u00e9s et Espaces en mouvement<\/title>\n<meta name=\"description\" content=\"Les panels sont des tables rondes constitu\u00e9es de 4 \u00e0 6 conf\u00e9renciers. Ils se d\u00e9roulent en compl\u00e9ment des ateliers et permettent de mettre au d\u00e9bat durant 2 heures un sujet inclus dans la th\u00e9matique g\u00e9n\u00e9rale du congr\u00e8s.\u00a0Les panels seront donc l\u2019occasion de d\u00e9battre de ces questions de fa\u00e7on vive et dynamique en proposant un focus clairement structur\u00e9 autour d\u2019un sujet pr\u00e9cis et argument\u00e9 compl\u00e9mentaire \u00e0 l\u2019un des axes propos\u00e9s.\" \/>\n<meta name=\"robots\" content=\"index, follow, max-snippet:-1, max-image-preview:large, max-video-preview:-1\" \/>\n<link rel=\"canonical\" href=\"https:\/\/www.sfsic.org\/en\/aac-evenement\/aap-congres-grenoble-2020\/\" \/>\n<meta property=\"og:locale\" content=\"en_US\" \/>\n<meta property=\"og:type\" content=\"article\" \/>\n<meta property=\"og:title\" content=\"Panels - Congr\u00e8s SFSIC 2020 - Soci\u00e9t\u00e9s et Espaces en mouvement\" \/>\n<meta property=\"og:description\" content=\"Les panels sont des tables rondes constitu\u00e9es de 4 \u00e0 6 conf\u00e9renciers. Ils se d\u00e9roulent en compl\u00e9ment des ateliers et permettent de mettre au d\u00e9bat durant 2 heures un sujet inclus dans la th\u00e9matique g\u00e9n\u00e9rale du congr\u00e8s.\u00a0Les panels seront donc l\u2019occasion de d\u00e9battre de ces questions de fa\u00e7on vive et dynamique en proposant un focus clairement structur\u00e9 autour d\u2019un sujet pr\u00e9cis et argument\u00e9 compl\u00e9mentaire \u00e0 l\u2019un des axes propos\u00e9s.\" \/>\n<meta property=\"og:url\" content=\"https:\/\/www.sfsic.org\/en\/aac-evenement\/aap-congres-grenoble-2020\/\" \/>\n<meta property=\"og:site_name\" content=\"SFSIC\" \/>\n<meta property=\"article:published_time\" content=\"2020-01-10T07:35:40+00:00\" \/>\n<meta property=\"article:modified_time\" content=\"2020-05-10T21:34:51+00:00\" \/>\n<meta name=\"author\" content=\"Fabien Bonnet\" \/>\n<meta name=\"twitter:card\" content=\"summary_large_image\" \/>\n<script type=\"application\/ld+json\" class=\"yoast-schema-graph\">{\"@context\":\"https:\\\/\\\/schema.org\",\"@graph\":[{\"@type\":\"Article\",\"@id\":\"https:\\\/\\\/www.sfsic.org\\\/en\\\/aac-evenement\\\/aap-congres-grenoble-2020\\\/#article\",\"isPartOf\":{\"@id\":\"https:\\\/\\\/www.sfsic.org\\\/en\\\/aac-evenement\\\/aap-congres-grenoble-2020\\\/\"},\"author\":{\"name\":\"Fabien Bonnet\",\"@id\":\"https:\\\/\\\/www.sfsic.org\\\/en\\\/#\\\/schema\\\/person\\\/9f83573bda33f40c68c7c826e9567df6\"},\"headline\":\"Panels &#8211; Congr\u00e8s SFSIC 2020 &#8211; Soci\u00e9t\u00e9s et Espaces en mouvement\",\"datePublished\":\"2020-01-10T07:35:40+00:00\",\"dateModified\":\"2020-05-10T21:34:51+00:00\",\"mainEntityOfPage\":{\"@id\":\"https:\\\/\\\/www.sfsic.org\\\/en\\\/aac-evenement\\\/aap-congres-grenoble-2020\\\/\"},\"wordCount\":511,\"publisher\":{\"@id\":\"https:\\\/\\\/www.sfsic.org\\\/en\\\/#organization\"},\"keywords\":[\"Congr\u00e8s\"],\"articleSection\":[\"AAC \u00c9v\u00e9nement\"],\"inLanguage\":\"en-US\"},{\"@type\":\"WebPage\",\"@id\":\"https:\\\/\\\/www.sfsic.org\\\/en\\\/aac-evenement\\\/aap-congres-grenoble-2020\\\/\",\"url\":\"https:\\\/\\\/www.sfsic.org\\\/en\\\/aac-evenement\\\/aap-congres-grenoble-2020\\\/\",\"name\":\"Panels - Congr\u00e8s SFSIC 2020 - Soci\u00e9t\u00e9s et Espaces en mouvement\",\"isPartOf\":{\"@id\":\"https:\\\/\\\/www.sfsic.org\\\/en\\\/#website\"},\"datePublished\":\"2020-01-10T07:35:40+00:00\",\"dateModified\":\"2020-05-10T21:34:51+00:00\",\"description\":\"Les panels sont des tables rondes constitu\u00e9es de 4 \u00e0 6 conf\u00e9renciers. Ils se d\u00e9roulent en compl\u00e9ment des ateliers et permettent de mettre au d\u00e9bat durant 2 heures un sujet inclus dans la th\u00e9matique g\u00e9n\u00e9rale du congr\u00e8s.\u00a0Les panels seront donc l\u2019occasion de d\u00e9battre de ces questions de fa\u00e7on vive et dynamique en proposant un focus clairement structur\u00e9 autour d\u2019un sujet pr\u00e9cis et argument\u00e9 compl\u00e9mentaire \u00e0 l\u2019un des axes propos\u00e9s.\",\"breadcrumb\":{\"@id\":\"https:\\\/\\\/www.sfsic.org\\\/en\\\/aac-evenement\\\/aap-congres-grenoble-2020\\\/#breadcrumb\"},\"inLanguage\":\"en-US\",\"potentialAction\":[{\"@type\":\"ReadAction\",\"target\":[\"https:\\\/\\\/www.sfsic.org\\\/en\\\/aac-evenement\\\/aap-congres-grenoble-2020\\\/\"]}]},{\"@type\":\"BreadcrumbList\",\"@id\":\"https:\\\/\\\/www.sfsic.org\\\/en\\\/aac-evenement\\\/aap-congres-grenoble-2020\\\/#breadcrumb\",\"itemListElement\":[{\"@type\":\"ListItem\",\"position\":1,\"name\":\"Accueil\",\"item\":\"https:\\\/\\\/www.sfsic.org\\\/en\\\/\"},{\"@type\":\"ListItem\",\"position\":2,\"name\":\"Calls for Contributions\",\"item\":\"https:\\\/\\\/www.sfsic.org\\\/en\\\/cfc-event\\\/\"},{\"@type\":\"ListItem\",\"position\":3,\"name\":\"Panels &#8211; Congr\u00e8s SFSIC 2020 &#8211; Soci\u00e9t\u00e9s et Espaces en mouvement\"}]},{\"@type\":\"WebSite\",\"@id\":\"https:\\\/\\\/www.sfsic.org\\\/en\\\/#website\",\"url\":\"https:\\\/\\\/www.sfsic.org\\\/en\\\/\",\"name\":\"SFSIC\",\"description\":\"Soci\u00e9t\u00e9 Fran\u00e7aise des Sciences de l&#039;Information &amp; de la Communication\",\"publisher\":{\"@id\":\"https:\\\/\\\/www.sfsic.org\\\/en\\\/#organization\"},\"potentialAction\":[{\"@type\":\"SearchAction\",\"target\":{\"@type\":\"EntryPoint\",\"urlTemplate\":\"https:\\\/\\\/www.sfsic.org\\\/en\\\/?s={search_term_string}\"},\"query-input\":{\"@type\":\"PropertyValueSpecification\",\"valueRequired\":true,\"valueName\":\"search_term_string\"}}],\"inLanguage\":\"en-US\"},{\"@type\":\"Organization\",\"@id\":\"https:\\\/\\\/www.sfsic.org\\\/en\\\/#organization\",\"name\":\"SFSIC\",\"url\":\"https:\\\/\\\/www.sfsic.org\\\/en\\\/\",\"logo\":{\"@type\":\"ImageObject\",\"inLanguage\":\"en-US\",\"@id\":\"https:\\\/\\\/www.sfsic.org\\\/en\\\/#\\\/schema\\\/logo\\\/image\\\/\",\"url\":\"https:\\\/\\\/www.sfsic.org\\\/wp-inside\\\/uploads\\\/2020\\\/05\\\/logo-sfsic.jpg\",\"contentUrl\":\"https:\\\/\\\/www.sfsic.org\\\/wp-inside\\\/uploads\\\/2020\\\/05\\\/logo-sfsic.jpg\",\"width\":1085,\"height\":1080,\"caption\":\"SFSIC\"},\"image\":{\"@id\":\"https:\\\/\\\/www.sfsic.org\\\/en\\\/#\\\/schema\\\/logo\\\/image\\\/\"}},{\"@type\":\"Person\",\"@id\":\"https:\\\/\\\/www.sfsic.org\\\/en\\\/#\\\/schema\\\/person\\\/9f83573bda33f40c68c7c826e9567df6\",\"name\":\"Fabien Bonnet\",\"image\":{\"@type\":\"ImageObject\",\"inLanguage\":\"en-US\",\"@id\":\"https:\\\/\\\/secure.gravatar.com\\\/avatar\\\/88a9288fc13369cb9e30359afa340f8adace82098c18ff09415c6dacd710ddc4?s=96&d=mm&r=g\",\"url\":\"https:\\\/\\\/secure.gravatar.com\\\/avatar\\\/88a9288fc13369cb9e30359afa340f8adace82098c18ff09415c6dacd710ddc4?s=96&d=mm&r=g\",\"contentUrl\":\"https:\\\/\\\/secure.gravatar.com\\\/avatar\\\/88a9288fc13369cb9e30359afa340f8adace82098c18ff09415c6dacd710ddc4?s=96&d=mm&r=g\",\"caption\":\"Fabien Bonnet\"}}]}<\/script>\n<!-- \/ Yoast SEO plugin. -->","yoast_head_json":{"title":"Panels - Congr\u00e8s SFSIC 2020 - Soci\u00e9t\u00e9s et Espaces en mouvement","description":"Les panels sont des tables rondes constitu\u00e9es de 4 \u00e0 6 conf\u00e9renciers. Ils se d\u00e9roulent en compl\u00e9ment des ateliers et permettent de mettre au d\u00e9bat durant 2 heures un sujet inclus dans la th\u00e9matique g\u00e9n\u00e9rale du congr\u00e8s.\u00a0Les panels seront donc l\u2019occasion de d\u00e9battre de ces questions de fa\u00e7on vive et dynamique en proposant un focus clairement structur\u00e9 autour d\u2019un sujet pr\u00e9cis et argument\u00e9 compl\u00e9mentaire \u00e0 l\u2019un des axes propos\u00e9s.","robots":{"index":"index","follow":"follow","max-snippet":"max-snippet:-1","max-image-preview":"max-image-preview:large","max-video-preview":"max-video-preview:-1"},"canonical":"https:\/\/www.sfsic.org\/en\/aac-evenement\/aap-congres-grenoble-2020\/","og_locale":"en_US","og_type":"article","og_title":"Panels - Congr\u00e8s SFSIC 2020 - Soci\u00e9t\u00e9s et Espaces en mouvement","og_description":"Les panels sont des tables rondes constitu\u00e9es de 4 \u00e0 6 conf\u00e9renciers. Ils se d\u00e9roulent en compl\u00e9ment des ateliers et permettent de mettre au d\u00e9bat durant 2 heures un sujet inclus dans la th\u00e9matique g\u00e9n\u00e9rale du congr\u00e8s.\u00a0Les panels seront donc l\u2019occasion de d\u00e9battre de ces questions de fa\u00e7on vive et dynamique en proposant un focus clairement structur\u00e9 autour d\u2019un sujet pr\u00e9cis et argument\u00e9 compl\u00e9mentaire \u00e0 l\u2019un des axes propos\u00e9s.","og_url":"https:\/\/www.sfsic.org\/en\/aac-evenement\/aap-congres-grenoble-2020\/","og_site_name":"SFSIC","article_published_time":"2020-01-10T07:35:40+00:00","article_modified_time":"2020-05-10T21:34:51+00:00","author":"Fabien Bonnet","twitter_card":"summary_large_image","schema":{"@context":"https:\/\/schema.org","@graph":[{"@type":"Article","@id":"https:\/\/www.sfsic.org\/en\/aac-evenement\/aap-congres-grenoble-2020\/#article","isPartOf":{"@id":"https:\/\/www.sfsic.org\/en\/aac-evenement\/aap-congres-grenoble-2020\/"},"author":{"name":"Fabien Bonnet","@id":"https:\/\/www.sfsic.org\/en\/#\/schema\/person\/9f83573bda33f40c68c7c826e9567df6"},"headline":"Panels &#8211; Congr\u00e8s SFSIC 2020 &#8211; Soci\u00e9t\u00e9s et Espaces en mouvement","datePublished":"2020-01-10T07:35:40+00:00","dateModified":"2020-05-10T21:34:51+00:00","mainEntityOfPage":{"@id":"https:\/\/www.sfsic.org\/en\/aac-evenement\/aap-congres-grenoble-2020\/"},"wordCount":511,"publisher":{"@id":"https:\/\/www.sfsic.org\/en\/#organization"},"keywords":["Congr\u00e8s"],"articleSection":["AAC \u00c9v\u00e9nement"],"inLanguage":"en-US"},{"@type":"WebPage","@id":"https:\/\/www.sfsic.org\/en\/aac-evenement\/aap-congres-grenoble-2020\/","url":"https:\/\/www.sfsic.org\/en\/aac-evenement\/aap-congres-grenoble-2020\/","name":"Panels - Congr\u00e8s SFSIC 2020 - Soci\u00e9t\u00e9s et Espaces en mouvement","isPartOf":{"@id":"https:\/\/www.sfsic.org\/en\/#website"},"datePublished":"2020-01-10T07:35:40+00:00","dateModified":"2020-05-10T21:34:51+00:00","description":"Les panels sont des tables rondes constitu\u00e9es de 4 \u00e0 6 conf\u00e9renciers. Ils se d\u00e9roulent en compl\u00e9ment des ateliers et permettent de mettre au d\u00e9bat durant 2 heures un sujet inclus dans la th\u00e9matique g\u00e9n\u00e9rale du congr\u00e8s.\u00a0Les panels seront donc l\u2019occasion de d\u00e9battre de ces questions de fa\u00e7on vive et dynamique en proposant un focus clairement structur\u00e9 autour d\u2019un sujet pr\u00e9cis et argument\u00e9 compl\u00e9mentaire \u00e0 l\u2019un des axes propos\u00e9s.","breadcrumb":{"@id":"https:\/\/www.sfsic.org\/en\/aac-evenement\/aap-congres-grenoble-2020\/#breadcrumb"},"inLanguage":"en-US","potentialAction":[{"@type":"ReadAction","target":["https:\/\/www.sfsic.org\/en\/aac-evenement\/aap-congres-grenoble-2020\/"]}]},{"@type":"BreadcrumbList","@id":"https:\/\/www.sfsic.org\/en\/aac-evenement\/aap-congres-grenoble-2020\/#breadcrumb","itemListElement":[{"@type":"ListItem","position":1,"name":"Accueil","item":"https:\/\/www.sfsic.org\/en\/"},{"@type":"ListItem","position":2,"name":"Calls for Contributions","item":"https:\/\/www.sfsic.org\/en\/cfc-event\/"},{"@type":"ListItem","position":3,"name":"Panels &#8211; Congr\u00e8s SFSIC 2020 &#8211; Soci\u00e9t\u00e9s et Espaces en mouvement"}]},{"@type":"WebSite","@id":"https:\/\/www.sfsic.org\/en\/#website","url":"https:\/\/www.sfsic.org\/en\/","name":"SFSIC","description":"Soci\u00e9t\u00e9 Fran\u00e7aise des Sciences de l&#039;Information &amp; de la Communication","publisher":{"@id":"https:\/\/www.sfsic.org\/en\/#organization"},"potentialAction":[{"@type":"SearchAction","target":{"@type":"EntryPoint","urlTemplate":"https:\/\/www.sfsic.org\/en\/?s={search_term_string}"},"query-input":{"@type":"PropertyValueSpecification","valueRequired":true,"valueName":"search_term_string"}}],"inLanguage":"en-US"},{"@type":"Organization","@id":"https:\/\/www.sfsic.org\/en\/#organization","name":"SFSIC","url":"https:\/\/www.sfsic.org\/en\/","logo":{"@type":"ImageObject","inLanguage":"en-US","@id":"https:\/\/www.sfsic.org\/en\/#\/schema\/logo\/image\/","url":"https:\/\/www.sfsic.org\/wp-inside\/uploads\/2020\/05\/logo-sfsic.jpg","contentUrl":"https:\/\/www.sfsic.org\/wp-inside\/uploads\/2020\/05\/logo-sfsic.jpg","width":1085,"height":1080,"caption":"SFSIC"},"image":{"@id":"https:\/\/www.sfsic.org\/en\/#\/schema\/logo\/image\/"}},{"@type":"Person","@id":"https:\/\/www.sfsic.org\/en\/#\/schema\/person\/9f83573bda33f40c68c7c826e9567df6","name":"Fabien Bonnet","image":{"@type":"ImageObject","inLanguage":"en-US","@id":"https:\/\/secure.gravatar.com\/avatar\/88a9288fc13369cb9e30359afa340f8adace82098c18ff09415c6dacd710ddc4?s=96&d=mm&r=g","url":"https:\/\/secure.gravatar.com\/avatar\/88a9288fc13369cb9e30359afa340f8adace82098c18ff09415c6dacd710ddc4?s=96&d=mm&r=g","contentUrl":"https:\/\/secure.gravatar.com\/avatar\/88a9288fc13369cb9e30359afa340f8adace82098c18ff09415c6dacd710ddc4?s=96&d=mm&r=g","caption":"Fabien Bonnet"}}]}},"_links":{"self":[{"href":"https:\/\/www.sfsic.org\/en\/wp-json\/wp\/v2\/posts\/3204","targetHints":{"allow":["GET"]}}],"collection":[{"href":"https:\/\/www.sfsic.org\/en\/wp-json\/wp\/v2\/posts"}],"about":[{"href":"https:\/\/www.sfsic.org\/en\/wp-json\/wp\/v2\/types\/post"}],"author":[{"embeddable":true,"href":"https:\/\/www.sfsic.org\/en\/wp-json\/wp\/v2\/users\/957"}],"replies":[{"embeddable":true,"href":"https:\/\/www.sfsic.org\/en\/wp-json\/wp\/v2\/comments?post=3204"}],"version-history":[{"count":4,"href":"https:\/\/www.sfsic.org\/en\/wp-json\/wp\/v2\/posts\/3204\/revisions"}],"predecessor-version":[{"id":5500,"href":"https:\/\/www.sfsic.org\/en\/wp-json\/wp\/v2\/posts\/3204\/revisions\/5500"}],"wp:attachment":[{"href":"https:\/\/www.sfsic.org\/en\/wp-json\/wp\/v2\/media?parent=3204"}],"wp:term":[{"taxonomy":"category","embeddable":true,"href":"https:\/\/www.sfsic.org\/en\/wp-json\/wp\/v2\/categories?post=3204"},{"taxonomy":"post_tag","embeddable":true,"href":"https:\/\/www.sfsic.org\/en\/wp-json\/wp\/v2\/tags?post=3204"},{"taxonomy":"thematique","embeddable":true,"href":"https:\/\/www.sfsic.org\/en\/wp-json\/wp\/v2\/thematique?post=3204"},{"taxonomy":"sfsic","embeddable":true,"href":"https:\/\/www.sfsic.org\/en\/wp-json\/wp\/v2\/sfsic?post=3204"}],"curies":[{"name":"wp","href":"https:\/\/api.w.org\/{rel}","templated":true}]}}