{"id":3203,"date":"2020-01-15T11:00:07","date_gmt":"2020-01-15T10:00:07","guid":{"rendered":"https:\/\/www.sfsic.org\/?p=3203"},"modified":"2020-05-10T23:13:45","modified_gmt":"2020-05-10T21:13:45","slug":"aac-congres-acfas-colloque-et-si-les-defis-en-sante-passaient-par-des-enjeux-de-communication-et-de-design","status":"publish","type":"post","link":"https:\/\/www.sfsic.org\/en\/aac-evenement\/aac-congres-acfas-colloque-et-si-les-defis-en-sante-passaient-par-des-enjeux-de-communication-et-de-design\/","title":{"rendered":"Congr\u00e8s Acfas &#8211; Colloque \u00ab Et si les d\u00e9fis en sant\u00e9 passaient par des enjeux de communication et de \u202fdesign ?\u202f"},"content":{"rendered":"<p><!-- fxzn:singledetail --><\/p>\n<div class=\"zone zn-singledetail\" id=\"fxzn-singledetail-1\">\n<div class=\"zone-block zn-singledetail-block alignwide va-top\">\n<div class=\"row\">\n<div class=\"columns large-8 large-push-4\">\n<div class=\"zn-singledetail-metabox\">\n<div class=\"zn-singledetail-pubdate pubdate\">\n\t\t\t\t\t<span class=\"pubdate-txt\">Mis en ligne le<\/span><span class=\"doubledot\"><\/span> <time class=\"pubdate-time\" pubdate datetime=\"2020-01-15T11:00:07+01:00\">15 janvier 2020<\/time>\t\t\t\t<\/div>\n<div class=\"zn-singledetail-thematiques with-sep-comma\">\n<ul class=\"termslist termslist-thematique\">\n<li class=\"termslist-item termslist-title\"><span class=\"termslist-titletxt\">Th\u00e9matiques<\/span><span class=\"doubledot\"><\/span><\/li>\n<li class=\"termslist-item tax-thematique term-design\"><a class=\"termslist-itemlink\" href=\"https:\/\/www.sfsic.org\/thematiques\/design\/\" title=\"Design\"><span class=\"termslist-itemname\">Design<\/span><\/a><\/li>\n<\/ul><\/div>\n<\/p><\/div>\n<\/p><\/div>\n<\/p><\/div>\n<div class=\"row\">\n<div class=\"columns large-4\">\n<div class=\"zn-singledetail-sidebar bg-cornersquares\">\n<div class=\"zn-singledetail-infos\">\n<p class=\"zn-singledetail-reponse-date\">\n\t\t\t\t\t\t<span>R\u00e9ponse attendue pour le<\/span><span class=\"doubledot\"><\/span> <strong>20\/02\/2020<\/strong>\n\t\t\t\t\t<\/p>\n<p class=\"zn-singledetail-reponse-type\">\n\t\t\t\t\t<span>Type de r\u00e9ponse<\/span><span class=\"doubledot\"><\/span> <strong>R\u00e9sum\u00e9<\/strong>\n\t\t\t\t\t<\/p>\n<\/p><\/div>\n<div class=\"zn-singledetail-coordinators\">\n<h3 class=\"zn-singledetail-section-title\">Coordinateurs<\/h3>\n<ul class=\"zn-singledetail-coordinators-list\">\n<li class=\"zn-singledetail-coordinators-item\">\n\t\t\t\t\t\t\t<span>Caroline<\/span> <span>Gagnon<\/span>\t\t\t\t\t\t<\/li>\n<li class=\"zn-singledetail-coordinators-item\">\n\t\t\t\t\t\t\t<span>Marie-Julie<\/span> <span>Catoir-Brisson<\/span>\t\t\t\t\t\t<\/li>\n<li class=\"zn-singledetail-coordinators-item\">\n\t\t\t\t\t\t\t<span>Val\u00e9rie<\/span> <span>C\u00f4t\u00e9<\/span>\t\t\t\t\t\t<\/li>\n<\/ul><\/div>\n<div class=\"zn-singledetail-contacts\">\n<h3 class=\"zn-singledetail-section-title\">Contacts<\/h3>\n<ul class=\"zn-singledetail-contacts-list\">\n<li>\n\t\t\t\t\t\t\t<span><span>Pour tout <\/span> <span>renseignement<\/span><\/span><span class=\"doubledot\"><\/span><br \/>\n\t\t\t\t\t\t\t\t\t\t\t\t\t\t<a class=\"prettylink\" href=\"mailto:designsantecom.acfas2020@gmail.com\">designsantecom.acfas2020@gmail.com<\/a>\n\t\t\t\t\t\t\t\t\t\t\t\t\t<\/li>\n<\/ul><\/div>\n<div class=\"zn-singledetail-weblinks\">\n<h3 class=\"zn-singledetail-section-title\">Sites internet de r\u00e9f\u00e9rence<\/h3>\n<ul class=\"zn-singledetail-weblinks-list\">\n<li>\n\t\t\t\t\t\t\t<a class=\"prettylink chainlink\" href=\"https:\/\/www.acfas.ca\/\" title=\"ACFAS\" target=\"_blank\" rel=\"noopener noreferrer\">ACFAS<\/a>\n\t\t\t\t\t\t<\/li>\n<\/ul><\/div>\n<\/p><\/div>\n<\/p><\/div>\n<div class=\"columns large-8\">\n<div class=\"zn-singledetail-contentbox\">\n<div class=\"zn-singledetail-eventinfo\">\n<div class=\"zn-singledetail-eventinfo-inner\">\n<h3 class=\"zn-singledetail-section-title zn-singledetail-eventinfo-title\">\u00c9v\u00e9nement<\/h3>\n<div class=\"zn-singledetail-eventdates\">\n\t\t\t\t\t\t<span class=\"zn-singledetail-label\">Dates de l\u2019\u00e9v\u00e9nement<span class=\"doubledot\"><\/span><\/span><\/p>\n<ul class=\"zn-singledetail-eventdates-list\">\n<li class=\"zn-singledetail-eventdates-item\">\n\t\t\t\t\t\t\t\tLe <time class=\"event-start-time\" datetime=\"2020-05-04T00:00:00+00:00\">04\/05\/2020<\/time>\t\t\t\t\t\t\t<\/li>\n<\/ul><\/div>\n<p class=\"zn-singledetail-eventplace\">\n\t\t\t\t\t\t<span class=\"zn-singledetail-label\">Lieu de l\u2019\u00e9v\u00e9nement<span class=\"doubledot\"><\/span><\/span><br \/>\n\t\t\t\t\t\t<span class=\"zn-singledetail-eventplace-adr\"><\/p>\n<p>\t\t\t\t\t\t<span class=\"adr-street\">Universit\u00e9 de Sherbrooke<\/span>,<br \/>\n\t\t\t\t\t\t<span class=\"adr-city\">Sherbrooke (Qu\u00e9bec)<\/span><br \/>\n\t\t\t\t\t\t<span class=\"adr-cp\">J1K 2R1<\/span>, <span class=\"adr-country\">Canada<\/span><br \/>\n\t\t\t\t\t\t<\/span>\t\t\t\t\t<\/p>\n<\/p><\/div>\n<\/p><\/div>\n<div class=\"zn-singledetail-annonce wig-content\">\n<p>Le groupe de recherche Design, innovations et humanismes de l\u2019Universit\u00e9 Laval et le laboratoire PROJEKT (EA7447) de l\u2019Universit\u00e9 de N\u00eemes organisent dans le cadre du \u202f88e&amp; Congr\u00e8s de l&rsquo;Acfas un colloque intitul\u00e9 \u202f\u00ab&#160;Et si les d\u00e9fis en sant\u00e9 passaient par des enjeux de communication et de\u202fdesign&#160;?&#160;\u00bb, le 4 mai 2020, \u00e0 Universit\u00e9 de Sherbrooke.<br \/>\nL\u2019appel complet est disponible au t\u00e9l\u00e9chargement.<\/p>\n<\/p><\/div>\n<div class=\"zn-singledetail-partners\">\n<h3 class=\"zn-singledetail-section-title\">Partenaires<\/h3>\n<div class=\"zn-singledetail-partners-list row small-up-2 medium-up-3 large-up-5 partnerlist\" data-equalizer data-equalize-on=\"medium\">\n<article class=\"summarypartner column\">\n<div class=\"summarypartner-box\" title=\"PROJEKT\">\n<div class=\"summarypartner-box-inner\" data-equalizer-watch>\n<div class=\"summarypartner-imgbox\">\n<figure class=\"summarypartner-figure\">\n\t\t\t\t\t<img decoding=\"async\" class=\"summarypartner-img\" src=\"https:\/\/www.sfsic.org\/wp-inside\/uploads\/2020\/01\/projekt.png\" alt=\"\" ><figcaption class=\"summarypartner-img-caption show-for-sr\">Logo Projekt<\/figcaption><\/figure>\n<\/p><\/div>\n<div class=\"summarypartner-content\">\n<div class=\"summarypartner-content-inner\">\n<header class=\"summarypartner-header\">\n<h3 class=\"summarypartner-title\">\n\t\t\t\t\t\t\tPROJEKT\t\t\t\t\t\t<\/h3>\n<\/header><\/div>\n<\/p><\/div>\n<\/p><\/div>\n<\/p><\/div>\n<\/article><\/div>\n<\/p><\/div>\n<div class=\"zn-singledetail-attachedfiles\">\n<h3 class=\"zn-singledetail-section-title\">Fichier(s) attach\u00e9(s)<\/h3>\n<ul class=\"zn-singledetail-attachedfiles-list\">\n<li class=\"zn-singledetail-attachedfiles-item\">\n\t\t\t\t\t\t\t<a class=\"zn-singledetail-attachedfiles-link button outline for-download\" href=\"https:\/\/www.sfsic.org\/wp-inside\/uploads\/2020\/04\/appel-a-communication-acfas_sherbrooke2020-3.pdf\" title=\"T\u00e9l\u00e9charger : \u00ab appel-a-communication-acfas_sherbrooke2020-3.pdf \u00bb\" target=\"_blank\" rel=\"noopener noreferrer\"><br \/>\n\t\t\t\t\t\t\t\t<span class=\"button-txt\">appel-a-communic[&#8230;].pdf<\/span><br \/>\n\t\t\t\t\t\t\t<\/a>\n\t\t\t\t\t\t<\/li>\n<\/ul><\/div>\n<div class=\"zn-singledetail-keywords\">\n<h3 class=\"zn-singledetail-section-title\">Mots-cl\u00e9s<\/h3>\n<ul class=\"termslist termslist-post_tag\">\n<li class=\"termslist-item termslist-title\"><span class=\"termslist-titletxt\">Mots-cl\u00e9s<\/span><span class=\"doubledot\"><\/span><\/li>\n<li class=\"termslist-item tax-post_tag term-sante\"><a class=\"termslist-itemlink\" href=\"https:\/\/www.sfsic.org\/tag\/sante\/\" title=\"Sant\u00e9\"><span class=\"termslist-itemname\">Sant\u00e9<\/span><\/a><\/li>\n<\/ul><\/div>\n<\/p><\/div>\n<\/p><\/div>\n<\/p><\/div>\n<\/p><\/div>\n<\/div>\n<p><!-- \/fxzn:singledetail --><br \/>\n<!-- flzn:textblock --><\/p>\n<div class=\"zone zn-textblock\" id=\"flzn-textblock-1\">\n<div class=\"zone-block zn-textblock-block va-top\">\n<div class=\"row mw-content-zone\">\n<div class=\"columns large-12\">\n<div class=\"row large-up-1 with-nice-alignment nbloc-1\">\n<div class=\"column zn-textblock-col empty-content\">\n<div class=\"column-inner\">\n<div class=\"wig-content mw-content empty-content\">\n<p>Contenu texte \u00e0 venir&#8230;<\/p>\n<\/p><\/div>\n<\/p><\/div>\n<\/p><\/div>\n<\/p><\/div>\n<\/p><\/div>\n<\/p><\/div>\n<\/p><\/div>\n<\/div>\n<p><!-- \/flzn:textblock --><\/p>\n","protected":false},"excerpt":{"rendered":"<p>Mis en ligne le 15 janvier 2020 Th\u00e9matiques Design R\u00e9ponse attendue pour le 20\/02\/2020 Type de r\u00e9ponse R\u00e9sum\u00e9 Coordinateurs Caroline Gagnon Marie-Julie Catoir-Brisson Val\u00e9rie C\u00f4t\u00e9 Contacts Pour tout renseignement designsantecom.acfas2020@gmail.com [&hellip;]<\/p>\n","protected":false},"author":957,"featured_media":0,"comment_status":"closed","ping_status":"closed","sticky":false,"template":"","format":"standard","meta":{"_acf_changed":false,"footnotes":""},"categories":[29],"tags":[98],"thematique":[41],"sfsic":[],"class_list":["post-3203","post","type-post","status-publish","format-standard","hentry","category-aac-evenement","tag-sante","thematique-design","wp-sticky"],"acf":[],"yoast_head":"<!-- This site is optimized with the Yoast SEO plugin v27.5 - https:\/\/yoast.com\/product\/yoast-seo-wordpress\/ -->\n<title>Congr\u00e8s Acfas - Colloque \u00ab Et si les d\u00e9fis en sant\u00e9 passaient par des enjeux de communication et de \u202fdesign ?\u202f<\/title>\n<meta name=\"description\" content=\"Le groupe de recherche Design, innovations et humanismes de l\u2019Universit\u00e9 Laval et le laboratoire PROJEKT (EA7447) de l\u2019Universit\u00e9 de N\u00eemes organisent dans le cadre du \u202f88e&amp; Congr\u00e8s de l&#039;Acfas un colloque intitul\u00e9 \u202f\u00ab\u202fEt si les d\u00e9fis en sant\u00e9 passaient par des enjeux de communication et de\u202fdesign ?\u202f\u00bb, le 4 mai 2020, \u00e0 Universit\u00e9 de Sherbrooke. L\u2019appel complet est disponible au t\u00e9l\u00e9chargement.\" \/>\n<meta name=\"robots\" content=\"index, follow, max-snippet:-1, max-image-preview:large, max-video-preview:-1\" \/>\n<link rel=\"canonical\" href=\"https:\/\/www.sfsic.org\/en\/aac-evenement\/aac-congres-acfas-colloque-et-si-les-defis-en-sante-passaient-par-des-enjeux-de-communication-et-de-design\/\" \/>\n<meta property=\"og:locale\" content=\"en_US\" \/>\n<meta property=\"og:type\" content=\"article\" \/>\n<meta property=\"og:title\" content=\"Congr\u00e8s Acfas - Colloque \u00ab Et si les d\u00e9fis en sant\u00e9 passaient par des enjeux de communication et de \u202fdesign ?\u202f\" \/>\n<meta property=\"og:description\" content=\"Le groupe de recherche Design, innovations et humanismes de l\u2019Universit\u00e9 Laval et le laboratoire PROJEKT (EA7447) de l\u2019Universit\u00e9 de N\u00eemes organisent dans le cadre du \u202f88e&amp; Congr\u00e8s de l&#039;Acfas un colloque intitul\u00e9 \u202f\u00ab\u202fEt si les d\u00e9fis en sant\u00e9 passaient par des enjeux de communication et de\u202fdesign ?\u202f\u00bb, le 4 mai 2020, \u00e0 Universit\u00e9 de Sherbrooke. L\u2019appel complet est disponible au t\u00e9l\u00e9chargement.\" \/>\n<meta property=\"og:url\" content=\"https:\/\/www.sfsic.org\/en\/aac-evenement\/aac-congres-acfas-colloque-et-si-les-defis-en-sante-passaient-par-des-enjeux-de-communication-et-de-design\/\" \/>\n<meta property=\"og:site_name\" content=\"SFSIC\" \/>\n<meta property=\"article:published_time\" content=\"2020-01-15T10:00:07+00:00\" \/>\n<meta property=\"article:modified_time\" content=\"2020-05-10T21:13:45+00:00\" \/>\n<meta property=\"og:image\" content=\"https:\/\/www.sfsic.org\/wp-inside\/uploads\/2020\/01\/projekt.png\" \/>\n<meta name=\"author\" content=\"Fabien Bonnet\" \/>\n<meta name=\"twitter:card\" content=\"summary_large_image\" \/>\n<script type=\"application\/ld+json\" class=\"yoast-schema-graph\">{\"@context\":\"https:\\\/\\\/schema.org\",\"@graph\":[{\"@type\":\"Article\",\"@id\":\"https:\\\/\\\/www.sfsic.org\\\/en\\\/aac-evenement\\\/aac-congres-acfas-colloque-et-si-les-defis-en-sante-passaient-par-des-enjeux-de-communication-et-de-design\\\/#article\",\"isPartOf\":{\"@id\":\"https:\\\/\\\/www.sfsic.org\\\/en\\\/aac-evenement\\\/aac-congres-acfas-colloque-et-si-les-defis-en-sante-passaient-par-des-enjeux-de-communication-et-de-design\\\/\"},\"author\":{\"name\":\"Fabien Bonnet\",\"@id\":\"https:\\\/\\\/www.sfsic.org\\\/en\\\/#\\\/schema\\\/person\\\/9f83573bda33f40c68c7c826e9567df6\"},\"headline\":\"Congr\u00e8s Acfas &#8211; Colloque \u00ab Et si les d\u00e9fis en sant\u00e9 passaient par des enjeux de communication et de \u202fdesign ?\u202f\",\"datePublished\":\"2020-01-15T10:00:07+00:00\",\"dateModified\":\"2020-05-10T21:13:45+00:00\",\"mainEntityOfPage\":{\"@id\":\"https:\\\/\\\/www.sfsic.org\\\/en\\\/aac-evenement\\\/aac-congres-acfas-colloque-et-si-les-defis-en-sante-passaient-par-des-enjeux-de-communication-et-de-design\\\/\"},\"wordCount\":174,\"publisher\":{\"@id\":\"https:\\\/\\\/www.sfsic.org\\\/en\\\/#organization\"},\"image\":{\"@id\":\"https:\\\/\\\/www.sfsic.org\\\/en\\\/aac-evenement\\\/aac-congres-acfas-colloque-et-si-les-defis-en-sante-passaient-par-des-enjeux-de-communication-et-de-design\\\/#primaryimage\"},\"thumbnailUrl\":\"https:\\\/\\\/www.sfsic.org\\\/wp-inside\\\/uploads\\\/2020\\\/01\\\/projekt.png\",\"keywords\":[\"Sant\u00e9\"],\"articleSection\":[\"AAC \u00c9v\u00e9nement\"],\"inLanguage\":\"en-US\"},{\"@type\":\"WebPage\",\"@id\":\"https:\\\/\\\/www.sfsic.org\\\/en\\\/aac-evenement\\\/aac-congres-acfas-colloque-et-si-les-defis-en-sante-passaient-par-des-enjeux-de-communication-et-de-design\\\/\",\"url\":\"https:\\\/\\\/www.sfsic.org\\\/en\\\/aac-evenement\\\/aac-congres-acfas-colloque-et-si-les-defis-en-sante-passaient-par-des-enjeux-de-communication-et-de-design\\\/\",\"name\":\"Congr\u00e8s Acfas - Colloque \u00ab Et si les d\u00e9fis en sant\u00e9 passaient par des enjeux de communication et de \u202fdesign ?\u202f\",\"isPartOf\":{\"@id\":\"https:\\\/\\\/www.sfsic.org\\\/en\\\/#website\"},\"primaryImageOfPage\":{\"@id\":\"https:\\\/\\\/www.sfsic.org\\\/en\\\/aac-evenement\\\/aac-congres-acfas-colloque-et-si-les-defis-en-sante-passaient-par-des-enjeux-de-communication-et-de-design\\\/#primaryimage\"},\"image\":{\"@id\":\"https:\\\/\\\/www.sfsic.org\\\/en\\\/aac-evenement\\\/aac-congres-acfas-colloque-et-si-les-defis-en-sante-passaient-par-des-enjeux-de-communication-et-de-design\\\/#primaryimage\"},\"thumbnailUrl\":\"https:\\\/\\\/www.sfsic.org\\\/wp-inside\\\/uploads\\\/2020\\\/01\\\/projekt.png\",\"datePublished\":\"2020-01-15T10:00:07+00:00\",\"dateModified\":\"2020-05-10T21:13:45+00:00\",\"description\":\"Le groupe de recherche Design, innovations et humanismes de l\u2019Universit\u00e9 Laval et le laboratoire PROJEKT (EA7447) de l\u2019Universit\u00e9 de N\u00eemes organisent dans le cadre du \u202f88e& Congr\u00e8s de l'Acfas un colloque intitul\u00e9 \u202f\u00ab\u202fEt si les d\u00e9fis en sant\u00e9 passaient par des enjeux de communication et de\u202fdesign ?\u202f\u00bb, le 4 mai 2020, \u00e0 Universit\u00e9 de Sherbrooke. L\u2019appel complet est disponible au t\u00e9l\u00e9chargement.\",\"breadcrumb\":{\"@id\":\"https:\\\/\\\/www.sfsic.org\\\/en\\\/aac-evenement\\\/aac-congres-acfas-colloque-et-si-les-defis-en-sante-passaient-par-des-enjeux-de-communication-et-de-design\\\/#breadcrumb\"},\"inLanguage\":\"en-US\",\"potentialAction\":[{\"@type\":\"ReadAction\",\"target\":[\"https:\\\/\\\/www.sfsic.org\\\/en\\\/aac-evenement\\\/aac-congres-acfas-colloque-et-si-les-defis-en-sante-passaient-par-des-enjeux-de-communication-et-de-design\\\/\"]}]},{\"@type\":\"ImageObject\",\"inLanguage\":\"en-US\",\"@id\":\"https:\\\/\\\/www.sfsic.org\\\/en\\\/aac-evenement\\\/aac-congres-acfas-colloque-et-si-les-defis-en-sante-passaient-par-des-enjeux-de-communication-et-de-design\\\/#primaryimage\",\"url\":\"https:\\\/\\\/www.sfsic.org\\\/wp-inside\\\/uploads\\\/2020\\\/01\\\/projekt.png\",\"contentUrl\":\"https:\\\/\\\/www.sfsic.org\\\/wp-inside\\\/uploads\\\/2020\\\/01\\\/projekt.png\"},{\"@type\":\"BreadcrumbList\",\"@id\":\"https:\\\/\\\/www.sfsic.org\\\/en\\\/aac-evenement\\\/aac-congres-acfas-colloque-et-si-les-defis-en-sante-passaient-par-des-enjeux-de-communication-et-de-design\\\/#breadcrumb\",\"itemListElement\":[{\"@type\":\"ListItem\",\"position\":1,\"name\":\"Accueil\",\"item\":\"https:\\\/\\\/www.sfsic.org\\\/en\\\/\"},{\"@type\":\"ListItem\",\"position\":2,\"name\":\"Calls for Contributions\",\"item\":\"https:\\\/\\\/www.sfsic.org\\\/en\\\/cfc-event\\\/\"},{\"@type\":\"ListItem\",\"position\":3,\"name\":\"Congr\u00e8s Acfas &#8211; Colloque \u00ab Et si les d\u00e9fis en sant\u00e9 passaient par des enjeux de communication et de \u202fdesign ?\u202f\"}]},{\"@type\":\"WebSite\",\"@id\":\"https:\\\/\\\/www.sfsic.org\\\/en\\\/#website\",\"url\":\"https:\\\/\\\/www.sfsic.org\\\/en\\\/\",\"name\":\"SFSIC\",\"description\":\"Soci\u00e9t\u00e9 Fran\u00e7aise des Sciences de l&#039;Information &amp; de la Communication\",\"publisher\":{\"@id\":\"https:\\\/\\\/www.sfsic.org\\\/en\\\/#organization\"},\"potentialAction\":[{\"@type\":\"SearchAction\",\"target\":{\"@type\":\"EntryPoint\",\"urlTemplate\":\"https:\\\/\\\/www.sfsic.org\\\/en\\\/?s={search_term_string}\"},\"query-input\":{\"@type\":\"PropertyValueSpecification\",\"valueRequired\":true,\"valueName\":\"search_term_string\"}}],\"inLanguage\":\"en-US\"},{\"@type\":\"Organization\",\"@id\":\"https:\\\/\\\/www.sfsic.org\\\/en\\\/#organization\",\"name\":\"SFSIC\",\"url\":\"https:\\\/\\\/www.sfsic.org\\\/en\\\/\",\"logo\":{\"@type\":\"ImageObject\",\"inLanguage\":\"en-US\",\"@id\":\"https:\\\/\\\/www.sfsic.org\\\/en\\\/#\\\/schema\\\/logo\\\/image\\\/\",\"url\":\"https:\\\/\\\/www.sfsic.org\\\/wp-inside\\\/uploads\\\/2020\\\/05\\\/logo-sfsic.jpg\",\"contentUrl\":\"https:\\\/\\\/www.sfsic.org\\\/wp-inside\\\/uploads\\\/2020\\\/05\\\/logo-sfsic.jpg\",\"width\":1085,\"height\":1080,\"caption\":\"SFSIC\"},\"image\":{\"@id\":\"https:\\\/\\\/www.sfsic.org\\\/en\\\/#\\\/schema\\\/logo\\\/image\\\/\"}},{\"@type\":\"Person\",\"@id\":\"https:\\\/\\\/www.sfsic.org\\\/en\\\/#\\\/schema\\\/person\\\/9f83573bda33f40c68c7c826e9567df6\",\"name\":\"Fabien Bonnet\",\"image\":{\"@type\":\"ImageObject\",\"inLanguage\":\"en-US\",\"@id\":\"https:\\\/\\\/secure.gravatar.com\\\/avatar\\\/88a9288fc13369cb9e30359afa340f8adace82098c18ff09415c6dacd710ddc4?s=96&d=mm&r=g\",\"url\":\"https:\\\/\\\/secure.gravatar.com\\\/avatar\\\/88a9288fc13369cb9e30359afa340f8adace82098c18ff09415c6dacd710ddc4?s=96&d=mm&r=g\",\"contentUrl\":\"https:\\\/\\\/secure.gravatar.com\\\/avatar\\\/88a9288fc13369cb9e30359afa340f8adace82098c18ff09415c6dacd710ddc4?s=96&d=mm&r=g\",\"caption\":\"Fabien Bonnet\"}}]}<\/script>\n<!-- \/ Yoast SEO plugin. -->","yoast_head_json":{"title":"Congr\u00e8s Acfas - Colloque \u00ab Et si les d\u00e9fis en sant\u00e9 passaient par des enjeux de communication et de \u202fdesign ?\u202f","description":"Le groupe de recherche Design, innovations et humanismes de l\u2019Universit\u00e9 Laval et le laboratoire PROJEKT (EA7447) de l\u2019Universit\u00e9 de N\u00eemes organisent dans le cadre du \u202f88e& Congr\u00e8s de l'Acfas un colloque intitul\u00e9 \u202f\u00ab\u202fEt si les d\u00e9fis en sant\u00e9 passaient par des enjeux de communication et de\u202fdesign ?\u202f\u00bb, le 4 mai 2020, \u00e0 Universit\u00e9 de Sherbrooke. L\u2019appel complet est disponible au t\u00e9l\u00e9chargement.","robots":{"index":"index","follow":"follow","max-snippet":"max-snippet:-1","max-image-preview":"max-image-preview:large","max-video-preview":"max-video-preview:-1"},"canonical":"https:\/\/www.sfsic.org\/en\/aac-evenement\/aac-congres-acfas-colloque-et-si-les-defis-en-sante-passaient-par-des-enjeux-de-communication-et-de-design\/","og_locale":"en_US","og_type":"article","og_title":"Congr\u00e8s Acfas - Colloque \u00ab Et si les d\u00e9fis en sant\u00e9 passaient par des enjeux de communication et de \u202fdesign ?\u202f","og_description":"Le groupe de recherche Design, innovations et humanismes de l\u2019Universit\u00e9 Laval et le laboratoire PROJEKT (EA7447) de l\u2019Universit\u00e9 de N\u00eemes organisent dans le cadre du \u202f88e& Congr\u00e8s de l'Acfas un colloque intitul\u00e9 \u202f\u00ab\u202fEt si les d\u00e9fis en sant\u00e9 passaient par des enjeux de communication et de\u202fdesign ?\u202f\u00bb, le 4 mai 2020, \u00e0 Universit\u00e9 de Sherbrooke. L\u2019appel complet est disponible au t\u00e9l\u00e9chargement.","og_url":"https:\/\/www.sfsic.org\/en\/aac-evenement\/aac-congres-acfas-colloque-et-si-les-defis-en-sante-passaient-par-des-enjeux-de-communication-et-de-design\/","og_site_name":"SFSIC","article_published_time":"2020-01-15T10:00:07+00:00","article_modified_time":"2020-05-10T21:13:45+00:00","og_image":[{"url":"https:\/\/www.sfsic.org\/wp-inside\/uploads\/2020\/01\/projekt.png","type":"","width":"","height":""}],"author":"Fabien Bonnet","twitter_card":"summary_large_image","schema":{"@context":"https:\/\/schema.org","@graph":[{"@type":"Article","@id":"https:\/\/www.sfsic.org\/en\/aac-evenement\/aac-congres-acfas-colloque-et-si-les-defis-en-sante-passaient-par-des-enjeux-de-communication-et-de-design\/#article","isPartOf":{"@id":"https:\/\/www.sfsic.org\/en\/aac-evenement\/aac-congres-acfas-colloque-et-si-les-defis-en-sante-passaient-par-des-enjeux-de-communication-et-de-design\/"},"author":{"name":"Fabien Bonnet","@id":"https:\/\/www.sfsic.org\/en\/#\/schema\/person\/9f83573bda33f40c68c7c826e9567df6"},"headline":"Congr\u00e8s Acfas &#8211; Colloque \u00ab Et si les d\u00e9fis en sant\u00e9 passaient par des enjeux de communication et de \u202fdesign ?\u202f","datePublished":"2020-01-15T10:00:07+00:00","dateModified":"2020-05-10T21:13:45+00:00","mainEntityOfPage":{"@id":"https:\/\/www.sfsic.org\/en\/aac-evenement\/aac-congres-acfas-colloque-et-si-les-defis-en-sante-passaient-par-des-enjeux-de-communication-et-de-design\/"},"wordCount":174,"publisher":{"@id":"https:\/\/www.sfsic.org\/en\/#organization"},"image":{"@id":"https:\/\/www.sfsic.org\/en\/aac-evenement\/aac-congres-acfas-colloque-et-si-les-defis-en-sante-passaient-par-des-enjeux-de-communication-et-de-design\/#primaryimage"},"thumbnailUrl":"https:\/\/www.sfsic.org\/wp-inside\/uploads\/2020\/01\/projekt.png","keywords":["Sant\u00e9"],"articleSection":["AAC \u00c9v\u00e9nement"],"inLanguage":"en-US"},{"@type":"WebPage","@id":"https:\/\/www.sfsic.org\/en\/aac-evenement\/aac-congres-acfas-colloque-et-si-les-defis-en-sante-passaient-par-des-enjeux-de-communication-et-de-design\/","url":"https:\/\/www.sfsic.org\/en\/aac-evenement\/aac-congres-acfas-colloque-et-si-les-defis-en-sante-passaient-par-des-enjeux-de-communication-et-de-design\/","name":"Congr\u00e8s Acfas - Colloque \u00ab Et si les d\u00e9fis en sant\u00e9 passaient par des enjeux de communication et de \u202fdesign ?\u202f","isPartOf":{"@id":"https:\/\/www.sfsic.org\/en\/#website"},"primaryImageOfPage":{"@id":"https:\/\/www.sfsic.org\/en\/aac-evenement\/aac-congres-acfas-colloque-et-si-les-defis-en-sante-passaient-par-des-enjeux-de-communication-et-de-design\/#primaryimage"},"image":{"@id":"https:\/\/www.sfsic.org\/en\/aac-evenement\/aac-congres-acfas-colloque-et-si-les-defis-en-sante-passaient-par-des-enjeux-de-communication-et-de-design\/#primaryimage"},"thumbnailUrl":"https:\/\/www.sfsic.org\/wp-inside\/uploads\/2020\/01\/projekt.png","datePublished":"2020-01-15T10:00:07+00:00","dateModified":"2020-05-10T21:13:45+00:00","description":"Le groupe de recherche Design, innovations et humanismes de l\u2019Universit\u00e9 Laval et le laboratoire PROJEKT (EA7447) de l\u2019Universit\u00e9 de N\u00eemes organisent dans le cadre du \u202f88e& Congr\u00e8s de l'Acfas un colloque intitul\u00e9 \u202f\u00ab\u202fEt si les d\u00e9fis en sant\u00e9 passaient par des enjeux de communication et de\u202fdesign ?\u202f\u00bb, le 4 mai 2020, \u00e0 Universit\u00e9 de Sherbrooke. L\u2019appel complet est disponible au t\u00e9l\u00e9chargement.","breadcrumb":{"@id":"https:\/\/www.sfsic.org\/en\/aac-evenement\/aac-congres-acfas-colloque-et-si-les-defis-en-sante-passaient-par-des-enjeux-de-communication-et-de-design\/#breadcrumb"},"inLanguage":"en-US","potentialAction":[{"@type":"ReadAction","target":["https:\/\/www.sfsic.org\/en\/aac-evenement\/aac-congres-acfas-colloque-et-si-les-defis-en-sante-passaient-par-des-enjeux-de-communication-et-de-design\/"]}]},{"@type":"ImageObject","inLanguage":"en-US","@id":"https:\/\/www.sfsic.org\/en\/aac-evenement\/aac-congres-acfas-colloque-et-si-les-defis-en-sante-passaient-par-des-enjeux-de-communication-et-de-design\/#primaryimage","url":"https:\/\/www.sfsic.org\/wp-inside\/uploads\/2020\/01\/projekt.png","contentUrl":"https:\/\/www.sfsic.org\/wp-inside\/uploads\/2020\/01\/projekt.png"},{"@type":"BreadcrumbList","@id":"https:\/\/www.sfsic.org\/en\/aac-evenement\/aac-congres-acfas-colloque-et-si-les-defis-en-sante-passaient-par-des-enjeux-de-communication-et-de-design\/#breadcrumb","itemListElement":[{"@type":"ListItem","position":1,"name":"Accueil","item":"https:\/\/www.sfsic.org\/en\/"},{"@type":"ListItem","position":2,"name":"Calls for Contributions","item":"https:\/\/www.sfsic.org\/en\/cfc-event\/"},{"@type":"ListItem","position":3,"name":"Congr\u00e8s Acfas &#8211; Colloque \u00ab Et si les d\u00e9fis en sant\u00e9 passaient par des enjeux de communication et de \u202fdesign ?\u202f"}]},{"@type":"WebSite","@id":"https:\/\/www.sfsic.org\/en\/#website","url":"https:\/\/www.sfsic.org\/en\/","name":"SFSIC","description":"Soci\u00e9t\u00e9 Fran\u00e7aise des Sciences de l&#039;Information &amp; de la Communication","publisher":{"@id":"https:\/\/www.sfsic.org\/en\/#organization"},"potentialAction":[{"@type":"SearchAction","target":{"@type":"EntryPoint","urlTemplate":"https:\/\/www.sfsic.org\/en\/?s={search_term_string}"},"query-input":{"@type":"PropertyValueSpecification","valueRequired":true,"valueName":"search_term_string"}}],"inLanguage":"en-US"},{"@type":"Organization","@id":"https:\/\/www.sfsic.org\/en\/#organization","name":"SFSIC","url":"https:\/\/www.sfsic.org\/en\/","logo":{"@type":"ImageObject","inLanguage":"en-US","@id":"https:\/\/www.sfsic.org\/en\/#\/schema\/logo\/image\/","url":"https:\/\/www.sfsic.org\/wp-inside\/uploads\/2020\/05\/logo-sfsic.jpg","contentUrl":"https:\/\/www.sfsic.org\/wp-inside\/uploads\/2020\/05\/logo-sfsic.jpg","width":1085,"height":1080,"caption":"SFSIC"},"image":{"@id":"https:\/\/www.sfsic.org\/en\/#\/schema\/logo\/image\/"}},{"@type":"Person","@id":"https:\/\/www.sfsic.org\/en\/#\/schema\/person\/9f83573bda33f40c68c7c826e9567df6","name":"Fabien Bonnet","image":{"@type":"ImageObject","inLanguage":"en-US","@id":"https:\/\/secure.gravatar.com\/avatar\/88a9288fc13369cb9e30359afa340f8adace82098c18ff09415c6dacd710ddc4?s=96&d=mm&r=g","url":"https:\/\/secure.gravatar.com\/avatar\/88a9288fc13369cb9e30359afa340f8adace82098c18ff09415c6dacd710ddc4?s=96&d=mm&r=g","contentUrl":"https:\/\/secure.gravatar.com\/avatar\/88a9288fc13369cb9e30359afa340f8adace82098c18ff09415c6dacd710ddc4?s=96&d=mm&r=g","caption":"Fabien Bonnet"}}]}},"_links":{"self":[{"href":"https:\/\/www.sfsic.org\/en\/wp-json\/wp\/v2\/posts\/3203","targetHints":{"allow":["GET"]}}],"collection":[{"href":"https:\/\/www.sfsic.org\/en\/wp-json\/wp\/v2\/posts"}],"about":[{"href":"https:\/\/www.sfsic.org\/en\/wp-json\/wp\/v2\/types\/post"}],"author":[{"embeddable":true,"href":"https:\/\/www.sfsic.org\/en\/wp-json\/wp\/v2\/users\/957"}],"replies":[{"embeddable":true,"href":"https:\/\/www.sfsic.org\/en\/wp-json\/wp\/v2\/comments?post=3203"}],"version-history":[{"count":3,"href":"https:\/\/www.sfsic.org\/en\/wp-json\/wp\/v2\/posts\/3203\/revisions"}],"predecessor-version":[{"id":5492,"href":"https:\/\/www.sfsic.org\/en\/wp-json\/wp\/v2\/posts\/3203\/revisions\/5492"}],"wp:attachment":[{"href":"https:\/\/www.sfsic.org\/en\/wp-json\/wp\/v2\/media?parent=3203"}],"wp:term":[{"taxonomy":"category","embeddable":true,"href":"https:\/\/www.sfsic.org\/en\/wp-json\/wp\/v2\/categories?post=3203"},{"taxonomy":"post_tag","embeddable":true,"href":"https:\/\/www.sfsic.org\/en\/wp-json\/wp\/v2\/tags?post=3203"},{"taxonomy":"thematique","embeddable":true,"href":"https:\/\/www.sfsic.org\/en\/wp-json\/wp\/v2\/thematique?post=3203"},{"taxonomy":"sfsic","embeddable":true,"href":"https:\/\/www.sfsic.org\/en\/wp-json\/wp\/v2\/sfsic?post=3203"}],"curies":[{"name":"wp","href":"https:\/\/api.w.org\/{rel}","templated":true}]}}