{"id":32003,"date":"2024-05-09T14:16:36","date_gmt":"2024-05-09T12:16:36","guid":{"rendered":"https:\/\/www.sfsic.org\/?p=32003"},"modified":"2024-05-08T22:18:24","modified_gmt":"2024-05-08T20:18:24","slug":"usages-partisans-et-mediatiques-du-numerique-au-local","status":"publish","type":"post","link":"https:\/\/www.sfsic.org\/en\/aac-publication\/usages-partisans-et-mediatiques-du-numerique-au-local\/","title":{"rendered":"Usages partisans et m\u00e9diatiques du num\u00e9rique au local"},"content":{"rendered":"<p><!-- fxzn:singledetail --><\/p>\n<div class=\"zone zn-singledetail\" id=\"fxzn-singledetail-1\">\n<div class=\"zone-block zn-singledetail-block alignwide va-top\">\n<div class=\"row\">\n<div class=\"columns large-8 large-push-4\">\n<div class=\"zn-singledetail-metabox\">\n<div class=\"zn-singledetail-pubdate pubdate\">\n\t\t\t\t\t<span class=\"pubdate-txt\">Mis en ligne le<\/span><span class=\"doubledot\"><\/span> 8 mai 2024\t\t\t\t<\/div>\n<div class=\"zn-singledetail-thematiques with-sep-comma\">\n<ul class=\"termslist termslist-thematique\">\n<li class=\"termslist-item termslist-title\"><span class=\"termslist-titletxt\">Th\u00e9matiques<\/span><span class=\"doubledot\"><\/span><\/li>\n<li class=\"termslist-item tax-thematique term-communication-publique-et-politique\"><a class=\"termslist-itemlink\" href=\"https:\/\/www.sfsic.org\/en\/thematiques\/public-and-political-communication\/\" title=\"Communication publique et politique\"><span class=\"termslist-itemname\">Communication publique et politique<\/span><\/a><\/li>\n<li class=\"termslist-item tax-thematique term-medias-et-journalisme\"><a class=\"termslist-itemlink\" href=\"https:\/\/www.sfsic.org\/en\/thematiques\/media-and-journalism\/\" title=\"M\u00e9dias et journalisme\"><span class=\"termslist-itemname\">M\u00e9dias et journalisme<\/span><\/a><\/li>\n<li class=\"termslist-item tax-thematique term-numerique-strategies-dispositifs-et-usages\"><a class=\"termslist-itemlink\" href=\"https:\/\/www.sfsic.org\/en\/thematiques\/digital-strategies-devices-and-uses-en\/\" title=\"Num\u00e9rique : strat\u00e9gies, dispositifs et usages\"><span class=\"termslist-itemname\">Num\u00e9rique : strat\u00e9gies, dispositifs et usages<\/span><\/a><\/li>\n<\/ul><\/div>\n<\/p><\/div>\n<\/p><\/div>\n<\/p><\/div>\n<div class=\"row\">\n<div class=\"columns large-4\">\n<div class=\"zn-singledetail-sidebar bg-cornersquares\">\n<div class=\"zn-singledetail-infos\">\n<p class=\"zn-singledetail-reponse-date\">\n\t\t\t\t\t\t<span>R\u00e9ponse attendue pour le<\/span><span class=\"doubledot\"><\/span> <strong>21\/06\/2024<\/strong>\n\t\t\t\t\t<\/p>\n<p class=\"zn-singledetail-reponse-type\">\n\t\t\t\t\t<span>Type de r\u00e9ponse<\/span><span class=\"doubledot\"><\/span> <strong>R\u00e9sum\u00e9<\/strong>\n\t\t\t\t\t<\/p>\n<p class=\"zn-singledetail-type\">\n\t\t\t\t\t\t\t<span>Type de contribution attendue<\/span><span class=\"doubledot\"><\/span> <strong>Article<\/strong>\n\t\t\t\t\t<\/p>\n<p class=\"zn-singledetail-name\">\n\t\t\t\t\t\t\t<span>Nom de la publication<\/span><span class=\"doubledot\"><\/span> <strong>RESET<\/strong>\n\t\t\t\t\t<\/p>\n<\/p><\/div>\n<div class=\"zn-singledetail-coordinators\">\n<h3 class=\"zn-singledetail-section-title\">Coordinateurs<\/h3>\n<ul class=\"zn-singledetail-coordinators-list\">\n<li class=\"zn-singledetail-coordinators-item\">\n\t\t\t\t\t\t\t<span>Marie <\/span> <span>Neihouser <\/span>, <span>Institut National Universitaire Champollion, Albi, GRCP\/ESPOL<\/span>\t\t\t\t\t\t\t\t\t\t\t\t\t\t, <a class=\"zn-singledetail-coordinators-mail prettylink\" href=\"mailto:neihouser.marie@gmail.com\">neihouser.marie@gmail.com<\/a>\n\t\t\t\t\t\t\t\t\t\t\t\t\t<\/li>\n<li class=\"zn-singledetail-coordinators-item\">\n\t\t\t\t\t\t\t<span>Ana\u00efs <\/span> <span>Theviot <\/span>, <span>UCO Angers, CHUS\/Ar\u00e8nes<\/span>\t\t\t\t\t\t\t\t\t\t\t\t\t\t, <a class=\"zn-singledetail-coordinators-mail prettylink\" href=\"mailto:atheviot@uco.fr\">atheviot@uco.fr<\/a>\n\t\t\t\t\t\t\t\t\t\t\t\t\t<\/li>\n<li class=\"zn-singledetail-coordinators-item\">\n\t\t\t\t\t\t\t<span>S\u00e9bastien <\/span> <span>Fran\u00e7ois <\/span>, <span>(UCO Nantes, CHUS)<\/span>\t\t\t\t\t\t\t\t\t\t\t\t\t\t, <a class=\"zn-singledetail-coordinators-mail prettylink\" href=\"mailto:sfrancoi@uco.fr\">sfrancoi@uco.fr<\/a>\n\t\t\t\t\t\t\t\t\t\t\t\t\t<\/li>\n<\/ul><\/div>\n<div class=\"zn-singledetail-weblinks\">\n<h3 class=\"zn-singledetail-section-title\">Sites internet de r\u00e9f\u00e9rence<\/h3>\n<ul class=\"zn-singledetail-weblinks-list\">\n<li>\n\t\t\t\t\t\t\t<a class=\"prettylink chainlink\" href=\"https:\/\/journals.openedition.org\/reset\/4915\" title=\"Site de l'appel\" target=\"_blank\" rel=\"noopener\">Site de l&#8217;appel<\/a>\n\t\t\t\t\t\t<\/li>\n<\/ul><\/div>\n<\/p><\/div>\n<\/p><\/div>\n<div class=\"columns large-8\">\n<div class=\"zn-singledetail-contentbox\">\n<div class=\"zn-singledetail-annonce wig-content\">\n<div class=\"textandnotes\">\n<p class=\"texte\">L\u2019objectif de ce dossier<a id=\"bodyftn1\" class=\"footnotecall\" href=\"https:\/\/journals.openedition.org\/reset\/4915#ftn1\">1<\/a> est de mettre en lumi\u00e8re les usages et les effets du num\u00e9rique \u00e0 l\u2019\u00e9chelle de la vie politique locale. Comment, au sein des divers \u00e9chelons politiques locaux, les adh\u00e9rents, les b\u00e9n\u00e9voles, les cadres de partis politiques, leurs candidats et leurs \u00e9lus se saisissent-ils du num\u00e9rique&#160;? Comment les professionnels qui gravitent autour de ces acteurs politiques et contribuent \u00e0 leur m\u00e9diatisation \u00e0 l\u2019\u00e9chelle de leurs territoires l\u2019ont-ils, pour leur part, int\u00e9gr\u00e9 dans leur travail quotidien&#160;? Les usages partisans et m\u00e9diatiques du num\u00e9rique, comme nous les appellerons ici, qu\u2019ils interviennent en p\u00e9riode de campagne \u00e9lectorale ou dans les temps dits \u00ab&#160;ordinaires&#160;\u00bb de la vie politique, gagnent \u00e0 \u00eatre mieux connus au regard des ressources et des contraintes sp\u00e9cifiques du local. Leurs effets, tant sur les relations entre les diff\u00e9rents acteurs que sur les \u00e9quilibres politiques locaux ou encore sur la mani\u00e8re de faire de la politique au niveau local, m\u00e9ritent d\u2019\u00eatre davantage document\u00e9s. Ces usages peuvent d\u00e8s lors \u00eatre r\u00e9ins\u00e9r\u00e9s au sein des trajectoires politiques et m\u00e9diatiques des diff\u00e9rents acteurs et des r\u00e9pertoires d\u2019action politiques et \u00e9lectorales qu\u2019ils sont susceptibles de mettre en place (Desrumeaux et Lefebvre, 2016), en France comme \u00e0 l\u2019\u00e9tranger.<\/p>\n<\/div>\n<p class=\"texte\">\u00ab&#160;Du local \u201cescamot\u00e9\u201d des ann\u00e9es 1960 au local \u201creconsid\u00e9r\u00e9\u201d d\u2019aujourd\u2019hui&#160;\u00bb (Neveu, 2007&#160;: 34), il n\u2019est plus \u00e0 prouver les apports d\u2019une approche du politique par le local (Mabileau, 1993&#160;; Douillet et Lefebvre, 2017). Durant ces trente derni\u00e8res ann\u00e9es, de nombreux travaux ont d\u2019ailleurs privil\u00e9gi\u00e9 ce niveau d\u2019observation (commune, agglom\u00e9ration, d\u00e9partement, canton, province, r\u00e9gion, etc.). L\u2019implantation locale et l\u2019organisation des partis politiques dans les territoires ont \u00e9t\u00e9 particuli\u00e8rement \u00e9tudi\u00e9es (Contamin et Delacroix, 2009&#160;; Agrikoliansky et al., 2011). D\u2019autres travaux se sont concentr\u00e9s sur la mani\u00e8re dont les candidats aux \u00e9lections locales usaient strat\u00e9giquement des \u00e9tiquettes partisanes, en fonction du contexte politique de leur territoire (Lefebvre, 2020). En parall\u00e8le, des enqu\u00eates portant sur le r\u00f4le des m\u00e9dias au sein des \u00e9cosyst\u00e8mes politiques locaux se sont d\u00e9velopp\u00e9es (Frisque, 2011&#160;; Kaciaf et Talpin, 2016&#160;; Hayes et Lawless, 2018&#160;; Kaciaf, 2020). Le r\u00f4le d\u00e9mocratique de la presse locale a \u00e9t\u00e9 soulign\u00e9 et discut\u00e9 (Le Bohec, 1998&#160;; de la Haye, 2005&#160;; Ballarini, 2008&#160;; Noyer, 2013&#160;; Firmstone, 2016)&#160;: des travaux ont par exemple \u00e9tudi\u00e9 la figure du localier, son ind\u00e9pendance (Ollivier-Yaniv, 2001) et son identit\u00e9 professionnelle (Amiel, 2019&#160;; Firmstone et Whittington, 2021), l\u2019\u00e9volution de son r\u00f4le face \u00e0 la mont\u00e9e en puissance de la communication publique locale dite journalistique (Paillart, 1994&#160;; Raoul, 2020), ou encore les enjeux \u00e9conomiques et \u00e9thiques de l\u2019espace du journalisme au local (Bousquet et Amiel, 2022). Ainsi, loin des inqui\u00e9tudes qui pointaient le d\u00e9ficit de travaux men\u00e9s \u00e0 cette \u00e9chelle dans les ann\u00e9es 1980 (Sawicki, 1988&#160;: 13), chercheuses et chercheurs semblent avoir pleinement compris les b\u00e9n\u00e9fices qu\u2019il y a \u00e0 \u00ab&#160;mieux cerner l&rsquo;intrication du jeu social et du jeu politique&#160;\u00bb (ibid.) \u00e0 l\u2019\u00e9chelon local.<\/p>\n<p class=\"texte\">Cependant, les travaux suscit\u00e9s n\u2019int\u00e8grent que rarement la dimension num\u00e9rique. En effet, la litt\u00e9rature portant, par exemple, sur l\u2019usage du num\u00e9rique par les partis politiques \u2013 en campagne \u00e9lectorale notamment (Neihouser, Boyadjian et Theviot, 2022&#160;; Greffet et Neihouser, 2022) \u2013 s\u2019est jusqu\u2019\u00e0 pr\u00e9sent surtout concentr\u00e9e sur l\u2019\u00e9chelle nationale (Stromer-Galley, 2014&#160;; Kreiss, 2012&#160;; Kruschinski et Haller, 2017). C\u2019est particuli\u00e8rement le cas en France (Neihouser, 2016&#160;; Boyadjian, 2016&#160;; Theviot 2018), pour des raisons qui tiennent tant \u00e0 la visibilit\u00e9 des pratiques et des acteurs qu\u2019aux budgets n\u00e9cessaires \u00e0 la cr\u00e9ation d\u2019\u00e9quipes d\u00e9di\u00e9es au volet num\u00e9rique de la communication en contexte d\u2019\u00e9lections. Lorsque le num\u00e9rique est \u00e9tudi\u00e9 \u00e0 l\u2019\u00e9chelon politique local, c\u2019est plut\u00f4t pour analyser la mani\u00e8re dont il permet (ou pas) la mise en place de nouvelles formes de gouvernance ou de participations (Contamin et al., 2020&#160;; Kies et Seidenthal, 2020&#160;; Bernardin et Jeannot, 2019&#160;; Peugeot et al., 2019). L\u2019objectif est alors d\u2019\u00e9tudier des objets tels que les budgets participatifs ou encore les dispositifs consultatifs mis en place autour d\u2019enjeux locaux (Demoulin et Bacqu\u00e9, 2019&#160;; Vassor, 2020&#160;; Wojcik, Mabi et Lupovici, 2023). On ne dispose en revanche que de peu de travaux portant sur les usages partisans du num\u00e9rique \u00e0 l\u2019\u00e9chelon local (municipal, d\u00e9partemental, r\u00e9gional, etc.).<\/p>\n<p class=\"texte\">Avec la d\u00e9mocratisation des dispositifs num\u00e9riques, les campagnes \u00e9lectorales, m\u00eame \u00e0 l\u2019\u00e9chelle locale, sont pourtant de plus en plus num\u00e9ris\u00e9es dans de nombreux pays (Gibson, 2020&#160;; Neihouser et al., 2022a&#160;; Omanga et al., 2023). Par ailleurs, la maitrise des r\u00e9seaux sociaux et de certaines applications mobiles s\u2019\u00e9tant diffus\u00e9e au sein de divers groupes sociaux dans la population (Neihouser et al., 2022b&#160;; Omanga, 2021), les militants sont d\u00e9sormais en mesure de s\u2019organiser en ligne et les \u00e9lus de s\u2019adresser num\u00e9riquement \u00e0 leurs concitoyens, ou du moins \u00e0 une partie d\u2019entre eux. Dans ces conditions, porter le regard sur l\u2019\u00e9chelon local permet de rendre compte des r\u00e9appropriations \u00ab&#160;par le bas&#160;\u00bb des rh\u00e9toriques et dispositifs num\u00e9riques cr\u00e9\u00e9s par \u00ab&#160;le haut&#160;\u00bb, mais aussi de la normalisation (ou non) de l\u2019usage du num\u00e9rique en campagne \u00e9lectorale dans des espaces ruraux par exemple. A fortiori, le niveau local porte en lui-m\u00eame des sp\u00e9cificit\u00e9s (relations des candidats aux \u00e9lecteurs et inversement, ressources \u00e0 disposition des candidats, particularit\u00e9s du tissu m\u00e9diatique et de ses liens \u00e0 la politique, etc.) qui enjoignent \u00e0 questionner et \u00e0 prolonger les r\u00e9sultats obtenus par la litt\u00e9rature au niveau national, pour analyser dans quelle mesure ils s\u2019appliquent, ou pas, aux campagnes ancr\u00e9es sur des territoires.<\/p>\n<p class=\"texte\">Dans cette perspective, ce dossier se propose d\u2019accueillir des analyses semblables portant sur le temps extraordinaire des campagnes \u00e9lectorales locales, sans oublier celui plus ordinaire de la vie politique durant les mandats. Il s\u2019agit alors de porter le regard sur les usages partisans du num\u00e9rique au regard du travail quotidien et local des partis ou des \u00e9lus. Les plateformes partisanes et les r\u00e9seaux sociaux permettent-ils de faire \u00ab&#160;vivre&#160;\u00bb, voire \u00ab&#160;survivre&#160;\u00bb certains partis ou certaines personnalit\u00e9s locales, en dehors du temps de l\u2019\u00e9lection&#160;? Les \u00e9lus des collectivit\u00e9s territoriales ou autres \u00ab&#160;local governements&#160;\u00bb se saisissent-ils, directement ou indirectement, du num\u00e9rique pour communiquer sur leurs actions&#160;? Avec quels moyens et dans quels buts&#160;? Et quelles relations tissent-ils, par ces biais, avec les populations locales, qu\u2019il s\u2019agisse ou non de leurs potentiels \u00e9lecteurs et \u00e9lectrices&#160;?<\/p>\n<p class=\"texte\">Concernant l\u2019usage du num\u00e9rique par les m\u00e9dias au niveau des territoires, il existe de longue date des analyses des effets de la num\u00e9risation sur les \u00e9cosyst\u00e8mes m\u00e9diatiques \u00ab&#160;au local&#160;\u00bb (Observatoire des NTIC et des m\u00e9tiers, 2002&#160;; Damian et al., 2002&#160;; Parasie et Cointet, 2012&#160;; Jeanne-Perrier, 2012&#160;; Nielsen, 2015&#160;; Hess et Waller, 2016&#160;; Negreira-Rey L\u00f3pez-Garc\u00eda, 2021) et sur le travail concret des journalistes locaux (Smyrnaios et al., 2012&#160;; Bousquet et Smyrnaios, 2012&#160;; Guimer\u00e0 et al., 2018&#160;; Amiel et Bousquet, 2021&#160;; Kaciaf, 2020). Il nous semble d\u00e8s lors pertinent de continuer \u00e0 interroger ces effets \u00e0 l\u2019heure des d\u00e9bats sur la notion de \u00ab&#160;d\u00e9serts informationnels&#160;\u00bb, l\u00e0 o\u00f9 le journalisme local d\u00e9cline (Gulyas et al., 2023&#160;; Usher, 2023), et sur l\u2019\u00e9mergence (et la p\u00e9rennit\u00e9) de m\u00e9dias \u00ab&#160;hyperlocaux&#160;\u00bb, qu\u2019ils s\u2019agissent de pure players (Tr\u00e9dan et al., 2018) ou d\u2019initiatives amateurs comme sur Facebook par exemple (Nygren, 2019). Les relations de d\u00e9pendance entre candidats, \u00e9lus, administrations et journalistes locaux (Murphy, 1976&#160;; Le Bohec, 1994&#160;; Frisque, 2010) m\u00e9ritent d\u2019\u00eatre r\u00e9\u00e9valu\u00e9es \u00e0 l\u2019aune des interactions en ligne entre tous ces acteurs, notamment sur certains r\u00e9seaux sociaux num\u00e9riques ou au regard d\u2019\u00e9ventuelles d\u00e9t\u00e9riorations des rapports aux politiques locaux et des conditions de travail des \u00ab&#160;localiers&#160;\u00bb (Franklin, 2005&#160;; Theviot, 2023). De m\u00eame, l\u2019introduction de savoir-faire techniques, reposant fortement sur le num\u00e9rique (Mercier et Pignard-Cheynel, 2014), tels que le journalisme mobile, le fact-checking (Graves et Mantzarlis, 2020&#160;; Nicey, 2022), le datajournalisme (Parasie et Dagiral, 2013) ou les infographies (Beyaert-Geslin et Alexander, 2020), n\u00e9cessite \u00e9galement de nouvelles enqu\u00eates pour mieux comprendre l\u2019activit\u00e9 des localiers pendant et hors campagnes \u00e9lectorales, ainsi que les processus de cat\u00e9gorisation et de (d\u00e9)l\u00e9gitimation mis en place par certains acteurs politiques par rapport au travail des journalistes politiques locaux.<\/p>\n<p class=\"texte\">Ce dossier sera bien entendu aussi l\u2019occasion de porter le regard sur les autres acteurs qui participent au jeu de la communication politique des territoires. On peut par exemple penser aux consultants en communication, en strat\u00e9gie num\u00e9rique ou en microciblage \u00e9lectoral. Comment, via ces acteurs et leurs pratiques, s\u2019effectue la professionnalisation de la communication politique au niveau des communes, des d\u00e9partements ou des r\u00e9gions&#160;? Depuis les travaux de J. Blumber et D. Kavanagh, la sollicitation de sp\u00e9cialistes de la communication politique \u2013 qualifi\u00e9s de \u00ab&#160;nouvelles \u00e9lites de la politique&#160;\u00bb (Blumler et Kavanagh, 1999&#160;: 213) \u2013 par les instances partisanes a \u00e9t\u00e9 fortement soulign\u00e9e et ce, d\u2019autant plus que des comp\u00e9tences techniques et la ma\u00eetrise d\u2019un vocable sp\u00e9cifique sont d\u00e9sormais requis (Kreiss, 2016&#160;; Ehrhard et al., 2019&#160;; Theviot, 2019). \u00c0 l\u2019\u00e9chelle locale, le recours \u00e0 des prestataires externes offrant des conseils en communication politique s\u2019est-il pour autant aussi normalis\u00e9 qu\u2019au national&#160;? On pourra se demander si, en campagne \u00e9lectorale, les \u00e9quipes locales ont les moyens de faire appel \u00e0 ce type de prestations. En miroir, on pourra observer comment se vendent ces conseillers en communication politique num\u00e9rique aupr\u00e8s des acteurs locaux et si ces derniers d\u00e9veloppent des expertises sp\u00e9cifiques pour accompagner la communication num\u00e9rique des \u00e9lus locaux. Comme l\u2019ont \u00e9galement montr\u00e9 plusieurs travaux sur la reconfiguration du journalisme local (Bousquet et al., 2015), il faudra aussi ajouter \u00e0 ce paysage les \u00e9quipes, plus ou moins fournies, en charge de la communication institutionnelle des collectivit\u00e9s territoriales, puisqu\u2019elles se sont elles aussi saisies de certains outils num\u00e9riques (Pailliart, 2014), avec des versions num\u00e9ris\u00e9es des bulletins municipaux ou l\u2019utilisation directe de certains r\u00e9seaux sociaux&#160;: dans quelle mesure le volet num\u00e9rique du travail de communication op\u00e9r\u00e9 par ces services vient-il compl\u00e9ter, amender, voire brouiller les usages num\u00e9riques des \u00e9lus&#160;? Comment cette communication num\u00e9rique interagit-elle avec d\u2019autres contenus en ligne, notamment journalistiques et comment est-elle re\u00e7ue par les populations locales&#160;? En effet, les propositions pourront aussi s\u2019int\u00e9resser aux initiatives citoyennes. Plus ou moins concert\u00e9es et organis\u00e9es, leur r\u00f4le social pourra \u00eatre \u00e9tudi\u00e9, notamment \u00e0 travers l\u2019analyse de groupes locaux Facebook ou Whatsapp d\u2019habitants. Il s\u2019agira in fine d\u2019\u00e9tudier le r\u00f4le de ces diff\u00e9rents professionnels ou amateurs, et les cons\u00e9quences possibles de leurs activit\u00e9s sur la vie politique locale. L\u2019ambition est par l\u00e0-m\u00eame d\u2019analyser les effets de ces recompositions professionnelles sur la communication politique et d\u2019interroger ainsi les mutations du travail politique au local.<\/p>\n<h2 class=\"texte\">Pistes de recherche<\/h2>\n<p class=\"texte\">Les propositions d\u2019articles \u00e9tudiant des cas issus de tous pays sont bienvenues et attendues afin que ce dossier puisse s\u2019enrichir d\u2019une mise en perspective \u00e0 l\u2019international. Par ailleurs, les travaux relevant des sciences de l\u2019information et de la communication, de la science politique, de l\u2019anthropologie, de la sociologie ou encore de l\u2019informatique et\/ou proposant une approche croisant ces disciplines sont encourag\u00e9s, avec comme point commun l\u2019appui sur un terrain empirique pouss\u00e9. Les r\u00e9sumes pourront plus particuli\u00e8rement s\u2019inscrire dans un ou plusieurs des axes suivants&#160;:<\/p>\n<h2>1. Usages partisans et m\u00e9diatiques du num\u00e9rique au local&#160;: acteurs et ressources<\/h2>\n<p class=\"texte\">Diff\u00e9rents acteurs sont donc susceptibles d\u2019utiliser le num\u00e9rique au niveau local, \u00e0 des fins tant partisanes que m\u00e9diatiques. On peut compter parmi eux les \u00e9lus et candidats, leurs conseillers et administrations, les journalistes locaux, ou encore les militants et citoyens. Ce premier axe rappelle la n\u00e9cessit\u00e9 d\u2019interroger pr\u00e9cis\u00e9ment les caract\u00e9ristiques \u2013 politiques, sociales mais aussi professionnelles \u2013 de ces acteurs et leurs ressources \u2013 financi\u00e8res, techniques, etc. On ne sait en effet que peu de choses les concernant dans les territoires ruraux par exemple. Le num\u00e9rique s\u2019est-il impos\u00e9 dans tous les espaces politiques locaux, y compris dans ces espaces par ailleurs souvent caract\u00e9ris\u00e9s par leur isolement&#160;? Qui sont alors ceux qui utilisent le num\u00e9rique et avec quels moyens&#160;? Tous les candidats, par exemple, sont-ils en mesure de constituer des \u00e9quipes num\u00e9riques&#160;?<\/p>\n<p class=\"texte\">Les usages socialement diff\u00e9renci\u00e9s du num\u00e9rique, en termes d\u2019\u00e2ge, de genre ou d\u2019origine sociale pourront \u00eatre mis en avant, \u00e0 l\u2019image des \u00e9carts constat\u00e9s entre les comptes Instagram des candidats et candidates aux \u00e9lections municipales canadiennes (Sullivan, 2023). R\u00e9ciproquement, les contributions pourront observer dans quelle mesure les caract\u00e9ristiques sociales des populations pr\u00e9sentes sur les territoires influencent les usages partisans et m\u00e9diatiques du num\u00e9rique (Neihouser et Carrier, 2022). \u00c0 l\u2019occasion des \u00e9lections municipales fran\u00e7aises de 2020, certains travaux (Neihouser et al., 2022a) ont montr\u00e9 par exemple que la participation num\u00e9rique \u00e9tait rest\u00e9e minoritaire durant la campagne et cela malgr\u00e9 le contexte sanitaire extraordinaire en lien avec la covid-19 et le confinement g\u00e9n\u00e9ralis\u00e9 qu\u2019elle a entra\u00een\u00e9. N\u00e9anmoins, il a \u00e9t\u00e9 possible d\u2019observer, parmi la minorit\u00e9 de citoyens mobilis\u00e9s en ligne, des variations dans le choix des plateformes et des pratiques principalement li\u00e9es \u00e0 l\u2019\u00e2ge et \u00e0 des variables politiques. Certains terrains permettent-ils de creuser cette piste de recherche d\u2019une diff\u00e9renciation des usages du num\u00e9rique par les diff\u00e9rents acteurs politiques locaux&#160;? De m\u00eame, une autre piste de r\u00e9flexion pourra consister \u00e0 se demander si le manque de comp\u00e9tences digitales des militants locaux peut \u00eatre un frein au d\u00e9veloppement d\u2019une mobilisation partisane au niveau local, ou si certains d\u2019entre eux disposent, au contraire, de ressources originales et pertinentes. En outre, la politisation par le num\u00e9rique est aussi men\u00e9e par des groupes ou coalitions de cause locaux, non n\u00e9cessairement affili\u00e9s \u00e0 un mouvement ou \u00e0 une institution politique&#160;: ceux-ci m\u00e9ritent d\u2019\u00eatre davantage document\u00e9s afin de pouvoir en mesurer plus finement l\u2019ampleur et les effets.<\/p>\n<p class=\"texte\">Au-del\u00e0 des acteurs politiques au sens strict et de leurs soutiens, qui sont les autres acteurs susceptibles de faire un usage politique ou m\u00e9diatique du num\u00e9rique au niveau local&#160;? Quelles sont les ressources dont b\u00e9n\u00e9ficient, entre autres, les professionnels de la communication \u2013 qu\u2019ils soient salari\u00e9s, prestataires externes (Legavre, 1994) ou \u00ab&#160;localiers&#160;\u00bb \u2013 dans leurs usages du num\u00e9rique au niveau local&#160;? Qui sont, par exemple, parmi les journalistes, ceux qui utilisent le num\u00e9rique afin de couvrir la vie politique locale&#160;? Avec quels autres acteurs sont-ils en relation&#160;? La place occup\u00e9e par des prestataires en communication num\u00e9rique, voire en microciblage \u00e9lectoral, dans ces \u00e9cosyst\u00e8mes en ligne de la politique au niveau local devra \u00eatre questionn\u00e9e. En France, d\u00e8s 2014, des candidats partant \u00e0 la conqu\u00eate de grandes agglom\u00e9rations telles que Paris ou Marseille ont en effet eu recours \u00e0 des outils de ciblage par les donn\u00e9es. En 2020, les usages \u00e9lectoraux des big data se sont \u00e9tendus \u00e0 des municipalit\u00e9s de plus petite taille, telles que celle d\u2019Angers, en parall\u00e8le au d\u00e9veloppement d\u2019applications digitales d\u2019aide \u00e0 l\u2019organisation et \u00e0 la mobilisation des militants de terrain, cr\u00e9\u00e9es par des entreprises de ciblage \u00e9lectoral telles que eXplain par exemple (Theviot, 2022). Comment ce nouveau march\u00e9 est-il en train d\u2019\u00e9voluer et de se structurer&#160;? De nouveaux acteurs \u00e9mergent-ils&#160;? Les propositions pourront \u00e9tudier leurs relations non seulement avec les \u00e9lus et les candidats mais aussi avec les administrations et les habitants des diff\u00e9rents territoires. Par ailleurs, la mani\u00e8re dont la presse locale r\u00e9agit \u00e0 l\u2019arriv\u00e9e de nouveaux acteurs, de nouvelles pratiques en lien avec le num\u00e9rique sera \u00e0 prendre compte.<\/p>\n<h2>2. Des pratiques sp\u00e9cifiques aux environnements marqu\u00e9s par la proximit\u00e9&#160;?<\/h2>\n<p class=\"texte\">L\u2019objectif de ce deuxi\u00e8me axe est d\u2019\u00e9tudier les pratiques et les strat\u00e9gies des acteurs locaux utilisant le num\u00e9rique \u00e0 des fins partisanes ou m\u00e9diatiques, mais aussi plus particuli\u00e8rement les contraintes auxquelles ils doivent faire face. Nous cherchons ici \u00e0 mieux comprendre dans quelle mesure ces usages du num\u00e9rique transforment (ou non) la mani\u00e8re de faire de la politique au niveau local.<\/p>\n<p class=\"texte\">Les propositions pourront bien entendu se concentrer sur les p\u00e9riodes \u00e9lectorales. Il pourra alors s\u2019agir d\u2019\u00e9tudier les implications des usages num\u00e9riques sur l\u2019organisation des campagnes ou encore la place des outils num\u00e9riques dans les r\u00e9pertoires d\u2019actions \u00e9lectorales locaux. Une autre piste pourra se concentrer sur les \u00e9volutions du militantisme au niveau local et analyser, par exemple, l\u2019articulation du cyber-militantisme avec des pratiques militantes traditionnelles (bo\u00eetage, collage, etc.) ou encore les r\u00e9actions des militants locaux au d\u00e9veloppement des nouveaux outils num\u00e9riques. La rationalisation du porte-\u00e0-porte par exemple, permise entre autres par le recours \u00e0 certains outils num\u00e9riques, se traduit autant dans de nouvelles pratiques que dans la confrontation avec de nouvelles logiques et strat\u00e9gies pour les militants (Lefebvre, 2016). Quel est, d\u00e8s lors, le r\u00f4le des applications de mobilisation d\u00e9velopp\u00e9es par les partis pour animer l\u2019activit\u00e9 locale&#160;? Plus g\u00e9n\u00e9ralement, les recherches qui s\u2019int\u00e9ressent \u00e0 la mani\u00e8re dont les citoyens eux-m\u00eames re\u00e7oivent ces nouveaux usages et mobilisent les outils num\u00e9riques \u2013 et particuli\u00e8rement les m\u00e9dias sociaux \u2013 pour s\u2019exprimer au local auront toute leur place dans ce dossier. Enfin, la communication en ligne des candidats pourra aussi \u00eatre interrog\u00e9e afin de comprendre dans quelle mesure elle peut venir concurrencer les organes m\u00e9diatiques locaux traditionnels. En effet, si des enqu\u00eates r\u00e9centes ont certes montr\u00e9 que les relations entre journalistes et \u00e9lus se reconfigurent au local (Kaciaf, 2018), le journaliste politique a-t-il pour autant cess\u00e9 d\u2019\u00eatre le maillon privil\u00e9gi\u00e9 des candidats pour communiquer avec leurs \u00e9lectorats&#160;?<\/p>\n<p class=\"texte\">Les propositions pourront \u00e9galement se focaliser sur les usages du num\u00e9rique et leur (non&#160;?) influence sur la publicisation de l\u2019action politique des \u00e9lus et de leurs opposants en temps ordinaires. Il s\u2019agira alors, par exemple, de tenter de comprendre comment se reconfigurent les sp\u00e9cificit\u00e9s du journalisme local durant les mandats, lorsqu\u2019il s\u2019agit de rendre compte des actions du personnel politique au quotidien. Les articles pourront notamment interroger aussi bien les enjeux des \u00ab&#160;nouvelles&#160;\u00bb mani\u00e8res de faire du journalisme (mise en place d\u2019infographies, fact-checking, data-journalisme, etc.) que la fa\u00e7on dont les m\u00e9dias traditionnels se retrouvent en concurrence avec de nouveaux acteurs mobilis\u00e9s en ligne (influenceurs politiques, journalistes citoyens, community managers des insititutions locales, etc.)&#160;: comment ces derniers transforment-ils le suivi de l\u2019action politique locale&#160;? Dans quelle mesure peut-on parler de pure players locaux selon les types de territoires et quelles fonctions peuvent-ils y occuper (Bousquet et al., 2015)&#160;? Concernant le personnel politique et militant local, il sera \u00e9galement possible de questionner ses croyances en mati\u00e8re de d\u00e9mocratie num\u00e9rique et d\u2019utilisation des m\u00e9dias sociaux (toucher des populations plus jeunes, susciter la confiance, etc.) et la mani\u00e8re dont il anime, active ou contr\u00f4le le militantisme en ligne. Enfin, la mise en sc\u00e8ne du \u00ab&#160;local&#160;\u00bb ou des \u00ab&#160;traditions&#160;\u00bb dans la communication politique num\u00e9rique, tant au sein des sections locales des partis que par les charg\u00e9s de communication des diff\u00e9rents ex\u00e9cutifs locaux, pourra aussi \u00eatre abord\u00e9e.<\/p>\n<h2 class=\"texte\">3. Num\u00e9riser la vie politique locale&#160;: quels effets&#160;?<\/h2>\n<p class=\"texte\">Ce troisi\u00e8me axe ambitionne d\u2019\u00e9largir l\u2019analyse en \u00e9tudiant comment les usages du num\u00e9rique au local sont susceptibles d\u2019avoir des effets \u00e0 plus long terme sur la politique et la politisation aux diff\u00e9rents \u00e9chelons territoriaux. En effet, ces usages sont d\u2019abord susceptibles de faire \u00e9voluer \u2013 en les renfor\u00e7ant ou, au contraire, en les d\u00e9stabilisant \u2013, les collaborations et \u00e9quilibres existants entre acteurs locaux&#160;: observe-t-on ainsi une mont\u00e9e en puissance des professionnels de la communication et du num\u00e9rique aux d\u00e9pens des acteurs plus politiques&#160;? Sur cette question des \u00e9volutions des relations entre acteurs locaux, les propositions pourront plus sp\u00e9cifiquement \u00e9tudier comment les candidats et \u00e9lus n\u00e9gocient le fait de d\u00e9l\u00e9guer une partie de leur communication en ligne non seulement \u00e0 leurs \u00e9quipes, mais aussi \u00e0 des prestataires ext\u00e9rieurs. Elles pourront aussi analyser la mani\u00e8re dont ces d\u00e9l\u00e9gations sont (ou non) exploit\u00e9es par leurs opposants ou quelles sont les r\u00e9actions des administr\u00e9s \u00e0 cette professionnalisation de la communication politique locale. Une attention particuli\u00e8re pourra ici \u00eatre port\u00e9e au r\u00f4le des m\u00e9dias et aux enjeux de m\u00e9diatisation. Il s\u2019agira de comprendre, par exemple, si les usages du num\u00e9rique permettent \u00e0 certains groupes de gagner en visibilit\u00e9 quand d\u2019autres se trouveraient au contraire absents de certains espaces en ligne et\/ou d\u00e9pendants de nouvelles comp\u00e9tences sectorielles. Cela permet d\u2019inclure ici les enjeux li\u00e9s aux mobilisations en ligne d\u2019habitants, sur les r\u00e9seaux sociaux notamment&#160;: ces derni\u00e8res sont marqu\u00e9es par l\u2019organisation de collectifs plus ou moins formels, d\u2019\u00e9changes et parfois de d\u00e9bats intenses, en public ou en priv\u00e9&#160;; surtout, elles peuvent conduire \u00e0 la mise \u00e0 l\u2019agenda et \u00e0 la politisation de certains sujets ou causes, possiblement d\u00e9laiss\u00e9s ou invisibilis\u00e9s par les autres acteurs.<\/p>\n<p class=\"texte\">Les cons\u00e9quences d\u00e9mocratiques de ces usages num\u00e9riques sont d\u00e8s lors \u00e0 explorer et questionner. La communication num\u00e9rique des \u00e9lus et de leurs \u00e9quipes peut-elle court-circuiter le travail des organes m\u00e9diatiques traditionnels et affecter le d\u00e9bat public&#160;? Dans ces \u00e9cosyst\u00e8mes politiques et m\u00e9diatiques locaux, quelle place est-elle laiss\u00e9e \u00e0 l\u2019expression des oppositions ou plus largement \u00e0 celle des voix discordantes&#160;? De m\u00eame, ces mobilisations locales et bottom-up qui se d\u00e9veloppent pour partie en ligne renouvellent-elles v\u00e9ritablement les r\u00e9pertoires de la participation politique, et ont-elles un effet sur la politisation des citoyens, voire la polarisation de la politique locale&#160;? Concernant les relations avec les m\u00e9dias traditionnels (papier, radio ou t\u00e9l\u00e9vision), on pourra se demander dans quelle mesure ceux-ci tentent de pr\u00e9server leurs positions au sein des syst\u00e8mes politiques locaux, alors m\u00eame que les entreprises de presse locale ont tendance \u00e0 rationaliser leurs d\u00e9penses et donc \u00e0 r\u00e9duire tant le nombre de leurs localiers que de leurs agences locales. Les chaines de t\u00e9l\u00e9vision ou de radio locales, ou encore les d\u00e9crochages r\u00e9gionaux de chaines nationales se voient-elles contraintes \u00e9galement d\u2019\u00e9voluer, dans leur fonctionnement et\/ou dans les sujets trait\u00e9s, face \u00e0 l\u2019\u00e9mergence de m\u00e9dias num\u00e9riques locaux ou de sources d\u2019information locale alternatives&#160;? Des r\u00e9flexions pourront en ce sens \u00eatre men\u00e9es quant au potentiel affaiblissement du r\u00f4le des m\u00e9dias traditionnels sur l\u2019action politique locale et sa critique.<\/p>\n<p class=\"texte\">Cet axe sugg\u00e8re enfin de porter le regard sur l\u2019articulation des \u00e9chelles locale, nationale, voire internationale et leurs implications. Si dans l\u2019organisation traditionnelle des partis politiques, l\u2019\u00e9chelle nationale et l\u2019\u00e9chelle locale fonctionnent de mani\u00e8re \u00ab&#160;embo\u00eet\u00e9e&#160;\u00bb (Bailey, 1971), il sera int\u00e9ressant d\u2019observer comment des injonctions contradictoires venant du national et se r\u00e9percutant au sein des comit\u00e9s locaux peuvent remettre en cause ce fonctionnement. Dans cette perspective, de quelle mani\u00e8re des prescriptions des web-strat\u00e8ges issues du si\u00e8ge du parti se confrontent-elles aux usages effectifs des adh\u00e9rents\/b\u00e9n\u00e9voles au local, et comment cela affecte-t-il les relations que le local entretient avec le niveau central&#160;? En effet, le local ne se situe pas n\u00e9cessairement dans une relation de subordination ou de d\u00e9pendance par rapport au niveau national, mais bien plut\u00f4t dans une interd\u00e9pendance r\u00e9ciproque. Il s\u2019agira alors de rep\u00e9rer les possibilit\u00e9s d\u2019autonomisation (ou d\u2019encadrement) des militants au local par rapport au parti \u00e0 travers le num\u00e9rique. Par ailleurs, dans les partis-mouvements (Lefebvre, 2018) o\u00f9 les \u00e9chelons partisans interm\u00e9diaires traditionnels sont cens\u00e9s \u00eatre peu pr\u00e9sents, quel r\u00f4le joue le num\u00e9rique dans le dialogue entre le local et le national&#160;? Est-ce que dans ces partis-mouvements, le num\u00e9rique permet de constituer de nouvelles formes d\u2019organisation moins hi\u00e9rarchis\u00e9es, voire de contourner le local&#160;?<\/p>\n<p class=\"texte\">Dans le m\u00eame temps, d\u2019un point de vue m\u00e9diatique et journalistique, la question de la couverture, par les repr\u00e9sentants des m\u00e9dias nationaux par exemple, de l\u2019actualit\u00e9 politique au niveau local devra \u00eatre pos\u00e9e. Leur connaissance des enjeux locaux est-elle ainsi facilit\u00e9e par le suivi du personnel politique local, qui peut d\u00e9sormais s\u2019effectuer \u00e0 distance via les r\u00e9seaux sociaux notamment&#160;? Malgr\u00e9 les restrictions budg\u00e9taires, le d\u00e9veloppement des sites internet de m\u00e9dias sur lesquels l\u2019espace disponible est moins contraint que sur les formats traditionnels permet-il aux entreprises m\u00e9diatiques nationales de tenir en ligne des rubriques concernant la vie politique locale des grandes m\u00e9tropoles notamment&#160;? Par ailleurs, des consortiums de titres de presse au niveau national ou m\u00eame international, encourag\u00e9s par les d\u00e9veloppements du num\u00e9rique, ont-ils \u0153uvr\u00e9 pour jeter un nouveau regard sur la vie politique au niveau local et avec quelles cons\u00e9quences&#160;?<\/p>\n<h2 class=\"texte\">Informations pratiques<\/h2>\n<p class=\"texte\">Les r\u00e9sum\u00e9s des articles (3 000 signes maximum) sont attendus pour le 21 juin 2024. Ils sont \u00e0 envoyer aux quatre adresses suivantes&#160;:<\/p>\n<ul>\n<li class=\"texte\">neihouser.marie@gmail.com<\/li>\n<li class=\"texte\">atheviot@uco.fr<\/li>\n<li class=\"texte\">sfrancoi@uco.fr<\/li>\n<li class=\"texte\">journal.reset@gmail.com<\/li>\n<\/ul>\n<p>&nbsp;<\/p>\n<ul>\n<li class=\"texte\">R\u00e9ponse aux auteurs&#160;: d\u00e9but juillet 2024<\/li>\n<li class=\"texte\">Date limite de remise des articles pour les r\u00e9sum\u00e9s s\u00e9lectionn\u00e9s (40 000 \u00e0 60 000 signes, espaces compris et bibliographie exclue)&#160;: 15 novembre 2024.<\/li>\n<\/ul>\n<p class=\"texte\">La proposition (r\u00e9sum\u00e9), r\u00e9dig\u00e9e en anglais ou en fran\u00e7ais, mentionnera la question de recherche, la m\u00e9thodologie utilis\u00e9e, le cadre th\u00e9orique employ\u00e9 et les r\u00e9sultats envisag\u00e9s. Elle insistera sur l\u2019int\u00e9r\u00eat scientifique de l\u2019article propos\u00e9 au regard de la litt\u00e9rature existante et de l\u2019appel \u00e0 communication, et sera accompagn\u00e9e d\u2019une courte bibliographie.<\/p>\n<p class=\"texte\">Les r\u00e9sum\u00e9s seront \u00e9valu\u00e9s anonymement par les membres du comit\u00e9 de r\u00e9daction de la revue. Les auteurs s\u00e9lectionn\u00e9s \u00e0 ce stade devront envoyer leur article sous format \u00e9lectronique avant le 15 novembre 2024.<\/p>\n<p class=\"texte\">La revue RESET est \u00e9galement ouverte, dans sa rubrique Varia, \u00e0 tous les travaux relevant des sciences humaines et sociales, et portant sur le num\u00e9rique comme objet ou m\u00e9thode de recherche.<\/p>\n<h2 class=\"texte\">Bibliographie<\/h2>\n<p class=\"texte\">AGRIKOLIANSKY \u00c9ric, HEURTAUX J\u00e9r\u00f4me &amp; LE GRIGNOU Brigitte (dir.) (2011). Paris en campagne. Les \u00e9lections municipales de mars 2008 dans deux arrondissements parisiens, Bellecombe-en-Bauges, \u00c9ditions du Croquant.<\/p>\n<p class=\"texte\">AMIEL Pauline (2019). \u00ab&#160;L&rsquo;identit\u00e9 professionnelle des localiers \u00e0 l&rsquo;heure des mutations \u00e9conomique et num\u00e9rique de la presse locale. Vers un journalisme de service&#160;?&#160;\u00bb, Les Cahiers du num\u00e9rique, 15(4), pp. 17-38.<\/p>\n<p class=\"texte\">AMIEL Pauline &amp; BOUSQUET Franck (2022). \u00ab&#160;La presse quotidienne r\u00e9gionale&#160;: un mod\u00e8le informationnel sous tension&#160;\u00bb, Les Enjeux de l\u2019information et de la communication, 23(1), pp. 81-92.<\/p>\n<p class=\"texte\">BAILEY Frederick G. (1971). Les r\u00e8gles du jeu politique, Paris, PUF.<\/p>\n<p class=\"texte\">BALLARINI Lo\u00efc (2008). \u00ab&#160;Presse locale, un m\u00e9dia de diversion&#160;\u00bb, R\u00e9seaux, 148-149(2-3), pp. 405-426.<\/p>\n<p class=\"texte\">BERNARDIN St\u00e8ve &amp; JEANNOT Gilles (2019). \u00ab&#160;La ville intelligente sans les villes&#160;? Interop\u00e9rabilit\u00e9, ouvertures et ma\u00eetrise des donn\u00e9es publiques au sein des administrations municipales&#160;\u00bb, R\u00e9seaux, 218(6), pp. 9-37.<\/p>\n<p class=\"texte\"><span lang=\"de\" xml:lang=\"de\">BEYAERT-Geslin Anne &amp; Alexander Andr\u00e9a (2020). <\/span>Dossier \u00ab&#160;Entre data journalisme et pratique infographique&#160;\u00bb, Interfaces num\u00e9riques, 9(3)&#160;: https:\/\/www.unilim.fr\/interfaces-numeriques\/4389<\/p>\n<p class=\"texte\"><span lang=\"en\" xml:lang=\"en\">BLUMLER Jay G. &amp; KAVANAGH Dennis (1999). \u00ab&#160;The Three Ages of Political Communication&#160;\u00bb, Political Communication, 16(3), pp. 209-230.<\/span><\/p>\n<p class=\"texte\"><span lang=\"en\" xml:lang=\"en\">BOUSQUET Franck, MARTY Eric &amp; SMYRNAIOS Nikos (2015). <\/span>\u00ab&#160;Les nouveaux acteurs en ligne de l\u2019information locale&#160;: vers une relation aux publics renouvel\u00e9e&#160;?&#160;\u00bb, Sur le journalisme About Journalism Sobre jornalismo, 4(2), pp.48-61.<\/p>\n<p class=\"texte\">BOYADJIAN Julien (2016). Analyser les opinions politiques sur internet. Enjeux th\u00e9oriques et d\u00e9fis m\u00e9thodologiques, Paris, Dalloz, 2016.<\/p>\n<p class=\"texte\">CHOMBART DE LAUWE Paul-Henry (1990). \u00ab&#160;Penser le local pour comprendre le global&#160;\u00bb, Espaces Temps, pp . 43-44&#160;: http:\/\/www.persee.fr\/web\/revues\/home\/prescript\/article\/espat_0339-3267_1990_num_43_1_3746<\/p>\n<p class=\"texte\">CONTAMIN Jean-Gabriel &amp; DELACROIX Roland (2009). \u00ab&#160;Les transformations des formes d&rsquo;engagement au prisme du local&#160;: L&rsquo;exemple de la CGT du Nord&#160;\u00bb, Politix, 85(1), pp. 81-104.<\/p>\n<p class=\"texte\">CONTAMIN Jean-Gabriel, L\u00c9ONARD Thomas, PAYE Olivier et al. (2020). \u00ab&#160;Les mobilisations p\u00e9titionnaires en ligne sur le survol de Bruxelles et de ses environs&#160;: du syndrome Nimby \u00e0 l\u2019effet foot-in-the-door&#160;\u00bb, Participations, 28 (3), pp. 81-124.<\/p>\n<p class=\"texte\"><span lang=\"en\" xml:lang=\"en\">DAMIAN B\u00e9atrice, RINGOOT Roselyne, THIERRY Daniel &amp; RUELLAN Denis (dir) (2002). inform@tion. local. <\/span>Le paysage m\u00e9diatique r\u00e9gional \u00e0 l\u2019\u00e8re \u00e9lectronique, Paris, Editions L\u2019Harmattan.<\/p>\n<p class=\"texte\">DE LA HAYE Yves (2005). Journalisme, mode d\u2019emploi&#160;: Des mani\u00e8res d\u2019\u00e9crire l\u2019actualit\u00e9, Paris, L\u2019Harmattan (1985).<\/p>\n<p class=\"texte\">DEMOULIN Jeanne &amp; BACQU\u00c9 Marie-H\u00e9l\u00e8ne (2019). \u00ab&#160;Les conseils citoyens, beaucoup de bruit pour rien&#160;?&#160;\u00bb, Participations, 24(2), pp. 5-25.<\/p>\n<p class=\"texte\">DESRUMAUX Cl\u00e9ment, &amp; LEFEBVRE R\u00e9mi (2016). \u00ab&#160;Pour une sociologie des r\u00e9pertoires d\u2019actions \u00e9lectorales&#160;\u00bb, Politix, 29(1), pp. 5-16.<\/p>\n<p class=\"texte\">DOUILLET Anne-C\u00e9cile &amp; LEFEBVRE R\u00e9mi (2017). Sociologie politique du pouvoir local, Malakoff, Armand Colin.<\/p>\n<p class=\"texte\"><span lang=\"en\" xml:lang=\"en\">EHRHARD Thomas, BAMBADE Antoine &amp; COLIN Samuel (2019). <\/span>\u00ab&#160;\u00c0 la conqu\u00eate des \u00e9lections 2.0. \u00c9tude des acteurs et du march\u00e9 de la technologie politique en France&#160;\u00bb, Politiques de communication, 12(1), pp. 97-133.<\/p>\n<p class=\"texte\"><span lang=\"en\" xml:lang=\"en\">FIRMSTONE Julie (2016).\u00ab&#160;Mapping Changes in Local News&#160;\u00bb, Journalism Practice, 10(7), pp. 928 938.<\/span><\/p>\n<p class=\"texte\"><span lang=\"en\" xml:lang=\"en\">FIRMSTONE Julie &amp; WHITTINGTON Rebecca (2021). \u00ab&#160;Local political journalism&#160;: Systematic pressures on the normative functions of local news&#160;\u00bb in Morrison James, Birks Jen &amp; Berry Mike (dir.) The Routledge Companion to Political Journalism, London, Routledge.<\/span><\/p>\n<p class=\"texte\"><span lang=\"en\" xml:lang=\"en\">FRANKLIN Robert Arthur (2005). \u00ab&#160;McJournalism&#160;? The local press and the McDonaldization thesis&#160;\u00bb, in Allan Stuart (dir.) <\/span>Journalism&#160;: Critical Issues, Maidenhead, Open University Press, pp.137-150.<\/p>\n<p class=\"texte\">FRISQUE C\u00e9gol\u00e8ne (2011), \u00ab&#160;Les rapports entre presse r\u00e9gionale et acteurs institutionnels locaux&#160;: partenariats et d\u00e9pendances&#160;\u00bb, in Bousquet Franck &amp; Smyrnaios Nikos (dir.), Les Mutations de l\u2019information et des m\u00e9dias locaux et r\u00e9gionaux, Toulouse, Editions du Lerass.<\/p>\n<p class=\"texte\">FRISQUE C\u00e9gol\u00e8ne (2010). \u00ab&#160;Des espaces m\u00e9diatiques et politiques locaux&#160;?&#160;\u00bb, Revue fran\u00e7aise de science politique, 60(5), pp. 951-973.<\/p>\n<p class=\"texte\"><span lang=\"en\" xml:lang=\"en\">GIBSON Rachel K. (2020). When the Nerds Go Marching In&#160;: How Digital Technology Moved from the Margins to the Mainstream of Political Campaigns, New York, NY, Oxford University Press.<\/span><\/p>\n<p class=\"texte\"><span lang=\"en\" xml:lang=\"en\">GRAVES Lucas &amp; MANTZARLIS Alexios (2020). \u00ab&#160;Amid political spin and online misinformation, fact-checking adapts&#160;\u00bb, The Political Quarterly, 91(3), pp. 585-591.<\/span><\/p>\n<p class=\"texte\">GREFFET Fabienne &amp; NEIHOUSER Marie (2022). Introduction du dossier&#160;: \u00ab&#160;Battre la campagne num\u00e9rique. Les recompositions des activit\u00e9s \u00e9lectorales \u00e0 l\u2019heure de la digitalisation&#160;\u00bb, Politiques de communication, (2), pp. 5-20.<\/p>\n<p class=\"texte\">GUIMER\u00c0 Josep \u00c0ngel, DOMINGO David &amp; WILLIAMS Andy (2018). \u00ab&#160;Journalisme local en Europe&#160;: retrouver son public&#160;\u00bb, Sur le journalisme, About journalism, Sobre jornalismo, 7(2), en ligne&#160;: https:\/\/revue.surlejournalisme.com\/slj\/article\/view\/355<\/p>\n<p class=\"texte\">GULYAS Agnes, JENKINS Joy &amp; BERGSTR\u00d6M Annika (2023). <span lang=\"en\" xml:lang=\"en\">\u00ab&#160;Places and Spaces Without News&#160;: The Contested Phenomenon of News Deserts&#160;\u00bb, Media and Communication, 11(3), pp. 285 289.<\/span><\/p>\n<p class=\"texte\"><span lang=\"en\" xml:lang=\"en\">HAYES Danny &amp; LAWLESS Jennifer (2018). \u00ab&#160;The decline of local news and its effects&#160;: new evidence from longitudinal data&#160;\u00bb, The Journal of Politics, LXXX(1), pp. 332-336.<\/span><\/p>\n<p class=\"texte\"><span lang=\"en\" xml:lang=\"en\">HESS Kristy &amp; WALLER Lisa (2016). Local Journalism in a Digital World&#160;: Theory and Practice in the Digital Age, London New York, Red Globe Press.<\/span><\/p>\n<p class=\"texte\">KACIAF Nicolas (2020). \u00ab&#160;Faire rendre des comptes. Les conditions de l\u2019investigation journalistique \u00e0 l\u2019\u00e9chelle locale&#160;\u00bb, Politiques de communication, 15(2), pp. 139-166.<\/p>\n<p class=\"texte\">KACIAF Nicolas (2018). \u00ab&#160;Perturber les notables. Les conditions de possibilit\u00e9 d\u2019un journalisme d\u2019enqu\u00eate \u00e0 l\u2019\u00e9chelle locale&#160;\u00bb, Savoir\/Agir, 46(4), pp. 67-73.<\/p>\n<p class=\"texte\">KACIAF Nicolas &amp; TALPIN Julien (2016). \u00ab&#160;S\u2019engager sans politiser. Sociologie du journalisme dans \u00ab&#160;la ville la plus pauvre de France&#160;\u00bb&#160;\u00bb, Politiques de communication, 7(2), pp. 113-149.<\/p>\n<p class=\"texte\">KIES Rapha\u00ebl &amp; SEIDENTHAL, Sven (2020). \u00ab&#160;Quand les e-p\u00e9titions influencent-elles la d\u00e9cision politique&#160;? Une analyse du syst\u00e8me de p\u00e9titions \u00e9lectroniques de la Chambre des d\u00e9put\u00e9s du Luxembourg&#160;\u00bb, Participations, 28 (3), pp. 177-202.<\/p>\n<p class=\"texte\"><span lang=\"en\" xml:lang=\"en\">KREISS Daniel (2012). Taking our country back&#160;: The crafting of networked politics from Howard Dean to Barack Obama, Cambridge&#160;: MA, Oxford University Press.<\/span><\/p>\n<p class=\"texte\"><span lang=\"en\" xml:lang=\"en\">KREISS Daniel (2016). Prototype politics&#160;: technology-intensive campaigning and the data of democracy, Oxford University Press.<\/span><\/p>\n<p class=\"texte\"><span lang=\"en\" xml:lang=\"en\">KRUSCHINSKI Simon &amp; HALLER Andr\u00e9 (2017). \u00ab&#160;Restrictions on data-driven political micro-targeting in Germany&#160;\u00bb, Internet Policy Review, 6(4). <\/span>En ligne.<\/p>\n<p class=\"texte\">JEANNE-PERRIER Val\u00e9rie (2012). \u00ab&#160;Agrandir et quitter le nid du local&#160;: l\u2019usage de Twitter par les journalistes dans des r\u00e9dactions de m\u00e9dias r\u00e9gionaux&#160;\u00bb, Sciences de la soci\u00e9t\u00e9, 84 85, pp. 193 211.<\/p>\n<p class=\"texte\">LE BOHEC Jacques (1994). \u00ab&#160;Les rapports entre \u00e9lus et localiers. La photographie de presse comme enjeu de pouvoir&#160;\u00bb, Politix. Revue des sciences sociales du politique, 28, pp. 100-112.<\/p>\n<p class=\"texte\">LE BOHEC Jacques (1998), \u00ab&#160;La question du \u00ab&#160;r\u00f4le d\u00e9mocratique&#160;\u00bb de la presse locale en France&#160;\u00bb, Herm\u00e8s 1, pp. 185-198.<\/p>\n<p class=\"texte\">LEFEBVRE R\u00e9mi (2016). \u00ab&#160;La modernisation du porte-\u00e0-porte au Parti socialiste. R\u00e9invention d\u2019un r\u00e9pertoire de campagne et inerties militantes&#160;\u00bb, Politix, 113, pp. 91-115.<\/p>\n<p class=\"texte\">LEFEBVRE R\u00e9mi (2018). \u00ab&#160;Vers un nouveau mod\u00e8le partisan&#160;? Entre d\u00e9classement des partis de gouvernement et av\u00e8nement des partis-mouvements&#160;\u00bb, Cahiers de la recherche sur les droits fondamentaux, 16, pp. 21-30.<\/p>\n<p class=\"texte\">LEFEBVRE R\u00e9mi (2020). \u00ab&#160;Municipales 2020&#160;: les partis politiques, invisibles et omnipr\u00e9sents&#160;\u00bb, La Vie des id\u00e9es, 23&#160;: https:\/\/laviedesidees.fr\/Municipales-2020-les-partis-politiques-invisibles-et-omnipresents<\/p>\n<p class=\"texte\">LEGAVRE Jean-Baptiste (1994). \u00ab&#160;L&rsquo;horizon local de la communication politique. Retour sur la diffusion d&rsquo;une expertise&#160;\u00bb, Politix, 28, pp. 76-99.<\/p>\n<p class=\"texte\">MABILEAU Albert (dir.) (1993). A la recherche du local, Paris, L\u2019Harmattan.<\/p>\n<p class=\"texte\">MERCIER Arnaud &amp; PIGNARD-CHEYNEL Nathalie (2014). \u00ab&#160;Mutations du journalisme l\u2019\u00e8re du num\u00e9rique&#160;: un \u00e9tat des travaux&#160;\u00bb, Revue fran\u00e7aise des sciences de l\u2019information et de la communication&#160;: https:\/\/journals.openedition.org\/rfsic\/1097<\/p>\n<p class=\"texte\"><span lang=\"en\" xml:lang=\"en\">MURPHY Daniel (1976). The Silent Watchdog. Press in Local Politics, Londres, Constable.<\/span><\/p>\n<p class=\"texte\"><span lang=\"en\" xml:lang=\"en\">NEGREIRA-REY Mar\u00eda-Cruz &amp; L\u00d3PEZ-GARC\u00cdA Xos\u00e9 (2021). \u00ab&#160;A Decade of Research on Hyperlocal Media&#160;: An International Approach to a New Media Model&#160;\u00bb, Online Journal of Communication and Media Technologies, 11(3).<\/span><\/p>\n<p class=\"texte\">NEIHOUSER Marie (2016). Un nouvel espace m\u00e9diatique&#160;? Sociologie de la blogosph\u00e8re politique fran\u00e7aise, Paris, LGDJ-Lextenso (Collection des Th\u00e8ses).<\/p>\n<p class=\"texte\">NEIHOUSER Marie, BOYADJIAN Julien &amp; THEVIOT Ana\u00efs (2022). \u00ab&#160;\u201cCampagnes \u00e9lectorales et num\u00e9rique&#160;: regards crois\u00e9s \u00e0 l\u2019international\u201d \u2013 Avant-propos&#160;\u00bb, Revue internationale de politique compar\u00e9e, 2022, 29(2 3), pp. 7 29.<\/p>\n<p class=\"texte\"><span lang=\"en\" xml:lang=\"en\">NEIHOUSER Marie &amp; CARRIER, Justin (2022). \u00ab&#160;A Digital Communication Adapted to the Information Practices of the Legislative District&#160;? The Choice of Online Communication Media for Quebec MNAs&#160;\u00bb, International Journal of Parliamentary Studies, 2(1), pp. 30-49. <\/span><\/p>\n<p class=\"texte\"><span lang=\"it\" xml:lang=\"it\">NEIHOUSER Marie, HAUTE Tristan, VON NOSTITZ Felix &amp; SANDRI Giulia (2022a). <\/span>\u00ab&#160;\u00c0 la recherche des citoyens mobilis\u00e9s en ligne lors des \u00e9lections municipales de 2020&#160;\u00bb, R\u00e9seaux, 235(5).<\/p>\n<p class=\"texte\">NEIHOUSER Marie, HAUTE Tristan, VON NOSTITZ Felix &amp; SANDRI Giulia (2022b). \u00ab&#160;Les r\u00e9seaux socionum\u00e9riques dans la campagne pr\u00e9sidentielle de 2022 en France&#160;: Diversit\u00e9 des usages, diversit\u00e9 des usager\u00b7 e\u00b7 s&#160;?&#160;\u00bb. Revue fran\u00e7aise de science politique, 6, pp. 977-996.<\/p>\n<p class=\"texte\">NEVEU Catherine (2007). \u00ab&#160;Le quartier des politistes&#160;\u00bb, in Authier, Jean-Yves, Bacqu\u00e9, Marie-H\u00e9l\u00e8ne et Gu\u00e9rin-Pace, France (dir.), Le quartier. Enjeux scientifiques, actions politiques et pratiques sociales, Paris, La D\u00e9couverte.<\/p>\n<p class=\"texte\">NICEY J\u00e9r\u00e9mie (2022). \u00ab&#160;Le fact-checking en France, une r\u00e9ponse en condens\u00e9 du journalisme face aux transformations num\u00e9riques des ann\u00e9es 2000 et 2010&#160;\u00bb, Les Enjeux de l&rsquo;information et de la communication, 23(1), pp. 67-79.<\/p>\n<p class=\"texte\"><span lang=\"en\" xml:lang=\"en\">NIELSEN Rasmus Kleis (dir.) (2015). Local Journalism&#160;: The Decline of Newspapers and the Rise of Digital Media, London, I.B. Tauris.<\/span><\/p>\n<p class=\"texte\">NOYER Jacques (2013). \u00ab&#160;Roubaix \u00e0 l\u2019\u00e9cran&#160;: images et imaginaires d\u2019une ville&#160;\u00bb, in Noyer Jacques (dir.) M\u00e9dias et territoires, Presses Universitaires du Septentrion.<\/p>\n<p class=\"texte\">NYGREN Gunnar (2019). \u00ab&#160;Local Media Ecologies&#160;\u00bb, Nordicom Review, 40(2), pp. 51 67.<\/p>\n<p class=\"texte\">OBSERVATOIRE DES NTIC ET DES M\u00c9TIERS (2002). \u00ab&#160;<\/p>\n<p class=\"texte\"><span lang=\"it\" xml:lang=\"it\">OMANGA Duncan, MARE Admire &amp; MAINYE Pamela (dir.) <\/span><span lang=\"en\" xml:lang=\"en\">(2023). Digital Technologies, Elections and Campaigns in Africa, Londres\/New York, NY, Routledge.<\/span><\/p>\n<p class=\"texte\">PAILLIART Isabelle (1994). Les Territoires de la communication, Grenoble, Presses universitaires de Grenoble.<\/p>\n<p class=\"texte\">PAILLIART Isabelle (2014). \u00ab&#160;Territoires, m\u00e9dias et communication&#160;\u00bb in Olivesi St\u00e9phane (dir.) Sciences de l\u2019information et de la communication, Grenoble, Presses universitaires de Grenoble pp. 119 136.<\/p>\n<p class=\"texte\">PARASIE Sylvain &amp; DAGIRAL Eric (2013). \u00ab&#160;Des journalistes enfin lib\u00e9r\u00e9s de leurs sources&#160;? Promesse et r\u00e9alit\u00e9 du \u201cjournalisme de donn\u00e9es\u201d&#160;\u00bb, Sur le journalisme, About journalism, Sobre jornalismo, 2(1), pp. 52-62.<\/p>\n<p class=\"texte\">PARASIE Sylvain &amp; COINTET Jean-Philippe (2012). \u00ab&#160;La presse en ligne au service de la d\u00e9mocratie locale. Une analyse morphologique de forums politiques&#160;\u00bb, Revue fran\u00e7aise de science politique, 62(1), pp. 45 70.<\/p>\n<p class=\"texte\">PEUGEOT Val\u00e9rie, MABI Cl\u00e9ment &amp; CHEVALLIER Benjamin (2019). \u00ab&#160;L\u2019innovation contributive renforce-t-elle le pouvoir citoyen dans la ville num\u00e9rique&#160;? Le cas du Grenoble CivicLab&#160;\u00bb, R\u00e9seaux, 218 (6), pp. 143-169.<\/p>\n<p class=\"texte\">RAOUL Bruno (2020). Le Territoire \u00e0 l\u2019\u00e9preuve de la communication, Lille, Presse Universitaire du Septentrion.<\/p>\n<p class=\"texte\">SAWICKI Fr\u00e9d\u00e9ric (1988). \u00ab&#160;Questions de recherche&#160;: pour une analyse locale des partis politiques&#160;\u00bb, Politix, 2(1).<\/p>\n<p class=\"texte\"><span lang=\"en\" xml:lang=\"en\">STROMER-GALLEY Jennifer (2014). Presidential campaigning in the internet age, Oxford University Press.<\/span><\/p>\n<p class=\"texte\"><span lang=\"en\" xml:lang=\"en\">SULLIVAN Katherine V. R. (2023). \u00ab&#160;\u201cDon\u2019t Put Color in Your Hair, Don\u2019t Do This, Don\u2019t Do That\u201d&#160;: Canadian Mayors\u2019 Mixed Gender Performance on Social Media&#160;\u00bb, Politics &amp; Gender, 19(3), pp. 867 890.<\/span><\/p>\n<p class=\"texte\">THEVIOT Ana\u00efs (2018). Faire campagne sur Internet, Lille, Presses universitaires du Septentrion.<\/p>\n<p class=\"texte\"><span lang=\"en\" xml:lang=\"en\">THEVIOT Ana\u00efs (2019). Big data \u00e9lectoral. <\/span>Dis-moi qui tu es, je te dirai pour qui voter, Bordeaux, Editions Le Bord de l\u2019Eau.<\/p>\n<p class=\"texte\">THEVIOT Ana\u00efs (2023). \u00ab&#160;Des \u00ab&#160;localiers&#160;\u00bb responsables de la diffusion de fausses informations&#160;? Une d\u00e9fiance forte du politique Le cas de la campagne municipale d\u2019Angers en 2020&#160;\u00bb, Les Enjeux de l&rsquo;information et de la communication, 23(1), pp. 69-85.<\/p>\n<p class=\"texte\">TR\u00c9DAN Olivier, GESTIN Philippe &amp; LANGONN\u00c9 Jo\u00ebl (2018), \u00ab&#160;Quand la presse locale s\u2019efface. D\u00e9serts journalistiques et \u00e9mergence des pure players hyperlocaux en p\u00e9riph\u00e9rie des zones&#160;\u00bb, Communication, 35(2).<\/p>\n<p class=\"texte\"><span lang=\"en\" xml:lang=\"en\">USHER Nikki (2023). \u00ab&#160;The Real Problems with the Problem of News Deserts&#160;: Toward Rooting Place, Precision, and Positionality in Scholarship on Local News and Democracy&#160;\u00bb, Political Communication, 40(2), pp.238 253.<\/span><\/p>\n<p class=\"texte\">VASSOR Mathilde (2020). \u00ab&#160;L\u2019instrumentation technique d\u2019une politique participative, un travestissement des rapports de pouvoir&#160;? L\u2019exemple du budget participatif de la Ville de Paris&#160;\u00bb, Interfaces num\u00e9riques, 8(3).<\/p>\n<p class=\"texte\">WOJCIK St\u00e9phanie, MABI Cl\u00e9ment &amp; LUPOVICI Rapha\u00ebl (2023). Dossier \u00ab&#160;Pouvoir local et dispositifs num\u00e9riques&#160;\u00bb, Les Enjeux de l\u2019information et de la communication, 4(1).<\/p>\n<h4>Notes<\/h4>\n<p class=\"notesbaspage\"><a id=\"ftn1\" class=\"FootnoteSymbol\" href=\"https:\/\/journals.openedition.org\/reset\/4915#bodyftn1\">1<\/a> Cet appel \u00e0 articles s\u2019inscrit dans le cadre du projet ANR JCJC MUTADATA \u2013 Les mutations du travail au prisme des big data \u2013 port\u00e9 par Ana\u00efs Theviot (Universit\u00e9 Catholique de l\u2019Ouest) du 1er mars 2020 au 29 f\u00e9vrier 2024. Ce projet porte sur l\u2019usage des data par les partis politiques en France et aux \u00c9tats-Unis. Il interroge notamment la professionnalisation d\u2019une nouvelle expertise politique sous le prisme des big data. Pour plus d\u2019informations&#160;: <a href=\"https:\/\/recherche.uco.fr\/chercheur\/anais-theviot\">https:\/\/recherche.uco.fr\/chercheur\/anais-theviot<\/a><\/p>\n<\/p><\/div>\n<div class=\"zn-singledetail-keywords\">\n<h3 class=\"zn-singledetail-section-title\">Mots-cl\u00e9s<\/h3>\n<ul class=\"termslist termslist-post_tag\">\n<li class=\"termslist-item termslist-title\"><span class=\"termslist-titletxt\">Mots-cl\u00e9s<\/span><span class=\"doubledot\"><\/span><\/li>\n<li class=\"termslist-item tax-post_tag term-medias\"><a class=\"termslist-itemlink\" href=\"https:\/\/www.sfsic.org\/en\/tag\/medias-en\/\" title=\"M\u00e9dias\"><span class=\"termslist-itemname\">M\u00e9dias<\/span><\/a><\/li>\n<li class=\"termslist-item tax-post_tag term-numerique\"><a class=\"termslist-itemlink\" href=\"https:\/\/www.sfsic.org\/en\/tag\/digital\/\" title=\"Num\u00e9rique\"><span class=\"termslist-itemname\">Num\u00e9rique<\/span><\/a><\/li>\n<li class=\"termslist-item tax-post_tag term-politique\"><a class=\"termslist-itemlink\" href=\"https:\/\/www.sfsic.org\/en\/tag\/politics\/\" title=\"Politique\"><span class=\"termslist-itemname\">Politique<\/span><\/a><\/li>\n<li class=\"termslist-item tax-post_tag term-usages\"><a class=\"termslist-itemlink\" href=\"https:\/\/www.sfsic.org\/en\/tag\/usages\/\" title=\"Usages\"><span class=\"termslist-itemname\">Usages<\/span><\/a><\/li>\n<\/ul><\/div>\n<\/p><\/div>\n<\/p><\/div>\n<\/p><\/div>\n<\/p><\/div>\n<\/div>\n<p><!-- \/fxzn:singledetail --><\/p>\n","protected":false},"excerpt":{"rendered":"<p>Mis en ligne le 8 mai 2024 Th\u00e9matiques Communication publique et politique M\u00e9dias et journalisme Num\u00e9rique : strat\u00e9gies, dispositifs et usages R\u00e9ponse attendue pour le 21\/06\/2024 Type de r\u00e9ponse R\u00e9sum\u00e9 [&hellip;]<\/p>\n","protected":false},"author":781,"featured_media":0,"comment_status":"closed","ping_status":"closed","sticky":false,"template":"","format":"standard","meta":{"_acf_changed":false,"footnotes":""},"categories":[28,60],"tags":[390,90,190,303],"thematique":[36,34,39],"sfsic":[],"class_list":["post-32003","post","type-post","status-publish","format-standard","hentry","category-aac-publication","category-article","tag-medias","tag-numerique","tag-politique","tag-usages","thematique-communication-publique-et-politique","thematique-medias-et-journalisme","thematique-numerique-strategies-dispositifs-et-usages","wp-sticky"],"acf":[],"yoast_head":"<!-- This site is optimized with the Yoast SEO plugin v27.4 - https:\/\/yoast.com\/product\/yoast-seo-wordpress\/ -->\n<title>Usages partisans et m\u00e9diatiques du num\u00e9rique au local<\/title>\n<meta name=\"description\" content=\"La revue RESET lance un appel \u00e0 article pour un num\u00e9ro sur les &quot;Usages partisans et m\u00e9diatiques du num\u00e9rique au local&quot;. Ce Num\u00e9ro est coordonn\u00e9 par Marie Neihouser (Institut National Universitaire Champollion, Albi, GRCP\/ESPOL,), Ana\u00efs Theviot (UCO Angers, CHUS\/Ar\u00e8nes,) et S\u00e9bastien Fran\u00e7ois (UCO Nantes, CHUS).\" \/>\n<meta name=\"robots\" content=\"index, follow, max-snippet:-1, max-image-preview:large, max-video-preview:-1\" \/>\n<link rel=\"canonical\" href=\"https:\/\/www.sfsic.org\/en\/aac-publication\/usages-partisans-et-mediatiques-du-numerique-au-local\/\" \/>\n<meta property=\"og:locale\" content=\"en_US\" \/>\n<meta property=\"og:type\" content=\"article\" \/>\n<meta property=\"og:title\" content=\"Usages partisans et m\u00e9diatiques du num\u00e9rique au local\" \/>\n<meta property=\"og:description\" content=\"La revue RESET lance un appel \u00e0 article pour un num\u00e9ro sur les &quot;Usages partisans et m\u00e9diatiques du num\u00e9rique au local&quot;. Ce Num\u00e9ro est coordonn\u00e9 par Marie Neihouser (Institut National Universitaire Champollion, Albi, GRCP\/ESPOL,), Ana\u00efs Theviot (UCO Angers, CHUS\/Ar\u00e8nes,) et S\u00e9bastien Fran\u00e7ois (UCO Nantes, CHUS).\" \/>\n<meta property=\"og:url\" content=\"https:\/\/www.sfsic.org\/en\/aac-publication\/usages-partisans-et-mediatiques-du-numerique-au-local\/\" \/>\n<meta property=\"og:site_name\" content=\"SFSIC\" \/>\n<meta property=\"article:published_time\" content=\"2024-05-09T12:16:36+00:00\" \/>\n<meta name=\"author\" content=\"Axelle Martin\" \/>\n<meta name=\"twitter:card\" content=\"summary_large_image\" \/>\n<script type=\"application\/ld+json\" class=\"yoast-schema-graph\">{\"@context\":\"https:\\\/\\\/schema.org\",\"@graph\":[{\"@type\":\"Article\",\"@id\":\"https:\\\/\\\/www.sfsic.org\\\/en\\\/aac-publication\\\/usages-partisans-et-mediatiques-du-numerique-au-local\\\/#article\",\"isPartOf\":{\"@id\":\"https:\\\/\\\/www.sfsic.org\\\/en\\\/aac-publication\\\/usages-partisans-et-mediatiques-du-numerique-au-local\\\/\"},\"author\":{\"name\":\"Axelle Martin\",\"@id\":\"https:\\\/\\\/www.sfsic.org\\\/en\\\/#\\\/schema\\\/person\\\/d3606993477708f4359fb9aeda58df3b\"},\"headline\":\"Usages partisans et m\u00e9diatiques du num\u00e9rique au local\",\"datePublished\":\"2024-05-09T12:16:36+00:00\",\"mainEntityOfPage\":{\"@id\":\"https:\\\/\\\/www.sfsic.org\\\/en\\\/aac-publication\\\/usages-partisans-et-mediatiques-du-numerique-au-local\\\/\"},\"wordCount\":6472,\"publisher\":{\"@id\":\"https:\\\/\\\/www.sfsic.org\\\/en\\\/#organization\"},\"keywords\":[\"M\u00e9dias\",\"Num\u00e9rique\",\"Politique\",\"Usages\"],\"articleSection\":[\"AAC Publications\",\"Article\"],\"inLanguage\":\"en-US\"},{\"@type\":\"WebPage\",\"@id\":\"https:\\\/\\\/www.sfsic.org\\\/en\\\/aac-publication\\\/usages-partisans-et-mediatiques-du-numerique-au-local\\\/\",\"url\":\"https:\\\/\\\/www.sfsic.org\\\/en\\\/aac-publication\\\/usages-partisans-et-mediatiques-du-numerique-au-local\\\/\",\"name\":\"Usages partisans et m\u00e9diatiques du num\u00e9rique au local\",\"isPartOf\":{\"@id\":\"https:\\\/\\\/www.sfsic.org\\\/en\\\/#website\"},\"datePublished\":\"2024-05-09T12:16:36+00:00\",\"description\":\"La revue RESET lance un appel \u00e0 article pour un num\u00e9ro sur les \\\"Usages partisans et m\u00e9diatiques du num\u00e9rique au local\\\". Ce Num\u00e9ro est coordonn\u00e9 par Marie Neihouser (Institut National Universitaire Champollion, Albi, GRCP\\\/ESPOL,), Ana\u00efs Theviot (UCO Angers, CHUS\\\/Ar\u00e8nes,) et S\u00e9bastien Fran\u00e7ois (UCO Nantes, CHUS).\",\"breadcrumb\":{\"@id\":\"https:\\\/\\\/www.sfsic.org\\\/en\\\/aac-publication\\\/usages-partisans-et-mediatiques-du-numerique-au-local\\\/#breadcrumb\"},\"inLanguage\":\"en-US\",\"potentialAction\":[{\"@type\":\"ReadAction\",\"target\":[\"https:\\\/\\\/www.sfsic.org\\\/en\\\/aac-publication\\\/usages-partisans-et-mediatiques-du-numerique-au-local\\\/\"]}]},{\"@type\":\"BreadcrumbList\",\"@id\":\"https:\\\/\\\/www.sfsic.org\\\/en\\\/aac-publication\\\/usages-partisans-et-mediatiques-du-numerique-au-local\\\/#breadcrumb\",\"itemListElement\":[{\"@type\":\"ListItem\",\"position\":1,\"name\":\"Accueil\",\"item\":\"https:\\\/\\\/www.sfsic.org\\\/en\\\/\"},{\"@type\":\"ListItem\",\"position\":2,\"name\":\"Calls for Papers\",\"item\":\"https:\\\/\\\/www.sfsic.org\\\/en\\\/cfp-publication\\\/\"},{\"@type\":\"ListItem\",\"position\":3,\"name\":\"Article\",\"item\":\"https:\\\/\\\/www.sfsic.org\\\/en\\\/cfp-publication\\\/article-en\\\/\"},{\"@type\":\"ListItem\",\"position\":4,\"name\":\"Usages partisans et m\u00e9diatiques du num\u00e9rique au local\"}]},{\"@type\":\"WebSite\",\"@id\":\"https:\\\/\\\/www.sfsic.org\\\/en\\\/#website\",\"url\":\"https:\\\/\\\/www.sfsic.org\\\/en\\\/\",\"name\":\"SFSIC\",\"description\":\"Soci\u00e9t\u00e9 Fran\u00e7aise des Sciences de l&#039;Information &amp; de la Communication\",\"publisher\":{\"@id\":\"https:\\\/\\\/www.sfsic.org\\\/en\\\/#organization\"},\"potentialAction\":[{\"@type\":\"SearchAction\",\"target\":{\"@type\":\"EntryPoint\",\"urlTemplate\":\"https:\\\/\\\/www.sfsic.org\\\/en\\\/?s={search_term_string}\"},\"query-input\":{\"@type\":\"PropertyValueSpecification\",\"valueRequired\":true,\"valueName\":\"search_term_string\"}}],\"inLanguage\":\"en-US\"},{\"@type\":\"Organization\",\"@id\":\"https:\\\/\\\/www.sfsic.org\\\/en\\\/#organization\",\"name\":\"SFSIC\",\"url\":\"https:\\\/\\\/www.sfsic.org\\\/en\\\/\",\"logo\":{\"@type\":\"ImageObject\",\"inLanguage\":\"en-US\",\"@id\":\"https:\\\/\\\/www.sfsic.org\\\/en\\\/#\\\/schema\\\/logo\\\/image\\\/\",\"url\":\"https:\\\/\\\/www.sfsic.org\\\/wp-inside\\\/uploads\\\/2020\\\/05\\\/logo-sfsic.jpg\",\"contentUrl\":\"https:\\\/\\\/www.sfsic.org\\\/wp-inside\\\/uploads\\\/2020\\\/05\\\/logo-sfsic.jpg\",\"width\":1085,\"height\":1080,\"caption\":\"SFSIC\"},\"image\":{\"@id\":\"https:\\\/\\\/www.sfsic.org\\\/en\\\/#\\\/schema\\\/logo\\\/image\\\/\"}},{\"@type\":\"Person\",\"@id\":\"https:\\\/\\\/www.sfsic.org\\\/en\\\/#\\\/schema\\\/person\\\/d3606993477708f4359fb9aeda58df3b\",\"name\":\"Axelle Martin\",\"image\":{\"@type\":\"ImageObject\",\"inLanguage\":\"en-US\",\"@id\":\"https:\\\/\\\/secure.gravatar.com\\\/avatar\\\/1065035eb5e480668fbf77e163c2e86f81ac342eaad4c8783acdf4a63f3c917b?s=96&d=mm&r=g\",\"url\":\"https:\\\/\\\/secure.gravatar.com\\\/avatar\\\/1065035eb5e480668fbf77e163c2e86f81ac342eaad4c8783acdf4a63f3c917b?s=96&d=mm&r=g\",\"contentUrl\":\"https:\\\/\\\/secure.gravatar.com\\\/avatar\\\/1065035eb5e480668fbf77e163c2e86f81ac342eaad4c8783acdf4a63f3c917b?s=96&d=mm&r=g\",\"caption\":\"Axelle Martin\"},\"sameAs\":[\"@antropocominside\"]}]}<\/script>\n<!-- \/ Yoast SEO plugin. -->","yoast_head_json":{"title":"Usages partisans et m\u00e9diatiques du num\u00e9rique au local","description":"La revue RESET lance un appel \u00e0 article pour un num\u00e9ro sur les \"Usages partisans et m\u00e9diatiques du num\u00e9rique au local\". Ce Num\u00e9ro est coordonn\u00e9 par Marie Neihouser (Institut National Universitaire Champollion, Albi, GRCP\/ESPOL,), Ana\u00efs Theviot (UCO Angers, CHUS\/Ar\u00e8nes,) et S\u00e9bastien Fran\u00e7ois (UCO Nantes, CHUS).","robots":{"index":"index","follow":"follow","max-snippet":"max-snippet:-1","max-image-preview":"max-image-preview:large","max-video-preview":"max-video-preview:-1"},"canonical":"https:\/\/www.sfsic.org\/en\/aac-publication\/usages-partisans-et-mediatiques-du-numerique-au-local\/","og_locale":"en_US","og_type":"article","og_title":"Usages partisans et m\u00e9diatiques du num\u00e9rique au local","og_description":"La revue RESET lance un appel \u00e0 article pour un num\u00e9ro sur les \"Usages partisans et m\u00e9diatiques du num\u00e9rique au local\". Ce Num\u00e9ro est coordonn\u00e9 par Marie Neihouser (Institut National Universitaire Champollion, Albi, GRCP\/ESPOL,), Ana\u00efs Theviot (UCO Angers, CHUS\/Ar\u00e8nes,) et S\u00e9bastien Fran\u00e7ois (UCO Nantes, CHUS).","og_url":"https:\/\/www.sfsic.org\/en\/aac-publication\/usages-partisans-et-mediatiques-du-numerique-au-local\/","og_site_name":"SFSIC","article_published_time":"2024-05-09T12:16:36+00:00","author":"Axelle Martin","twitter_card":"summary_large_image","schema":{"@context":"https:\/\/schema.org","@graph":[{"@type":"Article","@id":"https:\/\/www.sfsic.org\/en\/aac-publication\/usages-partisans-et-mediatiques-du-numerique-au-local\/#article","isPartOf":{"@id":"https:\/\/www.sfsic.org\/en\/aac-publication\/usages-partisans-et-mediatiques-du-numerique-au-local\/"},"author":{"name":"Axelle Martin","@id":"https:\/\/www.sfsic.org\/en\/#\/schema\/person\/d3606993477708f4359fb9aeda58df3b"},"headline":"Usages partisans et m\u00e9diatiques du num\u00e9rique au local","datePublished":"2024-05-09T12:16:36+00:00","mainEntityOfPage":{"@id":"https:\/\/www.sfsic.org\/en\/aac-publication\/usages-partisans-et-mediatiques-du-numerique-au-local\/"},"wordCount":6472,"publisher":{"@id":"https:\/\/www.sfsic.org\/en\/#organization"},"keywords":["M\u00e9dias","Num\u00e9rique","Politique","Usages"],"articleSection":["AAC Publications","Article"],"inLanguage":"en-US"},{"@type":"WebPage","@id":"https:\/\/www.sfsic.org\/en\/aac-publication\/usages-partisans-et-mediatiques-du-numerique-au-local\/","url":"https:\/\/www.sfsic.org\/en\/aac-publication\/usages-partisans-et-mediatiques-du-numerique-au-local\/","name":"Usages partisans et m\u00e9diatiques du num\u00e9rique au local","isPartOf":{"@id":"https:\/\/www.sfsic.org\/en\/#website"},"datePublished":"2024-05-09T12:16:36+00:00","description":"La revue RESET lance un appel \u00e0 article pour un num\u00e9ro sur les \"Usages partisans et m\u00e9diatiques du num\u00e9rique au local\". Ce Num\u00e9ro est coordonn\u00e9 par Marie Neihouser (Institut National Universitaire Champollion, Albi, GRCP\/ESPOL,), Ana\u00efs Theviot (UCO Angers, CHUS\/Ar\u00e8nes,) et S\u00e9bastien Fran\u00e7ois (UCO Nantes, CHUS).","breadcrumb":{"@id":"https:\/\/www.sfsic.org\/en\/aac-publication\/usages-partisans-et-mediatiques-du-numerique-au-local\/#breadcrumb"},"inLanguage":"en-US","potentialAction":[{"@type":"ReadAction","target":["https:\/\/www.sfsic.org\/en\/aac-publication\/usages-partisans-et-mediatiques-du-numerique-au-local\/"]}]},{"@type":"BreadcrumbList","@id":"https:\/\/www.sfsic.org\/en\/aac-publication\/usages-partisans-et-mediatiques-du-numerique-au-local\/#breadcrumb","itemListElement":[{"@type":"ListItem","position":1,"name":"Accueil","item":"https:\/\/www.sfsic.org\/en\/"},{"@type":"ListItem","position":2,"name":"Calls for Papers","item":"https:\/\/www.sfsic.org\/en\/cfp-publication\/"},{"@type":"ListItem","position":3,"name":"Article","item":"https:\/\/www.sfsic.org\/en\/cfp-publication\/article-en\/"},{"@type":"ListItem","position":4,"name":"Usages partisans et m\u00e9diatiques du num\u00e9rique au local"}]},{"@type":"WebSite","@id":"https:\/\/www.sfsic.org\/en\/#website","url":"https:\/\/www.sfsic.org\/en\/","name":"SFSIC","description":"Soci\u00e9t\u00e9 Fran\u00e7aise des Sciences de l&#039;Information &amp; de la Communication","publisher":{"@id":"https:\/\/www.sfsic.org\/en\/#organization"},"potentialAction":[{"@type":"SearchAction","target":{"@type":"EntryPoint","urlTemplate":"https:\/\/www.sfsic.org\/en\/?s={search_term_string}"},"query-input":{"@type":"PropertyValueSpecification","valueRequired":true,"valueName":"search_term_string"}}],"inLanguage":"en-US"},{"@type":"Organization","@id":"https:\/\/www.sfsic.org\/en\/#organization","name":"SFSIC","url":"https:\/\/www.sfsic.org\/en\/","logo":{"@type":"ImageObject","inLanguage":"en-US","@id":"https:\/\/www.sfsic.org\/en\/#\/schema\/logo\/image\/","url":"https:\/\/www.sfsic.org\/wp-inside\/uploads\/2020\/05\/logo-sfsic.jpg","contentUrl":"https:\/\/www.sfsic.org\/wp-inside\/uploads\/2020\/05\/logo-sfsic.jpg","width":1085,"height":1080,"caption":"SFSIC"},"image":{"@id":"https:\/\/www.sfsic.org\/en\/#\/schema\/logo\/image\/"}},{"@type":"Person","@id":"https:\/\/www.sfsic.org\/en\/#\/schema\/person\/d3606993477708f4359fb9aeda58df3b","name":"Axelle Martin","image":{"@type":"ImageObject","inLanguage":"en-US","@id":"https:\/\/secure.gravatar.com\/avatar\/1065035eb5e480668fbf77e163c2e86f81ac342eaad4c8783acdf4a63f3c917b?s=96&d=mm&r=g","url":"https:\/\/secure.gravatar.com\/avatar\/1065035eb5e480668fbf77e163c2e86f81ac342eaad4c8783acdf4a63f3c917b?s=96&d=mm&r=g","contentUrl":"https:\/\/secure.gravatar.com\/avatar\/1065035eb5e480668fbf77e163c2e86f81ac342eaad4c8783acdf4a63f3c917b?s=96&d=mm&r=g","caption":"Axelle Martin"},"sameAs":["@antropocominside"]}]}},"_links":{"self":[{"href":"https:\/\/www.sfsic.org\/en\/wp-json\/wp\/v2\/posts\/32003","targetHints":{"allow":["GET"]}}],"collection":[{"href":"https:\/\/www.sfsic.org\/en\/wp-json\/wp\/v2\/posts"}],"about":[{"href":"https:\/\/www.sfsic.org\/en\/wp-json\/wp\/v2\/types\/post"}],"author":[{"embeddable":true,"href":"https:\/\/www.sfsic.org\/en\/wp-json\/wp\/v2\/users\/781"}],"replies":[{"embeddable":true,"href":"https:\/\/www.sfsic.org\/en\/wp-json\/wp\/v2\/comments?post=32003"}],"version-history":[{"count":3,"href":"https:\/\/www.sfsic.org\/en\/wp-json\/wp\/v2\/posts\/32003\/revisions"}],"predecessor-version":[{"id":32023,"href":"https:\/\/www.sfsic.org\/en\/wp-json\/wp\/v2\/posts\/32003\/revisions\/32023"}],"wp:attachment":[{"href":"https:\/\/www.sfsic.org\/en\/wp-json\/wp\/v2\/media?parent=32003"}],"wp:term":[{"taxonomy":"category","embeddable":true,"href":"https:\/\/www.sfsic.org\/en\/wp-json\/wp\/v2\/categories?post=32003"},{"taxonomy":"post_tag","embeddable":true,"href":"https:\/\/www.sfsic.org\/en\/wp-json\/wp\/v2\/tags?post=32003"},{"taxonomy":"thematique","embeddable":true,"href":"https:\/\/www.sfsic.org\/en\/wp-json\/wp\/v2\/thematique?post=32003"},{"taxonomy":"sfsic","embeddable":true,"href":"https:\/\/www.sfsic.org\/en\/wp-json\/wp\/v2\/sfsic?post=32003"}],"curies":[{"name":"wp","href":"https:\/\/api.w.org\/{rel}","templated":true}]}}