{"id":3191,"date":"2020-02-03T14:35:24","date_gmt":"2020-02-03T13:35:24","guid":{"rendered":"https:\/\/www.sfsic.org\/?p=3191"},"modified":"2020-05-10T22:38:25","modified_gmt":"2020-05-10T20:38:25","slug":"aac-colloque-entre-methodologies-audio-visuelles-et-creation-filmique-postures-et-apports-transdisciplinaires-en-shs","status":"publish","type":"post","link":"https:\/\/www.sfsic.org\/en\/aac-evenement\/aac-colloque-entre-methodologies-audio-visuelles-et-creation-filmique-postures-et-apports-transdisciplinaires-en-shs\/","title":{"rendered":"Colloque &#8211; Entre m\u00e9thodologies audio-visuelles et cr\u00e9ation filmique :  postures et apports transdisciplinaires en SHS"},"content":{"rendered":"<p><!-- fxzn:singledetail --><\/p>\n<div class=\"zone zn-singledetail\" id=\"fxzn-singledetail-1\">\n<div class=\"zone-block zn-singledetail-block alignwide va-top\">\n<div class=\"row\">\n<div class=\"columns large-8 large-push-4\">\n<div class=\"zn-singledetail-metabox\">\n<div class=\"zn-singledetail-pubdate pubdate\">\n\t\t\t\t\t<span class=\"pubdate-txt\">Mis en ligne le<\/span><span class=\"doubledot\"><\/span> <time class=\"pubdate-time\" pubdate datetime=\"2020-02-03T14:35:24+01:00\">3 f\u00e9vrier 2020<\/time>\t\t\t\t<\/div>\n<div class=\"zn-singledetail-thematiques with-sep-comma\">\n<ul class=\"termslist termslist-thematique\">\n<li class=\"termslist-item termslist-title\"><span class=\"termslist-titletxt\">Th\u00e9matiques<\/span><span class=\"doubledot\"><\/span><\/li>\n<li class=\"termslist-item tax-thematique term-images-cinema-medias-audiovisuels-et-industries-culturelles\"><a class=\"termslist-itemlink\" href=\"https:\/\/www.sfsic.org\/thematiques\/images-cinema-medias-audiovisuels-et-industries-culturelles\/\" title=\"Images, cin\u00e9ma, m\u00e9dias audiovisuels et industries culturelles\"><span class=\"termslist-itemname\">Images, cin\u00e9ma, m\u00e9dias audiovisuels et industries culturelles<\/span><\/a><\/li>\n<\/ul><\/div>\n<\/p><\/div>\n<\/p><\/div>\n<\/p><\/div>\n<div class=\"row\">\n<div class=\"columns large-4\">\n<div class=\"zn-singledetail-sidebar bg-cornersquares\">\n<div class=\"zn-singledetail-infos\">\n<p class=\"zn-singledetail-reponse-date\">\n\t\t\t\t\t\t<span>R\u00e9ponse attendue pour le<\/span><span class=\"doubledot\"><\/span> <strong>28\/02\/2020<\/strong>\n\t\t\t\t\t<\/p>\n<p class=\"zn-singledetail-reponse-type\">\n\t\t\t\t\t<span>Type de r\u00e9ponse<\/span><span class=\"doubledot\"><\/span> <strong>R\u00e9sum\u00e9<\/strong>\n\t\t\t\t\t<\/p>\n<\/p><\/div>\n<div class=\"zn-singledetail-coordinators\">\n<h3 class=\"zn-singledetail-section-title\">Coordinateurs<\/h3>\n<ul class=\"zn-singledetail-coordinators-list\">\n<li class=\"zn-singledetail-coordinators-item\">\n\t\t\t\t\t\t\t<span>Beno\u00eet <\/span> <span>Raoulx<\/span>, <span>Universit\u00e9 de Caen Normandie<\/span>\t\t\t\t\t\t<\/li>\n<li class=\"zn-singledetail-coordinators-item\">\n\t\t\t\t\t\t\t<span>Marcela<\/span> <span>Patrascu<\/span>, <span>Universit\u00e9 Rennes 2<\/span>\t\t\t\t\t\t<\/li>\n<li class=\"zn-singledetail-coordinators-item\">\n\t\t\t\t\t\t\t<span>Florian<\/span> <span>H\u00e9mont<\/span>, <span>Universit\u00e9 Rennes 2<\/span>\t\t\t\t\t\t<\/li>\n<\/ul><\/div>\n<div class=\"zn-singledetail-contacts\">\n<h3 class=\"zn-singledetail-section-title\">Contacts<\/h3>\n<ul class=\"zn-singledetail-contacts-list\">\n<li>\n\t\t\t\t\t\t\t<span><span>Pour tout<\/span> <span>renseignement<\/span><\/span><span class=\"doubledot\"><\/span><br \/>\n\t\t\t\t\t\t\t\t\t\t\t\t\t\t<a class=\"prettylink\" href=\"mailto:colloquefresh@sciencesconf.org\">colloquefresh@sciencesconf.org<\/a>\n\t\t\t\t\t\t\t\t\t\t\t\t\t<\/li>\n<\/ul><\/div>\n<div class=\"zn-singledetail-weblinks\">\n<h3 class=\"zn-singledetail-section-title\">Sites internet de r\u00e9f\u00e9rence<\/h3>\n<ul class=\"zn-singledetail-weblinks-list\">\n<li>\n\t\t\t\t\t\t\t<a class=\"prettylink chainlink\" href=\"https:\/\/colloquefresh.sciencesconf.org\/\" title=\"Plateforme de l'\u00e9v\u00e9nement\" target=\"_blank\" rel=\"noopener noreferrer\">Plateforme de l&#8217;\u00e9v\u00e9nement<\/a>\n\t\t\t\t\t\t<\/li>\n<\/ul><\/div>\n<\/p><\/div>\n<\/p><\/div>\n<div class=\"columns large-8\">\n<div class=\"zn-singledetail-contentbox\">\n<div class=\"zn-singledetail-eventinfo\">\n<div class=\"zn-singledetail-eventinfo-inner\">\n<h3 class=\"zn-singledetail-section-title zn-singledetail-eventinfo-title\">\u00c9v\u00e9nement<\/h3>\n<div class=\"zn-singledetail-eventdates\">\n\t\t\t\t\t\t<span class=\"zn-singledetail-label\">Dates de l\u2019\u00e9v\u00e9nement<span class=\"doubledot\"><\/span><\/span><\/p>\n<ul class=\"zn-singledetail-eventdates-list\">\n<li class=\"zn-singledetail-eventdates-item\">\n\t\t\t\t\t\t\t\tDu <time class=\"event-start-time\" datetime=\"2020-11-26T00:00:00+00:00\">26\/11\/2020<\/time> au <time class=\"event-end-time\" datetime=\"2020-11-27T00:00:00+00:00\">27\/11\/2020<\/time>\t\t\t\t\t\t\t<\/li>\n<\/ul><\/div>\n<p class=\"zn-singledetail-eventplace\">\n\t\t\t\t\t\t<span class=\"zn-singledetail-label\">Lieu de l\u2019\u00e9v\u00e9nement<span class=\"doubledot\"><\/span><\/span><br \/>\n\t\t\t\t\t\t<span class=\"zn-singledetail-eventplace-adr\"><br \/>\n\t\t\t\t\t\t\t\t\t\t\t\t<span class=\"adr-name\">MSHB &#8211; Maison des Sciences de l&#8217;Homme en Bretagne<\/span>,<\/p>\n<p>\t\t\t\t\t\t<span class=\"adr-street\">2 avenue Gaston Berger<\/span>,<br \/>\n\t\t\t\t\t\t<span class=\"adr-city\">Rennes<\/span><br \/>\n\t\t\t\t\t\t<span class=\"adr-cp\">35043<\/span>, <span class=\"adr-country\">France<\/span><br \/>\n\t\t\t\t\t\t<\/span>\t\t\t\t\t<\/p>\n<\/p><\/div>\n<\/p><\/div>\n<div class=\"zn-singledetail-annonce wig-content\">\n<p>Ce colloque organis\u00e9 par des chercheurs en G\u00e9ographie sociale, en Sciences de l&rsquo;Information- Communication et en Sociolinguistique se veut r\u00e9solument transdisciplinaire.<\/p>\n<p>Dans le cadre du programme FRESH (Film et Recherche en Sciences Humaines et sociales)1, nous organisons ce colloque ayant pour objectif de discuter la pratique des m\u00e9thodes audiovisuelles dans la recherche en sciences humaines et sociales. Ce programme s\u2019appuie sur des structures de recherche, la Maison de la Recherche en Sciences Humaines (MRSH) de l\u2019Universit\u00e9\u0301 de Caen-Normandie, la Maison des Sciences de l\u2019Homme en Bretagne (MSHB, Rennes), le Centre d\u2019Anthropologie de l\u2019Universit\u00e9\u0301 de Sousse, des professionnels de l&rsquo;image (documentaristes), des acteurs du champ culturel et social. Depuis pr\u00e8s de 10 ans FRESH se veut \u00eatre ainsi un espace d\u2019\u00e9changes transdisciplinaire entre chercheurs, r\u00e9alisateurs, acteurs du champ culturel et social&#160;: ateliers de r\u00e9alisation documentaire, participation \u00e0 des projets scientifiques et artistiques, projections-d\u00e9bats publiques, journ\u00e9es d\u2019\u00e9tudes.<\/p>\n<p>Appel complet disponible au t\u00e9l\u00e9chargement<\/p>\n<\/p><\/div>\n<div class=\"zn-singledetail-attachedfiles\">\n<h3 class=\"zn-singledetail-section-title\">Fichier(s) attach\u00e9(s)<\/h3>\n<ul class=\"zn-singledetail-attachedfiles-list\">\n<li class=\"zn-singledetail-attachedfiles-item\">\n\t\t\t\t\t\t\t<a class=\"zn-singledetail-attachedfiles-link button outline for-download\" href=\"https:\/\/www.sfsic.org\/wp-inside\/uploads\/2020\/04\/appel-a-com-fresh-2020-1.pdf\" title=\"T\u00e9l\u00e9charger : \u00ab appel-a-com-fresh-2020-1.pdf \u00bb\" target=\"_blank\" rel=\"noopener noreferrer\"><br \/>\n\t\t\t\t\t\t\t\t<span class=\"button-txt\">appel-a-com-fres[&#8230;].pdf<\/span><br \/>\n\t\t\t\t\t\t\t<\/a>\n\t\t\t\t\t\t<\/li>\n<\/ul><\/div>\n<div class=\"zn-singledetail-keywords\">\n<h3 class=\"zn-singledetail-section-title\">Mots-cl\u00e9s<\/h3>\n<ul class=\"termslist termslist-post_tag\">\n<li class=\"termslist-item termslist-title\"><span class=\"termslist-titletxt\">Mots-cl\u00e9s<\/span><span class=\"doubledot\"><\/span><\/li>\n<li class=\"termslist-item tax-post_tag term-audiovisuel\"><a class=\"termslist-itemlink\" href=\"https:\/\/www.sfsic.org\/tag\/audiovisuel\/\" title=\"Audiovisuel\"><span class=\"termslist-itemname\">Audiovisuel<\/span><\/a><\/li>\n<li class=\"termslist-item tax-post_tag term-methodologie\"><a class=\"termslist-itemlink\" href=\"https:\/\/www.sfsic.org\/tag\/methodologie\/\" title=\"M\u00e9thodologie\"><span class=\"termslist-itemname\">M\u00e9thodologie<\/span><\/a><\/li>\n<\/ul><\/div>\n<\/p><\/div>\n<\/p><\/div>\n<\/p><\/div>\n<\/p><\/div>\n<\/div>\n<p><!-- \/fxzn:singledetail --><br \/>\n<!-- flzn:textblock --><\/p>\n<div class=\"zone zn-textblock\" id=\"flzn-textblock-1\">\n<div class=\"zone-block zn-textblock-block va-top\">\n<div class=\"row mw-content-zone\">\n<div class=\"columns large-12\">\n<div class=\"row large-up-1 with-nice-alignment nbloc-1\">\n<div class=\"column zn-textblock-col empty-content\">\n<div class=\"column-inner\">\n<div class=\"wig-content mw-content empty-content\">\n<p>Contenu texte \u00e0 venir&#8230;<\/p>\n<\/p><\/div>\n<\/p><\/div>\n<\/p><\/div>\n<\/p><\/div>\n<\/p><\/div>\n<\/p><\/div>\n<\/p><\/div>\n<\/div>\n<p><!-- \/flzn:textblock --><\/p>\n","protected":false},"excerpt":{"rendered":"<p>Mis en ligne le 3 f\u00e9vrier 2020 Th\u00e9matiques Images, cin\u00e9ma, m\u00e9dias audiovisuels et industries culturelles R\u00e9ponse attendue pour le 28\/02\/2020 Type de r\u00e9ponse R\u00e9sum\u00e9 Coordinateurs Beno\u00eet Raoulx, Universit\u00e9 de Caen [&hellip;]<\/p>\n","protected":false},"author":957,"featured_media":0,"comment_status":"closed","ping_status":"closed","sticky":false,"template":"","format":"standard","meta":{"_acf_changed":false,"footnotes":""},"categories":[29],"tags":[111,110],"thematique":[35],"sfsic":[],"class_list":["post-3191","post","type-post","status-publish","format-standard","hentry","category-aac-evenement","tag-audiovisuel","tag-methodologie","thematique-images-cinema-medias-audiovisuels-et-industries-culturelles","wp-sticky"],"acf":[],"yoast_head":"<!-- This site is optimized with the Yoast SEO plugin v27.4 - https:\/\/yoast.com\/product\/yoast-seo-wordpress\/ -->\n<title>Colloque - Entre m\u00e9thodologies audio-visuelles et cr\u00e9ation filmique : postures et apports transdisciplinaires en SHS<\/title>\n<meta name=\"description\" content=\"Ce colloque organis\u00e9 par des chercheurs en G\u00e9ographie sociale, en Sciences de l&#039;Information- Communication et en Sociolinguistique se veut r\u00e9solument transdisciplinaire. Dans le cadre du programme FRESH (Film et Recherche en Sciences Humaines et sociales), nous organisons ce colloque ayant pour objectif de discuter la pratique des m\u00e9thodes audiovisuelles dans la recherche en sciences humaines et sociales.\" \/>\n<meta name=\"robots\" content=\"index, follow, max-snippet:-1, max-image-preview:large, max-video-preview:-1\" \/>\n<link rel=\"canonical\" href=\"https:\/\/www.sfsic.org\/en\/aac-evenement\/aac-colloque-entre-methodologies-audio-visuelles-et-creation-filmique-postures-et-apports-transdisciplinaires-en-shs\/\" \/>\n<meta property=\"og:locale\" content=\"en_US\" \/>\n<meta property=\"og:type\" content=\"article\" \/>\n<meta property=\"og:title\" content=\"Colloque - Entre m\u00e9thodologies audio-visuelles et cr\u00e9ation filmique : postures et apports transdisciplinaires en SHS\" \/>\n<meta property=\"og:description\" content=\"Ce colloque organis\u00e9 par des chercheurs en G\u00e9ographie sociale, en Sciences de l&#039;Information- Communication et en Sociolinguistique se veut r\u00e9solument transdisciplinaire. Dans le cadre du programme FRESH (Film et Recherche en Sciences Humaines et sociales), nous organisons ce colloque ayant pour objectif de discuter la pratique des m\u00e9thodes audiovisuelles dans la recherche en sciences humaines et sociales.\" \/>\n<meta property=\"og:url\" content=\"https:\/\/www.sfsic.org\/en\/aac-evenement\/aac-colloque-entre-methodologies-audio-visuelles-et-creation-filmique-postures-et-apports-transdisciplinaires-en-shs\/\" \/>\n<meta property=\"og:site_name\" content=\"SFSIC\" \/>\n<meta property=\"article:published_time\" content=\"2020-02-03T13:35:24+00:00\" \/>\n<meta property=\"article:modified_time\" content=\"2020-05-10T20:38:25+00:00\" \/>\n<meta name=\"author\" content=\"Fabien Bonnet\" \/>\n<meta name=\"twitter:card\" content=\"summary_large_image\" \/>\n<script type=\"application\/ld+json\" class=\"yoast-schema-graph\">{\"@context\":\"https:\\\/\\\/schema.org\",\"@graph\":[{\"@type\":\"Article\",\"@id\":\"https:\\\/\\\/www.sfsic.org\\\/en\\\/aac-evenement\\\/aac-colloque-entre-methodologies-audio-visuelles-et-creation-filmique-postures-et-apports-transdisciplinaires-en-shs\\\/#article\",\"isPartOf\":{\"@id\":\"https:\\\/\\\/www.sfsic.org\\\/en\\\/aac-evenement\\\/aac-colloque-entre-methodologies-audio-visuelles-et-creation-filmique-postures-et-apports-transdisciplinaires-en-shs\\\/\"},\"author\":{\"name\":\"Fabien Bonnet\",\"@id\":\"https:\\\/\\\/www.sfsic.org\\\/en\\\/#\\\/schema\\\/person\\\/9f83573bda33f40c68c7c826e9567df6\"},\"headline\":\"Colloque &#8211; Entre m\u00e9thodologies audio-visuelles et cr\u00e9ation filmique : postures et apports transdisciplinaires en SHS\",\"datePublished\":\"2020-02-03T13:35:24+00:00\",\"dateModified\":\"2020-05-10T20:38:25+00:00\",\"mainEntityOfPage\":{\"@id\":\"https:\\\/\\\/www.sfsic.org\\\/en\\\/aac-evenement\\\/aac-colloque-entre-methodologies-audio-visuelles-et-creation-filmique-postures-et-apports-transdisciplinaires-en-shs\\\/\"},\"wordCount\":292,\"publisher\":{\"@id\":\"https:\\\/\\\/www.sfsic.org\\\/en\\\/#organization\"},\"keywords\":[\"Audiovisuel\",\"M\u00e9thodologie\"],\"articleSection\":[\"AAC \u00c9v\u00e9nement\"],\"inLanguage\":\"en-US\"},{\"@type\":\"WebPage\",\"@id\":\"https:\\\/\\\/www.sfsic.org\\\/en\\\/aac-evenement\\\/aac-colloque-entre-methodologies-audio-visuelles-et-creation-filmique-postures-et-apports-transdisciplinaires-en-shs\\\/\",\"url\":\"https:\\\/\\\/www.sfsic.org\\\/en\\\/aac-evenement\\\/aac-colloque-entre-methodologies-audio-visuelles-et-creation-filmique-postures-et-apports-transdisciplinaires-en-shs\\\/\",\"name\":\"Colloque - Entre m\u00e9thodologies audio-visuelles et cr\u00e9ation filmique : postures et apports transdisciplinaires en SHS\",\"isPartOf\":{\"@id\":\"https:\\\/\\\/www.sfsic.org\\\/en\\\/#website\"},\"datePublished\":\"2020-02-03T13:35:24+00:00\",\"dateModified\":\"2020-05-10T20:38:25+00:00\",\"description\":\"Ce colloque organis\u00e9 par des chercheurs en G\u00e9ographie sociale, en Sciences de l'Information- Communication et en Sociolinguistique se veut r\u00e9solument transdisciplinaire. Dans le cadre du programme FRESH (Film et Recherche en Sciences Humaines et sociales), nous organisons ce colloque ayant pour objectif de discuter la pratique des m\u00e9thodes audiovisuelles dans la recherche en sciences humaines et sociales.\",\"breadcrumb\":{\"@id\":\"https:\\\/\\\/www.sfsic.org\\\/en\\\/aac-evenement\\\/aac-colloque-entre-methodologies-audio-visuelles-et-creation-filmique-postures-et-apports-transdisciplinaires-en-shs\\\/#breadcrumb\"},\"inLanguage\":\"en-US\",\"potentialAction\":[{\"@type\":\"ReadAction\",\"target\":[\"https:\\\/\\\/www.sfsic.org\\\/en\\\/aac-evenement\\\/aac-colloque-entre-methodologies-audio-visuelles-et-creation-filmique-postures-et-apports-transdisciplinaires-en-shs\\\/\"]}]},{\"@type\":\"BreadcrumbList\",\"@id\":\"https:\\\/\\\/www.sfsic.org\\\/en\\\/aac-evenement\\\/aac-colloque-entre-methodologies-audio-visuelles-et-creation-filmique-postures-et-apports-transdisciplinaires-en-shs\\\/#breadcrumb\",\"itemListElement\":[{\"@type\":\"ListItem\",\"position\":1,\"name\":\"Accueil\",\"item\":\"https:\\\/\\\/www.sfsic.org\\\/en\\\/\"},{\"@type\":\"ListItem\",\"position\":2,\"name\":\"Calls for Contributions\",\"item\":\"https:\\\/\\\/www.sfsic.org\\\/en\\\/cfc-event\\\/\"},{\"@type\":\"ListItem\",\"position\":3,\"name\":\"Colloque &#8211; Entre m\u00e9thodologies audio-visuelles et cr\u00e9ation filmique&#160;: postures et apports transdisciplinaires en SHS\"}]},{\"@type\":\"WebSite\",\"@id\":\"https:\\\/\\\/www.sfsic.org\\\/en\\\/#website\",\"url\":\"https:\\\/\\\/www.sfsic.org\\\/en\\\/\",\"name\":\"SFSIC\",\"description\":\"Soci\u00e9t\u00e9 Fran\u00e7aise des Sciences de l&#039;Information &amp; de la Communication\",\"publisher\":{\"@id\":\"https:\\\/\\\/www.sfsic.org\\\/en\\\/#organization\"},\"potentialAction\":[{\"@type\":\"SearchAction\",\"target\":{\"@type\":\"EntryPoint\",\"urlTemplate\":\"https:\\\/\\\/www.sfsic.org\\\/en\\\/?s={search_term_string}\"},\"query-input\":{\"@type\":\"PropertyValueSpecification\",\"valueRequired\":true,\"valueName\":\"search_term_string\"}}],\"inLanguage\":\"en-US\"},{\"@type\":\"Organization\",\"@id\":\"https:\\\/\\\/www.sfsic.org\\\/en\\\/#organization\",\"name\":\"SFSIC\",\"url\":\"https:\\\/\\\/www.sfsic.org\\\/en\\\/\",\"logo\":{\"@type\":\"ImageObject\",\"inLanguage\":\"en-US\",\"@id\":\"https:\\\/\\\/www.sfsic.org\\\/en\\\/#\\\/schema\\\/logo\\\/image\\\/\",\"url\":\"https:\\\/\\\/www.sfsic.org\\\/wp-inside\\\/uploads\\\/2020\\\/05\\\/logo-sfsic.jpg\",\"contentUrl\":\"https:\\\/\\\/www.sfsic.org\\\/wp-inside\\\/uploads\\\/2020\\\/05\\\/logo-sfsic.jpg\",\"width\":1085,\"height\":1080,\"caption\":\"SFSIC\"},\"image\":{\"@id\":\"https:\\\/\\\/www.sfsic.org\\\/en\\\/#\\\/schema\\\/logo\\\/image\\\/\"}},{\"@type\":\"Person\",\"@id\":\"https:\\\/\\\/www.sfsic.org\\\/en\\\/#\\\/schema\\\/person\\\/9f83573bda33f40c68c7c826e9567df6\",\"name\":\"Fabien Bonnet\",\"image\":{\"@type\":\"ImageObject\",\"inLanguage\":\"en-US\",\"@id\":\"https:\\\/\\\/secure.gravatar.com\\\/avatar\\\/88a9288fc13369cb9e30359afa340f8adace82098c18ff09415c6dacd710ddc4?s=96&d=mm&r=g\",\"url\":\"https:\\\/\\\/secure.gravatar.com\\\/avatar\\\/88a9288fc13369cb9e30359afa340f8adace82098c18ff09415c6dacd710ddc4?s=96&d=mm&r=g\",\"contentUrl\":\"https:\\\/\\\/secure.gravatar.com\\\/avatar\\\/88a9288fc13369cb9e30359afa340f8adace82098c18ff09415c6dacd710ddc4?s=96&d=mm&r=g\",\"caption\":\"Fabien Bonnet\"}}]}<\/script>\n<!-- \/ Yoast SEO plugin. -->","yoast_head_json":{"title":"Colloque - Entre m\u00e9thodologies audio-visuelles et cr\u00e9ation filmique : postures et apports transdisciplinaires en SHS","description":"Ce colloque organis\u00e9 par des chercheurs en G\u00e9ographie sociale, en Sciences de l'Information- Communication et en Sociolinguistique se veut r\u00e9solument transdisciplinaire. Dans le cadre du programme FRESH (Film et Recherche en Sciences Humaines et sociales), nous organisons ce colloque ayant pour objectif de discuter la pratique des m\u00e9thodes audiovisuelles dans la recherche en sciences humaines et sociales.","robots":{"index":"index","follow":"follow","max-snippet":"max-snippet:-1","max-image-preview":"max-image-preview:large","max-video-preview":"max-video-preview:-1"},"canonical":"https:\/\/www.sfsic.org\/en\/aac-evenement\/aac-colloque-entre-methodologies-audio-visuelles-et-creation-filmique-postures-et-apports-transdisciplinaires-en-shs\/","og_locale":"en_US","og_type":"article","og_title":"Colloque - Entre m\u00e9thodologies audio-visuelles et cr\u00e9ation filmique : postures et apports transdisciplinaires en SHS","og_description":"Ce colloque organis\u00e9 par des chercheurs en G\u00e9ographie sociale, en Sciences de l'Information- Communication et en Sociolinguistique se veut r\u00e9solument transdisciplinaire. Dans le cadre du programme FRESH (Film et Recherche en Sciences Humaines et sociales), nous organisons ce colloque ayant pour objectif de discuter la pratique des m\u00e9thodes audiovisuelles dans la recherche en sciences humaines et sociales.","og_url":"https:\/\/www.sfsic.org\/en\/aac-evenement\/aac-colloque-entre-methodologies-audio-visuelles-et-creation-filmique-postures-et-apports-transdisciplinaires-en-shs\/","og_site_name":"SFSIC","article_published_time":"2020-02-03T13:35:24+00:00","article_modified_time":"2020-05-10T20:38:25+00:00","author":"Fabien Bonnet","twitter_card":"summary_large_image","schema":{"@context":"https:\/\/schema.org","@graph":[{"@type":"Article","@id":"https:\/\/www.sfsic.org\/en\/aac-evenement\/aac-colloque-entre-methodologies-audio-visuelles-et-creation-filmique-postures-et-apports-transdisciplinaires-en-shs\/#article","isPartOf":{"@id":"https:\/\/www.sfsic.org\/en\/aac-evenement\/aac-colloque-entre-methodologies-audio-visuelles-et-creation-filmique-postures-et-apports-transdisciplinaires-en-shs\/"},"author":{"name":"Fabien Bonnet","@id":"https:\/\/www.sfsic.org\/en\/#\/schema\/person\/9f83573bda33f40c68c7c826e9567df6"},"headline":"Colloque &#8211; Entre m\u00e9thodologies audio-visuelles et cr\u00e9ation filmique : postures et apports transdisciplinaires en SHS","datePublished":"2020-02-03T13:35:24+00:00","dateModified":"2020-05-10T20:38:25+00:00","mainEntityOfPage":{"@id":"https:\/\/www.sfsic.org\/en\/aac-evenement\/aac-colloque-entre-methodologies-audio-visuelles-et-creation-filmique-postures-et-apports-transdisciplinaires-en-shs\/"},"wordCount":292,"publisher":{"@id":"https:\/\/www.sfsic.org\/en\/#organization"},"keywords":["Audiovisuel","M\u00e9thodologie"],"articleSection":["AAC \u00c9v\u00e9nement"],"inLanguage":"en-US"},{"@type":"WebPage","@id":"https:\/\/www.sfsic.org\/en\/aac-evenement\/aac-colloque-entre-methodologies-audio-visuelles-et-creation-filmique-postures-et-apports-transdisciplinaires-en-shs\/","url":"https:\/\/www.sfsic.org\/en\/aac-evenement\/aac-colloque-entre-methodologies-audio-visuelles-et-creation-filmique-postures-et-apports-transdisciplinaires-en-shs\/","name":"Colloque - Entre m\u00e9thodologies audio-visuelles et cr\u00e9ation filmique : postures et apports transdisciplinaires en SHS","isPartOf":{"@id":"https:\/\/www.sfsic.org\/en\/#website"},"datePublished":"2020-02-03T13:35:24+00:00","dateModified":"2020-05-10T20:38:25+00:00","description":"Ce colloque organis\u00e9 par des chercheurs en G\u00e9ographie sociale, en Sciences de l'Information- Communication et en Sociolinguistique se veut r\u00e9solument transdisciplinaire. Dans le cadre du programme FRESH (Film et Recherche en Sciences Humaines et sociales), nous organisons ce colloque ayant pour objectif de discuter la pratique des m\u00e9thodes audiovisuelles dans la recherche en sciences humaines et sociales.","breadcrumb":{"@id":"https:\/\/www.sfsic.org\/en\/aac-evenement\/aac-colloque-entre-methodologies-audio-visuelles-et-creation-filmique-postures-et-apports-transdisciplinaires-en-shs\/#breadcrumb"},"inLanguage":"en-US","potentialAction":[{"@type":"ReadAction","target":["https:\/\/www.sfsic.org\/en\/aac-evenement\/aac-colloque-entre-methodologies-audio-visuelles-et-creation-filmique-postures-et-apports-transdisciplinaires-en-shs\/"]}]},{"@type":"BreadcrumbList","@id":"https:\/\/www.sfsic.org\/en\/aac-evenement\/aac-colloque-entre-methodologies-audio-visuelles-et-creation-filmique-postures-et-apports-transdisciplinaires-en-shs\/#breadcrumb","itemListElement":[{"@type":"ListItem","position":1,"name":"Accueil","item":"https:\/\/www.sfsic.org\/en\/"},{"@type":"ListItem","position":2,"name":"Calls for Contributions","item":"https:\/\/www.sfsic.org\/en\/cfc-event\/"},{"@type":"ListItem","position":3,"name":"Colloque &#8211; Entre m\u00e9thodologies audio-visuelles et cr\u00e9ation filmique&#160;: postures et apports transdisciplinaires en SHS"}]},{"@type":"WebSite","@id":"https:\/\/www.sfsic.org\/en\/#website","url":"https:\/\/www.sfsic.org\/en\/","name":"SFSIC","description":"Soci\u00e9t\u00e9 Fran\u00e7aise des Sciences de l&#039;Information &amp; de la Communication","publisher":{"@id":"https:\/\/www.sfsic.org\/en\/#organization"},"potentialAction":[{"@type":"SearchAction","target":{"@type":"EntryPoint","urlTemplate":"https:\/\/www.sfsic.org\/en\/?s={search_term_string}"},"query-input":{"@type":"PropertyValueSpecification","valueRequired":true,"valueName":"search_term_string"}}],"inLanguage":"en-US"},{"@type":"Organization","@id":"https:\/\/www.sfsic.org\/en\/#organization","name":"SFSIC","url":"https:\/\/www.sfsic.org\/en\/","logo":{"@type":"ImageObject","inLanguage":"en-US","@id":"https:\/\/www.sfsic.org\/en\/#\/schema\/logo\/image\/","url":"https:\/\/www.sfsic.org\/wp-inside\/uploads\/2020\/05\/logo-sfsic.jpg","contentUrl":"https:\/\/www.sfsic.org\/wp-inside\/uploads\/2020\/05\/logo-sfsic.jpg","width":1085,"height":1080,"caption":"SFSIC"},"image":{"@id":"https:\/\/www.sfsic.org\/en\/#\/schema\/logo\/image\/"}},{"@type":"Person","@id":"https:\/\/www.sfsic.org\/en\/#\/schema\/person\/9f83573bda33f40c68c7c826e9567df6","name":"Fabien Bonnet","image":{"@type":"ImageObject","inLanguage":"en-US","@id":"https:\/\/secure.gravatar.com\/avatar\/88a9288fc13369cb9e30359afa340f8adace82098c18ff09415c6dacd710ddc4?s=96&d=mm&r=g","url":"https:\/\/secure.gravatar.com\/avatar\/88a9288fc13369cb9e30359afa340f8adace82098c18ff09415c6dacd710ddc4?s=96&d=mm&r=g","contentUrl":"https:\/\/secure.gravatar.com\/avatar\/88a9288fc13369cb9e30359afa340f8adace82098c18ff09415c6dacd710ddc4?s=96&d=mm&r=g","caption":"Fabien Bonnet"}}]}},"_links":{"self":[{"href":"https:\/\/www.sfsic.org\/en\/wp-json\/wp\/v2\/posts\/3191","targetHints":{"allow":["GET"]}}],"collection":[{"href":"https:\/\/www.sfsic.org\/en\/wp-json\/wp\/v2\/posts"}],"about":[{"href":"https:\/\/www.sfsic.org\/en\/wp-json\/wp\/v2\/types\/post"}],"author":[{"embeddable":true,"href":"https:\/\/www.sfsic.org\/en\/wp-json\/wp\/v2\/users\/957"}],"replies":[{"embeddable":true,"href":"https:\/\/www.sfsic.org\/en\/wp-json\/wp\/v2\/comments?post=3191"}],"version-history":[{"count":3,"href":"https:\/\/www.sfsic.org\/en\/wp-json\/wp\/v2\/posts\/3191\/revisions"}],"predecessor-version":[{"id":5477,"href":"https:\/\/www.sfsic.org\/en\/wp-json\/wp\/v2\/posts\/3191\/revisions\/5477"}],"wp:attachment":[{"href":"https:\/\/www.sfsic.org\/en\/wp-json\/wp\/v2\/media?parent=3191"}],"wp:term":[{"taxonomy":"category","embeddable":true,"href":"https:\/\/www.sfsic.org\/en\/wp-json\/wp\/v2\/categories?post=3191"},{"taxonomy":"post_tag","embeddable":true,"href":"https:\/\/www.sfsic.org\/en\/wp-json\/wp\/v2\/tags?post=3191"},{"taxonomy":"thematique","embeddable":true,"href":"https:\/\/www.sfsic.org\/en\/wp-json\/wp\/v2\/thematique?post=3191"},{"taxonomy":"sfsic","embeddable":true,"href":"https:\/\/www.sfsic.org\/en\/wp-json\/wp\/v2\/sfsic?post=3191"}],"curies":[{"name":"wp","href":"https:\/\/api.w.org\/{rel}","templated":true}]}}