{"id":31885,"date":"2024-05-01T19:26:22","date_gmt":"2024-05-01T17:26:22","guid":{"rendered":"https:\/\/www.sfsic.org\/?p=31885"},"modified":"2024-05-01T19:26:23","modified_gmt":"2024-05-01T17:26:23","slug":"les-supports-de-lactualite-au-xixe-siecle","status":"publish","type":"post","link":"https:\/\/www.sfsic.org\/en\/aac-evenement\/les-supports-de-lactualite-au-xixe-siecle\/","title":{"rendered":"Les supports de l\u2019actualit\u00e9 au XIXe si\u00e8cle"},"content":{"rendered":"<p><!-- fxzn:singledetail --><\/p>\n<div class=\"zone zn-singledetail\" id=\"fxzn-singledetail-1\">\n<div class=\"zone-block zn-singledetail-block alignwide va-top\">\n<div class=\"row\">\n<div class=\"columns large-8 large-push-4\">\n<div class=\"zn-singledetail-metabox\">\n<div class=\"zn-singledetail-pubdate pubdate\">\n\t\t\t\t\t<span class=\"pubdate-txt\">Mis en ligne le<\/span><span class=\"doubledot\"><\/span> 1 mai 2024\t\t\t\t<\/div>\n<p class=\"zn-singledetail-calenda-info\">\n\t\t\t\t\t\tInformations \u00e9dit\u00e9es \u00e0 partir d\u2019une annonce <a class=\"calenda-link prettylink\" href=\"https:\/\/calenda.org\/1152218\" target=\"_blank\" rel=\"noopener\"><strong>Calenda<\/strong><\/a>.\t\t\t\t\t<\/p>\n<div class=\"zn-singledetail-thematiques with-sep-comma\">\n<ul class=\"termslist termslist-thematique\">\n<li class=\"termslist-item termslist-title\"><span class=\"termslist-titletxt\">Th\u00e9matiques<\/span><span class=\"doubledot\"><\/span><\/li>\n<li class=\"termslist-item tax-thematique term-medias-et-journalisme\"><a class=\"termslist-itemlink\" href=\"https:\/\/www.sfsic.org\/thematiques\/medias-et-journalisme\/\" title=\"M\u00e9dias et journalisme\"><span class=\"termslist-itemname\">M\u00e9dias et journalisme<\/span><\/a><\/li>\n<\/ul><\/div>\n<\/p><\/div>\n<\/p><\/div>\n<\/p><\/div>\n<div class=\"row\">\n<div class=\"columns large-4\">\n<div class=\"zn-singledetail-sidebar bg-cornersquares\">\n<div class=\"zn-singledetail-infos\">\n<p class=\"zn-singledetail-reponse-date\">\n\t\t\t\t\t\t<span>R\u00e9ponse attendue pour le<\/span><span class=\"doubledot\"><\/span> <strong>05\/05\/2024<\/strong>\n\t\t\t\t\t<\/p>\n<p class=\"zn-singledetail-reponse-type\">\n\t\t\t\t\t<span>Type de r\u00e9ponse<\/span><span class=\"doubledot\"><\/span> <strong>R\u00e9sum\u00e9<\/strong>\n\t\t\t\t\t<\/p>\n<p class=\"zn-singledetail-type\">\n\t\t\t\t\t\t\t<span>Type d\u2019\u00e9v\u00e9nement<\/span><span class=\"doubledot\"><\/span> <strong>Journ\u00e9e d\u2019\u00e9tude<\/strong>\n\t\t\t\t\t<\/p>\n<\/p><\/div>\n<div class=\"zn-singledetail-contacts\">\n<h3 class=\"zn-singledetail-section-title\">Contacts<\/h3>\n<ul class=\"zn-singledetail-contacts-list\">\n<li class=\"zn-singledetail-contact\">\n\t\t\t\t\t\t\t<span class=\"zn-singledetail-contact-name\">Alexis L\u00e9vrier <\/span><span class=\"doubledot\"><\/span><br \/>\n\t\t\t\t\t\t\t\t\t\t\t\t\t\t<a class=\"zn-singledetail-contact-mail prettylink\" href=\"mailto:alexis.levrier@univ-reims.fr\">alexis.levrier@univ-reims.fr<\/a>\n\t\t\t\t\t\t\t\t\t\t\t\t\t<\/li>\n<\/ul><\/div>\n<\/p><\/div>\n<\/p><\/div>\n<div class=\"columns large-8\">\n<div class=\"zn-singledetail-contentbox\">\n<div class=\"zn-singledetail-eventinfo\">\n<div class=\"zn-singledetail-eventinfo-inner\">\n<div class=\"zn-singledetail-eventdates\">\n\t\t\t\t\t\t<span class=\"zn-singledetail-label\">Dates de l\u2019\u00e9v\u00e9nement<span class=\"doubledot\"><\/span><\/span><\/p>\n<ul class=\"zn-singledetail-eventdates-list\">\n<li class=\"zn-singledetail-eventdates-item\">\n\t\t\t\t\t\t\t\tLe 22\/11\/2024\t\t\t\t\t\t\t<\/li>\n<\/ul><\/div>\n<p class=\"zn-singledetail-eventplace\">\n\t\t\t\t\t\t<span class=\"zn-singledetail-label\">Lieu de l\u2019\u00e9v\u00e9nement<span class=\"doubledot\"><\/span><\/span><br \/>\n\t\t\t\t\t\t<span class=\"zn-singledetail-eventplace-adr\"><\/p>\n<p>\t\t\t\t\t\t\t\t\t\t\t\t<span class=\"adr-place\">Biblioth\u00e8que Carnegie de Reims <\/span>,<\/p>\n<p>\t\t\t\t\t\t<span class=\"adr-city\">Reims<\/span>\t\t\t\t\t\t<span class=\"adr-cp\">51000<\/span>, <span class=\"adr-country\">France<\/span><br \/>\n\t\t\t\t\t\t<\/span>\t\t\t\t\t<\/p>\n<\/p><\/div>\n<\/p><\/div>\n<div class=\"zn-singledetail-annonce wig-content\">\n<h2>Argumentaire<\/h2>\n<p>Les supports de l\u2019actualit\u00e9 se multiplient et se diversifient en effet au XIX<sup>e<\/sup> si\u00e8cle, en fonction des innovations de l\u2019\u00e9poque et des courants de pens\u00e9es qui influencent les contemporains&#160;: l\u2019acc\u00e9l\u00e9ration des transports (chemin de fer, navigation, v\u00e9hicules), les progr\u00e8s dans les technologies de communication (service postal, t\u00e9l\u00e9graphie optique, t\u00e9l\u00e9graphie \u00e9lectrique), la mondialisation des \u00e9changes (\u00e9changes commerciaux, voyages, expositions universelles), les avanc\u00e9es dans l\u2019impression et le milieu de l\u2019\u00e9dition et du journalisme, etc.<\/p>\n<p>La presse est au c\u0153ur des transformations de la soci\u00e9t\u00e9 et des discours publics&#160;: les m\u00e9tiers du journalisme se professionnalisent, et le journal devient un march\u00e9 important pour l\u2019information et la publicit\u00e9. \u00ab&#160;Nous sommes tous les enfants de la presse&#160;\u00bb constate \u00c9mile Zola dans <em>Le Figaro<\/em>, le 22 septembre 1881, pour souligner l\u2019\u00e9troitesse des relations entre litt\u00e9rature et journalisme qui caract\u00e9rise cette p\u00e9riode. Tout au long du si\u00e8cle, de nouveaux genres journalistiques \u00e9mergent, d\u2019autres se diversifient et se stabilisent (Th\u00e9renty\/Venayre 2021). Les r\u00e9gimes politiques qui se succ\u00e8dent influencent eux-m\u00eames consid\u00e9rablement le paysage de la presse&#160;: celle-ci entre dans le quotidien de la population gr\u00e2ce, entre autres, \u00e0 l\u2019alphab\u00e9tisation, aux prix abordables et aux sujets trait\u00e9s dans les journaux.<\/p>\n<p>La presse p\u00e9riodique sera en toute logique au c\u0153ur de cette journ\u00e9e consacr\u00e9e \u00e0 la p\u00e9riode de la \u00ab&#160;civilisation du journal&#160;\u00bb (Kalifa\/R\u00e9gnier\/Th\u00e9renty\/Vaillant 2021). Mais comme la pr\u00e9c\u00e9dente, cette manifestation s\u2019attachera \u00e0 \u00e9largir la r\u00e9flexion \u00e0 des formes voisines du journalisme, et qui permettent elles aussi de rendre compte de l\u2019actualit\u00e9. Outre la presse, d\u2019autres supports d\u2019information \u00e9mergent en effet au XIX<sup>e<\/sup> si\u00e8cle, comme les d\u00e9p\u00eaches t\u00e9l\u00e9graphiques qui fa\u00e7onnent les processus d\u2019information&#160;; ou encore les affiches de la guerre de 1870 qui visualisent les combats militaires pour les contemporains, pour ne donner qu\u2019un deuxi\u00e8me exemple.<\/p>\n<p>Cette journ\u00e9e d\u2019\u00e9tude s\u2019attachera ainsi \u00e0 interroger les mutations des mat\u00e9rialit\u00e9s de l\u2019information ainsi que les (nouveaux) supports de l\u2019\u00e9criture de l\u2019actualit\u00e9 afin de saisir la \u00ab&#160;po\u00e9tique du support&#160;\u00bb (Th\u00e9renty 2009). Il sera question autant de l\u2019objet journal que des imaginaires, des genres, des images, des illustrations, des affiches, des technologies, etc. pour mieux comprendre la \u00ab&#160;mati\u00e8re&#160;\u00bb autant que \u00ab&#160;l\u2019esprit&#160;\u00bb du journal (cf. L\u00e9vrier \/ Wrona, 2013).<\/p>\n<h2>Organisateurs<\/h2>\n<p>Alexis L\u00e9vrier (Universit\u00e9 de Reims) et Lisa Bolz (CELSA Sorbonne Universit\u00e9)<\/p>\n<h2>Modalit\u00e9s de soumission<\/h2>\n<p>Merci d\u2019adresser vos propositions (titre et r\u00e9sum\u00e9 entre 200 \u00e0 300 mots) \u00e0\u00a0Alexis L\u00e9vrier (<strong>alexis.levrier@univ-reims.fr<\/strong>) et Lisa Bolz (<strong>lisa.bolz@sorbonne-universite.fr<\/strong>). avant le 5 mai 2024<\/p>\n<h2>Bibliographie<\/h2>\n<ul>\n<li><em>Cahiers de textologie, <\/em>n\u00b0\u00a03, \u00ab&#160;Textologie du journal&#160;\u00bb, sous la direction de Pierre R\u00e9tat, Paris, Minard, 1990.<\/li>\n<li><em>La Civilisation du journal&#160;: histoire culturelle et litt\u00e9raire de la presse fran\u00e7aise au XIX<\/em><em>e <\/em><em>si\u00e8cle<\/em>, sous la direction de Dominique Kalifa, Philippe R\u00e9gnier, Marie-\u00c8ve Th\u00e9renty et Alain Vaillant, Paris, Nouveau Monde \u00e9ditions, 2012.<\/li>\n<li><em>\u00c9tudes fran\u00e7aises<\/em>, vol.\u00a044, no 3, \u00ab&#160;Les micror\u00e9cits m\u00e9diatiques. Les formes br\u00e8ves du journal, entre m\u00e9diations et fiction&#160;\u00bb, sous la direction de Guillaume Pinson et Marie-\u00c8ve Th\u00e9renty, automne 2008.<\/li>\n<li><em>\u00c9tudes litt\u00e9raires<\/em>, vol.\u00a040, n\u00b0\u00a03, \u00ab&#160;M\u00e9dias, m\u00e9diations, fictions. Penser la litt\u00e9rature par la presse&#160;\u00bb, sous la direction de Guillaume Pinson et Maxime Pr\u00e9vost, automne 2009.<\/li>\n<li>BLANDIN, Claire, \u00ab&#160;<em>Le Figaro&#160;\u00bb&#160;: deux si\u00e8cles d\u2019histoire<\/em>, Paris, Armand Colin, 2007.<\/li>\n<li>BLANDIN, Claire (dir.), \u00ab&#160;<em>Le Figaro&#160;\u00bb, histoire d\u2019un journal<\/em>, Paris, Nouveau Monde \u00e9ditions, 2010.<\/li>\n<li>BOLZ, Lisa, \u00ab&#160;La d\u00e9p\u00eache t\u00e9l\u00e9graphique comme format d\u2019\u00e9criture transculturel au XIXe<\/li>\n<li>si\u00e8cle&#160;\u00bb, <em>Monde(s)<\/em>, 2019\/2 (n\u00b0\u00a016), p.\u00a031-46.<\/li>\n<li>CHARAUDEAU, Patrick, <em>Les M\u00e9dias et l\u2019information. L\u2019impossible transparence du discours<\/em>, Bruxelles, \u00c9ditions De Boeck, 2005.<\/li>\n<li>CHARLE, Christophe, <em>Le Si\u00e8cle de la presse. 1830-1939<\/em>, Paris, Seuil, 2004.<\/li>\n<li>CORBILLE, Sophie, FANTIN, Emmanuelle, WRONA, Adeline (dir.), <em>Paris, capitale m\u00e9diatique&#160;: ville et presse au XIX<\/em><em>e <\/em><em>si\u00e8cle<\/em>, Saint-Denis, Presses Universitaires de Vincennes, 2022.<\/li>\n<li>DELPORTE, Christian, <em>Les Journalistes en France. 1880-1950. Naissance et construction d\u2019une profession<\/em>, Paris, Seuil, 1999.<\/li>\n<li>DELPORTE, Christian, \u00ab&#160;Presse et culture de masse en France (1880-1914), <em>Revue historique<\/em>, n\u00b0\u00a0122, 1998, p.\u00a093-122.<\/li>\n<li>\u00c9VENO, Patrick, <em>L\u2019Argent de la presse fran\u00e7aise des ann\u00e9es 1820 \u00e0 nos jours<\/em>, Paris, \u00c9ditions du CTHS, 2003.<\/li>\n<li>FERENCZI, Thomas, <em>L\u2019Invention du journalisme en France. Naissance de la presse moderne \u00e0 la fin du XIX<\/em><em>e <\/em><em>si\u00e8cle<\/em>, Paris, Payot, 1993.<\/li>\n<li>FEYEL, Gilles (dir.), <em>La Distribution et la diffusion de la presse, du XVIII<\/em><em>e <\/em><em>si\u00e8cle au III<\/em><em>e <\/em><em>mill\u00e9naire<\/em>, Paris, \u00c9ditions Panth\u00e9on-Assas, 2002.<\/li>\n<li>FEYEL, Gilles, \u00ab&#160;Naissance, constitution progressive et \u00e9panouissement d\u2019un genre de presse aux limites floues&#160;: le magazine&#160;\u00bb, <em>R\u00e9seaux<\/em>, n\u00b0\u00a0105, 2001, p.\u00a019-51.<\/li>\n<li>\u2013, \u00ab&#160;Des presses \u00e0 bras aux presses \u00e0 r\u00e9action&#160;: la presse quotidienne et l\u2019industrialisation de son imprimerie dans le premier XIXe si\u00e8cle&#160;\u00bb, dans G\u00e9rard Bonet (dir.), <em>Imprimerie, \u00e9dition et presse dans la premi\u00e8re moiti\u00e9 du XIX<\/em><em>e <\/em><em>si\u00e8cle<\/em>, Perpignan, Publication de l\u2019Olivier, 2004, p.\u00a055- 91.<\/li>\n<li>\u2013, \u00ab&#160;Le co\u00fbt de la presse quotidienne parisienne (1800-1844)&#160;\u00bb, <em>Le Temps des m\u00e9dias<\/em>, n\u00b0\u00a06, 2006, p.\u00a09-21.<\/li>\n<li>GUERY, Louis, <em>Visages de la presse&#160;: la pr\u00e9sentation des journaux des origines \u00e0 nos jours<\/em>, Paris, \u00c9ditions du Centre de formation et de perfectionnement des journalistes, 1997 (r\u00e9\u00e9d. Paris, Victoires \u00e9ditions, 2006)<\/li>\n<li>JEANNERET, Yves, <em>Y a-t-il (vraiment) des technologies de l\u2019information<\/em>&#160;?, Villeneuve d\u2019Ascq, Presses Universitaires du Septentrion, coll. \u00ab&#160;Les Savoirs mieux&#160;\u00bb, 2000 (r\u00e9\u00e9d. 2007, 2011)<\/li>\n<li>KALIFA Dominique, <em>La Culture de masse en France<\/em>, t.\u00a01&#160;: <em>1860-1930<\/em>, Paris, La D\u00e9couverte, 2011.<\/li>\n<li>\u2013, \u00ab&#160;Les t\u00e2cherons de l\u2019information&#160;: petits reporters et faits divers \u00e0 la \u201cBelle \u00c9poque\u201d&#160;\u00bb, <em>Revue d\u2019histoire moderne et contemporaine<\/em>, n\u00b0\u00a040-4, 1993, p.\u00a0578-603.<\/li>\n<li>\u2013, \u00ab&#160;L\u2019\u00e8re de la culture marchandise&#160;\u00bb, <em>Revue d\u2019histoire du <\/em><em>XIX<\/em><em>e <\/em><em>si\u00e8cle<\/em>, n\u00b0\u00a019, 1999, p.\u00a05-14.<\/li>\n<li>\u2013, \u00ab&#160;L\u2019entr\u00e9e de la France en r\u00e9gime m\u00e9diatique&#160;: l\u2019\u00e9tape des ann\u00e9es 1860&#160;\u00bb, dans Jacques Migozzi (dir.), <em>De l\u2019\u00e9crit \u00e0 l\u2019\u00e9cran. Litt\u00e9rature populaire&#160;: mutations g\u00e9n\u00e9riques, mutations m\u00e9diatiques<\/em>, Limoges, Presses universitaires de Limoges, 2000, p.\u00a039-51.<\/li>\n<li>LEMIEUX, Cyril, <em>Mauvaise presse. Une sociologie compr\u00e9hensive du travail journalistique et de ses critiques<\/em>, Paris, M\u00e9taili\u00e9, 2000.<\/li>\n<li>LEVRIER, Alexis et WRONA, Adeline (dir.), <em>Mati\u00e8re et esprit du journal, du <\/em>Mercure galant <em>\u00e0 Twitter<\/em>, Paris, PUPS, 2013.<\/li>\n<li>MARTIN, Marc, <em>M\u00e9dias et journalistes de la R\u00e9publique<\/em>, Paris, Odile Jacob, 1997.<\/li>\n<li>PALMER, Michael B., <em>Des petits journaux aux grandes agences. Naissance du journalisme moderne (1863-1914)<\/em>, Paris, \u00c9ditions Aubier Montaigne, 1983.<\/li>\n<li>PINSON, Guillaume, <em>L\u2019Imaginaire m\u00e9diatique&#160;: histoire et fiction du journal au XIX<\/em><em>e <\/em><em>si\u00e8cle<\/em>, Paris, Classiques Garnier, 2012.<\/li>\n<li>RIEFFEL, R\u00e9my, <em>Que sont les m\u00e9dias&#160;? Pratiques, identit\u00e9s, influences<\/em>, Paris, Gallimard, 2005.<\/li>\n<li>SAMINADAYAR-PERRIN, Corinne, <em>Les Discours du journal. Rh\u00e9torique et m\u00e9dias au <\/em><em>XIX<\/em><em>e si\u00e8cle<\/em>, Saint-\u00c9tienne, Publications de l\u2019universit\u00e9 de Saint-\u00c9tienne, 2007.<\/li>\n<li>SIMARD-HOUDE, M\u00e9lodie, <em>Le Reporter et ses fictions. Po\u00e9tique historique d\u2019un imaginaire,<\/em><\/li>\n<li>Limoges, Presses universitaires de Limoges, coll. \u00ab&#160;Mediatextes&#160;\u00bb, 2017.<\/li>\n<li>SIMARD-HOUDE, M\u00e9lodie (dir.), dossier \u00ab&#160;Voyager dans la modernit\u00e9&#160;: des moyens techniques aux supports imprim\u00e9s de l\u2019aventure&#160;\u00bb, <em>M\u00e9moires du livre \/ Studies in Book Culture <\/em>[en ligne], vol.\u00a010, no 1, automne 2018. URL&#160;: https:\/\/<a href=\"http:\/\/www.erudit.org\/fr\/revues\/memoires\/2018-v10-n1-\">www.erudit.org\/fr\/revues\/memoires\/2018-v10-n1-<\/a> memoires04223\/<\/li>\n<li>SOUCHIER, Emmanu\u00ebl, \u00ab&#160;Formes et pouvoirs de l\u2019\u00e9nonciation \u00e9ditoriale&#160;\u00bb, <em>Communication et langages<\/em>, 154 (2007), p.\u00a023-38.<\/li>\n<li>STEAD, \u00c9vanghelia, VEDRINE, H\u00e9l\u00e8ne (dir.), <em>L\u2019Europe des revues (1880-1920). Estampes, photographies, illustrations<\/em>, Paris, PUPS, coll. \u00ab&#160;Histoire de l\u2019imprim\u00e9&#160;\u00bb, 2008.<\/li>\n<li>\u2013, <em>L\u2019Europe des revues II (1860-1930). R\u00e9seaux et circulations des mod\u00e8les<\/em>, Paris, SUP, coll.<\/li>\n<li>\u00ab&#160;Histoire de l\u2019imprim\u00e9&#160;\u00bb, 2018.<\/li>\n<li>TETU, Jean-Fran\u00e7ois, \u00ab&#160;L\u2019Illustration de presse au XIXe si\u00e8cle&#160;\u00bb, <em>Semen<\/em>, n\u00b0\u00a025, \u00ab&#160;Le Discours de presse au XIXe si\u00e8cle&#160;: pratiques socio-discursives \u00e9mergentes&#160;\u00bb, 2008, p.\u00a049-72.<\/li>\n<li>THERENTY, Marie-Eve, <em>Mosa\u00efques. \u00catre \u00e9crivain entre presse et roman (1829-1836), <\/em>Paris, Champion, coll. \u00ab&#160;Romantisme et modernit\u00e9&#160;\u00bb, 2003.<\/li>\n<li>\u2013, \u00ab&#160;\u201cLes vagabonds du t\u00e9l\u00e9graphe\u201d&#160;: repr\u00e9sentations et po\u00e9tiques du grand reportage avant 1914&#160;\u00bb, <em>Soci\u00e9t\u00e9s et repr\u00e9sentations<\/em>, n\u00b0\u00a021, 2006, p.\u00a0101-118.<\/li>\n<li>\u2013, <em>La Litt\u00e9rature au quotidien. Po\u00e9tiques journalistiques au dix-neuvi\u00e8me si\u00e8cle, <\/em>Seuil, coll.<\/li>\n<li>\u00ab&#160;Po\u00e9tique&#160;\u00bb, 2007.<\/li>\n<li>\u2013, \u00ab&#160;Pour une po\u00e9tique historique du support&#160;\u00bb, <em>Romantisme<\/em>, 143 (2009\/1), p.\u00a0109-115.<\/li>\n<li>\u2013, \u00ab&#160;Po\u00e9tique historique du support et \u00e9nonciation \u00e9ditoriale&#160;: la case feuilleton au XIXe si\u00e8cle&#160;\u00bb<em>, Communication &amp; langages<\/em>, 2010\/4 (n\u00b0\u00a0166), p.\u00a03-19.<\/li>\n<li>THERENTY, Marie-Eve, VAILLANT, Alain (dir.), <em>1836&#160;: l\u2019an I de l&rsquo;\u00e8re m\u00e9diatique, analyse litt\u00e9raire et historique de \u00ab&#160;La Presse&#160;\u00bb de Girardin, <\/em>Paris, Nouveau Monde \u00e9ditions, 2001.<\/li>\n<li>\u2013 (dir), <em>Presse et plumes. Journalisme et litt\u00e9rature au XIX<\/em><em>e <\/em><em>si\u00e8cle<\/em>, Paris, Nouveau Monde \u00e9ditions, 2004.<\/li>\n<li>THERENTY, Marie-\u00c8ve, VENAYRE, Sylvain (dir.), <em>Le Monde \u00e0 la une&#160;: une histoire de la presse par ses rubriques<\/em>, Paris, Anamosa, 2021.<\/li>\n<li>THERENTY, Marie-\u00c8ve, WRONA, Adeline (dir.), <em>L\u2019\u00c9crivain comme marque<\/em>, Paris, SUP, 2020. WRONA, Adeline, <em>Face au portrait&#160;: de Sainte-Beuve \u00e0 Facebook<\/em>, Paris, Hermann, 2012.<\/li>\n<\/ul><\/div>\n<div class=\"zn-singledetail-keywords\">\n<h3 class=\"zn-singledetail-section-title\">Mots-cl\u00e9s<\/h3>\n<ul class=\"termslist termslist-post_tag\">\n<li class=\"termslist-item termslist-title\"><span class=\"termslist-titletxt\">Mots-cl\u00e9s<\/span><span class=\"doubledot\"><\/span><\/li>\n<li class=\"termslist-item tax-post_tag term-information\"><a class=\"termslist-itemlink\" href=\"https:\/\/www.sfsic.org\/tag\/information\/\" title=\"information\"><span class=\"termslist-itemname\">information<\/span><\/a><\/li>\n<li class=\"termslist-item tax-post_tag term-journalisme\"><a class=\"termslist-itemlink\" href=\"https:\/\/www.sfsic.org\/tag\/journalisme\/\" title=\"Journalisme\"><span class=\"termslist-itemname\">Journalisme<\/span><\/a><\/li>\n<li class=\"termslist-item tax-post_tag term-medias\"><a class=\"termslist-itemlink\" href=\"https:\/\/www.sfsic.org\/tag\/medias\/\" title=\"M\u00e9dias\"><span class=\"termslist-itemname\">M\u00e9dias<\/span><\/a><\/li>\n<li class=\"termslist-item tax-post_tag term-support\"><a class=\"termslist-itemlink\" href=\"https:\/\/www.sfsic.org\/tag\/support\/\" title=\"support\"><span class=\"termslist-itemname\">support<\/span><\/a><\/li>\n<\/ul><\/div>\n<\/p><\/div>\n<\/p><\/div>\n<\/p><\/div>\n<\/p><\/div>\n<\/div>\n<p><!-- \/fxzn:singledetail --><\/p>\n","protected":false},"excerpt":{"rendered":"<p>Mis en ligne le 1 mai 2024 Informations \u00e9dit\u00e9es \u00e0 partir d\u2019une annonce Calenda. Th\u00e9matiques M\u00e9dias et journalisme R\u00e9ponse attendue pour le 05\/05\/2024 Type de r\u00e9ponse R\u00e9sum\u00e9 Type d\u2019\u00e9v\u00e9nement Journ\u00e9e [&hellip;]<\/p>\n","protected":false},"author":781,"featured_media":0,"comment_status":"closed","ping_status":"closed","sticky":false,"template":"","format":"standard","meta":{"_acf_changed":false,"footnotes":""},"categories":[29,57],"tags":[304,94,390,572],"thematique":[34],"sfsic":[],"class_list":["post-31885","post","type-post","status-publish","format-standard","hentry","category-aac-evenement","category-colloque","tag-information","tag-journalisme","tag-medias","tag-support","thematique-medias-et-journalisme","wp-sticky"],"acf":[],"yoast_head":"<!-- This site is optimized with the Yoast SEO plugin v27.4 - https:\/\/yoast.com\/product\/yoast-seo-wordpress\/ -->\n<title>Les supports de l\u2019actualit\u00e9 au XIXe si\u00e8cle<\/title>\n<meta name=\"description\" content=\"Le CRIMEL (Centre de recherche interdisciplinaire sur les mod\u00e8les esth\u00e9tiques et litt\u00e9raires) et le GRIPIC (Groupe de recherches interdisciplinaires sur les processus d\u2019information et de communication) lancent un appel \u00e0 communication pour une journ\u00e9e d&#039;\u00e9tudes sur &quot;Les supports de l&#039;actualit\u00e9 au XIXe si\u00e8cle&quot;\" \/>\n<meta name=\"robots\" content=\"index, follow, max-snippet:-1, max-image-preview:large, max-video-preview:-1\" \/>\n<link rel=\"canonical\" href=\"https:\/\/www.sfsic.org\/en\/aac-evenement\/les-supports-de-lactualite-au-xixe-siecle\/\" \/>\n<meta property=\"og:locale\" content=\"en_US\" \/>\n<meta property=\"og:type\" content=\"article\" \/>\n<meta property=\"og:title\" content=\"Les supports de l\u2019actualit\u00e9 au XIXe si\u00e8cle\" \/>\n<meta property=\"og:description\" content=\"Le CRIMEL (Centre de recherche interdisciplinaire sur les mod\u00e8les esth\u00e9tiques et litt\u00e9raires) et le GRIPIC (Groupe de recherches interdisciplinaires sur les processus d\u2019information et de communication) lancent un appel \u00e0 communication pour une journ\u00e9e d&#039;\u00e9tudes sur &quot;Les supports de l&#039;actualit\u00e9 au XIXe si\u00e8cle&quot;\" \/>\n<meta property=\"og:url\" content=\"https:\/\/www.sfsic.org\/en\/aac-evenement\/les-supports-de-lactualite-au-xixe-siecle\/\" \/>\n<meta property=\"og:site_name\" content=\"SFSIC\" \/>\n<meta property=\"article:published_time\" content=\"2024-05-01T17:26:22+00:00\" \/>\n<meta property=\"article:modified_time\" content=\"2024-05-01T17:26:23+00:00\" \/>\n<meta name=\"author\" content=\"Axelle Martin\" \/>\n<meta name=\"twitter:card\" content=\"summary_large_image\" \/>\n<script type=\"application\/ld+json\" class=\"yoast-schema-graph\">{\"@context\":\"https:\\\/\\\/schema.org\",\"@graph\":[{\"@type\":\"Article\",\"@id\":\"https:\\\/\\\/www.sfsic.org\\\/en\\\/aac-evenement\\\/les-supports-de-lactualite-au-xixe-siecle\\\/#article\",\"isPartOf\":{\"@id\":\"https:\\\/\\\/www.sfsic.org\\\/en\\\/aac-evenement\\\/les-supports-de-lactualite-au-xixe-siecle\\\/\"},\"author\":{\"name\":\"Axelle Martin\",\"@id\":\"https:\\\/\\\/www.sfsic.org\\\/en\\\/#\\\/schema\\\/person\\\/d3606993477708f4359fb9aeda58df3b\"},\"headline\":\"Les supports de l\u2019actualit\u00e9 au XIXe si\u00e8cle\",\"datePublished\":\"2024-05-01T17:26:22+00:00\",\"dateModified\":\"2024-05-01T17:26:23+00:00\",\"mainEntityOfPage\":{\"@id\":\"https:\\\/\\\/www.sfsic.org\\\/en\\\/aac-evenement\\\/les-supports-de-lactualite-au-xixe-siecle\\\/\"},\"wordCount\":1541,\"publisher\":{\"@id\":\"https:\\\/\\\/www.sfsic.org\\\/en\\\/#organization\"},\"keywords\":[\"information\",\"Journalisme\",\"M\u00e9dias\",\"support\"],\"articleSection\":[\"AAC \u00c9v\u00e9nement\",\"Colloque\"],\"inLanguage\":\"en-US\"},{\"@type\":\"WebPage\",\"@id\":\"https:\\\/\\\/www.sfsic.org\\\/en\\\/aac-evenement\\\/les-supports-de-lactualite-au-xixe-siecle\\\/\",\"url\":\"https:\\\/\\\/www.sfsic.org\\\/en\\\/aac-evenement\\\/les-supports-de-lactualite-au-xixe-siecle\\\/\",\"name\":\"Les supports de l\u2019actualit\u00e9 au XIXe si\u00e8cle\",\"isPartOf\":{\"@id\":\"https:\\\/\\\/www.sfsic.org\\\/en\\\/#website\"},\"datePublished\":\"2024-05-01T17:26:22+00:00\",\"dateModified\":\"2024-05-01T17:26:23+00:00\",\"description\":\"Le CRIMEL (Centre de recherche interdisciplinaire sur les mod\u00e8les esth\u00e9tiques et litt\u00e9raires) et le GRIPIC (Groupe de recherches interdisciplinaires sur les processus d\u2019information et de communication) lancent un appel \u00e0 communication pour une journ\u00e9e d'\u00e9tudes sur \\\"Les supports de l'actualit\u00e9 au XIXe si\u00e8cle\\\"\",\"breadcrumb\":{\"@id\":\"https:\\\/\\\/www.sfsic.org\\\/en\\\/aac-evenement\\\/les-supports-de-lactualite-au-xixe-siecle\\\/#breadcrumb\"},\"inLanguage\":\"en-US\",\"potentialAction\":[{\"@type\":\"ReadAction\",\"target\":[\"https:\\\/\\\/www.sfsic.org\\\/en\\\/aac-evenement\\\/les-supports-de-lactualite-au-xixe-siecle\\\/\"]}]},{\"@type\":\"BreadcrumbList\",\"@id\":\"https:\\\/\\\/www.sfsic.org\\\/en\\\/aac-evenement\\\/les-supports-de-lactualite-au-xixe-siecle\\\/#breadcrumb\",\"itemListElement\":[{\"@type\":\"ListItem\",\"position\":1,\"name\":\"Accueil\",\"item\":\"https:\\\/\\\/www.sfsic.org\\\/en\\\/\"},{\"@type\":\"ListItem\",\"position\":2,\"name\":\"Calls for Contributions\",\"item\":\"https:\\\/\\\/www.sfsic.org\\\/en\\\/cfc-event\\\/\"},{\"@type\":\"ListItem\",\"position\":3,\"name\":\"Conference\",\"item\":\"https:\\\/\\\/www.sfsic.org\\\/en\\\/cfc-event\\\/conference\\\/\"},{\"@type\":\"ListItem\",\"position\":4,\"name\":\"Les supports de l\u2019actualit\u00e9 au XIXe si\u00e8cle\"}]},{\"@type\":\"WebSite\",\"@id\":\"https:\\\/\\\/www.sfsic.org\\\/en\\\/#website\",\"url\":\"https:\\\/\\\/www.sfsic.org\\\/en\\\/\",\"name\":\"SFSIC\",\"description\":\"Soci\u00e9t\u00e9 Fran\u00e7aise des Sciences de l&#039;Information &amp; de la Communication\",\"publisher\":{\"@id\":\"https:\\\/\\\/www.sfsic.org\\\/en\\\/#organization\"},\"potentialAction\":[{\"@type\":\"SearchAction\",\"target\":{\"@type\":\"EntryPoint\",\"urlTemplate\":\"https:\\\/\\\/www.sfsic.org\\\/en\\\/?s={search_term_string}\"},\"query-input\":{\"@type\":\"PropertyValueSpecification\",\"valueRequired\":true,\"valueName\":\"search_term_string\"}}],\"inLanguage\":\"en-US\"},{\"@type\":\"Organization\",\"@id\":\"https:\\\/\\\/www.sfsic.org\\\/en\\\/#organization\",\"name\":\"SFSIC\",\"url\":\"https:\\\/\\\/www.sfsic.org\\\/en\\\/\",\"logo\":{\"@type\":\"ImageObject\",\"inLanguage\":\"en-US\",\"@id\":\"https:\\\/\\\/www.sfsic.org\\\/en\\\/#\\\/schema\\\/logo\\\/image\\\/\",\"url\":\"https:\\\/\\\/www.sfsic.org\\\/wp-inside\\\/uploads\\\/2020\\\/05\\\/logo-sfsic.jpg\",\"contentUrl\":\"https:\\\/\\\/www.sfsic.org\\\/wp-inside\\\/uploads\\\/2020\\\/05\\\/logo-sfsic.jpg\",\"width\":1085,\"height\":1080,\"caption\":\"SFSIC\"},\"image\":{\"@id\":\"https:\\\/\\\/www.sfsic.org\\\/en\\\/#\\\/schema\\\/logo\\\/image\\\/\"}},{\"@type\":\"Person\",\"@id\":\"https:\\\/\\\/www.sfsic.org\\\/en\\\/#\\\/schema\\\/person\\\/d3606993477708f4359fb9aeda58df3b\",\"name\":\"Axelle Martin\",\"image\":{\"@type\":\"ImageObject\",\"inLanguage\":\"en-US\",\"@id\":\"https:\\\/\\\/secure.gravatar.com\\\/avatar\\\/1065035eb5e480668fbf77e163c2e86f81ac342eaad4c8783acdf4a63f3c917b?s=96&d=mm&r=g\",\"url\":\"https:\\\/\\\/secure.gravatar.com\\\/avatar\\\/1065035eb5e480668fbf77e163c2e86f81ac342eaad4c8783acdf4a63f3c917b?s=96&d=mm&r=g\",\"contentUrl\":\"https:\\\/\\\/secure.gravatar.com\\\/avatar\\\/1065035eb5e480668fbf77e163c2e86f81ac342eaad4c8783acdf4a63f3c917b?s=96&d=mm&r=g\",\"caption\":\"Axelle Martin\"},\"sameAs\":[\"@antropocominside\"]}]}<\/script>\n<!-- \/ Yoast SEO plugin. -->","yoast_head_json":{"title":"Les supports de l\u2019actualit\u00e9 au XIXe si\u00e8cle","description":"Le CRIMEL (Centre de recherche interdisciplinaire sur les mod\u00e8les esth\u00e9tiques et litt\u00e9raires) et le GRIPIC (Groupe de recherches interdisciplinaires sur les processus d\u2019information et de communication) lancent un appel \u00e0 communication pour une journ\u00e9e d'\u00e9tudes sur \"Les supports de l'actualit\u00e9 au XIXe si\u00e8cle\"","robots":{"index":"index","follow":"follow","max-snippet":"max-snippet:-1","max-image-preview":"max-image-preview:large","max-video-preview":"max-video-preview:-1"},"canonical":"https:\/\/www.sfsic.org\/en\/aac-evenement\/les-supports-de-lactualite-au-xixe-siecle\/","og_locale":"en_US","og_type":"article","og_title":"Les supports de l\u2019actualit\u00e9 au XIXe si\u00e8cle","og_description":"Le CRIMEL (Centre de recherche interdisciplinaire sur les mod\u00e8les esth\u00e9tiques et litt\u00e9raires) et le GRIPIC (Groupe de recherches interdisciplinaires sur les processus d\u2019information et de communication) lancent un appel \u00e0 communication pour une journ\u00e9e d'\u00e9tudes sur \"Les supports de l'actualit\u00e9 au XIXe si\u00e8cle\"","og_url":"https:\/\/www.sfsic.org\/en\/aac-evenement\/les-supports-de-lactualite-au-xixe-siecle\/","og_site_name":"SFSIC","article_published_time":"2024-05-01T17:26:22+00:00","article_modified_time":"2024-05-01T17:26:23+00:00","author":"Axelle Martin","twitter_card":"summary_large_image","schema":{"@context":"https:\/\/schema.org","@graph":[{"@type":"Article","@id":"https:\/\/www.sfsic.org\/en\/aac-evenement\/les-supports-de-lactualite-au-xixe-siecle\/#article","isPartOf":{"@id":"https:\/\/www.sfsic.org\/en\/aac-evenement\/les-supports-de-lactualite-au-xixe-siecle\/"},"author":{"name":"Axelle Martin","@id":"https:\/\/www.sfsic.org\/en\/#\/schema\/person\/d3606993477708f4359fb9aeda58df3b"},"headline":"Les supports de l\u2019actualit\u00e9 au XIXe si\u00e8cle","datePublished":"2024-05-01T17:26:22+00:00","dateModified":"2024-05-01T17:26:23+00:00","mainEntityOfPage":{"@id":"https:\/\/www.sfsic.org\/en\/aac-evenement\/les-supports-de-lactualite-au-xixe-siecle\/"},"wordCount":1541,"publisher":{"@id":"https:\/\/www.sfsic.org\/en\/#organization"},"keywords":["information","Journalisme","M\u00e9dias","support"],"articleSection":["AAC \u00c9v\u00e9nement","Colloque"],"inLanguage":"en-US"},{"@type":"WebPage","@id":"https:\/\/www.sfsic.org\/en\/aac-evenement\/les-supports-de-lactualite-au-xixe-siecle\/","url":"https:\/\/www.sfsic.org\/en\/aac-evenement\/les-supports-de-lactualite-au-xixe-siecle\/","name":"Les supports de l\u2019actualit\u00e9 au XIXe si\u00e8cle","isPartOf":{"@id":"https:\/\/www.sfsic.org\/en\/#website"},"datePublished":"2024-05-01T17:26:22+00:00","dateModified":"2024-05-01T17:26:23+00:00","description":"Le CRIMEL (Centre de recherche interdisciplinaire sur les mod\u00e8les esth\u00e9tiques et litt\u00e9raires) et le GRIPIC (Groupe de recherches interdisciplinaires sur les processus d\u2019information et de communication) lancent un appel \u00e0 communication pour une journ\u00e9e d'\u00e9tudes sur \"Les supports de l'actualit\u00e9 au XIXe si\u00e8cle\"","breadcrumb":{"@id":"https:\/\/www.sfsic.org\/en\/aac-evenement\/les-supports-de-lactualite-au-xixe-siecle\/#breadcrumb"},"inLanguage":"en-US","potentialAction":[{"@type":"ReadAction","target":["https:\/\/www.sfsic.org\/en\/aac-evenement\/les-supports-de-lactualite-au-xixe-siecle\/"]}]},{"@type":"BreadcrumbList","@id":"https:\/\/www.sfsic.org\/en\/aac-evenement\/les-supports-de-lactualite-au-xixe-siecle\/#breadcrumb","itemListElement":[{"@type":"ListItem","position":1,"name":"Accueil","item":"https:\/\/www.sfsic.org\/en\/"},{"@type":"ListItem","position":2,"name":"Calls for Contributions","item":"https:\/\/www.sfsic.org\/en\/cfc-event\/"},{"@type":"ListItem","position":3,"name":"Conference","item":"https:\/\/www.sfsic.org\/en\/cfc-event\/conference\/"},{"@type":"ListItem","position":4,"name":"Les supports de l\u2019actualit\u00e9 au XIXe si\u00e8cle"}]},{"@type":"WebSite","@id":"https:\/\/www.sfsic.org\/en\/#website","url":"https:\/\/www.sfsic.org\/en\/","name":"SFSIC","description":"Soci\u00e9t\u00e9 Fran\u00e7aise des Sciences de l&#039;Information &amp; de la Communication","publisher":{"@id":"https:\/\/www.sfsic.org\/en\/#organization"},"potentialAction":[{"@type":"SearchAction","target":{"@type":"EntryPoint","urlTemplate":"https:\/\/www.sfsic.org\/en\/?s={search_term_string}"},"query-input":{"@type":"PropertyValueSpecification","valueRequired":true,"valueName":"search_term_string"}}],"inLanguage":"en-US"},{"@type":"Organization","@id":"https:\/\/www.sfsic.org\/en\/#organization","name":"SFSIC","url":"https:\/\/www.sfsic.org\/en\/","logo":{"@type":"ImageObject","inLanguage":"en-US","@id":"https:\/\/www.sfsic.org\/en\/#\/schema\/logo\/image\/","url":"https:\/\/www.sfsic.org\/wp-inside\/uploads\/2020\/05\/logo-sfsic.jpg","contentUrl":"https:\/\/www.sfsic.org\/wp-inside\/uploads\/2020\/05\/logo-sfsic.jpg","width":1085,"height":1080,"caption":"SFSIC"},"image":{"@id":"https:\/\/www.sfsic.org\/en\/#\/schema\/logo\/image\/"}},{"@type":"Person","@id":"https:\/\/www.sfsic.org\/en\/#\/schema\/person\/d3606993477708f4359fb9aeda58df3b","name":"Axelle Martin","image":{"@type":"ImageObject","inLanguage":"en-US","@id":"https:\/\/secure.gravatar.com\/avatar\/1065035eb5e480668fbf77e163c2e86f81ac342eaad4c8783acdf4a63f3c917b?s=96&d=mm&r=g","url":"https:\/\/secure.gravatar.com\/avatar\/1065035eb5e480668fbf77e163c2e86f81ac342eaad4c8783acdf4a63f3c917b?s=96&d=mm&r=g","contentUrl":"https:\/\/secure.gravatar.com\/avatar\/1065035eb5e480668fbf77e163c2e86f81ac342eaad4c8783acdf4a63f3c917b?s=96&d=mm&r=g","caption":"Axelle Martin"},"sameAs":["@antropocominside"]}]}},"_links":{"self":[{"href":"https:\/\/www.sfsic.org\/en\/wp-json\/wp\/v2\/posts\/31885","targetHints":{"allow":["GET"]}}],"collection":[{"href":"https:\/\/www.sfsic.org\/en\/wp-json\/wp\/v2\/posts"}],"about":[{"href":"https:\/\/www.sfsic.org\/en\/wp-json\/wp\/v2\/types\/post"}],"author":[{"embeddable":true,"href":"https:\/\/www.sfsic.org\/en\/wp-json\/wp\/v2\/users\/781"}],"replies":[{"embeddable":true,"href":"https:\/\/www.sfsic.org\/en\/wp-json\/wp\/v2\/comments?post=31885"}],"version-history":[{"count":3,"href":"https:\/\/www.sfsic.org\/en\/wp-json\/wp\/v2\/posts\/31885\/revisions"}],"predecessor-version":[{"id":31888,"href":"https:\/\/www.sfsic.org\/en\/wp-json\/wp\/v2\/posts\/31885\/revisions\/31888"}],"wp:attachment":[{"href":"https:\/\/www.sfsic.org\/en\/wp-json\/wp\/v2\/media?parent=31885"}],"wp:term":[{"taxonomy":"category","embeddable":true,"href":"https:\/\/www.sfsic.org\/en\/wp-json\/wp\/v2\/categories?post=31885"},{"taxonomy":"post_tag","embeddable":true,"href":"https:\/\/www.sfsic.org\/en\/wp-json\/wp\/v2\/tags?post=31885"},{"taxonomy":"thematique","embeddable":true,"href":"https:\/\/www.sfsic.org\/en\/wp-json\/wp\/v2\/thematique?post=31885"},{"taxonomy":"sfsic","embeddable":true,"href":"https:\/\/www.sfsic.org\/en\/wp-json\/wp\/v2\/sfsic?post=31885"}],"curies":[{"name":"wp","href":"https:\/\/api.w.org\/{rel}","templated":true}]}}