{"id":3187,"date":"2020-02-05T16:24:27","date_gmt":"2020-02-05T15:24:27","guid":{"rendered":"https:\/\/www.sfsic.org\/?p=3187"},"modified":"2020-05-09T01:03:13","modified_gmt":"2020-05-08T23:03:13","slug":"publication-communication-langages-202-gerard-genette-theoricien-de-la-communication","status":"publish","type":"post","link":"https:\/\/www.sfsic.org\/en\/publication\/publication-communication-langages-202-gerard-genette-theoricien-de-la-communication\/","title":{"rendered":"Publication &#8211; Communication &#038; Langages 202 &#8211; G\u00e9rard Genette, th\u00e9oricien de la communication ?"},"content":{"rendered":"<p><!-- fxzn:singledetail --><\/p>\n<div class=\"zone zn-singledetail\" id=\"fxzn-singledetail-1\">\n<div class=\"zone-block zn-singledetail-block alignwide va-top\">\n<div class=\"row\">\n<div class=\"columns large-8 large-push-4\">\n<div class=\"zn-singledetail-metabox\">\n<div class=\"zn-singledetail-pubdate pubdate\">\n\t\t\t\t\t<span class=\"pubdate-txt\">Mis en ligne le<\/span><span class=\"doubledot\"><\/span> <time class=\"pubdate-time\" pubdate datetime=\"2020-02-05T16:24:27+01:00\">5 f\u00e9vrier 2020<\/time>\t\t\t\t<\/div>\n<div class=\"zn-singledetail-thematiques with-sep-comma\">\n<ul class=\"termslist termslist-thematique\">\n<li class=\"termslist-item termslist-title\"><span class=\"termslist-titletxt\">Th\u00e9matiques<\/span><span class=\"doubledot\"><\/span><\/li>\n<li class=\"termslist-item tax-thematique term-images-cinema-medias-audiovisuels-et-industries-culturelles\"><a class=\"termslist-itemlink\" href=\"https:\/\/www.sfsic.org\/thematiques\/images-cinema-medias-audiovisuels-et-industries-culturelles\/\" title=\"Images, cin\u00e9ma, m\u00e9dias audiovisuels et industries culturelles\"><span class=\"termslist-itemname\">Images, cin\u00e9ma, m\u00e9dias audiovisuels et industries culturelles<\/span><\/a><\/li>\n<li class=\"termslist-item tax-thematique term-information-documents-ecritures\"><a class=\"termslist-itemlink\" href=\"https:\/\/www.sfsic.org\/thematiques\/information-documents-ecritures\/\" title=\"Information, documents et \u00e9critures\"><span class=\"termslist-itemname\">Information, documents et \u00e9critures<\/span><\/a><\/li>\n<\/ul><\/div>\n<\/p><\/div>\n<\/p><\/div>\n<\/p><\/div>\n<div class=\"row\">\n<div class=\"columns large-4\">\n<div class=\"zn-singledetail-sidebar bg-cornersquares\">\n<div class=\"zn-singledetail-infos\">\n<p class=\"zn-singledetail-type\">\n\t\t\t\t\t\t\t<span>Type de publication<\/span><span class=\"doubledot\"><\/span> <strong>Num\u00e9ro de revue<\/strong>\n\t\t\t\t\t<\/p>\n<p class=\"zn-singledetail-name\">\n\t\t\t\t\t\t\t<span>Nom de la publication<\/span><span class=\"doubledot\"><\/span> <strong>Communication &#038; Langages<\/strong>\n\t\t\t\t\t<\/p>\n<\/p><\/div>\n<div class=\"zn-singledetail-coordinators\">\n<h3 class=\"zn-singledetail-section-title\">Coordinateur(s) \/ Auteur(s)<\/h3>\n<ul class=\"zn-singledetail-coordinators-list\">\n<li class=\"zn-singledetail-coordinators-item\">\n\t\t\t\t\t\t\t<span>Micha\u00ebl<\/span> <span>Bourgatte<\/span>\t\t\t\t\t\t<\/li>\n<li class=\"zn-singledetail-coordinators-item\">\n\t\t\t\t\t\t\t<span>Daniel<\/span> <span>Jacobi<\/span>\t\t\t\t\t\t<\/li>\n<\/ul><\/div>\n<div class=\"zn-singledetail-contacts\">\n<h3 class=\"zn-singledetail-section-title\">Contacts<\/h3>\n<ul class=\"zn-singledetail-contacts-list\">\n<li>\n\t\t\t\t\t\t\t<span><span>Propositions<\/span> <span>d&#8217;articles et dossiers<\/span><\/span><span class=\"doubledot\"><\/span><br \/>\n\t\t\t\t\t\t\t\t\t\t\t\t\t\t<a class=\"prettylink\" href=\"mailto:communicationetlangages@gmail.com\">communicationetlangages@gmail.com<\/a>\n\t\t\t\t\t\t\t\t\t\t\t\t\t<\/li>\n<li>\n\t\t\t\t\t\t\t<span><span>Lectures<\/span> <span>d&#8217;ouvrages ou d&#8217;\u00e9v\u00e9nements<\/span><\/span><span class=\"doubledot\"><\/span><br \/>\n\t\t\t\t\t\t\t\t\t\t\t\t\t\t<a class=\"prettylink\" href=\"mailto:communicationlangages.cr@gmail.com\">communicationlangages.cr@gmail.com<\/a>\n\t\t\t\t\t\t\t\t\t\t\t\t\t<\/li>\n<\/ul><\/div>\n<div class=\"zn-singledetail-weblinks\">\n<h3 class=\"zn-singledetail-section-title\">Sites internet de r\u00e9f\u00e9rence<\/h3>\n<ul class=\"zn-singledetail-weblinks-list\">\n<li>\n\t\t\t\t\t\t\t<a class=\"prettylink chainlink\" href=\"https:\/\/www.cairn.info\/revue-communication-et-langages-2019-4.htm\u00a0\" title=\"Num\u00e9ro disponible sur\u00a0Cairn.info\" target=\"_blank\" rel=\"noopener noreferrer\">Num\u00e9ro disponible sur Cairn.info<\/a>\n\t\t\t\t\t\t<\/li>\n<li>\n\t\t\t\t\t\t\t<a class=\"prettylink chainlink\" href=\"https:\/\/www.puf.com\/Collections\/Communication_et_langages\" title=\"Appel permanent de la revue\" target=\"_blank\" rel=\"noopener noreferrer\">Appel permanent de la revue<\/a>\n\t\t\t\t\t\t<\/li>\n<\/ul><\/div>\n<\/p><\/div>\n<\/p><\/div>\n<div class=\"columns large-8\">\n<div class=\"zn-singledetail-contentbox\">\n<div class=\"zn-singledetail-annonce wig-content\">\n<p>&nbsp;<\/p>\n<p style=\"text-align: center;\">Publication<br \/>\nCommunication &amp; Langages &#8211; n\u00b0 202<br \/>\nG\u00c9RARD GENETTE, TH\u00c9ORICIEN DE LA COMMUNICATION&#160;?<\/p>\n<p>Dossier coordonn\u00e9 par Micha\u00ebl Bourgatte &amp; Daniel Jacobi<\/p>\n<p>11 mai 2018. Impossible d\u2019allumer la radio ou la t\u00e9l\u00e9vision, de lire un journal ou de consulter Internet sans y d\u00e9couvrir cette information&#160;: le th\u00e9oricien de la litt\u00e9rature G\u00e9rard Genette est mort. Un grand intellectuel s\u2019\u00e9clipse. Mais son \u0153uvre lui survit d\u00e9j\u00e0 dans le champ des \u00e9tudes litt\u00e9raires et au-del\u00e0 dans toutes les SHS.<br \/>\nCe dossier de Communication &amp; langages propose de revisiter une partie de sa panoplie conceptuelle. Celle qu&rsquo;il a patiemment construite et remani\u00e9e tout au long de sa longue carri\u00e8re. Il est incontestable que bien des chercheurs lui sont hautement redevables. Mais que lui doivent sp\u00e9cifiquement les recherches en communication&#160;? Pourquoi et comment cette greffe, en apparence saugrenue, s\u2019est-elle produite&#160;?<br \/>\nEn 1966, Genette est interpell\u00e9 par Roland Barthes pour contribuer au num\u00e9ro 8 de la revue Communications (cahier auquel prendront part Greimas, Eco, Morin, Metz ou encore Todorov). La revue est alors tr\u00e8s influente et Genette, de son propre aveu, ne peut gu\u00e8re refuser la proposition. Il s\u2019engage donc \u00e0 y contribuer en r\u00e9fl\u00e9chissant aux \u00e9l\u00e9ments qui d\u00e9limitent ou bornent le r\u00e9cit. Une publication qui ouvre la voie \u00e0 un travail de longue haleine sur la cr\u00e9ation po\u00e9tique et sur la sp\u00e9cificit\u00e9 de l\u2019\u0153uvre romanesque. Cinq d\u00e9cennies plus tard, comment s\u2019op\u00e8re la rencontre de sa pens\u00e9e avec l\u2019analyse des objets textuels, audiovisuels, num\u00e9riques et patrimoniaux de notre \u00e9poque&#160;?<br \/>\nCe dossier explore l\u2019h\u00e9ritage de Genette dans le champ de la recherche en communication. Il montre que son appareil th\u00e9orique est particuli\u00e8rement robuste et polyvalent, au point de polliniser un grand nombre de travaux.<\/p>\n<p>Dossier&#160;:\u00a0\u00ab&#160;G\u00e9rard Genette, th\u00e9oricien de la communication&#160;?&#160;\u00bb<\/p>\n<p>Micha\u00ebl Bourgatte &amp; Daniel Jacobi\u00a0(coord.)<\/p>\n<p>&nbsp;<\/p>\n<p>Micha\u00ebl Bourgatte\u00a0&amp; Daniel Jacobi<\/p>\n<p>Le devenir des concepts de G\u00e9rard Genette dans la recherche en communication<\/p>\n<p>&nbsp;<\/p>\n<p>Julia Bonaccorsi &amp; Yves Jeanneret<\/p>\n<p>Genette et les SIC, une filiation paradoxale&#160;?<\/p>\n<p>&nbsp;<\/p>\n<p>B\u00e9r\u00e9nice Mariau<\/p>\n<p>Analyser l\u2019objet m\u00e9diatique au regard de ses relations transtextuelles&#160;: le cas du documentaire.<\/p>\n<p>&nbsp;<\/p>\n<p>Lise Renaud<\/p>\n<p>Le paratexte pour penser la configuration des pratiques num\u00e9riques<\/p>\n<p>&nbsp;<\/p>\n<p>Micha\u00ebl Bourgatte<\/p>\n<p>Le mashup et la transtextualit\u00e9 audiovisuelle sur Internet<\/p>\n<p>&nbsp;<\/p>\n<p>Guillaume Soulez<\/p>\n<p>Genette, contre-enqu\u00eate. Pragmatique, formes et diachronie de la \u00ab&#160;voix narrative&#160;\u00bb<\/p>\n<p>&nbsp;<\/p>\n<p>Jean Davallon<\/p>\n<p>De l\u2019\u0153uvre d\u2019art \u00e0 l\u2019objet patrimonial<\/p>\n<p>&nbsp;<\/p>\n<p>&nbsp;<\/p>\n<p>Varia<\/p>\n<p>&nbsp;<\/p>\n<p>David Martens<\/p>\n<p>Portraits phototextuels de pays. Jalons pour l\u2019identification d\u2019un genre m\u00e9connu<\/p>\n<p>&nbsp;<\/p>\n<p>Delphine Le Nozach<\/p>\n<p>Les insertions territoriales dans les films.<\/p>\n<p>Statuts, modalit\u00e9s et monstration du territoire dans l\u2019image cin\u00e9matographique<\/p>\n<p>&nbsp;<\/p>\n<p>&nbsp;<\/p>\n<p>Lectures d&rsquo;ouvrages<\/p>\n<p>&nbsp;<\/p>\n<p>La fabrique de la programmation culturelle.\u00a0Catherine Duteil et Fran\u00e7ois Ribac (pr\u00e9face de Pierre Delcambre), Paris, La Dispute, 2017, 236 p.<\/p>\n<p>Guillaume Heuguet<\/p>\n<p>&nbsp;<\/p>\n<p>Formes audiovisuelles connect\u00e9es. Pratiques de cr\u00e9ation et exp\u00e9riences spectatorielles.\u00a0Claire Chatelet, Amanda Rueda et Julie Savelli (dir.), Aix-en-Provence, Presses Universitaires de Provence, 2018, 216 p.<\/p>\n<p>Lucie Alexis<\/p>\n<p>&nbsp;<\/p>\n<p>On Editorialization. Structuring Space and Authority in the Digital Age.\u00a0Marcello Vitali-Rosati, Amsterdam, Institute for Network Cultures, coll. \u00ab&#160;Theory On Demand&#160;\u00bb, 2018, 114 p.<\/p>\n<p>\u00c9tienne Candel<\/p>\n<p>&nbsp;<\/p>\n<p>&nbsp;<\/p>\n<p>&nbsp;<\/p>\n<p>Propositions d\u2019articles et dossiers (nouvelle adresse)&#160;:\u00a0<a href=\"mailto:communicationetlangages@gmail.com\" target=\"_blank\" rel=\"noopener noreferrer\">communicationetlangages@gmail.com<\/a><\/p>\n<p>Lectures d\u2019ouvrages ou d\u2019\u00e9v\u00e9nements&#160;:\u00a0<a href=\"mailto:communicationlangages.cr@gmail.com\">communicationlangages.cr@gmail.com<\/a><\/p>\n<\/p><\/div>\n<div class=\"zn-singledetail-keywords\">\n<h3 class=\"zn-singledetail-section-title\">Mots-cl\u00e9s<\/h3>\n<ul class=\"termslist termslist-post_tag\">\n<li class=\"termslist-item termslist-title\"><span class=\"termslist-titletxt\">Mots-cl\u00e9s<\/span><span class=\"doubledot\"><\/span><\/li>\n<li class=\"termslist-item tax-post_tag term-media\"><a class=\"termslist-itemlink\" href=\"https:\/\/www.sfsic.org\/tag\/media\/\" title=\"m\u00e9dia\"><span class=\"termslist-itemname\">m\u00e9dia<\/span><\/a><\/li>\n<\/ul><\/div>\n<\/p><\/div>\n<\/p><\/div>\n<\/p><\/div>\n<\/p><\/div>\n<\/div>\n<p><!-- \/fxzn:singledetail --><br \/>\n<!-- flzn:textblock --><\/p>\n<div class=\"zone zn-textblock\" id=\"flzn-textblock-1\">\n<div class=\"zone-block zn-textblock-block va-top\">\n<div class=\"row mw-content-zone\">\n<div class=\"columns large-12\">\n<div class=\"row large-up-1 with-nice-alignment nbloc-1\">\n<div class=\"column zn-textblock-col empty-content\">\n<div class=\"column-inner\">\n<div class=\"wig-content mw-content empty-content\">\n<p>Contenu texte \u00e0 venir&#8230;<\/p>\n<\/p><\/div>\n<\/p><\/div>\n<\/p><\/div>\n<\/p><\/div>\n<\/p><\/div>\n<\/p><\/div>\n<\/p><\/div>\n<\/div>\n<p><!-- \/flzn:textblock --><\/p>\n","protected":false},"excerpt":{"rendered":"<p>Mis en ligne le 5 f\u00e9vrier 2020 Th\u00e9matiques Images, cin\u00e9ma, m\u00e9dias audiovisuels et industries culturelles Information, documents et \u00e9critures Type de publication Num\u00e9ro de revue Nom de la publication Communication [&hellip;]<\/p>\n","protected":false},"author":957,"featured_media":0,"comment_status":"closed","ping_status":"closed","sticky":false,"template":"","format":"standard","meta":{"_acf_changed":false,"footnotes":""},"categories":[70,31],"tags":[46],"thematique":[35,40],"sfsic":[],"class_list":["post-3187","post","type-post","status-publish","format-standard","hentry","category-numero-revue","category-publication","tag-media","thematique-images-cinema-medias-audiovisuels-et-industries-culturelles","thematique-information-documents-et-ecritures","wp-sticky"],"acf":[],"yoast_head":"<!-- This site is optimized with the Yoast SEO plugin v27.4 - https:\/\/yoast.com\/product\/yoast-seo-wordpress\/ -->\n<title>Publication - Communication &amp; Langages 202 - G\u00e9rard Genette, th\u00e9oricien de la communication ?<\/title>\n<meta name=\"description\" content=\"Ce dossier de Communication &amp; langages propose de revisiter une partie de la panoplie conceptuelle de G\u00e9rard Genette. Celle qu&#039;il a patiemment construite et remani\u00e9e tout au long de sa longue carri\u00e8re. Il est incontestable que bien des chercheurs lui sont hautement redevables. Mais que lui doivent sp\u00e9cifiquement les recherches en communication ? Pourquoi et comment cette greffe, en apparence saugrenue, s\u2019est-elle produite\u2009?\" \/>\n<meta name=\"robots\" content=\"index, follow, max-snippet:-1, max-image-preview:large, max-video-preview:-1\" \/>\n<link rel=\"canonical\" href=\"https:\/\/www.sfsic.org\/en\/publication\/publication-communication-langages-202-gerard-genette-theoricien-de-la-communication\/\" \/>\n<meta property=\"og:locale\" content=\"en_US\" \/>\n<meta property=\"og:type\" content=\"article\" \/>\n<meta property=\"og:title\" content=\"Publication - Communication &amp; Langages 202 - G\u00e9rard Genette, th\u00e9oricien de la communication ?\" \/>\n<meta property=\"og:description\" content=\"Ce dossier de Communication &amp; langages propose de revisiter une partie de la panoplie conceptuelle de G\u00e9rard Genette. Celle qu&#039;il a patiemment construite et remani\u00e9e tout au long de sa longue carri\u00e8re. Il est incontestable que bien des chercheurs lui sont hautement redevables. Mais que lui doivent sp\u00e9cifiquement les recherches en communication ? Pourquoi et comment cette greffe, en apparence saugrenue, s\u2019est-elle produite\u2009?\" \/>\n<meta property=\"og:url\" content=\"https:\/\/www.sfsic.org\/en\/publication\/publication-communication-langages-202-gerard-genette-theoricien-de-la-communication\/\" \/>\n<meta property=\"og:site_name\" content=\"SFSIC\" \/>\n<meta property=\"article:published_time\" content=\"2020-02-05T15:24:27+00:00\" \/>\n<meta property=\"article:modified_time\" content=\"2020-05-08T23:03:13+00:00\" \/>\n<meta name=\"author\" content=\"Fabien Bonnet\" \/>\n<meta name=\"twitter:card\" content=\"summary_large_image\" \/>\n<script type=\"application\/ld+json\" class=\"yoast-schema-graph\">{\"@context\":\"https:\\\/\\\/schema.org\",\"@graph\":[{\"@type\":\"Article\",\"@id\":\"https:\\\/\\\/www.sfsic.org\\\/en\\\/publication\\\/publication-communication-langages-202-gerard-genette-theoricien-de-la-communication\\\/#article\",\"isPartOf\":{\"@id\":\"https:\\\/\\\/www.sfsic.org\\\/en\\\/publication\\\/publication-communication-langages-202-gerard-genette-theoricien-de-la-communication\\\/\"},\"author\":{\"name\":\"Fabien Bonnet\",\"@id\":\"https:\\\/\\\/www.sfsic.org\\\/en\\\/#\\\/schema\\\/person\\\/9f83573bda33f40c68c7c826e9567df6\"},\"headline\":\"Publication &#8211; Communication &#038; Langages 202 &#8211; G\u00e9rard Genette, th\u00e9oricien de la communication ?\",\"datePublished\":\"2020-02-05T15:24:27+00:00\",\"dateModified\":\"2020-05-08T23:03:13+00:00\",\"mainEntityOfPage\":{\"@id\":\"https:\\\/\\\/www.sfsic.org\\\/en\\\/publication\\\/publication-communication-langages-202-gerard-genette-theoricien-de-la-communication\\\/\"},\"wordCount\":679,\"publisher\":{\"@id\":\"https:\\\/\\\/www.sfsic.org\\\/en\\\/#organization\"},\"keywords\":[\"m\u00e9dia\"],\"articleSection\":[\"Num\u00e9ro de revue\",\"Publications\"],\"inLanguage\":\"en-US\"},{\"@type\":\"WebPage\",\"@id\":\"https:\\\/\\\/www.sfsic.org\\\/en\\\/publication\\\/publication-communication-langages-202-gerard-genette-theoricien-de-la-communication\\\/\",\"url\":\"https:\\\/\\\/www.sfsic.org\\\/en\\\/publication\\\/publication-communication-langages-202-gerard-genette-theoricien-de-la-communication\\\/\",\"name\":\"Publication - Communication & Langages 202 - G\u00e9rard Genette, th\u00e9oricien de la communication ?\",\"isPartOf\":{\"@id\":\"https:\\\/\\\/www.sfsic.org\\\/en\\\/#website\"},\"datePublished\":\"2020-02-05T15:24:27+00:00\",\"dateModified\":\"2020-05-08T23:03:13+00:00\",\"description\":\"Ce dossier de Communication & langages propose de revisiter une partie de la panoplie conceptuelle de G\u00e9rard Genette. Celle qu'il a patiemment construite et remani\u00e9e tout au long de sa longue carri\u00e8re. Il est incontestable que bien des chercheurs lui sont hautement redevables. Mais que lui doivent sp\u00e9cifiquement les recherches en communication ? Pourquoi et comment cette greffe, en apparence saugrenue, s\u2019est-elle produite\u2009?\",\"breadcrumb\":{\"@id\":\"https:\\\/\\\/www.sfsic.org\\\/en\\\/publication\\\/publication-communication-langages-202-gerard-genette-theoricien-de-la-communication\\\/#breadcrumb\"},\"inLanguage\":\"en-US\",\"potentialAction\":[{\"@type\":\"ReadAction\",\"target\":[\"https:\\\/\\\/www.sfsic.org\\\/en\\\/publication\\\/publication-communication-langages-202-gerard-genette-theoricien-de-la-communication\\\/\"]}]},{\"@type\":\"BreadcrumbList\",\"@id\":\"https:\\\/\\\/www.sfsic.org\\\/en\\\/publication\\\/publication-communication-langages-202-gerard-genette-theoricien-de-la-communication\\\/#breadcrumb\",\"itemListElement\":[{\"@type\":\"ListItem\",\"position\":1,\"name\":\"Accueil\",\"item\":\"https:\\\/\\\/www.sfsic.org\\\/en\\\/\"},{\"@type\":\"ListItem\",\"position\":2,\"name\":\"Publications\",\"item\":\"https:\\\/\\\/www.sfsic.org\\\/en\\\/publication-en\\\/\"},{\"@type\":\"ListItem\",\"position\":3,\"name\":\"Journal issue\",\"item\":\"https:\\\/\\\/www.sfsic.org\\\/en\\\/publication-en\\\/journal-issue\\\/\"},{\"@type\":\"ListItem\",\"position\":4,\"name\":\"Publication &#8211; Communication &#038; Langages 202 &#8211; G\u00e9rard Genette, th\u00e9oricien de la communication&#160;?\"}]},{\"@type\":\"WebSite\",\"@id\":\"https:\\\/\\\/www.sfsic.org\\\/en\\\/#website\",\"url\":\"https:\\\/\\\/www.sfsic.org\\\/en\\\/\",\"name\":\"SFSIC\",\"description\":\"Soci\u00e9t\u00e9 Fran\u00e7aise des Sciences de l&#039;Information &amp; de la Communication\",\"publisher\":{\"@id\":\"https:\\\/\\\/www.sfsic.org\\\/en\\\/#organization\"},\"potentialAction\":[{\"@type\":\"SearchAction\",\"target\":{\"@type\":\"EntryPoint\",\"urlTemplate\":\"https:\\\/\\\/www.sfsic.org\\\/en\\\/?s={search_term_string}\"},\"query-input\":{\"@type\":\"PropertyValueSpecification\",\"valueRequired\":true,\"valueName\":\"search_term_string\"}}],\"inLanguage\":\"en-US\"},{\"@type\":\"Organization\",\"@id\":\"https:\\\/\\\/www.sfsic.org\\\/en\\\/#organization\",\"name\":\"SFSIC\",\"url\":\"https:\\\/\\\/www.sfsic.org\\\/en\\\/\",\"logo\":{\"@type\":\"ImageObject\",\"inLanguage\":\"en-US\",\"@id\":\"https:\\\/\\\/www.sfsic.org\\\/en\\\/#\\\/schema\\\/logo\\\/image\\\/\",\"url\":\"https:\\\/\\\/www.sfsic.org\\\/wp-inside\\\/uploads\\\/2020\\\/05\\\/logo-sfsic.jpg\",\"contentUrl\":\"https:\\\/\\\/www.sfsic.org\\\/wp-inside\\\/uploads\\\/2020\\\/05\\\/logo-sfsic.jpg\",\"width\":1085,\"height\":1080,\"caption\":\"SFSIC\"},\"image\":{\"@id\":\"https:\\\/\\\/www.sfsic.org\\\/en\\\/#\\\/schema\\\/logo\\\/image\\\/\"}},{\"@type\":\"Person\",\"@id\":\"https:\\\/\\\/www.sfsic.org\\\/en\\\/#\\\/schema\\\/person\\\/9f83573bda33f40c68c7c826e9567df6\",\"name\":\"Fabien Bonnet\",\"image\":{\"@type\":\"ImageObject\",\"inLanguage\":\"en-US\",\"@id\":\"https:\\\/\\\/secure.gravatar.com\\\/avatar\\\/88a9288fc13369cb9e30359afa340f8adace82098c18ff09415c6dacd710ddc4?s=96&d=mm&r=g\",\"url\":\"https:\\\/\\\/secure.gravatar.com\\\/avatar\\\/88a9288fc13369cb9e30359afa340f8adace82098c18ff09415c6dacd710ddc4?s=96&d=mm&r=g\",\"contentUrl\":\"https:\\\/\\\/secure.gravatar.com\\\/avatar\\\/88a9288fc13369cb9e30359afa340f8adace82098c18ff09415c6dacd710ddc4?s=96&d=mm&r=g\",\"caption\":\"Fabien Bonnet\"}}]}<\/script>\n<!-- \/ Yoast SEO plugin. -->","yoast_head_json":{"title":"Publication - Communication & Langages 202 - G\u00e9rard Genette, th\u00e9oricien de la communication ?","description":"Ce dossier de Communication & langages propose de revisiter une partie de la panoplie conceptuelle de G\u00e9rard Genette. Celle qu'il a patiemment construite et remani\u00e9e tout au long de sa longue carri\u00e8re. Il est incontestable que bien des chercheurs lui sont hautement redevables. Mais que lui doivent sp\u00e9cifiquement les recherches en communication ? Pourquoi et comment cette greffe, en apparence saugrenue, s\u2019est-elle produite\u2009?","robots":{"index":"index","follow":"follow","max-snippet":"max-snippet:-1","max-image-preview":"max-image-preview:large","max-video-preview":"max-video-preview:-1"},"canonical":"https:\/\/www.sfsic.org\/en\/publication\/publication-communication-langages-202-gerard-genette-theoricien-de-la-communication\/","og_locale":"en_US","og_type":"article","og_title":"Publication - Communication & Langages 202 - G\u00e9rard Genette, th\u00e9oricien de la communication ?","og_description":"Ce dossier de Communication & langages propose de revisiter une partie de la panoplie conceptuelle de G\u00e9rard Genette. Celle qu'il a patiemment construite et remani\u00e9e tout au long de sa longue carri\u00e8re. Il est incontestable que bien des chercheurs lui sont hautement redevables. Mais que lui doivent sp\u00e9cifiquement les recherches en communication ? Pourquoi et comment cette greffe, en apparence saugrenue, s\u2019est-elle produite\u2009?","og_url":"https:\/\/www.sfsic.org\/en\/publication\/publication-communication-langages-202-gerard-genette-theoricien-de-la-communication\/","og_site_name":"SFSIC","article_published_time":"2020-02-05T15:24:27+00:00","article_modified_time":"2020-05-08T23:03:13+00:00","author":"Fabien Bonnet","twitter_card":"summary_large_image","schema":{"@context":"https:\/\/schema.org","@graph":[{"@type":"Article","@id":"https:\/\/www.sfsic.org\/en\/publication\/publication-communication-langages-202-gerard-genette-theoricien-de-la-communication\/#article","isPartOf":{"@id":"https:\/\/www.sfsic.org\/en\/publication\/publication-communication-langages-202-gerard-genette-theoricien-de-la-communication\/"},"author":{"name":"Fabien Bonnet","@id":"https:\/\/www.sfsic.org\/en\/#\/schema\/person\/9f83573bda33f40c68c7c826e9567df6"},"headline":"Publication &#8211; Communication &#038; Langages 202 &#8211; G\u00e9rard Genette, th\u00e9oricien de la communication ?","datePublished":"2020-02-05T15:24:27+00:00","dateModified":"2020-05-08T23:03:13+00:00","mainEntityOfPage":{"@id":"https:\/\/www.sfsic.org\/en\/publication\/publication-communication-langages-202-gerard-genette-theoricien-de-la-communication\/"},"wordCount":679,"publisher":{"@id":"https:\/\/www.sfsic.org\/en\/#organization"},"keywords":["m\u00e9dia"],"articleSection":["Num\u00e9ro de revue","Publications"],"inLanguage":"en-US"},{"@type":"WebPage","@id":"https:\/\/www.sfsic.org\/en\/publication\/publication-communication-langages-202-gerard-genette-theoricien-de-la-communication\/","url":"https:\/\/www.sfsic.org\/en\/publication\/publication-communication-langages-202-gerard-genette-theoricien-de-la-communication\/","name":"Publication - Communication & Langages 202 - G\u00e9rard Genette, th\u00e9oricien de la communication ?","isPartOf":{"@id":"https:\/\/www.sfsic.org\/en\/#website"},"datePublished":"2020-02-05T15:24:27+00:00","dateModified":"2020-05-08T23:03:13+00:00","description":"Ce dossier de Communication & langages propose de revisiter une partie de la panoplie conceptuelle de G\u00e9rard Genette. Celle qu'il a patiemment construite et remani\u00e9e tout au long de sa longue carri\u00e8re. Il est incontestable que bien des chercheurs lui sont hautement redevables. Mais que lui doivent sp\u00e9cifiquement les recherches en communication ? Pourquoi et comment cette greffe, en apparence saugrenue, s\u2019est-elle produite\u2009?","breadcrumb":{"@id":"https:\/\/www.sfsic.org\/en\/publication\/publication-communication-langages-202-gerard-genette-theoricien-de-la-communication\/#breadcrumb"},"inLanguage":"en-US","potentialAction":[{"@type":"ReadAction","target":["https:\/\/www.sfsic.org\/en\/publication\/publication-communication-langages-202-gerard-genette-theoricien-de-la-communication\/"]}]},{"@type":"BreadcrumbList","@id":"https:\/\/www.sfsic.org\/en\/publication\/publication-communication-langages-202-gerard-genette-theoricien-de-la-communication\/#breadcrumb","itemListElement":[{"@type":"ListItem","position":1,"name":"Accueil","item":"https:\/\/www.sfsic.org\/en\/"},{"@type":"ListItem","position":2,"name":"Publications","item":"https:\/\/www.sfsic.org\/en\/publication-en\/"},{"@type":"ListItem","position":3,"name":"Journal issue","item":"https:\/\/www.sfsic.org\/en\/publication-en\/journal-issue\/"},{"@type":"ListItem","position":4,"name":"Publication &#8211; Communication &#038; Langages 202 &#8211; G\u00e9rard Genette, th\u00e9oricien de la communication&#160;?"}]},{"@type":"WebSite","@id":"https:\/\/www.sfsic.org\/en\/#website","url":"https:\/\/www.sfsic.org\/en\/","name":"SFSIC","description":"Soci\u00e9t\u00e9 Fran\u00e7aise des Sciences de l&#039;Information &amp; de la Communication","publisher":{"@id":"https:\/\/www.sfsic.org\/en\/#organization"},"potentialAction":[{"@type":"SearchAction","target":{"@type":"EntryPoint","urlTemplate":"https:\/\/www.sfsic.org\/en\/?s={search_term_string}"},"query-input":{"@type":"PropertyValueSpecification","valueRequired":true,"valueName":"search_term_string"}}],"inLanguage":"en-US"},{"@type":"Organization","@id":"https:\/\/www.sfsic.org\/en\/#organization","name":"SFSIC","url":"https:\/\/www.sfsic.org\/en\/","logo":{"@type":"ImageObject","inLanguage":"en-US","@id":"https:\/\/www.sfsic.org\/en\/#\/schema\/logo\/image\/","url":"https:\/\/www.sfsic.org\/wp-inside\/uploads\/2020\/05\/logo-sfsic.jpg","contentUrl":"https:\/\/www.sfsic.org\/wp-inside\/uploads\/2020\/05\/logo-sfsic.jpg","width":1085,"height":1080,"caption":"SFSIC"},"image":{"@id":"https:\/\/www.sfsic.org\/en\/#\/schema\/logo\/image\/"}},{"@type":"Person","@id":"https:\/\/www.sfsic.org\/en\/#\/schema\/person\/9f83573bda33f40c68c7c826e9567df6","name":"Fabien Bonnet","image":{"@type":"ImageObject","inLanguage":"en-US","@id":"https:\/\/secure.gravatar.com\/avatar\/88a9288fc13369cb9e30359afa340f8adace82098c18ff09415c6dacd710ddc4?s=96&d=mm&r=g","url":"https:\/\/secure.gravatar.com\/avatar\/88a9288fc13369cb9e30359afa340f8adace82098c18ff09415c6dacd710ddc4?s=96&d=mm&r=g","contentUrl":"https:\/\/secure.gravatar.com\/avatar\/88a9288fc13369cb9e30359afa340f8adace82098c18ff09415c6dacd710ddc4?s=96&d=mm&r=g","caption":"Fabien Bonnet"}}]}},"_links":{"self":[{"href":"https:\/\/www.sfsic.org\/en\/wp-json\/wp\/v2\/posts\/3187","targetHints":{"allow":["GET"]}}],"collection":[{"href":"https:\/\/www.sfsic.org\/en\/wp-json\/wp\/v2\/posts"}],"about":[{"href":"https:\/\/www.sfsic.org\/en\/wp-json\/wp\/v2\/types\/post"}],"author":[{"embeddable":true,"href":"https:\/\/www.sfsic.org\/en\/wp-json\/wp\/v2\/users\/957"}],"replies":[{"embeddable":true,"href":"https:\/\/www.sfsic.org\/en\/wp-json\/wp\/v2\/comments?post=3187"}],"version-history":[{"count":3,"href":"https:\/\/www.sfsic.org\/en\/wp-json\/wp\/v2\/posts\/3187\/revisions"}],"predecessor-version":[{"id":5203,"href":"https:\/\/www.sfsic.org\/en\/wp-json\/wp\/v2\/posts\/3187\/revisions\/5203"}],"wp:attachment":[{"href":"https:\/\/www.sfsic.org\/en\/wp-json\/wp\/v2\/media?parent=3187"}],"wp:term":[{"taxonomy":"category","embeddable":true,"href":"https:\/\/www.sfsic.org\/en\/wp-json\/wp\/v2\/categories?post=3187"},{"taxonomy":"post_tag","embeddable":true,"href":"https:\/\/www.sfsic.org\/en\/wp-json\/wp\/v2\/tags?post=3187"},{"taxonomy":"thematique","embeddable":true,"href":"https:\/\/www.sfsic.org\/en\/wp-json\/wp\/v2\/thematique?post=3187"},{"taxonomy":"sfsic","embeddable":true,"href":"https:\/\/www.sfsic.org\/en\/wp-json\/wp\/v2\/sfsic?post=3187"}],"curies":[{"name":"wp","href":"https:\/\/api.w.org\/{rel}","templated":true}]}}