{"id":3183,"date":"2020-02-13T13:45:17","date_gmt":"2020-02-13T12:45:17","guid":{"rendered":"https:\/\/www.sfsic.org\/?p=3183"},"modified":"2020-05-09T00:20:15","modified_gmt":"2020-05-08T22:20:15","slug":"evenement-sfsic-et-aac-prix-jeune-chercheur-francophone-en-sic-appel-2020","status":"publish","type":"post","link":"https:\/\/www.sfsic.org\/en\/emplois\/evenement-sfsic-et-aac-prix-jeune-chercheur-francophone-en-sic-appel-2020\/","title":{"rendered":"Prix jeune chercheur francophone en SIC &#8211; Appel 2020"},"content":{"rendered":"<p><!-- fxzn:singledetail --><\/p>\n<div class=\"zone zn-singledetail\" id=\"fxzn-singledetail-1\">\n<div class=\"zone-block zn-singledetail-block alignwide va-top\">\n<div class=\"row\">\n<div class=\"columns large-8 large-push-4\">\n<div class=\"zn-singledetail-metabox\">\n<div class=\"zn-singledetail-pubdate pubdate\">\n\t\t\t\t\t<span class=\"pubdate-txt\">Mis en ligne le<\/span><span class=\"doubledot\"><\/span> <time class=\"pubdate-time\" pubdate datetime=\"2020-02-13T13:45:17+01:00\">13 f\u00e9vrier 2020<\/time>\t\t\t\t<\/div>\n<div class=\"zn-singledetail-thematiques with-sep-comma\">\n<ul class=\"termslist termslist-thematique\">\n<li class=\"termslist-item termslist-title\"><span class=\"termslist-titletxt\">Th\u00e9matiques<\/span><span class=\"doubledot\"><\/span><\/li>\n<li class=\"termslist-item tax-thematique term-mediation-des-savoirs-education-formation\"><a class=\"termslist-itemlink\" href=\"https:\/\/www.sfsic.org\/thematiques\/mediation-des-savoirs-education-formation\/\" title=\"M\u00e9diation des savoirs, \u00e9ducation et formation\"><span class=\"termslist-itemname\">M\u00e9diation des savoirs, \u00e9ducation et formation<\/span><\/a><\/li>\n<\/ul><\/div>\n<\/p><\/div>\n<\/p><\/div>\n<\/p><\/div>\n<div class=\"row\">\n<div class=\"columns large-4\">\n<div class=\"zn-singledetail-sidebar bg-cornersquares\">\n<div class=\"zn-singledetail-infos\">\n<p class=\"zn-singledetail-reponse-date\">\n\t\t\t\t\t\t<span>R\u00e9ponse attendue pour le<\/span><span class=\"doubledot\"><\/span> <strong>31\/03\/2020<\/strong>\n\t\t\t\t\t<\/p>\n<p class=\"zn-singledetail-type\">\n\t\t\t\t\t\t\t<span>Type d\u2019annonce<\/span><span class=\"doubledot\"><\/span> <strong>Prix<\/strong>\n\t\t\t\t\t<\/p>\n<\/p><\/div>\n<div class=\"zn-singledetail-contacts\">\n<h3 class=\"zn-singledetail-section-title\">Contacts<\/h3>\n<ul class=\"zn-singledetail-contacts-list\">\n<li>\n\t\t\t\t\t\t\t<span><span>Contact<\/span> <span>prix de th\u00e8se<\/span><\/span><span class=\"doubledot\"><\/span><br \/>\n\t\t\t\t\t\t\t\t\t\t\t\t\t\t<a class=\"prettylink\" href=\"mailto:prix@sfsic.org\">prix@sfsic.org<\/a>\n\t\t\t\t\t\t\t\t\t\t\t\t\t<\/li>\n<\/ul><\/div>\n<div class=\"zn-singledetail-weblinks\">\n<h3 class=\"zn-singledetail-section-title\">Sites internet de r\u00e9f\u00e9rence<\/h3>\n<ul class=\"zn-singledetail-weblinks-list\">\n<li>\n\t\t\t\t\t\t\t<a class=\"prettylink chainlink\" href=\"http:\/\/sfsic.org\" title=\"SFSIC\" target=\"_blank\" rel=\"noopener noreferrer\">SFSIC<\/a>\n\t\t\t\t\t\t<\/li>\n<\/ul><\/div>\n<\/p><\/div>\n<\/p><\/div>\n<div class=\"columns large-8\">\n<div class=\"zn-singledetail-contentbox\">\n<div class=\"zn-singledetail-annonce wig-content\">\n<h2>Cadre du projet<\/h2>\n<p style=\"font-size: medium; color: #000000; text-align: justify;\"><span style=\"font-family: Arial, sans-serif; font-size: 12pt; color: #000000;\">Le Prix jeune chercheur s&rsquo;inscrit dans la dynamique de valorisation des travaux francophones en Sciences de l\u2019information et de la communication. Il vise \u00e0 encourager, \u00e0 travers une distinction honorifique, les jeunes chercheurs dont les travaux scientifiques ont \u00e9t\u00e9 remarqu\u00e9s pour leur qualit\u00e9 et leur originalit\u00e9.\u00a0<\/span><\/p>\n<h2>Eligibilit\u00e9<\/h2>\n<p><span style=\"font-family: Arial, sans-serif; font-size: 12pt; color: #000000;\">Sont \u00e9ligibles les jeunes chercheurs en Sciences de l\u2019Information et de la Communication ayant soutenu une th\u00e8se en fran\u00e7ais dans les deux derni\u00e8res ann\u00e9es et pr\u00e9sentant une lettre de recommandation de leur directeur de th\u00e8se ou de laboratoire (ou d\u2019\u00e9quipe de recherche).<\/span><\/p>\n<h2>Int\u00e9r\u00eat\u00a0pour\u00a0le(s)\u00a0laur\u00e9at(s)<\/h2>\n<ul>\n<li><span style=\"font-family: Arial, sans-serif; font-size: 12pt; color: #000000;\">V\u00e9ritable reconnaissance scientifique \u00e0 faire valoir dans son CV.<\/span><\/li>\n<li><span style=\"font-family: Arial, sans-serif; font-size: 12pt; color: #000000;\">Promotion sur les supports de publication de la SFSIC (articles, podcast, annonce sur le site&#8230;).<\/span><\/li>\n<\/ul>\n<h2>P\u00e9riodicit\u00e9<\/h2>\n<p><span style=\"font-family: Arial, sans-serif; font-size: 12pt; color: #000000;\">Le prix est attribu\u00e9 tous les deux ans pendant le Congr\u00e8s de la SFSIC.<\/span><\/p>\n<h2>Nature du prix<\/h2>\n<h3>Premier prix<\/h3>\n<ul>\n<li><span style=\"font-family: Arial, sans-serif; font-size: 12pt; color: #000000;\">Edition d\u2019un ouvrage \u00e9lectronique \u00e0 partir de la th\u00e8se dans la collection \u00ab&#160;SFSIC&#160;\u00bb.<\/span><\/li>\n<li><span style=\"font-family: Arial, sans-serif; font-size: 12pt; color: #000000;\">Invitation au Congr\u00e8s et au d\u00eener de gala pour le laur\u00e9at.<\/span><\/li>\n<\/ul>\n<h3>Deuxi\u00e8me prix<\/h3>\n<ul>\n<li><span style=\"font-family: Arial, sans-serif; font-size: 12pt; color: #000000;\">Publication d\u2019un article \u00e0 partir de la th\u00e8se dans une revue reconnue.<\/span><\/li>\n<li><span style=\"font-family: Arial, sans-serif; font-size: 12pt; color: #000000;\">Invitation au Congr\u00e8s et au d\u00eener de gala pour les laur\u00e9ats.<\/span><\/li>\n<\/ul>\n<p><span style=\"font-family: Arial, sans-serif; font-size: 12pt; color: #000000;\">Deux candidats sont \u00e9ligibles.<\/span><\/p>\n<h2>Soumission\u00a0des\u00a0propositions<\/h2>\n<p><span style=\"font-family: Arial, sans-serif; font-size: 12pt; color: #000000;\">Le candidat pr\u00e9sentera sa (ses) recherche(s) en 60.000 caract\u00e8res maximum (espaces compris), dans un document type article, auquel il ajoutera un r\u00e9sum\u00e9 en fran\u00e7ais et un r\u00e9sum\u00e9 en anglais.<\/span><\/p>\n<h1 style=\"margin-left: 0cm; text-indent: 0cm;\"><span style=\"font-size: 12pt; font-family: Arial, sans-serif; color: #000000;\">La date limite de d\u00e9p\u00f4t de candidature est fix\u00e9e au 31 mars 2020.<\/span><\/h1>\n<\/p><\/div>\n<div class=\"zn-singledetail-attachedfiles\">\n<h3 class=\"zn-singledetail-section-title\">Fichier(s) attach\u00e9(s)<\/h3>\n<ul class=\"zn-singledetail-attachedfiles-list\">\n<li class=\"zn-singledetail-attachedfiles-item\">\n\t\t\t\t\t\t\t<a class=\"zn-singledetail-attachedfiles-link button outline for-download\" href=\"https:\/\/www.sfsic.org\/wp-inside\/uploads\/2020\/04\/sfsic-prix-du-jeune-chercheur_2020-1.pdf\" title=\"T\u00e9l\u00e9charger : \u00ab sfsic-prix-du-jeune-chercheur_2020-1.pdf \u00bb\" target=\"_blank\" rel=\"noopener noreferrer\"><br \/>\n\t\t\t\t\t\t\t\t<span class=\"button-txt\">sfsic-prix-du-je[&#8230;].pdf<\/span><br \/>\n\t\t\t\t\t\t\t<\/a>\n\t\t\t\t\t\t<\/li>\n<\/ul><\/div>\n<div class=\"zn-singledetail-keywords\">\n<h3 class=\"zn-singledetail-section-title\">Mots-cl\u00e9s<\/h3>\n<ul class=\"termslist termslist-post_tag\">\n<li class=\"termslist-item termslist-title\"><span class=\"termslist-titletxt\">Mots-cl\u00e9s<\/span><span class=\"doubledot\"><\/span><\/li>\n<li class=\"termslist-item tax-post_tag term-sfsic\"><a class=\"termslist-itemlink\" href=\"https:\/\/www.sfsic.org\/tag\/sfsic\/\" title=\"SFSIC\"><span class=\"termslist-itemname\">SFSIC<\/span><\/a><\/li>\n<li class=\"termslist-item tax-post_tag term-sic\"><a class=\"termslist-itemlink\" href=\"https:\/\/www.sfsic.org\/tag\/sic\/\" title=\"SIC\"><span class=\"termslist-itemname\">SIC<\/span><\/a><\/li>\n<\/ul><\/div>\n<\/p><\/div>\n<\/p><\/div>\n<\/p><\/div>\n<\/p><\/div>\n<\/div>\n<p><!-- \/fxzn:singledetail --><br \/>\n<!-- flzn:textblock --><\/p>\n<div class=\"zone zn-textblock\" id=\"flzn-textblock-1\">\n<div class=\"zone-block zn-textblock-block va-top\">\n<div class=\"row mw-content-zone\">\n<div class=\"columns large-12\">\n<div class=\"row large-up-1 with-nice-alignment nbloc-1\">\n<div class=\"column zn-textblock-col empty-content\">\n<div class=\"column-inner\">\n<div class=\"wig-content mw-content empty-content\">\n<p>Contenu texte \u00e0 venir&#8230;<\/p>\n<\/p><\/div>\n<\/p><\/div>\n<\/p><\/div>\n<\/p><\/div>\n<\/p><\/div>\n<\/p><\/div>\n<\/p><\/div>\n<\/div>\n<p><!-- \/flzn:textblock --><\/p>\n","protected":false},"excerpt":{"rendered":"<p>Mis en ligne le 13 f\u00e9vrier 2020 Th\u00e9matiques M\u00e9diation des savoirs, \u00e9ducation et formation R\u00e9ponse attendue pour le 31\/03\/2020 Type d\u2019annonce Prix Contacts Contact prix de th\u00e8se prix@sfsic.org Sites internet [&hellip;]<\/p>\n","protected":false},"author":957,"featured_media":0,"comment_status":"closed","ping_status":"closed","sticky":false,"template":"","format":"standard","meta":{"_acf_changed":false,"footnotes":""},"categories":[32,65],"tags":[96,103],"thematique":[43],"sfsic":[],"class_list":["post-3183","post","type-post","status-publish","format-standard","hentry","category-emplois","category-prix","tag-sfsic","tag-sic","thematique-mediation-des-savoirs-education-et-formation","wp-sticky"],"acf":[],"yoast_head":"<!-- This site is optimized with the Yoast SEO plugin v27.4 - https:\/\/yoast.com\/product\/yoast-seo-wordpress\/ -->\n<title>Prix jeune chercheur francophone en SIC - Appel 2020<\/title>\n<meta name=\"description\" content=\"Le Prix jeune chercheur s&#039;inscrit dans la dynamique de valorisation des travaux francophones en Sciences de l\u2019information et de la communication. Il vise \u00e0 encourager, \u00e0 travers une distinction honorifique, les jeunes chercheurs dont les travaux scientifiques ont \u00e9t\u00e9 remarqu\u00e9s pour leur qualit\u00e9 et leur originalit\u00e9.\u00a0\" \/>\n<meta name=\"robots\" content=\"index, follow, max-snippet:-1, max-image-preview:large, max-video-preview:-1\" \/>\n<link rel=\"canonical\" href=\"https:\/\/www.sfsic.org\/en\/emplois\/evenement-sfsic-et-aac-prix-jeune-chercheur-francophone-en-sic-appel-2020\/\" \/>\n<meta property=\"og:locale\" content=\"en_US\" \/>\n<meta property=\"og:type\" content=\"article\" \/>\n<meta property=\"og:title\" content=\"Prix jeune chercheur francophone en SIC - Appel 2020\" \/>\n<meta property=\"og:description\" content=\"Le Prix jeune chercheur s&#039;inscrit dans la dynamique de valorisation des travaux francophones en Sciences de l\u2019information et de la communication. Il vise \u00e0 encourager, \u00e0 travers une distinction honorifique, les jeunes chercheurs dont les travaux scientifiques ont \u00e9t\u00e9 remarqu\u00e9s pour leur qualit\u00e9 et leur originalit\u00e9.\u00a0\" \/>\n<meta property=\"og:url\" content=\"https:\/\/www.sfsic.org\/en\/emplois\/evenement-sfsic-et-aac-prix-jeune-chercheur-francophone-en-sic-appel-2020\/\" \/>\n<meta property=\"og:site_name\" content=\"SFSIC\" \/>\n<meta property=\"article:published_time\" content=\"2020-02-13T12:45:17+00:00\" \/>\n<meta property=\"article:modified_time\" content=\"2020-05-08T22:20:15+00:00\" \/>\n<meta name=\"author\" content=\"Fabien Bonnet\" \/>\n<meta name=\"twitter:card\" content=\"summary_large_image\" \/>\n<script type=\"application\/ld+json\" class=\"yoast-schema-graph\">{\"@context\":\"https:\\\/\\\/schema.org\",\"@graph\":[{\"@type\":\"Article\",\"@id\":\"https:\\\/\\\/www.sfsic.org\\\/en\\\/emplois\\\/evenement-sfsic-et-aac-prix-jeune-chercheur-francophone-en-sic-appel-2020\\\/#article\",\"isPartOf\":{\"@id\":\"https:\\\/\\\/www.sfsic.org\\\/en\\\/emplois\\\/evenement-sfsic-et-aac-prix-jeune-chercheur-francophone-en-sic-appel-2020\\\/\"},\"author\":{\"name\":\"Fabien Bonnet\",\"@id\":\"https:\\\/\\\/www.sfsic.org\\\/en\\\/#\\\/schema\\\/person\\\/9f83573bda33f40c68c7c826e9567df6\"},\"headline\":\"Prix jeune chercheur francophone en SIC &#8211; Appel 2020\",\"datePublished\":\"2020-02-13T12:45:17+00:00\",\"dateModified\":\"2020-05-08T22:20:15+00:00\",\"mainEntityOfPage\":{\"@id\":\"https:\\\/\\\/www.sfsic.org\\\/en\\\/emplois\\\/evenement-sfsic-et-aac-prix-jeune-chercheur-francophone-en-sic-appel-2020\\\/\"},\"wordCount\":333,\"publisher\":{\"@id\":\"https:\\\/\\\/www.sfsic.org\\\/en\\\/#organization\"},\"keywords\":[\"SFSIC\",\"SIC\"],\"articleSection\":[\"Emplois\",\"Prix\"],\"inLanguage\":\"en-US\"},{\"@type\":\"WebPage\",\"@id\":\"https:\\\/\\\/www.sfsic.org\\\/en\\\/emplois\\\/evenement-sfsic-et-aac-prix-jeune-chercheur-francophone-en-sic-appel-2020\\\/\",\"url\":\"https:\\\/\\\/www.sfsic.org\\\/en\\\/emplois\\\/evenement-sfsic-et-aac-prix-jeune-chercheur-francophone-en-sic-appel-2020\\\/\",\"name\":\"Prix jeune chercheur francophone en SIC - Appel 2020\",\"isPartOf\":{\"@id\":\"https:\\\/\\\/www.sfsic.org\\\/en\\\/#website\"},\"datePublished\":\"2020-02-13T12:45:17+00:00\",\"dateModified\":\"2020-05-08T22:20:15+00:00\",\"description\":\"Le Prix jeune chercheur s'inscrit dans la dynamique de valorisation des travaux francophones en Sciences de l\u2019information et de la communication. Il vise \u00e0 encourager, \u00e0 travers une distinction honorifique, les jeunes chercheurs dont les travaux scientifiques ont \u00e9t\u00e9 remarqu\u00e9s pour leur qualit\u00e9 et leur originalit\u00e9.\u00a0\",\"breadcrumb\":{\"@id\":\"https:\\\/\\\/www.sfsic.org\\\/en\\\/emplois\\\/evenement-sfsic-et-aac-prix-jeune-chercheur-francophone-en-sic-appel-2020\\\/#breadcrumb\"},\"inLanguage\":\"en-US\",\"potentialAction\":[{\"@type\":\"ReadAction\",\"target\":[\"https:\\\/\\\/www.sfsic.org\\\/en\\\/emplois\\\/evenement-sfsic-et-aac-prix-jeune-chercheur-francophone-en-sic-appel-2020\\\/\"]}]},{\"@type\":\"BreadcrumbList\",\"@id\":\"https:\\\/\\\/www.sfsic.org\\\/en\\\/emplois\\\/evenement-sfsic-et-aac-prix-jeune-chercheur-francophone-en-sic-appel-2020\\\/#breadcrumb\",\"itemListElement\":[{\"@type\":\"ListItem\",\"position\":1,\"name\":\"Accueil\",\"item\":\"https:\\\/\\\/www.sfsic.org\\\/en\\\/\"},{\"@type\":\"ListItem\",\"position\":2,\"name\":\"Jobs\",\"item\":\"https:\\\/\\\/www.sfsic.org\\\/en\\\/jobs\\\/\"},{\"@type\":\"ListItem\",\"position\":3,\"name\":\"Award\",\"item\":\"https:\\\/\\\/www.sfsic.org\\\/en\\\/jobs\\\/award\\\/\"},{\"@type\":\"ListItem\",\"position\":4,\"name\":\"Prix jeune chercheur francophone en SIC &#8211; Appel 2020\"}]},{\"@type\":\"WebSite\",\"@id\":\"https:\\\/\\\/www.sfsic.org\\\/en\\\/#website\",\"url\":\"https:\\\/\\\/www.sfsic.org\\\/en\\\/\",\"name\":\"SFSIC\",\"description\":\"Soci\u00e9t\u00e9 Fran\u00e7aise des Sciences de l&#039;Information &amp; de la Communication\",\"publisher\":{\"@id\":\"https:\\\/\\\/www.sfsic.org\\\/en\\\/#organization\"},\"potentialAction\":[{\"@type\":\"SearchAction\",\"target\":{\"@type\":\"EntryPoint\",\"urlTemplate\":\"https:\\\/\\\/www.sfsic.org\\\/en\\\/?s={search_term_string}\"},\"query-input\":{\"@type\":\"PropertyValueSpecification\",\"valueRequired\":true,\"valueName\":\"search_term_string\"}}],\"inLanguage\":\"en-US\"},{\"@type\":\"Organization\",\"@id\":\"https:\\\/\\\/www.sfsic.org\\\/en\\\/#organization\",\"name\":\"SFSIC\",\"url\":\"https:\\\/\\\/www.sfsic.org\\\/en\\\/\",\"logo\":{\"@type\":\"ImageObject\",\"inLanguage\":\"en-US\",\"@id\":\"https:\\\/\\\/www.sfsic.org\\\/en\\\/#\\\/schema\\\/logo\\\/image\\\/\",\"url\":\"https:\\\/\\\/www.sfsic.org\\\/wp-inside\\\/uploads\\\/2020\\\/05\\\/logo-sfsic.jpg\",\"contentUrl\":\"https:\\\/\\\/www.sfsic.org\\\/wp-inside\\\/uploads\\\/2020\\\/05\\\/logo-sfsic.jpg\",\"width\":1085,\"height\":1080,\"caption\":\"SFSIC\"},\"image\":{\"@id\":\"https:\\\/\\\/www.sfsic.org\\\/en\\\/#\\\/schema\\\/logo\\\/image\\\/\"}},{\"@type\":\"Person\",\"@id\":\"https:\\\/\\\/www.sfsic.org\\\/en\\\/#\\\/schema\\\/person\\\/9f83573bda33f40c68c7c826e9567df6\",\"name\":\"Fabien Bonnet\",\"image\":{\"@type\":\"ImageObject\",\"inLanguage\":\"en-US\",\"@id\":\"https:\\\/\\\/secure.gravatar.com\\\/avatar\\\/88a9288fc13369cb9e30359afa340f8adace82098c18ff09415c6dacd710ddc4?s=96&d=mm&r=g\",\"url\":\"https:\\\/\\\/secure.gravatar.com\\\/avatar\\\/88a9288fc13369cb9e30359afa340f8adace82098c18ff09415c6dacd710ddc4?s=96&d=mm&r=g\",\"contentUrl\":\"https:\\\/\\\/secure.gravatar.com\\\/avatar\\\/88a9288fc13369cb9e30359afa340f8adace82098c18ff09415c6dacd710ddc4?s=96&d=mm&r=g\",\"caption\":\"Fabien Bonnet\"}}]}<\/script>\n<!-- \/ Yoast SEO plugin. -->","yoast_head_json":{"title":"Prix jeune chercheur francophone en SIC - Appel 2020","description":"Le Prix jeune chercheur s'inscrit dans la dynamique de valorisation des travaux francophones en Sciences de l\u2019information et de la communication. Il vise \u00e0 encourager, \u00e0 travers une distinction honorifique, les jeunes chercheurs dont les travaux scientifiques ont \u00e9t\u00e9 remarqu\u00e9s pour leur qualit\u00e9 et leur originalit\u00e9.\u00a0","robots":{"index":"index","follow":"follow","max-snippet":"max-snippet:-1","max-image-preview":"max-image-preview:large","max-video-preview":"max-video-preview:-1"},"canonical":"https:\/\/www.sfsic.org\/en\/emplois\/evenement-sfsic-et-aac-prix-jeune-chercheur-francophone-en-sic-appel-2020\/","og_locale":"en_US","og_type":"article","og_title":"Prix jeune chercheur francophone en SIC - Appel 2020","og_description":"Le Prix jeune chercheur s'inscrit dans la dynamique de valorisation des travaux francophones en Sciences de l\u2019information et de la communication. Il vise \u00e0 encourager, \u00e0 travers une distinction honorifique, les jeunes chercheurs dont les travaux scientifiques ont \u00e9t\u00e9 remarqu\u00e9s pour leur qualit\u00e9 et leur originalit\u00e9.\u00a0","og_url":"https:\/\/www.sfsic.org\/en\/emplois\/evenement-sfsic-et-aac-prix-jeune-chercheur-francophone-en-sic-appel-2020\/","og_site_name":"SFSIC","article_published_time":"2020-02-13T12:45:17+00:00","article_modified_time":"2020-05-08T22:20:15+00:00","author":"Fabien Bonnet","twitter_card":"summary_large_image","schema":{"@context":"https:\/\/schema.org","@graph":[{"@type":"Article","@id":"https:\/\/www.sfsic.org\/en\/emplois\/evenement-sfsic-et-aac-prix-jeune-chercheur-francophone-en-sic-appel-2020\/#article","isPartOf":{"@id":"https:\/\/www.sfsic.org\/en\/emplois\/evenement-sfsic-et-aac-prix-jeune-chercheur-francophone-en-sic-appel-2020\/"},"author":{"name":"Fabien Bonnet","@id":"https:\/\/www.sfsic.org\/en\/#\/schema\/person\/9f83573bda33f40c68c7c826e9567df6"},"headline":"Prix jeune chercheur francophone en SIC &#8211; Appel 2020","datePublished":"2020-02-13T12:45:17+00:00","dateModified":"2020-05-08T22:20:15+00:00","mainEntityOfPage":{"@id":"https:\/\/www.sfsic.org\/en\/emplois\/evenement-sfsic-et-aac-prix-jeune-chercheur-francophone-en-sic-appel-2020\/"},"wordCount":333,"publisher":{"@id":"https:\/\/www.sfsic.org\/en\/#organization"},"keywords":["SFSIC","SIC"],"articleSection":["Emplois","Prix"],"inLanguage":"en-US"},{"@type":"WebPage","@id":"https:\/\/www.sfsic.org\/en\/emplois\/evenement-sfsic-et-aac-prix-jeune-chercheur-francophone-en-sic-appel-2020\/","url":"https:\/\/www.sfsic.org\/en\/emplois\/evenement-sfsic-et-aac-prix-jeune-chercheur-francophone-en-sic-appel-2020\/","name":"Prix jeune chercheur francophone en SIC - Appel 2020","isPartOf":{"@id":"https:\/\/www.sfsic.org\/en\/#website"},"datePublished":"2020-02-13T12:45:17+00:00","dateModified":"2020-05-08T22:20:15+00:00","description":"Le Prix jeune chercheur s'inscrit dans la dynamique de valorisation des travaux francophones en Sciences de l\u2019information et de la communication. Il vise \u00e0 encourager, \u00e0 travers une distinction honorifique, les jeunes chercheurs dont les travaux scientifiques ont \u00e9t\u00e9 remarqu\u00e9s pour leur qualit\u00e9 et leur originalit\u00e9.\u00a0","breadcrumb":{"@id":"https:\/\/www.sfsic.org\/en\/emplois\/evenement-sfsic-et-aac-prix-jeune-chercheur-francophone-en-sic-appel-2020\/#breadcrumb"},"inLanguage":"en-US","potentialAction":[{"@type":"ReadAction","target":["https:\/\/www.sfsic.org\/en\/emplois\/evenement-sfsic-et-aac-prix-jeune-chercheur-francophone-en-sic-appel-2020\/"]}]},{"@type":"BreadcrumbList","@id":"https:\/\/www.sfsic.org\/en\/emplois\/evenement-sfsic-et-aac-prix-jeune-chercheur-francophone-en-sic-appel-2020\/#breadcrumb","itemListElement":[{"@type":"ListItem","position":1,"name":"Accueil","item":"https:\/\/www.sfsic.org\/en\/"},{"@type":"ListItem","position":2,"name":"Jobs","item":"https:\/\/www.sfsic.org\/en\/jobs\/"},{"@type":"ListItem","position":3,"name":"Award","item":"https:\/\/www.sfsic.org\/en\/jobs\/award\/"},{"@type":"ListItem","position":4,"name":"Prix jeune chercheur francophone en SIC &#8211; Appel 2020"}]},{"@type":"WebSite","@id":"https:\/\/www.sfsic.org\/en\/#website","url":"https:\/\/www.sfsic.org\/en\/","name":"SFSIC","description":"Soci\u00e9t\u00e9 Fran\u00e7aise des Sciences de l&#039;Information &amp; de la Communication","publisher":{"@id":"https:\/\/www.sfsic.org\/en\/#organization"},"potentialAction":[{"@type":"SearchAction","target":{"@type":"EntryPoint","urlTemplate":"https:\/\/www.sfsic.org\/en\/?s={search_term_string}"},"query-input":{"@type":"PropertyValueSpecification","valueRequired":true,"valueName":"search_term_string"}}],"inLanguage":"en-US"},{"@type":"Organization","@id":"https:\/\/www.sfsic.org\/en\/#organization","name":"SFSIC","url":"https:\/\/www.sfsic.org\/en\/","logo":{"@type":"ImageObject","inLanguage":"en-US","@id":"https:\/\/www.sfsic.org\/en\/#\/schema\/logo\/image\/","url":"https:\/\/www.sfsic.org\/wp-inside\/uploads\/2020\/05\/logo-sfsic.jpg","contentUrl":"https:\/\/www.sfsic.org\/wp-inside\/uploads\/2020\/05\/logo-sfsic.jpg","width":1085,"height":1080,"caption":"SFSIC"},"image":{"@id":"https:\/\/www.sfsic.org\/en\/#\/schema\/logo\/image\/"}},{"@type":"Person","@id":"https:\/\/www.sfsic.org\/en\/#\/schema\/person\/9f83573bda33f40c68c7c826e9567df6","name":"Fabien Bonnet","image":{"@type":"ImageObject","inLanguage":"en-US","@id":"https:\/\/secure.gravatar.com\/avatar\/88a9288fc13369cb9e30359afa340f8adace82098c18ff09415c6dacd710ddc4?s=96&d=mm&r=g","url":"https:\/\/secure.gravatar.com\/avatar\/88a9288fc13369cb9e30359afa340f8adace82098c18ff09415c6dacd710ddc4?s=96&d=mm&r=g","contentUrl":"https:\/\/secure.gravatar.com\/avatar\/88a9288fc13369cb9e30359afa340f8adace82098c18ff09415c6dacd710ddc4?s=96&d=mm&r=g","caption":"Fabien Bonnet"}}]}},"_links":{"self":[{"href":"https:\/\/www.sfsic.org\/en\/wp-json\/wp\/v2\/posts\/3183","targetHints":{"allow":["GET"]}}],"collection":[{"href":"https:\/\/www.sfsic.org\/en\/wp-json\/wp\/v2\/posts"}],"about":[{"href":"https:\/\/www.sfsic.org\/en\/wp-json\/wp\/v2\/types\/post"}],"author":[{"embeddable":true,"href":"https:\/\/www.sfsic.org\/en\/wp-json\/wp\/v2\/users\/957"}],"replies":[{"embeddable":true,"href":"https:\/\/www.sfsic.org\/en\/wp-json\/wp\/v2\/comments?post=3183"}],"version-history":[{"count":2,"href":"https:\/\/www.sfsic.org\/en\/wp-json\/wp\/v2\/posts\/3183\/revisions"}],"predecessor-version":[{"id":5185,"href":"https:\/\/www.sfsic.org\/en\/wp-json\/wp\/v2\/posts\/3183\/revisions\/5185"}],"wp:attachment":[{"href":"https:\/\/www.sfsic.org\/en\/wp-json\/wp\/v2\/media?parent=3183"}],"wp:term":[{"taxonomy":"category","embeddable":true,"href":"https:\/\/www.sfsic.org\/en\/wp-json\/wp\/v2\/categories?post=3183"},{"taxonomy":"post_tag","embeddable":true,"href":"https:\/\/www.sfsic.org\/en\/wp-json\/wp\/v2\/tags?post=3183"},{"taxonomy":"thematique","embeddable":true,"href":"https:\/\/www.sfsic.org\/en\/wp-json\/wp\/v2\/thematique?post=3183"},{"taxonomy":"sfsic","embeddable":true,"href":"https:\/\/www.sfsic.org\/en\/wp-json\/wp\/v2\/sfsic?post=3183"}],"curies":[{"name":"wp","href":"https:\/\/api.w.org\/{rel}","templated":true}]}}