{"id":3164,"date":"2020-03-18T21:03:00","date_gmt":"2020-03-18T20:03:00","guid":{"rendered":"https:\/\/www.sfsic.org\/?p=3164"},"modified":"2020-05-10T15:43:23","modified_gmt":"2020-05-10T13:43:23","slug":"assises-des-sic-annulation","status":"publish","type":"post","link":"https:\/\/www.sfsic.org\/en\/evenement\/assises-des-sic-annulation\/","title":{"rendered":"Report des Assises des SIC"},"content":{"rendered":"<p><!-- fxzn:singledetail --><\/p>\n<div class=\"zone zn-singledetail\" id=\"fxzn-singledetail-1\">\n<div class=\"zone-block zn-singledetail-block alignwide va-top\">\n<div class=\"row\">\n<div class=\"columns large-8 large-push-4\">\n<div class=\"zn-singledetail-metabox\">\n<div class=\"zn-singledetail-pubdate pubdate\">\n\t\t\t\t\t<span class=\"pubdate-txt\">Mis en ligne le<\/span><span class=\"doubledot\"><\/span> <time class=\"pubdate-time\" pubdate datetime=\"2020-03-18T21:03:00+01:00\">18 mars 2020<\/time>\t\t\t\t<\/div>\n<div class=\"zn-singledetail-thematiques with-sep-comma\">\n<ul class=\"termslist termslist-thematique\">\n<li class=\"termslist-item termslist-title\"><span class=\"termslist-titletxt\">Th\u00e9matiques<\/span><span class=\"doubledot\"><\/span><\/li>\n<li class=\"termslist-item tax-thematique term-mediation-des-savoirs-education-formation\"><a class=\"termslist-itemlink\" href=\"https:\/\/www.sfsic.org\/thematiques\/mediation-des-savoirs-education-formation\/\" title=\"M\u00e9diation des savoirs, \u00e9ducation et formation\"><span class=\"termslist-itemname\">M\u00e9diation des savoirs, \u00e9ducation et formation<\/span><\/a><\/li>\n<\/ul><\/div>\n<\/p><\/div>\n<\/p><\/div>\n<\/p><\/div>\n<div class=\"row\">\n<div class=\"columns large-4\">\n<div class=\"zn-singledetail-sidebar bg-cornersquares\">\n<div class=\"zn-singledetail-infos\">\n<p class=\"zn-singledetail-type\">\n\t\t\t\t\t\t\t<span>Type d\u2019\u00e9v\u00e9nement<\/span><span class=\"doubledot\"><\/span> <strong>Journ\u00e9e d\u2019\u00e9tude<\/strong>\n\t\t\t\t\t<\/p>\n<\/p><\/div>\n<div class=\"zn-singledetail-contacts\">\n<h3 class=\"zn-singledetail-section-title\">Contacts<\/h3>\n<ul class=\"zn-singledetail-contacts-list\">\n<li>\n\t\t\t\t\t\t\t<span><span>Philippe<\/span> <span>Bonfils<\/span><\/span><span class=\"doubledot\"><\/span><br \/>\n\t\t\t\t\t\t\t\t\t\t\t\t\t\t<a class=\"prettylink\" href=\"mailto:presidence@sfsic.org\">presidence@sfsic.org<\/a>\n\t\t\t\t\t\t\t\t\t\t\t\t\t<\/li>\n<li>\n\t\t\t\t\t\t\t<span><span>Jacques<\/span> <span>Walter<\/span><\/span><span class=\"doubledot\"><\/span><br \/>\n\t\t\t\t\t\t\t\t\t\t\t\t\t\t<a class=\"prettylink\" href=\"mailto:jacques.walter@uni-lorraine.fr\">jacques.walter@uni-lorraine.fr<\/a>\n\t\t\t\t\t\t\t\t\t\t\t\t\t<\/li>\n<\/ul><\/div>\n<div class=\"zn-singledetail-weblinks\">\n<h3 class=\"zn-singledetail-section-title\">Sites internet de r\u00e9f\u00e9rence<\/h3>\n<ul class=\"zn-singledetail-weblinks-list\">\n<li>\n\t\t\t\t\t\t\t<a class=\"prettylink chainlink\" href=\"http:\/\/www.sfsic.org\" title=\"SFSIC\" target=\"_blank\" rel=\"noopener noreferrer\">SFSIC<\/a>\n\t\t\t\t\t\t<\/li>\n<li>\n\t\t\t\t\t\t\t<a class=\"prettylink chainlink\" href=\"http:\/\/www.cpdirsic.fr\" title=\"CPDirSIC\" target=\"_blank\" rel=\"noopener noreferrer\">CPDirSIC<\/a>\n\t\t\t\t\t\t<\/li>\n<\/ul><\/div>\n<\/p><\/div>\n<\/p><\/div>\n<div class=\"columns large-8\">\n<div class=\"zn-singledetail-contentbox\">\n<div class=\"zn-singledetail-eventinfo is-sfsic-event\">\n<div class=\"zn-singledetail-eventinfo-inner\">\n<h3 class=\"zn-singledetail-section-title zn-singledetail-eventinfo-title\">\u00c9v\u00e9nement SFSIC<\/h3>\n<div class=\"zn-singledetail-eventdates\">\n\t\t\t\t\t\t<span class=\"zn-singledetail-label\">Dates de l\u2019\u00e9v\u00e9nement<span class=\"doubledot\"><\/span><\/span><\/p>\n<ul class=\"zn-singledetail-eventdates-list\">\n<li class=\"zn-singledetail-eventdates-item\">\n\t\t\t\t\t\t\t\tDu <time class=\"event-start-time\" datetime=\"2020-04-02T00:00:00+00:00\">02\/04\/2020<\/time> au <time class=\"event-end-time\" datetime=\"2020-04-02T00:00:00+00:00\">02\/04\/2020<\/time>\t\t\t\t\t\t\t<\/li>\n<\/ul><\/div>\n<p class=\"zn-singledetail-eventplace\">\n\t\t\t\t\t\t<span class=\"zn-singledetail-label\">Lieu de l\u2019\u00e9v\u00e9nement<span class=\"doubledot\"><\/span><\/span><br \/>\n\t\t\t\t\t\t<span class=\"zn-singledetail-eventplace-adr\"><br \/>\n\t\t\t\t\t\t\t\t\t\t\t\t<span class=\"adr-name\">Minist\u00e8re de l\u2019Enseignement sup\u00e9rieur,  de la Recherche et de l\u2019Innovation<\/span>,<\/p>\n<p>\t\t\t\t\t\t<span class=\"adr-street\">1, rue Descartes<\/span>,<br \/>\n\t\t\t\t\t\t<span class=\"adr-city\">Paris<\/span><br \/>\n\t\t\t\t\t\t<span class=\"adr-cp\">75005<\/span>, <span class=\"adr-country\">France<\/span><br \/>\n\t\t\t\t\t\t<\/span>\t\t\t\t\t<\/p>\n<\/p><\/div>\n<\/p><\/div>\n<div class=\"zn-singledetail-annonce wig-content\">\n<p style=\"text-align: center;\"><strong>Assises des SIC &#8211; Report de l&rsquo;\u00e9v\u00e9nement<\/strong><\/p>\n<p>Ch\u00e8res et chers coll\u00e8gues,<br \/>\nAu regard de la situation sanitaire internationale exceptionnelle que nous connaissons, et en accord avec la CPDirSIC, nous devons reporter les Assises des SIC initialement pr\u00e9vues le jeudi 2 avril 2020. Celles-ci devaient \u00eatre consacr\u00e9es \u00e0 la contribution des chercheurs et chercheuses en sciences de l\u2019information et de la communication aux d\u00e9bats publics.<br \/>\nNous vous \u00e9crirons \u00e0 ce propos d\u00e8s que les conditions n\u00e9cessaires \u00e0 la tenue d\u2019un tel \u00e9v\u00e9nement seront \u00e0 nouveau r\u00e9unies. D\u2019ici l\u00e0, prenons le temps de nous lire mutuellement quand c\u2019est possible.<br \/>\nNous vous souhaitons beaucoup de courage et de solidarit\u00e9 pour les semaines \u00e0 venir.<br \/>\nAu plaisir de vous croiser bient\u00f4t.<\/p>\n<p>Philippe Bonfils (SFSIC) et Jacques Walter (CPDirSIC)<\/p>\n<\/p><\/div>\n<div class=\"zn-singledetail-partners\">\n<h3 class=\"zn-singledetail-section-title\">Partenaires<\/h3>\n<div class=\"zn-singledetail-partners-list row small-up-2 medium-up-3 large-up-5 partnerlist\" data-equalizer data-equalize-on=\"medium\">\n<article class=\"summarypartner column\">\n<div class=\"summarypartner-box\" title=\"Conf\u00e9rence Permanente des Directeurs.trices de laboratoires en Sciences de l'Information et de la Communication\">\n<div class=\"summarypartner-box-inner\" data-equalizer-watch>\n<div class=\"summarypartner-imgbox\">\n<figure class=\"summarypartner-figure\">\n\t\t\t\t\t<img decoding=\"async\" class=\"summarypartner-img\" src=\"https:\/\/www.sfsic.org\/wp-inside\/uploads\/2020\/03\/logocpdirsic.png\" alt=\"\" ><figcaption class=\"summarypartner-img-caption show-for-sr\">Logo CPDirSIC<\/figcaption><\/figure>\n<\/p><\/div>\n<div class=\"summarypartner-content\">\n<div class=\"summarypartner-content-inner\">\n<header class=\"summarypartner-header\">\n<h3 class=\"summarypartner-title\">\n\t\t\t\t\t\t\tConf\u00e9rence Permanente des Directeurs.trices de laboratoires en Sciences de l&#8217;Information et de la Communication\t\t\t\t\t\t<\/h3>\n<p class=\"summarypartner-acronym\">\n\t\t\t\t\t\t\tCPDirSIC\t\t\t\t\t\t<\/p>\n<\/header><\/div>\n<\/p><\/div>\n<\/p><\/div>\n<\/p><\/div>\n<\/article><\/div>\n<\/p><\/div>\n<div class=\"zn-singledetail-keywords\">\n<h3 class=\"zn-singledetail-section-title\">Mots-cl\u00e9s<\/h3>\n<ul class=\"termslist termslist-post_tag\">\n<li class=\"termslist-item termslist-title\"><span class=\"termslist-titletxt\">Mots-cl\u00e9s<\/span><span class=\"doubledot\"><\/span><\/li>\n<li class=\"termslist-item tax-post_tag term-assises\"><a class=\"termslist-itemlink\" href=\"https:\/\/www.sfsic.org\/tag\/assises\/\" title=\"Assises\"><span class=\"termslist-itemname\">Assises<\/span><\/a><\/li>\n<li class=\"termslist-item tax-post_tag term-cpdirsic\"><a class=\"termslist-itemlink\" href=\"https:\/\/www.sfsic.org\/tag\/cpdirsic\/\" title=\"CPDirSIC\"><span class=\"termslist-itemname\">CPDirSIC<\/span><\/a><\/li>\n<li class=\"termslist-item tax-post_tag term-debat-public\"><a class=\"termslist-itemlink\" href=\"https:\/\/www.sfsic.org\/tag\/debat-public\/\" title=\"d\u00e9bat public\"><span class=\"termslist-itemname\">d\u00e9bat public<\/span><\/a><\/li>\n<li class=\"termslist-item tax-post_tag term-sfsic\"><a class=\"termslist-itemlink\" href=\"https:\/\/www.sfsic.org\/tag\/sfsic\/\" title=\"SFSIC\"><span class=\"termslist-itemname\">SFSIC<\/span><\/a><\/li>\n<li class=\"termslist-item tax-post_tag term-sic\"><a class=\"termslist-itemlink\" href=\"https:\/\/www.sfsic.org\/tag\/sic\/\" title=\"SIC\"><span class=\"termslist-itemname\">SIC<\/span><\/a><\/li>\n<\/ul><\/div>\n<\/p><\/div>\n<\/p><\/div>\n<\/p><\/div>\n<\/p><\/div>\n<\/div>\n<p><!-- \/fxzn:singledetail --><br \/>\n<!-- flzn:textblock --><\/p>\n<div class=\"zone zn-textblock\" id=\"flzn-textblock-1\">\n<div class=\"zone-block zn-textblock-block va-top\">\n<div class=\"row mw-content-zone\">\n<div class=\"columns large-12\">\n<div class=\"row large-up-1 with-nice-alignment nbloc-1\">\n<div class=\"column zn-textblock-col empty-content\">\n<div class=\"column-inner\">\n<div class=\"wig-content mw-content empty-content\">\n<p>Contenu texte \u00e0 venir&#8230;<\/p>\n<\/p><\/div>\n<\/p><\/div>\n<\/p><\/div>\n<\/p><\/div>\n<\/p><\/div>\n<\/p><\/div>\n<\/p><\/div>\n<\/div>\n<p><!-- \/flzn:textblock --><\/p>\n","protected":false},"excerpt":{"rendered":"<p>Mis en ligne le 18 mars 2020 Th\u00e9matiques M\u00e9diation des savoirs, \u00e9ducation et formation Type d\u2019\u00e9v\u00e9nement Journ\u00e9e d\u2019\u00e9tude Contacts Philippe Bonfils presidence@sfsic.org Jacques Walter jacques.walter@uni-lorraine.fr Sites internet de r\u00e9f\u00e9rence SFSIC [&hellip;]<\/p>\n","protected":false},"author":957,"featured_media":0,"comment_status":"closed","ping_status":"closed","sticky":false,"template":"","format":"standard","meta":{"_acf_changed":false,"footnotes":""},"categories":[30,68],"tags":[100,102,101,96,103],"thematique":[43],"sfsic":[52],"class_list":["post-3164","post","type-post","status-publish","format-standard","hentry","category-evenement","category-journee-etude-2","tag-assises","tag-cpdirsic","tag-debat-public","tag-sfsic","tag-sic","thematique-mediation-des-savoirs-education-et-formation","sfsic-evenements","wp-sticky"],"acf":[],"yoast_head":"<!-- This site is optimized with the Yoast SEO plugin v27.4 - https:\/\/yoast.com\/product\/yoast-seo-wordpress\/ -->\n<title>Report des Assises des SIC<\/title>\n<meta name=\"description\" content=\"Au regard de la situation sanitaire internationale exceptionnelle que nous connaissons, et en accord avec la CPDirSIC, nous devons reporter les Assises des SIC initialement pr\u00e9vues le jeudi 2 avril 2020. Celles-ci devaient \u00eatre consacr\u00e9es \u00e0 la contribution des chercheurs et chercheuses en sciences de l\u2019information et de la communication aux d\u00e9bats publics.\" \/>\n<meta name=\"robots\" content=\"index, follow, max-snippet:-1, max-image-preview:large, max-video-preview:-1\" \/>\n<link rel=\"canonical\" href=\"https:\/\/www.sfsic.org\/en\/evenement\/assises-des-sic-annulation\/\" \/>\n<meta property=\"og:locale\" content=\"en_US\" \/>\n<meta property=\"og:type\" content=\"article\" \/>\n<meta property=\"og:title\" content=\"Report des Assises des SIC\" \/>\n<meta property=\"og:description\" content=\"Au regard de la situation sanitaire internationale exceptionnelle que nous connaissons, et en accord avec la CPDirSIC, nous devons reporter les Assises des SIC initialement pr\u00e9vues le jeudi 2 avril 2020. Celles-ci devaient \u00eatre consacr\u00e9es \u00e0 la contribution des chercheurs et chercheuses en sciences de l\u2019information et de la communication aux d\u00e9bats publics.\" \/>\n<meta property=\"og:url\" content=\"https:\/\/www.sfsic.org\/en\/evenement\/assises-des-sic-annulation\/\" \/>\n<meta property=\"og:site_name\" content=\"SFSIC\" \/>\n<meta property=\"article:published_time\" content=\"2020-03-18T20:03:00+00:00\" \/>\n<meta property=\"article:modified_time\" content=\"2020-05-10T13:43:23+00:00\" \/>\n<meta property=\"og:image\" content=\"https:\/\/www.sfsic.org\/wp-inside\/uploads\/2020\/03\/logocpdirsic.png\" \/>\n<meta name=\"author\" content=\"Fabien Bonnet\" \/>\n<meta name=\"twitter:card\" content=\"summary_large_image\" \/>\n<script type=\"application\/ld+json\" class=\"yoast-schema-graph\">{\"@context\":\"https:\\\/\\\/schema.org\",\"@graph\":[{\"@type\":\"Article\",\"@id\":\"https:\\\/\\\/www.sfsic.org\\\/en\\\/evenement\\\/assises-des-sic-annulation\\\/#article\",\"isPartOf\":{\"@id\":\"https:\\\/\\\/www.sfsic.org\\\/en\\\/evenement\\\/assises-des-sic-annulation\\\/\"},\"author\":{\"name\":\"Fabien Bonnet\",\"@id\":\"https:\\\/\\\/www.sfsic.org\\\/en\\\/#\\\/schema\\\/person\\\/9f83573bda33f40c68c7c826e9567df6\"},\"headline\":\"Report des Assises des SIC\",\"datePublished\":\"2020-03-18T20:03:00+00:00\",\"dateModified\":\"2020-05-10T13:43:23+00:00\",\"mainEntityOfPage\":{\"@id\":\"https:\\\/\\\/www.sfsic.org\\\/en\\\/evenement\\\/assises-des-sic-annulation\\\/\"},\"wordCount\":247,\"publisher\":{\"@id\":\"https:\\\/\\\/www.sfsic.org\\\/en\\\/#organization\"},\"image\":{\"@id\":\"https:\\\/\\\/www.sfsic.org\\\/en\\\/evenement\\\/assises-des-sic-annulation\\\/#primaryimage\"},\"thumbnailUrl\":\"https:\\\/\\\/www.sfsic.org\\\/wp-inside\\\/uploads\\\/2020\\\/03\\\/logocpdirsic.png\",\"keywords\":[\"Assises\",\"CPDirSIC\",\"D\u00e9bat public\",\"SFSIC\",\"SIC\"],\"articleSection\":[\"\u00c9v\u00e9nements\",\"Journ\u00e9e d\u2019\u00e9tude\"],\"inLanguage\":\"en-US\"},{\"@type\":\"WebPage\",\"@id\":\"https:\\\/\\\/www.sfsic.org\\\/en\\\/evenement\\\/assises-des-sic-annulation\\\/\",\"url\":\"https:\\\/\\\/www.sfsic.org\\\/en\\\/evenement\\\/assises-des-sic-annulation\\\/\",\"name\":\"Report des Assises des SIC\",\"isPartOf\":{\"@id\":\"https:\\\/\\\/www.sfsic.org\\\/en\\\/#website\"},\"primaryImageOfPage\":{\"@id\":\"https:\\\/\\\/www.sfsic.org\\\/en\\\/evenement\\\/assises-des-sic-annulation\\\/#primaryimage\"},\"image\":{\"@id\":\"https:\\\/\\\/www.sfsic.org\\\/en\\\/evenement\\\/assises-des-sic-annulation\\\/#primaryimage\"},\"thumbnailUrl\":\"https:\\\/\\\/www.sfsic.org\\\/wp-inside\\\/uploads\\\/2020\\\/03\\\/logocpdirsic.png\",\"datePublished\":\"2020-03-18T20:03:00+00:00\",\"dateModified\":\"2020-05-10T13:43:23+00:00\",\"description\":\"Au regard de la situation sanitaire internationale exceptionnelle que nous connaissons, et en accord avec la CPDirSIC, nous devons reporter les Assises des SIC initialement pr\u00e9vues le jeudi 2 avril 2020. Celles-ci devaient \u00eatre consacr\u00e9es \u00e0 la contribution des chercheurs et chercheuses en sciences de l\u2019information et de la communication aux d\u00e9bats publics.\",\"breadcrumb\":{\"@id\":\"https:\\\/\\\/www.sfsic.org\\\/en\\\/evenement\\\/assises-des-sic-annulation\\\/#breadcrumb\"},\"inLanguage\":\"en-US\",\"potentialAction\":[{\"@type\":\"ReadAction\",\"target\":[\"https:\\\/\\\/www.sfsic.org\\\/en\\\/evenement\\\/assises-des-sic-annulation\\\/\"]}]},{\"@type\":\"ImageObject\",\"inLanguage\":\"en-US\",\"@id\":\"https:\\\/\\\/www.sfsic.org\\\/en\\\/evenement\\\/assises-des-sic-annulation\\\/#primaryimage\",\"url\":\"https:\\\/\\\/www.sfsic.org\\\/wp-inside\\\/uploads\\\/2020\\\/03\\\/logocpdirsic.png\",\"contentUrl\":\"https:\\\/\\\/www.sfsic.org\\\/wp-inside\\\/uploads\\\/2020\\\/03\\\/logocpdirsic.png\"},{\"@type\":\"BreadcrumbList\",\"@id\":\"https:\\\/\\\/www.sfsic.org\\\/en\\\/evenement\\\/assises-des-sic-annulation\\\/#breadcrumb\",\"itemListElement\":[{\"@type\":\"ListItem\",\"position\":1,\"name\":\"Accueil\",\"item\":\"https:\\\/\\\/www.sfsic.org\\\/en\\\/\"},{\"@type\":\"ListItem\",\"position\":2,\"name\":\"Events\",\"item\":\"https:\\\/\\\/www.sfsic.org\\\/en\\\/events\\\/\"},{\"@type\":\"ListItem\",\"position\":3,\"name\":\"Study Day\",\"item\":\"https:\\\/\\\/www.sfsic.org\\\/en\\\/events\\\/study-day-2\\\/\"},{\"@type\":\"ListItem\",\"position\":4,\"name\":\"Report des Assises des SIC\"}]},{\"@type\":\"WebSite\",\"@id\":\"https:\\\/\\\/www.sfsic.org\\\/en\\\/#website\",\"url\":\"https:\\\/\\\/www.sfsic.org\\\/en\\\/\",\"name\":\"SFSIC\",\"description\":\"Soci\u00e9t\u00e9 Fran\u00e7aise des Sciences de l&#039;Information &amp; de la Communication\",\"publisher\":{\"@id\":\"https:\\\/\\\/www.sfsic.org\\\/en\\\/#organization\"},\"potentialAction\":[{\"@type\":\"SearchAction\",\"target\":{\"@type\":\"EntryPoint\",\"urlTemplate\":\"https:\\\/\\\/www.sfsic.org\\\/en\\\/?s={search_term_string}\"},\"query-input\":{\"@type\":\"PropertyValueSpecification\",\"valueRequired\":true,\"valueName\":\"search_term_string\"}}],\"inLanguage\":\"en-US\"},{\"@type\":\"Organization\",\"@id\":\"https:\\\/\\\/www.sfsic.org\\\/en\\\/#organization\",\"name\":\"SFSIC\",\"url\":\"https:\\\/\\\/www.sfsic.org\\\/en\\\/\",\"logo\":{\"@type\":\"ImageObject\",\"inLanguage\":\"en-US\",\"@id\":\"https:\\\/\\\/www.sfsic.org\\\/en\\\/#\\\/schema\\\/logo\\\/image\\\/\",\"url\":\"https:\\\/\\\/www.sfsic.org\\\/wp-inside\\\/uploads\\\/2020\\\/05\\\/logo-sfsic.jpg\",\"contentUrl\":\"https:\\\/\\\/www.sfsic.org\\\/wp-inside\\\/uploads\\\/2020\\\/05\\\/logo-sfsic.jpg\",\"width\":1085,\"height\":1080,\"caption\":\"SFSIC\"},\"image\":{\"@id\":\"https:\\\/\\\/www.sfsic.org\\\/en\\\/#\\\/schema\\\/logo\\\/image\\\/\"}},{\"@type\":\"Person\",\"@id\":\"https:\\\/\\\/www.sfsic.org\\\/en\\\/#\\\/schema\\\/person\\\/9f83573bda33f40c68c7c826e9567df6\",\"name\":\"Fabien Bonnet\",\"image\":{\"@type\":\"ImageObject\",\"inLanguage\":\"en-US\",\"@id\":\"https:\\\/\\\/secure.gravatar.com\\\/avatar\\\/88a9288fc13369cb9e30359afa340f8adace82098c18ff09415c6dacd710ddc4?s=96&d=mm&r=g\",\"url\":\"https:\\\/\\\/secure.gravatar.com\\\/avatar\\\/88a9288fc13369cb9e30359afa340f8adace82098c18ff09415c6dacd710ddc4?s=96&d=mm&r=g\",\"contentUrl\":\"https:\\\/\\\/secure.gravatar.com\\\/avatar\\\/88a9288fc13369cb9e30359afa340f8adace82098c18ff09415c6dacd710ddc4?s=96&d=mm&r=g\",\"caption\":\"Fabien Bonnet\"}}]}<\/script>\n<!-- \/ Yoast SEO plugin. -->","yoast_head_json":{"title":"Report des Assises des SIC","description":"Au regard de la situation sanitaire internationale exceptionnelle que nous connaissons, et en accord avec la CPDirSIC, nous devons reporter les Assises des SIC initialement pr\u00e9vues le jeudi 2 avril 2020. Celles-ci devaient \u00eatre consacr\u00e9es \u00e0 la contribution des chercheurs et chercheuses en sciences de l\u2019information et de la communication aux d\u00e9bats publics.","robots":{"index":"index","follow":"follow","max-snippet":"max-snippet:-1","max-image-preview":"max-image-preview:large","max-video-preview":"max-video-preview:-1"},"canonical":"https:\/\/www.sfsic.org\/en\/evenement\/assises-des-sic-annulation\/","og_locale":"en_US","og_type":"article","og_title":"Report des Assises des SIC","og_description":"Au regard de la situation sanitaire internationale exceptionnelle que nous connaissons, et en accord avec la CPDirSIC, nous devons reporter les Assises des SIC initialement pr\u00e9vues le jeudi 2 avril 2020. Celles-ci devaient \u00eatre consacr\u00e9es \u00e0 la contribution des chercheurs et chercheuses en sciences de l\u2019information et de la communication aux d\u00e9bats publics.","og_url":"https:\/\/www.sfsic.org\/en\/evenement\/assises-des-sic-annulation\/","og_site_name":"SFSIC","article_published_time":"2020-03-18T20:03:00+00:00","article_modified_time":"2020-05-10T13:43:23+00:00","og_image":[{"url":"https:\/\/www.sfsic.org\/wp-inside\/uploads\/2020\/03\/logocpdirsic.png","type":"","width":"","height":""}],"author":"Fabien Bonnet","twitter_card":"summary_large_image","schema":{"@context":"https:\/\/schema.org","@graph":[{"@type":"Article","@id":"https:\/\/www.sfsic.org\/en\/evenement\/assises-des-sic-annulation\/#article","isPartOf":{"@id":"https:\/\/www.sfsic.org\/en\/evenement\/assises-des-sic-annulation\/"},"author":{"name":"Fabien Bonnet","@id":"https:\/\/www.sfsic.org\/en\/#\/schema\/person\/9f83573bda33f40c68c7c826e9567df6"},"headline":"Report des Assises des SIC","datePublished":"2020-03-18T20:03:00+00:00","dateModified":"2020-05-10T13:43:23+00:00","mainEntityOfPage":{"@id":"https:\/\/www.sfsic.org\/en\/evenement\/assises-des-sic-annulation\/"},"wordCount":247,"publisher":{"@id":"https:\/\/www.sfsic.org\/en\/#organization"},"image":{"@id":"https:\/\/www.sfsic.org\/en\/evenement\/assises-des-sic-annulation\/#primaryimage"},"thumbnailUrl":"https:\/\/www.sfsic.org\/wp-inside\/uploads\/2020\/03\/logocpdirsic.png","keywords":["Assises","CPDirSIC","D\u00e9bat public","SFSIC","SIC"],"articleSection":["\u00c9v\u00e9nements","Journ\u00e9e d\u2019\u00e9tude"],"inLanguage":"en-US"},{"@type":"WebPage","@id":"https:\/\/www.sfsic.org\/en\/evenement\/assises-des-sic-annulation\/","url":"https:\/\/www.sfsic.org\/en\/evenement\/assises-des-sic-annulation\/","name":"Report des Assises des SIC","isPartOf":{"@id":"https:\/\/www.sfsic.org\/en\/#website"},"primaryImageOfPage":{"@id":"https:\/\/www.sfsic.org\/en\/evenement\/assises-des-sic-annulation\/#primaryimage"},"image":{"@id":"https:\/\/www.sfsic.org\/en\/evenement\/assises-des-sic-annulation\/#primaryimage"},"thumbnailUrl":"https:\/\/www.sfsic.org\/wp-inside\/uploads\/2020\/03\/logocpdirsic.png","datePublished":"2020-03-18T20:03:00+00:00","dateModified":"2020-05-10T13:43:23+00:00","description":"Au regard de la situation sanitaire internationale exceptionnelle que nous connaissons, et en accord avec la CPDirSIC, nous devons reporter les Assises des SIC initialement pr\u00e9vues le jeudi 2 avril 2020. Celles-ci devaient \u00eatre consacr\u00e9es \u00e0 la contribution des chercheurs et chercheuses en sciences de l\u2019information et de la communication aux d\u00e9bats publics.","breadcrumb":{"@id":"https:\/\/www.sfsic.org\/en\/evenement\/assises-des-sic-annulation\/#breadcrumb"},"inLanguage":"en-US","potentialAction":[{"@type":"ReadAction","target":["https:\/\/www.sfsic.org\/en\/evenement\/assises-des-sic-annulation\/"]}]},{"@type":"ImageObject","inLanguage":"en-US","@id":"https:\/\/www.sfsic.org\/en\/evenement\/assises-des-sic-annulation\/#primaryimage","url":"https:\/\/www.sfsic.org\/wp-inside\/uploads\/2020\/03\/logocpdirsic.png","contentUrl":"https:\/\/www.sfsic.org\/wp-inside\/uploads\/2020\/03\/logocpdirsic.png"},{"@type":"BreadcrumbList","@id":"https:\/\/www.sfsic.org\/en\/evenement\/assises-des-sic-annulation\/#breadcrumb","itemListElement":[{"@type":"ListItem","position":1,"name":"Accueil","item":"https:\/\/www.sfsic.org\/en\/"},{"@type":"ListItem","position":2,"name":"Events","item":"https:\/\/www.sfsic.org\/en\/events\/"},{"@type":"ListItem","position":3,"name":"Study Day","item":"https:\/\/www.sfsic.org\/en\/events\/study-day-2\/"},{"@type":"ListItem","position":4,"name":"Report des Assises des SIC"}]},{"@type":"WebSite","@id":"https:\/\/www.sfsic.org\/en\/#website","url":"https:\/\/www.sfsic.org\/en\/","name":"SFSIC","description":"Soci\u00e9t\u00e9 Fran\u00e7aise des Sciences de l&#039;Information &amp; de la Communication","publisher":{"@id":"https:\/\/www.sfsic.org\/en\/#organization"},"potentialAction":[{"@type":"SearchAction","target":{"@type":"EntryPoint","urlTemplate":"https:\/\/www.sfsic.org\/en\/?s={search_term_string}"},"query-input":{"@type":"PropertyValueSpecification","valueRequired":true,"valueName":"search_term_string"}}],"inLanguage":"en-US"},{"@type":"Organization","@id":"https:\/\/www.sfsic.org\/en\/#organization","name":"SFSIC","url":"https:\/\/www.sfsic.org\/en\/","logo":{"@type":"ImageObject","inLanguage":"en-US","@id":"https:\/\/www.sfsic.org\/en\/#\/schema\/logo\/image\/","url":"https:\/\/www.sfsic.org\/wp-inside\/uploads\/2020\/05\/logo-sfsic.jpg","contentUrl":"https:\/\/www.sfsic.org\/wp-inside\/uploads\/2020\/05\/logo-sfsic.jpg","width":1085,"height":1080,"caption":"SFSIC"},"image":{"@id":"https:\/\/www.sfsic.org\/en\/#\/schema\/logo\/image\/"}},{"@type":"Person","@id":"https:\/\/www.sfsic.org\/en\/#\/schema\/person\/9f83573bda33f40c68c7c826e9567df6","name":"Fabien Bonnet","image":{"@type":"ImageObject","inLanguage":"en-US","@id":"https:\/\/secure.gravatar.com\/avatar\/88a9288fc13369cb9e30359afa340f8adace82098c18ff09415c6dacd710ddc4?s=96&d=mm&r=g","url":"https:\/\/secure.gravatar.com\/avatar\/88a9288fc13369cb9e30359afa340f8adace82098c18ff09415c6dacd710ddc4?s=96&d=mm&r=g","contentUrl":"https:\/\/secure.gravatar.com\/avatar\/88a9288fc13369cb9e30359afa340f8adace82098c18ff09415c6dacd710ddc4?s=96&d=mm&r=g","caption":"Fabien Bonnet"}}]}},"_links":{"self":[{"href":"https:\/\/www.sfsic.org\/en\/wp-json\/wp\/v2\/posts\/3164","targetHints":{"allow":["GET"]}}],"collection":[{"href":"https:\/\/www.sfsic.org\/en\/wp-json\/wp\/v2\/posts"}],"about":[{"href":"https:\/\/www.sfsic.org\/en\/wp-json\/wp\/v2\/types\/post"}],"author":[{"embeddable":true,"href":"https:\/\/www.sfsic.org\/en\/wp-json\/wp\/v2\/users\/957"}],"replies":[{"embeddable":true,"href":"https:\/\/www.sfsic.org\/en\/wp-json\/wp\/v2\/comments?post=3164"}],"version-history":[{"count":4,"href":"https:\/\/www.sfsic.org\/en\/wp-json\/wp\/v2\/posts\/3164\/revisions"}],"predecessor-version":[{"id":5439,"href":"https:\/\/www.sfsic.org\/en\/wp-json\/wp\/v2\/posts\/3164\/revisions\/5439"}],"wp:attachment":[{"href":"https:\/\/www.sfsic.org\/en\/wp-json\/wp\/v2\/media?parent=3164"}],"wp:term":[{"taxonomy":"category","embeddable":true,"href":"https:\/\/www.sfsic.org\/en\/wp-json\/wp\/v2\/categories?post=3164"},{"taxonomy":"post_tag","embeddable":true,"href":"https:\/\/www.sfsic.org\/en\/wp-json\/wp\/v2\/tags?post=3164"},{"taxonomy":"thematique","embeddable":true,"href":"https:\/\/www.sfsic.org\/en\/wp-json\/wp\/v2\/thematique?post=3164"},{"taxonomy":"sfsic","embeddable":true,"href":"https:\/\/www.sfsic.org\/en\/wp-json\/wp\/v2\/sfsic?post=3164"}],"curies":[{"name":"wp","href":"https:\/\/api.w.org\/{rel}","templated":true}]}}