{"id":31526,"date":"2024-03-25T19:15:40","date_gmt":"2024-03-25T18:15:40","guid":{"rendered":"https:\/\/www.sfsic.org\/?p=31526"},"modified":"2024-03-25T19:15:42","modified_gmt":"2024-03-25T18:15:42","slug":"derriere-le-masque","status":"publish","type":"post","link":"https:\/\/www.sfsic.org\/en\/aac-publication\/derriere-le-masque\/","title":{"rendered":"Derri\u00e8re le masque"},"content":{"rendered":"<p><!-- fxzn:singledetail --><\/p>\n<div class=\"zone zn-singledetail\" id=\"fxzn-singledetail-1\">\n<div class=\"zone-block zn-singledetail-block alignwide va-top\">\n<div class=\"row\">\n<div class=\"columns large-8 large-push-4\">\n<div class=\"zn-singledetail-metabox\">\n<div class=\"zn-singledetail-pubdate pubdate\">\n\t\t\t\t\t<span class=\"pubdate-txt\">Mis en ligne le<\/span><span class=\"doubledot\"><\/span> <time class=\"pubdate-time\" pubdate datetime=\"2024-03-23T16:06:33+01:00\">23 mars 2024<\/time>\t\t\t\t<\/div>\n<div class=\"zn-singledetail-thematiques with-sep-comma\">\n<ul class=\"termslist termslist-thematique\">\n<li class=\"termslist-item termslist-title\"><span class=\"termslist-titletxt\">Th\u00e9matiques<\/span><span class=\"doubledot\"><\/span><\/li>\n<li class=\"termslist-item tax-thematique term-mediation-des-savoirs-education-et-formation\"><a class=\"termslist-itemlink\" href=\"https:\/\/www.sfsic.org\/thematiques\/mediation-des-savoirs-education-et-formation\/\" title=\"M\u00e9diation des savoirs, \u00e9ducation et formation\"><span class=\"termslist-itemname\">M\u00e9diation des savoirs, \u00e9ducation et formation<\/span><\/a><\/li>\n<li class=\"termslist-item tax-thematique term-organisation-des-connaissances\"><a class=\"termslist-itemlink\" href=\"https:\/\/www.sfsic.org\/thematiques\/organisation-des-connaissances\/\" title=\"Organisation des connaissances\"><span class=\"termslist-itemname\">Organisation des connaissances<\/span><\/a><\/li>\n<\/ul><\/div>\n<\/p><\/div>\n<\/p><\/div>\n<\/p><\/div>\n<div class=\"row\">\n<div class=\"columns large-4\">\n<div class=\"zn-singledetail-sidebar bg-cornersquares\">\n<div class=\"zn-singledetail-infos\">\n<p class=\"zn-singledetail-reponse-date\">\n\t\t\t\t\t\t<span>R\u00e9ponse attendue pour le<\/span><span class=\"doubledot\"><\/span> <strong>31\/05\/2024<\/strong>\n\t\t\t\t\t<\/p>\n<p class=\"zn-singledetail-reponse-type\">\n\t\t\t\t\t<span>Type de r\u00e9ponse<\/span><span class=\"doubledot\"><\/span> <strong>Contribution compl\u00e8te<\/strong>\n\t\t\t\t\t<\/p>\n<p class=\"zn-singledetail-type\">\n\t\t\t\t\t\t\t<span>Type de contribution attendue<\/span><span class=\"doubledot\"><\/span> <strong>Article<\/strong>\n\t\t\t\t\t<\/p>\n<p class=\"zn-singledetail-name\">\n\t\t\t\t\t\t\t<span>Nom de la publication<\/span><span class=\"doubledot\"><\/span> <strong>Revue des sciences sociales<\/strong>\n\t\t\t\t\t<\/p>\n<\/p><\/div>\n<div class=\"zn-singledetail-coordinators\">\n<h3 class=\"zn-singledetail-section-title\">Coordinateurs<\/h3>\n<ul class=\"zn-singledetail-coordinators-list\">\n<li class=\"zn-singledetail-coordinators-item\">\n\t\t\t\t\t\t\t<span>Laure <\/span> <span>Bolka-Tabar<\/span>, <span>GERIICO &#8211; Universit\u00e9 de Lille<\/span>\t\t\t\t\t\t\t\t\t\t\t\t\t\t, <a class=\"zn-singledetail-coordinators-mail prettylink\" href=\"mailto:laure.bolka-tabary@univ-lille.fr\">laure.bolka-tabary@univ-lille.fr<\/a>\n\t\t\t\t\t\t\t\t\t\t\t\t\t<\/li>\n<li class=\"zn-singledetail-coordinators-item\">\n\t\t\t\t\t\t\t<span>Simona <\/span> <span>De Iulio<\/span>, <span>GERIICO &#8211; Universit\u00e9 de Lille<\/span>\t\t\t\t\t\t\t\t\t\t\t\t\t\t, <a class=\"zn-singledetail-coordinators-mail prettylink\" href=\"mailto:simona.de-iulio@univ-lille.fr\">simona.de-iulio@univ-lille.fr<\/a>\n\t\t\t\t\t\t\t\t\t\t\t\t\t<\/li>\n<li class=\"zn-singledetail-coordinators-item\">\n\t\t\t\t\t\t\t<span>Aur\u00e9lia <\/span> <span>Lamy<\/span>, <span>GERIICO &#8211; Universit\u00e9 de LilleRIICO<\/span>\t\t\t\t\t\t\t\t\t\t\t\t\t\t, <a class=\"zn-singledetail-coordinators-mail prettylink\" href=\"mailto:aurelia.lamy@univ-lille.fr\">aurelia.lamy@univ-lille.fr<\/a>\n\t\t\t\t\t\t\t\t\t\t\t\t\t<\/li>\n<\/ul><\/div>\n<div class=\"zn-singledetail-contacts\">\n<h3 class=\"zn-singledetail-section-title\">Contacts<\/h3>\n<ul class=\"zn-singledetail-contacts-list\">\n<li class=\"zn-singledetail-contact\">\n\t\t\t\t\t\t\t<span class=\"zn-singledetail-contact-name\">Revue des Sciences Sociales<\/span><span class=\"doubledot\"><\/span><br \/>\n\t\t\t\t\t\t\t\t\t\t\t\t\t\t<a class=\"zn-singledetail-contact-mail prettylink\" href=\"mailto:rss@misha.fr\">rss@misha.fr<\/a>\n\t\t\t\t\t\t\t\t\t\t\t\t\t<\/li>\n<\/ul><\/div>\n<div class=\"zn-singledetail-weblinks\">\n<h3 class=\"zn-singledetail-section-title\">Sites internet de r\u00e9f\u00e9rence<\/h3>\n<ul class=\"zn-singledetail-weblinks-list\">\n<li>\n\t\t\t\t\t\t\t<a class=\"prettylink chainlink\" href=\"https:\/\/journals.openedition.org\/revss\/\" title=\"\" target=\"_blank\" rel=\"noopener\">Revue des Sciences Sociales<\/a>\n\t\t\t\t\t\t<\/li>\n<\/ul><\/div>\n<\/p><\/div>\n<\/p><\/div>\n<div class=\"columns large-8\">\n<div class=\"zn-singledetail-contentbox\">\n<div class=\"zn-singledetail-annonce wig-content\">\n<p style=\"text-align: left;\">La Revue des sciences sociales lance un appel \u00e0 contributions pour le n\u00b0 74\/2025 intitul\u00e9 \u00ab&#160;Derri\u00e8re le masque&#160;: enjeux sociaux et communicationnels des dispositifs de protection respiratoire&#160;\u00bb \u00e0 paraitre au 2\u00e8me semestre 2025 sous la coordination de Laure Bolka Tabary, Simona De Iulio et Aurelia Lamy (GERIICO &#8211; Universit\u00e9 de Lille).<\/p>\n<h2>Appel \u00e0 contributions<\/h2>\n<p>Ce dossier se penche sur l\u2019exp\u00e9rience du port du masque de protection respiratoire. Cette pratique, visant \u00e0 prot\u00e9ger le corps de l\u2019inhalation de poussi\u00e8res nocives, agents pathog\u00e8nes, fum\u00e9es, vapeurs, ou de gaz, a une histoire sociale, culturelle et technique longue et complexe, marqu\u00e9e par des d\u00e9saccords et des controverses (Canu 2022&#160;; Strasser, Schlich 2020&#160;; Schlich, Strasser 2022). Certaines cat\u00e9gories de travailleur\u00b7se\u00b7s, dans le domaine de la peinture ou de la soudure, dans les mines, mais aussi les pompiers, les militaires, le personnel de sant\u00e9, ainsi que les bricoleur\u00b7se\u00b7s en pr\u00e9sence de substances toxiques ont adopt\u00e9 depuis longtemps l\u2019usage de masques filtrants pour couvrir le nez et la bouche. Lors de la pand\u00e9mie de covid-19, le masque a \u00e9t\u00e9 rapidement int\u00e9gr\u00e9 dans les vies des populations, \u00e9voluant au-del\u00e0 de son r\u00f4le initial de dispositif de pr\u00e9vention sanitaire. Il a acquis une valeur symbolique, devenant un objet m\u00e9diatique qui exprime des valeurs et des convictions \u00e9thiques.<\/p>\n<p>L\u2019objectif de ce dossier est d\u2019explorer diverses dimensions sociales et communicationnelles du port du masque de protection respiratoire, en mettant en lumi\u00e8re les changements qu\u2019il a connus, ainsi que les repr\u00e9sentations, les discours et les pratiques qu\u2019il a suscit\u00e9s au fil du temps dans diff\u00e9rents contextes et situations sociohistoriques.<\/p>\n<p>Si de nombreuses analyses ont \u00e9t\u00e9 \u00e9labor\u00e9es en sciences humaines et sociales au cours de la pand\u00e9mie de covid-19 (Cochoy et al. 2022&#160;; Daniau, Mallard 2023, Fiorentino, Terracciano 2022&#160;; Lardellier 2022&#160;; Lupton et al. 2021) et que des travaux ont \u00e9t\u00e9 r\u00e9alis\u00e9s sur les enjeux corporels et sociotechniques du masque \u00e0 usage sportif (Lebreton et al. 2021), ce num\u00e9ro de la Revue des sciences sociales se propose d\u2019examiner les diff\u00e9rentes fonctions attribu\u00e9es \u00e0 ce dispositif, depuis son utilisation comme outil de protection sanitaire individuelle jusqu\u2019\u00e0 son r\u00f4le plus complexe dans les d\u00e9bats sociaux, id\u00e9ologiques et politiques. En comprenant ces aspects, le dossier vise \u00e0 offrir une analyse approfondie des implications sociales du port du masque, au-del\u00e0 du contexte marqu\u00e9 par la pand\u00e9mie de covid-19.<\/p>\n<p>\u00c0 partir d\u2019\u00e9tudes de cas et de recherches empiriques solides, les propositions pourront s\u2019inscrire dans un des trois axes\u00a0suivants&#160;:<\/p>\n<h3>1- Des pratiques, des normes et des imaginaires en mutation<\/h3>\n<p>En remontant dans le pass\u00e9, les contributions pourront tout d\u2019abord porter sur l\u2019\u00e9volution des pratiques, des normes et des imaginaires du port du masque de protection respiratoire dans une perspective diachronique (par exemple, les masques aux airs d\u2019oiseaux pour se prot\u00e9ger des miasmes de la peste au XVIIe si\u00e8cle, ceux utilis\u00e9s pendant l\u2019\u00e9pid\u00e9mie de grippe espagnole, les dispositifs de protection du gaz en situation de guerre, etc.). Au fil des \u00e9poques, cet objet a rev\u00eatu diverses fonctions, selon les contextes \u00e9pid\u00e9miques et les mutations des pratiques professionnelles, tant dans le domaine de la sant\u00e9 que dans d\u2019autres secteurs. Consid\u00e9r\u00e9 comme une barri\u00e8re ultime contre la propagation de virus ou l\u2019assimilation de substances nocives, le masque a \u00e9galement v\u00e9hicul\u00e9 des repr\u00e9sentations sociales vari\u00e9es et a \u00e9t\u00e9 utilis\u00e9 de mani\u00e8re diff\u00e9renci\u00e9e.<\/p>\n<p>Une exploration approfondie des choix li\u00e9s \u00e0 la r\u00e9utilisation, au recyclage, ou, \u00e0 l\u2019inverse, des avantages d\u2019une utilisation \u00ab&#160;jetable&#160;\u00bb serait particuli\u00e8rement pertinente. Les enjeux \u00e9conomiques, \u00e9cologiques et logistiques des choix des masques sont en effet int\u00e9ressants \u00e0 prendre en compte dans la mesure o\u00f9 ces choix sont intimement li\u00e9s \u00e0 des probl\u00e9matiques de sociabilit\u00e9 et de sant\u00e9.<\/p>\n<p>D\u2019un point de vue normatif, les politiques publiques encadrant l\u2019emploi du masque de protection respiratoire pourront \u00e9galement \u00eatre questionn\u00e9es. Les processus de production de ces normes (acteur\u00b7rice\u00b7s impliqu\u00e9\u00b7e\u00b7s, institutions \u00e9mettrices, contexte de formulation), leur communication (destinataires, m\u00e9dias employ\u00e9s) et leur application (modalit\u00e9s de contr\u00f4le et de surveillance, sanctions pr\u00e9vues, r\u00e9sultats escompt\u00e9s) seront analys\u00e9s.<\/p>\n<p>Il s\u2019agira \u00e9galement d\u2019\u00e9tudier et interroger les \u00e9volutions des mises en r\u00e9cit (fictionnelles ou documentaires) du port du masque sous diff\u00e9rents formats (\u00e9criture, photographie, vid\u00e9o, bande dessin\u00e9e\u2026), par le biais de diff\u00e9rents m\u00e9dias (r\u00e9seaux socionum\u00e9riques, presse g\u00e9n\u00e9raliste, presse professionnelle, weblogs, radio\u2026), par des amateur\u00b7rice\u00b7s, des artistes ou des professionnel\u00b7le\u00b7s des m\u00e9dias tel\u00b7le\u00b7s que des journalistes, photographes, cin\u00e9astes.<\/p>\n<p>&nbsp;<\/p>\n<h3>2- De l\u2019innovation \u00e0 la domestication<\/h3>\n<p>Le masque de protection respiratoire peut \u00eatre examin\u00e9 comme un artefact issu d\u2019innovations sociotechniques qui visent \u00e0 r\u00e9pondre \u00e0 des besoins \u00e9manant de l\u2019observation du social, de recherches scientifiques ou de r\u00e9glementations, et li\u00e9 \u00e0 des enjeux de sant\u00e9 publique, d\u2019\u00e9cologie, ou encore de productivit\u00e9. Les contributions pourront concerner la cha\u00eene de production, et plus sp\u00e9cifiquement les processus de conception, de fabrication, d\u2019industrialisation et de promotion publicitaire des masques, qui impliquent des entreprises comme les initiatives citoyennes, individuelles ou collectives (Trigeau 2021). La question de l\u2019innovation pourra ainsi \u00e9galement \u00eatre abord\u00e9e du point de vue du design, de la participation citoyenne et du \u00ab&#160;fait maison&#160;\u00bb (Bosqu\u00e9 2021). Des travaux sur le port du masque au travail sont attendus tant dans une perspective historique que dans le contexte actuel.<\/p>\n<p>Les enjeux de la circulation mondialis\u00e9e et de la mise en concurrence des masques selon des crit\u00e8res sanitaires, \u00e9conomiques et \u00e9cologiques constituent un autre aspect \u00e0 approfondir. Les ph\u00e9nom\u00e8nes cr\u00e9atifs et de mode suscit\u00e9s par le port du masque (d\u00e9clinaisons color\u00e9es et imprim\u00e9es, customisations) pourront \u00e9galement \u00eatre analys\u00e9s. \u00c0 cet effet, les approches comparatives et\/ou multi-situ\u00e9es entre diff\u00e9rentes zones g\u00e9ographiques sont les bienvenues.<\/p>\n<p>Nous souhaitons \u00e9galement aborder dans ce dossier la probl\u00e9matique de l\u2019acceptabilit\u00e9 sociale et culturelle de cet objet (Chagnon et al. 2023). Il s\u2019agira alors d\u2019analyser les ph\u00e9nom\u00e8nes d\u2019acceptation, de domestication ou de r\u00e9sistance face au changement et aux contraintes de ce dispositif invasif, souvent inconfortable. Les mouvements d\u2019opposition, comme les mouvements anti-masques, qui touchent aussi bien les militant\u00b7e\u00b7s politiques que les personnels soignants, constitueront \u00e9galement un aspect \u00e0 investiguer. En effet, ces mouvements \u2013 et la mani\u00e8re dont ils sont r\u00e9gul\u00e9s notamment au sein des institutions de sant\u00e9 ont donn\u00e9 lieu \u00e0 une production importante de discours professionnels et m\u00e9diatiques. Ils ont \u00e9galement port\u00e9 des discours de justification dont les postures et les processus argumentatifs pourraient \u00eatre analys\u00e9s. Il s\u2019agira d\u2019une part d\u2019analyser comment le masque s\u2019int\u00e8gre au corps au point de ne plus \u00eatre ressenti\u00a0comme ext\u00e9rieur. Des \u00e9tudes de cas sur l\u2019exp\u00e9rience du port du masque par des cat\u00e9gories de populations et\/ou des communaut\u00e9s professionnelles sp\u00e9cifiques, dans des contextes nationaux et\/ou culturels diff\u00e9renci\u00e9s peuvent \u00eatre propos\u00e9es, permettant d\u2019interroger les processus d\u2019appropriation dans des contextes particuliers. La question des usages effectifs serait un aspect particuli\u00e8rement int\u00e9ressant \u00e0 aborder. Au-del\u00e0 des normes et des pr\u00e9conisations, porter un masque donne lieu \u00e0 des pratiques h\u00e9t\u00e9rog\u00e8nes adapt\u00e9es aux contextes (de travail, sportif, domestique, transports, m\u00e9t\u00e9orologiques\u2026) et aux contraintes qui se posent aux individus en fonction des situations (temp\u00e9ratures, \u00e9motions, cadre institutionnel et ponctuel des interactions) et des personnes avec lesquelles on se trouve en interaction.<\/p>\n<p>D\u2019autre part, les auteur\u00b7e\u00b7s sont invit\u00e9\u00b7e\u00b7s \u00e0 approfondir les d\u00e9tournements d\u2019usage qui transforment le masque d\u2019un dispositif de protection respiratoire en un objet de revendication et\/ou d\u2019affirmation de soi. Par ailleurs, les masques respiratoires, surtout quand ils sont impos\u00e9s dans un contexte de crise sanitaire, viennent t\u00e9lescoper l\u2019interdiction l\u00e9gale de cacher son visage dans un lieu public et on peut rep\u00e9rer aujourd\u2019hui des usages du masque respiratoire pour contourner cette interdiction l\u00e9gale. Ce sont les usages d\u00e9tourn\u00e9s \u00e0 des fins identitaires, politiques, religieuses, id\u00e9ologiques qui subvertissent la fonction premi\u00e8re des masques respiratoires et qui, dans certains cas, permettent des arrangements avec les normes et lois, que nous souhaitons \u00e9galement mettre en visibilit\u00e9 dans ce dossier.<\/p>\n<h3>3- Communiquer et interagir avec un masque de protection respiratoire<\/h3>\n<p>Nous encourageons \u00e9galement les contributions proposant une approche anthropologique du port du masque et examinant les techniques du corps en prise avec la mat\u00e9rialit\u00e9 de cet objet. Ces contributions pourront analyser les mani\u00e8res dont le port du masque respiratoire affecte la corpor\u00e9it\u00e9, la communication interpersonnelle et les interactions dans divers contextes de la vie sociale. En quoi le port du masque respiratoire modifie-t-il ou alt\u00e8re-t-il les \u00e9changes et les distances corporelles entre les individus&#160;? Plus pr\u00e9cis\u00e9ment, quelles sont les retomb\u00e9es du port du masque respiratoire sur la dimension sonore et visuelle de la communication interpersonnelle&#160;? Comment les \u00e9changes interpersonnels se transforment-ils lorsque la voix est \u00e9touff\u00e9e et l\u2019on ne voit pas l\u2019ensemble du visage&#160;? Quelles strat\u00e9gies de communication (usages de la voix, distanciation, gestuelle\u2026) sont alors adopt\u00e9es&#160;?<\/p>\n<p>On pourrait \u00e9galement inscrire le port du masque dans l\u2019ensemble des techniques qui permettent la distanciation des corps&#160;: dans les contextes sanitaires, certes (mesures barri\u00e8res, quarantaines ou isolements), mais plus g\u00e9n\u00e9ralement toutes les technologies qui permettent d\u2019\u00e9viter le contact avec autrui. En quoi le port du masque respiratoire peut-il \u00eatre saisi comme un indice de ces tendances profondes&#160;?<\/p>\n<p>Enfin, il serait int\u00e9ressant d\u2019explorer la mani\u00e8re dont communiquer et interagir avec un masque respiratoire modifie les techniques du corps et affecte la sociabilit\u00e9 et les relations sociales, en les facilitant, les modifiant ou les entravant, dans divers environnements, qu\u2019ils soient priv\u00e9s, publics ou professionnels. En quoi porter un masque de protection respiratoire influe-t-il sur les dynamiques sociales et sur les liens entre les individus \u00e0 l\u2019\u00e9cole, au travail ou dans les moyens de transport&#160;? Les auteur\u00b7e\u00b7s sont \u00e9galement encourag\u00e9\u00b7e\u00b7s \u00e0 examiner le r\u00f4le que l\u2019exp\u00e9rience du port du masque respiratoire joue dans les relations sociales de certaines cat\u00e9gories de la population, telles que les enfants, les adolescents, les personnes \u00e2g\u00e9es. D\u2019un point de vue professionnel, il est \u00e9galement int\u00e9ressant de questionner la mani\u00e8re dont le port du masque impacte (ou non) la relation aux coll\u00e8gues, aux client\u00b7e\u00b7s&#160;; cette question se pose particuli\u00e8rement lorsqu\u2019il s\u2019agit de la relation aux patient\u00b7e\u00b7s dans le domaine de la sant\u00e9. Nous encourageons des contributions qui interrogent la fa\u00e7on dont les rapports sociaux (de sexe, d\u2019\u00e2ge, de classe ou de racisation, etc.) sont transform\u00e9s par la pr\u00e9sence et\/ ou le port du masque.<\/p>\n<h2>Calendrier\u00a0pr\u00e9visionnel<\/h2>\n<p>Nous invitons les auteur\u00b7e\u00b7s \u00e0 soumettre avant le 31 mai 2024 leur proposition d\u2019article sous la forme d\u2019un r\u00e9sum\u00e9 de 4\u00a0000 signes maximum. La proposition devra mentionner l\u2019axe dans lequel l\u2019article s\u2019inscrit, le titre, le cadre th\u00e9orique, les mat\u00e9riaux empiriques, terrains, sources et m\u00e9thodologie. Le r\u00e9sum\u00e9 doit comporter \u00e9galement une bibliographie de r\u00e9f\u00e9rence (en dehors des 4000 signes).<\/p>\n<p>Les propositions sont \u00e0 envoyer conjointement \u00e0 l\u2019adresse de la revue, rss@misha.fr ainsi qu\u2019aux trois coordinatrices du dossier&#160;:<\/p>\n<p>Laure Bolka Tabary&#160;: <a href=\"mailto:laure.bolka-tabary@univ-lille.fr\">laure.bolka-tabary@univ-lille.fr<\/a><\/p>\n<p>Simona De Iulio&#160;: <a href=\"mailto:simona.de-iulio@univ-lille.fr\">simona.de-iulio@univ-lille.fr<\/a><\/p>\n<p>Aurelia Lamy&#160;: <a href=\"mailto:aurelia.lamy@univ-lille.fr\">aurelia.lamy@univ-lille.fr<\/a><\/p>\n<p>Si la proposition est accept\u00e9e, l\u2019article original (40\u00a0000 signes maximum) doit \u00eatre remis avant le 15 octobre 2024<\/p>\n<p>Le num\u00e9ro para\u00eetra au 2\u00e8me semestre 2025<\/p>\n<p>Les auteurs et les autrices sont pri\u00e9\u00b7e\u00b7s de se conformer aux normes \u00e9ditoriales de la revue qui peuvent \u00eatre consult\u00e9es en ligne<\/p>\n<p style=\"text-align: center;\"><a class=\"button outline with-arrow\" href=\"https:\/\/journals.openedition.org\/revss\/299\" target=\"_blank\" rel=\"noopener\">Consulter les normes \u00e9ditoriales de la revue<\/a><\/p>\n<p>Tous les articles seront soumis \u00e0 une expertise \u00e0 double aveugle.<\/p>\n<h2>R\u00e9f\u00e9rences bibliographiques<\/h2>\n<p>Bosqu\u00e9 C. (2021), \u00ab&#160;Design viral, le plan C. Les makers face au Covid&#160;\u00bb, Revue Design Arts<\/p>\n<p>Medias, &amp; https:\/\/journal.dampress.org\/issues\/design-du-peu-pratiques-ordinaires\/design-viral-le-plan-c-les-makers-face-au-covid&amp;gt<\/p>\n<p>Canu R. (2022), Histoire du masque sanitaire moderne (1850-1950) in Cochoy F., Gaglio G.,<\/p>\n<p>Daniau A, Le masque sanitaire sous toutes ses coutures, Paris, Armand Colin, p. 29-50.<\/p>\n<p>Daniau\u00a0A., Mallard\u00a0A. (2023), \u00ab&#160;Le masque sanitaire fait-il barri\u00e8re au petit commerce&#160;? Les<\/p>\n<p>formes du travail relationnel durant la crise pand\u00e9mique&#160;\u00bb,\u00a0M\u00e9tropoles,\u00a033<\/p>\n<p><a href=\"http:\/\/journals.openedition.org\/metropoles\/10201\">http:\/\/journals.openedition.org\/metropoles\/10201<\/a><\/p>\n<p>Chagnon P., Gibout C., Lebreton F. (2023), \u00ab&#160;Acceptabilit\u00e9 et symbolique du port du masque&#160;: contraste selon les contextes sociaux et culturels&#160;\u00bb, Journ\u00e9e d\u2019\u00e9tude Le masque sanitaire \u00e0 l\u2019\u00e9poque du covid-19&#160;: regards crois\u00e9s en sciences humaines et sociales, Lilliad<\/p>\n<p>(Learning Center Innovation), Universit\u00e9 de Lille, GERiiCO, Villeneuve d&rsquo;Ascq, France. Cochoy F., Gaglio G., Daniau A. (2022), Le masque sanitaire sous toutes ses coutures, Paris, Armand Colin.<\/p>\n<p>Fiorentino G., Terracciano B. (2022), La mascherina \u00e8 il messaggio. Le relazioni sociali al tempo del COVID-19, Milan, FrancoAngeli.<\/p>\n<p>Lardellier P. (2022), S\u2019aimer \u00e0 l\u2019\u00e8re des masques et des \u00e9crans, La Tour d\u2019Aigues, Editions de l\u2019aube.<\/p>\n<p>Lebreton F., H\u00e9as S., Gibout C. (2022), \u00ab&#160;Introduction&#160;: (en)jeux corporels et sociotechniques du masque barri\u00e8re \u00e0 usage sportif&#160;\u00bb, CORPS&#160;: Revue Interdisciplinaire, p. 203-206.<\/p>\n<p>Lupton D., Clark M., Southterton C., Watson A. (2021), The Face Mask in COVID Times, A Sociomaterial Analysis, Berlin, De Gruyter.<\/p>\n<p>Schlich T, Strasser B. J. (2022), \u00ab&#160;Making the medical mask&#160;: surgery, bacteriology, and the control of infection (1870s\u20131920s)&#160;\u00bb,\u00a0Medical History, 66, 2, p. 116-134.<\/p>\n<p>Strasser B. J., Schlich T. (2020), \u00ab&#160;A History of the Medical Mask and the Rise of Throwaway Culture&#160;\u00bb, The Lancet, <a href=\"https:\/\/doi.org\/10.1016\/S0140-6736(20)31207-1&amp;gt\">https:\/\/doi.org\/10.1016\/S0140-6736(20)31207-1&amp;gt<\/a>&#160;;<\/p>\n<p>Trigeaud S.-H. (2021), \u00ab&#160;Du quilt aux \u00ab&#160;masques COVID&#160;\u00bb&#160;: l\u2019exercice d\u2019application desnormes AFNOR rel\u00e8ve-t-il du bricolage de fortune ou du geste de participation civile&#160;?&#160;\u00bb,<\/p>\n<p>Anthropologica, 63, 1, p. 1-29, &amp; <a href=\"https:\/\/doi.org\/10.18357\/anthropologica6312021354\">https:\/\/doi.org\/10.18357\/anthropologica6312021354<\/a><\/p>\n<\/p><\/div>\n<div class=\"zn-singledetail-attachedfiles\">\n<h3 class=\"zn-singledetail-section-title\">Fichier(s) attach\u00e9(s)<\/h3>\n<ul class=\"zn-singledetail-attachedfiles-list\">\n<li class=\"zn-singledetail-attachedfiles-item\">\n\t\t\t\t\t\t\t<a class=\"zn-singledetail-attachedfiles-link button outline for-download\" href=\"https:\/\/www.sfsic.org\/wp-inside\/uploads\/skp-membership\/demande_adh\/appel-a-contributions-pour-la-revue-des-sciences-sociales.pdf\" title=\"T\u00e9l\u00e9charger : \u00ab appel-a-contributions-pour-la-revue-des-sciences-sociales.pdf \u00bb\" target=\"_blank\" rel=\"noopener\"><br \/>\n\t\t\t\t\t\t\t\t<span class=\"button-txt\">Appel \u00e0 contributions pour la Revue des sciences sociales<span class=\"button-txt-type\"> (pdf)<\/span><\/span><br \/>\n\t\t\t\t\t\t\t<\/a>\n\t\t\t\t\t\t<\/li>\n<\/ul><\/div>\n<div class=\"zn-singledetail-keywords\">\n<h3 class=\"zn-singledetail-section-title\">Mots-cl\u00e9s<\/h3>\n<ul class=\"termslist termslist-post_tag\">\n<li class=\"termslist-item termslist-title\"><span class=\"termslist-titletxt\">Mots-cl\u00e9s<\/span><span class=\"doubledot\"><\/span><\/li>\n<li class=\"termslist-item tax-post_tag term-distanciation-sociale\"><a class=\"termslist-itemlink\" href=\"https:\/\/www.sfsic.org\/tag\/distanciation-sociale\/\" title=\"Distanciation sociale\"><span class=\"termslist-itemname\">Distanciation sociale<\/span><\/a><\/li>\n<li class=\"termslist-item tax-post_tag term-enjeux-sociaux\"><a class=\"termslist-itemlink\" href=\"https:\/\/www.sfsic.org\/tag\/enjeux-sociaux\/\" title=\"Enjeux sociaux\"><span class=\"termslist-itemname\">Enjeux sociaux<\/span><\/a><\/li>\n<li class=\"termslist-item tax-post_tag term-masques\"><a class=\"termslist-itemlink\" href=\"https:\/\/www.sfsic.org\/tag\/masques\/\" title=\"Masques\"><span class=\"termslist-itemname\">Masques<\/span><\/a><\/li>\n<li class=\"termslist-item tax-post_tag term-protection\"><a class=\"termslist-itemlink\" href=\"https:\/\/www.sfsic.org\/tag\/protection\/\" title=\"Protection\"><span class=\"termslist-itemname\">Protection<\/span><\/a><\/li>\n<li class=\"termslist-item tax-post_tag term-sante\"><a class=\"termslist-itemlink\" href=\"https:\/\/www.sfsic.org\/tag\/sante\/\" title=\"Sant\u00e9\"><span class=\"termslist-itemname\">Sant\u00e9<\/span><\/a><\/li>\n<\/ul><\/div>\n<\/p><\/div>\n<\/p><\/div>\n<\/p><\/div>\n<\/p><\/div>\n<\/div>\n<p><!-- \/fxzn:singledetail --><\/p>\n","protected":false},"excerpt":{"rendered":"<p>Mis en ligne le 23 mars 2024 Th\u00e9matiques M\u00e9diation des savoirs, \u00e9ducation et formation Organisation des connaissances R\u00e9ponse attendue pour le 31\/05\/2024 Type de r\u00e9ponse Contribution compl\u00e8te Type de contribution [&hellip;]<\/p>\n","protected":false},"author":1389,"featured_media":0,"comment_status":"closed","ping_status":"closed","sticky":false,"template":"","format":"standard","meta":{"_acf_changed":false,"footnotes":""},"categories":[28,60],"tags":[333,925,928,927,98],"thematique":[43,42],"sfsic":[],"class_list":["post-31526","post","type-post","status-publish","format-standard","hentry","category-aac-publication","category-article","tag-distanciation-sociale","tag-enjeux-sociaux","tag-masques","tag-protection","tag-sante","thematique-mediation-des-savoirs-education-et-formation","thematique-organisation-des-connaissances","wp-sticky"],"acf":[],"yoast_head":"<!-- This site is optimized with the Yoast SEO plugin v27.4 - https:\/\/yoast.com\/product\/yoast-seo-wordpress\/ -->\n<title>Derri\u00e8re le masque<\/title>\n<meta name=\"description\" content=\"La revue des sciences sociales lance un appel \u00e0 contributions pour le n\u00b0 74\/2025 intitul\u00e9 &quot;Derri\u00e8re le masque : enjeux sociaux et communicationnels des dispositifs de protection respiratoire&quot; qui va paraitre au 2\u00e8me semestre 2025.\" \/>\n<meta name=\"robots\" content=\"index, follow, max-snippet:-1, max-image-preview:large, max-video-preview:-1\" \/>\n<link rel=\"canonical\" href=\"https:\/\/www.sfsic.org\/en\/aac-publication\/derriere-le-masque\/\" \/>\n<meta property=\"og:locale\" content=\"en_US\" \/>\n<meta property=\"og:type\" content=\"article\" \/>\n<meta property=\"og:title\" content=\"Derri\u00e8re le masque\" \/>\n<meta property=\"og:description\" content=\"La revue des sciences sociales lance un appel \u00e0 contributions pour le n\u00b0 74\/2025 intitul\u00e9 &quot;Derri\u00e8re le masque : enjeux sociaux et communicationnels des dispositifs de protection respiratoire&quot; qui va paraitre au 2\u00e8me semestre 2025.\" \/>\n<meta property=\"og:url\" content=\"https:\/\/www.sfsic.org\/en\/aac-publication\/derriere-le-masque\/\" \/>\n<meta property=\"og:site_name\" content=\"SFSIC\" \/>\n<meta property=\"article:published_time\" content=\"2024-03-25T18:15:40+00:00\" \/>\n<meta property=\"article:modified_time\" content=\"2024-03-25T18:15:42+00:00\" \/>\n<meta name=\"author\" content=\"Kougbl\u00e9nou Rodrigue Tokpodounsi\" \/>\n<meta name=\"twitter:card\" content=\"summary_large_image\" \/>\n<script type=\"application\/ld+json\" class=\"yoast-schema-graph\">{\"@context\":\"https:\\\/\\\/schema.org\",\"@graph\":[{\"@type\":\"Article\",\"@id\":\"https:\\\/\\\/www.sfsic.org\\\/en\\\/aac-publication\\\/derriere-le-masque\\\/#article\",\"isPartOf\":{\"@id\":\"https:\\\/\\\/www.sfsic.org\\\/en\\\/aac-publication\\\/derriere-le-masque\\\/\"},\"author\":{\"name\":\"Kougbl\u00e9nou Rodrigue Tokpodounsi\",\"@id\":\"https:\\\/\\\/www.sfsic.org\\\/en\\\/#\\\/schema\\\/person\\\/b3a12f8a8be44d99b215543fad085d1a\"},\"headline\":\"Derri\u00e8re le masque\",\"datePublished\":\"2024-03-25T18:15:40+00:00\",\"dateModified\":\"2024-03-25T18:15:42+00:00\",\"mainEntityOfPage\":{\"@id\":\"https:\\\/\\\/www.sfsic.org\\\/en\\\/aac-publication\\\/derriere-le-masque\\\/\"},\"wordCount\":2466,\"publisher\":{\"@id\":\"https:\\\/\\\/www.sfsic.org\\\/en\\\/#organization\"},\"keywords\":[\"Distanciation sociale\",\"Enjeux sociaux\",\"Masques\",\"Protection\",\"Sant\u00e9\"],\"articleSection\":[\"AAC Publications\",\"Article\"],\"inLanguage\":\"en-US\"},{\"@type\":\"WebPage\",\"@id\":\"https:\\\/\\\/www.sfsic.org\\\/en\\\/aac-publication\\\/derriere-le-masque\\\/\",\"url\":\"https:\\\/\\\/www.sfsic.org\\\/en\\\/aac-publication\\\/derriere-le-masque\\\/\",\"name\":\"Derri\u00e8re le masque\",\"isPartOf\":{\"@id\":\"https:\\\/\\\/www.sfsic.org\\\/en\\\/#website\"},\"datePublished\":\"2024-03-25T18:15:40+00:00\",\"dateModified\":\"2024-03-25T18:15:42+00:00\",\"description\":\"La revue des sciences sociales lance un appel \u00e0 contributions pour le n\u00b0 74\\\/2025 intitul\u00e9 \\\"Derri\u00e8re le masque : enjeux sociaux et communicationnels des dispositifs de protection respiratoire\\\" qui va paraitre au 2\u00e8me semestre 2025.\",\"breadcrumb\":{\"@id\":\"https:\\\/\\\/www.sfsic.org\\\/en\\\/aac-publication\\\/derriere-le-masque\\\/#breadcrumb\"},\"inLanguage\":\"en-US\",\"potentialAction\":[{\"@type\":\"ReadAction\",\"target\":[\"https:\\\/\\\/www.sfsic.org\\\/en\\\/aac-publication\\\/derriere-le-masque\\\/\"]}]},{\"@type\":\"BreadcrumbList\",\"@id\":\"https:\\\/\\\/www.sfsic.org\\\/en\\\/aac-publication\\\/derriere-le-masque\\\/#breadcrumb\",\"itemListElement\":[{\"@type\":\"ListItem\",\"position\":1,\"name\":\"Accueil\",\"item\":\"https:\\\/\\\/www.sfsic.org\\\/en\\\/\"},{\"@type\":\"ListItem\",\"position\":2,\"name\":\"Calls for Papers\",\"item\":\"https:\\\/\\\/www.sfsic.org\\\/en\\\/cfp-publication\\\/\"},{\"@type\":\"ListItem\",\"position\":3,\"name\":\"Article\",\"item\":\"https:\\\/\\\/www.sfsic.org\\\/en\\\/cfp-publication\\\/article-en\\\/\"},{\"@type\":\"ListItem\",\"position\":4,\"name\":\"Derri\u00e8re le masque\"}]},{\"@type\":\"WebSite\",\"@id\":\"https:\\\/\\\/www.sfsic.org\\\/en\\\/#website\",\"url\":\"https:\\\/\\\/www.sfsic.org\\\/en\\\/\",\"name\":\"SFSIC\",\"description\":\"Soci\u00e9t\u00e9 Fran\u00e7aise des Sciences de l&#039;Information &amp; de la Communication\",\"publisher\":{\"@id\":\"https:\\\/\\\/www.sfsic.org\\\/en\\\/#organization\"},\"potentialAction\":[{\"@type\":\"SearchAction\",\"target\":{\"@type\":\"EntryPoint\",\"urlTemplate\":\"https:\\\/\\\/www.sfsic.org\\\/en\\\/?s={search_term_string}\"},\"query-input\":{\"@type\":\"PropertyValueSpecification\",\"valueRequired\":true,\"valueName\":\"search_term_string\"}}],\"inLanguage\":\"en-US\"},{\"@type\":\"Organization\",\"@id\":\"https:\\\/\\\/www.sfsic.org\\\/en\\\/#organization\",\"name\":\"SFSIC\",\"url\":\"https:\\\/\\\/www.sfsic.org\\\/en\\\/\",\"logo\":{\"@type\":\"ImageObject\",\"inLanguage\":\"en-US\",\"@id\":\"https:\\\/\\\/www.sfsic.org\\\/en\\\/#\\\/schema\\\/logo\\\/image\\\/\",\"url\":\"https:\\\/\\\/www.sfsic.org\\\/wp-inside\\\/uploads\\\/2020\\\/05\\\/logo-sfsic.jpg\",\"contentUrl\":\"https:\\\/\\\/www.sfsic.org\\\/wp-inside\\\/uploads\\\/2020\\\/05\\\/logo-sfsic.jpg\",\"width\":1085,\"height\":1080,\"caption\":\"SFSIC\"},\"image\":{\"@id\":\"https:\\\/\\\/www.sfsic.org\\\/en\\\/#\\\/schema\\\/logo\\\/image\\\/\"}},{\"@type\":\"Person\",\"@id\":\"https:\\\/\\\/www.sfsic.org\\\/en\\\/#\\\/schema\\\/person\\\/b3a12f8a8be44d99b215543fad085d1a\",\"name\":\"Kougbl\u00e9nou Rodrigue Tokpodounsi\",\"image\":{\"@type\":\"ImageObject\",\"inLanguage\":\"en-US\",\"@id\":\"https:\\\/\\\/secure.gravatar.com\\\/avatar\\\/ee9445a447fb6eccbac8865387c7b0896bfa31bba2be621577f5c3c7b20068a3?s=96&d=mm&r=g\",\"url\":\"https:\\\/\\\/secure.gravatar.com\\\/avatar\\\/ee9445a447fb6eccbac8865387c7b0896bfa31bba2be621577f5c3c7b20068a3?s=96&d=mm&r=g\",\"contentUrl\":\"https:\\\/\\\/secure.gravatar.com\\\/avatar\\\/ee9445a447fb6eccbac8865387c7b0896bfa31bba2be621577f5c3c7b20068a3?s=96&d=mm&r=g\",\"caption\":\"Kougbl\u00e9nou Rodrigue Tokpodounsi\"}}]}<\/script>\n<!-- \/ Yoast SEO plugin. -->","yoast_head_json":{"title":"Derri\u00e8re le masque","description":"La revue des sciences sociales lance un appel \u00e0 contributions pour le n\u00b0 74\/2025 intitul\u00e9 \"Derri\u00e8re le masque : enjeux sociaux et communicationnels des dispositifs de protection respiratoire\" qui va paraitre au 2\u00e8me semestre 2025.","robots":{"index":"index","follow":"follow","max-snippet":"max-snippet:-1","max-image-preview":"max-image-preview:large","max-video-preview":"max-video-preview:-1"},"canonical":"https:\/\/www.sfsic.org\/en\/aac-publication\/derriere-le-masque\/","og_locale":"en_US","og_type":"article","og_title":"Derri\u00e8re le masque","og_description":"La revue des sciences sociales lance un appel \u00e0 contributions pour le n\u00b0 74\/2025 intitul\u00e9 \"Derri\u00e8re le masque : enjeux sociaux et communicationnels des dispositifs de protection respiratoire\" qui va paraitre au 2\u00e8me semestre 2025.","og_url":"https:\/\/www.sfsic.org\/en\/aac-publication\/derriere-le-masque\/","og_site_name":"SFSIC","article_published_time":"2024-03-25T18:15:40+00:00","article_modified_time":"2024-03-25T18:15:42+00:00","author":"Kougbl\u00e9nou Rodrigue Tokpodounsi","twitter_card":"summary_large_image","schema":{"@context":"https:\/\/schema.org","@graph":[{"@type":"Article","@id":"https:\/\/www.sfsic.org\/en\/aac-publication\/derriere-le-masque\/#article","isPartOf":{"@id":"https:\/\/www.sfsic.org\/en\/aac-publication\/derriere-le-masque\/"},"author":{"name":"Kougbl\u00e9nou Rodrigue Tokpodounsi","@id":"https:\/\/www.sfsic.org\/en\/#\/schema\/person\/b3a12f8a8be44d99b215543fad085d1a"},"headline":"Derri\u00e8re le masque","datePublished":"2024-03-25T18:15:40+00:00","dateModified":"2024-03-25T18:15:42+00:00","mainEntityOfPage":{"@id":"https:\/\/www.sfsic.org\/en\/aac-publication\/derriere-le-masque\/"},"wordCount":2466,"publisher":{"@id":"https:\/\/www.sfsic.org\/en\/#organization"},"keywords":["Distanciation sociale","Enjeux sociaux","Masques","Protection","Sant\u00e9"],"articleSection":["AAC Publications","Article"],"inLanguage":"en-US"},{"@type":"WebPage","@id":"https:\/\/www.sfsic.org\/en\/aac-publication\/derriere-le-masque\/","url":"https:\/\/www.sfsic.org\/en\/aac-publication\/derriere-le-masque\/","name":"Derri\u00e8re le masque","isPartOf":{"@id":"https:\/\/www.sfsic.org\/en\/#website"},"datePublished":"2024-03-25T18:15:40+00:00","dateModified":"2024-03-25T18:15:42+00:00","description":"La revue des sciences sociales lance un appel \u00e0 contributions pour le n\u00b0 74\/2025 intitul\u00e9 \"Derri\u00e8re le masque : enjeux sociaux et communicationnels des dispositifs de protection respiratoire\" qui va paraitre au 2\u00e8me semestre 2025.","breadcrumb":{"@id":"https:\/\/www.sfsic.org\/en\/aac-publication\/derriere-le-masque\/#breadcrumb"},"inLanguage":"en-US","potentialAction":[{"@type":"ReadAction","target":["https:\/\/www.sfsic.org\/en\/aac-publication\/derriere-le-masque\/"]}]},{"@type":"BreadcrumbList","@id":"https:\/\/www.sfsic.org\/en\/aac-publication\/derriere-le-masque\/#breadcrumb","itemListElement":[{"@type":"ListItem","position":1,"name":"Accueil","item":"https:\/\/www.sfsic.org\/en\/"},{"@type":"ListItem","position":2,"name":"Calls for Papers","item":"https:\/\/www.sfsic.org\/en\/cfp-publication\/"},{"@type":"ListItem","position":3,"name":"Article","item":"https:\/\/www.sfsic.org\/en\/cfp-publication\/article-en\/"},{"@type":"ListItem","position":4,"name":"Derri\u00e8re le masque"}]},{"@type":"WebSite","@id":"https:\/\/www.sfsic.org\/en\/#website","url":"https:\/\/www.sfsic.org\/en\/","name":"SFSIC","description":"Soci\u00e9t\u00e9 Fran\u00e7aise des Sciences de l&#039;Information &amp; de la Communication","publisher":{"@id":"https:\/\/www.sfsic.org\/en\/#organization"},"potentialAction":[{"@type":"SearchAction","target":{"@type":"EntryPoint","urlTemplate":"https:\/\/www.sfsic.org\/en\/?s={search_term_string}"},"query-input":{"@type":"PropertyValueSpecification","valueRequired":true,"valueName":"search_term_string"}}],"inLanguage":"en-US"},{"@type":"Organization","@id":"https:\/\/www.sfsic.org\/en\/#organization","name":"SFSIC","url":"https:\/\/www.sfsic.org\/en\/","logo":{"@type":"ImageObject","inLanguage":"en-US","@id":"https:\/\/www.sfsic.org\/en\/#\/schema\/logo\/image\/","url":"https:\/\/www.sfsic.org\/wp-inside\/uploads\/2020\/05\/logo-sfsic.jpg","contentUrl":"https:\/\/www.sfsic.org\/wp-inside\/uploads\/2020\/05\/logo-sfsic.jpg","width":1085,"height":1080,"caption":"SFSIC"},"image":{"@id":"https:\/\/www.sfsic.org\/en\/#\/schema\/logo\/image\/"}},{"@type":"Person","@id":"https:\/\/www.sfsic.org\/en\/#\/schema\/person\/b3a12f8a8be44d99b215543fad085d1a","name":"Kougbl\u00e9nou Rodrigue Tokpodounsi","image":{"@type":"ImageObject","inLanguage":"en-US","@id":"https:\/\/secure.gravatar.com\/avatar\/ee9445a447fb6eccbac8865387c7b0896bfa31bba2be621577f5c3c7b20068a3?s=96&d=mm&r=g","url":"https:\/\/secure.gravatar.com\/avatar\/ee9445a447fb6eccbac8865387c7b0896bfa31bba2be621577f5c3c7b20068a3?s=96&d=mm&r=g","contentUrl":"https:\/\/secure.gravatar.com\/avatar\/ee9445a447fb6eccbac8865387c7b0896bfa31bba2be621577f5c3c7b20068a3?s=96&d=mm&r=g","caption":"Kougbl\u00e9nou Rodrigue Tokpodounsi"}}]}},"_links":{"self":[{"href":"https:\/\/www.sfsic.org\/en\/wp-json\/wp\/v2\/posts\/31526","targetHints":{"allow":["GET"]}}],"collection":[{"href":"https:\/\/www.sfsic.org\/en\/wp-json\/wp\/v2\/posts"}],"about":[{"href":"https:\/\/www.sfsic.org\/en\/wp-json\/wp\/v2\/types\/post"}],"author":[{"embeddable":true,"href":"https:\/\/www.sfsic.org\/en\/wp-json\/wp\/v2\/users\/1389"}],"replies":[{"embeddable":true,"href":"https:\/\/www.sfsic.org\/en\/wp-json\/wp\/v2\/comments?post=31526"}],"version-history":[{"count":7,"href":"https:\/\/www.sfsic.org\/en\/wp-json\/wp\/v2\/posts\/31526\/revisions"}],"predecessor-version":[{"id":31555,"href":"https:\/\/www.sfsic.org\/en\/wp-json\/wp\/v2\/posts\/31526\/revisions\/31555"}],"wp:attachment":[{"href":"https:\/\/www.sfsic.org\/en\/wp-json\/wp\/v2\/media?parent=31526"}],"wp:term":[{"taxonomy":"category","embeddable":true,"href":"https:\/\/www.sfsic.org\/en\/wp-json\/wp\/v2\/categories?post=31526"},{"taxonomy":"post_tag","embeddable":true,"href":"https:\/\/www.sfsic.org\/en\/wp-json\/wp\/v2\/tags?post=31526"},{"taxonomy":"thematique","embeddable":true,"href":"https:\/\/www.sfsic.org\/en\/wp-json\/wp\/v2\/thematique?post=31526"},{"taxonomy":"sfsic","embeddable":true,"href":"https:\/\/www.sfsic.org\/en\/wp-json\/wp\/v2\/sfsic?post=31526"}],"curies":[{"name":"wp","href":"https:\/\/api.w.org\/{rel}","templated":true}]}}