{"id":31320,"date":"2024-03-03T16:38:48","date_gmt":"2024-03-03T15:38:48","guid":{"rendered":"https:\/\/www.sfsic.org\/?p=31320"},"modified":"2024-03-03T16:38:50","modified_gmt":"2024-03-03T15:38:50","slug":"radio-et-migrations-radio-en-migration-1960-aujourdhui","status":"publish","type":"post","link":"https:\/\/www.sfsic.org\/en\/aac-publication\/radio-et-migrations-radio-en-migration-1960-aujourdhui\/","title":{"rendered":"Radio et migrations. Radio en migration (1960-aujourd\u2019hui)"},"content":{"rendered":"<p><!-- fxzn:singledetail --><\/p>\n<div class=\"zone zn-singledetail\" id=\"fxzn-singledetail-1\">\n<div class=\"zone-block zn-singledetail-block alignwide va-top\">\n<div class=\"row\">\n<div class=\"columns large-8 large-push-4\">\n<div class=\"zn-singledetail-metabox\">\n<div class=\"zn-singledetail-pubdate pubdate\">\n\t\t\t\t\t<span class=\"pubdate-txt\">Mis en ligne le<\/span><span class=\"doubledot\"><\/span> 3 mars 2024\t\t\t\t<\/div>\n<div class=\"zn-singledetail-thematiques with-sep-comma\">\n<ul class=\"termslist termslist-thematique\">\n<li class=\"termslist-item termslist-title\"><span class=\"termslist-titletxt\">Th\u00e9matiques<\/span><span class=\"doubledot\"><\/span><\/li>\n<li class=\"termslist-item tax-thematique term-images-cinema-medias-audiovisuels-et-industries-culturelles\"><a class=\"termslist-itemlink\" href=\"https:\/\/www.sfsic.org\/thematiques\/images-cinema-medias-audiovisuels-et-industries-culturelles\/\" title=\"Images, cin\u00e9ma, m\u00e9dias audiovisuels et industries culturelles\"><span class=\"termslist-itemname\">Images, cin\u00e9ma, m\u00e9dias audiovisuels et industries culturelles<\/span><\/a><\/li>\n<\/ul><\/div>\n<\/p><\/div>\n<\/p><\/div>\n<\/p><\/div>\n<div class=\"row\">\n<div class=\"columns large-4\">\n<div class=\"zn-singledetail-sidebar bg-cornersquares\">\n<div class=\"zn-singledetail-infos\">\n<p class=\"zn-singledetail-reponse-date\">\n\t\t\t\t\t\t<span>R\u00e9ponse attendue pour le<\/span><span class=\"doubledot\"><\/span> <strong>15\/03\/2024<\/strong>\n\t\t\t\t\t<\/p>\n<p class=\"zn-singledetail-reponse-type\">\n\t\t\t\t\t<span>Type de r\u00e9ponse<\/span><span class=\"doubledot\"><\/span> <strong>R\u00e9sum\u00e9<\/strong>\n\t\t\t\t\t<\/p>\n<p class=\"zn-singledetail-type\">\n\t\t\t\t\t\t\t<span>Type de contribution attendue<\/span><span class=\"doubledot\"><\/span> <strong>Article<\/strong>\n\t\t\t\t\t<\/p>\n<p class=\"zn-singledetail-name\">\n\t\t\t\t\t\t\t<span>Nom de la publication<\/span><span class=\"doubledot\"><\/span> <strong>RadioMorphoses<\/strong>\n\t\t\t\t\t<\/p>\n<\/p><\/div>\n<div class=\"zn-singledetail-coordinators\">\n<h3 class=\"zn-singledetail-section-title\">Coordinateurs<\/h3>\n<ul class=\"zn-singledetail-coordinators-list\">\n<li class=\"zn-singledetail-coordinators-item\">\n\t\t\t\t\t\t\t<span>\u00c9tienne <\/span> <span>Damome <\/span>\t\t\t\t\t\t\t\t\t\t\t\t\t\t, <a class=\"zn-singledetail-coordinators-mail prettylink\" href=\"mailto:etienne.damome@gmail.com\">etienne.damome@gmail.com<\/a>\n\t\t\t\t\t\t\t\t\t\t\t\t\t<\/li>\n<li class=\"zn-singledetail-coordinators-item\">\n\t\t\t\t\t\t\t<span>Nelly <\/span> <span>Valsangiacomo <\/span>\t\t\t\t\t\t\t\t\t\t\t\t\t\t, <a class=\"zn-singledetail-coordinators-mail prettylink\" href=\"mailto:nelly.valsangiacomo@bluewin.ch\">nelly.valsangiacomo@bluewin.ch<\/a>\n\t\t\t\t\t\t\t\t\t\t\t\t\t<\/li>\n<\/ul><\/div>\n<div class=\"zn-singledetail-weblinks\">\n<h3 class=\"zn-singledetail-section-title\">Sites internet de r\u00e9f\u00e9rence<\/h3>\n<ul class=\"zn-singledetail-weblinks-list\">\n<li>\n\t\t\t\t\t\t\t<a class=\"prettylink chainlink\" href=\"https:\/\/journals.openedition.org\/radiomorphoses\/3946\" title=\"Site de la revue\" target=\"_blank\" rel=\"noopener\">Site de la revue<\/a>\n\t\t\t\t\t\t<\/li>\n<\/ul><\/div>\n<\/p><\/div>\n<\/p><\/div>\n<div class=\"columns large-8\">\n<div class=\"zn-singledetail-contentbox\">\n<div class=\"zn-singledetail-annonce wig-content\">\n<div class=\"text wResizable medium\">\n<p class=\"texte\">Les personnes qui \u00e9migrent sont en g\u00e9n\u00e9ral une th\u00e9matique convoit\u00e9e par les m\u00e9dias des pays d\u2019arriv\u00e9e, en particulier si elles sont consid\u00e9r\u00e9es comme \u00ab&#160;porteuses de drames&#160;\u00bb (Mills-Affif 2004, Mattelart 2014, Jedlowski 2023). En Europe, notamment dans les ann\u00e9es 1960-1970 et 2000-2020, mais \u00e9galement aux Etats-Unis et \u00e0 l\u2019int\u00e9rieur de l\u2019Afrique, les m\u00e9dias du service public ont aussi r\u00e9pondu \u00e0 la demande des autorit\u00e9s qui ont pens\u00e9 la radio et la t\u00e9l\u00e9vision comme un m\u00e9dium de contact et d\u2019int\u00e9gration des diff\u00e9rents groupes migratoires (Fasild 2006, Valsangiacomo 2015, Lostis 2019, Fierens et Rovetta 2022).<\/p>\n<p class=\"texte\">Gr\u00e2ce \u00e0 sa relative facilit\u00e9 de mise en place (technique et \u00e9conomique), la radio a toutefois jou\u00e9 beaucoup d\u2019autres r\u00f4les qui incluent autant les radios internationales et nationales que les radios locales et celles des communaut\u00e9s immigr\u00e9es m\u00eames. Les exemples sont nombreux et montrent la richesse de l\u2019approche par les ondes du ph\u00e9nom\u00e8ne migratoire (Nayrac 2007, D\u00e9sir\u00e9 2011, Fiedler et Fr\u00e8re 2016, Girardot 2018, Nittis 2023, Dujardin 2023).<\/p>\n<p class=\"texte\">Ce num\u00e9ro de la revue <em>RadioMorphoses<\/em> aimerait s\u2019interroger sur les diff\u00e9rents aspects du rapport entre radio et migrations, en essayant de saisir la diversit\u00e9 des pratiques d\u2019\u00e9mission et d\u2019\u00e9coute en lien avec les immigrations et les \u00e9migrations.<\/p>\n<h3 class=\"texte\"><strong>Parmi les pistes possibles \u2026<\/strong><\/h3>\n<ol class=\"texte\">\n<li>\n<p class=\"texte\">Quel a \u00e9t\u00e9 le r\u00f4le des radios dans le cadre de ph\u00e9nom\u00e8nes migratoires&#160;? D\u2019un c\u00f4t\u00e9, les radios des pays d\u2019accueil construisent souvent l\u2019immigration en tant que \u00ab&#160;probl\u00e8me public&#160;\u00bb dans les formats d\u2019information et d\u2019approfondissement. Certaines organisent des \u00e9missions \u00e0 la fois de soutien et d\u2019int\u00e9gration, voire de m\u00e9diation envers la population locale pendant que d\u2019autres stigmatisent les migrants et contribuent \u00e0 rendre plus complexe leur accueil et leur int\u00e9gration. Ces \u00e9missions s\u2019adressent \u00e0 des groupes tr\u00e8s diff\u00e9rents, non seulement parce que les immigr\u00e9\u00b7e\u00b7s sont d\u2019origines diverses, mais aussi parce que le lien entre poids num\u00e9rique d\u2019un groupe immigr\u00e9 et repr\u00e9sentations de ce m\u00eame groupe varie d\u2019un pays \u00e0 un autre. De l\u2019autre c\u00f4t\u00e9, il est aussi fort int\u00e9ressant de s\u2019interroger sur la participation des radios des pays de d\u00e9part au ph\u00e9nom\u00e8ne de l\u2019\u00e9migration. Dans quelle mesure ont-elles particip\u00e9 ou frein\u00e9 les d\u00e9parts, gard\u00e9 les contacts avec leurs citoyen\u00b7ne\u00b7s \u00e9migr\u00e9\u00b7e\u00b7s et construit des images radiophoniques de leurs \u00e9migrations respectives&#160;?<\/p>\n<\/li>\n<li>\n<p class=\"texte\">Un autre volet pourrait s\u2019int\u00e9resser au d\u00e9veloppement de radios sur et pour les ph\u00e9nom\u00e8nes migratoires. Quel a \u00e9t\u00e9 le r\u00f4le des radios dans les campagnes d\u2019information men\u00e9es par les organisations internationales, souvent soutenues par l\u2019occident, pour contrer la tendance \u00e0 l\u2019\u00e9migration ou mettre l\u2019attention sur la dangerosit\u00e9 des voyages&#160;? Ou encore, quel a \u00e9t\u00e9 le r\u00f4le des radios communautaires dans les mobilit\u00e9s transfrontali\u00e8res, par exemple dans les ph\u00e9nom\u00e8nes de transhumances ou encore d\u2019accompagnement des diasporas&#160;?<\/p>\n<\/li>\n<li>\n<p class=\"texte\">\u00c0 ce propos, nous aimerions aussi questionner l\u2019agentivit\u00e9 (<em>agency<\/em>) des personnes en \u00e9migration, au travers de la cr\u00e9ation et de la gestion d\u2019\u00e9mission sp\u00e9cifiques ou l\u2019organisation de radios communautaires ou plus al\u00e9atoires, qui deviennent un socle de pr\u00e9servation et patrimonialisation identitaires, \u00e0 travers la musique par exemple, mais aussi un lieu d\u2019\u00e9change et de construction de r\u00e9seaux de soutien dans le pays d\u2019arriv\u00e9e ou encore un lieu de prise de parole et de production de savoirs. En m\u00eame temps, la r\u00e9flexion pourrait se focaliser sur l\u2019utilisation du m\u00e9dia radio de la part des \u00e9migr\u00e9.es pour d\u00e9velopper une participation plus active, par exemple politique, envers le pays d\u2019origine, malgr\u00e9 la distance physique.<\/p>\n<\/li>\n<li>\n<p class=\"texte\">L\u2019on pourra \u00e9galement \u00e9tendre la r\u00e9flexion aux sites web des radios cr\u00e9\u00e9es par les migrants dans le pays d\u2019accueil, qu\u2019elles \u00e9mettent \u00e0 travers des ondes hertziennes ou exclusivement sur le web. L\u2019analyse s\u00e9miotique des signes visuels, textuels et sonores permettra de r\u00e9v\u00e9ler les effets de sens mis en \u0153uvre. L\u2019\u00e9tude des aspects techniques rep\u00e8rera par ailleurs la conception des interfaces web et les exp\u00e9riences de navigation et d\u2019interaction des internautes-auditeurs. En outre, la r\u00e9alisation des cartographies des sites web offrira une opportunit\u00e9 concr\u00e8te pour interpr\u00e9ter les parcours des liens sur le web, dans le cadre d&rsquo;une sp\u00e9cifique \u00ab&#160;reterritorialisation&#160;\u00bb des migrants \u00e0 travers le cyberespace. Ce territoire virtuel, d\u00e9pourvu de fronti\u00e8res, partiellement cartographi\u00e9, r\u00e9v\u00e9lera les centres d&rsquo;int\u00e9r\u00eat de la population migrante tels que la musique, les divers activismes, les revendications f\u00e9ministes, le tourisme, la cuisine, le travail, la circulation d&rsquo;argent, de marchandises et d&rsquo;id\u00e9es entre le pays d&rsquo;origine et le pays d&rsquo;accueil, dans un contexte globalis\u00e9 (Guglielmone, 2014).<\/p>\n<\/li>\n<\/ol>\n<p class=\"texte\">Les articles, d\u2019environ 35 000 signes, avec un r\u00e9sum\u00e9 en fran\u00e7ais, en anglais et en espagnol d\u2019environ 500 \u00e0 800 signes, et cinq mots cl\u00e9s dans chacune de ces langues, la bibliographie aux normes de RadioMorphoses (<a href=\"https:\/\/journals.openedition.org\/radiomorphoses\/277#tocto1n3\">https:\/\/journals.openedition.org\/radiomorphoses\/277#tocto1n3<\/a><a href=\"https:\/\/journals.openedition.org\/radiomorphoses\/277#tocto1n3\">)<\/a> seront \u00e0 rendre d\u2019ici le 15 septembre 2024.<\/p>\n<p class=\"texte\">Les propositions d\u2019article, d\u2019une page au maximum, doivent \u00eatre envoy\u00e9es d\u2019ici le 15 mars 2024 \u00e0 \u00c9tienne Damome (<a href=\"mailto:etienne.damome@gmail.com\">etienne.damome@gmail.com<\/a>) et Nelly Valsangiacomo (<a href=\"mailto:nelly.valsangiacomo@bluewin.ch\">nelly.valsangiacomo@bluewin.ch<\/a>). Nous vous remercions d\u2019ajouter un court CV \u00e0 votre envoi. Une r\u00e9ponse vous sera donn\u00e9e au courant du mois d\u2019avril.<\/p>\n<h2>Bibliographie<\/h2>\n<div id=\"bibliography\" class=\"section\">\n<div class=\"text\">\n<h3 class=\"bibliographie\">Articles et ouvrages cit\u00e9s<\/h3>\n<p class=\"bibliographie\">D\u00c9SIR\u00c9 Aude. <em>Radio Mango&#160;: histoire d\u2019une r\u00e9gion libre antillaise en r\u00e9gion parisienne (1982-1992)<\/em>. Paris&#160;: L\u2019Harmattan, 2011, 166 pages.<\/p>\n<p class=\"bibliographie\">DIA Saidou. Radiodiffusion et nouvelles technologie de l\u2019information et de la communication (NTIC)&#160;: usages, enjeux et perspectives, in Diop Momar-Coumba, <em>Le S\u00e9n\u00e9gal \u00e0 l\u2019heure de l\u2019information. Technologies et soci\u00e9t\u00e9s<\/em>, Editions Karthala- Unrisd, 2002, pp. 295-330.<\/p>\n<p class=\"bibliographie\">DUJARDIN Fanny. Histoires de migrations \u00e0 la radio&#160;: du t\u00e9moignage provoqu\u00e9 au r\u00e9cit participatif, <em>Herm\u00e8s, La Revue<\/em>, vol. 92, no. 2, 2023, pp. 102-107.<\/p>\n<p class=\"bibliographie\">FASILD 2006. AAVV, <em>La repr\u00e9sentativit\u00e9 des immigr\u00e9s au sein des media<\/em>, rapport final.<\/p>\n<p class=\"bibliographie\">FIEDLER Anke, FR\u00c8RE Marie-Soleil. \u201cRadio France Internationale\u201d and \u201cDeutsche Welle\u201d in Francophone Africa&#160;: International Broadcasters in a Time of Change, <em>Communication, Culture &amp; Critique<\/em>, 9(1), 2016, pp. 68-85.<\/p>\n<div id=\"bibl_5\" class=\"formated_bibl_container\">\n<div class=\"open_bibl\"><\/div>\n<\/div>\n<p class=\"bibliographie\">FIERENS Marie, ROVETTA Ornella. \u00ab&#160;Si on est seuls, qu\u2019on nous le dise&#160;\u00bb. Journalisme, politique nationale et diplomatie internationale au Burundi, <em>RadioMorphoses<\/em> [En ligne], 8 | 2022, mis en ligne le 27 d\u00e9cembre 2022, consult\u00e9 le 10 janvier 2024. <span lang=\"en\" xml:lang=\"en\">URL&#160;: <\/span><a href=\"http:\/\/journals.openedition.org\/radiomorphoses\/2893\">http:\/\/journals.openedition.org\/radiomorphoses\/2893<\/a>&#160;; DOI&#160;: <a href=\"https:\/\/doi.org\/10.4000\/radiomorphoses.2893\"><span lang=\"en\" xml:lang=\"en\">https:\/\/doi.org\/10.4000\/radiomorphoses.2893<\/span><\/a>\u00a0 DOI&#160;: <a class=\"doi\" href=\"http:\/\/dx.doi.org\/10.4000\/radiomorphoses.2893\">10.4000\/radiomorphoses.2893<\/a><\/p>\n<div id=\"bibl_6\" class=\"formated_bibl_container\">\n<div class=\"open_bibl\"><\/div>\n<\/div>\n<p class=\"bibliographie\"><span lang=\"en\" xml:lang=\"en\">GIRARDOT Maguelone. <\/span>Migrants et r\u00e9fugi\u00e9s&#160;: De l\u2019autre c\u00f4t\u00e9 du miroir, <em>\u00c9tudes<\/em>, -A, 2018, 716. <a href=\"https:\/\/doi.org\/10.3917\/etu.4251.0007\">https:\/\/doi.org\/10.3917\/etu.4251.0007<\/a><br \/>\nDOI&#160;: <a class=\"doi\" href=\"http:\/\/dx.doi.org\/10.3917\/etu.4251.0007\">10.3917\/etu.4251.0007<\/a><\/p>\n<p class=\"bibliographie\">GUGLIELMONE, Isabel. \u00ab&#160;Itinerarios digitales&#160;: las ciberradios radios bolivianas en Argentina&#160;\u00bb. <em>Revue Horizontes Sociol\u00f3gicos<\/em> | <em>Asociaci\u00f3n Argentina de Sociolog\u00eda<\/em>, N\u00b0 4, Juillet-D\u00e9cembre 2014, p. 43-57.<\/p>\n<div id=\"bibl_8\" class=\"formated_bibl_container\">\n<div class=\"open_bibl\"><\/div>\n<\/div>\n<p class=\"bibliographie\">JEDLOWSKI Alessandro. M\u00e9dias audiovisuels et diasporas africaines en France&#160;: des enjeux de la repr\u00e9sentation aux d\u00e9fis de la production, <em>Revue europ\u00e9enne des migrations internationales<\/em>, vol. 39 &#8211; n\u00b01 | 2023, 185-206.<br \/>\nDOI&#160;: <a class=\"doi\" href=\"http:\/\/dx.doi.org\/10.4000\/remi.22381\">10.4000\/remi.22381<\/a><\/p>\n<div id=\"bibl_9\" class=\"formated_bibl_container\">\n<div class=\"open_bibl\"><\/div>\n<\/div>\n<p class=\"bibliographie\">LOSTIS Nina. Londres 1962-1989&#160;: histoires de m\u00e9dias par et pour les immigr\u00e9s, Hommes &amp; Migrations, 2019\/3 (n\u00b0 1326), p. 77-82. DOI&#160;: <a href=\"https:\/\/doi.org\/10.4000\/hommesmigrations.9702\">https:\/\/doi.org\/10.4000\/hommesmigrations.9702<\/a>\u00a0 DOI&#160;: <a class=\"doi\" href=\"http:\/\/dx.doi.org\/10.4000\/hommesmigrations.9702\">10.4000\/hommesmigrations.9702<\/a><\/p>\n<p class=\"bibliographie\">MATTELART Tristan (dir.)<strong>. <\/strong><em>M\u00e9dias et migrations dans l&rsquo;espace euro-m\u00e9diterran\u00e9en<\/em>, \u00c9ditions Mare et Martin, coll. \u00ab&#160;MediaCritic&#160;\u00bb, 2014, 580 pages.<\/p>\n<p class=\"bibliographie\">MILLS-AFFIF Edouard. <em>Filmer les immigr\u00e9s. Les repr\u00e9sentations audiovisuelles de l\u2019immigration \u00e0 la t\u00e9l\u00e9vision fran\u00e7aise 1960-1986<\/em>, Bruxelles, De Boeck Sup\u00e9rieur, 2004.<\/p>\n<p class=\"bibliographie\">NAYRAC Magaly. Identit\u00e9s migrantes et radiophonie locale. Le cas des \u00e9missions portugaises \u00e0 Toulouse, in Audebert C\u00e9dric et Emmanuel Ma Mung (eds.), <em>Les migrations internationales&#160;: enjeux contemporains et questions nouvelles<\/em>, HumanitariaNet, Universit\u00e9 de Deusto, Bilbao, 2007, pp. 163-174.<\/p>\n<div id=\"bibl_13\" class=\"formated_bibl_container\">\n<div class=\"open_bibl\"><\/div>\n<\/div>\n<p class=\"bibliographie\">NITTIS M\u00e9lanie. La transmission de la tradition \u00e0 Olympos (Karpathos, Gr\u00e8ce)&#160;: le r\u00f4le des associations de la diaspora et de la radio, <em>Cahiers balkaniques<\/em> [En ligne], 49 | 2023, mis en ligne le 06 mars 2023, consult\u00e9 le 29 d\u00e9cembre 2023. URL&#160;: <a href=\"http:\/\/journals.openedition.org\/ceb\/19648\">http:\/\/journals.openedition.org\/ceb\/19648<\/a>&#160;; DOI&#160;: <a href=\"https:\/\/doi.org\/10.4000\/ceb.19648\">https:\/\/doi.org\/10.4000\/ceb.19648<\/a>\u00a0 DOI&#160;: <a class=\"doi\" href=\"http:\/\/dx.doi.org\/10.4000\/ceb.19648\">10.4000\/ceb.19648<\/a><\/p>\n<p class=\"bibliographie\">VALSANGIACOMO Nelly. \u00ab&#160;Tant qu\u2019il y aura l\u2019immigr\u00e9, il y aura aussi votre \u00e9mission&#160;\u00bb. Le dialogue entre les immigr\u00e9s et l\u2019\u00e9mission radiophonique Per i lavoratori italiani in Svizzera au tournant des ann\u00e9es 1970, Skenderovic D., Gadient I. (sld), Migrationsgeschichte(n) der Schweiz im 20. Jahrhundert, <em>Revue Suisse d\u2019histoire<\/em>, 2015, pp. 83-99.<\/p>\n<\/div>\n<\/div>\n<\/div><\/div>\n<div class=\"zn-singledetail-attachedfiles\">\n<h3 class=\"zn-singledetail-section-title\">Fichier(s) attach\u00e9(s)<\/h3>\n<ul class=\"zn-singledetail-attachedfiles-list\">\n<li class=\"zn-singledetail-attachedfiles-item\">\n\t\t\t\t\t\t\t<a class=\"zn-singledetail-attachedfiles-link button outline for-download\" href=\"https:\/\/www.sfsic.org\/wp-inside\/uploads\/skp-membership\/demande_adh\/aac_radio-et-migrations-pour-radiomorphoses_2024.pdf\" title=\"T\u00e9l\u00e9charger : \u00ab aac_radio-et-migrations-pour-radiomorphoses_2024.pdf \u00bb\" target=\"_blank\" rel=\"noopener\"><br \/>\n\t\t\t\t\t\t\t\t<span class=\"button-txt\">AAC_Radio et migrations pour RadioMorphoses_2024<span class=\"button-txt-type\"> (pdf)<\/span><\/span><br \/>\n\t\t\t\t\t\t\t<\/a>\n\t\t\t\t\t\t<\/li>\n<\/ul><\/div>\n<div class=\"zn-singledetail-keywords\">\n<h3 class=\"zn-singledetail-section-title\">Mots-cl\u00e9s<\/h3>\n<ul class=\"termslist termslist-post_tag\">\n<li class=\"termslist-item termslist-title\"><span class=\"termslist-titletxt\">Mots-cl\u00e9s<\/span><span class=\"doubledot\"><\/span><\/li>\n<li class=\"termslist-item tax-post_tag term-migrations\"><a class=\"termslist-itemlink\" href=\"https:\/\/www.sfsic.org\/tag\/migrations\/\" title=\"Migrations\"><span class=\"termslist-itemname\">Migrations<\/span><\/a><\/li>\n<li class=\"termslist-item tax-post_tag term-radio\"><a class=\"termslist-itemlink\" href=\"https:\/\/www.sfsic.org\/tag\/radio\/\" title=\"Radio\"><span class=\"termslist-itemname\">Radio<\/span><\/a><\/li>\n<\/ul><\/div>\n<\/p><\/div>\n<\/p><\/div>\n<\/p><\/div>\n<\/p><\/div>\n<\/div>\n<p><!-- \/fxzn:singledetail --><\/p>\n","protected":false},"excerpt":{"rendered":"<p>Mis en ligne le 3 mars 2024 Th\u00e9matiques Images, cin\u00e9ma, m\u00e9dias audiovisuels et industries culturelles R\u00e9ponse attendue pour le 15\/03\/2024 Type de r\u00e9ponse R\u00e9sum\u00e9 Type de contribution attendue Article Nom [&hellip;]<\/p>\n","protected":false},"author":781,"featured_media":0,"comment_status":"closed","ping_status":"closed","sticky":false,"template":"","format":"standard","meta":{"_acf_changed":false,"footnotes":""},"categories":[28,60],"tags":[177,114],"thematique":[35],"sfsic":[],"class_list":["post-31320","post","type-post","status-publish","format-standard","hentry","category-aac-publication","category-article","tag-migrations","tag-radio","thematique-images-cinema-medias-audiovisuels-et-industries-culturelles","wp-sticky"],"acf":[],"yoast_head":"<!-- This site is optimized with the Yoast SEO plugin v27.4 - https:\/\/yoast.com\/product\/yoast-seo-wordpress\/ -->\n<title>Radio et migrations. Radio en migration (1960-aujourd\u2019hui)<\/title>\n<meta name=\"description\" content=\"La revue RadioMorphoses lance un appel \u00e0 articles pour un num\u00e9ro coordonn\u00e9 par Nelly Valsangiacomo et \u00c9tienne Damome sur la th\u00e9matique &quot;Radio et migrations. Radio en migration (1960-aujourd\u2019hui)&quot;.\" \/>\n<meta name=\"robots\" content=\"index, follow, max-snippet:-1, max-image-preview:large, max-video-preview:-1\" \/>\n<link rel=\"canonical\" href=\"https:\/\/www.sfsic.org\/en\/aac-publication\/radio-et-migrations-radio-en-migration-1960-aujourdhui\/\" \/>\n<meta property=\"og:locale\" content=\"en_US\" \/>\n<meta property=\"og:type\" content=\"article\" \/>\n<meta property=\"og:title\" content=\"Radio et migrations. Radio en migration (1960-aujourd\u2019hui)\" \/>\n<meta property=\"og:description\" content=\"La revue RadioMorphoses lance un appel \u00e0 articles pour un num\u00e9ro coordonn\u00e9 par Nelly Valsangiacomo et \u00c9tienne Damome sur la th\u00e9matique &quot;Radio et migrations. Radio en migration (1960-aujourd\u2019hui)&quot;.\" \/>\n<meta property=\"og:url\" content=\"https:\/\/www.sfsic.org\/en\/aac-publication\/radio-et-migrations-radio-en-migration-1960-aujourdhui\/\" \/>\n<meta property=\"og:site_name\" content=\"SFSIC\" \/>\n<meta property=\"article:published_time\" content=\"2024-03-03T15:38:48+00:00\" \/>\n<meta property=\"article:modified_time\" content=\"2024-03-03T15:38:50+00:00\" \/>\n<meta name=\"author\" content=\"Axelle Martin\" \/>\n<meta name=\"twitter:card\" content=\"summary_large_image\" \/>\n<script type=\"application\/ld+json\" class=\"yoast-schema-graph\">{\"@context\":\"https:\\\/\\\/schema.org\",\"@graph\":[{\"@type\":\"Article\",\"@id\":\"https:\\\/\\\/www.sfsic.org\\\/en\\\/aac-publication\\\/radio-et-migrations-radio-en-migration-1960-aujourdhui\\\/#article\",\"isPartOf\":{\"@id\":\"https:\\\/\\\/www.sfsic.org\\\/en\\\/aac-publication\\\/radio-et-migrations-radio-en-migration-1960-aujourdhui\\\/\"},\"author\":{\"name\":\"Axelle Martin\",\"@id\":\"https:\\\/\\\/www.sfsic.org\\\/en\\\/#\\\/schema\\\/person\\\/d3606993477708f4359fb9aeda58df3b\"},\"headline\":\"Radio et migrations. Radio en migration (1960-aujourd\u2019hui)\",\"datePublished\":\"2024-03-03T15:38:48+00:00\",\"dateModified\":\"2024-03-03T15:38:50+00:00\",\"mainEntityOfPage\":{\"@id\":\"https:\\\/\\\/www.sfsic.org\\\/en\\\/aac-publication\\\/radio-et-migrations-radio-en-migration-1960-aujourdhui\\\/\"},\"wordCount\":1483,\"publisher\":{\"@id\":\"https:\\\/\\\/www.sfsic.org\\\/en\\\/#organization\"},\"keywords\":[\"Migrations\",\"Radio\"],\"articleSection\":[\"AAC Publications\",\"Article\"],\"inLanguage\":\"en-US\"},{\"@type\":\"WebPage\",\"@id\":\"https:\\\/\\\/www.sfsic.org\\\/en\\\/aac-publication\\\/radio-et-migrations-radio-en-migration-1960-aujourdhui\\\/\",\"url\":\"https:\\\/\\\/www.sfsic.org\\\/en\\\/aac-publication\\\/radio-et-migrations-radio-en-migration-1960-aujourdhui\\\/\",\"name\":\"Radio et migrations. Radio en migration (1960-aujourd\u2019hui)\",\"isPartOf\":{\"@id\":\"https:\\\/\\\/www.sfsic.org\\\/en\\\/#website\"},\"datePublished\":\"2024-03-03T15:38:48+00:00\",\"dateModified\":\"2024-03-03T15:38:50+00:00\",\"description\":\"La revue RadioMorphoses lance un appel \u00e0 articles pour un num\u00e9ro coordonn\u00e9 par Nelly Valsangiacomo et \u00c9tienne Damome sur la th\u00e9matique \\\"Radio et migrations. Radio en migration (1960-aujourd\u2019hui)\\\".\",\"breadcrumb\":{\"@id\":\"https:\\\/\\\/www.sfsic.org\\\/en\\\/aac-publication\\\/radio-et-migrations-radio-en-migration-1960-aujourdhui\\\/#breadcrumb\"},\"inLanguage\":\"en-US\",\"potentialAction\":[{\"@type\":\"ReadAction\",\"target\":[\"https:\\\/\\\/www.sfsic.org\\\/en\\\/aac-publication\\\/radio-et-migrations-radio-en-migration-1960-aujourdhui\\\/\"]}]},{\"@type\":\"BreadcrumbList\",\"@id\":\"https:\\\/\\\/www.sfsic.org\\\/en\\\/aac-publication\\\/radio-et-migrations-radio-en-migration-1960-aujourdhui\\\/#breadcrumb\",\"itemListElement\":[{\"@type\":\"ListItem\",\"position\":1,\"name\":\"Accueil\",\"item\":\"https:\\\/\\\/www.sfsic.org\\\/en\\\/\"},{\"@type\":\"ListItem\",\"position\":2,\"name\":\"Calls for Papers\",\"item\":\"https:\\\/\\\/www.sfsic.org\\\/en\\\/cfp-publication\\\/\"},{\"@type\":\"ListItem\",\"position\":3,\"name\":\"Article\",\"item\":\"https:\\\/\\\/www.sfsic.org\\\/en\\\/cfp-publication\\\/article-en\\\/\"},{\"@type\":\"ListItem\",\"position\":4,\"name\":\"Radio et migrations. Radio en migration (1960-aujourd\u2019hui)\"}]},{\"@type\":\"WebSite\",\"@id\":\"https:\\\/\\\/www.sfsic.org\\\/en\\\/#website\",\"url\":\"https:\\\/\\\/www.sfsic.org\\\/en\\\/\",\"name\":\"SFSIC\",\"description\":\"Soci\u00e9t\u00e9 Fran\u00e7aise des Sciences de l&#039;Information &amp; de la Communication\",\"publisher\":{\"@id\":\"https:\\\/\\\/www.sfsic.org\\\/en\\\/#organization\"},\"potentialAction\":[{\"@type\":\"SearchAction\",\"target\":{\"@type\":\"EntryPoint\",\"urlTemplate\":\"https:\\\/\\\/www.sfsic.org\\\/en\\\/?s={search_term_string}\"},\"query-input\":{\"@type\":\"PropertyValueSpecification\",\"valueRequired\":true,\"valueName\":\"search_term_string\"}}],\"inLanguage\":\"en-US\"},{\"@type\":\"Organization\",\"@id\":\"https:\\\/\\\/www.sfsic.org\\\/en\\\/#organization\",\"name\":\"SFSIC\",\"url\":\"https:\\\/\\\/www.sfsic.org\\\/en\\\/\",\"logo\":{\"@type\":\"ImageObject\",\"inLanguage\":\"en-US\",\"@id\":\"https:\\\/\\\/www.sfsic.org\\\/en\\\/#\\\/schema\\\/logo\\\/image\\\/\",\"url\":\"https:\\\/\\\/www.sfsic.org\\\/wp-inside\\\/uploads\\\/2020\\\/05\\\/logo-sfsic.jpg\",\"contentUrl\":\"https:\\\/\\\/www.sfsic.org\\\/wp-inside\\\/uploads\\\/2020\\\/05\\\/logo-sfsic.jpg\",\"width\":1085,\"height\":1080,\"caption\":\"SFSIC\"},\"image\":{\"@id\":\"https:\\\/\\\/www.sfsic.org\\\/en\\\/#\\\/schema\\\/logo\\\/image\\\/\"}},{\"@type\":\"Person\",\"@id\":\"https:\\\/\\\/www.sfsic.org\\\/en\\\/#\\\/schema\\\/person\\\/d3606993477708f4359fb9aeda58df3b\",\"name\":\"Axelle Martin\",\"image\":{\"@type\":\"ImageObject\",\"inLanguage\":\"en-US\",\"@id\":\"https:\\\/\\\/secure.gravatar.com\\\/avatar\\\/1065035eb5e480668fbf77e163c2e86f81ac342eaad4c8783acdf4a63f3c917b?s=96&d=mm&r=g\",\"url\":\"https:\\\/\\\/secure.gravatar.com\\\/avatar\\\/1065035eb5e480668fbf77e163c2e86f81ac342eaad4c8783acdf4a63f3c917b?s=96&d=mm&r=g\",\"contentUrl\":\"https:\\\/\\\/secure.gravatar.com\\\/avatar\\\/1065035eb5e480668fbf77e163c2e86f81ac342eaad4c8783acdf4a63f3c917b?s=96&d=mm&r=g\",\"caption\":\"Axelle Martin\"},\"sameAs\":[\"@antropocominside\"]}]}<\/script>\n<!-- \/ Yoast SEO plugin. -->","yoast_head_json":{"title":"Radio et migrations. Radio en migration (1960-aujourd\u2019hui)","description":"La revue RadioMorphoses lance un appel \u00e0 articles pour un num\u00e9ro coordonn\u00e9 par Nelly Valsangiacomo et \u00c9tienne Damome sur la th\u00e9matique \"Radio et migrations. Radio en migration (1960-aujourd\u2019hui)\".","robots":{"index":"index","follow":"follow","max-snippet":"max-snippet:-1","max-image-preview":"max-image-preview:large","max-video-preview":"max-video-preview:-1"},"canonical":"https:\/\/www.sfsic.org\/en\/aac-publication\/radio-et-migrations-radio-en-migration-1960-aujourdhui\/","og_locale":"en_US","og_type":"article","og_title":"Radio et migrations. Radio en migration (1960-aujourd\u2019hui)","og_description":"La revue RadioMorphoses lance un appel \u00e0 articles pour un num\u00e9ro coordonn\u00e9 par Nelly Valsangiacomo et \u00c9tienne Damome sur la th\u00e9matique \"Radio et migrations. Radio en migration (1960-aujourd\u2019hui)\".","og_url":"https:\/\/www.sfsic.org\/en\/aac-publication\/radio-et-migrations-radio-en-migration-1960-aujourdhui\/","og_site_name":"SFSIC","article_published_time":"2024-03-03T15:38:48+00:00","article_modified_time":"2024-03-03T15:38:50+00:00","author":"Axelle Martin","twitter_card":"summary_large_image","schema":{"@context":"https:\/\/schema.org","@graph":[{"@type":"Article","@id":"https:\/\/www.sfsic.org\/en\/aac-publication\/radio-et-migrations-radio-en-migration-1960-aujourdhui\/#article","isPartOf":{"@id":"https:\/\/www.sfsic.org\/en\/aac-publication\/radio-et-migrations-radio-en-migration-1960-aujourdhui\/"},"author":{"name":"Axelle Martin","@id":"https:\/\/www.sfsic.org\/en\/#\/schema\/person\/d3606993477708f4359fb9aeda58df3b"},"headline":"Radio et migrations. Radio en migration (1960-aujourd\u2019hui)","datePublished":"2024-03-03T15:38:48+00:00","dateModified":"2024-03-03T15:38:50+00:00","mainEntityOfPage":{"@id":"https:\/\/www.sfsic.org\/en\/aac-publication\/radio-et-migrations-radio-en-migration-1960-aujourdhui\/"},"wordCount":1483,"publisher":{"@id":"https:\/\/www.sfsic.org\/en\/#organization"},"keywords":["Migrations","Radio"],"articleSection":["AAC Publications","Article"],"inLanguage":"en-US"},{"@type":"WebPage","@id":"https:\/\/www.sfsic.org\/en\/aac-publication\/radio-et-migrations-radio-en-migration-1960-aujourdhui\/","url":"https:\/\/www.sfsic.org\/en\/aac-publication\/radio-et-migrations-radio-en-migration-1960-aujourdhui\/","name":"Radio et migrations. Radio en migration (1960-aujourd\u2019hui)","isPartOf":{"@id":"https:\/\/www.sfsic.org\/en\/#website"},"datePublished":"2024-03-03T15:38:48+00:00","dateModified":"2024-03-03T15:38:50+00:00","description":"La revue RadioMorphoses lance un appel \u00e0 articles pour un num\u00e9ro coordonn\u00e9 par Nelly Valsangiacomo et \u00c9tienne Damome sur la th\u00e9matique \"Radio et migrations. Radio en migration (1960-aujourd\u2019hui)\".","breadcrumb":{"@id":"https:\/\/www.sfsic.org\/en\/aac-publication\/radio-et-migrations-radio-en-migration-1960-aujourdhui\/#breadcrumb"},"inLanguage":"en-US","potentialAction":[{"@type":"ReadAction","target":["https:\/\/www.sfsic.org\/en\/aac-publication\/radio-et-migrations-radio-en-migration-1960-aujourdhui\/"]}]},{"@type":"BreadcrumbList","@id":"https:\/\/www.sfsic.org\/en\/aac-publication\/radio-et-migrations-radio-en-migration-1960-aujourdhui\/#breadcrumb","itemListElement":[{"@type":"ListItem","position":1,"name":"Accueil","item":"https:\/\/www.sfsic.org\/en\/"},{"@type":"ListItem","position":2,"name":"Calls for Papers","item":"https:\/\/www.sfsic.org\/en\/cfp-publication\/"},{"@type":"ListItem","position":3,"name":"Article","item":"https:\/\/www.sfsic.org\/en\/cfp-publication\/article-en\/"},{"@type":"ListItem","position":4,"name":"Radio et migrations. Radio en migration (1960-aujourd\u2019hui)"}]},{"@type":"WebSite","@id":"https:\/\/www.sfsic.org\/en\/#website","url":"https:\/\/www.sfsic.org\/en\/","name":"SFSIC","description":"Soci\u00e9t\u00e9 Fran\u00e7aise des Sciences de l&#039;Information &amp; de la Communication","publisher":{"@id":"https:\/\/www.sfsic.org\/en\/#organization"},"potentialAction":[{"@type":"SearchAction","target":{"@type":"EntryPoint","urlTemplate":"https:\/\/www.sfsic.org\/en\/?s={search_term_string}"},"query-input":{"@type":"PropertyValueSpecification","valueRequired":true,"valueName":"search_term_string"}}],"inLanguage":"en-US"},{"@type":"Organization","@id":"https:\/\/www.sfsic.org\/en\/#organization","name":"SFSIC","url":"https:\/\/www.sfsic.org\/en\/","logo":{"@type":"ImageObject","inLanguage":"en-US","@id":"https:\/\/www.sfsic.org\/en\/#\/schema\/logo\/image\/","url":"https:\/\/www.sfsic.org\/wp-inside\/uploads\/2020\/05\/logo-sfsic.jpg","contentUrl":"https:\/\/www.sfsic.org\/wp-inside\/uploads\/2020\/05\/logo-sfsic.jpg","width":1085,"height":1080,"caption":"SFSIC"},"image":{"@id":"https:\/\/www.sfsic.org\/en\/#\/schema\/logo\/image\/"}},{"@type":"Person","@id":"https:\/\/www.sfsic.org\/en\/#\/schema\/person\/d3606993477708f4359fb9aeda58df3b","name":"Axelle Martin","image":{"@type":"ImageObject","inLanguage":"en-US","@id":"https:\/\/secure.gravatar.com\/avatar\/1065035eb5e480668fbf77e163c2e86f81ac342eaad4c8783acdf4a63f3c917b?s=96&d=mm&r=g","url":"https:\/\/secure.gravatar.com\/avatar\/1065035eb5e480668fbf77e163c2e86f81ac342eaad4c8783acdf4a63f3c917b?s=96&d=mm&r=g","contentUrl":"https:\/\/secure.gravatar.com\/avatar\/1065035eb5e480668fbf77e163c2e86f81ac342eaad4c8783acdf4a63f3c917b?s=96&d=mm&r=g","caption":"Axelle Martin"},"sameAs":["@antropocominside"]}]}},"_links":{"self":[{"href":"https:\/\/www.sfsic.org\/en\/wp-json\/wp\/v2\/posts\/31320","targetHints":{"allow":["GET"]}}],"collection":[{"href":"https:\/\/www.sfsic.org\/en\/wp-json\/wp\/v2\/posts"}],"about":[{"href":"https:\/\/www.sfsic.org\/en\/wp-json\/wp\/v2\/types\/post"}],"author":[{"embeddable":true,"href":"https:\/\/www.sfsic.org\/en\/wp-json\/wp\/v2\/users\/781"}],"replies":[{"embeddable":true,"href":"https:\/\/www.sfsic.org\/en\/wp-json\/wp\/v2\/comments?post=31320"}],"version-history":[{"count":2,"href":"https:\/\/www.sfsic.org\/en\/wp-json\/wp\/v2\/posts\/31320\/revisions"}],"predecessor-version":[{"id":31324,"href":"https:\/\/www.sfsic.org\/en\/wp-json\/wp\/v2\/posts\/31320\/revisions\/31324"}],"wp:attachment":[{"href":"https:\/\/www.sfsic.org\/en\/wp-json\/wp\/v2\/media?parent=31320"}],"wp:term":[{"taxonomy":"category","embeddable":true,"href":"https:\/\/www.sfsic.org\/en\/wp-json\/wp\/v2\/categories?post=31320"},{"taxonomy":"post_tag","embeddable":true,"href":"https:\/\/www.sfsic.org\/en\/wp-json\/wp\/v2\/tags?post=31320"},{"taxonomy":"thematique","embeddable":true,"href":"https:\/\/www.sfsic.org\/en\/wp-json\/wp\/v2\/thematique?post=31320"},{"taxonomy":"sfsic","embeddable":true,"href":"https:\/\/www.sfsic.org\/en\/wp-json\/wp\/v2\/sfsic?post=31320"}],"curies":[{"name":"wp","href":"https:\/\/api.w.org\/{rel}","templated":true}]}}