{"id":31251,"date":"2024-03-04T10:08:25","date_gmt":"2024-03-04T09:08:25","guid":{"rendered":"https:\/\/www.sfsic.org\/?p=31251"},"modified":"2024-03-03T08:08:44","modified_gmt":"2024-03-03T07:08:44","slug":"traces-et-ecritures-a-et-pour-lecole","status":"publish","type":"post","link":"https:\/\/www.sfsic.org\/en\/aac-evenement\/traces-et-ecritures-a-et-pour-lecole\/","title":{"rendered":"Traces et \u00e9critures \u00e0 et pour l\u2019\u00e9cole"},"content":{"rendered":"<p><!-- fxzn:singledetail --><\/p>\n<div class=\"zone zn-singledetail\" id=\"fxzn-singledetail-1\">\n<div class=\"zone-block zn-singledetail-block alignwide va-top\">\n<div class=\"row\">\n<div class=\"columns large-8 large-push-4\">\n<div class=\"zn-singledetail-metabox\">\n<div class=\"zn-singledetail-pubdate pubdate\">\n\t\t\t\t\t<span class=\"pubdate-txt\">Mis en ligne le<\/span><span class=\"doubledot\"><\/span> 3 mars 2024\t\t\t\t<\/div>\n<div class=\"zn-singledetail-thematiques with-sep-comma\">\n<ul class=\"termslist termslist-thematique\">\n<li class=\"termslist-item termslist-title\"><span class=\"termslist-titletxt\">Th\u00e9matiques<\/span><span class=\"doubledot\"><\/span><\/li>\n<li class=\"termslist-item tax-thematique term-information-documents-et-ecritures\"><a class=\"termslist-itemlink\" href=\"https:\/\/www.sfsic.org\/en\/thematiques\/information-documents-and-records\/\" title=\"Information, documents et \u00e9critures\"><span class=\"termslist-itemname\">Information, documents et \u00e9critures<\/span><\/a><\/li>\n<li class=\"termslist-item tax-thematique term-mediation-des-savoirs-education-et-formation\"><a class=\"termslist-itemlink\" href=\"https:\/\/www.sfsic.org\/en\/thematiques\/knowledge-mediation-education-and-training\/\" title=\"M\u00e9diation des savoirs, \u00e9ducation et formation\"><span class=\"termslist-itemname\">M\u00e9diation des savoirs, \u00e9ducation et formation<\/span><\/a><\/li>\n<\/ul><\/div>\n<\/p><\/div>\n<\/p><\/div>\n<\/p><\/div>\n<div class=\"row\">\n<div class=\"columns large-4\">\n<div class=\"zn-singledetail-sidebar bg-cornersquares\">\n<div class=\"zn-singledetail-infos\">\n<p class=\"zn-singledetail-reponse-date\">\n\t\t\t\t\t\t<span>R\u00e9ponse attendue pour le<\/span><span class=\"doubledot\"><\/span> <strong>30\/03\/2024<\/strong>\n\t\t\t\t\t<\/p>\n<p class=\"zn-singledetail-reponse-type\">\n\t\t\t\t\t<span>Type de r\u00e9ponse<\/span><span class=\"doubledot\"><\/span> <strong>R\u00e9sum\u00e9<\/strong>\n\t\t\t\t\t<\/p>\n<p class=\"zn-singledetail-type\">\n\t\t\t\t\t\t\t<span>Type d\u2019\u00e9v\u00e9nement<\/span><span class=\"doubledot\"><\/span> <strong>Colloque<\/strong>\n\t\t\t\t\t<\/p>\n<\/p><\/div>\n<div class=\"zn-singledetail-coordinators\">\n<h3 class=\"zn-singledetail-section-title\">Coordinateurs<\/h3>\n<ul class=\"zn-singledetail-coordinators-list\">\n<li class=\"zn-singledetail-coordinators-item\">\n\t\t\t\t\t\t\t<span>Aurore <\/span> <span>Promonet<\/span>, <span>Universit\u00e9 de Lorraine, Centre de recherche sur les m\u00e9diations <\/span>\t\t\t\t\t\t\t\t\t\t\t\t\t\t, <a class=\"zn-singledetail-coordinators-mail prettylink\" href=\"mailto:aurore.promonet-therese@univ-lorraine.fr\">aurore.promonet-therese@univ-lorraine.fr<\/a>\n\t\t\t\t\t\t\t\t\t\t\t\t\t<\/li>\n<li class=\"zn-singledetail-coordinators-item\">\n\t\t\t\t\t\t\t<span>Kathy <\/span> <span>Similowski <\/span>, <span>universit\u00e9 de CY Cergy Paris Universit\u00e9, laboratoire EMA (Ecole, mutations, Apprentissages)<\/span>\t\t\t\t\t\t\t\t\t\t\t\t\t\t, <a class=\"zn-singledetail-coordinators-mail prettylink\" href=\"mailto:kathy.similowski@cyu.fr\">kathy.similowski@cyu.fr<\/a>\n\t\t\t\t\t\t\t\t\t\t\t\t\t<\/li>\n<\/ul><\/div>\n<\/p><\/div>\n<\/p><\/div>\n<div class=\"columns large-8\">\n<div class=\"zn-singledetail-contentbox\">\n<div class=\"zn-singledetail-eventinfo\">\n<div class=\"zn-singledetail-eventinfo-inner\">\n<div class=\"zn-singledetail-eventdates\">\n\t\t\t\t\t\t<span class=\"zn-singledetail-label\">Dates de l\u2019\u00e9v\u00e9nement<span class=\"doubledot\"><\/span><\/span><\/p>\n<ul class=\"zn-singledetail-eventdates-list\">\n<li class=\"zn-singledetail-eventdates-item\">\n\t\t\t\t\t\t\t\tDu 02\/10\/2024 au 03\/10\/2024\t\t\t\t\t\t\t<\/li>\n<\/ul><\/div>\n<p class=\"zn-singledetail-eventplace\">\n\t\t\t\t\t\t<span class=\"zn-singledetail-label\">Lieu de l\u2019\u00e9v\u00e9nement<span class=\"doubledot\"><\/span><\/span><br \/>\n\t\t\t\t\t\t<span class=\"zn-singledetail-eventplace-adr\"><\/p>\n<p>\t\t\t\t\t\t\t\t\t\t\t\t<span class=\"adr-place\">Insp\u00e9 de Nancy-Max\u00e9ville<\/span>,<\/p>\n<p>\t\t\t\t\t\t<\/span>\t\t\t\t\t<\/p>\n<\/p><\/div>\n<\/p><\/div>\n<div class=\"zn-singledetail-annonce wig-content\">\n<p>Le terme de trace est d\u2019un usage courant aussi bien en milieu scolaire qu\u2019en formation. Cependant cette notion est rarement interrog\u00e9e bien qu\u2019investie par plusieurs disciplines scientifiques qui nourrissent notamment la r\u00e9flexion et les pratiques en \u00e9ducation et en formation. L\u2019historien Carlo Ginzburg place le concept de trace au c\u0153ur de ce qu\u2019il nomme paradigme indiciaire, lequel s\u2019est d\u00e9velopp\u00e9 au croisement d\u2019une \u00ab&#160;constellation de disciplines bas\u00e9es sur le d\u00e9chiffrement des signes en tous genres, allant des sympt\u00f4mes aux \u00e9critures&#160;\u00bb (2010, p. 247). Il montre que ce paradigme est employ\u00e9 dans les contextes vari\u00e9s de la cyn\u00e9g\u00e9tique, de la divination ou de la s\u00e9miotique et il le consid\u00e8re comme un mod\u00e8le \u00e9pist\u00e9mologique pour les sciences humaines. Il d\u00e9signe \u00e0 ce propos des disciplines aussi h\u00e9t\u00e9rog\u00e8nes que le droit, la m\u00e9decine, l\u2019historiographie, la pal\u00e9ographie, la pal\u00e9ontologie, la graphologie, la philologie, la linguistique, les sciences naturelles.<\/p>\n<p>Chez d\u2019autres auteurs, la trace rel\u00e8ve des vestiges (Bloch, 1974&#160;; Veyne, 1979&#160;; Ricoeur, 2000), se constitue en documents et peut s\u2019organiser et s\u2019instituer en archives (Charaudeau et Maingueneau, 2002). Dans le domaine de l\u2019information et de la communication, \u00e0 l\u2019heure du d\u00e9veloppement des humanit\u00e9s num\u00e9riques qu\u2019il s\u2019agit de comprendre et de maitriser, des publications mobilisent la notion pour en cerner les contours (Serres, 2002 et 2013&#160;; Galinon-M\u00e9l\u00e9nec, dir. 2011, 2015 et Jeanneret 2019).<\/p>\n<p>Divers domaines de recherche ont construit des m\u00e9thodologies d\u2019analyse \u00e0 partir de la trace (\u00e9crite ou vid\u00e9oscopique)&#160;: la critique g\u00e9n\u00e9tique (Hay, 1989&#160;; Lebrave, 1983&#160;; Gr\u00e9sillon, 1994) et la g\u00e9n\u00e9tique textuelle (Fabre, 1991, Fabre-Cols, 2000&#160;; Doquet 2011)&#160;; le champ de l\u2019analyse de l\u2019activit\u00e9 professionnelle (Clot et Fa\u00efta, 2000&#160;; Pastr\u00e9, Mayen, Vergnaud, 2006&#160;; Flandin, Aubry, Ria, 2016&#160;; Philippot, 2016&#160;; Theureau, 2010).<\/p>\n<p>Au sein de la discipline du fran\u00e7ais, des chercheurs en langue et litt\u00e9rature, en sciences de l\u2019\u00e9ducation et en sciences du langage s\u2019int\u00e9ressent aux traces de l\u2019activit\u00e9 d\u2019enseignement-apprentissage pour comprendre et accompagner les pratiques en classe (Rouxel, 2006&#160;; Pottier, 2006&#160;; Promonet, 2016, 2019&#160;; Delbo\u00e9, 2018&#160;; Kervyn, 2021) et en formation (Mottier Lopez et Vanhulle, 2008&#160;; Hubert, 2012&#160;; Bo\u00e9chat-Heer et Ronveaux, 2019).<\/p>\n<p>L\u2019objectif premier de ce colloque est d\u2019interroger la trace comme \u00e9l\u00e9ment constitutif de l\u2019\u00e9criture en milieu scolaire, \u00e9l\u00e9ment dynamique de l\u2019enseignement-apprentissage incluant le processus r\u00e9dactionnel dans toutes les disciplines, y compris dans une approche diachronique (Bishop, 2010&#160;; Chartier 2022). Les communications propos\u00e9es peuvent tenter de fournir des \u00e9l\u00e9ments de r\u00e9ponses \u00e0 l\u2019une ou plusieurs des interrogations suivantes.<\/p>\n<p>&nbsp;<\/p>\n<ul>\n<li>De quoi l\u2019\u00e9criture scolaire est-elle la trace&#160;? Trace d\u2019un travail (Fenoglio, 2007), elle donne \u00e0 percevoir le travail de l\u2019enseignant (Pilorg\u00e9, 2010&#160;; Bor\u00e9 et Bosredon, 2018&#160;; Durand-Raucher, 2021) et celui de l\u2019\u00e9l\u00e8ve (Bor\u00e9, 2000&#160;; Similowski, Pellan et Plane, 2018&#160;; \u00e9quipe de recherche L\u00e9A TEC<sup>1<\/sup>, 2022). Trace d\u2019enseignement-apprentissage, elle prend la forme d\u2019un \u00e9crit (provisoire ou stabilis\u00e9, interm\u00e9diaire ou final, singulier ou commun, individuel ou collectif)&#160;; elle peut montrer le texte en cours d\u2019\u00e9laboration (Chabanne et Bucheton, 2000&#160;; Plane, 2010<strong>, <\/strong>Kervyn et Faux, 2014<strong>&#160;; <\/strong>David, 2003).<\/li>\n<li>Comment la trace, produit inerte a priori, peut-elle \u00eatre utilis\u00e9e dans sa dimension dynamique comme constitutive du processus d\u2019enseignement-apprentissage&#160;?<\/li>\n<li>Quelle cat\u00e9gorisation peut-on proposer pour stabiliser une d\u00e9finition de la notion de trace \u00e9crite en milieu scolaire&#160;? Quels sont les supports de la trace et quels effets ont-ils sur son fonctionnement&#160;?<\/li>\n<li>Comment le sens donn\u00e9 jusque-l\u00e0 \u00e0 la notion de trace \u00e9crite scolaire \u00e9volue-t-il avec le d\u00e9veloppement des technologies de l\u2019\u00e9criture (outils num\u00e9riques et intelligence artificielle)&#160;?<\/li>\n<\/ul>\n<p><strong>Note&#160;:<\/strong><br \/>\n[1]- L\u00e9A Traces \u00e9crites \u00e9cole-coll\u00e8ge (TEC)&#160;: \u00e9quipe de recherche collaborative rattach\u00e9e au r\u00e9seau des Lieux d\u2019\u00e9ducation associ\u00e9s (L\u00e9A) \u00e0 l\u2019Institut fran\u00e7ais de l\u2019\u00c9ducation (If\u00e9), au sein de l\u2019\u00c9cole normale sup\u00e9rieure de Lyon.<\/p>\n<p>Ce colloque se donne pour second objectif de rapprocher les mondes professionnels qui s\u2019int\u00e9ressent \u00e0 la notion de trace \u00e9crite afin de mettre leurs cadres interpr\u00e9tatifs au service et \u00e0 l\u2019\u00e9preuve de la classe, mais aussi de la formation et de la recherche sur l\u2019enseignement-apprentissage.<\/p>\n<p>Ces questions de recherche sur la trace seront d\u00e9clin\u00e9es en deux grands axes, le premier correspond au milieu et au travail scolaires et le second \u00e0 la trace comme objet de formation et de recherche.<\/p>\n<h2>Axe 1 &#8211; L\u2019\u00e9criture obligatoire et les traces du travail scolaire. Entre prescriptions institutionnelles et pratiques observables.<\/h2>\n<p>Cette \u00e9criture sera questionn\u00e9e selon les deux versants de l\u2019enseignement et de l\u2019apprentissage&#160;: en quoi constitue-t-elle un point d\u2019appui pour faire apprendre et pour apprendre&#160;? L\u2019id\u00e9e est de questionner les r\u00f4les des \u00e9l\u00e8ves et du corps enseignant dans cette \u00e9criture scolaire.<\/p>\n<p>Les contributeurs pourront aborder la notion de traces d\u2019enseignement, dans les diff\u00e9rentes disciplines, depuis la phase pr\u00e9paratoire jusqu\u2019aux annotations port\u00e9es dans les copies d\u2019\u00e9l\u00e8ves, en passant par des \u00e9crits provisoires tels que les inscriptions au tableau, par exemple.<\/p>\n<p>De m\u00eame, les traces d\u2019apprentissages pourront \u00eatre prises comme objets d\u2019\u00e9tude. Par exemple l\u2019\u00e9tude des productions r\u00e9dactionnelles dans une approche contrastive entre diff\u00e9rentes disciplines scolaires. Cette \u00e9criture de l\u2019apprentissage (brouillons, annotations d\u2019\u00e9l\u00e8ves, reformulations, \u00e9crits interm\u00e9diaires, \u00e9crits transitoires) pourra \u00eatre aussi observ\u00e9e dans une perspective chronologique et\/ou g\u00e9n\u00e9tique donnant \u00e0 voir les processus en jeu.<\/p>\n<h2>Axe 2 &#8211; L\u2019\u00e9criture et la trace&#160;: objet de formation et de recherche<\/h2>\n<p>Comment les diff\u00e9rents champs scientifiques peuvent-ils contribuer \u00e0 une d\u00e9finition didactique de la trace scolaire et \u00e0 la r\u00e9flexion sur une exploitation strat\u00e9gique et dynamique de la trace pour la classe&#160;?<\/p>\n<p>La trace peut \u00eatre un levier pour \u00e9tudier le parcours de formation des \u00e9tudiants (le portfolio) et leur professionnalisation (\u00e9crits certificatifs de type m\u00e9moire et analyse de pratiques).<\/p>\n<p>Elle peut \u00eatre un objet de formation pour sensibiliser les enseignants, d\u00e9butants comme chevronn\u00e9s, \u00e0 l\u2019\u00e9criture scolaire consid\u00e9r\u00e9e d\u2019une part comme \u00e9criture d\u2019apprentissage (\u00e9criture t\u00e2tonn\u00e9e, \u00e9criture dite invent\u00e9e, consignations d\u2019hypoth\u00e8ses et \u00e9crits transitoires en sciences ou en r\u00e9solution de probl\u00e8mes math\u00e9matiques\u2026), d\u2019autre part comme apprentissage de l\u2019\u00e9criture (ateliers d\u2019\u00e9criture, approche didactique du brouillon scolaire\u2026).<\/p>\n<p>Les communications attendues pourront \u00eatre pr\u00e9sent\u00e9es par des enseignants-chercheurs, des formateurs et des enseignants impliqu\u00e9s dans des recherches collaboratives. Ce colloque s\u2019adresse, en effet, \u00e0 des destinataires multiples des milieux \u00e9tudiants, de formation, d\u2019enseignement, de pilotage institutionnel et de recherche.<\/p>\n<p>Une publication sera, par la suite, propos\u00e9e aux auteurs.<\/p>\n<h2>R\u00e9f\u00e9rences bibliographiques<\/h2>\n<ul>\n<li>Bishop, M.-F. (2010). \u201c<em>Racontez vos vacances\u2026\u201d Histoire des \u00e9critures de soi \u00e0 l\u2019\u00e9cole primaire (1882-2002). <\/em>Grenoble&#160;: Presses universitaires de Grenoble.<\/li>\n<li>Bo\u00e9chat-Heer, S., et Ronveaux, C. (2019). <em>La trace dans les recherches sur la formation et l\u2019enseignement <\/em>(N<em>o <\/em>3). Conseil acad\u00e9mique des Hautes \u00e9coles romandes en charge de la formation des enseignants (CAHR).<\/li>\n<li>Bor\u00e9, C. (2000). Le brouillon, introuvable objet d&rsquo;\u00e9tude&#160;? <em>Pratiques <\/em>105-106. 23-49. <a href=\"https:\/\/doi.org\/10.3406\/prati.2000.2401\">https:\/\/doi.org\/10.3406\/prati.2000.2401<\/a><\/li>\n<\/ul>\n<ul>\n<li>Bor\u00e9, C. et Bosredon, C. (2018). Discours enseignant dans des \u00e9crits d\u2019\u00e9l\u00e8ves d\u2019\u00e9cole \u00e9l\u00e9mentaire&#160;: enqu\u00eate sur le r\u00f4le des annotations. <em>Le fran\u00e7ais aujourd&rsquo;hui<\/em>, 203, 99-112. <a href=\"https:\/\/doi.org\/10.3917\/lfa.203.0099\">https:\/\/doi.org\/10.3917\/lfa.203.0099<\/a><\/li>\n<li>Chabanne, J.-C. et Bucheton, D. (2000). Les \u00e9crits \u201dinterm\u00e9diaires\u201d. <em>La Lettre de la DFLM<\/em>. 1 (26), 23-27.<\/li>\n<li>Chartier, -M. (2022). <em>L\u2019\u00e9cole et l\u2019\u00e9criture obligatoire<\/em>. Retz.<\/li>\n<li>Clot, et Fa\u00efta, D. (2000). Genres et styles en analyse du travail. Concepts et m\u00e9thodes. <em>Travailler<\/em>, 4, 7-42<\/li>\n<li>David, (2003). Les proc\u00e9dures orthographiques dans les productions \u00e9crites des jeunes enfants. <em>Revue des sciences de l\u2019\u00e9ducation<\/em>, <em>29<\/em>(1), 137\u2011158. <a href=\"https:\/\/doi.org\/10.7202\/009495ar\">https:\/\/doi.org\/10.7202\/009495a<\/a><\/li>\n<li>Delbo\u00e9, 2018 Th\u00e8se&#160;: <em>Usage commun de la trace \u00e0 l\u2019\u00e9cole primaire et exp\u00e9riences <\/em><em>singuli\u00e8res<\/em>. Universit\u00e9 Paul Val\u00e9ry, Montpellier<\/li>\n<\/ul>\n<ul>\n<li>Doquet, (2011). <em>L\u2019\u00c9criture d\u00e9butante \u2013 Pratiques scripturales \u00e0 l\u2019\u00e9cole \u00e9l\u00e9mentaire. <\/em>Presses universitaires de Rennes.<\/li>\n<\/ul>\n<ul>\n<li>Durand-Raucher, F. (2021). La correction audio des copies. <em>Les Cahiers p\u00e9dagogiques<\/em>. <a href=\"https:\/\/www.cahiers-pedagogiques.com\/la-correction-audio-des-copies\/\">https:\/\/www.cahiers-pedagogiques.com\/la-correction-audio-des-copies\/<\/a><\/li>\n<li>\u00c9quipe de recherche L\u00e9A (2022). C\u2019est la trace de qui&#160;? Les Cahiers p\u00e9dagogiques. 577. <a href=\"https:\/\/librairie.cahiers-pedagogiques.com\/fr\/index.php?controller=attachment&amp;id_attachment=125\">https:\/\/librairie.cahiers-pedagogiques.com\/fr\/index.php?controller=attachment&amp;id_attach<\/a> <a href=\"https:\/\/librairie.cahiers-pedagogiques.com\/fr\/index.php?controller=attachment&amp;id_attachment=125\">ment=125<\/a><\/li>\n<li>Fabre, (1991). La linguistique g\u00e9n\u00e9tique&#160;: une autre entr\u00e9e dans la production d\u2019\u00e9crits, <em>Rep\u00e8res<\/em>, 4, 49-54<\/li>\n<li>Fabre-Cols, (2000). <em>Apprendre \u00e0 lire des textes d\u2019enfants<\/em>. De Boeck\/Duculot.<\/li>\n<li>Fenoglio, (2007\/3). Du texte avant le texte. Formes g\u00e9n\u00e9tiques et marques \u00e9nonciatives de pr\u00e9-visions textualisantes. <em>Fran\u00e7ais aujourd\u2019hui n\u00b0 155, <\/em>8-34.<\/li>\n<li>Flandin, S., Ria, L., et Picard, P. (2015). <em>Aider les formateurs \u00e0 analyser et faire analyser le travail&#160;: Un programme de recherche-conception en vid\u00e9oformation des enseignants<\/em>. <a href=\"https:\/\/doi.org\/10.13140\/RG.2.1.1597.2085\">https:\/\/doi.org\/10.13140\/RG.2.1.1597.2085<\/a><\/li>\n<li>Galinon-M\u00e9l\u00e9nec, \u00a0 (2011).\u00a0 D\u00e9clinaisons\u00a0 du\u00a0 paradigme\u00a0 de\u00a0 la\u00a0 trace.\u00a0 22. Dans GALINON-MELENEC B\u00e9atrice (dir.), <em>L&rsquo;Homme trace, Perspectives anthropologiques des traces humaines contemporaines<\/em>, Paris, CNRS \u00e9ditions, s\u00e9rie L\u2019Homme-trace tome 1, 2011, 409 pages.<\/li>\n<li>Ginzburg, (2010). <em>Mythes embl\u00e8mes traces<\/em>. Verdier.<\/li>\n<li>Gr\u00e9sillon, (1994). <em>\u00c9l\u00e9ments de critique g\u00e9n\u00e9tique&#160;: lire les manuscrits modernes<\/em>. PUF.<\/li>\n<li>Hay, (1989). <em>La Naissance du texte. <\/em>Jos\u00e9 Corti.<\/li>\n<li>Hubert, (2012). <em>Faire parler ses cahiers d\u2019\u00e9colier. <\/em>L\u2019Harmattan.<\/li>\n<li>Jeanneret, (2019). <em>La Fabrique de la Trace<\/em>. ISTE \u00c9ditions Ltd. (Info Com)<\/li>\n<li>Kervyn, (2021). \u00ab&#160;La pr\u00e9paration de l\u2019\u00e9criture&#160;: vers un concept didactique \u00e0 forte pertinence&#160;\u00bb. <em>Pratiques <\/em>[En ligne], 189-190. URL&#160;:\u00a0<a href=\"http:\/\/journals.openedition.org\/pratiques\/10259\">http:\/\/journals.openedition.org\/pratiques\/10259<\/a> \u00a0&#160;; DOI&#160;: <a href=\"https:\/\/doi.org\/10.4000\/pratiques.10259\">https:\/\/doi.org\/10.4000\/pratiques.10259<\/a><\/li>\n<\/ul>\n<ul>\n<li>Kervyn, B. et Faux, J. (2014). Avant-texte, planification, r\u00e9vision, brouillon, r\u00e9\u00e9criture&#160;: Quel espace didactique notionnel pour l\u2019entr\u00e9e en \u00e9criture&#160;? <em>Pratiques<\/em>, <em>161<\/em>\u2011<em>162<\/em>. <a href=\"https:\/\/doi.org\/10.4000\/pratiques.2172\">https:\/\/doi.org\/10.4000\/pratiques.2172<\/a><\/li>\n<li>Lebrave J-L. (1983). Lecture et analyse des brouillons. <em>Langages<\/em>, 69, 11-23. <a href=\"https:\/\/doi.org\/10.3406\/lgge.1983.1139\">https:\/\/doi.org\/10.3406\/lgge.1983.1139<\/a><\/li>\n<li>Mottier Lopez, , et Vanhulle, S. (2008). Chapitre 9. Portfolios et entretiens de co-\u00e9valuation&#160;: Des leviers de la professionnalisation des jeunes enseignants&#160;: In <em>P\u00e9dagogies en d\u00e9veloppement\u00a0\u00a0 <\/em>(p.\u00a0\u00a0 143-158).\u00a0\u00a0 De Boeck Sup\u00e9rieur. <a href=\"https:\/\/doi.org\/10.3917\/dbu.baill.2008.01.0143\">https:\/\/doi.org\/10.3917\/dbu.baill.2008.01.0143<\/a><\/li>\n<li>Pastr\u00e9, P., Mayen, P., et Vergnaud, G. (2006). La didactique professionnelle. <em>Revue fran\u00e7aise de p\u00e9dagogie<\/em>, <em>154<\/em>, 145-198. <a href=\"https:\/\/doi.org\/10.4000\/rfp.157\">https:\/\/doi.org\/10.4000\/rfp.157<\/a><\/li>\n<li>Philippot, (2016) (\u00c9d.), <em>Les traces de l\u2019activit\u00e9 objets pour la recherche et outils pour la formation<\/em>. L\u2019Harmattan.<\/li>\n<li>Pilorg\u00e9, J.-L. (2010). Un lieu de tension entre posture de lecteur et posture de correcteur&#160;: les traces des enseignants de fran\u00e7ais sur les copies des \u00e9l\u00e8ves. <em>Pratiques<\/em>,145-146 <a href=\"http:\/\/journals.openedition.org\/pratiques\/1513\">http:\/\/journals.openedition.org\/pratiques\/1513<\/a><\/li>\n<li>Plane, , Alamargot, D. et Lebrave, J. (2010). Temporalit\u00e9 de l&rsquo;\u00e9criture et r\u00f4le du texte produit dans l&rsquo;activit\u00e9 r\u00e9dactionnelle. <em>Langages<\/em>,\u00a0 177, 7-28. <a href=\"https:\/\/doi.org\/10.3917\/lang.177.0007\">https:\/\/doi.org\/10.3917\/lang.177.0007<\/a><\/li>\n<\/ul>\n<ul>\n<li>Pottier, J.M., (2006). Trace \u00e9crite, trace \u00e9cran. G\u00e9n\u00e9tique textuelle et pratiques scolaires. Dans J.-M. Pottier (\u00e9ds.) \u00ab&#160;<em>Seules les traces font r\u00eaver&#160;\u00bb. Enseignement de la litt\u00e9rature et g\u00e9n\u00e9tique textuelle. Actes des cinqui\u00e8mes rencontres des chercheurs en didactique litt\u00e9raire. <\/em>Reims, 1er et 2 avril (p. 233-244). Reims, CRDP de Champagne-Ardenne.<\/li>\n<li>Promonet, (2016). Des traces \u00e9crites scolaires aux traces de l\u2019activit\u00e9 enseignante. In T. Philippot (\u00c9d.), <em>Les traces de l\u2019activit\u00e9 objets pour la recherche et outils pour la formation<\/em>. L\u2019Harmattan.<\/li>\n<li>Promonet, \u00a0 (2019).\u00a0 La\u00a0 trace\u00a0 \u00e9crite\u00a0 scolaire&#160;:\u00a0 Un\u00a0 r\u00e9cit&#160;?\u00a0 <em>Pratiques<\/em>,\u00a0 <em>181-182<\/em>. <a href=\"https:\/\/doi.org\/10.4000\/pratiques.6063\">https:\/\/doi.org\/10.4000\/pratiques.6063<\/a><\/li>\n<li>Rouxel, A., (2006). Traces, traces litt\u00e9raires, statut litt\u00e9raire de la trace. Actes des cinqui\u00e8mes rencontres des chercheurs en didactique litt\u00e9raire. Dans J.-M. Pottier (\u00e9ds.), <em>Seules les traces font r\u00eaver<\/em>. <em>Enseignement de la litt\u00e9rature et g\u00e9n\u00e9tique textuelle. <\/em>Reims, 1er et 2 avril 2004. (p. 13-24).CRDP de Champagne-Ardenne.<\/li>\n<li>Serres, A. (2002, d\u00e9cembre 13). <em>Quelle(s) probl\u00e9matique(s) de la trace&#160;? <\/em>S\u00e9minaire CERCOR &#8211; traces et corpus dans les recherches en sciences de l\u2019information et de la communication, Rennes.<\/li>\n<li>Serres, A. (2013). Traces num\u00e9riques, traces <em>Inter CDI&#160;: revue des centres de documentation et d\u2019information de l\u2019enseignement secondaire, Centre d\u2019\u00e9tude de la documentation et de l\u2019information scolaires<\/em>, 55-59.<\/li>\n<li>Similowski , Pellan D. et Plane S. (2018) \u00ab&#160;Que r\u00e9v\u00e8lent les traces de r\u00e9\u00e9criture dans les brouillons d\u2019\u00e9l\u00e8ves produisant des r\u00e9cits \u00e0 partir de sources litt\u00e9raires&#160;?&#160;\u00bb <em>Rep\u00e8res, <\/em>n\u00b057, <em>Collecter, interpr\u00e9ter, enseigner l\u2019\u00e9criture<\/em>, sous la direction de J. David et C. Doquet. <a href=\"https:\/\/journals.openedition.org\/reperes\/1448\">https:\/\/journals.openedition.org\/reperes\/1448<\/a><\/li>\n<li>Theureau, J. (2010). Les entretiens d\u2019autoconfrontation et de remise en situation par les traces mat\u00e9rielles et le programme de recherche \u00ab&#160;cours d\u2019action&#160;\u00bb. <em>Revue d\u2019anthropologie des connaissances<\/em>, <em>Vol 4, 2<\/em>(2), 287. <a href=\"https:\/\/doi.org\/10.3917\/rac.010.0287\">https:\/\/doi.org\/10.3917\/rac.010.0287<\/a><\/li>\n<\/ul>\n<p>&nbsp;<\/p>\n<h2>Modalit\u00e9s de contribution<\/h2>\n<p>Deux types d\u2019interventions sont possibles&#160;:<\/p>\n<ul>\n<li><strong>Communication individuelle&#160;: <\/strong>2000 signes maximum (espaces compris)&#160;;<\/li>\n<li><strong>Symposium r\u00e9unissant de 3 \u00e0 5 interventions&#160;: <\/strong>texte de pr\u00e9sentation de 2 000 signes maximum + propositions de communication de 2 000 signes chacune&#160;;<\/li>\n<\/ul>\n<p>Les soumissions accompagn\u00e9es d\u2019un titre (180 signes maximum espaces compris) et d\u2019une bibliographie de 5 r\u00e9f\u00e9rences devront pr\u00e9ciser l\u2019axe dans lequel elles s\u2019inscrivent, le nom des communicant.e.s et leurs institutions de r\u00e9f\u00e9rence, et permettre au comit\u00e9 scientifique de rep\u00e9rer l\u2019objet pr\u00e9cis de la r\u00e9flexion, le cadre th\u00e9orique, la probl\u00e9matique et la m\u00e9thode adopt\u00e9s.<\/p>\n<p>Les propositions de communication seront envoy\u00e9es simultan\u00e9ment aux adresses suivantes&#160;:<\/p>\n<ul>\n<li><a href=\"mailto:aurore.promonet-therese@univ-lorraine.fr\">aurore.promonet-therese@univ-lorraine.fr<\/a><\/li>\n<li><a href=\"mailto:kathy.similowski@cyu.fr\">kathy.similowski@cyu.fr<\/a><\/li>\n<\/ul>\n<h2>Calendrier pr\u00e9visionnel<\/h2>\n<ul>\n<li>Date limite de soumission&#160;: 29 mars 2024<\/li>\n<li>Notification aux auteurs et autrices&#160;: 19 avril 2024<\/li>\n<li>Programme pr\u00e9liminaire&#160;: 15 mai 2024<\/li>\n<li>Date limite d&rsquo;inscription&#160;: 30 juin 2024<\/li>\n<li>Dates du colloque&#160;: 2 et 3 octobre 2024<\/li>\n<\/ul><\/div>\n<div class=\"zn-singledetail-attachedfiles\">\n<h3 class=\"zn-singledetail-section-title\">Fichier(s) attach\u00e9(s)<\/h3>\n<ul class=\"zn-singledetail-attachedfiles-list\">\n<li class=\"zn-singledetail-attachedfiles-item\">\n\t\t\t\t\t\t\t<a class=\"zn-singledetail-attachedfiles-link button outline for-download\" href=\"https:\/\/www.sfsic.org\/wp-inside\/uploads\/skp-membership\/demande_adh\/aac_traces-et-ecritures_2024.pdf\" title=\"T\u00e9l\u00e9charger : \u00ab aac_traces-et-ecritures_2024.pdf \u00bb\" target=\"_blank\" rel=\"noopener\"><br \/>\n\t\t\t\t\t\t\t\t<span class=\"button-txt\">AAC_Traces et \u00e9critures_2024<span class=\"button-txt-type\"> (pdf)<\/span><\/span><br \/>\n\t\t\t\t\t\t\t<\/a>\n\t\t\t\t\t\t<\/li>\n<\/ul><\/div>\n<div class=\"zn-singledetail-keywords\">\n<h3 class=\"zn-singledetail-section-title\">Mots-cl\u00e9s<\/h3>\n<ul class=\"termslist termslist-post_tag\">\n<li class=\"termslist-item termslist-title\"><span class=\"termslist-titletxt\">Mots-cl\u00e9s<\/span><span class=\"doubledot\"><\/span><\/li>\n<li class=\"termslist-item tax-post_tag term-ecritures\"><a class=\"termslist-itemlink\" href=\"https:\/\/www.sfsic.org\/en\/tag\/writing\/\" title=\"\u00c9critures\"><span class=\"termslist-itemname\">\u00c9critures<\/span><\/a><\/li>\n<li class=\"termslist-item tax-post_tag term-formation\"><a class=\"termslist-itemlink\" href=\"https:\/\/www.sfsic.org\/en\/tag\/education\/\" title=\"Formation\"><span class=\"termslist-itemname\">Formation<\/span><\/a><\/li>\n<li class=\"termslist-item tax-post_tag term-traces\"><a class=\"termslist-itemlink\" href=\"https:\/\/www.sfsic.org\/en\/tag\/traces\/\" title=\"Traces\"><span class=\"termslist-itemname\">Traces<\/span><\/a><\/li>\n<\/ul><\/div>\n<\/p><\/div>\n<\/p><\/div>\n<\/p><\/div>\n<\/p><\/div>\n<\/div>\n<p><!-- \/fxzn:singledetail --><\/p>\n","protected":false},"excerpt":{"rendered":"<p>Mis en ligne le 3 mars 2024 Th\u00e9matiques Information, documents et \u00e9critures M\u00e9diation des savoirs, \u00e9ducation et formation R\u00e9ponse attendue pour le 30\/03\/2024 Type de r\u00e9ponse R\u00e9sum\u00e9 Type d\u2019\u00e9v\u00e9nement Colloque [&hellip;]<\/p>\n","protected":false},"author":781,"featured_media":0,"comment_status":"closed","ping_status":"closed","sticky":false,"template":"","format":"standard","meta":{"_acf_changed":false,"footnotes":""},"categories":[29,57],"tags":[166,122,301],"thematique":[40,43],"sfsic":[],"class_list":["post-31251","post","type-post","status-publish","format-standard","hentry","category-aac-evenement","category-colloque","tag-ecritures","tag-formation","tag-traces","thematique-information-documents-et-ecritures","thematique-mediation-des-savoirs-education-et-formation","wp-sticky"],"acf":[],"yoast_head":"<!-- This site is optimized with the Yoast SEO plugin v27.4 - https:\/\/yoast.com\/product\/yoast-seo-wordpress\/ -->\n<title>Traces et \u00e9critures \u00e0 et pour l\u2019\u00e9cole<\/title>\n<meta name=\"description\" content=\"Appel \u00e0 communication pour un colloque co-organis\u00e9 par Aurore Promonet, Universit\u00e9 de Lorraine, Centre de recherche sur les m\u00e9diations et Kathy Similowski, universit\u00e9 de CY Cergy Paris Universit\u00e9, laboratoire EMA (\u00c9cole, mutations, Apprentissages)\" \/>\n<meta name=\"robots\" content=\"index, follow, max-snippet:-1, max-image-preview:large, max-video-preview:-1\" \/>\n<link rel=\"canonical\" href=\"https:\/\/www.sfsic.org\/en\/aac-evenement\/traces-et-ecritures-a-et-pour-lecole\/\" \/>\n<meta property=\"og:locale\" content=\"en_US\" \/>\n<meta property=\"og:type\" content=\"article\" \/>\n<meta property=\"og:title\" content=\"Traces et \u00e9critures \u00e0 et pour l\u2019\u00e9cole\" \/>\n<meta property=\"og:description\" content=\"Appel \u00e0 communication pour un colloque co-organis\u00e9 par Aurore Promonet, Universit\u00e9 de Lorraine, Centre de recherche sur les m\u00e9diations et Kathy Similowski, universit\u00e9 de CY Cergy Paris Universit\u00e9, laboratoire EMA (\u00c9cole, mutations, Apprentissages)\" \/>\n<meta property=\"og:url\" content=\"https:\/\/www.sfsic.org\/en\/aac-evenement\/traces-et-ecritures-a-et-pour-lecole\/\" \/>\n<meta property=\"og:site_name\" content=\"SFSIC\" \/>\n<meta property=\"article:published_time\" content=\"2024-03-04T09:08:25+00:00\" \/>\n<meta name=\"author\" content=\"Axelle Martin\" \/>\n<meta name=\"twitter:card\" content=\"summary_large_image\" \/>\n<script type=\"application\/ld+json\" class=\"yoast-schema-graph\">{\"@context\":\"https:\\\/\\\/schema.org\",\"@graph\":[{\"@type\":\"Article\",\"@id\":\"https:\\\/\\\/www.sfsic.org\\\/en\\\/aac-evenement\\\/traces-et-ecritures-a-et-pour-lecole\\\/#article\",\"isPartOf\":{\"@id\":\"https:\\\/\\\/www.sfsic.org\\\/en\\\/aac-evenement\\\/traces-et-ecritures-a-et-pour-lecole\\\/\"},\"author\":{\"name\":\"Axelle Martin\",\"@id\":\"https:\\\/\\\/www.sfsic.org\\\/en\\\/#\\\/schema\\\/person\\\/d3606993477708f4359fb9aeda58df3b\"},\"headline\":\"Traces et \u00e9critures \u00e0 et pour l\u2019\u00e9cole\",\"datePublished\":\"2024-03-04T09:08:25+00:00\",\"mainEntityOfPage\":{\"@id\":\"https:\\\/\\\/www.sfsic.org\\\/en\\\/aac-evenement\\\/traces-et-ecritures-a-et-pour-lecole\\\/\"},\"wordCount\":2286,\"publisher\":{\"@id\":\"https:\\\/\\\/www.sfsic.org\\\/en\\\/#organization\"},\"keywords\":[\"\u00c9critures\",\"Formation\",\"Traces\"],\"articleSection\":[\"AAC \u00c9v\u00e9nement\",\"Colloque\"],\"inLanguage\":\"en-US\"},{\"@type\":\"WebPage\",\"@id\":\"https:\\\/\\\/www.sfsic.org\\\/en\\\/aac-evenement\\\/traces-et-ecritures-a-et-pour-lecole\\\/\",\"url\":\"https:\\\/\\\/www.sfsic.org\\\/en\\\/aac-evenement\\\/traces-et-ecritures-a-et-pour-lecole\\\/\",\"name\":\"Traces et \u00e9critures \u00e0 et pour l\u2019\u00e9cole\",\"isPartOf\":{\"@id\":\"https:\\\/\\\/www.sfsic.org\\\/en\\\/#website\"},\"datePublished\":\"2024-03-04T09:08:25+00:00\",\"description\":\"Appel \u00e0 communication pour un colloque co-organis\u00e9 par Aurore Promonet, Universit\u00e9 de Lorraine, Centre de recherche sur les m\u00e9diations et Kathy Similowski, universit\u00e9 de CY Cergy Paris Universit\u00e9, laboratoire EMA (\u00c9cole, mutations, Apprentissages)\",\"breadcrumb\":{\"@id\":\"https:\\\/\\\/www.sfsic.org\\\/en\\\/aac-evenement\\\/traces-et-ecritures-a-et-pour-lecole\\\/#breadcrumb\"},\"inLanguage\":\"en-US\",\"potentialAction\":[{\"@type\":\"ReadAction\",\"target\":[\"https:\\\/\\\/www.sfsic.org\\\/en\\\/aac-evenement\\\/traces-et-ecritures-a-et-pour-lecole\\\/\"]}]},{\"@type\":\"BreadcrumbList\",\"@id\":\"https:\\\/\\\/www.sfsic.org\\\/en\\\/aac-evenement\\\/traces-et-ecritures-a-et-pour-lecole\\\/#breadcrumb\",\"itemListElement\":[{\"@type\":\"ListItem\",\"position\":1,\"name\":\"Accueil\",\"item\":\"https:\\\/\\\/www.sfsic.org\\\/en\\\/\"},{\"@type\":\"ListItem\",\"position\":2,\"name\":\"Calls for Contributions\",\"item\":\"https:\\\/\\\/www.sfsic.org\\\/en\\\/cfc-event\\\/\"},{\"@type\":\"ListItem\",\"position\":3,\"name\":\"Conference\",\"item\":\"https:\\\/\\\/www.sfsic.org\\\/en\\\/cfc-event\\\/conference\\\/\"},{\"@type\":\"ListItem\",\"position\":4,\"name\":\"Traces et \u00e9critures \u00e0 et pour l\u2019\u00e9cole\"}]},{\"@type\":\"WebSite\",\"@id\":\"https:\\\/\\\/www.sfsic.org\\\/en\\\/#website\",\"url\":\"https:\\\/\\\/www.sfsic.org\\\/en\\\/\",\"name\":\"SFSIC\",\"description\":\"Soci\u00e9t\u00e9 Fran\u00e7aise des Sciences de l&#039;Information &amp; de la Communication\",\"publisher\":{\"@id\":\"https:\\\/\\\/www.sfsic.org\\\/en\\\/#organization\"},\"potentialAction\":[{\"@type\":\"SearchAction\",\"target\":{\"@type\":\"EntryPoint\",\"urlTemplate\":\"https:\\\/\\\/www.sfsic.org\\\/en\\\/?s={search_term_string}\"},\"query-input\":{\"@type\":\"PropertyValueSpecification\",\"valueRequired\":true,\"valueName\":\"search_term_string\"}}],\"inLanguage\":\"en-US\"},{\"@type\":\"Organization\",\"@id\":\"https:\\\/\\\/www.sfsic.org\\\/en\\\/#organization\",\"name\":\"SFSIC\",\"url\":\"https:\\\/\\\/www.sfsic.org\\\/en\\\/\",\"logo\":{\"@type\":\"ImageObject\",\"inLanguage\":\"en-US\",\"@id\":\"https:\\\/\\\/www.sfsic.org\\\/en\\\/#\\\/schema\\\/logo\\\/image\\\/\",\"url\":\"https:\\\/\\\/www.sfsic.org\\\/wp-inside\\\/uploads\\\/2020\\\/05\\\/logo-sfsic.jpg\",\"contentUrl\":\"https:\\\/\\\/www.sfsic.org\\\/wp-inside\\\/uploads\\\/2020\\\/05\\\/logo-sfsic.jpg\",\"width\":1085,\"height\":1080,\"caption\":\"SFSIC\"},\"image\":{\"@id\":\"https:\\\/\\\/www.sfsic.org\\\/en\\\/#\\\/schema\\\/logo\\\/image\\\/\"}},{\"@type\":\"Person\",\"@id\":\"https:\\\/\\\/www.sfsic.org\\\/en\\\/#\\\/schema\\\/person\\\/d3606993477708f4359fb9aeda58df3b\",\"name\":\"Axelle Martin\",\"image\":{\"@type\":\"ImageObject\",\"inLanguage\":\"en-US\",\"@id\":\"https:\\\/\\\/secure.gravatar.com\\\/avatar\\\/1065035eb5e480668fbf77e163c2e86f81ac342eaad4c8783acdf4a63f3c917b?s=96&d=mm&r=g\",\"url\":\"https:\\\/\\\/secure.gravatar.com\\\/avatar\\\/1065035eb5e480668fbf77e163c2e86f81ac342eaad4c8783acdf4a63f3c917b?s=96&d=mm&r=g\",\"contentUrl\":\"https:\\\/\\\/secure.gravatar.com\\\/avatar\\\/1065035eb5e480668fbf77e163c2e86f81ac342eaad4c8783acdf4a63f3c917b?s=96&d=mm&r=g\",\"caption\":\"Axelle Martin\"},\"sameAs\":[\"@antropocominside\"]}]}<\/script>\n<!-- \/ Yoast SEO plugin. -->","yoast_head_json":{"title":"Traces et \u00e9critures \u00e0 et pour l\u2019\u00e9cole","description":"Appel \u00e0 communication pour un colloque co-organis\u00e9 par Aurore Promonet, Universit\u00e9 de Lorraine, Centre de recherche sur les m\u00e9diations et Kathy Similowski, universit\u00e9 de CY Cergy Paris Universit\u00e9, laboratoire EMA (\u00c9cole, mutations, Apprentissages)","robots":{"index":"index","follow":"follow","max-snippet":"max-snippet:-1","max-image-preview":"max-image-preview:large","max-video-preview":"max-video-preview:-1"},"canonical":"https:\/\/www.sfsic.org\/en\/aac-evenement\/traces-et-ecritures-a-et-pour-lecole\/","og_locale":"en_US","og_type":"article","og_title":"Traces et \u00e9critures \u00e0 et pour l\u2019\u00e9cole","og_description":"Appel \u00e0 communication pour un colloque co-organis\u00e9 par Aurore Promonet, Universit\u00e9 de Lorraine, Centre de recherche sur les m\u00e9diations et Kathy Similowski, universit\u00e9 de CY Cergy Paris Universit\u00e9, laboratoire EMA (\u00c9cole, mutations, Apprentissages)","og_url":"https:\/\/www.sfsic.org\/en\/aac-evenement\/traces-et-ecritures-a-et-pour-lecole\/","og_site_name":"SFSIC","article_published_time":"2024-03-04T09:08:25+00:00","author":"Axelle Martin","twitter_card":"summary_large_image","schema":{"@context":"https:\/\/schema.org","@graph":[{"@type":"Article","@id":"https:\/\/www.sfsic.org\/en\/aac-evenement\/traces-et-ecritures-a-et-pour-lecole\/#article","isPartOf":{"@id":"https:\/\/www.sfsic.org\/en\/aac-evenement\/traces-et-ecritures-a-et-pour-lecole\/"},"author":{"name":"Axelle Martin","@id":"https:\/\/www.sfsic.org\/en\/#\/schema\/person\/d3606993477708f4359fb9aeda58df3b"},"headline":"Traces et \u00e9critures \u00e0 et pour l\u2019\u00e9cole","datePublished":"2024-03-04T09:08:25+00:00","mainEntityOfPage":{"@id":"https:\/\/www.sfsic.org\/en\/aac-evenement\/traces-et-ecritures-a-et-pour-lecole\/"},"wordCount":2286,"publisher":{"@id":"https:\/\/www.sfsic.org\/en\/#organization"},"keywords":["\u00c9critures","Formation","Traces"],"articleSection":["AAC \u00c9v\u00e9nement","Colloque"],"inLanguage":"en-US"},{"@type":"WebPage","@id":"https:\/\/www.sfsic.org\/en\/aac-evenement\/traces-et-ecritures-a-et-pour-lecole\/","url":"https:\/\/www.sfsic.org\/en\/aac-evenement\/traces-et-ecritures-a-et-pour-lecole\/","name":"Traces et \u00e9critures \u00e0 et pour l\u2019\u00e9cole","isPartOf":{"@id":"https:\/\/www.sfsic.org\/en\/#website"},"datePublished":"2024-03-04T09:08:25+00:00","description":"Appel \u00e0 communication pour un colloque co-organis\u00e9 par Aurore Promonet, Universit\u00e9 de Lorraine, Centre de recherche sur les m\u00e9diations et Kathy Similowski, universit\u00e9 de CY Cergy Paris Universit\u00e9, laboratoire EMA (\u00c9cole, mutations, Apprentissages)","breadcrumb":{"@id":"https:\/\/www.sfsic.org\/en\/aac-evenement\/traces-et-ecritures-a-et-pour-lecole\/#breadcrumb"},"inLanguage":"en-US","potentialAction":[{"@type":"ReadAction","target":["https:\/\/www.sfsic.org\/en\/aac-evenement\/traces-et-ecritures-a-et-pour-lecole\/"]}]},{"@type":"BreadcrumbList","@id":"https:\/\/www.sfsic.org\/en\/aac-evenement\/traces-et-ecritures-a-et-pour-lecole\/#breadcrumb","itemListElement":[{"@type":"ListItem","position":1,"name":"Accueil","item":"https:\/\/www.sfsic.org\/en\/"},{"@type":"ListItem","position":2,"name":"Calls for Contributions","item":"https:\/\/www.sfsic.org\/en\/cfc-event\/"},{"@type":"ListItem","position":3,"name":"Conference","item":"https:\/\/www.sfsic.org\/en\/cfc-event\/conference\/"},{"@type":"ListItem","position":4,"name":"Traces et \u00e9critures \u00e0 et pour l\u2019\u00e9cole"}]},{"@type":"WebSite","@id":"https:\/\/www.sfsic.org\/en\/#website","url":"https:\/\/www.sfsic.org\/en\/","name":"SFSIC","description":"Soci\u00e9t\u00e9 Fran\u00e7aise des Sciences de l&#039;Information &amp; de la Communication","publisher":{"@id":"https:\/\/www.sfsic.org\/en\/#organization"},"potentialAction":[{"@type":"SearchAction","target":{"@type":"EntryPoint","urlTemplate":"https:\/\/www.sfsic.org\/en\/?s={search_term_string}"},"query-input":{"@type":"PropertyValueSpecification","valueRequired":true,"valueName":"search_term_string"}}],"inLanguage":"en-US"},{"@type":"Organization","@id":"https:\/\/www.sfsic.org\/en\/#organization","name":"SFSIC","url":"https:\/\/www.sfsic.org\/en\/","logo":{"@type":"ImageObject","inLanguage":"en-US","@id":"https:\/\/www.sfsic.org\/en\/#\/schema\/logo\/image\/","url":"https:\/\/www.sfsic.org\/wp-inside\/uploads\/2020\/05\/logo-sfsic.jpg","contentUrl":"https:\/\/www.sfsic.org\/wp-inside\/uploads\/2020\/05\/logo-sfsic.jpg","width":1085,"height":1080,"caption":"SFSIC"},"image":{"@id":"https:\/\/www.sfsic.org\/en\/#\/schema\/logo\/image\/"}},{"@type":"Person","@id":"https:\/\/www.sfsic.org\/en\/#\/schema\/person\/d3606993477708f4359fb9aeda58df3b","name":"Axelle Martin","image":{"@type":"ImageObject","inLanguage":"en-US","@id":"https:\/\/secure.gravatar.com\/avatar\/1065035eb5e480668fbf77e163c2e86f81ac342eaad4c8783acdf4a63f3c917b?s=96&d=mm&r=g","url":"https:\/\/secure.gravatar.com\/avatar\/1065035eb5e480668fbf77e163c2e86f81ac342eaad4c8783acdf4a63f3c917b?s=96&d=mm&r=g","contentUrl":"https:\/\/secure.gravatar.com\/avatar\/1065035eb5e480668fbf77e163c2e86f81ac342eaad4c8783acdf4a63f3c917b?s=96&d=mm&r=g","caption":"Axelle Martin"},"sameAs":["@antropocominside"]}]}},"_links":{"self":[{"href":"https:\/\/www.sfsic.org\/en\/wp-json\/wp\/v2\/posts\/31251","targetHints":{"allow":["GET"]}}],"collection":[{"href":"https:\/\/www.sfsic.org\/en\/wp-json\/wp\/v2\/posts"}],"about":[{"href":"https:\/\/www.sfsic.org\/en\/wp-json\/wp\/v2\/types\/post"}],"author":[{"embeddable":true,"href":"https:\/\/www.sfsic.org\/en\/wp-json\/wp\/v2\/users\/781"}],"replies":[{"embeddable":true,"href":"https:\/\/www.sfsic.org\/en\/wp-json\/wp\/v2\/comments?post=31251"}],"version-history":[{"count":2,"href":"https:\/\/www.sfsic.org\/en\/wp-json\/wp\/v2\/posts\/31251\/revisions"}],"predecessor-version":[{"id":31345,"href":"https:\/\/www.sfsic.org\/en\/wp-json\/wp\/v2\/posts\/31251\/revisions\/31345"}],"wp:attachment":[{"href":"https:\/\/www.sfsic.org\/en\/wp-json\/wp\/v2\/media?parent=31251"}],"wp:term":[{"taxonomy":"category","embeddable":true,"href":"https:\/\/www.sfsic.org\/en\/wp-json\/wp\/v2\/categories?post=31251"},{"taxonomy":"post_tag","embeddable":true,"href":"https:\/\/www.sfsic.org\/en\/wp-json\/wp\/v2\/tags?post=31251"},{"taxonomy":"thematique","embeddable":true,"href":"https:\/\/www.sfsic.org\/en\/wp-json\/wp\/v2\/thematique?post=31251"},{"taxonomy":"sfsic","embeddable":true,"href":"https:\/\/www.sfsic.org\/en\/wp-json\/wp\/v2\/sfsic?post=31251"}],"curies":[{"name":"wp","href":"https:\/\/api.w.org\/{rel}","templated":true}]}}