{"id":31160,"date":"2024-03-02T17:48:56","date_gmt":"2024-03-02T16:48:56","guid":{"rendered":"https:\/\/www.sfsic.org\/?p=31160"},"modified":"2024-03-02T17:48:58","modified_gmt":"2024-03-02T16:48:58","slug":"mediations-scientifiques-et-usages-sociaux-des-savoirs","status":"publish","type":"post","link":"https:\/\/www.sfsic.org\/en\/aac-publication\/mediations-scientifiques-et-usages-sociaux-des-savoirs\/","title":{"rendered":"M\u00e9diations scientifiques et usages sociaux des savoirs"},"content":{"rendered":"<p><!-- fxzn:singledetail --><\/p>\n<div class=\"zone zn-singledetail\" id=\"fxzn-singledetail-1\">\n<div class=\"zone-block zn-singledetail-block alignwide va-top\">\n<div class=\"row\">\n<div class=\"columns large-8 large-push-4\">\n<div class=\"zn-singledetail-metabox\">\n<div class=\"zn-singledetail-pubdate pubdate\">\n\t\t\t\t\t<span class=\"pubdate-txt\">Mis en ligne le<\/span><span class=\"doubledot\"><\/span> 2 mars 2024\t\t\t\t<\/div>\n<div class=\"zn-singledetail-thematiques with-sep-comma\">\n<ul class=\"termslist termslist-thematique\">\n<li class=\"termslist-item termslist-title\"><span class=\"termslist-titletxt\">Th\u00e9matiques<\/span><span class=\"doubledot\"><\/span><\/li>\n<li class=\"termslist-item tax-thematique term-mediation-des-savoirs-education-et-formation\"><a class=\"termslist-itemlink\" href=\"https:\/\/www.sfsic.org\/thematiques\/mediation-des-savoirs-education-et-formation\/\" title=\"M\u00e9diation des savoirs, \u00e9ducation et formation\"><span class=\"termslist-itemname\">M\u00e9diation des savoirs, \u00e9ducation et formation<\/span><\/a><\/li>\n<\/ul><\/div>\n<\/p><\/div>\n<\/p><\/div>\n<\/p><\/div>\n<div class=\"row\">\n<div class=\"columns large-4\">\n<div class=\"zn-singledetail-sidebar bg-cornersquares\">\n<div class=\"zn-singledetail-infos\">\n<p class=\"zn-singledetail-reponse-date\">\n\t\t\t\t\t\t<span>R\u00e9ponse attendue pour le<\/span><span class=\"doubledot\"><\/span> <strong>15\/04\/2024<\/strong>\n\t\t\t\t\t<\/p>\n<p class=\"zn-singledetail-reponse-type\">\n\t\t\t\t\t<span>Type de r\u00e9ponse<\/span><span class=\"doubledot\"><\/span> <strong>R\u00e9sum\u00e9<\/strong>\n\t\t\t\t\t<\/p>\n<p class=\"zn-singledetail-type\">\n\t\t\t\t\t\t\t<span>Type de contribution attendue<\/span><span class=\"doubledot\"><\/span> <strong>Article<\/strong>\n\t\t\t\t\t<\/p>\n<p class=\"zn-singledetail-name\">\n\t\t\t\t\t\t\t<span>Nom de la publication<\/span><span class=\"doubledot\"><\/span> <strong>Les Enjeux de l&#8217;information et de la communication<\/strong>\n\t\t\t\t\t<\/p>\n<p class=\"zn-singledetail-editor\">\n\t\t\t\t\t\t\t<span>\u00c9diteur<\/span><span class=\"doubledot\"><\/span> <strong>Les Enjeux de l&#8217;information et de la communication<\/strong>\n\t\t\t\t\t<\/p>\n<\/p><\/div>\n<div class=\"zn-singledetail-coordinators\">\n<h3 class=\"zn-singledetail-section-title\">Coordinateurs<\/h3>\n<ul class=\"zn-singledetail-coordinators-list\">\n<li class=\"zn-singledetail-coordinators-item\">\n\t\t\t\t\t\t\t<span>Marie-Christine<\/span> <span>Bordeaux<\/span>, <span>UGA &#8211; GRESEC<\/span>\t\t\t\t\t\t\t\t\t\t\t\t\t\t, <a class=\"zn-singledetail-coordinators-mail prettylink\" href=\"mailto:marie-christine.bordeaux@univ-grenoble-alpes.fr\">marie-christine.bordeaux@univ-grenoble-alpes.fr<\/a>\n\t\t\t\t\t\t\t\t\t\t\t\t\t<\/li>\n<li class=\"zn-singledetail-coordinators-item\">\n\t\t\t\t\t\t\t<span>Mika\u00ebl<\/span> <span>Chambru<\/span>, <span>UGA -GRESEC<\/span>\t\t\t\t\t\t\t\t\t\t\t\t\t\t, <a class=\"zn-singledetail-coordinators-mail prettylink\" href=\"mailto:mikael.chambru@univ-grenoble-alpes.fr\">mikael.chambru@univ-grenoble-alpes.fr<\/a>\n\t\t\t\t\t\t\t\t\t\t\t\t\t<\/li>\n<\/ul><\/div>\n<div class=\"zn-singledetail-contacts\">\n<h3 class=\"zn-singledetail-section-title\">Contacts<\/h3>\n<ul class=\"zn-singledetail-contacts-list\">\n<li class=\"zn-singledetail-contact\">\n\t\t\t\t\t\t\t<span class=\"zn-singledetail-contact-name\">Isabelle Pailliart, Directrice de Publication<\/span><span class=\"doubledot\"><\/span><br \/>\n\t\t\t\t\t\t\t\t\t\t\t\t\t\t<a class=\"zn-singledetail-contact-mail prettylink\" href=\"mailto:isabelle.pailliart@univ-grenoble-alpes.fr\">isabelle.pailliart@univ-grenoble-alpes.fr<\/a>\n\t\t\t\t\t\t\t\t\t\t\t\t\t<\/li>\n<li class=\"zn-singledetail-contact\">\n\t\t\t\t\t\t\t<span class=\"zn-singledetail-contact-name\">Emmanuel Marty, Co-r\u00e9dacteur en chef<\/span><span class=\"doubledot\"><\/span><br \/>\n\t\t\t\t\t\t\t\t\t\t\t\t\t\t<a class=\"zn-singledetail-contact-mail prettylink\" href=\"mailto:Emmanuel.marty@univ-grenoble-alpes.fr\">Emmanuel.marty@univ-grenoble-alpes.fr<\/a>\n\t\t\t\t\t\t\t\t\t\t\t\t\t<\/li>\n<li class=\"zn-singledetail-contact\">\n\t\t\t\t\t\t\t<span class=\"zn-singledetail-contact-name\">Laurie Schmitt, Co-r\u00e9dactrice en chef<\/span><span class=\"doubledot\"><\/span><br \/>\n\t\t\t\t\t\t\t\t\t\t\t\t\t\t<a class=\"zn-singledetail-contact-mail prettylink\" href=\"mailto:Laurie.schmitt@univ-grenoble-alpes.fr\">Laurie.schmitt@univ-grenoble-alpes.fr<\/a>\n\t\t\t\t\t\t\t\t\t\t\t\t\t<\/li>\n<\/ul><\/div>\n<div class=\"zn-singledetail-weblinks\">\n<h3 class=\"zn-singledetail-section-title\">Sites internet de r\u00e9f\u00e9rence<\/h3>\n<ul class=\"zn-singledetail-weblinks-list\">\n<li>\n\t\t\t\t\t\t\t<a class=\"prettylink chainlink\" href=\"https:\/\/lesenjeux.univ-grenoble-alpes.fr\" title=\"Les Enjeux de l'information et de la communication\" target=\"_blank\" rel=\"noopener\">Les Enjeux de l&#8217;information et de la communication<\/a>\n\t\t\t\t\t\t<\/li>\n<\/ul><\/div>\n<\/p><\/div>\n<\/p><\/div>\n<div class=\"columns large-8\">\n<div class=\"zn-singledetail-contentbox\">\n<div class=\"zn-singledetail-annonce wig-content\">\n<p><span class=\"Apple-converted-space\">\u00a0<\/span>Ce suppl\u00e9ment s\u2019inscrit dans le cadre des recherches pluridisciplinaires men\u00e9es sur les diff\u00e9rentes formes de diffusion et d\u2019usages sociaux des savoirs issus de la recherche scientifique. Celles-ci portent sur la vulgarisation scientifique, les institutions et organisations d\u00e9di\u00e9es \u00e0 la m\u00e9diation scientifique, les politiques publiques centr\u00e9es sur la culture scientifique, le niveau de culture scientifique des populations, l\u2019\u00e9ducation formelle et non formelle aux sciences, les enjeux communicationnels des institutions productrices de savoirs&#8230; Ce suppl\u00e9ment est consacr\u00e9 \u00e0 une autre dimension de ce qu\u2019il est convenu d\u2019appeler aujourd&rsquo;hui le dialogue science-soci\u00e9t\u00e9 ou \u00ab&#160;sciences avec et pour la soci\u00e9t\u00e9&#160;\u00bb, dans une perspective diff\u00e9rente de l\u2019\u00e9tude des controverses publiques autour des sciences (Chambru, 2021). Il propose de rassembler des recherches conceptuelles et empiriques portant sur la m\u00e9diation scientifique en sciences de l\u2019information et de la communication ainsi que dans l\u2019ensemble des champs disciplinaires des sciences humaines et sociales&#160;: sociologie, histoire, anthropologie, sciences politiques, etc.<span class=\"Apple-converted-space\">\u00a0<\/span><\/p>\n<p>La m\u00e9diation scientifique est ici abord\u00e9e par le prisme des actions men\u00e9es par les acteurs de la culture scientifique pour des publics, soit indiff\u00e9renci\u00e9s, soit sp\u00e9cifiques. La m\u00e9diation s\u2019est historiquement d\u00e9velopp\u00e9e en parall\u00e8le de la m\u00e9diation culturelle, et a pour caract\u00e9ristique d\u2019\u00eatre port\u00e9e par des acteurs dont la comp\u00e9tence principale, voire unique, est tourn\u00e9e vers les publics. Alors que la m\u00e9diation culturelle est principalement exerc\u00e9e au sein des institutions culturelles, la m\u00e9diation scientifique s\u2019exerce majoritairement en dehors des institutions scientifiques&#160;: elle a \u00e9t\u00e9 soit externalis\u00e9e (mus\u00e9es associ\u00e9s \u00e0 des centres de recherche, cr\u00e9ation de centres de culture scientifique \u00e0 l\u2019initiative d\u2019universit\u00e9s), soit d\u00e9velopp\u00e9e au sein des milieux associatifs de l\u2019action culturelle scientifique. Bien que les universit\u00e9s et les centres de recherche aient d\u00e9velopp\u00e9, parfois de longue date, des actions de m\u00e9diation (Minault, 2021&#160;; Bordeaux et Chambru, 2020), cette ext\u00e9riorit\u00e9 de la m\u00e9diation scientifique reste un \u00e9l\u00e9ment caract\u00e9ristique par rapport \u00e0 d\u2019autres m\u00e9diations, culturelles et artistiques. Certes,<span class=\"Apple-converted-space\">\u00a0<\/span><\/p>\n<p>les chercheurs sont traditionnellement attach\u00e9s \u00e0 la diffusion des savoirs qu\u2019ils contribuent \u00e0 produire, mais l\u2019examen concret des dispositifs de m\u00e9diation montre des liens parfois t\u00e9nus entre laboratoires et structures de culture scientifique (Chambru et al., 2023). Un des d\u00e9fis actuels de la culture scientifique est, par exemple, de passer de l\u2019investissement spontan\u00e9 de chercheurs, sous la forme d\u2019une philanthropie individuelle et en apparence d\u00e9sint\u00e9ress\u00e9e, \u00e0 une construction de liens et \u00e0 une reconnaissance r\u00e9ciproque entre institutions et milieux associatifs ou territoriaux.<span class=\"Apple-converted-space\">\u00a0<\/span><\/p>\n<p>Par-del\u00e0 la tr\u00e8s grande h\u00e9t\u00e9rog\u00e9n\u00e9it\u00e9 des acteurs et des activit\u00e9s de la culture scientifique, la m\u00e9diation scientifique se situe donc \u00e0 un point de tension entre des conceptions \u00e0 vis\u00e9e \u00e9mancipatrice de l\u2019animation et des conceptions instrumentales de la vulgarisation (Jurdant, 1973). Elle se con\u00e7oit et se diffuse dans des formats qui sont le plus souvent culturels, agissant ainsi \u00ab&#160;par le d\u00e9tour de la culture&#160;\u00bb (Urbas, 2022)&#160;: expositions, festivals, etc. La notion de culture scientifique peut aussi \u00eatre saisie comme cat\u00e9gorie sociologique d\u2019analyse des rapports sociaux aux sciences (Perronnet, 2021) plut\u00f4t que dans son usage habituel d\u00e9signant simultan\u00e9ment les connaissances scientifiques des publics et les actions qui visent \u00e0 les d\u00e9velopper. Autrement dit, comme d\u2019autres activit\u00e9s sociales li\u00e9es \u00e0 la transmission et \u00e0 l\u2019\u00e9ducation non formelle, la r\u00e9f\u00e9rence aux publics sert de justification \u00e0 la reconnaissance des acteurs et \u00e0 leurs modalit\u00e9s d\u2019action. Celles-ci \u00e9voluent au rythme de l\u2019\u00e9volution de la repr\u00e9sentation des publics&#160;: pour utiliser la terminologie en langue anglaise, il y aurait une \u00e9volution entre le mod\u00e8le d\u2019action publique du public understanding of science (vulgarisation) et celui du public engaging with science. En langue fran\u00e7aise, la terminologie est plus ambigu\u00eb, \u00e0 divers titres. Tout d\u2019abord, la culture scientifique d\u00e9signe \u00e0 la fois une politique publique (la CSTI) et un certain niveau de savoirs (le niveau de culture scientifique d\u2019un individu ou d\u2019une population, synonyme de culture g\u00e9n\u00e9rale). Ensuite, le public engaging with science se d\u00e9ploie dans diff\u00e9rentes directions&#160;: publicisation de la science (Pailliart, 2006), d\u00e9mocratie technique (Callon, 1999&#160;; Callon Lascoume Barthe, 2001), sciences dites participatives (Houillier, 2016), sciences citoyennes (Gingras, 2022), etc.<span class=\"Apple-converted-space\">\u00a0<\/span><\/p>\n<p>La notion de m\u00e9diation scientifique est aussi simultan\u00e9ment mobilis\u00e9e directement par les professionnels contre celle de communication scientifique pour se positionner comme les d\u00e9fenseurs des int\u00e9r\u00eats des publics (Bergeron, 2016). Normes d\u2019actions et valeurs plus ou moins sous-jacentes cr\u00e9ent ainsi des confusions, c\u2019est pourquoi ce suppl\u00e9ment est consacr\u00e9, non \u00e0 la culture scientifique, mais \u00e0 la m\u00e9diation scientifique en tant que concept, et aux m\u00e9diations scientifiques en tant qu\u2019actions situ\u00e9es. Qu\u2019elles rel\u00e8vent des pratiques ordinaires des chercheurs ou des m\u00e9diateurs, ces derni\u00e8res participent en effet \u00e0 une mise en r\u00e9cit singuli\u00e8re des mondes sociaux (Bodin, 2022). Elles sont un assemblage complexe de processus, de pratiques et d\u2019objets conduisant des situations particuli\u00e8res de pouvoir qui, saisies par une approche communicationnelle des enjeux scientifiques et techniques (Quet, 2014), appellent \u00e9galement \u00e0 la construction d\u2019une th\u00e9orisation des rapports entre m\u00e9diation scientifique et enjeux de pouvoir.<span class=\"Apple-converted-space\">\u00a0<\/span><\/p>\n<p>Les propositions d\u2019articles pourront s\u2019int\u00e9grer dans un ou plusieurs de ces trois axes, sans que ceux-ci soient limitatifs.<span class=\"Apple-converted-space\">\u00a0<\/span><\/p>\n<h2>Axe 1. Dispositifs, identit\u00e9s et dynamiques socio-professionnelles des acteurs de la m\u00e9diation scientifique<span class=\"Apple-converted-space\">\u00a0<\/span><\/h2>\n<p>Cet axe est consacr\u00e9 \u00e0 l\u2019\u00e9tude des acteurs multiples et vari\u00e9s de la m\u00e9diation scientifique&#160;: acteurs institutionnels, comme les mus\u00e9es et les centres de sciences&#160;; acteurs associatifs&#160;; chercheurs investis dans la m\u00e9diation&#160;; m\u00e9diateurs scientifiques salari\u00e9s ou ind\u00e9pendants. Ces derniers n\u2019ont fait que r\u00e9cemment l\u2019objet d\u2019enqu\u00eates et de recherches, comme par exemple Richard et Barrett (2011), et plus r\u00e9cemment l\u2019INJEP (2022) \u00e0 propos des youtubeurs scientifiques ainsi que le r\u00e9seau des ind\u00e9pendants de la CSTI (OCIM, 2023). Qui sont les acteurs de la m\u00e9diation scientifique, quelles sont leurs identit\u00e9s professionnelles, en quoi constituent-ils (ou non) une profession, quels sont les acteurs qui peuvent \u00eatre consid\u00e9r\u00e9s comme \u00e9mergents&#160;? Quels sont les questionnements sp\u00e9cifiques aux m\u00e9tiers, comp\u00e9tences et gestes de la m\u00e9diation scientifique&#160;? Quels dispositifs sont mis en oeuvre&#160;?<span class=\"Apple-converted-space\">\u00a0<\/span><\/p>\n<h2>Axe 2. Champ scientifique, diffusion des savoirs et m\u00e9diation&#160;: enjeux de pouvoirs et r\u00e9gimes de l\u00e9gitimit\u00e9s<span class=\"Apple-converted-space\">\u00a0<\/span><\/h2>\n<p>Cet axe s\u2019attache aux questions de l\u00e9gitimit\u00e9 et de contre-l\u00e9gitimit\u00e9, plus pr\u00e9gnantes dans la m\u00e9diation scientifique que dans la m\u00e9diation culturelle, dans la mesure o\u00f9 le champ scientifique (Bourdieu, 1976, 1997) est organis\u00e9 selon des principes et des r\u00e9alit\u00e9s diff\u00e9rents de ceux des mondes de l\u2019art et de la culture (Becker, 1988). Ces questions se posent aussi au sein du champ scientifique lorsque celui-ci s\u2019organise pour prendre en charge la diffusion des savoirs et le dialogue science-soci\u00e9t\u00e9 (services science-soci\u00e9t\u00e9, services de communication, services culturels). De quelle mani\u00e8re la l\u00e9gitimit\u00e9 et la contre-l\u00e9gitimit\u00e9 sont-elles abord\u00e9es ou construites par les diff\u00e9rents acteurs&#160;? \u00c0 quelles concurrences ou, au contraire, \u00e0 quels partenariats donnent-elles lieu entre ces derniers&#160;? L\u2019expertise scientifique b\u00e9n\u00e9ficie-t-elle d\u2019une reconnaissance publique particuli\u00e8re&#160;? Comment et au nom de quoi celle-ci a-t-elle parfois pu \u00eatre fragilis\u00e9e, par exemple au moment de la crise de la Covid19&#160;?<span class=\"Apple-converted-space\">\u00a0<\/span><\/p>\n<h2>Axe 3. Approches historiques, r\u00e9flexives et critiques de la m\u00e9diation scientifique<span class=\"Apple-converted-space\">\u00a0<\/span><\/h2>\n<p>Cet axe interroge la m\u00e9diation scientifique comme notion scientifique en examinant ses g\u00e9n\u00e9alogies, qu\u2019il s\u2019agisse de l\u2019\u00e9mergence de la fonction du m\u00e9diateur scientifique (Bordeaux et Caillet, 2013), de l\u2019ancrage dans la double tradition de l\u2019\u00e9ducation populaire, \u00e9ducative et politique (Las Vergnas, 2011) ou des d\u00e9veloppements plus contemporains autour de la d\u00e9marche scientifique. Ceux-ci concernent plus sp\u00e9cifiquement les m\u00e9thodologies de recherche participative, les m\u00e9thodologies relatives aux d\u00e9bats publics et aux sujets faisant l\u2019objet de controverses scientifiques. Quelles sont, dans ces diff\u00e9rents cadres, les sp\u00e9cificit\u00e9s de la m\u00e9diation scientifique&#160;? Quels en sont les enjeux et les mod\u00e8les dominants&#160;? Quels sont ses rapports avec l\u2019\u00e9volution de la construction des savoirs dans les soci\u00e9t\u00e9s contemporaines&#160;?<span class=\"Apple-converted-space\">\u00a0<\/span><\/p>\n<h2>Modalit\u00e9s de soumission<\/h2>\n<ul>\n<li>Les propositions d\u2019articles (5 000 signes espaces comprises, bibliographie indicative non comprise) comprendront un titre, une pr\u00e9sentation de l\u2019article et de<span class=\"Apple-converted-space\">\u00a0 <\/span>son cadre th\u00e9orique, de l\u2019objet et des m\u00e9thodes mobilis\u00e9es ainsi que les nom, pr\u00e9nom, statut, rattachement institutionnel et email de l\u2019auteur.trice.<span class=\"Apple-converted-space\">\u00a0<\/span><\/li>\n<li>Elles sont \u00e0 adresser aux coordinateur\u00b7rice\u00b7s du suppl\u00e9ment pour le 15 avril 2024 aux adresses suivantes&#160;:<span class=\"Apple-converted-space\">\u00a0<\/span>\n<ul>\n<li>Marie-Christine Bordeaux &#8211; marie-christine.bordeaux@univ-grenoble-alpes.fr<\/li>\n<li>Mika\u00ebl Chambru &#8211; mikael.chambru@univ-grenoble-alpes.fr<span class=\"Apple-converted-space\">\u00a0<\/span><\/li>\n<\/ul>\n<\/li>\n<\/ul>\n<h2>Calendrier pr\u00e9visionnel<\/h2>\n<p>&nbsp;<\/p>\n<ul>\n<li>15 avril 2024&#160;: soumission des r\u00e9sum\u00e9s pour \u00e9valuation<span class=\"Apple-converted-space\">\u00a0<\/span><\/li>\n<li>7 mai 2024&#160;: notification de l\u2019acceptation ou du refus<span class=\"Apple-converted-space\">\u00a0<\/span><\/li>\n<li>15 septembre 2024&#160;: r\u00e9ception des articles (V1)<span class=\"Apple-converted-space\">\u00a0<\/span><\/li>\n<li>21novembre&#160;: envoi de la deuxi\u00e8me \u00e9valuation<span class=\"Apple-converted-space\">\u00a0<\/span><\/li>\n<li>15 janvier 2025&#160;: r\u00e9ception de la version d\u00e9finitive des articles (V2)<\/li>\n<li>Printemps 2025&#160;: publication du dossier<span class=\"Apple-converted-space\">\u00a0<\/span><\/li>\n<\/ul><\/div>\n<div class=\"zn-singledetail-attachedfiles\">\n<h3 class=\"zn-singledetail-section-title\">Fichier(s) attach\u00e9(s)<\/h3>\n<ul class=\"zn-singledetail-attachedfiles-list\">\n<li class=\"zn-singledetail-attachedfiles-item\">\n\t\t\t\t\t\t\t<a class=\"zn-singledetail-attachedfiles-link button outline for-download\" href=\"https:\/\/www.sfsic.org\/wp-inside\/uploads\/skp-membership\/demande_adh\/aap-mediations-scientifiques-et-usages-sociaux-des-savoirs.pdf\" title=\"T\u00e9l\u00e9charger : \u00ab aap-mediations-scientifiques-et-usages-sociaux-des-savoirs.pdf \u00bb\" target=\"_blank\" rel=\"noopener\"><br \/>\n\t\t\t\t\t\t\t\t<span class=\"button-txt\">aap-mediations-scientifiques-et-usages-sociaux-des-savoirs<span class=\"button-txt-type\"> (pdf)<\/span><\/span><br \/>\n\t\t\t\t\t\t\t<\/a>\n\t\t\t\t\t\t<\/li>\n<\/ul><\/div>\n<div class=\"zn-singledetail-keywords\">\n<h3 class=\"zn-singledetail-section-title\">Mots-cl\u00e9s<\/h3>\n<ul class=\"termslist termslist-post_tag\">\n<li class=\"termslist-item termslist-title\"><span class=\"termslist-titletxt\">Mots-cl\u00e9s<\/span><span class=\"doubledot\"><\/span><\/li>\n<li class=\"termslist-item tax-post_tag term-mediation-scientifique\"><a class=\"termslist-itemlink\" href=\"https:\/\/www.sfsic.org\/tag\/mediation-scientifique\/\" title=\"M\u00e9diation scientifique\"><span class=\"termslist-itemname\">M\u00e9diation scientifique<\/span><\/a><\/li>\n<li class=\"termslist-item tax-post_tag term-savoirs\"><a class=\"termslist-itemlink\" href=\"https:\/\/www.sfsic.org\/tag\/savoirs\/\" title=\"Savoirs\"><span class=\"termslist-itemname\">Savoirs<\/span><\/a><\/li>\n<li class=\"termslist-item tax-post_tag term-usages\"><a class=\"termslist-itemlink\" href=\"https:\/\/www.sfsic.org\/tag\/usages\/\" title=\"Usages\"><span class=\"termslist-itemname\">Usages<\/span><\/a><\/li>\n<\/ul><\/div>\n<\/p><\/div>\n<\/p><\/div>\n<\/p><\/div>\n<\/p><\/div>\n<\/div>\n<p><!-- \/fxzn:singledetail --><\/p>\n","protected":false},"excerpt":{"rendered":"<p>Mis en ligne le 2 mars 2024 Th\u00e9matiques M\u00e9diation des savoirs, \u00e9ducation et formation R\u00e9ponse attendue pour le 15\/04\/2024 Type de r\u00e9ponse R\u00e9sum\u00e9 Type de contribution attendue Article Nom de [&hellip;]<\/p>\n","protected":false},"author":1104,"featured_media":0,"comment_status":"closed","ping_status":"closed","sticky":false,"template":"","format":"standard","meta":{"_acf_changed":false,"footnotes":""},"categories":[28],"tags":[892,313,303],"thematique":[43],"sfsic":[],"class_list":["post-31160","post","type-post","status-publish","format-standard","hentry","category-aac-publication","tag-mediation-scientifique","tag-savoirs","tag-usages","thematique-mediation-des-savoirs-education-et-formation","wp-sticky"],"acf":[],"yoast_head":"<!-- This site is optimized with the Yoast SEO plugin v27.4 - https:\/\/yoast.com\/product\/yoast-seo-wordpress\/ -->\n<title>M\u00e9diations scientifiques et usages sociaux des savoirs<\/title>\n<meta name=\"description\" content=\"La revue Les Enjeux de l&#039;information et de la communication lance un appel \u00e0 articles pour un suppl\u00e9ment sur les &quot;M\u00e9diations scientifiques et usages sociaux des savoirs&quot; coordonn\u00e9 par Marie-Christine Bordeaux et Mika\u00ebl Chambru, Universit\u00e9 Grenoble Alpes, Gresec.\" \/>\n<meta name=\"robots\" content=\"index, follow, max-snippet:-1, max-image-preview:large, max-video-preview:-1\" \/>\n<link rel=\"canonical\" href=\"https:\/\/www.sfsic.org\/en\/aac-publication\/mediations-scientifiques-et-usages-sociaux-des-savoirs\/\" \/>\n<meta property=\"og:locale\" content=\"en_US\" \/>\n<meta property=\"og:type\" content=\"article\" \/>\n<meta property=\"og:title\" content=\"M\u00e9diations scientifiques et usages sociaux des savoirs\" \/>\n<meta property=\"og:description\" content=\"La revue Les Enjeux de l&#039;information et de la communication lance un appel \u00e0 articles pour un suppl\u00e9ment sur les &quot;M\u00e9diations scientifiques et usages sociaux des savoirs&quot; coordonn\u00e9 par Marie-Christine Bordeaux et Mika\u00ebl Chambru, Universit\u00e9 Grenoble Alpes, Gresec.\" \/>\n<meta property=\"og:url\" content=\"https:\/\/www.sfsic.org\/en\/aac-publication\/mediations-scientifiques-et-usages-sociaux-des-savoirs\/\" \/>\n<meta property=\"og:site_name\" content=\"SFSIC\" \/>\n<meta property=\"article:published_time\" content=\"2024-03-02T16:48:56+00:00\" \/>\n<meta property=\"article:modified_time\" content=\"2024-03-02T16:48:58+00:00\" \/>\n<meta name=\"author\" content=\"Laurie Schmitt\" \/>\n<meta name=\"twitter:card\" content=\"summary_large_image\" \/>\n<script type=\"application\/ld+json\" class=\"yoast-schema-graph\">{\"@context\":\"https:\\\/\\\/schema.org\",\"@graph\":[{\"@type\":\"Article\",\"@id\":\"https:\\\/\\\/www.sfsic.org\\\/en\\\/aac-publication\\\/mediations-scientifiques-et-usages-sociaux-des-savoirs\\\/#article\",\"isPartOf\":{\"@id\":\"https:\\\/\\\/www.sfsic.org\\\/en\\\/aac-publication\\\/mediations-scientifiques-et-usages-sociaux-des-savoirs\\\/\"},\"author\":{\"name\":\"Laurie Schmitt\",\"@id\":\"https:\\\/\\\/www.sfsic.org\\\/en\\\/#\\\/schema\\\/person\\\/cdfb8cc55e8fd8823b3d944276ef447f\"},\"headline\":\"M\u00e9diations scientifiques et usages sociaux des savoirs\",\"datePublished\":\"2024-03-02T16:48:56+00:00\",\"dateModified\":\"2024-03-02T16:48:58+00:00\",\"mainEntityOfPage\":{\"@id\":\"https:\\\/\\\/www.sfsic.org\\\/en\\\/aac-publication\\\/mediations-scientifiques-et-usages-sociaux-des-savoirs\\\/\"},\"wordCount\":1670,\"publisher\":{\"@id\":\"https:\\\/\\\/www.sfsic.org\\\/en\\\/#organization\"},\"keywords\":[\"M\u00e9diation scientifique\",\"Savoirs\",\"Usages\"],\"articleSection\":[\"AAC Publications\"],\"inLanguage\":\"en-US\"},{\"@type\":\"WebPage\",\"@id\":\"https:\\\/\\\/www.sfsic.org\\\/en\\\/aac-publication\\\/mediations-scientifiques-et-usages-sociaux-des-savoirs\\\/\",\"url\":\"https:\\\/\\\/www.sfsic.org\\\/en\\\/aac-publication\\\/mediations-scientifiques-et-usages-sociaux-des-savoirs\\\/\",\"name\":\"M\u00e9diations scientifiques et usages sociaux des savoirs\",\"isPartOf\":{\"@id\":\"https:\\\/\\\/www.sfsic.org\\\/en\\\/#website\"},\"datePublished\":\"2024-03-02T16:48:56+00:00\",\"dateModified\":\"2024-03-02T16:48:58+00:00\",\"description\":\"La revue Les Enjeux de l'information et de la communication lance un appel \u00e0 articles pour un suppl\u00e9ment sur les \\\"M\u00e9diations scientifiques et usages sociaux des savoirs\\\" coordonn\u00e9 par Marie-Christine Bordeaux et Mika\u00ebl Chambru, Universit\u00e9 Grenoble Alpes, Gresec.\",\"breadcrumb\":{\"@id\":\"https:\\\/\\\/www.sfsic.org\\\/en\\\/aac-publication\\\/mediations-scientifiques-et-usages-sociaux-des-savoirs\\\/#breadcrumb\"},\"inLanguage\":\"en-US\",\"potentialAction\":[{\"@type\":\"ReadAction\",\"target\":[\"https:\\\/\\\/www.sfsic.org\\\/en\\\/aac-publication\\\/mediations-scientifiques-et-usages-sociaux-des-savoirs\\\/\"]}]},{\"@type\":\"BreadcrumbList\",\"@id\":\"https:\\\/\\\/www.sfsic.org\\\/en\\\/aac-publication\\\/mediations-scientifiques-et-usages-sociaux-des-savoirs\\\/#breadcrumb\",\"itemListElement\":[{\"@type\":\"ListItem\",\"position\":1,\"name\":\"Accueil\",\"item\":\"https:\\\/\\\/www.sfsic.org\\\/en\\\/\"},{\"@type\":\"ListItem\",\"position\":2,\"name\":\"Calls for Papers\",\"item\":\"https:\\\/\\\/www.sfsic.org\\\/en\\\/cfp-publication\\\/\"},{\"@type\":\"ListItem\",\"position\":3,\"name\":\"M\u00e9diations scientifiques et usages sociaux des savoirs\"}]},{\"@type\":\"WebSite\",\"@id\":\"https:\\\/\\\/www.sfsic.org\\\/en\\\/#website\",\"url\":\"https:\\\/\\\/www.sfsic.org\\\/en\\\/\",\"name\":\"SFSIC\",\"description\":\"Soci\u00e9t\u00e9 Fran\u00e7aise des Sciences de l&#039;Information &amp; de la Communication\",\"publisher\":{\"@id\":\"https:\\\/\\\/www.sfsic.org\\\/en\\\/#organization\"},\"potentialAction\":[{\"@type\":\"SearchAction\",\"target\":{\"@type\":\"EntryPoint\",\"urlTemplate\":\"https:\\\/\\\/www.sfsic.org\\\/en\\\/?s={search_term_string}\"},\"query-input\":{\"@type\":\"PropertyValueSpecification\",\"valueRequired\":true,\"valueName\":\"search_term_string\"}}],\"inLanguage\":\"en-US\"},{\"@type\":\"Organization\",\"@id\":\"https:\\\/\\\/www.sfsic.org\\\/en\\\/#organization\",\"name\":\"SFSIC\",\"url\":\"https:\\\/\\\/www.sfsic.org\\\/en\\\/\",\"logo\":{\"@type\":\"ImageObject\",\"inLanguage\":\"en-US\",\"@id\":\"https:\\\/\\\/www.sfsic.org\\\/en\\\/#\\\/schema\\\/logo\\\/image\\\/\",\"url\":\"https:\\\/\\\/www.sfsic.org\\\/wp-inside\\\/uploads\\\/2020\\\/05\\\/logo-sfsic.jpg\",\"contentUrl\":\"https:\\\/\\\/www.sfsic.org\\\/wp-inside\\\/uploads\\\/2020\\\/05\\\/logo-sfsic.jpg\",\"width\":1085,\"height\":1080,\"caption\":\"SFSIC\"},\"image\":{\"@id\":\"https:\\\/\\\/www.sfsic.org\\\/en\\\/#\\\/schema\\\/logo\\\/image\\\/\"}},{\"@type\":\"Person\",\"@id\":\"https:\\\/\\\/www.sfsic.org\\\/en\\\/#\\\/schema\\\/person\\\/cdfb8cc55e8fd8823b3d944276ef447f\",\"name\":\"Laurie Schmitt\",\"image\":{\"@type\":\"ImageObject\",\"inLanguage\":\"en-US\",\"@id\":\"https:\\\/\\\/secure.gravatar.com\\\/avatar\\\/e0485edec24d051b39d931bab36a216e48e580ab2ec13b1a6806cc3ea1444920?s=96&d=mm&r=g\",\"url\":\"https:\\\/\\\/secure.gravatar.com\\\/avatar\\\/e0485edec24d051b39d931bab36a216e48e580ab2ec13b1a6806cc3ea1444920?s=96&d=mm&r=g\",\"contentUrl\":\"https:\\\/\\\/secure.gravatar.com\\\/avatar\\\/e0485edec24d051b39d931bab36a216e48e580ab2ec13b1a6806cc3ea1444920?s=96&d=mm&r=g\",\"caption\":\"Laurie Schmitt\"}}]}<\/script>\n<!-- \/ Yoast SEO plugin. -->","yoast_head_json":{"title":"M\u00e9diations scientifiques et usages sociaux des savoirs","description":"La revue Les Enjeux de l'information et de la communication lance un appel \u00e0 articles pour un suppl\u00e9ment sur les \"M\u00e9diations scientifiques et usages sociaux des savoirs\" coordonn\u00e9 par Marie-Christine Bordeaux et Mika\u00ebl Chambru, Universit\u00e9 Grenoble Alpes, Gresec.","robots":{"index":"index","follow":"follow","max-snippet":"max-snippet:-1","max-image-preview":"max-image-preview:large","max-video-preview":"max-video-preview:-1"},"canonical":"https:\/\/www.sfsic.org\/en\/aac-publication\/mediations-scientifiques-et-usages-sociaux-des-savoirs\/","og_locale":"en_US","og_type":"article","og_title":"M\u00e9diations scientifiques et usages sociaux des savoirs","og_description":"La revue Les Enjeux de l'information et de la communication lance un appel \u00e0 articles pour un suppl\u00e9ment sur les \"M\u00e9diations scientifiques et usages sociaux des savoirs\" coordonn\u00e9 par Marie-Christine Bordeaux et Mika\u00ebl Chambru, Universit\u00e9 Grenoble Alpes, Gresec.","og_url":"https:\/\/www.sfsic.org\/en\/aac-publication\/mediations-scientifiques-et-usages-sociaux-des-savoirs\/","og_site_name":"SFSIC","article_published_time":"2024-03-02T16:48:56+00:00","article_modified_time":"2024-03-02T16:48:58+00:00","author":"Laurie Schmitt","twitter_card":"summary_large_image","schema":{"@context":"https:\/\/schema.org","@graph":[{"@type":"Article","@id":"https:\/\/www.sfsic.org\/en\/aac-publication\/mediations-scientifiques-et-usages-sociaux-des-savoirs\/#article","isPartOf":{"@id":"https:\/\/www.sfsic.org\/en\/aac-publication\/mediations-scientifiques-et-usages-sociaux-des-savoirs\/"},"author":{"name":"Laurie Schmitt","@id":"https:\/\/www.sfsic.org\/en\/#\/schema\/person\/cdfb8cc55e8fd8823b3d944276ef447f"},"headline":"M\u00e9diations scientifiques et usages sociaux des savoirs","datePublished":"2024-03-02T16:48:56+00:00","dateModified":"2024-03-02T16:48:58+00:00","mainEntityOfPage":{"@id":"https:\/\/www.sfsic.org\/en\/aac-publication\/mediations-scientifiques-et-usages-sociaux-des-savoirs\/"},"wordCount":1670,"publisher":{"@id":"https:\/\/www.sfsic.org\/en\/#organization"},"keywords":["M\u00e9diation scientifique","Savoirs","Usages"],"articleSection":["AAC Publications"],"inLanguage":"en-US"},{"@type":"WebPage","@id":"https:\/\/www.sfsic.org\/en\/aac-publication\/mediations-scientifiques-et-usages-sociaux-des-savoirs\/","url":"https:\/\/www.sfsic.org\/en\/aac-publication\/mediations-scientifiques-et-usages-sociaux-des-savoirs\/","name":"M\u00e9diations scientifiques et usages sociaux des savoirs","isPartOf":{"@id":"https:\/\/www.sfsic.org\/en\/#website"},"datePublished":"2024-03-02T16:48:56+00:00","dateModified":"2024-03-02T16:48:58+00:00","description":"La revue Les Enjeux de l'information et de la communication lance un appel \u00e0 articles pour un suppl\u00e9ment sur les \"M\u00e9diations scientifiques et usages sociaux des savoirs\" coordonn\u00e9 par Marie-Christine Bordeaux et Mika\u00ebl Chambru, Universit\u00e9 Grenoble Alpes, Gresec.","breadcrumb":{"@id":"https:\/\/www.sfsic.org\/en\/aac-publication\/mediations-scientifiques-et-usages-sociaux-des-savoirs\/#breadcrumb"},"inLanguage":"en-US","potentialAction":[{"@type":"ReadAction","target":["https:\/\/www.sfsic.org\/en\/aac-publication\/mediations-scientifiques-et-usages-sociaux-des-savoirs\/"]}]},{"@type":"BreadcrumbList","@id":"https:\/\/www.sfsic.org\/en\/aac-publication\/mediations-scientifiques-et-usages-sociaux-des-savoirs\/#breadcrumb","itemListElement":[{"@type":"ListItem","position":1,"name":"Accueil","item":"https:\/\/www.sfsic.org\/en\/"},{"@type":"ListItem","position":2,"name":"Calls for Papers","item":"https:\/\/www.sfsic.org\/en\/cfp-publication\/"},{"@type":"ListItem","position":3,"name":"M\u00e9diations scientifiques et usages sociaux des savoirs"}]},{"@type":"WebSite","@id":"https:\/\/www.sfsic.org\/en\/#website","url":"https:\/\/www.sfsic.org\/en\/","name":"SFSIC","description":"Soci\u00e9t\u00e9 Fran\u00e7aise des Sciences de l&#039;Information &amp; de la Communication","publisher":{"@id":"https:\/\/www.sfsic.org\/en\/#organization"},"potentialAction":[{"@type":"SearchAction","target":{"@type":"EntryPoint","urlTemplate":"https:\/\/www.sfsic.org\/en\/?s={search_term_string}"},"query-input":{"@type":"PropertyValueSpecification","valueRequired":true,"valueName":"search_term_string"}}],"inLanguage":"en-US"},{"@type":"Organization","@id":"https:\/\/www.sfsic.org\/en\/#organization","name":"SFSIC","url":"https:\/\/www.sfsic.org\/en\/","logo":{"@type":"ImageObject","inLanguage":"en-US","@id":"https:\/\/www.sfsic.org\/en\/#\/schema\/logo\/image\/","url":"https:\/\/www.sfsic.org\/wp-inside\/uploads\/2020\/05\/logo-sfsic.jpg","contentUrl":"https:\/\/www.sfsic.org\/wp-inside\/uploads\/2020\/05\/logo-sfsic.jpg","width":1085,"height":1080,"caption":"SFSIC"},"image":{"@id":"https:\/\/www.sfsic.org\/en\/#\/schema\/logo\/image\/"}},{"@type":"Person","@id":"https:\/\/www.sfsic.org\/en\/#\/schema\/person\/cdfb8cc55e8fd8823b3d944276ef447f","name":"Laurie Schmitt","image":{"@type":"ImageObject","inLanguage":"en-US","@id":"https:\/\/secure.gravatar.com\/avatar\/e0485edec24d051b39d931bab36a216e48e580ab2ec13b1a6806cc3ea1444920?s=96&d=mm&r=g","url":"https:\/\/secure.gravatar.com\/avatar\/e0485edec24d051b39d931bab36a216e48e580ab2ec13b1a6806cc3ea1444920?s=96&d=mm&r=g","contentUrl":"https:\/\/secure.gravatar.com\/avatar\/e0485edec24d051b39d931bab36a216e48e580ab2ec13b1a6806cc3ea1444920?s=96&d=mm&r=g","caption":"Laurie Schmitt"}}]}},"_links":{"self":[{"href":"https:\/\/www.sfsic.org\/en\/wp-json\/wp\/v2\/posts\/31160","targetHints":{"allow":["GET"]}}],"collection":[{"href":"https:\/\/www.sfsic.org\/en\/wp-json\/wp\/v2\/posts"}],"about":[{"href":"https:\/\/www.sfsic.org\/en\/wp-json\/wp\/v2\/types\/post"}],"author":[{"embeddable":true,"href":"https:\/\/www.sfsic.org\/en\/wp-json\/wp\/v2\/users\/1104"}],"replies":[{"embeddable":true,"href":"https:\/\/www.sfsic.org\/en\/wp-json\/wp\/v2\/comments?post=31160"}],"version-history":[{"count":4,"href":"https:\/\/www.sfsic.org\/en\/wp-json\/wp\/v2\/posts\/31160\/revisions"}],"predecessor-version":[{"id":31220,"href":"https:\/\/www.sfsic.org\/en\/wp-json\/wp\/v2\/posts\/31160\/revisions\/31220"}],"wp:attachment":[{"href":"https:\/\/www.sfsic.org\/en\/wp-json\/wp\/v2\/media?parent=31160"}],"wp:term":[{"taxonomy":"category","embeddable":true,"href":"https:\/\/www.sfsic.org\/en\/wp-json\/wp\/v2\/categories?post=31160"},{"taxonomy":"post_tag","embeddable":true,"href":"https:\/\/www.sfsic.org\/en\/wp-json\/wp\/v2\/tags?post=31160"},{"taxonomy":"thematique","embeddable":true,"href":"https:\/\/www.sfsic.org\/en\/wp-json\/wp\/v2\/thematique?post=31160"},{"taxonomy":"sfsic","embeddable":true,"href":"https:\/\/www.sfsic.org\/en\/wp-json\/wp\/v2\/sfsic?post=31160"}],"curies":[{"name":"wp","href":"https:\/\/api.w.org\/{rel}","templated":true}]}}