{"id":30908,"date":"2024-01-26T14:33:08","date_gmt":"2024-01-26T13:33:08","guid":{"rendered":"https:\/\/www.sfsic.org\/?p=30908"},"modified":"2024-01-26T14:33:10","modified_gmt":"2024-01-26T13:33:10","slug":"pratiques-informationnelles-et-societes-en-crise","status":"publish","type":"post","link":"https:\/\/www.sfsic.org\/en\/aac-publication\/pratiques-informationnelles-et-societes-en-crise\/","title":{"rendered":"Pratiques informationnelles et soci\u00e9t\u00e9s en crise"},"content":{"rendered":"<p><!-- fxzn:singledetail --><\/p>\n<div class=\"zone zn-singledetail\" id=\"fxzn-singledetail-1\">\n<div class=\"zone-block zn-singledetail-block alignwide va-top\">\n<div class=\"row\">\n<div class=\"columns large-8 large-push-4\">\n<div class=\"zn-singledetail-metabox\">\n<div class=\"zn-singledetail-pubdate pubdate\">\n\t\t\t\t\t<span class=\"pubdate-txt\">Mis en ligne le<\/span><span class=\"doubledot\"><\/span> 26 janvier 2024\t\t\t\t<\/div>\n<div class=\"zn-singledetail-thematiques with-sep-comma\">\n<ul class=\"termslist termslist-thematique\">\n<li class=\"termslist-item termslist-title\"><span class=\"termslist-titletxt\">Th\u00e9matiques<\/span><span class=\"doubledot\"><\/span><\/li>\n<li class=\"termslist-item tax-thematique term-information-documents-et-ecritures\"><a class=\"termslist-itemlink\" href=\"https:\/\/www.sfsic.org\/thematiques\/information-documents-et-ecritures\/\" title=\"Information, documents et \u00e9critures\"><span class=\"termslist-itemname\">Information, documents et \u00e9critures<\/span><\/a><\/li>\n<li class=\"termslist-item tax-thematique term-numerique-strategies-dispositifs-et-usages\"><a class=\"termslist-itemlink\" href=\"https:\/\/www.sfsic.org\/thematiques\/numerique-strategies-dispositifs-et-usages\/\" title=\"Num\u00e9rique : strat\u00e9gies, dispositifs et usages\"><span class=\"termslist-itemname\">Num\u00e9rique : strat\u00e9gies, dispositifs et usages<\/span><\/a><\/li>\n<\/ul><\/div>\n<\/p><\/div>\n<\/p><\/div>\n<\/p><\/div>\n<div class=\"row\">\n<div class=\"columns large-4\">\n<div class=\"zn-singledetail-sidebar bg-cornersquares\">\n<div class=\"zn-singledetail-infos\">\n<p class=\"zn-singledetail-reponse-date\">\n\t\t\t\t\t\t<span>R\u00e9ponse attendue pour le<\/span><span class=\"doubledot\"><\/span> <strong>15\/04\/2024<\/strong>\n\t\t\t\t\t<\/p>\n<p class=\"zn-singledetail-reponse-type\">\n\t\t\t\t\t<span>Type de r\u00e9ponse<\/span><span class=\"doubledot\"><\/span> <strong>Contribution compl\u00e8te<\/strong>\n\t\t\t\t\t<\/p>\n<p class=\"zn-singledetail-type\">\n\t\t\t\t\t\t\t<span>Type de contribution attendue<\/span><span class=\"doubledot\"><\/span> <strong>Article<\/strong>\n\t\t\t\t\t<\/p>\n<p class=\"zn-singledetail-name\">\n\t\t\t\t\t\t\t<span>Nom de la publication<\/span><span class=\"doubledot\"><\/span> <strong>Revue ATIC<\/strong>\n\t\t\t\t\t<\/p>\n<\/p><\/div>\n<div class=\"zn-singledetail-coordinators\">\n<h3 class=\"zn-singledetail-section-title\">Coordinateurs<\/h3>\n<ul class=\"zn-singledetail-coordinators-list\">\n<li class=\"zn-singledetail-coordinators-item\">\n\t\t\t\t\t\t\t<span>C\u00e9line <\/span> <span>Paganelli <\/span>, <span>Universit\u00e9 Montpellier 3<\/span>\t\t\t\t\t\t\t\t\t\t\t\t\t\t, <a class=\"zn-singledetail-coordinators-mail prettylink\" href=\"mailto:celine.paganelli@univ-montp3.fr\">celine.paganelli@univ-montp3.fr<\/a>\n\t\t\t\t\t\t\t\t\t\t\t\t\t<\/li>\n<li class=\"zn-singledetail-coordinators-item\">\n\t\t\t\t\t\t\t<span>Madjid <\/span> <span>Ihadjadene<\/span>, <span>Universit\u00e9 Paris 8<\/span>\t\t\t\t\t\t\t\t\t\t\t\t\t\t, <a class=\"zn-singledetail-coordinators-mail prettylink\" href=\"mailto:madjid.ihadjadene@univ-paris8.fr\">madjid.ihadjadene@univ-paris8.fr<\/a>\n\t\t\t\t\t\t\t\t\t\t\t\t\t<\/li>\n<\/ul><\/div>\n<div class=\"zn-singledetail-weblinks\">\n<h3 class=\"zn-singledetail-section-title\">Sites internet de r\u00e9f\u00e9rence<\/h3>\n<ul class=\"zn-singledetail-weblinks-list\">\n<li>\n\t\t\t\t\t\t\t<a class=\"prettylink chainlink\" href=\"https:\/\/www.dicen-idf.org\/revue-atic\/\" title=\"Site de la revue\" target=\"_blank\" rel=\"noopener\">Site de la revue<\/a>\n\t\t\t\t\t\t<\/li>\n<\/ul><\/div>\n<\/p><\/div>\n<\/p><\/div>\n<div class=\"columns large-8\">\n<div class=\"zn-singledetail-contentbox\">\n<div class=\"zn-singledetail-annonce wig-content\">\n<div dir=\"ltr\">\n<p>L\u2019acc\u00e8s et la diffusion de l\u2019information supposent implicitement un milieu organis\u00e9, un environnement dont les utilisateurs connaissent la structure (Juanals et Perriault, 2006). Or, dans une situation de crise (attentat, conflits, catastrophes naturelles, pand\u00e9mie etc.), les conditions habituelles de fonctionnement d\u2019une organisation ou d\u2019une soci\u00e9t\u00e9 sont souvent perturb\u00e9es.<\/p>\n<p>Ces situations de crises modifient le contexte dans lequel les pratiques informationnelles interviennent. Elles se caract\u00e9risent par une reconfiguration de l\u2019environnement informationnel, brouillent les routines, conduisent \u00e0 r\u00e9interroger les modalit\u00e9s d\u2019attribution de la confiance dans les sources d\u2019information, et souvent poussent les individus \u00e0 une forte activit\u00e9 informationnelle qui leur appara\u00eet comme indispensable pour comprendre et surmonter la crise.<\/p>\n<p>L\u2019acc\u00e8s \u00e0 l\u2019information permet aux individus de comprendre ce qu\u2019ils vivent, de r\u00e9duire leur niveau d\u2019anxi\u00e9t\u00e9, contribuant \u00e0 une meilleure appr\u00e9hension des crises et de l\u2019incertitude qu\u2019elles engendrent (Burke, J. A., Spence, P. R., Lachlan, K. A., 2010). La recherche et la collecte d\u2019information s\u2019av\u00e8rent ainsi \u00eatre l\u2019une des strat\u00e9gies d\u2019ajustement au stress en contexte des crises (van Valkengoed, Perlaviciute et Steg, 2022) (Krakowska, 2020).<\/p>\n<p>Les enseignements tir\u00e9s des \u00e9tudes de terrain sur la mani\u00e8re dont les individus acqui\u00e8rent de l\u2019information peuvent avoir des cons\u00e9quences politiques, permettant de se mobiliser, de s\u2019engager, d\u2019intervenir d\u00e9mocratiquement dans les choix techniques et de contourner les strat\u00e9gies de contr\u00f4le de l\u2019information (Feenberg, 2016) afin de pallier les risques de d\u00e9sengagement ou de repli vers des solutions politiques autoritaires. Ainsi, des travaux ont montr\u00e9 que le soutien aux politiques favorables aux changements climatiques d\u00e9pend, entre autres facteurs, de la perception des risques par les individus et l\u2019influence qu\u2019a sur eux l\u2019exposition \u00e0 l\u2019information concernant ce sujet (Dong, Hu et Zhu , 2018).<\/p>\n<p>La num\u00e9risation de la soci\u00e9t\u00e9 et des activit\u00e9s humaines est partie prenante de ces situations. D\u2019abord parce qu\u2019elle introduit de nouveaux risques (IA, cyber, Iot, etc..) qui bouleversent l\u2019environnement informationnel des individus. Ensuite parce que, comme nous l\u2019a montr\u00e9 la pand\u00e9mie de COVID-19, la gestion de la crise et du risque m\u00e9dical aff\u00e9rent, que ce soit \u00e0 titre individuel ou collectif, s\u2019accompagne d\u2019une utilisation sans pr\u00e9c\u00e9dent des technologies num\u00e9riques pour la production, l\u2019acc\u00e8s, l\u2019usage et le partage de l\u2019information. Les pratiques des r\u00e9seaux socionum\u00e9riques affectent la perception et la confiance dans l\u2019information, la mobilisation de l\u2019esprit critique et, par cons\u00e9quent, la circulation de th\u00e9ories consid\u00e9r\u00e9es comme \u00e9tant, \u00e0 tort ou \u00e0 raison, de nature complotiste<\/p>\n<p>Les contributions \u00e0 ce num\u00e9ro proposeront des r\u00e9flexions \u00e9pist\u00e9mologiques et\/ou m\u00e9thodologiques ainsi que des analyses issues d\u2019\u00e9tudes de terrain et pourront aborder, de mani\u00e8re non limitative, les th\u00e8mes suivants en articulant une approche informationnelle et communicationnelle&#160;:<\/p>\n<ol>\n<li>\u00a0Approches crois\u00e9es de l\u2019information des crises qui pourront conduire \u00e0 r\u00e9interroger les crit\u00e8res d\u2019\u00e9valuation et de prise de d\u00e9cision \u00e0 travers les notions de qualit\u00e9, d\u2019autorit\u00e9, de fiabilit\u00e9, d\u2019anxi\u00e9t\u00e9, de confiance, etc.<\/li>\n<li>Approche \u00e9pist\u00e9mologique et m\u00e9thodologique des pratiques informationnelles en situation de crise permettant, notamment, de questionner les incidences sur les objets, les approches, les m\u00e9thodes ainsi que les mod\u00e8les (RISP, PRISM,\u2026).<\/li>\n<li>Et \u00e9galement, contributions portant sur&#160;:<\/li>\n<\/ol>\n<ul>\n<li>Les usages et pratiques de l\u2019information en situation de crise&#160;: partage, production, recherche d\u2019information, pratiques d\u2019\u00e9vitement, etc.&#160;; r\u00f4le de l\u2019information dans la construction et l\u2019am\u00e9lioration de la capacit\u00e9 adaptative des individus ou des groupes d\u2019individus&#160;; processus cognitifs et affectifs li\u00e9s aux activit\u00e9s informationnelles en situation de crise.<\/li>\n<li>Les vuln\u00e9rabilit\u00e9s, in\u00e9galit\u00e9s, disparit\u00e9s et barri\u00e8res \u00e0 l\u2019acc\u00e8s \u00e0 l\u2019information.<\/li>\n<li>L\u2019analyse de contextes sp\u00e9cifiques&#160;: crise sanitaire COVID-19, crise politique, environnementale, tensions sociales, crises migratoires, situations de catastrophes naturelles, etc.<\/li>\n<li>L\u2019analyse des logiques d\u2019usage et de m\u00e9diation en situation de crise&#160;: place des TIC et des RSN, circulation de l\u2019information, pratiques des interm\u00e9diaires, etc.<\/li>\n<li>Les liens entre litt\u00e9ratie environnementale et usage des sources d\u2019information.<\/li>\n<\/ul>\n<p>&nbsp;<\/p>\n<h2><strong>Calendrier<\/strong><\/h2>\n<ul>\n<li>Envoi des intentions de publications (3000 signes max)&#160;: 2 avril 2024<\/li>\n<li>Identit\u00e9 des auteurs, appartenance institutionnelle, titre sur une premi\u00e8re page et titre \/ texte sur la \/ les pages suivantes, format doc \/ odt anonymis\u00e9<\/li>\n<li>Envoi aux 3 adresses&#160;:\n<ul>\n<li>celine.paganelli@univ-montp3.fr<\/li>\n<li>madjid.ihadjadene@univ-paris8.fr<\/li>\n<li>revue@revue-atic.fr<\/li>\n<\/ul>\n<\/li>\n<\/ul>\n<p>&nbsp;<\/p>\n<ul>\n<li><strong>Retour aux auteurs sur intention de publication&#160;: <\/strong>courant avril<\/li>\n<li><strong>Envoi des articles complets (35000 \u00e0 50000 signes)&#160;:<\/strong>\u00a015 mai 2024<\/li>\n<\/ul>\n<p>Consignes&#160;:<a href=\"https:\/\/www.dicen-idf.org\/revue-atic\/\">https:\/\/www.dicen-idf.org\/revue-atic\/\u00a0<\/a><\/p>\n<ul>\n<li><strong>Retour aux auteurs&#160;: <\/strong>2 juillet 2024<\/li>\n<li><strong>Remise des articles d\u00e9finitifs&#160;: <\/strong>30 octobre 2024<\/li>\n<\/ul>\n<p>Consignes&#160;:\u00a0<a href=\"https:\/\/www.dicen-idf.org\/revue-atic\/\">https:\/\/www.dicen-idf.org\/revue-atic\/\u00a0<\/a><\/p>\n<\/div><\/div>\n<div class=\"zn-singledetail-keywords\">\n<h3 class=\"zn-singledetail-section-title\">Mots-cl\u00e9s<\/h3>\n<ul class=\"termslist termslist-post_tag\">\n<li class=\"termslist-item termslist-title\"><span class=\"termslist-titletxt\">Mots-cl\u00e9s<\/span><span class=\"doubledot\"><\/span><\/li>\n<li class=\"termslist-item tax-post_tag term-communication\"><a class=\"termslist-itemlink\" href=\"https:\/\/www.sfsic.org\/tag\/communication\/\" title=\"Communication\"><span class=\"termslist-itemname\">Communication<\/span><\/a><\/li>\n<li class=\"termslist-item tax-post_tag term-crise\"><a class=\"termslist-itemlink\" href=\"https:\/\/www.sfsic.org\/tag\/crise\/\" title=\"Crise\"><span class=\"termslist-itemname\">Crise<\/span><\/a><\/li>\n<li class=\"termslist-item tax-post_tag term-information\"><a class=\"termslist-itemlink\" href=\"https:\/\/www.sfsic.org\/tag\/information\/\" title=\"information\"><span class=\"termslist-itemname\">information<\/span><\/a><\/li>\n<li class=\"termslist-item tax-post_tag term-pratiques\"><a class=\"termslist-itemlink\" href=\"https:\/\/www.sfsic.org\/tag\/pratiques\/\" title=\"Pratiques\"><span class=\"termslist-itemname\">Pratiques<\/span><\/a><\/li>\n<\/ul><\/div>\n<\/p><\/div>\n<\/p><\/div>\n<\/p><\/div>\n<\/p><\/div>\n<\/div>\n<p><!-- \/fxzn:singledetail --><\/p>\n","protected":false},"excerpt":{"rendered":"<p>Mis en ligne le 26 janvier 2024 Th\u00e9matiques Information, documents et \u00e9critures Num\u00e9rique : strat\u00e9gies, dispositifs et usages R\u00e9ponse attendue pour le 15\/04\/2024 Type de r\u00e9ponse Contribution compl\u00e8te Type de [&hellip;]<\/p>\n","protected":false},"author":781,"featured_media":0,"comment_status":"closed","ping_status":"closed","sticky":false,"template":"","format":"standard","meta":{"_acf_changed":false,"footnotes":""},"categories":[28,60],"tags":[363,202,304,538],"thematique":[40,39],"sfsic":[],"class_list":["post-30908","post","type-post","status-publish","format-standard","hentry","category-aac-publication","category-article","tag-communication","tag-crise","tag-information","tag-pratiques","thematique-information-documents-et-ecritures","thematique-numerique-strategies-dispositifs-et-usages","wp-sticky"],"acf":[],"yoast_head":"<!-- This site is optimized with the Yoast SEO plugin v27.5 - https:\/\/yoast.com\/product\/yoast-seo-wordpress\/ -->\n<title>Pratiques informationnelles et soci\u00e9t\u00e9s en crise<\/title>\n<meta name=\"description\" content=\"La revue ATIC lance un appel \u00e0 articles pour un dossier sur les Pratiques informationnelles et soci\u00e9t\u00e9s en crise&quot; coordonn\u00e9 par C\u00e9line Paganelli, Universit\u00e9 Montpellier 3 et Madjid Ihadjadene, Universit\u00e9 Paris 8.\" \/>\n<meta name=\"robots\" content=\"index, follow, max-snippet:-1, max-image-preview:large, max-video-preview:-1\" \/>\n<link rel=\"canonical\" href=\"https:\/\/www.sfsic.org\/en\/aac-publication\/pratiques-informationnelles-et-societes-en-crise\/\" \/>\n<meta property=\"og:locale\" content=\"en_US\" \/>\n<meta property=\"og:type\" content=\"article\" \/>\n<meta property=\"og:title\" content=\"Pratiques informationnelles et soci\u00e9t\u00e9s en crise\" \/>\n<meta property=\"og:description\" content=\"La revue ATIC lance un appel \u00e0 articles pour un dossier sur les Pratiques informationnelles et soci\u00e9t\u00e9s en crise&quot; coordonn\u00e9 par C\u00e9line Paganelli, Universit\u00e9 Montpellier 3 et Madjid Ihadjadene, Universit\u00e9 Paris 8.\" \/>\n<meta property=\"og:url\" content=\"https:\/\/www.sfsic.org\/en\/aac-publication\/pratiques-informationnelles-et-societes-en-crise\/\" \/>\n<meta property=\"og:site_name\" content=\"SFSIC\" \/>\n<meta property=\"article:published_time\" content=\"2024-01-26T13:33:08+00:00\" \/>\n<meta property=\"article:modified_time\" content=\"2024-01-26T13:33:10+00:00\" \/>\n<meta name=\"author\" content=\"Axelle Martin\" \/>\n<meta name=\"twitter:card\" content=\"summary_large_image\" \/>\n<script type=\"application\/ld+json\" class=\"yoast-schema-graph\">{\"@context\":\"https:\\\/\\\/schema.org\",\"@graph\":[{\"@type\":\"Article\",\"@id\":\"https:\\\/\\\/www.sfsic.org\\\/en\\\/aac-publication\\\/pratiques-informationnelles-et-societes-en-crise\\\/#article\",\"isPartOf\":{\"@id\":\"https:\\\/\\\/www.sfsic.org\\\/en\\\/aac-publication\\\/pratiques-informationnelles-et-societes-en-crise\\\/\"},\"author\":{\"name\":\"Axelle Martin\",\"@id\":\"https:\\\/\\\/www.sfsic.org\\\/en\\\/#\\\/schema\\\/person\\\/d3606993477708f4359fb9aeda58df3b\"},\"headline\":\"Pratiques informationnelles et soci\u00e9t\u00e9s en crise\",\"datePublished\":\"2024-01-26T13:33:08+00:00\",\"dateModified\":\"2024-01-26T13:33:10+00:00\",\"mainEntityOfPage\":{\"@id\":\"https:\\\/\\\/www.sfsic.org\\\/en\\\/aac-publication\\\/pratiques-informationnelles-et-societes-en-crise\\\/\"},\"wordCount\":876,\"publisher\":{\"@id\":\"https:\\\/\\\/www.sfsic.org\\\/en\\\/#organization\"},\"keywords\":[\"Communication\",\"Crise\",\"information\",\"Pratiques\"],\"articleSection\":[\"AAC Publications\",\"Article\"],\"inLanguage\":\"en-US\"},{\"@type\":\"WebPage\",\"@id\":\"https:\\\/\\\/www.sfsic.org\\\/en\\\/aac-publication\\\/pratiques-informationnelles-et-societes-en-crise\\\/\",\"url\":\"https:\\\/\\\/www.sfsic.org\\\/en\\\/aac-publication\\\/pratiques-informationnelles-et-societes-en-crise\\\/\",\"name\":\"Pratiques informationnelles et soci\u00e9t\u00e9s en crise\",\"isPartOf\":{\"@id\":\"https:\\\/\\\/www.sfsic.org\\\/en\\\/#website\"},\"datePublished\":\"2024-01-26T13:33:08+00:00\",\"dateModified\":\"2024-01-26T13:33:10+00:00\",\"description\":\"La revue ATIC lance un appel \u00e0 articles pour un dossier sur les Pratiques informationnelles et soci\u00e9t\u00e9s en crise\\\" coordonn\u00e9 par C\u00e9line Paganelli, Universit\u00e9 Montpellier 3 et Madjid Ihadjadene, Universit\u00e9 Paris 8.\",\"breadcrumb\":{\"@id\":\"https:\\\/\\\/www.sfsic.org\\\/en\\\/aac-publication\\\/pratiques-informationnelles-et-societes-en-crise\\\/#breadcrumb\"},\"inLanguage\":\"en-US\",\"potentialAction\":[{\"@type\":\"ReadAction\",\"target\":[\"https:\\\/\\\/www.sfsic.org\\\/en\\\/aac-publication\\\/pratiques-informationnelles-et-societes-en-crise\\\/\"]}]},{\"@type\":\"BreadcrumbList\",\"@id\":\"https:\\\/\\\/www.sfsic.org\\\/en\\\/aac-publication\\\/pratiques-informationnelles-et-societes-en-crise\\\/#breadcrumb\",\"itemListElement\":[{\"@type\":\"ListItem\",\"position\":1,\"name\":\"Accueil\",\"item\":\"https:\\\/\\\/www.sfsic.org\\\/en\\\/\"},{\"@type\":\"ListItem\",\"position\":2,\"name\":\"Calls for Papers\",\"item\":\"https:\\\/\\\/www.sfsic.org\\\/en\\\/cfp-publication\\\/\"},{\"@type\":\"ListItem\",\"position\":3,\"name\":\"Article\",\"item\":\"https:\\\/\\\/www.sfsic.org\\\/en\\\/cfp-publication\\\/article-en\\\/\"},{\"@type\":\"ListItem\",\"position\":4,\"name\":\"Pratiques informationnelles et soci\u00e9t\u00e9s en crise\"}]},{\"@type\":\"WebSite\",\"@id\":\"https:\\\/\\\/www.sfsic.org\\\/en\\\/#website\",\"url\":\"https:\\\/\\\/www.sfsic.org\\\/en\\\/\",\"name\":\"SFSIC\",\"description\":\"Soci\u00e9t\u00e9 Fran\u00e7aise des Sciences de l&#039;Information &amp; de la Communication\",\"publisher\":{\"@id\":\"https:\\\/\\\/www.sfsic.org\\\/en\\\/#organization\"},\"potentialAction\":[{\"@type\":\"SearchAction\",\"target\":{\"@type\":\"EntryPoint\",\"urlTemplate\":\"https:\\\/\\\/www.sfsic.org\\\/en\\\/?s={search_term_string}\"},\"query-input\":{\"@type\":\"PropertyValueSpecification\",\"valueRequired\":true,\"valueName\":\"search_term_string\"}}],\"inLanguage\":\"en-US\"},{\"@type\":\"Organization\",\"@id\":\"https:\\\/\\\/www.sfsic.org\\\/en\\\/#organization\",\"name\":\"SFSIC\",\"url\":\"https:\\\/\\\/www.sfsic.org\\\/en\\\/\",\"logo\":{\"@type\":\"ImageObject\",\"inLanguage\":\"en-US\",\"@id\":\"https:\\\/\\\/www.sfsic.org\\\/en\\\/#\\\/schema\\\/logo\\\/image\\\/\",\"url\":\"https:\\\/\\\/www.sfsic.org\\\/wp-inside\\\/uploads\\\/2020\\\/05\\\/logo-sfsic.jpg\",\"contentUrl\":\"https:\\\/\\\/www.sfsic.org\\\/wp-inside\\\/uploads\\\/2020\\\/05\\\/logo-sfsic.jpg\",\"width\":1085,\"height\":1080,\"caption\":\"SFSIC\"},\"image\":{\"@id\":\"https:\\\/\\\/www.sfsic.org\\\/en\\\/#\\\/schema\\\/logo\\\/image\\\/\"}},{\"@type\":\"Person\",\"@id\":\"https:\\\/\\\/www.sfsic.org\\\/en\\\/#\\\/schema\\\/person\\\/d3606993477708f4359fb9aeda58df3b\",\"name\":\"Axelle Martin\",\"image\":{\"@type\":\"ImageObject\",\"inLanguage\":\"en-US\",\"@id\":\"https:\\\/\\\/secure.gravatar.com\\\/avatar\\\/1065035eb5e480668fbf77e163c2e86f81ac342eaad4c8783acdf4a63f3c917b?s=96&d=mm&r=g\",\"url\":\"https:\\\/\\\/secure.gravatar.com\\\/avatar\\\/1065035eb5e480668fbf77e163c2e86f81ac342eaad4c8783acdf4a63f3c917b?s=96&d=mm&r=g\",\"contentUrl\":\"https:\\\/\\\/secure.gravatar.com\\\/avatar\\\/1065035eb5e480668fbf77e163c2e86f81ac342eaad4c8783acdf4a63f3c917b?s=96&d=mm&r=g\",\"caption\":\"Axelle Martin\"},\"sameAs\":[\"@antropocominside\"]}]}<\/script>\n<!-- \/ Yoast SEO plugin. -->","yoast_head_json":{"title":"Pratiques informationnelles et soci\u00e9t\u00e9s en crise","description":"La revue ATIC lance un appel \u00e0 articles pour un dossier sur les Pratiques informationnelles et soci\u00e9t\u00e9s en crise\" coordonn\u00e9 par C\u00e9line Paganelli, Universit\u00e9 Montpellier 3 et Madjid Ihadjadene, Universit\u00e9 Paris 8.","robots":{"index":"index","follow":"follow","max-snippet":"max-snippet:-1","max-image-preview":"max-image-preview:large","max-video-preview":"max-video-preview:-1"},"canonical":"https:\/\/www.sfsic.org\/en\/aac-publication\/pratiques-informationnelles-et-societes-en-crise\/","og_locale":"en_US","og_type":"article","og_title":"Pratiques informationnelles et soci\u00e9t\u00e9s en crise","og_description":"La revue ATIC lance un appel \u00e0 articles pour un dossier sur les Pratiques informationnelles et soci\u00e9t\u00e9s en crise\" coordonn\u00e9 par C\u00e9line Paganelli, Universit\u00e9 Montpellier 3 et Madjid Ihadjadene, Universit\u00e9 Paris 8.","og_url":"https:\/\/www.sfsic.org\/en\/aac-publication\/pratiques-informationnelles-et-societes-en-crise\/","og_site_name":"SFSIC","article_published_time":"2024-01-26T13:33:08+00:00","article_modified_time":"2024-01-26T13:33:10+00:00","author":"Axelle Martin","twitter_card":"summary_large_image","schema":{"@context":"https:\/\/schema.org","@graph":[{"@type":"Article","@id":"https:\/\/www.sfsic.org\/en\/aac-publication\/pratiques-informationnelles-et-societes-en-crise\/#article","isPartOf":{"@id":"https:\/\/www.sfsic.org\/en\/aac-publication\/pratiques-informationnelles-et-societes-en-crise\/"},"author":{"name":"Axelle Martin","@id":"https:\/\/www.sfsic.org\/en\/#\/schema\/person\/d3606993477708f4359fb9aeda58df3b"},"headline":"Pratiques informationnelles et soci\u00e9t\u00e9s en crise","datePublished":"2024-01-26T13:33:08+00:00","dateModified":"2024-01-26T13:33:10+00:00","mainEntityOfPage":{"@id":"https:\/\/www.sfsic.org\/en\/aac-publication\/pratiques-informationnelles-et-societes-en-crise\/"},"wordCount":876,"publisher":{"@id":"https:\/\/www.sfsic.org\/en\/#organization"},"keywords":["Communication","Crise","information","Pratiques"],"articleSection":["AAC Publications","Article"],"inLanguage":"en-US"},{"@type":"WebPage","@id":"https:\/\/www.sfsic.org\/en\/aac-publication\/pratiques-informationnelles-et-societes-en-crise\/","url":"https:\/\/www.sfsic.org\/en\/aac-publication\/pratiques-informationnelles-et-societes-en-crise\/","name":"Pratiques informationnelles et soci\u00e9t\u00e9s en crise","isPartOf":{"@id":"https:\/\/www.sfsic.org\/en\/#website"},"datePublished":"2024-01-26T13:33:08+00:00","dateModified":"2024-01-26T13:33:10+00:00","description":"La revue ATIC lance un appel \u00e0 articles pour un dossier sur les Pratiques informationnelles et soci\u00e9t\u00e9s en crise\" coordonn\u00e9 par C\u00e9line Paganelli, Universit\u00e9 Montpellier 3 et Madjid Ihadjadene, Universit\u00e9 Paris 8.","breadcrumb":{"@id":"https:\/\/www.sfsic.org\/en\/aac-publication\/pratiques-informationnelles-et-societes-en-crise\/#breadcrumb"},"inLanguage":"en-US","potentialAction":[{"@type":"ReadAction","target":["https:\/\/www.sfsic.org\/en\/aac-publication\/pratiques-informationnelles-et-societes-en-crise\/"]}]},{"@type":"BreadcrumbList","@id":"https:\/\/www.sfsic.org\/en\/aac-publication\/pratiques-informationnelles-et-societes-en-crise\/#breadcrumb","itemListElement":[{"@type":"ListItem","position":1,"name":"Accueil","item":"https:\/\/www.sfsic.org\/en\/"},{"@type":"ListItem","position":2,"name":"Calls for Papers","item":"https:\/\/www.sfsic.org\/en\/cfp-publication\/"},{"@type":"ListItem","position":3,"name":"Article","item":"https:\/\/www.sfsic.org\/en\/cfp-publication\/article-en\/"},{"@type":"ListItem","position":4,"name":"Pratiques informationnelles et soci\u00e9t\u00e9s en crise"}]},{"@type":"WebSite","@id":"https:\/\/www.sfsic.org\/en\/#website","url":"https:\/\/www.sfsic.org\/en\/","name":"SFSIC","description":"Soci\u00e9t\u00e9 Fran\u00e7aise des Sciences de l&#039;Information &amp; de la Communication","publisher":{"@id":"https:\/\/www.sfsic.org\/en\/#organization"},"potentialAction":[{"@type":"SearchAction","target":{"@type":"EntryPoint","urlTemplate":"https:\/\/www.sfsic.org\/en\/?s={search_term_string}"},"query-input":{"@type":"PropertyValueSpecification","valueRequired":true,"valueName":"search_term_string"}}],"inLanguage":"en-US"},{"@type":"Organization","@id":"https:\/\/www.sfsic.org\/en\/#organization","name":"SFSIC","url":"https:\/\/www.sfsic.org\/en\/","logo":{"@type":"ImageObject","inLanguage":"en-US","@id":"https:\/\/www.sfsic.org\/en\/#\/schema\/logo\/image\/","url":"https:\/\/www.sfsic.org\/wp-inside\/uploads\/2020\/05\/logo-sfsic.jpg","contentUrl":"https:\/\/www.sfsic.org\/wp-inside\/uploads\/2020\/05\/logo-sfsic.jpg","width":1085,"height":1080,"caption":"SFSIC"},"image":{"@id":"https:\/\/www.sfsic.org\/en\/#\/schema\/logo\/image\/"}},{"@type":"Person","@id":"https:\/\/www.sfsic.org\/en\/#\/schema\/person\/d3606993477708f4359fb9aeda58df3b","name":"Axelle Martin","image":{"@type":"ImageObject","inLanguage":"en-US","@id":"https:\/\/secure.gravatar.com\/avatar\/1065035eb5e480668fbf77e163c2e86f81ac342eaad4c8783acdf4a63f3c917b?s=96&d=mm&r=g","url":"https:\/\/secure.gravatar.com\/avatar\/1065035eb5e480668fbf77e163c2e86f81ac342eaad4c8783acdf4a63f3c917b?s=96&d=mm&r=g","contentUrl":"https:\/\/secure.gravatar.com\/avatar\/1065035eb5e480668fbf77e163c2e86f81ac342eaad4c8783acdf4a63f3c917b?s=96&d=mm&r=g","caption":"Axelle Martin"},"sameAs":["@antropocominside"]}]}},"_links":{"self":[{"href":"https:\/\/www.sfsic.org\/en\/wp-json\/wp\/v2\/posts\/30908","targetHints":{"allow":["GET"]}}],"collection":[{"href":"https:\/\/www.sfsic.org\/en\/wp-json\/wp\/v2\/posts"}],"about":[{"href":"https:\/\/www.sfsic.org\/en\/wp-json\/wp\/v2\/types\/post"}],"author":[{"embeddable":true,"href":"https:\/\/www.sfsic.org\/en\/wp-json\/wp\/v2\/users\/781"}],"replies":[{"embeddable":true,"href":"https:\/\/www.sfsic.org\/en\/wp-json\/wp\/v2\/comments?post=30908"}],"version-history":[{"count":3,"href":"https:\/\/www.sfsic.org\/en\/wp-json\/wp\/v2\/posts\/30908\/revisions"}],"predecessor-version":[{"id":30911,"href":"https:\/\/www.sfsic.org\/en\/wp-json\/wp\/v2\/posts\/30908\/revisions\/30911"}],"wp:attachment":[{"href":"https:\/\/www.sfsic.org\/en\/wp-json\/wp\/v2\/media?parent=30908"}],"wp:term":[{"taxonomy":"category","embeddable":true,"href":"https:\/\/www.sfsic.org\/en\/wp-json\/wp\/v2\/categories?post=30908"},{"taxonomy":"post_tag","embeddable":true,"href":"https:\/\/www.sfsic.org\/en\/wp-json\/wp\/v2\/tags?post=30908"},{"taxonomy":"thematique","embeddable":true,"href":"https:\/\/www.sfsic.org\/en\/wp-json\/wp\/v2\/thematique?post=30908"},{"taxonomy":"sfsic","embeddable":true,"href":"https:\/\/www.sfsic.org\/en\/wp-json\/wp\/v2\/sfsic?post=30908"}],"curies":[{"name":"wp","href":"https:\/\/api.w.org\/{rel}","templated":true}]}}