{"id":30862,"date":"2024-01-26T19:01:07","date_gmt":"2024-01-26T18:01:07","guid":{"rendered":"https:\/\/www.sfsic.org\/?p=30862"},"modified":"2024-01-26T19:01:08","modified_gmt":"2024-01-26T18:01:08","slug":"la-fabrique-de-lintelligibilite-des-donnees-dans-les-organisations-2","status":"publish","type":"post","link":"https:\/\/www.sfsic.org\/en\/publication\/la-fabrique-de-lintelligibilite-des-donnees-dans-les-organisations-2\/","title":{"rendered":"La fabrique de l\u2019intelligibilit\u00e9 des donn\u00e9es dans les organisations"},"content":{"rendered":"<p><!-- fxzn:singledetail --><\/p>\n<div class=\"zone zn-singledetail\" id=\"fxzn-singledetail-1\">\n<div class=\"zone-block zn-singledetail-block alignwide va-top\">\n<div class=\"row\">\n<div class=\"columns large-8 large-push-4\">\n<div class=\"zn-singledetail-metabox\">\n<div class=\"zn-singledetail-pubdate pubdate\">\n\t\t\t\t\t<span class=\"pubdate-txt\">Mis en ligne le<\/span><span class=\"doubledot\"><\/span> <time class=\"pubdate-time\" pubdate datetime=\"2024-01-21T15:11:22+01:00\">21 janvier 2024<\/time>\t\t\t\t<\/div>\n<div class=\"zn-singledetail-thematiques with-sep-comma\">\n<ul class=\"termslist termslist-thematique\">\n<li class=\"termslist-item termslist-title\"><span class=\"termslist-titletxt\">Th\u00e9matiques<\/span><span class=\"doubledot\"><\/span><\/li>\n<li class=\"termslist-item tax-thematique term-communication-organisations\"><a class=\"termslist-itemlink\" href=\"https:\/\/www.sfsic.org\/thematiques\/communication-organisations\/\" title=\"Communication et organisations\"><span class=\"termslist-itemname\">Communication et organisations<\/span><\/a><\/li>\n<li class=\"termslist-item tax-thematique term-numerique-strategies-dispositifs-et-usages\"><a class=\"termslist-itemlink\" href=\"https:\/\/www.sfsic.org\/thematiques\/numerique-strategies-dispositifs-et-usages\/\" title=\"Num\u00e9rique : strat\u00e9gies, dispositifs et usages\"><span class=\"termslist-itemname\">Num\u00e9rique : strat\u00e9gies, dispositifs et usages<\/span><\/a><\/li>\n<\/ul><\/div>\n<\/p><\/div>\n<\/p><\/div>\n<\/p><\/div>\n<div class=\"row\">\n<div class=\"columns large-4\">\n<div class=\"zn-singledetail-sidebar bg-cornersquares\">\n<div class=\"zn-singledetail-infos\">\n<p class=\"zn-singledetail-type\">\n\t\t\t\t\t\t\t<span>Type de publication<\/span><span class=\"doubledot\"><\/span> <strong>Num\u00e9ro de revue<\/strong>\n\t\t\t\t\t<\/p>\n<p class=\"zn-singledetail-name\">\n\t\t\t\t\t\t\t<span>Nom de la publication<\/span><span class=\"doubledot\"><\/span> <strong>Communication &#038; Organisation<\/strong>\n\t\t\t\t\t<\/p>\n<p class=\"zn-singledetail-edition\">\n\t\t\t\t\t\t\t<span>\u00c9dition<\/span><span class=\"doubledot\"><\/span> <strong>Presses universitaires de Bordeaux<\/strong>\n\t\t\t\t\t<\/p>\n<\/p><\/div>\n<div class=\"zn-singledetail-coordinators\">\n<h3 class=\"zn-singledetail-section-title\">Coordinateur(s) \/ Auteur(s)<\/h3>\n<ul class=\"zn-singledetail-coordinators-list\">\n<li class=\"zn-singledetail-coordinators-item\">\n\t\t\t\t\t\t\t<span>Marie-H\u00e9l\u00e8ne <\/span> <span>Hermand<\/span>\t\t\t\t\t\t\t\t\t\t\t\t\t<\/li>\n<li class=\"zn-singledetail-coordinators-item\">\n\t\t\t\t\t\t\t<span>Jean-Michel <\/span> <span>Camin<\/span>\t\t\t\t\t\t\t\t\t\t\t\t\t<\/li>\n<\/ul><\/div>\n<\/p><\/div>\n<\/p><\/div>\n<div class=\"columns large-8\">\n<div class=\"zn-singledetail-contentbox\">\n<div class=\"zn-singledetail-annonce wig-content\">\n<p>Le num\u00e9ro 64 de la revue Communication &amp; Organisation est en ligne. Coordonn\u00e9 par Marie-H\u00e9l\u00e8ne Hermand et Jean-Michel Camin, il est intitul\u00e9 \u00ab&#160;La fabrique de l\u2019intelligibilit\u00e9 des donn\u00e9es dans les organisations&#160;\u00bb.<\/p>\n<p><img loading=\"lazy\" decoding=\"async\" class=\"size-medium wp-image-30865 aligncenter\" src=\"https:\/\/www.sfsic.org\/wp-inside\/uploads\/2024\/01\/couverture_communication_organisation_64_1-192x300.jpg\" alt=\"\" width=\"192\" height=\"300\" srcset=\"https:\/\/www.sfsic.org\/wp-inside\/uploads\/2024\/01\/couverture_communication_organisation_64_1-192x300.jpg 192w, https:\/\/www.sfsic.org\/wp-inside\/uploads\/2024\/01\/couverture_communication_organisation_64_1-656x1024.jpg 656w, https:\/\/www.sfsic.org\/wp-inside\/uploads\/2024\/01\/couverture_communication_organisation_64_1-768x1200.jpg 768w, https:\/\/www.sfsic.org\/wp-inside\/uploads\/2024\/01\/couverture_communication_organisation_64_1-205x320.jpg 205w, https:\/\/www.sfsic.org\/wp-inside\/uploads\/2024\/01\/couverture_communication_organisation_64_1-780x1218.jpg 780w, https:\/\/www.sfsic.org\/wp-inside\/uploads\/2024\/01\/couverture_communication_organisation_64_1-200x312.jpg 200w, https:\/\/www.sfsic.org\/wp-inside\/uploads\/2024\/01\/couverture_communication_organisation_64_1.jpg 945w\" sizes=\"auto, (max-width: 192px) 100vw, 192px\" \/><\/p>\n<p style=\"text-align: center;\"><a class=\"button outline with-arrow\" href=\"https:\/\/www.cairn.info\/revue-communication-et-organisation-2023-2.htm\">Consulter le dossier sur Cairn<\/a><\/p>\n<h2>Sommaire<\/h2>\n<h3>Dossier<\/h3>\n<p>Page 11 \u00e0 15<br \/>\nLa fabrique de l\u2019intelligibilit\u00e9 des donn\u00e9es dans les organisations<br \/>\n<strong>Marie-H\u00e9l\u00e8ne Hermand, Jean-Michel Camin<\/strong><\/p>\n<p>Page 19 \u00e0 31<br \/>\nFabriquer des donn\u00e9es, produire du sens&#160;: une ethnographie dans les m\u00e9dias<br \/>\n<strong>Cassandre Burnier<\/strong><\/p>\n<p>Page 33 \u00e0 49<br \/>\nLe cadre de l\u2019exp\u00e9rience des donn\u00e9es en \u00e9ducation&#160;: gouvernance, repr\u00e9sentations et intelligibilit\u00e9 des donn\u00e9es dans l\u2019\u00e9ducation nationale<br \/>\n<strong>Anne Lehmans, Camille Capelle<\/strong><\/p>\n<p>Page 51 \u00e0 66<br \/>\nL\u2019\u00e9thique des donn\u00e9es dans les chartes \u00e9thiques des collectivit\u00e9s territoriales<br \/>\n<strong>Ugo Verdi<\/strong><\/p>\n<p>Page 67 \u00e0 81<br \/>\nGouvernance des donn\u00e9es et intelligibilit\u00e9&#160;: une approche m\u00e9thodologique en contexte universitaire<br \/>\n<strong>Guy M\u00e9lan\u00e7on, Nathalie Pin\u00e8de<\/strong><\/p>\n<p>Page 83 \u00e0 96<br \/>\nLa revanche de la billetterie<br \/>\nComment le logiciel revalorise la place de la billetterie dans le spectacle vivant subventionn\u00e9<br \/>\n<strong>Pascal Quidu<\/strong><\/p>\n<p>Page 97 \u00e0 112<br \/>\nAnalyse et visualisation des strat\u00e9gies de communication d\u2019une organisation sur Twitter<br \/>\n<strong>Alyse Yilmaz, Luis Torrez-Yepez, Khaldoun Zreik<\/strong><\/p>\n<p>Page 113 \u00e0 127<br \/>\nPROGEDO au service de l\u2019intelligibilit\u00e9 des donn\u00e9es quantitatives<br \/>\n<strong>Jonathan Zurbach<\/strong><\/p>\n<p>Page 129 \u00e0 145<br \/>\nR\u00e9concilier savoirs et savoir-faire<br \/>\nR\u00e9cit d\u2019une observation participante en start-up sp\u00e9cialis\u00e9e dans l\u2019exploitation et l\u2019enrichissement des donn\u00e9es<br \/>\n<strong>L\u00e9na\u00efk Leyoudec<\/strong><\/p>\n<p>Page 147 \u00e0 160<br \/>\nDe la donn\u00e9e \u00e0 la connaissance, de l\u2019intelligibilit\u00e9 \u00e0 l\u2019action<br \/>\n<strong>Ali Amairia<\/strong><\/p>\n<p>Page 161 \u00e0 167<br \/>\nLa fabrique de l\u2019intelligibilit\u00e9 des donn\u00e9es sur la plateforme institutionnelle LaCAS<br \/>\n<em>Entretien avec<\/em> <strong>Peter Stockinger<\/strong>, <em>Propos recueillis par<\/em> <strong>Marie-H\u00e9l\u00e8ne Hermand<\/strong>, <strong>Jean-Michel Camin<\/strong><\/p>\n<h3>Varia<\/h3>\n<p>Page 171 \u00e0 185<br \/>\nOrganisations de sant\u00e9 et approches des in\u00e9galit\u00e9s. La pr\u00e9vention des cancers\u202a<br \/>\n<strong>Maureen Sampic<\/strong><\/p>\n<p>Page 187 \u00e0 203<br \/>\n\u00c9mergence et \u00e9volution de la fonction de communication au sein des universit\u00e9s publiques marocaines<br \/>\n<strong>Lamyae Jmoula<\/strong><\/p>\n<h3>Exp\u00e9riences<\/h3>\n<p>Page 207 \u00e0 213<br \/>\nUne chaire UNESCO sur l\u2019\u00ab&#160;Intervention Sociale Non-violente&#160;\u00bb&#160;: enjeux d\u2019un dispositif de recherche-action et de formation<br \/>\n<strong>Pascal Tozzi<\/strong><\/p>\n<h3>\u00c9tat de la recherche et des laboratoires<\/h3>\n<p>Page 217 \u00e0 225<br \/>\nLes implications de l\u2019intelligence artificielle pour la communication strat\u00e9gique et organisationnelle<br \/>\n<strong>Alexander Buhmann<\/strong><\/p>\n<p>Page 218<br \/>\n\u202aThe implications of artificial intelligence for strategic and organisational communication\u202a<br \/>\n<strong>Alexander Buhmann<\/strong><\/p>\n<p>Page 219<br \/>\nThe COS research team. Communication, Organisation and Societies<br \/>\n<strong>#NORA<\/strong><\/p>\n<h3>Recensions<\/h3>\n<p>Page 229 \u00e0 231<br \/>\nALLOING Camille, 2022. \u00c9valuer la communication des organisations. 7 concepts et leurs mesures<br \/>\nQu\u00e9bec&#160;: Presses de l\u2019Universit\u00e9 du Qu\u00e9bec<br \/>\n<strong>Brigitte Juanals<\/strong><\/p>\n<p>Page 232 \u00e0 233<br \/>\nMARTIN-JUCHAT Fabienne, 2020. L\u2019aventure corporelle. La communication corporelle, une voie vers l\u2019\u00e9mancipation<br \/>\nGrenoble&#160;: Presses universitaires de Grenoble. Collection \u00ab&#160;Rien d\u2019impossible&#160;\u00bb<br \/>\n<strong>Florence Lethurgez<\/strong><\/p>\n<p>Page 234 \u00e0 236<br \/>\nTIFFON Guillaume, 2021. Le travail disloqu\u00e9&#160;: Organisations liquides et p\u00e9nibilit\u00e9 mentale du travail<br \/>\nLormont&#160;: Le bord de l\u2019eau<br \/>\n<strong>Delphine Dupr\u00e9<\/strong><\/p>\n<\/p><\/div>\n<div class=\"zn-singledetail-keywords\">\n<h3 class=\"zn-singledetail-section-title\">Mots-cl\u00e9s<\/h3>\n<ul class=\"termslist termslist-post_tag\">\n<li class=\"termslist-item termslist-title\"><span class=\"termslist-titletxt\">Mots-cl\u00e9s<\/span><span class=\"doubledot\"><\/span><\/li>\n<li class=\"termslist-item tax-post_tag term-donnees\"><a class=\"termslist-itemlink\" href=\"https:\/\/www.sfsic.org\/tag\/donnees\/\" title=\"Donn\u00e9es\"><span class=\"termslist-itemname\">Donn\u00e9es<\/span><\/a><\/li>\n<li class=\"termslist-item tax-post_tag term-organisation\"><a class=\"termslist-itemlink\" href=\"https:\/\/www.sfsic.org\/tag\/organisation\/\" title=\"Organisation\"><span class=\"termslist-itemname\">Organisation<\/span><\/a><\/li>\n<li class=\"termslist-item tax-post_tag term-traitement-de-donnees\"><a class=\"termslist-itemlink\" href=\"https:\/\/www.sfsic.org\/tag\/traitement-de-donnees\/\" title=\"Traitement de donn\u00e9es\"><span class=\"termslist-itemname\">Traitement de donn\u00e9es<\/span><\/a><\/li>\n<\/ul><\/div>\n<\/p><\/div>\n<\/p><\/div>\n<\/p><\/div>\n<\/p><\/div>\n<\/div>\n<p><!-- \/fxzn:singledetail --><\/p>\n","protected":false},"excerpt":{"rendered":"<p>Mis en ligne le 21 janvier 2024 Th\u00e9matiques Communication et organisations Num\u00e9rique : strat\u00e9gies, dispositifs et usages Type de publication Num\u00e9ro de revue Nom de la publication Communication &#038; Organisation [&hellip;]<\/p>\n","protected":false},"author":1619,"featured_media":0,"comment_status":"closed","ping_status":"closed","sticky":false,"template":"","format":"standard","meta":{"_acf_changed":false,"footnotes":""},"categories":[70,31],"tags":[128,74,365],"thematique":[37,39],"sfsic":[],"class_list":["post-30862","post","type-post","status-publish","format-standard","hentry","category-numero-revue","category-publication","tag-donnees","tag-organisation","tag-traitement-de-donnees","thematique-communication-organisations","thematique-numerique-strategies-dispositifs-et-usages","wp-sticky"],"acf":[],"yoast_head":"<!-- This site is optimized with the Yoast SEO plugin v27.5 - https:\/\/yoast.com\/product\/yoast-seo-wordpress\/ -->\n<title>La fabrique de l\u2019intelligibilit\u00e9 des donn\u00e9es dans les organisations<\/title>\n<meta name=\"description\" content=\"Le num\u00e9ro 64 de la revue Communication &amp; Organisation est en ligne. Coordonn\u00e9 par Marie-H\u00e9l\u00e8ne Hermand et Jean-Michel Camin, il est intitul\u00e9 \u00ab La fabrique de l\u2019intelligibilit\u00e9 des donn\u00e9es dans les organisations \u00bb.\" \/>\n<meta name=\"robots\" content=\"index, follow, max-snippet:-1, max-image-preview:large, max-video-preview:-1\" \/>\n<link rel=\"canonical\" href=\"https:\/\/www.sfsic.org\/en\/publication\/la-fabrique-de-lintelligibilite-des-donnees-dans-les-organisations-2\/\" \/>\n<meta property=\"og:locale\" content=\"en_US\" \/>\n<meta property=\"og:type\" content=\"article\" \/>\n<meta property=\"og:title\" content=\"La fabrique de l\u2019intelligibilit\u00e9 des donn\u00e9es dans les organisations\" \/>\n<meta property=\"og:description\" content=\"Le num\u00e9ro 64 de la revue Communication &amp; Organisation est en ligne. Coordonn\u00e9 par Marie-H\u00e9l\u00e8ne Hermand et Jean-Michel Camin, il est intitul\u00e9 \u00ab La fabrique de l\u2019intelligibilit\u00e9 des donn\u00e9es dans les organisations \u00bb.\" \/>\n<meta property=\"og:url\" content=\"https:\/\/www.sfsic.org\/en\/publication\/la-fabrique-de-lintelligibilite-des-donnees-dans-les-organisations-2\/\" \/>\n<meta property=\"og:site_name\" content=\"SFSIC\" \/>\n<meta property=\"article:published_time\" content=\"2024-01-26T18:01:07+00:00\" \/>\n<meta property=\"article:modified_time\" content=\"2024-01-26T18:01:08+00:00\" \/>\n<meta property=\"og:image\" content=\"https:\/\/www.sfsic.org\/wp-inside\/uploads\/2024\/01\/couverture_communication_organisation_64_1-192x300.jpg\" \/>\n<meta name=\"author\" content=\"Larissa Diedhiou\" \/>\n<meta name=\"twitter:card\" content=\"summary_large_image\" \/>\n<script type=\"application\/ld+json\" class=\"yoast-schema-graph\">{\"@context\":\"https:\\\/\\\/schema.org\",\"@graph\":[{\"@type\":\"Article\",\"@id\":\"https:\\\/\\\/www.sfsic.org\\\/en\\\/publication\\\/la-fabrique-de-lintelligibilite-des-donnees-dans-les-organisations-2\\\/#article\",\"isPartOf\":{\"@id\":\"https:\\\/\\\/www.sfsic.org\\\/en\\\/publication\\\/la-fabrique-de-lintelligibilite-des-donnees-dans-les-organisations-2\\\/\"},\"author\":{\"name\":\"Larissa Diedhiou\",\"@id\":\"https:\\\/\\\/www.sfsic.org\\\/en\\\/#\\\/schema\\\/person\\\/ce8577e21f0497e903a0e42776282f0e\"},\"headline\":\"La fabrique de l\u2019intelligibilit\u00e9 des donn\u00e9es dans les organisations\",\"datePublished\":\"2024-01-26T18:01:07+00:00\",\"dateModified\":\"2024-01-26T18:01:08+00:00\",\"mainEntityOfPage\":{\"@id\":\"https:\\\/\\\/www.sfsic.org\\\/en\\\/publication\\\/la-fabrique-de-lintelligibilite-des-donnees-dans-les-organisations-2\\\/\"},\"wordCount\":509,\"publisher\":{\"@id\":\"https:\\\/\\\/www.sfsic.org\\\/en\\\/#organization\"},\"image\":{\"@id\":\"https:\\\/\\\/www.sfsic.org\\\/en\\\/publication\\\/la-fabrique-de-lintelligibilite-des-donnees-dans-les-organisations-2\\\/#primaryimage\"},\"thumbnailUrl\":\"https:\\\/\\\/www.sfsic.org\\\/wp-inside\\\/uploads\\\/2024\\\/01\\\/couverture_communication_organisation_64_1-192x300.jpg\",\"keywords\":[\"Donn\u00e9es\",\"Organisation\",\"Traitement de donn\u00e9es\"],\"articleSection\":[\"Num\u00e9ro de revue\",\"Publications\"],\"inLanguage\":\"en-US\"},{\"@type\":\"WebPage\",\"@id\":\"https:\\\/\\\/www.sfsic.org\\\/en\\\/publication\\\/la-fabrique-de-lintelligibilite-des-donnees-dans-les-organisations-2\\\/\",\"url\":\"https:\\\/\\\/www.sfsic.org\\\/en\\\/publication\\\/la-fabrique-de-lintelligibilite-des-donnees-dans-les-organisations-2\\\/\",\"name\":\"La fabrique de l\u2019intelligibilit\u00e9 des donn\u00e9es dans les organisations\",\"isPartOf\":{\"@id\":\"https:\\\/\\\/www.sfsic.org\\\/en\\\/#website\"},\"primaryImageOfPage\":{\"@id\":\"https:\\\/\\\/www.sfsic.org\\\/en\\\/publication\\\/la-fabrique-de-lintelligibilite-des-donnees-dans-les-organisations-2\\\/#primaryimage\"},\"image\":{\"@id\":\"https:\\\/\\\/www.sfsic.org\\\/en\\\/publication\\\/la-fabrique-de-lintelligibilite-des-donnees-dans-les-organisations-2\\\/#primaryimage\"},\"thumbnailUrl\":\"https:\\\/\\\/www.sfsic.org\\\/wp-inside\\\/uploads\\\/2024\\\/01\\\/couverture_communication_organisation_64_1-192x300.jpg\",\"datePublished\":\"2024-01-26T18:01:07+00:00\",\"dateModified\":\"2024-01-26T18:01:08+00:00\",\"description\":\"Le num\u00e9ro 64 de la revue Communication & Organisation est en ligne. Coordonn\u00e9 par Marie-H\u00e9l\u00e8ne Hermand et Jean-Michel Camin, il est intitul\u00e9 \u00ab La fabrique de l\u2019intelligibilit\u00e9 des donn\u00e9es dans les organisations \u00bb.\",\"breadcrumb\":{\"@id\":\"https:\\\/\\\/www.sfsic.org\\\/en\\\/publication\\\/la-fabrique-de-lintelligibilite-des-donnees-dans-les-organisations-2\\\/#breadcrumb\"},\"inLanguage\":\"en-US\",\"potentialAction\":[{\"@type\":\"ReadAction\",\"target\":[\"https:\\\/\\\/www.sfsic.org\\\/en\\\/publication\\\/la-fabrique-de-lintelligibilite-des-donnees-dans-les-organisations-2\\\/\"]}]},{\"@type\":\"ImageObject\",\"inLanguage\":\"en-US\",\"@id\":\"https:\\\/\\\/www.sfsic.org\\\/en\\\/publication\\\/la-fabrique-de-lintelligibilite-des-donnees-dans-les-organisations-2\\\/#primaryimage\",\"url\":\"https:\\\/\\\/www.sfsic.org\\\/wp-inside\\\/uploads\\\/2024\\\/01\\\/couverture_communication_organisation_64_1-192x300.jpg\",\"contentUrl\":\"https:\\\/\\\/www.sfsic.org\\\/wp-inside\\\/uploads\\\/2024\\\/01\\\/couverture_communication_organisation_64_1-192x300.jpg\"},{\"@type\":\"BreadcrumbList\",\"@id\":\"https:\\\/\\\/www.sfsic.org\\\/en\\\/publication\\\/la-fabrique-de-lintelligibilite-des-donnees-dans-les-organisations-2\\\/#breadcrumb\",\"itemListElement\":[{\"@type\":\"ListItem\",\"position\":1,\"name\":\"Accueil\",\"item\":\"https:\\\/\\\/www.sfsic.org\\\/en\\\/\"},{\"@type\":\"ListItem\",\"position\":2,\"name\":\"Publications\",\"item\":\"https:\\\/\\\/www.sfsic.org\\\/en\\\/publication-en\\\/\"},{\"@type\":\"ListItem\",\"position\":3,\"name\":\"Journal issue\",\"item\":\"https:\\\/\\\/www.sfsic.org\\\/en\\\/publication-en\\\/journal-issue\\\/\"},{\"@type\":\"ListItem\",\"position\":4,\"name\":\"La fabrique de l\u2019intelligibilit\u00e9 des donn\u00e9es dans les organisations\"}]},{\"@type\":\"WebSite\",\"@id\":\"https:\\\/\\\/www.sfsic.org\\\/en\\\/#website\",\"url\":\"https:\\\/\\\/www.sfsic.org\\\/en\\\/\",\"name\":\"SFSIC\",\"description\":\"Soci\u00e9t\u00e9 Fran\u00e7aise des Sciences de l&#039;Information &amp; de la Communication\",\"publisher\":{\"@id\":\"https:\\\/\\\/www.sfsic.org\\\/en\\\/#organization\"},\"potentialAction\":[{\"@type\":\"SearchAction\",\"target\":{\"@type\":\"EntryPoint\",\"urlTemplate\":\"https:\\\/\\\/www.sfsic.org\\\/en\\\/?s={search_term_string}\"},\"query-input\":{\"@type\":\"PropertyValueSpecification\",\"valueRequired\":true,\"valueName\":\"search_term_string\"}}],\"inLanguage\":\"en-US\"},{\"@type\":\"Organization\",\"@id\":\"https:\\\/\\\/www.sfsic.org\\\/en\\\/#organization\",\"name\":\"SFSIC\",\"url\":\"https:\\\/\\\/www.sfsic.org\\\/en\\\/\",\"logo\":{\"@type\":\"ImageObject\",\"inLanguage\":\"en-US\",\"@id\":\"https:\\\/\\\/www.sfsic.org\\\/en\\\/#\\\/schema\\\/logo\\\/image\\\/\",\"url\":\"https:\\\/\\\/www.sfsic.org\\\/wp-inside\\\/uploads\\\/2020\\\/05\\\/logo-sfsic.jpg\",\"contentUrl\":\"https:\\\/\\\/www.sfsic.org\\\/wp-inside\\\/uploads\\\/2020\\\/05\\\/logo-sfsic.jpg\",\"width\":1085,\"height\":1080,\"caption\":\"SFSIC\"},\"image\":{\"@id\":\"https:\\\/\\\/www.sfsic.org\\\/en\\\/#\\\/schema\\\/logo\\\/image\\\/\"}},{\"@type\":\"Person\",\"@id\":\"https:\\\/\\\/www.sfsic.org\\\/en\\\/#\\\/schema\\\/person\\\/ce8577e21f0497e903a0e42776282f0e\",\"name\":\"Larissa Diedhiou\",\"image\":{\"@type\":\"ImageObject\",\"inLanguage\":\"en-US\",\"@id\":\"https:\\\/\\\/secure.gravatar.com\\\/avatar\\\/01b1d96d33f7113e46a28c4b65fb0e83934b735c2255eb7325f43b4a7e1602c8?s=96&d=mm&r=g\",\"url\":\"https:\\\/\\\/secure.gravatar.com\\\/avatar\\\/01b1d96d33f7113e46a28c4b65fb0e83934b735c2255eb7325f43b4a7e1602c8?s=96&d=mm&r=g\",\"contentUrl\":\"https:\\\/\\\/secure.gravatar.com\\\/avatar\\\/01b1d96d33f7113e46a28c4b65fb0e83934b735c2255eb7325f43b4a7e1602c8?s=96&d=mm&r=g\",\"caption\":\"Larissa Diedhiou\"}}]}<\/script>\n<!-- \/ Yoast SEO plugin. -->","yoast_head_json":{"title":"La fabrique de l\u2019intelligibilit\u00e9 des donn\u00e9es dans les organisations","description":"Le num\u00e9ro 64 de la revue Communication & Organisation est en ligne. Coordonn\u00e9 par Marie-H\u00e9l\u00e8ne Hermand et Jean-Michel Camin, il est intitul\u00e9 \u00ab La fabrique de l\u2019intelligibilit\u00e9 des donn\u00e9es dans les organisations \u00bb.","robots":{"index":"index","follow":"follow","max-snippet":"max-snippet:-1","max-image-preview":"max-image-preview:large","max-video-preview":"max-video-preview:-1"},"canonical":"https:\/\/www.sfsic.org\/en\/publication\/la-fabrique-de-lintelligibilite-des-donnees-dans-les-organisations-2\/","og_locale":"en_US","og_type":"article","og_title":"La fabrique de l\u2019intelligibilit\u00e9 des donn\u00e9es dans les organisations","og_description":"Le num\u00e9ro 64 de la revue Communication & Organisation est en ligne. Coordonn\u00e9 par Marie-H\u00e9l\u00e8ne Hermand et Jean-Michel Camin, il est intitul\u00e9 \u00ab La fabrique de l\u2019intelligibilit\u00e9 des donn\u00e9es dans les organisations \u00bb.","og_url":"https:\/\/www.sfsic.org\/en\/publication\/la-fabrique-de-lintelligibilite-des-donnees-dans-les-organisations-2\/","og_site_name":"SFSIC","article_published_time":"2024-01-26T18:01:07+00:00","article_modified_time":"2024-01-26T18:01:08+00:00","og_image":[{"url":"https:\/\/www.sfsic.org\/wp-inside\/uploads\/2024\/01\/couverture_communication_organisation_64_1-192x300.jpg","type":"","width":"","height":""}],"author":"Larissa Diedhiou","twitter_card":"summary_large_image","schema":{"@context":"https:\/\/schema.org","@graph":[{"@type":"Article","@id":"https:\/\/www.sfsic.org\/en\/publication\/la-fabrique-de-lintelligibilite-des-donnees-dans-les-organisations-2\/#article","isPartOf":{"@id":"https:\/\/www.sfsic.org\/en\/publication\/la-fabrique-de-lintelligibilite-des-donnees-dans-les-organisations-2\/"},"author":{"name":"Larissa Diedhiou","@id":"https:\/\/www.sfsic.org\/en\/#\/schema\/person\/ce8577e21f0497e903a0e42776282f0e"},"headline":"La fabrique de l\u2019intelligibilit\u00e9 des donn\u00e9es dans les organisations","datePublished":"2024-01-26T18:01:07+00:00","dateModified":"2024-01-26T18:01:08+00:00","mainEntityOfPage":{"@id":"https:\/\/www.sfsic.org\/en\/publication\/la-fabrique-de-lintelligibilite-des-donnees-dans-les-organisations-2\/"},"wordCount":509,"publisher":{"@id":"https:\/\/www.sfsic.org\/en\/#organization"},"image":{"@id":"https:\/\/www.sfsic.org\/en\/publication\/la-fabrique-de-lintelligibilite-des-donnees-dans-les-organisations-2\/#primaryimage"},"thumbnailUrl":"https:\/\/www.sfsic.org\/wp-inside\/uploads\/2024\/01\/couverture_communication_organisation_64_1-192x300.jpg","keywords":["Donn\u00e9es","Organisation","Traitement de donn\u00e9es"],"articleSection":["Num\u00e9ro de revue","Publications"],"inLanguage":"en-US"},{"@type":"WebPage","@id":"https:\/\/www.sfsic.org\/en\/publication\/la-fabrique-de-lintelligibilite-des-donnees-dans-les-organisations-2\/","url":"https:\/\/www.sfsic.org\/en\/publication\/la-fabrique-de-lintelligibilite-des-donnees-dans-les-organisations-2\/","name":"La fabrique de l\u2019intelligibilit\u00e9 des donn\u00e9es dans les organisations","isPartOf":{"@id":"https:\/\/www.sfsic.org\/en\/#website"},"primaryImageOfPage":{"@id":"https:\/\/www.sfsic.org\/en\/publication\/la-fabrique-de-lintelligibilite-des-donnees-dans-les-organisations-2\/#primaryimage"},"image":{"@id":"https:\/\/www.sfsic.org\/en\/publication\/la-fabrique-de-lintelligibilite-des-donnees-dans-les-organisations-2\/#primaryimage"},"thumbnailUrl":"https:\/\/www.sfsic.org\/wp-inside\/uploads\/2024\/01\/couverture_communication_organisation_64_1-192x300.jpg","datePublished":"2024-01-26T18:01:07+00:00","dateModified":"2024-01-26T18:01:08+00:00","description":"Le num\u00e9ro 64 de la revue Communication & Organisation est en ligne. Coordonn\u00e9 par Marie-H\u00e9l\u00e8ne Hermand et Jean-Michel Camin, il est intitul\u00e9 \u00ab La fabrique de l\u2019intelligibilit\u00e9 des donn\u00e9es dans les organisations \u00bb.","breadcrumb":{"@id":"https:\/\/www.sfsic.org\/en\/publication\/la-fabrique-de-lintelligibilite-des-donnees-dans-les-organisations-2\/#breadcrumb"},"inLanguage":"en-US","potentialAction":[{"@type":"ReadAction","target":["https:\/\/www.sfsic.org\/en\/publication\/la-fabrique-de-lintelligibilite-des-donnees-dans-les-organisations-2\/"]}]},{"@type":"ImageObject","inLanguage":"en-US","@id":"https:\/\/www.sfsic.org\/en\/publication\/la-fabrique-de-lintelligibilite-des-donnees-dans-les-organisations-2\/#primaryimage","url":"https:\/\/www.sfsic.org\/wp-inside\/uploads\/2024\/01\/couverture_communication_organisation_64_1-192x300.jpg","contentUrl":"https:\/\/www.sfsic.org\/wp-inside\/uploads\/2024\/01\/couverture_communication_organisation_64_1-192x300.jpg"},{"@type":"BreadcrumbList","@id":"https:\/\/www.sfsic.org\/en\/publication\/la-fabrique-de-lintelligibilite-des-donnees-dans-les-organisations-2\/#breadcrumb","itemListElement":[{"@type":"ListItem","position":1,"name":"Accueil","item":"https:\/\/www.sfsic.org\/en\/"},{"@type":"ListItem","position":2,"name":"Publications","item":"https:\/\/www.sfsic.org\/en\/publication-en\/"},{"@type":"ListItem","position":3,"name":"Journal issue","item":"https:\/\/www.sfsic.org\/en\/publication-en\/journal-issue\/"},{"@type":"ListItem","position":4,"name":"La fabrique de l\u2019intelligibilit\u00e9 des donn\u00e9es dans les organisations"}]},{"@type":"WebSite","@id":"https:\/\/www.sfsic.org\/en\/#website","url":"https:\/\/www.sfsic.org\/en\/","name":"SFSIC","description":"Soci\u00e9t\u00e9 Fran\u00e7aise des Sciences de l&#039;Information &amp; de la Communication","publisher":{"@id":"https:\/\/www.sfsic.org\/en\/#organization"},"potentialAction":[{"@type":"SearchAction","target":{"@type":"EntryPoint","urlTemplate":"https:\/\/www.sfsic.org\/en\/?s={search_term_string}"},"query-input":{"@type":"PropertyValueSpecification","valueRequired":true,"valueName":"search_term_string"}}],"inLanguage":"en-US"},{"@type":"Organization","@id":"https:\/\/www.sfsic.org\/en\/#organization","name":"SFSIC","url":"https:\/\/www.sfsic.org\/en\/","logo":{"@type":"ImageObject","inLanguage":"en-US","@id":"https:\/\/www.sfsic.org\/en\/#\/schema\/logo\/image\/","url":"https:\/\/www.sfsic.org\/wp-inside\/uploads\/2020\/05\/logo-sfsic.jpg","contentUrl":"https:\/\/www.sfsic.org\/wp-inside\/uploads\/2020\/05\/logo-sfsic.jpg","width":1085,"height":1080,"caption":"SFSIC"},"image":{"@id":"https:\/\/www.sfsic.org\/en\/#\/schema\/logo\/image\/"}},{"@type":"Person","@id":"https:\/\/www.sfsic.org\/en\/#\/schema\/person\/ce8577e21f0497e903a0e42776282f0e","name":"Larissa Diedhiou","image":{"@type":"ImageObject","inLanguage":"en-US","@id":"https:\/\/secure.gravatar.com\/avatar\/01b1d96d33f7113e46a28c4b65fb0e83934b735c2255eb7325f43b4a7e1602c8?s=96&d=mm&r=g","url":"https:\/\/secure.gravatar.com\/avatar\/01b1d96d33f7113e46a28c4b65fb0e83934b735c2255eb7325f43b4a7e1602c8?s=96&d=mm&r=g","contentUrl":"https:\/\/secure.gravatar.com\/avatar\/01b1d96d33f7113e46a28c4b65fb0e83934b735c2255eb7325f43b4a7e1602c8?s=96&d=mm&r=g","caption":"Larissa Diedhiou"}}]}},"_links":{"self":[{"href":"https:\/\/www.sfsic.org\/en\/wp-json\/wp\/v2\/posts\/30862","targetHints":{"allow":["GET"]}}],"collection":[{"href":"https:\/\/www.sfsic.org\/en\/wp-json\/wp\/v2\/posts"}],"about":[{"href":"https:\/\/www.sfsic.org\/en\/wp-json\/wp\/v2\/types\/post"}],"author":[{"embeddable":true,"href":"https:\/\/www.sfsic.org\/en\/wp-json\/wp\/v2\/users\/1619"}],"replies":[{"embeddable":true,"href":"https:\/\/www.sfsic.org\/en\/wp-json\/wp\/v2\/comments?post=30862"}],"version-history":[{"count":4,"href":"https:\/\/www.sfsic.org\/en\/wp-json\/wp\/v2\/posts\/30862\/revisions"}],"predecessor-version":[{"id":30923,"href":"https:\/\/www.sfsic.org\/en\/wp-json\/wp\/v2\/posts\/30862\/revisions\/30923"}],"wp:attachment":[{"href":"https:\/\/www.sfsic.org\/en\/wp-json\/wp\/v2\/media?parent=30862"}],"wp:term":[{"taxonomy":"category","embeddable":true,"href":"https:\/\/www.sfsic.org\/en\/wp-json\/wp\/v2\/categories?post=30862"},{"taxonomy":"post_tag","embeddable":true,"href":"https:\/\/www.sfsic.org\/en\/wp-json\/wp\/v2\/tags?post=30862"},{"taxonomy":"thematique","embeddable":true,"href":"https:\/\/www.sfsic.org\/en\/wp-json\/wp\/v2\/thematique?post=30862"},{"taxonomy":"sfsic","embeddable":true,"href":"https:\/\/www.sfsic.org\/en\/wp-json\/wp\/v2\/sfsic?post=30862"}],"curies":[{"name":"wp","href":"https:\/\/api.w.org\/{rel}","templated":true}]}}