{"id":30687,"date":"2024-01-11T14:08:57","date_gmt":"2024-01-11T13:08:57","guid":{"rendered":"https:\/\/www.sfsic.org\/?p=30687"},"modified":"2024-01-11T14:09:12","modified_gmt":"2024-01-11T13:09:12","slug":"par-temps-de-confinement-culture-et-medias","status":"publish","type":"post","link":"https:\/\/www.sfsic.org\/en\/publication\/par-temps-de-confinement-culture-et-medias\/","title":{"rendered":"Par temps de confinement : culture et m\u00e9dias"},"content":{"rendered":"<p><!-- fxzn:singledetail --><\/p>\n<div class=\"zone zn-singledetail\" id=\"fxzn-singledetail-1\">\n<div class=\"zone-block zn-singledetail-block alignwide va-top\">\n<div class=\"row\">\n<div class=\"columns large-8 large-push-4\">\n<div class=\"zn-singledetail-metabox\">\n<div class=\"zn-singledetail-pubdate pubdate\">\n\t\t\t\t\t<span class=\"pubdate-txt\">Mis en ligne le<\/span><span class=\"doubledot\"><\/span> <time class=\"pubdate-time\" pubdate datetime=\"2024-01-11T14:08:57+01:00\">11 janvier 2024<\/time>\t\t\t\t<\/div>\n<div class=\"zn-singledetail-thematiques with-sep-comma\">\n<ul class=\"termslist termslist-thematique\">\n<li class=\"termslist-item termslist-title\"><span class=\"termslist-titletxt\">Th\u00e9matiques<\/span><span class=\"doubledot\"><\/span><\/li>\n<li class=\"termslist-item tax-thematique term-medias-et-journalisme\"><a class=\"termslist-itemlink\" href=\"https:\/\/www.sfsic.org\/thematiques\/medias-et-journalisme\/\" title=\"M\u00e9dias et journalisme\"><span class=\"termslist-itemname\">M\u00e9dias et journalisme<\/span><\/a><\/li>\n<\/ul><\/div>\n<\/p><\/div>\n<\/p><\/div>\n<\/p><\/div>\n<div class=\"row\">\n<div class=\"columns large-4\">\n<div class=\"zn-singledetail-sidebar bg-cornersquares\">\n<div class=\"zn-singledetail-infos\">\n<p class=\"zn-singledetail-type\">\n\t\t\t\t\t\t\t<span>Type de publication<\/span><span class=\"doubledot\"><\/span> <strong>Num\u00e9ro de revue<\/strong>\n\t\t\t\t\t<\/p>\n<p class=\"zn-singledetail-name\">\n\t\t\t\t\t\t\t<span>Nom de la publication<\/span><span class=\"doubledot\"><\/span> <strong>Communication &#038; Langages<\/strong>\n\t\t\t\t\t<\/p>\n<p class=\"zn-singledetail-edition\">\n\t\t\t\t\t\t\t<span>\u00c9dition<\/span><span class=\"doubledot\"><\/span> <strong>Presses Universitaires de France<\/strong>\n\t\t\t\t\t<\/p>\n<\/p><\/div>\n<div class=\"zn-singledetail-coordinators\">\n<h3 class=\"zn-singledetail-section-title\">Coordinateur(s) \/ Auteur(s)<\/h3>\n<ul class=\"zn-singledetail-coordinators-list\">\n<li class=\"zn-singledetail-coordinators-item\">\n\t\t\t\t\t\t\t<span>Lucie <\/span> <span>Alexis<\/span>\t\t\t\t\t\t\t\t\t\t\t\t\t<\/li>\n<li class=\"zn-singledetail-coordinators-item\">\n\t\t\t\t\t\t\t<span>Marie-France<\/span> <span>Chambat-Houillon<\/span>\t\t\t\t\t\t\t\t\t\t\t\t\t<\/li>\n<\/ul><\/div>\n<\/p><\/div>\n<\/p><\/div>\n<div class=\"columns large-8\">\n<div class=\"zn-singledetail-contentbox\">\n<div class=\"zn-singledetail-annonce wig-content\">\n<p>Le num\u00e9ro 218 de la revue Communication &amp; Langages est en ligne. Coordonn\u00e9 par Lucie Alexis et Marie-France Chambat-Houillon, il est intitul\u00e9 \u00ab&#160;Par temps de confinement&#160;: culture et m\u00e9dias&#160;\u00bb<\/p>\n<p><img loading=\"lazy\" decoding=\"async\" class=\"size-medium wp-image-30683 aligncenter\" src=\"https:\/\/www.sfsic.org\/wp-inside\/uploads\/2024\/01\/couverture-communication-et-langages-218-198x300.jpg\" alt=\"\" width=\"198\" height=\"300\" srcset=\"https:\/\/www.sfsic.org\/wp-inside\/uploads\/2024\/01\/couverture-communication-et-langages-218-198x300.jpg 198w, https:\/\/www.sfsic.org\/wp-inside\/uploads\/2024\/01\/couverture-communication-et-langages-218-211x320.jpg 211w, https:\/\/www.sfsic.org\/wp-inside\/uploads\/2024\/01\/couverture-communication-et-langages-218-200x303.jpg 200w, https:\/\/www.sfsic.org\/wp-inside\/uploads\/2024\/01\/couverture-communication-et-langages-218.jpg 400w\" sizes=\"auto, (max-width: 198px) 100vw, 198px\" \/><\/p>\n<p style=\"text-align: center;\"><a class=\"button outline with-arrow\" href=\"https:\/\/www.cairn.info\/revue-communication-et-langages-2023-4.htm\">Consulter le dossier sur Cairn<\/a><\/p>\n<h2>Sommaire<\/h2>\n<h3>\u00ab&#160;Anthropologie de la communication&#160;\u00bb<\/h3>\n<p>Page 3 \u00e0 22<br \/>\nPenser le \u00ab&#160;stade de l\u2019\u00e9criture&#160;\u00bb \u00e0 partir d\u2019Orion aveugle de Claude Simon. Pr\u00e9lude \u00e0 l\u2019\u00e9nonciation \u00e9ditoriale.<br \/>\n<strong>Emmanu\u00ebl Souchier<\/strong><\/p>\n<h3>Par temps de confinement&#160;: culture et m\u00e9dias<\/h3>\n<p>Page 23 \u00e0 33<br \/>\nIntroduction<br \/>\n<em>Coordonn\u00e9 par<\/em> <strong>Lucie Alexis, Marie-France Chambat-Houillon<\/strong><\/p>\n<p>Page 35 \u00e0 62<br \/>\nNetflix au temps du confinement&#160;: de l\u2019h\u00e9g\u00e9monie \u00e9conomique \u00e0 \u00ab&#160;l\u2019h\u00e9g\u00e9monie culturelle&#160;\u00bb&#160;?<br \/>\n<strong>Vincent Bullich, Manuel Dupuy-Salle, Laurie Schmitt<\/strong><\/p>\n<p>Page 63 \u00e0 86<br \/>\nLa \u00ab&#160;t\u00e9l\u00e9vision doudou&#160;\u00bb. Les tactiques \u00e9ditoriales des cha\u00eenes de t\u00e9l\u00e9vision fran\u00e7aises sur les r\u00e9seaux socionum\u00e9riques pendant le premier confinement<br \/>\n<strong>Laurence Leveneur-Martel<\/strong><\/p>\n<p>Page 87 \u00e0 102<br \/>\nDe la sc\u00e8ne \u00e0 l\u2019\u00e9cran&#160;: \u00ab&#160;La Com\u00e9die continue&#160;!&#160;\u00bb. Un th\u00e9\u00e2tre en r\u00e9seaux par temps de confinement<br \/>\n<strong>Amaia Errecart, Philippe Fache<\/strong><\/p>\n<p>Page 103 \u00e0 121<br \/>\nS\u2019adresser \u00e0 la jeunesse en temps de crise&#160;: les reconfigurations de la programmation t\u00e9l\u00e9visuelle destin\u00e9e aux jeunes.<br \/>\nLe cas de Lumni (France T\u00e9l\u00e9visions)<br \/>\n<strong>Marion Ferrandery<\/strong><\/p>\n<p>Page 123 \u00e0 145<br \/>\nUne soir\u00e9e Zoom avec La Femme de ma vie. Quand le th\u00e9\u00e2tre confin\u00e9 se joue en ligne et en direct<br \/>\n<strong>Lucie Alexis, Marie-France Chambat-Houillon<\/strong><\/p>\n<p>Page 147 \u00e0 156<br \/>\n\u00ab&#160;Il faut que l\u2019offre culturelle soit vivante, qu\u2019elle soit dynamique, qu\u2019elle soit joyeuse. Il faut absolument que la culture vive&#160;\u00bb&#160;: entretien avec Georges-Marc Habib<br \/>\n<strong>Sophie No\u00ebl, Georges-Marc Habib<\/strong><\/p>\n<h3>Lectures<\/h3>\n<p>Page 157 \u00e0 160<br \/>\nLectures d\u2019ouvrages<br \/>\nLes couvertures de livres. Une histoire graphique<br \/>\nCl\u00e9mence Imbert, Arles, Actes Sud, 2022, 280 p.<br \/>\n<strong>Victor Krywicki<\/strong><\/p>\n<p>Page 160 \u00e0 162<br \/>\nLectures d\u2019\u00e9v\u00e9nements<br \/>\nSorci\u00e8res. D\u2019apr\u00e8s l\u2019essai de Mona Chollet.<br \/>\nDu 15 juin au 17 juin 2023, Th\u00e9\u00e2tre de la Croix-Rousse, Nuits de Fourvi\u00e8re.<br \/>\n<strong>Lucie Alexis<\/strong><\/p>\n<\/p><\/div>\n<div class=\"zn-singledetail-keywords\">\n<h3 class=\"zn-singledetail-section-title\">Mots-cl\u00e9s<\/h3>\n<ul class=\"termslist termslist-post_tag\">\n<li class=\"termslist-item termslist-title\"><span class=\"termslist-titletxt\">Mots-cl\u00e9s<\/span><span class=\"doubledot\"><\/span><\/li>\n<li class=\"termslist-item tax-post_tag term-confinement\"><a class=\"termslist-itemlink\" href=\"https:\/\/www.sfsic.org\/tag\/confinement\/\" title=\"Confinement\"><span class=\"termslist-itemname\">Confinement<\/span><\/a><\/li>\n<li class=\"termslist-item tax-post_tag term-covid-19\"><a class=\"termslist-itemlink\" href=\"https:\/\/www.sfsic.org\/tag\/covid-19\/\" title=\"Covid-19\"><span class=\"termslist-itemname\">Covid-19<\/span><\/a><\/li>\n<li class=\"termslist-item tax-post_tag term-culture\"><a class=\"termslist-itemlink\" href=\"https:\/\/www.sfsic.org\/tag\/culture\/\" title=\"Culture\"><span class=\"termslist-itemname\">Culture<\/span><\/a><\/li>\n<li class=\"termslist-item tax-post_tag term-distance\"><a class=\"termslist-itemlink\" href=\"https:\/\/www.sfsic.org\/tag\/distance\/\" title=\"Distance\"><span class=\"termslist-itemname\">Distance<\/span><\/a><\/li>\n<li class=\"termslist-item tax-post_tag term-medias\"><a class=\"termslist-itemlink\" href=\"https:\/\/www.sfsic.org\/tag\/medias\/\" title=\"M\u00e9dias\"><span class=\"termslist-itemname\">M\u00e9dias<\/span><\/a><\/li>\n<\/ul><\/div>\n<\/p><\/div>\n<\/p><\/div>\n<\/p><\/div>\n<\/p><\/div>\n<\/div>\n<p><!-- \/fxzn:singledetail --><\/p>\n","protected":false},"excerpt":{"rendered":"<p>Mis en ligne le 11 janvier 2024 Th\u00e9matiques M\u00e9dias et journalisme Type de publication Num\u00e9ro de revue Nom de la publication Communication &#038; Langages \u00c9dition Presses Universitaires de France Coordinateur(s) [&hellip;]<\/p>\n","protected":false},"author":1619,"featured_media":0,"comment_status":"closed","ping_status":"closed","sticky":false,"template":"","format":"standard","meta":{"_acf_changed":false,"footnotes":""},"categories":[70,31],"tags":[332,323,382,439,390],"thematique":[34],"sfsic":[],"class_list":["post-30687","post","type-post","status-publish","format-standard","hentry","category-numero-revue","category-publication","tag-confinement","tag-covid-19","tag-culture","tag-distance","tag-medias","thematique-medias-et-journalisme","wp-sticky"],"acf":[],"yoast_head":"<!-- This site is optimized with the Yoast SEO plugin v27.4 - https:\/\/yoast.com\/product\/yoast-seo-wordpress\/ -->\n<title>Par temps de confinement : culture et m\u00e9dias<\/title>\n<meta name=\"description\" content=\"Le num\u00e9ro 218 de la revue Communication &amp; Langages est en ligne. Coordonn\u00e9 par Lucie Alexis et Marie-France Chambat-Houillon, il est intitul\u00e9 \u00ab Par temps de confinement : culture et m\u00e9dias \u00bb\" \/>\n<meta name=\"robots\" content=\"index, follow, max-snippet:-1, max-image-preview:large, max-video-preview:-1\" \/>\n<link rel=\"canonical\" href=\"https:\/\/www.sfsic.org\/en\/publication\/par-temps-de-confinement-culture-et-medias\/\" \/>\n<meta property=\"og:locale\" content=\"en_US\" \/>\n<meta property=\"og:type\" content=\"article\" \/>\n<meta property=\"og:title\" content=\"Par temps de confinement : culture et m\u00e9dias\" \/>\n<meta property=\"og:description\" content=\"Le num\u00e9ro 218 de la revue Communication &amp; Langages est en ligne. Coordonn\u00e9 par Lucie Alexis et Marie-France Chambat-Houillon, il est intitul\u00e9 \u00ab Par temps de confinement : culture et m\u00e9dias \u00bb\" \/>\n<meta property=\"og:url\" content=\"https:\/\/www.sfsic.org\/en\/publication\/par-temps-de-confinement-culture-et-medias\/\" \/>\n<meta property=\"og:site_name\" content=\"SFSIC\" \/>\n<meta property=\"article:published_time\" content=\"2024-01-11T13:08:57+00:00\" \/>\n<meta property=\"article:modified_time\" content=\"2024-01-11T13:09:12+00:00\" \/>\n<meta property=\"og:image\" content=\"https:\/\/www.sfsic.org\/wp-inside\/uploads\/2024\/01\/couverture-communication-et-langages-218-198x300.jpg\" \/>\n<meta name=\"author\" content=\"Larissa Diedhiou\" \/>\n<meta name=\"twitter:card\" content=\"summary_large_image\" \/>\n<script type=\"application\/ld+json\" class=\"yoast-schema-graph\">{\"@context\":\"https:\\\/\\\/schema.org\",\"@graph\":[{\"@type\":\"Article\",\"@id\":\"https:\\\/\\\/www.sfsic.org\\\/en\\\/publication\\\/par-temps-de-confinement-culture-et-medias\\\/#article\",\"isPartOf\":{\"@id\":\"https:\\\/\\\/www.sfsic.org\\\/en\\\/publication\\\/par-temps-de-confinement-culture-et-medias\\\/\"},\"author\":{\"name\":\"Larissa Diedhiou\",\"@id\":\"https:\\\/\\\/www.sfsic.org\\\/en\\\/#\\\/schema\\\/person\\\/ce8577e21f0497e903a0e42776282f0e\"},\"headline\":\"Par temps de confinement : culture et m\u00e9dias\",\"datePublished\":\"2024-01-11T13:08:57+00:00\",\"dateModified\":\"2024-01-11T13:09:12+00:00\",\"mainEntityOfPage\":{\"@id\":\"https:\\\/\\\/www.sfsic.org\\\/en\\\/publication\\\/par-temps-de-confinement-culture-et-medias\\\/\"},\"wordCount\":353,\"publisher\":{\"@id\":\"https:\\\/\\\/www.sfsic.org\\\/en\\\/#organization\"},\"image\":{\"@id\":\"https:\\\/\\\/www.sfsic.org\\\/en\\\/publication\\\/par-temps-de-confinement-culture-et-medias\\\/#primaryimage\"},\"thumbnailUrl\":\"https:\\\/\\\/www.sfsic.org\\\/wp-inside\\\/uploads\\\/2024\\\/01\\\/couverture-communication-et-langages-218-198x300.jpg\",\"keywords\":[\"Confinement\",\"Covid-19\",\"Culture\",\"Distance\",\"M\u00e9dias\"],\"articleSection\":[\"Num\u00e9ro de revue\",\"Publications\"],\"inLanguage\":\"en-US\"},{\"@type\":\"WebPage\",\"@id\":\"https:\\\/\\\/www.sfsic.org\\\/en\\\/publication\\\/par-temps-de-confinement-culture-et-medias\\\/\",\"url\":\"https:\\\/\\\/www.sfsic.org\\\/en\\\/publication\\\/par-temps-de-confinement-culture-et-medias\\\/\",\"name\":\"Par temps de confinement : culture et m\u00e9dias\",\"isPartOf\":{\"@id\":\"https:\\\/\\\/www.sfsic.org\\\/en\\\/#website\"},\"primaryImageOfPage\":{\"@id\":\"https:\\\/\\\/www.sfsic.org\\\/en\\\/publication\\\/par-temps-de-confinement-culture-et-medias\\\/#primaryimage\"},\"image\":{\"@id\":\"https:\\\/\\\/www.sfsic.org\\\/en\\\/publication\\\/par-temps-de-confinement-culture-et-medias\\\/#primaryimage\"},\"thumbnailUrl\":\"https:\\\/\\\/www.sfsic.org\\\/wp-inside\\\/uploads\\\/2024\\\/01\\\/couverture-communication-et-langages-218-198x300.jpg\",\"datePublished\":\"2024-01-11T13:08:57+00:00\",\"dateModified\":\"2024-01-11T13:09:12+00:00\",\"description\":\"Le num\u00e9ro 218 de la revue Communication & Langages est en ligne. Coordonn\u00e9 par Lucie Alexis et Marie-France Chambat-Houillon, il est intitul\u00e9 \u00ab Par temps de confinement : culture et m\u00e9dias \u00bb\",\"breadcrumb\":{\"@id\":\"https:\\\/\\\/www.sfsic.org\\\/en\\\/publication\\\/par-temps-de-confinement-culture-et-medias\\\/#breadcrumb\"},\"inLanguage\":\"en-US\",\"potentialAction\":[{\"@type\":\"ReadAction\",\"target\":[\"https:\\\/\\\/www.sfsic.org\\\/en\\\/publication\\\/par-temps-de-confinement-culture-et-medias\\\/\"]}]},{\"@type\":\"ImageObject\",\"inLanguage\":\"en-US\",\"@id\":\"https:\\\/\\\/www.sfsic.org\\\/en\\\/publication\\\/par-temps-de-confinement-culture-et-medias\\\/#primaryimage\",\"url\":\"https:\\\/\\\/www.sfsic.org\\\/wp-inside\\\/uploads\\\/2024\\\/01\\\/couverture-communication-et-langages-218-198x300.jpg\",\"contentUrl\":\"https:\\\/\\\/www.sfsic.org\\\/wp-inside\\\/uploads\\\/2024\\\/01\\\/couverture-communication-et-langages-218-198x300.jpg\"},{\"@type\":\"BreadcrumbList\",\"@id\":\"https:\\\/\\\/www.sfsic.org\\\/en\\\/publication\\\/par-temps-de-confinement-culture-et-medias\\\/#breadcrumb\",\"itemListElement\":[{\"@type\":\"ListItem\",\"position\":1,\"name\":\"Accueil\",\"item\":\"https:\\\/\\\/www.sfsic.org\\\/en\\\/\"},{\"@type\":\"ListItem\",\"position\":2,\"name\":\"Publications\",\"item\":\"https:\\\/\\\/www.sfsic.org\\\/en\\\/publication-en\\\/\"},{\"@type\":\"ListItem\",\"position\":3,\"name\":\"Journal issue\",\"item\":\"https:\\\/\\\/www.sfsic.org\\\/en\\\/publication-en\\\/journal-issue\\\/\"},{\"@type\":\"ListItem\",\"position\":4,\"name\":\"Par temps de confinement&#160;: culture et m\u00e9dias\"}]},{\"@type\":\"WebSite\",\"@id\":\"https:\\\/\\\/www.sfsic.org\\\/en\\\/#website\",\"url\":\"https:\\\/\\\/www.sfsic.org\\\/en\\\/\",\"name\":\"SFSIC\",\"description\":\"Soci\u00e9t\u00e9 Fran\u00e7aise des Sciences de l&#039;Information &amp; de la Communication\",\"publisher\":{\"@id\":\"https:\\\/\\\/www.sfsic.org\\\/en\\\/#organization\"},\"potentialAction\":[{\"@type\":\"SearchAction\",\"target\":{\"@type\":\"EntryPoint\",\"urlTemplate\":\"https:\\\/\\\/www.sfsic.org\\\/en\\\/?s={search_term_string}\"},\"query-input\":{\"@type\":\"PropertyValueSpecification\",\"valueRequired\":true,\"valueName\":\"search_term_string\"}}],\"inLanguage\":\"en-US\"},{\"@type\":\"Organization\",\"@id\":\"https:\\\/\\\/www.sfsic.org\\\/en\\\/#organization\",\"name\":\"SFSIC\",\"url\":\"https:\\\/\\\/www.sfsic.org\\\/en\\\/\",\"logo\":{\"@type\":\"ImageObject\",\"inLanguage\":\"en-US\",\"@id\":\"https:\\\/\\\/www.sfsic.org\\\/en\\\/#\\\/schema\\\/logo\\\/image\\\/\",\"url\":\"https:\\\/\\\/www.sfsic.org\\\/wp-inside\\\/uploads\\\/2020\\\/05\\\/logo-sfsic.jpg\",\"contentUrl\":\"https:\\\/\\\/www.sfsic.org\\\/wp-inside\\\/uploads\\\/2020\\\/05\\\/logo-sfsic.jpg\",\"width\":1085,\"height\":1080,\"caption\":\"SFSIC\"},\"image\":{\"@id\":\"https:\\\/\\\/www.sfsic.org\\\/en\\\/#\\\/schema\\\/logo\\\/image\\\/\"}},{\"@type\":\"Person\",\"@id\":\"https:\\\/\\\/www.sfsic.org\\\/en\\\/#\\\/schema\\\/person\\\/ce8577e21f0497e903a0e42776282f0e\",\"name\":\"Larissa Diedhiou\",\"image\":{\"@type\":\"ImageObject\",\"inLanguage\":\"en-US\",\"@id\":\"https:\\\/\\\/secure.gravatar.com\\\/avatar\\\/01b1d96d33f7113e46a28c4b65fb0e83934b735c2255eb7325f43b4a7e1602c8?s=96&d=mm&r=g\",\"url\":\"https:\\\/\\\/secure.gravatar.com\\\/avatar\\\/01b1d96d33f7113e46a28c4b65fb0e83934b735c2255eb7325f43b4a7e1602c8?s=96&d=mm&r=g\",\"contentUrl\":\"https:\\\/\\\/secure.gravatar.com\\\/avatar\\\/01b1d96d33f7113e46a28c4b65fb0e83934b735c2255eb7325f43b4a7e1602c8?s=96&d=mm&r=g\",\"caption\":\"Larissa Diedhiou\"}}]}<\/script>\n<!-- \/ Yoast SEO plugin. -->","yoast_head_json":{"title":"Par temps de confinement : culture et m\u00e9dias","description":"Le num\u00e9ro 218 de la revue Communication & Langages est en ligne. Coordonn\u00e9 par Lucie Alexis et Marie-France Chambat-Houillon, il est intitul\u00e9 \u00ab Par temps de confinement : culture et m\u00e9dias \u00bb","robots":{"index":"index","follow":"follow","max-snippet":"max-snippet:-1","max-image-preview":"max-image-preview:large","max-video-preview":"max-video-preview:-1"},"canonical":"https:\/\/www.sfsic.org\/en\/publication\/par-temps-de-confinement-culture-et-medias\/","og_locale":"en_US","og_type":"article","og_title":"Par temps de confinement : culture et m\u00e9dias","og_description":"Le num\u00e9ro 218 de la revue Communication & Langages est en ligne. Coordonn\u00e9 par Lucie Alexis et Marie-France Chambat-Houillon, il est intitul\u00e9 \u00ab Par temps de confinement : culture et m\u00e9dias \u00bb","og_url":"https:\/\/www.sfsic.org\/en\/publication\/par-temps-de-confinement-culture-et-medias\/","og_site_name":"SFSIC","article_published_time":"2024-01-11T13:08:57+00:00","article_modified_time":"2024-01-11T13:09:12+00:00","og_image":[{"url":"https:\/\/www.sfsic.org\/wp-inside\/uploads\/2024\/01\/couverture-communication-et-langages-218-198x300.jpg","type":"","width":"","height":""}],"author":"Larissa Diedhiou","twitter_card":"summary_large_image","schema":{"@context":"https:\/\/schema.org","@graph":[{"@type":"Article","@id":"https:\/\/www.sfsic.org\/en\/publication\/par-temps-de-confinement-culture-et-medias\/#article","isPartOf":{"@id":"https:\/\/www.sfsic.org\/en\/publication\/par-temps-de-confinement-culture-et-medias\/"},"author":{"name":"Larissa Diedhiou","@id":"https:\/\/www.sfsic.org\/en\/#\/schema\/person\/ce8577e21f0497e903a0e42776282f0e"},"headline":"Par temps de confinement : culture et m\u00e9dias","datePublished":"2024-01-11T13:08:57+00:00","dateModified":"2024-01-11T13:09:12+00:00","mainEntityOfPage":{"@id":"https:\/\/www.sfsic.org\/en\/publication\/par-temps-de-confinement-culture-et-medias\/"},"wordCount":353,"publisher":{"@id":"https:\/\/www.sfsic.org\/en\/#organization"},"image":{"@id":"https:\/\/www.sfsic.org\/en\/publication\/par-temps-de-confinement-culture-et-medias\/#primaryimage"},"thumbnailUrl":"https:\/\/www.sfsic.org\/wp-inside\/uploads\/2024\/01\/couverture-communication-et-langages-218-198x300.jpg","keywords":["Confinement","Covid-19","Culture","Distance","M\u00e9dias"],"articleSection":["Num\u00e9ro de revue","Publications"],"inLanguage":"en-US"},{"@type":"WebPage","@id":"https:\/\/www.sfsic.org\/en\/publication\/par-temps-de-confinement-culture-et-medias\/","url":"https:\/\/www.sfsic.org\/en\/publication\/par-temps-de-confinement-culture-et-medias\/","name":"Par temps de confinement : culture et m\u00e9dias","isPartOf":{"@id":"https:\/\/www.sfsic.org\/en\/#website"},"primaryImageOfPage":{"@id":"https:\/\/www.sfsic.org\/en\/publication\/par-temps-de-confinement-culture-et-medias\/#primaryimage"},"image":{"@id":"https:\/\/www.sfsic.org\/en\/publication\/par-temps-de-confinement-culture-et-medias\/#primaryimage"},"thumbnailUrl":"https:\/\/www.sfsic.org\/wp-inside\/uploads\/2024\/01\/couverture-communication-et-langages-218-198x300.jpg","datePublished":"2024-01-11T13:08:57+00:00","dateModified":"2024-01-11T13:09:12+00:00","description":"Le num\u00e9ro 218 de la revue Communication & Langages est en ligne. Coordonn\u00e9 par Lucie Alexis et Marie-France Chambat-Houillon, il est intitul\u00e9 \u00ab Par temps de confinement : culture et m\u00e9dias \u00bb","breadcrumb":{"@id":"https:\/\/www.sfsic.org\/en\/publication\/par-temps-de-confinement-culture-et-medias\/#breadcrumb"},"inLanguage":"en-US","potentialAction":[{"@type":"ReadAction","target":["https:\/\/www.sfsic.org\/en\/publication\/par-temps-de-confinement-culture-et-medias\/"]}]},{"@type":"ImageObject","inLanguage":"en-US","@id":"https:\/\/www.sfsic.org\/en\/publication\/par-temps-de-confinement-culture-et-medias\/#primaryimage","url":"https:\/\/www.sfsic.org\/wp-inside\/uploads\/2024\/01\/couverture-communication-et-langages-218-198x300.jpg","contentUrl":"https:\/\/www.sfsic.org\/wp-inside\/uploads\/2024\/01\/couverture-communication-et-langages-218-198x300.jpg"},{"@type":"BreadcrumbList","@id":"https:\/\/www.sfsic.org\/en\/publication\/par-temps-de-confinement-culture-et-medias\/#breadcrumb","itemListElement":[{"@type":"ListItem","position":1,"name":"Accueil","item":"https:\/\/www.sfsic.org\/en\/"},{"@type":"ListItem","position":2,"name":"Publications","item":"https:\/\/www.sfsic.org\/en\/publication-en\/"},{"@type":"ListItem","position":3,"name":"Journal issue","item":"https:\/\/www.sfsic.org\/en\/publication-en\/journal-issue\/"},{"@type":"ListItem","position":4,"name":"Par temps de confinement&#160;: culture et m\u00e9dias"}]},{"@type":"WebSite","@id":"https:\/\/www.sfsic.org\/en\/#website","url":"https:\/\/www.sfsic.org\/en\/","name":"SFSIC","description":"Soci\u00e9t\u00e9 Fran\u00e7aise des Sciences de l&#039;Information &amp; de la Communication","publisher":{"@id":"https:\/\/www.sfsic.org\/en\/#organization"},"potentialAction":[{"@type":"SearchAction","target":{"@type":"EntryPoint","urlTemplate":"https:\/\/www.sfsic.org\/en\/?s={search_term_string}"},"query-input":{"@type":"PropertyValueSpecification","valueRequired":true,"valueName":"search_term_string"}}],"inLanguage":"en-US"},{"@type":"Organization","@id":"https:\/\/www.sfsic.org\/en\/#organization","name":"SFSIC","url":"https:\/\/www.sfsic.org\/en\/","logo":{"@type":"ImageObject","inLanguage":"en-US","@id":"https:\/\/www.sfsic.org\/en\/#\/schema\/logo\/image\/","url":"https:\/\/www.sfsic.org\/wp-inside\/uploads\/2020\/05\/logo-sfsic.jpg","contentUrl":"https:\/\/www.sfsic.org\/wp-inside\/uploads\/2020\/05\/logo-sfsic.jpg","width":1085,"height":1080,"caption":"SFSIC"},"image":{"@id":"https:\/\/www.sfsic.org\/en\/#\/schema\/logo\/image\/"}},{"@type":"Person","@id":"https:\/\/www.sfsic.org\/en\/#\/schema\/person\/ce8577e21f0497e903a0e42776282f0e","name":"Larissa Diedhiou","image":{"@type":"ImageObject","inLanguage":"en-US","@id":"https:\/\/secure.gravatar.com\/avatar\/01b1d96d33f7113e46a28c4b65fb0e83934b735c2255eb7325f43b4a7e1602c8?s=96&d=mm&r=g","url":"https:\/\/secure.gravatar.com\/avatar\/01b1d96d33f7113e46a28c4b65fb0e83934b735c2255eb7325f43b4a7e1602c8?s=96&d=mm&r=g","contentUrl":"https:\/\/secure.gravatar.com\/avatar\/01b1d96d33f7113e46a28c4b65fb0e83934b735c2255eb7325f43b4a7e1602c8?s=96&d=mm&r=g","caption":"Larissa Diedhiou"}}]}},"_links":{"self":[{"href":"https:\/\/www.sfsic.org\/en\/wp-json\/wp\/v2\/posts\/30687","targetHints":{"allow":["GET"]}}],"collection":[{"href":"https:\/\/www.sfsic.org\/en\/wp-json\/wp\/v2\/posts"}],"about":[{"href":"https:\/\/www.sfsic.org\/en\/wp-json\/wp\/v2\/types\/post"}],"author":[{"embeddable":true,"href":"https:\/\/www.sfsic.org\/en\/wp-json\/wp\/v2\/users\/1619"}],"replies":[{"embeddable":true,"href":"https:\/\/www.sfsic.org\/en\/wp-json\/wp\/v2\/comments?post=30687"}],"version-history":[{"count":6,"href":"https:\/\/www.sfsic.org\/en\/wp-json\/wp\/v2\/posts\/30687\/revisions"}],"predecessor-version":[{"id":30706,"href":"https:\/\/www.sfsic.org\/en\/wp-json\/wp\/v2\/posts\/30687\/revisions\/30706"}],"wp:attachment":[{"href":"https:\/\/www.sfsic.org\/en\/wp-json\/wp\/v2\/media?parent=30687"}],"wp:term":[{"taxonomy":"category","embeddable":true,"href":"https:\/\/www.sfsic.org\/en\/wp-json\/wp\/v2\/categories?post=30687"},{"taxonomy":"post_tag","embeddable":true,"href":"https:\/\/www.sfsic.org\/en\/wp-json\/wp\/v2\/tags?post=30687"},{"taxonomy":"thematique","embeddable":true,"href":"https:\/\/www.sfsic.org\/en\/wp-json\/wp\/v2\/thematique?post=30687"},{"taxonomy":"sfsic","embeddable":true,"href":"https:\/\/www.sfsic.org\/en\/wp-json\/wp\/v2\/sfsic?post=30687"}],"curies":[{"name":"wp","href":"https:\/\/api.w.org\/{rel}","templated":true}]}}