{"id":30512,"date":"2023-12-17T11:04:25","date_gmt":"2023-12-17T10:04:25","guid":{"rendered":"https:\/\/www.sfsic.org\/?p=30512"},"modified":"2023-12-18T21:43:43","modified_gmt":"2023-12-18T20:43:43","slug":"les-pratiques-informationnelles-dynamiques-conceptuelles-questionnements-methodologiques-2","status":"publish","type":"post","link":"https:\/\/www.sfsic.org\/en\/publication\/les-pratiques-informationnelles-dynamiques-conceptuelles-questionnements-methodologiques-2\/","title":{"rendered":"Les pratiques informationnelles : dynamiques conceptuelles, questionnements m\u00e9thodologiques"},"content":{"rendered":"<p><!-- fxzn:singledetail --><\/p>\n<div class=\"zone zn-singledetail\" id=\"fxzn-singledetail-1\">\n<div class=\"zone-block zn-singledetail-block alignwide va-top\">\n<div class=\"row\">\n<div class=\"columns large-8 large-push-4\">\n<div class=\"zn-singledetail-metabox\">\n<div class=\"zn-singledetail-pubdate pubdate\">\n\t\t\t\t\t<span class=\"pubdate-txt\">Mis en ligne le<\/span><span class=\"doubledot\"><\/span> <time class=\"pubdate-time\" pubdate datetime=\"2023-12-17T11:04:25+01:00\">17 d\u00e9cembre 2023<\/time>\t\t\t\t<\/div>\n<div class=\"zn-singledetail-thematiques with-sep-comma\">\n<ul class=\"termslist termslist-thematique\">\n<li class=\"termslist-item termslist-title\"><span class=\"termslist-titletxt\">Th\u00e9matiques<\/span><span class=\"doubledot\"><\/span><\/li>\n<li class=\"termslist-item tax-thematique term-mediation-des-savoirs-education-et-formation\"><a class=\"termslist-itemlink\" href=\"https:\/\/www.sfsic.org\/thematiques\/mediation-des-savoirs-education-et-formation\/\" title=\"M\u00e9diation des savoirs, \u00e9ducation et formation\"><span class=\"termslist-itemname\">M\u00e9diation des savoirs, \u00e9ducation et formation<\/span><\/a><\/li>\n<li class=\"termslist-item tax-thematique term-organisation-des-connaissances\"><a class=\"termslist-itemlink\" href=\"https:\/\/www.sfsic.org\/thematiques\/organisation-des-connaissances\/\" title=\"Organisation des connaissances\"><span class=\"termslist-itemname\">Organisation des connaissances<\/span><\/a><\/li>\n<\/ul><\/div>\n<\/p><\/div>\n<\/p><\/div>\n<\/p><\/div>\n<div class=\"row\">\n<div class=\"columns large-4\">\n<div class=\"zn-singledetail-sidebar bg-cornersquares\">\n<div class=\"zn-singledetail-infos\">\n<p class=\"zn-singledetail-type\">\n\t\t\t\t\t\t\t<span>Type de publication<\/span><span class=\"doubledot\"><\/span> <strong>Num\u00e9ro de revue<\/strong>\n\t\t\t\t\t<\/p>\n<p class=\"zn-singledetail-name\">\n\t\t\t\t\t\t\t<span>Nom de la publication<\/span><span class=\"doubledot\"><\/span> <strong>\u00c9tudes de communication <\/strong>\n\t\t\t\t\t<\/p>\n<p class=\"zn-singledetail-edition\">\n\t\t\t\t\t\t\t<span>\u00c9dition<\/span><span class=\"doubledot\"><\/span> <strong>Universit\u00e9 de Lille<\/strong>\n\t\t\t\t\t<\/p>\n<\/p><\/div>\n<div class=\"zn-singledetail-coordinators\">\n<h3 class=\"zn-singledetail-section-title\">Coordinateur(s) \/ Auteur(s)<\/h3>\n<ul class=\"zn-singledetail-coordinators-list\">\n<li class=\"zn-singledetail-coordinators-item\">\n\t\t\t\t\t\t\t<span>Anne<\/span> <span>Cordier<\/span>\t\t\t\t\t\t\t\t\t\t\t\t\t<\/li>\n<li class=\"zn-singledetail-coordinators-item\">\n\t\t\t\t\t\t\t<span>Gilles<\/span> <span>Sahut<\/span>\t\t\t\t\t\t\t\t\t\t\t\t\t<\/li>\n<\/ul><\/div>\n<\/p><\/div>\n<\/p><\/div>\n<div class=\"columns large-8\">\n<div class=\"zn-singledetail-contentbox\">\n<div class=\"zn-singledetail-annonce wig-content\">\n<p>Le num\u00e9ro 61 de la revue \u00c9tudes de communication est en ligne. Il est intitul\u00e9 \u00ab&#160;Les pratiques informationnelles&#160;: dynamiques conceptuelles, questionnements m\u00e9thodologiques&#160;\u00bb.<\/p>\n<p style=\"text-align: center;\"><img decoding=\"async\" loading=\"lazy\" class=\"size-medium wp-image-30510 aligncenter\" src=\"https:\/\/www.sfsic.org\/wp-inside\/uploads\/2023\/12\/couverture_edc_061-200x300.jpg\" alt=\"\" width=\"200\" height=\"300\" srcset=\"https:\/\/www.sfsic.org\/wp-inside\/uploads\/2023\/12\/couverture_edc_061-200x300.jpg 200w, https:\/\/www.sfsic.org\/wp-inside\/uploads\/2023\/12\/couverture_edc_061-180x269.jpg 180w, https:\/\/www.sfsic.org\/wp-inside\/uploads\/2023\/12\/couverture_edc_061.jpg 204w\" sizes=\"auto, (max-width: 200px) 100vw, 200px\" \/><a class=\"button outline with-arrow\" href=\"https:\/\/www.cairn.info\/revue-etudes-de-communication-2023-2.htm\">Consultez le dossier sur Cairn<\/a><\/p>\n<h2>Sommaire<\/h2>\n<ul>\n<li>Page 9 \u00e0 18<br \/>\nLes pratiques informationnelles&#160;: dynamiques conceptuelles, questionnements m\u00e9thodologiques<br \/>\n<strong>Anne Cordier, Gilles Sahut<\/strong><\/li>\n<li>Page 19 \u00e0 36<br \/>\nInformation Behavior, Information Practice, Information Experience&#160;: trois conceptualisations de la relation des humains \u00e0 l\u2019information<br \/>\n<strong>Gilles Sahut<\/strong><\/li>\n<li>Page 37 \u00e0 59<br \/>\nPenser pratique et exp\u00e9rience informationnelles au prisme des maladies rares<br \/>\n<strong>Myl\u00e8ne Costes<\/strong><\/li>\n<li>Page 61 \u00e0 89<br \/>\nNaviguer dans les savoirs \u00e0 l\u2019\u00e8re num\u00e9rique. Pour une ethnographie des pratiques informationnelles sur Gallica<br \/>\n<strong>Simon Dumas Primbault<\/strong><\/li>\n<li>Page 91 \u00e0 112<br \/>\nPeut-on s\u2019affranchir de la norme dans l\u2019\u00e9tude des pratiques informationnelles d\u2019actualit\u00e9&#160;? Le cas d\u2019une enqu\u00eate aupr\u00e8s d\u2019\u00e9tudiant.e.s<br \/>\n<strong>Jonathan Chibois, Val\u00e9rie Croissant, Simon Gadras, Isabelle Hare, Annelise Touboul<\/strong><\/li>\n<li>Page 113 \u00e0 131<br \/>\nLa presse locale sous l\u2019influence des plateformes num\u00e9riques&#160;: l\u2019influence de Facebook sur la circulation de l\u2019information locale<br \/>\n<strong>Olivier Tredan, Philippe Gestin<\/strong><\/li>\n<li>Page 133 \u00e0 150<br \/>\nLes pratiques juv\u00e9niles d\u2019\u00e9valuation de l\u2019information sur les m\u00e9dias sociaux&#160;: int\u00e9r\u00eat d\u2019une approche info-communicationnelle et multidimensionnelle<br \/>\n<strong>C\u00e9cile Raynal<\/strong><\/li>\n<li>Page 151 \u00e0 167<br \/>\nPrendre en compte la dimension communicationnelle dans l\u2019\u00e9tude des pratiques informationnelles&#160;: \u00e9l\u00e9ments de r\u00e9flexion et exemples dans le secteur \u00e9ducatif fran\u00e7ais<br \/>\n<strong>Karel Soumagnac<\/strong><\/li>\n<li>Page 169 \u00e0 186<br \/>\nEsprit critique et processus de normalisation d\u2019une culture critique de l\u2019information&#160;: une analyse de discours instituants (1998-2019)<br \/>\n<strong>Kaltoum Mahmoudi<\/strong><\/li>\n<\/ul>\n<h2>Varias<\/h2>\n<ul>\n<li>Page 189 \u00e0 212<br \/>\nMalaise dans le \u00ab&#160;male gaze&#160;\u00bb&#160;: G\u00e9n\u00e9alogie critique d\u2019un concept controvers\u00e9<br \/>\n<strong>Maxime Cervulle<\/strong><\/li>\n<li>Page 213 \u00e0 230<br \/>\nPratiques de contr\u00f4le, sentiment d\u2019incivilit\u00e9 et d\u2019autonomie bafou\u00e9e en contexte de t\u00e9l\u00e9travail<br \/>\n<strong>Delphine Dupr\u00e9<\/strong><\/li>\n<li>Page 231 \u00e0 252<br \/>\nBlogger seul ou \u00e0 plusieurs sur Hypotheses.org&#160;: une \u00e9tude \u00e0 partir de l\u2019entropie des carnets<br \/>\n<strong>Elsa Poupardin, Camille Prime-Claverie<\/strong><\/li>\n<\/ul>\n<h2>Notes de lecture<\/h2>\n<ul>\n<li>Page 255 \u00e0 258<br \/>\nCouzinet, V. et Marteleto, R. (dir.) M\u00e9diations info-communicationnelles&#160;: recherches r\u00e9centes br\u00e9siliennes et fran\u00e7aises<br \/>\n<strong>Cristina Romanelli<\/strong><\/li>\n<li>Page 259 \u00e0 262<br \/>\nOSEC. Actes des journ\u00e9es de la science ouverte, Open Science European Conference 2022<br \/>\n<strong>Joachim Sch\u00f6pfel<\/strong><\/li>\n<li>Page 263 \u00e0 266<br \/>\nUrbas, B. et Novello-Paglianti, N. (dir.). Corps en mouvements. Arts, m\u00e9dias, m\u00e9diations<br \/>\n<strong>Elodie Sevin<\/strong><\/li>\n<li>Page 267 \u00e0 270<br \/>\nMesguich, V. Les biblioth\u00e8ques face au monde des donn\u00e9es<br \/>\n<strong>Joachim Sch\u00f6pfel<\/strong><\/li>\n<\/ul><\/div>\n<div class=\"zn-singledetail-keywords\">\n<h3 class=\"zn-singledetail-section-title\">Mots-cl\u00e9s<\/h3>\n<ul class=\"termslist termslist-post_tag\">\n<li class=\"termslist-item termslist-title\"><span class=\"termslist-titletxt\">Mots-cl\u00e9s<\/span><span class=\"doubledot\"><\/span><\/li>\n<li class=\"termslist-item tax-post_tag term-approche-comparative\"><a class=\"termslist-itemlink\" href=\"https:\/\/www.sfsic.org\/tag\/approche-comparative\/\" title=\"Approche comparative\"><span class=\"termslist-itemname\">Approche comparative<\/span><\/a><\/li>\n<li class=\"termslist-item tax-post_tag term-methodologie\"><a class=\"termslist-itemlink\" href=\"https:\/\/www.sfsic.org\/tag\/methodologie\/\" title=\"M\u00e9thodologie\"><span class=\"termslist-itemname\">M\u00e9thodologie<\/span><\/a><\/li>\n<li class=\"termslist-item tax-post_tag term-pratiques\"><a class=\"termslist-itemlink\" href=\"https:\/\/www.sfsic.org\/tag\/pratiques\/\" title=\"Pratiques\"><span class=\"termslist-itemname\">Pratiques<\/span><\/a><\/li>\n<\/ul><\/div>\n<\/p><\/div>\n<\/p><\/div>\n<\/p><\/div>\n<\/p><\/div>\n<\/div>\n<p><!-- \/fxzn:singledetail --><\/p>\n","protected":false},"excerpt":{"rendered":"<p>Mis en ligne le 17 d\u00e9cembre 2023 Th\u00e9matiques M\u00e9diation des savoirs, \u00e9ducation et formation Organisation des connaissances Type de publication Num\u00e9ro de revue Nom de la publication \u00c9tudes de communication [&hellip;]<\/p>\n","protected":false},"author":1619,"featured_media":0,"comment_status":"closed","ping_status":"closed","sticky":false,"template":"","format":"standard","meta":{"_acf_changed":false,"footnotes":""},"categories":[70,31],"tags":[660,110,538],"thematique":[43,42],"sfsic":[],"class_list":["post-30512","post","type-post","status-publish","format-standard","hentry","category-numero-revue","category-publication","tag-approche-comparative","tag-methodologie","tag-pratiques","thematique-mediation-des-savoirs-education-et-formation","thematique-organisation-des-connaissances","wp-sticky"],"acf":[],"yoast_head":"<!-- This site is optimized with the Yoast SEO plugin v27.4 - https:\/\/yoast.com\/product\/yoast-seo-wordpress\/ -->\n<title>Les pratiques informationnelles : dynamiques conceptuelles, questionnements m\u00e9thodologiques<\/title>\n<meta name=\"description\" content=\"Le num\u00e9ro 61 de la revue \u00c9tudes de communication est en ligne. Il est intitul\u00e9 \u00ab Les pratiques informationnelles : dynamiques conceptuelles, questionnements m\u00e9thodologiques \u00bb.\" \/>\n<meta name=\"robots\" content=\"index, follow, max-snippet:-1, max-image-preview:large, max-video-preview:-1\" \/>\n<link rel=\"canonical\" href=\"https:\/\/www.sfsic.org\/en\/publication\/les-pratiques-informationnelles-dynamiques-conceptuelles-questionnements-methodologiques-2\/\" \/>\n<meta property=\"og:locale\" content=\"en_US\" \/>\n<meta property=\"og:type\" content=\"article\" \/>\n<meta property=\"og:title\" content=\"Les pratiques informationnelles : dynamiques conceptuelles, questionnements m\u00e9thodologiques\" \/>\n<meta property=\"og:description\" content=\"Le num\u00e9ro 61 de la revue \u00c9tudes de communication est en ligne. Il est intitul\u00e9 \u00ab Les pratiques informationnelles : dynamiques conceptuelles, questionnements m\u00e9thodologiques \u00bb.\" \/>\n<meta property=\"og:url\" content=\"https:\/\/www.sfsic.org\/en\/publication\/les-pratiques-informationnelles-dynamiques-conceptuelles-questionnements-methodologiques-2\/\" \/>\n<meta property=\"og:site_name\" content=\"SFSIC\" \/>\n<meta property=\"article:published_time\" content=\"2023-12-17T10:04:25+00:00\" \/>\n<meta property=\"article:modified_time\" content=\"2023-12-18T20:43:43+00:00\" \/>\n<meta property=\"og:image\" content=\"https:\/\/www.sfsic.org\/wp-inside\/uploads\/2023\/12\/couverture_edc_061-200x300.jpg\" \/>\n<meta name=\"author\" content=\"Larissa Diedhiou\" \/>\n<meta name=\"twitter:card\" content=\"summary_large_image\" \/>\n<script type=\"application\/ld+json\" class=\"yoast-schema-graph\">{\"@context\":\"https:\\\/\\\/schema.org\",\"@graph\":[{\"@type\":\"Article\",\"@id\":\"https:\\\/\\\/www.sfsic.org\\\/en\\\/publication\\\/les-pratiques-informationnelles-dynamiques-conceptuelles-questionnements-methodologiques-2\\\/#article\",\"isPartOf\":{\"@id\":\"https:\\\/\\\/www.sfsic.org\\\/en\\\/publication\\\/les-pratiques-informationnelles-dynamiques-conceptuelles-questionnements-methodologiques-2\\\/\"},\"author\":{\"name\":\"Larissa Diedhiou\",\"@id\":\"https:\\\/\\\/www.sfsic.org\\\/en\\\/#\\\/schema\\\/person\\\/ce8577e21f0497e903a0e42776282f0e\"},\"headline\":\"Les pratiques informationnelles : dynamiques conceptuelles, questionnements m\u00e9thodologiques\",\"datePublished\":\"2023-12-17T10:04:25+00:00\",\"dateModified\":\"2023-12-18T20:43:43+00:00\",\"mainEntityOfPage\":{\"@id\":\"https:\\\/\\\/www.sfsic.org\\\/en\\\/publication\\\/les-pratiques-informationnelles-dynamiques-conceptuelles-questionnements-methodologiques-2\\\/\"},\"wordCount\":427,\"publisher\":{\"@id\":\"https:\\\/\\\/www.sfsic.org\\\/en\\\/#organization\"},\"image\":{\"@id\":\"https:\\\/\\\/www.sfsic.org\\\/en\\\/publication\\\/les-pratiques-informationnelles-dynamiques-conceptuelles-questionnements-methodologiques-2\\\/#primaryimage\"},\"thumbnailUrl\":\"https:\\\/\\\/www.sfsic.org\\\/wp-inside\\\/uploads\\\/2023\\\/12\\\/couverture_edc_061-200x300.jpg\",\"keywords\":[\"Approche comparative\",\"M\u00e9thodologie\",\"Pratiques\"],\"articleSection\":[\"Num\u00e9ro de revue\",\"Publications\"],\"inLanguage\":\"en-US\"},{\"@type\":\"WebPage\",\"@id\":\"https:\\\/\\\/www.sfsic.org\\\/en\\\/publication\\\/les-pratiques-informationnelles-dynamiques-conceptuelles-questionnements-methodologiques-2\\\/\",\"url\":\"https:\\\/\\\/www.sfsic.org\\\/en\\\/publication\\\/les-pratiques-informationnelles-dynamiques-conceptuelles-questionnements-methodologiques-2\\\/\",\"name\":\"Les pratiques informationnelles : dynamiques conceptuelles, questionnements m\u00e9thodologiques\",\"isPartOf\":{\"@id\":\"https:\\\/\\\/www.sfsic.org\\\/en\\\/#website\"},\"primaryImageOfPage\":{\"@id\":\"https:\\\/\\\/www.sfsic.org\\\/en\\\/publication\\\/les-pratiques-informationnelles-dynamiques-conceptuelles-questionnements-methodologiques-2\\\/#primaryimage\"},\"image\":{\"@id\":\"https:\\\/\\\/www.sfsic.org\\\/en\\\/publication\\\/les-pratiques-informationnelles-dynamiques-conceptuelles-questionnements-methodologiques-2\\\/#primaryimage\"},\"thumbnailUrl\":\"https:\\\/\\\/www.sfsic.org\\\/wp-inside\\\/uploads\\\/2023\\\/12\\\/couverture_edc_061-200x300.jpg\",\"datePublished\":\"2023-12-17T10:04:25+00:00\",\"dateModified\":\"2023-12-18T20:43:43+00:00\",\"description\":\"Le num\u00e9ro 61 de la revue \u00c9tudes de communication est en ligne. Il est intitul\u00e9 \u00ab Les pratiques informationnelles : dynamiques conceptuelles, questionnements m\u00e9thodologiques \u00bb.\",\"breadcrumb\":{\"@id\":\"https:\\\/\\\/www.sfsic.org\\\/en\\\/publication\\\/les-pratiques-informationnelles-dynamiques-conceptuelles-questionnements-methodologiques-2\\\/#breadcrumb\"},\"inLanguage\":\"en-US\",\"potentialAction\":[{\"@type\":\"ReadAction\",\"target\":[\"https:\\\/\\\/www.sfsic.org\\\/en\\\/publication\\\/les-pratiques-informationnelles-dynamiques-conceptuelles-questionnements-methodologiques-2\\\/\"]}]},{\"@type\":\"ImageObject\",\"inLanguage\":\"en-US\",\"@id\":\"https:\\\/\\\/www.sfsic.org\\\/en\\\/publication\\\/les-pratiques-informationnelles-dynamiques-conceptuelles-questionnements-methodologiques-2\\\/#primaryimage\",\"url\":\"https:\\\/\\\/www.sfsic.org\\\/wp-inside\\\/uploads\\\/2023\\\/12\\\/couverture_edc_061-200x300.jpg\",\"contentUrl\":\"https:\\\/\\\/www.sfsic.org\\\/wp-inside\\\/uploads\\\/2023\\\/12\\\/couverture_edc_061-200x300.jpg\"},{\"@type\":\"BreadcrumbList\",\"@id\":\"https:\\\/\\\/www.sfsic.org\\\/en\\\/publication\\\/les-pratiques-informationnelles-dynamiques-conceptuelles-questionnements-methodologiques-2\\\/#breadcrumb\",\"itemListElement\":[{\"@type\":\"ListItem\",\"position\":1,\"name\":\"Accueil\",\"item\":\"https:\\\/\\\/www.sfsic.org\\\/en\\\/\"},{\"@type\":\"ListItem\",\"position\":2,\"name\":\"Publications\",\"item\":\"https:\\\/\\\/www.sfsic.org\\\/en\\\/publication-en\\\/\"},{\"@type\":\"ListItem\",\"position\":3,\"name\":\"Journal issue\",\"item\":\"https:\\\/\\\/www.sfsic.org\\\/en\\\/publication-en\\\/journal-issue\\\/\"},{\"@type\":\"ListItem\",\"position\":4,\"name\":\"Les pratiques informationnelles&#160;: dynamiques conceptuelles, questionnements m\u00e9thodologiques\"}]},{\"@type\":\"WebSite\",\"@id\":\"https:\\\/\\\/www.sfsic.org\\\/en\\\/#website\",\"url\":\"https:\\\/\\\/www.sfsic.org\\\/en\\\/\",\"name\":\"SFSIC\",\"description\":\"Soci\u00e9t\u00e9 Fran\u00e7aise des Sciences de l&#039;Information &amp; de la Communication\",\"publisher\":{\"@id\":\"https:\\\/\\\/www.sfsic.org\\\/en\\\/#organization\"},\"potentialAction\":[{\"@type\":\"SearchAction\",\"target\":{\"@type\":\"EntryPoint\",\"urlTemplate\":\"https:\\\/\\\/www.sfsic.org\\\/en\\\/?s={search_term_string}\"},\"query-input\":{\"@type\":\"PropertyValueSpecification\",\"valueRequired\":true,\"valueName\":\"search_term_string\"}}],\"inLanguage\":\"en-US\"},{\"@type\":\"Organization\",\"@id\":\"https:\\\/\\\/www.sfsic.org\\\/en\\\/#organization\",\"name\":\"SFSIC\",\"url\":\"https:\\\/\\\/www.sfsic.org\\\/en\\\/\",\"logo\":{\"@type\":\"ImageObject\",\"inLanguage\":\"en-US\",\"@id\":\"https:\\\/\\\/www.sfsic.org\\\/en\\\/#\\\/schema\\\/logo\\\/image\\\/\",\"url\":\"https:\\\/\\\/www.sfsic.org\\\/wp-inside\\\/uploads\\\/2020\\\/05\\\/logo-sfsic.jpg\",\"contentUrl\":\"https:\\\/\\\/www.sfsic.org\\\/wp-inside\\\/uploads\\\/2020\\\/05\\\/logo-sfsic.jpg\",\"width\":1085,\"height\":1080,\"caption\":\"SFSIC\"},\"image\":{\"@id\":\"https:\\\/\\\/www.sfsic.org\\\/en\\\/#\\\/schema\\\/logo\\\/image\\\/\"}},{\"@type\":\"Person\",\"@id\":\"https:\\\/\\\/www.sfsic.org\\\/en\\\/#\\\/schema\\\/person\\\/ce8577e21f0497e903a0e42776282f0e\",\"name\":\"Larissa Diedhiou\",\"image\":{\"@type\":\"ImageObject\",\"inLanguage\":\"en-US\",\"@id\":\"https:\\\/\\\/secure.gravatar.com\\\/avatar\\\/01b1d96d33f7113e46a28c4b65fb0e83934b735c2255eb7325f43b4a7e1602c8?s=96&d=mm&r=g\",\"url\":\"https:\\\/\\\/secure.gravatar.com\\\/avatar\\\/01b1d96d33f7113e46a28c4b65fb0e83934b735c2255eb7325f43b4a7e1602c8?s=96&d=mm&r=g\",\"contentUrl\":\"https:\\\/\\\/secure.gravatar.com\\\/avatar\\\/01b1d96d33f7113e46a28c4b65fb0e83934b735c2255eb7325f43b4a7e1602c8?s=96&d=mm&r=g\",\"caption\":\"Larissa Diedhiou\"}}]}<\/script>\n<!-- \/ Yoast SEO plugin. -->","yoast_head_json":{"title":"Les pratiques informationnelles : dynamiques conceptuelles, questionnements m\u00e9thodologiques","description":"Le num\u00e9ro 61 de la revue \u00c9tudes de communication est en ligne. Il est intitul\u00e9 \u00ab Les pratiques informationnelles : dynamiques conceptuelles, questionnements m\u00e9thodologiques \u00bb.","robots":{"index":"index","follow":"follow","max-snippet":"max-snippet:-1","max-image-preview":"max-image-preview:large","max-video-preview":"max-video-preview:-1"},"canonical":"https:\/\/www.sfsic.org\/en\/publication\/les-pratiques-informationnelles-dynamiques-conceptuelles-questionnements-methodologiques-2\/","og_locale":"en_US","og_type":"article","og_title":"Les pratiques informationnelles : dynamiques conceptuelles, questionnements m\u00e9thodologiques","og_description":"Le num\u00e9ro 61 de la revue \u00c9tudes de communication est en ligne. Il est intitul\u00e9 \u00ab Les pratiques informationnelles : dynamiques conceptuelles, questionnements m\u00e9thodologiques \u00bb.","og_url":"https:\/\/www.sfsic.org\/en\/publication\/les-pratiques-informationnelles-dynamiques-conceptuelles-questionnements-methodologiques-2\/","og_site_name":"SFSIC","article_published_time":"2023-12-17T10:04:25+00:00","article_modified_time":"2023-12-18T20:43:43+00:00","og_image":[{"url":"https:\/\/www.sfsic.org\/wp-inside\/uploads\/2023\/12\/couverture_edc_061-200x300.jpg","type":"","width":"","height":""}],"author":"Larissa Diedhiou","twitter_card":"summary_large_image","schema":{"@context":"https:\/\/schema.org","@graph":[{"@type":"Article","@id":"https:\/\/www.sfsic.org\/en\/publication\/les-pratiques-informationnelles-dynamiques-conceptuelles-questionnements-methodologiques-2\/#article","isPartOf":{"@id":"https:\/\/www.sfsic.org\/en\/publication\/les-pratiques-informationnelles-dynamiques-conceptuelles-questionnements-methodologiques-2\/"},"author":{"name":"Larissa Diedhiou","@id":"https:\/\/www.sfsic.org\/en\/#\/schema\/person\/ce8577e21f0497e903a0e42776282f0e"},"headline":"Les pratiques informationnelles : dynamiques conceptuelles, questionnements m\u00e9thodologiques","datePublished":"2023-12-17T10:04:25+00:00","dateModified":"2023-12-18T20:43:43+00:00","mainEntityOfPage":{"@id":"https:\/\/www.sfsic.org\/en\/publication\/les-pratiques-informationnelles-dynamiques-conceptuelles-questionnements-methodologiques-2\/"},"wordCount":427,"publisher":{"@id":"https:\/\/www.sfsic.org\/en\/#organization"},"image":{"@id":"https:\/\/www.sfsic.org\/en\/publication\/les-pratiques-informationnelles-dynamiques-conceptuelles-questionnements-methodologiques-2\/#primaryimage"},"thumbnailUrl":"https:\/\/www.sfsic.org\/wp-inside\/uploads\/2023\/12\/couverture_edc_061-200x300.jpg","keywords":["Approche comparative","M\u00e9thodologie","Pratiques"],"articleSection":["Num\u00e9ro de revue","Publications"],"inLanguage":"en-US"},{"@type":"WebPage","@id":"https:\/\/www.sfsic.org\/en\/publication\/les-pratiques-informationnelles-dynamiques-conceptuelles-questionnements-methodologiques-2\/","url":"https:\/\/www.sfsic.org\/en\/publication\/les-pratiques-informationnelles-dynamiques-conceptuelles-questionnements-methodologiques-2\/","name":"Les pratiques informationnelles : dynamiques conceptuelles, questionnements m\u00e9thodologiques","isPartOf":{"@id":"https:\/\/www.sfsic.org\/en\/#website"},"primaryImageOfPage":{"@id":"https:\/\/www.sfsic.org\/en\/publication\/les-pratiques-informationnelles-dynamiques-conceptuelles-questionnements-methodologiques-2\/#primaryimage"},"image":{"@id":"https:\/\/www.sfsic.org\/en\/publication\/les-pratiques-informationnelles-dynamiques-conceptuelles-questionnements-methodologiques-2\/#primaryimage"},"thumbnailUrl":"https:\/\/www.sfsic.org\/wp-inside\/uploads\/2023\/12\/couverture_edc_061-200x300.jpg","datePublished":"2023-12-17T10:04:25+00:00","dateModified":"2023-12-18T20:43:43+00:00","description":"Le num\u00e9ro 61 de la revue \u00c9tudes de communication est en ligne. Il est intitul\u00e9 \u00ab Les pratiques informationnelles : dynamiques conceptuelles, questionnements m\u00e9thodologiques \u00bb.","breadcrumb":{"@id":"https:\/\/www.sfsic.org\/en\/publication\/les-pratiques-informationnelles-dynamiques-conceptuelles-questionnements-methodologiques-2\/#breadcrumb"},"inLanguage":"en-US","potentialAction":[{"@type":"ReadAction","target":["https:\/\/www.sfsic.org\/en\/publication\/les-pratiques-informationnelles-dynamiques-conceptuelles-questionnements-methodologiques-2\/"]}]},{"@type":"ImageObject","inLanguage":"en-US","@id":"https:\/\/www.sfsic.org\/en\/publication\/les-pratiques-informationnelles-dynamiques-conceptuelles-questionnements-methodologiques-2\/#primaryimage","url":"https:\/\/www.sfsic.org\/wp-inside\/uploads\/2023\/12\/couverture_edc_061-200x300.jpg","contentUrl":"https:\/\/www.sfsic.org\/wp-inside\/uploads\/2023\/12\/couverture_edc_061-200x300.jpg"},{"@type":"BreadcrumbList","@id":"https:\/\/www.sfsic.org\/en\/publication\/les-pratiques-informationnelles-dynamiques-conceptuelles-questionnements-methodologiques-2\/#breadcrumb","itemListElement":[{"@type":"ListItem","position":1,"name":"Accueil","item":"https:\/\/www.sfsic.org\/en\/"},{"@type":"ListItem","position":2,"name":"Publications","item":"https:\/\/www.sfsic.org\/en\/publication-en\/"},{"@type":"ListItem","position":3,"name":"Journal issue","item":"https:\/\/www.sfsic.org\/en\/publication-en\/journal-issue\/"},{"@type":"ListItem","position":4,"name":"Les pratiques informationnelles&#160;: dynamiques conceptuelles, questionnements m\u00e9thodologiques"}]},{"@type":"WebSite","@id":"https:\/\/www.sfsic.org\/en\/#website","url":"https:\/\/www.sfsic.org\/en\/","name":"SFSIC","description":"Soci\u00e9t\u00e9 Fran\u00e7aise des Sciences de l&#039;Information &amp; de la Communication","publisher":{"@id":"https:\/\/www.sfsic.org\/en\/#organization"},"potentialAction":[{"@type":"SearchAction","target":{"@type":"EntryPoint","urlTemplate":"https:\/\/www.sfsic.org\/en\/?s={search_term_string}"},"query-input":{"@type":"PropertyValueSpecification","valueRequired":true,"valueName":"search_term_string"}}],"inLanguage":"en-US"},{"@type":"Organization","@id":"https:\/\/www.sfsic.org\/en\/#organization","name":"SFSIC","url":"https:\/\/www.sfsic.org\/en\/","logo":{"@type":"ImageObject","inLanguage":"en-US","@id":"https:\/\/www.sfsic.org\/en\/#\/schema\/logo\/image\/","url":"https:\/\/www.sfsic.org\/wp-inside\/uploads\/2020\/05\/logo-sfsic.jpg","contentUrl":"https:\/\/www.sfsic.org\/wp-inside\/uploads\/2020\/05\/logo-sfsic.jpg","width":1085,"height":1080,"caption":"SFSIC"},"image":{"@id":"https:\/\/www.sfsic.org\/en\/#\/schema\/logo\/image\/"}},{"@type":"Person","@id":"https:\/\/www.sfsic.org\/en\/#\/schema\/person\/ce8577e21f0497e903a0e42776282f0e","name":"Larissa Diedhiou","image":{"@type":"ImageObject","inLanguage":"en-US","@id":"https:\/\/secure.gravatar.com\/avatar\/01b1d96d33f7113e46a28c4b65fb0e83934b735c2255eb7325f43b4a7e1602c8?s=96&d=mm&r=g","url":"https:\/\/secure.gravatar.com\/avatar\/01b1d96d33f7113e46a28c4b65fb0e83934b735c2255eb7325f43b4a7e1602c8?s=96&d=mm&r=g","contentUrl":"https:\/\/secure.gravatar.com\/avatar\/01b1d96d33f7113e46a28c4b65fb0e83934b735c2255eb7325f43b4a7e1602c8?s=96&d=mm&r=g","caption":"Larissa Diedhiou"}}]}},"_links":{"self":[{"href":"https:\/\/www.sfsic.org\/en\/wp-json\/wp\/v2\/posts\/30512","targetHints":{"allow":["GET"]}}],"collection":[{"href":"https:\/\/www.sfsic.org\/en\/wp-json\/wp\/v2\/posts"}],"about":[{"href":"https:\/\/www.sfsic.org\/en\/wp-json\/wp\/v2\/types\/post"}],"author":[{"embeddable":true,"href":"https:\/\/www.sfsic.org\/en\/wp-json\/wp\/v2\/users\/1619"}],"replies":[{"embeddable":true,"href":"https:\/\/www.sfsic.org\/en\/wp-json\/wp\/v2\/comments?post=30512"}],"version-history":[{"count":3,"href":"https:\/\/www.sfsic.org\/en\/wp-json\/wp\/v2\/posts\/30512\/revisions"}],"predecessor-version":[{"id":30515,"href":"https:\/\/www.sfsic.org\/en\/wp-json\/wp\/v2\/posts\/30512\/revisions\/30515"}],"wp:attachment":[{"href":"https:\/\/www.sfsic.org\/en\/wp-json\/wp\/v2\/media?parent=30512"}],"wp:term":[{"taxonomy":"category","embeddable":true,"href":"https:\/\/www.sfsic.org\/en\/wp-json\/wp\/v2\/categories?post=30512"},{"taxonomy":"post_tag","embeddable":true,"href":"https:\/\/www.sfsic.org\/en\/wp-json\/wp\/v2\/tags?post=30512"},{"taxonomy":"thematique","embeddable":true,"href":"https:\/\/www.sfsic.org\/en\/wp-json\/wp\/v2\/thematique?post=30512"},{"taxonomy":"sfsic","embeddable":true,"href":"https:\/\/www.sfsic.org\/en\/wp-json\/wp\/v2\/sfsic?post=30512"}],"curies":[{"name":"wp","href":"https:\/\/api.w.org\/{rel}","templated":true}]}}