{"id":30311,"date":"2023-11-29T18:56:27","date_gmt":"2023-11-29T17:56:27","guid":{"rendered":"https:\/\/www.sfsic.org\/?p=30311"},"modified":"2023-11-28T19:11:11","modified_gmt":"2023-11-28T18:11:11","slug":"quand-la-science-fiction-change-le-monde","status":"publish","type":"post","link":"https:\/\/www.sfsic.org\/en\/aac-evenement\/quand-la-science-fiction-change-le-monde\/","title":{"rendered":"Quand la science-fiction change le monde"},"content":{"rendered":"<p><!-- fxzn:singledetail --><\/p>\n<div class=\"zone zn-singledetail\" id=\"fxzn-singledetail-1\">\n<div class=\"zone-block zn-singledetail-block alignwide va-top\">\n<div class=\"row\">\n<div class=\"columns large-8 large-push-4\">\n<div class=\"zn-singledetail-metabox\">\n<div class=\"zn-singledetail-pubdate pubdate\">\n\t\t\t\t\t<span class=\"pubdate-txt\">Mis en ligne le<\/span><span class=\"doubledot\"><\/span> 28 novembre 2023\t\t\t\t<\/div>\n<p class=\"zn-singledetail-calenda-info\">\n\t\t\t\t\t\tInformations \u00e9dit\u00e9es \u00e0 partir d\u2019une annonce <a class=\"calenda-link prettylink\" href=\"https:\/\/calenda.org\/1106601\" target=\"_blank\" rel=\"noopener\"><strong>Calenda<\/strong><\/a>.\t\t\t\t\t<\/p>\n<div class=\"zn-singledetail-thematiques with-sep-comma\">\n<ul class=\"termslist termslist-thematique\">\n<li class=\"termslist-item termslist-title\"><span class=\"termslist-titletxt\">Th\u00e9matiques<\/span><span class=\"doubledot\"><\/span><\/li>\n<li class=\"termslist-item tax-thematique term-communication-publique-et-politique\"><a class=\"termslist-itemlink\" href=\"https:\/\/www.sfsic.org\/en\/thematiques\/public-and-political-communication\/\" title=\"Communication publique et politique\"><span class=\"termslist-itemname\">Communication publique et politique<\/span><\/a><\/li>\n<li class=\"termslist-item tax-thematique term-images-cinema-medias-audiovisuels-et-industries-culturelles\"><a class=\"termslist-itemlink\" href=\"https:\/\/www.sfsic.org\/en\/thematiques\/images-cinema-audiovisual-media-and-cultural-industries\/\" title=\"Images, cin\u00e9ma, m\u00e9dias audiovisuels et industries culturelles\"><span class=\"termslist-itemname\">Images, cin\u00e9ma, m\u00e9dias audiovisuels et industries culturelles<\/span><\/a><\/li>\n<\/ul><\/div>\n<\/p><\/div>\n<\/p><\/div>\n<\/p><\/div>\n<div class=\"row\">\n<div class=\"columns large-4\">\n<div class=\"zn-singledetail-sidebar bg-cornersquares\">\n<div class=\"zn-singledetail-infos\">\n<p class=\"zn-singledetail-reponse-date\">\n\t\t\t\t\t\t<span>R\u00e9ponse attendue pour le<\/span><span class=\"doubledot\"><\/span> <strong>20\/12\/2023<\/strong>\n\t\t\t\t\t<\/p>\n<p class=\"zn-singledetail-reponse-type\">\n\t\t\t\t\t<span>Type de r\u00e9ponse<\/span><span class=\"doubledot\"><\/span> <strong>R\u00e9sum\u00e9<\/strong>\n\t\t\t\t\t<\/p>\n<p class=\"zn-singledetail-type\">\n\t\t\t\t\t\t\t<span>Type d\u2019\u00e9v\u00e9nement<\/span><span class=\"doubledot\"><\/span> <strong>Colloque<\/strong>\n\t\t\t\t\t<\/p>\n<\/p><\/div>\n<div class=\"zn-singledetail-contacts\">\n<h3 class=\"zn-singledetail-section-title\">Contacts<\/h3>\n<ul class=\"zn-singledetail-contacts-list\">\n<li class=\"zn-singledetail-contact\">\n\t\t\t\t\t\t\t<span class=\"zn-singledetail-contact-name\">Esprit Futur<\/span><span class=\"doubledot\"><\/span><br \/>\n\t\t\t\t\t\t\t\t\t\t\t\t\t\t<a class=\"zn-singledetail-contact-mail prettylink\" href=\"mailto:contact@espritfutur.fr\">contact@espritfutur.fr<\/a>\n\t\t\t\t\t\t\t\t\t\t\t\t\t<\/li>\n<\/ul><\/div>\n<\/p><\/div>\n<\/p><\/div>\n<div class=\"columns large-8\">\n<div class=\"zn-singledetail-contentbox\">\n<div class=\"zn-singledetail-eventinfo\">\n<div class=\"zn-singledetail-eventinfo-inner\">\n<div class=\"zn-singledetail-eventdates\">\n\t\t\t\t\t\t<span class=\"zn-singledetail-label\">Dates de l\u2019\u00e9v\u00e9nement<span class=\"doubledot\"><\/span><\/span><\/p>\n<ul class=\"zn-singledetail-eventdates-list\">\n<li class=\"zn-singledetail-eventdates-item\">\n\t\t\t\t\t\t\t\tDu 10\/04\/2024 au 12\/11\/2023\t\t\t\t\t\t\t<\/li>\n<\/ul><\/div>\n<p class=\"zn-singledetail-eventplace\">\n\t\t\t\t\t\t<span class=\"zn-singledetail-label\">Lieu de l\u2019\u00e9v\u00e9nement<span class=\"doubledot\"><\/span><\/span><br \/>\n\t\t\t\t\t\t<span class=\"zn-singledetail-eventplace-adr\"><br \/>\n\t\t\t\t\t\t\t\t\t\t\t\t<span class=\"adr-name\">XIIe colloque Stella Incognita <\/span>,<\/p>\n<p>\t\t\t\t\t\t\t\t\t\t\t\t<span class=\"adr-place\">\u00c9v\u00e9nement hybride sur site et en ligne<\/span>,<\/p>\n<p>\t\t\t\t\t\t<span class=\"adr-street\">29 avenue Robert Schuman <\/span>, <span class=\"adr-city\">Aix-en-Provence<\/span>\t\t\t\t\t\t<span class=\"adr-cp\">13100<\/span>, <span class=\"adr-country\">France<\/span><br \/>\n\t\t\t\t\t\t<\/span>\t\t\t\t\t<\/p>\n<\/p><\/div>\n<\/p><\/div>\n<div class=\"zn-singledetail-annonce wig-content\">\n<p>Comme personne ne conna\u00eet le futur, nul ne peut s\u2019en dire expert. N\u00e9anmoins, puisque chacun se projette vers le futur, nous en construisons tous forc\u00e9ment un r\u00e9cit, et m\u00eame un bouquet de r\u00e9cits multiples, o\u00f9 s\u2019entrem\u00ealent toutes les questions possibles. Cet appel \u00e0 communications s\u2019adresse donc \u00e0 de nombreux domaines disciplinaires pour envisager intuitivement des futurs probables, plausibles, possibles (Voros, 2006), ou significatifs dans ce qu\u2019ils donnent \u00e0 penser et \u00e0 vivre par procuration. Si les autres litt\u00e9ratures de l\u2019imaginaires (Fantasy, Fantastique) reposent sur un saut hors du r\u00e9el, nous voudrions dans cet appel porter le regard sur nos relations avec les changements du monde, ce qui correspond plut\u00f4t \u00e0 la science-fiction, m\u00eame s\u2019il existe plusieurs d\u00e9finitions du genre \u00ab&#160;science-fiction&#160;\u00bb.<\/p>\n<p>Qu\u2019il s\u2019agisse de litt\u00e9rature, de film, de s\u00e9rie, de jeux vid\u00e9o, de bande dessin\u00e9e, d\u2019\u0153uvre d\u2019art, etc., la science-fiction travaille sur cette incertitude inh\u00e9rente \u00e0 l\u2019avenir et sur la pluralit\u00e9 de projections qu\u2019elle induit. Elle a sa part d\u2019utopies et de dystopies, de futurs mena\u00e7ants, d\u2019avenirs radieux et d\u2019entre-deux. Elle explore cette pluralit\u00e9 de projections tous azimut, abordant des th\u00e9matiques technologiques, politiques, sociales, soci\u00e9tales, environnementales, etc.<\/p>\n<p>La science-fiction est ainsi une exploration des changements du monde, et, par les projections qu\u2019elle nous montre, elle en vient aussi, parfois, \u00e0 participer \u00e0 ce changement du monde nous amenant \u00e0 r\u00e9fl\u00e9chir \u00e0 des avenirs probl\u00e9matiques et \u00e0 des horizons int\u00e9ressants. Tous ces imaginaires, parce qu\u2019ils irriguent l\u2019espace public au-del\u00e0 des amateurs de SF, peuvent donc \u00eatre aussi \u00e9tudi\u00e9s \u00e0 la fois comme des r\u00e9v\u00e9lateurs et comme des vecteurs de transformations de nos conceptions, exer\u00e7ant une certaine influence sur les opinions (par exemple, Brake, 2022, McCranor, 2022, Besson, 2021).<\/p>\n<p>Ainsi, dans notre \u00e9poque de transformations intenses et de grande incertitude, la science-fiction peut \u00eatre consid\u00e9r\u00e9e comme une formidable machine \u00e0 penser et \u00e0 susciter des questions sociopolitiques, \u00e9thiques, anthropologiques, scientifiques et \u00e9conomiques. Avec la th\u00e9matique de l\u2019exploration des changements du monde, l\u2019objectif du colloque \u00e0 venir est d\u2019\u00e9tudier cette mati\u00e8re dans toute sa diversit\u00e9, comme une sorte de miroir tendu vers l\u2019avenir qui, par les images qu\u2019il nous apporte, nous offre de multiples angles pour appr\u00e9hender autant de changements du monde. A travers ces images, nous r\u00e9fl\u00e9chissons \u00e0 nos pouvoirs et \u00e0 nos impuissances, \u00e0 nos liens humains et \u00e0 nos d\u00e9chirures, \u00e0 nos espoirs et \u00e0 nos craintes.<\/p>\n<h2>Axes de r\u00e9flexion<\/h2>\n<p>Les axes propos\u00e9s pour le colloque pourront s&rsquo;inscrire dans l\u2019une ou plusieurs des pistes suivantes&#160;:<\/p>\n<h3>Axe 1&#160;: Menaces et dystopie&#160;: au-del\u00e0 des r\u00e9cits de peur&#160;?<\/h3>\n<p>La dystopie, la fiction postapocalyptique, et les r\u00e9cits qui suscitent la peur et l\u2019anxi\u00e9t\u00e9 sont courants dans la production de science-fiction. Nous pouvons nous demander si les visions qu\u2019ils donnent de notre futur peuvent pousser \u00e0 la r\u00e9flexion, \u00e0 l\u2019action, \u00e0 l\u2019engagement ou au contraire au renoncement&#160;? La mise en perspective des peurs actuelles li\u00e9es \u00e0 la technologie est pr\u00e9sente dans un certain nombre de s\u00e9ries r\u00e9centes, ainsi Black Mirror qui, \u00e0 chaque \u00e9pisode, fait \u00e9merger le c\u00f4t\u00e9 sombre des innovations, au m\u00eame titre que Severance, Peripheric ou encore The Fortress.<\/p>\n<p>Les questions suivantes pourraient aussi \u00eatre soulev\u00e9es&#160;: de quoi exactement ces menaces sont-elles r\u00e9v\u00e9latrices&#160;? Est-ce l\u2019expression d\u2019une r\u00e9sistance au changement&#160;? Une sorte de nostalgie (Juhl et al., 2010&#160;; Ionescu et al., 2023)&#160;? Une critique du technocapitalisme&#160;? Ou est-ce simplement l\u2019\u00e9vocation existentielle des peurs contemporaines (Ord, 2020)&#160;?<\/p>\n<h3>Axe 2&#160;: Les r\u00e9cits utopiques sont-ils encore possibles&#160;?<\/h3>\n<p>Dans quelles mesures pouvons-nous concevoir l&rsquo;utopie, c&rsquo;est-\u00e0-dire l&rsquo;id\u00e9e que l&rsquo;humanit\u00e9 peut atteindre une forme nouvelle et parfaite d&rsquo;organisation sociale et\/ou technologique&#160;? La notion m\u00eame de progr\u00e8s et d\u2019avenir commun et souhaitable pose une question essentielle de l\u2019utopie&#160;: peut-elle \u00eatre commune \u00e0 tous et, si oui, \u00e0 quel prix&#160;? On comprend ainsi qu&rsquo;il s&rsquo;agit d&rsquo;une question profond\u00e9ment politique (Friedman, 2015&#160;; Bregman, 2017), puisque les utopies des uns peuvent rapidement devenir les dystopies des autres, par exemple, dans Walden 2 de B.F. Skinner (1948) d\u00e9crivant une utopie communautaire r\u00e9gl\u00e9e par les principes du comportementalisme. Dans ces r\u00e9cits o\u00f9 l&rsquo;action existe lorsque la monotonie de l&rsquo;utopie est rompue, c&rsquo;est-\u00e0-dire lorsque son imposture sociale est r\u00e9v\u00e9l\u00e9e, il est peut-\u00eatre question de l&rsquo;incapacit\u00e9 de notre propre esprit \u00e0 saisir le concept d&rsquo;utopie, et non pas de l&rsquo;utopie elle-m\u00eame en tant qu&rsquo;id\u00e9e sociopolitique.<\/p>\n<p>Si la soci\u00e9t\u00e9 de demain pouvait \u00eatre r\u00e9ellement utopique, sur quels types d&rsquo;actions s&rsquo;appuieraient les sc\u00e9narios des fictions y menant&#160;? Comment cette utopie pourrait-elle \u00eatre ind\u00e9pendante des objectifs politiques de l&rsquo;id\u00e9ologie du progr\u00e8s&#160;?<\/p>\n<h3>Axe 3&#160;: incidence des fictions utopiques et dystopiques&#160;?<\/h3>\n<p>Les recherches en psychologie sociale montrent des contrastes id\u00e9ologiques face \u00e0 la repr\u00e9sentation utopique et dystopique de l\u2019avenir, ainsi que des diff\u00e9rences dans les repr\u00e9sentations et comportements associ\u00e9s aux vues du futur (Badaan et al., 2022&#160;; Badaan et al., 2020&#160;; Fernando et al., 2018&#160;; Jost et al., 2022&#160;; Kashima &amp; Fernando, 2020).<\/p>\n<p>Cet axe pourrait interroger sp\u00e9cifiquement l\u2019int\u00e9r\u00eat de la r\u00e9flexion philosophique sur la science-fiction et la capacit\u00e9 de ces fictions \u00e0 induire de nouveaux modes de raisonnement (Hottois, 2000&#160;; Martin, 2017) du fait m\u00eame de la structure de ses r\u00e9cits. L\u2019impact, plut\u00f4t r\u00e9cent, dans l\u2019\u00e9conomie (Beckert, 2013) ou les sciences juridiques (Delage, 2013&#160;; Bellagamba et Baret, 2023) pourrait \u00eatre \u00e9galement d\u00e9velopp\u00e9.<\/p>\n<p>Une fois constat\u00e9e l\u2019importance de la forme des r\u00e9cits sur la vision du futur, il convient de s\u2019interroger sur l\u2019effet que ces r\u00e9cits ont sur le passage \u00e0 l\u2019action. Penser le futur consiste \u00e0 le \u00ab&#160;programmer&#160;\u00bb pour reprendre le terme de Vint, \u00e0 \u00e9tablir une d\u00e9claration d\u2019intention d\u2019attitudes et de comportements visant \u00e0 l&rsquo;atteinte d&rsquo;un objectif individuel ou collectif (Vint &amp; Alexander, 2022). Riel Miller souligne la n\u00e9cessit\u00e9 sociale et cognitive d\u2019apprendre \u00e0 penser l&rsquo;avenir pour utiliser le futur (Miller, 2018&#160;; Jonassen et al., 1993).<\/p>\n<p>La science-fiction ouvre un \u00ab&#160;v\u00e9ritable laboratoire virtuel qui permet \u00e0 l\u2019exp\u00e9rimentation de se d\u00e9ployer totalement&#160;\u00bb (Armand, 2018). L\u2019utilisation de la science-fiction est un moyen de penser un monde nouveau pour jouer avec les futurs (Minvielle et al., 2016). La science-fiction devient \u00e0 l\u2019occasion une science-fiction institutionnelle (Michaud, 2023) pour guider les r\u00e9flexions au niveau des entreprises, un espace d\u2019interrogations conduisant \u00e0 s\u2019impliquer dans la construction de futurs souhaitables (Kyrou, 2023), de futurs \u00e0 parer (https:\/\/redteamdefense.org) \u00a0ou de futurs \u00e0 \u00e9viter.<\/p>\n<p>Cet axe s&rsquo;int\u00e9resse particuli\u00e8rement aux r\u00f4les de la science-fiction et s\u2019interroge sur l\u2019effet, voire l\u2019action, qu\u2019elle peut avoir dans le changement de points de vue des acteurs sociaux, politiques et \u00e9conomiques.<\/p>\n<h2>Modalit\u00e9s de participation<\/h2>\n<p>Ce colloque a pour objectif de mettre en \u00e9vidence des approches pluridisciplinaires autour de la science-fiction. Des contributions issues des disciplines des arts, de la litt\u00e9rature, de la psychologie, de l\u2019astrophysique, de la sociologie, de l\u2019histoire ou encore de la philosophie seront accept\u00e9es, mais toutes les sciences resteront les bienvenues pour \u00e9changer autour des r\u00e9cits de l\u2019avenir et leur effet sur les pens\u00e9es et les id\u00e9ologies utopiques et dystopiques de la science-fiction.<\/p>\n<p>Les interventions seront d\u2019une vingtaine de minutes.<\/p>\n<p>Elles auront lieu en pr\u00e9sentiel (d\u00e9rogation possible pour les intervenants internationaux). Le colloque sera au format hybride accessible via Zoom.<\/p>\n<p>Les propositions devront contenir&#160;:<\/p>\n<ul>\n<li>L\u2019axe de r\u00e9flexion dans lequel s\u2019inscrit la proposition<\/li>\n<li>Un titre<\/li>\n<li>Un r\u00e9sum\u00e9 de 300 \u00e0 500 mots (en fran\u00e7ais ou en anglais)<\/li>\n<li>Une courte pr\u00e9sentation de l\u2019auteur comprenant une br\u00e8ve bibliographie et une courte biographie (100 mots maximum).<\/li>\n<\/ul>\n<p>Les propositions seront \u00e0 envoyer au format .pdf a\u0300 l\u2019adresse suivante&#160;:\u00a0<strong>contact@espritfutur.fr<\/strong><\/p>\n<p>Note importante&#160;:\u00a0Pour participer (et non assister) \u00e0 la conf\u00e9rence, vous devez \u00eatre membre de l&rsquo;association (10 euros pour les doctorants\/non titulaires et 15 euros pour les titulaires). Pour mettre \u00e0 jour votre inscription ou vous inscrire pour la premi\u00e8re fois \u00e0 Stella Incognita&#160;:\u00a0<a href=\"https:\/\/www.helloasso.com\/associations\/stella-incognita\">https:\/\/www.helloasso.com\/associations\/stella-incognita<\/a>.<\/p>\n<h2>Calendrier<\/h2>\n<ul>\n<li>Date limite de soumission&#160;: mercredi 20 d\u00e9cembre 2023<\/li>\n<li>Date de r\u00e9ponse&#160;: mi-janvier 2024.<\/li>\n<li>Date du colloque&#160;: 10-12 avril 2024.<\/li>\n<\/ul>\n<h2>Comite\u0301 d\u2019organisation<\/h2>\n<ul>\n<li>Thomas Arciszewski, Aix-Marseille Universit\u00e9, PSYCLE \/ InCIAM.<\/li>\n<li>Cynthia Bagousse, Aix-Marseille Universit\u00e9, PSYCLE \/ InCIAM.<\/li>\n<li>Panagioula (Julie) Kolovou, Aix-Marseille Universit\u00e9, LESA.<\/li>\n<\/ul>\n<h2>Comit\u00e9 scientifique<\/h2>\n<ul>\n<li>Dani\u00e8le Andr\u00e9, La Rochelle Universit\u00e9, CRHIA.<\/li>\n<li>Ugo Bellagamba, Universit\u00e9 de Nice, HERMES.<\/li>\n<li>Nathalie Bonnardel, Aix-Marseille Universit\u00e9, PSYCLE \/ InCIAM.<\/li>\n<li>S\u00e9bastien Lefait, Aix-Marseille Universit\u00e9, LERMA \/ InCIAM.<\/li>\n<li>Sylvie Requemora, Aix-Marseille Universit\u00e9, CIELAM \/InCIAM.<\/li>\n<li>Olivier Wathelet, Docteur en anthropologie, co-fondateur de Making Tomorrow.<\/li>\n<\/ul><\/div>\n<div class=\"zn-singledetail-keywords\">\n<h3 class=\"zn-singledetail-section-title\">Mots-cl\u00e9s<\/h3>\n<ul class=\"termslist termslist-post_tag\">\n<li class=\"termslist-item termslist-title\"><span class=\"termslist-titletxt\">Mots-cl\u00e9s<\/span><span class=\"doubledot\"><\/span><\/li>\n<li class=\"termslist-item tax-post_tag term-audiovisuel\"><a class=\"termslist-itemlink\" href=\"https:\/\/www.sfsic.org\/en\/tag\/audiovisual\/\" title=\"Audiovisuel\"><span class=\"termslist-itemname\">Audiovisuel<\/span><\/a><\/li>\n<li class=\"termslist-item tax-post_tag term-dystopie\"><a class=\"termslist-itemlink\" href=\"https:\/\/www.sfsic.org\/en\/tag\/dystopie\/\" title=\"Dystopie\"><span class=\"termslist-itemname\">Dystopie<\/span><\/a><\/li>\n<li class=\"termslist-item tax-post_tag term-image\"><a class=\"termslist-itemlink\" href=\"https:\/\/www.sfsic.org\/en\/tag\/image-en\/\" title=\"Image\"><span class=\"termslist-itemname\">Image<\/span><\/a><\/li>\n<li class=\"termslist-item tax-post_tag term-science-fiction\"><a class=\"termslist-itemlink\" href=\"https:\/\/www.sfsic.org\/en\/tag\/science-fiction\/\" title=\"Science-fiction\"><span class=\"termslist-itemname\">Science-fiction<\/span><\/a><\/li>\n<li class=\"termslist-item tax-post_tag term-utopie\"><a class=\"termslist-itemlink\" href=\"https:\/\/www.sfsic.org\/en\/tag\/utopia\/\" title=\"Utopie\"><span class=\"termslist-itemname\">Utopie<\/span><\/a><\/li>\n<\/ul><\/div>\n<\/p><\/div>\n<\/p><\/div>\n<\/p><\/div>\n<\/p><\/div>\n<\/div>\n<p><!-- \/fxzn:singledetail --><\/p>\n","protected":false},"excerpt":{"rendered":"<p>Mis en ligne le 28 novembre 2023 Informations \u00e9dit\u00e9es \u00e0 partir d\u2019une annonce Calenda. Th\u00e9matiques Communication publique et politique Images, cin\u00e9ma, m\u00e9dias audiovisuels et industries culturelles R\u00e9ponse attendue pour le [&hellip;]<\/p>\n","protected":false},"author":1616,"featured_media":0,"comment_status":"closed","ping_status":"closed","sticky":false,"template":"","format":"standard","meta":{"_acf_changed":false,"footnotes":""},"categories":[29,57],"tags":[111,894,165,325,118],"thematique":[36,35],"sfsic":[],"class_list":["post-30311","post","type-post","status-publish","format-standard","hentry","category-aac-evenement","category-colloque","tag-audiovisuel","tag-dystopie","tag-image","tag-science-fiction","tag-utopie","thematique-communication-publique-et-politique","thematique-images-cinema-medias-audiovisuels-et-industries-culturelles","wp-sticky"],"acf":[],"yoast_head":"<!-- This site is optimized with the Yoast SEO plugin v27.4 - https:\/\/yoast.com\/product\/yoast-seo-wordpress\/ -->\n<title>Quand la science-fiction change le monde<\/title>\n<meta name=\"description\" content=\"Appel \u00e0 contribution pour le XIIe colloque Stella Incognita qui traite de la th\u00e9matique &quot;Quand la science-fiction change le monde&quot;.\" \/>\n<meta name=\"robots\" content=\"index, follow, max-snippet:-1, max-image-preview:large, max-video-preview:-1\" \/>\n<link rel=\"canonical\" href=\"https:\/\/www.sfsic.org\/en\/aac-evenement\/quand-la-science-fiction-change-le-monde\/\" \/>\n<meta property=\"og:locale\" content=\"en_US\" \/>\n<meta property=\"og:type\" content=\"article\" \/>\n<meta property=\"og:title\" content=\"Quand la science-fiction change le monde\" \/>\n<meta property=\"og:description\" content=\"Appel \u00e0 contribution pour le XIIe colloque Stella Incognita qui traite de la th\u00e9matique &quot;Quand la science-fiction change le monde&quot;.\" \/>\n<meta property=\"og:url\" content=\"https:\/\/www.sfsic.org\/en\/aac-evenement\/quand-la-science-fiction-change-le-monde\/\" \/>\n<meta property=\"og:site_name\" content=\"SFSIC\" \/>\n<meta property=\"article:published_time\" content=\"2023-11-29T17:56:27+00:00\" \/>\n<meta name=\"author\" content=\"Ines Aitlhaj\" \/>\n<meta name=\"twitter:card\" content=\"summary_large_image\" \/>\n<script type=\"application\/ld+json\" class=\"yoast-schema-graph\">{\"@context\":\"https:\\\/\\\/schema.org\",\"@graph\":[{\"@type\":\"Article\",\"@id\":\"https:\\\/\\\/www.sfsic.org\\\/en\\\/aac-evenement\\\/quand-la-science-fiction-change-le-monde\\\/#article\",\"isPartOf\":{\"@id\":\"https:\\\/\\\/www.sfsic.org\\\/en\\\/aac-evenement\\\/quand-la-science-fiction-change-le-monde\\\/\"},\"author\":{\"name\":\"Ines Aitlhaj\",\"@id\":\"https:\\\/\\\/www.sfsic.org\\\/en\\\/#\\\/schema\\\/person\\\/800f3fe02090d29b13c08213b0c5e768\"},\"headline\":\"Quand la science-fiction change le monde\",\"datePublished\":\"2023-11-29T17:56:27+00:00\",\"mainEntityOfPage\":{\"@id\":\"https:\\\/\\\/www.sfsic.org\\\/en\\\/aac-evenement\\\/quand-la-science-fiction-change-le-monde\\\/\"},\"wordCount\":1577,\"publisher\":{\"@id\":\"https:\\\/\\\/www.sfsic.org\\\/en\\\/#organization\"},\"keywords\":[\"Audiovisuel\",\"Dystopie\",\"Image\",\"Science-fiction\",\"Utopie\"],\"articleSection\":[\"AAC \u00c9v\u00e9nement\",\"Colloque\"],\"inLanguage\":\"en-US\"},{\"@type\":\"WebPage\",\"@id\":\"https:\\\/\\\/www.sfsic.org\\\/en\\\/aac-evenement\\\/quand-la-science-fiction-change-le-monde\\\/\",\"url\":\"https:\\\/\\\/www.sfsic.org\\\/en\\\/aac-evenement\\\/quand-la-science-fiction-change-le-monde\\\/\",\"name\":\"Quand la science-fiction change le monde\",\"isPartOf\":{\"@id\":\"https:\\\/\\\/www.sfsic.org\\\/en\\\/#website\"},\"datePublished\":\"2023-11-29T17:56:27+00:00\",\"description\":\"Appel \u00e0 contribution pour le XIIe colloque Stella Incognita qui traite de la th\u00e9matique \\\"Quand la science-fiction change le monde\\\".\",\"breadcrumb\":{\"@id\":\"https:\\\/\\\/www.sfsic.org\\\/en\\\/aac-evenement\\\/quand-la-science-fiction-change-le-monde\\\/#breadcrumb\"},\"inLanguage\":\"en-US\",\"potentialAction\":[{\"@type\":\"ReadAction\",\"target\":[\"https:\\\/\\\/www.sfsic.org\\\/en\\\/aac-evenement\\\/quand-la-science-fiction-change-le-monde\\\/\"]}]},{\"@type\":\"BreadcrumbList\",\"@id\":\"https:\\\/\\\/www.sfsic.org\\\/en\\\/aac-evenement\\\/quand-la-science-fiction-change-le-monde\\\/#breadcrumb\",\"itemListElement\":[{\"@type\":\"ListItem\",\"position\":1,\"name\":\"Accueil\",\"item\":\"https:\\\/\\\/www.sfsic.org\\\/en\\\/\"},{\"@type\":\"ListItem\",\"position\":2,\"name\":\"Calls for Contributions\",\"item\":\"https:\\\/\\\/www.sfsic.org\\\/en\\\/cfc-event\\\/\"},{\"@type\":\"ListItem\",\"position\":3,\"name\":\"Conference\",\"item\":\"https:\\\/\\\/www.sfsic.org\\\/en\\\/cfc-event\\\/conference\\\/\"},{\"@type\":\"ListItem\",\"position\":4,\"name\":\"Quand la science-fiction change le monde\"}]},{\"@type\":\"WebSite\",\"@id\":\"https:\\\/\\\/www.sfsic.org\\\/en\\\/#website\",\"url\":\"https:\\\/\\\/www.sfsic.org\\\/en\\\/\",\"name\":\"SFSIC\",\"description\":\"Soci\u00e9t\u00e9 Fran\u00e7aise des Sciences de l&#039;Information &amp; de la Communication\",\"publisher\":{\"@id\":\"https:\\\/\\\/www.sfsic.org\\\/en\\\/#organization\"},\"potentialAction\":[{\"@type\":\"SearchAction\",\"target\":{\"@type\":\"EntryPoint\",\"urlTemplate\":\"https:\\\/\\\/www.sfsic.org\\\/en\\\/?s={search_term_string}\"},\"query-input\":{\"@type\":\"PropertyValueSpecification\",\"valueRequired\":true,\"valueName\":\"search_term_string\"}}],\"inLanguage\":\"en-US\"},{\"@type\":\"Organization\",\"@id\":\"https:\\\/\\\/www.sfsic.org\\\/en\\\/#organization\",\"name\":\"SFSIC\",\"url\":\"https:\\\/\\\/www.sfsic.org\\\/en\\\/\",\"logo\":{\"@type\":\"ImageObject\",\"inLanguage\":\"en-US\",\"@id\":\"https:\\\/\\\/www.sfsic.org\\\/en\\\/#\\\/schema\\\/logo\\\/image\\\/\",\"url\":\"https:\\\/\\\/www.sfsic.org\\\/wp-inside\\\/uploads\\\/2020\\\/05\\\/logo-sfsic.jpg\",\"contentUrl\":\"https:\\\/\\\/www.sfsic.org\\\/wp-inside\\\/uploads\\\/2020\\\/05\\\/logo-sfsic.jpg\",\"width\":1085,\"height\":1080,\"caption\":\"SFSIC\"},\"image\":{\"@id\":\"https:\\\/\\\/www.sfsic.org\\\/en\\\/#\\\/schema\\\/logo\\\/image\\\/\"}},{\"@type\":\"Person\",\"@id\":\"https:\\\/\\\/www.sfsic.org\\\/en\\\/#\\\/schema\\\/person\\\/800f3fe02090d29b13c08213b0c5e768\",\"name\":\"Ines Aitlhaj\",\"image\":{\"@type\":\"ImageObject\",\"inLanguage\":\"en-US\",\"@id\":\"https:\\\/\\\/secure.gravatar.com\\\/avatar\\\/19b71b1e542a86dfeaa901e8dab8459633e24bf87931940b5e0ca60cac91f532?s=96&d=mm&r=g\",\"url\":\"https:\\\/\\\/secure.gravatar.com\\\/avatar\\\/19b71b1e542a86dfeaa901e8dab8459633e24bf87931940b5e0ca60cac91f532?s=96&d=mm&r=g\",\"contentUrl\":\"https:\\\/\\\/secure.gravatar.com\\\/avatar\\\/19b71b1e542a86dfeaa901e8dab8459633e24bf87931940b5e0ca60cac91f532?s=96&d=mm&r=g\",\"caption\":\"Ines Aitlhaj\"}}]}<\/script>\n<!-- \/ Yoast SEO plugin. -->","yoast_head_json":{"title":"Quand la science-fiction change le monde","description":"Appel \u00e0 contribution pour le XIIe colloque Stella Incognita qui traite de la th\u00e9matique \"Quand la science-fiction change le monde\".","robots":{"index":"index","follow":"follow","max-snippet":"max-snippet:-1","max-image-preview":"max-image-preview:large","max-video-preview":"max-video-preview:-1"},"canonical":"https:\/\/www.sfsic.org\/en\/aac-evenement\/quand-la-science-fiction-change-le-monde\/","og_locale":"en_US","og_type":"article","og_title":"Quand la science-fiction change le monde","og_description":"Appel \u00e0 contribution pour le XIIe colloque Stella Incognita qui traite de la th\u00e9matique \"Quand la science-fiction change le monde\".","og_url":"https:\/\/www.sfsic.org\/en\/aac-evenement\/quand-la-science-fiction-change-le-monde\/","og_site_name":"SFSIC","article_published_time":"2023-11-29T17:56:27+00:00","author":"Ines Aitlhaj","twitter_card":"summary_large_image","schema":{"@context":"https:\/\/schema.org","@graph":[{"@type":"Article","@id":"https:\/\/www.sfsic.org\/en\/aac-evenement\/quand-la-science-fiction-change-le-monde\/#article","isPartOf":{"@id":"https:\/\/www.sfsic.org\/en\/aac-evenement\/quand-la-science-fiction-change-le-monde\/"},"author":{"name":"Ines Aitlhaj","@id":"https:\/\/www.sfsic.org\/en\/#\/schema\/person\/800f3fe02090d29b13c08213b0c5e768"},"headline":"Quand la science-fiction change le monde","datePublished":"2023-11-29T17:56:27+00:00","mainEntityOfPage":{"@id":"https:\/\/www.sfsic.org\/en\/aac-evenement\/quand-la-science-fiction-change-le-monde\/"},"wordCount":1577,"publisher":{"@id":"https:\/\/www.sfsic.org\/en\/#organization"},"keywords":["Audiovisuel","Dystopie","Image","Science-fiction","Utopie"],"articleSection":["AAC \u00c9v\u00e9nement","Colloque"],"inLanguage":"en-US"},{"@type":"WebPage","@id":"https:\/\/www.sfsic.org\/en\/aac-evenement\/quand-la-science-fiction-change-le-monde\/","url":"https:\/\/www.sfsic.org\/en\/aac-evenement\/quand-la-science-fiction-change-le-monde\/","name":"Quand la science-fiction change le monde","isPartOf":{"@id":"https:\/\/www.sfsic.org\/en\/#website"},"datePublished":"2023-11-29T17:56:27+00:00","description":"Appel \u00e0 contribution pour le XIIe colloque Stella Incognita qui traite de la th\u00e9matique \"Quand la science-fiction change le monde\".","breadcrumb":{"@id":"https:\/\/www.sfsic.org\/en\/aac-evenement\/quand-la-science-fiction-change-le-monde\/#breadcrumb"},"inLanguage":"en-US","potentialAction":[{"@type":"ReadAction","target":["https:\/\/www.sfsic.org\/en\/aac-evenement\/quand-la-science-fiction-change-le-monde\/"]}]},{"@type":"BreadcrumbList","@id":"https:\/\/www.sfsic.org\/en\/aac-evenement\/quand-la-science-fiction-change-le-monde\/#breadcrumb","itemListElement":[{"@type":"ListItem","position":1,"name":"Accueil","item":"https:\/\/www.sfsic.org\/en\/"},{"@type":"ListItem","position":2,"name":"Calls for Contributions","item":"https:\/\/www.sfsic.org\/en\/cfc-event\/"},{"@type":"ListItem","position":3,"name":"Conference","item":"https:\/\/www.sfsic.org\/en\/cfc-event\/conference\/"},{"@type":"ListItem","position":4,"name":"Quand la science-fiction change le monde"}]},{"@type":"WebSite","@id":"https:\/\/www.sfsic.org\/en\/#website","url":"https:\/\/www.sfsic.org\/en\/","name":"SFSIC","description":"Soci\u00e9t\u00e9 Fran\u00e7aise des Sciences de l&#039;Information &amp; de la Communication","publisher":{"@id":"https:\/\/www.sfsic.org\/en\/#organization"},"potentialAction":[{"@type":"SearchAction","target":{"@type":"EntryPoint","urlTemplate":"https:\/\/www.sfsic.org\/en\/?s={search_term_string}"},"query-input":{"@type":"PropertyValueSpecification","valueRequired":true,"valueName":"search_term_string"}}],"inLanguage":"en-US"},{"@type":"Organization","@id":"https:\/\/www.sfsic.org\/en\/#organization","name":"SFSIC","url":"https:\/\/www.sfsic.org\/en\/","logo":{"@type":"ImageObject","inLanguage":"en-US","@id":"https:\/\/www.sfsic.org\/en\/#\/schema\/logo\/image\/","url":"https:\/\/www.sfsic.org\/wp-inside\/uploads\/2020\/05\/logo-sfsic.jpg","contentUrl":"https:\/\/www.sfsic.org\/wp-inside\/uploads\/2020\/05\/logo-sfsic.jpg","width":1085,"height":1080,"caption":"SFSIC"},"image":{"@id":"https:\/\/www.sfsic.org\/en\/#\/schema\/logo\/image\/"}},{"@type":"Person","@id":"https:\/\/www.sfsic.org\/en\/#\/schema\/person\/800f3fe02090d29b13c08213b0c5e768","name":"Ines Aitlhaj","image":{"@type":"ImageObject","inLanguage":"en-US","@id":"https:\/\/secure.gravatar.com\/avatar\/19b71b1e542a86dfeaa901e8dab8459633e24bf87931940b5e0ca60cac91f532?s=96&d=mm&r=g","url":"https:\/\/secure.gravatar.com\/avatar\/19b71b1e542a86dfeaa901e8dab8459633e24bf87931940b5e0ca60cac91f532?s=96&d=mm&r=g","contentUrl":"https:\/\/secure.gravatar.com\/avatar\/19b71b1e542a86dfeaa901e8dab8459633e24bf87931940b5e0ca60cac91f532?s=96&d=mm&r=g","caption":"Ines Aitlhaj"}}]}},"_links":{"self":[{"href":"https:\/\/www.sfsic.org\/en\/wp-json\/wp\/v2\/posts\/30311","targetHints":{"allow":["GET"]}}],"collection":[{"href":"https:\/\/www.sfsic.org\/en\/wp-json\/wp\/v2\/posts"}],"about":[{"href":"https:\/\/www.sfsic.org\/en\/wp-json\/wp\/v2\/types\/post"}],"author":[{"embeddable":true,"href":"https:\/\/www.sfsic.org\/en\/wp-json\/wp\/v2\/users\/1616"}],"replies":[{"embeddable":true,"href":"https:\/\/www.sfsic.org\/en\/wp-json\/wp\/v2\/comments?post=30311"}],"version-history":[{"count":7,"href":"https:\/\/www.sfsic.org\/en\/wp-json\/wp\/v2\/posts\/30311\/revisions"}],"predecessor-version":[{"id":30341,"href":"https:\/\/www.sfsic.org\/en\/wp-json\/wp\/v2\/posts\/30311\/revisions\/30341"}],"wp:attachment":[{"href":"https:\/\/www.sfsic.org\/en\/wp-json\/wp\/v2\/media?parent=30311"}],"wp:term":[{"taxonomy":"category","embeddable":true,"href":"https:\/\/www.sfsic.org\/en\/wp-json\/wp\/v2\/categories?post=30311"},{"taxonomy":"post_tag","embeddable":true,"href":"https:\/\/www.sfsic.org\/en\/wp-json\/wp\/v2\/tags?post=30311"},{"taxonomy":"thematique","embeddable":true,"href":"https:\/\/www.sfsic.org\/en\/wp-json\/wp\/v2\/thematique?post=30311"},{"taxonomy":"sfsic","embeddable":true,"href":"https:\/\/www.sfsic.org\/en\/wp-json\/wp\/v2\/sfsic?post=30311"}],"curies":[{"name":"wp","href":"https:\/\/api.w.org\/{rel}","templated":true}]}}