{"id":30261,"date":"2023-11-28T12:00:53","date_gmt":"2023-11-28T11:00:53","guid":{"rendered":"https:\/\/www.sfsic.org\/?p=30261"},"modified":"2023-11-26T16:50:12","modified_gmt":"2023-11-26T15:50:12","slug":"humanistica-2024","status":"publish","type":"post","link":"https:\/\/www.sfsic.org\/en\/aac-evenement\/humanistica-2024\/","title":{"rendered":"Humanistica 2024"},"content":{"rendered":"<p><!-- fxzn:singledetail --><\/p>\n<div class=\"zone zn-singledetail\" id=\"fxzn-singledetail-1\">\n<div class=\"zone-block zn-singledetail-block alignwide va-top\">\n<div class=\"row\">\n<div class=\"columns large-8 large-push-4\">\n<div class=\"zn-singledetail-metabox\">\n<div class=\"zn-singledetail-pubdate pubdate\">\n\t\t\t\t\t<span class=\"pubdate-txt\">Mis en ligne le<\/span><span class=\"doubledot\"><\/span> 26 novembre 2023\t\t\t\t<\/div>\n<div class=\"zn-singledetail-thematiques with-sep-comma\">\n<ul class=\"termslist termslist-thematique\">\n<li class=\"termslist-item termslist-title\"><span class=\"termslist-titletxt\">Th\u00e9matiques<\/span><span class=\"doubledot\"><\/span><\/li>\n<li class=\"termslist-item tax-thematique term-mediations-memorielles-culturelles-et-patrimoniales\"><a class=\"termslist-itemlink\" href=\"https:\/\/www.sfsic.org\/en\/thematiques\/memorial-cultural-and-heritage-mediation\/\" title=\"M\u00e9diations m\u00e9morielles, culturelles et patrimoniales\"><span class=\"termslist-itemname\">M\u00e9diations m\u00e9morielles, culturelles et patrimoniales<\/span><\/a><\/li>\n<li class=\"termslist-item tax-thematique term-numerique-strategies-dispositifs-et-usages\"><a class=\"termslist-itemlink\" href=\"https:\/\/www.sfsic.org\/en\/thematiques\/digital-strategies-devices-and-uses-en\/\" title=\"Num\u00e9rique : strat\u00e9gies, dispositifs et usages\"><span class=\"termslist-itemname\">Num\u00e9rique : strat\u00e9gies, dispositifs et usages<\/span><\/a><\/li>\n<\/ul><\/div>\n<\/p><\/div>\n<\/p><\/div>\n<\/p><\/div>\n<div class=\"row\">\n<div class=\"columns large-4\">\n<div class=\"zn-singledetail-sidebar bg-cornersquares\">\n<div class=\"zn-singledetail-infos\">\n<p class=\"zn-singledetail-reponse-date\">\n\t\t\t\t\t\t<span>R\u00e9ponse attendue pour le<\/span><span class=\"doubledot\"><\/span> <strong>15\/01\/2024<\/strong>\n\t\t\t\t\t<\/p>\n<p class=\"zn-singledetail-reponse-type\">\n\t\t\t\t\t<span>Type de r\u00e9ponse<\/span><span class=\"doubledot\"><\/span> <strong>R\u00e9sum\u00e9<\/strong>\n\t\t\t\t\t<\/p>\n<p class=\"zn-singledetail-type\">\n\t\t\t\t\t\t\t<span>Type d\u2019\u00e9v\u00e9nement<\/span><span class=\"doubledot\"><\/span> <strong>Colloque<\/strong>\n\t\t\t\t\t<\/p>\n<\/p><\/div>\n<div class=\"zn-singledetail-contacts\">\n<h3 class=\"zn-singledetail-section-title\">Contacts<\/h3>\n<ul class=\"zn-singledetail-contacts-list\">\n<li class=\"zn-singledetail-contact\">\n\t\t\t\t\t\t\t<span class=\"zn-singledetail-contact-name\">Humanistica &#8211; Association francophone des humanit\u00e9s num\u00e9riques<\/span><span class=\"doubledot\"><\/span><br \/>\n\t\t\t\t\t\t\t\t\t\t\t\t\t\t<a class=\"zn-singledetail-contact-mail prettylink\" href=\"mailto:humanistica2024@sciencesconf.org\">humanistica2024@sciencesconf.org<\/a>\n\t\t\t\t\t\t\t\t\t\t\t\t\t<\/li>\n<\/ul><\/div>\n<div class=\"zn-singledetail-weblinks\">\n<h3 class=\"zn-singledetail-section-title\">Sites internet de r\u00e9f\u00e9rence<\/h3>\n<ul class=\"zn-singledetail-weblinks-list\">\n<li>\n\t\t\t\t\t\t\t<a class=\"prettylink chainlink\" href=\"https:\/\/humanistica2024.sciencesconf.org\" title=\"Site du colloque\" target=\"_blank\" rel=\"noopener\">Site du colloque<\/a>\n\t\t\t\t\t\t<\/li>\n<\/ul><\/div>\n<\/p><\/div>\n<\/p><\/div>\n<div class=\"columns large-8\">\n<div class=\"zn-singledetail-contentbox\">\n<div class=\"zn-singledetail-eventinfo\">\n<div class=\"zn-singledetail-eventinfo-inner\">\n<div class=\"zn-singledetail-eventdates\">\n\t\t\t\t\t\t<span class=\"zn-singledetail-label\">Dates de l\u2019\u00e9v\u00e9nement<span class=\"doubledot\"><\/span><\/span><\/p>\n<ul class=\"zn-singledetail-eventdates-list\">\n<li class=\"zn-singledetail-eventdates-item\">\n\t\t\t\t\t\t\t\tDu 07\/05\/2024 au 09\/05\/2024\t\t\t\t\t\t\t<\/li>\n<\/ul><\/div>\n<p class=\"zn-singledetail-eventplace\">\n\t\t\t\t\t\t<span class=\"zn-singledetail-label\">Lieu de l\u2019\u00e9v\u00e9nement<span class=\"doubledot\"><\/span><\/span><br \/>\n\t\t\t\t\t\t<span class=\"zn-singledetail-eventplace-adr\"><\/p>\n<p>\t\t\t\t\t\t\t\t\t\t\t\t<span class=\"adr-place\">Facult\u00e9 des Lettres et des Sciences Humaines, Universit\u00e9 Moulay Ismail<\/span>,<\/p>\n<p>\t\t\t\t\t\t<span class=\"adr-city\">Mekn\u00e8s<\/span>\t\t\t\t\t\t, <span class=\"adr-country\">Maroc<\/span><br \/>\n\t\t\t\t\t\t<\/span>\t\t\t\t\t<\/p>\n<\/p><\/div>\n<\/p><\/div>\n<div class=\"zn-singledetail-annonce wig-content\">\n<div class=\"row texte\">\n<div class=\"col-12\">\n<p>Depuis 2020, <em>Humanistica<\/em>, l\u2019association francophone des humanit\u00e9s num\u00e9riques organise un colloque annuel \u00e0 destination de la francophonie des Humanit\u00e9s num\u00e9riques. Apr\u00e8s Bordeaux (2020), Rennes (2021), Montr\u00e9al (2022) et Gen\u00e8ve (2023), la cinqui\u00e8me \u00e9dition du colloque Humanistica se tient \u00e0 Mekn\u00e8s, au Maroc, \u00e0 la Facult\u00e9 des Lettres et des Sciences Humaines de l&rsquo;Universit\u00e9 Moulay Isma\u00efl de Mekn\u00e8s (Maroc) du 7 au 9 mai 2024. En vue de cet \u00e9v\u00e8nement, Humanistica renouvelle son appel \u00e0 la communaut\u00e9 scientifique des humanit\u00e9s num\u00e9riques et l\u2019invite \u00e0 pr\u00e9senter ses r\u00e9sultats, m\u00e9thodes de recherche et usages de l\u2019informatique et des outils num\u00e9riques dans le contexte de la recherche en sciences humaines et sociales.<\/p>\n<p>Pour 2024, Humanistica encourage plus particuli\u00e8rement les propositions en lien avec les quatre grands th\u00e8mes suivants en raison de leur importance, de leurs implications sociales \u00a0et de leur actualit\u00e9 pour les humanit\u00e9s num\u00e9riques &#160;:<\/p>\n<h3><strong>La circulation des informations en ligne<\/strong><\/h3>\n<p>Humanistica encourage les propositions en lien avec l\u2019\u00e9tude des r\u00e9seaux sociaux num\u00e9riques mais \u00e9galement avec l\u2019histoire d\u2019internet et de son fonctionnement.<\/p>\n<h3><strong>La p\u00e9dagogie<\/strong><\/h3>\n<p>Sont ici attendues des propositions permettant de croiser les questions d\u2019enseignement et de digital literacy \u00e0 tous les niveaux (bachelor, master, chercheur.se.s d\u00e9butant.e.s et avanc\u00e9.e.s\u2026) et dans diff\u00e9rents domaines disciplinaires. Les probl\u00e9matiques d\u2019infrastructure (conception, financement, formation) pourront \u00e9galement \u00eatre trait\u00e9es au sein de cette th\u00e9matique.<\/p>\n<h3><strong>Histoire, patrimoine et langue<\/strong><\/h3>\n<p>Il s\u2019agit ici de rassembler des communications parlant de l\u2019utilisation du num\u00e9rique par les chercheur.se.s en sciences humaines et sociales (histoire, arch\u00e9ologie, philologie, \u00e9tude des textes, linguistique synchronique, diachronique, stylistique, textom\u00e9trique\u2026) et les institutions de conservation (mus\u00e9es, biblioth\u00e8ques, archives\u2026).<\/p>\n<h3><strong>Arts<\/strong><\/h3>\n<p>Enfin, ce dernier axe propose d\u2019accueillir des interventions permettant de faire dialoguer les humanit\u00e9s num\u00e9riques avec les arts de toutes les \u00e9poques et de tous les types depuis la litt\u00e9rature, jusqu\u2019aux arts graphiques, vid\u00e9o (jeux vid\u00e9o, cin\u00e9ma), performatifs (danse, th\u00e9\u00e2tre) et musicaux.<\/p>\n<h2>Participation<\/h2>\n<p>Pour les formats de pr\u00e9sentation, les temps de parole seront les suivants&#160;:<\/p>\n<ul>\n<li>20 minutes pour une communication orale (que ce soit pour une publication de format court ou long dans les actes)<\/li>\n<li>5 minutes pour un poster<\/li>\n<li>1h30 pour une s\u00e9ance de groupe de travail<\/li>\n<li>1h30 ou 3h pour un atelier<\/li>\n<\/ul>\n<p>Nous utilisons la plateforme SciencesConf. pour accueillir vos contributions&#160;: <a href=\"https:\/\/humanistica2024.sciencesconf.org\">https:\/\/humanistica2024.sciencesconf.org<\/a>. Nous vous demandons de veiller \u00e0 mettre les courriels de l\u2019ensemble des auteur.trice(s).<\/p>\n<h2>Propositions de communication<\/h2>\n<p>Comme en 2023, Humanistica a l\u2019ambition de publier ses actes de colloque sur HAL avant la conf\u00e9rence (https:\/\/hal.science\/HUMANISTICA-2023).<\/p>\n<p>Il vous est possible d\u2019envoyer un r\u00e9sum\u00e9 de 500 mots au minimum si vous voulez participer au colloque mais sans publier vos textes.<br \/>\nSi vous souhaitez que votre r\u00e9sum\u00e9 soit publi\u00e9, il vous est demand\u00e9 d\u2019envoyer un texte int\u00e9gralement r\u00e9dig\u00e9 sous format de \u00ab&#160;mini-article&#160;\u00bb (Cf. \u00a7 \u00ab&#160;Publication des actes&#160;\u00bb infra.).<\/p>\n<h2>Publication des actes<\/h2>\n<p>En vue de la publication du recueil des communications (actes) du colloque sur HAL avant la conf\u00e9rence (https:\/\/hal.science\/HUMANISTICA-2023), nous vous demandons&#160;:<\/p>\n<ul>\n<li>pour une publication longue, de soumettre un \u00a0texte r\u00e9dig\u00e9 de 1000 \u00e0 1500 mots. Sont attendus ici des travaux concernant un projet avanc\u00e9 ou la pr\u00e9sentation de r\u00e9sultats.<\/li>\n<li>pour une publication courte, de soumettre un texte r\u00e9dig\u00e9 de \u00a0750 \u00e0 1000 mots. Sont attendus ici des travaux concernant des projets d\u00e9butants ou en cours, ou la pr\u00e9sentation de m\u00e9thodes<\/li>\n<li>pour un poster, de soumettre un texte r\u00e9dig\u00e9 de \u00a0500 \u00e0 750 mots qui accompagnera votre poster<\/li>\n<li>pour des s\u00e9ances de travail, de soumettre un texte r\u00e9dig\u00e9 de 500 \u00e0 750 mots<\/li>\n<li>pour un atelier, de soumettre un texte de 750 \u00e0 1000 mots<\/li>\n<\/ul>\n<p>Nous invitons les participant.e.s \u00e0 consulter le recueil des communications d\u2019Humanistica 2023 afin de mieux comprendre le format attendu (https:\/\/hal.science\/HUMANISTICA-2023) ainsi que la section \u201cSoumettre une contribution\u201d du site web.<\/p>\n<h2>Instructions concernant tous les r\u00e9sum\u00e9s<\/h2>\n<h3>Remarques formelles&#160;:<\/h3>\n<ul>\n<li>La langue de communication est le fran\u00e7ais.<\/li>\n<li>Les propositions de communication doivent \u00eatre des textes originaux, qui n\u2019ont pas \u00e9t\u00e9 pr\u00e9sent\u00e9s ou publi\u00e9s ailleurs.<\/li>\n<\/ul>\n<h3>Conseils pour la r\u00e9daction du r\u00e9sum\u00e9&#160;:<\/h3>\n<p>Nous vous conseillons de remettre en contexte toute description d\u2019une exp\u00e9rience personnelle, de donner une dimension r\u00e9flexive \u00e0 toute pr\u00e9sentation d\u2019une institution ou d\u2019un projet et de ne pas employer un ton promotionnel.<br \/>\nIl est pr\u00e9f\u00e9rable d\u2019\u00e9viter les g\u00e9n\u00e9ralit\u00e9s ou la pr\u00e9sentation de m\u00e9thodologies susceptibles d\u2019\u00eatre d\u00e9j\u00e0 bien connues des participants&#160;: des contributions probl\u00e9matis\u00e9es et pr\u00e9cises sont attendues.<\/p>\n<h2>Publication des actes&#160;:<\/h2>\n<ul>\n<li>La publication des textes sera faite AVANT le colloque.<\/li>\n<li>Seuls les textes complets r\u00e9pondant aux exigences de l\u2019appel \u00e0 communication et rendus dans les d\u00e9lais seront publi\u00e9s. Aucune exception ne sera donn\u00e9e.<\/li>\n<li>Un mod\u00e8le LaTeX est distribu\u00e9 pour mettre en page les propositions. Une vid\u00e9o de tutoriel est mise en ligne pour aider les participant.e.s \u00e0 r\u00e9diger. Nous recommandons l\u2019utilisation du service gratuit Overleaf pour la r\u00e9daction, avec pour titre 2024_Humanistica_NomDeFamille.<\/li>\n<li>Une version PDF sera publi\u00e9e sur la plateforme HAL \u00a0(cf. les actes de 2023&#160;: <a href=\"https:\/\/hal.science\/HUMANISTICA-2023)\">https:\/\/hal.science\/HUMANISTICA-2023)<\/a>.<\/li>\n<\/ul>\n<h2>Calendrier<\/h2>\n<ul>\n<li>Date limite de soumission des r\u00e9sum\u00e9s&#160;: 15 janvier 2024<\/li>\n<li>Retour des \u00e9valuations&#160;: 12 f\u00e9vrier 2024<\/li>\n<li>Date du d\u00e9p\u00f4t de la version finale&#160;: 11 mars 2024<\/li>\n<li>Colloque&#160;: 7, 8 et 9 mai 2024<\/li>\n<li>Colloque en ligne&#160;: 3 mai 2024<\/li>\n<\/ul>\n<h2>Comit\u00e9s<\/h2>\n<h3>Comit\u00e9 Humanistica<\/h3>\n<ul>\n<li>Adeline Joffres<\/li>\n<li>Emmanuel Ngu\u00e9 Um<\/li>\n<li>Laurent Tessier<\/li>\n<li>C\u00e9cile Braillon-Chantraine<\/li>\n<\/ul>\n<h3>Comit\u00e9 d\u2019organisation local<\/h3>\n<ul>\n<li>Ouafae Benzina<\/li>\n<li>Driss Ait Zemzami<\/li>\n<li>Mokhtar Belarbi<\/li>\n<li>Bouchra Benbella<\/li>\n<li>Samira Etouil<\/li>\n<\/ul>\n<h3>Comit\u00e9 de suivi des conf\u00e9rences<\/h3>\n<ul>\n<li>Simon Gabay<\/li>\n<li>Fatiha Idmhand<\/li>\n<\/ul>\n<\/div>\n<\/div><\/div>\n<div class=\"zn-singledetail-keywords\">\n<h3 class=\"zn-singledetail-section-title\">Mots-cl\u00e9s<\/h3>\n<ul class=\"termslist termslist-post_tag\">\n<li class=\"termslist-item termslist-title\"><span class=\"termslist-titletxt\">Mots-cl\u00e9s<\/span><span class=\"doubledot\"><\/span><\/li>\n<li class=\"termslist-item tax-post_tag term-arts\"><a class=\"termslist-itemlink\" href=\"https:\/\/www.sfsic.org\/en\/tag\/arts-en\/\" title=\"Arts\"><span class=\"termslist-itemname\">Arts<\/span><\/a><\/li>\n<li class=\"termslist-item tax-post_tag term-dispositifs\"><a class=\"termslist-itemlink\" href=\"https:\/\/www.sfsic.org\/en\/tag\/dispositifs\/\" title=\"Dispositifs\"><span class=\"termslist-itemname\">Dispositifs<\/span><\/a><\/li>\n<li class=\"termslist-item tax-post_tag term-humanites-numeriques\"><a class=\"termslist-itemlink\" href=\"https:\/\/www.sfsic.org\/en\/tag\/digital-humanities\/\" title=\"Humanit\u00e9s num\u00e9riques\"><span class=\"termslist-itemname\">Humanit\u00e9s num\u00e9riques<\/span><\/a><\/li>\n<li class=\"termslist-item tax-post_tag term-information\"><a class=\"termslist-itemlink\" href=\"https:\/\/www.sfsic.org\/en\/tag\/information\/\" title=\"information\"><span class=\"termslist-itemname\">information<\/span><\/a><\/li>\n<li class=\"termslist-item tax-post_tag term-patrimoine\"><a class=\"termslist-itemlink\" href=\"https:\/\/www.sfsic.org\/en\/tag\/heritage\/\" title=\"Patrimoine\"><span class=\"termslist-itemname\">Patrimoine<\/span><\/a><\/li>\n<li class=\"termslist-item tax-post_tag term-reseaux-sociaux-numeriques\"><a class=\"termslist-itemlink\" href=\"https:\/\/www.sfsic.org\/en\/tag\/social-networks-digital\/\" title=\"R\u00e9seaux sociaux num\u00e9riques\"><span class=\"termslist-itemname\">R\u00e9seaux sociaux num\u00e9riques<\/span><\/a><\/li>\n<\/ul><\/div>\n<\/p><\/div>\n<\/p><\/div>\n<\/p><\/div>\n<\/p><\/div>\n<\/div>\n<p><!-- \/fxzn:singledetail --><\/p>\n","protected":false},"excerpt":{"rendered":"<p>Mis en ligne le 26 novembre 2023 Th\u00e9matiques M\u00e9diations m\u00e9morielles, culturelles et patrimoniales Num\u00e9rique : strat\u00e9gies, dispositifs et usages R\u00e9ponse attendue pour le 15\/01\/2024 Type de r\u00e9ponse R\u00e9sum\u00e9 Type d\u2019\u00e9v\u00e9nement [&hellip;]<\/p>\n","protected":false},"author":781,"featured_media":0,"comment_status":"closed","ping_status":"closed","sticky":false,"template":"","format":"standard","meta":{"_acf_changed":false,"footnotes":""},"categories":[29,57],"tags":[350,315,99,304,193,82],"thematique":[38,39],"sfsic":[],"class_list":["post-30261","post","type-post","status-publish","format-standard","hentry","category-aac-evenement","category-colloque","tag-arts","tag-dispositifs","tag-humanites-numeriques","tag-information","tag-patrimoine","tag-reseaux-sociaux-numeriques","thematique-mediations-memorielles-culturelles-et-patrimoniales","thematique-numerique-strategies-dispositifs-et-usages","wp-sticky"],"acf":[],"yoast_head":"<!-- This site is optimized with the Yoast SEO plugin v27.4 - https:\/\/yoast.com\/product\/yoast-seo-wordpress\/ -->\n<title>Humanistica 2024<\/title>\n<meta name=\"description\" content=\"Humanistica, l\u2019association francophone des humanit\u00e9s num\u00e9riques lance un appel \u00e0 communication pour l&#039;\u00e9dition 2024 de son colloque annuel \u00e0 destination de la francophonie des Humanit\u00e9s num\u00e9riques.\" \/>\n<meta name=\"robots\" content=\"index, follow, max-snippet:-1, max-image-preview:large, max-video-preview:-1\" \/>\n<link rel=\"canonical\" href=\"https:\/\/www.sfsic.org\/en\/aac-evenement\/humanistica-2024\/\" \/>\n<meta property=\"og:locale\" content=\"en_US\" \/>\n<meta property=\"og:type\" content=\"article\" \/>\n<meta property=\"og:title\" content=\"Humanistica 2024\" \/>\n<meta property=\"og:description\" content=\"Humanistica, l\u2019association francophone des humanit\u00e9s num\u00e9riques lance un appel \u00e0 communication pour l&#039;\u00e9dition 2024 de son colloque annuel \u00e0 destination de la francophonie des Humanit\u00e9s num\u00e9riques.\" \/>\n<meta property=\"og:url\" content=\"https:\/\/www.sfsic.org\/en\/aac-evenement\/humanistica-2024\/\" \/>\n<meta property=\"og:site_name\" content=\"SFSIC\" \/>\n<meta property=\"article:published_time\" content=\"2023-11-28T11:00:53+00:00\" \/>\n<meta name=\"author\" content=\"Axelle Martin\" \/>\n<meta name=\"twitter:card\" content=\"summary_large_image\" \/>\n<script type=\"application\/ld+json\" class=\"yoast-schema-graph\">{\"@context\":\"https:\\\/\\\/schema.org\",\"@graph\":[{\"@type\":\"Article\",\"@id\":\"https:\\\/\\\/www.sfsic.org\\\/en\\\/aac-evenement\\\/humanistica-2024\\\/#article\",\"isPartOf\":{\"@id\":\"https:\\\/\\\/www.sfsic.org\\\/en\\\/aac-evenement\\\/humanistica-2024\\\/\"},\"author\":{\"name\":\"Axelle Martin\",\"@id\":\"https:\\\/\\\/www.sfsic.org\\\/en\\\/#\\\/schema\\\/person\\\/d3606993477708f4359fb9aeda58df3b\"},\"headline\":\"Humanistica 2024\",\"datePublished\":\"2023-11-28T11:00:53+00:00\",\"mainEntityOfPage\":{\"@id\":\"https:\\\/\\\/www.sfsic.org\\\/en\\\/aac-evenement\\\/humanistica-2024\\\/\"},\"wordCount\":1067,\"publisher\":{\"@id\":\"https:\\\/\\\/www.sfsic.org\\\/en\\\/#organization\"},\"keywords\":[\"Arts\",\"Dispositifs\",\"Humanit\u00e9s num\u00e9riques\",\"information\",\"Patrimoine\",\"R\u00e9seaux sociaux num\u00e9riques\"],\"articleSection\":[\"AAC \u00c9v\u00e9nement\",\"Colloque\"],\"inLanguage\":\"en-US\"},{\"@type\":\"WebPage\",\"@id\":\"https:\\\/\\\/www.sfsic.org\\\/en\\\/aac-evenement\\\/humanistica-2024\\\/\",\"url\":\"https:\\\/\\\/www.sfsic.org\\\/en\\\/aac-evenement\\\/humanistica-2024\\\/\",\"name\":\"Humanistica 2024\",\"isPartOf\":{\"@id\":\"https:\\\/\\\/www.sfsic.org\\\/en\\\/#website\"},\"datePublished\":\"2023-11-28T11:00:53+00:00\",\"description\":\"Humanistica, l\u2019association francophone des humanit\u00e9s num\u00e9riques lance un appel \u00e0 communication pour l'\u00e9dition 2024 de son colloque annuel \u00e0 destination de la francophonie des Humanit\u00e9s num\u00e9riques.\",\"breadcrumb\":{\"@id\":\"https:\\\/\\\/www.sfsic.org\\\/en\\\/aac-evenement\\\/humanistica-2024\\\/#breadcrumb\"},\"inLanguage\":\"en-US\",\"potentialAction\":[{\"@type\":\"ReadAction\",\"target\":[\"https:\\\/\\\/www.sfsic.org\\\/en\\\/aac-evenement\\\/humanistica-2024\\\/\"]}]},{\"@type\":\"BreadcrumbList\",\"@id\":\"https:\\\/\\\/www.sfsic.org\\\/en\\\/aac-evenement\\\/humanistica-2024\\\/#breadcrumb\",\"itemListElement\":[{\"@type\":\"ListItem\",\"position\":1,\"name\":\"Accueil\",\"item\":\"https:\\\/\\\/www.sfsic.org\\\/en\\\/\"},{\"@type\":\"ListItem\",\"position\":2,\"name\":\"Calls for Contributions\",\"item\":\"https:\\\/\\\/www.sfsic.org\\\/en\\\/cfc-event\\\/\"},{\"@type\":\"ListItem\",\"position\":3,\"name\":\"Conference\",\"item\":\"https:\\\/\\\/www.sfsic.org\\\/en\\\/cfc-event\\\/conference\\\/\"},{\"@type\":\"ListItem\",\"position\":4,\"name\":\"Humanistica 2024\"}]},{\"@type\":\"WebSite\",\"@id\":\"https:\\\/\\\/www.sfsic.org\\\/en\\\/#website\",\"url\":\"https:\\\/\\\/www.sfsic.org\\\/en\\\/\",\"name\":\"SFSIC\",\"description\":\"Soci\u00e9t\u00e9 Fran\u00e7aise des Sciences de l&#039;Information &amp; de la Communication\",\"publisher\":{\"@id\":\"https:\\\/\\\/www.sfsic.org\\\/en\\\/#organization\"},\"potentialAction\":[{\"@type\":\"SearchAction\",\"target\":{\"@type\":\"EntryPoint\",\"urlTemplate\":\"https:\\\/\\\/www.sfsic.org\\\/en\\\/?s={search_term_string}\"},\"query-input\":{\"@type\":\"PropertyValueSpecification\",\"valueRequired\":true,\"valueName\":\"search_term_string\"}}],\"inLanguage\":\"en-US\"},{\"@type\":\"Organization\",\"@id\":\"https:\\\/\\\/www.sfsic.org\\\/en\\\/#organization\",\"name\":\"SFSIC\",\"url\":\"https:\\\/\\\/www.sfsic.org\\\/en\\\/\",\"logo\":{\"@type\":\"ImageObject\",\"inLanguage\":\"en-US\",\"@id\":\"https:\\\/\\\/www.sfsic.org\\\/en\\\/#\\\/schema\\\/logo\\\/image\\\/\",\"url\":\"https:\\\/\\\/www.sfsic.org\\\/wp-inside\\\/uploads\\\/2020\\\/05\\\/logo-sfsic.jpg\",\"contentUrl\":\"https:\\\/\\\/www.sfsic.org\\\/wp-inside\\\/uploads\\\/2020\\\/05\\\/logo-sfsic.jpg\",\"width\":1085,\"height\":1080,\"caption\":\"SFSIC\"},\"image\":{\"@id\":\"https:\\\/\\\/www.sfsic.org\\\/en\\\/#\\\/schema\\\/logo\\\/image\\\/\"}},{\"@type\":\"Person\",\"@id\":\"https:\\\/\\\/www.sfsic.org\\\/en\\\/#\\\/schema\\\/person\\\/d3606993477708f4359fb9aeda58df3b\",\"name\":\"Axelle Martin\",\"image\":{\"@type\":\"ImageObject\",\"inLanguage\":\"en-US\",\"@id\":\"https:\\\/\\\/secure.gravatar.com\\\/avatar\\\/1065035eb5e480668fbf77e163c2e86f81ac342eaad4c8783acdf4a63f3c917b?s=96&d=mm&r=g\",\"url\":\"https:\\\/\\\/secure.gravatar.com\\\/avatar\\\/1065035eb5e480668fbf77e163c2e86f81ac342eaad4c8783acdf4a63f3c917b?s=96&d=mm&r=g\",\"contentUrl\":\"https:\\\/\\\/secure.gravatar.com\\\/avatar\\\/1065035eb5e480668fbf77e163c2e86f81ac342eaad4c8783acdf4a63f3c917b?s=96&d=mm&r=g\",\"caption\":\"Axelle Martin\"},\"sameAs\":[\"@antropocominside\"]}]}<\/script>\n<!-- \/ Yoast SEO plugin. -->","yoast_head_json":{"title":"Humanistica 2024","description":"Humanistica, l\u2019association francophone des humanit\u00e9s num\u00e9riques lance un appel \u00e0 communication pour l'\u00e9dition 2024 de son colloque annuel \u00e0 destination de la francophonie des Humanit\u00e9s num\u00e9riques.","robots":{"index":"index","follow":"follow","max-snippet":"max-snippet:-1","max-image-preview":"max-image-preview:large","max-video-preview":"max-video-preview:-1"},"canonical":"https:\/\/www.sfsic.org\/en\/aac-evenement\/humanistica-2024\/","og_locale":"en_US","og_type":"article","og_title":"Humanistica 2024","og_description":"Humanistica, l\u2019association francophone des humanit\u00e9s num\u00e9riques lance un appel \u00e0 communication pour l'\u00e9dition 2024 de son colloque annuel \u00e0 destination de la francophonie des Humanit\u00e9s num\u00e9riques.","og_url":"https:\/\/www.sfsic.org\/en\/aac-evenement\/humanistica-2024\/","og_site_name":"SFSIC","article_published_time":"2023-11-28T11:00:53+00:00","author":"Axelle Martin","twitter_card":"summary_large_image","schema":{"@context":"https:\/\/schema.org","@graph":[{"@type":"Article","@id":"https:\/\/www.sfsic.org\/en\/aac-evenement\/humanistica-2024\/#article","isPartOf":{"@id":"https:\/\/www.sfsic.org\/en\/aac-evenement\/humanistica-2024\/"},"author":{"name":"Axelle Martin","@id":"https:\/\/www.sfsic.org\/en\/#\/schema\/person\/d3606993477708f4359fb9aeda58df3b"},"headline":"Humanistica 2024","datePublished":"2023-11-28T11:00:53+00:00","mainEntityOfPage":{"@id":"https:\/\/www.sfsic.org\/en\/aac-evenement\/humanistica-2024\/"},"wordCount":1067,"publisher":{"@id":"https:\/\/www.sfsic.org\/en\/#organization"},"keywords":["Arts","Dispositifs","Humanit\u00e9s num\u00e9riques","information","Patrimoine","R\u00e9seaux sociaux num\u00e9riques"],"articleSection":["AAC \u00c9v\u00e9nement","Colloque"],"inLanguage":"en-US"},{"@type":"WebPage","@id":"https:\/\/www.sfsic.org\/en\/aac-evenement\/humanistica-2024\/","url":"https:\/\/www.sfsic.org\/en\/aac-evenement\/humanistica-2024\/","name":"Humanistica 2024","isPartOf":{"@id":"https:\/\/www.sfsic.org\/en\/#website"},"datePublished":"2023-11-28T11:00:53+00:00","description":"Humanistica, l\u2019association francophone des humanit\u00e9s num\u00e9riques lance un appel \u00e0 communication pour l'\u00e9dition 2024 de son colloque annuel \u00e0 destination de la francophonie des Humanit\u00e9s num\u00e9riques.","breadcrumb":{"@id":"https:\/\/www.sfsic.org\/en\/aac-evenement\/humanistica-2024\/#breadcrumb"},"inLanguage":"en-US","potentialAction":[{"@type":"ReadAction","target":["https:\/\/www.sfsic.org\/en\/aac-evenement\/humanistica-2024\/"]}]},{"@type":"BreadcrumbList","@id":"https:\/\/www.sfsic.org\/en\/aac-evenement\/humanistica-2024\/#breadcrumb","itemListElement":[{"@type":"ListItem","position":1,"name":"Accueil","item":"https:\/\/www.sfsic.org\/en\/"},{"@type":"ListItem","position":2,"name":"Calls for Contributions","item":"https:\/\/www.sfsic.org\/en\/cfc-event\/"},{"@type":"ListItem","position":3,"name":"Conference","item":"https:\/\/www.sfsic.org\/en\/cfc-event\/conference\/"},{"@type":"ListItem","position":4,"name":"Humanistica 2024"}]},{"@type":"WebSite","@id":"https:\/\/www.sfsic.org\/en\/#website","url":"https:\/\/www.sfsic.org\/en\/","name":"SFSIC","description":"Soci\u00e9t\u00e9 Fran\u00e7aise des Sciences de l&#039;Information &amp; de la Communication","publisher":{"@id":"https:\/\/www.sfsic.org\/en\/#organization"},"potentialAction":[{"@type":"SearchAction","target":{"@type":"EntryPoint","urlTemplate":"https:\/\/www.sfsic.org\/en\/?s={search_term_string}"},"query-input":{"@type":"PropertyValueSpecification","valueRequired":true,"valueName":"search_term_string"}}],"inLanguage":"en-US"},{"@type":"Organization","@id":"https:\/\/www.sfsic.org\/en\/#organization","name":"SFSIC","url":"https:\/\/www.sfsic.org\/en\/","logo":{"@type":"ImageObject","inLanguage":"en-US","@id":"https:\/\/www.sfsic.org\/en\/#\/schema\/logo\/image\/","url":"https:\/\/www.sfsic.org\/wp-inside\/uploads\/2020\/05\/logo-sfsic.jpg","contentUrl":"https:\/\/www.sfsic.org\/wp-inside\/uploads\/2020\/05\/logo-sfsic.jpg","width":1085,"height":1080,"caption":"SFSIC"},"image":{"@id":"https:\/\/www.sfsic.org\/en\/#\/schema\/logo\/image\/"}},{"@type":"Person","@id":"https:\/\/www.sfsic.org\/en\/#\/schema\/person\/d3606993477708f4359fb9aeda58df3b","name":"Axelle Martin","image":{"@type":"ImageObject","inLanguage":"en-US","@id":"https:\/\/secure.gravatar.com\/avatar\/1065035eb5e480668fbf77e163c2e86f81ac342eaad4c8783acdf4a63f3c917b?s=96&d=mm&r=g","url":"https:\/\/secure.gravatar.com\/avatar\/1065035eb5e480668fbf77e163c2e86f81ac342eaad4c8783acdf4a63f3c917b?s=96&d=mm&r=g","contentUrl":"https:\/\/secure.gravatar.com\/avatar\/1065035eb5e480668fbf77e163c2e86f81ac342eaad4c8783acdf4a63f3c917b?s=96&d=mm&r=g","caption":"Axelle Martin"},"sameAs":["@antropocominside"]}]}},"_links":{"self":[{"href":"https:\/\/www.sfsic.org\/en\/wp-json\/wp\/v2\/posts\/30261","targetHints":{"allow":["GET"]}}],"collection":[{"href":"https:\/\/www.sfsic.org\/en\/wp-json\/wp\/v2\/posts"}],"about":[{"href":"https:\/\/www.sfsic.org\/en\/wp-json\/wp\/v2\/types\/post"}],"author":[{"embeddable":true,"href":"https:\/\/www.sfsic.org\/en\/wp-json\/wp\/v2\/users\/781"}],"replies":[{"embeddable":true,"href":"https:\/\/www.sfsic.org\/en\/wp-json\/wp\/v2\/comments?post=30261"}],"version-history":[{"count":4,"href":"https:\/\/www.sfsic.org\/en\/wp-json\/wp\/v2\/posts\/30261\/revisions"}],"predecessor-version":[{"id":30265,"href":"https:\/\/www.sfsic.org\/en\/wp-json\/wp\/v2\/posts\/30261\/revisions\/30265"}],"wp:attachment":[{"href":"https:\/\/www.sfsic.org\/en\/wp-json\/wp\/v2\/media?parent=30261"}],"wp:term":[{"taxonomy":"category","embeddable":true,"href":"https:\/\/www.sfsic.org\/en\/wp-json\/wp\/v2\/categories?post=30261"},{"taxonomy":"post_tag","embeddable":true,"href":"https:\/\/www.sfsic.org\/en\/wp-json\/wp\/v2\/tags?post=30261"},{"taxonomy":"thematique","embeddable":true,"href":"https:\/\/www.sfsic.org\/en\/wp-json\/wp\/v2\/thematique?post=30261"},{"taxonomy":"sfsic","embeddable":true,"href":"https:\/\/www.sfsic.org\/en\/wp-json\/wp\/v2\/sfsic?post=30261"}],"curies":[{"name":"wp","href":"https:\/\/api.w.org\/{rel}","templated":true}]}}