{"id":30247,"date":"2023-11-26T14:34:10","date_gmt":"2023-11-26T13:34:10","guid":{"rendered":"https:\/\/www.sfsic.org\/?p=30247"},"modified":"2023-11-26T11:34:24","modified_gmt":"2023-11-26T10:34:24","slug":"usages-du-livre-dans-la-mediation-scientifique-peut-on-encore-innover","status":"publish","type":"post","link":"https:\/\/www.sfsic.org\/en\/evenement\/usages-du-livre-dans-la-mediation-scientifique-peut-on-encore-innover\/","title":{"rendered":"Usages du livre dans la m\u00e9diation scientifique : peut-on encore innover ?"},"content":{"rendered":"<p><!-- fxzn:singledetail --><\/p>\n<div class=\"zone zn-singledetail\" id=\"fxzn-singledetail-1\">\n<div class=\"zone-block zn-singledetail-block alignwide va-top\">\n<div class=\"row\">\n<div class=\"columns large-8 large-push-4\">\n<div class=\"zn-singledetail-metabox\">\n<div class=\"zn-singledetail-pubdate pubdate\">\n\t\t\t\t\t<span class=\"pubdate-txt\">Mis en ligne le<\/span><span class=\"doubledot\"><\/span> 26 novembre 2023\t\t\t\t<\/div>\n<div class=\"zn-singledetail-thematiques with-sep-comma\">\n<ul class=\"termslist termslist-thematique\">\n<li class=\"termslist-item termslist-title\"><span class=\"termslist-titletxt\">Th\u00e9matiques<\/span><span class=\"doubledot\"><\/span><\/li>\n<li class=\"termslist-item tax-thematique term-information-documents-et-ecritures\"><a class=\"termslist-itemlink\" href=\"https:\/\/www.sfsic.org\/en\/thematiques\/information-documents-and-records\/\" title=\"Information, documents et \u00e9critures\"><span class=\"termslist-itemname\">Information, documents et \u00e9critures<\/span><\/a><\/li>\n<li class=\"termslist-item tax-thematique term-mediation-des-savoirs-education-et-formation\"><a class=\"termslist-itemlink\" href=\"https:\/\/www.sfsic.org\/en\/thematiques\/knowledge-mediation-education-and-training\/\" title=\"M\u00e9diation des savoirs, \u00e9ducation et formation\"><span class=\"termslist-itemname\">M\u00e9diation des savoirs, \u00e9ducation et formation<\/span><\/a><\/li>\n<\/ul><\/div>\n<\/p><\/div>\n<\/p><\/div>\n<\/p><\/div>\n<div class=\"row\">\n<div class=\"columns large-4\">\n<div class=\"zn-singledetail-sidebar bg-cornersquares\">\n<div class=\"zn-singledetail-infos\">\n<p class=\"zn-singledetail-type\">\n\t\t\t\t\t\t\t<span>Type d\u2019\u00e9v\u00e9nement<\/span><span class=\"doubledot\"><\/span> <strong>Journ\u00e9e d&#8217;\u00e9changes<\/strong>\n\t\t\t\t\t<\/p>\n<\/p><\/div>\n<div class=\"zn-singledetail-weblinks\">\n<h3 class=\"zn-singledetail-section-title\">Sites internet de r\u00e9f\u00e9rence<\/h3>\n<ul class=\"zn-singledetail-weblinks-list\">\n<li>\n\t\t\t\t\t\t\t<a class=\"prettylink chainlink\" href=\"https:\/\/livmed.hypotheses.org\/1583\" title=\"Programme et inscriptions\" target=\"_blank\" rel=\"noopener\">Programme et inscriptions<\/a>\n\t\t\t\t\t\t<\/li>\n<\/ul><\/div>\n<\/p><\/div>\n<\/p><\/div>\n<div class=\"columns large-8\">\n<div class=\"zn-singledetail-contentbox\">\n<div class=\"zn-singledetail-eventinfo\">\n<div class=\"zn-singledetail-eventinfo-inner\">\n<div class=\"zn-singledetail-eventdates\">\n\t\t\t\t\t\t<span class=\"zn-singledetail-label\">Dates de l\u2019\u00e9v\u00e9nement<span class=\"doubledot\"><\/span><\/span><\/p>\n<ul class=\"zn-singledetail-eventdates-list\">\n<li class=\"zn-singledetail-eventdates-item\">\n\t\t\t\t\t\t\t\tLe 18\/12\/2023, <span class=\"event-schedule\">9h<\/span>\t\t\t\t\t\t\t<\/li>\n<\/ul><\/div>\n<p class=\"zn-singledetail-eventplace\">\n\t\t\t\t\t\t<span class=\"zn-singledetail-label\">Lieu de l\u2019\u00e9v\u00e9nement<span class=\"doubledot\"><\/span><\/span><br \/>\n\t\t\t\t\t\t<span class=\"zn-singledetail-eventplace-adr\"><\/p>\n<p>\t\t\t\t\t\t\t\t\t\t\t\t<span class=\"adr-place\">Mus\u00e9um de Grenoble <\/span>,<\/p>\n<p>\t\t\t\t\t\t<span class=\"adr-street\">1 rue Dolomieu <\/span>, <span class=\"adr-city\">Grenoble<\/span>\t\t\t\t\t\t<span class=\"adr-cp\">38000 <\/span>, <span class=\"adr-country\">France<\/span><br \/>\n\t\t\t\t\t\t<\/span>\t\t\t\t\t<\/p>\n<\/p><\/div>\n<\/p><\/div>\n<div class=\"zn-singledetail-annonce wig-content\">\n<p>\u00c0 l\u2019occasion de la sortie aux Presses Universitaires de Grenoble de l\u2019ouvrage <em>Utiliser le livre dans la m\u00e9diation scientifique&#160;: Guide pratique \u00e0 l\u2019usage des professionnels<\/em> et de son site compagnon, r\u00e9alis\u00e9s dans le cadre du projet LivMed, le GRESEC vous convient \u00e0 une journ\u00e9e d\u2019\u00e9changes entre chercheurs et m\u00e9diateurs scientifiques.<\/p>\n<p>La journ\u00e9e est co-organis\u00e9e avec l\u2019<a href=\"https:\/\/www.amcsti.fr\" target=\"_blank\" rel=\"noreferrer noopener\">AMCST<\/a><a href=\"https:\/\/www.amcsti.fr\">I<\/a> et le <a href=\"https:\/\/www.grenoble.fr\/1607-museum-de-grenoble.htm\" target=\"_blank\" rel=\"noreferrer noopener\">Mus\u00e9um de Grenoble<\/a>, et en partenariat avec la MSH Alpes.<\/p>\n<p>Accueil \u00e0 l\u2019auditorium du Mus\u00e9um, 1 rue Dolomieu 38000 Grenoble, \u00e0 partir de 9h.<\/p>\n<p><strong>9h-9h30<\/strong> Accueil des participants (Auditorium)<\/p>\n<p><strong>9h30-10h<\/strong> Introduction de la journ\u00e9e&#160;: Aude Inaudi, ma\u00eetresse de conf\u00e9rences, responsable du projet LivMed et Bastien Fr\u00e9ard, directeur de l\u2019AMCSTI<\/p>\n<p><strong>10h-10h45<\/strong> Conf\u00e9rence de Daniel Raichvarg, professeur \u00e9m\u00e9rite<br \/>\n\u201cLes Livres Scientifiques Documentaires, du jeu des 7 erreurs \u00e0 celui des 7 m\u00e9diations\u201c<\/p>\n<p><strong>10h45-11h<\/strong> Pause<\/p>\n<p><strong>11h-12h15<\/strong> Table ronde&#160;: \u201cRenouveler la place du livre dans le dispositif de m\u00e9diation\u201c<\/p>\n<p><strong>12h30-14h<\/strong> Pause d\u00e9jeuner<\/p>\n<p><strong>14h-14h45<\/strong> Conf\u00e9rence d\u2019\u00c9ric Triquet, professeur des universit\u00e9s<br \/>\n\u201cFiction historique dans la bande dessin\u00e9e et m\u00e9diation des savoirs\u201c<\/p>\n<p><strong>14h45-16h<\/strong> Table ronde&#160;: \u201cExploiter le contenu des livres de mani\u00e8re innovante\u201c<\/p>\n<p><strong>16h-16h30<\/strong> R\u00e9sultats du projet LivMed et perspectives&#160;: Am\u00e9lie Coulbaut-Lazzarini, Aude Inaudi et \u00c9milie Kohlmann, ma\u00eetresses de conf\u00e9rences<\/p>\n<h2>Inscriptions<\/h2>\n<p>Inscriptions avant le 29 novembre en suivant ce lien&#160;: <a class=\"moz-txt-link-freetext\" href=\"https:\/\/livmed.hypotheses.org\/1583\">https:\/\/livmed.hypotheses.org\/1583<\/a><\/p>\n<\/p><\/div>\n<div class=\"zn-singledetail-keywords\">\n<h3 class=\"zn-singledetail-section-title\">Mots-cl\u00e9s<\/h3>\n<ul class=\"termslist termslist-post_tag\">\n<li class=\"termslist-item termslist-title\"><span class=\"termslist-titletxt\">Mots-cl\u00e9s<\/span><span class=\"doubledot\"><\/span><\/li>\n<li class=\"termslist-item tax-post_tag term-livre\"><a class=\"termslist-itemlink\" href=\"https:\/\/www.sfsic.org\/en\/tag\/book\/\" title=\"Livre\"><span class=\"termslist-itemname\">Livre<\/span><\/a><\/li>\n<li class=\"termslist-item tax-post_tag term-mediation-scientifique\"><a class=\"termslist-itemlink\" href=\"https:\/\/www.sfsic.org\/en\/tag\/mediation-scientifique\/\" title=\"M\u00e9diation scientifique\"><span class=\"termslist-itemname\">M\u00e9diation scientifique<\/span><\/a><\/li>\n<\/ul><\/div>\n<\/p><\/div>\n<\/p><\/div>\n<\/p><\/div>\n<\/p><\/div>\n<\/div>\n<p><!-- \/fxzn:singledetail --><\/p>\n","protected":false},"excerpt":{"rendered":"<p>Mis en ligne le 26 novembre 2023 Th\u00e9matiques Information, documents et \u00e9critures M\u00e9diation des savoirs, \u00e9ducation et formation Type d\u2019\u00e9v\u00e9nement Journ\u00e9e d&#8217;\u00e9changes Sites internet de r\u00e9f\u00e9rence Programme et inscriptions Dates [&hellip;]<\/p>\n","protected":false},"author":781,"featured_media":0,"comment_status":"closed","ping_status":"closed","sticky":false,"template":"","format":"standard","meta":{"_acf_changed":false,"footnotes":""},"categories":[30,68],"tags":[440,892],"thematique":[40,43],"sfsic":[],"class_list":["post-30247","post","type-post","status-publish","format-standard","hentry","category-evenement","category-journee-etude-2","tag-livre","tag-mediation-scientifique","thematique-information-documents-et-ecritures","thematique-mediation-des-savoirs-education-et-formation","wp-sticky"],"acf":[],"yoast_head":"<!-- This site is optimized with the Yoast SEO plugin v27.5 - https:\/\/yoast.com\/product\/yoast-seo-wordpress\/ -->\n<title>Usages du livre dans la m\u00e9diation scientifique : peut-on encore innover ?<\/title>\n<meta name=\"description\" content=\"Le programme de la journ\u00e9e d&#039;\u00e9changes co-organis\u00e9e par le GRESEC, l\u2019AMCSTI et le Mus\u00e9um de Grenoble, et en partenariat avec la MSH Alpes est en ligne.\" \/>\n<meta name=\"robots\" content=\"index, follow, max-snippet:-1, max-image-preview:large, max-video-preview:-1\" \/>\n<link rel=\"canonical\" href=\"https:\/\/www.sfsic.org\/en\/evenement\/usages-du-livre-dans-la-mediation-scientifique-peut-on-encore-innover\/\" \/>\n<meta property=\"og:locale\" content=\"en_US\" \/>\n<meta property=\"og:type\" content=\"article\" \/>\n<meta property=\"og:title\" content=\"Usages du livre dans la m\u00e9diation scientifique : peut-on encore innover ?\" \/>\n<meta property=\"og:description\" content=\"Le programme de la journ\u00e9e d&#039;\u00e9changes co-organis\u00e9e par le GRESEC, l\u2019AMCSTI et le Mus\u00e9um de Grenoble, et en partenariat avec la MSH Alpes est en ligne.\" \/>\n<meta property=\"og:url\" content=\"https:\/\/www.sfsic.org\/en\/evenement\/usages-du-livre-dans-la-mediation-scientifique-peut-on-encore-innover\/\" \/>\n<meta property=\"og:site_name\" content=\"SFSIC\" \/>\n<meta property=\"article:published_time\" content=\"2023-11-26T13:34:10+00:00\" \/>\n<meta name=\"author\" content=\"Axelle Martin\" \/>\n<meta name=\"twitter:card\" content=\"summary_large_image\" \/>\n<script type=\"application\/ld+json\" class=\"yoast-schema-graph\">{\"@context\":\"https:\\\/\\\/schema.org\",\"@graph\":[{\"@type\":\"Article\",\"@id\":\"https:\\\/\\\/www.sfsic.org\\\/en\\\/evenement\\\/usages-du-livre-dans-la-mediation-scientifique-peut-on-encore-innover\\\/#article\",\"isPartOf\":{\"@id\":\"https:\\\/\\\/www.sfsic.org\\\/en\\\/evenement\\\/usages-du-livre-dans-la-mediation-scientifique-peut-on-encore-innover\\\/\"},\"author\":{\"name\":\"Axelle Martin\",\"@id\":\"https:\\\/\\\/www.sfsic.org\\\/en\\\/#\\\/schema\\\/person\\\/d3606993477708f4359fb9aeda58df3b\"},\"headline\":\"Usages du livre dans la m\u00e9diation scientifique : peut-on encore innover ?\",\"datePublished\":\"2023-11-26T13:34:10+00:00\",\"mainEntityOfPage\":{\"@id\":\"https:\\\/\\\/www.sfsic.org\\\/en\\\/evenement\\\/usages-du-livre-dans-la-mediation-scientifique-peut-on-encore-innover\\\/\"},\"wordCount\":317,\"publisher\":{\"@id\":\"https:\\\/\\\/www.sfsic.org\\\/en\\\/#organization\"},\"keywords\":[\"Livre\",\"M\u00e9diation scientifique\"],\"articleSection\":[\"\u00c9v\u00e9nements\",\"Journ\u00e9e d\u2019\u00e9tude\"],\"inLanguage\":\"en-US\"},{\"@type\":\"WebPage\",\"@id\":\"https:\\\/\\\/www.sfsic.org\\\/en\\\/evenement\\\/usages-du-livre-dans-la-mediation-scientifique-peut-on-encore-innover\\\/\",\"url\":\"https:\\\/\\\/www.sfsic.org\\\/en\\\/evenement\\\/usages-du-livre-dans-la-mediation-scientifique-peut-on-encore-innover\\\/\",\"name\":\"Usages du livre dans la m\u00e9diation scientifique : peut-on encore innover ?\",\"isPartOf\":{\"@id\":\"https:\\\/\\\/www.sfsic.org\\\/en\\\/#website\"},\"datePublished\":\"2023-11-26T13:34:10+00:00\",\"description\":\"Le programme de la journ\u00e9e d'\u00e9changes co-organis\u00e9e par le GRESEC, l\u2019AMCSTI et le Mus\u00e9um de Grenoble, et en partenariat avec la MSH Alpes est en ligne.\",\"breadcrumb\":{\"@id\":\"https:\\\/\\\/www.sfsic.org\\\/en\\\/evenement\\\/usages-du-livre-dans-la-mediation-scientifique-peut-on-encore-innover\\\/#breadcrumb\"},\"inLanguage\":\"en-US\",\"potentialAction\":[{\"@type\":\"ReadAction\",\"target\":[\"https:\\\/\\\/www.sfsic.org\\\/en\\\/evenement\\\/usages-du-livre-dans-la-mediation-scientifique-peut-on-encore-innover\\\/\"]}]},{\"@type\":\"BreadcrumbList\",\"@id\":\"https:\\\/\\\/www.sfsic.org\\\/en\\\/evenement\\\/usages-du-livre-dans-la-mediation-scientifique-peut-on-encore-innover\\\/#breadcrumb\",\"itemListElement\":[{\"@type\":\"ListItem\",\"position\":1,\"name\":\"Accueil\",\"item\":\"https:\\\/\\\/www.sfsic.org\\\/en\\\/\"},{\"@type\":\"ListItem\",\"position\":2,\"name\":\"Events\",\"item\":\"https:\\\/\\\/www.sfsic.org\\\/en\\\/events\\\/\"},{\"@type\":\"ListItem\",\"position\":3,\"name\":\"Study Day\",\"item\":\"https:\\\/\\\/www.sfsic.org\\\/en\\\/events\\\/study-day-2\\\/\"},{\"@type\":\"ListItem\",\"position\":4,\"name\":\"Usages du livre dans la m\u00e9diation scientifique&#160;: peut-on encore innover&#160;?\"}]},{\"@type\":\"WebSite\",\"@id\":\"https:\\\/\\\/www.sfsic.org\\\/en\\\/#website\",\"url\":\"https:\\\/\\\/www.sfsic.org\\\/en\\\/\",\"name\":\"SFSIC\",\"description\":\"Soci\u00e9t\u00e9 Fran\u00e7aise des Sciences de l&#039;Information &amp; de la Communication\",\"publisher\":{\"@id\":\"https:\\\/\\\/www.sfsic.org\\\/en\\\/#organization\"},\"potentialAction\":[{\"@type\":\"SearchAction\",\"target\":{\"@type\":\"EntryPoint\",\"urlTemplate\":\"https:\\\/\\\/www.sfsic.org\\\/en\\\/?s={search_term_string}\"},\"query-input\":{\"@type\":\"PropertyValueSpecification\",\"valueRequired\":true,\"valueName\":\"search_term_string\"}}],\"inLanguage\":\"en-US\"},{\"@type\":\"Organization\",\"@id\":\"https:\\\/\\\/www.sfsic.org\\\/en\\\/#organization\",\"name\":\"SFSIC\",\"url\":\"https:\\\/\\\/www.sfsic.org\\\/en\\\/\",\"logo\":{\"@type\":\"ImageObject\",\"inLanguage\":\"en-US\",\"@id\":\"https:\\\/\\\/www.sfsic.org\\\/en\\\/#\\\/schema\\\/logo\\\/image\\\/\",\"url\":\"https:\\\/\\\/www.sfsic.org\\\/wp-inside\\\/uploads\\\/2020\\\/05\\\/logo-sfsic.jpg\",\"contentUrl\":\"https:\\\/\\\/www.sfsic.org\\\/wp-inside\\\/uploads\\\/2020\\\/05\\\/logo-sfsic.jpg\",\"width\":1085,\"height\":1080,\"caption\":\"SFSIC\"},\"image\":{\"@id\":\"https:\\\/\\\/www.sfsic.org\\\/en\\\/#\\\/schema\\\/logo\\\/image\\\/\"}},{\"@type\":\"Person\",\"@id\":\"https:\\\/\\\/www.sfsic.org\\\/en\\\/#\\\/schema\\\/person\\\/d3606993477708f4359fb9aeda58df3b\",\"name\":\"Axelle Martin\",\"image\":{\"@type\":\"ImageObject\",\"inLanguage\":\"en-US\",\"@id\":\"https:\\\/\\\/secure.gravatar.com\\\/avatar\\\/1065035eb5e480668fbf77e163c2e86f81ac342eaad4c8783acdf4a63f3c917b?s=96&d=mm&r=g\",\"url\":\"https:\\\/\\\/secure.gravatar.com\\\/avatar\\\/1065035eb5e480668fbf77e163c2e86f81ac342eaad4c8783acdf4a63f3c917b?s=96&d=mm&r=g\",\"contentUrl\":\"https:\\\/\\\/secure.gravatar.com\\\/avatar\\\/1065035eb5e480668fbf77e163c2e86f81ac342eaad4c8783acdf4a63f3c917b?s=96&d=mm&r=g\",\"caption\":\"Axelle Martin\"},\"sameAs\":[\"@antropocominside\"]}]}<\/script>\n<!-- \/ Yoast SEO plugin. -->","yoast_head_json":{"title":"Usages du livre dans la m\u00e9diation scientifique : peut-on encore innover ?","description":"Le programme de la journ\u00e9e d'\u00e9changes co-organis\u00e9e par le GRESEC, l\u2019AMCSTI et le Mus\u00e9um de Grenoble, et en partenariat avec la MSH Alpes est en ligne.","robots":{"index":"index","follow":"follow","max-snippet":"max-snippet:-1","max-image-preview":"max-image-preview:large","max-video-preview":"max-video-preview:-1"},"canonical":"https:\/\/www.sfsic.org\/en\/evenement\/usages-du-livre-dans-la-mediation-scientifique-peut-on-encore-innover\/","og_locale":"en_US","og_type":"article","og_title":"Usages du livre dans la m\u00e9diation scientifique : peut-on encore innover ?","og_description":"Le programme de la journ\u00e9e d'\u00e9changes co-organis\u00e9e par le GRESEC, l\u2019AMCSTI et le Mus\u00e9um de Grenoble, et en partenariat avec la MSH Alpes est en ligne.","og_url":"https:\/\/www.sfsic.org\/en\/evenement\/usages-du-livre-dans-la-mediation-scientifique-peut-on-encore-innover\/","og_site_name":"SFSIC","article_published_time":"2023-11-26T13:34:10+00:00","author":"Axelle Martin","twitter_card":"summary_large_image","schema":{"@context":"https:\/\/schema.org","@graph":[{"@type":"Article","@id":"https:\/\/www.sfsic.org\/en\/evenement\/usages-du-livre-dans-la-mediation-scientifique-peut-on-encore-innover\/#article","isPartOf":{"@id":"https:\/\/www.sfsic.org\/en\/evenement\/usages-du-livre-dans-la-mediation-scientifique-peut-on-encore-innover\/"},"author":{"name":"Axelle Martin","@id":"https:\/\/www.sfsic.org\/en\/#\/schema\/person\/d3606993477708f4359fb9aeda58df3b"},"headline":"Usages du livre dans la m\u00e9diation scientifique : peut-on encore innover ?","datePublished":"2023-11-26T13:34:10+00:00","mainEntityOfPage":{"@id":"https:\/\/www.sfsic.org\/en\/evenement\/usages-du-livre-dans-la-mediation-scientifique-peut-on-encore-innover\/"},"wordCount":317,"publisher":{"@id":"https:\/\/www.sfsic.org\/en\/#organization"},"keywords":["Livre","M\u00e9diation scientifique"],"articleSection":["\u00c9v\u00e9nements","Journ\u00e9e d\u2019\u00e9tude"],"inLanguage":"en-US"},{"@type":"WebPage","@id":"https:\/\/www.sfsic.org\/en\/evenement\/usages-du-livre-dans-la-mediation-scientifique-peut-on-encore-innover\/","url":"https:\/\/www.sfsic.org\/en\/evenement\/usages-du-livre-dans-la-mediation-scientifique-peut-on-encore-innover\/","name":"Usages du livre dans la m\u00e9diation scientifique : peut-on encore innover ?","isPartOf":{"@id":"https:\/\/www.sfsic.org\/en\/#website"},"datePublished":"2023-11-26T13:34:10+00:00","description":"Le programme de la journ\u00e9e d'\u00e9changes co-organis\u00e9e par le GRESEC, l\u2019AMCSTI et le Mus\u00e9um de Grenoble, et en partenariat avec la MSH Alpes est en ligne.","breadcrumb":{"@id":"https:\/\/www.sfsic.org\/en\/evenement\/usages-du-livre-dans-la-mediation-scientifique-peut-on-encore-innover\/#breadcrumb"},"inLanguage":"en-US","potentialAction":[{"@type":"ReadAction","target":["https:\/\/www.sfsic.org\/en\/evenement\/usages-du-livre-dans-la-mediation-scientifique-peut-on-encore-innover\/"]}]},{"@type":"BreadcrumbList","@id":"https:\/\/www.sfsic.org\/en\/evenement\/usages-du-livre-dans-la-mediation-scientifique-peut-on-encore-innover\/#breadcrumb","itemListElement":[{"@type":"ListItem","position":1,"name":"Accueil","item":"https:\/\/www.sfsic.org\/en\/"},{"@type":"ListItem","position":2,"name":"Events","item":"https:\/\/www.sfsic.org\/en\/events\/"},{"@type":"ListItem","position":3,"name":"Study Day","item":"https:\/\/www.sfsic.org\/en\/events\/study-day-2\/"},{"@type":"ListItem","position":4,"name":"Usages du livre dans la m\u00e9diation scientifique&#160;: peut-on encore innover&#160;?"}]},{"@type":"WebSite","@id":"https:\/\/www.sfsic.org\/en\/#website","url":"https:\/\/www.sfsic.org\/en\/","name":"SFSIC","description":"Soci\u00e9t\u00e9 Fran\u00e7aise des Sciences de l&#039;Information &amp; de la Communication","publisher":{"@id":"https:\/\/www.sfsic.org\/en\/#organization"},"potentialAction":[{"@type":"SearchAction","target":{"@type":"EntryPoint","urlTemplate":"https:\/\/www.sfsic.org\/en\/?s={search_term_string}"},"query-input":{"@type":"PropertyValueSpecification","valueRequired":true,"valueName":"search_term_string"}}],"inLanguage":"en-US"},{"@type":"Organization","@id":"https:\/\/www.sfsic.org\/en\/#organization","name":"SFSIC","url":"https:\/\/www.sfsic.org\/en\/","logo":{"@type":"ImageObject","inLanguage":"en-US","@id":"https:\/\/www.sfsic.org\/en\/#\/schema\/logo\/image\/","url":"https:\/\/www.sfsic.org\/wp-inside\/uploads\/2020\/05\/logo-sfsic.jpg","contentUrl":"https:\/\/www.sfsic.org\/wp-inside\/uploads\/2020\/05\/logo-sfsic.jpg","width":1085,"height":1080,"caption":"SFSIC"},"image":{"@id":"https:\/\/www.sfsic.org\/en\/#\/schema\/logo\/image\/"}},{"@type":"Person","@id":"https:\/\/www.sfsic.org\/en\/#\/schema\/person\/d3606993477708f4359fb9aeda58df3b","name":"Axelle Martin","image":{"@type":"ImageObject","inLanguage":"en-US","@id":"https:\/\/secure.gravatar.com\/avatar\/1065035eb5e480668fbf77e163c2e86f81ac342eaad4c8783acdf4a63f3c917b?s=96&d=mm&r=g","url":"https:\/\/secure.gravatar.com\/avatar\/1065035eb5e480668fbf77e163c2e86f81ac342eaad4c8783acdf4a63f3c917b?s=96&d=mm&r=g","contentUrl":"https:\/\/secure.gravatar.com\/avatar\/1065035eb5e480668fbf77e163c2e86f81ac342eaad4c8783acdf4a63f3c917b?s=96&d=mm&r=g","caption":"Axelle Martin"},"sameAs":["@antropocominside"]}]}},"_links":{"self":[{"href":"https:\/\/www.sfsic.org\/en\/wp-json\/wp\/v2\/posts\/30247","targetHints":{"allow":["GET"]}}],"collection":[{"href":"https:\/\/www.sfsic.org\/en\/wp-json\/wp\/v2\/posts"}],"about":[{"href":"https:\/\/www.sfsic.org\/en\/wp-json\/wp\/v2\/types\/post"}],"author":[{"embeddable":true,"href":"https:\/\/www.sfsic.org\/en\/wp-json\/wp\/v2\/users\/781"}],"replies":[{"embeddable":true,"href":"https:\/\/www.sfsic.org\/en\/wp-json\/wp\/v2\/comments?post=30247"}],"version-history":[{"count":3,"href":"https:\/\/www.sfsic.org\/en\/wp-json\/wp\/v2\/posts\/30247\/revisions"}],"predecessor-version":[{"id":30250,"href":"https:\/\/www.sfsic.org\/en\/wp-json\/wp\/v2\/posts\/30247\/revisions\/30250"}],"wp:attachment":[{"href":"https:\/\/www.sfsic.org\/en\/wp-json\/wp\/v2\/media?parent=30247"}],"wp:term":[{"taxonomy":"category","embeddable":true,"href":"https:\/\/www.sfsic.org\/en\/wp-json\/wp\/v2\/categories?post=30247"},{"taxonomy":"post_tag","embeddable":true,"href":"https:\/\/www.sfsic.org\/en\/wp-json\/wp\/v2\/tags?post=30247"},{"taxonomy":"thematique","embeddable":true,"href":"https:\/\/www.sfsic.org\/en\/wp-json\/wp\/v2\/thematique?post=30247"},{"taxonomy":"sfsic","embeddable":true,"href":"https:\/\/www.sfsic.org\/en\/wp-json\/wp\/v2\/sfsic?post=30247"}],"curies":[{"name":"wp","href":"https:\/\/api.w.org\/{rel}","templated":true}]}}