{"id":30206,"date":"2023-11-26T10:29:32","date_gmt":"2023-11-26T09:29:32","guid":{"rendered":"https:\/\/www.sfsic.org\/?p=30206"},"modified":"2023-11-27T10:21:05","modified_gmt":"2023-11-27T09:21:05","slug":"la-marche","status":"publish","type":"post","link":"https:\/\/www.sfsic.org\/en\/publication\/la-marche\/","title":{"rendered":"La marche"},"content":{"rendered":"<p><!-- fxzn:singledetail --><\/p>\n<div class=\"zone zn-singledetail\" id=\"fxzn-singledetail-1\">\n<div class=\"zone-block zn-singledetail-block alignwide va-top\">\n<div class=\"row\">\n<div class=\"columns large-8 large-push-4\">\n<div class=\"zn-singledetail-metabox\">\n<div class=\"zn-singledetail-pubdate pubdate\">\n\t\t\t\t\t<span class=\"pubdate-txt\">Mis en ligne le<\/span><span class=\"doubledot\"><\/span> <time class=\"pubdate-time\" pubdate datetime=\"2023-11-26T10:29:32+01:00\">26 novembre 2023<\/time>\t\t\t\t<\/div>\n<\/p><\/div>\n<\/p><\/div>\n<\/p><\/div>\n<div class=\"row\">\n<div class=\"columns large-4\">\n<div class=\"zn-singledetail-sidebar bg-cornersquares\">\n<div class=\"zn-singledetail-infos\">\n<p class=\"zn-singledetail-type\">\n\t\t\t\t\t\t\t<span>Type de publication<\/span><span class=\"doubledot\"><\/span> <strong>Num\u00e9ro de revue<\/strong>\n\t\t\t\t\t<\/p>\n<p class=\"zn-singledetail-name\">\n\t\t\t\t\t\t\t<span>Nom de la publication<\/span><span class=\"doubledot\"><\/span> <strong>Herm\u00e8s, La Revue<\/strong>\n\t\t\t\t\t<\/p>\n<p class=\"zn-singledetail-edition\">\n\t\t\t\t\t\t\t<span>\u00c9dition<\/span><span class=\"doubledot\"><\/span> <strong>CNRS \u00c9ditions<\/strong>\n\t\t\t\t\t<\/p>\n<\/p><\/div>\n<div class=\"zn-singledetail-coordinators\">\n<h3 class=\"zn-singledetail-section-title\">Coordinateur(s) \/ Auteur(s)<\/h3>\n<ul class=\"zn-singledetail-coordinators-list\">\n<li class=\"zn-singledetail-coordinators-item\">\n\t\t\t\t\t\t\t<span>Vincent <\/span> <span>Liqu\u00e8te<\/span>\t\t\t\t\t\t\t\t\t\t\t\t\t<\/li>\n<li class=\"zn-singledetail-coordinators-item\">\n\t\t\t\t\t\t\t<span>David <\/span> <span>Le Breton<\/span>\t\t\t\t\t\t\t\t\t\t\t\t\t<\/li>\n<li class=\"zn-singledetail-coordinators-item\">\n\t\t\t\t\t\t\t<span>Thierry<\/span> <span> Paquot<\/span>\t\t\t\t\t\t\t\t\t\t\t\t\t<\/li>\n<\/ul><\/div>\n<\/p><\/div>\n<\/p><\/div>\n<div class=\"columns large-8\">\n<div class=\"zn-singledetail-contentbox\">\n<div class=\"zn-singledetail-annonce wig-content\">\n<p>Le num\u00e9ro 91 de la revue Herm\u00e8s est en ligne. Sous la direction de Vincent Liqu\u00e8te, David Le Breton et Thierry Paquot, il s&rsquo;intitule \u00ab&#160;La marche&#160;\u00bb.<\/p>\n<p><img decoding=\"async\" loading=\"lazy\" class=\"size-medium wp-image-30207 aligncenter\" src=\"https:\/\/www.sfsic.org\/wp-inside\/uploads\/2023\/11\/couverture-hermeslarevue-91-300x300.jpg\" alt=\"\" width=\"300\" height=\"300\" srcset=\"https:\/\/www.sfsic.org\/wp-inside\/uploads\/2023\/11\/couverture-hermeslarevue-91-300x300.jpg 300w, https:\/\/www.sfsic.org\/wp-inside\/uploads\/2023\/11\/couverture-hermeslarevue-91-150x150.jpg 150w, https:\/\/www.sfsic.org\/wp-inside\/uploads\/2023\/11\/couverture-hermeslarevue-91-320x320.jpg 320w, https:\/\/www.sfsic.org\/wp-inside\/uploads\/2023\/11\/couverture-hermeslarevue-91-185x185.jpg 185w, https:\/\/www.sfsic.org\/wp-inside\/uploads\/2023\/11\/couverture-hermeslarevue-91-180x180.jpg 180w, https:\/\/www.sfsic.org\/wp-inside\/uploads\/2023\/11\/couverture-hermeslarevue-91-65x65.jpg 65w, https:\/\/www.sfsic.org\/wp-inside\/uploads\/2023\/11\/couverture-hermeslarevue-91.jpg 600w, https:\/\/www.sfsic.org\/wp-inside\/uploads\/2023\/11\/couverture-hermeslarevue-91-200x201.jpg 200w\" sizes=\"auto, (max-width: 300px) 100vw, 300px\" \/><\/p>\n<p style=\"text-align: center;\"><a class=\"button outline with-arrow\" href=\"https:\/\/www.cairn.info\/revue-hermes-la-revue-2023-1.htm\">Consulter le dossier sur Cairn<\/a><\/p>\n<h2>Sommaire<\/h2>\n<ul>\n<li>Page 11 \u00e0 19<br \/>\nIntroduction<br \/>\n<strong>Vincent Liqu\u00e8te, David Le Breton<\/strong><\/li>\n<li>Page 21 \u00e0 24<br \/>\nSoliloque sur un quai de gare \u00e0 Meudon<br \/>\n<strong>Brigitte Munier<\/strong><\/li>\n<\/ul>\n<h2>Partie I&#160;: La marche dans nos soci\u00e9t\u00e9s&#160;: approches politique et historique<\/h2>\n<ul>\n<li>Page 27 \u00e0 30<br \/>\nLa Longue Marche du Parti communiste chinois, une m\u00e9taphore de l\u2019effort d\u00e9mesur\u00e9<br \/>\n<strong>Olivier Arifon<\/strong><\/li>\n<li>Page 31 \u00e0 35<br \/>\nDes pas pour le dire<br \/>\n<strong>Danielle Tartakowsky<\/strong><\/li>\n<li>Page 36 \u00e0 38<br \/>\nFace tragique<br \/>\n<strong>Joanna Nowicki<\/strong><\/li>\n<li>Page 39 \u00e0 46<br \/>\nL\u2019itin\u00e9rance d\u2019un trafic humain&#160;: les marches de la mort nazies et la (non-) communication d\u2019une catastrophe<br \/>\n<strong>Simone Gigliotti<\/strong><\/li>\n<li>Page 47 \u00e0 53<br \/>\nFemmes sans-abris&#160;: l\u2019itin\u00e9rance comme mode de survie<br \/>\n<strong>Berenice Penafiel<\/strong><\/li>\n<li>Page 54 \u00e0 58<br \/>\nLa marche comme r\u00e9sistance<br \/>\n<strong>David Le Breton<\/strong><\/li>\n<li>Page 59 \u00e0 60<br \/>\nL\u00e8ve-toi et marche<br \/>\n<strong>Lina Zakhour<\/strong><\/li>\n<li>Page 61 \u00e0 67<br \/>\nLa marche militaire&#160;: quand les corps font corps<br \/>\n<strong>C\u00e9line Bryon-Portet<\/strong><\/li>\n<li>Page 68 \u00e0 73<br \/>\nParader dans la ville&#160;: rencontre avec l\u2019alt\u00e9rit\u00e9<br \/>\n<strong>Ga\u00ebtan Rivi\u00e8re<\/strong><\/li>\n<li>Page 74 \u00e0 76<br \/>\nLe marcheur, figure de la contestation environnementale<br \/>\n<strong>Thierry Libaert<\/strong><\/li>\n<\/ul>\n<h2>Partie II&#160;: Les esth\u00e9tiques communicationnelles de la marche<\/h2>\n<ul>\n<li>Page 79 \u00e0 84<br \/>\nLa marche fun\u00e8bre et ses figures de rh\u00e9torique cheminatoire<br \/>\n<strong>Carlo Grassi<\/strong><\/li>\n<li>Page 85 \u00e0 89<br \/>\nUne nouvelle fa\u00e7on de marcher<br \/>\nLa forme balade dans quelques films Nouvelle Vague<br \/>\n<strong>Antoine de Baecque<\/strong><\/li>\n<li>Page 90<br \/>\nD\u00e9rive urbaine<br \/>\n<strong>Thierry Paquot<\/strong><\/li>\n<li>Page 91 \u00e0 95<br \/>\n\u00c9difier en cheminant, ou le message condens\u00e9 de Ferdinand Cheval<br \/>\n<strong>Daniele Zappal\u00e0<\/strong><\/li>\n<li>Page 96 \u00e0 100<br \/>\nRegards anthropologiques sur les m\u00e9tamorphoses d\u2019un chemin<br \/>\n<strong>Paul Rasse, Vincent Lambert<\/strong><\/li>\n<li>Page 101 \u00e0 105<br \/>\nDe la fl\u00e2nerie<br \/>\n<strong>Thierry Paquot<\/strong><\/li>\n<li>Page 106 \u00e0 111<br \/>\nDes documents dans la marche&#160;: guides, supports et traces<br \/>\n<strong>G\u00e9rard R\u00e9gimbeau<\/strong><\/li>\n<li>Page 112 \u00e0 117<br \/>\nTintin pas \u00e0 pas<br \/>\nLa marche dans Tintin, entre (lev\u00e9e de l\u2019) incommunication et ironie de l\u2019objet<br \/>\n<strong>Pascal Robert<\/strong><\/li>\n<li>Page 118 \u00e0 124<br \/>\nL\u2019amble du T\u00f4kaid\u00f4<br \/>\n<strong>Augustin Berque<\/strong><\/li>\n<\/ul>\n<h2>Partie III&#160;: Les t\u00e9moignages et expressions de soi par la marche<\/h2>\n<ul>\n<li>Page 127 \u00e0 132<br \/>\nRetour sur Terre<br \/>\n<strong>Jean-Paul Kauffmann<\/strong><\/li>\n<li>Page 133 \u00e0 134<br \/>\nCanal Marches<br \/>\n<strong>Patrice Spadoni<\/strong><\/li>\n<li>Page 135 \u00e0 139<br \/>\nRencontre avec Bernard Ollivier<br \/>\n<strong>Bernard Ollivier<\/strong><\/li>\n<li>Page 140 \u00e0 144<br \/>\nBouger, mobiliser, ralentir en psychiatrie<br \/>\n<strong>Audrey Erpelding, Cristina Lindenmeyer<\/strong><\/li>\n<li>Page 145 \u00e0 149<br \/>\nMarcher autour de la ville<br \/>\n<strong>Yvan Detraz<\/strong><\/li>\n<li>Page 150 \u00e0 154<br \/>\nUn sentiment cosmologique<br \/>\n<strong>David Le Breton<\/strong><\/li>\n<li>Page 155 \u00e0 162<br \/>\nLes quartiers nantais \u00e0 quinze minutes&#160;: marche et communication politique<br \/>\n<strong>Simon Citeau, Thibault Guin\u00e9<\/strong><\/li>\n<li>Page 163<br \/>\nNietzsche et la marche&#160;: un esprit sain dans un corps sain\u2026<br \/>\n<strong>C\u00e9line Bryon-Portet<\/strong><\/li>\n<li>Page 164 \u00e0 167<br \/>\nTomber \u00e0 la renverse. Vers une \u00e9cologie de l\u2019attention<br \/>\n<strong>Tim Ingold<\/strong><\/li>\n<li>Page 168 \u00e0 174<br \/>\nHomme qui marche d\u2019Alberto Giacometti, une ic\u00f4ne pour la revue Herm\u00e8s<br \/>\n<strong>Franck Renucci<\/strong><\/li>\n<li>Page 175 \u00e0 180<br \/>\nRencontre avec Bernard Plossu<br \/>\n<strong>Bernard Plossu<\/strong><\/li>\n<\/ul>\n<h2>Partie IV&#160;: Les ph\u00e9nom\u00e8nes contemporains de la marche au prisme de la communication<\/h2>\n<ul>\n<li>Page 183 \u00e0 188<br \/>\n<em>Du slow play aux walking sims<\/em>&#160;: les enjeux expressifs et narratifs de la marche dans les jeux vid\u00e9o<br \/>\n<strong>S\u00e9bastien Genvo, Esteban Giner<\/strong><\/li>\n<li>Page 189 \u00e0 193<br \/>\nUn pyr\u00e9n\u00e9isme num\u00e9rique peut-il exister&#160;?<br \/>\n<strong>Fr\u00e9d\u00e9ric Chose<\/strong><\/li>\n<li>Page 194 \u00e0 198<br \/>\nP\u00e8lerinages de jeux vid\u00e9o&#160;: po\u00e9tique de l\u2019itin\u00e9raire amoureux<br \/>\n<strong>Agn\u00e8s Giard<\/strong><\/li>\n<li>Page 199 \u00e0 204<br \/>\nCommuniquer et se communiquer en faisant ses courses<br \/>\nParcours sensibles autour de nos d\u00e9ambulations alimentaires<br \/>\n<strong>Pascal Lardellier<\/strong><\/li>\n<li>Page 205 \u00e0 209<br \/>\nLa marche en temps de confinement. Communiquer autrement avec son environnement naturel<br \/>\n<strong>Jocelyn Lachance<\/strong><\/li>\n<li>Page 210 \u00e0 215<br \/>\nSacraliser la marche sur Instagram&#160;: les chemins de Compostelle<br \/>\n<strong>Christophe Alcantara<\/strong><\/li>\n<li>Page 216 \u00e0 219<br \/>\n\u00ab&#160;Puissances du p\u00e8lerinage&#160;\u00bb<br \/>\n<strong>Bernard Valade<\/strong><\/li>\n<li>Page 220 \u00e0 224<br \/>\nLes accessoires du marcheur de la gare&#160;: entraves et ressources<br \/>\n<strong>Pauline Detavernier<\/strong><\/li>\n<li>Page 225 \u00e0 230<br \/>\nDe la marche \u00e0 la marchabilit\u00e9 des espaces publics urbains<br \/>\n<strong>J\u00e9r\u00e9my Gaubert<\/strong><\/li>\n<\/ul>\n<h2>Conversation avec\u2026<\/h2>\n<ul>\n<li>Page 233 \u00e0 238<br \/>\n\u00ab&#160;On a besoin de m\u00e9diateurs\u2026 j\u2019essaie d\u2019ouvrir des portes, de cr\u00e9er du d\u00e9sir&#160;\u00bb<br \/>\n<strong>Beno\u00eet Peeters<\/strong>, Coordination <strong>Brigitte Chapelain<\/strong><\/li>\n<\/ul>\n<h2>Diagonales<\/h2>\n<ul>\n<li>Page 241 \u00e0 244<br \/>\n\u00c0 l\u2019h\u00f4tel d\u2019Isadora sur les hauteurs de Meudon<br \/>\n<strong>Michel Lallemand<\/strong><\/li>\n<li>Page 245 \u00e0 249<br \/>\nCommunication politique au Togo&#160;: contexte, enjeux et perspectives<br \/>\n<strong>Kadidja Traore<\/strong><\/li>\n<\/ul>\n<h2>Lectures<\/h2>\n<h3><strong>Coordination&#160;: Brigitte Chapelain<\/strong><\/h3>\n<ul>\n<li>Page 251 \u00e0 252<br \/>\nAnne Longuet Marx, Le Soleil et l\u2019envol. \u00c0 la rencontre de Simone Boisecq et Karl-Jean Longuet, sculpteurs, L\u2019Atelier contemporain, 2022.<br \/>\n<strong>Brigitte Chapelain<\/strong><\/li>\n<li>Page 252 \u00e0 254<br \/>\nArmen Khatchatourov, Olga Avenati, Pierre-Antoine Chardel, Isabelle Queval (dir.), Corps connect\u00e9s. Figures, fragments, discours, Paris, Presses des Mines, 2022, 200 p.<br \/>\n<strong>Brigitte Munier<\/strong><\/li>\n<li>Page 254 \u00e0 255<br \/>\nDelsol C., Nowicki J. (dir.), La vie de l\u2019esprit en Europe centrale et orientale depuis 1945. <em>Dictionnaire<\/em><br \/>\n<em>encyclop\u00e9dique<\/em>, Les \u00e9ditions du Cerf, 2021.<\/li>\n<li>Page 255 \u00e0 257<br \/>\nBruno Raoul, Le Territoire \u00e0 l\u2019\u00e9preuve de la communication. Mutations, imaginaires, discours, Villeneuve-d\u2019Ascq, Presses universitaires du Septentrion, 2020, 388 p.<br \/>\n<strong>Daniele Zappal\u00e0<\/strong><\/li>\n<li>Page 257 \u00e0 258<br \/>\nJean-Luc Hees, Ces ondes merveilleuses. La radio a cent ans, BakerStreet, 2021.<br \/>\n<strong>Brigitte Chapelain<\/strong><\/li>\n<li>Page 258 \u00e0 260<br \/>\nJean Corneloup, La transition r\u00e9cr\u00e9ative. Une utopie transmoderne, pr\u00e9face de Bernard Kalaora, Rouen, PURH, 2022, 496 p.<br \/>\n<strong>\u00c9ric Dacheux<\/strong><\/li>\n<\/ul>\n<h2>Hommages<\/h2>\n<h3><strong>Coordination&#160;: Bernard Valade<\/strong><\/h3>\n<ul>\n<li>Page 263 \u00e0 268<br \/>\nMartine Segalen, ethnologue de la famille et du chez soi<br \/>\n<strong>Martine Segalen, Thierry Paquot<\/strong><\/li>\n<\/ul><\/div>\n<div class=\"zn-singledetail-keywords\">\n<h3 class=\"zn-singledetail-section-title\">Mots-cl\u00e9s<\/h3>\n<ul class=\"termslist termslist-post_tag\">\n<li class=\"termslist-item termslist-title\"><span class=\"termslist-titletxt\">Mots-cl\u00e9s<\/span><span class=\"doubledot\"><\/span><\/li>\n<li class=\"termslist-item tax-post_tag term-communication\"><a class=\"termslist-itemlink\" href=\"https:\/\/www.sfsic.org\/tag\/communication\/\" title=\"Communication\"><span class=\"termslist-itemname\">Communication<\/span><\/a><\/li>\n<li class=\"termslist-item tax-post_tag term-societes\"><a class=\"termslist-itemlink\" href=\"https:\/\/www.sfsic.org\/tag\/societes\/\" title=\"Soci\u00e9t\u00e9s\"><span class=\"termslist-itemname\">Soci\u00e9t\u00e9s<\/span><\/a><\/li>\n<\/ul><\/div>\n<\/p><\/div>\n<\/p><\/div>\n<\/p><\/div>\n<\/p><\/div>\n<\/div>\n<p><!-- \/fxzn:singledetail --><\/p>\n","protected":false},"excerpt":{"rendered":"<p>Mis en ligne le 26 novembre 2023 Type de publication Num\u00e9ro de revue Nom de la publication Herm\u00e8s, La Revue \u00c9dition CNRS \u00c9ditions Coordinateur(s) \/ Auteur(s) Vincent Liqu\u00e8te David Le [&hellip;]<\/p>\n","protected":false},"author":1619,"featured_media":0,"comment_status":"closed","ping_status":"closed","sticky":false,"template":"","format":"standard","meta":{"_acf_changed":false,"footnotes":""},"categories":[70,31],"tags":[363,875],"thematique":[],"sfsic":[],"class_list":["post-30206","post","type-post","status-publish","format-standard","hentry","category-numero-revue","category-publication","tag-communication","tag-societes","wp-sticky"],"acf":[],"yoast_head":"<!-- This site is optimized with the Yoast SEO plugin v27.5 - https:\/\/yoast.com\/product\/yoast-seo-wordpress\/ -->\n<title>La marche<\/title>\n<meta name=\"description\" content=\"Le num\u00e9ro 91 de la revue Herm\u00e8s, La Revue est en ligne. Sous la direction de Vincent Liqu\u00e8te, David Le Breton et Thierry Paquot, il s&#039;intitule \u00ab La marche \u00bb.\" \/>\n<meta name=\"robots\" content=\"index, follow, max-snippet:-1, max-image-preview:large, max-video-preview:-1\" \/>\n<link rel=\"canonical\" href=\"https:\/\/www.sfsic.org\/en\/publication\/la-marche\/\" \/>\n<meta property=\"og:locale\" content=\"en_US\" \/>\n<meta property=\"og:type\" content=\"article\" \/>\n<meta property=\"og:title\" content=\"La marche\" \/>\n<meta property=\"og:description\" content=\"Le num\u00e9ro 91 de la revue Herm\u00e8s, La Revue est en ligne. Sous la direction de Vincent Liqu\u00e8te, David Le Breton et Thierry Paquot, il s&#039;intitule \u00ab La marche \u00bb.\" \/>\n<meta property=\"og:url\" content=\"https:\/\/www.sfsic.org\/en\/publication\/la-marche\/\" \/>\n<meta property=\"og:site_name\" content=\"SFSIC\" \/>\n<meta property=\"article:published_time\" content=\"2023-11-26T09:29:32+00:00\" \/>\n<meta property=\"article:modified_time\" content=\"2023-11-27T09:21:05+00:00\" \/>\n<meta property=\"og:image\" content=\"https:\/\/www.sfsic.org\/wp-inside\/uploads\/2023\/11\/couverture-hermeslarevue-91-300x300.jpg\" \/>\n<meta name=\"author\" content=\"Larissa Diedhiou\" \/>\n<meta name=\"twitter:card\" content=\"summary_large_image\" \/>\n<script type=\"application\/ld+json\" class=\"yoast-schema-graph\">{\"@context\":\"https:\\\/\\\/schema.org\",\"@graph\":[{\"@type\":\"Article\",\"@id\":\"https:\\\/\\\/www.sfsic.org\\\/en\\\/publication\\\/la-marche\\\/#article\",\"isPartOf\":{\"@id\":\"https:\\\/\\\/www.sfsic.org\\\/en\\\/publication\\\/la-marche\\\/\"},\"author\":{\"name\":\"Larissa Diedhiou\",\"@id\":\"https:\\\/\\\/www.sfsic.org\\\/en\\\/#\\\/schema\\\/person\\\/ce8577e21f0497e903a0e42776282f0e\"},\"headline\":\"La marche\",\"datePublished\":\"2023-11-26T09:29:32+00:00\",\"dateModified\":\"2023-11-27T09:21:05+00:00\",\"mainEntityOfPage\":{\"@id\":\"https:\\\/\\\/www.sfsic.org\\\/en\\\/publication\\\/la-marche\\\/\"},\"wordCount\":826,\"publisher\":{\"@id\":\"https:\\\/\\\/www.sfsic.org\\\/en\\\/#organization\"},\"image\":{\"@id\":\"https:\\\/\\\/www.sfsic.org\\\/en\\\/publication\\\/la-marche\\\/#primaryimage\"},\"thumbnailUrl\":\"https:\\\/\\\/www.sfsic.org\\\/wp-inside\\\/uploads\\\/2023\\\/11\\\/couverture-hermeslarevue-91-300x300.jpg\",\"keywords\":[\"Communication\",\"Soci\u00e9t\u00e9s\"],\"articleSection\":[\"Num\u00e9ro de revue\",\"Publications\"],\"inLanguage\":\"en-US\"},{\"@type\":\"WebPage\",\"@id\":\"https:\\\/\\\/www.sfsic.org\\\/en\\\/publication\\\/la-marche\\\/\",\"url\":\"https:\\\/\\\/www.sfsic.org\\\/en\\\/publication\\\/la-marche\\\/\",\"name\":\"La marche\",\"isPartOf\":{\"@id\":\"https:\\\/\\\/www.sfsic.org\\\/en\\\/#website\"},\"primaryImageOfPage\":{\"@id\":\"https:\\\/\\\/www.sfsic.org\\\/en\\\/publication\\\/la-marche\\\/#primaryimage\"},\"image\":{\"@id\":\"https:\\\/\\\/www.sfsic.org\\\/en\\\/publication\\\/la-marche\\\/#primaryimage\"},\"thumbnailUrl\":\"https:\\\/\\\/www.sfsic.org\\\/wp-inside\\\/uploads\\\/2023\\\/11\\\/couverture-hermeslarevue-91-300x300.jpg\",\"datePublished\":\"2023-11-26T09:29:32+00:00\",\"dateModified\":\"2023-11-27T09:21:05+00:00\",\"description\":\"Le num\u00e9ro 91 de la revue Herm\u00e8s, La Revue est en ligne. Sous la direction de Vincent Liqu\u00e8te, David Le Breton et Thierry Paquot, il s'intitule \u00ab La marche \u00bb.\",\"breadcrumb\":{\"@id\":\"https:\\\/\\\/www.sfsic.org\\\/en\\\/publication\\\/la-marche\\\/#breadcrumb\"},\"inLanguage\":\"en-US\",\"potentialAction\":[{\"@type\":\"ReadAction\",\"target\":[\"https:\\\/\\\/www.sfsic.org\\\/en\\\/publication\\\/la-marche\\\/\"]}]},{\"@type\":\"ImageObject\",\"inLanguage\":\"en-US\",\"@id\":\"https:\\\/\\\/www.sfsic.org\\\/en\\\/publication\\\/la-marche\\\/#primaryimage\",\"url\":\"https:\\\/\\\/www.sfsic.org\\\/wp-inside\\\/uploads\\\/2023\\\/11\\\/couverture-hermeslarevue-91-300x300.jpg\",\"contentUrl\":\"https:\\\/\\\/www.sfsic.org\\\/wp-inside\\\/uploads\\\/2023\\\/11\\\/couverture-hermeslarevue-91-300x300.jpg\"},{\"@type\":\"BreadcrumbList\",\"@id\":\"https:\\\/\\\/www.sfsic.org\\\/en\\\/publication\\\/la-marche\\\/#breadcrumb\",\"itemListElement\":[{\"@type\":\"ListItem\",\"position\":1,\"name\":\"Accueil\",\"item\":\"https:\\\/\\\/www.sfsic.org\\\/en\\\/\"},{\"@type\":\"ListItem\",\"position\":2,\"name\":\"Publications\",\"item\":\"https:\\\/\\\/www.sfsic.org\\\/en\\\/publication-en\\\/\"},{\"@type\":\"ListItem\",\"position\":3,\"name\":\"Journal issue\",\"item\":\"https:\\\/\\\/www.sfsic.org\\\/en\\\/publication-en\\\/journal-issue\\\/\"},{\"@type\":\"ListItem\",\"position\":4,\"name\":\"La marche\"}]},{\"@type\":\"WebSite\",\"@id\":\"https:\\\/\\\/www.sfsic.org\\\/en\\\/#website\",\"url\":\"https:\\\/\\\/www.sfsic.org\\\/en\\\/\",\"name\":\"SFSIC\",\"description\":\"Soci\u00e9t\u00e9 Fran\u00e7aise des Sciences de l&#039;Information &amp; de la Communication\",\"publisher\":{\"@id\":\"https:\\\/\\\/www.sfsic.org\\\/en\\\/#organization\"},\"potentialAction\":[{\"@type\":\"SearchAction\",\"target\":{\"@type\":\"EntryPoint\",\"urlTemplate\":\"https:\\\/\\\/www.sfsic.org\\\/en\\\/?s={search_term_string}\"},\"query-input\":{\"@type\":\"PropertyValueSpecification\",\"valueRequired\":true,\"valueName\":\"search_term_string\"}}],\"inLanguage\":\"en-US\"},{\"@type\":\"Organization\",\"@id\":\"https:\\\/\\\/www.sfsic.org\\\/en\\\/#organization\",\"name\":\"SFSIC\",\"url\":\"https:\\\/\\\/www.sfsic.org\\\/en\\\/\",\"logo\":{\"@type\":\"ImageObject\",\"inLanguage\":\"en-US\",\"@id\":\"https:\\\/\\\/www.sfsic.org\\\/en\\\/#\\\/schema\\\/logo\\\/image\\\/\",\"url\":\"https:\\\/\\\/www.sfsic.org\\\/wp-inside\\\/uploads\\\/2020\\\/05\\\/logo-sfsic.jpg\",\"contentUrl\":\"https:\\\/\\\/www.sfsic.org\\\/wp-inside\\\/uploads\\\/2020\\\/05\\\/logo-sfsic.jpg\",\"width\":1085,\"height\":1080,\"caption\":\"SFSIC\"},\"image\":{\"@id\":\"https:\\\/\\\/www.sfsic.org\\\/en\\\/#\\\/schema\\\/logo\\\/image\\\/\"}},{\"@type\":\"Person\",\"@id\":\"https:\\\/\\\/www.sfsic.org\\\/en\\\/#\\\/schema\\\/person\\\/ce8577e21f0497e903a0e42776282f0e\",\"name\":\"Larissa Diedhiou\",\"image\":{\"@type\":\"ImageObject\",\"inLanguage\":\"en-US\",\"@id\":\"https:\\\/\\\/secure.gravatar.com\\\/avatar\\\/01b1d96d33f7113e46a28c4b65fb0e83934b735c2255eb7325f43b4a7e1602c8?s=96&d=mm&r=g\",\"url\":\"https:\\\/\\\/secure.gravatar.com\\\/avatar\\\/01b1d96d33f7113e46a28c4b65fb0e83934b735c2255eb7325f43b4a7e1602c8?s=96&d=mm&r=g\",\"contentUrl\":\"https:\\\/\\\/secure.gravatar.com\\\/avatar\\\/01b1d96d33f7113e46a28c4b65fb0e83934b735c2255eb7325f43b4a7e1602c8?s=96&d=mm&r=g\",\"caption\":\"Larissa Diedhiou\"}}]}<\/script>\n<!-- \/ Yoast SEO plugin. -->","yoast_head_json":{"title":"La marche","description":"Le num\u00e9ro 91 de la revue Herm\u00e8s, La Revue est en ligne. Sous la direction de Vincent Liqu\u00e8te, David Le Breton et Thierry Paquot, il s'intitule \u00ab La marche \u00bb.","robots":{"index":"index","follow":"follow","max-snippet":"max-snippet:-1","max-image-preview":"max-image-preview:large","max-video-preview":"max-video-preview:-1"},"canonical":"https:\/\/www.sfsic.org\/en\/publication\/la-marche\/","og_locale":"en_US","og_type":"article","og_title":"La marche","og_description":"Le num\u00e9ro 91 de la revue Herm\u00e8s, La Revue est en ligne. Sous la direction de Vincent Liqu\u00e8te, David Le Breton et Thierry Paquot, il s'intitule \u00ab La marche \u00bb.","og_url":"https:\/\/www.sfsic.org\/en\/publication\/la-marche\/","og_site_name":"SFSIC","article_published_time":"2023-11-26T09:29:32+00:00","article_modified_time":"2023-11-27T09:21:05+00:00","og_image":[{"url":"https:\/\/www.sfsic.org\/wp-inside\/uploads\/2023\/11\/couverture-hermeslarevue-91-300x300.jpg","type":"","width":"","height":""}],"author":"Larissa Diedhiou","twitter_card":"summary_large_image","schema":{"@context":"https:\/\/schema.org","@graph":[{"@type":"Article","@id":"https:\/\/www.sfsic.org\/en\/publication\/la-marche\/#article","isPartOf":{"@id":"https:\/\/www.sfsic.org\/en\/publication\/la-marche\/"},"author":{"name":"Larissa Diedhiou","@id":"https:\/\/www.sfsic.org\/en\/#\/schema\/person\/ce8577e21f0497e903a0e42776282f0e"},"headline":"La marche","datePublished":"2023-11-26T09:29:32+00:00","dateModified":"2023-11-27T09:21:05+00:00","mainEntityOfPage":{"@id":"https:\/\/www.sfsic.org\/en\/publication\/la-marche\/"},"wordCount":826,"publisher":{"@id":"https:\/\/www.sfsic.org\/en\/#organization"},"image":{"@id":"https:\/\/www.sfsic.org\/en\/publication\/la-marche\/#primaryimage"},"thumbnailUrl":"https:\/\/www.sfsic.org\/wp-inside\/uploads\/2023\/11\/couverture-hermeslarevue-91-300x300.jpg","keywords":["Communication","Soci\u00e9t\u00e9s"],"articleSection":["Num\u00e9ro de revue","Publications"],"inLanguage":"en-US"},{"@type":"WebPage","@id":"https:\/\/www.sfsic.org\/en\/publication\/la-marche\/","url":"https:\/\/www.sfsic.org\/en\/publication\/la-marche\/","name":"La marche","isPartOf":{"@id":"https:\/\/www.sfsic.org\/en\/#website"},"primaryImageOfPage":{"@id":"https:\/\/www.sfsic.org\/en\/publication\/la-marche\/#primaryimage"},"image":{"@id":"https:\/\/www.sfsic.org\/en\/publication\/la-marche\/#primaryimage"},"thumbnailUrl":"https:\/\/www.sfsic.org\/wp-inside\/uploads\/2023\/11\/couverture-hermeslarevue-91-300x300.jpg","datePublished":"2023-11-26T09:29:32+00:00","dateModified":"2023-11-27T09:21:05+00:00","description":"Le num\u00e9ro 91 de la revue Herm\u00e8s, La Revue est en ligne. Sous la direction de Vincent Liqu\u00e8te, David Le Breton et Thierry Paquot, il s'intitule \u00ab La marche \u00bb.","breadcrumb":{"@id":"https:\/\/www.sfsic.org\/en\/publication\/la-marche\/#breadcrumb"},"inLanguage":"en-US","potentialAction":[{"@type":"ReadAction","target":["https:\/\/www.sfsic.org\/en\/publication\/la-marche\/"]}]},{"@type":"ImageObject","inLanguage":"en-US","@id":"https:\/\/www.sfsic.org\/en\/publication\/la-marche\/#primaryimage","url":"https:\/\/www.sfsic.org\/wp-inside\/uploads\/2023\/11\/couverture-hermeslarevue-91-300x300.jpg","contentUrl":"https:\/\/www.sfsic.org\/wp-inside\/uploads\/2023\/11\/couverture-hermeslarevue-91-300x300.jpg"},{"@type":"BreadcrumbList","@id":"https:\/\/www.sfsic.org\/en\/publication\/la-marche\/#breadcrumb","itemListElement":[{"@type":"ListItem","position":1,"name":"Accueil","item":"https:\/\/www.sfsic.org\/en\/"},{"@type":"ListItem","position":2,"name":"Publications","item":"https:\/\/www.sfsic.org\/en\/publication-en\/"},{"@type":"ListItem","position":3,"name":"Journal issue","item":"https:\/\/www.sfsic.org\/en\/publication-en\/journal-issue\/"},{"@type":"ListItem","position":4,"name":"La marche"}]},{"@type":"WebSite","@id":"https:\/\/www.sfsic.org\/en\/#website","url":"https:\/\/www.sfsic.org\/en\/","name":"SFSIC","description":"Soci\u00e9t\u00e9 Fran\u00e7aise des Sciences de l&#039;Information &amp; de la Communication","publisher":{"@id":"https:\/\/www.sfsic.org\/en\/#organization"},"potentialAction":[{"@type":"SearchAction","target":{"@type":"EntryPoint","urlTemplate":"https:\/\/www.sfsic.org\/en\/?s={search_term_string}"},"query-input":{"@type":"PropertyValueSpecification","valueRequired":true,"valueName":"search_term_string"}}],"inLanguage":"en-US"},{"@type":"Organization","@id":"https:\/\/www.sfsic.org\/en\/#organization","name":"SFSIC","url":"https:\/\/www.sfsic.org\/en\/","logo":{"@type":"ImageObject","inLanguage":"en-US","@id":"https:\/\/www.sfsic.org\/en\/#\/schema\/logo\/image\/","url":"https:\/\/www.sfsic.org\/wp-inside\/uploads\/2020\/05\/logo-sfsic.jpg","contentUrl":"https:\/\/www.sfsic.org\/wp-inside\/uploads\/2020\/05\/logo-sfsic.jpg","width":1085,"height":1080,"caption":"SFSIC"},"image":{"@id":"https:\/\/www.sfsic.org\/en\/#\/schema\/logo\/image\/"}},{"@type":"Person","@id":"https:\/\/www.sfsic.org\/en\/#\/schema\/person\/ce8577e21f0497e903a0e42776282f0e","name":"Larissa Diedhiou","image":{"@type":"ImageObject","inLanguage":"en-US","@id":"https:\/\/secure.gravatar.com\/avatar\/01b1d96d33f7113e46a28c4b65fb0e83934b735c2255eb7325f43b4a7e1602c8?s=96&d=mm&r=g","url":"https:\/\/secure.gravatar.com\/avatar\/01b1d96d33f7113e46a28c4b65fb0e83934b735c2255eb7325f43b4a7e1602c8?s=96&d=mm&r=g","contentUrl":"https:\/\/secure.gravatar.com\/avatar\/01b1d96d33f7113e46a28c4b65fb0e83934b735c2255eb7325f43b4a7e1602c8?s=96&d=mm&r=g","caption":"Larissa Diedhiou"}}]}},"_links":{"self":[{"href":"https:\/\/www.sfsic.org\/en\/wp-json\/wp\/v2\/posts\/30206","targetHints":{"allow":["GET"]}}],"collection":[{"href":"https:\/\/www.sfsic.org\/en\/wp-json\/wp\/v2\/posts"}],"about":[{"href":"https:\/\/www.sfsic.org\/en\/wp-json\/wp\/v2\/types\/post"}],"author":[{"embeddable":true,"href":"https:\/\/www.sfsic.org\/en\/wp-json\/wp\/v2\/users\/1619"}],"replies":[{"embeddable":true,"href":"https:\/\/www.sfsic.org\/en\/wp-json\/wp\/v2\/comments?post=30206"}],"version-history":[{"count":5,"href":"https:\/\/www.sfsic.org\/en\/wp-json\/wp\/v2\/posts\/30206\/revisions"}],"predecessor-version":[{"id":30299,"href":"https:\/\/www.sfsic.org\/en\/wp-json\/wp\/v2\/posts\/30206\/revisions\/30299"}],"wp:attachment":[{"href":"https:\/\/www.sfsic.org\/en\/wp-json\/wp\/v2\/media?parent=30206"}],"wp:term":[{"taxonomy":"category","embeddable":true,"href":"https:\/\/www.sfsic.org\/en\/wp-json\/wp\/v2\/categories?post=30206"},{"taxonomy":"post_tag","embeddable":true,"href":"https:\/\/www.sfsic.org\/en\/wp-json\/wp\/v2\/tags?post=30206"},{"taxonomy":"thematique","embeddable":true,"href":"https:\/\/www.sfsic.org\/en\/wp-json\/wp\/v2\/thematique?post=30206"},{"taxonomy":"sfsic","embeddable":true,"href":"https:\/\/www.sfsic.org\/en\/wp-json\/wp\/v2\/sfsic?post=30206"}],"curies":[{"name":"wp","href":"https:\/\/api.w.org\/{rel}","templated":true}]}}