{"id":30195,"date":"2023-11-24T10:24:45","date_gmt":"2023-11-24T09:24:45","guid":{"rendered":"https:\/\/www.sfsic.org\/?p=30195"},"modified":"2023-11-24T10:24:46","modified_gmt":"2023-11-24T09:24:46","slug":"journalistes-et-publics-face-aux-fake-news-2","status":"publish","type":"post","link":"https:\/\/www.sfsic.org\/en\/publication\/journalistes-et-publics-face-aux-fake-news-2\/","title":{"rendered":"Journalistes et publics face aux &#8220;fake news&#8221;"},"content":{"rendered":"<p><!-- fxzn:singledetail --><\/p>\n<div class=\"zone zn-singledetail\" id=\"fxzn-singledetail-1\">\n<div class=\"zone-block zn-singledetail-block alignwide va-top\">\n<div class=\"row\">\n<div class=\"columns large-8 large-push-4\">\n<div class=\"zn-singledetail-metabox\">\n<div class=\"zn-singledetail-pubdate pubdate\">\n\t\t\t\t\t<span class=\"pubdate-txt\">Mis en ligne le<\/span><span class=\"doubledot\"><\/span> 24 novembre 2023\t\t\t\t<\/div>\n<div class=\"zn-singledetail-thematiques with-sep-comma\">\n<ul class=\"termslist termslist-thematique\">\n<li class=\"termslist-item termslist-title\"><span class=\"termslist-titletxt\">Th\u00e9matiques<\/span><span class=\"doubledot\"><\/span><\/li>\n<li class=\"termslist-item tax-thematique term-digital-strategies-devices-and-uses\"><a class=\"termslist-itemlink\" href=\"https:\/\/www.sfsic.org\/thematiques\/digital-strategies-devices-and-uses\/\" title=\"Digital: strategies, devices and uses\"><span class=\"termslist-itemname\">Digital: strategies, devices and uses<\/span><\/a><\/li>\n<li class=\"termslist-item tax-thematique term-medias-et-journalisme\"><a class=\"termslist-itemlink\" href=\"https:\/\/www.sfsic.org\/thematiques\/medias-et-journalisme\/\" title=\"M\u00e9dias et journalisme\"><span class=\"termslist-itemname\">M\u00e9dias et journalisme<\/span><\/a><\/li>\n<\/ul><\/div>\n<\/p><\/div>\n<\/p><\/div>\n<\/p><\/div>\n<div class=\"row\">\n<div class=\"columns large-4\">\n<div class=\"zn-singledetail-sidebar bg-cornersquares\">\n<div class=\"zn-singledetail-infos\">\n<p class=\"zn-singledetail-type\">\n\t\t\t\t\t\t\t<span>Type de publication<\/span><span class=\"doubledot\"><\/span> <strong>Num\u00e9ro de revue<\/strong>\n\t\t\t\t\t<\/p>\n<p class=\"zn-singledetail-name\">\n\t\t\t\t\t\t\t<span>Nom de la publication<\/span><span class=\"doubledot\"><\/span> <strong>Les Enjeux de l&#8217;information et de la communication<\/strong>\n\t\t\t\t\t<\/p>\n<p class=\"zn-singledetail-edition\">\n\t\t\t\t\t\t\t<span>\u00c9dition<\/span><span class=\"doubledot\"><\/span> <strong>GRESEC<\/strong>\n\t\t\t\t\t<\/p>\n<\/p><\/div>\n<div class=\"zn-singledetail-coordinators\">\n<h3 class=\"zn-singledetail-section-title\">Coordinateur(s) \/ Auteur(s)<\/h3>\n<ul class=\"zn-singledetail-coordinators-list\">\n<li class=\"zn-singledetail-coordinators-item\">\n\t\t\t\t\t\t\t<span>Vincent<\/span> <span>Carlino<\/span>\t\t\t\t\t\t\t\t\t\t\t\t\t<\/li>\n<li class=\"zn-singledetail-coordinators-item\">\n\t\t\t\t\t\t\t<span>Nathalie<\/span> <span>Pignard-Cheynel<\/span>\t\t\t\t\t\t\t\t\t\t\t\t\t<\/li>\n<\/ul><\/div>\n<div class=\"zn-singledetail-contacts\">\n<h3 class=\"zn-singledetail-section-title\">Contacts<\/h3>\n<ul class=\"zn-singledetail-contacts-list\">\n<li class=\"zn-singledetail-contact\">\n\t\t\t\t\t\t\t<span class=\"zn-singledetail-contact-name\">Laurie Schmitt<\/span><span class=\"doubledot\"><\/span><br \/>\n\t\t\t\t\t\t\t\t\t\t\t\t\t\t<a class=\"zn-singledetail-contact-mail prettylink\" href=\"mailto:Laurie.schmitt@univ-grenoble-alpes.fr\">Laurie.schmitt@univ-grenoble-alpes.fr<\/a>\n\t\t\t\t\t\t\t\t\t\t\t\t\t<\/li>\n<li class=\"zn-singledetail-contact\">\n\t\t\t\t\t\t\t<span class=\"zn-singledetail-contact-name\">Emmanuel Marty<\/span><span class=\"doubledot\"><\/span><br \/>\n\t\t\t\t\t\t\t\t\t\t\t\t\t\t<a class=\"zn-singledetail-contact-mail prettylink\" href=\"mailto:Emmanuel.marty@univ-grenoble-alpes.fr\">Emmanuel.marty@univ-grenoble-alpes.fr<\/a>\n\t\t\t\t\t\t\t\t\t\t\t\t\t<\/li>\n<\/ul><\/div>\n<div class=\"zn-singledetail-weblinks\">\n<h3 class=\"zn-singledetail-section-title\">Sites internet de r\u00e9f\u00e9rence<\/h3>\n<ul class=\"zn-singledetail-weblinks-list\">\n<li>\n\t\t\t\t\t\t\t<a class=\"prettylink chainlink\" href=\"https:\/\/lesenjeux.univ-grenoble-alpes.fr\/\" title=\"Les Enjeux de l'information et de la communication\" target=\"_blank\" rel=\"noopener\">Les Enjeux de l&#8217;information et de la communication<\/a>\n\t\t\t\t\t\t<\/li>\n<\/ul><\/div>\n<\/p><\/div>\n<\/p><\/div>\n<div class=\"columns large-8\">\n<div class=\"zn-singledetail-contentbox\">\n<div class=\"zn-singledetail-annonce wig-content\">\n<p class=\"gmail_default\">La revue Les Enjeux de l&rsquo;information et de la communication vous annonce la parution du suppl\u00e9ment 2023, intitul\u00e9 Journalistes et publics face aux \u00ab&#160;fake news&#160;\u00bb coordonn\u00e9 par Vincent Carlino et Nathalie Pignard-Cheynel.<\/p>\n<h2>Au sommaire de ce suppl\u00e9ment&#160;:<\/h2>\n<p><strong>Vincent Carlino et Nathalie Pignard-Cheynel<\/strong><\/p>\n<ul>\n<li>Introduction &#160;: Saisir les pratiques de production et de r\u00e9ception des \u00ab&#160;fake news&#160;\u00bb en contexte num\u00e9rique<\/li>\n<\/ul>\n<p><strong>Alexandre Joux<\/strong><\/p>\n<ul>\n<li>L\u2019autorit\u00e9 journalistique et ses failles&#160;: factualit\u00e9, \u00ab&#160;bullshit&#160;\u00bb et \u00ab&#160;presque-v\u00e9rit\u00e9&#160;\u00bb<\/li>\n<\/ul>\n<p><strong>Florian Dauphin<\/strong><\/p>\n<ul>\n<li>Le debunking sur YouTube&#160;: une nouvelle pratique de lutte contre la d\u00e9sinformation en marge du \u00adjournalisme<\/li>\n<\/ul>\n<p><strong>Camille Alloing<\/strong><\/p>\n<ul>\n<li>Fausser l\u2019information journalistique pour mobiliser les algorithmes et les publics&#160;: comment les plateformes permettent-elles de faire du vrai avec du faux&#160;?<\/li>\n<\/ul>\n<p><strong>Ana\u00efs Th\u00e9viot<\/strong><\/p>\n<ul>\n<li>Des \u00ab&#160;localiers&#160;\u00bb responsables de la diffusion de fausses informations&#160;? Une d\u00e9fiance forte du politique.<\/li>\n<\/ul>\n<p><strong>Manon Berriche<\/strong><\/p>\n<ul>\n<li>La r\u00e9ception et le partage de (fausses) informations par les adolescents&#160;: des pratiques situ\u00e9es.<\/li>\n<\/ul>\n<p>Mathieu-Robert Sauv\u00e9 et Alexandre Coutant<br \/>\nLoi fran\u00e7aise contre la manipulation de l\u2019information en p\u00e9riode \u00e9lectorale et pratiques professionnelles des journalistes face au ph\u00e9nom\u00e8ne des fake news.<\/p>\n<p><strong>Gulnara Zakharova<\/strong><\/p>\n<ul>\n<li>Quand l\u2019\u00e9motion l\u2019emporte sur la raison&#160;: les publics de RT France face au terme de fake news.<\/li>\n<\/ul>\n<p><strong>Muriel B\u00e9asse<\/strong><\/p>\n<ul>\n<li>V\u00e9ridicit\u00e9 de l\u2019information&#160;: un concept op\u00e9rationnel pour l\u2019\u00e9ducation critique aux m\u00e9dias.<\/li>\n<\/ul>\n<div>\n<div class=\"gmail_signature\" dir=\"ltr\">\n<div dir=\"ltr\">\n<div dir=\"ltr\">\n<div dir=\"ltr\">\n<div dir=\"ltr\">\n<div dir=\"ltr\">\n<div dir=\"ltr\">\n<div dir=\"ltr\">\n<div dir=\"ltr\">\n<div dir=\"ltr\">\n<div dir=\"ltr\">\n<div dir=\"ltr\">\n<div dir=\"ltr\">\n<div dir=\"ltr\">\n<div dir=\"ltr\">\n<div dir=\"ltr\">\n<div dir=\"ltr\">\n<div dir=\"ltr\">\n<div dir=\"ltr\">\n<div dir=\"ltr\">\n<div dir=\"ltr\">\n<div dir=\"ltr\">\n<div dir=\"ltr\">\n<div dir=\"ltr\">\n<div dir=\"ltr\">\n<p dir=\"ltr\">\n<\/div>\n<\/div>\n<\/div>\n<\/div>\n<\/div>\n<\/div>\n<\/div>\n<\/div>\n<\/div>\n<\/div>\n<\/div>\n<\/div>\n<\/div>\n<\/div>\n<\/div>\n<\/div>\n<\/div>\n<\/div>\n<\/div>\n<\/div>\n<\/div>\n<\/div>\n<\/div>\n<\/div>\n<\/div>\n<\/div><\/div>\n<div class=\"zn-singledetail-keywords\">\n<h3 class=\"zn-singledetail-section-title\">Mots-cl\u00e9s<\/h3>\n<ul class=\"termslist termslist-post_tag\">\n<li class=\"termslist-item termslist-title\"><span class=\"termslist-titletxt\">Mots-cl\u00e9s<\/span><span class=\"doubledot\"><\/span><\/li>\n<li class=\"termslist-item tax-post_tag term-fake-news\"><a class=\"termslist-itemlink\" href=\"https:\/\/www.sfsic.org\/tag\/fake-news\/\" title=\"Fake News\"><span class=\"termslist-itemname\">Fake News<\/span><\/a><\/li>\n<li class=\"termslist-item tax-post_tag term-journalisme\"><a class=\"termslist-itemlink\" href=\"https:\/\/www.sfsic.org\/tag\/journalisme\/\" title=\"Journalisme\"><span class=\"termslist-itemname\">Journalisme<\/span><\/a><\/li>\n<li class=\"termslist-item tax-post_tag term-publics\"><a class=\"termslist-itemlink\" href=\"https:\/\/www.sfsic.org\/tag\/publics\/\" title=\"Publics\"><span class=\"termslist-itemname\">Publics<\/span><\/a><\/li>\n<\/ul><\/div>\n<\/p><\/div>\n<\/p><\/div>\n<\/p><\/div>\n<\/p><\/div>\n<\/div>\n<p><!-- \/fxzn:singledetail --><\/p>\n","protected":false},"excerpt":{"rendered":"<p>Mis en ligne le 24 novembre 2023 Th\u00e9matiques Digital: strategies, devices and uses M\u00e9dias et journalisme Type de publication Num\u00e9ro de revue Nom de la publication Les Enjeux de l&#8217;information [&hellip;]<\/p>\n","protected":false},"author":1104,"featured_media":0,"comment_status":"closed","ping_status":"closed","sticky":false,"template":"","format":"standard","meta":{"_acf_changed":false,"footnotes":""},"categories":[31],"tags":[403,94,383],"thematique":[719,34],"sfsic":[],"class_list":["post-30195","post","type-post","status-publish","format-standard","hentry","category-publication","tag-fake-news","tag-journalisme","tag-publics","thematique-digital-strategies-devices-and-uses","thematique-medias-et-journalisme","wp-sticky"],"acf":[],"yoast_head":"<!-- This site is optimized with the Yoast SEO plugin v27.4 - https:\/\/yoast.com\/product\/yoast-seo-wordpress\/ -->\n<title>Journalistes et publics face aux &quot;fake news&quot;<\/title>\n<meta name=\"description\" content=\"Publication du Suppl\u00e9ment 2023 A de la revue Les Enjeux de l&#039;information et de la communication sur la th\u00e9matique &quot;Journalistes et publics face aux \u00ab fake news \u00bb&quot;.\" \/>\n<meta name=\"robots\" content=\"index, follow, max-snippet:-1, max-image-preview:large, max-video-preview:-1\" \/>\n<link rel=\"canonical\" href=\"https:\/\/www.sfsic.org\/en\/publication\/journalistes-et-publics-face-aux-fake-news-2\/\" \/>\n<meta property=\"og:locale\" content=\"en_US\" \/>\n<meta property=\"og:type\" content=\"article\" \/>\n<meta property=\"og:title\" content=\"Journalistes et publics face aux &quot;fake news&quot;\" \/>\n<meta property=\"og:description\" content=\"Publication du Suppl\u00e9ment 2023 A de la revue Les Enjeux de l&#039;information et de la communication sur la th\u00e9matique &quot;Journalistes et publics face aux \u00ab fake news \u00bb&quot;.\" \/>\n<meta property=\"og:url\" content=\"https:\/\/www.sfsic.org\/en\/publication\/journalistes-et-publics-face-aux-fake-news-2\/\" \/>\n<meta property=\"og:site_name\" content=\"SFSIC\" \/>\n<meta property=\"article:published_time\" content=\"2023-11-24T09:24:45+00:00\" \/>\n<meta property=\"article:modified_time\" content=\"2023-11-24T09:24:46+00:00\" \/>\n<meta name=\"author\" content=\"Laurie Schmitt\" \/>\n<meta name=\"twitter:card\" content=\"summary_large_image\" \/>\n<script type=\"application\/ld+json\" class=\"yoast-schema-graph\">{\"@context\":\"https:\\\/\\\/schema.org\",\"@graph\":[{\"@type\":\"Article\",\"@id\":\"https:\\\/\\\/www.sfsic.org\\\/en\\\/publication\\\/journalistes-et-publics-face-aux-fake-news-2\\\/#article\",\"isPartOf\":{\"@id\":\"https:\\\/\\\/www.sfsic.org\\\/en\\\/publication\\\/journalistes-et-publics-face-aux-fake-news-2\\\/\"},\"author\":{\"name\":\"Laurie Schmitt\",\"@id\":\"https:\\\/\\\/www.sfsic.org\\\/en\\\/#\\\/schema\\\/person\\\/cdfb8cc55e8fd8823b3d944276ef447f\"},\"headline\":\"Journalistes et publics face aux &#8220;fake news&#8221;\",\"datePublished\":\"2023-11-24T09:24:45+00:00\",\"dateModified\":\"2023-11-24T09:24:46+00:00\",\"mainEntityOfPage\":{\"@id\":\"https:\\\/\\\/www.sfsic.org\\\/en\\\/publication\\\/journalistes-et-publics-face-aux-fake-news-2\\\/\"},\"wordCount\":313,\"publisher\":{\"@id\":\"https:\\\/\\\/www.sfsic.org\\\/en\\\/#organization\"},\"keywords\":[\"Fake News\",\"Journalisme\",\"Publics\"],\"articleSection\":[\"Publications\"],\"inLanguage\":\"en-US\"},{\"@type\":\"WebPage\",\"@id\":\"https:\\\/\\\/www.sfsic.org\\\/en\\\/publication\\\/journalistes-et-publics-face-aux-fake-news-2\\\/\",\"url\":\"https:\\\/\\\/www.sfsic.org\\\/en\\\/publication\\\/journalistes-et-publics-face-aux-fake-news-2\\\/\",\"name\":\"Journalistes et publics face aux \\\"fake news\\\"\",\"isPartOf\":{\"@id\":\"https:\\\/\\\/www.sfsic.org\\\/en\\\/#website\"},\"datePublished\":\"2023-11-24T09:24:45+00:00\",\"dateModified\":\"2023-11-24T09:24:46+00:00\",\"description\":\"Publication du Suppl\u00e9ment 2023 A de la revue Les Enjeux de l'information et de la communication sur la th\u00e9matique \\\"Journalistes et publics face aux \u00ab fake news \u00bb\\\".\",\"breadcrumb\":{\"@id\":\"https:\\\/\\\/www.sfsic.org\\\/en\\\/publication\\\/journalistes-et-publics-face-aux-fake-news-2\\\/#breadcrumb\"},\"inLanguage\":\"en-US\",\"potentialAction\":[{\"@type\":\"ReadAction\",\"target\":[\"https:\\\/\\\/www.sfsic.org\\\/en\\\/publication\\\/journalistes-et-publics-face-aux-fake-news-2\\\/\"]}]},{\"@type\":\"BreadcrumbList\",\"@id\":\"https:\\\/\\\/www.sfsic.org\\\/en\\\/publication\\\/journalistes-et-publics-face-aux-fake-news-2\\\/#breadcrumb\",\"itemListElement\":[{\"@type\":\"ListItem\",\"position\":1,\"name\":\"Accueil\",\"item\":\"https:\\\/\\\/www.sfsic.org\\\/en\\\/\"},{\"@type\":\"ListItem\",\"position\":2,\"name\":\"Publications\",\"item\":\"https:\\\/\\\/www.sfsic.org\\\/en\\\/publication-en\\\/\"},{\"@type\":\"ListItem\",\"position\":3,\"name\":\"Journalistes et publics face aux \u00ab&#160;fake news&#160;\u00bb\"}]},{\"@type\":\"WebSite\",\"@id\":\"https:\\\/\\\/www.sfsic.org\\\/en\\\/#website\",\"url\":\"https:\\\/\\\/www.sfsic.org\\\/en\\\/\",\"name\":\"SFSIC\",\"description\":\"Soci\u00e9t\u00e9 Fran\u00e7aise des Sciences de l&#039;Information &amp; de la Communication\",\"publisher\":{\"@id\":\"https:\\\/\\\/www.sfsic.org\\\/en\\\/#organization\"},\"potentialAction\":[{\"@type\":\"SearchAction\",\"target\":{\"@type\":\"EntryPoint\",\"urlTemplate\":\"https:\\\/\\\/www.sfsic.org\\\/en\\\/?s={search_term_string}\"},\"query-input\":{\"@type\":\"PropertyValueSpecification\",\"valueRequired\":true,\"valueName\":\"search_term_string\"}}],\"inLanguage\":\"en-US\"},{\"@type\":\"Organization\",\"@id\":\"https:\\\/\\\/www.sfsic.org\\\/en\\\/#organization\",\"name\":\"SFSIC\",\"url\":\"https:\\\/\\\/www.sfsic.org\\\/en\\\/\",\"logo\":{\"@type\":\"ImageObject\",\"inLanguage\":\"en-US\",\"@id\":\"https:\\\/\\\/www.sfsic.org\\\/en\\\/#\\\/schema\\\/logo\\\/image\\\/\",\"url\":\"https:\\\/\\\/www.sfsic.org\\\/wp-inside\\\/uploads\\\/2020\\\/05\\\/logo-sfsic.jpg\",\"contentUrl\":\"https:\\\/\\\/www.sfsic.org\\\/wp-inside\\\/uploads\\\/2020\\\/05\\\/logo-sfsic.jpg\",\"width\":1085,\"height\":1080,\"caption\":\"SFSIC\"},\"image\":{\"@id\":\"https:\\\/\\\/www.sfsic.org\\\/en\\\/#\\\/schema\\\/logo\\\/image\\\/\"}},{\"@type\":\"Person\",\"@id\":\"https:\\\/\\\/www.sfsic.org\\\/en\\\/#\\\/schema\\\/person\\\/cdfb8cc55e8fd8823b3d944276ef447f\",\"name\":\"Laurie Schmitt\",\"image\":{\"@type\":\"ImageObject\",\"inLanguage\":\"en-US\",\"@id\":\"https:\\\/\\\/secure.gravatar.com\\\/avatar\\\/e0485edec24d051b39d931bab36a216e48e580ab2ec13b1a6806cc3ea1444920?s=96&d=mm&r=g\",\"url\":\"https:\\\/\\\/secure.gravatar.com\\\/avatar\\\/e0485edec24d051b39d931bab36a216e48e580ab2ec13b1a6806cc3ea1444920?s=96&d=mm&r=g\",\"contentUrl\":\"https:\\\/\\\/secure.gravatar.com\\\/avatar\\\/e0485edec24d051b39d931bab36a216e48e580ab2ec13b1a6806cc3ea1444920?s=96&d=mm&r=g\",\"caption\":\"Laurie Schmitt\"}}]}<\/script>\n<!-- \/ Yoast SEO plugin. -->","yoast_head_json":{"title":"Journalistes et publics face aux \"fake news\"","description":"Publication du Suppl\u00e9ment 2023 A de la revue Les Enjeux de l'information et de la communication sur la th\u00e9matique \"Journalistes et publics face aux \u00ab fake news \u00bb\".","robots":{"index":"index","follow":"follow","max-snippet":"max-snippet:-1","max-image-preview":"max-image-preview:large","max-video-preview":"max-video-preview:-1"},"canonical":"https:\/\/www.sfsic.org\/en\/publication\/journalistes-et-publics-face-aux-fake-news-2\/","og_locale":"en_US","og_type":"article","og_title":"Journalistes et publics face aux \"fake news\"","og_description":"Publication du Suppl\u00e9ment 2023 A de la revue Les Enjeux de l'information et de la communication sur la th\u00e9matique \"Journalistes et publics face aux \u00ab fake news \u00bb\".","og_url":"https:\/\/www.sfsic.org\/en\/publication\/journalistes-et-publics-face-aux-fake-news-2\/","og_site_name":"SFSIC","article_published_time":"2023-11-24T09:24:45+00:00","article_modified_time":"2023-11-24T09:24:46+00:00","author":"Laurie Schmitt","twitter_card":"summary_large_image","schema":{"@context":"https:\/\/schema.org","@graph":[{"@type":"Article","@id":"https:\/\/www.sfsic.org\/en\/publication\/journalistes-et-publics-face-aux-fake-news-2\/#article","isPartOf":{"@id":"https:\/\/www.sfsic.org\/en\/publication\/journalistes-et-publics-face-aux-fake-news-2\/"},"author":{"name":"Laurie Schmitt","@id":"https:\/\/www.sfsic.org\/en\/#\/schema\/person\/cdfb8cc55e8fd8823b3d944276ef447f"},"headline":"Journalistes et publics face aux &#8220;fake news&#8221;","datePublished":"2023-11-24T09:24:45+00:00","dateModified":"2023-11-24T09:24:46+00:00","mainEntityOfPage":{"@id":"https:\/\/www.sfsic.org\/en\/publication\/journalistes-et-publics-face-aux-fake-news-2\/"},"wordCount":313,"publisher":{"@id":"https:\/\/www.sfsic.org\/en\/#organization"},"keywords":["Fake News","Journalisme","Publics"],"articleSection":["Publications"],"inLanguage":"en-US"},{"@type":"WebPage","@id":"https:\/\/www.sfsic.org\/en\/publication\/journalistes-et-publics-face-aux-fake-news-2\/","url":"https:\/\/www.sfsic.org\/en\/publication\/journalistes-et-publics-face-aux-fake-news-2\/","name":"Journalistes et publics face aux \"fake news\"","isPartOf":{"@id":"https:\/\/www.sfsic.org\/en\/#website"},"datePublished":"2023-11-24T09:24:45+00:00","dateModified":"2023-11-24T09:24:46+00:00","description":"Publication du Suppl\u00e9ment 2023 A de la revue Les Enjeux de l'information et de la communication sur la th\u00e9matique \"Journalistes et publics face aux \u00ab fake news \u00bb\".","breadcrumb":{"@id":"https:\/\/www.sfsic.org\/en\/publication\/journalistes-et-publics-face-aux-fake-news-2\/#breadcrumb"},"inLanguage":"en-US","potentialAction":[{"@type":"ReadAction","target":["https:\/\/www.sfsic.org\/en\/publication\/journalistes-et-publics-face-aux-fake-news-2\/"]}]},{"@type":"BreadcrumbList","@id":"https:\/\/www.sfsic.org\/en\/publication\/journalistes-et-publics-face-aux-fake-news-2\/#breadcrumb","itemListElement":[{"@type":"ListItem","position":1,"name":"Accueil","item":"https:\/\/www.sfsic.org\/en\/"},{"@type":"ListItem","position":2,"name":"Publications","item":"https:\/\/www.sfsic.org\/en\/publication-en\/"},{"@type":"ListItem","position":3,"name":"Journalistes et publics face aux \u00ab&#160;fake news&#160;\u00bb"}]},{"@type":"WebSite","@id":"https:\/\/www.sfsic.org\/en\/#website","url":"https:\/\/www.sfsic.org\/en\/","name":"SFSIC","description":"Soci\u00e9t\u00e9 Fran\u00e7aise des Sciences de l&#039;Information &amp; de la Communication","publisher":{"@id":"https:\/\/www.sfsic.org\/en\/#organization"},"potentialAction":[{"@type":"SearchAction","target":{"@type":"EntryPoint","urlTemplate":"https:\/\/www.sfsic.org\/en\/?s={search_term_string}"},"query-input":{"@type":"PropertyValueSpecification","valueRequired":true,"valueName":"search_term_string"}}],"inLanguage":"en-US"},{"@type":"Organization","@id":"https:\/\/www.sfsic.org\/en\/#organization","name":"SFSIC","url":"https:\/\/www.sfsic.org\/en\/","logo":{"@type":"ImageObject","inLanguage":"en-US","@id":"https:\/\/www.sfsic.org\/en\/#\/schema\/logo\/image\/","url":"https:\/\/www.sfsic.org\/wp-inside\/uploads\/2020\/05\/logo-sfsic.jpg","contentUrl":"https:\/\/www.sfsic.org\/wp-inside\/uploads\/2020\/05\/logo-sfsic.jpg","width":1085,"height":1080,"caption":"SFSIC"},"image":{"@id":"https:\/\/www.sfsic.org\/en\/#\/schema\/logo\/image\/"}},{"@type":"Person","@id":"https:\/\/www.sfsic.org\/en\/#\/schema\/person\/cdfb8cc55e8fd8823b3d944276ef447f","name":"Laurie Schmitt","image":{"@type":"ImageObject","inLanguage":"en-US","@id":"https:\/\/secure.gravatar.com\/avatar\/e0485edec24d051b39d931bab36a216e48e580ab2ec13b1a6806cc3ea1444920?s=96&d=mm&r=g","url":"https:\/\/secure.gravatar.com\/avatar\/e0485edec24d051b39d931bab36a216e48e580ab2ec13b1a6806cc3ea1444920?s=96&d=mm&r=g","contentUrl":"https:\/\/secure.gravatar.com\/avatar\/e0485edec24d051b39d931bab36a216e48e580ab2ec13b1a6806cc3ea1444920?s=96&d=mm&r=g","caption":"Laurie Schmitt"}}]}},"_links":{"self":[{"href":"https:\/\/www.sfsic.org\/en\/wp-json\/wp\/v2\/posts\/30195","targetHints":{"allow":["GET"]}}],"collection":[{"href":"https:\/\/www.sfsic.org\/en\/wp-json\/wp\/v2\/posts"}],"about":[{"href":"https:\/\/www.sfsic.org\/en\/wp-json\/wp\/v2\/types\/post"}],"author":[{"embeddable":true,"href":"https:\/\/www.sfsic.org\/en\/wp-json\/wp\/v2\/users\/1104"}],"replies":[{"embeddable":true,"href":"https:\/\/www.sfsic.org\/en\/wp-json\/wp\/v2\/comments?post=30195"}],"version-history":[{"count":5,"href":"https:\/\/www.sfsic.org\/en\/wp-json\/wp\/v2\/posts\/30195\/revisions"}],"predecessor-version":[{"id":30213,"href":"https:\/\/www.sfsic.org\/en\/wp-json\/wp\/v2\/posts\/30195\/revisions\/30213"}],"wp:attachment":[{"href":"https:\/\/www.sfsic.org\/en\/wp-json\/wp\/v2\/media?parent=30195"}],"wp:term":[{"taxonomy":"category","embeddable":true,"href":"https:\/\/www.sfsic.org\/en\/wp-json\/wp\/v2\/categories?post=30195"},{"taxonomy":"post_tag","embeddable":true,"href":"https:\/\/www.sfsic.org\/en\/wp-json\/wp\/v2\/tags?post=30195"},{"taxonomy":"thematique","embeddable":true,"href":"https:\/\/www.sfsic.org\/en\/wp-json\/wp\/v2\/thematique?post=30195"},{"taxonomy":"sfsic","embeddable":true,"href":"https:\/\/www.sfsic.org\/en\/wp-json\/wp\/v2\/sfsic?post=30195"}],"curies":[{"name":"wp","href":"https:\/\/api.w.org\/{rel}","templated":true}]}}