{"id":30173,"date":"2023-11-29T09:26:58","date_gmt":"2023-11-29T08:26:58","guid":{"rendered":"https:\/\/www.sfsic.org\/?p=30173"},"modified":"2023-11-27T10:28:15","modified_gmt":"2023-11-27T09:28:15","slug":"le-mythe-de-la-science","status":"publish","type":"post","link":"https:\/\/www.sfsic.org\/en\/publication\/le-mythe-de-la-science\/","title":{"rendered":"Le mythe de la science"},"content":{"rendered":"<p><!-- fxzn:singledetail --><\/p>\n<div class=\"zone zn-singledetail\" id=\"fxzn-singledetail-1\">\n<div class=\"zone-block zn-singledetail-block alignwide va-top\">\n<div class=\"row\">\n<div class=\"columns large-8 large-push-4\">\n<div class=\"zn-singledetail-metabox\">\n<div class=\"zn-singledetail-pubdate pubdate\">\n\t\t\t\t\t<span class=\"pubdate-txt\">Mis en ligne le<\/span><span class=\"doubledot\"><\/span> <time class=\"pubdate-time\" pubdate datetime=\"2023-11-19T21:34:16+01:00\">19 novembre 2023<\/time>\t\t\t\t<\/div>\n<div class=\"zn-singledetail-thematiques with-sep-comma\">\n<ul class=\"termslist termslist-thematique\">\n<li class=\"termslist-item termslist-title\"><span class=\"termslist-titletxt\">Th\u00e9matiques<\/span><span class=\"doubledot\"><\/span><\/li>\n<li class=\"termslist-item tax-thematique term-mediation-des-savoirs-education-et-formation\"><a class=\"termslist-itemlink\" href=\"https:\/\/www.sfsic.org\/en\/thematiques\/knowledge-mediation-education-and-training\/\" title=\"M\u00e9diation des savoirs, \u00e9ducation et formation\"><span class=\"termslist-itemname\">M\u00e9diation des savoirs, \u00e9ducation et formation<\/span><\/a><\/li>\n<li class=\"termslist-item tax-thematique term-organisation-des-connaissances\"><a class=\"termslist-itemlink\" href=\"https:\/\/www.sfsic.org\/en\/thematiques\/knowledge-organisation\/\" title=\"Organisation des connaissances\"><span class=\"termslist-itemname\">Organisation des connaissances<\/span><\/a><\/li>\n<\/ul><\/div>\n<\/p><\/div>\n<\/p><\/div>\n<\/p><\/div>\n<div class=\"row\">\n<div class=\"columns large-4\">\n<div class=\"zn-singledetail-sidebar bg-cornersquares\">\n<div class=\"zn-singledetail-infos\">\n<p class=\"zn-singledetail-type\">\n\t\t\t\t\t\t\t<span>Type de publication<\/span><span class=\"doubledot\"><\/span> <strong>Num\u00e9ro de revue<\/strong>\n\t\t\t\t\t<\/p>\n<p class=\"zn-singledetail-name\">\n\t\t\t\t\t\t\t<span>Nom de la publication<\/span><span class=\"doubledot\"><\/span> <strong>Communications <\/strong>\n\t\t\t\t\t<\/p>\n<p class=\"zn-singledetail-edition\">\n\t\t\t\t\t\t\t<span>\u00c9dition<\/span><span class=\"doubledot\"><\/span> <strong>Le Seuil<\/strong>\n\t\t\t\t\t<\/p>\n<\/p><\/div>\n<div class=\"zn-singledetail-coordinators\">\n<h3 class=\"zn-singledetail-section-title\">Coordinateur(s) \/ Auteur(s)<\/h3>\n<ul class=\"zn-singledetail-coordinators-list\">\n<li class=\"zn-singledetail-coordinators-item\">\n\t\t\t\t\t\t\t<span>Antonella<\/span> <span>Romano<\/span>\t\t\t\t\t\t\t\t\t\t\t\t\t<\/li>\n<\/ul><\/div>\n<\/p><\/div>\n<\/p><\/div>\n<div class=\"columns large-8\">\n<div class=\"zn-singledetail-contentbox\">\n<div class=\"zn-singledetail-annonce wig-content\">\n<p>Le num\u00e9ro 113 de la revue Communications est en ligne. Intitul\u00e9 \u00ab&#160;Le mythe de la science&#160;\u00bb, il a \u00e9t\u00e9 dirig\u00e9 par Antonella Romano (EHESS, CAK).<\/p>\n<p><img decoding=\"async\" loading=\"lazy\" class=\"size-medium wp-image-30168 aligncenter\" src=\"https:\/\/www.sfsic.org\/wp-inside\/uploads\/2023\/11\/couverture-communications_113_2023-191x300.jpg\" alt=\"\" width=\"191\" height=\"300\" srcset=\"https:\/\/www.sfsic.org\/wp-inside\/uploads\/2023\/11\/couverture-communications_113_2023-191x300.jpg 191w, https:\/\/www.sfsic.org\/wp-inside\/uploads\/2023\/11\/couverture-communications_113_2023-200x315.jpg 200w, https:\/\/www.sfsic.org\/wp-inside\/uploads\/2023\/11\/couverture-communications_113_2023.jpg 204w\" sizes=\"auto, (max-width: 191px) 100vw, 191px\" \/><\/p>\n<p style=\"text-align: center;\"><a class=\"button outline with-arrow\" href=\"https:\/\/www.cairn.info\/revue-les-cahiers-du-numerique-2022-1.htm\">Consulter le dossier sur Cairn<\/a><\/p>\n<h2>Sommaire<\/h2>\n<p><span style=\"font-weight: 400;\">Page 5 \u00e0 23<\/span><\/p>\n<p><span style=\"font-weight: 400;\">Science. Mythes, r\u00e9cits, pouvoirs<\/span><\/p>\n<p><strong>Antonella Romano<\/strong><\/p>\n<p>&nbsp;<\/p>\n<p><span style=\"font-weight: 400;\">Page 25 \u00e0 33<\/span><\/p>\n<p><span style=\"font-weight: 400;\">Prom\u00e9th\u00e9e ou le contrat social<\/span><\/p>\n<p><strong>Leopoldo Iribarren<\/strong><\/p>\n<p>&nbsp;<\/p>\n<p><span style=\"font-weight: 400;\">Page 35 \u00e0 44<\/span><\/p>\n<p><span style=\"font-weight: 400;\">Avicenne, mythes savants d\u2019Occident (xiiie-xixe s.)<\/span><\/p>\n<p><strong>Jo\u00ebl Chandelier<\/strong><\/p>\n<p>&nbsp;<\/p>\n<p><span style=\"font-weight: 400;\">Page 45 \u00e0 55<\/span><\/p>\n<p><span style=\"font-weight: 400;\">H\u00e9ros\u2026 et h\u00e9ro\u00efnes&#160;? Marie-Anne Paulze-Lavoisier et les multiples ressorts de l\u2019invisibilit\u00e9<\/span><\/p>\n<p><strong>Francesca Antonelli<\/strong><\/p>\n<p>&nbsp;<\/p>\n<p><span style=\"font-weight: 400;\">Page 57 \u00e0 68<\/span><\/p>\n<p><span style=\"font-weight: 400;\">Portrait du chercheur, ou les rem\u00e9diations d\u2019un mythe de la science au xxe si\u00e8cle<\/span><\/p>\n<p><strong>Charlotte Bigg<\/strong><\/p>\n<p>&nbsp;<\/p>\n<p><span style=\"font-weight: 400;\">Page 69 \u00e0 79<\/span><\/p>\n<p><span style=\"font-weight: 400;\">Sur quelques mythes et fant\u00f4mes de la science espagnole<\/span><\/p>\n<p><strong>Juan Pimentel, Traduit de l\u2019espagnol par Rafael Mandressi<\/strong><\/p>\n<p>&nbsp;<\/p>\n<p><span style=\"font-weight: 400;\">Page 81 \u00e0 90<\/span><\/p>\n<p><span style=\"font-weight: 400;\">Le mythe scientifique de la ma\u00eetrise heureuse chez un pr\u00e9curseur de la science-fiction<\/span><\/p>\n<p><strong>Fran\u00e7oise Willmann<\/strong><\/p>\n<p>&nbsp;<\/p>\n<p><span style=\"font-weight: 400;\">Page 91 \u00e0 100<\/span><\/p>\n<p><span style=\"font-weight: 400;\">Les mus\u00e9es et les naufrages de l\u2019histoire<\/span><\/p>\n<p><strong>Irina Podgorny, Miruna Achim<\/strong><\/p>\n<p>&nbsp;<\/p>\n<p><span style=\"font-weight: 400;\">Page 101 \u00e0 111<\/span><\/p>\n<p><span style=\"font-weight: 400;\">Contre le pi\u00e8ge de l\u2019\u00e9vidence. La controverse des neiges du Kilimandjaro (1848-1862)<\/span><\/p>\n<p><strong>Delphine Froment<\/strong><\/p>\n<p>&nbsp;<\/p>\n<p><span style=\"font-weight: 400;\">Page 113 \u00e0 124<\/span><\/p>\n<p><span style=\"font-weight: 400;\">Science pour tous ou science par tous&#160;? Mythes et contre-mythes de la science au xixe si\u00e8cle<\/span><\/p>\n<p><strong>Volny Fages<\/strong><\/p>\n<p>&nbsp;<\/p>\n<p><span style=\"font-weight: 400;\">Page 125 \u00e0 134<\/span><\/p>\n<p><span style=\"font-weight: 400;\">Quelle science pour quel socialisme&#160;? Pratiques et repr\u00e9sentations de la science dans le socialisme europ\u00e9en<\/span><\/p>\n<p><strong>Christophe Prochasson<\/strong><\/p>\n<p>&nbsp;<\/p>\n<p><span style=\"font-weight: 400;\">Page 135 \u00e0 147<\/span><\/p>\n<p><span style=\"font-weight: 400;\">Le mythe de la science sovi\u00e9tique&#160;: de l\u2019enthousiasme r\u00e9volutionnaire \u00e0 la catastrophe de Tchernobyl<\/span><\/p>\n<p><strong>Tatiana Kasperski<\/strong><\/p>\n<p>&nbsp;<\/p>\n<p><span style=\"font-weight: 400;\">Page 149 \u00e0 160<\/span><\/p>\n<p><span style=\"font-weight: 400;\">La science arabe en Allemagne de l\u2019Est. Une histoire du mat\u00e9rialisme ath\u00e9e<\/span><\/p>\n<p><strong>Catherine K\u00f6nig-Pralong<\/strong><\/p>\n<p>&nbsp;<\/p>\n<p><span style=\"font-weight: 400;\">Page 161 \u00e0 171<\/span><\/p>\n<p><span style=\"font-weight: 400;\">Le \u00ab&#160;programme fort&#160;\u00bb et la crise de la science des ann\u00e9es 1970 aux ann\u00e9es 1990<\/span><\/p>\n<p><strong>J\u00e9r\u00f4me Lamy<\/strong><\/p>\n<\/p><\/div>\n<div class=\"zn-singledetail-keywords\">\n<h3 class=\"zn-singledetail-section-title\">Mots-cl\u00e9s<\/h3>\n<ul class=\"termslist termslist-post_tag\">\n<li class=\"termslist-item termslist-title\"><span class=\"termslist-titletxt\">Mots-cl\u00e9s<\/span><span class=\"doubledot\"><\/span><\/li>\n<li class=\"termslist-item tax-post_tag term-epistemologie\"><a class=\"termslist-itemlink\" href=\"https:\/\/www.sfsic.org\/en\/tag\/epistemologie\/\" title=\"\u00e9pist\u00e9mologie\"><span class=\"termslist-itemname\">\u00e9pist\u00e9mologie<\/span><\/a><\/li>\n<li class=\"termslist-item tax-post_tag term-sciences\"><a class=\"termslist-itemlink\" href=\"https:\/\/www.sfsic.org\/en\/tag\/science\/\" title=\"Sciences\"><span class=\"termslist-itemname\">Sciences<\/span><\/a><\/li>\n<\/ul><\/div>\n<\/p><\/div>\n<\/p><\/div>\n<\/p><\/div>\n<\/p><\/div>\n<\/div>\n<p><!-- \/fxzn:singledetail --><\/p>\n","protected":false},"excerpt":{"rendered":"<p>Mis en ligne le 19 novembre 2023 Th\u00e9matiques M\u00e9diation des savoirs, \u00e9ducation et formation Organisation des connaissances Type de publication Num\u00e9ro de revue Nom de la publication Communications \u00c9dition Le [&hellip;]<\/p>\n","protected":false},"author":1619,"featured_media":0,"comment_status":"closed","ping_status":"closed","sticky":false,"template":"","format":"standard","meta":{"_acf_changed":false,"footnotes":""},"categories":[70,31],"tags":[407,93],"thematique":[43,42],"sfsic":[],"class_list":["post-30173","post","type-post","status-publish","format-standard","hentry","category-numero-revue","category-publication","tag-epistemologie","tag-sciences","thematique-mediation-des-savoirs-education-et-formation","thematique-organisation-des-connaissances","wp-sticky"],"acf":[],"yoast_head":"<!-- This site is optimized with the Yoast SEO plugin v27.5 - https:\/\/yoast.com\/product\/yoast-seo-wordpress\/ -->\n<title>Le mythe de la science<\/title>\n<meta name=\"description\" content=\"Le num\u00e9ro 113 de la revue Communications est en ligne. Intitul\u00e9 \u00ab Le mythe de la science \u00bb, il a \u00e9t\u00e9 dirig\u00e9 par Antonella Romano (EHESS, CAK).\" \/>\n<meta name=\"robots\" content=\"index, follow, max-snippet:-1, max-image-preview:large, max-video-preview:-1\" \/>\n<link rel=\"canonical\" href=\"https:\/\/www.sfsic.org\/en\/publication\/le-mythe-de-la-science\/\" \/>\n<meta property=\"og:locale\" content=\"en_US\" \/>\n<meta property=\"og:type\" content=\"article\" \/>\n<meta property=\"og:title\" content=\"Le mythe de la science\" \/>\n<meta property=\"og:description\" content=\"Le num\u00e9ro 113 de la revue Communications est en ligne. Intitul\u00e9 \u00ab Le mythe de la science \u00bb, il a \u00e9t\u00e9 dirig\u00e9 par Antonella Romano (EHESS, CAK).\" \/>\n<meta property=\"og:url\" content=\"https:\/\/www.sfsic.org\/en\/publication\/le-mythe-de-la-science\/\" \/>\n<meta property=\"og:site_name\" content=\"SFSIC\" \/>\n<meta property=\"article:published_time\" content=\"2023-11-29T08:26:58+00:00\" \/>\n<meta property=\"og:image\" content=\"https:\/\/www.sfsic.org\/wp-inside\/uploads\/2023\/11\/couverture-communications_113_2023-191x300.jpg\" \/>\n<meta name=\"author\" content=\"Larissa Diedhiou\" \/>\n<meta name=\"twitter:card\" content=\"summary_large_image\" \/>\n<script type=\"application\/ld+json\" class=\"yoast-schema-graph\">{\"@context\":\"https:\\\/\\\/schema.org\",\"@graph\":[{\"@type\":\"Article\",\"@id\":\"https:\\\/\\\/www.sfsic.org\\\/en\\\/publication\\\/le-mythe-de-la-science\\\/#article\",\"isPartOf\":{\"@id\":\"https:\\\/\\\/www.sfsic.org\\\/en\\\/publication\\\/le-mythe-de-la-science\\\/\"},\"author\":{\"name\":\"Larissa Diedhiou\",\"@id\":\"https:\\\/\\\/www.sfsic.org\\\/en\\\/#\\\/schema\\\/person\\\/ce8577e21f0497e903a0e42776282f0e\"},\"headline\":\"Le mythe de la science\",\"datePublished\":\"2023-11-29T08:26:58+00:00\",\"mainEntityOfPage\":{\"@id\":\"https:\\\/\\\/www.sfsic.org\\\/en\\\/publication\\\/le-mythe-de-la-science\\\/\"},\"wordCount\":329,\"publisher\":{\"@id\":\"https:\\\/\\\/www.sfsic.org\\\/en\\\/#organization\"},\"image\":{\"@id\":\"https:\\\/\\\/www.sfsic.org\\\/en\\\/publication\\\/le-mythe-de-la-science\\\/#primaryimage\"},\"thumbnailUrl\":\"https:\\\/\\\/www.sfsic.org\\\/wp-inside\\\/uploads\\\/2023\\\/11\\\/couverture-communications_113_2023-191x300.jpg\",\"keywords\":[\"\u00e9pist\u00e9mologie\",\"Sciences\"],\"articleSection\":[\"Num\u00e9ro de revue\",\"Publications\"],\"inLanguage\":\"en-US\"},{\"@type\":\"WebPage\",\"@id\":\"https:\\\/\\\/www.sfsic.org\\\/en\\\/publication\\\/le-mythe-de-la-science\\\/\",\"url\":\"https:\\\/\\\/www.sfsic.org\\\/en\\\/publication\\\/le-mythe-de-la-science\\\/\",\"name\":\"Le mythe de la science\",\"isPartOf\":{\"@id\":\"https:\\\/\\\/www.sfsic.org\\\/en\\\/#website\"},\"primaryImageOfPage\":{\"@id\":\"https:\\\/\\\/www.sfsic.org\\\/en\\\/publication\\\/le-mythe-de-la-science\\\/#primaryimage\"},\"image\":{\"@id\":\"https:\\\/\\\/www.sfsic.org\\\/en\\\/publication\\\/le-mythe-de-la-science\\\/#primaryimage\"},\"thumbnailUrl\":\"https:\\\/\\\/www.sfsic.org\\\/wp-inside\\\/uploads\\\/2023\\\/11\\\/couverture-communications_113_2023-191x300.jpg\",\"datePublished\":\"2023-11-29T08:26:58+00:00\",\"description\":\"Le num\u00e9ro 113 de la revue Communications est en ligne. Intitul\u00e9 \u00ab Le mythe de la science \u00bb, il a \u00e9t\u00e9 dirig\u00e9 par Antonella Romano (EHESS, CAK).\",\"breadcrumb\":{\"@id\":\"https:\\\/\\\/www.sfsic.org\\\/en\\\/publication\\\/le-mythe-de-la-science\\\/#breadcrumb\"},\"inLanguage\":\"en-US\",\"potentialAction\":[{\"@type\":\"ReadAction\",\"target\":[\"https:\\\/\\\/www.sfsic.org\\\/en\\\/publication\\\/le-mythe-de-la-science\\\/\"]}]},{\"@type\":\"ImageObject\",\"inLanguage\":\"en-US\",\"@id\":\"https:\\\/\\\/www.sfsic.org\\\/en\\\/publication\\\/le-mythe-de-la-science\\\/#primaryimage\",\"url\":\"https:\\\/\\\/www.sfsic.org\\\/wp-inside\\\/uploads\\\/2023\\\/11\\\/couverture-communications_113_2023-191x300.jpg\",\"contentUrl\":\"https:\\\/\\\/www.sfsic.org\\\/wp-inside\\\/uploads\\\/2023\\\/11\\\/couverture-communications_113_2023-191x300.jpg\"},{\"@type\":\"BreadcrumbList\",\"@id\":\"https:\\\/\\\/www.sfsic.org\\\/en\\\/publication\\\/le-mythe-de-la-science\\\/#breadcrumb\",\"itemListElement\":[{\"@type\":\"ListItem\",\"position\":1,\"name\":\"Accueil\",\"item\":\"https:\\\/\\\/www.sfsic.org\\\/en\\\/\"},{\"@type\":\"ListItem\",\"position\":2,\"name\":\"Publications\",\"item\":\"https:\\\/\\\/www.sfsic.org\\\/en\\\/publication-en\\\/\"},{\"@type\":\"ListItem\",\"position\":3,\"name\":\"Journal issue\",\"item\":\"https:\\\/\\\/www.sfsic.org\\\/en\\\/publication-en\\\/journal-issue\\\/\"},{\"@type\":\"ListItem\",\"position\":4,\"name\":\"Le mythe de la science\"}]},{\"@type\":\"WebSite\",\"@id\":\"https:\\\/\\\/www.sfsic.org\\\/en\\\/#website\",\"url\":\"https:\\\/\\\/www.sfsic.org\\\/en\\\/\",\"name\":\"SFSIC\",\"description\":\"Soci\u00e9t\u00e9 Fran\u00e7aise des Sciences de l&#039;Information &amp; de la Communication\",\"publisher\":{\"@id\":\"https:\\\/\\\/www.sfsic.org\\\/en\\\/#organization\"},\"potentialAction\":[{\"@type\":\"SearchAction\",\"target\":{\"@type\":\"EntryPoint\",\"urlTemplate\":\"https:\\\/\\\/www.sfsic.org\\\/en\\\/?s={search_term_string}\"},\"query-input\":{\"@type\":\"PropertyValueSpecification\",\"valueRequired\":true,\"valueName\":\"search_term_string\"}}],\"inLanguage\":\"en-US\"},{\"@type\":\"Organization\",\"@id\":\"https:\\\/\\\/www.sfsic.org\\\/en\\\/#organization\",\"name\":\"SFSIC\",\"url\":\"https:\\\/\\\/www.sfsic.org\\\/en\\\/\",\"logo\":{\"@type\":\"ImageObject\",\"inLanguage\":\"en-US\",\"@id\":\"https:\\\/\\\/www.sfsic.org\\\/en\\\/#\\\/schema\\\/logo\\\/image\\\/\",\"url\":\"https:\\\/\\\/www.sfsic.org\\\/wp-inside\\\/uploads\\\/2020\\\/05\\\/logo-sfsic.jpg\",\"contentUrl\":\"https:\\\/\\\/www.sfsic.org\\\/wp-inside\\\/uploads\\\/2020\\\/05\\\/logo-sfsic.jpg\",\"width\":1085,\"height\":1080,\"caption\":\"SFSIC\"},\"image\":{\"@id\":\"https:\\\/\\\/www.sfsic.org\\\/en\\\/#\\\/schema\\\/logo\\\/image\\\/\"}},{\"@type\":\"Person\",\"@id\":\"https:\\\/\\\/www.sfsic.org\\\/en\\\/#\\\/schema\\\/person\\\/ce8577e21f0497e903a0e42776282f0e\",\"name\":\"Larissa Diedhiou\",\"image\":{\"@type\":\"ImageObject\",\"inLanguage\":\"en-US\",\"@id\":\"https:\\\/\\\/secure.gravatar.com\\\/avatar\\\/01b1d96d33f7113e46a28c4b65fb0e83934b735c2255eb7325f43b4a7e1602c8?s=96&d=mm&r=g\",\"url\":\"https:\\\/\\\/secure.gravatar.com\\\/avatar\\\/01b1d96d33f7113e46a28c4b65fb0e83934b735c2255eb7325f43b4a7e1602c8?s=96&d=mm&r=g\",\"contentUrl\":\"https:\\\/\\\/secure.gravatar.com\\\/avatar\\\/01b1d96d33f7113e46a28c4b65fb0e83934b735c2255eb7325f43b4a7e1602c8?s=96&d=mm&r=g\",\"caption\":\"Larissa Diedhiou\"}}]}<\/script>\n<!-- \/ Yoast SEO plugin. -->","yoast_head_json":{"title":"Le mythe de la science","description":"Le num\u00e9ro 113 de la revue Communications est en ligne. Intitul\u00e9 \u00ab Le mythe de la science \u00bb, il a \u00e9t\u00e9 dirig\u00e9 par Antonella Romano (EHESS, CAK).","robots":{"index":"index","follow":"follow","max-snippet":"max-snippet:-1","max-image-preview":"max-image-preview:large","max-video-preview":"max-video-preview:-1"},"canonical":"https:\/\/www.sfsic.org\/en\/publication\/le-mythe-de-la-science\/","og_locale":"en_US","og_type":"article","og_title":"Le mythe de la science","og_description":"Le num\u00e9ro 113 de la revue Communications est en ligne. Intitul\u00e9 \u00ab Le mythe de la science \u00bb, il a \u00e9t\u00e9 dirig\u00e9 par Antonella Romano (EHESS, CAK).","og_url":"https:\/\/www.sfsic.org\/en\/publication\/le-mythe-de-la-science\/","og_site_name":"SFSIC","article_published_time":"2023-11-29T08:26:58+00:00","og_image":[{"url":"https:\/\/www.sfsic.org\/wp-inside\/uploads\/2023\/11\/couverture-communications_113_2023-191x300.jpg","type":"","width":"","height":""}],"author":"Larissa Diedhiou","twitter_card":"summary_large_image","schema":{"@context":"https:\/\/schema.org","@graph":[{"@type":"Article","@id":"https:\/\/www.sfsic.org\/en\/publication\/le-mythe-de-la-science\/#article","isPartOf":{"@id":"https:\/\/www.sfsic.org\/en\/publication\/le-mythe-de-la-science\/"},"author":{"name":"Larissa Diedhiou","@id":"https:\/\/www.sfsic.org\/en\/#\/schema\/person\/ce8577e21f0497e903a0e42776282f0e"},"headline":"Le mythe de la science","datePublished":"2023-11-29T08:26:58+00:00","mainEntityOfPage":{"@id":"https:\/\/www.sfsic.org\/en\/publication\/le-mythe-de-la-science\/"},"wordCount":329,"publisher":{"@id":"https:\/\/www.sfsic.org\/en\/#organization"},"image":{"@id":"https:\/\/www.sfsic.org\/en\/publication\/le-mythe-de-la-science\/#primaryimage"},"thumbnailUrl":"https:\/\/www.sfsic.org\/wp-inside\/uploads\/2023\/11\/couverture-communications_113_2023-191x300.jpg","keywords":["\u00e9pist\u00e9mologie","Sciences"],"articleSection":["Num\u00e9ro de revue","Publications"],"inLanguage":"en-US"},{"@type":"WebPage","@id":"https:\/\/www.sfsic.org\/en\/publication\/le-mythe-de-la-science\/","url":"https:\/\/www.sfsic.org\/en\/publication\/le-mythe-de-la-science\/","name":"Le mythe de la science","isPartOf":{"@id":"https:\/\/www.sfsic.org\/en\/#website"},"primaryImageOfPage":{"@id":"https:\/\/www.sfsic.org\/en\/publication\/le-mythe-de-la-science\/#primaryimage"},"image":{"@id":"https:\/\/www.sfsic.org\/en\/publication\/le-mythe-de-la-science\/#primaryimage"},"thumbnailUrl":"https:\/\/www.sfsic.org\/wp-inside\/uploads\/2023\/11\/couverture-communications_113_2023-191x300.jpg","datePublished":"2023-11-29T08:26:58+00:00","description":"Le num\u00e9ro 113 de la revue Communications est en ligne. Intitul\u00e9 \u00ab Le mythe de la science \u00bb, il a \u00e9t\u00e9 dirig\u00e9 par Antonella Romano (EHESS, CAK).","breadcrumb":{"@id":"https:\/\/www.sfsic.org\/en\/publication\/le-mythe-de-la-science\/#breadcrumb"},"inLanguage":"en-US","potentialAction":[{"@type":"ReadAction","target":["https:\/\/www.sfsic.org\/en\/publication\/le-mythe-de-la-science\/"]}]},{"@type":"ImageObject","inLanguage":"en-US","@id":"https:\/\/www.sfsic.org\/en\/publication\/le-mythe-de-la-science\/#primaryimage","url":"https:\/\/www.sfsic.org\/wp-inside\/uploads\/2023\/11\/couverture-communications_113_2023-191x300.jpg","contentUrl":"https:\/\/www.sfsic.org\/wp-inside\/uploads\/2023\/11\/couverture-communications_113_2023-191x300.jpg"},{"@type":"BreadcrumbList","@id":"https:\/\/www.sfsic.org\/en\/publication\/le-mythe-de-la-science\/#breadcrumb","itemListElement":[{"@type":"ListItem","position":1,"name":"Accueil","item":"https:\/\/www.sfsic.org\/en\/"},{"@type":"ListItem","position":2,"name":"Publications","item":"https:\/\/www.sfsic.org\/en\/publication-en\/"},{"@type":"ListItem","position":3,"name":"Journal issue","item":"https:\/\/www.sfsic.org\/en\/publication-en\/journal-issue\/"},{"@type":"ListItem","position":4,"name":"Le mythe de la science"}]},{"@type":"WebSite","@id":"https:\/\/www.sfsic.org\/en\/#website","url":"https:\/\/www.sfsic.org\/en\/","name":"SFSIC","description":"Soci\u00e9t\u00e9 Fran\u00e7aise des Sciences de l&#039;Information &amp; de la Communication","publisher":{"@id":"https:\/\/www.sfsic.org\/en\/#organization"},"potentialAction":[{"@type":"SearchAction","target":{"@type":"EntryPoint","urlTemplate":"https:\/\/www.sfsic.org\/en\/?s={search_term_string}"},"query-input":{"@type":"PropertyValueSpecification","valueRequired":true,"valueName":"search_term_string"}}],"inLanguage":"en-US"},{"@type":"Organization","@id":"https:\/\/www.sfsic.org\/en\/#organization","name":"SFSIC","url":"https:\/\/www.sfsic.org\/en\/","logo":{"@type":"ImageObject","inLanguage":"en-US","@id":"https:\/\/www.sfsic.org\/en\/#\/schema\/logo\/image\/","url":"https:\/\/www.sfsic.org\/wp-inside\/uploads\/2020\/05\/logo-sfsic.jpg","contentUrl":"https:\/\/www.sfsic.org\/wp-inside\/uploads\/2020\/05\/logo-sfsic.jpg","width":1085,"height":1080,"caption":"SFSIC"},"image":{"@id":"https:\/\/www.sfsic.org\/en\/#\/schema\/logo\/image\/"}},{"@type":"Person","@id":"https:\/\/www.sfsic.org\/en\/#\/schema\/person\/ce8577e21f0497e903a0e42776282f0e","name":"Larissa Diedhiou","image":{"@type":"ImageObject","inLanguage":"en-US","@id":"https:\/\/secure.gravatar.com\/avatar\/01b1d96d33f7113e46a28c4b65fb0e83934b735c2255eb7325f43b4a7e1602c8?s=96&d=mm&r=g","url":"https:\/\/secure.gravatar.com\/avatar\/01b1d96d33f7113e46a28c4b65fb0e83934b735c2255eb7325f43b4a7e1602c8?s=96&d=mm&r=g","contentUrl":"https:\/\/secure.gravatar.com\/avatar\/01b1d96d33f7113e46a28c4b65fb0e83934b735c2255eb7325f43b4a7e1602c8?s=96&d=mm&r=g","caption":"Larissa Diedhiou"}}]}},"_links":{"self":[{"href":"https:\/\/www.sfsic.org\/en\/wp-json\/wp\/v2\/posts\/30173","targetHints":{"allow":["GET"]}}],"collection":[{"href":"https:\/\/www.sfsic.org\/en\/wp-json\/wp\/v2\/posts"}],"about":[{"href":"https:\/\/www.sfsic.org\/en\/wp-json\/wp\/v2\/types\/post"}],"author":[{"embeddable":true,"href":"https:\/\/www.sfsic.org\/en\/wp-json\/wp\/v2\/users\/1619"}],"replies":[{"embeddable":true,"href":"https:\/\/www.sfsic.org\/en\/wp-json\/wp\/v2\/comments?post=30173"}],"version-history":[{"count":2,"href":"https:\/\/www.sfsic.org\/en\/wp-json\/wp\/v2\/posts\/30173\/revisions"}],"predecessor-version":[{"id":30305,"href":"https:\/\/www.sfsic.org\/en\/wp-json\/wp\/v2\/posts\/30173\/revisions\/30305"}],"wp:attachment":[{"href":"https:\/\/www.sfsic.org\/en\/wp-json\/wp\/v2\/media?parent=30173"}],"wp:term":[{"taxonomy":"category","embeddable":true,"href":"https:\/\/www.sfsic.org\/en\/wp-json\/wp\/v2\/categories?post=30173"},{"taxonomy":"post_tag","embeddable":true,"href":"https:\/\/www.sfsic.org\/en\/wp-json\/wp\/v2\/tags?post=30173"},{"taxonomy":"thematique","embeddable":true,"href":"https:\/\/www.sfsic.org\/en\/wp-json\/wp\/v2\/thematique?post=30173"},{"taxonomy":"sfsic","embeddable":true,"href":"https:\/\/www.sfsic.org\/en\/wp-json\/wp\/v2\/sfsic?post=30173"}],"curies":[{"name":"wp","href":"https:\/\/api.w.org\/{rel}","templated":true}]}}