{"id":29916,"date":"2023-11-03T10:38:29","date_gmt":"2023-11-03T09:38:29","guid":{"rendered":"https:\/\/www.sfsic.org\/?p=29916"},"modified":"2023-11-01T19:38:48","modified_gmt":"2023-11-01T18:38:48","slug":"la-durabilite-et-la-resilience-dans-la-communication-et-les-medias","status":"publish","type":"post","link":"https:\/\/www.sfsic.org\/en\/aac-evenement\/la-durabilite-et-la-resilience-dans-la-communication-et-les-medias\/","title":{"rendered":"La durabilit\u00e9 et la r\u00e9silience dans la communication et les m\u00e9dias"},"content":{"rendered":"<p><!-- fxzn:singledetail --><\/p>\n<div class=\"zone zn-singledetail\" id=\"fxzn-singledetail-1\">\n<div class=\"zone-block zn-singledetail-block alignwide va-top\">\n<div class=\"row\">\n<div class=\"columns large-8 large-push-4\">\n<div class=\"zn-singledetail-metabox\">\n<div class=\"zn-singledetail-pubdate pubdate\">\n\t\t\t\t\t<span class=\"pubdate-txt\">Mis en ligne le<\/span><span class=\"doubledot\"><\/span> 1 novembre 2023\t\t\t\t<\/div>\n<div class=\"zn-singledetail-thematiques with-sep-comma\">\n<ul class=\"termslist termslist-thematique\">\n<li class=\"termslist-item termslist-title\"><span class=\"termslist-titletxt\">Th\u00e9matiques<\/span><span class=\"doubledot\"><\/span><\/li>\n<li class=\"termslist-item tax-thematique term-communication-organisations\"><a class=\"termslist-itemlink\" href=\"https:\/\/www.sfsic.org\/en\/thematiques\/communication-organizations-en\/\" title=\"Communication et organisations\"><span class=\"termslist-itemname\">Communication et organisations<\/span><\/a><\/li>\n<li class=\"termslist-item tax-thematique term-medias-et-journalisme\"><a class=\"termslist-itemlink\" href=\"https:\/\/www.sfsic.org\/en\/thematiques\/media-and-journalism\/\" title=\"M\u00e9dias et journalisme\"><span class=\"termslist-itemname\">M\u00e9dias et journalisme<\/span><\/a><\/li>\n<\/ul><\/div>\n<\/p><\/div>\n<\/p><\/div>\n<\/p><\/div>\n<div class=\"row\">\n<div class=\"columns large-4\">\n<div class=\"zn-singledetail-sidebar bg-cornersquares\">\n<div class=\"zn-singledetail-infos\">\n<p class=\"zn-singledetail-reponse-date\">\n\t\t\t\t\t\t<span>R\u00e9ponse attendue pour le<\/span><span class=\"doubledot\"><\/span> <strong>11\/12\/2023<\/strong>\n\t\t\t\t\t<\/p>\n<p class=\"zn-singledetail-reponse-type\">\n\t\t\t\t\t<span>Type de r\u00e9ponse<\/span><span class=\"doubledot\"><\/span> <strong>R\u00e9sum\u00e9<\/strong>\n\t\t\t\t\t<\/p>\n<p class=\"zn-singledetail-type\">\n\t\t\t\t\t\t\t<span>Type d\u2019\u00e9v\u00e9nement<\/span><span class=\"doubledot\"><\/span> <strong>Colloque<\/strong>\n\t\t\t\t\t<\/p>\n<\/p><\/div>\n<div class=\"zn-singledetail-contacts\">\n<h3 class=\"zn-singledetail-section-title\">Contacts<\/h3>\n<ul class=\"zn-singledetail-contacts-list\">\n<li class=\"zn-singledetail-contact\">\n\t\t\t\t\t\t\t<span class=\"zn-singledetail-contact-name\">Conf\u00e9rence SSCM<\/span><span class=\"doubledot\"><\/span><br \/>\n\t\t\t\t\t\t\t\t\t\t\t\t\t\t<a class=\"zn-singledetail-contact-mail prettylink\" href=\"mailto:conference.sgkm2024@unine.ch\">conference.sgkm2024@unine.ch<\/a>\n\t\t\t\t\t\t\t\t\t\t\t\t\t<\/li>\n<\/ul><\/div>\n<div class=\"zn-singledetail-weblinks\">\n<h3 class=\"zn-singledetail-section-title\">Sites internet de r\u00e9f\u00e9rence<\/h3>\n<ul class=\"zn-singledetail-weblinks-list\">\n<li>\n\t\t\t\t\t\t\t<a class=\"prettylink chainlink\" href=\"https:\/\/sgkm2024.unine.ch\/?page_id=2&amp;lang=fr\" title=\"Site de l'appel\" target=\"_blank\" rel=\"noopener\">Site de l&#8217;appel<\/a>\n\t\t\t\t\t\t<\/li>\n<\/ul><\/div>\n<\/p><\/div>\n<\/p><\/div>\n<div class=\"columns large-8\">\n<div class=\"zn-singledetail-contentbox\">\n<div class=\"zn-singledetail-eventinfo\">\n<div class=\"zn-singledetail-eventinfo-inner\">\n<div class=\"zn-singledetail-eventdates\">\n\t\t\t\t\t\t<span class=\"zn-singledetail-label\">Dates de l\u2019\u00e9v\u00e9nement<span class=\"doubledot\"><\/span><\/span><\/p>\n<ul class=\"zn-singledetail-eventdates-list\">\n<li class=\"zn-singledetail-eventdates-item\">\n\t\t\t\t\t\t\t\tDu 18\/04\/2024 au 19\/04\/2024\t\t\t\t\t\t\t<\/li>\n<\/ul><\/div>\n<p class=\"zn-singledetail-eventplace\">\n\t\t\t\t\t\t<span class=\"zn-singledetail-label\">Lieu de l\u2019\u00e9v\u00e9nement<span class=\"doubledot\"><\/span><\/span><br \/>\n\t\t\t\t\t\t<span class=\"zn-singledetail-eventplace-adr\"><br \/>\n\t\t\t\t\t\t\t\t\t\t\t\t<span class=\"adr-name\">Conf\u00e9rence de la Soci\u00e9t\u00e9 Suisse des Sciences de la Communication et des M\u00e9dias (SSCM)<\/span>,<\/p>\n<p>\t\t\t\t\t\t\t\t\t\t\t\t<span class=\"adr-place\">Universit\u00e9 de Neuch\u00e2tel<\/span>,<\/p>\n<p>\t\t\t\t\t\t<span class=\"adr-street\">Avenue du 1er Mars 26, Neuch\u00e2tel <\/span>, <span class=\"adr-city\">Neuch\u00e2tel<\/span>\t\t\t\t\t\t, <span class=\"adr-country\">Suisse<\/span><br \/>\n\t\t\t\t\t\t<\/span>\t\t\t\t\t<\/p>\n<\/p><\/div>\n<\/p><\/div>\n<div class=\"zn-singledetail-annonce wig-content\">\n<p>Le journalisme, les m\u00e9dias et la communication font face \u00e0 des d\u00e9fis majeurs&#160;: crises politiques, soci\u00e9tales, \u00e9cologiques, internationales ou \u00e9conomiques, \u00e9mergence de technologies disruptives ou encore multiplication des plateformes de diffusion chamboulent leurs conditions d\u2019exercice. Le champ de la communication et des m\u00e9dias s\u2019adapte et accompagne ces changements majeurs tout en les visibilisant.<\/p>\n<p>\u00c0 l&rsquo;occasion des 50 ann\u00e9es d&rsquo;existence de la SSCM, la conf\u00e9rence annuelle de la Soci\u00e9t\u00e9 invite chercheuses, chercheurs, praticiennes et praticiens \u00e0 s&rsquo;interroger ensemble sur ces bouleversements, mais aussi sur les r\u00e9ponses qu&rsquo;y apportent les actrices et acteurs de la communication et des m\u00e9dias, et sur les nouveaux mod\u00e8les qui se dessinent. On explorera et on analysera les formes de r\u00e9silience, d\u2019adaptation et de durabilit\u00e9 produites dans le champ, \u00e0 travers plusieurs axes&#160;:<\/p>\n<ul>\n<li>Comment <strong>informer et communiquer face aux nombreux d\u00e9fis actuels <\/strong>(sanitaire, (g\u00e9o-)politique, \u00e9cologique, international, \u00e9conomique, etc.)&#160;? Comment les institutions et organisations (m\u00e9dias, institutions publiques, entreprises, associations\u2026) ajustent-elles leurs mani\u00e8res de communiquer pour continuer \u00e0 fournir des informations fiables et durables, dans des contextes incertains&#160;? Plus largement, dans un monde satur\u00e9 de contenus, o\u00f9 la fatigue informationnelle affecte les publics, comment produire une information et une communication durables (au sens large), qui contribuent positivement \u00e0 l\u2019espace public, en \u00e9vitant la surcharge, la polarisation ou la d\u00e9fiance&#160;?<\/li>\n<li>Comment <strong>les formes et les contenus <\/strong>(discours, images, dispositifs) des messages circulant dans l&rsquo;espace public se r\u00e9inventent-ils&#160;? Quels nouveaux formats, qu&rsquo;ils soient num\u00e9riques, narratifs, incarn\u00e9s ou orient\u00e9s vers l&rsquo;engagement des actrices et des acteurs dans le processus communicationnel et l\u2019inclusivit\u00e9 au sens large, voient le jour pour s&rsquo;adapter et r\u00e9pondre aux enjeux de durabilit\u00e9 et de r\u00e9silience&#160;?<\/li>\n<li>Comment les <strong>publics <\/strong>sont-ils i<strong>nt\u00e9gr\u00e9s dans les pratiques et productions des actrices et acteurs, <\/strong>pour les atteindre, les inclure, voire les engager et \u00e9ventuellement lutter contre les ph\u00e9nom\u00e8nes de fragmentation et de polarisation&#160;? Quelle place, en particulier, est laiss\u00e9e \u00e0 des groupes marginalis\u00e9s dont les perspectives sont peu valoris\u00e9es dans les espaces communicationnels et m\u00e9diatiques&#160;? Comment l\u2019\u00e9ducation des publics (en particulier \u00e0 l\u2019information et aux m\u00e9dias) est-elle aujourd\u2019hui abord\u00e9e ou repens\u00e9e&#160;?<\/li>\n<li>Comment ces m\u00eames <strong>publics <\/strong>\u00e9voluent-ils dans l&rsquo;espace public contemporain et <strong>se rep\u00e8rent-ils <\/strong>dans le flot des contenus qui leur est destin\u00e9s&#160;? Comme distinguent-ils la fiabilit\u00e9 ou la pertinence d\u2019une information pour s\u2019orienter dans leur vie quotidienne&#160;? Quels sont les d\u00e9fis auxquels ils sont confront\u00e9s pour s&rsquo;engager de mani\u00e8re \u00e9clair\u00e9e dans des dialogues sur des enjeux cruciaux pour eux et la soci\u00e9t\u00e9&#160;? Ont-ils des exigences nouvelles, en particulier en termes de responsabilit\u00e9 et de durabilit\u00e9 des contenus, et comment se manifestent-elles&#160;?<\/li>\n<li>Quelles nouvelles <strong>approches \u00e9conomiques et manag\u00e9riales <\/strong>sont imagin\u00e9es pour garantir une production m\u00e9diatique et communicationnelle durable et responsable&#160;? Comment les outils, m\u00e9thodes, communications internes et relations de travail sont-elles repens\u00e9es&#160;? De nouveaux mod\u00e8les \u00e9conomiques \u00e9mergent-ils, et si oui, quelles en sont les caract\u00e9ristiques&#160;?<\/li>\n<li>Quelle place occupent les <strong>technologies <\/strong>dans la cr\u00e9ation de contenus, en particulier l\u2019intelligence artificielle, et comment cela se conjugue-t-il avec les exigences croissantes pour une information et une communication plus durable, \u00e9thique et responsable&#160;? Comment l&rsquo;IA est-elle mobilis\u00e9e pour la cr\u00e9ation, mais \u00e9galement la diffusion des contenus et les interactions avec les publics ou clients&#160;? Quels impacts sur les organisations et les modalit\u00e9s de travail des acteurs&#160;? Et quels sont ses avantages et d\u00e9fis en termes de responsabilit\u00e9 et d&rsquo;\u00e9thique&#160;?<\/li>\n<li>Comment les <strong>politiques publiques <\/strong>s\u2019ajustent-elles \u00e0 ce nouvel environnement, en particulier \u00e0 l\u2019essor des plateformes et des technologies, devenues des interm\u00e9diaires incontournables de l\u2019\u00e9cosyst\u00e8me informationnel et communicationnel num\u00e9rique&#160;? Quelles dispositions sont imagin\u00e9es ou mises en place pour r\u00e9guler l\u2019espace public num\u00e9rique, sur les plans \u00e9thique, technologique ou \u00e9conomique&#160;? Comment cela impacte-t-il les orientations strat\u00e9giques des m\u00e9dias et des organisations de communication&#160;?<\/li>\n<li>Plus largement, comment les <strong>th\u00e9ories <\/strong>de la communication, des m\u00e9dias et de l\u2019espace public prennent-elles en compte ce nouvel \u00e9cosyst\u00e8me et font-elles sens de ces pratiques in\u00e9dites&#160;? Comment <strong>l\u2019histoire <\/strong>de la communication et des m\u00e9dias mesure-t-elle les changements contemporains&#160;? Quelles <strong>m\u00e9thodes <\/strong>(traditionnelles, num\u00e9riques) se donnent les chercheuses et les chercheurs en communication et m\u00e9dias pour \u00e9tudier ces nouvelles r\u00e9alit\u00e9s&#160;?<\/li>\n<\/ul>\n<p>Cet appel \u00e0 la communication invite \u00e0 explorer les transformations profondes qui se produisent dans les domaines de la communication, du journalisme et des m\u00e9dias, et la mani\u00e8re dont la recherche s\u2019en saisit, en abordant les pratiques des actrices et des acteurs, les contenus des messages, les adaptation organisationnelles et institutionnelles, les rapports \u00e0 la technologie et \u00e0 l\u2019innovation, les ajustements des politiques et les formats \u00e9mergents. En bref, quels sont les types de r\u00e9silience d\u00e9ploy\u00e9s par les praticien-ne-s et les chercheuses et chercheurs en communication et en m\u00e9dias dans le contexte actuel&#160;? et quelles sont les solutions durables qu&rsquo;elles et ils imaginent dans leur domaine respectif&#160;?<\/p>\n<p>Le Comit\u00e9 d\u2019organisation propose plusieurs panels th\u00e9matiques sur le sujet, compte-tenu des enjeux ci-dessus list\u00e9s et des propositions qui seront soumises en r\u00e9ponse au pr\u00e9sent appel \u00e0 communication&#160;:<\/p>\n<ul>\n<li>\u00c9tudes des formes et des contenus des productions en communication et m\u00e9dias<\/li>\n<li>Management et \u00e9conomie des organisations de communication et m\u00e9dias<\/li>\n<li>R\u00e9gulations, structures et politiques publiques de la communication et des m\u00e9dias<\/li>\n<li>\u00c9tudes de la production<\/li>\n<li>\u00c9tudes des publics et de la r\u00e9ception<\/li>\n<li>Technologies et innovation<\/li>\n<li>Th\u00e9ories et m\u00e9thodes de la recherche en communication et m\u00e9dias<\/li>\n<li>Perspectives historiques et longitudinales de la communication et des m\u00e9dias<\/li>\n<li>Pratiques journalistiques<\/li>\n<li>\u00c9ducation \u00e0 l\u2019information et aux m\u00e9dias<\/li>\n<li>\u00c9volution des pratiques de communication (communication de crise, communication des organisations, communication scientifique, communication responsable, communication d\u2019int\u00e9r\u00eat g\u00e9n\u00e9ral, \u2026)<\/li>\n<\/ul>\n<p>En plus des soumissions individuelles ou des propositions de panels (voir ci-dessous), le comit\u00e9 d\u2019organisation encourage la proposition d\u2019ateliers <em>Science meets practice<\/em>s, pour lesquels les chercheuses et chercheurs sont invit\u00e9-e-s \u00e0 proposer des r\u00e9flexions collectives m\u00ealant des professionnel-le-s et des acad\u00e9miques, afin d\u2019\u00e9changer et de croiser leur perspective respective.<\/p>\n<p>La conf\u00e9rence s\u2019adresse \u00e0 un public national et international, qu\u2019il s\u2019agisse de chercheurs\/euses ou de praticien-nes en communication et m\u00e9dias. Conform\u00e9ment aux pratiques de la SSCM, l\u2019allemand, le fran\u00e7ais, l\u2019italien et l\u2019anglais y sont bienvenues. Les soumissions peuvent \u00eatre propos\u00e9es dans une des quatre langues nationales ou en anglais, mais en cas d\u2019utilisation d\u2019une des langues nationales, elles doivent \u00e9galement comprendre une traduction (m\u00eame automatique) du texte en anglais, pour faciliter l\u2019\u00e9valuation crois\u00e9e par les pair-e-s. Lors de la conf\u00e9rence, la pr\u00e9sentation visuelle (PowerPoint ou autre) devra \u00eatre propos\u00e9e en anglais.<\/p>\n<p>Il n\u2019est pas n\u00e9cessaire d\u2019\u00eatre membre de la SSCM pour soumettre une contribution et participer \u00e0 la conf\u00e9rence. Les professionnel-les sont les bienvenu-es.<\/p>\n<h2>Consignes pour la soumission d\u2019une proposition<\/h2>\n<p>Il existe trois formats possibles de soumission d\u2019une contribution&#160;:<\/p>\n<h4>Soumission individuelle<\/h4>\n<ul>\n<li>Extended Abstract (3000 signes, espaces compris, bibliographie non comprise).<br \/>\nR\u00e9sum\u00e9 (500- 1000 signes).<br \/>\nMention du th\u00e8me pressenti<\/li>\n<li>L\u2019anonymisation globale de la soumission est automatiquement effectu\u00e9e par l\u2019outil Fourwaves&#160;; merci d\u2019\u00e9viter toutefois les mentions des auteur-e-s dans le r\u00e9sum\u00e9 et le corps du texte de la soumission<\/li>\n<li>Expos\u00e9 de 15 minutes (si accept\u00e9)<\/li>\n<\/ul>\n<h4>Panel<\/h4>\n<ul>\n<li>Description du panel (1000 signes)<\/li>\n<li>4-5 contributions individuelles (3000 signes chacune) sur un th\u00e8me commun.<\/li>\n<li>Joindre une page de couverture mentionnant le nom du \/ de la responsable du panel et des diff\u00e9rent-e-s participant-e-s. Merci d\u2019\u00e9viter les mentions des auteur-e- s dans le r\u00e9sum\u00e9, la pr\u00e9sentation du panel et le corps du texte<\/li>\n<li>Panel de 90 minutes (si accept\u00e9)<\/li>\n<\/ul>\n<h4>Atelier \u00ab&#160;Science meets Practices&#160;\u00bb<\/h4>\n<ul>\n<li>R\u00e9sum\u00e9 du th\u00e8me de l\u2019atelier (1000 signes).<\/li>\n<li>R\u00e9sum\u00e9 des contributions individuelles (500- 1000 signes chacune).<\/li>\n<li>Page de couverture sur les intervenant-es issus de la science et de la pratique de la communication et des m\u00e9dias.<\/li>\n<li>Indiquer une mod\u00e9ratrice ou un mod\u00e9rateur pour la discussion pendant l\u2019atelier.<\/li>\n<li>Pas d\u2019anonymisation<\/li>\n<li>Atelier de 45 \u00e0 90 minutes (si accept\u00e9)<\/li>\n<\/ul>\n<p><strong>Pour les 3 formats&#160;:<\/strong> envoi de la contribution via la plateforme Fourwaves&#160;: <u>https:\/\/event.fourwaves.com\/fr\/sgkm2024<\/u><\/p>\n<ul>\n<li><strong>Date limite de d\u00e9p\u00f4t des candidatures&#160;:<\/strong> 11 d\u00e9cembre 2023<\/li>\n<li><strong>Transmission des r\u00e9sultats de la s\u00e9lection&#160;:<\/strong> 31 janvier 2024<\/li>\n<\/ul>\n<h4>Soumission individuelle<\/h4>\n<p>Pour les soumissions individuelles, nous vous demandons de r\u00e9diger un r\u00e9sum\u00e9 d\u00e9taill\u00e9 (longueur&#160;: 3000 signes, espaces compris, bibliographie non comprise) d&rsquo;une pr\u00e9sentation de 15 minutes. Indiquez le th\u00e8me auquel la contribution entend faire particuli\u00e8rement r\u00e9f\u00e9rence. Veuillez \u00e9galement soumettre un bref r\u00e9sum\u00e9 de votre contribution (longueur&#160;: 500-1000 signes) pour le programme de la conf\u00e9rence. L\u2019anonymisation globale de la soumission est assur\u00e9e automatiquement par l\u2019outil&#160;; les auteur-e-s veilleront n\u00e9anmoins \u00e0 \u00e9viter toute mention de leur personne dans le r\u00e9sum\u00e9 et le corps du texte de la soumission.<\/p>\n<h4>Panel<\/h4>\n<p>Veuillez r\u00e9diger une proposition de panel avec quatre \u00e0 cinq contributions individuelles pour un panel de 90 minutes. Les contributions individuelles doivent se rapporter \u00e0 un th\u00e8me commun au panel. La description du panel ne doit pas d\u00e9passer 1 000 signes. Des descriptions de 3000 signes sont \u00e9galement requises pour chaque contribution individuelle. Merci de joindre une page de couverture mentionnant le nom du \/ de la responsable du panel et des diff\u00e9rent-e-s participant-e-s, et d\u2019\u00e9viter les mentions des diff\u00e9rent-e-s participant-e-s dans les textes (r\u00e9sum\u00e9, pr\u00e9sentation, textes de soumission).<\/p>\n<p><u>Crit\u00e8res pour le processus d&rsquo;\u00e9valuation des contributions individuelles et des panels&#160;:<\/u><\/p>\n<ul>\n<li>Les propositions de contributions individuelles et de panels seront \u00e9valu\u00e9es de mani\u00e8re anonyme selon un processus d\u2019\u00e9valuation par les pairs.<\/li>\n<li>Toutes les coordonn\u00e9es demand\u00e9es dans les soumissions individuelles seront automatiquement masqu\u00e9es par FourWaves lors du processus d\u2019\u00e9valuation. Pour les panels, par contre, une page de couverture mentionnant les participant-e-s doit \u00eatre jointe. Les informations qui pourraient permettre de tirer des conclusions sur les auteurs doivent \u00e9galement \u00eatre \u00e9vit\u00e9es dans les textes de soumission individuelle et collective eux-m\u00eames (r\u00e9sum\u00e9s, texte(s) individuel(s), \u00e9ventuellement pr\u00e9sentation du panel).<\/li>\n<li>Les crit\u00e8res d&rsquo;\u00e9valuation suivants s&rsquo;appliquent&#160;: 1) pertinence du sujet, 2) r\u00e9f\u00e9rence au th\u00e8me de la conf\u00e9rence, 3) fondement th\u00e9orique, 4) pertinence de la m\u00e9thode\/approche, 5) clart\u00e9 de l&rsquo;argumentation et 6) originalit\u00e9. Pour les panels&#160;: 7) R\u00e9f\u00e9rence des contributions individuelles \u00e0 un th\u00e8me commun.<\/li>\n<\/ul>\n<h4><strong>Atelier \u00ab&#160;<em>Science meets practices<\/em>\u00ab&#160;<\/strong><\/h4>\n<p>Ce format d&rsquo;atelier cr\u00e9e un espace dans lequel des \u00e9changes directs peuvent avoir lieu entre les chercheurs et chercheuses et les praticien-nes en communication et m\u00e9dias. Si vous souhaitez soumettre un atelier, veuillez r\u00e9diger une proposition comprenant des contributions individuelles de trois \u00e0 cinq personnes pour un panel (45-90 minutes). Le th\u00e8me de l&rsquo;atelier doit \u00eatre d\u00e9crit dans un r\u00e9sum\u00e9 (1000 signes), qui comprendra \u00e9galement les questions abord\u00e9es par les participant-es dans le cadre de l&rsquo;atelier. Pour chaque contribution individuelle, un bref r\u00e9sum\u00e9 de 500 \u00e0 1 000 caract\u00e8res et des informations sur les participant-e-s issu-e-s du monde de la science et de la pratique sont requis.<\/p>\n<p><u>Crit\u00e8res pour le processus d&rsquo;\u00e9valuation des ateliers&#160;:<\/u><\/p>\n<ul>\n<li>Les ateliers soumis seront \u00e9valu\u00e9s selon une proc\u00e9dure l\u00e9g\u00e8rement diff\u00e9rente, avec comme crit\u00e8res&#160;: 1) pertinence du sujet, 2) r\u00e9f\u00e9rence au th\u00e8me de la conf\u00e9rence, 3) lien th\u00e9matique clair entre les contributions du domaine de la pratique et de la recherche sur la communication et les m\u00e9dias.<\/li>\n<li>Les propositions d&rsquo;ateliers ne seront pas soumises \u00e0 un processus d&rsquo;\u00e9valuation anonyme par les pairs, mais seront \u00e9valu\u00e9es par le Comit\u00e9 d&rsquo;organisation.<\/li>\n<li>La proposition d&rsquo;atelier doit inclure les noms de tous les contributeurs et contributrices, ainsi que quelques mots cl\u00e9s sur leur parcours Une mod\u00e9ratrice ou un mod\u00e9rateur doit \u00e9galement \u00eatre d\u00e9sign\u00e9-e pour g\u00e9rer la discussion au cours de l&rsquo;atelier.<\/li>\n<li>Le Comit\u00e9 d&rsquo;organisation de la conf\u00e9rence se r\u00e9serve la possibilit\u00e9 d\u2019organiser, le cas \u00e9ch\u00e9ant, ses propres Toutes les contributions doivent \u00eatre soumises via la plateforme Fourwaves <u>https:\/\/event.fourwaves.com\/fr\/sgkm2024<\/u><\/li>\n<\/ul>\n<h2>Prix du meilleur article<\/h2>\n<p>Ce prix est financ\u00e9 par la Fondation Ulrich Saxer et remis lors de la conf\u00e9rence annuelle de la SSCM 2024<\/p>\n<p>L&rsquo;objectif de ce prix est de promouvoir le niveau interm\u00e9diaire (\u00ab&#160;Mittelbau&#160;\u00bb) dans la recherche sur la communication et les m\u00e9dias. Le prix est d\u00e9cern\u00e9 \u00e0 un article de qualit\u00e9 exceptionnelle (\u00ab&#160;Best Paper Award&#160;\u00bb) soumis et pr\u00e9sent\u00e9 lors de la conf\u00e9rence annuelle de la SSCM. L&rsquo;article doit \u00eatre soumis par un-e repr\u00e9sentant-e du niveau acad\u00e9mique interm\u00e9diaire, en tant que premi\u00e8re autrice ou premier auteur. Les professeur-e-s peuvent \u00eatre coauteur-e-s de l&rsquo;article.<\/p>\n<p>Les crit\u00e8res formels de participation sont les suivants (extrait du <em>R\u00e8glement<\/em>)&#160;:<\/p>\n<ul>\n<li>Les candidat-e-s doivent pr\u00e9senter un article de qualit\u00e9 exceptionnelle lors de la conf\u00e9rence annuelle de la<\/li>\n<li>Les candidat-e-s doivent appartenir au niveau acad\u00e9mique interm\u00e9diaire. Les personnes qui n&rsquo;occupent qu&rsquo;une chaire temporaire appartiennent \u00e9galement au niveau interm\u00e9diaire.<\/li>\n<li>Le prix peut \u00eatre d\u00e9cern\u00e9 \u00e0 une chercheuse ou un chercheur individuel-le ou \u00e0 un collectif de chercheuses ou de<\/li>\n<li>Toutes les contributions individuelles et collectives \u00e0 la conf\u00e9rence annuelle de la SSCM, dans lesquelles un-e repr\u00e9sentant-e du niveau acad\u00e9mique interm\u00e9diaire est la premi\u00e8re autrice ou le premier auteur, sont automatiquement candidates \u00e0 la proc\u00e9dure de s\u00e9lection.<\/li>\n<li>Le prix (y compris l&rsquo;argent du prix) est d\u00e9cern\u00e9 aux repr\u00e9sentant-e-s du niveau acad\u00e9mique interm\u00e9diaire. Les professeur-e-s qui sont impliqu\u00e9-e-s dans la soumission d&rsquo;une excellente contribution sont exclu-e-s du prix et ne sont pas autoris\u00e9-e-s \u00e0 mentionner le prix dans leur CV.<\/li>\n<\/ul>\n<p>Le r\u00e8glement complet est disponible sur le site web de la SSCM ici&#160;: <u>https:\/\/sgkm.ch\/fr\/encouragement\/preise<\/u><\/p>\n<p>&nbsp;<\/p>\n<h2>Nouveau&#160;! Atelier SSCM-PhD<\/h2>\n<p>Lors de la conf\u00e9rence annuelle de la SSCM, un atelier SSCM-PhD sera organis\u00e9 pour la premi\u00e8re fois. Cet atelier s&rsquo;adresse aux doctorant-e-s qui r\u00e9digent leur th\u00e8se dans le domaine de la communication et des m\u00e9dias et qui sont membres de la SSCM. L&rsquo;atelier PhD se tiendra en pr\u00e9-conf\u00e9rence, dans l&rsquo;apr\u00e8s-midi du <strong>mercredi 17 avril<\/strong>, \u00e0 l&rsquo;Universit\u00e9 de Neuch\u00e2tel. Les doctorant- e-s qui s&rsquo;inscrivent et qui sont s\u00e9lectionn\u00e9-e-s selon un processus distinct de celui de la conf\u00e9rence peuvent pr\u00e9senter leurs id\u00e9es de th\u00e8se ou des parties de leur th\u00e8se et recevoir des commentaires de la part de leurs pair-e-s et de chercheuses et chercheurs confirm\u00e9-e-s. Pour plus d&rsquo;informations, veuillez consulter <a href=\"https:\/\/sgkm2024.unine.ch\/wp-content\/uploads\/2023\/10\/Call-for-Proposals_PhD-workshop.pdf\"><strong><u>l&rsquo;appel \u00e0 propositions<\/u><\/strong>.<\/a> L&rsquo;atelier est organis\u00e9 par Sarah Marschlich et Michelle M\u00f6ri.<\/p>\n<h2>Calendrier<\/h2>\n<ul>\n<li><strong>11 d\u00e9cembre 2023\u00a0\u00a0\u00a0\u00a0\u00a0\u00a0\u00a0\u00a0\u00a0\u00a0\u00a0\u00a0\u00a0\u00a0\u00a0\u00a0\u00a0\u00a0\u00a0\u00a0\u00a0\u00a0\u00a0\u00a0 <\/strong>Date limite d\u2019envoi des propositions (17h) sur la plateforme <u>FourWaves<\/u><\/li>\n<li><strong>31 janvier 2024\u00a0\u00a0\u00a0\u00a0\u00a0\u00a0\u00a0\u00a0\u00a0\u00a0\u00a0\u00a0\u00a0\u00a0\u00a0\u00a0\u00a0\u00a0\u00a0\u00a0\u00a0\u00a0\u00a0\u00a0\u00a0\u00a0\u00a0\u00a0\u00a0\u00a0 <\/strong>Retours aux auteur-e-s<\/li>\n<li><strong>19 f\u00e9vrier 2024\u00a0\u00a0\u00a0\u00a0\u00a0\u00a0\u00a0\u00a0\u00a0\u00a0\u00a0\u00a0\u00a0\u00a0\u00a0\u00a0\u00a0\u00a0\u00a0\u00a0\u00a0\u00a0\u00a0\u00a0\u00a0\u00a0\u00a0\u00a0\u00a0\u00a0 <\/strong>Diffusion du programme d\u00e9taill\u00e9 de la Conf\u00e9rence<\/li>\n<li><strong>8 avril 2024\u00a0\u00a0\u00a0\u00a0\u00a0\u00a0\u00a0\u00a0\u00a0\u00a0\u00a0\u00a0\u00a0\u00a0\u00a0\u00a0\u00a0\u00a0\u00a0\u00a0\u00a0\u00a0\u00a0\u00a0\u00a0\u00a0\u00a0\u00a0\u00a0\u00a0\u00a0\u00a0\u00a0\u00a0\u00a0\u00a0\u00a0 <\/strong>Date limite d\u2019inscription \u00e0 la Conf\u00e9rence sur la plateforme <u>FourWaves<\/u><\/li>\n<li><strong>18 avril 2024 (soir)\u00a0\u00a0\u00a0\u00a0\u00a0\u00a0\u00a0\u00a0\u00a0\u00a0\u00a0\u00a0\u00a0\u00a0\u00a0\u00a0\u00a0\u00a0\u00a0\u00a0\u00a0\u00a0\u00a0\u00a0 <\/strong>\u00c9v\u00e9nement anniversaire des 50 ans de la SSCM, <u>H\u00f4tel du Peyrou<\/u>, Neuch\u00e2tel<\/li>\n<li><strong>18-19 avril 2024\u00a0<\/strong>\u00a0\u00a0\u00a0\u00a0\u00a0\u00a0\u00a0\u00a0\u00a0\u00a0\u00a0\u00a0\u00a0\u00a0\u00a0\u00a0\u00a0\u00a0\u00a0\u00a0\u00a0\u00a0\u00a0\u00a0\u00a0\u00a0\u00a0\u00a0\u00a0 Conf\u00e9rence annuelle \u00e0 Neuch\u00e2tel, <u>B\u00e2timent principal<\/u>, Av. du 1er Mars 26<\/li>\n<li><strong>15 mars \u2013 15 mai 2024\u00a0\u00a0\u00a0\u00a0\u00a0\u00a0\u00a0\u00a0\u00a0\u00a0\u00a0\u00a0\u00a0\u00a0\u00a0\u00a0\u00a0<\/strong> <u>Exposition <em>Journalistory<\/em><\/u> \u00e0 l\u2019UniNE, B\u00e2timent principal, Av. du 1er Mars 26<strong><br \/>\n<\/strong><\/li>\n<\/ul>\n<h2>Inscription \u00e0 l\u2019\u00e9v\u00e9nement<\/h2>\n<p>Toutes les personnes retenues pour une communication \u00e0 l\u2019issue du processus de s\u00e9lection, ainsi que celles qui souhaitent assister \u00e0 l\u2019\u00e9v\u00e9nement sans pour autant pr\u00e9senter de communication, doivent s\u2019inscrire avant le 8 avril 2024, via le formulaire accessible sur la plateforme&#160;: <u>https:\/\/event.fourwaves.com\/fr\/sgkm2024<\/u><\/p>\n<h2>Frais d\u2019inscription<\/h2>\n<ul>\n<li>Inscription individuelle doctorant-e et \u00e9tudiant-e-s&#160;: CHF 100.-<\/li>\n<li>Inscription individuelle membres de la SSCM&#160;: CHF 140.-<\/li>\n<li>Inscription individuelle non-membres de la SSCM&#160;: CHF 180.-<\/li>\n<li>Repas anniversaire 50\u00e8me (jeudi soir)&#160;: prix \u00e0 confirmer ult\u00e9rieurement, sur le site de la conf\u00e9rence (rabais pr\u00e9vus pour les doctorant-e-s)<\/li>\n<\/ul>\n<h2>Contact et information<\/h2>\n<p><strong>Mail&#160;: \u00a0\u00a0 <\/strong><a href=\"mailto:conference.sgkm2024@unine.ch\">conference.sgkm2024@unine.ch<\/a><\/p>\n<p><strong>Site web&#160;: <\/strong><a href=\"http:\/\/www.sgkm2024.unine.ch\/\">www.sgkm2024.unine.ch<\/a><\/p>\n<h2>Plateforme de soumission et d\u2019inscription&#160;:<\/h2>\n<p><u>https:\/\/event.fourwaves.com\/fr\/sgkm2024<\/u><\/p>\n<p>&nbsp;<\/p>\n<p><strong>R\u00e9seaux sociaux&#160;:\u00a0 <\/strong>La conf\u00e9rence fera l\u2019objet d\u2019une couverture sur les r\u00e9seaux sociaux, assur\u00e9e par les \u00e9tudiant-es des formations de l\u2019AJM (<u>https:\/\/<\/u><a href=\"http:\/\/www.unine.ch\/ajm\/home\/master-en-journalisme-et-\">www.unine.ch\/ajm\/home\/master-en-journalisme-et-<\/a> <u>communi\/orientation-creation-de-contenus.html<\/u> et <u>https:\/\/<\/u><a href=\"http:\/\/www.unine.ch\/ajm\/home\/master-\">www.unine.ch\/ajm\/home\/master-<\/a> <u>en-journalisme-et-communi\/orientation-journalisme-maj.html<\/u>)<\/p>\n<p>#SGKM2024&#160;: Hashtag de la conf\u00e9rence<\/p>\n<p>@SGKM2024&#160;: pour les derni\u00e8res informations \u00e0 jour sur la conf\u00e9rence<\/p>\n<h2>Comit\u00e9 d\u2019organisation<\/h2>\n<ul>\n<li>Annik Dubied &#8211; Professeure ordinaire, Directrice de l&rsquo;AJM, UniNE<\/li>\n<li>Nathalie Pignard-Cheynel &#8211; Professeure ordinaire, AJM, UniNE<\/li>\n<li>St\u00e9phanie Martin-Vavasseur &#8211; Assistante-doctorante, AJM, UniNE<\/li>\n<li>Andrew Robotham \u2013 Assistant post-doctorant, AJM, UniNE<\/li>\n<\/ul>\n<p>La conf\u00e9rence du cinquantenaire de la SSCM privil\u00e9giera, autant que faire se peut, du mat\u00e9riel et des proc\u00e9dures \u00ab&#160;qui favorise[nt] la solidarit\u00e9 et respect[nt] l\u2019environnement&#160;\u00bb, conform\u00e9ment \u00e0 la politique de l\u2019institution-h\u00f4te de 2024, l\u2019Universit\u00e9 de Neuch\u00e2tel (<u>https:\/\/<\/u><a href=\"http:\/\/www.unine.ch\/durable\/home.html)\">www.unine.ch\/durable\/home.html).<\/a><\/p>\n<p>&nbsp;<\/p>\n<\/p><\/div>\n<div class=\"zn-singledetail-keywords\">\n<h3 class=\"zn-singledetail-section-title\">Mots-cl\u00e9s<\/h3>\n<ul class=\"termslist termslist-post_tag\">\n<li class=\"termslist-item termslist-title\"><span class=\"termslist-titletxt\">Mots-cl\u00e9s<\/span><span class=\"doubledot\"><\/span><\/li>\n<li class=\"termslist-item tax-post_tag term-communication\"><a class=\"termslist-itemlink\" href=\"https:\/\/www.sfsic.org\/en\/tag\/communication-en\/\" title=\"Communication\"><span class=\"termslist-itemname\">Communication<\/span><\/a><\/li>\n<li class=\"termslist-item tax-post_tag term-journalisme\"><a class=\"termslist-itemlink\" href=\"https:\/\/www.sfsic.org\/en\/tag\/journalism\/\" title=\"Journalisme\"><span class=\"termslist-itemname\">Journalisme<\/span><\/a><\/li>\n<li class=\"termslist-item tax-post_tag term-medias\"><a class=\"termslist-itemlink\" href=\"https:\/\/www.sfsic.org\/en\/tag\/medias-en\/\" title=\"M\u00e9dias\"><span class=\"termslist-itemname\">M\u00e9dias<\/span><\/a><\/li>\n<\/ul><\/div>\n<\/p><\/div>\n<\/p><\/div>\n<\/p><\/div>\n<\/p><\/div>\n<\/div>\n<p><!-- \/fxzn:singledetail --><\/p>\n","protected":false},"excerpt":{"rendered":"<p>Mis en ligne le 1 novembre 2023 Th\u00e9matiques Communication et organisations M\u00e9dias et journalisme R\u00e9ponse attendue pour le 11\/12\/2023 Type de r\u00e9ponse R\u00e9sum\u00e9 Type d\u2019\u00e9v\u00e9nement Colloque Contacts Conf\u00e9rence SSCM conference.sgkm2024@unine.ch [&hellip;]<\/p>\n","protected":false},"author":781,"featured_media":0,"comment_status":"closed","ping_status":"closed","sticky":false,"template":"","format":"standard","meta":{"_acf_changed":false,"footnotes":""},"categories":[29,57],"tags":[363,94,390],"thematique":[37,34],"sfsic":[],"class_list":["post-29916","post","type-post","status-publish","format-standard","hentry","category-aac-evenement","category-colloque","tag-communication","tag-journalisme","tag-medias","thematique-communication-organisations","thematique-medias-et-journalisme","wp-sticky"],"acf":[],"yoast_head":"<!-- This site is optimized with the Yoast SEO plugin v27.4 - https:\/\/yoast.com\/product\/yoast-seo-wordpress\/ -->\n<title>La durabilit\u00e9 et la r\u00e9silience dans la communication et les m\u00e9dias<\/title>\n<meta name=\"description\" content=\"Appel \u00e0 contributions pour la 24e conf\u00e9rence annuelle de la Soci\u00e9t\u00e9 Suisse des sciences de la Communication et des M\u00e9dias (SSCM) sur &quot;La durabilit\u00e9 et la r\u00e9silience dans la communication et les m\u00e9dias&quot;.\" \/>\n<meta name=\"robots\" content=\"index, follow, max-snippet:-1, max-image-preview:large, max-video-preview:-1\" \/>\n<link rel=\"canonical\" href=\"https:\/\/www.sfsic.org\/en\/aac-evenement\/la-durabilite-et-la-resilience-dans-la-communication-et-les-medias\/\" \/>\n<meta property=\"og:locale\" content=\"en_US\" \/>\n<meta property=\"og:type\" content=\"article\" \/>\n<meta property=\"og:title\" content=\"La durabilit\u00e9 et la r\u00e9silience dans la communication et les m\u00e9dias\" \/>\n<meta property=\"og:description\" content=\"Appel \u00e0 contributions pour la 24e conf\u00e9rence annuelle de la Soci\u00e9t\u00e9 Suisse des sciences de la Communication et des M\u00e9dias (SSCM) sur &quot;La durabilit\u00e9 et la r\u00e9silience dans la communication et les m\u00e9dias&quot;.\" \/>\n<meta property=\"og:url\" content=\"https:\/\/www.sfsic.org\/en\/aac-evenement\/la-durabilite-et-la-resilience-dans-la-communication-et-les-medias\/\" \/>\n<meta property=\"og:site_name\" content=\"SFSIC\" \/>\n<meta property=\"article:published_time\" content=\"2023-11-03T09:38:29+00:00\" \/>\n<meta name=\"author\" content=\"Axelle Martin\" \/>\n<meta name=\"twitter:card\" content=\"summary_large_image\" \/>\n<script type=\"application\/ld+json\" class=\"yoast-schema-graph\">{\"@context\":\"https:\\\/\\\/schema.org\",\"@graph\":[{\"@type\":\"Article\",\"@id\":\"https:\\\/\\\/www.sfsic.org\\\/en\\\/aac-evenement\\\/la-durabilite-et-la-resilience-dans-la-communication-et-les-medias\\\/#article\",\"isPartOf\":{\"@id\":\"https:\\\/\\\/www.sfsic.org\\\/en\\\/aac-evenement\\\/la-durabilite-et-la-resilience-dans-la-communication-et-les-medias\\\/\"},\"author\":{\"name\":\"Axelle Martin\",\"@id\":\"https:\\\/\\\/www.sfsic.org\\\/en\\\/#\\\/schema\\\/person\\\/d3606993477708f4359fb9aeda58df3b\"},\"headline\":\"La durabilit\u00e9 et la r\u00e9silience dans la communication et les m\u00e9dias\",\"datePublished\":\"2023-11-03T09:38:29+00:00\",\"mainEntityOfPage\":{\"@id\":\"https:\\\/\\\/www.sfsic.org\\\/en\\\/aac-evenement\\\/la-durabilite-et-la-resilience-dans-la-communication-et-les-medias\\\/\"},\"wordCount\":3023,\"publisher\":{\"@id\":\"https:\\\/\\\/www.sfsic.org\\\/en\\\/#organization\"},\"keywords\":[\"Communication\",\"Journalisme\",\"M\u00e9dias\"],\"articleSection\":[\"AAC \u00c9v\u00e9nement\",\"Colloque\"],\"inLanguage\":\"en-US\"},{\"@type\":\"WebPage\",\"@id\":\"https:\\\/\\\/www.sfsic.org\\\/en\\\/aac-evenement\\\/la-durabilite-et-la-resilience-dans-la-communication-et-les-medias\\\/\",\"url\":\"https:\\\/\\\/www.sfsic.org\\\/en\\\/aac-evenement\\\/la-durabilite-et-la-resilience-dans-la-communication-et-les-medias\\\/\",\"name\":\"La durabilit\u00e9 et la r\u00e9silience dans la communication et les m\u00e9dias\",\"isPartOf\":{\"@id\":\"https:\\\/\\\/www.sfsic.org\\\/en\\\/#website\"},\"datePublished\":\"2023-11-03T09:38:29+00:00\",\"description\":\"Appel \u00e0 contributions pour la 24e conf\u00e9rence annuelle de la Soci\u00e9t\u00e9 Suisse des sciences de la Communication et des M\u00e9dias (SSCM) sur \\\"La durabilit\u00e9 et la r\u00e9silience dans la communication et les m\u00e9dias\\\".\",\"breadcrumb\":{\"@id\":\"https:\\\/\\\/www.sfsic.org\\\/en\\\/aac-evenement\\\/la-durabilite-et-la-resilience-dans-la-communication-et-les-medias\\\/#breadcrumb\"},\"inLanguage\":\"en-US\",\"potentialAction\":[{\"@type\":\"ReadAction\",\"target\":[\"https:\\\/\\\/www.sfsic.org\\\/en\\\/aac-evenement\\\/la-durabilite-et-la-resilience-dans-la-communication-et-les-medias\\\/\"]}]},{\"@type\":\"BreadcrumbList\",\"@id\":\"https:\\\/\\\/www.sfsic.org\\\/en\\\/aac-evenement\\\/la-durabilite-et-la-resilience-dans-la-communication-et-les-medias\\\/#breadcrumb\",\"itemListElement\":[{\"@type\":\"ListItem\",\"position\":1,\"name\":\"Accueil\",\"item\":\"https:\\\/\\\/www.sfsic.org\\\/en\\\/\"},{\"@type\":\"ListItem\",\"position\":2,\"name\":\"Calls for Contributions\",\"item\":\"https:\\\/\\\/www.sfsic.org\\\/en\\\/cfc-event\\\/\"},{\"@type\":\"ListItem\",\"position\":3,\"name\":\"Conference\",\"item\":\"https:\\\/\\\/www.sfsic.org\\\/en\\\/cfc-event\\\/conference\\\/\"},{\"@type\":\"ListItem\",\"position\":4,\"name\":\"La durabilit\u00e9 et la r\u00e9silience dans la communication et les m\u00e9dias\"}]},{\"@type\":\"WebSite\",\"@id\":\"https:\\\/\\\/www.sfsic.org\\\/en\\\/#website\",\"url\":\"https:\\\/\\\/www.sfsic.org\\\/en\\\/\",\"name\":\"SFSIC\",\"description\":\"Soci\u00e9t\u00e9 Fran\u00e7aise des Sciences de l&#039;Information &amp; de la Communication\",\"publisher\":{\"@id\":\"https:\\\/\\\/www.sfsic.org\\\/en\\\/#organization\"},\"potentialAction\":[{\"@type\":\"SearchAction\",\"target\":{\"@type\":\"EntryPoint\",\"urlTemplate\":\"https:\\\/\\\/www.sfsic.org\\\/en\\\/?s={search_term_string}\"},\"query-input\":{\"@type\":\"PropertyValueSpecification\",\"valueRequired\":true,\"valueName\":\"search_term_string\"}}],\"inLanguage\":\"en-US\"},{\"@type\":\"Organization\",\"@id\":\"https:\\\/\\\/www.sfsic.org\\\/en\\\/#organization\",\"name\":\"SFSIC\",\"url\":\"https:\\\/\\\/www.sfsic.org\\\/en\\\/\",\"logo\":{\"@type\":\"ImageObject\",\"inLanguage\":\"en-US\",\"@id\":\"https:\\\/\\\/www.sfsic.org\\\/en\\\/#\\\/schema\\\/logo\\\/image\\\/\",\"url\":\"https:\\\/\\\/www.sfsic.org\\\/wp-inside\\\/uploads\\\/2020\\\/05\\\/logo-sfsic.jpg\",\"contentUrl\":\"https:\\\/\\\/www.sfsic.org\\\/wp-inside\\\/uploads\\\/2020\\\/05\\\/logo-sfsic.jpg\",\"width\":1085,\"height\":1080,\"caption\":\"SFSIC\"},\"image\":{\"@id\":\"https:\\\/\\\/www.sfsic.org\\\/en\\\/#\\\/schema\\\/logo\\\/image\\\/\"}},{\"@type\":\"Person\",\"@id\":\"https:\\\/\\\/www.sfsic.org\\\/en\\\/#\\\/schema\\\/person\\\/d3606993477708f4359fb9aeda58df3b\",\"name\":\"Axelle Martin\",\"image\":{\"@type\":\"ImageObject\",\"inLanguage\":\"en-US\",\"@id\":\"https:\\\/\\\/secure.gravatar.com\\\/avatar\\\/1065035eb5e480668fbf77e163c2e86f81ac342eaad4c8783acdf4a63f3c917b?s=96&d=mm&r=g\",\"url\":\"https:\\\/\\\/secure.gravatar.com\\\/avatar\\\/1065035eb5e480668fbf77e163c2e86f81ac342eaad4c8783acdf4a63f3c917b?s=96&d=mm&r=g\",\"contentUrl\":\"https:\\\/\\\/secure.gravatar.com\\\/avatar\\\/1065035eb5e480668fbf77e163c2e86f81ac342eaad4c8783acdf4a63f3c917b?s=96&d=mm&r=g\",\"caption\":\"Axelle Martin\"},\"sameAs\":[\"@antropocominside\"]}]}<\/script>\n<!-- \/ Yoast SEO plugin. -->","yoast_head_json":{"title":"La durabilit\u00e9 et la r\u00e9silience dans la communication et les m\u00e9dias","description":"Appel \u00e0 contributions pour la 24e conf\u00e9rence annuelle de la Soci\u00e9t\u00e9 Suisse des sciences de la Communication et des M\u00e9dias (SSCM) sur \"La durabilit\u00e9 et la r\u00e9silience dans la communication et les m\u00e9dias\".","robots":{"index":"index","follow":"follow","max-snippet":"max-snippet:-1","max-image-preview":"max-image-preview:large","max-video-preview":"max-video-preview:-1"},"canonical":"https:\/\/www.sfsic.org\/en\/aac-evenement\/la-durabilite-et-la-resilience-dans-la-communication-et-les-medias\/","og_locale":"en_US","og_type":"article","og_title":"La durabilit\u00e9 et la r\u00e9silience dans la communication et les m\u00e9dias","og_description":"Appel \u00e0 contributions pour la 24e conf\u00e9rence annuelle de la Soci\u00e9t\u00e9 Suisse des sciences de la Communication et des M\u00e9dias (SSCM) sur \"La durabilit\u00e9 et la r\u00e9silience dans la communication et les m\u00e9dias\".","og_url":"https:\/\/www.sfsic.org\/en\/aac-evenement\/la-durabilite-et-la-resilience-dans-la-communication-et-les-medias\/","og_site_name":"SFSIC","article_published_time":"2023-11-03T09:38:29+00:00","author":"Axelle Martin","twitter_card":"summary_large_image","schema":{"@context":"https:\/\/schema.org","@graph":[{"@type":"Article","@id":"https:\/\/www.sfsic.org\/en\/aac-evenement\/la-durabilite-et-la-resilience-dans-la-communication-et-les-medias\/#article","isPartOf":{"@id":"https:\/\/www.sfsic.org\/en\/aac-evenement\/la-durabilite-et-la-resilience-dans-la-communication-et-les-medias\/"},"author":{"name":"Axelle Martin","@id":"https:\/\/www.sfsic.org\/en\/#\/schema\/person\/d3606993477708f4359fb9aeda58df3b"},"headline":"La durabilit\u00e9 et la r\u00e9silience dans la communication et les m\u00e9dias","datePublished":"2023-11-03T09:38:29+00:00","mainEntityOfPage":{"@id":"https:\/\/www.sfsic.org\/en\/aac-evenement\/la-durabilite-et-la-resilience-dans-la-communication-et-les-medias\/"},"wordCount":3023,"publisher":{"@id":"https:\/\/www.sfsic.org\/en\/#organization"},"keywords":["Communication","Journalisme","M\u00e9dias"],"articleSection":["AAC \u00c9v\u00e9nement","Colloque"],"inLanguage":"en-US"},{"@type":"WebPage","@id":"https:\/\/www.sfsic.org\/en\/aac-evenement\/la-durabilite-et-la-resilience-dans-la-communication-et-les-medias\/","url":"https:\/\/www.sfsic.org\/en\/aac-evenement\/la-durabilite-et-la-resilience-dans-la-communication-et-les-medias\/","name":"La durabilit\u00e9 et la r\u00e9silience dans la communication et les m\u00e9dias","isPartOf":{"@id":"https:\/\/www.sfsic.org\/en\/#website"},"datePublished":"2023-11-03T09:38:29+00:00","description":"Appel \u00e0 contributions pour la 24e conf\u00e9rence annuelle de la Soci\u00e9t\u00e9 Suisse des sciences de la Communication et des M\u00e9dias (SSCM) sur \"La durabilit\u00e9 et la r\u00e9silience dans la communication et les m\u00e9dias\".","breadcrumb":{"@id":"https:\/\/www.sfsic.org\/en\/aac-evenement\/la-durabilite-et-la-resilience-dans-la-communication-et-les-medias\/#breadcrumb"},"inLanguage":"en-US","potentialAction":[{"@type":"ReadAction","target":["https:\/\/www.sfsic.org\/en\/aac-evenement\/la-durabilite-et-la-resilience-dans-la-communication-et-les-medias\/"]}]},{"@type":"BreadcrumbList","@id":"https:\/\/www.sfsic.org\/en\/aac-evenement\/la-durabilite-et-la-resilience-dans-la-communication-et-les-medias\/#breadcrumb","itemListElement":[{"@type":"ListItem","position":1,"name":"Accueil","item":"https:\/\/www.sfsic.org\/en\/"},{"@type":"ListItem","position":2,"name":"Calls for Contributions","item":"https:\/\/www.sfsic.org\/en\/cfc-event\/"},{"@type":"ListItem","position":3,"name":"Conference","item":"https:\/\/www.sfsic.org\/en\/cfc-event\/conference\/"},{"@type":"ListItem","position":4,"name":"La durabilit\u00e9 et la r\u00e9silience dans la communication et les m\u00e9dias"}]},{"@type":"WebSite","@id":"https:\/\/www.sfsic.org\/en\/#website","url":"https:\/\/www.sfsic.org\/en\/","name":"SFSIC","description":"Soci\u00e9t\u00e9 Fran\u00e7aise des Sciences de l&#039;Information &amp; de la Communication","publisher":{"@id":"https:\/\/www.sfsic.org\/en\/#organization"},"potentialAction":[{"@type":"SearchAction","target":{"@type":"EntryPoint","urlTemplate":"https:\/\/www.sfsic.org\/en\/?s={search_term_string}"},"query-input":{"@type":"PropertyValueSpecification","valueRequired":true,"valueName":"search_term_string"}}],"inLanguage":"en-US"},{"@type":"Organization","@id":"https:\/\/www.sfsic.org\/en\/#organization","name":"SFSIC","url":"https:\/\/www.sfsic.org\/en\/","logo":{"@type":"ImageObject","inLanguage":"en-US","@id":"https:\/\/www.sfsic.org\/en\/#\/schema\/logo\/image\/","url":"https:\/\/www.sfsic.org\/wp-inside\/uploads\/2020\/05\/logo-sfsic.jpg","contentUrl":"https:\/\/www.sfsic.org\/wp-inside\/uploads\/2020\/05\/logo-sfsic.jpg","width":1085,"height":1080,"caption":"SFSIC"},"image":{"@id":"https:\/\/www.sfsic.org\/en\/#\/schema\/logo\/image\/"}},{"@type":"Person","@id":"https:\/\/www.sfsic.org\/en\/#\/schema\/person\/d3606993477708f4359fb9aeda58df3b","name":"Axelle Martin","image":{"@type":"ImageObject","inLanguage":"en-US","@id":"https:\/\/secure.gravatar.com\/avatar\/1065035eb5e480668fbf77e163c2e86f81ac342eaad4c8783acdf4a63f3c917b?s=96&d=mm&r=g","url":"https:\/\/secure.gravatar.com\/avatar\/1065035eb5e480668fbf77e163c2e86f81ac342eaad4c8783acdf4a63f3c917b?s=96&d=mm&r=g","contentUrl":"https:\/\/secure.gravatar.com\/avatar\/1065035eb5e480668fbf77e163c2e86f81ac342eaad4c8783acdf4a63f3c917b?s=96&d=mm&r=g","caption":"Axelle Martin"},"sameAs":["@antropocominside"]}]}},"_links":{"self":[{"href":"https:\/\/www.sfsic.org\/en\/wp-json\/wp\/v2\/posts\/29916","targetHints":{"allow":["GET"]}}],"collection":[{"href":"https:\/\/www.sfsic.org\/en\/wp-json\/wp\/v2\/posts"}],"about":[{"href":"https:\/\/www.sfsic.org\/en\/wp-json\/wp\/v2\/types\/post"}],"author":[{"embeddable":true,"href":"https:\/\/www.sfsic.org\/en\/wp-json\/wp\/v2\/users\/781"}],"replies":[{"embeddable":true,"href":"https:\/\/www.sfsic.org\/en\/wp-json\/wp\/v2\/comments?post=29916"}],"version-history":[{"count":2,"href":"https:\/\/www.sfsic.org\/en\/wp-json\/wp\/v2\/posts\/29916\/revisions"}],"predecessor-version":[{"id":29918,"href":"https:\/\/www.sfsic.org\/en\/wp-json\/wp\/v2\/posts\/29916\/revisions\/29918"}],"wp:attachment":[{"href":"https:\/\/www.sfsic.org\/en\/wp-json\/wp\/v2\/media?parent=29916"}],"wp:term":[{"taxonomy":"category","embeddable":true,"href":"https:\/\/www.sfsic.org\/en\/wp-json\/wp\/v2\/categories?post=29916"},{"taxonomy":"post_tag","embeddable":true,"href":"https:\/\/www.sfsic.org\/en\/wp-json\/wp\/v2\/tags?post=29916"},{"taxonomy":"thematique","embeddable":true,"href":"https:\/\/www.sfsic.org\/en\/wp-json\/wp\/v2\/thematique?post=29916"},{"taxonomy":"sfsic","embeddable":true,"href":"https:\/\/www.sfsic.org\/en\/wp-json\/wp\/v2\/sfsic?post=29916"}],"curies":[{"name":"wp","href":"https:\/\/api.w.org\/{rel}","templated":true}]}}