{"id":29654,"date":"2023-10-14T11:08:44","date_gmt":"2023-10-14T09:08:44","guid":{"rendered":"https:\/\/www.sfsic.org\/?p=29654"},"modified":"2023-10-13T11:10:58","modified_gmt":"2023-10-13T09:10:58","slug":"journee-detude-methode-de-design-dispositifs-interactifs-pour-la-formation-et-la-mediation","status":"publish","type":"post","link":"https:\/\/www.sfsic.org\/en\/evenement\/journee-detude-methode-de-design-dispositifs-interactifs-pour-la-formation-et-la-mediation\/","title":{"rendered":"Journ\u00e9e d&#8217;\u00e9tude &#8211; M\u00e9thode de design : dispositifs interactifs pour la formation et la m\u00e9diation"},"content":{"rendered":"<p><!-- fxzn:singledetail --><\/p>\n<div class=\"zone zn-singledetail\" id=\"fxzn-singledetail-1\">\n<div class=\"zone-block zn-singledetail-block alignwide va-top\">\n<div class=\"row\">\n<div class=\"columns large-8 large-push-4\">\n<div class=\"zn-singledetail-metabox\">\n<div class=\"zn-singledetail-pubdate pubdate\">\n\t\t\t\t\t<span class=\"pubdate-txt\">Mis en ligne le<\/span><span class=\"doubledot\"><\/span> <time class=\"pubdate-time\" pubdate datetime=\"2023-10-10T12:46:25+02:00\">10 octobre 2023<\/time>\t\t\t\t<\/div>\n<div class=\"zn-singledetail-thematiques with-sep-comma\">\n<ul class=\"termslist termslist-thematique\">\n<li class=\"termslist-item termslist-title\"><span class=\"termslist-titletxt\">Th\u00e9matiques<\/span><span class=\"doubledot\"><\/span><\/li>\n<li class=\"termslist-item tax-thematique term-design\"><a class=\"termslist-itemlink\" href=\"https:\/\/www.sfsic.org\/en\/thematiques\/design-en\/\" title=\"Design\"><span class=\"termslist-itemname\">Design<\/span><\/a><\/li>\n<li class=\"termslist-item tax-thematique term-digital-strategies-devices-and-uses\"><a class=\"termslist-itemlink\" href=\"https:\/\/www.sfsic.org\/en\/thematiques\/digital-strategies-devices-and-uses-en-2\/\" title=\"Digital: strategies, devices and uses\"><span class=\"termslist-itemname\">Digital: strategies, devices and uses<\/span><\/a><\/li>\n<\/ul><\/div>\n<\/p><\/div>\n<\/p><\/div>\n<\/p><\/div>\n<div class=\"row\">\n<div class=\"columns large-4\">\n<div class=\"zn-singledetail-sidebar bg-cornersquares\">\n<div class=\"zn-singledetail-infos\">\n<p class=\"zn-singledetail-type\">\n\t\t\t\t\t\t\t<span>Type d\u2019\u00e9v\u00e9nement<\/span><span class=\"doubledot\"><\/span> <strong>Journ\u00e9e d\u2019\u00e9tude<\/strong>\n\t\t\t\t\t<\/p>\n<\/p><\/div>\n<div class=\"zn-singledetail-coordinators\">\n<h3 class=\"zn-singledetail-section-title\">Coordinateurs<\/h3>\n<ul class=\"zn-singledetail-coordinators-list\">\n<li class=\"zn-singledetail-coordinators-item\">\n\t\t\t\t\t\t\t<span>Hulin<\/span> <span>Thibaud <\/span>, <span>P\u00f4le M\u00e9diations &#8211; ELLIADD<\/span>\t\t\t\t\t\t\t\t\t\t\t\t\t<\/li>\n<li class=\"zn-singledetail-coordinators-item\">\n\t\t\t\t\t\t\t<span>Mohsen<\/span> <span>Zare <\/span>, <span>P\u00f4le Ergonomie &#8211; ELLIADD <\/span>\t\t\t\t\t\t\t\t\t\t\t\t\t<\/li>\n<\/ul><\/div>\n<div class=\"zn-singledetail-weblinks\">\n<h3 class=\"zn-singledetail-section-title\">Sites internet de r\u00e9f\u00e9rence<\/h3>\n<ul class=\"zn-singledetail-weblinks-list\">\n<li>\n\t\t\t\t\t\t\t<a class=\"prettylink chainlink\" href=\"https:\/\/elliadd.univ-fcomte.fr\/methode-de-design-dispositifs-interactifs-pour-la-formation-et-la-mediation\" title=\"Site de l'ELLIADD \" target=\"_blank\" rel=\"noopener\">ELLIADD <\/a>\n\t\t\t\t\t\t<\/li>\n<\/ul><\/div>\n<\/p><\/div>\n<\/p><\/div>\n<div class=\"columns large-8\">\n<div class=\"zn-singledetail-contentbox\">\n<div class=\"zn-singledetail-eventinfo\">\n<div class=\"zn-singledetail-eventinfo-inner\">\n<div class=\"zn-singledetail-eventdates\">\n\t\t\t\t\t\t<span class=\"zn-singledetail-label\">Dates de l\u2019\u00e9v\u00e9nement<span class=\"doubledot\"><\/span><\/span><\/p>\n<ul class=\"zn-singledetail-eventdates-list\">\n<li class=\"zn-singledetail-eventdates-item\">\n\t\t\t\t\t\t\t\tLe <time class=\"event-start-time\" datetime=\"2023-10-27T00:00:00+00:00\">27\/10\/2023<\/time>\t\t\t\t\t\t\t<\/li>\n<\/ul><\/div>\n<p class=\"zn-singledetail-eventplace\">\n\t\t\t\t\t\t<span class=\"zn-singledetail-label\">Lieu de l\u2019\u00e9v\u00e9nement<span class=\"doubledot\"><\/span><\/span><br \/>\n\t\t\t\t\t\t<a class=\"zn-singledetail-eventplace-adr\" href=\"https:\/\/elliadd.univ-fcomte.fr\/methode-de-design-dispositifs-interactifs-pour-la-formation-et-la-mediation\" title=\"\" target=\"_blank\" rel=\"noopener\"><br \/>\n\t\t\t\t\t\t\t\t\t\t\t\t<span class=\"adr-name\">P\u00f4le ELLIADD-ERCOS, UTBM<\/span>,<\/p>\n<p>\t\t\t\t\t\t<span class=\"adr-street\">Cours Louis Leprince-Ringuet <\/span>, <span class=\"adr-city\">Montb\u00e9liard <\/span>\t\t\t\t\t\t<span class=\"adr-cp\">25200<\/span>, <span class=\"adr-country\">France <\/span><br \/>\n\t\t\t\t\t\t<\/a>\t\t\t\t\t<\/p>\n<\/p><\/div>\n<\/p><\/div>\n<div class=\"zn-singledetail-annonce wig-content\">\n<div class=\"gmail_attr\" dir=\"ltr\">Nous avons le plaisir de vous annoncer la tenue de la journ\u00e9e d\u2019\u00e9tudes \u00ab&#160;<em>M\u00e9thode de design&#160;: dispositifs interactifs pour la formation et la m\u00e9diation\u00a0<\/em>&#160;\u00bb, organis\u00e9e par ERCOS et ELLIADD.<\/div>\n<div class=\"gmail_attr\" dir=\"ltr\"><\/div>\n<div class=\"gmail_attr\" dir=\"ltr\">Cette journ\u00e9e se tiendra le <b>mercredi 27 Octobre 2023<\/b>, Cours Louis-Leprince-Ringuet, Montb\u00e9liard 25200.<\/div>\n<h2 dir=\"ltr\">Pr\u00e9sentation<\/h2>\n<div dir=\"ltr\">\n<p>Ces derni\u00e8res ann\u00e9es, les\u00a0<strong>dispositifs interactifs num\u00e9riques<\/strong>\u00a0ont pris une place pr\u00e9pond\u00e9rante dans les champs de l&rsquo;<strong>\u00e9ducation<\/strong>, de la\u00a0<strong>formation<\/strong>, de la\u00a0<strong>m\u00e9diation culturelle<\/strong>\u00a0ou de la\u00a0<strong>sant\u00e9<\/strong>. Plus r\u00e9cemment, les technologies li\u00e9es \u00e0\u00a0<strong>l&rsquo;intelligence artificielle<\/strong>\u00a0ont renforc\u00e9 cette tendance. Cette transformation profonde est au c\u0153ur de notre soci\u00e9t\u00e9, suscitant \u00e0 la fois fascination et inqui\u00e9tude concernant le d\u00e9veloppement\u00a0<strong>d&rsquo;<\/strong><strong>innovations<\/strong>\u00a0de ruptures\u00a0qui fa\u00e7onnent notre mani\u00e8re d&rsquo;apprendre, de communiquer et de cr\u00e9er du sens. Dans ce secteur, nous observons un int\u00e9r\u00eat croissant et une popularit\u00e9 pour les technologies li\u00e9es \u00e0 la\u00a0<strong>r\u00e9alit\u00e9 virtuelle<\/strong>, \u00e0 la\u00a0<strong>r\u00e9alit\u00e9 augment\u00e9e<\/strong>\u00a0et aux\u00a0<strong>jeux s\u00e9rieux<\/strong>, et ce malgr\u00e9 que les d\u00e9boires d&rsquo;investissements massifs dans le domaine comme avec la soci\u00e9t\u00e9\u00a0M\u00e9ta.<\/p>\n<p>En effet, ces technologies n&rsquo;essaient plus depuis longtemps d&rsquo;imiter le monde r\u00e9el, mais plut\u00f4t de cr\u00e9er des espaces et des temps diff\u00e9rents, en cr\u00e9ant des environnements d&rsquo;apprentissage et de m\u00e9diation\u00a0<strong>immersifs<\/strong>\u00a0qui visent \u00e0 stimuler l&rsquo;engagement, l&rsquo;interaction, et la\u00a0compr\u00e9hension. Le\u00a0<strong>design<\/strong>, compris comme notre capacit\u00e9 \u00e0 penser les transformations de l&rsquo;humain sur le monde, implique donc un acte de cr\u00e9ation d&rsquo;<strong>exp\u00e9riences<\/strong>, des processus de\u00a0captation de l&rsquo;attention, en concevant des interfaces et des environnements visuellement stimulants qui viennent doubler sans le supprimer les pratiques de transmission traditionnelles. Ces technologies promettent aussi de red\u00e9finir notre fa\u00e7on d&rsquo;apprendre, de communiquer et de nous connecter \u00e0 un monde social et humain dont les limites ne semblent plus tout \u00e0 fait claires.<\/p>\n<p>De part l&rsquo;impact de ces dispositifs, les\u00a0<strong>sciences humaines et sociales<\/strong>\u00a0sont ici convoqu\u00e9es pour concevoir, mais aussi mesurer l&rsquo;impact et l&rsquo;efficacit\u00e9 des dispositifs interactifs. Selon quelles m\u00e9thodes de conception et d&rsquo;\u00e9valuation&#160;? Cette journ\u00e9e d&rsquo;\u00e9tudes, qui r\u00e9unit des\u00a0<strong>chercheuses et des chercheurs<\/strong>\u00a0issus de diff\u00e9rentes disciplines, tente de faire le point sur ces questions. Elle donnera une place importante aux\u00a0<strong>doctorants<\/strong>\u00a0qui repr\u00e9sentent la recherche de demain..<\/p>\n<p>Une publication est pr\u00e9vue \u00e0 l&rsquo;issue du colloque.<\/p>\n<p><strong>Organisateurs<\/strong>&#160;: Thibaud Hulin et Mohsen Zare, ELLIADD UR 4661.<\/p>\n<\/div><\/div>\n<div class=\"zn-singledetail-partners\">\n<h3 class=\"zn-singledetail-section-title\">Partenaires<\/h3>\n<div class=\"zn-singledetail-partners-list row small-up-2 medium-up-3 large-up-5 partnerlist\" data-equalizer data-equalize-on=\"medium\">\n<article class=\"summarypartner partner-5939 column\">\n\t<a class=\"summarypartner-box\" href=\"http:\/\/elliadd.univ-fcomte.fr\/\" title=\"\u00c9lliadd &#8211; \u00c9ditions, Langages, Litt\u00e9ratures, Informatique, Arts, Didactiques, Discours\">\t\t<\/p>\n<div class=\"summarypartner-box-inner\" data-equalizer-watch>\n<div class=\"summarypartner-imgbox\">\n<figure class=\"summarypartner-figure\">\n\t\t\t\t\t<img decoding=\"async\" class=\"summarypartner-img\" src=\"https:\/\/www.sfsic.org\/wp-inside\/uploads\/skp-membership\/demande_adh\/logo-elliadd-2023.jpg\" alt=\"Logo elliadd 2023\" ><figcaption class=\"summarypartner-img-caption show-for-sr\">Logo elliadd 2023<\/figcaption><\/figure>\n<\/p><\/div>\n<div class=\"summarypartner-content\">\n<div class=\"summarypartner-content-inner\">\n<header class=\"summarypartner-header\">\n<h3 class=\"summarypartner-title\">\n\t\t\t\t\t\t\t\u00c9lliadd &#8211; \u00c9ditions, Langages, Litt\u00e9ratures, Informatique, Arts, Didactiques, Discours\t\t\t\t\t\t<\/h3>\n<p class=\"summarypartner-acronym\">\n\t\t\t\t\t\t\t\u00c9lliadd\t\t\t\t\t\t<\/p>\n<\/header><\/div>\n<\/p><\/div>\n<\/p><\/div>\n<p>\t<\/a><\/article>\n<article class=\"summarypartner column\">\n<div class=\"summarypartner-box\" title=\"ERgonomie et COnception des Syst\u00e8mes \">\n<div class=\"summarypartner-box-inner\" data-equalizer-watch>\n<div class=\"summarypartner-imgbox\">\n<figure class=\"summarypartner-figure\">\n\t\t\t\t\t<img decoding=\"async\" class=\"summarypartner-img\" src=\"\/\/www.sfsic.org\/wp-inside\/themes\/sfsic.org\/assets\/images\/default-640x640.png\" alt=\"\" data-interchange=\"[\/\/www.sfsic.org\/wp-inside\/themes\/sfsic.org\/assets\/images\/default-640x640.png, small],\"><br \/>\n\t\t\t\t\t\t\t\t\t<\/figure>\n<\/p><\/div>\n<div class=\"summarypartner-content\">\n<div class=\"summarypartner-content-inner\">\n<header class=\"summarypartner-header\">\n<h3 class=\"summarypartner-title\">\n\t\t\t\t\t\t\tERgonomie et COnception des Syst\u00e8mes \t\t\t\t\t\t<\/h3>\n<p class=\"summarypartner-acronym\">\n\t\t\t\t\t\t\tERCOS \t\t\t\t\t\t<\/p>\n<\/header><\/div>\n<\/p><\/div>\n<\/p><\/div>\n<\/p><\/div>\n<\/article><\/div>\n<\/p><\/div>\n<div class=\"zn-singledetail-keywords\">\n<h3 class=\"zn-singledetail-section-title\">Mots-cl\u00e9s<\/h3>\n<ul class=\"termslist termslist-post_tag\">\n<li class=\"termslist-item termslist-title\"><span class=\"termslist-titletxt\">Mots-cl\u00e9s<\/span><span class=\"doubledot\"><\/span><\/li>\n<li class=\"termslist-item tax-post_tag term-design\"><a class=\"termslist-itemlink\" href=\"https:\/\/www.sfsic.org\/en\/tag\/design-en\/\" title=\"Design\"><span class=\"termslist-itemname\">Design<\/span><\/a><\/li>\n<li class=\"termslist-item tax-post_tag term-intelligence-articifielle\"><a class=\"termslist-itemlink\" href=\"\/?tag=intelligence-articifielle\" title=\"intelligence articifielle\"><span class=\"termslist-itemname\">intelligence articifielle<\/span><\/a><\/li>\n<li class=\"termslist-item tax-post_tag term-sciences-humaines-et-sociales\"><a class=\"termslist-itemlink\" href=\"https:\/\/www.sfsic.org\/en\/tag\/sciences-humaines-et-sociales\/\" title=\"Sciences Humaines et Sociales\"><span class=\"termslist-itemname\">Sciences Humaines et Sociales<\/span><\/a><\/li>\n<\/ul><\/div>\n<\/p><\/div>\n<\/p><\/div>\n<\/p><\/div>\n<\/p><\/div>\n<\/div>\n<p><!-- \/fxzn:singledetail --><\/p>\n","protected":false},"excerpt":{"rendered":"<p>Mis en ligne le 10 octobre 2023 Th\u00e9matiques Design Digital: strategies, devices and uses Type d\u2019\u00e9v\u00e9nement Journ\u00e9e d\u2019\u00e9tude Coordinateurs Hulin Thibaud , P\u00f4le M\u00e9diations &#8211; ELLIADD Mohsen Zare , P\u00f4le [&hellip;]<\/p>\n","protected":false},"author":1620,"featured_media":0,"comment_status":"closed","ping_status":"closed","sticky":false,"template":"","format":"standard","meta":{"_acf_changed":false,"footnotes":""},"categories":[30,68],"tags":[173,432],"thematique":[41,719],"sfsic":[],"class_list":["post-29654","post","type-post","status-publish","format-standard","hentry","category-evenement","category-journee-etude-2","tag-design","tag-sciences-humaines-et-sociales","thematique-design","thematique-digital-strategies-devices-and-uses","wp-sticky"],"acf":[],"yoast_head":"<!-- This site is optimized with the Yoast SEO plugin v27.4 - https:\/\/yoast.com\/product\/yoast-seo-wordpress\/ -->\n<title>Journ\u00e9e d&#039;\u00e9tude - M\u00e9thode de design : dispositifs interactifs pour la formation et la m\u00e9diation<\/title>\n<meta name=\"description\" content=\"Cette journ\u00e9e d&#039;\u00e9tudes a vocation \u00e0 explorer l&#039;\u00e9mergence majeure des dispositifs interactifs num\u00e9riques, en particulier dans les domaines de l&#039;\u00e9ducation, de la m\u00e9diation culturelle et de la sant\u00e9, accentuant l&#039;influence croissante de l&#039;intelligence artificielle.\" \/>\n<meta name=\"robots\" content=\"index, follow, max-snippet:-1, max-image-preview:large, max-video-preview:-1\" \/>\n<link rel=\"canonical\" href=\"https:\/\/www.sfsic.org\/en\/evenement\/journee-detude-methode-de-design-dispositifs-interactifs-pour-la-formation-et-la-mediation\/\" \/>\n<meta property=\"og:locale\" content=\"en_US\" \/>\n<meta property=\"og:type\" content=\"article\" \/>\n<meta property=\"og:title\" content=\"Journ\u00e9e d&#039;\u00e9tude - M\u00e9thode de design : dispositifs interactifs pour la formation et la m\u00e9diation\" \/>\n<meta property=\"og:description\" content=\"Cette journ\u00e9e d&#039;\u00e9tudes a vocation \u00e0 explorer l&#039;\u00e9mergence majeure des dispositifs interactifs num\u00e9riques, en particulier dans les domaines de l&#039;\u00e9ducation, de la m\u00e9diation culturelle et de la sant\u00e9, accentuant l&#039;influence croissante de l&#039;intelligence artificielle.\" \/>\n<meta property=\"og:url\" content=\"https:\/\/www.sfsic.org\/en\/evenement\/journee-detude-methode-de-design-dispositifs-interactifs-pour-la-formation-et-la-mediation\/\" \/>\n<meta property=\"og:site_name\" content=\"SFSIC\" \/>\n<meta property=\"article:published_time\" content=\"2023-10-14T09:08:44+00:00\" \/>\n<meta property=\"og:image\" content=\"https:\/\/www.sfsic.org\/wp-inside\/uploads\/skp-membership\/demande_adh\/logo-elliadd-2023.jpg\" \/>\n<meta name=\"author\" content=\"Julie Jacques\" \/>\n<meta name=\"twitter:card\" content=\"summary_large_image\" \/>\n<script type=\"application\/ld+json\" class=\"yoast-schema-graph\">{\"@context\":\"https:\\\/\\\/schema.org\",\"@graph\":[{\"@type\":\"Article\",\"@id\":\"https:\\\/\\\/www.sfsic.org\\\/en\\\/evenement\\\/journee-detude-methode-de-design-dispositifs-interactifs-pour-la-formation-et-la-mediation\\\/#article\",\"isPartOf\":{\"@id\":\"https:\\\/\\\/www.sfsic.org\\\/en\\\/evenement\\\/journee-detude-methode-de-design-dispositifs-interactifs-pour-la-formation-et-la-mediation\\\/\"},\"author\":{\"name\":\"Julie Jacques\",\"@id\":\"https:\\\/\\\/www.sfsic.org\\\/en\\\/#\\\/schema\\\/person\\\/3369e10593a4d709701163a75e1c0ef0\"},\"headline\":\"Journ\u00e9e d&#8217;\u00e9tude &#8211; M\u00e9thode de design : dispositifs interactifs pour la formation et la m\u00e9diation\",\"datePublished\":\"2023-10-14T09:08:44+00:00\",\"mainEntityOfPage\":{\"@id\":\"https:\\\/\\\/www.sfsic.org\\\/en\\\/evenement\\\/journee-detude-methode-de-design-dispositifs-interactifs-pour-la-formation-et-la-mediation\\\/\"},\"wordCount\":555,\"publisher\":{\"@id\":\"https:\\\/\\\/www.sfsic.org\\\/en\\\/#organization\"},\"image\":{\"@id\":\"https:\\\/\\\/www.sfsic.org\\\/en\\\/evenement\\\/journee-detude-methode-de-design-dispositifs-interactifs-pour-la-formation-et-la-mediation\\\/#primaryimage\"},\"thumbnailUrl\":\"https:\\\/\\\/www.sfsic.org\\\/wp-inside\\\/uploads\\\/skp-membership\\\/demande_adh\\\/logo-elliadd-2023.jpg\",\"keywords\":[\"Design\",\"Sciences Humaines et Sociales\"],\"articleSection\":[\"\u00c9v\u00e9nements\",\"Journ\u00e9e d\u2019\u00e9tude\"],\"inLanguage\":\"en-US\"},{\"@type\":\"WebPage\",\"@id\":\"https:\\\/\\\/www.sfsic.org\\\/en\\\/evenement\\\/journee-detude-methode-de-design-dispositifs-interactifs-pour-la-formation-et-la-mediation\\\/\",\"url\":\"https:\\\/\\\/www.sfsic.org\\\/en\\\/evenement\\\/journee-detude-methode-de-design-dispositifs-interactifs-pour-la-formation-et-la-mediation\\\/\",\"name\":\"Journ\u00e9e d'\u00e9tude - M\u00e9thode de design : dispositifs interactifs pour la formation et la m\u00e9diation\",\"isPartOf\":{\"@id\":\"https:\\\/\\\/www.sfsic.org\\\/en\\\/#website\"},\"primaryImageOfPage\":{\"@id\":\"https:\\\/\\\/www.sfsic.org\\\/en\\\/evenement\\\/journee-detude-methode-de-design-dispositifs-interactifs-pour-la-formation-et-la-mediation\\\/#primaryimage\"},\"image\":{\"@id\":\"https:\\\/\\\/www.sfsic.org\\\/en\\\/evenement\\\/journee-detude-methode-de-design-dispositifs-interactifs-pour-la-formation-et-la-mediation\\\/#primaryimage\"},\"thumbnailUrl\":\"https:\\\/\\\/www.sfsic.org\\\/wp-inside\\\/uploads\\\/skp-membership\\\/demande_adh\\\/logo-elliadd-2023.jpg\",\"datePublished\":\"2023-10-14T09:08:44+00:00\",\"description\":\"Cette journ\u00e9e d'\u00e9tudes a vocation \u00e0 explorer l'\u00e9mergence majeure des dispositifs interactifs num\u00e9riques, en particulier dans les domaines de l'\u00e9ducation, de la m\u00e9diation culturelle et de la sant\u00e9, accentuant l'influence croissante de l'intelligence artificielle.\",\"breadcrumb\":{\"@id\":\"https:\\\/\\\/www.sfsic.org\\\/en\\\/evenement\\\/journee-detude-methode-de-design-dispositifs-interactifs-pour-la-formation-et-la-mediation\\\/#breadcrumb\"},\"inLanguage\":\"en-US\",\"potentialAction\":[{\"@type\":\"ReadAction\",\"target\":[\"https:\\\/\\\/www.sfsic.org\\\/en\\\/evenement\\\/journee-detude-methode-de-design-dispositifs-interactifs-pour-la-formation-et-la-mediation\\\/\"]}]},{\"@type\":\"ImageObject\",\"inLanguage\":\"en-US\",\"@id\":\"https:\\\/\\\/www.sfsic.org\\\/en\\\/evenement\\\/journee-detude-methode-de-design-dispositifs-interactifs-pour-la-formation-et-la-mediation\\\/#primaryimage\",\"url\":\"https:\\\/\\\/www.sfsic.org\\\/wp-inside\\\/uploads\\\/skp-membership\\\/demande_adh\\\/logo-elliadd-2023.jpg\",\"contentUrl\":\"https:\\\/\\\/www.sfsic.org\\\/wp-inside\\\/uploads\\\/skp-membership\\\/demande_adh\\\/logo-elliadd-2023.jpg\"},{\"@type\":\"BreadcrumbList\",\"@id\":\"https:\\\/\\\/www.sfsic.org\\\/en\\\/evenement\\\/journee-detude-methode-de-design-dispositifs-interactifs-pour-la-formation-et-la-mediation\\\/#breadcrumb\",\"itemListElement\":[{\"@type\":\"ListItem\",\"position\":1,\"name\":\"Accueil\",\"item\":\"https:\\\/\\\/www.sfsic.org\\\/en\\\/\"},{\"@type\":\"ListItem\",\"position\":2,\"name\":\"Events\",\"item\":\"https:\\\/\\\/www.sfsic.org\\\/en\\\/events\\\/\"},{\"@type\":\"ListItem\",\"position\":3,\"name\":\"Study Day\",\"item\":\"https:\\\/\\\/www.sfsic.org\\\/en\\\/events\\\/study-day-2\\\/\"},{\"@type\":\"ListItem\",\"position\":4,\"name\":\"Journ\u00e9e d&rsquo;\u00e9tude &#8211; M\u00e9thode de design&#160;: dispositifs interactifs pour la formation et la m\u00e9diation\"}]},{\"@type\":\"WebSite\",\"@id\":\"https:\\\/\\\/www.sfsic.org\\\/en\\\/#website\",\"url\":\"https:\\\/\\\/www.sfsic.org\\\/en\\\/\",\"name\":\"SFSIC\",\"description\":\"Soci\u00e9t\u00e9 Fran\u00e7aise des Sciences de l&#039;Information &amp; de la Communication\",\"publisher\":{\"@id\":\"https:\\\/\\\/www.sfsic.org\\\/en\\\/#organization\"},\"potentialAction\":[{\"@type\":\"SearchAction\",\"target\":{\"@type\":\"EntryPoint\",\"urlTemplate\":\"https:\\\/\\\/www.sfsic.org\\\/en\\\/?s={search_term_string}\"},\"query-input\":{\"@type\":\"PropertyValueSpecification\",\"valueRequired\":true,\"valueName\":\"search_term_string\"}}],\"inLanguage\":\"en-US\"},{\"@type\":\"Organization\",\"@id\":\"https:\\\/\\\/www.sfsic.org\\\/en\\\/#organization\",\"name\":\"SFSIC\",\"url\":\"https:\\\/\\\/www.sfsic.org\\\/en\\\/\",\"logo\":{\"@type\":\"ImageObject\",\"inLanguage\":\"en-US\",\"@id\":\"https:\\\/\\\/www.sfsic.org\\\/en\\\/#\\\/schema\\\/logo\\\/image\\\/\",\"url\":\"https:\\\/\\\/www.sfsic.org\\\/wp-inside\\\/uploads\\\/2020\\\/05\\\/logo-sfsic.jpg\",\"contentUrl\":\"https:\\\/\\\/www.sfsic.org\\\/wp-inside\\\/uploads\\\/2020\\\/05\\\/logo-sfsic.jpg\",\"width\":1085,\"height\":1080,\"caption\":\"SFSIC\"},\"image\":{\"@id\":\"https:\\\/\\\/www.sfsic.org\\\/en\\\/#\\\/schema\\\/logo\\\/image\\\/\"}},{\"@type\":\"Person\",\"@id\":\"https:\\\/\\\/www.sfsic.org\\\/en\\\/#\\\/schema\\\/person\\\/3369e10593a4d709701163a75e1c0ef0\",\"name\":\"Julie Jacques\",\"image\":{\"@type\":\"ImageObject\",\"inLanguage\":\"en-US\",\"@id\":\"https:\\\/\\\/secure.gravatar.com\\\/avatar\\\/a3765b948e2afaeecda434098ad6e30ab33792418ca2289ddcb340c7c5b42617?s=96&d=mm&r=g\",\"url\":\"https:\\\/\\\/secure.gravatar.com\\\/avatar\\\/a3765b948e2afaeecda434098ad6e30ab33792418ca2289ddcb340c7c5b42617?s=96&d=mm&r=g\",\"contentUrl\":\"https:\\\/\\\/secure.gravatar.com\\\/avatar\\\/a3765b948e2afaeecda434098ad6e30ab33792418ca2289ddcb340c7c5b42617?s=96&d=mm&r=g\",\"caption\":\"Julie Jacques\"}}]}<\/script>\n<!-- \/ Yoast SEO plugin. -->","yoast_head_json":{"title":"Journ\u00e9e d'\u00e9tude - M\u00e9thode de design : dispositifs interactifs pour la formation et la m\u00e9diation","description":"Cette journ\u00e9e d'\u00e9tudes a vocation \u00e0 explorer l'\u00e9mergence majeure des dispositifs interactifs num\u00e9riques, en particulier dans les domaines de l'\u00e9ducation, de la m\u00e9diation culturelle et de la sant\u00e9, accentuant l'influence croissante de l'intelligence artificielle.","robots":{"index":"index","follow":"follow","max-snippet":"max-snippet:-1","max-image-preview":"max-image-preview:large","max-video-preview":"max-video-preview:-1"},"canonical":"https:\/\/www.sfsic.org\/en\/evenement\/journee-detude-methode-de-design-dispositifs-interactifs-pour-la-formation-et-la-mediation\/","og_locale":"en_US","og_type":"article","og_title":"Journ\u00e9e d'\u00e9tude - M\u00e9thode de design : dispositifs interactifs pour la formation et la m\u00e9diation","og_description":"Cette journ\u00e9e d'\u00e9tudes a vocation \u00e0 explorer l'\u00e9mergence majeure des dispositifs interactifs num\u00e9riques, en particulier dans les domaines de l'\u00e9ducation, de la m\u00e9diation culturelle et de la sant\u00e9, accentuant l'influence croissante de l'intelligence artificielle.","og_url":"https:\/\/www.sfsic.org\/en\/evenement\/journee-detude-methode-de-design-dispositifs-interactifs-pour-la-formation-et-la-mediation\/","og_site_name":"SFSIC","article_published_time":"2023-10-14T09:08:44+00:00","og_image":[{"url":"https:\/\/www.sfsic.org\/wp-inside\/uploads\/skp-membership\/demande_adh\/logo-elliadd-2023.jpg","type":"","width":"","height":""}],"author":"Julie Jacques","twitter_card":"summary_large_image","schema":{"@context":"https:\/\/schema.org","@graph":[{"@type":"Article","@id":"https:\/\/www.sfsic.org\/en\/evenement\/journee-detude-methode-de-design-dispositifs-interactifs-pour-la-formation-et-la-mediation\/#article","isPartOf":{"@id":"https:\/\/www.sfsic.org\/en\/evenement\/journee-detude-methode-de-design-dispositifs-interactifs-pour-la-formation-et-la-mediation\/"},"author":{"name":"Julie Jacques","@id":"https:\/\/www.sfsic.org\/en\/#\/schema\/person\/3369e10593a4d709701163a75e1c0ef0"},"headline":"Journ\u00e9e d&#8217;\u00e9tude &#8211; M\u00e9thode de design : dispositifs interactifs pour la formation et la m\u00e9diation","datePublished":"2023-10-14T09:08:44+00:00","mainEntityOfPage":{"@id":"https:\/\/www.sfsic.org\/en\/evenement\/journee-detude-methode-de-design-dispositifs-interactifs-pour-la-formation-et-la-mediation\/"},"wordCount":555,"publisher":{"@id":"https:\/\/www.sfsic.org\/en\/#organization"},"image":{"@id":"https:\/\/www.sfsic.org\/en\/evenement\/journee-detude-methode-de-design-dispositifs-interactifs-pour-la-formation-et-la-mediation\/#primaryimage"},"thumbnailUrl":"https:\/\/www.sfsic.org\/wp-inside\/uploads\/skp-membership\/demande_adh\/logo-elliadd-2023.jpg","keywords":["Design","Sciences Humaines et Sociales"],"articleSection":["\u00c9v\u00e9nements","Journ\u00e9e d\u2019\u00e9tude"],"inLanguage":"en-US"},{"@type":"WebPage","@id":"https:\/\/www.sfsic.org\/en\/evenement\/journee-detude-methode-de-design-dispositifs-interactifs-pour-la-formation-et-la-mediation\/","url":"https:\/\/www.sfsic.org\/en\/evenement\/journee-detude-methode-de-design-dispositifs-interactifs-pour-la-formation-et-la-mediation\/","name":"Journ\u00e9e d'\u00e9tude - M\u00e9thode de design : dispositifs interactifs pour la formation et la m\u00e9diation","isPartOf":{"@id":"https:\/\/www.sfsic.org\/en\/#website"},"primaryImageOfPage":{"@id":"https:\/\/www.sfsic.org\/en\/evenement\/journee-detude-methode-de-design-dispositifs-interactifs-pour-la-formation-et-la-mediation\/#primaryimage"},"image":{"@id":"https:\/\/www.sfsic.org\/en\/evenement\/journee-detude-methode-de-design-dispositifs-interactifs-pour-la-formation-et-la-mediation\/#primaryimage"},"thumbnailUrl":"https:\/\/www.sfsic.org\/wp-inside\/uploads\/skp-membership\/demande_adh\/logo-elliadd-2023.jpg","datePublished":"2023-10-14T09:08:44+00:00","description":"Cette journ\u00e9e d'\u00e9tudes a vocation \u00e0 explorer l'\u00e9mergence majeure des dispositifs interactifs num\u00e9riques, en particulier dans les domaines de l'\u00e9ducation, de la m\u00e9diation culturelle et de la sant\u00e9, accentuant l'influence croissante de l'intelligence artificielle.","breadcrumb":{"@id":"https:\/\/www.sfsic.org\/en\/evenement\/journee-detude-methode-de-design-dispositifs-interactifs-pour-la-formation-et-la-mediation\/#breadcrumb"},"inLanguage":"en-US","potentialAction":[{"@type":"ReadAction","target":["https:\/\/www.sfsic.org\/en\/evenement\/journee-detude-methode-de-design-dispositifs-interactifs-pour-la-formation-et-la-mediation\/"]}]},{"@type":"ImageObject","inLanguage":"en-US","@id":"https:\/\/www.sfsic.org\/en\/evenement\/journee-detude-methode-de-design-dispositifs-interactifs-pour-la-formation-et-la-mediation\/#primaryimage","url":"https:\/\/www.sfsic.org\/wp-inside\/uploads\/skp-membership\/demande_adh\/logo-elliadd-2023.jpg","contentUrl":"https:\/\/www.sfsic.org\/wp-inside\/uploads\/skp-membership\/demande_adh\/logo-elliadd-2023.jpg"},{"@type":"BreadcrumbList","@id":"https:\/\/www.sfsic.org\/en\/evenement\/journee-detude-methode-de-design-dispositifs-interactifs-pour-la-formation-et-la-mediation\/#breadcrumb","itemListElement":[{"@type":"ListItem","position":1,"name":"Accueil","item":"https:\/\/www.sfsic.org\/en\/"},{"@type":"ListItem","position":2,"name":"Events","item":"https:\/\/www.sfsic.org\/en\/events\/"},{"@type":"ListItem","position":3,"name":"Study Day","item":"https:\/\/www.sfsic.org\/en\/events\/study-day-2\/"},{"@type":"ListItem","position":4,"name":"Journ\u00e9e d&rsquo;\u00e9tude &#8211; M\u00e9thode de design&#160;: dispositifs interactifs pour la formation et la m\u00e9diation"}]},{"@type":"WebSite","@id":"https:\/\/www.sfsic.org\/en\/#website","url":"https:\/\/www.sfsic.org\/en\/","name":"SFSIC","description":"Soci\u00e9t\u00e9 Fran\u00e7aise des Sciences de l&#039;Information &amp; de la Communication","publisher":{"@id":"https:\/\/www.sfsic.org\/en\/#organization"},"potentialAction":[{"@type":"SearchAction","target":{"@type":"EntryPoint","urlTemplate":"https:\/\/www.sfsic.org\/en\/?s={search_term_string}"},"query-input":{"@type":"PropertyValueSpecification","valueRequired":true,"valueName":"search_term_string"}}],"inLanguage":"en-US"},{"@type":"Organization","@id":"https:\/\/www.sfsic.org\/en\/#organization","name":"SFSIC","url":"https:\/\/www.sfsic.org\/en\/","logo":{"@type":"ImageObject","inLanguage":"en-US","@id":"https:\/\/www.sfsic.org\/en\/#\/schema\/logo\/image\/","url":"https:\/\/www.sfsic.org\/wp-inside\/uploads\/2020\/05\/logo-sfsic.jpg","contentUrl":"https:\/\/www.sfsic.org\/wp-inside\/uploads\/2020\/05\/logo-sfsic.jpg","width":1085,"height":1080,"caption":"SFSIC"},"image":{"@id":"https:\/\/www.sfsic.org\/en\/#\/schema\/logo\/image\/"}},{"@type":"Person","@id":"https:\/\/www.sfsic.org\/en\/#\/schema\/person\/3369e10593a4d709701163a75e1c0ef0","name":"Julie Jacques","image":{"@type":"ImageObject","inLanguage":"en-US","@id":"https:\/\/secure.gravatar.com\/avatar\/a3765b948e2afaeecda434098ad6e30ab33792418ca2289ddcb340c7c5b42617?s=96&d=mm&r=g","url":"https:\/\/secure.gravatar.com\/avatar\/a3765b948e2afaeecda434098ad6e30ab33792418ca2289ddcb340c7c5b42617?s=96&d=mm&r=g","contentUrl":"https:\/\/secure.gravatar.com\/avatar\/a3765b948e2afaeecda434098ad6e30ab33792418ca2289ddcb340c7c5b42617?s=96&d=mm&r=g","caption":"Julie Jacques"}}]}},"_links":{"self":[{"href":"https:\/\/www.sfsic.org\/en\/wp-json\/wp\/v2\/posts\/29654","targetHints":{"allow":["GET"]}}],"collection":[{"href":"https:\/\/www.sfsic.org\/en\/wp-json\/wp\/v2\/posts"}],"about":[{"href":"https:\/\/www.sfsic.org\/en\/wp-json\/wp\/v2\/types\/post"}],"author":[{"embeddable":true,"href":"https:\/\/www.sfsic.org\/en\/wp-json\/wp\/v2\/users\/1620"}],"replies":[{"embeddable":true,"href":"https:\/\/www.sfsic.org\/en\/wp-json\/wp\/v2\/comments?post=29654"}],"version-history":[{"count":6,"href":"https:\/\/www.sfsic.org\/en\/wp-json\/wp\/v2\/posts\/29654\/revisions"}],"predecessor-version":[{"id":29680,"href":"https:\/\/www.sfsic.org\/en\/wp-json\/wp\/v2\/posts\/29654\/revisions\/29680"}],"wp:attachment":[{"href":"https:\/\/www.sfsic.org\/en\/wp-json\/wp\/v2\/media?parent=29654"}],"wp:term":[{"taxonomy":"category","embeddable":true,"href":"https:\/\/www.sfsic.org\/en\/wp-json\/wp\/v2\/categories?post=29654"},{"taxonomy":"post_tag","embeddable":true,"href":"https:\/\/www.sfsic.org\/en\/wp-json\/wp\/v2\/tags?post=29654"},{"taxonomy":"thematique","embeddable":true,"href":"https:\/\/www.sfsic.org\/en\/wp-json\/wp\/v2\/thematique?post=29654"},{"taxonomy":"sfsic","embeddable":true,"href":"https:\/\/www.sfsic.org\/en\/wp-json\/wp\/v2\/sfsic?post=29654"}],"curies":[{"name":"wp","href":"https:\/\/api.w.org\/{rel}","templated":true}]}}