{"id":29560,"date":"2023-10-07T17:17:35","date_gmt":"2023-10-07T15:17:35","guid":{"rendered":"https:\/\/www.sfsic.org\/?p=29560"},"modified":"2023-10-09T16:49:44","modified_gmt":"2023-10-09T14:49:44","slug":"lhistoire-digitale-et-la-recherche-en-communication-pas-termine","status":"publish","type":"post","link":"https:\/\/www.sfsic.org\/en\/publication\/lhistoire-digitale-et-la-recherche-en-communication-pas-termine\/","title":{"rendered":"L\u2019histoire digitale et la recherche en communication"},"content":{"rendered":"<p><!-- fxzn:singledetail --><\/p>\n<div class=\"zone zn-singledetail\" id=\"fxzn-singledetail-1\">\n<div class=\"zone-block zn-singledetail-block alignwide va-top\">\n<div class=\"row\">\n<div class=\"columns large-8 large-push-4\">\n<div class=\"zn-singledetail-metabox\">\n<div class=\"zn-singledetail-pubdate pubdate\">\n\t\t\t\t\t<span class=\"pubdate-txt\">Mis en ligne le<\/span><span class=\"doubledot\"><\/span> <time class=\"pubdate-time\" pubdate datetime=\"2023-10-07T17:17:35+02:00\">7 octobre 2023<\/time>\t\t\t\t<\/div>\n<div class=\"zn-singledetail-thematiques with-sep-comma\">\n<ul class=\"termslist termslist-thematique\">\n<li class=\"termslist-item termslist-title\"><span class=\"termslist-titletxt\">Th\u00e9matiques<\/span><span class=\"doubledot\"><\/span><\/li>\n<li class=\"termslist-item tax-thematique term-numerique-strategies-dispositifs-et-usages\"><a class=\"termslist-itemlink\" href=\"https:\/\/www.sfsic.org\/thematiques\/numerique-strategies-dispositifs-et-usages\/\" title=\"Num\u00e9rique : strat\u00e9gies, dispositifs et usages\"><span class=\"termslist-itemname\">Num\u00e9rique : strat\u00e9gies, dispositifs et usages<\/span><\/a><\/li>\n<\/ul><\/div>\n<\/p><\/div>\n<\/p><\/div>\n<\/p><\/div>\n<div class=\"row\">\n<div class=\"columns large-4\">\n<div class=\"zn-singledetail-sidebar bg-cornersquares\">\n<div class=\"zn-singledetail-infos\">\n<p class=\"zn-singledetail-type\">\n\t\t\t\t\t\t\t<span>Type de publication<\/span><span class=\"doubledot\"><\/span> <strong>Num\u00e9ro de revue<\/strong>\n\t\t\t\t\t<\/p>\n<p class=\"zn-singledetail-name\">\n\t\t\t\t\t\t\t<span>Nom de la publication<\/span><span class=\"doubledot\"><\/span> <strong>Communication<\/strong>\n\t\t\t\t\t<\/p>\n<p class=\"zn-singledetail-edition\">\n\t\t\t\t\t\t\t<span>\u00c9dition<\/span><span class=\"doubledot\"><\/span> <strong>OpenEdition Journals<\/strong>\n\t\t\t\t\t<\/p>\n<\/p><\/div>\n<\/p><\/div>\n<\/p><\/div>\n<div class=\"columns large-8\">\n<div class=\"zn-singledetail-contentbox\">\n<div class=\"zn-singledetail-annonce wig-content\">\n<h2>Pr\u00e9sentation<\/h2>\n<p><img decoding=\"async\" loading=\"lazy\" class=\"wp-image-29588 aligncenter\" src=\"https:\/\/www.sfsic.org\/wp-inside\/uploads\/2023\/10\/communications_vol40_n1-780x1170.jpg\" alt=\"Couverture Communication 40\/1 2023\" width=\"241\" height=\"362\" srcset=\"https:\/\/www.sfsic.org\/wp-inside\/uploads\/2023\/10\/communications_vol40_n1-780x1170.jpg 780w, https:\/\/www.sfsic.org\/wp-inside\/uploads\/2023\/10\/communications_vol40_n1-200x300.jpg 200w, https:\/\/www.sfsic.org\/wp-inside\/uploads\/2023\/10\/communications_vol40_n1-683x1024.jpg 683w, https:\/\/www.sfsic.org\/wp-inside\/uploads\/2023\/10\/communications_vol40_n1-768x1152.jpg 768w, https:\/\/www.sfsic.org\/wp-inside\/uploads\/2023\/10\/communications_vol40_n1-1024x1536.jpg 1024w, https:\/\/www.sfsic.org\/wp-inside\/uploads\/2023\/10\/communications_vol40_n1-1365x2048.jpg 1365w, https:\/\/www.sfsic.org\/wp-inside\/uploads\/2023\/10\/communications_vol40_n1-213x320.jpg 213w, https:\/\/www.sfsic.org\/wp-inside\/uploads\/2023\/10\/communications_vol40_n1-180x269.jpg 180w, https:\/\/www.sfsic.org\/wp-inside\/uploads\/2023\/10\/communications_vol40_n1.jpg 1400w\" sizes=\"auto, (max-width: 241px) 100vw, 241px\" \/><\/p>\n<p><i>Communication<\/i>\u00a0se veut un carrefour de diffusion des \u00e9tudes multidisciplinaires men\u00e9es dans les sciences de l\u2019information et de la communication et autres sciences humaines sur les rapports d\u00e9cloisonn\u00e9s entre production, repr\u00e9sentation et appropriation dans les m\u00e9dias.<\/p>\n<p>Le premier volet de la 40e \u00e9dition de la revue \u00ab&#160;Communication&#160;\u00bb, dirig\u00e9 par Dominique Trudel, Olivier Le Deuff et Stefanie Averbeck-Lietz est intitul\u00e9 \u00ab&#160;L\u2019histoire digitale et la recherche en communication&#160;\u00bb. Il est en ligne<\/p>\n<p style=\"text-align: center;\"><a class=\"button outline with-arrow\" href=\"https:\/\/journals.openedition.org\/communication\/17008\" target=\"_blank\" rel=\"noopener\">Lire ce dossier sur Openedition Journals<\/a><\/p>\n<h2>Sommaire<\/h2>\n<h3 class=\"section\"><span class=\"text\">Articles<\/span><\/h3>\n<div>Pr\u00e9sentation &#8211;\u00a0<a dir=\"ltr\" lang=\"fr\" xml:lang=\"fr\" href=\"https:\/\/journals.openedition.org\/communication\/17010\">L\u2019histoire digitale et la recherche en communication<\/a>\u00a0<span class=\"fullText\">[Texte int\u00e9gral]<\/span><\/div>\n<div><strong>Dominique\u00a0<span class=\"familyName\">Trudel<\/span>, Olivier\u00a0<span class=\"familyName\">Le\u00a0Deuff<\/span>\u00a0et Stefanie\u00a0<span class=\"familyName\">Averbeck-Lietz<\/span><\/strong><\/div>\n<div class=\"author\"><\/div>\n<div class=\"title\"><a dir=\"ltr\" lang=\"fr\" xml:lang=\"fr\" href=\"https:\/\/journals.openedition.org\/communication\/17035\">Pour une th\u00e9orie de l\u2019\u00e9chec dans le domaine des m\u00e9dias num\u00e9riques<\/a>\u00a0<span class=\"fullText\">[Texte int\u00e9gral]<\/span><\/div>\n<div>\n<div class=\"author\"><strong>Paolo\u00a0<span class=\"familyName\">Magaudda<\/span>\u00a0et Gabriele\u00a0<span class=\"familyName\">Balbi<\/span><\/strong><\/div>\n<\/div>\n<div><\/div>\n<div class=\"title\"><a dir=\"ltr\" lang=\"fr\" xml:lang=\"fr\" href=\"https:\/\/journals.openedition.org\/communication\/17088\">Les sciences de l\u2019information et de la communication en terrains indianoc\u00e9aniques&#160;: entre d\u00e9terminisme digital et approche distanci\u00e9e des concepts<\/a>\u00a0<span class=\"fullText\">[Texte int\u00e9gral]<\/span><\/div>\n<div>\n<div class=\"author\"><strong>Bernard\u00a0<span class=\"familyName\">Idelson<\/span><\/strong><\/div>\n<\/div>\n<div><\/div>\n<div>Essai d\u2019arch\u00e9ologie de quelques m\u00e9dias imaginaires proto-digitaux&#160;:<\/div>\n<div class=\"title\"><a dir=\"ltr\" lang=\"fr\" xml:lang=\"fr\" href=\"https:\/\/journals.openedition.org\/communication\/17115\">1877&#160;: Enregistrement total, transmission sensible \u00e0 distance et lecture digitale<\/a>\u00a0<span class=\"fullText\">[Texte int\u00e9gral]<\/span><\/div>\n<div class=\"subtitle\"><strong style=\"font-size: 1rem;\">Philippe <span class=\"familyName\">Ethuin<\/span><\/strong><\/div>\n<div><\/div>\n<div class=\"title\"><a dir=\"ltr\" lang=\"fr\" xml:lang=\"fr\" href=\"https:\/\/journals.openedition.org\/communication\/17160\">Le savoir des communaut\u00e9s de\u00a0<em>hackers.\u00a0<\/em>Le digital comme objet de passion, domaine de niche et vision avant-gardiste<\/a>\u00a0<span class=\"fullText\">[Texte int\u00e9gral]<\/span><\/div>\n<div>\n<div class=\"author\"><strong>Lisa\u00a0<span class=\"familyName\">Bolz<\/span><\/strong><\/div>\n<div class=\"title\"><\/div>\n<\/div>\n<h3 class=\"section\"><span class=\"text\">Hors th\u00e8me<\/span><\/h3>\n<div class=\"title\"><a dir=\"ltr\" lang=\"fr\" xml:lang=\"fr\" href=\"https:\/\/journals.openedition.org\/communication\/17244\">Le Code de la presse et de l\u2019\u00e9dition de 2016 \u00e0 l\u2019\u00e9preuve de la presse ind\u00e9pendante. Les limites de la libert\u00e9 d\u2019expression au Maroc<\/a>\u00a0<span class=\"fullText\">[Texte int\u00e9gral]<\/span><\/div>\n<div>\n<div class=\"author\"><strong>Chafik\u00a0<span class=\"familyName\">Ayoub<\/span><\/strong><\/div>\n<\/div>\n<div class=\"author\"><\/div>\n<div class=\"title\"><a dir=\"ltr\" lang=\"fr\" xml:lang=\"fr\" href=\"https:\/\/journals.openedition.org\/communication\/17283\">Youtubeurs et politiques&#160;: vers une peopolisation num\u00e9rique&#160;? Focus sur le \u00ab&#160;concours d\u2019anecdotes&#160;\u00bb du pr\u00e9sident Macron<\/a>\u00a0<span class=\"fullText\">[Texte int\u00e9gral]<\/span><\/div>\n<div><strong>Pierre\u00a0<span class=\"familyName\">Camille-Delahaye<\/span><\/strong><\/div>\n<div><\/div>\n<div class=\"title\"><a dir=\"ltr\" lang=\"fr\" xml:lang=\"fr\" href=\"https:\/\/journals.openedition.org\/communication\/17300\">Les r\u00e9seaux de femmes entrepreneures&#160;: des ressources face \u00e0 la vuln\u00e9rabilit\u00e9 et des espaces d\u2019<em>empowerment<\/em>&#160;?<\/a>\u00a0<span class=\"fullText\">[Texte int\u00e9gral]<\/span><\/div>\n<div>\n<div class=\"author\"><strong>Delphine\u00a0<span class=\"familyName\">Dupr\u00e9<\/span>\u00a0et Claire\u00a0<span class=\"familyName\">d\u2019Hennezel<\/span><\/strong><\/div>\n<\/div>\n<div><\/div>\n<div class=\"title\"><a dir=\"ltr\" lang=\"fr\" xml:lang=\"fr\" href=\"https:\/\/journals.openedition.org\/communication\/17338\"><span lang=\"fr\" xml:lang=\"fr\">Qu\u2019est-ce qu\u2019\u00eatre authentique sur YouTube&#160;? Une \u00e9tude de r\u00e9ception des vlogues du type\u00a0<\/span><em><span lang=\"fr\" xml:lang=\"fr\">A Day in my Life<\/span><\/em><\/a>\u00a0<span class=\"fullText\">[Texte int\u00e9gral]<\/span><\/div>\n<div>\n<div class=\"author\"><strong>Val\u00e9rie\u00a0<span class=\"familyName\">Reid<\/span><\/strong><\/div>\n<\/div>\n<div><\/div>\n<div class=\"title\"><a dir=\"ltr\" lang=\"fr\" xml:lang=\"fr\" href=\"https:\/\/journals.openedition.org\/communication\/17389\">L\u2019\u00e9crivain en tant que\u00a0<em>self media<\/em>\u00a0dans le contexte \u00e9pid\u00e9mique de la COVID\u201119. M\u00e9diatisation de soi et auto-exposition<\/a>\u00a0<span class=\"fullText\">[Texte int\u00e9gral]<\/span><\/div>\n<div>\n<div class=\"author\"><strong>Mihaela-Alexandra\u00a0<span class=\"familyName\">Tudor<\/span>\u00a0et Corina\u00a0<span class=\"familyName\">Ozon<\/span><\/strong><\/div>\n<div class=\"title\"><\/div>\n<\/div>\n<h3 class=\"section\"><span class=\"text\">Essai<\/span><\/h3>\n<div class=\"title\"><a dir=\"ltr\" lang=\"fr\" xml:lang=\"fr\" href=\"https:\/\/journals.openedition.org\/communication\/17434\">Pour une approche pragmatique de la communication solidaire<\/a>\u00a0<span class=\"fullText\">[Texte int\u00e9gral]<\/span><\/div>\n<div>\n<div class=\"author\"><strong>Florine\u00a0<span class=\"familyName\">Garlot<\/span><\/strong><\/div>\n<div class=\"title\"><\/div>\n<\/div>\n<h3 class=\"section\"><span class=\"text\">Lectures<\/span><\/h3>\n<div class=\"author\"><\/div>\n<div class=\"title\"><a dir=\"ltr\" lang=\"fr\" xml:lang=\"fr\" href=\"https:\/\/journals.openedition.org\/communication\/17474\">Annabelle ALLOUCH (2022),\u00a0<em>Les nouvelles portes des grandes \u00e9coles<\/em><\/a>\u00a0<span class=\"fullText\">[Texte int\u00e9gral]<\/span><\/div>\n<div class=\"subtitle\">Paris, Presses universitaires de France<\/div>\n<div><strong>Jean-Pierre\u00a0<span class=\"familyName\">Chamoux<\/span><\/strong><\/div>\n<div><\/div>\n<div class=\"title\"><a dir=\"ltr\" lang=\"fr\" xml:lang=\"fr\" href=\"https:\/\/journals.openedition.org\/communication\/17480\">Philippe BAUDOUIN (2022),\u00a0<em>Walter Benjamin au micro. Un philosophe sur les ondes (1927-1933)<\/em><\/a>\u00a0<span class=\"fullText\">[Texte int\u00e9gral]<\/span><\/div>\n<div class=\"subtitle\">Paris, \u00c9ditions de la Maison des sciences de l\u2019homme<\/div>\n<div>\n<div class=\"author\"><strong>L\u00e9a\u00a0<span class=\"familyName\">Jusseau<\/span><\/strong><\/div>\n<div class=\"title\"><\/div>\n<\/div>\n<div class=\"title\"><a dir=\"ltr\" lang=\"fr\" xml:lang=\"fr\" href=\"https:\/\/journals.openedition.org\/communication\/17493\">M\u00e9lanie BOURDAA (2021),\u00a0<em>Les fans. Publics actifs et engag\u00e9s<\/em><\/a>\u00a0<span class=\"fullText\">[Texte int\u00e9gral]<\/span><\/div>\n<div class=\"subtitle\">Grenoble, C&amp;F \u00e9ditions, Coll. \u00ab&#160;Les enfants du num\u00e9rique&#160;\u00bb<\/div>\n<div>\n<div class=\"author\"><strong>Ma\u00ebl\u00a0<span class=\"familyName\">Rannou<\/span><\/strong><\/div>\n<div class=\"title\"><\/div>\n<\/div>\n<div class=\"title\"><a dir=\"ltr\" lang=\"fr\" xml:lang=\"fr\" href=\"https:\/\/journals.openedition.org\/communication\/17508\">Philippe CHANTEPIE et Thomas PARIS (2021),\u00a0<em>\u00c9conomie du cin\u00e9ma<\/em><\/a>\u00a0<span class=\"fullText\">[Texte int\u00e9gral]<\/span><\/div>\n<div class=\"subtitle\">Paris, La D\u00e9couverte<\/div>\n<div>\n<div class=\"author\"><strong>Pierre\u00a0<span class=\"familyName\">Gosselin<\/span><\/strong><\/div>\n<div class=\"title\"><\/div>\n<\/div>\n<div class=\"title\"><a dir=\"ltr\" lang=\"fr\" xml:lang=\"fr\" href=\"https:\/\/journals.openedition.org\/communication\/17518\">Christiana CONSTANTOPOULOU (dir.) (2020),\u00a0<em>Repr\u00e9sentations sociales et discours m\u00e9diatiques. La \u00ab&#160;crise&#160;\u00bb comme narration contemporaine<\/em><\/a>\u00a0<span class=\"fullText\">[Texte int\u00e9gral]<\/span><\/div>\n<div class=\"subtitle\">Paris, L\u2019Harmattan, Coll. \u00ab&#160;Logiques sociales&#160;\u00bb<\/div>\n<div><strong>Lydie\u00a0<span class=\"familyName\">Denis<\/span><\/strong><\/div>\n<div class=\"author\"><\/div>\n<div class=\"title\"><a dir=\"ltr\" lang=\"fr\" xml:lang=\"fr\" href=\"https:\/\/journals.openedition.org\/communication\/17530\">Mustapha ELOUIZI (2020),\u00a0<em>Communication de crise. Crise de communication. De la pand\u00e9mie \u00e0 l\u2019\u00ab&#160;infod\u00e9mie&#160;\u00bb<\/em><\/a>\u00a0<span class=\"fullText\">[Texte int\u00e9gral]<\/span><\/div>\n<div class=\"subtitle\">F\u00e8s, Bahitoune<\/div>\n<div><strong>Abdelouahed\u00a0<span class=\"familyName\">Hajji<\/span><\/strong><\/div>\n<div><\/div>\n<div class=\"title\"><a dir=\"ltr\" lang=\"fr\" xml:lang=\"fr\" href=\"https:\/\/journals.openedition.org\/communication\/17545\"><span lang=\"en\" xml:lang=\"en\">Fr\u00e9d\u00e9ric\u00a0<\/span><span lang=\"en\" xml:lang=\"en\">GAI\u00a0<\/span><span lang=\"en\" xml:lang=\"en\">(2020),\u00a0<\/span><em><span lang=\"en\" xml:lang=\"en\">The X-Files.\u00a0<\/span><\/em><em>Histoires sans fin<\/em><\/a>\u00a0<span class=\"fullText\">[Texte int\u00e9gral]<\/span><\/div>\n<div class=\"subtitle\">Tours, Presses universitaires Fran\u00e7ois-Rabelais<\/div>\n<div>\n<div class=\"author\"><strong>Thomas\u00a0<span class=\"familyName\">Michaud<\/span><\/strong><\/div>\n<\/div>\n<div><\/div>\n<div class=\"title\"><a dir=\"ltr\" lang=\"fr\" xml:lang=\"fr\" href=\"https:\/\/journals.openedition.org\/communication\/17553\">G\u00e9raud LAFARGE<strong>\u00a0<\/strong>(2019),<strong>\u00a0<\/strong><em>Les dipl\u00f4m\u00e9s du journalisme. Sociologie g\u00e9n\u00e9rale de destins particuliers<\/em><\/a>\u00a0<span class=\"fullText\">[Texte int\u00e9gral]<\/span><\/div>\n<div class=\"subtitle\">Rennes, Presses universitaires de Rennes<\/div>\n<div>\n<div class=\"author\"><strong>Vincent\u00a0<span class=\"familyName\">Rogard<\/span><\/strong><\/div>\n<\/div>\n<div><\/div>\n<div class=\"title\"><a dir=\"ltr\" lang=\"fr\" xml:lang=\"fr\" href=\"https:\/\/journals.openedition.org\/communication\/17560\"><span lang=\"fr\" xml:lang=\"fr\">Marie-\u00c8ve\u00a0<\/span><span lang=\"fr\" xml:lang=\"fr\">MARTEL (2021)<\/span><span lang=\"fr\" xml:lang=\"fr\">,\u00a0<\/span><em><span lang=\"fr\" xml:lang=\"fr\">Priv\u00e9 de sens. Plaidoyer pour un meilleur acc\u00e8s \u00e0 l\u2019information au Qu\u00e9bec<\/span><\/em><span lang=\"fr\" xml:lang=\"fr\">, pr\u00e9face de Monique DUMONT<\/span><\/a>\u00a0<span class=\"fullText\">[Texte int\u00e9gral]<\/span><\/div>\n<div class=\"subtitle\"><span lang=\"fr\" xml:lang=\"fr\">Montr\u00e9al, \u00c9ditions Somme Toute<\/span><\/div>\n<div>\n<div class=\"author\"><strong>Jean-Nicolas\u00a0<span class=\"familyName\">De\u00a0Surmont<\/span><\/strong><\/div>\n<\/div>\n<div><\/div>\n<div class=\"title\"><a dir=\"ltr\" lang=\"fr\" xml:lang=\"fr\" href=\"https:\/\/journals.openedition.org\/communication\/17574\">M\u00e9lanie MILLETTE, Florence MILLERAND, David MYLES et Guillaume LATZKO-TOTH (dir.) (2020),\u00a0<em>M\u00e9thodes de recherche en contexte num\u00e9rique. Une orientation qualitative<\/em><\/a>\u00a0<span class=\"fullText\">[Texte int\u00e9gral]<\/span><\/div>\n<div class=\"subtitle\">Montr\u00e9al, Les Presses de l\u2019Universit\u00e9 de Montr\u00e9al<\/div>\n<div>\n<div class=\"author\"><strong>Sophie\u00a0<span class=\"familyName\">Russillo<\/span><\/strong><\/div>\n<div class=\"title\"><\/div>\n<\/div>\n<div class=\"title\"><a dir=\"ltr\" lang=\"fr\" xml:lang=\"fr\" href=\"https:\/\/journals.openedition.org\/communication\/17593\"><span lang=\"fr\" xml:lang=\"fr\">Simon NGONO (dir.)\u00a0<\/span>(2022),\u00a0<em>L\u2019\u00e9conomie des m\u00e9dias et le num\u00e9rique en Afrique<\/em><\/a>\u00a0<span class=\"fullText\">[Texte int\u00e9gral]<\/span><\/div>\n<div class=\"subtitle\">Saint-Denis, Presses universitaires Indianoc\u00e9aniques<\/div>\n<div>\n<div class=\"author\"><strong>Khaled\u00a0<span class=\"familyName\">Zamoum<\/span><\/strong><\/div>\n<div class=\"title\"><\/div>\n<\/div>\n<div class=\"title\"><a dir=\"ltr\" lang=\"fr\" xml:lang=\"fr\" href=\"https:\/\/journals.openedition.org\/communication\/17600\">Schallum PIERRE et Fehmi JAAFAR (2021),\u00a0<em>M\u00e9dias sociaux&#160;: perspectives sur les d\u00e9fis li\u00e9s \u00e0 la cybers\u00e9curit\u00e9, la gouvernementalit\u00e9 algorithmique et l\u2019intelligence artificielle<\/em><\/a>\u00a0<span class=\"fullText\">[Texte int\u00e9gral]<\/span><\/div>\n<div class=\"subtitle\">Qu\u00e9bec, Presses de l\u2019Universit\u00e9 Laval<\/div>\n<div>\n<div class=\"author\"><strong>Bertrand\u00a0<span class=\"familyName\">Mocquet<\/span><\/strong><\/div>\n<\/div>\n<div><\/div>\n<div class=\"title\"><a dir=\"ltr\" lang=\"fr\" xml:lang=\"fr\" href=\"https:\/\/journals.openedition.org\/communication\/17613\">Catherine ROTH (2022),\u00a0<em>La nation entre les lignes. Les Saxons de Transylvanie et la question des identit\u00e9s<\/em><\/a>\u00a0<span class=\"fullText\">[Texte int\u00e9gral]<\/span><\/div>\n<div class=\"subtitle\">Rennes, Presses universitaires de Rennes<\/div>\n<div class=\"author\">\n<div class=\"author\"><strong>Jean-Claude\u00a0<span class=\"familyName\">Soulages<\/span><\/strong><\/div>\n<div class=\"title\"><\/div>\n<p><a dir=\"ltr\" lang=\"fr\" xml:lang=\"fr\" href=\"https:\/\/journals.openedition.org\/communication\/17623\"><span lang=\"fr\" xml:lang=\"fr\">Denis RUELLAN et Josiane RUELLAN (2022),\u00a0<\/span><em><span lang=\"fr\" xml:lang=\"fr\">Reporters en guerre. Communication militaire et information m\u00e9diatique en Indochine (1945-1954)<\/span><\/em><\/a>\u00a0<span class=\"fullText\">[Texte int\u00e9gral]<\/span><\/p>\n<\/div>\n<div class=\"subtitle\"><span lang=\"fr\" xml:lang=\"fr\">Bruxelles, \u00c9ditions de l\u2019Universit\u00e9 de Bruxelles, Coll. \u00ab&#160;Journalisme et Communication&#160;\u00bb<\/span><\/div>\n<div>\n<div class=\"author\"><strong>Fran\u00e7ois\u00a0<span class=\"familyName\">Demers<\/span><\/strong><\/div>\n<div class=\"title\"><\/div>\n<\/div>\n<div class=\"title\"><a dir=\"ltr\" lang=\"fr\" xml:lang=\"fr\" href=\"https:\/\/journals.openedition.org\/communication\/17629\">Eva SANDRI (2020),\u00a0<em>Les imaginaires num\u00e9riques au mus\u00e9e&#160;? D\u00e9bats sur les injonctions \u00e0 l\u2019innovation<\/em><\/a>\u00a0<span class=\"fullText\">[Texte int\u00e9gral]<\/span><\/div>\n<div class=\"subtitle\">Paris, MkF \u00e9ditions, Coll.\u00a0\u00ab&#160;Les essais num\u00e9riques&#160;\u00bb<\/div>\n<div>\n<div class=\"author\"><strong>Delphine\u00a0<span class=\"familyName\">Az\u00e9ma<\/span><\/strong><\/div>\n<\/div>\n<div><\/div>\n<div class=\"title\"><a dir=\"ltr\" lang=\"fr\" xml:lang=\"fr\" href=\"https:\/\/journals.openedition.org\/communication\/17643\">Gabriel SEGR\u00c9 (2020),\u00a0<em>Les fans, une approche sociologique<\/em><\/a>\u00a0<span class=\"fullText\">[Texte int\u00e9gral]<\/span><\/div>\n<div class=\"subtitle\">Clermont-Ferrand, Presses universitaires Blaise Pascal, Coll.\u00a0<span lang=\"fr\" xml:lang=\"fr\">\u00ab&#160;<\/span>L\u2019Opportune&#160;\u00bb<\/div>\n<div>\n<div>\n<div class=\"title\"><strong style=\"font-size: 1rem;\">Ma\u00ebl <span class=\"familyName\">Rannou<\/span><\/strong><\/div>\n<\/div>\n<div class=\"title\"><\/div>\n<\/div>\n<div class=\"title\"><a dir=\"ltr\" lang=\"fr\" xml:lang=\"fr\" href=\"https:\/\/journals.openedition.org\/communication\/17650\">Christel TAILLIBERT (2020),\u00a0<em>Vid\u00e9o \u00e0 la demande&#160;: une nouvelle m\u00e9diation&#160;? R\u00e9flexions autour des plateformes cin\u00e9philes fran\u00e7aises<\/em><\/a>\u00a0<span class=\"fullText\">[Texte int\u00e9gral]<\/span><\/div>\n<div class=\"subtitle\">Paris, L\u2019Harmattan<\/div>\n<div>\n<div class=\"author\"><strong>Christian\u00a0<span class=\"familyName\">De\u00a0Moor<\/span><\/strong><\/div>\n<div class=\"title\"><\/div>\n<\/div><\/div>\n<div class=\"zn-singledetail-keywords\">\n<h3 class=\"zn-singledetail-section-title\">Mots-cl\u00e9s<\/h3>\n<ul class=\"termslist termslist-post_tag\">\n<li class=\"termslist-item termslist-title\"><span class=\"termslist-titletxt\">Mots-cl\u00e9s<\/span><span class=\"doubledot\"><\/span><\/li>\n<li class=\"termslist-item tax-post_tag term-epistemologie\"><a class=\"termslist-itemlink\" href=\"https:\/\/www.sfsic.org\/tag\/epistemologie\/\" title=\"\u00e9pist\u00e9mologie\"><span class=\"termslist-itemname\">\u00e9pist\u00e9mologie<\/span><\/a><\/li>\n<li class=\"termslist-item tax-post_tag term-numerique\"><a class=\"termslist-itemlink\" href=\"https:\/\/www.sfsic.org\/tag\/numerique\/\" title=\"Num\u00e9rique\"><span class=\"termslist-itemname\">Num\u00e9rique<\/span><\/a><\/li>\n<\/ul><\/div>\n<\/p><\/div>\n<\/p><\/div>\n<\/p><\/div>\n<\/p><\/div>\n<\/div>\n<p><!-- \/fxzn:singledetail --><\/p>\n","protected":false},"excerpt":{"rendered":"<p>Mis en ligne le 7 octobre 2023 Th\u00e9matiques Num\u00e9rique : strat\u00e9gies, dispositifs et usages Type de publication Num\u00e9ro de revue Nom de la publication Communication \u00c9dition OpenEdition Journals Pr\u00e9sentation Communication\u00a0se [&hellip;]<\/p>\n","protected":false},"author":1620,"featured_media":0,"comment_status":"closed","ping_status":"closed","sticky":false,"template":"","format":"standard","meta":{"_acf_changed":false,"footnotes":""},"categories":[70,31],"tags":[407,90],"thematique":[39],"sfsic":[],"class_list":["post-29560","post","type-post","status-publish","format-standard","hentry","category-numero-revue","category-publication","tag-epistemologie","tag-numerique","thematique-numerique-strategies-dispositifs-et-usages","wp-sticky"],"acf":[],"yoast_head":"<!-- This site is optimized with the Yoast SEO plugin v27.5 - https:\/\/yoast.com\/product\/yoast-seo-wordpress\/ -->\n<title>L\u2019histoire digitale et la recherche en communication<\/title>\n<meta name=\"description\" content=\"Le premier volet de la 40e \u00e9dition de la revue &quot;Communication&quot;, dirig\u00e9 par Dominique Trudel, Olivier Le Deuff et Stefanie Averbeck-Lietz est intitul\u00e9 &quot;L\u2019histoire digitale et la recherche en communication&quot;. Il est en ligne.\" \/>\n<meta name=\"robots\" content=\"index, follow, max-snippet:-1, max-image-preview:large, max-video-preview:-1\" \/>\n<link rel=\"canonical\" href=\"https:\/\/www.sfsic.org\/en\/publication\/lhistoire-digitale-et-la-recherche-en-communication-pas-termine\/\" \/>\n<meta property=\"og:locale\" content=\"en_US\" \/>\n<meta property=\"og:type\" content=\"article\" \/>\n<meta property=\"og:title\" content=\"L\u2019histoire digitale et la recherche en communication\" \/>\n<meta property=\"og:description\" content=\"Le premier volet de la 40e \u00e9dition de la revue &quot;Communication&quot;, dirig\u00e9 par Dominique Trudel, Olivier Le Deuff et Stefanie Averbeck-Lietz est intitul\u00e9 &quot;L\u2019histoire digitale et la recherche en communication&quot;. Il est en ligne.\" \/>\n<meta property=\"og:url\" content=\"https:\/\/www.sfsic.org\/en\/publication\/lhistoire-digitale-et-la-recherche-en-communication-pas-termine\/\" \/>\n<meta property=\"og:site_name\" content=\"SFSIC\" \/>\n<meta property=\"article:published_time\" content=\"2023-10-07T15:17:35+00:00\" \/>\n<meta property=\"article:modified_time\" content=\"2023-10-09T14:49:44+00:00\" \/>\n<meta property=\"og:image\" content=\"https:\/\/www.sfsic.org\/wp-inside\/uploads\/2023\/10\/communications_vol40_n1-780x1170.jpg\" \/>\n<meta name=\"author\" content=\"Julie Jacques\" \/>\n<meta name=\"twitter:card\" content=\"summary_large_image\" \/>\n<script type=\"application\/ld+json\" class=\"yoast-schema-graph\">{\"@context\":\"https:\\\/\\\/schema.org\",\"@graph\":[{\"@type\":\"Article\",\"@id\":\"https:\\\/\\\/www.sfsic.org\\\/en\\\/publication\\\/lhistoire-digitale-et-la-recherche-en-communication-pas-termine\\\/#article\",\"isPartOf\":{\"@id\":\"https:\\\/\\\/www.sfsic.org\\\/en\\\/publication\\\/lhistoire-digitale-et-la-recherche-en-communication-pas-termine\\\/\"},\"author\":{\"name\":\"Julie Jacques\",\"@id\":\"https:\\\/\\\/www.sfsic.org\\\/en\\\/#\\\/schema\\\/person\\\/3369e10593a4d709701163a75e1c0ef0\"},\"headline\":\"L\u2019histoire digitale et la recherche en communication\",\"datePublished\":\"2023-10-07T15:17:35+00:00\",\"dateModified\":\"2023-10-09T14:49:44+00:00\",\"mainEntityOfPage\":{\"@id\":\"https:\\\/\\\/www.sfsic.org\\\/en\\\/publication\\\/lhistoire-digitale-et-la-recherche-en-communication-pas-termine\\\/\"},\"wordCount\":861,\"publisher\":{\"@id\":\"https:\\\/\\\/www.sfsic.org\\\/en\\\/#organization\"},\"image\":{\"@id\":\"https:\\\/\\\/www.sfsic.org\\\/en\\\/publication\\\/lhistoire-digitale-et-la-recherche-en-communication-pas-termine\\\/#primaryimage\"},\"thumbnailUrl\":\"https:\\\/\\\/www.sfsic.org\\\/wp-inside\\\/uploads\\\/2023\\\/10\\\/communications_vol40_n1-780x1170.jpg\",\"keywords\":[\"\u00e9pist\u00e9mologie\",\"Num\u00e9rique\"],\"articleSection\":[\"Num\u00e9ro de revue\",\"Publications\"],\"inLanguage\":\"en-US\"},{\"@type\":\"WebPage\",\"@id\":\"https:\\\/\\\/www.sfsic.org\\\/en\\\/publication\\\/lhistoire-digitale-et-la-recherche-en-communication-pas-termine\\\/\",\"url\":\"https:\\\/\\\/www.sfsic.org\\\/en\\\/publication\\\/lhistoire-digitale-et-la-recherche-en-communication-pas-termine\\\/\",\"name\":\"L\u2019histoire digitale et la recherche en communication\",\"isPartOf\":{\"@id\":\"https:\\\/\\\/www.sfsic.org\\\/en\\\/#website\"},\"primaryImageOfPage\":{\"@id\":\"https:\\\/\\\/www.sfsic.org\\\/en\\\/publication\\\/lhistoire-digitale-et-la-recherche-en-communication-pas-termine\\\/#primaryimage\"},\"image\":{\"@id\":\"https:\\\/\\\/www.sfsic.org\\\/en\\\/publication\\\/lhistoire-digitale-et-la-recherche-en-communication-pas-termine\\\/#primaryimage\"},\"thumbnailUrl\":\"https:\\\/\\\/www.sfsic.org\\\/wp-inside\\\/uploads\\\/2023\\\/10\\\/communications_vol40_n1-780x1170.jpg\",\"datePublished\":\"2023-10-07T15:17:35+00:00\",\"dateModified\":\"2023-10-09T14:49:44+00:00\",\"description\":\"Le premier volet de la 40e \u00e9dition de la revue \\\"Communication\\\", dirig\u00e9 par Dominique Trudel, Olivier Le Deuff et Stefanie Averbeck-Lietz est intitul\u00e9 \\\"L\u2019histoire digitale et la recherche en communication\\\". Il est en ligne.\",\"breadcrumb\":{\"@id\":\"https:\\\/\\\/www.sfsic.org\\\/en\\\/publication\\\/lhistoire-digitale-et-la-recherche-en-communication-pas-termine\\\/#breadcrumb\"},\"inLanguage\":\"en-US\",\"potentialAction\":[{\"@type\":\"ReadAction\",\"target\":[\"https:\\\/\\\/www.sfsic.org\\\/en\\\/publication\\\/lhistoire-digitale-et-la-recherche-en-communication-pas-termine\\\/\"]}]},{\"@type\":\"ImageObject\",\"inLanguage\":\"en-US\",\"@id\":\"https:\\\/\\\/www.sfsic.org\\\/en\\\/publication\\\/lhistoire-digitale-et-la-recherche-en-communication-pas-termine\\\/#primaryimage\",\"url\":\"https:\\\/\\\/www.sfsic.org\\\/wp-inside\\\/uploads\\\/2023\\\/10\\\/communications_vol40_n1-780x1170.jpg\",\"contentUrl\":\"https:\\\/\\\/www.sfsic.org\\\/wp-inside\\\/uploads\\\/2023\\\/10\\\/communications_vol40_n1-780x1170.jpg\"},{\"@type\":\"BreadcrumbList\",\"@id\":\"https:\\\/\\\/www.sfsic.org\\\/en\\\/publication\\\/lhistoire-digitale-et-la-recherche-en-communication-pas-termine\\\/#breadcrumb\",\"itemListElement\":[{\"@type\":\"ListItem\",\"position\":1,\"name\":\"Accueil\",\"item\":\"https:\\\/\\\/www.sfsic.org\\\/en\\\/\"},{\"@type\":\"ListItem\",\"position\":2,\"name\":\"Publications\",\"item\":\"https:\\\/\\\/www.sfsic.org\\\/en\\\/publication-en\\\/\"},{\"@type\":\"ListItem\",\"position\":3,\"name\":\"Journal issue\",\"item\":\"https:\\\/\\\/www.sfsic.org\\\/en\\\/publication-en\\\/journal-issue\\\/\"},{\"@type\":\"ListItem\",\"position\":4,\"name\":\"L\u2019histoire digitale et la recherche en communication\"}]},{\"@type\":\"WebSite\",\"@id\":\"https:\\\/\\\/www.sfsic.org\\\/en\\\/#website\",\"url\":\"https:\\\/\\\/www.sfsic.org\\\/en\\\/\",\"name\":\"SFSIC\",\"description\":\"Soci\u00e9t\u00e9 Fran\u00e7aise des Sciences de l&#039;Information &amp; de la Communication\",\"publisher\":{\"@id\":\"https:\\\/\\\/www.sfsic.org\\\/en\\\/#organization\"},\"potentialAction\":[{\"@type\":\"SearchAction\",\"target\":{\"@type\":\"EntryPoint\",\"urlTemplate\":\"https:\\\/\\\/www.sfsic.org\\\/en\\\/?s={search_term_string}\"},\"query-input\":{\"@type\":\"PropertyValueSpecification\",\"valueRequired\":true,\"valueName\":\"search_term_string\"}}],\"inLanguage\":\"en-US\"},{\"@type\":\"Organization\",\"@id\":\"https:\\\/\\\/www.sfsic.org\\\/en\\\/#organization\",\"name\":\"SFSIC\",\"url\":\"https:\\\/\\\/www.sfsic.org\\\/en\\\/\",\"logo\":{\"@type\":\"ImageObject\",\"inLanguage\":\"en-US\",\"@id\":\"https:\\\/\\\/www.sfsic.org\\\/en\\\/#\\\/schema\\\/logo\\\/image\\\/\",\"url\":\"https:\\\/\\\/www.sfsic.org\\\/wp-inside\\\/uploads\\\/2020\\\/05\\\/logo-sfsic.jpg\",\"contentUrl\":\"https:\\\/\\\/www.sfsic.org\\\/wp-inside\\\/uploads\\\/2020\\\/05\\\/logo-sfsic.jpg\",\"width\":1085,\"height\":1080,\"caption\":\"SFSIC\"},\"image\":{\"@id\":\"https:\\\/\\\/www.sfsic.org\\\/en\\\/#\\\/schema\\\/logo\\\/image\\\/\"}},{\"@type\":\"Person\",\"@id\":\"https:\\\/\\\/www.sfsic.org\\\/en\\\/#\\\/schema\\\/person\\\/3369e10593a4d709701163a75e1c0ef0\",\"name\":\"Julie Jacques\",\"image\":{\"@type\":\"ImageObject\",\"inLanguage\":\"en-US\",\"@id\":\"https:\\\/\\\/secure.gravatar.com\\\/avatar\\\/a3765b948e2afaeecda434098ad6e30ab33792418ca2289ddcb340c7c5b42617?s=96&d=mm&r=g\",\"url\":\"https:\\\/\\\/secure.gravatar.com\\\/avatar\\\/a3765b948e2afaeecda434098ad6e30ab33792418ca2289ddcb340c7c5b42617?s=96&d=mm&r=g\",\"contentUrl\":\"https:\\\/\\\/secure.gravatar.com\\\/avatar\\\/a3765b948e2afaeecda434098ad6e30ab33792418ca2289ddcb340c7c5b42617?s=96&d=mm&r=g\",\"caption\":\"Julie Jacques\"}}]}<\/script>\n<!-- \/ Yoast SEO plugin. -->","yoast_head_json":{"title":"L\u2019histoire digitale et la recherche en communication","description":"Le premier volet de la 40e \u00e9dition de la revue \"Communication\", dirig\u00e9 par Dominique Trudel, Olivier Le Deuff et Stefanie Averbeck-Lietz est intitul\u00e9 \"L\u2019histoire digitale et la recherche en communication\". Il est en ligne.","robots":{"index":"index","follow":"follow","max-snippet":"max-snippet:-1","max-image-preview":"max-image-preview:large","max-video-preview":"max-video-preview:-1"},"canonical":"https:\/\/www.sfsic.org\/en\/publication\/lhistoire-digitale-et-la-recherche-en-communication-pas-termine\/","og_locale":"en_US","og_type":"article","og_title":"L\u2019histoire digitale et la recherche en communication","og_description":"Le premier volet de la 40e \u00e9dition de la revue \"Communication\", dirig\u00e9 par Dominique Trudel, Olivier Le Deuff et Stefanie Averbeck-Lietz est intitul\u00e9 \"L\u2019histoire digitale et la recherche en communication\". Il est en ligne.","og_url":"https:\/\/www.sfsic.org\/en\/publication\/lhistoire-digitale-et-la-recherche-en-communication-pas-termine\/","og_site_name":"SFSIC","article_published_time":"2023-10-07T15:17:35+00:00","article_modified_time":"2023-10-09T14:49:44+00:00","og_image":[{"url":"https:\/\/www.sfsic.org\/wp-inside\/uploads\/2023\/10\/communications_vol40_n1-780x1170.jpg","type":"","width":"","height":""}],"author":"Julie Jacques","twitter_card":"summary_large_image","schema":{"@context":"https:\/\/schema.org","@graph":[{"@type":"Article","@id":"https:\/\/www.sfsic.org\/en\/publication\/lhistoire-digitale-et-la-recherche-en-communication-pas-termine\/#article","isPartOf":{"@id":"https:\/\/www.sfsic.org\/en\/publication\/lhistoire-digitale-et-la-recherche-en-communication-pas-termine\/"},"author":{"name":"Julie Jacques","@id":"https:\/\/www.sfsic.org\/en\/#\/schema\/person\/3369e10593a4d709701163a75e1c0ef0"},"headline":"L\u2019histoire digitale et la recherche en communication","datePublished":"2023-10-07T15:17:35+00:00","dateModified":"2023-10-09T14:49:44+00:00","mainEntityOfPage":{"@id":"https:\/\/www.sfsic.org\/en\/publication\/lhistoire-digitale-et-la-recherche-en-communication-pas-termine\/"},"wordCount":861,"publisher":{"@id":"https:\/\/www.sfsic.org\/en\/#organization"},"image":{"@id":"https:\/\/www.sfsic.org\/en\/publication\/lhistoire-digitale-et-la-recherche-en-communication-pas-termine\/#primaryimage"},"thumbnailUrl":"https:\/\/www.sfsic.org\/wp-inside\/uploads\/2023\/10\/communications_vol40_n1-780x1170.jpg","keywords":["\u00e9pist\u00e9mologie","Num\u00e9rique"],"articleSection":["Num\u00e9ro de revue","Publications"],"inLanguage":"en-US"},{"@type":"WebPage","@id":"https:\/\/www.sfsic.org\/en\/publication\/lhistoire-digitale-et-la-recherche-en-communication-pas-termine\/","url":"https:\/\/www.sfsic.org\/en\/publication\/lhistoire-digitale-et-la-recherche-en-communication-pas-termine\/","name":"L\u2019histoire digitale et la recherche en communication","isPartOf":{"@id":"https:\/\/www.sfsic.org\/en\/#website"},"primaryImageOfPage":{"@id":"https:\/\/www.sfsic.org\/en\/publication\/lhistoire-digitale-et-la-recherche-en-communication-pas-termine\/#primaryimage"},"image":{"@id":"https:\/\/www.sfsic.org\/en\/publication\/lhistoire-digitale-et-la-recherche-en-communication-pas-termine\/#primaryimage"},"thumbnailUrl":"https:\/\/www.sfsic.org\/wp-inside\/uploads\/2023\/10\/communications_vol40_n1-780x1170.jpg","datePublished":"2023-10-07T15:17:35+00:00","dateModified":"2023-10-09T14:49:44+00:00","description":"Le premier volet de la 40e \u00e9dition de la revue \"Communication\", dirig\u00e9 par Dominique Trudel, Olivier Le Deuff et Stefanie Averbeck-Lietz est intitul\u00e9 \"L\u2019histoire digitale et la recherche en communication\". Il est en ligne.","breadcrumb":{"@id":"https:\/\/www.sfsic.org\/en\/publication\/lhistoire-digitale-et-la-recherche-en-communication-pas-termine\/#breadcrumb"},"inLanguage":"en-US","potentialAction":[{"@type":"ReadAction","target":["https:\/\/www.sfsic.org\/en\/publication\/lhistoire-digitale-et-la-recherche-en-communication-pas-termine\/"]}]},{"@type":"ImageObject","inLanguage":"en-US","@id":"https:\/\/www.sfsic.org\/en\/publication\/lhistoire-digitale-et-la-recherche-en-communication-pas-termine\/#primaryimage","url":"https:\/\/www.sfsic.org\/wp-inside\/uploads\/2023\/10\/communications_vol40_n1-780x1170.jpg","contentUrl":"https:\/\/www.sfsic.org\/wp-inside\/uploads\/2023\/10\/communications_vol40_n1-780x1170.jpg"},{"@type":"BreadcrumbList","@id":"https:\/\/www.sfsic.org\/en\/publication\/lhistoire-digitale-et-la-recherche-en-communication-pas-termine\/#breadcrumb","itemListElement":[{"@type":"ListItem","position":1,"name":"Accueil","item":"https:\/\/www.sfsic.org\/en\/"},{"@type":"ListItem","position":2,"name":"Publications","item":"https:\/\/www.sfsic.org\/en\/publication-en\/"},{"@type":"ListItem","position":3,"name":"Journal issue","item":"https:\/\/www.sfsic.org\/en\/publication-en\/journal-issue\/"},{"@type":"ListItem","position":4,"name":"L\u2019histoire digitale et la recherche en communication"}]},{"@type":"WebSite","@id":"https:\/\/www.sfsic.org\/en\/#website","url":"https:\/\/www.sfsic.org\/en\/","name":"SFSIC","description":"Soci\u00e9t\u00e9 Fran\u00e7aise des Sciences de l&#039;Information &amp; de la Communication","publisher":{"@id":"https:\/\/www.sfsic.org\/en\/#organization"},"potentialAction":[{"@type":"SearchAction","target":{"@type":"EntryPoint","urlTemplate":"https:\/\/www.sfsic.org\/en\/?s={search_term_string}"},"query-input":{"@type":"PropertyValueSpecification","valueRequired":true,"valueName":"search_term_string"}}],"inLanguage":"en-US"},{"@type":"Organization","@id":"https:\/\/www.sfsic.org\/en\/#organization","name":"SFSIC","url":"https:\/\/www.sfsic.org\/en\/","logo":{"@type":"ImageObject","inLanguage":"en-US","@id":"https:\/\/www.sfsic.org\/en\/#\/schema\/logo\/image\/","url":"https:\/\/www.sfsic.org\/wp-inside\/uploads\/2020\/05\/logo-sfsic.jpg","contentUrl":"https:\/\/www.sfsic.org\/wp-inside\/uploads\/2020\/05\/logo-sfsic.jpg","width":1085,"height":1080,"caption":"SFSIC"},"image":{"@id":"https:\/\/www.sfsic.org\/en\/#\/schema\/logo\/image\/"}},{"@type":"Person","@id":"https:\/\/www.sfsic.org\/en\/#\/schema\/person\/3369e10593a4d709701163a75e1c0ef0","name":"Julie Jacques","image":{"@type":"ImageObject","inLanguage":"en-US","@id":"https:\/\/secure.gravatar.com\/avatar\/a3765b948e2afaeecda434098ad6e30ab33792418ca2289ddcb340c7c5b42617?s=96&d=mm&r=g","url":"https:\/\/secure.gravatar.com\/avatar\/a3765b948e2afaeecda434098ad6e30ab33792418ca2289ddcb340c7c5b42617?s=96&d=mm&r=g","contentUrl":"https:\/\/secure.gravatar.com\/avatar\/a3765b948e2afaeecda434098ad6e30ab33792418ca2289ddcb340c7c5b42617?s=96&d=mm&r=g","caption":"Julie Jacques"}}]}},"_links":{"self":[{"href":"https:\/\/www.sfsic.org\/en\/wp-json\/wp\/v2\/posts\/29560","targetHints":{"allow":["GET"]}}],"collection":[{"href":"https:\/\/www.sfsic.org\/en\/wp-json\/wp\/v2\/posts"}],"about":[{"href":"https:\/\/www.sfsic.org\/en\/wp-json\/wp\/v2\/types\/post"}],"author":[{"embeddable":true,"href":"https:\/\/www.sfsic.org\/en\/wp-json\/wp\/v2\/users\/1620"}],"replies":[{"embeddable":true,"href":"https:\/\/www.sfsic.org\/en\/wp-json\/wp\/v2\/comments?post=29560"}],"version-history":[{"count":8,"href":"https:\/\/www.sfsic.org\/en\/wp-json\/wp\/v2\/posts\/29560\/revisions"}],"predecessor-version":[{"id":29593,"href":"https:\/\/www.sfsic.org\/en\/wp-json\/wp\/v2\/posts\/29560\/revisions\/29593"}],"wp:attachment":[{"href":"https:\/\/www.sfsic.org\/en\/wp-json\/wp\/v2\/media?parent=29560"}],"wp:term":[{"taxonomy":"category","embeddable":true,"href":"https:\/\/www.sfsic.org\/en\/wp-json\/wp\/v2\/categories?post=29560"},{"taxonomy":"post_tag","embeddable":true,"href":"https:\/\/www.sfsic.org\/en\/wp-json\/wp\/v2\/tags?post=29560"},{"taxonomy":"thematique","embeddable":true,"href":"https:\/\/www.sfsic.org\/en\/wp-json\/wp\/v2\/thematique?post=29560"},{"taxonomy":"sfsic","embeddable":true,"href":"https:\/\/www.sfsic.org\/en\/wp-json\/wp\/v2\/sfsic?post=29560"}],"curies":[{"name":"wp","href":"https:\/\/api.w.org\/{rel}","templated":true}]}}