{"id":29547,"date":"2023-10-08T16:38:34","date_gmt":"2023-10-08T14:38:34","guid":{"rendered":"https:\/\/www.sfsic.org\/?p=29547"},"modified":"2023-10-09T16:49:14","modified_gmt":"2023-10-09T14:49:14","slug":"culture-et-musees-voir-le-musee-autrement","status":"publish","type":"post","link":"https:\/\/www.sfsic.org\/en\/publication\/culture-et-musees-voir-le-musee-autrement\/","title":{"rendered":"Voir le mus\u00e9e autrement : le champ des possibles"},"content":{"rendered":"<p><!-- fxzn:singledetail --><\/p>\n<div class=\"zone zn-singledetail\" id=\"fxzn-singledetail-1\">\n<div class=\"zone-block zn-singledetail-block alignwide va-top\">\n<div class=\"row\">\n<div class=\"columns large-8 large-push-4\">\n<div class=\"zn-singledetail-metabox\">\n<div class=\"zn-singledetail-pubdate pubdate\">\n\t\t\t\t\t<span class=\"pubdate-txt\">Mis en ligne le<\/span><span class=\"doubledot\"><\/span> <time class=\"pubdate-time\" pubdate datetime=\"2023-10-08T16:38:34+02:00\">8 octobre 2023<\/time>\t\t\t\t<\/div>\n<div class=\"zn-singledetail-thematiques with-sep-comma\">\n<ul class=\"termslist termslist-thematique\">\n<li class=\"termslist-item termslist-title\"><span class=\"termslist-titletxt\">Th\u00e9matiques<\/span><span class=\"doubledot\"><\/span><\/li>\n<li class=\"termslist-item tax-thematique term-images-cinema-medias-audiovisuels-et-industries-culturelles\"><a class=\"termslist-itemlink\" href=\"https:\/\/www.sfsic.org\/thematiques\/images-cinema-medias-audiovisuels-et-industries-culturelles\/\" title=\"Images, cin\u00e9ma, m\u00e9dias audiovisuels et industries culturelles\"><span class=\"termslist-itemname\">Images, cin\u00e9ma, m\u00e9dias audiovisuels et industries culturelles<\/span><\/a><\/li>\n<li class=\"termslist-item tax-thematique term-mediations-memorielles-culturelles-et-patrimoniales\"><a class=\"termslist-itemlink\" href=\"https:\/\/www.sfsic.org\/thematiques\/mediations-memorielles-culturelles-et-patrimoniales\/\" title=\"M\u00e9diations m\u00e9morielles, culturelles et patrimoniales\"><span class=\"termslist-itemname\">M\u00e9diations m\u00e9morielles, culturelles et patrimoniales<\/span><\/a><\/li>\n<\/ul><\/div>\n<\/p><\/div>\n<\/p><\/div>\n<\/p><\/div>\n<div class=\"row\">\n<div class=\"columns large-4\">\n<div class=\"zn-singledetail-sidebar bg-cornersquares\">\n<div class=\"zn-singledetail-infos\">\n<p class=\"zn-singledetail-type\">\n\t\t\t\t\t\t\t<span>Type de publication<\/span><span class=\"doubledot\"><\/span> <strong>Num\u00e9ro de revue<\/strong>\n\t\t\t\t\t<\/p>\n<p class=\"zn-singledetail-name\">\n\t\t\t\t\t\t\t<span>Nom de la publication<\/span><span class=\"doubledot\"><\/span> <strong>Culture et Mus\u00e9es <\/strong>\n\t\t\t\t\t<\/p>\n<p class=\"zn-singledetail-edition\">\n\t\t\t\t\t\t\t<span>\u00c9dition<\/span><span class=\"doubledot\"><\/span> <strong>OpenEdition.org<\/strong>\n\t\t\t\t\t<\/p>\n<\/p><\/div>\n<div class=\"zn-singledetail-contacts\">\n<h3 class=\"zn-singledetail-section-title\">Contacts<\/h3>\n<ul class=\"zn-singledetail-contacts-list\">\n<li class=\"zn-singledetail-contact\">\n\t\t\t\t\t\t\t<span class=\"zn-singledetail-contact-name\">Contacter la revue <\/span><span class=\"doubledot\"><\/span><br \/>\n\t\t\t\t\t\t\t\t\t\t\t\t\t\t<a class=\"zn-singledetail-contact-mail prettylink\" href=\"mailto:Culture.Musees@gmail.com\">Culture.Musees@gmail.com<\/a>\n\t\t\t\t\t\t\t\t\t\t\t\t\t<\/li>\n<\/ul><\/div>\n<div class=\"zn-singledetail-weblinks\">\n<h3 class=\"zn-singledetail-section-title\">Sites internet de r\u00e9f\u00e9rence<\/h3>\n<ul class=\"zn-singledetail-weblinks-list\">\n<li>\n\t\t\t\t\t\t\t<a class=\"prettylink chainlink\" href=\"https:\/\/journals.openedition.org\/culturemusees\/9686\" title=\"\" target=\"_blank\" rel=\"noopener\">Num\u00e9ro disponible sur OpenEdition Journals<\/a>\n\t\t\t\t\t\t<\/li>\n<\/ul><\/div>\n<\/p><\/div>\n<\/p><\/div>\n<div class=\"columns large-8\">\n<div class=\"zn-singledetail-contentbox\">\n<div class=\"zn-singledetail-annonce wig-content\">\n<p><img decoding=\"async\" loading=\"lazy\" class=\"wp-image-29551 aligncenter\" src=\"https:\/\/www.sfsic.org\/wp-inside\/uploads\/2023\/10\/vignette_cuture-musees-300x141.png\" alt=\"\" width=\"277\" height=\"130\" srcset=\"https:\/\/www.sfsic.org\/wp-inside\/uploads\/2023\/10\/vignette_cuture-musees-300x141.png 300w, https:\/\/www.sfsic.org\/wp-inside\/uploads\/2023\/10\/vignette_cuture-musees-320x150.png 320w, https:\/\/www.sfsic.org\/wp-inside\/uploads\/2023\/10\/vignette_cuture-musees-200x94.png 200w, https:\/\/www.sfsic.org\/wp-inside\/uploads\/2023\/10\/vignette_cuture-musees.png 600w\" sizes=\"auto, (max-width: 277px) 100vw, 277px\" \/><\/p>\n<div id=\"publiIntroduction\">\n<div id=\"intro-9686-fr\" class=\"tabContent ltr\" lang=\"fr\" xml:lang=\"fr\">\n<p>Le n\u00b041 de la revue Culture &amp; Mus\u00e9es intitul\u00e9 \u00ab&#160;Voir le mus\u00e9e autrement&#160;: le champ des possibles&#160;\u00bb, est en ligne.<\/p>\n<\/div>\n<\/div>\n<h2>Pr\u00e9sentation<\/h2>\n<div id=\"publiIntroduction\">\n<div id=\"intro-9686-fr\" class=\"tabContent ltr\" lang=\"fr\" xml:lang=\"fr\">\n<p>Apr\u00e8s la crise majeure travers\u00e9e par les institutions culturelles lors de la pand\u00e9mie de la covid-19, la revue\u00a0<em>Culture &amp; Mus\u00e9es<\/em>\u00a0a souhait\u00e9 organiser une r\u00e9flexion ouverte et constructive sur l\u2019avenir des mus\u00e9es. Elle s\u2019est inscrite dans le cadre de journ\u00e9es d\u2019\u00e9tude organis\u00e9es pour la c\u00e9l\u00e9bration du 30<sup>e<\/sup>\u00a0anniversaire de la revue, qui avaient pour titre \u00ab&#160;Voir le mus\u00e9e autrement&#160;: le champ des possibles&#160;\u00bb. Cette livraison anniversaire se nourrit des discussions commenc\u00e9es lors de ces journ\u00e9es de l\u2019automne 2021. Elle propose une approche prospective de la mus\u00e9ologie et du mus\u00e9e \u00e0 partir d\u2019une diversit\u00e9 de regards fond\u00e9s \u00e0 la fois sur des travaux de recherche et sur des exp\u00e9riences pratiques. La particularit\u00e9 de ce num\u00e9ro sp\u00e9cial est en effet de m\u00ealer articles scientifiques et points de vue de professionnels, en encourageant une forme d\u2019\u00e9criture plus libre et plus personnelle.<\/p>\n<p>&nbsp;<\/p>\n<p style=\"text-align: center;\"><a class=\"button outline with-arrow\" href=\"https:\/\/www.unilim.fr\/actes-semiotiques\/8052\" target=\"_blank\" rel=\"noopener\">Consulter la revue<\/a><\/p>\n<\/div>\n<div id=\"intro-9686-en\" class=\"tabContent hidden ltr\" lang=\"en\" xml:lang=\"en\">\n<p>&nbsp;<\/p>\n<\/div>\n<div id=\"intro-9686-es\" class=\"tabContent hidden ltr\" lang=\"es\" xml:lang=\"es\">\n<h2>Sommaire<\/h2>\n<\/div>\n<\/div>\n<div class=\"title\"><a dir=\"ltr\" lang=\"fr\" xml:lang=\"fr\" href=\"https:\/\/journals.openedition.org\/culturemusees\/9698\">Hommage \u00e0 Jean-Paul Capitani<\/a>\u00a0<span class=\"fullText\">[Texte int\u00e9gral]<\/span><\/div>\n<div><strong>Daniel Jacobi<\/strong><\/div>\n<div><\/div>\n<div class=\"title\"><a dir=\"ltr\" lang=\"fr\" xml:lang=\"fr\" href=\"https:\/\/journals.openedition.org\/culturemusees\/9701\">Remerciements \u00e0 Marie-Sylvie Poli<\/a>\u00a0<span class=\"fullText\">[Texte int\u00e9gral]<\/span><\/div>\n<div><strong>Pascale\u00a0<span class=\"familyName\">Ancel<\/span>\u00a0et \u00c9ric\u00a0<span class=\"familyName\">Triquet<\/span><\/strong><\/div>\n<div><\/div>\n<div class=\"title\"><a dir=\"ltr\" lang=\"fr\" xml:lang=\"fr\" href=\"https:\/\/journals.openedition.org\/culturemusees\/9708\">\u00c9ditorial. Les incertitudes des mus\u00e9es<\/a>\u00a0<span class=\"fullText\">[Texte int\u00e9gral]<\/span><\/div>\n<div><strong>Jean\u00a0<span class=\"familyName\">Davallon<\/span>\u00a0et Dominique\u00a0<span class=\"familyName\">Poulot<\/span><\/strong><\/div>\n<h3 class=\"section\"><span class=\"text\">Dossier<\/span><\/h3>\n<div class=\"title\"><a dir=\"ltr\" lang=\"fr\" xml:lang=\"fr\" href=\"https:\/\/journals.openedition.org\/culturemusees\/9712\">Introduction<\/a>\u00a0<span class=\"fullText\">[Texte int\u00e9gral]<\/span><\/div>\n<div><strong>\u00c9ric\u00a0<span class=\"familyName\">Triquet<\/span><\/strong><\/div>\n<div class=\"author\"><\/div>\n<div class=\"title\"><a dir=\"ltr\" lang=\"fr\" xml:lang=\"fr\" href=\"https:\/\/journals.openedition.org\/culturemusees\/9717\">Pour une perception globale de l\u2019\u00e9volution des mus\u00e9es<\/a>\u00a0<span class=\"fullText\">[Texte int\u00e9gral]<\/span><\/div>\n<div><strong>Fran\u00e7ois\u00a0<span class=\"familyName\">Mairesse<\/span><\/strong><\/div>\n<div class=\"author\"><\/div>\n<div class=\"title\"><a dir=\"ltr\" lang=\"fr\" xml:lang=\"fr\" href=\"https:\/\/journals.openedition.org\/culturemusees\/9793\">Pour un mus\u00e9e pluriversel&#160;: de la violence \u00e9pist\u00e9mique aux \u00e9cologies de savoirs<\/a>\u00a0<span class=\"fullText\">[Texte int\u00e9gral]<\/span><\/div>\n<div><strong>Paul\u00a0<span class=\"familyName\">Basu<\/span><\/strong><\/div>\n<div class=\"author\"><\/div>\n<div class=\"title\"><a dir=\"ltr\" lang=\"fr\" xml:lang=\"fr\" href=\"https:\/\/journals.openedition.org\/culturemusees\/9877\">Pratiquer la pr\u00e9sence&#160;: la fabuleuse vocation du mus\u00e9e-du-monde<\/a>\u00a0<span class=\"fullText\">[Texte int\u00e9gral]<\/span><\/div>\n<div><strong>Alice\u00a0<span class=\"familyName\">Semedo<\/span><\/strong><\/div>\n<div><\/div>\n<div class=\"title\"><a dir=\"ltr\" lang=\"fr\" xml:lang=\"fr\" href=\"https:\/\/journals.openedition.org\/culturemusees\/9947\">Le mus\u00e9e du futur&#160;: imaginaire du mus\u00e9e dans la litt\u00e9rature contemporaine imag\u00e9e<\/a>\u00a0<span class=\"fullText\">[Texte int\u00e9gral]<\/span><\/div>\n<div>\n<div class=\"author\"><strong>Anne\u00a0<span class=\"familyName\">Chassagnol<\/span>\u00a0et Caroline\u00a0<span class=\"familyName\">Marie<\/span><\/strong><\/div>\n<div class=\"title\"><\/div>\n<\/div>\n<div class=\"title\"><a dir=\"ltr\" lang=\"fr\" xml:lang=\"fr\" href=\"https:\/\/journals.openedition.org\/culturemusees\/10013\">Vers des mus\u00e9es scientifiques de quatri\u00e8me g\u00e9n\u00e9ration&#160;: changer les objectifs, changer les r\u00f4les<\/a>\u00a0<span class=\"fullText\">[Texte int\u00e9gral]<\/span><\/div>\n<div class=\"altertitle\" lang=\"en\" xml:lang=\"en\"><strong>Erminia\u00a0<span class=\"familyName\">Pedretti<\/span>\u00a0et Ana Maria\u00a0<span class=\"familyName\">Navas\u00a0Iannini<\/span><\/strong><\/div>\n<h3 class=\"section\"><span class=\"text\">\u00c9tudes &amp; notes de recherche<\/span><\/h3>\n<div class=\"title\"><a dir=\"ltr\" lang=\"fr\" xml:lang=\"fr\" href=\"https:\/\/journals.openedition.org\/culturemusees\/10106\">L\u2019avenir du mus\u00e9e est social<\/a>\u00a0<span class=\"fullText\">[Texte int\u00e9gral]<\/span><\/div>\n<div><strong>Graham\u00a0<span class=\"familyName\">Black<\/span><\/strong><\/div>\n<div class=\"author\"><\/div>\n<div class=\"title\"><a dir=\"ltr\" lang=\"fr\" xml:lang=\"fr\" href=\"https:\/\/journals.openedition.org\/culturemusees\/10140\">L\u2019\u00e9tude des prestataires dans les transformations des mus\u00e9es. L\u2019exemple des offres num\u00e9riques<\/a>\u00a0<span class=\"fullText\">[Texte int\u00e9gral]<\/span><\/div>\n<div><strong>No\u00e9mie\u00a0<span class=\"familyName\">Couillard<\/span><\/strong><\/div>\n<h3 class=\"section\"><span class=\"text\">Exp\u00e9riences &amp; points de vue<\/span><\/h3>\n<div class=\"title\"><a dir=\"ltr\" lang=\"fr\" xml:lang=\"fr\" href=\"https:\/\/journals.openedition.org\/culturemusees\/10169\">Une extension vers quoi&#160;? Quelques r\u00e9flexions sur le mus\u00e9e de demain<\/a>\u00a0<span class=\"fullText\">[Texte int\u00e9gral]<\/span><\/div>\n<div><\/div>\n<div class=\"author\"><strong>Marc\u00a0<span class=\"familyName\">Atallah<\/span>\u00a0et Marie-Sylvie\u00a0<span class=\"familyName\">Poli<\/span><\/strong><\/div>\n<div><\/div>\n<div class=\"title\"><a dir=\"ltr\" lang=\"fr\" xml:lang=\"fr\" href=\"https:\/\/journals.openedition.org\/culturemusees\/10204\">\u00ab&#160;Oser la singularit\u00e9&#160;\u00bb, entretien avec Marc Atallah, directeur de La Maison d\u2019Ailleurs \u00e0 Yverdon-les-Bains, r\u00e9alis\u00e9 par Marie-Sylvie Poli<\/a>\u00a0<span class=\"fullText\">[Texte int\u00e9gral]<\/span><\/div>\n<div>\n<div>\n<div class=\"author\"><strong>Chris\u00a0<span class=\"familyName\">Dercon<\/span>\u00a0et Oscar\u00a0<span class=\"familyName\">Lecuyer<\/span><\/strong><\/div>\n<\/div>\n<div><\/div>\n<\/div>\n<div class=\"title\"><a dir=\"ltr\" lang=\"fr\" xml:lang=\"fr\" href=\"https:\/\/journals.openedition.org\/culturemusees\/10249\">\u00ab&#160;Le mus\u00e9e hier, aujourd\u2019hui et demain&#160;?&#160;\u00bb, entretien avec Ludovic Maggioni, directeur du Museum d\u2019histoire naturelle de Neuch\u00e2tel, r\u00e9alis\u00e9 par Marie-Sylvie Poli<\/a>\u00a0<span class=\"fullText\">[Texte int\u00e9gral]<\/span><\/div>\n<div>\n<div class=\"author\"><strong>Ludovic\u00a0<span class=\"familyName\">Maggioni<\/span>\u00a0et Marie-Sylvie\u00a0<span class=\"familyName\">Poli<\/span><\/strong><\/div>\n<div class=\"title\"><\/div>\n<\/div>\n<h3 class=\"section\"><span class=\"text\">Paroles de jeunes docteurs<\/span><\/h3>\n<div class=\"title\"><a dir=\"ltr\" lang=\"fr\" xml:lang=\"fr\" href=\"https:\/\/journals.openedition.org\/culturemusees\/10280\">Circulations et valeurs des objets oc\u00e9aniens dans les collections priv\u00e9es et publiques (1980-2020)<\/a>\u00a0<span class=\"fullText\">[Texte int\u00e9gral]<\/span><\/div>\n<div><strong>Marion\u00a0<span class=\"familyName\">Bertin<\/span><\/strong><\/div>\n<div><\/div>\n<div class=\"title\"><a dir=\"ltr\" lang=\"fr\" xml:lang=\"fr\" href=\"https:\/\/journals.openedition.org\/culturemusees\/10294\">Les mus\u00e9es de femmes&#160;: entre patrimonialisation et engagement social. \u00c9manciper les femmes gr\u00e2ce au mus\u00e9e&#160;?<\/a>\u00a0<span class=\"fullText\">[Texte int\u00e9gral]<\/span><\/div>\n<div>\n<div class=\"author\"><strong>Julie\u00a0<span class=\"familyName\">Botte<\/span><\/strong><\/div>\n<div class=\"title\"><\/div>\n<\/div>\n<div class=\"title\"><a dir=\"ltr\" lang=\"fr\" xml:lang=\"fr\" href=\"https:\/\/journals.openedition.org\/culturemusees\/10309\">La m\u00e9moire en morceaux. Une ethnographie de la patrimonialisation des minorit\u00e9s LGBTQI et de la lutte contre le sida<\/a>\u00a0<span class=\"fullText\">[Texte int\u00e9gral]<\/span><\/div>\n<div>\n<div class=\"author\"><strong>Renaud\u00a0<span class=\"familyName\">Chantraine<\/span><\/strong><\/div>\n<div class=\"title\"><\/div>\n<\/div>\n<h3 class=\"section\"><span class=\"text\">Visites d\u2019expositions<\/span><\/h3>\n<div class=\"title\"><a dir=\"ltr\" lang=\"fr\" xml:lang=\"fr\" href=\"https:\/\/journals.openedition.org\/culturemusees\/10335\">Sens des objets, pr\u00e9sence des sujets.\u00a0<em>L\u2019Ab\u00eeme. Nantes dans la traite atlantique et l\u2019esclavage colonial, 1707-1830<\/em>\u00a0(Mus\u00e9e d\u2019histoire de Nantes, du 16\u00a0octobre 2021 au 19\u00a0juin 2022<\/a>\u00a0<span class=\"fullText\">[Texte int\u00e9gral]<\/span><\/div>\n<div><strong>Ga\u00eblle\u00a0<span class=\"familyName\">Crenn<\/span><\/strong><\/div>\n<div><\/div>\n<div class=\"title\"><a dir=\"ltr\" lang=\"fr\" xml:lang=\"fr\" href=\"https:\/\/journals.openedition.org\/culturemusees\/10339\">Le Museon Arlaten, un r\u00e9cit de mus\u00e9ographies<\/a>\u00a0<span class=\"fullText\">[Texte int\u00e9gral]<\/span><\/div>\n<div>\n<div class=\"author\"><strong>Lise\u00a0<span class=\"familyName\">Renaud<\/span><\/strong><\/div>\n<div class=\"title\"><\/div>\n<\/div>\n<h3 class=\"section\"><span class=\"text\">Lectures<\/span><\/h3>\n<div class=\"title\"><a dir=\"ltr\" lang=\"fr\" xml:lang=\"fr\" href=\"https:\/\/journals.openedition.org\/culturemusees\/10359\">In\u00eas Gouveia, Mario Chagas, Manuelina Maria Duarte C\u00e2ndido &amp; Dominique Schoeni. 2022.\u00a0<em>La mus\u00e9ologie sociale<\/em><\/a>\u00a0<span class=\"fullText\">[Texte int\u00e9gral]<\/span><\/div>\n<div>\n<div class=\"author\"><strong>Fabien\u00a0<span class=\"familyName\">Van\u00a0Geert<\/span>\u00a0et Mathieu\u00a0<span class=\"familyName\">Viau-Courville<\/span><\/strong><\/div>\n<\/div>\n<div class=\"author\"><\/div>\n<div class=\"title\"><a dir=\"ltr\" lang=\"fr\" xml:lang=\"fr\" href=\"https:\/\/journals.openedition.org\/culturemusees\/10399\">Alessandra Broccolini, Pietro Clemente, Lia Giancristofaro (dir.). 2021.\u00a0<em>Patrimonio in ComunicAzione. Nuove sfide per i Musei DemoEtnoAntropologici<\/em><\/a>\u00a0<span class=\"fullText\">[Texte int\u00e9gral]<\/span><\/div>\n<div class=\"author\"><b>Fran\u00e7oise Rigat<\/b><\/div>\n<div><\/div>\n<div class=\"title\"><a dir=\"ltr\" lang=\"fr\" xml:lang=\"fr\" href=\"https:\/\/journals.openedition.org\/culturemusees\/10429\">Dominique Poulot. 2022.\u00a0<em>L\u2019effet mus\u00e9e&#160;:\u00a0objets, pratiques et cultures<\/em><\/a>\u00a0<span class=\"fullText\">[Texte int\u00e9gral]<\/span><\/div>\n<div class=\"author\"><strong>Felicity\u00a0<span class=\"familyName\">Bodenstein<\/span><\/strong><\/div>\n<div><\/div>\n<div class=\"title\"><a dir=\"ltr\" lang=\"fr\" xml:lang=\"fr\" href=\"https:\/\/journals.openedition.org\/culturemusees\/10430\">Jes\u00fas Pedro Lorente. 2022.\u00a0<em>Reflexiones sobre museolog\u00eda cr\u00edtica, dentro y fuera de los museos<\/em><\/a>\u00a0<span class=\"fullText\">[Texte int\u00e9gral]<\/span><\/div>\n<div><strong>Dominique Poulot<\/strong><\/div>\n<div><\/div>\n<div class=\"title\"><a dir=\"ltr\" lang=\"fr\" xml:lang=\"fr\" href=\"https:\/\/journals.openedition.org\/culturemusees\/10440\">Fran\u00e7ois Mairesse (dir.). 2022.\u00a0<em>Dictionnaire de mus\u00e9ologie<\/em><\/a>\u00a0<span class=\"fullText\">[Texte int\u00e9gral]<\/span><\/div>\n<div>\n<div class=\"author\"><strong>Anik\u00a0<span class=\"familyName\">Meunier<\/span><\/strong><\/div>\n<div class=\"title\"><\/div>\n<\/div><\/div>\n<div class=\"zn-singledetail-keywords\">\n<h3 class=\"zn-singledetail-section-title\">Mots-cl\u00e9s<\/h3>\n<ul class=\"termslist termslist-post_tag\">\n<li class=\"termslist-item termslist-title\"><span class=\"termslist-titletxt\">Mots-cl\u00e9s<\/span><span class=\"doubledot\"><\/span><\/li>\n<li class=\"termslist-item tax-post_tag term-art\"><a class=\"termslist-itemlink\" href=\"https:\/\/www.sfsic.org\/tag\/art\/\" title=\"art\"><span class=\"termslist-itemname\">art<\/span><\/a><\/li>\n<li class=\"termslist-item tax-post_tag term-culture\"><a class=\"termslist-itemlink\" href=\"https:\/\/www.sfsic.org\/tag\/culture\/\" title=\"Culture\"><span class=\"termslist-itemname\">Culture<\/span><\/a><\/li>\n<li class=\"termslist-item tax-post_tag term-culture-numerique\"><a class=\"termslist-itemlink\" href=\"https:\/\/www.sfsic.org\/tag\/culture-numerique\/\" title=\"Culture num\u00e9rique\"><span class=\"termslist-itemname\">Culture num\u00e9rique<\/span><\/a><\/li>\n<li class=\"termslist-item tax-post_tag term-musees\"><a class=\"termslist-itemlink\" href=\"https:\/\/www.sfsic.org\/tag\/musees\/\" title=\"Mus\u00e9es\"><span class=\"termslist-itemname\">Mus\u00e9es<\/span><\/a><\/li>\n<\/ul><\/div>\n<\/p><\/div>\n<\/p><\/div>\n<\/p><\/div>\n<\/p><\/div>\n<\/div>\n<p><!-- \/fxzn:singledetail --><\/p>\n","protected":false},"excerpt":{"rendered":"<p>Mis en ligne le 8 octobre 2023 Th\u00e9matiques Images, cin\u00e9ma, m\u00e9dias audiovisuels et industries culturelles M\u00e9diations m\u00e9morielles, culturelles et patrimoniales Type de publication Num\u00e9ro de revue Nom de la publication [&hellip;]<\/p>\n","protected":false},"author":1620,"featured_media":0,"comment_status":"closed","ping_status":"closed","sticky":false,"template":"","format":"standard","meta":{"_acf_changed":false,"footnotes":""},"categories":[70,31],"tags":[752,382,87,175],"thematique":[35,38],"sfsic":[],"class_list":["post-29547","post","type-post","status-publish","format-standard","hentry","category-numero-revue","category-publication","tag-art","tag-culture","tag-culture-numerique","tag-musees","thematique-images-cinema-medias-audiovisuels-et-industries-culturelles","thematique-mediations-memorielles-culturelles-et-patrimoniales","wp-sticky"],"acf":[],"yoast_head":"<!-- This site is optimized with the Yoast SEO plugin v27.4 - https:\/\/yoast.com\/product\/yoast-seo-wordpress\/ -->\n<title>Voir le mus\u00e9e autrement : le champ des possibles<\/title>\n<meta name=\"description\" content=\"Le n\u00b041 de la revue Culture &amp; Mus\u00e9es, intitul\u00e9 &quot;Voir le mus\u00e9e autrement : le champ des possibles&quot;, est en ligne.\" \/>\n<meta name=\"robots\" content=\"index, follow, max-snippet:-1, max-image-preview:large, max-video-preview:-1\" \/>\n<link rel=\"canonical\" href=\"https:\/\/www.sfsic.org\/en\/publication\/culture-et-musees-voir-le-musee-autrement\/\" \/>\n<meta property=\"og:locale\" content=\"en_US\" \/>\n<meta property=\"og:type\" content=\"article\" \/>\n<meta property=\"og:title\" content=\"Voir le mus\u00e9e autrement : le champ des possibles\" \/>\n<meta property=\"og:description\" content=\"Le n\u00b041 de la revue Culture &amp; Mus\u00e9es, intitul\u00e9 &quot;Voir le mus\u00e9e autrement : le champ des possibles&quot;, est en ligne.\" \/>\n<meta property=\"og:url\" content=\"https:\/\/www.sfsic.org\/en\/publication\/culture-et-musees-voir-le-musee-autrement\/\" \/>\n<meta property=\"og:site_name\" content=\"SFSIC\" \/>\n<meta property=\"article:published_time\" content=\"2023-10-08T14:38:34+00:00\" \/>\n<meta property=\"article:modified_time\" content=\"2023-10-09T14:49:14+00:00\" \/>\n<meta property=\"og:image\" content=\"https:\/\/www.sfsic.org\/wp-inside\/uploads\/2023\/10\/vignette_cuture-musees-300x141.png\" \/>\n<meta name=\"author\" content=\"Julie Jacques\" \/>\n<meta name=\"twitter:card\" content=\"summary_large_image\" \/>\n<script type=\"application\/ld+json\" class=\"yoast-schema-graph\">{\"@context\":\"https:\\\/\\\/schema.org\",\"@graph\":[{\"@type\":\"Article\",\"@id\":\"https:\\\/\\\/www.sfsic.org\\\/en\\\/publication\\\/culture-et-musees-voir-le-musee-autrement\\\/#article\",\"isPartOf\":{\"@id\":\"https:\\\/\\\/www.sfsic.org\\\/en\\\/publication\\\/culture-et-musees-voir-le-musee-autrement\\\/\"},\"author\":{\"name\":\"Julie Jacques\",\"@id\":\"https:\\\/\\\/www.sfsic.org\\\/en\\\/#\\\/schema\\\/person\\\/3369e10593a4d709701163a75e1c0ef0\"},\"headline\":\"Voir le mus\u00e9e autrement : le champ des possibles\",\"datePublished\":\"2023-10-08T14:38:34+00:00\",\"dateModified\":\"2023-10-09T14:49:14+00:00\",\"mainEntityOfPage\":{\"@id\":\"https:\\\/\\\/www.sfsic.org\\\/en\\\/publication\\\/culture-et-musees-voir-le-musee-autrement\\\/\"},\"wordCount\":766,\"publisher\":{\"@id\":\"https:\\\/\\\/www.sfsic.org\\\/en\\\/#organization\"},\"image\":{\"@id\":\"https:\\\/\\\/www.sfsic.org\\\/en\\\/publication\\\/culture-et-musees-voir-le-musee-autrement\\\/#primaryimage\"},\"thumbnailUrl\":\"https:\\\/\\\/www.sfsic.org\\\/wp-inside\\\/uploads\\\/2023\\\/10\\\/vignette_cuture-musees-300x141.png\",\"keywords\":[\"art\",\"Culture\",\"Culture num\u00e9rique\",\"Mus\u00e9es\"],\"articleSection\":[\"Num\u00e9ro de revue\",\"Publications\"],\"inLanguage\":\"en-US\"},{\"@type\":\"WebPage\",\"@id\":\"https:\\\/\\\/www.sfsic.org\\\/en\\\/publication\\\/culture-et-musees-voir-le-musee-autrement\\\/\",\"url\":\"https:\\\/\\\/www.sfsic.org\\\/en\\\/publication\\\/culture-et-musees-voir-le-musee-autrement\\\/\",\"name\":\"Voir le mus\u00e9e autrement : le champ des possibles\",\"isPartOf\":{\"@id\":\"https:\\\/\\\/www.sfsic.org\\\/en\\\/#website\"},\"primaryImageOfPage\":{\"@id\":\"https:\\\/\\\/www.sfsic.org\\\/en\\\/publication\\\/culture-et-musees-voir-le-musee-autrement\\\/#primaryimage\"},\"image\":{\"@id\":\"https:\\\/\\\/www.sfsic.org\\\/en\\\/publication\\\/culture-et-musees-voir-le-musee-autrement\\\/#primaryimage\"},\"thumbnailUrl\":\"https:\\\/\\\/www.sfsic.org\\\/wp-inside\\\/uploads\\\/2023\\\/10\\\/vignette_cuture-musees-300x141.png\",\"datePublished\":\"2023-10-08T14:38:34+00:00\",\"dateModified\":\"2023-10-09T14:49:14+00:00\",\"description\":\"Le n\u00b041 de la revue Culture & Mus\u00e9es, intitul\u00e9 \\\"Voir le mus\u00e9e autrement : le champ des possibles\\\", est en ligne.\",\"breadcrumb\":{\"@id\":\"https:\\\/\\\/www.sfsic.org\\\/en\\\/publication\\\/culture-et-musees-voir-le-musee-autrement\\\/#breadcrumb\"},\"inLanguage\":\"en-US\",\"potentialAction\":[{\"@type\":\"ReadAction\",\"target\":[\"https:\\\/\\\/www.sfsic.org\\\/en\\\/publication\\\/culture-et-musees-voir-le-musee-autrement\\\/\"]}]},{\"@type\":\"ImageObject\",\"inLanguage\":\"en-US\",\"@id\":\"https:\\\/\\\/www.sfsic.org\\\/en\\\/publication\\\/culture-et-musees-voir-le-musee-autrement\\\/#primaryimage\",\"url\":\"https:\\\/\\\/www.sfsic.org\\\/wp-inside\\\/uploads\\\/2023\\\/10\\\/vignette_cuture-musees-300x141.png\",\"contentUrl\":\"https:\\\/\\\/www.sfsic.org\\\/wp-inside\\\/uploads\\\/2023\\\/10\\\/vignette_cuture-musees-300x141.png\"},{\"@type\":\"BreadcrumbList\",\"@id\":\"https:\\\/\\\/www.sfsic.org\\\/en\\\/publication\\\/culture-et-musees-voir-le-musee-autrement\\\/#breadcrumb\",\"itemListElement\":[{\"@type\":\"ListItem\",\"position\":1,\"name\":\"Accueil\",\"item\":\"https:\\\/\\\/www.sfsic.org\\\/en\\\/\"},{\"@type\":\"ListItem\",\"position\":2,\"name\":\"Publications\",\"item\":\"https:\\\/\\\/www.sfsic.org\\\/en\\\/publication-en\\\/\"},{\"@type\":\"ListItem\",\"position\":3,\"name\":\"Journal issue\",\"item\":\"https:\\\/\\\/www.sfsic.org\\\/en\\\/publication-en\\\/journal-issue\\\/\"},{\"@type\":\"ListItem\",\"position\":4,\"name\":\"Voir le mus\u00e9e autrement&#160;: le champ des possibles\"}]},{\"@type\":\"WebSite\",\"@id\":\"https:\\\/\\\/www.sfsic.org\\\/en\\\/#website\",\"url\":\"https:\\\/\\\/www.sfsic.org\\\/en\\\/\",\"name\":\"SFSIC\",\"description\":\"Soci\u00e9t\u00e9 Fran\u00e7aise des Sciences de l&#039;Information &amp; de la Communication\",\"publisher\":{\"@id\":\"https:\\\/\\\/www.sfsic.org\\\/en\\\/#organization\"},\"potentialAction\":[{\"@type\":\"SearchAction\",\"target\":{\"@type\":\"EntryPoint\",\"urlTemplate\":\"https:\\\/\\\/www.sfsic.org\\\/en\\\/?s={search_term_string}\"},\"query-input\":{\"@type\":\"PropertyValueSpecification\",\"valueRequired\":true,\"valueName\":\"search_term_string\"}}],\"inLanguage\":\"en-US\"},{\"@type\":\"Organization\",\"@id\":\"https:\\\/\\\/www.sfsic.org\\\/en\\\/#organization\",\"name\":\"SFSIC\",\"url\":\"https:\\\/\\\/www.sfsic.org\\\/en\\\/\",\"logo\":{\"@type\":\"ImageObject\",\"inLanguage\":\"en-US\",\"@id\":\"https:\\\/\\\/www.sfsic.org\\\/en\\\/#\\\/schema\\\/logo\\\/image\\\/\",\"url\":\"https:\\\/\\\/www.sfsic.org\\\/wp-inside\\\/uploads\\\/2020\\\/05\\\/logo-sfsic.jpg\",\"contentUrl\":\"https:\\\/\\\/www.sfsic.org\\\/wp-inside\\\/uploads\\\/2020\\\/05\\\/logo-sfsic.jpg\",\"width\":1085,\"height\":1080,\"caption\":\"SFSIC\"},\"image\":{\"@id\":\"https:\\\/\\\/www.sfsic.org\\\/en\\\/#\\\/schema\\\/logo\\\/image\\\/\"}},{\"@type\":\"Person\",\"@id\":\"https:\\\/\\\/www.sfsic.org\\\/en\\\/#\\\/schema\\\/person\\\/3369e10593a4d709701163a75e1c0ef0\",\"name\":\"Julie Jacques\",\"image\":{\"@type\":\"ImageObject\",\"inLanguage\":\"en-US\",\"@id\":\"https:\\\/\\\/secure.gravatar.com\\\/avatar\\\/a3765b948e2afaeecda434098ad6e30ab33792418ca2289ddcb340c7c5b42617?s=96&d=mm&r=g\",\"url\":\"https:\\\/\\\/secure.gravatar.com\\\/avatar\\\/a3765b948e2afaeecda434098ad6e30ab33792418ca2289ddcb340c7c5b42617?s=96&d=mm&r=g\",\"contentUrl\":\"https:\\\/\\\/secure.gravatar.com\\\/avatar\\\/a3765b948e2afaeecda434098ad6e30ab33792418ca2289ddcb340c7c5b42617?s=96&d=mm&r=g\",\"caption\":\"Julie Jacques\"}}]}<\/script>\n<!-- \/ Yoast SEO plugin. -->","yoast_head_json":{"title":"Voir le mus\u00e9e autrement : le champ des possibles","description":"Le n\u00b041 de la revue Culture & Mus\u00e9es, intitul\u00e9 \"Voir le mus\u00e9e autrement : le champ des possibles\", est en ligne.","robots":{"index":"index","follow":"follow","max-snippet":"max-snippet:-1","max-image-preview":"max-image-preview:large","max-video-preview":"max-video-preview:-1"},"canonical":"https:\/\/www.sfsic.org\/en\/publication\/culture-et-musees-voir-le-musee-autrement\/","og_locale":"en_US","og_type":"article","og_title":"Voir le mus\u00e9e autrement : le champ des possibles","og_description":"Le n\u00b041 de la revue Culture & Mus\u00e9es, intitul\u00e9 \"Voir le mus\u00e9e autrement : le champ des possibles\", est en ligne.","og_url":"https:\/\/www.sfsic.org\/en\/publication\/culture-et-musees-voir-le-musee-autrement\/","og_site_name":"SFSIC","article_published_time":"2023-10-08T14:38:34+00:00","article_modified_time":"2023-10-09T14:49:14+00:00","og_image":[{"url":"https:\/\/www.sfsic.org\/wp-inside\/uploads\/2023\/10\/vignette_cuture-musees-300x141.png","type":"","width":"","height":""}],"author":"Julie Jacques","twitter_card":"summary_large_image","schema":{"@context":"https:\/\/schema.org","@graph":[{"@type":"Article","@id":"https:\/\/www.sfsic.org\/en\/publication\/culture-et-musees-voir-le-musee-autrement\/#article","isPartOf":{"@id":"https:\/\/www.sfsic.org\/en\/publication\/culture-et-musees-voir-le-musee-autrement\/"},"author":{"name":"Julie Jacques","@id":"https:\/\/www.sfsic.org\/en\/#\/schema\/person\/3369e10593a4d709701163a75e1c0ef0"},"headline":"Voir le mus\u00e9e autrement : le champ des possibles","datePublished":"2023-10-08T14:38:34+00:00","dateModified":"2023-10-09T14:49:14+00:00","mainEntityOfPage":{"@id":"https:\/\/www.sfsic.org\/en\/publication\/culture-et-musees-voir-le-musee-autrement\/"},"wordCount":766,"publisher":{"@id":"https:\/\/www.sfsic.org\/en\/#organization"},"image":{"@id":"https:\/\/www.sfsic.org\/en\/publication\/culture-et-musees-voir-le-musee-autrement\/#primaryimage"},"thumbnailUrl":"https:\/\/www.sfsic.org\/wp-inside\/uploads\/2023\/10\/vignette_cuture-musees-300x141.png","keywords":["art","Culture","Culture num\u00e9rique","Mus\u00e9es"],"articleSection":["Num\u00e9ro de revue","Publications"],"inLanguage":"en-US"},{"@type":"WebPage","@id":"https:\/\/www.sfsic.org\/en\/publication\/culture-et-musees-voir-le-musee-autrement\/","url":"https:\/\/www.sfsic.org\/en\/publication\/culture-et-musees-voir-le-musee-autrement\/","name":"Voir le mus\u00e9e autrement : le champ des possibles","isPartOf":{"@id":"https:\/\/www.sfsic.org\/en\/#website"},"primaryImageOfPage":{"@id":"https:\/\/www.sfsic.org\/en\/publication\/culture-et-musees-voir-le-musee-autrement\/#primaryimage"},"image":{"@id":"https:\/\/www.sfsic.org\/en\/publication\/culture-et-musees-voir-le-musee-autrement\/#primaryimage"},"thumbnailUrl":"https:\/\/www.sfsic.org\/wp-inside\/uploads\/2023\/10\/vignette_cuture-musees-300x141.png","datePublished":"2023-10-08T14:38:34+00:00","dateModified":"2023-10-09T14:49:14+00:00","description":"Le n\u00b041 de la revue Culture & Mus\u00e9es, intitul\u00e9 \"Voir le mus\u00e9e autrement : le champ des possibles\", est en ligne.","breadcrumb":{"@id":"https:\/\/www.sfsic.org\/en\/publication\/culture-et-musees-voir-le-musee-autrement\/#breadcrumb"},"inLanguage":"en-US","potentialAction":[{"@type":"ReadAction","target":["https:\/\/www.sfsic.org\/en\/publication\/culture-et-musees-voir-le-musee-autrement\/"]}]},{"@type":"ImageObject","inLanguage":"en-US","@id":"https:\/\/www.sfsic.org\/en\/publication\/culture-et-musees-voir-le-musee-autrement\/#primaryimage","url":"https:\/\/www.sfsic.org\/wp-inside\/uploads\/2023\/10\/vignette_cuture-musees-300x141.png","contentUrl":"https:\/\/www.sfsic.org\/wp-inside\/uploads\/2023\/10\/vignette_cuture-musees-300x141.png"},{"@type":"BreadcrumbList","@id":"https:\/\/www.sfsic.org\/en\/publication\/culture-et-musees-voir-le-musee-autrement\/#breadcrumb","itemListElement":[{"@type":"ListItem","position":1,"name":"Accueil","item":"https:\/\/www.sfsic.org\/en\/"},{"@type":"ListItem","position":2,"name":"Publications","item":"https:\/\/www.sfsic.org\/en\/publication-en\/"},{"@type":"ListItem","position":3,"name":"Journal issue","item":"https:\/\/www.sfsic.org\/en\/publication-en\/journal-issue\/"},{"@type":"ListItem","position":4,"name":"Voir le mus\u00e9e autrement&#160;: le champ des possibles"}]},{"@type":"WebSite","@id":"https:\/\/www.sfsic.org\/en\/#website","url":"https:\/\/www.sfsic.org\/en\/","name":"SFSIC","description":"Soci\u00e9t\u00e9 Fran\u00e7aise des Sciences de l&#039;Information &amp; de la Communication","publisher":{"@id":"https:\/\/www.sfsic.org\/en\/#organization"},"potentialAction":[{"@type":"SearchAction","target":{"@type":"EntryPoint","urlTemplate":"https:\/\/www.sfsic.org\/en\/?s={search_term_string}"},"query-input":{"@type":"PropertyValueSpecification","valueRequired":true,"valueName":"search_term_string"}}],"inLanguage":"en-US"},{"@type":"Organization","@id":"https:\/\/www.sfsic.org\/en\/#organization","name":"SFSIC","url":"https:\/\/www.sfsic.org\/en\/","logo":{"@type":"ImageObject","inLanguage":"en-US","@id":"https:\/\/www.sfsic.org\/en\/#\/schema\/logo\/image\/","url":"https:\/\/www.sfsic.org\/wp-inside\/uploads\/2020\/05\/logo-sfsic.jpg","contentUrl":"https:\/\/www.sfsic.org\/wp-inside\/uploads\/2020\/05\/logo-sfsic.jpg","width":1085,"height":1080,"caption":"SFSIC"},"image":{"@id":"https:\/\/www.sfsic.org\/en\/#\/schema\/logo\/image\/"}},{"@type":"Person","@id":"https:\/\/www.sfsic.org\/en\/#\/schema\/person\/3369e10593a4d709701163a75e1c0ef0","name":"Julie Jacques","image":{"@type":"ImageObject","inLanguage":"en-US","@id":"https:\/\/secure.gravatar.com\/avatar\/a3765b948e2afaeecda434098ad6e30ab33792418ca2289ddcb340c7c5b42617?s=96&d=mm&r=g","url":"https:\/\/secure.gravatar.com\/avatar\/a3765b948e2afaeecda434098ad6e30ab33792418ca2289ddcb340c7c5b42617?s=96&d=mm&r=g","contentUrl":"https:\/\/secure.gravatar.com\/avatar\/a3765b948e2afaeecda434098ad6e30ab33792418ca2289ddcb340c7c5b42617?s=96&d=mm&r=g","caption":"Julie Jacques"}}]}},"_links":{"self":[{"href":"https:\/\/www.sfsic.org\/en\/wp-json\/wp\/v2\/posts\/29547","targetHints":{"allow":["GET"]}}],"collection":[{"href":"https:\/\/www.sfsic.org\/en\/wp-json\/wp\/v2\/posts"}],"about":[{"href":"https:\/\/www.sfsic.org\/en\/wp-json\/wp\/v2\/types\/post"}],"author":[{"embeddable":true,"href":"https:\/\/www.sfsic.org\/en\/wp-json\/wp\/v2\/users\/1620"}],"replies":[{"embeddable":true,"href":"https:\/\/www.sfsic.org\/en\/wp-json\/wp\/v2\/comments?post=29547"}],"version-history":[{"count":6,"href":"https:\/\/www.sfsic.org\/en\/wp-json\/wp\/v2\/posts\/29547\/revisions"}],"predecessor-version":[{"id":29578,"href":"https:\/\/www.sfsic.org\/en\/wp-json\/wp\/v2\/posts\/29547\/revisions\/29578"}],"wp:attachment":[{"href":"https:\/\/www.sfsic.org\/en\/wp-json\/wp\/v2\/media?parent=29547"}],"wp:term":[{"taxonomy":"category","embeddable":true,"href":"https:\/\/www.sfsic.org\/en\/wp-json\/wp\/v2\/categories?post=29547"},{"taxonomy":"post_tag","embeddable":true,"href":"https:\/\/www.sfsic.org\/en\/wp-json\/wp\/v2\/tags?post=29547"},{"taxonomy":"thematique","embeddable":true,"href":"https:\/\/www.sfsic.org\/en\/wp-json\/wp\/v2\/thematique?post=29547"},{"taxonomy":"sfsic","embeddable":true,"href":"https:\/\/www.sfsic.org\/en\/wp-json\/wp\/v2\/sfsic?post=29547"}],"curies":[{"name":"wp","href":"https:\/\/api.w.org\/{rel}","templated":true}]}}