{"id":29380,"date":"2023-09-22T11:38:56","date_gmt":"2023-09-22T09:38:56","guid":{"rendered":"https:\/\/www.sfsic.org\/?p=29380"},"modified":"2023-09-22T11:38:57","modified_gmt":"2023-09-22T09:38:57","slug":"message-de-la-sfsic-a-nos-collegues-marocains","status":"publish","type":"post","link":"https:\/\/www.sfsic.org\/en\/divers\/message-de-la-sfsic-a-nos-collegues-marocains\/","title":{"rendered":"Message de la SFSIC \u00e0 nos coll\u00e8gues marocains"},"content":{"rendered":"<p><!-- fxzn:singledetail --><\/p>\n<div class=\"zone zn-singledetail\" id=\"fxzn-singledetail-1\">\n<div class=\"zone-block zn-singledetail-block alignwide va-top\">\n<div class=\"row\">\n<div class=\"columns large-8 large-push-4\">\n<div class=\"zn-singledetail-metabox\">\n<div class=\"zn-singledetail-pubdate pubdate\">\n\t\t\t\t\t<span class=\"pubdate-txt\">Mis en ligne le<\/span><span class=\"doubledot\"><\/span> <time class=\"pubdate-time\" pubdate datetime=\"2023-09-22T11:35:26+02:00\">22 septembre 2023<\/time>\t\t\t\t<\/div>\n<\/p><\/div>\n<\/p><\/div>\n<\/p><\/div>\n<div class=\"row\">\n<div class=\"columns large-4\">\n<div class=\"zn-singledetail-sidebar bg-cornersquares\">\n<div class=\"zn-singledetail-infos\">\n<p class=\"zn-singledetail-reponse-date\">\n\t\t\t\t\t\t<span>R\u00e9ponse attendue pour le<\/span><span class=\"doubledot\"><\/span> <strong>31\/12\/2023<\/strong>\n\t\t\t\t\t<\/p>\n<\/p><\/div>\n<div class=\"zn-singledetail-contacts\">\n<h3 class=\"zn-singledetail-section-title\">Contacts<\/h3>\n<ul class=\"zn-singledetail-contacts-list\">\n<li class=\"zn-singledetail-contact\">\n\t\t\t\t\t\t\t<span class=\"zn-singledetail-contact-name\">Sylvie Alemanno<\/span><span class=\"doubledot\"><\/span><br \/>\n\t\t\t\t\t\t\t\t\t\t\t\t\t\t<a class=\"zn-singledetail-contact-mail prettylink\" href=\"mailto:presidence@sfsic.org\">presidence@sfsic.org<\/a>\n\t\t\t\t\t\t\t\t\t\t\t\t\t<\/li>\n<\/ul><\/div>\n<\/p><\/div>\n<\/p><\/div>\n<div class=\"columns large-8\">\n<div class=\"zn-singledetail-contentbox\">\n<div class=\"zn-singledetail-annonce wig-content\">\n<p style=\"font-weight: 400;\">Cher-e-s Coll\u00e8gues marocains, au Maroc et en France,<\/p>\n<p>&nbsp;<\/p>\n<p style=\"font-weight: 400;\">\u00c0 la suite du s\u00e9isme qui a frapp\u00e9 le centre du Maroc, la Soci\u00e9t\u00e9 Fran\u00e7aise des Sciences de l\u2019Information et de la Communication tient \u00e0 vous t\u00e9moigner, et \u00e0 travers vous, \u00e0 toute la population touch\u00e9e par ce drame, sa profonde sollicitude.<\/p>\n<p style=\"font-weight: 400;\">Les relations \u00e9troites entre\u00a0 la SFSIC et l\u2019AMSIC, ainsi qu\u2019entre nos universit\u00e9s et \u00e9quipes de recherches et les v\u00f4tres se poursuivront avec d\u2019autant plus de dynamisme et de soutien.<\/p>\n<p style=\"font-weight: 400;\">Pour le Conseil d\u2019Administration et les adh\u00e9rents\u00a0 de la SFSIC<\/p>\n<p>&nbsp;<\/p>\n<p style=\"font-weight: 400;\">Sylvie Alemanno, Pr\u00e9sidente<\/p>\n<p style=\"font-weight: 400;\">Vincent Bullich, Secr\u00e9taire G\u00e9n\u00e9ral<\/p>\n<p style=\"font-weight: 400;\">Quentin Mazel, Tr\u00e9sorier<\/p>\n<\/p><\/div>\n<div class=\"zn-singledetail-keywords\">\n<h3 class=\"zn-singledetail-section-title\">Mots-cl\u00e9s<\/h3>\n<ul class=\"termslist termslist-post_tag\">\n<li class=\"termslist-item termslist-title\"><span class=\"termslist-titletxt\">Mots-cl\u00e9s<\/span><span class=\"doubledot\"><\/span><\/li>\n<li class=\"termslist-item tax-post_tag term-maroc\"><a class=\"termslist-itemlink\" href=\"https:\/\/www.sfsic.org\/tag\/maroc\/\" title=\"Maroc\"><span class=\"termslist-itemname\">Maroc<\/span><\/a><\/li>\n<\/ul><\/div>\n<\/p><\/div>\n<\/p><\/div>\n<\/p><\/div>\n<\/p><\/div>\n<\/div>\n<p><!-- \/fxzn:singledetail --><\/p>\n","protected":false},"excerpt":{"rendered":"<p>Mis en ligne le 22 septembre 2023 R\u00e9ponse attendue pour le 31\/12\/2023 Contacts Sylvie Alemanno presidence@sfsic.org Cher-e-s Coll\u00e8gues marocains, au Maroc et en France, &nbsp; \u00c0 la suite du s\u00e9isme [&hellip;]<\/p>\n","protected":false},"author":957,"featured_media":0,"comment_status":"closed","ping_status":"closed","sticky":false,"template":"","format":"standard","meta":{"_acf_changed":false,"footnotes":""},"categories":[56],"tags":[847],"thematique":[],"sfsic":[26],"class_list":["post-29380","post","type-post","status-publish","format-standard","hentry","category-divers","tag-maroc","sfsic-actualites","wp-sticky"],"acf":[],"yoast_head":"<!-- This site is optimized with the Yoast SEO plugin v27.5 - https:\/\/yoast.com\/product\/yoast-seo-wordpress\/ -->\n<title>Message de la SFSIC \u00e0 nos coll\u00e8gues marocains<\/title>\n<meta name=\"description\" content=\"\u00c0 la suite du s\u00e9isme qui a frapp\u00e9 le centre du Maroc, la SFSIC tient \u00e0 vous t\u00e9moigner, et \u00e0 travers vous, \u00e0 toute la population touch\u00e9e par ce drame, sa profonde sollicitude.\" \/>\n<meta name=\"robots\" content=\"index, follow, max-snippet:-1, max-image-preview:large, max-video-preview:-1\" \/>\n<link rel=\"canonical\" href=\"https:\/\/www.sfsic.org\/en\/divers\/message-de-la-sfsic-a-nos-collegues-marocains\/\" \/>\n<meta property=\"og:locale\" content=\"en_US\" \/>\n<meta property=\"og:type\" content=\"article\" \/>\n<meta property=\"og:title\" content=\"Message de la SFSIC \u00e0 nos coll\u00e8gues marocains\" \/>\n<meta property=\"og:description\" content=\"\u00c0 la suite du s\u00e9isme qui a frapp\u00e9 le centre du Maroc, la SFSIC tient \u00e0 vous t\u00e9moigner, et \u00e0 travers vous, \u00e0 toute la population touch\u00e9e par ce drame, sa profonde sollicitude.\" \/>\n<meta property=\"og:url\" content=\"https:\/\/www.sfsic.org\/en\/divers\/message-de-la-sfsic-a-nos-collegues-marocains\/\" \/>\n<meta property=\"og:site_name\" content=\"SFSIC\" \/>\n<meta property=\"article:published_time\" content=\"2023-09-22T09:38:56+00:00\" \/>\n<meta property=\"article:modified_time\" content=\"2023-09-22T09:38:57+00:00\" \/>\n<meta name=\"author\" content=\"Fabien Bonnet\" \/>\n<meta name=\"twitter:card\" content=\"summary_large_image\" \/>\n<script type=\"application\/ld+json\" class=\"yoast-schema-graph\">{\"@context\":\"https:\\\/\\\/schema.org\",\"@graph\":[{\"@type\":\"Article\",\"@id\":\"https:\\\/\\\/www.sfsic.org\\\/en\\\/divers\\\/message-de-la-sfsic-a-nos-collegues-marocains\\\/#article\",\"isPartOf\":{\"@id\":\"https:\\\/\\\/www.sfsic.org\\\/en\\\/divers\\\/message-de-la-sfsic-a-nos-collegues-marocains\\\/\"},\"author\":{\"name\":\"Fabien Bonnet\",\"@id\":\"https:\\\/\\\/www.sfsic.org\\\/en\\\/#\\\/schema\\\/person\\\/9f83573bda33f40c68c7c826e9567df6\"},\"headline\":\"Message de la SFSIC \u00e0 nos coll\u00e8gues marocains\",\"datePublished\":\"2023-09-22T09:38:56+00:00\",\"dateModified\":\"2023-09-22T09:38:57+00:00\",\"mainEntityOfPage\":{\"@id\":\"https:\\\/\\\/www.sfsic.org\\\/en\\\/divers\\\/message-de-la-sfsic-a-nos-collegues-marocains\\\/\"},\"wordCount\":145,\"publisher\":{\"@id\":\"https:\\\/\\\/www.sfsic.org\\\/en\\\/#organization\"},\"keywords\":[\"Maroc\"],\"articleSection\":[\"Divers\"],\"inLanguage\":\"en-US\"},{\"@type\":\"WebPage\",\"@id\":\"https:\\\/\\\/www.sfsic.org\\\/en\\\/divers\\\/message-de-la-sfsic-a-nos-collegues-marocains\\\/\",\"url\":\"https:\\\/\\\/www.sfsic.org\\\/en\\\/divers\\\/message-de-la-sfsic-a-nos-collegues-marocains\\\/\",\"name\":\"Message de la SFSIC \u00e0 nos coll\u00e8gues marocains\",\"isPartOf\":{\"@id\":\"https:\\\/\\\/www.sfsic.org\\\/en\\\/#website\"},\"datePublished\":\"2023-09-22T09:38:56+00:00\",\"dateModified\":\"2023-09-22T09:38:57+00:00\",\"description\":\"\u00c0 la suite du s\u00e9isme qui a frapp\u00e9 le centre du Maroc, la SFSIC tient \u00e0 vous t\u00e9moigner, et \u00e0 travers vous, \u00e0 toute la population touch\u00e9e par ce drame, sa profonde sollicitude.\",\"breadcrumb\":{\"@id\":\"https:\\\/\\\/www.sfsic.org\\\/en\\\/divers\\\/message-de-la-sfsic-a-nos-collegues-marocains\\\/#breadcrumb\"},\"inLanguage\":\"en-US\",\"potentialAction\":[{\"@type\":\"ReadAction\",\"target\":[\"https:\\\/\\\/www.sfsic.org\\\/en\\\/divers\\\/message-de-la-sfsic-a-nos-collegues-marocains\\\/\"]}]},{\"@type\":\"BreadcrumbList\",\"@id\":\"https:\\\/\\\/www.sfsic.org\\\/en\\\/divers\\\/message-de-la-sfsic-a-nos-collegues-marocains\\\/#breadcrumb\",\"itemListElement\":[{\"@type\":\"ListItem\",\"position\":1,\"name\":\"Accueil\",\"item\":\"https:\\\/\\\/www.sfsic.org\\\/en\\\/\"},{\"@type\":\"ListItem\",\"position\":2,\"name\":\"Miscellaneous\",\"item\":\"https:\\\/\\\/www.sfsic.org\\\/en\\\/miscellaneous\\\/\"},{\"@type\":\"ListItem\",\"position\":3,\"name\":\"Message de la SFSIC \u00e0 nos coll\u00e8gues marocains\"}]},{\"@type\":\"WebSite\",\"@id\":\"https:\\\/\\\/www.sfsic.org\\\/en\\\/#website\",\"url\":\"https:\\\/\\\/www.sfsic.org\\\/en\\\/\",\"name\":\"SFSIC\",\"description\":\"Soci\u00e9t\u00e9 Fran\u00e7aise des Sciences de l&#039;Information &amp; de la Communication\",\"publisher\":{\"@id\":\"https:\\\/\\\/www.sfsic.org\\\/en\\\/#organization\"},\"potentialAction\":[{\"@type\":\"SearchAction\",\"target\":{\"@type\":\"EntryPoint\",\"urlTemplate\":\"https:\\\/\\\/www.sfsic.org\\\/en\\\/?s={search_term_string}\"},\"query-input\":{\"@type\":\"PropertyValueSpecification\",\"valueRequired\":true,\"valueName\":\"search_term_string\"}}],\"inLanguage\":\"en-US\"},{\"@type\":\"Organization\",\"@id\":\"https:\\\/\\\/www.sfsic.org\\\/en\\\/#organization\",\"name\":\"SFSIC\",\"url\":\"https:\\\/\\\/www.sfsic.org\\\/en\\\/\",\"logo\":{\"@type\":\"ImageObject\",\"inLanguage\":\"en-US\",\"@id\":\"https:\\\/\\\/www.sfsic.org\\\/en\\\/#\\\/schema\\\/logo\\\/image\\\/\",\"url\":\"https:\\\/\\\/www.sfsic.org\\\/wp-inside\\\/uploads\\\/2020\\\/05\\\/logo-sfsic.jpg\",\"contentUrl\":\"https:\\\/\\\/www.sfsic.org\\\/wp-inside\\\/uploads\\\/2020\\\/05\\\/logo-sfsic.jpg\",\"width\":1085,\"height\":1080,\"caption\":\"SFSIC\"},\"image\":{\"@id\":\"https:\\\/\\\/www.sfsic.org\\\/en\\\/#\\\/schema\\\/logo\\\/image\\\/\"}},{\"@type\":\"Person\",\"@id\":\"https:\\\/\\\/www.sfsic.org\\\/en\\\/#\\\/schema\\\/person\\\/9f83573bda33f40c68c7c826e9567df6\",\"name\":\"Fabien Bonnet\",\"image\":{\"@type\":\"ImageObject\",\"inLanguage\":\"en-US\",\"@id\":\"https:\\\/\\\/secure.gravatar.com\\\/avatar\\\/88a9288fc13369cb9e30359afa340f8adace82098c18ff09415c6dacd710ddc4?s=96&d=mm&r=g\",\"url\":\"https:\\\/\\\/secure.gravatar.com\\\/avatar\\\/88a9288fc13369cb9e30359afa340f8adace82098c18ff09415c6dacd710ddc4?s=96&d=mm&r=g\",\"contentUrl\":\"https:\\\/\\\/secure.gravatar.com\\\/avatar\\\/88a9288fc13369cb9e30359afa340f8adace82098c18ff09415c6dacd710ddc4?s=96&d=mm&r=g\",\"caption\":\"Fabien Bonnet\"}}]}<\/script>\n<!-- \/ Yoast SEO plugin. -->","yoast_head_json":{"title":"Message de la SFSIC \u00e0 nos coll\u00e8gues marocains","description":"\u00c0 la suite du s\u00e9isme qui a frapp\u00e9 le centre du Maroc, la SFSIC tient \u00e0 vous t\u00e9moigner, et \u00e0 travers vous, \u00e0 toute la population touch\u00e9e par ce drame, sa profonde sollicitude.","robots":{"index":"index","follow":"follow","max-snippet":"max-snippet:-1","max-image-preview":"max-image-preview:large","max-video-preview":"max-video-preview:-1"},"canonical":"https:\/\/www.sfsic.org\/en\/divers\/message-de-la-sfsic-a-nos-collegues-marocains\/","og_locale":"en_US","og_type":"article","og_title":"Message de la SFSIC \u00e0 nos coll\u00e8gues marocains","og_description":"\u00c0 la suite du s\u00e9isme qui a frapp\u00e9 le centre du Maroc, la SFSIC tient \u00e0 vous t\u00e9moigner, et \u00e0 travers vous, \u00e0 toute la population touch\u00e9e par ce drame, sa profonde sollicitude.","og_url":"https:\/\/www.sfsic.org\/en\/divers\/message-de-la-sfsic-a-nos-collegues-marocains\/","og_site_name":"SFSIC","article_published_time":"2023-09-22T09:38:56+00:00","article_modified_time":"2023-09-22T09:38:57+00:00","author":"Fabien Bonnet","twitter_card":"summary_large_image","schema":{"@context":"https:\/\/schema.org","@graph":[{"@type":"Article","@id":"https:\/\/www.sfsic.org\/en\/divers\/message-de-la-sfsic-a-nos-collegues-marocains\/#article","isPartOf":{"@id":"https:\/\/www.sfsic.org\/en\/divers\/message-de-la-sfsic-a-nos-collegues-marocains\/"},"author":{"name":"Fabien Bonnet","@id":"https:\/\/www.sfsic.org\/en\/#\/schema\/person\/9f83573bda33f40c68c7c826e9567df6"},"headline":"Message de la SFSIC \u00e0 nos coll\u00e8gues marocains","datePublished":"2023-09-22T09:38:56+00:00","dateModified":"2023-09-22T09:38:57+00:00","mainEntityOfPage":{"@id":"https:\/\/www.sfsic.org\/en\/divers\/message-de-la-sfsic-a-nos-collegues-marocains\/"},"wordCount":145,"publisher":{"@id":"https:\/\/www.sfsic.org\/en\/#organization"},"keywords":["Maroc"],"articleSection":["Divers"],"inLanguage":"en-US"},{"@type":"WebPage","@id":"https:\/\/www.sfsic.org\/en\/divers\/message-de-la-sfsic-a-nos-collegues-marocains\/","url":"https:\/\/www.sfsic.org\/en\/divers\/message-de-la-sfsic-a-nos-collegues-marocains\/","name":"Message de la SFSIC \u00e0 nos coll\u00e8gues marocains","isPartOf":{"@id":"https:\/\/www.sfsic.org\/en\/#website"},"datePublished":"2023-09-22T09:38:56+00:00","dateModified":"2023-09-22T09:38:57+00:00","description":"\u00c0 la suite du s\u00e9isme qui a frapp\u00e9 le centre du Maroc, la SFSIC tient \u00e0 vous t\u00e9moigner, et \u00e0 travers vous, \u00e0 toute la population touch\u00e9e par ce drame, sa profonde sollicitude.","breadcrumb":{"@id":"https:\/\/www.sfsic.org\/en\/divers\/message-de-la-sfsic-a-nos-collegues-marocains\/#breadcrumb"},"inLanguage":"en-US","potentialAction":[{"@type":"ReadAction","target":["https:\/\/www.sfsic.org\/en\/divers\/message-de-la-sfsic-a-nos-collegues-marocains\/"]}]},{"@type":"BreadcrumbList","@id":"https:\/\/www.sfsic.org\/en\/divers\/message-de-la-sfsic-a-nos-collegues-marocains\/#breadcrumb","itemListElement":[{"@type":"ListItem","position":1,"name":"Accueil","item":"https:\/\/www.sfsic.org\/en\/"},{"@type":"ListItem","position":2,"name":"Miscellaneous","item":"https:\/\/www.sfsic.org\/en\/miscellaneous\/"},{"@type":"ListItem","position":3,"name":"Message de la SFSIC \u00e0 nos coll\u00e8gues marocains"}]},{"@type":"WebSite","@id":"https:\/\/www.sfsic.org\/en\/#website","url":"https:\/\/www.sfsic.org\/en\/","name":"SFSIC","description":"Soci\u00e9t\u00e9 Fran\u00e7aise des Sciences de l&#039;Information &amp; de la Communication","publisher":{"@id":"https:\/\/www.sfsic.org\/en\/#organization"},"potentialAction":[{"@type":"SearchAction","target":{"@type":"EntryPoint","urlTemplate":"https:\/\/www.sfsic.org\/en\/?s={search_term_string}"},"query-input":{"@type":"PropertyValueSpecification","valueRequired":true,"valueName":"search_term_string"}}],"inLanguage":"en-US"},{"@type":"Organization","@id":"https:\/\/www.sfsic.org\/en\/#organization","name":"SFSIC","url":"https:\/\/www.sfsic.org\/en\/","logo":{"@type":"ImageObject","inLanguage":"en-US","@id":"https:\/\/www.sfsic.org\/en\/#\/schema\/logo\/image\/","url":"https:\/\/www.sfsic.org\/wp-inside\/uploads\/2020\/05\/logo-sfsic.jpg","contentUrl":"https:\/\/www.sfsic.org\/wp-inside\/uploads\/2020\/05\/logo-sfsic.jpg","width":1085,"height":1080,"caption":"SFSIC"},"image":{"@id":"https:\/\/www.sfsic.org\/en\/#\/schema\/logo\/image\/"}},{"@type":"Person","@id":"https:\/\/www.sfsic.org\/en\/#\/schema\/person\/9f83573bda33f40c68c7c826e9567df6","name":"Fabien Bonnet","image":{"@type":"ImageObject","inLanguage":"en-US","@id":"https:\/\/secure.gravatar.com\/avatar\/88a9288fc13369cb9e30359afa340f8adace82098c18ff09415c6dacd710ddc4?s=96&d=mm&r=g","url":"https:\/\/secure.gravatar.com\/avatar\/88a9288fc13369cb9e30359afa340f8adace82098c18ff09415c6dacd710ddc4?s=96&d=mm&r=g","contentUrl":"https:\/\/secure.gravatar.com\/avatar\/88a9288fc13369cb9e30359afa340f8adace82098c18ff09415c6dacd710ddc4?s=96&d=mm&r=g","caption":"Fabien Bonnet"}}]}},"_links":{"self":[{"href":"https:\/\/www.sfsic.org\/en\/wp-json\/wp\/v2\/posts\/29380","targetHints":{"allow":["GET"]}}],"collection":[{"href":"https:\/\/www.sfsic.org\/en\/wp-json\/wp\/v2\/posts"}],"about":[{"href":"https:\/\/www.sfsic.org\/en\/wp-json\/wp\/v2\/types\/post"}],"author":[{"embeddable":true,"href":"https:\/\/www.sfsic.org\/en\/wp-json\/wp\/v2\/users\/957"}],"replies":[{"embeddable":true,"href":"https:\/\/www.sfsic.org\/en\/wp-json\/wp\/v2\/comments?post=29380"}],"version-history":[{"count":1,"href":"https:\/\/www.sfsic.org\/en\/wp-json\/wp\/v2\/posts\/29380\/revisions"}],"predecessor-version":[{"id":29381,"href":"https:\/\/www.sfsic.org\/en\/wp-json\/wp\/v2\/posts\/29380\/revisions\/29381"}],"wp:attachment":[{"href":"https:\/\/www.sfsic.org\/en\/wp-json\/wp\/v2\/media?parent=29380"}],"wp:term":[{"taxonomy":"category","embeddable":true,"href":"https:\/\/www.sfsic.org\/en\/wp-json\/wp\/v2\/categories?post=29380"},{"taxonomy":"post_tag","embeddable":true,"href":"https:\/\/www.sfsic.org\/en\/wp-json\/wp\/v2\/tags?post=29380"},{"taxonomy":"thematique","embeddable":true,"href":"https:\/\/www.sfsic.org\/en\/wp-json\/wp\/v2\/thematique?post=29380"},{"taxonomy":"sfsic","embeddable":true,"href":"https:\/\/www.sfsic.org\/en\/wp-json\/wp\/v2\/sfsic?post=29380"}],"curies":[{"name":"wp","href":"https:\/\/api.w.org\/{rel}","templated":true}]}}