{"id":29366,"date":"2023-09-22T11:33:12","date_gmt":"2023-09-22T09:33:12","guid":{"rendered":"https:\/\/www.sfsic.org\/?p=29366"},"modified":"2023-09-29T18:13:20","modified_gmt":"2023-09-29T16:13:20","slug":"memoires-du-livre-studies-in-book-culture","status":"publish","type":"post","link":"https:\/\/www.sfsic.org\/en\/publication\/memoires-du-livre-studies-in-book-culture\/","title":{"rendered":"La bande dessin\u00e9e vagabonde : \u00e9changes, transferts, circulations"},"content":{"rendered":"<p><!-- fxzn:singledetail --><\/p>\n<div class=\"zone zn-singledetail\" id=\"fxzn-singledetail-1\">\n<div class=\"zone-block zn-singledetail-block alignwide va-top\">\n<div class=\"row\">\n<div class=\"columns large-8 large-push-4\">\n<div class=\"zn-singledetail-metabox\">\n<div class=\"zn-singledetail-pubdate pubdate\">\n\t\t\t\t\t<span class=\"pubdate-txt\">Mis en ligne le<\/span><span class=\"doubledot\"><\/span> <time class=\"pubdate-time\" pubdate datetime=\"2023-09-22T11:33:12+02:00\">22 septembre 2023<\/time>\t\t\t\t<\/div>\n<div class=\"zn-singledetail-thematiques with-sep-comma\">\n<ul class=\"termslist termslist-thematique\">\n<li class=\"termslist-item termslist-title\"><span class=\"termslist-titletxt\">Th\u00e9matiques<\/span><span class=\"doubledot\"><\/span><\/li>\n<li class=\"termslist-item tax-thematique term-images-cinema-medias-audiovisuels-et-industries-culturelles\"><a class=\"termslist-itemlink\" href=\"https:\/\/www.sfsic.org\/thematiques\/images-cinema-medias-audiovisuels-et-industries-culturelles\/\" title=\"Images, cin\u00e9ma, m\u00e9dias audiovisuels et industries culturelles\"><span class=\"termslist-itemname\">Images, cin\u00e9ma, m\u00e9dias audiovisuels et industries culturelles<\/span><\/a><\/li>\n<li class=\"termslist-item tax-thematique term-information-documents-et-ecritures\"><a class=\"termslist-itemlink\" href=\"https:\/\/www.sfsic.org\/thematiques\/information-documents-et-ecritures\/\" title=\"Information, documents et \u00e9critures\"><span class=\"termslist-itemname\">Information, documents et \u00e9critures<\/span><\/a><\/li>\n<li class=\"termslist-item tax-thematique term-medias-et-journalisme\"><a class=\"termslist-itemlink\" href=\"https:\/\/www.sfsic.org\/thematiques\/medias-et-journalisme\/\" title=\"M\u00e9dias et journalisme\"><span class=\"termslist-itemname\">M\u00e9dias et journalisme<\/span><\/a><\/li>\n<\/ul><\/div>\n<\/p><\/div>\n<\/p><\/div>\n<\/p><\/div>\n<div class=\"row\">\n<div class=\"columns large-4\">\n<div class=\"zn-singledetail-sidebar bg-cornersquares\">\n<div class=\"zn-singledetail-infos\">\n<p class=\"zn-singledetail-type\">\n\t\t\t\t\t\t\t<span>Type de publication<\/span><span class=\"doubledot\"><\/span> <strong>Num\u00e9ro de revue<\/strong>\n\t\t\t\t\t<\/p>\n<p class=\"zn-singledetail-name\">\n\t\t\t\t\t\t\t<span>Nom de la publication<\/span><span class=\"doubledot\"><\/span> <strong>M\u00e9moires du livre\/Studies in book culture<\/strong>\n\t\t\t\t\t<\/p>\n<p class=\"zn-singledetail-edition\">\n\t\t\t\t\t\t\t<span>\u00c9dition<\/span><span class=\"doubledot\"><\/span> <strong>Universit\u00e9 de Sherbrooke<\/strong>\n\t\t\t\t\t<\/p>\n<\/p><\/div>\n<div class=\"zn-singledetail-coordinators\">\n<h3 class=\"zn-singledetail-section-title\">Coordinateur(s) \/ Auteur(s)<\/h3>\n<ul class=\"zn-singledetail-coordinators-list\">\n<li class=\"zn-singledetail-coordinators-item\">\n\t\t\t\t\t\t\t<span>Ma\u00ebl<\/span> <span>Rannou<\/span>, <span>Universit\u00e9 de Versailles Saint-Quentin en Yvelines<\/span>\t\t\t\t\t\t\t\t\t\t\t\t\t\t, <a class=\"zn-singledetail-coordinators-mail prettylink\" href=\"mailto:maelrannou@lilo.org\">maelrannou@lilo.org<\/a>\n\t\t\t\t\t\t\t\t\t\t\t\t\t<\/li>\n<li class=\"zn-singledetail-coordinators-item\">\n\t\t\t\t\t\t\t<span>Rioux<\/span> <span>Philippe<\/span>, <span>Universit\u00e9 de Sherbrooke<\/span>\t\t\t\t\t\t\t\t\t\t\t\t\t<\/li>\n<\/ul><\/div>\n<div class=\"zn-singledetail-weblinks\">\n<h3 class=\"zn-singledetail-section-title\">Sites internet de r\u00e9f\u00e9rence<\/h3>\n<ul class=\"zn-singledetail-weblinks-list\">\n<li>\n\t\t\t\t\t\t\t<a class=\"prettylink chainlink\" href=\"https:\/\/www.erudit.org\/fr\/revues\/memoires\/2023-v14-n1-memoires08590\/1104231ar\/\" title=\"Le num\u00e9ro en ligne sur \u00e9rudit&#160;!\" target=\"_blank\" rel=\"noopener\">Le num\u00e9ro en ligne sur \u00e9rudit&#160;!<\/a>\n\t\t\t\t\t\t<\/li>\n<\/ul><\/div>\n<\/p><\/div>\n<\/p><\/div>\n<div class=\"columns large-8\">\n<div class=\"zn-singledetail-contentbox\">\n<div class=\"zn-singledetail-annonce wig-content\">\n<div>Le num\u00e9ro 14\/1 de M\u00e9moires du livre\/Studies in book culture est paru. Il est consacr\u00e9 \u00e0 &#160;\u00bb La bande dessin\u00e9e vagabonde&#160;: \u00e9changes, transferts, circulations&#160;\u00bb et codirig\u00e9 par Ma\u00ebl Rannou et Philippe Rioux. Ce num\u00e9ro \u00e9tudie le neuvi\u00e8me sous l&rsquo;angle des circulations, g\u00e9ographiques comme de styles, avec des axes d&rsquo;analyses vari\u00e9s, allant de la science de l&rsquo;information et de la communication \u00e0 la litt\u00e9rature compar\u00e9e, en passant par l&rsquo;histoire culturelle et les Fan studies.<\/div>\n<div><img decoding=\"async\" loading=\"lazy\" class=\"aligncenter wp-image-29364\" src=\"https:\/\/www.sfsic.org\/wp-inside\/uploads\/skp-membership\/demande_adh\/couv-mdl.jpeg\" alt=\"\" width=\"232\" height=\"300\" srcset=\"https:\/\/www.sfsic.org\/wp-inside\/uploads\/skp-membership\/demande_adh\/couv-mdl.jpeg 618w, https:\/\/www.sfsic.org\/wp-inside\/uploads\/skp-membership\/demande_adh\/couv-mdl-232x300.jpeg 232w, https:\/\/www.sfsic.org\/wp-inside\/uploads\/skp-membership\/demande_adh\/couv-mdl-247x320.jpeg 247w, https:\/\/www.sfsic.org\/wp-inside\/uploads\/skp-membership\/demande_adh\/couv-mdl-200x259.jpeg 200w\" sizes=\"auto, (max-width: 232px) 100vw, 232px\" \/><\/div>\n<h2>Pr\u00e9sentation<\/h2>\n<div>Ce riche num\u00e9ro comporte douze articles avec un nombre de regards diff\u00e9rents (litt\u00e9rature compar\u00e9e, science de l&rsquo;information et de la communication, histoire culturelle, etc.) pour \u00e9tudier la bande dessin\u00e9e mondiale dans sa vari\u00e9t\u00e9 et le jeu des croisements et \u00e9changes plus ou moins volontaires. Comme toujours avec cette revue, le num\u00e9ro est en ligne gratuitement sur \u00e9rudit&#160;: <a href=\"https:\/\/www.erudit.org\/fr\/revues\/memoires\/2023-v14-n1-memoires08590\/\" target=\"_blank\" rel=\"noreferrer noopener\">https:\/\/www.erudit.org\/fr\/revues\/memoires\/2023-v14-n1-memoires08590\/<\/a><\/div>\n<h2>Sommaire<\/h2>\n<h6 class=\"bib-record__title\"><span style=\"font-size: medium;\"><a title=\"Lire l'article\" href=\"https:\/\/www.erudit.org\/fr\/revues\/memoires\/2023-v14-n1-memoires08590\/1104231ar\/\" target=\"_blank\" rel=\"noreferrer noopener\"> La bande dessin\u00e9e vagabond<\/a>, <\/span><span style=\"font-size: medium;\">Ma\u00ebl Rannou et Philippe Rioux <\/span><\/h6>\n<h6 class=\"bib-record__title\"><span style=\"font-size: medium;\"><a title=\"Lire l'article\" href=\"https:\/\/www.erudit.org\/fr\/revues\/memoires\/2023-v14-n1-memoires08590\/1104232ar\/\" target=\"_blank\" rel=\"noreferrer noopener\"><em>Pep<\/em>, ou les cousins n\u00e9erlandai<\/a>, <\/span><span style=\"font-size: medium;\">Cl\u00e9ment Lemoine et Micha\u00ebl Baril <\/span><\/h6>\n<h6 class=\"bib-record__title\"><span style=\"font-size: medium;\"><a title=\"Lire l'article\" href=\"https:\/\/www.erudit.org\/fr\/revues\/memoires\/2023-v14-n1-memoires08590\/1104233ar\/\" target=\"_blank\" rel=\"noreferrer noopener\"> Les mangas amateurs fran\u00e7ais dans les fanzines de 1995 \u00e0 1997,<\/a> <\/span><span style=\"font-size: medium;\">Delphine Ya-Chee-Chan <\/span><\/h6>\n<h6 class=\"bib-record__title\"><span style=\"font-size: medium;\"><a title=\"Lire l'article\" href=\"https:\/\/www.erudit.org\/fr\/revues\/memoires\/2023-v14-n1-memoires08590\/1104234ar\/\" target=\"_blank\" rel=\"noreferrer noopener\"> \u00c0 l\u2019Ouest, rien de nouveau&#160;? Les \u00e9ditions fran\u00e7aises de la collection \u00ab&#160;Marvel Graphic Novel&#160;\u00bb et la circulation contrast\u00e9e de l\u2019\u00e9tiquette <em>graphic novel<\/em><\/a><em>, <\/em><\/span><span style=\"font-size: medium;\">Jean-Matthieu M\u00e9on <\/span><\/h6>\n<h6 class=\"bib-record__title\"><span style=\"font-size: medium;\"><a title=\"Lire l'article\" href=\"https:\/\/www.erudit.org\/fr\/revues\/memoires\/2023-v14-n1-memoires08590\/1104235ar\/\" target=\"_blank\" rel=\"noreferrer noopener\"> Vegeta l\u2019Alg\u00e9rien&#160;: r\u00e9interpr\u00e9tations et appropriation du manga <em>Dragon Ball<\/em> d\u2019Akira Toriyama par les communaut\u00e9s musulmanes en France et en Afrique du Nord<\/a>, <\/span><span style=\"font-size: medium;\">Samuel L\u00e9v\u00eaque <\/span><\/h6>\n<h6 class=\"bib-record__title\"><span style=\"font-size: medium;\"><a title=\"Lire l'article\" href=\"https:\/\/www.erudit.org\/fr\/revues\/memoires\/2023-v14-n1-memoires08590\/1104236ar\/\" target=\"_blank\" rel=\"noreferrer noopener\"> Des centres et des marges. La trajectoire de Julie Doucet<\/a>, <\/span><span style=\"font-size: medium;\">Izabeau Legendre et Julien Lefort-Favreau <\/span><\/h6>\n<h6 class=\"bib-record__title\"><span style=\"font-size: medium;\"><a title=\"Lire l'article\" href=\"https:\/\/www.erudit.org\/fr\/revues\/memoires\/2023-v14-n1-memoires08590\/1104237ar\/\" target=\"_blank\" rel=\"noreferrer noopener\"> Lorsque les mangas sont per\u00e7us comme des produits d\u00e9riv\u00e9s&#160;: les adaptations de s\u00e9ries anim\u00e9es (France, Italie et Espagne),<\/a> <\/span><span style=\"font-size: medium;\">Bounthavy Suvilay <\/span><\/h6>\n<h6 class=\"bib-record__title\"><span style=\"font-size: medium;\"><a title=\"Lire l'article\" href=\"https:\/\/www.erudit.org\/fr\/revues\/memoires\/2023-v14-n1-memoires08590\/1104238ar\/\" target=\"_blank\" rel=\"noreferrer noopener\"> De Jessie \u00e0 Muriel, super-h\u00e9ro\u00efnes tch\u00e8ques face \u00e0 la normalisation. Sur l\u2019oeuvre transm\u00e9diatique du dessinateur tch\u00e8que K\u00e1ja Saudek,<\/a> <\/span><span style=\"font-size: medium;\">Garance Fromont <\/span><\/h6>\n<h6 class=\"bib-record__title\"><span style=\"font-size: medium;\"><a title=\"Lire l'article\" href=\"https:\/\/www.erudit.org\/fr\/revues\/memoires\/2023-v14-n1-memoires08590\/1104239ar\/\" target=\"_blank\" rel=\"noreferrer noopener\"> Les \u00e9diteurs alternatifs et la traduction&#160;: une r\u00e9publique mondiale de la bande dessin\u00e9e alternative&#160;?<\/a>, <\/span><span style=\"font-size: medium;\">K\u00e9vin Le Bruchec <\/span><\/h6>\n<h6 class=\"bib-record__title\"><span style=\"font-size: medium;\"><a title=\"Lire l'article\" href=\"https:\/\/www.erudit.org\/fr\/revues\/memoires\/2023-v14-n1-memoires08590\/1104240ar\/\" target=\"_blank\" rel=\"noreferrer noopener\"> Bringing Up Mischievous Strips&#160;: <em>The Katzenjammer Kids\u2019 <\/em>Domestication in Spanish and Italian Children\u2019s Comics Magazines<\/a>, <\/span><span style=\"font-size: medium;\">Eva Van de Wiele et Ivan Pintor Iranzo <\/span><\/h6>\n<h6 class=\"bib-record__title\"><span style=\"font-size: medium;\"><a title=\"Lire l'article\" href=\"https:\/\/www.erudit.org\/fr\/revues\/memoires\/2023-v14-n1-memoires08590\/1104241ar\/\" target=\"_blank\" rel=\"noreferrer noopener\"> Vers <em>Les Nombrils<\/em> universels&#160;: transformations et marqueurs d\u2019une s\u00e9rie qu\u00e9b\u00e9coise en Europe francophone<\/a>, <\/span><span style=\"font-size: medium;\">Ma\u00ebl Rannou et No\u00e9mie Sirat <\/span><\/h6>\n<h6 class=\"bib-record__title\"><span style=\"font-size: medium;\"><a title=\"Lire l'article\" href=\"https:\/\/www.erudit.org\/fr\/revues\/memoires\/2023-v14-n1-memoires08590\/1104242ar\/\" target=\"_blank\" rel=\"noreferrer noopener\"> Dante global&#160;: adaptations, transpositions, transnationalisations d\u2019un imaginaire \u00ab&#160;pop&#160;\u00bb<\/a>, <\/span><span style=\"font-size: medium;\">Alessandro Benucci <\/span><\/h6>\n<\/p><\/div>\n<div class=\"zn-singledetail-keywords\">\n<h3 class=\"zn-singledetail-section-title\">Mots-cl\u00e9s<\/h3>\n<ul class=\"termslist termslist-post_tag\">\n<li class=\"termslist-item termslist-title\"><span class=\"termslist-titletxt\">Mots-cl\u00e9s<\/span><span class=\"doubledot\"><\/span><\/li>\n<li class=\"termslist-item tax-post_tag term-analyse-de-limage\"><a class=\"termslist-itemlink\" href=\"https:\/\/www.sfsic.org\/tag\/analyse-de-limage\/\" title=\"Analyse de l'image\"><span class=\"termslist-itemname\">Analyse de l&#8217;image<\/span><\/a><\/li>\n<li class=\"termslist-item tax-post_tag term-bande-dessinee\"><a class=\"termslist-itemlink\" href=\"https:\/\/www.sfsic.org\/tag\/bande-dessinee\/\" title=\"Bande dessin\u00e9e\"><span class=\"termslist-itemname\">Bande dessin\u00e9e<\/span><\/a><\/li>\n<li class=\"termslist-item tax-post_tag term-discours-mediatiques\"><a class=\"termslist-itemlink\" href=\"https:\/\/www.sfsic.org\/tag\/discours-mediatiques\/\" title=\"Discours m\u00e9diatiques\"><span class=\"termslist-itemname\">Discours m\u00e9diatiques<\/span><\/a><\/li>\n<li class=\"termslist-item tax-post_tag term-edition\"><a class=\"termslist-itemlink\" href=\"https:\/\/www.sfsic.org\/tag\/edition\/\" title=\"\u00c9dition\"><span class=\"termslist-itemname\">\u00c9dition<\/span><\/a><\/li>\n<li class=\"termslist-item tax-post_tag term-image\"><a class=\"termslist-itemlink\" href=\"https:\/\/www.sfsic.org\/tag\/image\/\" title=\"Image\"><span class=\"termslist-itemname\">Image<\/span><\/a><\/li>\n<li class=\"termslist-item tax-post_tag term-international\"><a class=\"termslist-itemlink\" href=\"https:\/\/www.sfsic.org\/tag\/international\/\" title=\"International\"><span class=\"termslist-itemname\">International<\/span><\/a><\/li>\n<li class=\"termslist-item tax-post_tag term-internationalisation\"><a class=\"termslist-itemlink\" href=\"https:\/\/www.sfsic.org\/tag\/internationalisation\/\" title=\"Internationalisation\"><span class=\"termslist-itemname\">Internationalisation<\/span><\/a><\/li>\n<li class=\"termslist-item tax-post_tag term-litterature\"><a class=\"termslist-itemlink\" href=\"https:\/\/www.sfsic.org\/tag\/litterature\/\" title=\"Litt\u00e9rature\"><span class=\"termslist-itemname\">Litt\u00e9rature<\/span><\/a><\/li>\n<li class=\"termslist-item tax-post_tag term-presse\"><a class=\"termslist-itemlink\" href=\"https:\/\/www.sfsic.org\/tag\/presse\/\" title=\"Presse\"><span class=\"termslist-itemname\">Presse<\/span><\/a><\/li>\n<\/ul><\/div>\n<\/p><\/div>\n<\/p><\/div>\n<\/p><\/div>\n<\/p><\/div>\n<\/div>\n<p><!-- \/fxzn:singledetail --><\/p>\n","protected":false},"excerpt":{"rendered":"<p>Mis en ligne le 22 septembre 2023 Th\u00e9matiques Images, cin\u00e9ma, m\u00e9dias audiovisuels et industries culturelles Information, documents et \u00e9critures M\u00e9dias et journalisme Type de publication Num\u00e9ro de revue Nom de [&hellip;]<\/p>\n","protected":false},"author":1572,"featured_media":0,"comment_status":"closed","ping_status":"closed","sticky":false,"template":"","format":"standard","meta":{"_acf_changed":false,"footnotes":""},"categories":[70,31],"tags":[113,377,528,314,165,408,119,192,378],"thematique":[35,40,34],"sfsic":[],"class_list":["post-29366","post","type-post","status-publish","format-standard","hentry","category-numero-revue","category-publication","tag-analyse-de-limage","tag-bande-dessinee","tag-discours-mediatiques","tag-edition","tag-image","tag-international","tag-internationalisation","tag-litterature","tag-presse","thematique-images-cinema-medias-audiovisuels-et-industries-culturelles","thematique-information-documents-et-ecritures","thematique-medias-et-journalisme","wp-sticky"],"acf":[],"yoast_head":"<!-- This site is optimized with the Yoast SEO plugin v27.5 - https:\/\/yoast.com\/product\/yoast-seo-wordpress\/ -->\n<title>La bande dessin\u00e9e vagabonde : \u00e9changes, transferts, circulations<\/title>\n<meta name=\"description\" content=\"Le nouveau num\u00e9ro de la revue M\u00e9moires du livre\/Studies in book culture est paru. Il est consacr\u00e9 \u00e0 &quot; La bande dessin\u00e9e vagabonde : \u00e9changes, transferts, circulations&quot;.\" \/>\n<meta name=\"robots\" content=\"index, follow, max-snippet:-1, max-image-preview:large, max-video-preview:-1\" \/>\n<link rel=\"canonical\" href=\"https:\/\/www.sfsic.org\/en\/publication\/memoires-du-livre-studies-in-book-culture\/\" \/>\n<meta property=\"og:locale\" content=\"en_US\" \/>\n<meta property=\"og:type\" content=\"article\" \/>\n<meta property=\"og:title\" content=\"La bande dessin\u00e9e vagabonde : \u00e9changes, transferts, circulations\" \/>\n<meta property=\"og:description\" content=\"Le nouveau num\u00e9ro de la revue M\u00e9moires du livre\/Studies in book culture est paru. Il est consacr\u00e9 \u00e0 &quot; La bande dessin\u00e9e vagabonde : \u00e9changes, transferts, circulations&quot;.\" \/>\n<meta property=\"og:url\" content=\"https:\/\/www.sfsic.org\/en\/publication\/memoires-du-livre-studies-in-book-culture\/\" \/>\n<meta property=\"og:site_name\" content=\"SFSIC\" \/>\n<meta property=\"article:published_time\" content=\"2023-09-22T09:33:12+00:00\" \/>\n<meta property=\"article:modified_time\" content=\"2023-09-29T16:13:20+00:00\" \/>\n<meta property=\"og:image\" content=\"https:\/\/www.sfsic.org\/wp-inside\/uploads\/skp-membership\/demande_adh\/couv-mdl.jpeg\" \/>\n<meta name=\"author\" content=\"MA\u00cbL RANNOU\" \/>\n<meta name=\"twitter:card\" content=\"summary_large_image\" \/>\n<script type=\"application\/ld+json\" class=\"yoast-schema-graph\">{\"@context\":\"https:\\\/\\\/schema.org\",\"@graph\":[{\"@type\":\"Article\",\"@id\":\"https:\\\/\\\/www.sfsic.org\\\/en\\\/publication\\\/memoires-du-livre-studies-in-book-culture\\\/#article\",\"isPartOf\":{\"@id\":\"https:\\\/\\\/www.sfsic.org\\\/en\\\/publication\\\/memoires-du-livre-studies-in-book-culture\\\/\"},\"author\":{\"name\":\"MA\u00cbL RANNOU\",\"@id\":\"https:\\\/\\\/www.sfsic.org\\\/en\\\/#\\\/schema\\\/person\\\/e106b9fbd756b70f92ef3f24a868f55b\"},\"headline\":\"La bande dessin\u00e9e vagabonde : \u00e9changes, transferts, circulations\",\"datePublished\":\"2023-09-22T09:33:12+00:00\",\"dateModified\":\"2023-09-29T16:13:20+00:00\",\"mainEntityOfPage\":{\"@id\":\"https:\\\/\\\/www.sfsic.org\\\/en\\\/publication\\\/memoires-du-livre-studies-in-book-culture\\\/\"},\"wordCount\":515,\"publisher\":{\"@id\":\"https:\\\/\\\/www.sfsic.org\\\/en\\\/#organization\"},\"image\":{\"@id\":\"https:\\\/\\\/www.sfsic.org\\\/en\\\/publication\\\/memoires-du-livre-studies-in-book-culture\\\/#primaryimage\"},\"thumbnailUrl\":\"https:\\\/\\\/www.sfsic.org\\\/wp-inside\\\/uploads\\\/skp-membership\\\/demande_adh\\\/couv-mdl.jpeg\",\"keywords\":[\"Analyse de l'image\",\"Bande dessin\u00e9e\",\"Discours m\u00e9diatiques\",\"\u00c9dition\",\"Image\",\"International\",\"Internationalisation\",\"Litt\u00e9rature\",\"Presse\"],\"articleSection\":[\"Num\u00e9ro de revue\",\"Publications\"],\"inLanguage\":\"en-US\"},{\"@type\":\"WebPage\",\"@id\":\"https:\\\/\\\/www.sfsic.org\\\/en\\\/publication\\\/memoires-du-livre-studies-in-book-culture\\\/\",\"url\":\"https:\\\/\\\/www.sfsic.org\\\/en\\\/publication\\\/memoires-du-livre-studies-in-book-culture\\\/\",\"name\":\"La bande dessin\u00e9e vagabonde : \u00e9changes, transferts, circulations\",\"isPartOf\":{\"@id\":\"https:\\\/\\\/www.sfsic.org\\\/en\\\/#website\"},\"primaryImageOfPage\":{\"@id\":\"https:\\\/\\\/www.sfsic.org\\\/en\\\/publication\\\/memoires-du-livre-studies-in-book-culture\\\/#primaryimage\"},\"image\":{\"@id\":\"https:\\\/\\\/www.sfsic.org\\\/en\\\/publication\\\/memoires-du-livre-studies-in-book-culture\\\/#primaryimage\"},\"thumbnailUrl\":\"https:\\\/\\\/www.sfsic.org\\\/wp-inside\\\/uploads\\\/skp-membership\\\/demande_adh\\\/couv-mdl.jpeg\",\"datePublished\":\"2023-09-22T09:33:12+00:00\",\"dateModified\":\"2023-09-29T16:13:20+00:00\",\"description\":\"Le nouveau num\u00e9ro de la revue M\u00e9moires du livre\\\/Studies in book culture est paru. Il est consacr\u00e9 \u00e0 \\\" La bande dessin\u00e9e vagabonde : \u00e9changes, transferts, circulations\\\".\",\"breadcrumb\":{\"@id\":\"https:\\\/\\\/www.sfsic.org\\\/en\\\/publication\\\/memoires-du-livre-studies-in-book-culture\\\/#breadcrumb\"},\"inLanguage\":\"en-US\",\"potentialAction\":[{\"@type\":\"ReadAction\",\"target\":[\"https:\\\/\\\/www.sfsic.org\\\/en\\\/publication\\\/memoires-du-livre-studies-in-book-culture\\\/\"]}]},{\"@type\":\"ImageObject\",\"inLanguage\":\"en-US\",\"@id\":\"https:\\\/\\\/www.sfsic.org\\\/en\\\/publication\\\/memoires-du-livre-studies-in-book-culture\\\/#primaryimage\",\"url\":\"https:\\\/\\\/www.sfsic.org\\\/wp-inside\\\/uploads\\\/skp-membership\\\/demande_adh\\\/couv-mdl.jpeg\",\"contentUrl\":\"https:\\\/\\\/www.sfsic.org\\\/wp-inside\\\/uploads\\\/skp-membership\\\/demande_adh\\\/couv-mdl.jpeg\"},{\"@type\":\"BreadcrumbList\",\"@id\":\"https:\\\/\\\/www.sfsic.org\\\/en\\\/publication\\\/memoires-du-livre-studies-in-book-culture\\\/#breadcrumb\",\"itemListElement\":[{\"@type\":\"ListItem\",\"position\":1,\"name\":\"Accueil\",\"item\":\"https:\\\/\\\/www.sfsic.org\\\/en\\\/\"},{\"@type\":\"ListItem\",\"position\":2,\"name\":\"Publications\",\"item\":\"https:\\\/\\\/www.sfsic.org\\\/en\\\/publication-en\\\/\"},{\"@type\":\"ListItem\",\"position\":3,\"name\":\"Journal issue\",\"item\":\"https:\\\/\\\/www.sfsic.org\\\/en\\\/publication-en\\\/journal-issue\\\/\"},{\"@type\":\"ListItem\",\"position\":4,\"name\":\"La bande dessin\u00e9e vagabonde&#160;: \u00e9changes, transferts, circulations\"}]},{\"@type\":\"WebSite\",\"@id\":\"https:\\\/\\\/www.sfsic.org\\\/en\\\/#website\",\"url\":\"https:\\\/\\\/www.sfsic.org\\\/en\\\/\",\"name\":\"SFSIC\",\"description\":\"Soci\u00e9t\u00e9 Fran\u00e7aise des Sciences de l&#039;Information &amp; de la Communication\",\"publisher\":{\"@id\":\"https:\\\/\\\/www.sfsic.org\\\/en\\\/#organization\"},\"potentialAction\":[{\"@type\":\"SearchAction\",\"target\":{\"@type\":\"EntryPoint\",\"urlTemplate\":\"https:\\\/\\\/www.sfsic.org\\\/en\\\/?s={search_term_string}\"},\"query-input\":{\"@type\":\"PropertyValueSpecification\",\"valueRequired\":true,\"valueName\":\"search_term_string\"}}],\"inLanguage\":\"en-US\"},{\"@type\":\"Organization\",\"@id\":\"https:\\\/\\\/www.sfsic.org\\\/en\\\/#organization\",\"name\":\"SFSIC\",\"url\":\"https:\\\/\\\/www.sfsic.org\\\/en\\\/\",\"logo\":{\"@type\":\"ImageObject\",\"inLanguage\":\"en-US\",\"@id\":\"https:\\\/\\\/www.sfsic.org\\\/en\\\/#\\\/schema\\\/logo\\\/image\\\/\",\"url\":\"https:\\\/\\\/www.sfsic.org\\\/wp-inside\\\/uploads\\\/2020\\\/05\\\/logo-sfsic.jpg\",\"contentUrl\":\"https:\\\/\\\/www.sfsic.org\\\/wp-inside\\\/uploads\\\/2020\\\/05\\\/logo-sfsic.jpg\",\"width\":1085,\"height\":1080,\"caption\":\"SFSIC\"},\"image\":{\"@id\":\"https:\\\/\\\/www.sfsic.org\\\/en\\\/#\\\/schema\\\/logo\\\/image\\\/\"}},{\"@type\":\"Person\",\"@id\":\"https:\\\/\\\/www.sfsic.org\\\/en\\\/#\\\/schema\\\/person\\\/e106b9fbd756b70f92ef3f24a868f55b\",\"name\":\"MA\u00cbL RANNOU\",\"image\":{\"@type\":\"ImageObject\",\"inLanguage\":\"en-US\",\"@id\":\"https:\\\/\\\/secure.gravatar.com\\\/avatar\\\/0c5095da79b40378fe005fe65fa6287595ec91121f6299b5ad46489599628874?s=96&d=mm&r=g\",\"url\":\"https:\\\/\\\/secure.gravatar.com\\\/avatar\\\/0c5095da79b40378fe005fe65fa6287595ec91121f6299b5ad46489599628874?s=96&d=mm&r=g\",\"contentUrl\":\"https:\\\/\\\/secure.gravatar.com\\\/avatar\\\/0c5095da79b40378fe005fe65fa6287595ec91121f6299b5ad46489599628874?s=96&d=mm&r=g\",\"caption\":\"MA\u00cbL RANNOU\"}}]}<\/script>\n<!-- \/ Yoast SEO plugin. -->","yoast_head_json":{"title":"La bande dessin\u00e9e vagabonde : \u00e9changes, transferts, circulations","description":"Le nouveau num\u00e9ro de la revue M\u00e9moires du livre\/Studies in book culture est paru. Il est consacr\u00e9 \u00e0 \" La bande dessin\u00e9e vagabonde : \u00e9changes, transferts, circulations\".","robots":{"index":"index","follow":"follow","max-snippet":"max-snippet:-1","max-image-preview":"max-image-preview:large","max-video-preview":"max-video-preview:-1"},"canonical":"https:\/\/www.sfsic.org\/en\/publication\/memoires-du-livre-studies-in-book-culture\/","og_locale":"en_US","og_type":"article","og_title":"La bande dessin\u00e9e vagabonde : \u00e9changes, transferts, circulations","og_description":"Le nouveau num\u00e9ro de la revue M\u00e9moires du livre\/Studies in book culture est paru. Il est consacr\u00e9 \u00e0 \" La bande dessin\u00e9e vagabonde : \u00e9changes, transferts, circulations\".","og_url":"https:\/\/www.sfsic.org\/en\/publication\/memoires-du-livre-studies-in-book-culture\/","og_site_name":"SFSIC","article_published_time":"2023-09-22T09:33:12+00:00","article_modified_time":"2023-09-29T16:13:20+00:00","og_image":[{"url":"https:\/\/www.sfsic.org\/wp-inside\/uploads\/skp-membership\/demande_adh\/couv-mdl.jpeg","type":"","width":"","height":""}],"author":"MA\u00cbL RANNOU","twitter_card":"summary_large_image","schema":{"@context":"https:\/\/schema.org","@graph":[{"@type":"Article","@id":"https:\/\/www.sfsic.org\/en\/publication\/memoires-du-livre-studies-in-book-culture\/#article","isPartOf":{"@id":"https:\/\/www.sfsic.org\/en\/publication\/memoires-du-livre-studies-in-book-culture\/"},"author":{"name":"MA\u00cbL RANNOU","@id":"https:\/\/www.sfsic.org\/en\/#\/schema\/person\/e106b9fbd756b70f92ef3f24a868f55b"},"headline":"La bande dessin\u00e9e vagabonde : \u00e9changes, transferts, circulations","datePublished":"2023-09-22T09:33:12+00:00","dateModified":"2023-09-29T16:13:20+00:00","mainEntityOfPage":{"@id":"https:\/\/www.sfsic.org\/en\/publication\/memoires-du-livre-studies-in-book-culture\/"},"wordCount":515,"publisher":{"@id":"https:\/\/www.sfsic.org\/en\/#organization"},"image":{"@id":"https:\/\/www.sfsic.org\/en\/publication\/memoires-du-livre-studies-in-book-culture\/#primaryimage"},"thumbnailUrl":"https:\/\/www.sfsic.org\/wp-inside\/uploads\/skp-membership\/demande_adh\/couv-mdl.jpeg","keywords":["Analyse de l'image","Bande dessin\u00e9e","Discours m\u00e9diatiques","\u00c9dition","Image","International","Internationalisation","Litt\u00e9rature","Presse"],"articleSection":["Num\u00e9ro de revue","Publications"],"inLanguage":"en-US"},{"@type":"WebPage","@id":"https:\/\/www.sfsic.org\/en\/publication\/memoires-du-livre-studies-in-book-culture\/","url":"https:\/\/www.sfsic.org\/en\/publication\/memoires-du-livre-studies-in-book-culture\/","name":"La bande dessin\u00e9e vagabonde : \u00e9changes, transferts, circulations","isPartOf":{"@id":"https:\/\/www.sfsic.org\/en\/#website"},"primaryImageOfPage":{"@id":"https:\/\/www.sfsic.org\/en\/publication\/memoires-du-livre-studies-in-book-culture\/#primaryimage"},"image":{"@id":"https:\/\/www.sfsic.org\/en\/publication\/memoires-du-livre-studies-in-book-culture\/#primaryimage"},"thumbnailUrl":"https:\/\/www.sfsic.org\/wp-inside\/uploads\/skp-membership\/demande_adh\/couv-mdl.jpeg","datePublished":"2023-09-22T09:33:12+00:00","dateModified":"2023-09-29T16:13:20+00:00","description":"Le nouveau num\u00e9ro de la revue M\u00e9moires du livre\/Studies in book culture est paru. Il est consacr\u00e9 \u00e0 \" La bande dessin\u00e9e vagabonde : \u00e9changes, transferts, circulations\".","breadcrumb":{"@id":"https:\/\/www.sfsic.org\/en\/publication\/memoires-du-livre-studies-in-book-culture\/#breadcrumb"},"inLanguage":"en-US","potentialAction":[{"@type":"ReadAction","target":["https:\/\/www.sfsic.org\/en\/publication\/memoires-du-livre-studies-in-book-culture\/"]}]},{"@type":"ImageObject","inLanguage":"en-US","@id":"https:\/\/www.sfsic.org\/en\/publication\/memoires-du-livre-studies-in-book-culture\/#primaryimage","url":"https:\/\/www.sfsic.org\/wp-inside\/uploads\/skp-membership\/demande_adh\/couv-mdl.jpeg","contentUrl":"https:\/\/www.sfsic.org\/wp-inside\/uploads\/skp-membership\/demande_adh\/couv-mdl.jpeg"},{"@type":"BreadcrumbList","@id":"https:\/\/www.sfsic.org\/en\/publication\/memoires-du-livre-studies-in-book-culture\/#breadcrumb","itemListElement":[{"@type":"ListItem","position":1,"name":"Accueil","item":"https:\/\/www.sfsic.org\/en\/"},{"@type":"ListItem","position":2,"name":"Publications","item":"https:\/\/www.sfsic.org\/en\/publication-en\/"},{"@type":"ListItem","position":3,"name":"Journal issue","item":"https:\/\/www.sfsic.org\/en\/publication-en\/journal-issue\/"},{"@type":"ListItem","position":4,"name":"La bande dessin\u00e9e vagabonde&#160;: \u00e9changes, transferts, circulations"}]},{"@type":"WebSite","@id":"https:\/\/www.sfsic.org\/en\/#website","url":"https:\/\/www.sfsic.org\/en\/","name":"SFSIC","description":"Soci\u00e9t\u00e9 Fran\u00e7aise des Sciences de l&#039;Information &amp; de la Communication","publisher":{"@id":"https:\/\/www.sfsic.org\/en\/#organization"},"potentialAction":[{"@type":"SearchAction","target":{"@type":"EntryPoint","urlTemplate":"https:\/\/www.sfsic.org\/en\/?s={search_term_string}"},"query-input":{"@type":"PropertyValueSpecification","valueRequired":true,"valueName":"search_term_string"}}],"inLanguage":"en-US"},{"@type":"Organization","@id":"https:\/\/www.sfsic.org\/en\/#organization","name":"SFSIC","url":"https:\/\/www.sfsic.org\/en\/","logo":{"@type":"ImageObject","inLanguage":"en-US","@id":"https:\/\/www.sfsic.org\/en\/#\/schema\/logo\/image\/","url":"https:\/\/www.sfsic.org\/wp-inside\/uploads\/2020\/05\/logo-sfsic.jpg","contentUrl":"https:\/\/www.sfsic.org\/wp-inside\/uploads\/2020\/05\/logo-sfsic.jpg","width":1085,"height":1080,"caption":"SFSIC"},"image":{"@id":"https:\/\/www.sfsic.org\/en\/#\/schema\/logo\/image\/"}},{"@type":"Person","@id":"https:\/\/www.sfsic.org\/en\/#\/schema\/person\/e106b9fbd756b70f92ef3f24a868f55b","name":"MA\u00cbL RANNOU","image":{"@type":"ImageObject","inLanguage":"en-US","@id":"https:\/\/secure.gravatar.com\/avatar\/0c5095da79b40378fe005fe65fa6287595ec91121f6299b5ad46489599628874?s=96&d=mm&r=g","url":"https:\/\/secure.gravatar.com\/avatar\/0c5095da79b40378fe005fe65fa6287595ec91121f6299b5ad46489599628874?s=96&d=mm&r=g","contentUrl":"https:\/\/secure.gravatar.com\/avatar\/0c5095da79b40378fe005fe65fa6287595ec91121f6299b5ad46489599628874?s=96&d=mm&r=g","caption":"MA\u00cbL RANNOU"}}]}},"_links":{"self":[{"href":"https:\/\/www.sfsic.org\/en\/wp-json\/wp\/v2\/posts\/29366","targetHints":{"allow":["GET"]}}],"collection":[{"href":"https:\/\/www.sfsic.org\/en\/wp-json\/wp\/v2\/posts"}],"about":[{"href":"https:\/\/www.sfsic.org\/en\/wp-json\/wp\/v2\/types\/post"}],"author":[{"embeddable":true,"href":"https:\/\/www.sfsic.org\/en\/wp-json\/wp\/v2\/users\/1572"}],"replies":[{"embeddable":true,"href":"https:\/\/www.sfsic.org\/en\/wp-json\/wp\/v2\/comments?post=29366"}],"version-history":[{"count":3,"href":"https:\/\/www.sfsic.org\/en\/wp-json\/wp\/v2\/posts\/29366\/revisions"}],"predecessor-version":[{"id":29379,"href":"https:\/\/www.sfsic.org\/en\/wp-json\/wp\/v2\/posts\/29366\/revisions\/29379"}],"wp:attachment":[{"href":"https:\/\/www.sfsic.org\/en\/wp-json\/wp\/v2\/media?parent=29366"}],"wp:term":[{"taxonomy":"category","embeddable":true,"href":"https:\/\/www.sfsic.org\/en\/wp-json\/wp\/v2\/categories?post=29366"},{"taxonomy":"post_tag","embeddable":true,"href":"https:\/\/www.sfsic.org\/en\/wp-json\/wp\/v2\/tags?post=29366"},{"taxonomy":"thematique","embeddable":true,"href":"https:\/\/www.sfsic.org\/en\/wp-json\/wp\/v2\/thematique?post=29366"},{"taxonomy":"sfsic","embeddable":true,"href":"https:\/\/www.sfsic.org\/en\/wp-json\/wp\/v2\/sfsic?post=29366"}],"curies":[{"name":"wp","href":"https:\/\/api.w.org\/{rel}","templated":true}]}}